{"id":2460,"date":"2014-07-28T10:34:27","date_gmt":"2014-07-28T10:34:27","guid":{"rendered":"http:\/\/laguiadepamplona.com\/actualidad\/?p=2460"},"modified":"2014-07-28T10:34:27","modified_gmt":"2014-07-28T10:34:27","slug":"el-ayuntamiento-de-pamplona-busca-desde-hoy-jovenes-artistas-a-traves-de-la-xviii-edicion-de-su-bienal","status":"publish","type":"post","link":"https:\/\/www.laguiadepamplona.com\/actualidad\/el-ayuntamiento-de-pamplona-busca-desde-hoy-jovenes-artistas-a-traves-de-la-xviii-edicion-de-su-bienal\/","title":{"rendered":"El Ayuntamiento de Pamplona busca desde hoy j\u00f3venes artistas a trav\u00e9s de la XVIII edici\u00f3n de su bienal"},"content":{"rendered":"<h4>Se abre el plazo para presentar obras al certamen \u2018Pamplona J\u00f3venes Artistas 2014\u2019 que se extender\u00e1 hasta el 31 de octubre<\/h4>\n<p><a href=\"http:\/\/laguiadepamplona.com\/actualidad\/wp-content\/uploads\/2014\/07\/jovenes_artistas_12_primer_pemio.jpg\"><img loading=\"lazy\" decoding=\"async\" class=\"alignleft size-medium wp-image-2461\" src=\"http:\/\/laguiadepamplona.com\/actualidad\/wp-content\/uploads\/2014\/07\/jovenes_artistas_12_primer_pemio-238x300.jpg\" alt=\"jovenes_artistas_12_primer_pemio\" width=\"238\" height=\"300\" \/><\/a>A partir de hoy se abre el plazo para presentar obras originales al XXVIII concurso \u2018Pamplona J\u00f3venes Artistas 2014\u2019, un certamen de car\u00e1cter bienal cuyas bases aparecen hoy en el BON. Pensado para las modalidades art\u00edsticas de escultura, pintura, fotograf\u00eda, artes audiovisuales y objetos o instalaciones, tiene como principales requisitos para los autores el ser residentes, o haber nacido en Navarra entre los a\u00f1os 1984 y 1996.<\/p>\n<p>Entre los muchos premiados a lo largo de estos a\u00f1os se encuentran nombres de autores que contin\u00faan, hoy en d\u00eda, una exitosa trayectoria, entre otros: Paco Pol\u00e1n, Txuspo Poyo, Txaro Fontalba, Javier Muro, Mikel Urmeneta, Koldo Sebasti\u00e1n, M\u00aa Jos\u00e9 Recalde, Alfonso Ascunce, Jos\u00e9 Miguel Corral, David Rodr\u00edguez Caballero, Nerea de Diego, Gonzalo Nicuesa, Carlos Irijalba&#8230;. Este concurso del Ayuntamiento de Pamplona pretende promocionar y difundir la creatividad de los artistas j\u00f3venes de Navarra.<\/p>\n<p>En la pasada edici\u00f3n, de 2012, participaron en sus diversas modalidades 46 obras de 31 artistas navarros o residentes (22 de Pamplona, 20 del resto de Navarra, 3 de Bilbao y uno de Cuenca). A lo largo de la \u00faltima d\u00e9cada la participaci\u00f3n ha sido variada. El a\u00f1o con m\u00e1s creadores presentados fue 2002 con 105.<\/p>\n<p>Este a\u00f1o los premios del certamen estar\u00e1n dotados de la siguiente manera: 3.100 euros para el primer premio; el segundo con 2.200 euros y el tercero ser\u00e1 de 1.100 euros. Las bases municipales recogen que el Ayuntamiento se convertir\u00e1 en propietario de las tres obras ganadoras, con la totalidad de los derechos inherentes a la propiedad intelectual de la obra. Adem\u00e1s de los premios en met\u00e1lico, este concurso tiene la virtualidad de programar una muestra p\u00fablica donde los tres j\u00f3venes creadores puedan mostrar los trabajos que realicen durante el a\u00f1o siguiente al del galard\u00f3n, dando as\u00ed un impulso a su trayectoria futura.<\/p>\n<p><strong>C\u00f3mo participar<\/strong><\/p>\n<p>Los participantes podr\u00e1n presentar un m\u00e1ximo de dos obras originales a concurso, de tema y t\u00e9cnica libres, y los trabajos en ning\u00fan caso podr\u00e1n exceder los 200 cm. en cualquiera de sus lados, ni superar los 100 kilogramos de peso. Adem\u00e1s, las fotograf\u00edas se deber\u00e1n presentar enmarcadas o preparadas para su exhibici\u00f3n y las obras audiovisuales tendr\u00e1n que ser en formato DVD. No se admitir\u00e1 la presentaci\u00f3n de obras premiadas en otros concursos.<\/p>\n<p>Las obras pueden presentarse, debidamente protegidas y preparadas, en el Cuerpo de Guardia de la Ciudadela de Pamplona (avenida del Ej\u00e9rcito s\/n). Para contactar con este espacio est\u00e1 disponible la direcci\u00f3n <a href=\"mailto:ciudadela@pamplona.es\">ciudadela@pamplona.es<\/a> y el tel\u00e9fono 948420975. El horario de entrega de los trabajos ser\u00e1 de lunes a viernes, de 9 a 13.30 horas.<\/p>\n<p>Junto con la obra u obras a concurso habr\u00e1 de entregarse un sobre cerrado en el que se incluir\u00e1 el curr\u00edculum del artista, la fotocopia de su D.N.I., la direcci\u00f3n actual y el n\u00famero de tel\u00e9fono, el documento de empadronamiento (en el caso de aquellos artistas que no residan en Pamplona) y la ficha t\u00e9cnica de la obra (t\u00edtulo, medidas, t\u00e9cnico, a\u00f1o y valoraci\u00f3n econ\u00f3mica). En el caso de que se requiera un montaje concreto habr\u00e1 de adjuntarse tambi\u00e9n las instrucciones para hacerlo.<\/p>\n<p><strong>En noviembre la selecci\u00f3n de jurado estar\u00e1 en la Ciudadela<\/strong><\/p>\n<p>Seg\u00fan las bases de premio, el jurado que se encargar\u00e1 de determinar los ganadores estar\u00e1 compuesto por el concejal delegado de Educaci\u00f3n y Cultura, Ferm\u00edn Alonso, la directora del mismo \u00c1rea, Teresa Lasheras y dos profesionales del campo de las Artes Pl\u00e1sticas. Tambi\u00e9n estar\u00e1 integrado por ganadora de la anterior edici\u00f3n que fue la artista Sandra Montero con el d\u00edptico fotogr\u00e1fico \u2018Remember me\u2019 y el t\u00e9cnico de Patrimonio y Artes Pl\u00e1sticas del Ayuntamiento, Pedro Lozano Uriz. Actuar\u00e1 como Secretario un funcionario del \u00e1rea.<\/p>\n<p>Todos los trabajos seleccionados se expondr\u00e1n, adem\u00e1s, en la Buhardilla de la Sala de Armas de la Ciudadela el pr\u00f3ximo mes de noviembre.<\/p>\n<p><strong>XXVIII Concurso \u00abPamplona J\u00f3venes Artistas 2014\u00bb<\/strong><\/p>\n<ul>\n<li><strong>Tipolog\u00edas art\u00edsticas:<\/strong> escultura, pintura, fotograf\u00eda, audiovisuales, objetos o instalaciones<\/li>\n<li><strong>Plazo de presentaci\u00f3n<\/strong>: del 28 de julio al 31 de octubre de 2014<\/li>\n<li><strong>Premios<\/strong>: 3.100 euros,2.200 euros y 1.100 euros<\/li>\n<li><strong>Requisitos de los participantes<\/strong>:<\/li>\n<\/ul>\n<p>&#8211; residir o haber nacido en Navarra<\/p>\n<p>&#8211; haber nacido entre 1984 y 1996<\/p>\n<ul>\n<li><strong>Requisitos de las obras<\/strong>: un m\u00e1ximo de dos obras originales, de tema y t\u00e9cnica libres; dimensiones de no m\u00e1s de 20 cms o 100 kgr de peso. Deben estar preparadas ya para su exposici\u00f3n<\/li>\n<li><strong>Lugar de entrega<\/strong>: Ciudadela de Pamplona (tel\u00e9fono 948 420 975 y <a href=\"mailto:ciudadela@pamplona.es\">ciudadela@pamplona.es<\/a>)<\/li>\n<li><strong>Horario de entrega<\/strong>: de lunes a viernes de 9 a 13.30 horas<\/li>\n<li><strong>Documentaci\u00f3n<\/strong>: junto con la obra u obras a concurso habr\u00e1 de entregarse un sobre cerrado en el que se incluir\u00e1 el curr\u00edculum del artista, la fotocopia de su D.N.I., la direcci\u00f3n actual y el n\u00famero de tel\u00e9fono, el documento de empadronamiento (en el caso de aquellos artistas que no residan en Pamplona) y la ficha t\u00e9cnica de la obra (t\u00edtulo, medidas, t\u00e9cnico, a\u00f1o y valoraci\u00f3n econ\u00f3mica). En el caso de que se requiera un montaje concreto habr\u00e1 de adjuntarse tambi\u00e9n las instrucciones para hacerlo<\/li>\n<\/ul>\n<p>&nbsp;<\/p>\n","protected":false},"excerpt":{"rendered":"<p>Se abre el plazo para presentar obras al certamen \u2018Pamplona J\u00f3venes Artistas 2014\u2019 que se extender\u00e1 hasta el 31 de octubre A partir de hoy se abre el plazo para&#8230;<\/p>\n","protected":false},"author":1,"featured_media":2461,"comment_status":"open","ping_status":"open","sticky":false,"template":"","format":"standard","meta":{"footnotes":""},"categories":[2],"tags":[5,6,509,8,9,2088],"class_list":["post-2460","post","type-post","status-publish","format-standard","has-post-thumbnail","hentry","category-ayuntamiento-pamplona","tag-actualidad","tag-ayto-pamplona","tag-ayuntamiento-de-pamplona","tag-noticias","tag-pamplona","tag-pamplona-jovenes-artistas-2014"],"yoast_head":"<!-- This site is optimized with the Yoast SEO plugin v27.5 - https:\/\/yoast.com\/product\/yoast-seo-wordpress\/ -->\n<title>El Ayuntamiento de Pamplona busca desde hoy j\u00f3venes artistas a trav\u00e9s de la XVIII edici\u00f3n de su bienal<\/title>\n<meta name=\"robots\" content=\"index, follow, max-snippet:-1, max-image-preview:large, max-video-preview:-1\" \/>\n<link rel=\"canonical\" href=\"https:\/\/www.laguiadepamplona.com\/actualidad\/el-ayuntamiento-de-pamplona-busca-desde-hoy-jovenes-artistas-a-traves-de-la-xviii-edicion-de-su-bienal\/\" \/>\n<meta property=\"og:locale\" content=\"es_ES\" \/>\n<meta property=\"og:type\" content=\"article\" \/>\n<meta property=\"og:title\" content=\"El Ayuntamiento de Pamplona busca desde hoy j\u00f3venes artistas a trav\u00e9s de la XVIII edici\u00f3n de su bienal\" \/>\n<meta property=\"og:description\" content=\"Se abre el plazo para presentar obras al certamen \u2018Pamplona J\u00f3venes Artistas 2014\u2019 que se extender\u00e1 hasta el 31 de octubre A partir de hoy se abre el plazo para...\" \/>\n<meta property=\"og:url\" content=\"https:\/\/www.laguiadepamplona.com\/actualidad\/el-ayuntamiento-de-pamplona-busca-desde-hoy-jovenes-artistas-a-traves-de-la-xviii-edicion-de-su-bienal\/\" \/>\n<meta property=\"og:site_name\" content=\"La Gu\u00eda de Pamplona\" \/>\n<meta property=\"article:publisher\" content=\"https:\/\/www.facebook.com\/laguiadepamplonacom-133175176762273\/?ref=hl\" \/>\n<meta property=\"article:published_time\" content=\"2014-07-28T10:34:27+00:00\" \/>\n<meta name=\"author\" content=\"La Gu\u00eda de Pamplona\" \/>\n<meta name=\"twitter:card\" content=\"summary_large_image\" \/>\n<meta name=\"twitter:creator\" content=\"@LaGuiadPamplona\" \/>\n<meta name=\"twitter:site\" content=\"@LaGuiadPamplona\" \/>\n<meta name=\"twitter:label1\" content=\"Escrito por\" \/>\n\t<meta name=\"twitter:data1\" content=\"La Gu\u00eda de Pamplona\" \/>\n\t<meta name=\"twitter:label2\" content=\"Tiempo de lectura\" \/>\n\t<meta name=\"twitter:data2\" content=\"5 minutos\" \/>\n<script type=\"application\/ld+json\" class=\"yoast-schema-graph\">{\"@context\":\"https:\\\/\\\/schema.org\",\"@graph\":[{\"@type\":\"Article\",\"@id\":\"https:\\\/\\\/www.laguiadepamplona.com\\\/actualidad\\\/el-ayuntamiento-de-pamplona-busca-desde-hoy-jovenes-artistas-a-traves-de-la-xviii-edicion-de-su-bienal\\\/#article\",\"isPartOf\":{\"@id\":\"https:\\\/\\\/www.laguiadepamplona.com\\\/actualidad\\\/el-ayuntamiento-de-pamplona-busca-desde-hoy-jovenes-artistas-a-traves-de-la-xviii-edicion-de-su-bienal\\\/\"},\"author\":{\"name\":\"La Gu\u00eda de Pamplona\",\"@id\":\"https:\\\/\\\/www.laguiadepamplona.com\\\/actualidad\\\/#\\\/schema\\\/person\\\/efe887376f0213d4657c93adc50b1fdb\"},\"headline\":\"El Ayuntamiento de Pamplona busca desde hoy j\u00f3venes artistas a trav\u00e9s de la XVIII edici\u00f3n de su bienal\",\"datePublished\":\"2014-07-28T10:34:27+00:00\",\"mainEntityOfPage\":{\"@id\":\"https:\\\/\\\/www.laguiadepamplona.com\\\/actualidad\\\/el-ayuntamiento-de-pamplona-busca-desde-hoy-jovenes-artistas-a-traves-de-la-xviii-edicion-de-su-bienal\\\/\"},\"wordCount\":924,\"commentCount\":0,\"publisher\":{\"@id\":\"https:\\\/\\\/www.laguiadepamplona.com\\\/actualidad\\\/#organization\"},\"image\":{\"@id\":\"https:\\\/\\\/www.laguiadepamplona.com\\\/actualidad\\\/el-ayuntamiento-de-pamplona-busca-desde-hoy-jovenes-artistas-a-traves-de-la-xviii-edicion-de-su-bienal\\\/#primaryimage\"},\"thumbnailUrl\":\"\",\"keywords\":[\"actualidad\",\"ayto pamplona\",\"Ayuntamiento de Pamplona\",\"noticias\",\"pamplona\",\"Pamplona J\u00f3venes Artistas 2014\"],\"articleSection\":[\"Ayto Pamplona\"],\"inLanguage\":\"es\",\"potentialAction\":[{\"@type\":\"CommentAction\",\"name\":\"Comment\",\"target\":[\"https:\\\/\\\/www.laguiadepamplona.com\\\/actualidad\\\/el-ayuntamiento-de-pamplona-busca-desde-hoy-jovenes-artistas-a-traves-de-la-xviii-edicion-de-su-bienal\\\/#respond\"]}]},{\"@type\":\"WebPage\",\"@id\":\"https:\\\/\\\/www.laguiadepamplona.com\\\/actualidad\\\/el-ayuntamiento-de-pamplona-busca-desde-hoy-jovenes-artistas-a-traves-de-la-xviii-edicion-de-su-bienal\\\/\",\"url\":\"https:\\\/\\\/www.laguiadepamplona.com\\\/actualidad\\\/el-ayuntamiento-de-pamplona-busca-desde-hoy-jovenes-artistas-a-traves-de-la-xviii-edicion-de-su-bienal\\\/\",\"name\":\"El Ayuntamiento de Pamplona busca desde hoy j\u00f3venes artistas a trav\u00e9s de la XVIII edici\u00f3n de su bienal\",\"isPartOf\":{\"@id\":\"https:\\\/\\\/www.laguiadepamplona.com\\\/actualidad\\\/#website\"},\"primaryImageOfPage\":{\"@id\":\"https:\\\/\\\/www.laguiadepamplona.com\\\/actualidad\\\/el-ayuntamiento-de-pamplona-busca-desde-hoy-jovenes-artistas-a-traves-de-la-xviii-edicion-de-su-bienal\\\/#primaryimage\"},\"image\":{\"@id\":\"https:\\\/\\\/www.laguiadepamplona.com\\\/actualidad\\\/el-ayuntamiento-de-pamplona-busca-desde-hoy-jovenes-artistas-a-traves-de-la-xviii-edicion-de-su-bienal\\\/#primaryimage\"},\"thumbnailUrl\":\"\",\"datePublished\":\"2014-07-28T10:34:27+00:00\",\"breadcrumb\":{\"@id\":\"https:\\\/\\\/www.laguiadepamplona.com\\\/actualidad\\\/el-ayuntamiento-de-pamplona-busca-desde-hoy-jovenes-artistas-a-traves-de-la-xviii-edicion-de-su-bienal\\\/#breadcrumb\"},\"inLanguage\":\"es\",\"potentialAction\":[{\"@type\":\"ReadAction\",\"target\":[\"https:\\\/\\\/www.laguiadepamplona.com\\\/actualidad\\\/el-ayuntamiento-de-pamplona-busca-desde-hoy-jovenes-artistas-a-traves-de-la-xviii-edicion-de-su-bienal\\\/\"]}]},{\"@type\":\"ImageObject\",\"inLanguage\":\"es\",\"@id\":\"https:\\\/\\\/www.laguiadepamplona.com\\\/actualidad\\\/el-ayuntamiento-de-pamplona-busca-desde-hoy-jovenes-artistas-a-traves-de-la-xviii-edicion-de-su-bienal\\\/#primaryimage\",\"url\":\"\",\"contentUrl\":\"\"},{\"@type\":\"BreadcrumbList\",\"@id\":\"https:\\\/\\\/www.laguiadepamplona.com\\\/actualidad\\\/el-ayuntamiento-de-pamplona-busca-desde-hoy-jovenes-artistas-a-traves-de-la-xviii-edicion-de-su-bienal\\\/#breadcrumb\",\"itemListElement\":[{\"@type\":\"ListItem\",\"position\":1,\"name\":\"Portada\",\"item\":\"https:\\\/\\\/www.laguiadepamplona.com\\\/actualidad\\\/\"},{\"@type\":\"ListItem\",\"position\":2,\"name\":\"El Ayuntamiento de Pamplona busca desde hoy j\u00f3venes artistas a trav\u00e9s de la XVIII edici\u00f3n de su bienal\"}]},{\"@type\":\"WebSite\",\"@id\":\"https:\\\/\\\/www.laguiadepamplona.com\\\/actualidad\\\/#website\",\"url\":\"https:\\\/\\\/www.laguiadepamplona.com\\\/actualidad\\\/\",\"name\":\"La gu\u00eda de Pamplona\",\"description\":\"Noticias de Pamplona\",\"publisher\":{\"@id\":\"https:\\\/\\\/www.laguiadepamplona.com\\\/actualidad\\\/#organization\"},\"potentialAction\":[{\"@type\":\"SearchAction\",\"target\":{\"@type\":\"EntryPoint\",\"urlTemplate\":\"https:\\\/\\\/www.laguiadepamplona.com\\\/actualidad\\\/?s={search_term_string}\"},\"query-input\":{\"@type\":\"PropertyValueSpecification\",\"valueRequired\":true,\"valueName\":\"search_term_string\"}}],\"inLanguage\":\"es\"},{\"@type\":\"Organization\",\"@id\":\"https:\\\/\\\/www.laguiadepamplona.com\\\/actualidad\\\/#organization\",\"name\":\"La Gu\u00eda de Pamplona \\\/ Noticias\",\"url\":\"https:\\\/\\\/www.laguiadepamplona.com\\\/actualidad\\\/\",\"logo\":{\"@type\":\"ImageObject\",\"inLanguage\":\"es\",\"@id\":\"https:\\\/\\\/www.laguiadepamplona.com\\\/actualidad\\\/#\\\/schema\\\/logo\\\/image\\\/\",\"url\":\"https:\\\/\\\/www.laguiadepamplona.com\\\/actualidad\\\/wp-content\\\/uploads\\\/2018\\\/11\\\/logo-laguiadepamplona18-web1.png\",\"contentUrl\":\"https:\\\/\\\/www.laguiadepamplona.com\\\/actualidad\\\/wp-content\\\/uploads\\\/2018\\\/11\\\/logo-laguiadepamplona18-web1.png\",\"width\":600,\"height\":196,\"caption\":\"La Gu\u00eda de Pamplona \\\/ Noticias\"},\"image\":{\"@id\":\"https:\\\/\\\/www.laguiadepamplona.com\\\/actualidad\\\/#\\\/schema\\\/logo\\\/image\\\/\"},\"sameAs\":[\"https:\\\/\\\/www.facebook.com\\\/laguiadepamplonacom-133175176762273\\\/?ref=hl\",\"https:\\\/\\\/x.com\\\/LaGuiadPamplona\",\"https:\\\/\\\/www.instagram.com\\\/la_guia_de_pamplona\\\/\",\"https:\\\/\\\/www.youtube.com\\\/user\\\/laguiadepamplona\"]},{\"@type\":\"Person\",\"@id\":\"https:\\\/\\\/www.laguiadepamplona.com\\\/actualidad\\\/#\\\/schema\\\/person\\\/efe887376f0213d4657c93adc50b1fdb\",\"name\":\"La Gu\u00eda de Pamplona\",\"image\":{\"@type\":\"ImageObject\",\"inLanguage\":\"es\",\"@id\":\"https:\\\/\\\/secure.gravatar.com\\\/avatar\\\/b6992f131dc8d30ab0dff15446e9d346d9dbd95992de0fef795073f5ea83a81c?s=96&d=mm&r=g\",\"url\":\"https:\\\/\\\/secure.gravatar.com\\\/avatar\\\/b6992f131dc8d30ab0dff15446e9d346d9dbd95992de0fef795073f5ea83a81c?s=96&d=mm&r=g\",\"contentUrl\":\"https:\\\/\\\/secure.gravatar.com\\\/avatar\\\/b6992f131dc8d30ab0dff15446e9d346d9dbd95992de0fef795073f5ea83a81c?s=96&d=mm&r=g\",\"caption\":\"La Gu\u00eda de Pamplona\"}}]}<\/script>\n<!-- \/ Yoast SEO plugin. -->","yoast_head_json":{"title":"El Ayuntamiento de Pamplona busca desde hoy j\u00f3venes artistas a trav\u00e9s de la XVIII edici\u00f3n de su bienal","robots":{"index":"index","follow":"follow","max-snippet":"max-snippet:-1","max-image-preview":"max-image-preview:large","max-video-preview":"max-video-preview:-1"},"canonical":"https:\/\/www.laguiadepamplona.com\/actualidad\/el-ayuntamiento-de-pamplona-busca-desde-hoy-jovenes-artistas-a-traves-de-la-xviii-edicion-de-su-bienal\/","og_locale":"es_ES","og_type":"article","og_title":"El Ayuntamiento de Pamplona busca desde hoy j\u00f3venes artistas a trav\u00e9s de la XVIII edici\u00f3n de su bienal","og_description":"Se abre el plazo para presentar obras al certamen \u2018Pamplona J\u00f3venes Artistas 2014\u2019 que se extender\u00e1 hasta el 31 de octubre A partir de hoy se abre el plazo para...","og_url":"https:\/\/www.laguiadepamplona.com\/actualidad\/el-ayuntamiento-de-pamplona-busca-desde-hoy-jovenes-artistas-a-traves-de-la-xviii-edicion-de-su-bienal\/","og_site_name":"La Gu\u00eda de Pamplona","article_publisher":"https:\/\/www.facebook.com\/laguiadepamplonacom-133175176762273\/?ref=hl","article_published_time":"2014-07-28T10:34:27+00:00","author":"La Gu\u00eda de Pamplona","twitter_card":"summary_large_image","twitter_creator":"@LaGuiadPamplona","twitter_site":"@LaGuiadPamplona","twitter_misc":{"Escrito por":"La Gu\u00eda de Pamplona","Tiempo de lectura":"5 minutos"},"schema":{"@context":"https:\/\/schema.org","@graph":[{"@type":"Article","@id":"https:\/\/www.laguiadepamplona.com\/actualidad\/el-ayuntamiento-de-pamplona-busca-desde-hoy-jovenes-artistas-a-traves-de-la-xviii-edicion-de-su-bienal\/#article","isPartOf":{"@id":"https:\/\/www.laguiadepamplona.com\/actualidad\/el-ayuntamiento-de-pamplona-busca-desde-hoy-jovenes-artistas-a-traves-de-la-xviii-edicion-de-su-bienal\/"},"author":{"name":"La Gu\u00eda de Pamplona","@id":"https:\/\/www.laguiadepamplona.com\/actualidad\/#\/schema\/person\/efe887376f0213d4657c93adc50b1fdb"},"headline":"El Ayuntamiento de Pamplona busca desde hoy j\u00f3venes artistas a trav\u00e9s de la XVIII edici\u00f3n de su bienal","datePublished":"2014-07-28T10:34:27+00:00","mainEntityOfPage":{"@id":"https:\/\/www.laguiadepamplona.com\/actualidad\/el-ayuntamiento-de-pamplona-busca-desde-hoy-jovenes-artistas-a-traves-de-la-xviii-edicion-de-su-bienal\/"},"wordCount":924,"commentCount":0,"publisher":{"@id":"https:\/\/www.laguiadepamplona.com\/actualidad\/#organization"},"image":{"@id":"https:\/\/www.laguiadepamplona.com\/actualidad\/el-ayuntamiento-de-pamplona-busca-desde-hoy-jovenes-artistas-a-traves-de-la-xviii-edicion-de-su-bienal\/#primaryimage"},"thumbnailUrl":"","keywords":["actualidad","ayto pamplona","Ayuntamiento de Pamplona","noticias","pamplona","Pamplona J\u00f3venes Artistas 2014"],"articleSection":["Ayto Pamplona"],"inLanguage":"es","potentialAction":[{"@type":"CommentAction","name":"Comment","target":["https:\/\/www.laguiadepamplona.com\/actualidad\/el-ayuntamiento-de-pamplona-busca-desde-hoy-jovenes-artistas-a-traves-de-la-xviii-edicion-de-su-bienal\/#respond"]}]},{"@type":"WebPage","@id":"https:\/\/www.laguiadepamplona.com\/actualidad\/el-ayuntamiento-de-pamplona-busca-desde-hoy-jovenes-artistas-a-traves-de-la-xviii-edicion-de-su-bienal\/","url":"https:\/\/www.laguiadepamplona.com\/actualidad\/el-ayuntamiento-de-pamplona-busca-desde-hoy-jovenes-artistas-a-traves-de-la-xviii-edicion-de-su-bienal\/","name":"El Ayuntamiento de Pamplona busca desde hoy j\u00f3venes artistas a trav\u00e9s de la XVIII edici\u00f3n de su bienal","isPartOf":{"@id":"https:\/\/www.laguiadepamplona.com\/actualidad\/#website"},"primaryImageOfPage":{"@id":"https:\/\/www.laguiadepamplona.com\/actualidad\/el-ayuntamiento-de-pamplona-busca-desde-hoy-jovenes-artistas-a-traves-de-la-xviii-edicion-de-su-bienal\/#primaryimage"},"image":{"@id":"https:\/\/www.laguiadepamplona.com\/actualidad\/el-ayuntamiento-de-pamplona-busca-desde-hoy-jovenes-artistas-a-traves-de-la-xviii-edicion-de-su-bienal\/#primaryimage"},"thumbnailUrl":"","datePublished":"2014-07-28T10:34:27+00:00","breadcrumb":{"@id":"https:\/\/www.laguiadepamplona.com\/actualidad\/el-ayuntamiento-de-pamplona-busca-desde-hoy-jovenes-artistas-a-traves-de-la-xviii-edicion-de-su-bienal\/#breadcrumb"},"inLanguage":"es","potentialAction":[{"@type":"ReadAction","target":["https:\/\/www.laguiadepamplona.com\/actualidad\/el-ayuntamiento-de-pamplona-busca-desde-hoy-jovenes-artistas-a-traves-de-la-xviii-edicion-de-su-bienal\/"]}]},{"@type":"ImageObject","inLanguage":"es","@id":"https:\/\/www.laguiadepamplona.com\/actualidad\/el-ayuntamiento-de-pamplona-busca-desde-hoy-jovenes-artistas-a-traves-de-la-xviii-edicion-de-su-bienal\/#primaryimage","url":"","contentUrl":""},{"@type":"BreadcrumbList","@id":"https:\/\/www.laguiadepamplona.com\/actualidad\/el-ayuntamiento-de-pamplona-busca-desde-hoy-jovenes-artistas-a-traves-de-la-xviii-edicion-de-su-bienal\/#breadcrumb","itemListElement":[{"@type":"ListItem","position":1,"name":"Portada","item":"https:\/\/www.laguiadepamplona.com\/actualidad\/"},{"@type":"ListItem","position":2,"name":"El Ayuntamiento de Pamplona busca desde hoy j\u00f3venes artistas a trav\u00e9s de la XVIII edici\u00f3n de su bienal"}]},{"@type":"WebSite","@id":"https:\/\/www.laguiadepamplona.com\/actualidad\/#website","url":"https:\/\/www.laguiadepamplona.com\/actualidad\/","name":"La gu\u00eda de Pamplona","description":"Noticias de Pamplona","publisher":{"@id":"https:\/\/www.laguiadepamplona.com\/actualidad\/#organization"},"potentialAction":[{"@type":"SearchAction","target":{"@type":"EntryPoint","urlTemplate":"https:\/\/www.laguiadepamplona.com\/actualidad\/?s={search_term_string}"},"query-input":{"@type":"PropertyValueSpecification","valueRequired":true,"valueName":"search_term_string"}}],"inLanguage":"es"},{"@type":"Organization","@id":"https:\/\/www.laguiadepamplona.com\/actualidad\/#organization","name":"La Gu\u00eda de Pamplona \/ Noticias","url":"https:\/\/www.laguiadepamplona.com\/actualidad\/","logo":{"@type":"ImageObject","inLanguage":"es","@id":"https:\/\/www.laguiadepamplona.com\/actualidad\/#\/schema\/logo\/image\/","url":"https:\/\/www.laguiadepamplona.com\/actualidad\/wp-content\/uploads\/2018\/11\/logo-laguiadepamplona18-web1.png","contentUrl":"https:\/\/www.laguiadepamplona.com\/actualidad\/wp-content\/uploads\/2018\/11\/logo-laguiadepamplona18-web1.png","width":600,"height":196,"caption":"La Gu\u00eda de Pamplona \/ Noticias"},"image":{"@id":"https:\/\/www.laguiadepamplona.com\/actualidad\/#\/schema\/logo\/image\/"},"sameAs":["https:\/\/www.facebook.com\/laguiadepamplonacom-133175176762273\/?ref=hl","https:\/\/x.com\/LaGuiadPamplona","https:\/\/www.instagram.com\/la_guia_de_pamplona\/","https:\/\/www.youtube.com\/user\/laguiadepamplona"]},{"@type":"Person","@id":"https:\/\/www.laguiadepamplona.com\/actualidad\/#\/schema\/person\/efe887376f0213d4657c93adc50b1fdb","name":"La Gu\u00eda de Pamplona","image":{"@type":"ImageObject","inLanguage":"es","@id":"https:\/\/secure.gravatar.com\/avatar\/b6992f131dc8d30ab0dff15446e9d346d9dbd95992de0fef795073f5ea83a81c?s=96&d=mm&r=g","url":"https:\/\/secure.gravatar.com\/avatar\/b6992f131dc8d30ab0dff15446e9d346d9dbd95992de0fef795073f5ea83a81c?s=96&d=mm&r=g","contentUrl":"https:\/\/secure.gravatar.com\/avatar\/b6992f131dc8d30ab0dff15446e9d346d9dbd95992de0fef795073f5ea83a81c?s=96&d=mm&r=g","caption":"La Gu\u00eda de Pamplona"}}]}},"post_mailing_queue_ids":[],"_links":{"self":[{"href":"https:\/\/www.laguiadepamplona.com\/actualidad\/wp-json\/wp\/v2\/posts\/2460","targetHints":{"allow":["GET"]}}],"collection":[{"href":"https:\/\/www.laguiadepamplona.com\/actualidad\/wp-json\/wp\/v2\/posts"}],"about":[{"href":"https:\/\/www.laguiadepamplona.com\/actualidad\/wp-json\/wp\/v2\/types\/post"}],"author":[{"embeddable":true,"href":"https:\/\/www.laguiadepamplona.com\/actualidad\/wp-json\/wp\/v2\/users\/1"}],"replies":[{"embeddable":true,"href":"https:\/\/www.laguiadepamplona.com\/actualidad\/wp-json\/wp\/v2\/comments?post=2460"}],"version-history":[{"count":0,"href":"https:\/\/www.laguiadepamplona.com\/actualidad\/wp-json\/wp\/v2\/posts\/2460\/revisions"}],"wp:featuredmedia":[{"embeddable":true,"href":"https:\/\/www.laguiadepamplona.com\/actualidad\/wp-json\/"}],"wp:attachment":[{"href":"https:\/\/www.laguiadepamplona.com\/actualidad\/wp-json\/wp\/v2\/media?parent=2460"}],"wp:term":[{"taxonomy":"category","embeddable":true,"href":"https:\/\/www.laguiadepamplona.com\/actualidad\/wp-json\/wp\/v2\/categories?post=2460"},{"taxonomy":"post_tag","embeddable":true,"href":"https:\/\/www.laguiadepamplona.com\/actualidad\/wp-json\/wp\/v2\/tags?post=2460"}],"curies":[{"name":"wp","href":"https:\/\/api.w.org\/{rel}","templated":true}]}}