{"id":24599,"date":"2019-09-23T15:25:05","date_gmt":"2019-09-23T13:25:05","guid":{"rendered":"https:\/\/www.laguiadepamplona.es\/actualidad\/?p=24599"},"modified":"2019-09-23T15:25:24","modified_gmt":"2019-09-23T13:25:24","slug":"el-alcalde-enrique-maya-en-representacion-de-pamplona-entra-a-formar-parte-del-consejo-territorial-de-la-federacion-espanola-de-municipios-y-provincias","status":"publish","type":"post","link":"https:\/\/www.laguiadepamplona.com\/actualidad\/el-alcalde-enrique-maya-en-representacion-de-pamplona-entra-a-formar-parte-del-consejo-territorial-de-la-federacion-espanola-de-municipios-y-provincias\/","title":{"rendered":"El alcalde Enrique Maya, en representaci\u00f3n de Pamplona, entra a formar parte del Consejo territorial de la Federaci\u00f3n Espa\u00f1ola de Municipios y Provincias"},"content":{"rendered":"<p><!--more--><\/p>\n<h3>Es uno de los 61 integrantes del \u00f3rgano que representa la m\u00e1xima autoridad en la FEMP durante el periodo de cuatro a\u00f1os que transcurre entre Plenos<\/h3>\n<p>Enrique Maya, como regidor de la ciudad de Pamplona, forma parte desde este fin de semana del Consejo territorial de la Federaci\u00f3n Espa\u00f1ola de Municipios y Provincias (FEMP), el m\u00e1ximo \u00f3rgano de gobierno de esa entidad en el periodo interplenario. La Federaci\u00f3n agrupa ayuntamientos, diputaciones provinciales, consejos insulares y cabildos insulares de todo el pa\u00eds.<\/p>\n<p>El XII Pleno de la FEMP reun\u00eda este pasado s\u00e1bado en Madrid a un millar de alcaldes y responsables de entidades locales. En el orden del d\u00eda estaba la elecci\u00f3n de la Junta de Gobierno \u2013 se produjo la reelecci\u00f3n del presidente Abel Caballero, alcalde de Vigo, que encabezaba la \u00fanica lista presentada-. Asimismo, en esa sesi\u00f3n se trataba de hacer la selecci\u00f3n de 61 miembros del Consejo territorial. Pamplona, por decisi\u00f3n del Pleno, se sentar\u00e1 en este \u00f3rgano los pr\u00f3ximos cuatro a\u00f1os con otras ciudades como Lugo, Ja\u00e9n, Oviedo, Ibiza, Jaca o Legan\u00e9s.<\/p>\n<p><script async src=\"\/\/pagead2.googlesyndication.com\/pagead\/js\/adsbygoogle.js\"><\/script><br \/>\n<!-- Noticias La Guia de Pamplona --><br \/>\n<ins class=\"adsbygoogle\"\nstyle=\"display:block\"\ndata-ad-client=\"ca-pub-6943679897239327\"\ndata-ad-slot=\"7048180777\"\ndata-ad-format=\"auto\"><\/ins><br \/>\n<script>\n(adsbygoogle = window.adsbygoogle || []).push({});\n<\/script><\/p>\n<p>El Consejo territorial es el \u00f3rgano de m\u00e1xima autoridad durante el periodo de cuatro a\u00f1os que transcurre entre los Plenos ordinarios de la FEMP y, como entidad de gobierno, se re\u00fane al menos una vez cada cuatro meses. Adem\u00e1s de los miembros elegidos por el Pleno, acoge a otros 57 integrantes provenientes de la Presidencia y la Junta de Gobierno.<\/p>\n<p>Entre las competencias del Consejo territorial est\u00e1n las de hacer cumplir las resoluciones del Pleno, velar por el cumplimiento de los fines estatutarios, aprobar el Reglamento de R\u00e9gimen Interior y el del Pleno y articular las relaciones de la FEMP con las Federaciones Territoriales. Asimismo. se encarga de elaborar propuestas de actuaci\u00f3n concretas a emprender conjuntamente con las Federaciones Territoriales, adem\u00e1s de las l\u00edneas generales de trabajo de la entidad y los presupuestos ordinarios y las cuentas generales con car\u00e1cter anual.<\/p>\n<p>El presidente reelegido de la FEMP estableci\u00f3 el s\u00e1bado en su discurso ante el Pleno que la financiaci\u00f3n local y las competencias de las entidades locales en este \u00e1mbito ser\u00e1 el tema central de su mandato en cumplimiento del art\u00edculo 142 de la Constituci\u00f3n que prev\u00e9 para los Ayuntamientos suficiencia financiera para el desempe\u00f1o de sus funciones.<\/p>\n","protected":false},"excerpt":{"rendered":"","protected":false},"author":1,"featured_media":21939,"comment_status":"open","ping_status":"closed","sticky":false,"template":"","format":"standard","meta":{"footnotes":""},"categories":[2],"tags":[],"class_list":["post-24599","post","type-post","status-publish","format-standard","has-post-thumbnail","hentry","category-ayuntamiento-pamplona"],"yoast_head":"<!-- This site is optimized with the Yoast SEO plugin v27.3 - https:\/\/yoast.com\/product\/yoast-seo-wordpress\/ -->\n<title>El alcalde Enrique Maya, en representaci\u00f3n de Pamplona, entra a formar parte del Consejo territorial de la Federaci\u00f3n Espa\u00f1ola de Municipios y Provincias<\/title>\n<meta name=\"robots\" content=\"index, follow, max-snippet:-1, max-image-preview:large, max-video-preview:-1\" \/>\n<link rel=\"canonical\" href=\"https:\/\/www.laguiadepamplona.com\/actualidad\/el-alcalde-enrique-maya-en-representacion-de-pamplona-entra-a-formar-parte-del-consejo-territorial-de-la-federacion-espanola-de-municipios-y-provincias\/\" \/>\n<meta property=\"og:locale\" content=\"es_ES\" \/>\n<meta property=\"og:type\" content=\"article\" \/>\n<meta property=\"og:title\" content=\"El alcalde Enrique Maya, en representaci\u00f3n de Pamplona, entra a formar parte del Consejo territorial de la Federaci\u00f3n Espa\u00f1ola de Municipios y Provincias\" \/>\n<meta property=\"og:url\" content=\"https:\/\/www.laguiadepamplona.com\/actualidad\/el-alcalde-enrique-maya-en-representacion-de-pamplona-entra-a-formar-parte-del-consejo-territorial-de-la-federacion-espanola-de-municipios-y-provincias\/\" \/>\n<meta property=\"og:site_name\" content=\"La Gu\u00eda de Pamplona\" \/>\n<meta property=\"article:publisher\" content=\"https:\/\/www.facebook.com\/laguiadepamplonacom-133175176762273\/?ref=hl\" \/>\n<meta property=\"article:published_time\" content=\"2019-09-23T13:25:05+00:00\" \/>\n<meta property=\"article:modified_time\" content=\"2019-09-23T13:25:24+00:00\" \/>\n<meta property=\"og:image\" content=\"https:\/\/www.laguiadepamplona.com\/actualidad\/wp-content\/uploads\/2019\/05\/ayuntamiento-pamplona-laguiadepamplona.jpg\" \/>\n\t<meta property=\"og:image:width\" content=\"1920\" \/>\n\t<meta property=\"og:image:height\" content=\"1100\" \/>\n\t<meta property=\"og:image:type\" content=\"image\/jpeg\" \/>\n<meta name=\"author\" content=\"La Gu\u00eda de Pamplona\" \/>\n<meta name=\"twitter:card\" content=\"summary_large_image\" \/>\n<meta name=\"twitter:creator\" content=\"@LaGuiadPamplona\" \/>\n<meta name=\"twitter:site\" content=\"@LaGuiadPamplona\" \/>\n<meta name=\"twitter:label1\" content=\"Escrito por\" \/>\n\t<meta name=\"twitter:data1\" content=\"La Gu\u00eda de Pamplona\" \/>\n\t<meta name=\"twitter:label2\" content=\"Tiempo de lectura\" \/>\n\t<meta name=\"twitter:data2\" content=\"2 minutos\" \/>\n<script type=\"application\/ld+json\" class=\"yoast-schema-graph\">{\"@context\":\"https:\\\/\\\/schema.org\",\"@graph\":[{\"@type\":\"Article\",\"@id\":\"https:\\\/\\\/www.laguiadepamplona.com\\\/actualidad\\\/el-alcalde-enrique-maya-en-representacion-de-pamplona-entra-a-formar-parte-del-consejo-territorial-de-la-federacion-espanola-de-municipios-y-provincias\\\/#article\",\"isPartOf\":{\"@id\":\"https:\\\/\\\/www.laguiadepamplona.com\\\/actualidad\\\/el-alcalde-enrique-maya-en-representacion-de-pamplona-entra-a-formar-parte-del-consejo-territorial-de-la-federacion-espanola-de-municipios-y-provincias\\\/\"},\"author\":{\"name\":\"La Gu\u00eda de Pamplona\",\"@id\":\"https:\\\/\\\/www.laguiadepamplona.com\\\/actualidad\\\/#\\\/schema\\\/person\\\/efe887376f0213d4657c93adc50b1fdb\"},\"headline\":\"El alcalde Enrique Maya, en representaci\u00f3n de Pamplona, entra a formar parte del Consejo territorial de la Federaci\u00f3n Espa\u00f1ola de Municipios y Provincias\",\"datePublished\":\"2019-09-23T13:25:05+00:00\",\"dateModified\":\"2019-09-23T13:25:24+00:00\",\"mainEntityOfPage\":{\"@id\":\"https:\\\/\\\/www.laguiadepamplona.com\\\/actualidad\\\/el-alcalde-enrique-maya-en-representacion-de-pamplona-entra-a-formar-parte-del-consejo-territorial-de-la-federacion-espanola-de-municipios-y-provincias\\\/\"},\"wordCount\":428,\"commentCount\":0,\"publisher\":{\"@id\":\"https:\\\/\\\/www.laguiadepamplona.com\\\/actualidad\\\/#organization\"},\"image\":{\"@id\":\"https:\\\/\\\/www.laguiadepamplona.com\\\/actualidad\\\/el-alcalde-enrique-maya-en-representacion-de-pamplona-entra-a-formar-parte-del-consejo-territorial-de-la-federacion-espanola-de-municipios-y-provincias\\\/#primaryimage\"},\"thumbnailUrl\":\"https:\\\/\\\/www.laguiadepamplona.com\\\/actualidad\\\/wp-content\\\/uploads\\\/2019\\\/05\\\/ayuntamiento-pamplona-laguiadepamplona.jpg\",\"articleSection\":[\"Ayto Pamplona\"],\"inLanguage\":\"es\",\"potentialAction\":[{\"@type\":\"CommentAction\",\"name\":\"Comment\",\"target\":[\"https:\\\/\\\/www.laguiadepamplona.com\\\/actualidad\\\/el-alcalde-enrique-maya-en-representacion-de-pamplona-entra-a-formar-parte-del-consejo-territorial-de-la-federacion-espanola-de-municipios-y-provincias\\\/#respond\"]}]},{\"@type\":\"WebPage\",\"@id\":\"https:\\\/\\\/www.laguiadepamplona.com\\\/actualidad\\\/el-alcalde-enrique-maya-en-representacion-de-pamplona-entra-a-formar-parte-del-consejo-territorial-de-la-federacion-espanola-de-municipios-y-provincias\\\/\",\"url\":\"https:\\\/\\\/www.laguiadepamplona.com\\\/actualidad\\\/el-alcalde-enrique-maya-en-representacion-de-pamplona-entra-a-formar-parte-del-consejo-territorial-de-la-federacion-espanola-de-municipios-y-provincias\\\/\",\"name\":\"El alcalde Enrique Maya, en representaci\u00f3n de Pamplona, entra a formar parte del Consejo territorial de la Federaci\u00f3n Espa\u00f1ola de Municipios y Provincias\",\"isPartOf\":{\"@id\":\"https:\\\/\\\/www.laguiadepamplona.com\\\/actualidad\\\/#website\"},\"primaryImageOfPage\":{\"@id\":\"https:\\\/\\\/www.laguiadepamplona.com\\\/actualidad\\\/el-alcalde-enrique-maya-en-representacion-de-pamplona-entra-a-formar-parte-del-consejo-territorial-de-la-federacion-espanola-de-municipios-y-provincias\\\/#primaryimage\"},\"image\":{\"@id\":\"https:\\\/\\\/www.laguiadepamplona.com\\\/actualidad\\\/el-alcalde-enrique-maya-en-representacion-de-pamplona-entra-a-formar-parte-del-consejo-territorial-de-la-federacion-espanola-de-municipios-y-provincias\\\/#primaryimage\"},\"thumbnailUrl\":\"https:\\\/\\\/www.laguiadepamplona.com\\\/actualidad\\\/wp-content\\\/uploads\\\/2019\\\/05\\\/ayuntamiento-pamplona-laguiadepamplona.jpg\",\"datePublished\":\"2019-09-23T13:25:05+00:00\",\"dateModified\":\"2019-09-23T13:25:24+00:00\",\"breadcrumb\":{\"@id\":\"https:\\\/\\\/www.laguiadepamplona.com\\\/actualidad\\\/el-alcalde-enrique-maya-en-representacion-de-pamplona-entra-a-formar-parte-del-consejo-territorial-de-la-federacion-espanola-de-municipios-y-provincias\\\/#breadcrumb\"},\"inLanguage\":\"es\",\"potentialAction\":[{\"@type\":\"ReadAction\",\"target\":[\"https:\\\/\\\/www.laguiadepamplona.com\\\/actualidad\\\/el-alcalde-enrique-maya-en-representacion-de-pamplona-entra-a-formar-parte-del-consejo-territorial-de-la-federacion-espanola-de-municipios-y-provincias\\\/\"]}]},{\"@type\":\"ImageObject\",\"inLanguage\":\"es\",\"@id\":\"https:\\\/\\\/www.laguiadepamplona.com\\\/actualidad\\\/el-alcalde-enrique-maya-en-representacion-de-pamplona-entra-a-formar-parte-del-consejo-territorial-de-la-federacion-espanola-de-municipios-y-provincias\\\/#primaryimage\",\"url\":\"https:\\\/\\\/www.laguiadepamplona.com\\\/actualidad\\\/wp-content\\\/uploads\\\/2019\\\/05\\\/ayuntamiento-pamplona-laguiadepamplona.jpg\",\"contentUrl\":\"https:\\\/\\\/www.laguiadepamplona.com\\\/actualidad\\\/wp-content\\\/uploads\\\/2019\\\/05\\\/ayuntamiento-pamplona-laguiadepamplona.jpg\",\"width\":1920,\"height\":1100},{\"@type\":\"BreadcrumbList\",\"@id\":\"https:\\\/\\\/www.laguiadepamplona.com\\\/actualidad\\\/el-alcalde-enrique-maya-en-representacion-de-pamplona-entra-a-formar-parte-del-consejo-territorial-de-la-federacion-espanola-de-municipios-y-provincias\\\/#breadcrumb\",\"itemListElement\":[{\"@type\":\"ListItem\",\"position\":1,\"name\":\"Portada\",\"item\":\"https:\\\/\\\/www.laguiadepamplona.com\\\/actualidad\\\/\"},{\"@type\":\"ListItem\",\"position\":2,\"name\":\"El alcalde Enrique Maya, en representaci\u00f3n de Pamplona, entra a formar parte del Consejo territorial de la Federaci\u00f3n Espa\u00f1ola de Municipios y Provincias\"}]},{\"@type\":\"WebSite\",\"@id\":\"https:\\\/\\\/www.laguiadepamplona.com\\\/actualidad\\\/#website\",\"url\":\"https:\\\/\\\/www.laguiadepamplona.com\\\/actualidad\\\/\",\"name\":\"La gu\u00eda de Pamplona\",\"description\":\"Noticias de Pamplona\",\"publisher\":{\"@id\":\"https:\\\/\\\/www.laguiadepamplona.com\\\/actualidad\\\/#organization\"},\"potentialAction\":[{\"@type\":\"SearchAction\",\"target\":{\"@type\":\"EntryPoint\",\"urlTemplate\":\"https:\\\/\\\/www.laguiadepamplona.com\\\/actualidad\\\/?s={search_term_string}\"},\"query-input\":{\"@type\":\"PropertyValueSpecification\",\"valueRequired\":true,\"valueName\":\"search_term_string\"}}],\"inLanguage\":\"es\"},{\"@type\":\"Organization\",\"@id\":\"https:\\\/\\\/www.laguiadepamplona.com\\\/actualidad\\\/#organization\",\"name\":\"La Gu\u00eda de Pamplona \\\/ Noticias\",\"url\":\"https:\\\/\\\/www.laguiadepamplona.com\\\/actualidad\\\/\",\"logo\":{\"@type\":\"ImageObject\",\"inLanguage\":\"es\",\"@id\":\"https:\\\/\\\/www.laguiadepamplona.com\\\/actualidad\\\/#\\\/schema\\\/logo\\\/image\\\/\",\"url\":\"https:\\\/\\\/www.laguiadepamplona.com\\\/actualidad\\\/wp-content\\\/uploads\\\/2018\\\/11\\\/logo-laguiadepamplona18-web1.png\",\"contentUrl\":\"https:\\\/\\\/www.laguiadepamplona.com\\\/actualidad\\\/wp-content\\\/uploads\\\/2018\\\/11\\\/logo-laguiadepamplona18-web1.png\",\"width\":600,\"height\":196,\"caption\":\"La Gu\u00eda de Pamplona \\\/ Noticias\"},\"image\":{\"@id\":\"https:\\\/\\\/www.laguiadepamplona.com\\\/actualidad\\\/#\\\/schema\\\/logo\\\/image\\\/\"},\"sameAs\":[\"https:\\\/\\\/www.facebook.com\\\/laguiadepamplonacom-133175176762273\\\/?ref=hl\",\"https:\\\/\\\/x.com\\\/LaGuiadPamplona\",\"https:\\\/\\\/www.instagram.com\\\/la_guia_de_pamplona\\\/\",\"https:\\\/\\\/www.youtube.com\\\/user\\\/laguiadepamplona\"]},{\"@type\":\"Person\",\"@id\":\"https:\\\/\\\/www.laguiadepamplona.com\\\/actualidad\\\/#\\\/schema\\\/person\\\/efe887376f0213d4657c93adc50b1fdb\",\"name\":\"La Gu\u00eda de Pamplona\",\"image\":{\"@type\":\"ImageObject\",\"inLanguage\":\"es\",\"@id\":\"https:\\\/\\\/secure.gravatar.com\\\/avatar\\\/b6992f131dc8d30ab0dff15446e9d346d9dbd95992de0fef795073f5ea83a81c?s=96&d=mm&r=g\",\"url\":\"https:\\\/\\\/secure.gravatar.com\\\/avatar\\\/b6992f131dc8d30ab0dff15446e9d346d9dbd95992de0fef795073f5ea83a81c?s=96&d=mm&r=g\",\"contentUrl\":\"https:\\\/\\\/secure.gravatar.com\\\/avatar\\\/b6992f131dc8d30ab0dff15446e9d346d9dbd95992de0fef795073f5ea83a81c?s=96&d=mm&r=g\",\"caption\":\"La Gu\u00eda de Pamplona\"}}]}<\/script>\n<!-- \/ Yoast SEO plugin. -->","yoast_head_json":{"title":"El alcalde Enrique Maya, en representaci\u00f3n de Pamplona, entra a formar parte del Consejo territorial de la Federaci\u00f3n Espa\u00f1ola de Municipios y Provincias","robots":{"index":"index","follow":"follow","max-snippet":"max-snippet:-1","max-image-preview":"max-image-preview:large","max-video-preview":"max-video-preview:-1"},"canonical":"https:\/\/www.laguiadepamplona.com\/actualidad\/el-alcalde-enrique-maya-en-representacion-de-pamplona-entra-a-formar-parte-del-consejo-territorial-de-la-federacion-espanola-de-municipios-y-provincias\/","og_locale":"es_ES","og_type":"article","og_title":"El alcalde Enrique Maya, en representaci\u00f3n de Pamplona, entra a formar parte del Consejo territorial de la Federaci\u00f3n Espa\u00f1ola de Municipios y Provincias","og_url":"https:\/\/www.laguiadepamplona.com\/actualidad\/el-alcalde-enrique-maya-en-representacion-de-pamplona-entra-a-formar-parte-del-consejo-territorial-de-la-federacion-espanola-de-municipios-y-provincias\/","og_site_name":"La Gu\u00eda de Pamplona","article_publisher":"https:\/\/www.facebook.com\/laguiadepamplonacom-133175176762273\/?ref=hl","article_published_time":"2019-09-23T13:25:05+00:00","article_modified_time":"2019-09-23T13:25:24+00:00","og_image":[{"width":1920,"height":1100,"url":"https:\/\/www.laguiadepamplona.com\/actualidad\/wp-content\/uploads\/2019\/05\/ayuntamiento-pamplona-laguiadepamplona.jpg","type":"image\/jpeg"}],"author":"La Gu\u00eda de Pamplona","twitter_card":"summary_large_image","twitter_creator":"@LaGuiadPamplona","twitter_site":"@LaGuiadPamplona","twitter_misc":{"Escrito por":"La Gu\u00eda de Pamplona","Tiempo de lectura":"2 minutos"},"schema":{"@context":"https:\/\/schema.org","@graph":[{"@type":"Article","@id":"https:\/\/www.laguiadepamplona.com\/actualidad\/el-alcalde-enrique-maya-en-representacion-de-pamplona-entra-a-formar-parte-del-consejo-territorial-de-la-federacion-espanola-de-municipios-y-provincias\/#article","isPartOf":{"@id":"https:\/\/www.laguiadepamplona.com\/actualidad\/el-alcalde-enrique-maya-en-representacion-de-pamplona-entra-a-formar-parte-del-consejo-territorial-de-la-federacion-espanola-de-municipios-y-provincias\/"},"author":{"name":"La Gu\u00eda de Pamplona","@id":"https:\/\/www.laguiadepamplona.com\/actualidad\/#\/schema\/person\/efe887376f0213d4657c93adc50b1fdb"},"headline":"El alcalde Enrique Maya, en representaci\u00f3n de Pamplona, entra a formar parte del Consejo territorial de la Federaci\u00f3n Espa\u00f1ola de Municipios y Provincias","datePublished":"2019-09-23T13:25:05+00:00","dateModified":"2019-09-23T13:25:24+00:00","mainEntityOfPage":{"@id":"https:\/\/www.laguiadepamplona.com\/actualidad\/el-alcalde-enrique-maya-en-representacion-de-pamplona-entra-a-formar-parte-del-consejo-territorial-de-la-federacion-espanola-de-municipios-y-provincias\/"},"wordCount":428,"commentCount":0,"publisher":{"@id":"https:\/\/www.laguiadepamplona.com\/actualidad\/#organization"},"image":{"@id":"https:\/\/www.laguiadepamplona.com\/actualidad\/el-alcalde-enrique-maya-en-representacion-de-pamplona-entra-a-formar-parte-del-consejo-territorial-de-la-federacion-espanola-de-municipios-y-provincias\/#primaryimage"},"thumbnailUrl":"https:\/\/www.laguiadepamplona.com\/actualidad\/wp-content\/uploads\/2019\/05\/ayuntamiento-pamplona-laguiadepamplona.jpg","articleSection":["Ayto Pamplona"],"inLanguage":"es","potentialAction":[{"@type":"CommentAction","name":"Comment","target":["https:\/\/www.laguiadepamplona.com\/actualidad\/el-alcalde-enrique-maya-en-representacion-de-pamplona-entra-a-formar-parte-del-consejo-territorial-de-la-federacion-espanola-de-municipios-y-provincias\/#respond"]}]},{"@type":"WebPage","@id":"https:\/\/www.laguiadepamplona.com\/actualidad\/el-alcalde-enrique-maya-en-representacion-de-pamplona-entra-a-formar-parte-del-consejo-territorial-de-la-federacion-espanola-de-municipios-y-provincias\/","url":"https:\/\/www.laguiadepamplona.com\/actualidad\/el-alcalde-enrique-maya-en-representacion-de-pamplona-entra-a-formar-parte-del-consejo-territorial-de-la-federacion-espanola-de-municipios-y-provincias\/","name":"El alcalde Enrique Maya, en representaci\u00f3n de Pamplona, entra a formar parte del Consejo territorial de la Federaci\u00f3n Espa\u00f1ola de Municipios y Provincias","isPartOf":{"@id":"https:\/\/www.laguiadepamplona.com\/actualidad\/#website"},"primaryImageOfPage":{"@id":"https:\/\/www.laguiadepamplona.com\/actualidad\/el-alcalde-enrique-maya-en-representacion-de-pamplona-entra-a-formar-parte-del-consejo-territorial-de-la-federacion-espanola-de-municipios-y-provincias\/#primaryimage"},"image":{"@id":"https:\/\/www.laguiadepamplona.com\/actualidad\/el-alcalde-enrique-maya-en-representacion-de-pamplona-entra-a-formar-parte-del-consejo-territorial-de-la-federacion-espanola-de-municipios-y-provincias\/#primaryimage"},"thumbnailUrl":"https:\/\/www.laguiadepamplona.com\/actualidad\/wp-content\/uploads\/2019\/05\/ayuntamiento-pamplona-laguiadepamplona.jpg","datePublished":"2019-09-23T13:25:05+00:00","dateModified":"2019-09-23T13:25:24+00:00","breadcrumb":{"@id":"https:\/\/www.laguiadepamplona.com\/actualidad\/el-alcalde-enrique-maya-en-representacion-de-pamplona-entra-a-formar-parte-del-consejo-territorial-de-la-federacion-espanola-de-municipios-y-provincias\/#breadcrumb"},"inLanguage":"es","potentialAction":[{"@type":"ReadAction","target":["https:\/\/www.laguiadepamplona.com\/actualidad\/el-alcalde-enrique-maya-en-representacion-de-pamplona-entra-a-formar-parte-del-consejo-territorial-de-la-federacion-espanola-de-municipios-y-provincias\/"]}]},{"@type":"ImageObject","inLanguage":"es","@id":"https:\/\/www.laguiadepamplona.com\/actualidad\/el-alcalde-enrique-maya-en-representacion-de-pamplona-entra-a-formar-parte-del-consejo-territorial-de-la-federacion-espanola-de-municipios-y-provincias\/#primaryimage","url":"https:\/\/www.laguiadepamplona.com\/actualidad\/wp-content\/uploads\/2019\/05\/ayuntamiento-pamplona-laguiadepamplona.jpg","contentUrl":"https:\/\/www.laguiadepamplona.com\/actualidad\/wp-content\/uploads\/2019\/05\/ayuntamiento-pamplona-laguiadepamplona.jpg","width":1920,"height":1100},{"@type":"BreadcrumbList","@id":"https:\/\/www.laguiadepamplona.com\/actualidad\/el-alcalde-enrique-maya-en-representacion-de-pamplona-entra-a-formar-parte-del-consejo-territorial-de-la-federacion-espanola-de-municipios-y-provincias\/#breadcrumb","itemListElement":[{"@type":"ListItem","position":1,"name":"Portada","item":"https:\/\/www.laguiadepamplona.com\/actualidad\/"},{"@type":"ListItem","position":2,"name":"El alcalde Enrique Maya, en representaci\u00f3n de Pamplona, entra a formar parte del Consejo territorial de la Federaci\u00f3n Espa\u00f1ola de Municipios y Provincias"}]},{"@type":"WebSite","@id":"https:\/\/www.laguiadepamplona.com\/actualidad\/#website","url":"https:\/\/www.laguiadepamplona.com\/actualidad\/","name":"La gu\u00eda de Pamplona","description":"Noticias de Pamplona","publisher":{"@id":"https:\/\/www.laguiadepamplona.com\/actualidad\/#organization"},"potentialAction":[{"@type":"SearchAction","target":{"@type":"EntryPoint","urlTemplate":"https:\/\/www.laguiadepamplona.com\/actualidad\/?s={search_term_string}"},"query-input":{"@type":"PropertyValueSpecification","valueRequired":true,"valueName":"search_term_string"}}],"inLanguage":"es"},{"@type":"Organization","@id":"https:\/\/www.laguiadepamplona.com\/actualidad\/#organization","name":"La Gu\u00eda de Pamplona \/ Noticias","url":"https:\/\/www.laguiadepamplona.com\/actualidad\/","logo":{"@type":"ImageObject","inLanguage":"es","@id":"https:\/\/www.laguiadepamplona.com\/actualidad\/#\/schema\/logo\/image\/","url":"https:\/\/www.laguiadepamplona.com\/actualidad\/wp-content\/uploads\/2018\/11\/logo-laguiadepamplona18-web1.png","contentUrl":"https:\/\/www.laguiadepamplona.com\/actualidad\/wp-content\/uploads\/2018\/11\/logo-laguiadepamplona18-web1.png","width":600,"height":196,"caption":"La Gu\u00eda de Pamplona \/ Noticias"},"image":{"@id":"https:\/\/www.laguiadepamplona.com\/actualidad\/#\/schema\/logo\/image\/"},"sameAs":["https:\/\/www.facebook.com\/laguiadepamplonacom-133175176762273\/?ref=hl","https:\/\/x.com\/LaGuiadPamplona","https:\/\/www.instagram.com\/la_guia_de_pamplona\/","https:\/\/www.youtube.com\/user\/laguiadepamplona"]},{"@type":"Person","@id":"https:\/\/www.laguiadepamplona.com\/actualidad\/#\/schema\/person\/efe887376f0213d4657c93adc50b1fdb","name":"La Gu\u00eda de Pamplona","image":{"@type":"ImageObject","inLanguage":"es","@id":"https:\/\/secure.gravatar.com\/avatar\/b6992f131dc8d30ab0dff15446e9d346d9dbd95992de0fef795073f5ea83a81c?s=96&d=mm&r=g","url":"https:\/\/secure.gravatar.com\/avatar\/b6992f131dc8d30ab0dff15446e9d346d9dbd95992de0fef795073f5ea83a81c?s=96&d=mm&r=g","contentUrl":"https:\/\/secure.gravatar.com\/avatar\/b6992f131dc8d30ab0dff15446e9d346d9dbd95992de0fef795073f5ea83a81c?s=96&d=mm&r=g","caption":"La Gu\u00eda de Pamplona"}}]}},"post_mailing_queue_ids":[],"_links":{"self":[{"href":"https:\/\/www.laguiadepamplona.com\/actualidad\/wp-json\/wp\/v2\/posts\/24599","targetHints":{"allow":["GET"]}}],"collection":[{"href":"https:\/\/www.laguiadepamplona.com\/actualidad\/wp-json\/wp\/v2\/posts"}],"about":[{"href":"https:\/\/www.laguiadepamplona.com\/actualidad\/wp-json\/wp\/v2\/types\/post"}],"author":[{"embeddable":true,"href":"https:\/\/www.laguiadepamplona.com\/actualidad\/wp-json\/wp\/v2\/users\/1"}],"replies":[{"embeddable":true,"href":"https:\/\/www.laguiadepamplona.com\/actualidad\/wp-json\/wp\/v2\/comments?post=24599"}],"version-history":[{"count":0,"href":"https:\/\/www.laguiadepamplona.com\/actualidad\/wp-json\/wp\/v2\/posts\/24599\/revisions"}],"wp:featuredmedia":[{"embeddable":true,"href":"https:\/\/www.laguiadepamplona.com\/actualidad\/wp-json\/wp\/v2\/media\/21939"}],"wp:attachment":[{"href":"https:\/\/www.laguiadepamplona.com\/actualidad\/wp-json\/wp\/v2\/media?parent=24599"}],"wp:term":[{"taxonomy":"category","embeddable":true,"href":"https:\/\/www.laguiadepamplona.com\/actualidad\/wp-json\/wp\/v2\/categories?post=24599"},{"taxonomy":"post_tag","embeddable":true,"href":"https:\/\/www.laguiadepamplona.com\/actualidad\/wp-json\/wp\/v2\/tags?post=24599"}],"curies":[{"name":"wp","href":"https:\/\/api.w.org\/{rel}","templated":true}]}}