{"id":24593,"date":"2019-09-23T15:23:14","date_gmt":"2019-09-23T13:23:14","guid":{"rendered":"https:\/\/www.laguiadepamplona.es\/actualidad\/?p=24593"},"modified":"2019-09-23T15:23:31","modified_gmt":"2019-09-23T13:23:31","slug":"el-alcalde-de-pamplona-recibe-al-responsable-de-consulado-general-de-rumania-en-bilbao","status":"publish","type":"post","link":"https:\/\/www.laguiadepamplona.com\/actualidad\/el-alcalde-de-pamplona-recibe-al-responsable-de-consulado-general-de-rumania-en-bilbao\/","title":{"rendered":"El alcalde de Pamplona recibe al responsable de Consulado General de Ruman\u00eda en Bilbao"},"content":{"rendered":"<p><!--more--><\/p>\n<p>El alcalde de Pamplona, Enrique Maya, ha recibido a primeras horas de esta tarde al c\u00f3nsul Marian Popescu, responsable de Consulado General de Ruman\u00eda en Bilbao, la secci\u00f3n consular de la embajada de Ruman\u00eda en Espa\u00f1a que tienen como \u00e1mbito de trabajo Navarra, Pa\u00eds Vasco, La Rioja, Asturias, Cantabria y Galicia. A la reuni\u00f3n, que ha tenido lugar en el despacho oficial del alcalde, ha acudido tambi\u00e9n el presidente de la C\u00e1mara Navarra de Comercio e Industria y, desde el a\u00f1o 2009, C\u00f3nsul Honorario de Ruman\u00eda en Pamplona, Javier Taberna.<\/p>\n<p><script async src=\"\/\/pagead2.googlesyndication.com\/pagead\/js\/adsbygoogle.js\"><\/script><br \/>\n<!-- Noticias La Guia de Pamplona --><br \/>\n<ins class=\"adsbygoogle\"\nstyle=\"display:block\"\ndata-ad-client=\"ca-pub-6943679897239327\"\ndata-ad-slot=\"7048180777\"\ndata-ad-format=\"auto\"><\/ins><br \/>\n<script>\n(adsbygoogle = window.adsbygoogle || []).push({});\n<\/script><\/p>\n<p>Estas reuniones de car\u00e1cter institucional buscan fortalecer las relaciones institucionales, econ\u00f3micas y empresariales entre ese pa\u00eds y las diversas entidades territoriales espa\u00f1olas. A fecha de hoy hay 3.232 ciudadanos con nacionalidad de Ruman\u00eda empadronados en Pamplona.<\/p>\n","protected":false},"excerpt":{"rendered":"","protected":false},"author":1,"featured_media":24595,"comment_status":"open","ping_status":"closed","sticky":false,"template":"","format":"standard","meta":{"footnotes":""},"categories":[2],"tags":[],"class_list":["post-24593","post","type-post","status-publish","format-standard","has-post-thumbnail","hentry","category-ayuntamiento-pamplona"],"yoast_head":"<!-- This site is optimized with the Yoast SEO plugin v27.3 - https:\/\/yoast.com\/product\/yoast-seo-wordpress\/ -->\n<title>El alcalde de Pamplona recibe al responsable de Consulado General de Ruman\u00eda en Bilbao<\/title>\n<meta name=\"robots\" content=\"index, follow, max-snippet:-1, max-image-preview:large, max-video-preview:-1\" \/>\n<link rel=\"canonical\" href=\"https:\/\/www.laguiadepamplona.com\/actualidad\/el-alcalde-de-pamplona-recibe-al-responsable-de-consulado-general-de-rumania-en-bilbao\/\" \/>\n<meta property=\"og:locale\" content=\"es_ES\" \/>\n<meta property=\"og:type\" content=\"article\" \/>\n<meta property=\"og:title\" content=\"El alcalde de Pamplona recibe al responsable de Consulado General de Ruman\u00eda en Bilbao\" \/>\n<meta property=\"og:url\" content=\"https:\/\/www.laguiadepamplona.com\/actualidad\/el-alcalde-de-pamplona-recibe-al-responsable-de-consulado-general-de-rumania-en-bilbao\/\" \/>\n<meta property=\"og:site_name\" content=\"La Gu\u00eda de Pamplona\" \/>\n<meta property=\"article:publisher\" content=\"https:\/\/www.facebook.com\/laguiadepamplonacom-133175176762273\/?ref=hl\" \/>\n<meta property=\"article:published_time\" content=\"2019-09-23T13:23:14+00:00\" \/>\n<meta property=\"article:modified_time\" content=\"2019-09-23T13:23:31+00:00\" \/>\n<meta property=\"og:image\" content=\"https:\/\/www.laguiadepamplona.com\/actualidad\/wp-content\/uploads\/2019\/09\/19.09.23_alcalde_recibe_consulado_rumania_bilbao.jpg\" \/>\n\t<meta property=\"og:image:width\" content=\"1920\" \/>\n\t<meta property=\"og:image:height\" content=\"1280\" \/>\n\t<meta property=\"og:image:type\" content=\"image\/jpeg\" \/>\n<meta name=\"author\" content=\"La Gu\u00eda de Pamplona\" \/>\n<meta name=\"twitter:card\" content=\"summary_large_image\" \/>\n<meta name=\"twitter:creator\" content=\"@LaGuiadPamplona\" \/>\n<meta name=\"twitter:site\" content=\"@LaGuiadPamplona\" \/>\n<meta name=\"twitter:label1\" content=\"Escrito por\" \/>\n\t<meta name=\"twitter:data1\" content=\"La Gu\u00eda de Pamplona\" \/>\n\t<meta name=\"twitter:label2\" content=\"Tiempo de lectura\" \/>\n\t<meta name=\"twitter:data2\" content=\"1 minuto\" \/>\n<script type=\"application\/ld+json\" class=\"yoast-schema-graph\">{\"@context\":\"https:\\\/\\\/schema.org\",\"@graph\":[{\"@type\":\"Article\",\"@id\":\"https:\\\/\\\/www.laguiadepamplona.com\\\/actualidad\\\/el-alcalde-de-pamplona-recibe-al-responsable-de-consulado-general-de-rumania-en-bilbao\\\/#article\",\"isPartOf\":{\"@id\":\"https:\\\/\\\/www.laguiadepamplona.com\\\/actualidad\\\/el-alcalde-de-pamplona-recibe-al-responsable-de-consulado-general-de-rumania-en-bilbao\\\/\"},\"author\":{\"name\":\"La Gu\u00eda de Pamplona\",\"@id\":\"https:\\\/\\\/www.laguiadepamplona.com\\\/actualidad\\\/#\\\/schema\\\/person\\\/efe887376f0213d4657c93adc50b1fdb\"},\"headline\":\"El alcalde de Pamplona recibe al responsable de Consulado General de Ruman\u00eda en Bilbao\",\"datePublished\":\"2019-09-23T13:23:14+00:00\",\"dateModified\":\"2019-09-23T13:23:31+00:00\",\"mainEntityOfPage\":{\"@id\":\"https:\\\/\\\/www.laguiadepamplona.com\\\/actualidad\\\/el-alcalde-de-pamplona-recibe-al-responsable-de-consulado-general-de-rumania-en-bilbao\\\/\"},\"wordCount\":156,\"commentCount\":0,\"publisher\":{\"@id\":\"https:\\\/\\\/www.laguiadepamplona.com\\\/actualidad\\\/#organization\"},\"image\":{\"@id\":\"https:\\\/\\\/www.laguiadepamplona.com\\\/actualidad\\\/el-alcalde-de-pamplona-recibe-al-responsable-de-consulado-general-de-rumania-en-bilbao\\\/#primaryimage\"},\"thumbnailUrl\":\"https:\\\/\\\/www.laguiadepamplona.com\\\/actualidad\\\/wp-content\\\/uploads\\\/2019\\\/09\\\/19.09.23_alcalde_recibe_consulado_rumania_bilbao.jpg\",\"articleSection\":[\"Ayto Pamplona\"],\"inLanguage\":\"es\",\"potentialAction\":[{\"@type\":\"CommentAction\",\"name\":\"Comment\",\"target\":[\"https:\\\/\\\/www.laguiadepamplona.com\\\/actualidad\\\/el-alcalde-de-pamplona-recibe-al-responsable-de-consulado-general-de-rumania-en-bilbao\\\/#respond\"]}]},{\"@type\":\"WebPage\",\"@id\":\"https:\\\/\\\/www.laguiadepamplona.com\\\/actualidad\\\/el-alcalde-de-pamplona-recibe-al-responsable-de-consulado-general-de-rumania-en-bilbao\\\/\",\"url\":\"https:\\\/\\\/www.laguiadepamplona.com\\\/actualidad\\\/el-alcalde-de-pamplona-recibe-al-responsable-de-consulado-general-de-rumania-en-bilbao\\\/\",\"name\":\"El alcalde de Pamplona recibe al responsable de Consulado General de Ruman\u00eda en Bilbao\",\"isPartOf\":{\"@id\":\"https:\\\/\\\/www.laguiadepamplona.com\\\/actualidad\\\/#website\"},\"primaryImageOfPage\":{\"@id\":\"https:\\\/\\\/www.laguiadepamplona.com\\\/actualidad\\\/el-alcalde-de-pamplona-recibe-al-responsable-de-consulado-general-de-rumania-en-bilbao\\\/#primaryimage\"},\"image\":{\"@id\":\"https:\\\/\\\/www.laguiadepamplona.com\\\/actualidad\\\/el-alcalde-de-pamplona-recibe-al-responsable-de-consulado-general-de-rumania-en-bilbao\\\/#primaryimage\"},\"thumbnailUrl\":\"https:\\\/\\\/www.laguiadepamplona.com\\\/actualidad\\\/wp-content\\\/uploads\\\/2019\\\/09\\\/19.09.23_alcalde_recibe_consulado_rumania_bilbao.jpg\",\"datePublished\":\"2019-09-23T13:23:14+00:00\",\"dateModified\":\"2019-09-23T13:23:31+00:00\",\"breadcrumb\":{\"@id\":\"https:\\\/\\\/www.laguiadepamplona.com\\\/actualidad\\\/el-alcalde-de-pamplona-recibe-al-responsable-de-consulado-general-de-rumania-en-bilbao\\\/#breadcrumb\"},\"inLanguage\":\"es\",\"potentialAction\":[{\"@type\":\"ReadAction\",\"target\":[\"https:\\\/\\\/www.laguiadepamplona.com\\\/actualidad\\\/el-alcalde-de-pamplona-recibe-al-responsable-de-consulado-general-de-rumania-en-bilbao\\\/\"]}]},{\"@type\":\"ImageObject\",\"inLanguage\":\"es\",\"@id\":\"https:\\\/\\\/www.laguiadepamplona.com\\\/actualidad\\\/el-alcalde-de-pamplona-recibe-al-responsable-de-consulado-general-de-rumania-en-bilbao\\\/#primaryimage\",\"url\":\"https:\\\/\\\/www.laguiadepamplona.com\\\/actualidad\\\/wp-content\\\/uploads\\\/2019\\\/09\\\/19.09.23_alcalde_recibe_consulado_rumania_bilbao.jpg\",\"contentUrl\":\"https:\\\/\\\/www.laguiadepamplona.com\\\/actualidad\\\/wp-content\\\/uploads\\\/2019\\\/09\\\/19.09.23_alcalde_recibe_consulado_rumania_bilbao.jpg\",\"width\":1920,\"height\":1280},{\"@type\":\"BreadcrumbList\",\"@id\":\"https:\\\/\\\/www.laguiadepamplona.com\\\/actualidad\\\/el-alcalde-de-pamplona-recibe-al-responsable-de-consulado-general-de-rumania-en-bilbao\\\/#breadcrumb\",\"itemListElement\":[{\"@type\":\"ListItem\",\"position\":1,\"name\":\"Portada\",\"item\":\"https:\\\/\\\/www.laguiadepamplona.com\\\/actualidad\\\/\"},{\"@type\":\"ListItem\",\"position\":2,\"name\":\"El alcalde de Pamplona recibe al responsable de Consulado General de Ruman\u00eda en Bilbao\"}]},{\"@type\":\"WebSite\",\"@id\":\"https:\\\/\\\/www.laguiadepamplona.com\\\/actualidad\\\/#website\",\"url\":\"https:\\\/\\\/www.laguiadepamplona.com\\\/actualidad\\\/\",\"name\":\"La gu\u00eda de Pamplona\",\"description\":\"Noticias de Pamplona\",\"publisher\":{\"@id\":\"https:\\\/\\\/www.laguiadepamplona.com\\\/actualidad\\\/#organization\"},\"potentialAction\":[{\"@type\":\"SearchAction\",\"target\":{\"@type\":\"EntryPoint\",\"urlTemplate\":\"https:\\\/\\\/www.laguiadepamplona.com\\\/actualidad\\\/?s={search_term_string}\"},\"query-input\":{\"@type\":\"PropertyValueSpecification\",\"valueRequired\":true,\"valueName\":\"search_term_string\"}}],\"inLanguage\":\"es\"},{\"@type\":\"Organization\",\"@id\":\"https:\\\/\\\/www.laguiadepamplona.com\\\/actualidad\\\/#organization\",\"name\":\"La Gu\u00eda de Pamplona \\\/ Noticias\",\"url\":\"https:\\\/\\\/www.laguiadepamplona.com\\\/actualidad\\\/\",\"logo\":{\"@type\":\"ImageObject\",\"inLanguage\":\"es\",\"@id\":\"https:\\\/\\\/www.laguiadepamplona.com\\\/actualidad\\\/#\\\/schema\\\/logo\\\/image\\\/\",\"url\":\"https:\\\/\\\/www.laguiadepamplona.com\\\/actualidad\\\/wp-content\\\/uploads\\\/2018\\\/11\\\/logo-laguiadepamplona18-web1.png\",\"contentUrl\":\"https:\\\/\\\/www.laguiadepamplona.com\\\/actualidad\\\/wp-content\\\/uploads\\\/2018\\\/11\\\/logo-laguiadepamplona18-web1.png\",\"width\":600,\"height\":196,\"caption\":\"La Gu\u00eda de Pamplona \\\/ Noticias\"},\"image\":{\"@id\":\"https:\\\/\\\/www.laguiadepamplona.com\\\/actualidad\\\/#\\\/schema\\\/logo\\\/image\\\/\"},\"sameAs\":[\"https:\\\/\\\/www.facebook.com\\\/laguiadepamplonacom-133175176762273\\\/?ref=hl\",\"https:\\\/\\\/x.com\\\/LaGuiadPamplona\",\"https:\\\/\\\/www.instagram.com\\\/la_guia_de_pamplona\\\/\",\"https:\\\/\\\/www.youtube.com\\\/user\\\/laguiadepamplona\"]},{\"@type\":\"Person\",\"@id\":\"https:\\\/\\\/www.laguiadepamplona.com\\\/actualidad\\\/#\\\/schema\\\/person\\\/efe887376f0213d4657c93adc50b1fdb\",\"name\":\"La Gu\u00eda de Pamplona\",\"image\":{\"@type\":\"ImageObject\",\"inLanguage\":\"es\",\"@id\":\"https:\\\/\\\/secure.gravatar.com\\\/avatar\\\/b6992f131dc8d30ab0dff15446e9d346d9dbd95992de0fef795073f5ea83a81c?s=96&d=mm&r=g\",\"url\":\"https:\\\/\\\/secure.gravatar.com\\\/avatar\\\/b6992f131dc8d30ab0dff15446e9d346d9dbd95992de0fef795073f5ea83a81c?s=96&d=mm&r=g\",\"contentUrl\":\"https:\\\/\\\/secure.gravatar.com\\\/avatar\\\/b6992f131dc8d30ab0dff15446e9d346d9dbd95992de0fef795073f5ea83a81c?s=96&d=mm&r=g\",\"caption\":\"La Gu\u00eda de Pamplona\"}}]}<\/script>\n<!-- \/ Yoast SEO plugin. -->","yoast_head_json":{"title":"El alcalde de Pamplona recibe al responsable de Consulado General de Ruman\u00eda en Bilbao","robots":{"index":"index","follow":"follow","max-snippet":"max-snippet:-1","max-image-preview":"max-image-preview:large","max-video-preview":"max-video-preview:-1"},"canonical":"https:\/\/www.laguiadepamplona.com\/actualidad\/el-alcalde-de-pamplona-recibe-al-responsable-de-consulado-general-de-rumania-en-bilbao\/","og_locale":"es_ES","og_type":"article","og_title":"El alcalde de Pamplona recibe al responsable de Consulado General de Ruman\u00eda en Bilbao","og_url":"https:\/\/www.laguiadepamplona.com\/actualidad\/el-alcalde-de-pamplona-recibe-al-responsable-de-consulado-general-de-rumania-en-bilbao\/","og_site_name":"La Gu\u00eda de Pamplona","article_publisher":"https:\/\/www.facebook.com\/laguiadepamplonacom-133175176762273\/?ref=hl","article_published_time":"2019-09-23T13:23:14+00:00","article_modified_time":"2019-09-23T13:23:31+00:00","og_image":[{"width":1920,"height":1280,"url":"https:\/\/www.laguiadepamplona.com\/actualidad\/wp-content\/uploads\/2019\/09\/19.09.23_alcalde_recibe_consulado_rumania_bilbao.jpg","type":"image\/jpeg"}],"author":"La Gu\u00eda de Pamplona","twitter_card":"summary_large_image","twitter_creator":"@LaGuiadPamplona","twitter_site":"@LaGuiadPamplona","twitter_misc":{"Escrito por":"La Gu\u00eda de Pamplona","Tiempo de lectura":"1 minuto"},"schema":{"@context":"https:\/\/schema.org","@graph":[{"@type":"Article","@id":"https:\/\/www.laguiadepamplona.com\/actualidad\/el-alcalde-de-pamplona-recibe-al-responsable-de-consulado-general-de-rumania-en-bilbao\/#article","isPartOf":{"@id":"https:\/\/www.laguiadepamplona.com\/actualidad\/el-alcalde-de-pamplona-recibe-al-responsable-de-consulado-general-de-rumania-en-bilbao\/"},"author":{"name":"La Gu\u00eda de Pamplona","@id":"https:\/\/www.laguiadepamplona.com\/actualidad\/#\/schema\/person\/efe887376f0213d4657c93adc50b1fdb"},"headline":"El alcalde de Pamplona recibe al responsable de Consulado General de Ruman\u00eda en Bilbao","datePublished":"2019-09-23T13:23:14+00:00","dateModified":"2019-09-23T13:23:31+00:00","mainEntityOfPage":{"@id":"https:\/\/www.laguiadepamplona.com\/actualidad\/el-alcalde-de-pamplona-recibe-al-responsable-de-consulado-general-de-rumania-en-bilbao\/"},"wordCount":156,"commentCount":0,"publisher":{"@id":"https:\/\/www.laguiadepamplona.com\/actualidad\/#organization"},"image":{"@id":"https:\/\/www.laguiadepamplona.com\/actualidad\/el-alcalde-de-pamplona-recibe-al-responsable-de-consulado-general-de-rumania-en-bilbao\/#primaryimage"},"thumbnailUrl":"https:\/\/www.laguiadepamplona.com\/actualidad\/wp-content\/uploads\/2019\/09\/19.09.23_alcalde_recibe_consulado_rumania_bilbao.jpg","articleSection":["Ayto Pamplona"],"inLanguage":"es","potentialAction":[{"@type":"CommentAction","name":"Comment","target":["https:\/\/www.laguiadepamplona.com\/actualidad\/el-alcalde-de-pamplona-recibe-al-responsable-de-consulado-general-de-rumania-en-bilbao\/#respond"]}]},{"@type":"WebPage","@id":"https:\/\/www.laguiadepamplona.com\/actualidad\/el-alcalde-de-pamplona-recibe-al-responsable-de-consulado-general-de-rumania-en-bilbao\/","url":"https:\/\/www.laguiadepamplona.com\/actualidad\/el-alcalde-de-pamplona-recibe-al-responsable-de-consulado-general-de-rumania-en-bilbao\/","name":"El alcalde de Pamplona recibe al responsable de Consulado General de Ruman\u00eda en Bilbao","isPartOf":{"@id":"https:\/\/www.laguiadepamplona.com\/actualidad\/#website"},"primaryImageOfPage":{"@id":"https:\/\/www.laguiadepamplona.com\/actualidad\/el-alcalde-de-pamplona-recibe-al-responsable-de-consulado-general-de-rumania-en-bilbao\/#primaryimage"},"image":{"@id":"https:\/\/www.laguiadepamplona.com\/actualidad\/el-alcalde-de-pamplona-recibe-al-responsable-de-consulado-general-de-rumania-en-bilbao\/#primaryimage"},"thumbnailUrl":"https:\/\/www.laguiadepamplona.com\/actualidad\/wp-content\/uploads\/2019\/09\/19.09.23_alcalde_recibe_consulado_rumania_bilbao.jpg","datePublished":"2019-09-23T13:23:14+00:00","dateModified":"2019-09-23T13:23:31+00:00","breadcrumb":{"@id":"https:\/\/www.laguiadepamplona.com\/actualidad\/el-alcalde-de-pamplona-recibe-al-responsable-de-consulado-general-de-rumania-en-bilbao\/#breadcrumb"},"inLanguage":"es","potentialAction":[{"@type":"ReadAction","target":["https:\/\/www.laguiadepamplona.com\/actualidad\/el-alcalde-de-pamplona-recibe-al-responsable-de-consulado-general-de-rumania-en-bilbao\/"]}]},{"@type":"ImageObject","inLanguage":"es","@id":"https:\/\/www.laguiadepamplona.com\/actualidad\/el-alcalde-de-pamplona-recibe-al-responsable-de-consulado-general-de-rumania-en-bilbao\/#primaryimage","url":"https:\/\/www.laguiadepamplona.com\/actualidad\/wp-content\/uploads\/2019\/09\/19.09.23_alcalde_recibe_consulado_rumania_bilbao.jpg","contentUrl":"https:\/\/www.laguiadepamplona.com\/actualidad\/wp-content\/uploads\/2019\/09\/19.09.23_alcalde_recibe_consulado_rumania_bilbao.jpg","width":1920,"height":1280},{"@type":"BreadcrumbList","@id":"https:\/\/www.laguiadepamplona.com\/actualidad\/el-alcalde-de-pamplona-recibe-al-responsable-de-consulado-general-de-rumania-en-bilbao\/#breadcrumb","itemListElement":[{"@type":"ListItem","position":1,"name":"Portada","item":"https:\/\/www.laguiadepamplona.com\/actualidad\/"},{"@type":"ListItem","position":2,"name":"El alcalde de Pamplona recibe al responsable de Consulado General de Ruman\u00eda en Bilbao"}]},{"@type":"WebSite","@id":"https:\/\/www.laguiadepamplona.com\/actualidad\/#website","url":"https:\/\/www.laguiadepamplona.com\/actualidad\/","name":"La gu\u00eda de Pamplona","description":"Noticias de Pamplona","publisher":{"@id":"https:\/\/www.laguiadepamplona.com\/actualidad\/#organization"},"potentialAction":[{"@type":"SearchAction","target":{"@type":"EntryPoint","urlTemplate":"https:\/\/www.laguiadepamplona.com\/actualidad\/?s={search_term_string}"},"query-input":{"@type":"PropertyValueSpecification","valueRequired":true,"valueName":"search_term_string"}}],"inLanguage":"es"},{"@type":"Organization","@id":"https:\/\/www.laguiadepamplona.com\/actualidad\/#organization","name":"La Gu\u00eda de Pamplona \/ Noticias","url":"https:\/\/www.laguiadepamplona.com\/actualidad\/","logo":{"@type":"ImageObject","inLanguage":"es","@id":"https:\/\/www.laguiadepamplona.com\/actualidad\/#\/schema\/logo\/image\/","url":"https:\/\/www.laguiadepamplona.com\/actualidad\/wp-content\/uploads\/2018\/11\/logo-laguiadepamplona18-web1.png","contentUrl":"https:\/\/www.laguiadepamplona.com\/actualidad\/wp-content\/uploads\/2018\/11\/logo-laguiadepamplona18-web1.png","width":600,"height":196,"caption":"La Gu\u00eda de Pamplona \/ Noticias"},"image":{"@id":"https:\/\/www.laguiadepamplona.com\/actualidad\/#\/schema\/logo\/image\/"},"sameAs":["https:\/\/www.facebook.com\/laguiadepamplonacom-133175176762273\/?ref=hl","https:\/\/x.com\/LaGuiadPamplona","https:\/\/www.instagram.com\/la_guia_de_pamplona\/","https:\/\/www.youtube.com\/user\/laguiadepamplona"]},{"@type":"Person","@id":"https:\/\/www.laguiadepamplona.com\/actualidad\/#\/schema\/person\/efe887376f0213d4657c93adc50b1fdb","name":"La Gu\u00eda de Pamplona","image":{"@type":"ImageObject","inLanguage":"es","@id":"https:\/\/secure.gravatar.com\/avatar\/b6992f131dc8d30ab0dff15446e9d346d9dbd95992de0fef795073f5ea83a81c?s=96&d=mm&r=g","url":"https:\/\/secure.gravatar.com\/avatar\/b6992f131dc8d30ab0dff15446e9d346d9dbd95992de0fef795073f5ea83a81c?s=96&d=mm&r=g","contentUrl":"https:\/\/secure.gravatar.com\/avatar\/b6992f131dc8d30ab0dff15446e9d346d9dbd95992de0fef795073f5ea83a81c?s=96&d=mm&r=g","caption":"La Gu\u00eda de Pamplona"}}]}},"post_mailing_queue_ids":[],"_links":{"self":[{"href":"https:\/\/www.laguiadepamplona.com\/actualidad\/wp-json\/wp\/v2\/posts\/24593","targetHints":{"allow":["GET"]}}],"collection":[{"href":"https:\/\/www.laguiadepamplona.com\/actualidad\/wp-json\/wp\/v2\/posts"}],"about":[{"href":"https:\/\/www.laguiadepamplona.com\/actualidad\/wp-json\/wp\/v2\/types\/post"}],"author":[{"embeddable":true,"href":"https:\/\/www.laguiadepamplona.com\/actualidad\/wp-json\/wp\/v2\/users\/1"}],"replies":[{"embeddable":true,"href":"https:\/\/www.laguiadepamplona.com\/actualidad\/wp-json\/wp\/v2\/comments?post=24593"}],"version-history":[{"count":0,"href":"https:\/\/www.laguiadepamplona.com\/actualidad\/wp-json\/wp\/v2\/posts\/24593\/revisions"}],"wp:featuredmedia":[{"embeddable":true,"href":"https:\/\/www.laguiadepamplona.com\/actualidad\/wp-json\/wp\/v2\/media\/24595"}],"wp:attachment":[{"href":"https:\/\/www.laguiadepamplona.com\/actualidad\/wp-json\/wp\/v2\/media?parent=24593"}],"wp:term":[{"taxonomy":"category","embeddable":true,"href":"https:\/\/www.laguiadepamplona.com\/actualidad\/wp-json\/wp\/v2\/categories?post=24593"},{"taxonomy":"post_tag","embeddable":true,"href":"https:\/\/www.laguiadepamplona.com\/actualidad\/wp-json\/wp\/v2\/tags?post=24593"}],"curies":[{"name":"wp","href":"https:\/\/api.w.org\/{rel}","templated":true}]}}