{"id":24582,"date":"2019-09-23T12:13:25","date_gmt":"2019-09-23T10:13:25","guid":{"rendered":"https:\/\/www.laguiadepamplona.es\/actualidad\/?p=24582"},"modified":"2019-09-23T12:13:39","modified_gmt":"2019-09-23T10:13:39","slug":"aprobada-la-adjudicacion-del-contrato-de-iluminacion-navidena-que-decorara-las-calles-del-casco-antiguo-y-los-ensanches-del-29-de-noviembre-al-6-de-enero","status":"publish","type":"post","link":"https:\/\/www.laguiadepamplona.com\/actualidad\/aprobada-la-adjudicacion-del-contrato-de-iluminacion-navidena-que-decorara-las-calles-del-casco-antiguo-y-los-ensanches-del-29-de-noviembre-al-6-de-enero\/","title":{"rendered":"Aprobada la adjudicaci\u00f3n del contrato de iluminaci\u00f3n navide\u00f1a, que decorar\u00e1 las calles del Casco Antiguo y los Ensanches del 29 de noviembre al 6 de enero"},"content":{"rendered":"<p><!--more--><\/p>\n<h3>El colorido y el factor sorpresa en los motivos de la decoraci\u00f3n en las calles son los aspectos m\u00e1s destacados de la propuesta adjudicada<\/h3>\n<p>La Junta de Gobierno Local del Ayuntamiento de Pamplona ha aprobado la adjudicaci\u00f3n del contrato de suministro para la iluminaci\u00f3n y decoraci\u00f3n navide\u00f1a a la empresa Iluminaciones Xim\u00e9nez S.A., por un importe de 118.580 euros, un 2% por debajo del precio de licitaci\u00f3n que fue de 121.000 euros. Las luces navide\u00f1as se encender\u00e1n el 29 de noviembre y se apagar\u00e1n, tras las fiestas, el 6 de enero.<\/p>\n<p>La principal novedad de este contrato son los espacios destinados a la libre creaci\u00f3n para que las empresas pudieran proponer dise\u00f1os en lugares como la Plaza del Castillo, la Plaza Consistorial o la avenida de Carlos III y en edificios como la Casa Consistorial. Con este contrato se busca que la ciudad ofrezca una imagen global de la iluminaci\u00f3n navide\u00f1a, conjuntada y coordinada en las principales calles, plazas y zonas comerciales de la ciudad. Todas las luces son de tecnolog\u00eda LED. La propuesta ganadora destaca por su colorido y riqueza crom\u00e1tica y por jugar con el factor sorpresa en cada zona, con diferentes motivos navide\u00f1os.<\/p>\n<p><script async src=\"\/\/pagead2.googlesyndication.com\/pagead\/js\/adsbygoogle.js\"><\/script><br \/>\n<!-- Noticias La Guia de Pamplona --><br \/>\n<ins class=\"adsbygoogle\"\nstyle=\"display:block\"\ndata-ad-client=\"ca-pub-6943679897239327\"\ndata-ad-slot=\"7048180777\"\ndata-ad-format=\"auto\"><\/ins><br \/>\n<script>\n(adsbygoogle = window.adsbygoogle || []).push({});\n<\/script><\/p>\n<p>El contrato incluye la decoraci\u00f3n de las farolas de la avenida de Conde Oliveto, de la avenida del Ej\u00e9rcito, de la calle Yanguas y Miranda entre la plaza de la Paz y la plaza de los Fueros, y de la avenida de la Baja Navarra, desde la plaza de Pr\u00edncipe de Viana hasta el cruce con la calle Olite. Asimismo, se instalar\u00e1n 162 arcos en calles del Casco Antiguo y los Ensanches como Estafeta, San Nicol\u00e1s, San Gregorio, Zapater\u00eda, Mayor, Comedias, Pozoblanco, Chapitela, Mercaderes, Ma\u00f1ueta, Curia, Navarrer\u00eda, San Ant\u00f3n, Paulino Caballero, Amaya, Tafalla, Gorriti, Castillo de Maya, San Ferm\u00edn, Garc\u00eda Xim\u00e9nez, Tudela y el paseo de Sarasate. Habr\u00e1 tambi\u00e9n decoraci\u00f3n en el parque de la plaza de la Libertad, en las fuentes de las plazas de Pr\u00edncipe de Viana y Merindades, y se iluminar\u00e1 con estampas navide\u00f1as la fachada del Teatro Gayarre.<\/p>\n<p>La iluminaci\u00f3n navide\u00f1a se encender\u00e1 de 17.45 a 21.30 horas. Los viernes y s\u00e1bados las luces se apagar\u00e1n a medianoche y las v\u00edsperas de los d\u00edas navide\u00f1os, es decir 24 y 31 de diciembre y 5 de enero, el horario se mantendr\u00e1 hasta la 1.45 horas.<\/p>\n","protected":false},"excerpt":{"rendered":"","protected":false},"author":1,"featured_media":11124,"comment_status":"open","ping_status":"closed","sticky":false,"template":"","format":"standard","meta":{"footnotes":""},"categories":[2],"tags":[],"class_list":["post-24582","post","type-post","status-publish","format-standard","has-post-thumbnail","hentry","category-ayuntamiento-pamplona"],"yoast_head":"<!-- This site is optimized with the Yoast SEO plugin v27.3 - https:\/\/yoast.com\/product\/yoast-seo-wordpress\/ -->\n<title>Aprobada la adjudicaci\u00f3n del contrato de iluminaci\u00f3n navide\u00f1a, que decorar\u00e1 las calles del Casco Antiguo y los Ensanches del 29 de noviembre al 6 de enero<\/title>\n<meta name=\"robots\" content=\"index, follow, max-snippet:-1, max-image-preview:large, max-video-preview:-1\" \/>\n<link rel=\"canonical\" href=\"https:\/\/www.laguiadepamplona.com\/actualidad\/aprobada-la-adjudicacion-del-contrato-de-iluminacion-navidena-que-decorara-las-calles-del-casco-antiguo-y-los-ensanches-del-29-de-noviembre-al-6-de-enero\/\" \/>\n<meta property=\"og:locale\" content=\"es_ES\" \/>\n<meta property=\"og:type\" content=\"article\" \/>\n<meta property=\"og:title\" content=\"Aprobada la adjudicaci\u00f3n del contrato de iluminaci\u00f3n navide\u00f1a, que decorar\u00e1 las calles del Casco Antiguo y los Ensanches del 29 de noviembre al 6 de enero\" \/>\n<meta property=\"og:url\" content=\"https:\/\/www.laguiadepamplona.com\/actualidad\/aprobada-la-adjudicacion-del-contrato-de-iluminacion-navidena-que-decorara-las-calles-del-casco-antiguo-y-los-ensanches-del-29-de-noviembre-al-6-de-enero\/\" \/>\n<meta property=\"og:site_name\" content=\"La Gu\u00eda de Pamplona\" \/>\n<meta property=\"article:publisher\" content=\"https:\/\/www.facebook.com\/laguiadepamplonacom-133175176762273\/?ref=hl\" \/>\n<meta property=\"article:published_time\" content=\"2019-09-23T10:13:25+00:00\" \/>\n<meta property=\"article:modified_time\" content=\"2019-09-23T10:13:39+00:00\" \/>\n<meta property=\"og:image\" content=\"https:\/\/www.laguiadepamplona.com\/actualidad\/wp-content\/uploads\/2016\/12\/luces-navidad-pamplona.jpg\" \/>\n\t<meta property=\"og:image:width\" content=\"900\" \/>\n\t<meta property=\"og:image:height\" content=\"511\" \/>\n\t<meta property=\"og:image:type\" content=\"image\/jpeg\" \/>\n<meta name=\"author\" content=\"La Gu\u00eda de Pamplona\" \/>\n<meta name=\"twitter:card\" content=\"summary_large_image\" \/>\n<meta name=\"twitter:creator\" content=\"@LaGuiadPamplona\" \/>\n<meta name=\"twitter:site\" content=\"@LaGuiadPamplona\" \/>\n<meta name=\"twitter:label1\" content=\"Escrito por\" \/>\n\t<meta name=\"twitter:data1\" content=\"La Gu\u00eda de Pamplona\" \/>\n\t<meta name=\"twitter:label2\" content=\"Tiempo de lectura\" \/>\n\t<meta name=\"twitter:data2\" content=\"2 minutos\" \/>\n<script type=\"application\/ld+json\" class=\"yoast-schema-graph\">{\"@context\":\"https:\\\/\\\/schema.org\",\"@graph\":[{\"@type\":\"Article\",\"@id\":\"https:\\\/\\\/www.laguiadepamplona.com\\\/actualidad\\\/aprobada-la-adjudicacion-del-contrato-de-iluminacion-navidena-que-decorara-las-calles-del-casco-antiguo-y-los-ensanches-del-29-de-noviembre-al-6-de-enero\\\/#article\",\"isPartOf\":{\"@id\":\"https:\\\/\\\/www.laguiadepamplona.com\\\/actualidad\\\/aprobada-la-adjudicacion-del-contrato-de-iluminacion-navidena-que-decorara-las-calles-del-casco-antiguo-y-los-ensanches-del-29-de-noviembre-al-6-de-enero\\\/\"},\"author\":{\"name\":\"La Gu\u00eda de Pamplona\",\"@id\":\"https:\\\/\\\/www.laguiadepamplona.com\\\/actualidad\\\/#\\\/schema\\\/person\\\/efe887376f0213d4657c93adc50b1fdb\"},\"headline\":\"Aprobada la adjudicaci\u00f3n del contrato de iluminaci\u00f3n navide\u00f1a, que decorar\u00e1 las calles del Casco Antiguo y los Ensanches del 29 de noviembre al 6 de enero\",\"datePublished\":\"2019-09-23T10:13:25+00:00\",\"dateModified\":\"2019-09-23T10:13:39+00:00\",\"mainEntityOfPage\":{\"@id\":\"https:\\\/\\\/www.laguiadepamplona.com\\\/actualidad\\\/aprobada-la-adjudicacion-del-contrato-de-iluminacion-navidena-que-decorara-las-calles-del-casco-antiguo-y-los-ensanches-del-29-de-noviembre-al-6-de-enero\\\/\"},\"wordCount\":441,\"commentCount\":0,\"publisher\":{\"@id\":\"https:\\\/\\\/www.laguiadepamplona.com\\\/actualidad\\\/#organization\"},\"image\":{\"@id\":\"https:\\\/\\\/www.laguiadepamplona.com\\\/actualidad\\\/aprobada-la-adjudicacion-del-contrato-de-iluminacion-navidena-que-decorara-las-calles-del-casco-antiguo-y-los-ensanches-del-29-de-noviembre-al-6-de-enero\\\/#primaryimage\"},\"thumbnailUrl\":\"https:\\\/\\\/www.laguiadepamplona.com\\\/actualidad\\\/wp-content\\\/uploads\\\/2016\\\/12\\\/luces-navidad-pamplona.jpg\",\"articleSection\":[\"Ayto Pamplona\"],\"inLanguage\":\"es\",\"potentialAction\":[{\"@type\":\"CommentAction\",\"name\":\"Comment\",\"target\":[\"https:\\\/\\\/www.laguiadepamplona.com\\\/actualidad\\\/aprobada-la-adjudicacion-del-contrato-de-iluminacion-navidena-que-decorara-las-calles-del-casco-antiguo-y-los-ensanches-del-29-de-noviembre-al-6-de-enero\\\/#respond\"]}]},{\"@type\":\"WebPage\",\"@id\":\"https:\\\/\\\/www.laguiadepamplona.com\\\/actualidad\\\/aprobada-la-adjudicacion-del-contrato-de-iluminacion-navidena-que-decorara-las-calles-del-casco-antiguo-y-los-ensanches-del-29-de-noviembre-al-6-de-enero\\\/\",\"url\":\"https:\\\/\\\/www.laguiadepamplona.com\\\/actualidad\\\/aprobada-la-adjudicacion-del-contrato-de-iluminacion-navidena-que-decorara-las-calles-del-casco-antiguo-y-los-ensanches-del-29-de-noviembre-al-6-de-enero\\\/\",\"name\":\"Aprobada la adjudicaci\u00f3n del contrato de iluminaci\u00f3n navide\u00f1a, que decorar\u00e1 las calles del Casco Antiguo y los Ensanches del 29 de noviembre al 6 de enero\",\"isPartOf\":{\"@id\":\"https:\\\/\\\/www.laguiadepamplona.com\\\/actualidad\\\/#website\"},\"primaryImageOfPage\":{\"@id\":\"https:\\\/\\\/www.laguiadepamplona.com\\\/actualidad\\\/aprobada-la-adjudicacion-del-contrato-de-iluminacion-navidena-que-decorara-las-calles-del-casco-antiguo-y-los-ensanches-del-29-de-noviembre-al-6-de-enero\\\/#primaryimage\"},\"image\":{\"@id\":\"https:\\\/\\\/www.laguiadepamplona.com\\\/actualidad\\\/aprobada-la-adjudicacion-del-contrato-de-iluminacion-navidena-que-decorara-las-calles-del-casco-antiguo-y-los-ensanches-del-29-de-noviembre-al-6-de-enero\\\/#primaryimage\"},\"thumbnailUrl\":\"https:\\\/\\\/www.laguiadepamplona.com\\\/actualidad\\\/wp-content\\\/uploads\\\/2016\\\/12\\\/luces-navidad-pamplona.jpg\",\"datePublished\":\"2019-09-23T10:13:25+00:00\",\"dateModified\":\"2019-09-23T10:13:39+00:00\",\"breadcrumb\":{\"@id\":\"https:\\\/\\\/www.laguiadepamplona.com\\\/actualidad\\\/aprobada-la-adjudicacion-del-contrato-de-iluminacion-navidena-que-decorara-las-calles-del-casco-antiguo-y-los-ensanches-del-29-de-noviembre-al-6-de-enero\\\/#breadcrumb\"},\"inLanguage\":\"es\",\"potentialAction\":[{\"@type\":\"ReadAction\",\"target\":[\"https:\\\/\\\/www.laguiadepamplona.com\\\/actualidad\\\/aprobada-la-adjudicacion-del-contrato-de-iluminacion-navidena-que-decorara-las-calles-del-casco-antiguo-y-los-ensanches-del-29-de-noviembre-al-6-de-enero\\\/\"]}]},{\"@type\":\"ImageObject\",\"inLanguage\":\"es\",\"@id\":\"https:\\\/\\\/www.laguiadepamplona.com\\\/actualidad\\\/aprobada-la-adjudicacion-del-contrato-de-iluminacion-navidena-que-decorara-las-calles-del-casco-antiguo-y-los-ensanches-del-29-de-noviembre-al-6-de-enero\\\/#primaryimage\",\"url\":\"https:\\\/\\\/www.laguiadepamplona.com\\\/actualidad\\\/wp-content\\\/uploads\\\/2016\\\/12\\\/luces-navidad-pamplona.jpg\",\"contentUrl\":\"https:\\\/\\\/www.laguiadepamplona.com\\\/actualidad\\\/wp-content\\\/uploads\\\/2016\\\/12\\\/luces-navidad-pamplona.jpg\",\"width\":900,\"height\":511},{\"@type\":\"BreadcrumbList\",\"@id\":\"https:\\\/\\\/www.laguiadepamplona.com\\\/actualidad\\\/aprobada-la-adjudicacion-del-contrato-de-iluminacion-navidena-que-decorara-las-calles-del-casco-antiguo-y-los-ensanches-del-29-de-noviembre-al-6-de-enero\\\/#breadcrumb\",\"itemListElement\":[{\"@type\":\"ListItem\",\"position\":1,\"name\":\"Portada\",\"item\":\"https:\\\/\\\/www.laguiadepamplona.com\\\/actualidad\\\/\"},{\"@type\":\"ListItem\",\"position\":2,\"name\":\"Aprobada la adjudicaci\u00f3n del contrato de iluminaci\u00f3n navide\u00f1a, que decorar\u00e1 las calles del Casco Antiguo y los Ensanches del 29 de noviembre al 6 de enero\"}]},{\"@type\":\"WebSite\",\"@id\":\"https:\\\/\\\/www.laguiadepamplona.com\\\/actualidad\\\/#website\",\"url\":\"https:\\\/\\\/www.laguiadepamplona.com\\\/actualidad\\\/\",\"name\":\"La gu\u00eda de Pamplona\",\"description\":\"Noticias de Pamplona\",\"publisher\":{\"@id\":\"https:\\\/\\\/www.laguiadepamplona.com\\\/actualidad\\\/#organization\"},\"potentialAction\":[{\"@type\":\"SearchAction\",\"target\":{\"@type\":\"EntryPoint\",\"urlTemplate\":\"https:\\\/\\\/www.laguiadepamplona.com\\\/actualidad\\\/?s={search_term_string}\"},\"query-input\":{\"@type\":\"PropertyValueSpecification\",\"valueRequired\":true,\"valueName\":\"search_term_string\"}}],\"inLanguage\":\"es\"},{\"@type\":\"Organization\",\"@id\":\"https:\\\/\\\/www.laguiadepamplona.com\\\/actualidad\\\/#organization\",\"name\":\"La Gu\u00eda de Pamplona \\\/ Noticias\",\"url\":\"https:\\\/\\\/www.laguiadepamplona.com\\\/actualidad\\\/\",\"logo\":{\"@type\":\"ImageObject\",\"inLanguage\":\"es\",\"@id\":\"https:\\\/\\\/www.laguiadepamplona.com\\\/actualidad\\\/#\\\/schema\\\/logo\\\/image\\\/\",\"url\":\"https:\\\/\\\/www.laguiadepamplona.com\\\/actualidad\\\/wp-content\\\/uploads\\\/2018\\\/11\\\/logo-laguiadepamplona18-web1.png\",\"contentUrl\":\"https:\\\/\\\/www.laguiadepamplona.com\\\/actualidad\\\/wp-content\\\/uploads\\\/2018\\\/11\\\/logo-laguiadepamplona18-web1.png\",\"width\":600,\"height\":196,\"caption\":\"La Gu\u00eda de Pamplona \\\/ Noticias\"},\"image\":{\"@id\":\"https:\\\/\\\/www.laguiadepamplona.com\\\/actualidad\\\/#\\\/schema\\\/logo\\\/image\\\/\"},\"sameAs\":[\"https:\\\/\\\/www.facebook.com\\\/laguiadepamplonacom-133175176762273\\\/?ref=hl\",\"https:\\\/\\\/x.com\\\/LaGuiadPamplona\",\"https:\\\/\\\/www.instagram.com\\\/la_guia_de_pamplona\\\/\",\"https:\\\/\\\/www.youtube.com\\\/user\\\/laguiadepamplona\"]},{\"@type\":\"Person\",\"@id\":\"https:\\\/\\\/www.laguiadepamplona.com\\\/actualidad\\\/#\\\/schema\\\/person\\\/efe887376f0213d4657c93adc50b1fdb\",\"name\":\"La Gu\u00eda de Pamplona\",\"image\":{\"@type\":\"ImageObject\",\"inLanguage\":\"es\",\"@id\":\"https:\\\/\\\/secure.gravatar.com\\\/avatar\\\/b6992f131dc8d30ab0dff15446e9d346d9dbd95992de0fef795073f5ea83a81c?s=96&d=mm&r=g\",\"url\":\"https:\\\/\\\/secure.gravatar.com\\\/avatar\\\/b6992f131dc8d30ab0dff15446e9d346d9dbd95992de0fef795073f5ea83a81c?s=96&d=mm&r=g\",\"contentUrl\":\"https:\\\/\\\/secure.gravatar.com\\\/avatar\\\/b6992f131dc8d30ab0dff15446e9d346d9dbd95992de0fef795073f5ea83a81c?s=96&d=mm&r=g\",\"caption\":\"La Gu\u00eda de Pamplona\"}}]}<\/script>\n<!-- \/ Yoast SEO plugin. -->","yoast_head_json":{"title":"Aprobada la adjudicaci\u00f3n del contrato de iluminaci\u00f3n navide\u00f1a, que decorar\u00e1 las calles del Casco Antiguo y los Ensanches del 29 de noviembre al 6 de enero","robots":{"index":"index","follow":"follow","max-snippet":"max-snippet:-1","max-image-preview":"max-image-preview:large","max-video-preview":"max-video-preview:-1"},"canonical":"https:\/\/www.laguiadepamplona.com\/actualidad\/aprobada-la-adjudicacion-del-contrato-de-iluminacion-navidena-que-decorara-las-calles-del-casco-antiguo-y-los-ensanches-del-29-de-noviembre-al-6-de-enero\/","og_locale":"es_ES","og_type":"article","og_title":"Aprobada la adjudicaci\u00f3n del contrato de iluminaci\u00f3n navide\u00f1a, que decorar\u00e1 las calles del Casco Antiguo y los Ensanches del 29 de noviembre al 6 de enero","og_url":"https:\/\/www.laguiadepamplona.com\/actualidad\/aprobada-la-adjudicacion-del-contrato-de-iluminacion-navidena-que-decorara-las-calles-del-casco-antiguo-y-los-ensanches-del-29-de-noviembre-al-6-de-enero\/","og_site_name":"La Gu\u00eda de Pamplona","article_publisher":"https:\/\/www.facebook.com\/laguiadepamplonacom-133175176762273\/?ref=hl","article_published_time":"2019-09-23T10:13:25+00:00","article_modified_time":"2019-09-23T10:13:39+00:00","og_image":[{"width":900,"height":511,"url":"https:\/\/www.laguiadepamplona.com\/actualidad\/wp-content\/uploads\/2016\/12\/luces-navidad-pamplona.jpg","type":"image\/jpeg"}],"author":"La Gu\u00eda de Pamplona","twitter_card":"summary_large_image","twitter_creator":"@LaGuiadPamplona","twitter_site":"@LaGuiadPamplona","twitter_misc":{"Escrito por":"La Gu\u00eda de Pamplona","Tiempo de lectura":"2 minutos"},"schema":{"@context":"https:\/\/schema.org","@graph":[{"@type":"Article","@id":"https:\/\/www.laguiadepamplona.com\/actualidad\/aprobada-la-adjudicacion-del-contrato-de-iluminacion-navidena-que-decorara-las-calles-del-casco-antiguo-y-los-ensanches-del-29-de-noviembre-al-6-de-enero\/#article","isPartOf":{"@id":"https:\/\/www.laguiadepamplona.com\/actualidad\/aprobada-la-adjudicacion-del-contrato-de-iluminacion-navidena-que-decorara-las-calles-del-casco-antiguo-y-los-ensanches-del-29-de-noviembre-al-6-de-enero\/"},"author":{"name":"La Gu\u00eda de Pamplona","@id":"https:\/\/www.laguiadepamplona.com\/actualidad\/#\/schema\/person\/efe887376f0213d4657c93adc50b1fdb"},"headline":"Aprobada la adjudicaci\u00f3n del contrato de iluminaci\u00f3n navide\u00f1a, que decorar\u00e1 las calles del Casco Antiguo y los Ensanches del 29 de noviembre al 6 de enero","datePublished":"2019-09-23T10:13:25+00:00","dateModified":"2019-09-23T10:13:39+00:00","mainEntityOfPage":{"@id":"https:\/\/www.laguiadepamplona.com\/actualidad\/aprobada-la-adjudicacion-del-contrato-de-iluminacion-navidena-que-decorara-las-calles-del-casco-antiguo-y-los-ensanches-del-29-de-noviembre-al-6-de-enero\/"},"wordCount":441,"commentCount":0,"publisher":{"@id":"https:\/\/www.laguiadepamplona.com\/actualidad\/#organization"},"image":{"@id":"https:\/\/www.laguiadepamplona.com\/actualidad\/aprobada-la-adjudicacion-del-contrato-de-iluminacion-navidena-que-decorara-las-calles-del-casco-antiguo-y-los-ensanches-del-29-de-noviembre-al-6-de-enero\/#primaryimage"},"thumbnailUrl":"https:\/\/www.laguiadepamplona.com\/actualidad\/wp-content\/uploads\/2016\/12\/luces-navidad-pamplona.jpg","articleSection":["Ayto Pamplona"],"inLanguage":"es","potentialAction":[{"@type":"CommentAction","name":"Comment","target":["https:\/\/www.laguiadepamplona.com\/actualidad\/aprobada-la-adjudicacion-del-contrato-de-iluminacion-navidena-que-decorara-las-calles-del-casco-antiguo-y-los-ensanches-del-29-de-noviembre-al-6-de-enero\/#respond"]}]},{"@type":"WebPage","@id":"https:\/\/www.laguiadepamplona.com\/actualidad\/aprobada-la-adjudicacion-del-contrato-de-iluminacion-navidena-que-decorara-las-calles-del-casco-antiguo-y-los-ensanches-del-29-de-noviembre-al-6-de-enero\/","url":"https:\/\/www.laguiadepamplona.com\/actualidad\/aprobada-la-adjudicacion-del-contrato-de-iluminacion-navidena-que-decorara-las-calles-del-casco-antiguo-y-los-ensanches-del-29-de-noviembre-al-6-de-enero\/","name":"Aprobada la adjudicaci\u00f3n del contrato de iluminaci\u00f3n navide\u00f1a, que decorar\u00e1 las calles del Casco Antiguo y los Ensanches del 29 de noviembre al 6 de enero","isPartOf":{"@id":"https:\/\/www.laguiadepamplona.com\/actualidad\/#website"},"primaryImageOfPage":{"@id":"https:\/\/www.laguiadepamplona.com\/actualidad\/aprobada-la-adjudicacion-del-contrato-de-iluminacion-navidena-que-decorara-las-calles-del-casco-antiguo-y-los-ensanches-del-29-de-noviembre-al-6-de-enero\/#primaryimage"},"image":{"@id":"https:\/\/www.laguiadepamplona.com\/actualidad\/aprobada-la-adjudicacion-del-contrato-de-iluminacion-navidena-que-decorara-las-calles-del-casco-antiguo-y-los-ensanches-del-29-de-noviembre-al-6-de-enero\/#primaryimage"},"thumbnailUrl":"https:\/\/www.laguiadepamplona.com\/actualidad\/wp-content\/uploads\/2016\/12\/luces-navidad-pamplona.jpg","datePublished":"2019-09-23T10:13:25+00:00","dateModified":"2019-09-23T10:13:39+00:00","breadcrumb":{"@id":"https:\/\/www.laguiadepamplona.com\/actualidad\/aprobada-la-adjudicacion-del-contrato-de-iluminacion-navidena-que-decorara-las-calles-del-casco-antiguo-y-los-ensanches-del-29-de-noviembre-al-6-de-enero\/#breadcrumb"},"inLanguage":"es","potentialAction":[{"@type":"ReadAction","target":["https:\/\/www.laguiadepamplona.com\/actualidad\/aprobada-la-adjudicacion-del-contrato-de-iluminacion-navidena-que-decorara-las-calles-del-casco-antiguo-y-los-ensanches-del-29-de-noviembre-al-6-de-enero\/"]}]},{"@type":"ImageObject","inLanguage":"es","@id":"https:\/\/www.laguiadepamplona.com\/actualidad\/aprobada-la-adjudicacion-del-contrato-de-iluminacion-navidena-que-decorara-las-calles-del-casco-antiguo-y-los-ensanches-del-29-de-noviembre-al-6-de-enero\/#primaryimage","url":"https:\/\/www.laguiadepamplona.com\/actualidad\/wp-content\/uploads\/2016\/12\/luces-navidad-pamplona.jpg","contentUrl":"https:\/\/www.laguiadepamplona.com\/actualidad\/wp-content\/uploads\/2016\/12\/luces-navidad-pamplona.jpg","width":900,"height":511},{"@type":"BreadcrumbList","@id":"https:\/\/www.laguiadepamplona.com\/actualidad\/aprobada-la-adjudicacion-del-contrato-de-iluminacion-navidena-que-decorara-las-calles-del-casco-antiguo-y-los-ensanches-del-29-de-noviembre-al-6-de-enero\/#breadcrumb","itemListElement":[{"@type":"ListItem","position":1,"name":"Portada","item":"https:\/\/www.laguiadepamplona.com\/actualidad\/"},{"@type":"ListItem","position":2,"name":"Aprobada la adjudicaci\u00f3n del contrato de iluminaci\u00f3n navide\u00f1a, que decorar\u00e1 las calles del Casco Antiguo y los Ensanches del 29 de noviembre al 6 de enero"}]},{"@type":"WebSite","@id":"https:\/\/www.laguiadepamplona.com\/actualidad\/#website","url":"https:\/\/www.laguiadepamplona.com\/actualidad\/","name":"La gu\u00eda de Pamplona","description":"Noticias de Pamplona","publisher":{"@id":"https:\/\/www.laguiadepamplona.com\/actualidad\/#organization"},"potentialAction":[{"@type":"SearchAction","target":{"@type":"EntryPoint","urlTemplate":"https:\/\/www.laguiadepamplona.com\/actualidad\/?s={search_term_string}"},"query-input":{"@type":"PropertyValueSpecification","valueRequired":true,"valueName":"search_term_string"}}],"inLanguage":"es"},{"@type":"Organization","@id":"https:\/\/www.laguiadepamplona.com\/actualidad\/#organization","name":"La Gu\u00eda de Pamplona \/ Noticias","url":"https:\/\/www.laguiadepamplona.com\/actualidad\/","logo":{"@type":"ImageObject","inLanguage":"es","@id":"https:\/\/www.laguiadepamplona.com\/actualidad\/#\/schema\/logo\/image\/","url":"https:\/\/www.laguiadepamplona.com\/actualidad\/wp-content\/uploads\/2018\/11\/logo-laguiadepamplona18-web1.png","contentUrl":"https:\/\/www.laguiadepamplona.com\/actualidad\/wp-content\/uploads\/2018\/11\/logo-laguiadepamplona18-web1.png","width":600,"height":196,"caption":"La Gu\u00eda de Pamplona \/ Noticias"},"image":{"@id":"https:\/\/www.laguiadepamplona.com\/actualidad\/#\/schema\/logo\/image\/"},"sameAs":["https:\/\/www.facebook.com\/laguiadepamplonacom-133175176762273\/?ref=hl","https:\/\/x.com\/LaGuiadPamplona","https:\/\/www.instagram.com\/la_guia_de_pamplona\/","https:\/\/www.youtube.com\/user\/laguiadepamplona"]},{"@type":"Person","@id":"https:\/\/www.laguiadepamplona.com\/actualidad\/#\/schema\/person\/efe887376f0213d4657c93adc50b1fdb","name":"La Gu\u00eda de Pamplona","image":{"@type":"ImageObject","inLanguage":"es","@id":"https:\/\/secure.gravatar.com\/avatar\/b6992f131dc8d30ab0dff15446e9d346d9dbd95992de0fef795073f5ea83a81c?s=96&d=mm&r=g","url":"https:\/\/secure.gravatar.com\/avatar\/b6992f131dc8d30ab0dff15446e9d346d9dbd95992de0fef795073f5ea83a81c?s=96&d=mm&r=g","contentUrl":"https:\/\/secure.gravatar.com\/avatar\/b6992f131dc8d30ab0dff15446e9d346d9dbd95992de0fef795073f5ea83a81c?s=96&d=mm&r=g","caption":"La Gu\u00eda de Pamplona"}}]}},"post_mailing_queue_ids":[],"_links":{"self":[{"href":"https:\/\/www.laguiadepamplona.com\/actualidad\/wp-json\/wp\/v2\/posts\/24582","targetHints":{"allow":["GET"]}}],"collection":[{"href":"https:\/\/www.laguiadepamplona.com\/actualidad\/wp-json\/wp\/v2\/posts"}],"about":[{"href":"https:\/\/www.laguiadepamplona.com\/actualidad\/wp-json\/wp\/v2\/types\/post"}],"author":[{"embeddable":true,"href":"https:\/\/www.laguiadepamplona.com\/actualidad\/wp-json\/wp\/v2\/users\/1"}],"replies":[{"embeddable":true,"href":"https:\/\/www.laguiadepamplona.com\/actualidad\/wp-json\/wp\/v2\/comments?post=24582"}],"version-history":[{"count":0,"href":"https:\/\/www.laguiadepamplona.com\/actualidad\/wp-json\/wp\/v2\/posts\/24582\/revisions"}],"wp:featuredmedia":[{"embeddable":true,"href":"https:\/\/www.laguiadepamplona.com\/actualidad\/wp-json\/wp\/v2\/media\/11124"}],"wp:attachment":[{"href":"https:\/\/www.laguiadepamplona.com\/actualidad\/wp-json\/wp\/v2\/media?parent=24582"}],"wp:term":[{"taxonomy":"category","embeddable":true,"href":"https:\/\/www.laguiadepamplona.com\/actualidad\/wp-json\/wp\/v2\/categories?post=24582"},{"taxonomy":"post_tag","embeddable":true,"href":"https:\/\/www.laguiadepamplona.com\/actualidad\/wp-json\/wp\/v2\/tags?post=24582"}],"curies":[{"name":"wp","href":"https:\/\/api.w.org\/{rel}","templated":true}]}}