{"id":24573,"date":"2019-09-23T12:00:20","date_gmt":"2019-09-23T10:00:20","guid":{"rendered":"https:\/\/www.laguiadepamplona.es\/actualidad\/?p=24573"},"modified":"2019-09-23T12:00:40","modified_gmt":"2019-09-23T10:00:40","slug":"la-escuela-de-musica-joaquin-maya-convoca-pruebas-para-contratar-de-forma-temporal-profesores-de-violin-percusion-trompa-y-trompeta","status":"publish","type":"post","link":"https:\/\/www.laguiadepamplona.com\/actualidad\/la-escuela-de-musica-joaquin-maya-convoca-pruebas-para-contratar-de-forma-temporal-profesores-de-violin-percusion-trompa-y-trompeta\/","title":{"rendered":"La Escuela de M\u00fasica Joaqu\u00edn Maya convoca pruebas para contratar de forma temporal profesores de viol\u00edn, percusi\u00f3n, trompa y trompeta"},"content":{"rendered":"<p><!--more--><\/p>\n<h3>El plazo para la presentaci\u00f3n de instancias termina el pr\u00f3ximo lunes, d\u00eda 30, y habr\u00e1 que abonar una tasa de 11 euros para la inscripci\u00f3n<\/h3>\n<p>La Escuela de M\u00fasica Joaqu\u00edn Maya busca profesores de trompeta, trompa, viol\u00edn y percusi\u00f3n. Por eso, acaba de convocar un proceso para elaborar una relaci\u00f3n de personas disponibles para la contrataci\u00f3n temporal, en funci\u00f3n de las necesidades que vayan surgiendo en esta escuela de titularidad municipal. El plazo de inscripci\u00f3n finaliza el pr\u00f3ximo lunes, 30 de septiembre.<\/p>\n<p>Las personas interesadas en participar en estas pruebas deber\u00e1n acreditar la formaci\u00f3n correspondiente. Tendr\u00e1n que contar con el t\u00edtulo de Estudios Superiores en la especialidad a la que deseen concurrir o, en su caso, el t\u00edtulo de Grado Medio de esa especialidad si se obtuvo conforme al decreto 2618\/1966. Tambi\u00e9n podr\u00e1n presentarse a las pruebas aquellas personas que acrediten contar con una diplomatura o grado universitario, una ingenier\u00eda t\u00e9cnica, una arquitectura t\u00e9cnica o equivalente, y, adem\u00e1s, cuenten con el t\u00edtulo profesional de grado medio del instrumento al que quieran optar.<\/p>\n<p>La presentaci\u00f3n de la correspondiente instancia para poder acceder a la convocatoria deber\u00e1 hacerse en cualquiera de los registros del Ayuntamiento de Pamplona o por cualquier otro medio dispuesto por la ley. La instancia puede descargarse en la web municipal <a href=\"http:\/\/www.pamplona.es\" target=\"_blank\" rel=\"noopener noreferrer\">www.pamplona.es<\/a> o bien recogerse en las oficinas de Atenci\u00f3n Ciudadana. Junto a este documento, en el momento de la inscripci\u00f3n, habr\u00e1 que entregar una fotocopia del DNI y del t\u00edtulo de EGA de euskera, si lo tuvieran, para poder optar a las plazas con ese perfil ling\u00fc\u00edstico que puedan surgir, as\u00ed como el justificante del pago de las tasas de inscripci\u00f3n, que se han establecido en 11 euros.<\/p>\n<p><script async src=\"\/\/pagead2.googlesyndication.com\/pagead\/js\/adsbygoogle.js\"><\/script><br \/>\n<!-- Noticias La Guia de Pamplona --><br \/>\n<ins class=\"adsbygoogle\"\nstyle=\"display:block\"\ndata-ad-client=\"ca-pub-6943679897239327\"\ndata-ad-slot=\"7048180777\"\ndata-ad-format=\"auto\"><\/ins><br \/>\n<script>\n(adsbygoogle = window.adsbygoogle || []).push({});\n<\/script><\/p>\n<p><strong>Pruebas<\/strong><\/p>\n<p>En todas las especialidades, el tipo de prueba que los aspirantes deber\u00e1n superar es el mismo. El proceso selectivo incluir\u00e1 una prueba de interpretaci\u00f3n y otra prueba pr\u00e1ctica. En la primera, los candidatos tendr\u00e1n que interpretar una o m\u00e1s obras o movimientos de las mismas. Con este ejercicio, el jurado busca valorar aspectos como la precisi\u00f3n del texto, el sentimiento r\u00edtmico, los planos sonoros, la calidad del sonido, el control del instrumento, la interpretaci\u00f3n estil\u00edstica o la sensibilidad, entre otros. La duraci\u00f3n de la prueba ser\u00e1 de aproximadamente diez minutos y se valorar\u00e1 con un m\u00e1ximo de 15 puntos. Aquellas personas que no obtengan un m\u00ednimo de 8 puntos quedar\u00e1n eliminadas.<\/p>\n<p>La segunda ser\u00e1 una prueba de car\u00e1cter pr\u00e1ctico. En ella, los aspirantes deber\u00e1n impartir una clase a un alumno de cualquiera de los niveles ofrecidos en la Escuela. El objetivo con este ejercicio es valorar la comunicaci\u00f3n, la relaci\u00f3n con el alumno y la capacidad de adaptar recursos y estrategias tanto al alumno como a las dificultades de la obra que se vaya a interpretar.<\/p>\n<p>Al igual que en la prueba anterior, la duraci\u00f3n aproximada rondar\u00e1 los 10 minutos. En este caso, se calificar\u00e1 con un m\u00e1ximo de 35 puntos. Quienes no logren al menos 18 puntos quedar\u00e1n eliminados.<\/p>\n<p>Con los aspirantes que superen las pruebas se elaborar\u00e1n cuatro listas diferentes, una por cada especialidad, para la contrataci\u00f3n temporal, de forma que se puedan cubrirse con ellas las necesidades que vayan surgiendo dentro de la Escuela de M\u00fasica.<\/p>\n<p>La web municipal informar\u00e1 de las fechas de los ex\u00e1menes y los resultados de los mismos. Asimismo, una vez resuelta la convocatoria, publicar\u00e1 las listas, primero provisionales y luego definitivas de personas disponibles para la contrataci\u00f3n temporal.<\/p>\n<p>&nbsp;<\/p>\n<h3><span style=\"color: #ff0000;\">Convocatorias<\/span><\/h3>\n<ul>\n<li><strong>Requisitos:<\/strong> Tener el t\u00edtulo de Estudios Superiores en la especialidad (viol\u00edn, trompa, trompeta o percusi\u00f3n, respectivamente) o el t\u00edtulo acorde al decreto 2618\/1966. O bien, estar en posesi\u00f3n de una diplomatura, grado universitario, ingenier\u00eda t\u00e9cnica, arquitectura t\u00e9cnica o equivalente, junto con el t\u00edtulo profesional de grado medio en la especialidad de viol\u00edn, trompa, trompeta o percusi\u00f3n.<\/li>\n<li><strong>Tasa de inscripci\u00f3n:<\/strong> 11 euros.<\/li>\n<li><strong>Plazo de inscripci\u00f3n:<\/strong> Hasta el 30 de septiembre, incluido.<\/li>\n<li><strong>D\u00f3nde presentarlo:<\/strong> En cualquiera de los registros del Ayuntamiento de Pamplona y en los lugares establecidos por ley.<\/li>\n<\/ul>\n<p>&nbsp;<\/p>\n","protected":false},"excerpt":{"rendered":"","protected":false},"author":1,"featured_media":17440,"comment_status":"open","ping_status":"closed","sticky":false,"template":"","format":"standard","meta":{"footnotes":""},"categories":[2],"tags":[],"class_list":["post-24573","post","type-post","status-publish","format-standard","has-post-thumbnail","hentry","category-ayuntamiento-pamplona"],"yoast_head":"<!-- This site is optimized with the Yoast SEO plugin v27.3 - https:\/\/yoast.com\/product\/yoast-seo-wordpress\/ -->\n<title>La Escuela de M\u00fasica Joaqu\u00edn Maya convoca pruebas para contratar de forma temporal profesores de viol\u00edn, percusi\u00f3n, trompa y trompeta<\/title>\n<meta name=\"robots\" content=\"index, follow, max-snippet:-1, max-image-preview:large, max-video-preview:-1\" \/>\n<link rel=\"canonical\" href=\"https:\/\/www.laguiadepamplona.com\/actualidad\/la-escuela-de-musica-joaquin-maya-convoca-pruebas-para-contratar-de-forma-temporal-profesores-de-violin-percusion-trompa-y-trompeta\/\" \/>\n<meta property=\"og:locale\" content=\"es_ES\" \/>\n<meta property=\"og:type\" content=\"article\" \/>\n<meta property=\"og:title\" content=\"La Escuela de M\u00fasica Joaqu\u00edn Maya convoca pruebas para contratar de forma temporal profesores de viol\u00edn, percusi\u00f3n, trompa y trompeta\" \/>\n<meta property=\"og:url\" content=\"https:\/\/www.laguiadepamplona.com\/actualidad\/la-escuela-de-musica-joaquin-maya-convoca-pruebas-para-contratar-de-forma-temporal-profesores-de-violin-percusion-trompa-y-trompeta\/\" \/>\n<meta property=\"og:site_name\" content=\"La Gu\u00eda de Pamplona\" \/>\n<meta property=\"article:publisher\" content=\"https:\/\/www.facebook.com\/laguiadepamplonacom-133175176762273\/?ref=hl\" \/>\n<meta property=\"article:published_time\" content=\"2019-09-23T10:00:20+00:00\" \/>\n<meta property=\"article:modified_time\" content=\"2019-09-23T10:00:40+00:00\" \/>\n<meta property=\"og:image\" content=\"https:\/\/www.laguiadepamplona.com\/actualidad\/wp-content\/uploads\/2018\/05\/escuela-musica-joaquin-maya.jpg\" \/>\n\t<meta property=\"og:image:width\" content=\"1000\" \/>\n\t<meta property=\"og:image:height\" content=\"667\" \/>\n\t<meta property=\"og:image:type\" content=\"image\/jpeg\" \/>\n<meta name=\"author\" content=\"La Gu\u00eda de Pamplona\" \/>\n<meta name=\"twitter:card\" content=\"summary_large_image\" \/>\n<meta name=\"twitter:creator\" content=\"@LaGuiadPamplona\" \/>\n<meta name=\"twitter:site\" content=\"@LaGuiadPamplona\" \/>\n<meta name=\"twitter:label1\" content=\"Escrito por\" \/>\n\t<meta name=\"twitter:data1\" content=\"La Gu\u00eda de Pamplona\" \/>\n\t<meta name=\"twitter:label2\" content=\"Tiempo de lectura\" \/>\n\t<meta name=\"twitter:data2\" content=\"4 minutos\" \/>\n<script type=\"application\/ld+json\" class=\"yoast-schema-graph\">{\"@context\":\"https:\\\/\\\/schema.org\",\"@graph\":[{\"@type\":\"Article\",\"@id\":\"https:\\\/\\\/www.laguiadepamplona.com\\\/actualidad\\\/la-escuela-de-musica-joaquin-maya-convoca-pruebas-para-contratar-de-forma-temporal-profesores-de-violin-percusion-trompa-y-trompeta\\\/#article\",\"isPartOf\":{\"@id\":\"https:\\\/\\\/www.laguiadepamplona.com\\\/actualidad\\\/la-escuela-de-musica-joaquin-maya-convoca-pruebas-para-contratar-de-forma-temporal-profesores-de-violin-percusion-trompa-y-trompeta\\\/\"},\"author\":{\"name\":\"La Gu\u00eda de Pamplona\",\"@id\":\"https:\\\/\\\/www.laguiadepamplona.com\\\/actualidad\\\/#\\\/schema\\\/person\\\/efe887376f0213d4657c93adc50b1fdb\"},\"headline\":\"La Escuela de M\u00fasica Joaqu\u00edn Maya convoca pruebas para contratar de forma temporal profesores de viol\u00edn, percusi\u00f3n, trompa y trompeta\",\"datePublished\":\"2019-09-23T10:00:20+00:00\",\"dateModified\":\"2019-09-23T10:00:40+00:00\",\"mainEntityOfPage\":{\"@id\":\"https:\\\/\\\/www.laguiadepamplona.com\\\/actualidad\\\/la-escuela-de-musica-joaquin-maya-convoca-pruebas-para-contratar-de-forma-temporal-profesores-de-violin-percusion-trompa-y-trompeta\\\/\"},\"wordCount\":742,\"commentCount\":0,\"publisher\":{\"@id\":\"https:\\\/\\\/www.laguiadepamplona.com\\\/actualidad\\\/#organization\"},\"image\":{\"@id\":\"https:\\\/\\\/www.laguiadepamplona.com\\\/actualidad\\\/la-escuela-de-musica-joaquin-maya-convoca-pruebas-para-contratar-de-forma-temporal-profesores-de-violin-percusion-trompa-y-trompeta\\\/#primaryimage\"},\"thumbnailUrl\":\"https:\\\/\\\/www.laguiadepamplona.com\\\/actualidad\\\/wp-content\\\/uploads\\\/2018\\\/05\\\/escuela-musica-joaquin-maya.jpg\",\"articleSection\":[\"Ayto Pamplona\"],\"inLanguage\":\"es\",\"potentialAction\":[{\"@type\":\"CommentAction\",\"name\":\"Comment\",\"target\":[\"https:\\\/\\\/www.laguiadepamplona.com\\\/actualidad\\\/la-escuela-de-musica-joaquin-maya-convoca-pruebas-para-contratar-de-forma-temporal-profesores-de-violin-percusion-trompa-y-trompeta\\\/#respond\"]}]},{\"@type\":\"WebPage\",\"@id\":\"https:\\\/\\\/www.laguiadepamplona.com\\\/actualidad\\\/la-escuela-de-musica-joaquin-maya-convoca-pruebas-para-contratar-de-forma-temporal-profesores-de-violin-percusion-trompa-y-trompeta\\\/\",\"url\":\"https:\\\/\\\/www.laguiadepamplona.com\\\/actualidad\\\/la-escuela-de-musica-joaquin-maya-convoca-pruebas-para-contratar-de-forma-temporal-profesores-de-violin-percusion-trompa-y-trompeta\\\/\",\"name\":\"La Escuela de M\u00fasica Joaqu\u00edn Maya convoca pruebas para contratar de forma temporal profesores de viol\u00edn, percusi\u00f3n, trompa y trompeta\",\"isPartOf\":{\"@id\":\"https:\\\/\\\/www.laguiadepamplona.com\\\/actualidad\\\/#website\"},\"primaryImageOfPage\":{\"@id\":\"https:\\\/\\\/www.laguiadepamplona.com\\\/actualidad\\\/la-escuela-de-musica-joaquin-maya-convoca-pruebas-para-contratar-de-forma-temporal-profesores-de-violin-percusion-trompa-y-trompeta\\\/#primaryimage\"},\"image\":{\"@id\":\"https:\\\/\\\/www.laguiadepamplona.com\\\/actualidad\\\/la-escuela-de-musica-joaquin-maya-convoca-pruebas-para-contratar-de-forma-temporal-profesores-de-violin-percusion-trompa-y-trompeta\\\/#primaryimage\"},\"thumbnailUrl\":\"https:\\\/\\\/www.laguiadepamplona.com\\\/actualidad\\\/wp-content\\\/uploads\\\/2018\\\/05\\\/escuela-musica-joaquin-maya.jpg\",\"datePublished\":\"2019-09-23T10:00:20+00:00\",\"dateModified\":\"2019-09-23T10:00:40+00:00\",\"breadcrumb\":{\"@id\":\"https:\\\/\\\/www.laguiadepamplona.com\\\/actualidad\\\/la-escuela-de-musica-joaquin-maya-convoca-pruebas-para-contratar-de-forma-temporal-profesores-de-violin-percusion-trompa-y-trompeta\\\/#breadcrumb\"},\"inLanguage\":\"es\",\"potentialAction\":[{\"@type\":\"ReadAction\",\"target\":[\"https:\\\/\\\/www.laguiadepamplona.com\\\/actualidad\\\/la-escuela-de-musica-joaquin-maya-convoca-pruebas-para-contratar-de-forma-temporal-profesores-de-violin-percusion-trompa-y-trompeta\\\/\"]}]},{\"@type\":\"ImageObject\",\"inLanguage\":\"es\",\"@id\":\"https:\\\/\\\/www.laguiadepamplona.com\\\/actualidad\\\/la-escuela-de-musica-joaquin-maya-convoca-pruebas-para-contratar-de-forma-temporal-profesores-de-violin-percusion-trompa-y-trompeta\\\/#primaryimage\",\"url\":\"https:\\\/\\\/www.laguiadepamplona.com\\\/actualidad\\\/wp-content\\\/uploads\\\/2018\\\/05\\\/escuela-musica-joaquin-maya.jpg\",\"contentUrl\":\"https:\\\/\\\/www.laguiadepamplona.com\\\/actualidad\\\/wp-content\\\/uploads\\\/2018\\\/05\\\/escuela-musica-joaquin-maya.jpg\",\"width\":1000,\"height\":667},{\"@type\":\"BreadcrumbList\",\"@id\":\"https:\\\/\\\/www.laguiadepamplona.com\\\/actualidad\\\/la-escuela-de-musica-joaquin-maya-convoca-pruebas-para-contratar-de-forma-temporal-profesores-de-violin-percusion-trompa-y-trompeta\\\/#breadcrumb\",\"itemListElement\":[{\"@type\":\"ListItem\",\"position\":1,\"name\":\"Portada\",\"item\":\"https:\\\/\\\/www.laguiadepamplona.com\\\/actualidad\\\/\"},{\"@type\":\"ListItem\",\"position\":2,\"name\":\"La Escuela de M\u00fasica Joaqu\u00edn Maya convoca pruebas para contratar de forma temporal profesores de viol\u00edn, percusi\u00f3n, trompa y trompeta\"}]},{\"@type\":\"WebSite\",\"@id\":\"https:\\\/\\\/www.laguiadepamplona.com\\\/actualidad\\\/#website\",\"url\":\"https:\\\/\\\/www.laguiadepamplona.com\\\/actualidad\\\/\",\"name\":\"La gu\u00eda de Pamplona\",\"description\":\"Noticias de Pamplona\",\"publisher\":{\"@id\":\"https:\\\/\\\/www.laguiadepamplona.com\\\/actualidad\\\/#organization\"},\"potentialAction\":[{\"@type\":\"SearchAction\",\"target\":{\"@type\":\"EntryPoint\",\"urlTemplate\":\"https:\\\/\\\/www.laguiadepamplona.com\\\/actualidad\\\/?s={search_term_string}\"},\"query-input\":{\"@type\":\"PropertyValueSpecification\",\"valueRequired\":true,\"valueName\":\"search_term_string\"}}],\"inLanguage\":\"es\"},{\"@type\":\"Organization\",\"@id\":\"https:\\\/\\\/www.laguiadepamplona.com\\\/actualidad\\\/#organization\",\"name\":\"La Gu\u00eda de Pamplona \\\/ Noticias\",\"url\":\"https:\\\/\\\/www.laguiadepamplona.com\\\/actualidad\\\/\",\"logo\":{\"@type\":\"ImageObject\",\"inLanguage\":\"es\",\"@id\":\"https:\\\/\\\/www.laguiadepamplona.com\\\/actualidad\\\/#\\\/schema\\\/logo\\\/image\\\/\",\"url\":\"https:\\\/\\\/www.laguiadepamplona.com\\\/actualidad\\\/wp-content\\\/uploads\\\/2018\\\/11\\\/logo-laguiadepamplona18-web1.png\",\"contentUrl\":\"https:\\\/\\\/www.laguiadepamplona.com\\\/actualidad\\\/wp-content\\\/uploads\\\/2018\\\/11\\\/logo-laguiadepamplona18-web1.png\",\"width\":600,\"height\":196,\"caption\":\"La Gu\u00eda de Pamplona \\\/ Noticias\"},\"image\":{\"@id\":\"https:\\\/\\\/www.laguiadepamplona.com\\\/actualidad\\\/#\\\/schema\\\/logo\\\/image\\\/\"},\"sameAs\":[\"https:\\\/\\\/www.facebook.com\\\/laguiadepamplonacom-133175176762273\\\/?ref=hl\",\"https:\\\/\\\/x.com\\\/LaGuiadPamplona\",\"https:\\\/\\\/www.instagram.com\\\/la_guia_de_pamplona\\\/\",\"https:\\\/\\\/www.youtube.com\\\/user\\\/laguiadepamplona\"]},{\"@type\":\"Person\",\"@id\":\"https:\\\/\\\/www.laguiadepamplona.com\\\/actualidad\\\/#\\\/schema\\\/person\\\/efe887376f0213d4657c93adc50b1fdb\",\"name\":\"La Gu\u00eda de Pamplona\",\"image\":{\"@type\":\"ImageObject\",\"inLanguage\":\"es\",\"@id\":\"https:\\\/\\\/secure.gravatar.com\\\/avatar\\\/b6992f131dc8d30ab0dff15446e9d346d9dbd95992de0fef795073f5ea83a81c?s=96&d=mm&r=g\",\"url\":\"https:\\\/\\\/secure.gravatar.com\\\/avatar\\\/b6992f131dc8d30ab0dff15446e9d346d9dbd95992de0fef795073f5ea83a81c?s=96&d=mm&r=g\",\"contentUrl\":\"https:\\\/\\\/secure.gravatar.com\\\/avatar\\\/b6992f131dc8d30ab0dff15446e9d346d9dbd95992de0fef795073f5ea83a81c?s=96&d=mm&r=g\",\"caption\":\"La Gu\u00eda de Pamplona\"}}]}<\/script>\n<!-- \/ Yoast SEO plugin. -->","yoast_head_json":{"title":"La Escuela de M\u00fasica Joaqu\u00edn Maya convoca pruebas para contratar de forma temporal profesores de viol\u00edn, percusi\u00f3n, trompa y trompeta","robots":{"index":"index","follow":"follow","max-snippet":"max-snippet:-1","max-image-preview":"max-image-preview:large","max-video-preview":"max-video-preview:-1"},"canonical":"https:\/\/www.laguiadepamplona.com\/actualidad\/la-escuela-de-musica-joaquin-maya-convoca-pruebas-para-contratar-de-forma-temporal-profesores-de-violin-percusion-trompa-y-trompeta\/","og_locale":"es_ES","og_type":"article","og_title":"La Escuela de M\u00fasica Joaqu\u00edn Maya convoca pruebas para contratar de forma temporal profesores de viol\u00edn, percusi\u00f3n, trompa y trompeta","og_url":"https:\/\/www.laguiadepamplona.com\/actualidad\/la-escuela-de-musica-joaquin-maya-convoca-pruebas-para-contratar-de-forma-temporal-profesores-de-violin-percusion-trompa-y-trompeta\/","og_site_name":"La Gu\u00eda de Pamplona","article_publisher":"https:\/\/www.facebook.com\/laguiadepamplonacom-133175176762273\/?ref=hl","article_published_time":"2019-09-23T10:00:20+00:00","article_modified_time":"2019-09-23T10:00:40+00:00","og_image":[{"width":1000,"height":667,"url":"https:\/\/www.laguiadepamplona.com\/actualidad\/wp-content\/uploads\/2018\/05\/escuela-musica-joaquin-maya.jpg","type":"image\/jpeg"}],"author":"La Gu\u00eda de Pamplona","twitter_card":"summary_large_image","twitter_creator":"@LaGuiadPamplona","twitter_site":"@LaGuiadPamplona","twitter_misc":{"Escrito por":"La Gu\u00eda de Pamplona","Tiempo de lectura":"4 minutos"},"schema":{"@context":"https:\/\/schema.org","@graph":[{"@type":"Article","@id":"https:\/\/www.laguiadepamplona.com\/actualidad\/la-escuela-de-musica-joaquin-maya-convoca-pruebas-para-contratar-de-forma-temporal-profesores-de-violin-percusion-trompa-y-trompeta\/#article","isPartOf":{"@id":"https:\/\/www.laguiadepamplona.com\/actualidad\/la-escuela-de-musica-joaquin-maya-convoca-pruebas-para-contratar-de-forma-temporal-profesores-de-violin-percusion-trompa-y-trompeta\/"},"author":{"name":"La Gu\u00eda de Pamplona","@id":"https:\/\/www.laguiadepamplona.com\/actualidad\/#\/schema\/person\/efe887376f0213d4657c93adc50b1fdb"},"headline":"La Escuela de M\u00fasica Joaqu\u00edn Maya convoca pruebas para contratar de forma temporal profesores de viol\u00edn, percusi\u00f3n, trompa y trompeta","datePublished":"2019-09-23T10:00:20+00:00","dateModified":"2019-09-23T10:00:40+00:00","mainEntityOfPage":{"@id":"https:\/\/www.laguiadepamplona.com\/actualidad\/la-escuela-de-musica-joaquin-maya-convoca-pruebas-para-contratar-de-forma-temporal-profesores-de-violin-percusion-trompa-y-trompeta\/"},"wordCount":742,"commentCount":0,"publisher":{"@id":"https:\/\/www.laguiadepamplona.com\/actualidad\/#organization"},"image":{"@id":"https:\/\/www.laguiadepamplona.com\/actualidad\/la-escuela-de-musica-joaquin-maya-convoca-pruebas-para-contratar-de-forma-temporal-profesores-de-violin-percusion-trompa-y-trompeta\/#primaryimage"},"thumbnailUrl":"https:\/\/www.laguiadepamplona.com\/actualidad\/wp-content\/uploads\/2018\/05\/escuela-musica-joaquin-maya.jpg","articleSection":["Ayto Pamplona"],"inLanguage":"es","potentialAction":[{"@type":"CommentAction","name":"Comment","target":["https:\/\/www.laguiadepamplona.com\/actualidad\/la-escuela-de-musica-joaquin-maya-convoca-pruebas-para-contratar-de-forma-temporal-profesores-de-violin-percusion-trompa-y-trompeta\/#respond"]}]},{"@type":"WebPage","@id":"https:\/\/www.laguiadepamplona.com\/actualidad\/la-escuela-de-musica-joaquin-maya-convoca-pruebas-para-contratar-de-forma-temporal-profesores-de-violin-percusion-trompa-y-trompeta\/","url":"https:\/\/www.laguiadepamplona.com\/actualidad\/la-escuela-de-musica-joaquin-maya-convoca-pruebas-para-contratar-de-forma-temporal-profesores-de-violin-percusion-trompa-y-trompeta\/","name":"La Escuela de M\u00fasica Joaqu\u00edn Maya convoca pruebas para contratar de forma temporal profesores de viol\u00edn, percusi\u00f3n, trompa y trompeta","isPartOf":{"@id":"https:\/\/www.laguiadepamplona.com\/actualidad\/#website"},"primaryImageOfPage":{"@id":"https:\/\/www.laguiadepamplona.com\/actualidad\/la-escuela-de-musica-joaquin-maya-convoca-pruebas-para-contratar-de-forma-temporal-profesores-de-violin-percusion-trompa-y-trompeta\/#primaryimage"},"image":{"@id":"https:\/\/www.laguiadepamplona.com\/actualidad\/la-escuela-de-musica-joaquin-maya-convoca-pruebas-para-contratar-de-forma-temporal-profesores-de-violin-percusion-trompa-y-trompeta\/#primaryimage"},"thumbnailUrl":"https:\/\/www.laguiadepamplona.com\/actualidad\/wp-content\/uploads\/2018\/05\/escuela-musica-joaquin-maya.jpg","datePublished":"2019-09-23T10:00:20+00:00","dateModified":"2019-09-23T10:00:40+00:00","breadcrumb":{"@id":"https:\/\/www.laguiadepamplona.com\/actualidad\/la-escuela-de-musica-joaquin-maya-convoca-pruebas-para-contratar-de-forma-temporal-profesores-de-violin-percusion-trompa-y-trompeta\/#breadcrumb"},"inLanguage":"es","potentialAction":[{"@type":"ReadAction","target":["https:\/\/www.laguiadepamplona.com\/actualidad\/la-escuela-de-musica-joaquin-maya-convoca-pruebas-para-contratar-de-forma-temporal-profesores-de-violin-percusion-trompa-y-trompeta\/"]}]},{"@type":"ImageObject","inLanguage":"es","@id":"https:\/\/www.laguiadepamplona.com\/actualidad\/la-escuela-de-musica-joaquin-maya-convoca-pruebas-para-contratar-de-forma-temporal-profesores-de-violin-percusion-trompa-y-trompeta\/#primaryimage","url":"https:\/\/www.laguiadepamplona.com\/actualidad\/wp-content\/uploads\/2018\/05\/escuela-musica-joaquin-maya.jpg","contentUrl":"https:\/\/www.laguiadepamplona.com\/actualidad\/wp-content\/uploads\/2018\/05\/escuela-musica-joaquin-maya.jpg","width":1000,"height":667},{"@type":"BreadcrumbList","@id":"https:\/\/www.laguiadepamplona.com\/actualidad\/la-escuela-de-musica-joaquin-maya-convoca-pruebas-para-contratar-de-forma-temporal-profesores-de-violin-percusion-trompa-y-trompeta\/#breadcrumb","itemListElement":[{"@type":"ListItem","position":1,"name":"Portada","item":"https:\/\/www.laguiadepamplona.com\/actualidad\/"},{"@type":"ListItem","position":2,"name":"La Escuela de M\u00fasica Joaqu\u00edn Maya convoca pruebas para contratar de forma temporal profesores de viol\u00edn, percusi\u00f3n, trompa y trompeta"}]},{"@type":"WebSite","@id":"https:\/\/www.laguiadepamplona.com\/actualidad\/#website","url":"https:\/\/www.laguiadepamplona.com\/actualidad\/","name":"La gu\u00eda de Pamplona","description":"Noticias de Pamplona","publisher":{"@id":"https:\/\/www.laguiadepamplona.com\/actualidad\/#organization"},"potentialAction":[{"@type":"SearchAction","target":{"@type":"EntryPoint","urlTemplate":"https:\/\/www.laguiadepamplona.com\/actualidad\/?s={search_term_string}"},"query-input":{"@type":"PropertyValueSpecification","valueRequired":true,"valueName":"search_term_string"}}],"inLanguage":"es"},{"@type":"Organization","@id":"https:\/\/www.laguiadepamplona.com\/actualidad\/#organization","name":"La Gu\u00eda de Pamplona \/ Noticias","url":"https:\/\/www.laguiadepamplona.com\/actualidad\/","logo":{"@type":"ImageObject","inLanguage":"es","@id":"https:\/\/www.laguiadepamplona.com\/actualidad\/#\/schema\/logo\/image\/","url":"https:\/\/www.laguiadepamplona.com\/actualidad\/wp-content\/uploads\/2018\/11\/logo-laguiadepamplona18-web1.png","contentUrl":"https:\/\/www.laguiadepamplona.com\/actualidad\/wp-content\/uploads\/2018\/11\/logo-laguiadepamplona18-web1.png","width":600,"height":196,"caption":"La Gu\u00eda de Pamplona \/ Noticias"},"image":{"@id":"https:\/\/www.laguiadepamplona.com\/actualidad\/#\/schema\/logo\/image\/"},"sameAs":["https:\/\/www.facebook.com\/laguiadepamplonacom-133175176762273\/?ref=hl","https:\/\/x.com\/LaGuiadPamplona","https:\/\/www.instagram.com\/la_guia_de_pamplona\/","https:\/\/www.youtube.com\/user\/laguiadepamplona"]},{"@type":"Person","@id":"https:\/\/www.laguiadepamplona.com\/actualidad\/#\/schema\/person\/efe887376f0213d4657c93adc50b1fdb","name":"La Gu\u00eda de Pamplona","image":{"@type":"ImageObject","inLanguage":"es","@id":"https:\/\/secure.gravatar.com\/avatar\/b6992f131dc8d30ab0dff15446e9d346d9dbd95992de0fef795073f5ea83a81c?s=96&d=mm&r=g","url":"https:\/\/secure.gravatar.com\/avatar\/b6992f131dc8d30ab0dff15446e9d346d9dbd95992de0fef795073f5ea83a81c?s=96&d=mm&r=g","contentUrl":"https:\/\/secure.gravatar.com\/avatar\/b6992f131dc8d30ab0dff15446e9d346d9dbd95992de0fef795073f5ea83a81c?s=96&d=mm&r=g","caption":"La Gu\u00eda de Pamplona"}}]}},"post_mailing_queue_ids":[],"_links":{"self":[{"href":"https:\/\/www.laguiadepamplona.com\/actualidad\/wp-json\/wp\/v2\/posts\/24573","targetHints":{"allow":["GET"]}}],"collection":[{"href":"https:\/\/www.laguiadepamplona.com\/actualidad\/wp-json\/wp\/v2\/posts"}],"about":[{"href":"https:\/\/www.laguiadepamplona.com\/actualidad\/wp-json\/wp\/v2\/types\/post"}],"author":[{"embeddable":true,"href":"https:\/\/www.laguiadepamplona.com\/actualidad\/wp-json\/wp\/v2\/users\/1"}],"replies":[{"embeddable":true,"href":"https:\/\/www.laguiadepamplona.com\/actualidad\/wp-json\/wp\/v2\/comments?post=24573"}],"version-history":[{"count":0,"href":"https:\/\/www.laguiadepamplona.com\/actualidad\/wp-json\/wp\/v2\/posts\/24573\/revisions"}],"wp:featuredmedia":[{"embeddable":true,"href":"https:\/\/www.laguiadepamplona.com\/actualidad\/wp-json\/wp\/v2\/media\/17440"}],"wp:attachment":[{"href":"https:\/\/www.laguiadepamplona.com\/actualidad\/wp-json\/wp\/v2\/media?parent=24573"}],"wp:term":[{"taxonomy":"category","embeddable":true,"href":"https:\/\/www.laguiadepamplona.com\/actualidad\/wp-json\/wp\/v2\/categories?post=24573"},{"taxonomy":"post_tag","embeddable":true,"href":"https:\/\/www.laguiadepamplona.com\/actualidad\/wp-json\/wp\/v2\/tags?post=24573"}],"curies":[{"name":"wp","href":"https:\/\/api.w.org\/{rel}","templated":true}]}}