{"id":24564,"date":"2019-09-23T11:57:19","date_gmt":"2019-09-23T09:57:19","guid":{"rendered":"https:\/\/www.laguiadepamplona.es\/actualidad\/?p=24564"},"modified":"2019-09-23T11:57:19","modified_gmt":"2019-09-23T09:57:19","slug":"el-ayuntamiento-instalara-una-cubierta-fotovoltaica-de-paneles-solares-en-el-edificio-de-la-policia-municipal-que-dotara-al-inmueble-de-energia-para-el-autoconsumo","status":"publish","type":"post","link":"https:\/\/www.laguiadepamplona.com\/actualidad\/el-ayuntamiento-instalara-una-cubierta-fotovoltaica-de-paneles-solares-en-el-edificio-de-la-policia-municipal-que-dotara-al-inmueble-de-energia-para-el-autoconsumo\/","title":{"rendered":"El Ayuntamiento instalar\u00e1 una cubierta fotovoltaica de paneles solares en el edificio de la Polic\u00eda Municipal que dotar\u00e1 al inmueble de energ\u00eda para el autoconsumo"},"content":{"rendered":"<p><!--more--><\/p>\n<h3>La Junta de Gobierno Local ha adjudicado el contrato, incluido en el programa europeo Stardust, por 197.169 euros<\/h3>\n<p>El Ayuntamiento de Pamplona instalar\u00e1 una cubierta fotovoltaica de \u00faltima generaci\u00f3n en el edificio de la Polic\u00eda Municipal, situado en la calle Monasterio de Irache, con la se que dotar\u00e1 al inmueble de energ\u00eda el\u00e9ctrica para autoconsumo. Se trata de una cubierta modular completa de madera con altas prestaciones energ\u00e9ticas que integra m\u00f3dulos fotovoltaicos de \u00faltima generaci\u00f3n. Se trata de un sistema \u20182 en 1\u2019 (cubierta m\u00e1s instalaci\u00f3n fotovoltaica) conectado a la red interior del edificio. La cubierta ir\u00e1 apoyada y fijada sobre la cubierta actual con lo que servir\u00e1 de complemento de impermeabilizaci\u00f3n y mejora del aislamiento t\u00e9rmico. Esta actuaci\u00f3n forma parte del proyecto europeo Horizon 2020 denominado Stardust, del que es socio el Consistorio pamplon\u00e9s.<\/p>\n<p>La Junta de Gobierno Local celebrada hoy ha aprobado la adjudicaci\u00f3n del contrato para realizar esta obra a favor de Construcciones Leache, S.L., con una inversi\u00f3n total de 197.169 euros. Esta cantidad supone una rebaja del 1% sobre el precio de licitaci\u00f3n que era de 199.160 euros. Otras de las mejoras son la reducci\u00f3n del plazo de ejecuci\u00f3n de 84 d\u00edas en 4, el compromiso de subcontratar alguno de los trabajos con una empresa de inserci\u00f3n o un centro especial de empleo y que el 60% de la madera utilizada sea procedente de bosques sostenibles.<\/p>\n<p><script async src=\"\/\/pagead2.googlesyndication.com\/pagead\/js\/adsbygoogle.js\"><\/script><br \/>\n<!-- Noticias La Guia de Pamplona --><br \/>\n<ins class=\"adsbygoogle\"\nstyle=\"display:block\"\ndata-ad-client=\"ca-pub-6943679897239327\"\ndata-ad-slot=\"7048180777\"\ndata-ad-format=\"auto\"><\/ins><br \/>\n<script>\n(adsbygoogle = window.adsbygoogle || []).push({});\n<\/script><\/p>\n<p><strong>266 paneles solares para la sexta instalaci\u00f3n fotovoltaica municipal de autoconsumo<\/strong><\/p>\n<p>El tramo de la cubierta objeto de la reforma es el correspondiente al ala norte del edificio, con fachada exterior a la calle doctor L\u00f3pez-Sanz. La instalaci\u00f3n fotovoltaica comprende un total de 266 paneles solares, dispuestos en 38 filas de 7 m\u00f3dulos. As\u00ed, la potencia total de la instalaci\u00f3n ser\u00e1 de 76 kWp que aportar\u00e1n energ\u00eda el\u00e9ctrica para autoconsumo, y formar\u00e1 parte de la micro-red que incluye la colocaci\u00f3n de bater\u00edas de almacenamiento, puntos de carga de veh\u00edculos el\u00e9ctricos municipales y equipo de regulaci\u00f3n conectado a la red el\u00e9ctrica del edificio, dentro de las actuaciones del mismo proyecto Stardust.<\/p>\n<p>Es la sexta instalaci\u00f3n fotovoltaica municipal de autoconsumo desde las primeras realizadas en 2018, adem\u00e1s de otras 24 de venta de energ\u00eda el\u00e9ctrica. La cubierta fotovoltaica tiene una superficie de unos 900m<sup>2<\/sup>, con una producci\u00f3n estimada de 95 MWh por a\u00f1o, lo que representa entre 10 y 15% de los consumos del edificio.<\/p>\n<p><script async src=\"\/\/pagead2.googlesyndication.com\/pagead\/js\/adsbygoogle.js\"><\/script><br \/>\n<!-- Noticias La Guia de Pamplona --><br \/>\n<ins class=\"adsbygoogle\"\nstyle=\"display:block\"\ndata-ad-client=\"ca-pub-6943679897239327\"\ndata-ad-slot=\"7048180777\"\ndata-ad-format=\"auto\"><\/ins><br \/>\n<script>\n(adsbygoogle = window.adsbygoogle || []).push({});\n<\/script><\/p>\n<p><strong>Aumentar la eficiencia energ\u00e9tica global<\/strong><\/p>\n<p>El proyecto europeo Horizon 2020 denominado Stardust tiene como objetivo principal aumentar la eficiencia energ\u00e9tica global y mejorar la calidad de vida en las ciudades participantes, as\u00ed como el impulso de la econom\u00eda local y de nuevos modelos de negocio. La forma de conseguirlo es la integraci\u00f3n de los sectores de la edificaci\u00f3n, la energ\u00eda y la movilidad el\u00e9ctrica mediante la utilizaci\u00f3n de las m\u00e1s avanzadas tecnolog\u00edas de la informaci\u00f3n, comunicaci\u00f3n, y conectividad.<\/p>\n<p>Las actuaciones del proyecto se reparten en 3 principales categor\u00edas: proyectos pilotos innovadores en el campo de la energ\u00eda, la edificaci\u00f3n y la movilidad; desarrollos inform\u00e1ticos e inteligentes (o \u201csmart\u201d); y generaci\u00f3n de empleo y actividad econ\u00f3mica. Con respecto a la Energ\u00eda, el Servicio de Energ\u00eda Verde del \u00c1rea de Ecolog\u00eda Urbana y Movilidad es el encargado de coordinar, gestionar y desarrollar el proyecto de instalaci\u00f3n fotovoltaica innovadora \u201cplug &amp; play\u201d.<\/p>\n","protected":false},"excerpt":{"rendered":"","protected":false},"author":1,"featured_media":21939,"comment_status":"open","ping_status":"closed","sticky":false,"template":"","format":"standard","meta":{"footnotes":""},"categories":[2],"tags":[],"class_list":["post-24564","post","type-post","status-publish","format-standard","has-post-thumbnail","hentry","category-ayuntamiento-pamplona"],"yoast_head":"<!-- This site is optimized with the Yoast SEO plugin v27.3 - https:\/\/yoast.com\/product\/yoast-seo-wordpress\/ -->\n<title>El Ayuntamiento instalar\u00e1 una cubierta fotovoltaica de paneles solares en el edificio de la Polic\u00eda Municipal que dotar\u00e1 al inmueble de energ\u00eda para el autoconsumo<\/title>\n<meta name=\"robots\" content=\"index, follow, max-snippet:-1, max-image-preview:large, max-video-preview:-1\" \/>\n<link rel=\"canonical\" href=\"https:\/\/www.laguiadepamplona.com\/actualidad\/el-ayuntamiento-instalara-una-cubierta-fotovoltaica-de-paneles-solares-en-el-edificio-de-la-policia-municipal-que-dotara-al-inmueble-de-energia-para-el-autoconsumo\/\" \/>\n<meta property=\"og:locale\" content=\"es_ES\" \/>\n<meta property=\"og:type\" content=\"article\" \/>\n<meta property=\"og:title\" content=\"El Ayuntamiento instalar\u00e1 una cubierta fotovoltaica de paneles solares en el edificio de la Polic\u00eda Municipal que dotar\u00e1 al inmueble de energ\u00eda para el autoconsumo\" \/>\n<meta property=\"og:url\" content=\"https:\/\/www.laguiadepamplona.com\/actualidad\/el-ayuntamiento-instalara-una-cubierta-fotovoltaica-de-paneles-solares-en-el-edificio-de-la-policia-municipal-que-dotara-al-inmueble-de-energia-para-el-autoconsumo\/\" \/>\n<meta property=\"og:site_name\" content=\"La Gu\u00eda de Pamplona\" \/>\n<meta property=\"article:publisher\" content=\"https:\/\/www.facebook.com\/laguiadepamplonacom-133175176762273\/?ref=hl\" \/>\n<meta property=\"article:published_time\" content=\"2019-09-23T09:57:19+00:00\" \/>\n<meta property=\"og:image\" content=\"https:\/\/www.laguiadepamplona.com\/actualidad\/wp-content\/uploads\/2019\/05\/ayuntamiento-pamplona-laguiadepamplona.jpg\" \/>\n\t<meta property=\"og:image:width\" content=\"1920\" \/>\n\t<meta property=\"og:image:height\" content=\"1100\" \/>\n\t<meta property=\"og:image:type\" content=\"image\/jpeg\" \/>\n<meta name=\"author\" content=\"La Gu\u00eda de Pamplona\" \/>\n<meta name=\"twitter:card\" content=\"summary_large_image\" \/>\n<meta name=\"twitter:creator\" content=\"@LaGuiadPamplona\" \/>\n<meta name=\"twitter:site\" content=\"@LaGuiadPamplona\" \/>\n<meta name=\"twitter:label1\" content=\"Escrito por\" \/>\n\t<meta name=\"twitter:data1\" content=\"La Gu\u00eda de Pamplona\" \/>\n\t<meta name=\"twitter:label2\" content=\"Tiempo de lectura\" \/>\n\t<meta name=\"twitter:data2\" content=\"3 minutos\" \/>\n<script type=\"application\/ld+json\" class=\"yoast-schema-graph\">{\"@context\":\"https:\\\/\\\/schema.org\",\"@graph\":[{\"@type\":\"Article\",\"@id\":\"https:\\\/\\\/www.laguiadepamplona.com\\\/actualidad\\\/el-ayuntamiento-instalara-una-cubierta-fotovoltaica-de-paneles-solares-en-el-edificio-de-la-policia-municipal-que-dotara-al-inmueble-de-energia-para-el-autoconsumo\\\/#article\",\"isPartOf\":{\"@id\":\"https:\\\/\\\/www.laguiadepamplona.com\\\/actualidad\\\/el-ayuntamiento-instalara-una-cubierta-fotovoltaica-de-paneles-solares-en-el-edificio-de-la-policia-municipal-que-dotara-al-inmueble-de-energia-para-el-autoconsumo\\\/\"},\"author\":{\"name\":\"La Gu\u00eda de Pamplona\",\"@id\":\"https:\\\/\\\/www.laguiadepamplona.com\\\/actualidad\\\/#\\\/schema\\\/person\\\/efe887376f0213d4657c93adc50b1fdb\"},\"headline\":\"El Ayuntamiento instalar\u00e1 una cubierta fotovoltaica de paneles solares en el edificio de la Polic\u00eda Municipal que dotar\u00e1 al inmueble de energ\u00eda para el autoconsumo\",\"datePublished\":\"2019-09-23T09:57:19+00:00\",\"mainEntityOfPage\":{\"@id\":\"https:\\\/\\\/www.laguiadepamplona.com\\\/actualidad\\\/el-ayuntamiento-instalara-una-cubierta-fotovoltaica-de-paneles-solares-en-el-edificio-de-la-policia-municipal-que-dotara-al-inmueble-de-energia-para-el-autoconsumo\\\/\"},\"wordCount\":610,\"commentCount\":0,\"publisher\":{\"@id\":\"https:\\\/\\\/www.laguiadepamplona.com\\\/actualidad\\\/#organization\"},\"image\":{\"@id\":\"https:\\\/\\\/www.laguiadepamplona.com\\\/actualidad\\\/el-ayuntamiento-instalara-una-cubierta-fotovoltaica-de-paneles-solares-en-el-edificio-de-la-policia-municipal-que-dotara-al-inmueble-de-energia-para-el-autoconsumo\\\/#primaryimage\"},\"thumbnailUrl\":\"https:\\\/\\\/www.laguiadepamplona.com\\\/actualidad\\\/wp-content\\\/uploads\\\/2019\\\/05\\\/ayuntamiento-pamplona-laguiadepamplona.jpg\",\"articleSection\":[\"Ayto Pamplona\"],\"inLanguage\":\"es\",\"potentialAction\":[{\"@type\":\"CommentAction\",\"name\":\"Comment\",\"target\":[\"https:\\\/\\\/www.laguiadepamplona.com\\\/actualidad\\\/el-ayuntamiento-instalara-una-cubierta-fotovoltaica-de-paneles-solares-en-el-edificio-de-la-policia-municipal-que-dotara-al-inmueble-de-energia-para-el-autoconsumo\\\/#respond\"]}]},{\"@type\":\"WebPage\",\"@id\":\"https:\\\/\\\/www.laguiadepamplona.com\\\/actualidad\\\/el-ayuntamiento-instalara-una-cubierta-fotovoltaica-de-paneles-solares-en-el-edificio-de-la-policia-municipal-que-dotara-al-inmueble-de-energia-para-el-autoconsumo\\\/\",\"url\":\"https:\\\/\\\/www.laguiadepamplona.com\\\/actualidad\\\/el-ayuntamiento-instalara-una-cubierta-fotovoltaica-de-paneles-solares-en-el-edificio-de-la-policia-municipal-que-dotara-al-inmueble-de-energia-para-el-autoconsumo\\\/\",\"name\":\"El Ayuntamiento instalar\u00e1 una cubierta fotovoltaica de paneles solares en el edificio de la Polic\u00eda Municipal que dotar\u00e1 al inmueble de energ\u00eda para el autoconsumo\",\"isPartOf\":{\"@id\":\"https:\\\/\\\/www.laguiadepamplona.com\\\/actualidad\\\/#website\"},\"primaryImageOfPage\":{\"@id\":\"https:\\\/\\\/www.laguiadepamplona.com\\\/actualidad\\\/el-ayuntamiento-instalara-una-cubierta-fotovoltaica-de-paneles-solares-en-el-edificio-de-la-policia-municipal-que-dotara-al-inmueble-de-energia-para-el-autoconsumo\\\/#primaryimage\"},\"image\":{\"@id\":\"https:\\\/\\\/www.laguiadepamplona.com\\\/actualidad\\\/el-ayuntamiento-instalara-una-cubierta-fotovoltaica-de-paneles-solares-en-el-edificio-de-la-policia-municipal-que-dotara-al-inmueble-de-energia-para-el-autoconsumo\\\/#primaryimage\"},\"thumbnailUrl\":\"https:\\\/\\\/www.laguiadepamplona.com\\\/actualidad\\\/wp-content\\\/uploads\\\/2019\\\/05\\\/ayuntamiento-pamplona-laguiadepamplona.jpg\",\"datePublished\":\"2019-09-23T09:57:19+00:00\",\"breadcrumb\":{\"@id\":\"https:\\\/\\\/www.laguiadepamplona.com\\\/actualidad\\\/el-ayuntamiento-instalara-una-cubierta-fotovoltaica-de-paneles-solares-en-el-edificio-de-la-policia-municipal-que-dotara-al-inmueble-de-energia-para-el-autoconsumo\\\/#breadcrumb\"},\"inLanguage\":\"es\",\"potentialAction\":[{\"@type\":\"ReadAction\",\"target\":[\"https:\\\/\\\/www.laguiadepamplona.com\\\/actualidad\\\/el-ayuntamiento-instalara-una-cubierta-fotovoltaica-de-paneles-solares-en-el-edificio-de-la-policia-municipal-que-dotara-al-inmueble-de-energia-para-el-autoconsumo\\\/\"]}]},{\"@type\":\"ImageObject\",\"inLanguage\":\"es\",\"@id\":\"https:\\\/\\\/www.laguiadepamplona.com\\\/actualidad\\\/el-ayuntamiento-instalara-una-cubierta-fotovoltaica-de-paneles-solares-en-el-edificio-de-la-policia-municipal-que-dotara-al-inmueble-de-energia-para-el-autoconsumo\\\/#primaryimage\",\"url\":\"https:\\\/\\\/www.laguiadepamplona.com\\\/actualidad\\\/wp-content\\\/uploads\\\/2019\\\/05\\\/ayuntamiento-pamplona-laguiadepamplona.jpg\",\"contentUrl\":\"https:\\\/\\\/www.laguiadepamplona.com\\\/actualidad\\\/wp-content\\\/uploads\\\/2019\\\/05\\\/ayuntamiento-pamplona-laguiadepamplona.jpg\",\"width\":1920,\"height\":1100},{\"@type\":\"BreadcrumbList\",\"@id\":\"https:\\\/\\\/www.laguiadepamplona.com\\\/actualidad\\\/el-ayuntamiento-instalara-una-cubierta-fotovoltaica-de-paneles-solares-en-el-edificio-de-la-policia-municipal-que-dotara-al-inmueble-de-energia-para-el-autoconsumo\\\/#breadcrumb\",\"itemListElement\":[{\"@type\":\"ListItem\",\"position\":1,\"name\":\"Portada\",\"item\":\"https:\\\/\\\/www.laguiadepamplona.com\\\/actualidad\\\/\"},{\"@type\":\"ListItem\",\"position\":2,\"name\":\"El Ayuntamiento instalar\u00e1 una cubierta fotovoltaica de paneles solares en el edificio de la Polic\u00eda Municipal que dotar\u00e1 al inmueble de energ\u00eda para el autoconsumo\"}]},{\"@type\":\"WebSite\",\"@id\":\"https:\\\/\\\/www.laguiadepamplona.com\\\/actualidad\\\/#website\",\"url\":\"https:\\\/\\\/www.laguiadepamplona.com\\\/actualidad\\\/\",\"name\":\"La gu\u00eda de Pamplona\",\"description\":\"Noticias de Pamplona\",\"publisher\":{\"@id\":\"https:\\\/\\\/www.laguiadepamplona.com\\\/actualidad\\\/#organization\"},\"potentialAction\":[{\"@type\":\"SearchAction\",\"target\":{\"@type\":\"EntryPoint\",\"urlTemplate\":\"https:\\\/\\\/www.laguiadepamplona.com\\\/actualidad\\\/?s={search_term_string}\"},\"query-input\":{\"@type\":\"PropertyValueSpecification\",\"valueRequired\":true,\"valueName\":\"search_term_string\"}}],\"inLanguage\":\"es\"},{\"@type\":\"Organization\",\"@id\":\"https:\\\/\\\/www.laguiadepamplona.com\\\/actualidad\\\/#organization\",\"name\":\"La Gu\u00eda de Pamplona \\\/ Noticias\",\"url\":\"https:\\\/\\\/www.laguiadepamplona.com\\\/actualidad\\\/\",\"logo\":{\"@type\":\"ImageObject\",\"inLanguage\":\"es\",\"@id\":\"https:\\\/\\\/www.laguiadepamplona.com\\\/actualidad\\\/#\\\/schema\\\/logo\\\/image\\\/\",\"url\":\"https:\\\/\\\/www.laguiadepamplona.com\\\/actualidad\\\/wp-content\\\/uploads\\\/2018\\\/11\\\/logo-laguiadepamplona18-web1.png\",\"contentUrl\":\"https:\\\/\\\/www.laguiadepamplona.com\\\/actualidad\\\/wp-content\\\/uploads\\\/2018\\\/11\\\/logo-laguiadepamplona18-web1.png\",\"width\":600,\"height\":196,\"caption\":\"La Gu\u00eda de Pamplona \\\/ Noticias\"},\"image\":{\"@id\":\"https:\\\/\\\/www.laguiadepamplona.com\\\/actualidad\\\/#\\\/schema\\\/logo\\\/image\\\/\"},\"sameAs\":[\"https:\\\/\\\/www.facebook.com\\\/laguiadepamplonacom-133175176762273\\\/?ref=hl\",\"https:\\\/\\\/x.com\\\/LaGuiadPamplona\",\"https:\\\/\\\/www.instagram.com\\\/la_guia_de_pamplona\\\/\",\"https:\\\/\\\/www.youtube.com\\\/user\\\/laguiadepamplona\"]},{\"@type\":\"Person\",\"@id\":\"https:\\\/\\\/www.laguiadepamplona.com\\\/actualidad\\\/#\\\/schema\\\/person\\\/efe887376f0213d4657c93adc50b1fdb\",\"name\":\"La Gu\u00eda de Pamplona\",\"image\":{\"@type\":\"ImageObject\",\"inLanguage\":\"es\",\"@id\":\"https:\\\/\\\/secure.gravatar.com\\\/avatar\\\/b6992f131dc8d30ab0dff15446e9d346d9dbd95992de0fef795073f5ea83a81c?s=96&d=mm&r=g\",\"url\":\"https:\\\/\\\/secure.gravatar.com\\\/avatar\\\/b6992f131dc8d30ab0dff15446e9d346d9dbd95992de0fef795073f5ea83a81c?s=96&d=mm&r=g\",\"contentUrl\":\"https:\\\/\\\/secure.gravatar.com\\\/avatar\\\/b6992f131dc8d30ab0dff15446e9d346d9dbd95992de0fef795073f5ea83a81c?s=96&d=mm&r=g\",\"caption\":\"La Gu\u00eda de Pamplona\"}}]}<\/script>\n<!-- \/ Yoast SEO plugin. -->","yoast_head_json":{"title":"El Ayuntamiento instalar\u00e1 una cubierta fotovoltaica de paneles solares en el edificio de la Polic\u00eda Municipal que dotar\u00e1 al inmueble de energ\u00eda para el autoconsumo","robots":{"index":"index","follow":"follow","max-snippet":"max-snippet:-1","max-image-preview":"max-image-preview:large","max-video-preview":"max-video-preview:-1"},"canonical":"https:\/\/www.laguiadepamplona.com\/actualidad\/el-ayuntamiento-instalara-una-cubierta-fotovoltaica-de-paneles-solares-en-el-edificio-de-la-policia-municipal-que-dotara-al-inmueble-de-energia-para-el-autoconsumo\/","og_locale":"es_ES","og_type":"article","og_title":"El Ayuntamiento instalar\u00e1 una cubierta fotovoltaica de paneles solares en el edificio de la Polic\u00eda Municipal que dotar\u00e1 al inmueble de energ\u00eda para el autoconsumo","og_url":"https:\/\/www.laguiadepamplona.com\/actualidad\/el-ayuntamiento-instalara-una-cubierta-fotovoltaica-de-paneles-solares-en-el-edificio-de-la-policia-municipal-que-dotara-al-inmueble-de-energia-para-el-autoconsumo\/","og_site_name":"La Gu\u00eda de Pamplona","article_publisher":"https:\/\/www.facebook.com\/laguiadepamplonacom-133175176762273\/?ref=hl","article_published_time":"2019-09-23T09:57:19+00:00","og_image":[{"width":1920,"height":1100,"url":"https:\/\/www.laguiadepamplona.com\/actualidad\/wp-content\/uploads\/2019\/05\/ayuntamiento-pamplona-laguiadepamplona.jpg","type":"image\/jpeg"}],"author":"La Gu\u00eda de Pamplona","twitter_card":"summary_large_image","twitter_creator":"@LaGuiadPamplona","twitter_site":"@LaGuiadPamplona","twitter_misc":{"Escrito por":"La Gu\u00eda de Pamplona","Tiempo de lectura":"3 minutos"},"schema":{"@context":"https:\/\/schema.org","@graph":[{"@type":"Article","@id":"https:\/\/www.laguiadepamplona.com\/actualidad\/el-ayuntamiento-instalara-una-cubierta-fotovoltaica-de-paneles-solares-en-el-edificio-de-la-policia-municipal-que-dotara-al-inmueble-de-energia-para-el-autoconsumo\/#article","isPartOf":{"@id":"https:\/\/www.laguiadepamplona.com\/actualidad\/el-ayuntamiento-instalara-una-cubierta-fotovoltaica-de-paneles-solares-en-el-edificio-de-la-policia-municipal-que-dotara-al-inmueble-de-energia-para-el-autoconsumo\/"},"author":{"name":"La Gu\u00eda de Pamplona","@id":"https:\/\/www.laguiadepamplona.com\/actualidad\/#\/schema\/person\/efe887376f0213d4657c93adc50b1fdb"},"headline":"El Ayuntamiento instalar\u00e1 una cubierta fotovoltaica de paneles solares en el edificio de la Polic\u00eda Municipal que dotar\u00e1 al inmueble de energ\u00eda para el autoconsumo","datePublished":"2019-09-23T09:57:19+00:00","mainEntityOfPage":{"@id":"https:\/\/www.laguiadepamplona.com\/actualidad\/el-ayuntamiento-instalara-una-cubierta-fotovoltaica-de-paneles-solares-en-el-edificio-de-la-policia-municipal-que-dotara-al-inmueble-de-energia-para-el-autoconsumo\/"},"wordCount":610,"commentCount":0,"publisher":{"@id":"https:\/\/www.laguiadepamplona.com\/actualidad\/#organization"},"image":{"@id":"https:\/\/www.laguiadepamplona.com\/actualidad\/el-ayuntamiento-instalara-una-cubierta-fotovoltaica-de-paneles-solares-en-el-edificio-de-la-policia-municipal-que-dotara-al-inmueble-de-energia-para-el-autoconsumo\/#primaryimage"},"thumbnailUrl":"https:\/\/www.laguiadepamplona.com\/actualidad\/wp-content\/uploads\/2019\/05\/ayuntamiento-pamplona-laguiadepamplona.jpg","articleSection":["Ayto Pamplona"],"inLanguage":"es","potentialAction":[{"@type":"CommentAction","name":"Comment","target":["https:\/\/www.laguiadepamplona.com\/actualidad\/el-ayuntamiento-instalara-una-cubierta-fotovoltaica-de-paneles-solares-en-el-edificio-de-la-policia-municipal-que-dotara-al-inmueble-de-energia-para-el-autoconsumo\/#respond"]}]},{"@type":"WebPage","@id":"https:\/\/www.laguiadepamplona.com\/actualidad\/el-ayuntamiento-instalara-una-cubierta-fotovoltaica-de-paneles-solares-en-el-edificio-de-la-policia-municipal-que-dotara-al-inmueble-de-energia-para-el-autoconsumo\/","url":"https:\/\/www.laguiadepamplona.com\/actualidad\/el-ayuntamiento-instalara-una-cubierta-fotovoltaica-de-paneles-solares-en-el-edificio-de-la-policia-municipal-que-dotara-al-inmueble-de-energia-para-el-autoconsumo\/","name":"El Ayuntamiento instalar\u00e1 una cubierta fotovoltaica de paneles solares en el edificio de la Polic\u00eda Municipal que dotar\u00e1 al inmueble de energ\u00eda para el autoconsumo","isPartOf":{"@id":"https:\/\/www.laguiadepamplona.com\/actualidad\/#website"},"primaryImageOfPage":{"@id":"https:\/\/www.laguiadepamplona.com\/actualidad\/el-ayuntamiento-instalara-una-cubierta-fotovoltaica-de-paneles-solares-en-el-edificio-de-la-policia-municipal-que-dotara-al-inmueble-de-energia-para-el-autoconsumo\/#primaryimage"},"image":{"@id":"https:\/\/www.laguiadepamplona.com\/actualidad\/el-ayuntamiento-instalara-una-cubierta-fotovoltaica-de-paneles-solares-en-el-edificio-de-la-policia-municipal-que-dotara-al-inmueble-de-energia-para-el-autoconsumo\/#primaryimage"},"thumbnailUrl":"https:\/\/www.laguiadepamplona.com\/actualidad\/wp-content\/uploads\/2019\/05\/ayuntamiento-pamplona-laguiadepamplona.jpg","datePublished":"2019-09-23T09:57:19+00:00","breadcrumb":{"@id":"https:\/\/www.laguiadepamplona.com\/actualidad\/el-ayuntamiento-instalara-una-cubierta-fotovoltaica-de-paneles-solares-en-el-edificio-de-la-policia-municipal-que-dotara-al-inmueble-de-energia-para-el-autoconsumo\/#breadcrumb"},"inLanguage":"es","potentialAction":[{"@type":"ReadAction","target":["https:\/\/www.laguiadepamplona.com\/actualidad\/el-ayuntamiento-instalara-una-cubierta-fotovoltaica-de-paneles-solares-en-el-edificio-de-la-policia-municipal-que-dotara-al-inmueble-de-energia-para-el-autoconsumo\/"]}]},{"@type":"ImageObject","inLanguage":"es","@id":"https:\/\/www.laguiadepamplona.com\/actualidad\/el-ayuntamiento-instalara-una-cubierta-fotovoltaica-de-paneles-solares-en-el-edificio-de-la-policia-municipal-que-dotara-al-inmueble-de-energia-para-el-autoconsumo\/#primaryimage","url":"https:\/\/www.laguiadepamplona.com\/actualidad\/wp-content\/uploads\/2019\/05\/ayuntamiento-pamplona-laguiadepamplona.jpg","contentUrl":"https:\/\/www.laguiadepamplona.com\/actualidad\/wp-content\/uploads\/2019\/05\/ayuntamiento-pamplona-laguiadepamplona.jpg","width":1920,"height":1100},{"@type":"BreadcrumbList","@id":"https:\/\/www.laguiadepamplona.com\/actualidad\/el-ayuntamiento-instalara-una-cubierta-fotovoltaica-de-paneles-solares-en-el-edificio-de-la-policia-municipal-que-dotara-al-inmueble-de-energia-para-el-autoconsumo\/#breadcrumb","itemListElement":[{"@type":"ListItem","position":1,"name":"Portada","item":"https:\/\/www.laguiadepamplona.com\/actualidad\/"},{"@type":"ListItem","position":2,"name":"El Ayuntamiento instalar\u00e1 una cubierta fotovoltaica de paneles solares en el edificio de la Polic\u00eda Municipal que dotar\u00e1 al inmueble de energ\u00eda para el autoconsumo"}]},{"@type":"WebSite","@id":"https:\/\/www.laguiadepamplona.com\/actualidad\/#website","url":"https:\/\/www.laguiadepamplona.com\/actualidad\/","name":"La gu\u00eda de Pamplona","description":"Noticias de Pamplona","publisher":{"@id":"https:\/\/www.laguiadepamplona.com\/actualidad\/#organization"},"potentialAction":[{"@type":"SearchAction","target":{"@type":"EntryPoint","urlTemplate":"https:\/\/www.laguiadepamplona.com\/actualidad\/?s={search_term_string}"},"query-input":{"@type":"PropertyValueSpecification","valueRequired":true,"valueName":"search_term_string"}}],"inLanguage":"es"},{"@type":"Organization","@id":"https:\/\/www.laguiadepamplona.com\/actualidad\/#organization","name":"La Gu\u00eda de Pamplona \/ Noticias","url":"https:\/\/www.laguiadepamplona.com\/actualidad\/","logo":{"@type":"ImageObject","inLanguage":"es","@id":"https:\/\/www.laguiadepamplona.com\/actualidad\/#\/schema\/logo\/image\/","url":"https:\/\/www.laguiadepamplona.com\/actualidad\/wp-content\/uploads\/2018\/11\/logo-laguiadepamplona18-web1.png","contentUrl":"https:\/\/www.laguiadepamplona.com\/actualidad\/wp-content\/uploads\/2018\/11\/logo-laguiadepamplona18-web1.png","width":600,"height":196,"caption":"La Gu\u00eda de Pamplona \/ Noticias"},"image":{"@id":"https:\/\/www.laguiadepamplona.com\/actualidad\/#\/schema\/logo\/image\/"},"sameAs":["https:\/\/www.facebook.com\/laguiadepamplonacom-133175176762273\/?ref=hl","https:\/\/x.com\/LaGuiadPamplona","https:\/\/www.instagram.com\/la_guia_de_pamplona\/","https:\/\/www.youtube.com\/user\/laguiadepamplona"]},{"@type":"Person","@id":"https:\/\/www.laguiadepamplona.com\/actualidad\/#\/schema\/person\/efe887376f0213d4657c93adc50b1fdb","name":"La Gu\u00eda de Pamplona","image":{"@type":"ImageObject","inLanguage":"es","@id":"https:\/\/secure.gravatar.com\/avatar\/b6992f131dc8d30ab0dff15446e9d346d9dbd95992de0fef795073f5ea83a81c?s=96&d=mm&r=g","url":"https:\/\/secure.gravatar.com\/avatar\/b6992f131dc8d30ab0dff15446e9d346d9dbd95992de0fef795073f5ea83a81c?s=96&d=mm&r=g","contentUrl":"https:\/\/secure.gravatar.com\/avatar\/b6992f131dc8d30ab0dff15446e9d346d9dbd95992de0fef795073f5ea83a81c?s=96&d=mm&r=g","caption":"La Gu\u00eda de Pamplona"}}]}},"post_mailing_queue_ids":[],"_links":{"self":[{"href":"https:\/\/www.laguiadepamplona.com\/actualidad\/wp-json\/wp\/v2\/posts\/24564","targetHints":{"allow":["GET"]}}],"collection":[{"href":"https:\/\/www.laguiadepamplona.com\/actualidad\/wp-json\/wp\/v2\/posts"}],"about":[{"href":"https:\/\/www.laguiadepamplona.com\/actualidad\/wp-json\/wp\/v2\/types\/post"}],"author":[{"embeddable":true,"href":"https:\/\/www.laguiadepamplona.com\/actualidad\/wp-json\/wp\/v2\/users\/1"}],"replies":[{"embeddable":true,"href":"https:\/\/www.laguiadepamplona.com\/actualidad\/wp-json\/wp\/v2\/comments?post=24564"}],"version-history":[{"count":0,"href":"https:\/\/www.laguiadepamplona.com\/actualidad\/wp-json\/wp\/v2\/posts\/24564\/revisions"}],"wp:featuredmedia":[{"embeddable":true,"href":"https:\/\/www.laguiadepamplona.com\/actualidad\/wp-json\/wp\/v2\/media\/21939"}],"wp:attachment":[{"href":"https:\/\/www.laguiadepamplona.com\/actualidad\/wp-json\/wp\/v2\/media?parent=24564"}],"wp:term":[{"taxonomy":"category","embeddable":true,"href":"https:\/\/www.laguiadepamplona.com\/actualidad\/wp-json\/wp\/v2\/categories?post=24564"},{"taxonomy":"post_tag","embeddable":true,"href":"https:\/\/www.laguiadepamplona.com\/actualidad\/wp-json\/wp\/v2\/tags?post=24564"}],"curies":[{"name":"wp","href":"https:\/\/api.w.org\/{rel}","templated":true}]}}