{"id":24560,"date":"2019-09-20T18:48:23","date_gmt":"2019-09-20T16:48:23","guid":{"rendered":"https:\/\/www.laguiadepamplona.es\/actualidad\/?p=24560"},"modified":"2019-09-20T18:48:23","modified_gmt":"2019-09-20T16:48:23","slug":"el-ayuntamiento-amplia-los-horarios-de-cierre-de-establecimientos-del-casco-antiguo-las-noches-del-viernes-27-y-sabado-28-de-septiembre-por-san-fermin-de-aldapa","status":"publish","type":"post","link":"https:\/\/www.laguiadepamplona.com\/actualidad\/el-ayuntamiento-amplia-los-horarios-de-cierre-de-establecimientos-del-casco-antiguo-las-noches-del-viernes-27-y-sabado-28-de-septiembre-por-san-fermin-de-aldapa\/","title":{"rendered":"El Ayuntamiento ampl\u00eda los horarios de cierre de establecimientos del Casco Antiguo las noches del viernes 27 y s\u00e1bado 28 de septiembre por San Ferm\u00edn de Aldapa"},"content":{"rendered":"<p><!--more--><\/p>\n<h3>Bares, cafeter\u00edas y restaurantes cerrar\u00e1n a las 4.30 horas, bares especiales a las 6 y discotecas a las 7 horas<\/h3>\n<p>El Ayuntamiento de Pamplona ha aprobado una resoluci\u00f3n por la que se ampl\u00eda el horario de cierre de establecimientos p\u00fablicos del Casco Antiguo con motivo de las fiestas de San Ferm\u00edn de Aldapa que se celebrar\u00e1n este a\u00f1o el \u00faltimo fin de semana de septiembre.<\/p>\n<p><script async src=\"\/\/pagead2.googlesyndication.com\/pagead\/js\/adsbygoogle.js\"><\/script><br \/>\n<!-- Noticias La Guia de Pamplona --><br \/>\n<ins class=\"adsbygoogle\"\nstyle=\"display:block\"\ndata-ad-client=\"ca-pub-6943679897239327\"\ndata-ad-slot=\"7048180777\"\ndata-ad-format=\"auto\"><\/ins><br \/>\n<script>\n(adsbygoogle = window.adsbygoogle || []).push({});\n<\/script><\/p>\n<p>Los horarios de cierre para las noches del viernes 27 al s\u00e1bado 28 y del s\u00e1bado 28 al domingo 29 de septiembre se han establecido en las 6:00 horas para los establecimientos dedicados a actividades calificadas como bares especiales y en las 4.30 horas para los bares, cafeter\u00edas y restaurantes. El mismo texto fija las 7 horas como horario de cierre de las discotecas.<\/p>\n<p>El Consistorio pamplon\u00e9s aprueba esta resoluci\u00f3n para modificaci\u00f3n puntual de horarios basada en la potestad que otorga a los consistorios el Decreto Foral 201\/2002, de 23 de septiembre, que faculta a los ayuntamientos para ampliar los horarios p\u00fablicos generales de cierre de espect\u00e1culos y establecimientos durante la celebraci\u00f3n de las fiestas patronales.<\/p>\n","protected":false},"excerpt":{"rendered":"","protected":false},"author":1,"featured_media":14362,"comment_status":"open","ping_status":"closed","sticky":false,"template":"","format":"standard","meta":{"footnotes":""},"categories":[2],"tags":[],"class_list":["post-24560","post","type-post","status-publish","format-standard","has-post-thumbnail","hentry","category-ayuntamiento-pamplona"],"yoast_head":"<!-- This site is optimized with the Yoast SEO plugin v27.3 - https:\/\/yoast.com\/product\/yoast-seo-wordpress\/ -->\n<title>El Ayuntamiento ampl\u00eda los horarios de cierre de establecimientos del Casco Antiguo las noches del viernes 27 y s\u00e1bado 28 de septiembre por San Ferm\u00edn de Aldapa<\/title>\n<meta name=\"robots\" content=\"index, follow, max-snippet:-1, max-image-preview:large, max-video-preview:-1\" \/>\n<link rel=\"canonical\" href=\"https:\/\/www.laguiadepamplona.com\/actualidad\/el-ayuntamiento-amplia-los-horarios-de-cierre-de-establecimientos-del-casco-antiguo-las-noches-del-viernes-27-y-sabado-28-de-septiembre-por-san-fermin-de-aldapa\/\" \/>\n<meta property=\"og:locale\" content=\"es_ES\" \/>\n<meta property=\"og:type\" content=\"article\" \/>\n<meta property=\"og:title\" content=\"El Ayuntamiento ampl\u00eda los horarios de cierre de establecimientos del Casco Antiguo las noches del viernes 27 y s\u00e1bado 28 de septiembre por San Ferm\u00edn de Aldapa\" \/>\n<meta property=\"og:url\" content=\"https:\/\/www.laguiadepamplona.com\/actualidad\/el-ayuntamiento-amplia-los-horarios-de-cierre-de-establecimientos-del-casco-antiguo-las-noches-del-viernes-27-y-sabado-28-de-septiembre-por-san-fermin-de-aldapa\/\" \/>\n<meta property=\"og:site_name\" content=\"La Gu\u00eda de Pamplona\" \/>\n<meta property=\"article:publisher\" content=\"https:\/\/www.facebook.com\/laguiadepamplonacom-133175176762273\/?ref=hl\" \/>\n<meta property=\"article:published_time\" content=\"2019-09-20T16:48:23+00:00\" \/>\n<meta property=\"og:image\" content=\"https:\/\/www.laguiadepamplona.com\/actualidad\/wp-content\/uploads\/2017\/09\/san-ferm\u00edn-de-aldapa-2.jpg\" \/>\n\t<meta property=\"og:image:width\" content=\"700\" \/>\n\t<meta property=\"og:image:height\" content=\"523\" \/>\n\t<meta property=\"og:image:type\" content=\"image\/jpeg\" \/>\n<meta name=\"author\" content=\"La Gu\u00eda de Pamplona\" \/>\n<meta name=\"twitter:card\" content=\"summary_large_image\" \/>\n<meta name=\"twitter:creator\" content=\"@LaGuiadPamplona\" \/>\n<meta name=\"twitter:site\" content=\"@LaGuiadPamplona\" \/>\n<meta name=\"twitter:label1\" content=\"Escrito por\" \/>\n\t<meta name=\"twitter:data1\" content=\"La Gu\u00eda de Pamplona\" \/>\n\t<meta name=\"twitter:label2\" content=\"Tiempo de lectura\" \/>\n\t<meta name=\"twitter:data2\" content=\"1 minuto\" \/>\n<script type=\"application\/ld+json\" class=\"yoast-schema-graph\">{\"@context\":\"https:\\\/\\\/schema.org\",\"@graph\":[{\"@type\":\"Article\",\"@id\":\"https:\\\/\\\/www.laguiadepamplona.com\\\/actualidad\\\/el-ayuntamiento-amplia-los-horarios-de-cierre-de-establecimientos-del-casco-antiguo-las-noches-del-viernes-27-y-sabado-28-de-septiembre-por-san-fermin-de-aldapa\\\/#article\",\"isPartOf\":{\"@id\":\"https:\\\/\\\/www.laguiadepamplona.com\\\/actualidad\\\/el-ayuntamiento-amplia-los-horarios-de-cierre-de-establecimientos-del-casco-antiguo-las-noches-del-viernes-27-y-sabado-28-de-septiembre-por-san-fermin-de-aldapa\\\/\"},\"author\":{\"name\":\"La Gu\u00eda de Pamplona\",\"@id\":\"https:\\\/\\\/www.laguiadepamplona.com\\\/actualidad\\\/#\\\/schema\\\/person\\\/efe887376f0213d4657c93adc50b1fdb\"},\"headline\":\"El Ayuntamiento ampl\u00eda los horarios de cierre de establecimientos del Casco Antiguo las noches del viernes 27 y s\u00e1bado 28 de septiembre por San Ferm\u00edn de Aldapa\",\"datePublished\":\"2019-09-20T16:48:23+00:00\",\"mainEntityOfPage\":{\"@id\":\"https:\\\/\\\/www.laguiadepamplona.com\\\/actualidad\\\/el-ayuntamiento-amplia-los-horarios-de-cierre-de-establecimientos-del-casco-antiguo-las-noches-del-viernes-27-y-sabado-28-de-septiembre-por-san-fermin-de-aldapa\\\/\"},\"wordCount\":214,\"commentCount\":0,\"publisher\":{\"@id\":\"https:\\\/\\\/www.laguiadepamplona.com\\\/actualidad\\\/#organization\"},\"image\":{\"@id\":\"https:\\\/\\\/www.laguiadepamplona.com\\\/actualidad\\\/el-ayuntamiento-amplia-los-horarios-de-cierre-de-establecimientos-del-casco-antiguo-las-noches-del-viernes-27-y-sabado-28-de-septiembre-por-san-fermin-de-aldapa\\\/#primaryimage\"},\"thumbnailUrl\":\"https:\\\/\\\/www.laguiadepamplona.com\\\/actualidad\\\/wp-content\\\/uploads\\\/2017\\\/09\\\/san-ferm\u00edn-de-aldapa-2.jpg\",\"articleSection\":[\"Ayto Pamplona\"],\"inLanguage\":\"es\",\"potentialAction\":[{\"@type\":\"CommentAction\",\"name\":\"Comment\",\"target\":[\"https:\\\/\\\/www.laguiadepamplona.com\\\/actualidad\\\/el-ayuntamiento-amplia-los-horarios-de-cierre-de-establecimientos-del-casco-antiguo-las-noches-del-viernes-27-y-sabado-28-de-septiembre-por-san-fermin-de-aldapa\\\/#respond\"]}]},{\"@type\":\"WebPage\",\"@id\":\"https:\\\/\\\/www.laguiadepamplona.com\\\/actualidad\\\/el-ayuntamiento-amplia-los-horarios-de-cierre-de-establecimientos-del-casco-antiguo-las-noches-del-viernes-27-y-sabado-28-de-septiembre-por-san-fermin-de-aldapa\\\/\",\"url\":\"https:\\\/\\\/www.laguiadepamplona.com\\\/actualidad\\\/el-ayuntamiento-amplia-los-horarios-de-cierre-de-establecimientos-del-casco-antiguo-las-noches-del-viernes-27-y-sabado-28-de-septiembre-por-san-fermin-de-aldapa\\\/\",\"name\":\"El Ayuntamiento ampl\u00eda los horarios de cierre de establecimientos del Casco Antiguo las noches del viernes 27 y s\u00e1bado 28 de septiembre por San Ferm\u00edn de Aldapa\",\"isPartOf\":{\"@id\":\"https:\\\/\\\/www.laguiadepamplona.com\\\/actualidad\\\/#website\"},\"primaryImageOfPage\":{\"@id\":\"https:\\\/\\\/www.laguiadepamplona.com\\\/actualidad\\\/el-ayuntamiento-amplia-los-horarios-de-cierre-de-establecimientos-del-casco-antiguo-las-noches-del-viernes-27-y-sabado-28-de-septiembre-por-san-fermin-de-aldapa\\\/#primaryimage\"},\"image\":{\"@id\":\"https:\\\/\\\/www.laguiadepamplona.com\\\/actualidad\\\/el-ayuntamiento-amplia-los-horarios-de-cierre-de-establecimientos-del-casco-antiguo-las-noches-del-viernes-27-y-sabado-28-de-septiembre-por-san-fermin-de-aldapa\\\/#primaryimage\"},\"thumbnailUrl\":\"https:\\\/\\\/www.laguiadepamplona.com\\\/actualidad\\\/wp-content\\\/uploads\\\/2017\\\/09\\\/san-ferm\u00edn-de-aldapa-2.jpg\",\"datePublished\":\"2019-09-20T16:48:23+00:00\",\"breadcrumb\":{\"@id\":\"https:\\\/\\\/www.laguiadepamplona.com\\\/actualidad\\\/el-ayuntamiento-amplia-los-horarios-de-cierre-de-establecimientos-del-casco-antiguo-las-noches-del-viernes-27-y-sabado-28-de-septiembre-por-san-fermin-de-aldapa\\\/#breadcrumb\"},\"inLanguage\":\"es\",\"potentialAction\":[{\"@type\":\"ReadAction\",\"target\":[\"https:\\\/\\\/www.laguiadepamplona.com\\\/actualidad\\\/el-ayuntamiento-amplia-los-horarios-de-cierre-de-establecimientos-del-casco-antiguo-las-noches-del-viernes-27-y-sabado-28-de-septiembre-por-san-fermin-de-aldapa\\\/\"]}]},{\"@type\":\"ImageObject\",\"inLanguage\":\"es\",\"@id\":\"https:\\\/\\\/www.laguiadepamplona.com\\\/actualidad\\\/el-ayuntamiento-amplia-los-horarios-de-cierre-de-establecimientos-del-casco-antiguo-las-noches-del-viernes-27-y-sabado-28-de-septiembre-por-san-fermin-de-aldapa\\\/#primaryimage\",\"url\":\"https:\\\/\\\/www.laguiadepamplona.com\\\/actualidad\\\/wp-content\\\/uploads\\\/2017\\\/09\\\/san-ferm\u00edn-de-aldapa-2.jpg\",\"contentUrl\":\"https:\\\/\\\/www.laguiadepamplona.com\\\/actualidad\\\/wp-content\\\/uploads\\\/2017\\\/09\\\/san-ferm\u00edn-de-aldapa-2.jpg\",\"width\":700,\"height\":523},{\"@type\":\"BreadcrumbList\",\"@id\":\"https:\\\/\\\/www.laguiadepamplona.com\\\/actualidad\\\/el-ayuntamiento-amplia-los-horarios-de-cierre-de-establecimientos-del-casco-antiguo-las-noches-del-viernes-27-y-sabado-28-de-septiembre-por-san-fermin-de-aldapa\\\/#breadcrumb\",\"itemListElement\":[{\"@type\":\"ListItem\",\"position\":1,\"name\":\"Portada\",\"item\":\"https:\\\/\\\/www.laguiadepamplona.com\\\/actualidad\\\/\"},{\"@type\":\"ListItem\",\"position\":2,\"name\":\"El Ayuntamiento ampl\u00eda los horarios de cierre de establecimientos del Casco Antiguo las noches del viernes 27 y s\u00e1bado 28 de septiembre por San Ferm\u00edn de Aldapa\"}]},{\"@type\":\"WebSite\",\"@id\":\"https:\\\/\\\/www.laguiadepamplona.com\\\/actualidad\\\/#website\",\"url\":\"https:\\\/\\\/www.laguiadepamplona.com\\\/actualidad\\\/\",\"name\":\"La gu\u00eda de Pamplona\",\"description\":\"Noticias de Pamplona\",\"publisher\":{\"@id\":\"https:\\\/\\\/www.laguiadepamplona.com\\\/actualidad\\\/#organization\"},\"potentialAction\":[{\"@type\":\"SearchAction\",\"target\":{\"@type\":\"EntryPoint\",\"urlTemplate\":\"https:\\\/\\\/www.laguiadepamplona.com\\\/actualidad\\\/?s={search_term_string}\"},\"query-input\":{\"@type\":\"PropertyValueSpecification\",\"valueRequired\":true,\"valueName\":\"search_term_string\"}}],\"inLanguage\":\"es\"},{\"@type\":\"Organization\",\"@id\":\"https:\\\/\\\/www.laguiadepamplona.com\\\/actualidad\\\/#organization\",\"name\":\"La Gu\u00eda de Pamplona \\\/ Noticias\",\"url\":\"https:\\\/\\\/www.laguiadepamplona.com\\\/actualidad\\\/\",\"logo\":{\"@type\":\"ImageObject\",\"inLanguage\":\"es\",\"@id\":\"https:\\\/\\\/www.laguiadepamplona.com\\\/actualidad\\\/#\\\/schema\\\/logo\\\/image\\\/\",\"url\":\"https:\\\/\\\/www.laguiadepamplona.com\\\/actualidad\\\/wp-content\\\/uploads\\\/2018\\\/11\\\/logo-laguiadepamplona18-web1.png\",\"contentUrl\":\"https:\\\/\\\/www.laguiadepamplona.com\\\/actualidad\\\/wp-content\\\/uploads\\\/2018\\\/11\\\/logo-laguiadepamplona18-web1.png\",\"width\":600,\"height\":196,\"caption\":\"La Gu\u00eda de Pamplona \\\/ Noticias\"},\"image\":{\"@id\":\"https:\\\/\\\/www.laguiadepamplona.com\\\/actualidad\\\/#\\\/schema\\\/logo\\\/image\\\/\"},\"sameAs\":[\"https:\\\/\\\/www.facebook.com\\\/laguiadepamplonacom-133175176762273\\\/?ref=hl\",\"https:\\\/\\\/x.com\\\/LaGuiadPamplona\",\"https:\\\/\\\/www.instagram.com\\\/la_guia_de_pamplona\\\/\",\"https:\\\/\\\/www.youtube.com\\\/user\\\/laguiadepamplona\"]},{\"@type\":\"Person\",\"@id\":\"https:\\\/\\\/www.laguiadepamplona.com\\\/actualidad\\\/#\\\/schema\\\/person\\\/efe887376f0213d4657c93adc50b1fdb\",\"name\":\"La Gu\u00eda de Pamplona\",\"image\":{\"@type\":\"ImageObject\",\"inLanguage\":\"es\",\"@id\":\"https:\\\/\\\/secure.gravatar.com\\\/avatar\\\/b6992f131dc8d30ab0dff15446e9d346d9dbd95992de0fef795073f5ea83a81c?s=96&d=mm&r=g\",\"url\":\"https:\\\/\\\/secure.gravatar.com\\\/avatar\\\/b6992f131dc8d30ab0dff15446e9d346d9dbd95992de0fef795073f5ea83a81c?s=96&d=mm&r=g\",\"contentUrl\":\"https:\\\/\\\/secure.gravatar.com\\\/avatar\\\/b6992f131dc8d30ab0dff15446e9d346d9dbd95992de0fef795073f5ea83a81c?s=96&d=mm&r=g\",\"caption\":\"La Gu\u00eda de Pamplona\"}}]}<\/script>\n<!-- \/ Yoast SEO plugin. -->","yoast_head_json":{"title":"El Ayuntamiento ampl\u00eda los horarios de cierre de establecimientos del Casco Antiguo las noches del viernes 27 y s\u00e1bado 28 de septiembre por San Ferm\u00edn de Aldapa","robots":{"index":"index","follow":"follow","max-snippet":"max-snippet:-1","max-image-preview":"max-image-preview:large","max-video-preview":"max-video-preview:-1"},"canonical":"https:\/\/www.laguiadepamplona.com\/actualidad\/el-ayuntamiento-amplia-los-horarios-de-cierre-de-establecimientos-del-casco-antiguo-las-noches-del-viernes-27-y-sabado-28-de-septiembre-por-san-fermin-de-aldapa\/","og_locale":"es_ES","og_type":"article","og_title":"El Ayuntamiento ampl\u00eda los horarios de cierre de establecimientos del Casco Antiguo las noches del viernes 27 y s\u00e1bado 28 de septiembre por San Ferm\u00edn de Aldapa","og_url":"https:\/\/www.laguiadepamplona.com\/actualidad\/el-ayuntamiento-amplia-los-horarios-de-cierre-de-establecimientos-del-casco-antiguo-las-noches-del-viernes-27-y-sabado-28-de-septiembre-por-san-fermin-de-aldapa\/","og_site_name":"La Gu\u00eda de Pamplona","article_publisher":"https:\/\/www.facebook.com\/laguiadepamplonacom-133175176762273\/?ref=hl","article_published_time":"2019-09-20T16:48:23+00:00","og_image":[{"width":700,"height":523,"url":"https:\/\/www.laguiadepamplona.com\/actualidad\/wp-content\/uploads\/2017\/09\/san-ferm\u00edn-de-aldapa-2.jpg","type":"image\/jpeg"}],"author":"La Gu\u00eda de Pamplona","twitter_card":"summary_large_image","twitter_creator":"@LaGuiadPamplona","twitter_site":"@LaGuiadPamplona","twitter_misc":{"Escrito por":"La Gu\u00eda de Pamplona","Tiempo de lectura":"1 minuto"},"schema":{"@context":"https:\/\/schema.org","@graph":[{"@type":"Article","@id":"https:\/\/www.laguiadepamplona.com\/actualidad\/el-ayuntamiento-amplia-los-horarios-de-cierre-de-establecimientos-del-casco-antiguo-las-noches-del-viernes-27-y-sabado-28-de-septiembre-por-san-fermin-de-aldapa\/#article","isPartOf":{"@id":"https:\/\/www.laguiadepamplona.com\/actualidad\/el-ayuntamiento-amplia-los-horarios-de-cierre-de-establecimientos-del-casco-antiguo-las-noches-del-viernes-27-y-sabado-28-de-septiembre-por-san-fermin-de-aldapa\/"},"author":{"name":"La Gu\u00eda de Pamplona","@id":"https:\/\/www.laguiadepamplona.com\/actualidad\/#\/schema\/person\/efe887376f0213d4657c93adc50b1fdb"},"headline":"El Ayuntamiento ampl\u00eda los horarios de cierre de establecimientos del Casco Antiguo las noches del viernes 27 y s\u00e1bado 28 de septiembre por San Ferm\u00edn de Aldapa","datePublished":"2019-09-20T16:48:23+00:00","mainEntityOfPage":{"@id":"https:\/\/www.laguiadepamplona.com\/actualidad\/el-ayuntamiento-amplia-los-horarios-de-cierre-de-establecimientos-del-casco-antiguo-las-noches-del-viernes-27-y-sabado-28-de-septiembre-por-san-fermin-de-aldapa\/"},"wordCount":214,"commentCount":0,"publisher":{"@id":"https:\/\/www.laguiadepamplona.com\/actualidad\/#organization"},"image":{"@id":"https:\/\/www.laguiadepamplona.com\/actualidad\/el-ayuntamiento-amplia-los-horarios-de-cierre-de-establecimientos-del-casco-antiguo-las-noches-del-viernes-27-y-sabado-28-de-septiembre-por-san-fermin-de-aldapa\/#primaryimage"},"thumbnailUrl":"https:\/\/www.laguiadepamplona.com\/actualidad\/wp-content\/uploads\/2017\/09\/san-ferm\u00edn-de-aldapa-2.jpg","articleSection":["Ayto Pamplona"],"inLanguage":"es","potentialAction":[{"@type":"CommentAction","name":"Comment","target":["https:\/\/www.laguiadepamplona.com\/actualidad\/el-ayuntamiento-amplia-los-horarios-de-cierre-de-establecimientos-del-casco-antiguo-las-noches-del-viernes-27-y-sabado-28-de-septiembre-por-san-fermin-de-aldapa\/#respond"]}]},{"@type":"WebPage","@id":"https:\/\/www.laguiadepamplona.com\/actualidad\/el-ayuntamiento-amplia-los-horarios-de-cierre-de-establecimientos-del-casco-antiguo-las-noches-del-viernes-27-y-sabado-28-de-septiembre-por-san-fermin-de-aldapa\/","url":"https:\/\/www.laguiadepamplona.com\/actualidad\/el-ayuntamiento-amplia-los-horarios-de-cierre-de-establecimientos-del-casco-antiguo-las-noches-del-viernes-27-y-sabado-28-de-septiembre-por-san-fermin-de-aldapa\/","name":"El Ayuntamiento ampl\u00eda los horarios de cierre de establecimientos del Casco Antiguo las noches del viernes 27 y s\u00e1bado 28 de septiembre por San Ferm\u00edn de Aldapa","isPartOf":{"@id":"https:\/\/www.laguiadepamplona.com\/actualidad\/#website"},"primaryImageOfPage":{"@id":"https:\/\/www.laguiadepamplona.com\/actualidad\/el-ayuntamiento-amplia-los-horarios-de-cierre-de-establecimientos-del-casco-antiguo-las-noches-del-viernes-27-y-sabado-28-de-septiembre-por-san-fermin-de-aldapa\/#primaryimage"},"image":{"@id":"https:\/\/www.laguiadepamplona.com\/actualidad\/el-ayuntamiento-amplia-los-horarios-de-cierre-de-establecimientos-del-casco-antiguo-las-noches-del-viernes-27-y-sabado-28-de-septiembre-por-san-fermin-de-aldapa\/#primaryimage"},"thumbnailUrl":"https:\/\/www.laguiadepamplona.com\/actualidad\/wp-content\/uploads\/2017\/09\/san-ferm\u00edn-de-aldapa-2.jpg","datePublished":"2019-09-20T16:48:23+00:00","breadcrumb":{"@id":"https:\/\/www.laguiadepamplona.com\/actualidad\/el-ayuntamiento-amplia-los-horarios-de-cierre-de-establecimientos-del-casco-antiguo-las-noches-del-viernes-27-y-sabado-28-de-septiembre-por-san-fermin-de-aldapa\/#breadcrumb"},"inLanguage":"es","potentialAction":[{"@type":"ReadAction","target":["https:\/\/www.laguiadepamplona.com\/actualidad\/el-ayuntamiento-amplia-los-horarios-de-cierre-de-establecimientos-del-casco-antiguo-las-noches-del-viernes-27-y-sabado-28-de-septiembre-por-san-fermin-de-aldapa\/"]}]},{"@type":"ImageObject","inLanguage":"es","@id":"https:\/\/www.laguiadepamplona.com\/actualidad\/el-ayuntamiento-amplia-los-horarios-de-cierre-de-establecimientos-del-casco-antiguo-las-noches-del-viernes-27-y-sabado-28-de-septiembre-por-san-fermin-de-aldapa\/#primaryimage","url":"https:\/\/www.laguiadepamplona.com\/actualidad\/wp-content\/uploads\/2017\/09\/san-ferm\u00edn-de-aldapa-2.jpg","contentUrl":"https:\/\/www.laguiadepamplona.com\/actualidad\/wp-content\/uploads\/2017\/09\/san-ferm\u00edn-de-aldapa-2.jpg","width":700,"height":523},{"@type":"BreadcrumbList","@id":"https:\/\/www.laguiadepamplona.com\/actualidad\/el-ayuntamiento-amplia-los-horarios-de-cierre-de-establecimientos-del-casco-antiguo-las-noches-del-viernes-27-y-sabado-28-de-septiembre-por-san-fermin-de-aldapa\/#breadcrumb","itemListElement":[{"@type":"ListItem","position":1,"name":"Portada","item":"https:\/\/www.laguiadepamplona.com\/actualidad\/"},{"@type":"ListItem","position":2,"name":"El Ayuntamiento ampl\u00eda los horarios de cierre de establecimientos del Casco Antiguo las noches del viernes 27 y s\u00e1bado 28 de septiembre por San Ferm\u00edn de Aldapa"}]},{"@type":"WebSite","@id":"https:\/\/www.laguiadepamplona.com\/actualidad\/#website","url":"https:\/\/www.laguiadepamplona.com\/actualidad\/","name":"La gu\u00eda de Pamplona","description":"Noticias de Pamplona","publisher":{"@id":"https:\/\/www.laguiadepamplona.com\/actualidad\/#organization"},"potentialAction":[{"@type":"SearchAction","target":{"@type":"EntryPoint","urlTemplate":"https:\/\/www.laguiadepamplona.com\/actualidad\/?s={search_term_string}"},"query-input":{"@type":"PropertyValueSpecification","valueRequired":true,"valueName":"search_term_string"}}],"inLanguage":"es"},{"@type":"Organization","@id":"https:\/\/www.laguiadepamplona.com\/actualidad\/#organization","name":"La Gu\u00eda de Pamplona \/ Noticias","url":"https:\/\/www.laguiadepamplona.com\/actualidad\/","logo":{"@type":"ImageObject","inLanguage":"es","@id":"https:\/\/www.laguiadepamplona.com\/actualidad\/#\/schema\/logo\/image\/","url":"https:\/\/www.laguiadepamplona.com\/actualidad\/wp-content\/uploads\/2018\/11\/logo-laguiadepamplona18-web1.png","contentUrl":"https:\/\/www.laguiadepamplona.com\/actualidad\/wp-content\/uploads\/2018\/11\/logo-laguiadepamplona18-web1.png","width":600,"height":196,"caption":"La Gu\u00eda de Pamplona \/ Noticias"},"image":{"@id":"https:\/\/www.laguiadepamplona.com\/actualidad\/#\/schema\/logo\/image\/"},"sameAs":["https:\/\/www.facebook.com\/laguiadepamplonacom-133175176762273\/?ref=hl","https:\/\/x.com\/LaGuiadPamplona","https:\/\/www.instagram.com\/la_guia_de_pamplona\/","https:\/\/www.youtube.com\/user\/laguiadepamplona"]},{"@type":"Person","@id":"https:\/\/www.laguiadepamplona.com\/actualidad\/#\/schema\/person\/efe887376f0213d4657c93adc50b1fdb","name":"La Gu\u00eda de Pamplona","image":{"@type":"ImageObject","inLanguage":"es","@id":"https:\/\/secure.gravatar.com\/avatar\/b6992f131dc8d30ab0dff15446e9d346d9dbd95992de0fef795073f5ea83a81c?s=96&d=mm&r=g","url":"https:\/\/secure.gravatar.com\/avatar\/b6992f131dc8d30ab0dff15446e9d346d9dbd95992de0fef795073f5ea83a81c?s=96&d=mm&r=g","contentUrl":"https:\/\/secure.gravatar.com\/avatar\/b6992f131dc8d30ab0dff15446e9d346d9dbd95992de0fef795073f5ea83a81c?s=96&d=mm&r=g","caption":"La Gu\u00eda de Pamplona"}}]}},"post_mailing_queue_ids":[],"_links":{"self":[{"href":"https:\/\/www.laguiadepamplona.com\/actualidad\/wp-json\/wp\/v2\/posts\/24560","targetHints":{"allow":["GET"]}}],"collection":[{"href":"https:\/\/www.laguiadepamplona.com\/actualidad\/wp-json\/wp\/v2\/posts"}],"about":[{"href":"https:\/\/www.laguiadepamplona.com\/actualidad\/wp-json\/wp\/v2\/types\/post"}],"author":[{"embeddable":true,"href":"https:\/\/www.laguiadepamplona.com\/actualidad\/wp-json\/wp\/v2\/users\/1"}],"replies":[{"embeddable":true,"href":"https:\/\/www.laguiadepamplona.com\/actualidad\/wp-json\/wp\/v2\/comments?post=24560"}],"version-history":[{"count":0,"href":"https:\/\/www.laguiadepamplona.com\/actualidad\/wp-json\/wp\/v2\/posts\/24560\/revisions"}],"wp:featuredmedia":[{"embeddable":true,"href":"https:\/\/www.laguiadepamplona.com\/actualidad\/wp-json\/wp\/v2\/media\/14362"}],"wp:attachment":[{"href":"https:\/\/www.laguiadepamplona.com\/actualidad\/wp-json\/wp\/v2\/media?parent=24560"}],"wp:term":[{"taxonomy":"category","embeddable":true,"href":"https:\/\/www.laguiadepamplona.com\/actualidad\/wp-json\/wp\/v2\/categories?post=24560"},{"taxonomy":"post_tag","embeddable":true,"href":"https:\/\/www.laguiadepamplona.com\/actualidad\/wp-json\/wp\/v2\/tags?post=24560"}],"curies":[{"name":"wp","href":"https:\/\/api.w.org\/{rel}","templated":true}]}}