{"id":24555,"date":"2019-09-20T12:42:02","date_gmt":"2019-09-20T10:42:02","guid":{"rendered":"https:\/\/www.laguiadepamplona.es\/actualidad\/?p=24555"},"modified":"2019-09-20T12:42:02","modified_gmt":"2019-09-20T10:42:02","slug":"avanza-el-proceso-de-regeneracion-urbana-en-las-zonas-de-soto-de-lezkairu-y-travesia-ave-maria-que-impulsa-el-ayuntamiento-de-pamplona","status":"publish","type":"post","link":"https:\/\/www.laguiadepamplona.com\/actualidad\/avanza-el-proceso-de-regeneracion-urbana-en-las-zonas-de-soto-de-lezkairu-y-travesia-ave-maria-que-impulsa-el-ayuntamiento-de-pamplona\/","title":{"rendered":"Avanza el proceso de regeneraci\u00f3n urbana en las zonas de Soto de Lezkairu y traves\u00eda Ave Mar\u00eda que impulsa el Ayuntamiento de Pamplona"},"content":{"rendered":"<p><!--more--><\/p>\n<h3>Firmados tres convenios para actualizar la eficiencia energ\u00e9tica y accesibilidad en edificios de Soto de Lezkairu y Rochapea<\/h3>\n<p>El Ayuntamiento de Pamplona ha firmado tres nuevos convenios con tres comunidades de propietarios para realizar mejoras de envolventes t\u00e9rmicas e instalaci\u00f3n de ascensores en un edificio del Soto de Lezkairu y otros dos de las calles Ave Mar\u00eda y Nazario Carriquiri (Rochapea). Estas firmas, con el objetivo concreto de conseguir una mejora de la eficiencia energ\u00e9tica y de las condiciones de accesibilidad de los edificios, forman parte del proceso de regeneraci\u00f3n urbana que promueve el Ayuntamiento de Pamplona en zonas de la ciudad en las que detecta un mayor \u00edndice de vulnerabilidad, espacios en los que se considera necesario adoptar acciones que supongan una mejora de su imagen urbana<\/p>\n<p>Los tres convenios afectan a los edificios de Fuente de la Teja 18; traves\u00eda Ave Mar\u00eda 11 y Nazario Carriquiri, 8 y forman parte de la l\u00ednea de ayudas dispuestas por el Ayuntamiento de Pamplona para la rehabilitaci\u00f3n de edificios de las zonas del Soto de Lezkairu y Traves\u00eda Ave Maria. Una vez firmados los acuerdos, las futuras obras en los edificios podr\u00e1n obtener ayudas, tanto del Ayuntamiento de Pamplona, como del Gobierno de Navarra.<\/p>\n<p>Ahora los edificios que han suscrito los convenios podr\u00e1n promover las obras de rehabilitaci\u00f3n presentando sus respectivos proyectos de obras de acuerdo a las necesidades de cada uno de ellos, propuestas que deber\u00e1n presentarse en el Ayuntamiento para tramitar las ayudas que correspondan a la intervenci\u00f3n. El Consistorio colaborar\u00e1, a trav\u00e9s de la Oficina de Rehabilitaci\u00f3n de Viviendas (ORVE) en la tramitaci\u00f3n del expediente de rehabilitaci\u00f3n ante el Gobierno de Navarra.<\/p>\n<p><script async src=\"\/\/pagead2.googlesyndication.com\/pagead\/js\/adsbygoogle.js\"><\/script><br \/>\n<!-- Noticias La Guia de Pamplona --><br \/>\n<ins class=\"adsbygoogle\"\nstyle=\"display:block\"\ndata-ad-client=\"ca-pub-6943679897239327\"\ndata-ad-slot=\"7048180777\"\ndata-ad-format=\"auto\"><\/ins><br \/>\n<script>\n(adsbygoogle = window.adsbygoogle || []).push({});\n<\/script><\/p>\n<p><strong>Los edificios del Soto de Lezkairu y traves\u00eda Ave Maria<\/strong><\/p>\n<p>Con el acuerdo firmado con la comunidad de propietarios de la calle Fuente de la Teja 18, arranca la \u00faltima intervenci\u00f3n en los edificios del Soto, unas mejoras que cuando se acaben habr\u00e1 afectado a 11 edificios y un total de 96 viviendas. En la actualidad los otros 10 portales recogidos en el Convenio Marco que se firm\u00f3 en 2015 tienen las obras pr\u00e1cticamente acabadas.<\/p>\n<p>Los otros dos convenios particulares son uno que afecta conjuntamente a traves\u00eda Ave Mar\u00eda 11 y Nazario Carriquiri 8, firmado para realizar una instalaci\u00f3n compartida de ascensor, y un segundo convenio espec\u00edfico para la envolvente t\u00e9rmica suscrito \u00fanicamente por la comunidad de propietarios de Nazario Carriquiri, 8, ya que esa intervenci\u00f3n de envolvente ya fue realizada en traves\u00eda Ave Mar\u00eda 11. Estos dos convenios suponen acabar un proceso que ha afectado a 5 portales -48 viviendas- a trav\u00e9s del Convenio Marco firmado en 2017. As\u00ed con los tres convenios se terminar\u00e1n dos actuaciones de mejora que sumar\u00edan en su conjunto 16 portales con un total 144 viviendas.<\/p>\n<p>A partir de lo suscrito, los propietarios de los edificios asumir\u00e1n las labores propias de la promoci\u00f3n de las obras tales como la designaci\u00f3n y contrataci\u00f3n del t\u00e9cnico que redacte el Proyecto de Ejecuci\u00f3n de las obras, de los t\u00e9cnicos encargados de dirigirlas y de la empresa constructora. En todo caso la actuaci\u00f3n en los edificios se llevar\u00e1 a cabo una vez obtenida la correspondiente licencia de obras y la calificaci\u00f3n del expediente como de \u2018Rehabilitaci\u00f3n protegida\u2019, tanto por parte del Gobierno de Navarra, como por parte del Ayuntamiento de Pamplona. A partir de ese momento las comunidades de propietarios tendr\u00e1n acceso a las correspondientes subvenciones de ambas instituciones.<\/p>\n<p><script async src=\"\/\/pagead2.googlesyndication.com\/pagead\/js\/adsbygoogle.js\"><\/script><br \/>\n<!-- Noticias La Guia de Pamplona --><br \/>\n<ins class=\"adsbygoogle\"\nstyle=\"display:block\"\ndata-ad-client=\"ca-pub-6943679897239327\"\ndata-ad-slot=\"7048180777\"\ndata-ad-format=\"auto\"><\/ins><br \/>\n<script>\n(adsbygoogle = window.adsbygoogle || []).push({});\n<\/script><\/p>\n<p><strong>Las futuras mejoras en otras 480 viviendas<\/strong><\/p>\n<p>Esta actividad del Ayuntamiento de Pamplona iniciada en el a\u00f1o 2014, pretende implantar procesos de regeneraci\u00f3n urbana, a trav\u00e9s de la rehabilitaci\u00f3n de edificios, en las zonas donde detecta indicativos de una incipiente vulnerabilidad urbana.<\/p>\n<p>En estos momentos el Consistorio, adem\u00e1s de la intervenci\u00f3n en las zonas citadas de Lezkairu y Ave Mar\u00eda, trabaja en el desarrollo de cinco nuevos \u00e1mbitos: uno en Rochapea (63 viviendas del Grupo Oscoz), otras dos en la zona m\u00e1s antigua del barrio de San Jorge (recientemente aprobadas y que afectan a 256 viviendas), Carretera de Sarriguren (80 viviendas conocidas como Casas de la Diputaci\u00f3n) y Txantrea (81 viviendas en la antigua Colonia San Miguel). Tras llevar a cabo los correspondientes procesos, las mejoras acabar\u00edan recayendo sobre 480 viviendas.<\/p>\n<p>El procedimiento para incluir edificios en este sistema de subvenci\u00f3n especial, destinado exclusivamente a \u00e1mbitos en los que se perciben especiales necesidades de regeneraci\u00f3n urbana y de rehabilitaci\u00f3n de los edificios, requiere de estudios de vulnerabilidad y su aprobaci\u00f3n por el Pleno. A partir de ah\u00ed, se exige la aprobaci\u00f3n de un Proyecto de Intervenci\u00f3n Global (PIG) por parte del Gobierno de Navarra. El tercer paso es aprobaci\u00f3n del convenio marco y, desde esa estructura general, se firman convenios particulares con cada una de las comunidades de propietarios.<\/p>\n","protected":false},"excerpt":{"rendered":"","protected":false},"author":1,"featured_media":24557,"comment_status":"open","ping_status":"closed","sticky":false,"template":"","format":"standard","meta":{"footnotes":""},"categories":[2],"tags":[],"class_list":["post-24555","post","type-post","status-publish","format-standard","has-post-thumbnail","hentry","category-ayuntamiento-pamplona"],"yoast_head":"<!-- This site is optimized with the Yoast SEO plugin v27.3 - https:\/\/yoast.com\/product\/yoast-seo-wordpress\/ -->\n<title>Avanza el proceso de regeneraci\u00f3n urbana en las zonas de Soto de Lezkairu y traves\u00eda Ave Mar\u00eda que impulsa el Ayuntamiento de Pamplona<\/title>\n<meta name=\"robots\" content=\"index, follow, max-snippet:-1, max-image-preview:large, max-video-preview:-1\" \/>\n<link rel=\"canonical\" href=\"https:\/\/www.laguiadepamplona.com\/actualidad\/avanza-el-proceso-de-regeneracion-urbana-en-las-zonas-de-soto-de-lezkairu-y-travesia-ave-maria-que-impulsa-el-ayuntamiento-de-pamplona\/\" \/>\n<meta property=\"og:locale\" content=\"es_ES\" \/>\n<meta property=\"og:type\" content=\"article\" \/>\n<meta property=\"og:title\" content=\"Avanza el proceso de regeneraci\u00f3n urbana en las zonas de Soto de Lezkairu y traves\u00eda Ave Mar\u00eda que impulsa el Ayuntamiento de Pamplona\" \/>\n<meta property=\"og:url\" content=\"https:\/\/www.laguiadepamplona.com\/actualidad\/avanza-el-proceso-de-regeneracion-urbana-en-las-zonas-de-soto-de-lezkairu-y-travesia-ave-maria-que-impulsa-el-ayuntamiento-de-pamplona\/\" \/>\n<meta property=\"og:site_name\" content=\"La Gu\u00eda de Pamplona\" \/>\n<meta property=\"article:publisher\" content=\"https:\/\/www.facebook.com\/laguiadepamplonacom-133175176762273\/?ref=hl\" \/>\n<meta property=\"article:published_time\" content=\"2019-09-20T10:42:02+00:00\" \/>\n<meta property=\"og:image\" content=\"https:\/\/www.laguiadepamplona.com\/actualidad\/wp-content\/uploads\/2019\/09\/soto-lezkairu.jpg\" \/>\n\t<meta property=\"og:image:width\" content=\"640\" \/>\n\t<meta property=\"og:image:height\" content=\"480\" \/>\n\t<meta property=\"og:image:type\" content=\"image\/jpeg\" \/>\n<meta name=\"author\" content=\"La Gu\u00eda de Pamplona\" \/>\n<meta name=\"twitter:card\" content=\"summary_large_image\" \/>\n<meta name=\"twitter:creator\" content=\"@LaGuiadPamplona\" \/>\n<meta name=\"twitter:site\" content=\"@LaGuiadPamplona\" \/>\n<meta name=\"twitter:label1\" content=\"Escrito por\" \/>\n\t<meta name=\"twitter:data1\" content=\"La Gu\u00eda de Pamplona\" \/>\n\t<meta name=\"twitter:label2\" content=\"Tiempo de lectura\" \/>\n\t<meta name=\"twitter:data2\" content=\"4 minutos\" \/>\n<script type=\"application\/ld+json\" class=\"yoast-schema-graph\">{\"@context\":\"https:\\\/\\\/schema.org\",\"@graph\":[{\"@type\":\"Article\",\"@id\":\"https:\\\/\\\/www.laguiadepamplona.com\\\/actualidad\\\/avanza-el-proceso-de-regeneracion-urbana-en-las-zonas-de-soto-de-lezkairu-y-travesia-ave-maria-que-impulsa-el-ayuntamiento-de-pamplona\\\/#article\",\"isPartOf\":{\"@id\":\"https:\\\/\\\/www.laguiadepamplona.com\\\/actualidad\\\/avanza-el-proceso-de-regeneracion-urbana-en-las-zonas-de-soto-de-lezkairu-y-travesia-ave-maria-que-impulsa-el-ayuntamiento-de-pamplona\\\/\"},\"author\":{\"name\":\"La Gu\u00eda de Pamplona\",\"@id\":\"https:\\\/\\\/www.laguiadepamplona.com\\\/actualidad\\\/#\\\/schema\\\/person\\\/efe887376f0213d4657c93adc50b1fdb\"},\"headline\":\"Avanza el proceso de regeneraci\u00f3n urbana en las zonas de Soto de Lezkairu y traves\u00eda Ave Mar\u00eda que impulsa el Ayuntamiento de Pamplona\",\"datePublished\":\"2019-09-20T10:42:02+00:00\",\"mainEntityOfPage\":{\"@id\":\"https:\\\/\\\/www.laguiadepamplona.com\\\/actualidad\\\/avanza-el-proceso-de-regeneracion-urbana-en-las-zonas-de-soto-de-lezkairu-y-travesia-ave-maria-que-impulsa-el-ayuntamiento-de-pamplona\\\/\"},\"wordCount\":849,\"commentCount\":0,\"publisher\":{\"@id\":\"https:\\\/\\\/www.laguiadepamplona.com\\\/actualidad\\\/#organization\"},\"image\":{\"@id\":\"https:\\\/\\\/www.laguiadepamplona.com\\\/actualidad\\\/avanza-el-proceso-de-regeneracion-urbana-en-las-zonas-de-soto-de-lezkairu-y-travesia-ave-maria-que-impulsa-el-ayuntamiento-de-pamplona\\\/#primaryimage\"},\"thumbnailUrl\":\"https:\\\/\\\/www.laguiadepamplona.com\\\/actualidad\\\/wp-content\\\/uploads\\\/2019\\\/09\\\/soto-lezkairu.jpg\",\"articleSection\":[\"Ayto Pamplona\"],\"inLanguage\":\"es\",\"potentialAction\":[{\"@type\":\"CommentAction\",\"name\":\"Comment\",\"target\":[\"https:\\\/\\\/www.laguiadepamplona.com\\\/actualidad\\\/avanza-el-proceso-de-regeneracion-urbana-en-las-zonas-de-soto-de-lezkairu-y-travesia-ave-maria-que-impulsa-el-ayuntamiento-de-pamplona\\\/#respond\"]}]},{\"@type\":\"WebPage\",\"@id\":\"https:\\\/\\\/www.laguiadepamplona.com\\\/actualidad\\\/avanza-el-proceso-de-regeneracion-urbana-en-las-zonas-de-soto-de-lezkairu-y-travesia-ave-maria-que-impulsa-el-ayuntamiento-de-pamplona\\\/\",\"url\":\"https:\\\/\\\/www.laguiadepamplona.com\\\/actualidad\\\/avanza-el-proceso-de-regeneracion-urbana-en-las-zonas-de-soto-de-lezkairu-y-travesia-ave-maria-que-impulsa-el-ayuntamiento-de-pamplona\\\/\",\"name\":\"Avanza el proceso de regeneraci\u00f3n urbana en las zonas de Soto de Lezkairu y traves\u00eda Ave Mar\u00eda que impulsa el Ayuntamiento de Pamplona\",\"isPartOf\":{\"@id\":\"https:\\\/\\\/www.laguiadepamplona.com\\\/actualidad\\\/#website\"},\"primaryImageOfPage\":{\"@id\":\"https:\\\/\\\/www.laguiadepamplona.com\\\/actualidad\\\/avanza-el-proceso-de-regeneracion-urbana-en-las-zonas-de-soto-de-lezkairu-y-travesia-ave-maria-que-impulsa-el-ayuntamiento-de-pamplona\\\/#primaryimage\"},\"image\":{\"@id\":\"https:\\\/\\\/www.laguiadepamplona.com\\\/actualidad\\\/avanza-el-proceso-de-regeneracion-urbana-en-las-zonas-de-soto-de-lezkairu-y-travesia-ave-maria-que-impulsa-el-ayuntamiento-de-pamplona\\\/#primaryimage\"},\"thumbnailUrl\":\"https:\\\/\\\/www.laguiadepamplona.com\\\/actualidad\\\/wp-content\\\/uploads\\\/2019\\\/09\\\/soto-lezkairu.jpg\",\"datePublished\":\"2019-09-20T10:42:02+00:00\",\"breadcrumb\":{\"@id\":\"https:\\\/\\\/www.laguiadepamplona.com\\\/actualidad\\\/avanza-el-proceso-de-regeneracion-urbana-en-las-zonas-de-soto-de-lezkairu-y-travesia-ave-maria-que-impulsa-el-ayuntamiento-de-pamplona\\\/#breadcrumb\"},\"inLanguage\":\"es\",\"potentialAction\":[{\"@type\":\"ReadAction\",\"target\":[\"https:\\\/\\\/www.laguiadepamplona.com\\\/actualidad\\\/avanza-el-proceso-de-regeneracion-urbana-en-las-zonas-de-soto-de-lezkairu-y-travesia-ave-maria-que-impulsa-el-ayuntamiento-de-pamplona\\\/\"]}]},{\"@type\":\"ImageObject\",\"inLanguage\":\"es\",\"@id\":\"https:\\\/\\\/www.laguiadepamplona.com\\\/actualidad\\\/avanza-el-proceso-de-regeneracion-urbana-en-las-zonas-de-soto-de-lezkairu-y-travesia-ave-maria-que-impulsa-el-ayuntamiento-de-pamplona\\\/#primaryimage\",\"url\":\"https:\\\/\\\/www.laguiadepamplona.com\\\/actualidad\\\/wp-content\\\/uploads\\\/2019\\\/09\\\/soto-lezkairu.jpg\",\"contentUrl\":\"https:\\\/\\\/www.laguiadepamplona.com\\\/actualidad\\\/wp-content\\\/uploads\\\/2019\\\/09\\\/soto-lezkairu.jpg\",\"width\":640,\"height\":480},{\"@type\":\"BreadcrumbList\",\"@id\":\"https:\\\/\\\/www.laguiadepamplona.com\\\/actualidad\\\/avanza-el-proceso-de-regeneracion-urbana-en-las-zonas-de-soto-de-lezkairu-y-travesia-ave-maria-que-impulsa-el-ayuntamiento-de-pamplona\\\/#breadcrumb\",\"itemListElement\":[{\"@type\":\"ListItem\",\"position\":1,\"name\":\"Portada\",\"item\":\"https:\\\/\\\/www.laguiadepamplona.com\\\/actualidad\\\/\"},{\"@type\":\"ListItem\",\"position\":2,\"name\":\"Avanza el proceso de regeneraci\u00f3n urbana en las zonas de Soto de Lezkairu y traves\u00eda Ave Mar\u00eda que impulsa el Ayuntamiento de Pamplona\"}]},{\"@type\":\"WebSite\",\"@id\":\"https:\\\/\\\/www.laguiadepamplona.com\\\/actualidad\\\/#website\",\"url\":\"https:\\\/\\\/www.laguiadepamplona.com\\\/actualidad\\\/\",\"name\":\"La gu\u00eda de Pamplona\",\"description\":\"Noticias de Pamplona\",\"publisher\":{\"@id\":\"https:\\\/\\\/www.laguiadepamplona.com\\\/actualidad\\\/#organization\"},\"potentialAction\":[{\"@type\":\"SearchAction\",\"target\":{\"@type\":\"EntryPoint\",\"urlTemplate\":\"https:\\\/\\\/www.laguiadepamplona.com\\\/actualidad\\\/?s={search_term_string}\"},\"query-input\":{\"@type\":\"PropertyValueSpecification\",\"valueRequired\":true,\"valueName\":\"search_term_string\"}}],\"inLanguage\":\"es\"},{\"@type\":\"Organization\",\"@id\":\"https:\\\/\\\/www.laguiadepamplona.com\\\/actualidad\\\/#organization\",\"name\":\"La Gu\u00eda de Pamplona \\\/ Noticias\",\"url\":\"https:\\\/\\\/www.laguiadepamplona.com\\\/actualidad\\\/\",\"logo\":{\"@type\":\"ImageObject\",\"inLanguage\":\"es\",\"@id\":\"https:\\\/\\\/www.laguiadepamplona.com\\\/actualidad\\\/#\\\/schema\\\/logo\\\/image\\\/\",\"url\":\"https:\\\/\\\/www.laguiadepamplona.com\\\/actualidad\\\/wp-content\\\/uploads\\\/2018\\\/11\\\/logo-laguiadepamplona18-web1.png\",\"contentUrl\":\"https:\\\/\\\/www.laguiadepamplona.com\\\/actualidad\\\/wp-content\\\/uploads\\\/2018\\\/11\\\/logo-laguiadepamplona18-web1.png\",\"width\":600,\"height\":196,\"caption\":\"La Gu\u00eda de Pamplona \\\/ Noticias\"},\"image\":{\"@id\":\"https:\\\/\\\/www.laguiadepamplona.com\\\/actualidad\\\/#\\\/schema\\\/logo\\\/image\\\/\"},\"sameAs\":[\"https:\\\/\\\/www.facebook.com\\\/laguiadepamplonacom-133175176762273\\\/?ref=hl\",\"https:\\\/\\\/x.com\\\/LaGuiadPamplona\",\"https:\\\/\\\/www.instagram.com\\\/la_guia_de_pamplona\\\/\",\"https:\\\/\\\/www.youtube.com\\\/user\\\/laguiadepamplona\"]},{\"@type\":\"Person\",\"@id\":\"https:\\\/\\\/www.laguiadepamplona.com\\\/actualidad\\\/#\\\/schema\\\/person\\\/efe887376f0213d4657c93adc50b1fdb\",\"name\":\"La Gu\u00eda de Pamplona\",\"image\":{\"@type\":\"ImageObject\",\"inLanguage\":\"es\",\"@id\":\"https:\\\/\\\/secure.gravatar.com\\\/avatar\\\/b6992f131dc8d30ab0dff15446e9d346d9dbd95992de0fef795073f5ea83a81c?s=96&d=mm&r=g\",\"url\":\"https:\\\/\\\/secure.gravatar.com\\\/avatar\\\/b6992f131dc8d30ab0dff15446e9d346d9dbd95992de0fef795073f5ea83a81c?s=96&d=mm&r=g\",\"contentUrl\":\"https:\\\/\\\/secure.gravatar.com\\\/avatar\\\/b6992f131dc8d30ab0dff15446e9d346d9dbd95992de0fef795073f5ea83a81c?s=96&d=mm&r=g\",\"caption\":\"La Gu\u00eda de Pamplona\"}}]}<\/script>\n<!-- \/ Yoast SEO plugin. -->","yoast_head_json":{"title":"Avanza el proceso de regeneraci\u00f3n urbana en las zonas de Soto de Lezkairu y traves\u00eda Ave Mar\u00eda que impulsa el Ayuntamiento de Pamplona","robots":{"index":"index","follow":"follow","max-snippet":"max-snippet:-1","max-image-preview":"max-image-preview:large","max-video-preview":"max-video-preview:-1"},"canonical":"https:\/\/www.laguiadepamplona.com\/actualidad\/avanza-el-proceso-de-regeneracion-urbana-en-las-zonas-de-soto-de-lezkairu-y-travesia-ave-maria-que-impulsa-el-ayuntamiento-de-pamplona\/","og_locale":"es_ES","og_type":"article","og_title":"Avanza el proceso de regeneraci\u00f3n urbana en las zonas de Soto de Lezkairu y traves\u00eda Ave Mar\u00eda que impulsa el Ayuntamiento de Pamplona","og_url":"https:\/\/www.laguiadepamplona.com\/actualidad\/avanza-el-proceso-de-regeneracion-urbana-en-las-zonas-de-soto-de-lezkairu-y-travesia-ave-maria-que-impulsa-el-ayuntamiento-de-pamplona\/","og_site_name":"La Gu\u00eda de Pamplona","article_publisher":"https:\/\/www.facebook.com\/laguiadepamplonacom-133175176762273\/?ref=hl","article_published_time":"2019-09-20T10:42:02+00:00","og_image":[{"width":640,"height":480,"url":"https:\/\/www.laguiadepamplona.com\/actualidad\/wp-content\/uploads\/2019\/09\/soto-lezkairu.jpg","type":"image\/jpeg"}],"author":"La Gu\u00eda de Pamplona","twitter_card":"summary_large_image","twitter_creator":"@LaGuiadPamplona","twitter_site":"@LaGuiadPamplona","twitter_misc":{"Escrito por":"La Gu\u00eda de Pamplona","Tiempo de lectura":"4 minutos"},"schema":{"@context":"https:\/\/schema.org","@graph":[{"@type":"Article","@id":"https:\/\/www.laguiadepamplona.com\/actualidad\/avanza-el-proceso-de-regeneracion-urbana-en-las-zonas-de-soto-de-lezkairu-y-travesia-ave-maria-que-impulsa-el-ayuntamiento-de-pamplona\/#article","isPartOf":{"@id":"https:\/\/www.laguiadepamplona.com\/actualidad\/avanza-el-proceso-de-regeneracion-urbana-en-las-zonas-de-soto-de-lezkairu-y-travesia-ave-maria-que-impulsa-el-ayuntamiento-de-pamplona\/"},"author":{"name":"La Gu\u00eda de Pamplona","@id":"https:\/\/www.laguiadepamplona.com\/actualidad\/#\/schema\/person\/efe887376f0213d4657c93adc50b1fdb"},"headline":"Avanza el proceso de regeneraci\u00f3n urbana en las zonas de Soto de Lezkairu y traves\u00eda Ave Mar\u00eda que impulsa el Ayuntamiento de Pamplona","datePublished":"2019-09-20T10:42:02+00:00","mainEntityOfPage":{"@id":"https:\/\/www.laguiadepamplona.com\/actualidad\/avanza-el-proceso-de-regeneracion-urbana-en-las-zonas-de-soto-de-lezkairu-y-travesia-ave-maria-que-impulsa-el-ayuntamiento-de-pamplona\/"},"wordCount":849,"commentCount":0,"publisher":{"@id":"https:\/\/www.laguiadepamplona.com\/actualidad\/#organization"},"image":{"@id":"https:\/\/www.laguiadepamplona.com\/actualidad\/avanza-el-proceso-de-regeneracion-urbana-en-las-zonas-de-soto-de-lezkairu-y-travesia-ave-maria-que-impulsa-el-ayuntamiento-de-pamplona\/#primaryimage"},"thumbnailUrl":"https:\/\/www.laguiadepamplona.com\/actualidad\/wp-content\/uploads\/2019\/09\/soto-lezkairu.jpg","articleSection":["Ayto Pamplona"],"inLanguage":"es","potentialAction":[{"@type":"CommentAction","name":"Comment","target":["https:\/\/www.laguiadepamplona.com\/actualidad\/avanza-el-proceso-de-regeneracion-urbana-en-las-zonas-de-soto-de-lezkairu-y-travesia-ave-maria-que-impulsa-el-ayuntamiento-de-pamplona\/#respond"]}]},{"@type":"WebPage","@id":"https:\/\/www.laguiadepamplona.com\/actualidad\/avanza-el-proceso-de-regeneracion-urbana-en-las-zonas-de-soto-de-lezkairu-y-travesia-ave-maria-que-impulsa-el-ayuntamiento-de-pamplona\/","url":"https:\/\/www.laguiadepamplona.com\/actualidad\/avanza-el-proceso-de-regeneracion-urbana-en-las-zonas-de-soto-de-lezkairu-y-travesia-ave-maria-que-impulsa-el-ayuntamiento-de-pamplona\/","name":"Avanza el proceso de regeneraci\u00f3n urbana en las zonas de Soto de Lezkairu y traves\u00eda Ave Mar\u00eda que impulsa el Ayuntamiento de Pamplona","isPartOf":{"@id":"https:\/\/www.laguiadepamplona.com\/actualidad\/#website"},"primaryImageOfPage":{"@id":"https:\/\/www.laguiadepamplona.com\/actualidad\/avanza-el-proceso-de-regeneracion-urbana-en-las-zonas-de-soto-de-lezkairu-y-travesia-ave-maria-que-impulsa-el-ayuntamiento-de-pamplona\/#primaryimage"},"image":{"@id":"https:\/\/www.laguiadepamplona.com\/actualidad\/avanza-el-proceso-de-regeneracion-urbana-en-las-zonas-de-soto-de-lezkairu-y-travesia-ave-maria-que-impulsa-el-ayuntamiento-de-pamplona\/#primaryimage"},"thumbnailUrl":"https:\/\/www.laguiadepamplona.com\/actualidad\/wp-content\/uploads\/2019\/09\/soto-lezkairu.jpg","datePublished":"2019-09-20T10:42:02+00:00","breadcrumb":{"@id":"https:\/\/www.laguiadepamplona.com\/actualidad\/avanza-el-proceso-de-regeneracion-urbana-en-las-zonas-de-soto-de-lezkairu-y-travesia-ave-maria-que-impulsa-el-ayuntamiento-de-pamplona\/#breadcrumb"},"inLanguage":"es","potentialAction":[{"@type":"ReadAction","target":["https:\/\/www.laguiadepamplona.com\/actualidad\/avanza-el-proceso-de-regeneracion-urbana-en-las-zonas-de-soto-de-lezkairu-y-travesia-ave-maria-que-impulsa-el-ayuntamiento-de-pamplona\/"]}]},{"@type":"ImageObject","inLanguage":"es","@id":"https:\/\/www.laguiadepamplona.com\/actualidad\/avanza-el-proceso-de-regeneracion-urbana-en-las-zonas-de-soto-de-lezkairu-y-travesia-ave-maria-que-impulsa-el-ayuntamiento-de-pamplona\/#primaryimage","url":"https:\/\/www.laguiadepamplona.com\/actualidad\/wp-content\/uploads\/2019\/09\/soto-lezkairu.jpg","contentUrl":"https:\/\/www.laguiadepamplona.com\/actualidad\/wp-content\/uploads\/2019\/09\/soto-lezkairu.jpg","width":640,"height":480},{"@type":"BreadcrumbList","@id":"https:\/\/www.laguiadepamplona.com\/actualidad\/avanza-el-proceso-de-regeneracion-urbana-en-las-zonas-de-soto-de-lezkairu-y-travesia-ave-maria-que-impulsa-el-ayuntamiento-de-pamplona\/#breadcrumb","itemListElement":[{"@type":"ListItem","position":1,"name":"Portada","item":"https:\/\/www.laguiadepamplona.com\/actualidad\/"},{"@type":"ListItem","position":2,"name":"Avanza el proceso de regeneraci\u00f3n urbana en las zonas de Soto de Lezkairu y traves\u00eda Ave Mar\u00eda que impulsa el Ayuntamiento de Pamplona"}]},{"@type":"WebSite","@id":"https:\/\/www.laguiadepamplona.com\/actualidad\/#website","url":"https:\/\/www.laguiadepamplona.com\/actualidad\/","name":"La gu\u00eda de Pamplona","description":"Noticias de Pamplona","publisher":{"@id":"https:\/\/www.laguiadepamplona.com\/actualidad\/#organization"},"potentialAction":[{"@type":"SearchAction","target":{"@type":"EntryPoint","urlTemplate":"https:\/\/www.laguiadepamplona.com\/actualidad\/?s={search_term_string}"},"query-input":{"@type":"PropertyValueSpecification","valueRequired":true,"valueName":"search_term_string"}}],"inLanguage":"es"},{"@type":"Organization","@id":"https:\/\/www.laguiadepamplona.com\/actualidad\/#organization","name":"La Gu\u00eda de Pamplona \/ Noticias","url":"https:\/\/www.laguiadepamplona.com\/actualidad\/","logo":{"@type":"ImageObject","inLanguage":"es","@id":"https:\/\/www.laguiadepamplona.com\/actualidad\/#\/schema\/logo\/image\/","url":"https:\/\/www.laguiadepamplona.com\/actualidad\/wp-content\/uploads\/2018\/11\/logo-laguiadepamplona18-web1.png","contentUrl":"https:\/\/www.laguiadepamplona.com\/actualidad\/wp-content\/uploads\/2018\/11\/logo-laguiadepamplona18-web1.png","width":600,"height":196,"caption":"La Gu\u00eda de Pamplona \/ Noticias"},"image":{"@id":"https:\/\/www.laguiadepamplona.com\/actualidad\/#\/schema\/logo\/image\/"},"sameAs":["https:\/\/www.facebook.com\/laguiadepamplonacom-133175176762273\/?ref=hl","https:\/\/x.com\/LaGuiadPamplona","https:\/\/www.instagram.com\/la_guia_de_pamplona\/","https:\/\/www.youtube.com\/user\/laguiadepamplona"]},{"@type":"Person","@id":"https:\/\/www.laguiadepamplona.com\/actualidad\/#\/schema\/person\/efe887376f0213d4657c93adc50b1fdb","name":"La Gu\u00eda de Pamplona","image":{"@type":"ImageObject","inLanguage":"es","@id":"https:\/\/secure.gravatar.com\/avatar\/b6992f131dc8d30ab0dff15446e9d346d9dbd95992de0fef795073f5ea83a81c?s=96&d=mm&r=g","url":"https:\/\/secure.gravatar.com\/avatar\/b6992f131dc8d30ab0dff15446e9d346d9dbd95992de0fef795073f5ea83a81c?s=96&d=mm&r=g","contentUrl":"https:\/\/secure.gravatar.com\/avatar\/b6992f131dc8d30ab0dff15446e9d346d9dbd95992de0fef795073f5ea83a81c?s=96&d=mm&r=g","caption":"La Gu\u00eda de Pamplona"}}]}},"post_mailing_queue_ids":[],"_links":{"self":[{"href":"https:\/\/www.laguiadepamplona.com\/actualidad\/wp-json\/wp\/v2\/posts\/24555","targetHints":{"allow":["GET"]}}],"collection":[{"href":"https:\/\/www.laguiadepamplona.com\/actualidad\/wp-json\/wp\/v2\/posts"}],"about":[{"href":"https:\/\/www.laguiadepamplona.com\/actualidad\/wp-json\/wp\/v2\/types\/post"}],"author":[{"embeddable":true,"href":"https:\/\/www.laguiadepamplona.com\/actualidad\/wp-json\/wp\/v2\/users\/1"}],"replies":[{"embeddable":true,"href":"https:\/\/www.laguiadepamplona.com\/actualidad\/wp-json\/wp\/v2\/comments?post=24555"}],"version-history":[{"count":0,"href":"https:\/\/www.laguiadepamplona.com\/actualidad\/wp-json\/wp\/v2\/posts\/24555\/revisions"}],"wp:featuredmedia":[{"embeddable":true,"href":"https:\/\/www.laguiadepamplona.com\/actualidad\/wp-json\/wp\/v2\/media\/24557"}],"wp:attachment":[{"href":"https:\/\/www.laguiadepamplona.com\/actualidad\/wp-json\/wp\/v2\/media?parent=24555"}],"wp:term":[{"taxonomy":"category","embeddable":true,"href":"https:\/\/www.laguiadepamplona.com\/actualidad\/wp-json\/wp\/v2\/categories?post=24555"},{"taxonomy":"post_tag","embeddable":true,"href":"https:\/\/www.laguiadepamplona.com\/actualidad\/wp-json\/wp\/v2\/tags?post=24555"}],"curies":[{"name":"wp","href":"https:\/\/api.w.org\/{rel}","templated":true}]}}