{"id":24534,"date":"2019-09-19T16:52:25","date_gmt":"2019-09-19T14:52:25","guid":{"rendered":"https:\/\/www.laguiadepamplona.es\/actualidad\/?p=24534"},"modified":"2019-09-19T16:52:25","modified_gmt":"2019-09-19T14:52:25","slug":"alrededor-de-500-escolares-de-primaria-y-eso-se-suman-a-la-primera-bicicletada-infantil-que-organiza-manana-el-ayuntamiento-dentro-de-la-semana-de-la-movilidad","status":"publish","type":"post","link":"https:\/\/www.laguiadepamplona.com\/actualidad\/alrededor-de-500-escolares-de-primaria-y-eso-se-suman-a-la-primera-bicicletada-infantil-que-organiza-manana-el-ayuntamiento-dentro-de-la-semana-de-la-movilidad\/","title":{"rendered":"Alrededor de 500 escolares de Primaria y ESO se suman a la primera \u2018bicicletada infantil\u2019 que organiza ma\u00f1ana el Ayuntamiento dentro de la Semana de la Movilidad"},"content":{"rendered":"<p><!--more--><\/p>\n<h3>Ante las previsiones de lluvia, se ha optado por cancelar la Fiesta de Movilidad prevista para todo el d\u00eda del s\u00e1bado en el Paseo de Sarasate<\/h3>\n<p>Alrededor de 500 escolares tomar\u00e1n ma\u00f1ana las calles de Pamplona en la primera \u2018bicicletada infantil\u2019 organizada por el Ayuntamiento en colaboraci\u00f3n con varios colegios e institutos de la capital navarra. La iniciativa, enmarcada dentro de los actos de la Semana de la Movilidad, busca hacer de la ciudad un entorno m\u00e1s amable para la bici y animar a los menores a usar este medio de transporte en su d\u00eda a d\u00eda.<\/p>\n<p>En la marcha, que dar\u00e1 comienzo a las nueve de la ma\u00f1ana, participan alumnos de Primaria y de Secundaria de siete colegios e institutos. En concreto, se han sumado a la iniciativa el CPEIP Mendillorri, CPEIP El Lago, IES Mendillori, Ikastola Hegoalde, Ikastola Amaiur, IES Eunate y el colegio Esclavas del Sagrado Coraz\u00f3n. Para todos ellos, y en funci\u00f3n del centro desde el que partir\u00e1n, se han dise\u00f1ado distintas rutas, priorizando v\u00edas ciclistas, parques y zonas peatonales para llegar hasta el Paseo de Sarasate, punto de encuentro de las cuatro rutas. Durante todo el trayecto, contar\u00e1n con el apoyo de monitores y agentes de Polic\u00eda Municipal, para garantizar su seguridad en los cruces peatonales y accesos a las calzadas. En las calles por las que discurra la bicicletada se podr\u00e1n producir cortes puntuales de tr\u00e1fico, con el objetivo de que el grupo de ciclistas no se quede fragmentado.<\/p>\n<p>Una vez reunidos, en torno a las 10.30 horas, todos estos j\u00f3venes rodar\u00e1n juntos en una peque\u00f1a ruta por el I Ensanche, atravesando las calles Garc\u00eda Casta\u00f1\u00f3n, Navas de Tolosa, Padre Moret y Yanguas y Miranda para volver, de nuevo al Paseo de Sarasate.<\/p>\n<p><script async src=\"\/\/pagead2.googlesyndication.com\/pagead\/js\/adsbygoogle.js\"><\/script><br \/>\n<!-- Noticias La Guia de Pamplona --><br \/>\n<ins class=\"adsbygoogle\"\nstyle=\"display:block\"\ndata-ad-client=\"ca-pub-6943679897239327\"\ndata-ad-slot=\"7048180777\"\ndata-ad-format=\"auto\"><\/ins><br \/>\n<script>\n(adsbygoogle = window.adsbygoogle || []).push({});\n<\/script><\/p>\n<p><strong>Fiesta de la movilidad<\/strong><\/p>\n<p>Precisamente el Paseo de Sarasate se convertir\u00e1 en el centro neur\u00e1lgico de esta jornada. All\u00ed se celebrar\u00e1 a lo largo de todo el d\u00eda la \u2018Fiesta de la movilidad\u2019, con hinchables, murales, un circuito de seguridad vial y varios talleres. Las actividades estar\u00e1n abiertas a todo el p\u00fablico entre las once de la ma\u00f1ana y las dos de la tarde, y entre las cinco y las ocho de la tarde. Se trata de visibilizar de forma l\u00fadica y did\u00e1ctica las ventajas de optar por una movilidad responsable con el medio ambiente y libre de emisiones, potenciando el uso de la bici y los desplazamientos a pie, as\u00ed como el transporte p\u00fablico.<\/p>\n<p>Tras participar en las actividades proyectadas en este lugar, pasadas las doce del mediod\u00eda, los escolares regresar\u00e1n pedaleando a sus centros, siguiendo las mismas rutas y acompa\u00f1ados por monitores.<\/p>\n<p><script async src=\"\/\/pagead2.googlesyndication.com\/pagead\/js\/adsbygoogle.js\"><\/script><br \/>\n<!-- Noticias La Guia de Pamplona --><br \/>\n<ins class=\"adsbygoogle\"\nstyle=\"display:block\"\ndata-ad-client=\"ca-pub-6943679897239327\"\ndata-ad-slot=\"7048180777\"\ndata-ad-format=\"auto\"><\/ins><br \/>\n<script>\n(adsbygoogle = window.adsbygoogle || []).push({});\n<\/script><\/p>\n<p><strong>Cancelada la \u2018Fiesta de la Movilidad\u2019 del s\u00e1bado<\/strong><\/p>\n<p>En un principio, dentro de la Semana de la Movilidad, se hab\u00eda previsto que la \u2018Fiesta de la Movilidad\u2019 se prolongara no s\u00f3lo el viernes sino tambi\u00e9n el s\u00e1bado. No obstante, ante una previsi\u00f3n meteorol\u00f3gica adversa, el Ayuntamiento de Pamplona ha decidido cancelar el programa de actividades del s\u00e1bado en el Paseo de Sarasate, puesto que se trata de talleres e hinchables al aire libre.<\/p>\n<p><script async src=\"\/\/pagead2.googlesyndication.com\/pagead\/js\/adsbygoogle.js\"><\/script><br \/>\n<!-- Noticias La Guia de Pamplona --><br \/>\n<ins class=\"adsbygoogle\"\nstyle=\"display:block\"\ndata-ad-client=\"ca-pub-6943679897239327\"\ndata-ad-slot=\"7048180777\"\ndata-ad-format=\"auto\"><\/ins><br \/>\n<script>\n(adsbygoogle = window.adsbygoogle || []).push({});\n<\/script><\/p>\n<p><strong>Programa \u2018La bicicleta en la escuela\u2019<\/strong><\/p>\n<p>La \u2018bicicletada infantil\u2019 supone llevar a la pr\u00e1ctica las recomendaciones del programa \u2018La bicicleta en la escuela\u2019; iniciativa que el \u00e1rea de Movilidad del Ayuntamiento de Pamplona ha impulsado en los centros educativos y que este curso celebra su tercera edici\u00f3n. El programa tiene como objetivo inculcar en el alumnado una circulaci\u00f3n segura y responsable sobre la bicicleta mediante unas sesiones formativas en las aulas. Estos talleres se componen de seis horas de formaci\u00f3n eminentemente pr\u00e1ctica, puesto que van dirigidos a alumnado de 5\u00ba y 6\u00ba de Primaria y 1\u00ba y 2\u00ba de ESO (entre 11 y 14 a\u00f1os).<\/p>\n<p>Con la colaboraci\u00f3n de los centros, que son quienes solicitan gratuitamente adherirse a este programa, se establecen tres sesiones de dos horas de duraci\u00f3n cada una de ellas. Los contenidos se adaptan a cada grupo seg\u00fan el nivel de conocimiento y capacitaci\u00f3n que presente el alumnado.<\/p>\n<p>En una primera sesi\u00f3n se busca conocer la bici, sus elementos de seguridad y el mantenimiento que requiere. Adem\u00e1s, se dan las normas b\u00e1sicas de circulaci\u00f3n. En la segunda sesi\u00f3n se pasa a conducir una bici dentro de un circuito cerrado dise\u00f1ado en el recinto escolar. Los escolares <em>mejoran sus capacidades y reflejos montando en bici en un <\/em>circuito con diferentes obst\u00e1culos en un espacio de tiempo determinado. La \u00faltima sesi\u00f3n del programa afronta la circulaci\u00f3n en bici por una v\u00eda ciclista o en una v\u00eda p\u00fablica en una salida en grupo tutelada por los monitores de la formaci\u00f3n. Ah\u00ed se pone en pr\u00e1ctica lo aprendido en cuanto a posicionamiento en la calle, se\u00f1ales de tr\u00e1fico, la comprobaci\u00f3n visual y auditiva y evitar \u00e1ngulos ciegos, entre otros aspectos.<\/p>\n<p>Con todo esto, se pretende fomentar la autonom\u00eda y la seguridad de los menores cuando se montan en una bicicleta, as\u00ed como desarrollar actitudes positivas hacia su uso.<\/p>\n<h3><span style=\"color: #ff0000;\">Las Cuatro Rutas de la Bicicletada Infantil<\/span><\/h3>\n<ul>\n<li><strong>Ruta de Mendillorri<\/strong>. Salida desde el CPEIP Mendillorri por las calles San Juan de Dios y Arnalt de Larrasoa\u00f1a hasta la Plaza del Soto. Desde all\u00ed, por las calles Sarriguren, Monjard\u00edn y Eg\u00fc\u00e9s hasta el Parque Media Luna, Plaza de Toros, Duque de Ahumada y Plaza Castillo hasta Paseo de Sarasate.<\/li>\n<li><strong>Ruta de la Milagrosa<\/strong>. Salida desde la Ikastola Hegoalde, por el carril bici de la calle Juli\u00e1n Gayarre hasta la avenida Zaragoza, de donde se accede a la Plaza de los Fueros para salir hacia la estaci\u00f3n de autobuses. Desde all\u00ed, por Yanguas y Miranda hasta el Paseo de Sarasate.<\/li>\n<li><strong>Ruta de P\u00edo XII<\/strong>. Salida desde Ikastola Amaiur por la calle Iturrama hasta P\u00edo XII. De ah\u00ed, tras cruzar la avenida del Ej\u00e9rcito, la marcha sigue por las calles Padre Moret, Marqu\u00e9s de Rozalejo, y Navas de Tolosa hasta llegar al Paseo de Sarasate.<\/li>\n<li><strong>Ruta de la Txantrea.<\/strong> Salida del IES Eunate por las calles Aibar, M\u00aa Auxiliadora y Padre Ado\u00e1in, para acceder a Aranzadi. Por su parte, el alumnado de Esclavas del Sagrado Coraz\u00f3n circular\u00e1 en bici por la avenida Villava hasta cruce con Padre Ado\u00e1in. De ah\u00ed, en paralelo al parque fluvial, llegar\u00e1 a Aranzadi, donde se encontrar\u00e1n con los estudiantes del IES Eunate. Desde all\u00ed, todos juntos ir\u00e1n al antiguo puente San Pedro, por el vial y por el paseo fluvial hasta el puente de Corralillos. Tras subida por la cuesta de Curtidores, la marcha contin\u00faa por la calle Mayor, Rinc\u00f3n de la Aduana y General Chinchilla para terminar en el Paseo de Sarasate.<\/li>\n<\/ul>\n","protected":false},"excerpt":{"rendered":"","protected":false},"author":1,"featured_media":24335,"comment_status":"open","ping_status":"closed","sticky":false,"template":"","format":"standard","meta":{"footnotes":""},"categories":[2],"tags":[],"class_list":["post-24534","post","type-post","status-publish","format-standard","has-post-thumbnail","hentry","category-ayuntamiento-pamplona"],"yoast_head":"<!-- This site is optimized with the Yoast SEO plugin v27.3 - https:\/\/yoast.com\/product\/yoast-seo-wordpress\/ -->\n<title>Alrededor de 500 escolares de Primaria y ESO se suman a la primera \u2018bicicletada infantil\u2019 que organiza ma\u00f1ana el Ayuntamiento dentro de la Semana de la Movilidad<\/title>\n<meta name=\"robots\" content=\"index, follow, max-snippet:-1, max-image-preview:large, max-video-preview:-1\" \/>\n<link rel=\"canonical\" href=\"https:\/\/www.laguiadepamplona.com\/actualidad\/alrededor-de-500-escolares-de-primaria-y-eso-se-suman-a-la-primera-bicicletada-infantil-que-organiza-manana-el-ayuntamiento-dentro-de-la-semana-de-la-movilidad\/\" \/>\n<meta property=\"og:locale\" content=\"es_ES\" \/>\n<meta property=\"og:type\" content=\"article\" \/>\n<meta property=\"og:title\" content=\"Alrededor de 500 escolares de Primaria y ESO se suman a la primera \u2018bicicletada infantil\u2019 que organiza ma\u00f1ana el Ayuntamiento dentro de la Semana de la Movilidad\" \/>\n<meta property=\"og:url\" content=\"https:\/\/www.laguiadepamplona.com\/actualidad\/alrededor-de-500-escolares-de-primaria-y-eso-se-suman-a-la-primera-bicicletada-infantil-que-organiza-manana-el-ayuntamiento-dentro-de-la-semana-de-la-movilidad\/\" \/>\n<meta property=\"og:site_name\" content=\"La Gu\u00eda de Pamplona\" \/>\n<meta property=\"article:publisher\" content=\"https:\/\/www.facebook.com\/laguiadepamplonacom-133175176762273\/?ref=hl\" \/>\n<meta property=\"article:published_time\" content=\"2019-09-19T14:52:25+00:00\" \/>\n<meta property=\"og:image\" content=\"https:\/\/www.laguiadepamplona.com\/actualidad\/wp-content\/uploads\/2019\/09\/movilidad_digital_castellano.jpg\" \/>\n\t<meta property=\"og:image:width\" content=\"1179\" \/>\n\t<meta property=\"og:image:height\" content=\"675\" \/>\n\t<meta property=\"og:image:type\" content=\"image\/jpeg\" \/>\n<meta name=\"author\" content=\"La Gu\u00eda de Pamplona\" \/>\n<meta name=\"twitter:card\" content=\"summary_large_image\" \/>\n<meta name=\"twitter:creator\" content=\"@LaGuiadPamplona\" \/>\n<meta name=\"twitter:site\" content=\"@LaGuiadPamplona\" \/>\n<meta name=\"twitter:label1\" content=\"Escrito por\" \/>\n\t<meta name=\"twitter:data1\" content=\"La Gu\u00eda de Pamplona\" \/>\n\t<meta name=\"twitter:label2\" content=\"Tiempo de lectura\" \/>\n\t<meta name=\"twitter:data2\" content=\"6 minutos\" \/>\n<script type=\"application\/ld+json\" class=\"yoast-schema-graph\">{\"@context\":\"https:\\\/\\\/schema.org\",\"@graph\":[{\"@type\":\"Article\",\"@id\":\"https:\\\/\\\/www.laguiadepamplona.com\\\/actualidad\\\/alrededor-de-500-escolares-de-primaria-y-eso-se-suman-a-la-primera-bicicletada-infantil-que-organiza-manana-el-ayuntamiento-dentro-de-la-semana-de-la-movilidad\\\/#article\",\"isPartOf\":{\"@id\":\"https:\\\/\\\/www.laguiadepamplona.com\\\/actualidad\\\/alrededor-de-500-escolares-de-primaria-y-eso-se-suman-a-la-primera-bicicletada-infantil-que-organiza-manana-el-ayuntamiento-dentro-de-la-semana-de-la-movilidad\\\/\"},\"author\":{\"name\":\"La Gu\u00eda de Pamplona\",\"@id\":\"https:\\\/\\\/www.laguiadepamplona.com\\\/actualidad\\\/#\\\/schema\\\/person\\\/efe887376f0213d4657c93adc50b1fdb\"},\"headline\":\"Alrededor de 500 escolares de Primaria y ESO se suman a la primera \u2018bicicletada infantil\u2019 que organiza ma\u00f1ana el Ayuntamiento dentro de la Semana de la Movilidad\",\"datePublished\":\"2019-09-19T14:52:25+00:00\",\"mainEntityOfPage\":{\"@id\":\"https:\\\/\\\/www.laguiadepamplona.com\\\/actualidad\\\/alrededor-de-500-escolares-de-primaria-y-eso-se-suman-a-la-primera-bicicletada-infantil-que-organiza-manana-el-ayuntamiento-dentro-de-la-semana-de-la-movilidad\\\/\"},\"wordCount\":1183,\"commentCount\":0,\"publisher\":{\"@id\":\"https:\\\/\\\/www.laguiadepamplona.com\\\/actualidad\\\/#organization\"},\"image\":{\"@id\":\"https:\\\/\\\/www.laguiadepamplona.com\\\/actualidad\\\/alrededor-de-500-escolares-de-primaria-y-eso-se-suman-a-la-primera-bicicletada-infantil-que-organiza-manana-el-ayuntamiento-dentro-de-la-semana-de-la-movilidad\\\/#primaryimage\"},\"thumbnailUrl\":\"https:\\\/\\\/www.laguiadepamplona.com\\\/actualidad\\\/wp-content\\\/uploads\\\/2019\\\/09\\\/movilidad_digital_castellano.jpg\",\"articleSection\":[\"Ayto Pamplona\"],\"inLanguage\":\"es\",\"potentialAction\":[{\"@type\":\"CommentAction\",\"name\":\"Comment\",\"target\":[\"https:\\\/\\\/www.laguiadepamplona.com\\\/actualidad\\\/alrededor-de-500-escolares-de-primaria-y-eso-se-suman-a-la-primera-bicicletada-infantil-que-organiza-manana-el-ayuntamiento-dentro-de-la-semana-de-la-movilidad\\\/#respond\"]}]},{\"@type\":\"WebPage\",\"@id\":\"https:\\\/\\\/www.laguiadepamplona.com\\\/actualidad\\\/alrededor-de-500-escolares-de-primaria-y-eso-se-suman-a-la-primera-bicicletada-infantil-que-organiza-manana-el-ayuntamiento-dentro-de-la-semana-de-la-movilidad\\\/\",\"url\":\"https:\\\/\\\/www.laguiadepamplona.com\\\/actualidad\\\/alrededor-de-500-escolares-de-primaria-y-eso-se-suman-a-la-primera-bicicletada-infantil-que-organiza-manana-el-ayuntamiento-dentro-de-la-semana-de-la-movilidad\\\/\",\"name\":\"Alrededor de 500 escolares de Primaria y ESO se suman a la primera \u2018bicicletada infantil\u2019 que organiza ma\u00f1ana el Ayuntamiento dentro de la Semana de la Movilidad\",\"isPartOf\":{\"@id\":\"https:\\\/\\\/www.laguiadepamplona.com\\\/actualidad\\\/#website\"},\"primaryImageOfPage\":{\"@id\":\"https:\\\/\\\/www.laguiadepamplona.com\\\/actualidad\\\/alrededor-de-500-escolares-de-primaria-y-eso-se-suman-a-la-primera-bicicletada-infantil-que-organiza-manana-el-ayuntamiento-dentro-de-la-semana-de-la-movilidad\\\/#primaryimage\"},\"image\":{\"@id\":\"https:\\\/\\\/www.laguiadepamplona.com\\\/actualidad\\\/alrededor-de-500-escolares-de-primaria-y-eso-se-suman-a-la-primera-bicicletada-infantil-que-organiza-manana-el-ayuntamiento-dentro-de-la-semana-de-la-movilidad\\\/#primaryimage\"},\"thumbnailUrl\":\"https:\\\/\\\/www.laguiadepamplona.com\\\/actualidad\\\/wp-content\\\/uploads\\\/2019\\\/09\\\/movilidad_digital_castellano.jpg\",\"datePublished\":\"2019-09-19T14:52:25+00:00\",\"breadcrumb\":{\"@id\":\"https:\\\/\\\/www.laguiadepamplona.com\\\/actualidad\\\/alrededor-de-500-escolares-de-primaria-y-eso-se-suman-a-la-primera-bicicletada-infantil-que-organiza-manana-el-ayuntamiento-dentro-de-la-semana-de-la-movilidad\\\/#breadcrumb\"},\"inLanguage\":\"es\",\"potentialAction\":[{\"@type\":\"ReadAction\",\"target\":[\"https:\\\/\\\/www.laguiadepamplona.com\\\/actualidad\\\/alrededor-de-500-escolares-de-primaria-y-eso-se-suman-a-la-primera-bicicletada-infantil-que-organiza-manana-el-ayuntamiento-dentro-de-la-semana-de-la-movilidad\\\/\"]}]},{\"@type\":\"ImageObject\",\"inLanguage\":\"es\",\"@id\":\"https:\\\/\\\/www.laguiadepamplona.com\\\/actualidad\\\/alrededor-de-500-escolares-de-primaria-y-eso-se-suman-a-la-primera-bicicletada-infantil-que-organiza-manana-el-ayuntamiento-dentro-de-la-semana-de-la-movilidad\\\/#primaryimage\",\"url\":\"https:\\\/\\\/www.laguiadepamplona.com\\\/actualidad\\\/wp-content\\\/uploads\\\/2019\\\/09\\\/movilidad_digital_castellano.jpg\",\"contentUrl\":\"https:\\\/\\\/www.laguiadepamplona.com\\\/actualidad\\\/wp-content\\\/uploads\\\/2019\\\/09\\\/movilidad_digital_castellano.jpg\",\"width\":1179,\"height\":675},{\"@type\":\"BreadcrumbList\",\"@id\":\"https:\\\/\\\/www.laguiadepamplona.com\\\/actualidad\\\/alrededor-de-500-escolares-de-primaria-y-eso-se-suman-a-la-primera-bicicletada-infantil-que-organiza-manana-el-ayuntamiento-dentro-de-la-semana-de-la-movilidad\\\/#breadcrumb\",\"itemListElement\":[{\"@type\":\"ListItem\",\"position\":1,\"name\":\"Portada\",\"item\":\"https:\\\/\\\/www.laguiadepamplona.com\\\/actualidad\\\/\"},{\"@type\":\"ListItem\",\"position\":2,\"name\":\"Alrededor de 500 escolares de Primaria y ESO se suman a la primera \u2018bicicletada infantil\u2019 que organiza ma\u00f1ana el Ayuntamiento dentro de la Semana de la Movilidad\"}]},{\"@type\":\"WebSite\",\"@id\":\"https:\\\/\\\/www.laguiadepamplona.com\\\/actualidad\\\/#website\",\"url\":\"https:\\\/\\\/www.laguiadepamplona.com\\\/actualidad\\\/\",\"name\":\"La gu\u00eda de Pamplona\",\"description\":\"Noticias de Pamplona\",\"publisher\":{\"@id\":\"https:\\\/\\\/www.laguiadepamplona.com\\\/actualidad\\\/#organization\"},\"potentialAction\":[{\"@type\":\"SearchAction\",\"target\":{\"@type\":\"EntryPoint\",\"urlTemplate\":\"https:\\\/\\\/www.laguiadepamplona.com\\\/actualidad\\\/?s={search_term_string}\"},\"query-input\":{\"@type\":\"PropertyValueSpecification\",\"valueRequired\":true,\"valueName\":\"search_term_string\"}}],\"inLanguage\":\"es\"},{\"@type\":\"Organization\",\"@id\":\"https:\\\/\\\/www.laguiadepamplona.com\\\/actualidad\\\/#organization\",\"name\":\"La Gu\u00eda de Pamplona \\\/ Noticias\",\"url\":\"https:\\\/\\\/www.laguiadepamplona.com\\\/actualidad\\\/\",\"logo\":{\"@type\":\"ImageObject\",\"inLanguage\":\"es\",\"@id\":\"https:\\\/\\\/www.laguiadepamplona.com\\\/actualidad\\\/#\\\/schema\\\/logo\\\/image\\\/\",\"url\":\"https:\\\/\\\/www.laguiadepamplona.com\\\/actualidad\\\/wp-content\\\/uploads\\\/2018\\\/11\\\/logo-laguiadepamplona18-web1.png\",\"contentUrl\":\"https:\\\/\\\/www.laguiadepamplona.com\\\/actualidad\\\/wp-content\\\/uploads\\\/2018\\\/11\\\/logo-laguiadepamplona18-web1.png\",\"width\":600,\"height\":196,\"caption\":\"La Gu\u00eda de Pamplona \\\/ Noticias\"},\"image\":{\"@id\":\"https:\\\/\\\/www.laguiadepamplona.com\\\/actualidad\\\/#\\\/schema\\\/logo\\\/image\\\/\"},\"sameAs\":[\"https:\\\/\\\/www.facebook.com\\\/laguiadepamplonacom-133175176762273\\\/?ref=hl\",\"https:\\\/\\\/x.com\\\/LaGuiadPamplona\",\"https:\\\/\\\/www.instagram.com\\\/la_guia_de_pamplona\\\/\",\"https:\\\/\\\/www.youtube.com\\\/user\\\/laguiadepamplona\"]},{\"@type\":\"Person\",\"@id\":\"https:\\\/\\\/www.laguiadepamplona.com\\\/actualidad\\\/#\\\/schema\\\/person\\\/efe887376f0213d4657c93adc50b1fdb\",\"name\":\"La Gu\u00eda de Pamplona\",\"image\":{\"@type\":\"ImageObject\",\"inLanguage\":\"es\",\"@id\":\"https:\\\/\\\/secure.gravatar.com\\\/avatar\\\/b6992f131dc8d30ab0dff15446e9d346d9dbd95992de0fef795073f5ea83a81c?s=96&d=mm&r=g\",\"url\":\"https:\\\/\\\/secure.gravatar.com\\\/avatar\\\/b6992f131dc8d30ab0dff15446e9d346d9dbd95992de0fef795073f5ea83a81c?s=96&d=mm&r=g\",\"contentUrl\":\"https:\\\/\\\/secure.gravatar.com\\\/avatar\\\/b6992f131dc8d30ab0dff15446e9d346d9dbd95992de0fef795073f5ea83a81c?s=96&d=mm&r=g\",\"caption\":\"La Gu\u00eda de Pamplona\"}}]}<\/script>\n<!-- \/ Yoast SEO plugin. -->","yoast_head_json":{"title":"Alrededor de 500 escolares de Primaria y ESO se suman a la primera \u2018bicicletada infantil\u2019 que organiza ma\u00f1ana el Ayuntamiento dentro de la Semana de la Movilidad","robots":{"index":"index","follow":"follow","max-snippet":"max-snippet:-1","max-image-preview":"max-image-preview:large","max-video-preview":"max-video-preview:-1"},"canonical":"https:\/\/www.laguiadepamplona.com\/actualidad\/alrededor-de-500-escolares-de-primaria-y-eso-se-suman-a-la-primera-bicicletada-infantil-que-organiza-manana-el-ayuntamiento-dentro-de-la-semana-de-la-movilidad\/","og_locale":"es_ES","og_type":"article","og_title":"Alrededor de 500 escolares de Primaria y ESO se suman a la primera \u2018bicicletada infantil\u2019 que organiza ma\u00f1ana el Ayuntamiento dentro de la Semana de la Movilidad","og_url":"https:\/\/www.laguiadepamplona.com\/actualidad\/alrededor-de-500-escolares-de-primaria-y-eso-se-suman-a-la-primera-bicicletada-infantil-que-organiza-manana-el-ayuntamiento-dentro-de-la-semana-de-la-movilidad\/","og_site_name":"La Gu\u00eda de Pamplona","article_publisher":"https:\/\/www.facebook.com\/laguiadepamplonacom-133175176762273\/?ref=hl","article_published_time":"2019-09-19T14:52:25+00:00","og_image":[{"width":1179,"height":675,"url":"https:\/\/www.laguiadepamplona.com\/actualidad\/wp-content\/uploads\/2019\/09\/movilidad_digital_castellano.jpg","type":"image\/jpeg"}],"author":"La Gu\u00eda de Pamplona","twitter_card":"summary_large_image","twitter_creator":"@LaGuiadPamplona","twitter_site":"@LaGuiadPamplona","twitter_misc":{"Escrito por":"La Gu\u00eda de Pamplona","Tiempo de lectura":"6 minutos"},"schema":{"@context":"https:\/\/schema.org","@graph":[{"@type":"Article","@id":"https:\/\/www.laguiadepamplona.com\/actualidad\/alrededor-de-500-escolares-de-primaria-y-eso-se-suman-a-la-primera-bicicletada-infantil-que-organiza-manana-el-ayuntamiento-dentro-de-la-semana-de-la-movilidad\/#article","isPartOf":{"@id":"https:\/\/www.laguiadepamplona.com\/actualidad\/alrededor-de-500-escolares-de-primaria-y-eso-se-suman-a-la-primera-bicicletada-infantil-que-organiza-manana-el-ayuntamiento-dentro-de-la-semana-de-la-movilidad\/"},"author":{"name":"La Gu\u00eda de Pamplona","@id":"https:\/\/www.laguiadepamplona.com\/actualidad\/#\/schema\/person\/efe887376f0213d4657c93adc50b1fdb"},"headline":"Alrededor de 500 escolares de Primaria y ESO se suman a la primera \u2018bicicletada infantil\u2019 que organiza ma\u00f1ana el Ayuntamiento dentro de la Semana de la Movilidad","datePublished":"2019-09-19T14:52:25+00:00","mainEntityOfPage":{"@id":"https:\/\/www.laguiadepamplona.com\/actualidad\/alrededor-de-500-escolares-de-primaria-y-eso-se-suman-a-la-primera-bicicletada-infantil-que-organiza-manana-el-ayuntamiento-dentro-de-la-semana-de-la-movilidad\/"},"wordCount":1183,"commentCount":0,"publisher":{"@id":"https:\/\/www.laguiadepamplona.com\/actualidad\/#organization"},"image":{"@id":"https:\/\/www.laguiadepamplona.com\/actualidad\/alrededor-de-500-escolares-de-primaria-y-eso-se-suman-a-la-primera-bicicletada-infantil-que-organiza-manana-el-ayuntamiento-dentro-de-la-semana-de-la-movilidad\/#primaryimage"},"thumbnailUrl":"https:\/\/www.laguiadepamplona.com\/actualidad\/wp-content\/uploads\/2019\/09\/movilidad_digital_castellano.jpg","articleSection":["Ayto Pamplona"],"inLanguage":"es","potentialAction":[{"@type":"CommentAction","name":"Comment","target":["https:\/\/www.laguiadepamplona.com\/actualidad\/alrededor-de-500-escolares-de-primaria-y-eso-se-suman-a-la-primera-bicicletada-infantil-que-organiza-manana-el-ayuntamiento-dentro-de-la-semana-de-la-movilidad\/#respond"]}]},{"@type":"WebPage","@id":"https:\/\/www.laguiadepamplona.com\/actualidad\/alrededor-de-500-escolares-de-primaria-y-eso-se-suman-a-la-primera-bicicletada-infantil-que-organiza-manana-el-ayuntamiento-dentro-de-la-semana-de-la-movilidad\/","url":"https:\/\/www.laguiadepamplona.com\/actualidad\/alrededor-de-500-escolares-de-primaria-y-eso-se-suman-a-la-primera-bicicletada-infantil-que-organiza-manana-el-ayuntamiento-dentro-de-la-semana-de-la-movilidad\/","name":"Alrededor de 500 escolares de Primaria y ESO se suman a la primera \u2018bicicletada infantil\u2019 que organiza ma\u00f1ana el Ayuntamiento dentro de la Semana de la Movilidad","isPartOf":{"@id":"https:\/\/www.laguiadepamplona.com\/actualidad\/#website"},"primaryImageOfPage":{"@id":"https:\/\/www.laguiadepamplona.com\/actualidad\/alrededor-de-500-escolares-de-primaria-y-eso-se-suman-a-la-primera-bicicletada-infantil-que-organiza-manana-el-ayuntamiento-dentro-de-la-semana-de-la-movilidad\/#primaryimage"},"image":{"@id":"https:\/\/www.laguiadepamplona.com\/actualidad\/alrededor-de-500-escolares-de-primaria-y-eso-se-suman-a-la-primera-bicicletada-infantil-que-organiza-manana-el-ayuntamiento-dentro-de-la-semana-de-la-movilidad\/#primaryimage"},"thumbnailUrl":"https:\/\/www.laguiadepamplona.com\/actualidad\/wp-content\/uploads\/2019\/09\/movilidad_digital_castellano.jpg","datePublished":"2019-09-19T14:52:25+00:00","breadcrumb":{"@id":"https:\/\/www.laguiadepamplona.com\/actualidad\/alrededor-de-500-escolares-de-primaria-y-eso-se-suman-a-la-primera-bicicletada-infantil-que-organiza-manana-el-ayuntamiento-dentro-de-la-semana-de-la-movilidad\/#breadcrumb"},"inLanguage":"es","potentialAction":[{"@type":"ReadAction","target":["https:\/\/www.laguiadepamplona.com\/actualidad\/alrededor-de-500-escolares-de-primaria-y-eso-se-suman-a-la-primera-bicicletada-infantil-que-organiza-manana-el-ayuntamiento-dentro-de-la-semana-de-la-movilidad\/"]}]},{"@type":"ImageObject","inLanguage":"es","@id":"https:\/\/www.laguiadepamplona.com\/actualidad\/alrededor-de-500-escolares-de-primaria-y-eso-se-suman-a-la-primera-bicicletada-infantil-que-organiza-manana-el-ayuntamiento-dentro-de-la-semana-de-la-movilidad\/#primaryimage","url":"https:\/\/www.laguiadepamplona.com\/actualidad\/wp-content\/uploads\/2019\/09\/movilidad_digital_castellano.jpg","contentUrl":"https:\/\/www.laguiadepamplona.com\/actualidad\/wp-content\/uploads\/2019\/09\/movilidad_digital_castellano.jpg","width":1179,"height":675},{"@type":"BreadcrumbList","@id":"https:\/\/www.laguiadepamplona.com\/actualidad\/alrededor-de-500-escolares-de-primaria-y-eso-se-suman-a-la-primera-bicicletada-infantil-que-organiza-manana-el-ayuntamiento-dentro-de-la-semana-de-la-movilidad\/#breadcrumb","itemListElement":[{"@type":"ListItem","position":1,"name":"Portada","item":"https:\/\/www.laguiadepamplona.com\/actualidad\/"},{"@type":"ListItem","position":2,"name":"Alrededor de 500 escolares de Primaria y ESO se suman a la primera \u2018bicicletada infantil\u2019 que organiza ma\u00f1ana el Ayuntamiento dentro de la Semana de la Movilidad"}]},{"@type":"WebSite","@id":"https:\/\/www.laguiadepamplona.com\/actualidad\/#website","url":"https:\/\/www.laguiadepamplona.com\/actualidad\/","name":"La gu\u00eda de Pamplona","description":"Noticias de Pamplona","publisher":{"@id":"https:\/\/www.laguiadepamplona.com\/actualidad\/#organization"},"potentialAction":[{"@type":"SearchAction","target":{"@type":"EntryPoint","urlTemplate":"https:\/\/www.laguiadepamplona.com\/actualidad\/?s={search_term_string}"},"query-input":{"@type":"PropertyValueSpecification","valueRequired":true,"valueName":"search_term_string"}}],"inLanguage":"es"},{"@type":"Organization","@id":"https:\/\/www.laguiadepamplona.com\/actualidad\/#organization","name":"La Gu\u00eda de Pamplona \/ Noticias","url":"https:\/\/www.laguiadepamplona.com\/actualidad\/","logo":{"@type":"ImageObject","inLanguage":"es","@id":"https:\/\/www.laguiadepamplona.com\/actualidad\/#\/schema\/logo\/image\/","url":"https:\/\/www.laguiadepamplona.com\/actualidad\/wp-content\/uploads\/2018\/11\/logo-laguiadepamplona18-web1.png","contentUrl":"https:\/\/www.laguiadepamplona.com\/actualidad\/wp-content\/uploads\/2018\/11\/logo-laguiadepamplona18-web1.png","width":600,"height":196,"caption":"La Gu\u00eda de Pamplona \/ Noticias"},"image":{"@id":"https:\/\/www.laguiadepamplona.com\/actualidad\/#\/schema\/logo\/image\/"},"sameAs":["https:\/\/www.facebook.com\/laguiadepamplonacom-133175176762273\/?ref=hl","https:\/\/x.com\/LaGuiadPamplona","https:\/\/www.instagram.com\/la_guia_de_pamplona\/","https:\/\/www.youtube.com\/user\/laguiadepamplona"]},{"@type":"Person","@id":"https:\/\/www.laguiadepamplona.com\/actualidad\/#\/schema\/person\/efe887376f0213d4657c93adc50b1fdb","name":"La Gu\u00eda de Pamplona","image":{"@type":"ImageObject","inLanguage":"es","@id":"https:\/\/secure.gravatar.com\/avatar\/b6992f131dc8d30ab0dff15446e9d346d9dbd95992de0fef795073f5ea83a81c?s=96&d=mm&r=g","url":"https:\/\/secure.gravatar.com\/avatar\/b6992f131dc8d30ab0dff15446e9d346d9dbd95992de0fef795073f5ea83a81c?s=96&d=mm&r=g","contentUrl":"https:\/\/secure.gravatar.com\/avatar\/b6992f131dc8d30ab0dff15446e9d346d9dbd95992de0fef795073f5ea83a81c?s=96&d=mm&r=g","caption":"La Gu\u00eda de Pamplona"}}]}},"post_mailing_queue_ids":[],"_links":{"self":[{"href":"https:\/\/www.laguiadepamplona.com\/actualidad\/wp-json\/wp\/v2\/posts\/24534","targetHints":{"allow":["GET"]}}],"collection":[{"href":"https:\/\/www.laguiadepamplona.com\/actualidad\/wp-json\/wp\/v2\/posts"}],"about":[{"href":"https:\/\/www.laguiadepamplona.com\/actualidad\/wp-json\/wp\/v2\/types\/post"}],"author":[{"embeddable":true,"href":"https:\/\/www.laguiadepamplona.com\/actualidad\/wp-json\/wp\/v2\/users\/1"}],"replies":[{"embeddable":true,"href":"https:\/\/www.laguiadepamplona.com\/actualidad\/wp-json\/wp\/v2\/comments?post=24534"}],"version-history":[{"count":0,"href":"https:\/\/www.laguiadepamplona.com\/actualidad\/wp-json\/wp\/v2\/posts\/24534\/revisions"}],"wp:featuredmedia":[{"embeddable":true,"href":"https:\/\/www.laguiadepamplona.com\/actualidad\/wp-json\/wp\/v2\/media\/24335"}],"wp:attachment":[{"href":"https:\/\/www.laguiadepamplona.com\/actualidad\/wp-json\/wp\/v2\/media?parent=24534"}],"wp:term":[{"taxonomy":"category","embeddable":true,"href":"https:\/\/www.laguiadepamplona.com\/actualidad\/wp-json\/wp\/v2\/categories?post=24534"},{"taxonomy":"post_tag","embeddable":true,"href":"https:\/\/www.laguiadepamplona.com\/actualidad\/wp-json\/wp\/v2\/tags?post=24534"}],"curies":[{"name":"wp","href":"https:\/\/api.w.org\/{rel}","templated":true}]}}