{"id":24524,"date":"2019-09-19T16:49:14","date_gmt":"2019-09-19T14:49:14","guid":{"rendered":"https:\/\/www.laguiadepamplona.es\/actualidad\/?p=24524"},"modified":"2019-09-19T16:49:14","modified_gmt":"2019-09-19T14:49:14","slug":"15-personas-participan-en-el-segundo-curso-de-cocina-de-este-ano-del-programa-de-formacion-para-el-empleo-en-el-que-colaboran-ayuntamiento-de-pamplona-y-sne","status":"publish","type":"post","link":"https:\/\/www.laguiadepamplona.com\/actualidad\/15-personas-participan-en-el-segundo-curso-de-cocina-de-este-ano-del-programa-de-formacion-para-el-empleo-en-el-que-colaboran-ayuntamiento-de-pamplona-y-sne\/","title":{"rendered":"15 personas participan en el segundo curso de Cocina de este a\u00f1o del programa de Formaci\u00f3n para el empleo en el que colaboran Ayuntamiento de Pamplona y SNE"},"content":{"rendered":"<p><!--more--><\/p>\n<h3>Ser\u00e1 la cuarta de las cuatro formaciones aprobadas para 2019, con contenidos sobre hosteler\u00eda y restauraci\u00f3n y la asistencia en instituciones<\/h3>\n<p>15 personas en situaci\u00f3n de desempleo est\u00e1n participando en el segundo curso de \u2018Ayudante de Cocina\u2019 organizado este a\u00f1o dentro del programa de Formaci\u00f3n Profesional para el Empleo en el que colaboran Ayuntamiento de Pamplona y SNE. La concejala de Servicios Sociales, Acci\u00f3n Comunitaria y Deporte, Mar\u00eda Caballero, acompa\u00f1ada por la directora de la misma \u00e1rea, Olivia Elizari, y la responsable municipal de Itinerario de Incorporaci\u00f3n, Maite Garc\u00eda, se han acercado esta ma\u00f1ana para dar la bienvenida al alumnado. La cita ha tenido lugar en los locales municipales de formaci\u00f3n de Monasterio de Fitero.<\/p>\n<p>De las 15 personas, 13 son mujeres y 2 hombres, con una media de edad de 38 a\u00f1os. El curso cuenta con 270 horas de clases te\u00f3ricas y 80 horas de formaci\u00f3n pr\u00e1ctica con visita a empresas y cooperativas del sector. Cuando lo completen obtendr\u00e1n el certificado de profesionalidad de Nivel I completo. Las clases comenzaron el pasado viernes, d\u00eda 13 de septiembre.<\/p>\n<p>El curso de \u2018Ayudante de Cocina\u2019 es el tercero de las cuatro iniciativas del programa de Formaci\u00f3n Profesional para el Empleo que ha organizado el Ayuntamiento de Pamplona en 2019, en colaboraci\u00f3n con el Servicio Navarro de Empleo. De esta manera, 45 personas van a poder obtener formaci\u00f3n en este campo laboral. Dos de los cursos (el realizado de febrero a junio y el iniciado la semana pasada) otorgan certificados de profesionalidad completo de Nivel 1. La formaci\u00f3n que se realiz\u00f3 de julio a septiembre fue un m\u00f3dulo para completar el certificado de profesionalidad de Nivel 2.<\/p>\n<p>La cuarta iniciativa de este a\u00f1o comenz\u00f3 a principios de este mes y es para formar profesionales en el sector de los cuidados a personas en instituciones sociales. La Formaci\u00f3n Profesional para el Empleo tiene como eje central promover el acceso al empleo en Pamplona de las personas con alguna dificultad en el acceso al empleo. Se busca que puedan lograr la inserci\u00f3n sociolaboral mediante el desarrollo de competencias profesionales, personales y sociales valoradas por el mercado de trabajo, as\u00ed como de una cualificaci\u00f3n profesional.<\/p>\n<p><script async src=\"\/\/pagead2.googlesyndication.com\/pagead\/js\/adsbygoogle.js\"><\/script><br \/>\n<!-- Noticias La Guia de Pamplona --><br \/>\n<ins class=\"adsbygoogle\"\nstyle=\"display:block\"\ndata-ad-client=\"ca-pub-6943679897239327\"\ndata-ad-slot=\"7048180777\"\ndata-ad-format=\"auto\"><\/ins><br \/>\n<script>\n(adsbygoogle = window.adsbygoogle || []).push({});\n<\/script><\/p>\n<p><strong>Los contenidos de la formaci\u00f3n en \u2018Cocina\u2019<\/strong><\/p>\n<p>El curso de Ayudante de Cocina se extender\u00e1 hasta el 28 de noviembre, de lunes a viernes de 8.30 a 14 horas. Toda la formaci\u00f3n se desarrollar\u00e1 en los locales municipales de Monasterio de Fitero. Entre los contenidos, el alumnado aprender\u00e1 como primer paso la aplicaci\u00f3n de normas y condiciones higi\u00e9nico-sanitarias en restauraci\u00f3n. Tambi\u00e9n todo lo relativo a la organizaci\u00f3n de una despensa, el aprovisionamiento de materias primas en cocina o la preelaboraci\u00f3n y la conservaci\u00f3n culinaria. Asimismo, el alumnado realizar\u00e1 elaboraciones b\u00e1sicas y elementales de cocina y aprender\u00e1 a asistir en la elaboraci\u00f3n culinaria y de platos combinados y aperitivos.<\/p>\n<p>Como complemento formativo, en el curso se programan diferentes actividades que acercan a las personas participantes a la realidad del mundo laboral: visitas a la empresa Ausolan Jangarria, Makro, Cooperativa hostelera y a un Mercado.<\/p>\n<p><script async src=\"\/\/pagead2.googlesyndication.com\/pagead\/js\/adsbygoogle.js\"><\/script><br \/>\n<!-- Noticias La Guia de Pamplona --><br \/>\n<ins class=\"adsbygoogle\"\nstyle=\"display:block\"\ndata-ad-client=\"ca-pub-6943679897239327\"\ndata-ad-slot=\"7048180777\"\ndata-ad-format=\"auto\"><\/ins><br \/>\n<script>\n(adsbygoogle = window.adsbygoogle || []).push({});\n<\/script><\/p>\n<p><strong>Un plan de formaci\u00f3n para 120 personas en dos a\u00f1os<\/strong><\/p>\n<p>En la \u00faltima convocatoria de subvenciones de formaci\u00f3n para personas desempleadas del Servicio Navarro de Empleo (bianual por primera vez), el Ayuntamiento de Pamplona present\u00f3 propuestas en dos especialidades: \u2018Hosteler\u00eda\u2019 y \u2018Atenci\u00f3n sociosanitaria a personas dependientes en instituciones sociales\u2019.<\/p>\n<p>El Consistorio pamplon\u00e9s obtuvo ayuda para ocho formaciones. Por un lado, cuatro cursos completos de Certificado de Profesionalidad Nivel 1 en la categor\u00eda de \u2018Ayudante de cocina\u2019, de los que dos se realizan en 2019 y otros dos, en 2020. Por otro lado, cuatro cursos modulares de Certificado de Profesionalidad Nivel 2: dos de \u2018Ayudante de cocina\u2019 (uno cada a\u00f1o) y otros dos de \u2018Atenci\u00f3n sociosanitaria a personas dependientes en instituciones sociales\u2019 (tambi\u00e9n uno cada a\u00f1o)-<\/p>\n<p>Al final, el n\u00famero de plazas del programa de Formaci\u00f3n Profesional para el Empleo vinculado al Ayuntamiento de Pamplona para los dos a\u00f1os ser\u00e1 de 60 en 2019 y 60 en 2020.<\/p>\n","protected":false},"excerpt":{"rendered":"","protected":false},"author":1,"featured_media":24526,"comment_status":"open","ping_status":"closed","sticky":false,"template":"","format":"standard","meta":{"footnotes":""},"categories":[2],"tags":[],"class_list":["post-24524","post","type-post","status-publish","format-standard","has-post-thumbnail","hentry","category-ayuntamiento-pamplona"],"yoast_head":"<!-- This site is optimized with the Yoast SEO plugin v27.3 - https:\/\/yoast.com\/product\/yoast-seo-wordpress\/ -->\n<title>15 personas participan en el segundo curso de Cocina de este a\u00f1o del programa de Formaci\u00f3n para el empleo en el que colaboran Ayuntamiento de Pamplona y SNE<\/title>\n<meta name=\"robots\" content=\"index, follow, max-snippet:-1, max-image-preview:large, max-video-preview:-1\" \/>\n<link rel=\"canonical\" href=\"https:\/\/www.laguiadepamplona.com\/actualidad\/15-personas-participan-en-el-segundo-curso-de-cocina-de-este-ano-del-programa-de-formacion-para-el-empleo-en-el-que-colaboran-ayuntamiento-de-pamplona-y-sne\/\" \/>\n<meta property=\"og:locale\" content=\"es_ES\" \/>\n<meta property=\"og:type\" content=\"article\" \/>\n<meta property=\"og:title\" content=\"15 personas participan en el segundo curso de Cocina de este a\u00f1o del programa de Formaci\u00f3n para el empleo en el que colaboran Ayuntamiento de Pamplona y SNE\" \/>\n<meta property=\"og:url\" content=\"https:\/\/www.laguiadepamplona.com\/actualidad\/15-personas-participan-en-el-segundo-curso-de-cocina-de-este-ano-del-programa-de-formacion-para-el-empleo-en-el-que-colaboran-ayuntamiento-de-pamplona-y-sne\/\" \/>\n<meta property=\"og:site_name\" content=\"La Gu\u00eda de Pamplona\" \/>\n<meta property=\"article:publisher\" content=\"https:\/\/www.facebook.com\/laguiadepamplonacom-133175176762273\/?ref=hl\" \/>\n<meta property=\"article:published_time\" content=\"2019-09-19T14:49:14+00:00\" \/>\n<meta property=\"og:image\" content=\"https:\/\/www.laguiadepamplona.com\/actualidad\/wp-content\/uploads\/2019\/09\/19.09.19_curso_hosteleria2.jpg\" \/>\n\t<meta property=\"og:image:width\" content=\"1920\" \/>\n\t<meta property=\"og:image:height\" content=\"1280\" \/>\n\t<meta property=\"og:image:type\" content=\"image\/jpeg\" \/>\n<meta name=\"author\" content=\"La Gu\u00eda de Pamplona\" \/>\n<meta name=\"twitter:card\" content=\"summary_large_image\" \/>\n<meta name=\"twitter:creator\" content=\"@LaGuiadPamplona\" \/>\n<meta name=\"twitter:site\" content=\"@LaGuiadPamplona\" \/>\n<meta name=\"twitter:label1\" content=\"Escrito por\" \/>\n\t<meta name=\"twitter:data1\" content=\"La Gu\u00eda de Pamplona\" \/>\n\t<meta name=\"twitter:label2\" content=\"Tiempo de lectura\" \/>\n\t<meta name=\"twitter:data2\" content=\"3 minutos\" \/>\n<script type=\"application\/ld+json\" class=\"yoast-schema-graph\">{\"@context\":\"https:\\\/\\\/schema.org\",\"@graph\":[{\"@type\":\"Article\",\"@id\":\"https:\\\/\\\/www.laguiadepamplona.com\\\/actualidad\\\/15-personas-participan-en-el-segundo-curso-de-cocina-de-este-ano-del-programa-de-formacion-para-el-empleo-en-el-que-colaboran-ayuntamiento-de-pamplona-y-sne\\\/#article\",\"isPartOf\":{\"@id\":\"https:\\\/\\\/www.laguiadepamplona.com\\\/actualidad\\\/15-personas-participan-en-el-segundo-curso-de-cocina-de-este-ano-del-programa-de-formacion-para-el-empleo-en-el-que-colaboran-ayuntamiento-de-pamplona-y-sne\\\/\"},\"author\":{\"name\":\"La Gu\u00eda de Pamplona\",\"@id\":\"https:\\\/\\\/www.laguiadepamplona.com\\\/actualidad\\\/#\\\/schema\\\/person\\\/efe887376f0213d4657c93adc50b1fdb\"},\"headline\":\"15 personas participan en el segundo curso de Cocina de este a\u00f1o del programa de Formaci\u00f3n para el empleo en el que colaboran Ayuntamiento de Pamplona y SNE\",\"datePublished\":\"2019-09-19T14:49:14+00:00\",\"mainEntityOfPage\":{\"@id\":\"https:\\\/\\\/www.laguiadepamplona.com\\\/actualidad\\\/15-personas-participan-en-el-segundo-curso-de-cocina-de-este-ano-del-programa-de-formacion-para-el-empleo-en-el-que-colaboran-ayuntamiento-de-pamplona-y-sne\\\/\"},\"wordCount\":718,\"commentCount\":0,\"publisher\":{\"@id\":\"https:\\\/\\\/www.laguiadepamplona.com\\\/actualidad\\\/#organization\"},\"image\":{\"@id\":\"https:\\\/\\\/www.laguiadepamplona.com\\\/actualidad\\\/15-personas-participan-en-el-segundo-curso-de-cocina-de-este-ano-del-programa-de-formacion-para-el-empleo-en-el-que-colaboran-ayuntamiento-de-pamplona-y-sne\\\/#primaryimage\"},\"thumbnailUrl\":\"https:\\\/\\\/www.laguiadepamplona.com\\\/actualidad\\\/wp-content\\\/uploads\\\/2019\\\/09\\\/19.09.19_curso_hosteleria2.jpg\",\"articleSection\":[\"Ayto Pamplona\"],\"inLanguage\":\"es\",\"potentialAction\":[{\"@type\":\"CommentAction\",\"name\":\"Comment\",\"target\":[\"https:\\\/\\\/www.laguiadepamplona.com\\\/actualidad\\\/15-personas-participan-en-el-segundo-curso-de-cocina-de-este-ano-del-programa-de-formacion-para-el-empleo-en-el-que-colaboran-ayuntamiento-de-pamplona-y-sne\\\/#respond\"]}]},{\"@type\":\"WebPage\",\"@id\":\"https:\\\/\\\/www.laguiadepamplona.com\\\/actualidad\\\/15-personas-participan-en-el-segundo-curso-de-cocina-de-este-ano-del-programa-de-formacion-para-el-empleo-en-el-que-colaboran-ayuntamiento-de-pamplona-y-sne\\\/\",\"url\":\"https:\\\/\\\/www.laguiadepamplona.com\\\/actualidad\\\/15-personas-participan-en-el-segundo-curso-de-cocina-de-este-ano-del-programa-de-formacion-para-el-empleo-en-el-que-colaboran-ayuntamiento-de-pamplona-y-sne\\\/\",\"name\":\"15 personas participan en el segundo curso de Cocina de este a\u00f1o del programa de Formaci\u00f3n para el empleo en el que colaboran Ayuntamiento de Pamplona y SNE\",\"isPartOf\":{\"@id\":\"https:\\\/\\\/www.laguiadepamplona.com\\\/actualidad\\\/#website\"},\"primaryImageOfPage\":{\"@id\":\"https:\\\/\\\/www.laguiadepamplona.com\\\/actualidad\\\/15-personas-participan-en-el-segundo-curso-de-cocina-de-este-ano-del-programa-de-formacion-para-el-empleo-en-el-que-colaboran-ayuntamiento-de-pamplona-y-sne\\\/#primaryimage\"},\"image\":{\"@id\":\"https:\\\/\\\/www.laguiadepamplona.com\\\/actualidad\\\/15-personas-participan-en-el-segundo-curso-de-cocina-de-este-ano-del-programa-de-formacion-para-el-empleo-en-el-que-colaboran-ayuntamiento-de-pamplona-y-sne\\\/#primaryimage\"},\"thumbnailUrl\":\"https:\\\/\\\/www.laguiadepamplona.com\\\/actualidad\\\/wp-content\\\/uploads\\\/2019\\\/09\\\/19.09.19_curso_hosteleria2.jpg\",\"datePublished\":\"2019-09-19T14:49:14+00:00\",\"breadcrumb\":{\"@id\":\"https:\\\/\\\/www.laguiadepamplona.com\\\/actualidad\\\/15-personas-participan-en-el-segundo-curso-de-cocina-de-este-ano-del-programa-de-formacion-para-el-empleo-en-el-que-colaboran-ayuntamiento-de-pamplona-y-sne\\\/#breadcrumb\"},\"inLanguage\":\"es\",\"potentialAction\":[{\"@type\":\"ReadAction\",\"target\":[\"https:\\\/\\\/www.laguiadepamplona.com\\\/actualidad\\\/15-personas-participan-en-el-segundo-curso-de-cocina-de-este-ano-del-programa-de-formacion-para-el-empleo-en-el-que-colaboran-ayuntamiento-de-pamplona-y-sne\\\/\"]}]},{\"@type\":\"ImageObject\",\"inLanguage\":\"es\",\"@id\":\"https:\\\/\\\/www.laguiadepamplona.com\\\/actualidad\\\/15-personas-participan-en-el-segundo-curso-de-cocina-de-este-ano-del-programa-de-formacion-para-el-empleo-en-el-que-colaboran-ayuntamiento-de-pamplona-y-sne\\\/#primaryimage\",\"url\":\"https:\\\/\\\/www.laguiadepamplona.com\\\/actualidad\\\/wp-content\\\/uploads\\\/2019\\\/09\\\/19.09.19_curso_hosteleria2.jpg\",\"contentUrl\":\"https:\\\/\\\/www.laguiadepamplona.com\\\/actualidad\\\/wp-content\\\/uploads\\\/2019\\\/09\\\/19.09.19_curso_hosteleria2.jpg\",\"width\":1920,\"height\":1280,\"caption\":\"Visita de Mar\u00eda Caballero Concejala de de Servicios sSociales y su la Directora del \u00e4rea Olivia, al cominezo del curso de cocina en la Escuela de Hosteler\u00eda.\"},{\"@type\":\"BreadcrumbList\",\"@id\":\"https:\\\/\\\/www.laguiadepamplona.com\\\/actualidad\\\/15-personas-participan-en-el-segundo-curso-de-cocina-de-este-ano-del-programa-de-formacion-para-el-empleo-en-el-que-colaboran-ayuntamiento-de-pamplona-y-sne\\\/#breadcrumb\",\"itemListElement\":[{\"@type\":\"ListItem\",\"position\":1,\"name\":\"Portada\",\"item\":\"https:\\\/\\\/www.laguiadepamplona.com\\\/actualidad\\\/\"},{\"@type\":\"ListItem\",\"position\":2,\"name\":\"15 personas participan en el segundo curso de Cocina de este a\u00f1o del programa de Formaci\u00f3n para el empleo en el que colaboran Ayuntamiento de Pamplona y SNE\"}]},{\"@type\":\"WebSite\",\"@id\":\"https:\\\/\\\/www.laguiadepamplona.com\\\/actualidad\\\/#website\",\"url\":\"https:\\\/\\\/www.laguiadepamplona.com\\\/actualidad\\\/\",\"name\":\"La gu\u00eda de Pamplona\",\"description\":\"Noticias de Pamplona\",\"publisher\":{\"@id\":\"https:\\\/\\\/www.laguiadepamplona.com\\\/actualidad\\\/#organization\"},\"potentialAction\":[{\"@type\":\"SearchAction\",\"target\":{\"@type\":\"EntryPoint\",\"urlTemplate\":\"https:\\\/\\\/www.laguiadepamplona.com\\\/actualidad\\\/?s={search_term_string}\"},\"query-input\":{\"@type\":\"PropertyValueSpecification\",\"valueRequired\":true,\"valueName\":\"search_term_string\"}}],\"inLanguage\":\"es\"},{\"@type\":\"Organization\",\"@id\":\"https:\\\/\\\/www.laguiadepamplona.com\\\/actualidad\\\/#organization\",\"name\":\"La Gu\u00eda de Pamplona \\\/ Noticias\",\"url\":\"https:\\\/\\\/www.laguiadepamplona.com\\\/actualidad\\\/\",\"logo\":{\"@type\":\"ImageObject\",\"inLanguage\":\"es\",\"@id\":\"https:\\\/\\\/www.laguiadepamplona.com\\\/actualidad\\\/#\\\/schema\\\/logo\\\/image\\\/\",\"url\":\"https:\\\/\\\/www.laguiadepamplona.com\\\/actualidad\\\/wp-content\\\/uploads\\\/2018\\\/11\\\/logo-laguiadepamplona18-web1.png\",\"contentUrl\":\"https:\\\/\\\/www.laguiadepamplona.com\\\/actualidad\\\/wp-content\\\/uploads\\\/2018\\\/11\\\/logo-laguiadepamplona18-web1.png\",\"width\":600,\"height\":196,\"caption\":\"La Gu\u00eda de Pamplona \\\/ Noticias\"},\"image\":{\"@id\":\"https:\\\/\\\/www.laguiadepamplona.com\\\/actualidad\\\/#\\\/schema\\\/logo\\\/image\\\/\"},\"sameAs\":[\"https:\\\/\\\/www.facebook.com\\\/laguiadepamplonacom-133175176762273\\\/?ref=hl\",\"https:\\\/\\\/x.com\\\/LaGuiadPamplona\",\"https:\\\/\\\/www.instagram.com\\\/la_guia_de_pamplona\\\/\",\"https:\\\/\\\/www.youtube.com\\\/user\\\/laguiadepamplona\"]},{\"@type\":\"Person\",\"@id\":\"https:\\\/\\\/www.laguiadepamplona.com\\\/actualidad\\\/#\\\/schema\\\/person\\\/efe887376f0213d4657c93adc50b1fdb\",\"name\":\"La Gu\u00eda de Pamplona\",\"image\":{\"@type\":\"ImageObject\",\"inLanguage\":\"es\",\"@id\":\"https:\\\/\\\/secure.gravatar.com\\\/avatar\\\/b6992f131dc8d30ab0dff15446e9d346d9dbd95992de0fef795073f5ea83a81c?s=96&d=mm&r=g\",\"url\":\"https:\\\/\\\/secure.gravatar.com\\\/avatar\\\/b6992f131dc8d30ab0dff15446e9d346d9dbd95992de0fef795073f5ea83a81c?s=96&d=mm&r=g\",\"contentUrl\":\"https:\\\/\\\/secure.gravatar.com\\\/avatar\\\/b6992f131dc8d30ab0dff15446e9d346d9dbd95992de0fef795073f5ea83a81c?s=96&d=mm&r=g\",\"caption\":\"La Gu\u00eda de Pamplona\"}}]}<\/script>\n<!-- \/ Yoast SEO plugin. -->","yoast_head_json":{"title":"15 personas participan en el segundo curso de Cocina de este a\u00f1o del programa de Formaci\u00f3n para el empleo en el que colaboran Ayuntamiento de Pamplona y SNE","robots":{"index":"index","follow":"follow","max-snippet":"max-snippet:-1","max-image-preview":"max-image-preview:large","max-video-preview":"max-video-preview:-1"},"canonical":"https:\/\/www.laguiadepamplona.com\/actualidad\/15-personas-participan-en-el-segundo-curso-de-cocina-de-este-ano-del-programa-de-formacion-para-el-empleo-en-el-que-colaboran-ayuntamiento-de-pamplona-y-sne\/","og_locale":"es_ES","og_type":"article","og_title":"15 personas participan en el segundo curso de Cocina de este a\u00f1o del programa de Formaci\u00f3n para el empleo en el que colaboran Ayuntamiento de Pamplona y SNE","og_url":"https:\/\/www.laguiadepamplona.com\/actualidad\/15-personas-participan-en-el-segundo-curso-de-cocina-de-este-ano-del-programa-de-formacion-para-el-empleo-en-el-que-colaboran-ayuntamiento-de-pamplona-y-sne\/","og_site_name":"La Gu\u00eda de Pamplona","article_publisher":"https:\/\/www.facebook.com\/laguiadepamplonacom-133175176762273\/?ref=hl","article_published_time":"2019-09-19T14:49:14+00:00","og_image":[{"width":1920,"height":1280,"url":"https:\/\/www.laguiadepamplona.com\/actualidad\/wp-content\/uploads\/2019\/09\/19.09.19_curso_hosteleria2.jpg","type":"image\/jpeg"}],"author":"La Gu\u00eda de Pamplona","twitter_card":"summary_large_image","twitter_creator":"@LaGuiadPamplona","twitter_site":"@LaGuiadPamplona","twitter_misc":{"Escrito por":"La Gu\u00eda de Pamplona","Tiempo de lectura":"3 minutos"},"schema":{"@context":"https:\/\/schema.org","@graph":[{"@type":"Article","@id":"https:\/\/www.laguiadepamplona.com\/actualidad\/15-personas-participan-en-el-segundo-curso-de-cocina-de-este-ano-del-programa-de-formacion-para-el-empleo-en-el-que-colaboran-ayuntamiento-de-pamplona-y-sne\/#article","isPartOf":{"@id":"https:\/\/www.laguiadepamplona.com\/actualidad\/15-personas-participan-en-el-segundo-curso-de-cocina-de-este-ano-del-programa-de-formacion-para-el-empleo-en-el-que-colaboran-ayuntamiento-de-pamplona-y-sne\/"},"author":{"name":"La Gu\u00eda de Pamplona","@id":"https:\/\/www.laguiadepamplona.com\/actualidad\/#\/schema\/person\/efe887376f0213d4657c93adc50b1fdb"},"headline":"15 personas participan en el segundo curso de Cocina de este a\u00f1o del programa de Formaci\u00f3n para el empleo en el que colaboran Ayuntamiento de Pamplona y SNE","datePublished":"2019-09-19T14:49:14+00:00","mainEntityOfPage":{"@id":"https:\/\/www.laguiadepamplona.com\/actualidad\/15-personas-participan-en-el-segundo-curso-de-cocina-de-este-ano-del-programa-de-formacion-para-el-empleo-en-el-que-colaboran-ayuntamiento-de-pamplona-y-sne\/"},"wordCount":718,"commentCount":0,"publisher":{"@id":"https:\/\/www.laguiadepamplona.com\/actualidad\/#organization"},"image":{"@id":"https:\/\/www.laguiadepamplona.com\/actualidad\/15-personas-participan-en-el-segundo-curso-de-cocina-de-este-ano-del-programa-de-formacion-para-el-empleo-en-el-que-colaboran-ayuntamiento-de-pamplona-y-sne\/#primaryimage"},"thumbnailUrl":"https:\/\/www.laguiadepamplona.com\/actualidad\/wp-content\/uploads\/2019\/09\/19.09.19_curso_hosteleria2.jpg","articleSection":["Ayto Pamplona"],"inLanguage":"es","potentialAction":[{"@type":"CommentAction","name":"Comment","target":["https:\/\/www.laguiadepamplona.com\/actualidad\/15-personas-participan-en-el-segundo-curso-de-cocina-de-este-ano-del-programa-de-formacion-para-el-empleo-en-el-que-colaboran-ayuntamiento-de-pamplona-y-sne\/#respond"]}]},{"@type":"WebPage","@id":"https:\/\/www.laguiadepamplona.com\/actualidad\/15-personas-participan-en-el-segundo-curso-de-cocina-de-este-ano-del-programa-de-formacion-para-el-empleo-en-el-que-colaboran-ayuntamiento-de-pamplona-y-sne\/","url":"https:\/\/www.laguiadepamplona.com\/actualidad\/15-personas-participan-en-el-segundo-curso-de-cocina-de-este-ano-del-programa-de-formacion-para-el-empleo-en-el-que-colaboran-ayuntamiento-de-pamplona-y-sne\/","name":"15 personas participan en el segundo curso de Cocina de este a\u00f1o del programa de Formaci\u00f3n para el empleo en el que colaboran Ayuntamiento de Pamplona y SNE","isPartOf":{"@id":"https:\/\/www.laguiadepamplona.com\/actualidad\/#website"},"primaryImageOfPage":{"@id":"https:\/\/www.laguiadepamplona.com\/actualidad\/15-personas-participan-en-el-segundo-curso-de-cocina-de-este-ano-del-programa-de-formacion-para-el-empleo-en-el-que-colaboran-ayuntamiento-de-pamplona-y-sne\/#primaryimage"},"image":{"@id":"https:\/\/www.laguiadepamplona.com\/actualidad\/15-personas-participan-en-el-segundo-curso-de-cocina-de-este-ano-del-programa-de-formacion-para-el-empleo-en-el-que-colaboran-ayuntamiento-de-pamplona-y-sne\/#primaryimage"},"thumbnailUrl":"https:\/\/www.laguiadepamplona.com\/actualidad\/wp-content\/uploads\/2019\/09\/19.09.19_curso_hosteleria2.jpg","datePublished":"2019-09-19T14:49:14+00:00","breadcrumb":{"@id":"https:\/\/www.laguiadepamplona.com\/actualidad\/15-personas-participan-en-el-segundo-curso-de-cocina-de-este-ano-del-programa-de-formacion-para-el-empleo-en-el-que-colaboran-ayuntamiento-de-pamplona-y-sne\/#breadcrumb"},"inLanguage":"es","potentialAction":[{"@type":"ReadAction","target":["https:\/\/www.laguiadepamplona.com\/actualidad\/15-personas-participan-en-el-segundo-curso-de-cocina-de-este-ano-del-programa-de-formacion-para-el-empleo-en-el-que-colaboran-ayuntamiento-de-pamplona-y-sne\/"]}]},{"@type":"ImageObject","inLanguage":"es","@id":"https:\/\/www.laguiadepamplona.com\/actualidad\/15-personas-participan-en-el-segundo-curso-de-cocina-de-este-ano-del-programa-de-formacion-para-el-empleo-en-el-que-colaboran-ayuntamiento-de-pamplona-y-sne\/#primaryimage","url":"https:\/\/www.laguiadepamplona.com\/actualidad\/wp-content\/uploads\/2019\/09\/19.09.19_curso_hosteleria2.jpg","contentUrl":"https:\/\/www.laguiadepamplona.com\/actualidad\/wp-content\/uploads\/2019\/09\/19.09.19_curso_hosteleria2.jpg","width":1920,"height":1280,"caption":"Visita de Mar\u00eda Caballero Concejala de de Servicios sSociales y su la Directora del \u00e4rea Olivia, al cominezo del curso de cocina en la Escuela de Hosteler\u00eda."},{"@type":"BreadcrumbList","@id":"https:\/\/www.laguiadepamplona.com\/actualidad\/15-personas-participan-en-el-segundo-curso-de-cocina-de-este-ano-del-programa-de-formacion-para-el-empleo-en-el-que-colaboran-ayuntamiento-de-pamplona-y-sne\/#breadcrumb","itemListElement":[{"@type":"ListItem","position":1,"name":"Portada","item":"https:\/\/www.laguiadepamplona.com\/actualidad\/"},{"@type":"ListItem","position":2,"name":"15 personas participan en el segundo curso de Cocina de este a\u00f1o del programa de Formaci\u00f3n para el empleo en el que colaboran Ayuntamiento de Pamplona y SNE"}]},{"@type":"WebSite","@id":"https:\/\/www.laguiadepamplona.com\/actualidad\/#website","url":"https:\/\/www.laguiadepamplona.com\/actualidad\/","name":"La gu\u00eda de Pamplona","description":"Noticias de Pamplona","publisher":{"@id":"https:\/\/www.laguiadepamplona.com\/actualidad\/#organization"},"potentialAction":[{"@type":"SearchAction","target":{"@type":"EntryPoint","urlTemplate":"https:\/\/www.laguiadepamplona.com\/actualidad\/?s={search_term_string}"},"query-input":{"@type":"PropertyValueSpecification","valueRequired":true,"valueName":"search_term_string"}}],"inLanguage":"es"},{"@type":"Organization","@id":"https:\/\/www.laguiadepamplona.com\/actualidad\/#organization","name":"La Gu\u00eda de Pamplona \/ Noticias","url":"https:\/\/www.laguiadepamplona.com\/actualidad\/","logo":{"@type":"ImageObject","inLanguage":"es","@id":"https:\/\/www.laguiadepamplona.com\/actualidad\/#\/schema\/logo\/image\/","url":"https:\/\/www.laguiadepamplona.com\/actualidad\/wp-content\/uploads\/2018\/11\/logo-laguiadepamplona18-web1.png","contentUrl":"https:\/\/www.laguiadepamplona.com\/actualidad\/wp-content\/uploads\/2018\/11\/logo-laguiadepamplona18-web1.png","width":600,"height":196,"caption":"La Gu\u00eda de Pamplona \/ Noticias"},"image":{"@id":"https:\/\/www.laguiadepamplona.com\/actualidad\/#\/schema\/logo\/image\/"},"sameAs":["https:\/\/www.facebook.com\/laguiadepamplonacom-133175176762273\/?ref=hl","https:\/\/x.com\/LaGuiadPamplona","https:\/\/www.instagram.com\/la_guia_de_pamplona\/","https:\/\/www.youtube.com\/user\/laguiadepamplona"]},{"@type":"Person","@id":"https:\/\/www.laguiadepamplona.com\/actualidad\/#\/schema\/person\/efe887376f0213d4657c93adc50b1fdb","name":"La Gu\u00eda de Pamplona","image":{"@type":"ImageObject","inLanguage":"es","@id":"https:\/\/secure.gravatar.com\/avatar\/b6992f131dc8d30ab0dff15446e9d346d9dbd95992de0fef795073f5ea83a81c?s=96&d=mm&r=g","url":"https:\/\/secure.gravatar.com\/avatar\/b6992f131dc8d30ab0dff15446e9d346d9dbd95992de0fef795073f5ea83a81c?s=96&d=mm&r=g","contentUrl":"https:\/\/secure.gravatar.com\/avatar\/b6992f131dc8d30ab0dff15446e9d346d9dbd95992de0fef795073f5ea83a81c?s=96&d=mm&r=g","caption":"La Gu\u00eda de Pamplona"}}]}},"post_mailing_queue_ids":[],"_links":{"self":[{"href":"https:\/\/www.laguiadepamplona.com\/actualidad\/wp-json\/wp\/v2\/posts\/24524","targetHints":{"allow":["GET"]}}],"collection":[{"href":"https:\/\/www.laguiadepamplona.com\/actualidad\/wp-json\/wp\/v2\/posts"}],"about":[{"href":"https:\/\/www.laguiadepamplona.com\/actualidad\/wp-json\/wp\/v2\/types\/post"}],"author":[{"embeddable":true,"href":"https:\/\/www.laguiadepamplona.com\/actualidad\/wp-json\/wp\/v2\/users\/1"}],"replies":[{"embeddable":true,"href":"https:\/\/www.laguiadepamplona.com\/actualidad\/wp-json\/wp\/v2\/comments?post=24524"}],"version-history":[{"count":0,"href":"https:\/\/www.laguiadepamplona.com\/actualidad\/wp-json\/wp\/v2\/posts\/24524\/revisions"}],"wp:featuredmedia":[{"embeddable":true,"href":"https:\/\/www.laguiadepamplona.com\/actualidad\/wp-json\/wp\/v2\/media\/24526"}],"wp:attachment":[{"href":"https:\/\/www.laguiadepamplona.com\/actualidad\/wp-json\/wp\/v2\/media?parent=24524"}],"wp:term":[{"taxonomy":"category","embeddable":true,"href":"https:\/\/www.laguiadepamplona.com\/actualidad\/wp-json\/wp\/v2\/categories?post=24524"},{"taxonomy":"post_tag","embeddable":true,"href":"https:\/\/www.laguiadepamplona.com\/actualidad\/wp-json\/wp\/v2\/tags?post=24524"}],"curies":[{"name":"wp","href":"https:\/\/api.w.org\/{rel}","templated":true}]}}