{"id":24509,"date":"2019-09-19T12:38:10","date_gmt":"2019-09-19T10:38:10","guid":{"rendered":"https:\/\/www.laguiadepamplona.es\/actualidad\/?p=24509"},"modified":"2019-09-19T12:38:10","modified_gmt":"2019-09-19T10:38:10","slug":"los-342-pasos-de-peatones-semaforizados-de-pamplona-contaran-con-pictogramas-que-describen-su-funcionamiento-y-serviran-de-informacion-para-menores-con-autismo","status":"publish","type":"post","link":"https:\/\/www.laguiadepamplona.com\/actualidad\/los-342-pasos-de-peatones-semaforizados-de-pamplona-contaran-con-pictogramas-que-describen-su-funcionamiento-y-serviran-de-informacion-para-menores-con-autismo\/","title":{"rendered":"Los 342 pasos de peatones semaforizados de Pamplona contar\u00e1n con pictogramas que describen su funcionamiento y servir\u00e1n de informaci\u00f3n para menores con autismo"},"content":{"rendered":"<p><!--more--><\/p>\n<h3>El Ayuntamiento, la asociaci\u00f3n ANA, Caja Rural y Luminosos Arga colaboran en esta iniciativa pionera, que se trasladar\u00e1 a otras localidades navarras<\/h3>\n<p>Una sencilla placa que muestra en un pictograma c\u00f3mo funciona el sem\u00e1foro de un paso de peatones y cu\u00e1ndo se puede cruzar o no. Los 342 pasos de peatones semaforizados de Pamplona van a a\u00f1adir a sus elementos habituales esa nueva se\u00f1al dirigida sobre todo a menores con autismo, aunque como elemento informativo es accesible para otros tipos de discapacidad y de personas. Se trata de una iniciativa pionera que va m\u00e1s all\u00e1 del simple dibujo, ya que explica las alternativas del rojo y verde del sem\u00e1foro con una historia social, con m\u00e1s elementos en la descripci\u00f3n.<\/p>\n<p>El alcalde de Pamplona, Enrique Maya, ha participado esta ma\u00f1ana en la colocaci\u00f3n de los primeros pictogramas en el paso peatonal semaforizado frente al n\u00famero 2 de la avenida del Ej\u00e9rcito. Le han acompa\u00f1ado en este acto la responsable de Derechos y Buenas Pr\u00e1cticas de la Confederaci\u00f3n Autismo Espa\u00f1a, Raquel Valle, la presidente de la Asociaci\u00f3n Navarra de Autismo (ANA), Amaya \u00c1riz, y el director de Relaciones Institucionales de Caja Rural, Ricardo Go\u00f1i. Hace siete a\u00f1os comenzaron a se\u00f1alizarse con pictogramas edificios p\u00fablicos, tiendas, clubes deportivos, bibliotecas\u2026 en un primer paso hacia una mayor inclusi\u00f3n de las personas con autismo, que se ve reforzada con la se\u00f1al\u00e9tica que hoy empieza a colocarse en los sem\u00e1foros.<\/p>\n<p>El pictograma instalado muestra las dos situaciones que se pueden dar en un paso de peatones semaforizado. El dibujo en rojo de una persona junto al paso de peatones tachado representa la idea de que no se puede cruzar. La persona en verde y el paso de peatones libre identifica el momento en el que se puede cruzar. Las placas con los pictogramas se colocan con bridas met\u00e1licas sujetas a la columna del sem\u00e1foro m\u00e1s pr\u00f3xima a la acera, a una altura aproximada de 1,50 metros, para facilitar que pueda ser vista por quienes se acerquen al paso de peatones.<\/p>\n<p><script async src=\"\/\/pagead2.googlesyndication.com\/pagead\/js\/adsbygoogle.js\"><\/script><br \/>\n<!-- Noticias La Guia de Pamplona --><br \/>\n<ins class=\"adsbygoogle\"\nstyle=\"display:block\"\ndata-ad-client=\"ca-pub-6943679897239327\"\ndata-ad-slot=\"7048180777\"\ndata-ad-format=\"auto\"><\/ins><br \/>\n<script>\n(adsbygoogle = window.adsbygoogle || []).push({});\n<\/script><\/p>\n<p><strong>684 se\u00f1ales para los 342 pasos de peatones semaforizados<\/strong><\/p>\n<p>El dise\u00f1o lo ha realizado ARASAAC (Portal\u00a0Aragon\u00e9s\u00a0de la Comunicaci\u00f3n Aumentativa y Alternativa) que ofrece recursos gr\u00e1ficos y materiales para facilitar la comunicaci\u00f3n de aquellas personas con alg\u00fan tipo de dificultad en esta \u00e1rea. El pictograma se ha testado con psic\u00f3logos y menores con autismo de ANA para comprobar su efectividad y entendimiento.<\/p>\n<p>En Pamplona se colocar\u00e1n un total de 684 pictogramas (un pictograma en cada uno de los lados de los 342 paso de peatones semaforizado), cifra que aumentar\u00e1 hasta los 1.000 en la Comarca. Por ello, desde la asociaci\u00f3n ANA se est\u00e1 en contacto tanto con los ayuntamientos de esos municipios como con las familias que residen en ellos para poder facilitar los tr\u00e1mites. La iniciativa se va a extender, adem\u00e1s, a otras localidades navarras como Estella o Tudela. Esta actuaci\u00f3n cuenta con el apoyo y la financiaci\u00f3n del Ayuntamiento de Pamplona, Caja Rural, Luminosos Arga y la propia Asociaci\u00f3n Navarra de Autismo (ANA).<\/p>\n<p><script async src=\"\/\/pagead2.googlesyndication.com\/pagead\/js\/adsbygoogle.js\"><\/script><br \/>\n<!-- Noticias La Guia de Pamplona --><br \/>\n<ins class=\"adsbygoogle\"\nstyle=\"display:block\"\ndata-ad-client=\"ca-pub-6943679897239327\"\ndata-ad-slot=\"7048180777\"\ndata-ad-format=\"auto\"><\/ins><br \/>\n<script>\n(adsbygoogle = window.adsbygoogle || []).push({});\n<\/script><\/p>\n<p><strong>Por el bien com\u00fan de menores y familias<\/strong><\/p>\n<p>La Asociaci\u00f3n Navarra Autismo es una asociaci\u00f3n sin \u00e1nimo de lucro creada por un grupo de padres de ni\u00f1os y ni\u00f1as afectadas en enero de 2012. Tiene como fin promover el bien com\u00fan de las personas con autismo, trastornos del espectro del autismo, trastornos del desarrollo, Asperger y trastornos con sintomatolog\u00eda dentro del espectro del autismo y sus familias. Busca mejorar en lo posible las destrezas personales y sociales de las personas con autismo, fomentar su independencia personal e inclusi\u00f3n en la sociedad, y formar a padres, madres, familiares, profesionales y sociedad en general sobre el autismo. ANA cuenta con 320 familias asociadas y calcula que en Navarra pueden existir en torno a 500 familias con hijos o hijas con autismo.<\/p>\n<p>Las iniciativas en materia de accesibilidad cognitiva permiten, seg\u00fan la Confederaci\u00f3n Autismo Espa\u00f1a, que la persona con TEA pueda participar en la sociedad y disfrutar de ella de la forma m\u00e1s aut\u00f3noma posible, independientemente de sus capacidades o necesidades. Estas medidas contribuyen a garantizar el derecho a la accesibilidad universal de las personas con discapacidad, y de manera espec\u00edfica de la persona con TEA, dando cumplimiento a la Convenci\u00f3n sobre los Derechos de las Personas con Discapacidad y a la ley general de derechos de las personas con discapacidad y de su inclusi\u00f3n social.<\/p>\n","protected":false},"excerpt":{"rendered":"","protected":false},"author":1,"featured_media":24511,"comment_status":"open","ping_status":"closed","sticky":false,"template":"","format":"standard","meta":{"footnotes":""},"categories":[2],"tags":[],"class_list":["post-24509","post","type-post","status-publish","format-standard","has-post-thumbnail","hentry","category-ayuntamiento-pamplona"],"yoast_head":"<!-- This site is optimized with the Yoast SEO plugin v27.3 - https:\/\/yoast.com\/product\/yoast-seo-wordpress\/ -->\n<title>Los 342 pasos de peatones semaforizados de Pamplona contar\u00e1n con pictogramas que describen su funcionamiento y servir\u00e1n de informaci\u00f3n para menores con autismo<\/title>\n<meta name=\"robots\" content=\"index, follow, max-snippet:-1, max-image-preview:large, max-video-preview:-1\" \/>\n<link rel=\"canonical\" href=\"https:\/\/www.laguiadepamplona.com\/actualidad\/los-342-pasos-de-peatones-semaforizados-de-pamplona-contaran-con-pictogramas-que-describen-su-funcionamiento-y-serviran-de-informacion-para-menores-con-autismo\/\" \/>\n<meta property=\"og:locale\" content=\"es_ES\" \/>\n<meta property=\"og:type\" content=\"article\" \/>\n<meta property=\"og:title\" content=\"Los 342 pasos de peatones semaforizados de Pamplona contar\u00e1n con pictogramas que describen su funcionamiento y servir\u00e1n de informaci\u00f3n para menores con autismo\" \/>\n<meta property=\"og:url\" content=\"https:\/\/www.laguiadepamplona.com\/actualidad\/los-342-pasos-de-peatones-semaforizados-de-pamplona-contaran-con-pictogramas-que-describen-su-funcionamiento-y-serviran-de-informacion-para-menores-con-autismo\/\" \/>\n<meta property=\"og:site_name\" content=\"La Gu\u00eda de Pamplona\" \/>\n<meta property=\"article:publisher\" content=\"https:\/\/www.facebook.com\/laguiadepamplonacom-133175176762273\/?ref=hl\" \/>\n<meta property=\"article:published_time\" content=\"2019-09-19T10:38:10+00:00\" \/>\n<meta property=\"og:image\" content=\"https:\/\/www.laguiadepamplona.com\/actualidad\/wp-content\/uploads\/2019\/09\/19.09.19_pictogramas_semaforos_autismo1.jpg\" \/>\n\t<meta property=\"og:image:width\" content=\"1900\" \/>\n\t<meta property=\"og:image:height\" content=\"1267\" \/>\n\t<meta property=\"og:image:type\" content=\"image\/jpeg\" \/>\n<meta name=\"author\" content=\"La Gu\u00eda de Pamplona\" \/>\n<meta name=\"twitter:card\" content=\"summary_large_image\" \/>\n<meta name=\"twitter:creator\" content=\"@LaGuiadPamplona\" \/>\n<meta name=\"twitter:site\" content=\"@LaGuiadPamplona\" \/>\n<meta name=\"twitter:label1\" content=\"Escrito por\" \/>\n\t<meta name=\"twitter:data1\" content=\"La Gu\u00eda de Pamplona\" \/>\n\t<meta name=\"twitter:label2\" content=\"Tiempo de lectura\" \/>\n\t<meta name=\"twitter:data2\" content=\"4 minutos\" \/>\n<script type=\"application\/ld+json\" class=\"yoast-schema-graph\">{\"@context\":\"https:\\\/\\\/schema.org\",\"@graph\":[{\"@type\":\"Article\",\"@id\":\"https:\\\/\\\/www.laguiadepamplona.com\\\/actualidad\\\/los-342-pasos-de-peatones-semaforizados-de-pamplona-contaran-con-pictogramas-que-describen-su-funcionamiento-y-serviran-de-informacion-para-menores-con-autismo\\\/#article\",\"isPartOf\":{\"@id\":\"https:\\\/\\\/www.laguiadepamplona.com\\\/actualidad\\\/los-342-pasos-de-peatones-semaforizados-de-pamplona-contaran-con-pictogramas-que-describen-su-funcionamiento-y-serviran-de-informacion-para-menores-con-autismo\\\/\"},\"author\":{\"name\":\"La Gu\u00eda de Pamplona\",\"@id\":\"https:\\\/\\\/www.laguiadepamplona.com\\\/actualidad\\\/#\\\/schema\\\/person\\\/efe887376f0213d4657c93adc50b1fdb\"},\"headline\":\"Los 342 pasos de peatones semaforizados de Pamplona contar\u00e1n con pictogramas que describen su funcionamiento y servir\u00e1n de informaci\u00f3n para menores con autismo\",\"datePublished\":\"2019-09-19T10:38:10+00:00\",\"mainEntityOfPage\":{\"@id\":\"https:\\\/\\\/www.laguiadepamplona.com\\\/actualidad\\\/los-342-pasos-de-peatones-semaforizados-de-pamplona-contaran-con-pictogramas-que-describen-su-funcionamiento-y-serviran-de-informacion-para-menores-con-autismo\\\/\"},\"wordCount\":799,\"commentCount\":0,\"publisher\":{\"@id\":\"https:\\\/\\\/www.laguiadepamplona.com\\\/actualidad\\\/#organization\"},\"image\":{\"@id\":\"https:\\\/\\\/www.laguiadepamplona.com\\\/actualidad\\\/los-342-pasos-de-peatones-semaforizados-de-pamplona-contaran-con-pictogramas-que-describen-su-funcionamiento-y-serviran-de-informacion-para-menores-con-autismo\\\/#primaryimage\"},\"thumbnailUrl\":\"https:\\\/\\\/www.laguiadepamplona.com\\\/actualidad\\\/wp-content\\\/uploads\\\/2019\\\/09\\\/19.09.19_pictogramas_semaforos_autismo1.jpg\",\"articleSection\":[\"Ayto Pamplona\"],\"inLanguage\":\"es\",\"potentialAction\":[{\"@type\":\"CommentAction\",\"name\":\"Comment\",\"target\":[\"https:\\\/\\\/www.laguiadepamplona.com\\\/actualidad\\\/los-342-pasos-de-peatones-semaforizados-de-pamplona-contaran-con-pictogramas-que-describen-su-funcionamiento-y-serviran-de-informacion-para-menores-con-autismo\\\/#respond\"]}]},{\"@type\":\"WebPage\",\"@id\":\"https:\\\/\\\/www.laguiadepamplona.com\\\/actualidad\\\/los-342-pasos-de-peatones-semaforizados-de-pamplona-contaran-con-pictogramas-que-describen-su-funcionamiento-y-serviran-de-informacion-para-menores-con-autismo\\\/\",\"url\":\"https:\\\/\\\/www.laguiadepamplona.com\\\/actualidad\\\/los-342-pasos-de-peatones-semaforizados-de-pamplona-contaran-con-pictogramas-que-describen-su-funcionamiento-y-serviran-de-informacion-para-menores-con-autismo\\\/\",\"name\":\"Los 342 pasos de peatones semaforizados de Pamplona contar\u00e1n con pictogramas que describen su funcionamiento y servir\u00e1n de informaci\u00f3n para menores con autismo\",\"isPartOf\":{\"@id\":\"https:\\\/\\\/www.laguiadepamplona.com\\\/actualidad\\\/#website\"},\"primaryImageOfPage\":{\"@id\":\"https:\\\/\\\/www.laguiadepamplona.com\\\/actualidad\\\/los-342-pasos-de-peatones-semaforizados-de-pamplona-contaran-con-pictogramas-que-describen-su-funcionamiento-y-serviran-de-informacion-para-menores-con-autismo\\\/#primaryimage\"},\"image\":{\"@id\":\"https:\\\/\\\/www.laguiadepamplona.com\\\/actualidad\\\/los-342-pasos-de-peatones-semaforizados-de-pamplona-contaran-con-pictogramas-que-describen-su-funcionamiento-y-serviran-de-informacion-para-menores-con-autismo\\\/#primaryimage\"},\"thumbnailUrl\":\"https:\\\/\\\/www.laguiadepamplona.com\\\/actualidad\\\/wp-content\\\/uploads\\\/2019\\\/09\\\/19.09.19_pictogramas_semaforos_autismo1.jpg\",\"datePublished\":\"2019-09-19T10:38:10+00:00\",\"breadcrumb\":{\"@id\":\"https:\\\/\\\/www.laguiadepamplona.com\\\/actualidad\\\/los-342-pasos-de-peatones-semaforizados-de-pamplona-contaran-con-pictogramas-que-describen-su-funcionamiento-y-serviran-de-informacion-para-menores-con-autismo\\\/#breadcrumb\"},\"inLanguage\":\"es\",\"potentialAction\":[{\"@type\":\"ReadAction\",\"target\":[\"https:\\\/\\\/www.laguiadepamplona.com\\\/actualidad\\\/los-342-pasos-de-peatones-semaforizados-de-pamplona-contaran-con-pictogramas-que-describen-su-funcionamiento-y-serviran-de-informacion-para-menores-con-autismo\\\/\"]}]},{\"@type\":\"ImageObject\",\"inLanguage\":\"es\",\"@id\":\"https:\\\/\\\/www.laguiadepamplona.com\\\/actualidad\\\/los-342-pasos-de-peatones-semaforizados-de-pamplona-contaran-con-pictogramas-que-describen-su-funcionamiento-y-serviran-de-informacion-para-menores-con-autismo\\\/#primaryimage\",\"url\":\"https:\\\/\\\/www.laguiadepamplona.com\\\/actualidad\\\/wp-content\\\/uploads\\\/2019\\\/09\\\/19.09.19_pictogramas_semaforos_autismo1.jpg\",\"contentUrl\":\"https:\\\/\\\/www.laguiadepamplona.com\\\/actualidad\\\/wp-content\\\/uploads\\\/2019\\\/09\\\/19.09.19_pictogramas_semaforos_autismo1.jpg\",\"width\":1900,\"height\":1267},{\"@type\":\"BreadcrumbList\",\"@id\":\"https:\\\/\\\/www.laguiadepamplona.com\\\/actualidad\\\/los-342-pasos-de-peatones-semaforizados-de-pamplona-contaran-con-pictogramas-que-describen-su-funcionamiento-y-serviran-de-informacion-para-menores-con-autismo\\\/#breadcrumb\",\"itemListElement\":[{\"@type\":\"ListItem\",\"position\":1,\"name\":\"Portada\",\"item\":\"https:\\\/\\\/www.laguiadepamplona.com\\\/actualidad\\\/\"},{\"@type\":\"ListItem\",\"position\":2,\"name\":\"Los 342 pasos de peatones semaforizados de Pamplona contar\u00e1n con pictogramas que describen su funcionamiento y servir\u00e1n de informaci\u00f3n para menores con autismo\"}]},{\"@type\":\"WebSite\",\"@id\":\"https:\\\/\\\/www.laguiadepamplona.com\\\/actualidad\\\/#website\",\"url\":\"https:\\\/\\\/www.laguiadepamplona.com\\\/actualidad\\\/\",\"name\":\"La gu\u00eda de Pamplona\",\"description\":\"Noticias de Pamplona\",\"publisher\":{\"@id\":\"https:\\\/\\\/www.laguiadepamplona.com\\\/actualidad\\\/#organization\"},\"potentialAction\":[{\"@type\":\"SearchAction\",\"target\":{\"@type\":\"EntryPoint\",\"urlTemplate\":\"https:\\\/\\\/www.laguiadepamplona.com\\\/actualidad\\\/?s={search_term_string}\"},\"query-input\":{\"@type\":\"PropertyValueSpecification\",\"valueRequired\":true,\"valueName\":\"search_term_string\"}}],\"inLanguage\":\"es\"},{\"@type\":\"Organization\",\"@id\":\"https:\\\/\\\/www.laguiadepamplona.com\\\/actualidad\\\/#organization\",\"name\":\"La Gu\u00eda de Pamplona \\\/ Noticias\",\"url\":\"https:\\\/\\\/www.laguiadepamplona.com\\\/actualidad\\\/\",\"logo\":{\"@type\":\"ImageObject\",\"inLanguage\":\"es\",\"@id\":\"https:\\\/\\\/www.laguiadepamplona.com\\\/actualidad\\\/#\\\/schema\\\/logo\\\/image\\\/\",\"url\":\"https:\\\/\\\/www.laguiadepamplona.com\\\/actualidad\\\/wp-content\\\/uploads\\\/2018\\\/11\\\/logo-laguiadepamplona18-web1.png\",\"contentUrl\":\"https:\\\/\\\/www.laguiadepamplona.com\\\/actualidad\\\/wp-content\\\/uploads\\\/2018\\\/11\\\/logo-laguiadepamplona18-web1.png\",\"width\":600,\"height\":196,\"caption\":\"La Gu\u00eda de Pamplona \\\/ Noticias\"},\"image\":{\"@id\":\"https:\\\/\\\/www.laguiadepamplona.com\\\/actualidad\\\/#\\\/schema\\\/logo\\\/image\\\/\"},\"sameAs\":[\"https:\\\/\\\/www.facebook.com\\\/laguiadepamplonacom-133175176762273\\\/?ref=hl\",\"https:\\\/\\\/x.com\\\/LaGuiadPamplona\",\"https:\\\/\\\/www.instagram.com\\\/la_guia_de_pamplona\\\/\",\"https:\\\/\\\/www.youtube.com\\\/user\\\/laguiadepamplona\"]},{\"@type\":\"Person\",\"@id\":\"https:\\\/\\\/www.laguiadepamplona.com\\\/actualidad\\\/#\\\/schema\\\/person\\\/efe887376f0213d4657c93adc50b1fdb\",\"name\":\"La Gu\u00eda de Pamplona\",\"image\":{\"@type\":\"ImageObject\",\"inLanguage\":\"es\",\"@id\":\"https:\\\/\\\/secure.gravatar.com\\\/avatar\\\/b6992f131dc8d30ab0dff15446e9d346d9dbd95992de0fef795073f5ea83a81c?s=96&d=mm&r=g\",\"url\":\"https:\\\/\\\/secure.gravatar.com\\\/avatar\\\/b6992f131dc8d30ab0dff15446e9d346d9dbd95992de0fef795073f5ea83a81c?s=96&d=mm&r=g\",\"contentUrl\":\"https:\\\/\\\/secure.gravatar.com\\\/avatar\\\/b6992f131dc8d30ab0dff15446e9d346d9dbd95992de0fef795073f5ea83a81c?s=96&d=mm&r=g\",\"caption\":\"La Gu\u00eda de Pamplona\"}}]}<\/script>\n<!-- \/ Yoast SEO plugin. -->","yoast_head_json":{"title":"Los 342 pasos de peatones semaforizados de Pamplona contar\u00e1n con pictogramas que describen su funcionamiento y servir\u00e1n de informaci\u00f3n para menores con autismo","robots":{"index":"index","follow":"follow","max-snippet":"max-snippet:-1","max-image-preview":"max-image-preview:large","max-video-preview":"max-video-preview:-1"},"canonical":"https:\/\/www.laguiadepamplona.com\/actualidad\/los-342-pasos-de-peatones-semaforizados-de-pamplona-contaran-con-pictogramas-que-describen-su-funcionamiento-y-serviran-de-informacion-para-menores-con-autismo\/","og_locale":"es_ES","og_type":"article","og_title":"Los 342 pasos de peatones semaforizados de Pamplona contar\u00e1n con pictogramas que describen su funcionamiento y servir\u00e1n de informaci\u00f3n para menores con autismo","og_url":"https:\/\/www.laguiadepamplona.com\/actualidad\/los-342-pasos-de-peatones-semaforizados-de-pamplona-contaran-con-pictogramas-que-describen-su-funcionamiento-y-serviran-de-informacion-para-menores-con-autismo\/","og_site_name":"La Gu\u00eda de Pamplona","article_publisher":"https:\/\/www.facebook.com\/laguiadepamplonacom-133175176762273\/?ref=hl","article_published_time":"2019-09-19T10:38:10+00:00","og_image":[{"width":1900,"height":1267,"url":"https:\/\/www.laguiadepamplona.com\/actualidad\/wp-content\/uploads\/2019\/09\/19.09.19_pictogramas_semaforos_autismo1.jpg","type":"image\/jpeg"}],"author":"La Gu\u00eda de Pamplona","twitter_card":"summary_large_image","twitter_creator":"@LaGuiadPamplona","twitter_site":"@LaGuiadPamplona","twitter_misc":{"Escrito por":"La Gu\u00eda de Pamplona","Tiempo de lectura":"4 minutos"},"schema":{"@context":"https:\/\/schema.org","@graph":[{"@type":"Article","@id":"https:\/\/www.laguiadepamplona.com\/actualidad\/los-342-pasos-de-peatones-semaforizados-de-pamplona-contaran-con-pictogramas-que-describen-su-funcionamiento-y-serviran-de-informacion-para-menores-con-autismo\/#article","isPartOf":{"@id":"https:\/\/www.laguiadepamplona.com\/actualidad\/los-342-pasos-de-peatones-semaforizados-de-pamplona-contaran-con-pictogramas-que-describen-su-funcionamiento-y-serviran-de-informacion-para-menores-con-autismo\/"},"author":{"name":"La Gu\u00eda de Pamplona","@id":"https:\/\/www.laguiadepamplona.com\/actualidad\/#\/schema\/person\/efe887376f0213d4657c93adc50b1fdb"},"headline":"Los 342 pasos de peatones semaforizados de Pamplona contar\u00e1n con pictogramas que describen su funcionamiento y servir\u00e1n de informaci\u00f3n para menores con autismo","datePublished":"2019-09-19T10:38:10+00:00","mainEntityOfPage":{"@id":"https:\/\/www.laguiadepamplona.com\/actualidad\/los-342-pasos-de-peatones-semaforizados-de-pamplona-contaran-con-pictogramas-que-describen-su-funcionamiento-y-serviran-de-informacion-para-menores-con-autismo\/"},"wordCount":799,"commentCount":0,"publisher":{"@id":"https:\/\/www.laguiadepamplona.com\/actualidad\/#organization"},"image":{"@id":"https:\/\/www.laguiadepamplona.com\/actualidad\/los-342-pasos-de-peatones-semaforizados-de-pamplona-contaran-con-pictogramas-que-describen-su-funcionamiento-y-serviran-de-informacion-para-menores-con-autismo\/#primaryimage"},"thumbnailUrl":"https:\/\/www.laguiadepamplona.com\/actualidad\/wp-content\/uploads\/2019\/09\/19.09.19_pictogramas_semaforos_autismo1.jpg","articleSection":["Ayto Pamplona"],"inLanguage":"es","potentialAction":[{"@type":"CommentAction","name":"Comment","target":["https:\/\/www.laguiadepamplona.com\/actualidad\/los-342-pasos-de-peatones-semaforizados-de-pamplona-contaran-con-pictogramas-que-describen-su-funcionamiento-y-serviran-de-informacion-para-menores-con-autismo\/#respond"]}]},{"@type":"WebPage","@id":"https:\/\/www.laguiadepamplona.com\/actualidad\/los-342-pasos-de-peatones-semaforizados-de-pamplona-contaran-con-pictogramas-que-describen-su-funcionamiento-y-serviran-de-informacion-para-menores-con-autismo\/","url":"https:\/\/www.laguiadepamplona.com\/actualidad\/los-342-pasos-de-peatones-semaforizados-de-pamplona-contaran-con-pictogramas-que-describen-su-funcionamiento-y-serviran-de-informacion-para-menores-con-autismo\/","name":"Los 342 pasos de peatones semaforizados de Pamplona contar\u00e1n con pictogramas que describen su funcionamiento y servir\u00e1n de informaci\u00f3n para menores con autismo","isPartOf":{"@id":"https:\/\/www.laguiadepamplona.com\/actualidad\/#website"},"primaryImageOfPage":{"@id":"https:\/\/www.laguiadepamplona.com\/actualidad\/los-342-pasos-de-peatones-semaforizados-de-pamplona-contaran-con-pictogramas-que-describen-su-funcionamiento-y-serviran-de-informacion-para-menores-con-autismo\/#primaryimage"},"image":{"@id":"https:\/\/www.laguiadepamplona.com\/actualidad\/los-342-pasos-de-peatones-semaforizados-de-pamplona-contaran-con-pictogramas-que-describen-su-funcionamiento-y-serviran-de-informacion-para-menores-con-autismo\/#primaryimage"},"thumbnailUrl":"https:\/\/www.laguiadepamplona.com\/actualidad\/wp-content\/uploads\/2019\/09\/19.09.19_pictogramas_semaforos_autismo1.jpg","datePublished":"2019-09-19T10:38:10+00:00","breadcrumb":{"@id":"https:\/\/www.laguiadepamplona.com\/actualidad\/los-342-pasos-de-peatones-semaforizados-de-pamplona-contaran-con-pictogramas-que-describen-su-funcionamiento-y-serviran-de-informacion-para-menores-con-autismo\/#breadcrumb"},"inLanguage":"es","potentialAction":[{"@type":"ReadAction","target":["https:\/\/www.laguiadepamplona.com\/actualidad\/los-342-pasos-de-peatones-semaforizados-de-pamplona-contaran-con-pictogramas-que-describen-su-funcionamiento-y-serviran-de-informacion-para-menores-con-autismo\/"]}]},{"@type":"ImageObject","inLanguage":"es","@id":"https:\/\/www.laguiadepamplona.com\/actualidad\/los-342-pasos-de-peatones-semaforizados-de-pamplona-contaran-con-pictogramas-que-describen-su-funcionamiento-y-serviran-de-informacion-para-menores-con-autismo\/#primaryimage","url":"https:\/\/www.laguiadepamplona.com\/actualidad\/wp-content\/uploads\/2019\/09\/19.09.19_pictogramas_semaforos_autismo1.jpg","contentUrl":"https:\/\/www.laguiadepamplona.com\/actualidad\/wp-content\/uploads\/2019\/09\/19.09.19_pictogramas_semaforos_autismo1.jpg","width":1900,"height":1267},{"@type":"BreadcrumbList","@id":"https:\/\/www.laguiadepamplona.com\/actualidad\/los-342-pasos-de-peatones-semaforizados-de-pamplona-contaran-con-pictogramas-que-describen-su-funcionamiento-y-serviran-de-informacion-para-menores-con-autismo\/#breadcrumb","itemListElement":[{"@type":"ListItem","position":1,"name":"Portada","item":"https:\/\/www.laguiadepamplona.com\/actualidad\/"},{"@type":"ListItem","position":2,"name":"Los 342 pasos de peatones semaforizados de Pamplona contar\u00e1n con pictogramas que describen su funcionamiento y servir\u00e1n de informaci\u00f3n para menores con autismo"}]},{"@type":"WebSite","@id":"https:\/\/www.laguiadepamplona.com\/actualidad\/#website","url":"https:\/\/www.laguiadepamplona.com\/actualidad\/","name":"La gu\u00eda de Pamplona","description":"Noticias de Pamplona","publisher":{"@id":"https:\/\/www.laguiadepamplona.com\/actualidad\/#organization"},"potentialAction":[{"@type":"SearchAction","target":{"@type":"EntryPoint","urlTemplate":"https:\/\/www.laguiadepamplona.com\/actualidad\/?s={search_term_string}"},"query-input":{"@type":"PropertyValueSpecification","valueRequired":true,"valueName":"search_term_string"}}],"inLanguage":"es"},{"@type":"Organization","@id":"https:\/\/www.laguiadepamplona.com\/actualidad\/#organization","name":"La Gu\u00eda de Pamplona \/ Noticias","url":"https:\/\/www.laguiadepamplona.com\/actualidad\/","logo":{"@type":"ImageObject","inLanguage":"es","@id":"https:\/\/www.laguiadepamplona.com\/actualidad\/#\/schema\/logo\/image\/","url":"https:\/\/www.laguiadepamplona.com\/actualidad\/wp-content\/uploads\/2018\/11\/logo-laguiadepamplona18-web1.png","contentUrl":"https:\/\/www.laguiadepamplona.com\/actualidad\/wp-content\/uploads\/2018\/11\/logo-laguiadepamplona18-web1.png","width":600,"height":196,"caption":"La Gu\u00eda de Pamplona \/ Noticias"},"image":{"@id":"https:\/\/www.laguiadepamplona.com\/actualidad\/#\/schema\/logo\/image\/"},"sameAs":["https:\/\/www.facebook.com\/laguiadepamplonacom-133175176762273\/?ref=hl","https:\/\/x.com\/LaGuiadPamplona","https:\/\/www.instagram.com\/la_guia_de_pamplona\/","https:\/\/www.youtube.com\/user\/laguiadepamplona"]},{"@type":"Person","@id":"https:\/\/www.laguiadepamplona.com\/actualidad\/#\/schema\/person\/efe887376f0213d4657c93adc50b1fdb","name":"La Gu\u00eda de Pamplona","image":{"@type":"ImageObject","inLanguage":"es","@id":"https:\/\/secure.gravatar.com\/avatar\/b6992f131dc8d30ab0dff15446e9d346d9dbd95992de0fef795073f5ea83a81c?s=96&d=mm&r=g","url":"https:\/\/secure.gravatar.com\/avatar\/b6992f131dc8d30ab0dff15446e9d346d9dbd95992de0fef795073f5ea83a81c?s=96&d=mm&r=g","contentUrl":"https:\/\/secure.gravatar.com\/avatar\/b6992f131dc8d30ab0dff15446e9d346d9dbd95992de0fef795073f5ea83a81c?s=96&d=mm&r=g","caption":"La Gu\u00eda de Pamplona"}}]}},"post_mailing_queue_ids":[],"_links":{"self":[{"href":"https:\/\/www.laguiadepamplona.com\/actualidad\/wp-json\/wp\/v2\/posts\/24509","targetHints":{"allow":["GET"]}}],"collection":[{"href":"https:\/\/www.laguiadepamplona.com\/actualidad\/wp-json\/wp\/v2\/posts"}],"about":[{"href":"https:\/\/www.laguiadepamplona.com\/actualidad\/wp-json\/wp\/v2\/types\/post"}],"author":[{"embeddable":true,"href":"https:\/\/www.laguiadepamplona.com\/actualidad\/wp-json\/wp\/v2\/users\/1"}],"replies":[{"embeddable":true,"href":"https:\/\/www.laguiadepamplona.com\/actualidad\/wp-json\/wp\/v2\/comments?post=24509"}],"version-history":[{"count":0,"href":"https:\/\/www.laguiadepamplona.com\/actualidad\/wp-json\/wp\/v2\/posts\/24509\/revisions"}],"wp:featuredmedia":[{"embeddable":true,"href":"https:\/\/www.laguiadepamplona.com\/actualidad\/wp-json\/wp\/v2\/media\/24511"}],"wp:attachment":[{"href":"https:\/\/www.laguiadepamplona.com\/actualidad\/wp-json\/wp\/v2\/media?parent=24509"}],"wp:term":[{"taxonomy":"category","embeddable":true,"href":"https:\/\/www.laguiadepamplona.com\/actualidad\/wp-json\/wp\/v2\/categories?post=24509"},{"taxonomy":"post_tag","embeddable":true,"href":"https:\/\/www.laguiadepamplona.com\/actualidad\/wp-json\/wp\/v2\/tags?post=24509"}],"curies":[{"name":"wp","href":"https:\/\/api.w.org\/{rel}","templated":true}]}}