{"id":24504,"date":"2019-09-18T19:15:00","date_gmt":"2019-09-18T17:15:00","guid":{"rendered":"https:\/\/www.laguiadepamplona.es\/actualidad\/?p=24504"},"modified":"2019-09-18T19:15:00","modified_gmt":"2019-09-18T17:15:00","slug":"el-lunes-30-de-septiembre-comienzan-los-trabajos-de-reurbanizacion-de-la-calle-navas-de-tolosa-en-el-tramo-entre-el-parlamento-y-la-rotonda-con-la-calle-taconera","status":"publish","type":"post","link":"https:\/\/www.laguiadepamplona.com\/actualidad\/el-lunes-30-de-septiembre-comienzan-los-trabajos-de-reurbanizacion-de-la-calle-navas-de-tolosa-en-el-tramo-entre-el-parlamento-y-la-rotonda-con-la-calle-taconera\/","title":{"rendered":"El lunes 30 de septiembre comienzan los trabajos de reurbanizaci\u00f3n de la calle Navas de Tolosa, en el tramo entre el Parlamento y la rotonda con la calle Taconera"},"content":{"rendered":"<p><!--more--><\/p>\n<h3>Durante las obras se cortar\u00e1 el carril en direcci\u00f3n al Segundo Ensanche y se modificar\u00e1n algunas paradas del transporte urbano<\/h3>\n<p>El lunes 30 de septiembre se iniciar\u00e1n las obras de reurbanizaci\u00f3n del Primer Ensanche, en concreto del tramo de la calle Navas de Tolosa comprendido entre el Parlamento y la rotonda con la calle Taconera. Los trabajos se prev\u00e9 que est\u00e9n finalizados para final de a\u00f1o y cuentan con un presupuesto de 1.044.414,17 euros. El Ayuntamiento de Pamplona va a buzonear a los vecinos y vecinas del entorno un d\u00edptico con informaci\u00f3n de la obra y de las posibles afecciones.<\/p>\n<p><script async src=\"\/\/pagead2.googlesyndication.com\/pagead\/js\/adsbygoogle.js\"><\/script><br \/>\n<!-- Noticias La Guia de Pamplona --><br \/>\n<ins class=\"adsbygoogle\"\nstyle=\"display:block\"\ndata-ad-client=\"ca-pub-6943679897239327\"\ndata-ad-slot=\"7048180777\"\ndata-ad-format=\"auto\"><\/ins><br \/>\n<script>\n(adsbygoogle = window.adsbygoogle || []).push({});\n<\/script><\/p>\n<p>Esta tarde el alcalde de Pamplona, Enrique Maya; el concejal delegado de Proyectos Estrat\u00e9gicos, Movilidad y Sostenibilidad, Ferm\u00edn Alonso, y el director de Proyectos y Obras, Movilidad y Sostenibilidad, Alejandro Astibia, han participado en una reuni\u00f3n abierta a la ciudadan\u00eda en la Escuela de M\u00fasica Joaqu\u00edn Maya para explicar las actuaciones que se van a llevar a cabo. El proyecto recoge una nueva secci\u00f3n tipo en la calle Navas de Tolosa, reduciendo la calzada a 7 metros e integrando un carril bici segregado. En el tramo entre el paseo Sarasate y el Parlamento se ampl\u00eda el ancho de calzada a 8 metros para garantizar la buena circulaci\u00f3n del transporte p\u00fablico. Con el fin de favorecer la conectividad transversal entre el Casco Antiguo y el I Ensanche, se incorpora un nuevo paso peatonal en la calle Marqu\u00e9s de Rozalejo y se redefinen otros dos pasos peatonales amplios, uno centrado a la salida del Parlamento de Navarra dando continuidad hacia el paseo de Sarasate y el otro como continuidad de la calle General Chinchilla.<\/p>\n<p>En las aceras, se establecer\u00e1 una franja de 2,5 metros en el lado del Parlamento y de 2,6 metros en el lado Casco Antiguo en ese entorno del paseo de Sarasate, que permiten. Asimismo, se integran espacios verdes de estancia que acompa\u00f1an el recorrido longitudinal de ese tramo de Navas de Tolosa, alternando alcorques plantados con pavimento mixto. Tambi\u00e9n se actuar\u00e1 en la rotonda, que en su acceso desde la calle Taconera ver\u00e1 c\u00f3mo el carril bici y el vial se bifurcan, para recorrer el espacio a trav\u00e9s de un trazado seguro tras la parada de autobuses y protegido por una l\u00ednea de parterres y zonas verdes. Se contempla, asimismo, una mejora de accesibilidad con la adaptaci\u00f3n de las escaleras que comunican Navas de Tolosa con San Gregorio para cumplir la normativa, suavizando y mejorando recorridos y transiciones.<\/p>\n<p><script async src=\"\/\/pagead2.googlesyndication.com\/pagead\/js\/adsbygoogle.js\"><\/script><br \/>\n<!-- Noticias La Guia de Pamplona --><br \/>\n<ins class=\"adsbygoogle\"\nstyle=\"display:block\"\ndata-ad-client=\"ca-pub-6943679897239327\"\ndata-ad-slot=\"7048180777\"\ndata-ad-format=\"auto\"><\/ins><br \/>\n<script>\n(adsbygoogle = window.adsbygoogle || []).push({});\n<\/script><\/p>\n<p><strong>Afecciones durante las obras<\/strong><\/p>\n<p>Durante los meses de obras, la principal afecci\u00f3n tiene que ver con el corte del tr\u00e1fico en el carril direcci\u00f3n al Segundo Ensanche, desde la rotonda con calle Taconera hasta el Parlamento. Ese vial lo utiliza principalmente el transporte urbano comarcal, un servicio que se mantiene en esa zona, con algunos cambios. Las paradas situadas en Navas de Tolosa 5 y 13 se trasladar\u00e1n a la calle Padre Moret, junto a Baluarte. Tambi\u00e9n se modificar\u00e1n puntualmente las paradas situadas en el paseo de Sarasate (frente al Parlamento) y en Navas de Tolosa con San Ant\u00f3n. El acceso a garajes e inmuebles est\u00e1 garantizado durante todo el devenir de las obras.<\/p>\n<p>Estos trabajos de reurbanizaci\u00f3n contar\u00e1n con personal de atenci\u00f3n e informaci\u00f3n a pie de obra que podr\u00e1 atender las dudas y cuestiones que se le planteen desde la ciudadan\u00eda. Asimismo, se colocar\u00e1 un panel informativo en las casetas de obras con el desarrollo y planificaci\u00f3n de las actuaciones que se van a realizar.<\/p>\n","protected":false},"excerpt":{"rendered":"","protected":false},"author":1,"featured_media":24506,"comment_status":"open","ping_status":"closed","sticky":false,"template":"","format":"standard","meta":{"footnotes":""},"categories":[2],"tags":[],"class_list":["post-24504","post","type-post","status-publish","format-standard","has-post-thumbnail","hentry","category-ayuntamiento-pamplona"],"yoast_head":"<!-- This site is optimized with the Yoast SEO plugin v27.3 - https:\/\/yoast.com\/product\/yoast-seo-wordpress\/ -->\n<title>El lunes 30 de septiembre comienzan los trabajos de reurbanizaci\u00f3n de la calle Navas de Tolosa, en el tramo entre el Parlamento y la rotonda con la calle Taconera<\/title>\n<meta name=\"robots\" content=\"index, follow, max-snippet:-1, max-image-preview:large, max-video-preview:-1\" \/>\n<link rel=\"canonical\" href=\"https:\/\/www.laguiadepamplona.com\/actualidad\/el-lunes-30-de-septiembre-comienzan-los-trabajos-de-reurbanizacion-de-la-calle-navas-de-tolosa-en-el-tramo-entre-el-parlamento-y-la-rotonda-con-la-calle-taconera\/\" \/>\n<meta property=\"og:locale\" content=\"es_ES\" \/>\n<meta property=\"og:type\" content=\"article\" \/>\n<meta property=\"og:title\" content=\"El lunes 30 de septiembre comienzan los trabajos de reurbanizaci\u00f3n de la calle Navas de Tolosa, en el tramo entre el Parlamento y la rotonda con la calle Taconera\" \/>\n<meta property=\"og:url\" content=\"https:\/\/www.laguiadepamplona.com\/actualidad\/el-lunes-30-de-septiembre-comienzan-los-trabajos-de-reurbanizacion-de-la-calle-navas-de-tolosa-en-el-tramo-entre-el-parlamento-y-la-rotonda-con-la-calle-taconera\/\" \/>\n<meta property=\"og:site_name\" content=\"La Gu\u00eda de Pamplona\" \/>\n<meta property=\"article:publisher\" content=\"https:\/\/www.facebook.com\/laguiadepamplonacom-133175176762273\/?ref=hl\" \/>\n<meta property=\"article:published_time\" content=\"2019-09-18T17:15:00+00:00\" \/>\n<meta property=\"og:image\" content=\"https:\/\/www.laguiadepamplona.com\/actualidad\/wp-content\/uploads\/2019\/09\/19.09.18_reunion_ensanche_navas_tolosa.jpg\" \/>\n\t<meta property=\"og:image:width\" content=\"1920\" \/>\n\t<meta property=\"og:image:height\" content=\"1039\" \/>\n\t<meta property=\"og:image:type\" content=\"image\/jpeg\" \/>\n<meta name=\"author\" content=\"La Gu\u00eda de Pamplona\" \/>\n<meta name=\"twitter:card\" content=\"summary_large_image\" \/>\n<meta name=\"twitter:creator\" content=\"@LaGuiadPamplona\" \/>\n<meta name=\"twitter:site\" content=\"@LaGuiadPamplona\" \/>\n<meta name=\"twitter:label1\" content=\"Escrito por\" \/>\n\t<meta name=\"twitter:data1\" content=\"La Gu\u00eda de Pamplona\" \/>\n\t<meta name=\"twitter:label2\" content=\"Tiempo de lectura\" \/>\n\t<meta name=\"twitter:data2\" content=\"3 minutos\" \/>\n<script type=\"application\/ld+json\" class=\"yoast-schema-graph\">{\"@context\":\"https:\\\/\\\/schema.org\",\"@graph\":[{\"@type\":\"Article\",\"@id\":\"https:\\\/\\\/www.laguiadepamplona.com\\\/actualidad\\\/el-lunes-30-de-septiembre-comienzan-los-trabajos-de-reurbanizacion-de-la-calle-navas-de-tolosa-en-el-tramo-entre-el-parlamento-y-la-rotonda-con-la-calle-taconera\\\/#article\",\"isPartOf\":{\"@id\":\"https:\\\/\\\/www.laguiadepamplona.com\\\/actualidad\\\/el-lunes-30-de-septiembre-comienzan-los-trabajos-de-reurbanizacion-de-la-calle-navas-de-tolosa-en-el-tramo-entre-el-parlamento-y-la-rotonda-con-la-calle-taconera\\\/\"},\"author\":{\"name\":\"La Gu\u00eda de Pamplona\",\"@id\":\"https:\\\/\\\/www.laguiadepamplona.com\\\/actualidad\\\/#\\\/schema\\\/person\\\/efe887376f0213d4657c93adc50b1fdb\"},\"headline\":\"El lunes 30 de septiembre comienzan los trabajos de reurbanizaci\u00f3n de la calle Navas de Tolosa, en el tramo entre el Parlamento y la rotonda con la calle Taconera\",\"datePublished\":\"2019-09-18T17:15:00+00:00\",\"mainEntityOfPage\":{\"@id\":\"https:\\\/\\\/www.laguiadepamplona.com\\\/actualidad\\\/el-lunes-30-de-septiembre-comienzan-los-trabajos-de-reurbanizacion-de-la-calle-navas-de-tolosa-en-el-tramo-entre-el-parlamento-y-la-rotonda-con-la-calle-taconera\\\/\"},\"wordCount\":636,\"commentCount\":0,\"publisher\":{\"@id\":\"https:\\\/\\\/www.laguiadepamplona.com\\\/actualidad\\\/#organization\"},\"image\":{\"@id\":\"https:\\\/\\\/www.laguiadepamplona.com\\\/actualidad\\\/el-lunes-30-de-septiembre-comienzan-los-trabajos-de-reurbanizacion-de-la-calle-navas-de-tolosa-en-el-tramo-entre-el-parlamento-y-la-rotonda-con-la-calle-taconera\\\/#primaryimage\"},\"thumbnailUrl\":\"https:\\\/\\\/www.laguiadepamplona.com\\\/actualidad\\\/wp-content\\\/uploads\\\/2019\\\/09\\\/19.09.18_reunion_ensanche_navas_tolosa.jpg\",\"articleSection\":[\"Ayto Pamplona\"],\"inLanguage\":\"es\",\"potentialAction\":[{\"@type\":\"CommentAction\",\"name\":\"Comment\",\"target\":[\"https:\\\/\\\/www.laguiadepamplona.com\\\/actualidad\\\/el-lunes-30-de-septiembre-comienzan-los-trabajos-de-reurbanizacion-de-la-calle-navas-de-tolosa-en-el-tramo-entre-el-parlamento-y-la-rotonda-con-la-calle-taconera\\\/#respond\"]}]},{\"@type\":\"WebPage\",\"@id\":\"https:\\\/\\\/www.laguiadepamplona.com\\\/actualidad\\\/el-lunes-30-de-septiembre-comienzan-los-trabajos-de-reurbanizacion-de-la-calle-navas-de-tolosa-en-el-tramo-entre-el-parlamento-y-la-rotonda-con-la-calle-taconera\\\/\",\"url\":\"https:\\\/\\\/www.laguiadepamplona.com\\\/actualidad\\\/el-lunes-30-de-septiembre-comienzan-los-trabajos-de-reurbanizacion-de-la-calle-navas-de-tolosa-en-el-tramo-entre-el-parlamento-y-la-rotonda-con-la-calle-taconera\\\/\",\"name\":\"El lunes 30 de septiembre comienzan los trabajos de reurbanizaci\u00f3n de la calle Navas de Tolosa, en el tramo entre el Parlamento y la rotonda con la calle Taconera\",\"isPartOf\":{\"@id\":\"https:\\\/\\\/www.laguiadepamplona.com\\\/actualidad\\\/#website\"},\"primaryImageOfPage\":{\"@id\":\"https:\\\/\\\/www.laguiadepamplona.com\\\/actualidad\\\/el-lunes-30-de-septiembre-comienzan-los-trabajos-de-reurbanizacion-de-la-calle-navas-de-tolosa-en-el-tramo-entre-el-parlamento-y-la-rotonda-con-la-calle-taconera\\\/#primaryimage\"},\"image\":{\"@id\":\"https:\\\/\\\/www.laguiadepamplona.com\\\/actualidad\\\/el-lunes-30-de-septiembre-comienzan-los-trabajos-de-reurbanizacion-de-la-calle-navas-de-tolosa-en-el-tramo-entre-el-parlamento-y-la-rotonda-con-la-calle-taconera\\\/#primaryimage\"},\"thumbnailUrl\":\"https:\\\/\\\/www.laguiadepamplona.com\\\/actualidad\\\/wp-content\\\/uploads\\\/2019\\\/09\\\/19.09.18_reunion_ensanche_navas_tolosa.jpg\",\"datePublished\":\"2019-09-18T17:15:00+00:00\",\"breadcrumb\":{\"@id\":\"https:\\\/\\\/www.laguiadepamplona.com\\\/actualidad\\\/el-lunes-30-de-septiembre-comienzan-los-trabajos-de-reurbanizacion-de-la-calle-navas-de-tolosa-en-el-tramo-entre-el-parlamento-y-la-rotonda-con-la-calle-taconera\\\/#breadcrumb\"},\"inLanguage\":\"es\",\"potentialAction\":[{\"@type\":\"ReadAction\",\"target\":[\"https:\\\/\\\/www.laguiadepamplona.com\\\/actualidad\\\/el-lunes-30-de-septiembre-comienzan-los-trabajos-de-reurbanizacion-de-la-calle-navas-de-tolosa-en-el-tramo-entre-el-parlamento-y-la-rotonda-con-la-calle-taconera\\\/\"]}]},{\"@type\":\"ImageObject\",\"inLanguage\":\"es\",\"@id\":\"https:\\\/\\\/www.laguiadepamplona.com\\\/actualidad\\\/el-lunes-30-de-septiembre-comienzan-los-trabajos-de-reurbanizacion-de-la-calle-navas-de-tolosa-en-el-tramo-entre-el-parlamento-y-la-rotonda-con-la-calle-taconera\\\/#primaryimage\",\"url\":\"https:\\\/\\\/www.laguiadepamplona.com\\\/actualidad\\\/wp-content\\\/uploads\\\/2019\\\/09\\\/19.09.18_reunion_ensanche_navas_tolosa.jpg\",\"contentUrl\":\"https:\\\/\\\/www.laguiadepamplona.com\\\/actualidad\\\/wp-content\\\/uploads\\\/2019\\\/09\\\/19.09.18_reunion_ensanche_navas_tolosa.jpg\",\"width\":1920,\"height\":1039},{\"@type\":\"BreadcrumbList\",\"@id\":\"https:\\\/\\\/www.laguiadepamplona.com\\\/actualidad\\\/el-lunes-30-de-septiembre-comienzan-los-trabajos-de-reurbanizacion-de-la-calle-navas-de-tolosa-en-el-tramo-entre-el-parlamento-y-la-rotonda-con-la-calle-taconera\\\/#breadcrumb\",\"itemListElement\":[{\"@type\":\"ListItem\",\"position\":1,\"name\":\"Portada\",\"item\":\"https:\\\/\\\/www.laguiadepamplona.com\\\/actualidad\\\/\"},{\"@type\":\"ListItem\",\"position\":2,\"name\":\"El lunes 30 de septiembre comienzan los trabajos de reurbanizaci\u00f3n de la calle Navas de Tolosa, en el tramo entre el Parlamento y la rotonda con la calle Taconera\"}]},{\"@type\":\"WebSite\",\"@id\":\"https:\\\/\\\/www.laguiadepamplona.com\\\/actualidad\\\/#website\",\"url\":\"https:\\\/\\\/www.laguiadepamplona.com\\\/actualidad\\\/\",\"name\":\"La gu\u00eda de Pamplona\",\"description\":\"Noticias de Pamplona\",\"publisher\":{\"@id\":\"https:\\\/\\\/www.laguiadepamplona.com\\\/actualidad\\\/#organization\"},\"potentialAction\":[{\"@type\":\"SearchAction\",\"target\":{\"@type\":\"EntryPoint\",\"urlTemplate\":\"https:\\\/\\\/www.laguiadepamplona.com\\\/actualidad\\\/?s={search_term_string}\"},\"query-input\":{\"@type\":\"PropertyValueSpecification\",\"valueRequired\":true,\"valueName\":\"search_term_string\"}}],\"inLanguage\":\"es\"},{\"@type\":\"Organization\",\"@id\":\"https:\\\/\\\/www.laguiadepamplona.com\\\/actualidad\\\/#organization\",\"name\":\"La Gu\u00eda de Pamplona \\\/ Noticias\",\"url\":\"https:\\\/\\\/www.laguiadepamplona.com\\\/actualidad\\\/\",\"logo\":{\"@type\":\"ImageObject\",\"inLanguage\":\"es\",\"@id\":\"https:\\\/\\\/www.laguiadepamplona.com\\\/actualidad\\\/#\\\/schema\\\/logo\\\/image\\\/\",\"url\":\"https:\\\/\\\/www.laguiadepamplona.com\\\/actualidad\\\/wp-content\\\/uploads\\\/2018\\\/11\\\/logo-laguiadepamplona18-web1.png\",\"contentUrl\":\"https:\\\/\\\/www.laguiadepamplona.com\\\/actualidad\\\/wp-content\\\/uploads\\\/2018\\\/11\\\/logo-laguiadepamplona18-web1.png\",\"width\":600,\"height\":196,\"caption\":\"La Gu\u00eda de Pamplona \\\/ Noticias\"},\"image\":{\"@id\":\"https:\\\/\\\/www.laguiadepamplona.com\\\/actualidad\\\/#\\\/schema\\\/logo\\\/image\\\/\"},\"sameAs\":[\"https:\\\/\\\/www.facebook.com\\\/laguiadepamplonacom-133175176762273\\\/?ref=hl\",\"https:\\\/\\\/x.com\\\/LaGuiadPamplona\",\"https:\\\/\\\/www.instagram.com\\\/la_guia_de_pamplona\\\/\",\"https:\\\/\\\/www.youtube.com\\\/user\\\/laguiadepamplona\"]},{\"@type\":\"Person\",\"@id\":\"https:\\\/\\\/www.laguiadepamplona.com\\\/actualidad\\\/#\\\/schema\\\/person\\\/efe887376f0213d4657c93adc50b1fdb\",\"name\":\"La Gu\u00eda de Pamplona\",\"image\":{\"@type\":\"ImageObject\",\"inLanguage\":\"es\",\"@id\":\"https:\\\/\\\/secure.gravatar.com\\\/avatar\\\/b6992f131dc8d30ab0dff15446e9d346d9dbd95992de0fef795073f5ea83a81c?s=96&d=mm&r=g\",\"url\":\"https:\\\/\\\/secure.gravatar.com\\\/avatar\\\/b6992f131dc8d30ab0dff15446e9d346d9dbd95992de0fef795073f5ea83a81c?s=96&d=mm&r=g\",\"contentUrl\":\"https:\\\/\\\/secure.gravatar.com\\\/avatar\\\/b6992f131dc8d30ab0dff15446e9d346d9dbd95992de0fef795073f5ea83a81c?s=96&d=mm&r=g\",\"caption\":\"La Gu\u00eda de Pamplona\"}}]}<\/script>\n<!-- \/ Yoast SEO plugin. -->","yoast_head_json":{"title":"El lunes 30 de septiembre comienzan los trabajos de reurbanizaci\u00f3n de la calle Navas de Tolosa, en el tramo entre el Parlamento y la rotonda con la calle Taconera","robots":{"index":"index","follow":"follow","max-snippet":"max-snippet:-1","max-image-preview":"max-image-preview:large","max-video-preview":"max-video-preview:-1"},"canonical":"https:\/\/www.laguiadepamplona.com\/actualidad\/el-lunes-30-de-septiembre-comienzan-los-trabajos-de-reurbanizacion-de-la-calle-navas-de-tolosa-en-el-tramo-entre-el-parlamento-y-la-rotonda-con-la-calle-taconera\/","og_locale":"es_ES","og_type":"article","og_title":"El lunes 30 de septiembre comienzan los trabajos de reurbanizaci\u00f3n de la calle Navas de Tolosa, en el tramo entre el Parlamento y la rotonda con la calle Taconera","og_url":"https:\/\/www.laguiadepamplona.com\/actualidad\/el-lunes-30-de-septiembre-comienzan-los-trabajos-de-reurbanizacion-de-la-calle-navas-de-tolosa-en-el-tramo-entre-el-parlamento-y-la-rotonda-con-la-calle-taconera\/","og_site_name":"La Gu\u00eda de Pamplona","article_publisher":"https:\/\/www.facebook.com\/laguiadepamplonacom-133175176762273\/?ref=hl","article_published_time":"2019-09-18T17:15:00+00:00","og_image":[{"width":1920,"height":1039,"url":"https:\/\/www.laguiadepamplona.com\/actualidad\/wp-content\/uploads\/2019\/09\/19.09.18_reunion_ensanche_navas_tolosa.jpg","type":"image\/jpeg"}],"author":"La Gu\u00eda de Pamplona","twitter_card":"summary_large_image","twitter_creator":"@LaGuiadPamplona","twitter_site":"@LaGuiadPamplona","twitter_misc":{"Escrito por":"La Gu\u00eda de Pamplona","Tiempo de lectura":"3 minutos"},"schema":{"@context":"https:\/\/schema.org","@graph":[{"@type":"Article","@id":"https:\/\/www.laguiadepamplona.com\/actualidad\/el-lunes-30-de-septiembre-comienzan-los-trabajos-de-reurbanizacion-de-la-calle-navas-de-tolosa-en-el-tramo-entre-el-parlamento-y-la-rotonda-con-la-calle-taconera\/#article","isPartOf":{"@id":"https:\/\/www.laguiadepamplona.com\/actualidad\/el-lunes-30-de-septiembre-comienzan-los-trabajos-de-reurbanizacion-de-la-calle-navas-de-tolosa-en-el-tramo-entre-el-parlamento-y-la-rotonda-con-la-calle-taconera\/"},"author":{"name":"La Gu\u00eda de Pamplona","@id":"https:\/\/www.laguiadepamplona.com\/actualidad\/#\/schema\/person\/efe887376f0213d4657c93adc50b1fdb"},"headline":"El lunes 30 de septiembre comienzan los trabajos de reurbanizaci\u00f3n de la calle Navas de Tolosa, en el tramo entre el Parlamento y la rotonda con la calle Taconera","datePublished":"2019-09-18T17:15:00+00:00","mainEntityOfPage":{"@id":"https:\/\/www.laguiadepamplona.com\/actualidad\/el-lunes-30-de-septiembre-comienzan-los-trabajos-de-reurbanizacion-de-la-calle-navas-de-tolosa-en-el-tramo-entre-el-parlamento-y-la-rotonda-con-la-calle-taconera\/"},"wordCount":636,"commentCount":0,"publisher":{"@id":"https:\/\/www.laguiadepamplona.com\/actualidad\/#organization"},"image":{"@id":"https:\/\/www.laguiadepamplona.com\/actualidad\/el-lunes-30-de-septiembre-comienzan-los-trabajos-de-reurbanizacion-de-la-calle-navas-de-tolosa-en-el-tramo-entre-el-parlamento-y-la-rotonda-con-la-calle-taconera\/#primaryimage"},"thumbnailUrl":"https:\/\/www.laguiadepamplona.com\/actualidad\/wp-content\/uploads\/2019\/09\/19.09.18_reunion_ensanche_navas_tolosa.jpg","articleSection":["Ayto Pamplona"],"inLanguage":"es","potentialAction":[{"@type":"CommentAction","name":"Comment","target":["https:\/\/www.laguiadepamplona.com\/actualidad\/el-lunes-30-de-septiembre-comienzan-los-trabajos-de-reurbanizacion-de-la-calle-navas-de-tolosa-en-el-tramo-entre-el-parlamento-y-la-rotonda-con-la-calle-taconera\/#respond"]}]},{"@type":"WebPage","@id":"https:\/\/www.laguiadepamplona.com\/actualidad\/el-lunes-30-de-septiembre-comienzan-los-trabajos-de-reurbanizacion-de-la-calle-navas-de-tolosa-en-el-tramo-entre-el-parlamento-y-la-rotonda-con-la-calle-taconera\/","url":"https:\/\/www.laguiadepamplona.com\/actualidad\/el-lunes-30-de-septiembre-comienzan-los-trabajos-de-reurbanizacion-de-la-calle-navas-de-tolosa-en-el-tramo-entre-el-parlamento-y-la-rotonda-con-la-calle-taconera\/","name":"El lunes 30 de septiembre comienzan los trabajos de reurbanizaci\u00f3n de la calle Navas de Tolosa, en el tramo entre el Parlamento y la rotonda con la calle Taconera","isPartOf":{"@id":"https:\/\/www.laguiadepamplona.com\/actualidad\/#website"},"primaryImageOfPage":{"@id":"https:\/\/www.laguiadepamplona.com\/actualidad\/el-lunes-30-de-septiembre-comienzan-los-trabajos-de-reurbanizacion-de-la-calle-navas-de-tolosa-en-el-tramo-entre-el-parlamento-y-la-rotonda-con-la-calle-taconera\/#primaryimage"},"image":{"@id":"https:\/\/www.laguiadepamplona.com\/actualidad\/el-lunes-30-de-septiembre-comienzan-los-trabajos-de-reurbanizacion-de-la-calle-navas-de-tolosa-en-el-tramo-entre-el-parlamento-y-la-rotonda-con-la-calle-taconera\/#primaryimage"},"thumbnailUrl":"https:\/\/www.laguiadepamplona.com\/actualidad\/wp-content\/uploads\/2019\/09\/19.09.18_reunion_ensanche_navas_tolosa.jpg","datePublished":"2019-09-18T17:15:00+00:00","breadcrumb":{"@id":"https:\/\/www.laguiadepamplona.com\/actualidad\/el-lunes-30-de-septiembre-comienzan-los-trabajos-de-reurbanizacion-de-la-calle-navas-de-tolosa-en-el-tramo-entre-el-parlamento-y-la-rotonda-con-la-calle-taconera\/#breadcrumb"},"inLanguage":"es","potentialAction":[{"@type":"ReadAction","target":["https:\/\/www.laguiadepamplona.com\/actualidad\/el-lunes-30-de-septiembre-comienzan-los-trabajos-de-reurbanizacion-de-la-calle-navas-de-tolosa-en-el-tramo-entre-el-parlamento-y-la-rotonda-con-la-calle-taconera\/"]}]},{"@type":"ImageObject","inLanguage":"es","@id":"https:\/\/www.laguiadepamplona.com\/actualidad\/el-lunes-30-de-septiembre-comienzan-los-trabajos-de-reurbanizacion-de-la-calle-navas-de-tolosa-en-el-tramo-entre-el-parlamento-y-la-rotonda-con-la-calle-taconera\/#primaryimage","url":"https:\/\/www.laguiadepamplona.com\/actualidad\/wp-content\/uploads\/2019\/09\/19.09.18_reunion_ensanche_navas_tolosa.jpg","contentUrl":"https:\/\/www.laguiadepamplona.com\/actualidad\/wp-content\/uploads\/2019\/09\/19.09.18_reunion_ensanche_navas_tolosa.jpg","width":1920,"height":1039},{"@type":"BreadcrumbList","@id":"https:\/\/www.laguiadepamplona.com\/actualidad\/el-lunes-30-de-septiembre-comienzan-los-trabajos-de-reurbanizacion-de-la-calle-navas-de-tolosa-en-el-tramo-entre-el-parlamento-y-la-rotonda-con-la-calle-taconera\/#breadcrumb","itemListElement":[{"@type":"ListItem","position":1,"name":"Portada","item":"https:\/\/www.laguiadepamplona.com\/actualidad\/"},{"@type":"ListItem","position":2,"name":"El lunes 30 de septiembre comienzan los trabajos de reurbanizaci\u00f3n de la calle Navas de Tolosa, en el tramo entre el Parlamento y la rotonda con la calle Taconera"}]},{"@type":"WebSite","@id":"https:\/\/www.laguiadepamplona.com\/actualidad\/#website","url":"https:\/\/www.laguiadepamplona.com\/actualidad\/","name":"La gu\u00eda de Pamplona","description":"Noticias de Pamplona","publisher":{"@id":"https:\/\/www.laguiadepamplona.com\/actualidad\/#organization"},"potentialAction":[{"@type":"SearchAction","target":{"@type":"EntryPoint","urlTemplate":"https:\/\/www.laguiadepamplona.com\/actualidad\/?s={search_term_string}"},"query-input":{"@type":"PropertyValueSpecification","valueRequired":true,"valueName":"search_term_string"}}],"inLanguage":"es"},{"@type":"Organization","@id":"https:\/\/www.laguiadepamplona.com\/actualidad\/#organization","name":"La Gu\u00eda de Pamplona \/ Noticias","url":"https:\/\/www.laguiadepamplona.com\/actualidad\/","logo":{"@type":"ImageObject","inLanguage":"es","@id":"https:\/\/www.laguiadepamplona.com\/actualidad\/#\/schema\/logo\/image\/","url":"https:\/\/www.laguiadepamplona.com\/actualidad\/wp-content\/uploads\/2018\/11\/logo-laguiadepamplona18-web1.png","contentUrl":"https:\/\/www.laguiadepamplona.com\/actualidad\/wp-content\/uploads\/2018\/11\/logo-laguiadepamplona18-web1.png","width":600,"height":196,"caption":"La Gu\u00eda de Pamplona \/ Noticias"},"image":{"@id":"https:\/\/www.laguiadepamplona.com\/actualidad\/#\/schema\/logo\/image\/"},"sameAs":["https:\/\/www.facebook.com\/laguiadepamplonacom-133175176762273\/?ref=hl","https:\/\/x.com\/LaGuiadPamplona","https:\/\/www.instagram.com\/la_guia_de_pamplona\/","https:\/\/www.youtube.com\/user\/laguiadepamplona"]},{"@type":"Person","@id":"https:\/\/www.laguiadepamplona.com\/actualidad\/#\/schema\/person\/efe887376f0213d4657c93adc50b1fdb","name":"La Gu\u00eda de Pamplona","image":{"@type":"ImageObject","inLanguage":"es","@id":"https:\/\/secure.gravatar.com\/avatar\/b6992f131dc8d30ab0dff15446e9d346d9dbd95992de0fef795073f5ea83a81c?s=96&d=mm&r=g","url":"https:\/\/secure.gravatar.com\/avatar\/b6992f131dc8d30ab0dff15446e9d346d9dbd95992de0fef795073f5ea83a81c?s=96&d=mm&r=g","contentUrl":"https:\/\/secure.gravatar.com\/avatar\/b6992f131dc8d30ab0dff15446e9d346d9dbd95992de0fef795073f5ea83a81c?s=96&d=mm&r=g","caption":"La Gu\u00eda de Pamplona"}}]}},"post_mailing_queue_ids":[],"_links":{"self":[{"href":"https:\/\/www.laguiadepamplona.com\/actualidad\/wp-json\/wp\/v2\/posts\/24504","targetHints":{"allow":["GET"]}}],"collection":[{"href":"https:\/\/www.laguiadepamplona.com\/actualidad\/wp-json\/wp\/v2\/posts"}],"about":[{"href":"https:\/\/www.laguiadepamplona.com\/actualidad\/wp-json\/wp\/v2\/types\/post"}],"author":[{"embeddable":true,"href":"https:\/\/www.laguiadepamplona.com\/actualidad\/wp-json\/wp\/v2\/users\/1"}],"replies":[{"embeddable":true,"href":"https:\/\/www.laguiadepamplona.com\/actualidad\/wp-json\/wp\/v2\/comments?post=24504"}],"version-history":[{"count":0,"href":"https:\/\/www.laguiadepamplona.com\/actualidad\/wp-json\/wp\/v2\/posts\/24504\/revisions"}],"wp:featuredmedia":[{"embeddable":true,"href":"https:\/\/www.laguiadepamplona.com\/actualidad\/wp-json\/wp\/v2\/media\/24506"}],"wp:attachment":[{"href":"https:\/\/www.laguiadepamplona.com\/actualidad\/wp-json\/wp\/v2\/media?parent=24504"}],"wp:term":[{"taxonomy":"category","embeddable":true,"href":"https:\/\/www.laguiadepamplona.com\/actualidad\/wp-json\/wp\/v2\/categories?post=24504"},{"taxonomy":"post_tag","embeddable":true,"href":"https:\/\/www.laguiadepamplona.com\/actualidad\/wp-json\/wp\/v2\/tags?post=24504"}],"curies":[{"name":"wp","href":"https:\/\/api.w.org\/{rel}","templated":true}]}}