{"id":24498,"date":"2019-09-18T16:53:17","date_gmt":"2019-09-18T14:53:17","guid":{"rendered":"https:\/\/www.laguiadepamplona.es\/actualidad\/?p=24498"},"modified":"2019-09-18T16:53:17","modified_gmt":"2019-09-18T14:53:17","slug":"la-junta-de-gobierno-local-aprueba-el-proyecto-de-modificacion-de-ordenanzas-fiscales-y-normas-reguladoras-de-precios-publicos","status":"publish","type":"post","link":"https:\/\/www.laguiadepamplona.com\/actualidad\/la-junta-de-gobierno-local-aprueba-el-proyecto-de-modificacion-de-ordenanzas-fiscales-y-normas-reguladoras-de-precios-publicos\/","title":{"rendered":"La Junta de Gobierno Local aprueba el proyecto de modificaci\u00f3n de ordenanzas fiscales y normas reguladoras de precios p\u00fablicos"},"content":{"rendered":"<p><!--more--><\/p>\n<h3>Incluye incentivos fiscales medioambientales para veh\u00edculos \u201c0 emisiones\u201d y ECO y sociales para rentas vulnerables en algunos servicios municipales<\/h3>\n<p>La Junta de Gobierno Local ha aprobado en su sesi\u00f3n de hoy el proyecto de modificaci\u00f3n de ordenanzas fiscales y normas reguladoras de precios p\u00fablicos, paso previo para ser tratado en Comisi\u00f3n de Presidencia y posteriormente ser debatido en Pleno. Este tr\u00e1mite llega tras la aprobaci\u00f3n del anteproyecto en Junta de Gobierno Local el 26 de agosto y la posterior consulta e informaci\u00f3n p\u00fablica a trav\u00e9s de la p\u00e1gina web municipal <a href=\"http:\/\/www.pamplona.es\" target=\"_blank\" rel=\"noopener noreferrer\">www.pamplona.es<\/a>. Una vez aprobada inicialmente por el Pleno la propuesta de modificaciones, se abrir\u00e1 un nuevo tr\u00e1mite de audiencia e informaci\u00f3n p\u00fablica para la presentaci\u00f3n de alegaciones y reclamaciones antes de su aprobaci\u00f3n definitiva.<\/p>\n<p>El proyecto de modificaci\u00f3n de ordenanzas fiscales y normas reguladoras de precios p\u00fablicos aprobado hoy ha incorporado nuevos incentivos fiscales medioambientales y sociales en la regulaci\u00f3n de tributos y precios p\u00fablicos. Por ejemplo, se bonificar\u00e1 el impuesto de circulaci\u00f3n para veh\u00edculos ECO y \u201c0 emisiones\u201d, adem\u00e1s de eximirles de pagar zona azul a los \u201c0 emisiones\u201d. Sobre este \u00faltimo caso ha sido la \u00fanica consulta ciudadana que se ha recibido en el periodo de informaci\u00f3n p\u00fablica. Ha planteado que ya no sea necesario pedir la autorizaci\u00f3n que ahora concede el Ayuntamiento para estacionar el veh\u00edculo el\u00e9ctrico en las zonas de establecimiento regulado.<\/p>\n<p><script async src=\"\/\/pagead2.googlesyndication.com\/pagead\/js\/adsbygoogle.js\"><\/script><br \/>\n<!-- Noticias La Guia de Pamplona --><br \/>\n<ins class=\"adsbygoogle\"\nstyle=\"display:block\"\ndata-ad-client=\"ca-pub-6943679897239327\"\ndata-ad-slot=\"7048180777\"\ndata-ad-format=\"auto\"><\/ins><br \/>\n<script>\n(adsbygoogle = window.adsbygoogle || []).push({});\n<\/script><\/p>\n<p><strong>Bajan tarifas en apartamentos tutelados y escuelas de m\u00fasica y arte<\/strong><\/p>\n<p>Asimismo, para las personas mayores se plantea una reducci\u00f3n en las tarifas de los apartamentos tutelados, por igualdad fiscal y para evitar confiscatoriedad. Se adoptar\u00e1n dos medidas. Por una parte, la renta de referencia para el c\u00e1lculo de la tarifa se reducir\u00e1 en 100 euros al mes, igual que est\u00e1 previsto para viviendas comunitarias. Por otra, se aplicar\u00e1 el criterio de progresividad fiscal en lugar de la proporcionalidad vigente que lleva a disfunciones en el c\u00e1lculo de cuotas para aquellas rentas situadas, precisamente, en los l\u00edmites de los tramos m\u00e1s bajos.<\/p>\n<p>Otra cuesti\u00f3n que se plasma en esta propuesta inicial es el inicio de un proceso de cambio del concepto de ingresos per c\u00e1pita, tanto para la aplicaci\u00f3n de tarifas como de reducciones, ponderando los ingresos seg\u00fan el n\u00famero de miembros de la unidad familiar. Este proceso se desarrollar\u00e1 con mayor alcance a lo largo de 2020. Se comenzar\u00e1 la revisi\u00f3n con los precios de la Escuela de M\u00fasica Joaqu\u00edn Maya y de la Escuela de Artes y Oficios Catalina de Osc\u00e1riz.<\/p>\n<p><script async src=\"\/\/pagead2.googlesyndication.com\/pagead\/js\/adsbygoogle.js\"><\/script><br \/>\n<!-- Noticias La Guia de Pamplona --><br \/>\n<ins class=\"adsbygoogle\"\nstyle=\"display:block\"\ndata-ad-client=\"ca-pub-6943679897239327\"\ndata-ad-slot=\"7048180777\"\ndata-ad-format=\"auto\"><\/ins><br \/>\n<script>\n(adsbygoogle = window.adsbygoogle || []).push({});\n<\/script><\/p>\n<p><strong>Se reduce el impuesto de viviendas deshabitadas<\/strong><\/p>\n<p>Una medida nueva incorporada es la propuesta de reducci\u00f3n del tipo impositivo del impuesto de viviendas deshabitadas al m\u00ednimo previsto en la Ley Foral de Haciendas Locales. Esta idea se ha incorporado teniendo en cuenta que este impuesto foral grava a personas f\u00edsicas y jur\u00eddicas, y una vez el Gobierno de Navarra tenga definido el registro de viviendas deshabitadas ser\u00e1 aplicable sin distinci\u00f3n a todos los sujetos pasivos, tanto propietarios de varios inmuebles como particulares con una vivienda. El nuevo texto tambi\u00e9n recoge la introducci\u00f3n del concepto, requisitos, y acreditaci\u00f3n de familia monoparental de acuerdo con la Ley Foral 5\/2019 para la acreditaci\u00f3n de las familias monoparentales en la Comunidad Foral de Navarra.<\/p>\n<p>Por lo que respecta al criterio general de revisi\u00f3n de tarifas, el Ayuntamiento no tiene previsto el incremento de impuestos, tasas y precios p\u00fablicos para 2020. En el mismo sentido, la actualizaci\u00f3n del tipo de gravamen de la contribuci\u00f3n urbana pretende mantener la recaudaci\u00f3n total de la contribuci\u00f3n, compensando la depreciaci\u00f3n del valor catastral de las inmuebles de la ciudad, sin que se produzca un aumento de la presi\u00f3n fiscal. As\u00ed, se modificar\u00e1 el tipo de gravamen proporcionalmente a esa depreciaci\u00f3n por antig\u00fcedad, manteniendo el contribuyente el pago similar al que ha realizado en 2019. Este criterio es el mismo que viene aplic\u00e1ndose a\u00f1os atr\u00e1s.<\/p>\n<p>El Ayuntamiento contar\u00e1 en 2020 con un total con 24 ordenanzas fiscales, una nueva para contemplar las bonificaciones del Impuesto de Veh\u00edculos, y 15 normas reguladoras de precios p\u00fablicos.<\/p>\n","protected":false},"excerpt":{"rendered":"","protected":false},"author":1,"featured_media":21939,"comment_status":"open","ping_status":"closed","sticky":false,"template":"","format":"standard","meta":{"footnotes":""},"categories":[2],"tags":[],"class_list":["post-24498","post","type-post","status-publish","format-standard","has-post-thumbnail","hentry","category-ayuntamiento-pamplona"],"yoast_head":"<!-- This site is optimized with the Yoast SEO plugin v27.3 - https:\/\/yoast.com\/product\/yoast-seo-wordpress\/ -->\n<title>La Junta de Gobierno Local aprueba el proyecto de modificaci\u00f3n de ordenanzas fiscales y normas reguladoras de precios p\u00fablicos<\/title>\n<meta name=\"robots\" content=\"index, follow, max-snippet:-1, max-image-preview:large, max-video-preview:-1\" \/>\n<link rel=\"canonical\" href=\"https:\/\/www.laguiadepamplona.com\/actualidad\/la-junta-de-gobierno-local-aprueba-el-proyecto-de-modificacion-de-ordenanzas-fiscales-y-normas-reguladoras-de-precios-publicos\/\" \/>\n<meta property=\"og:locale\" content=\"es_ES\" \/>\n<meta property=\"og:type\" content=\"article\" \/>\n<meta property=\"og:title\" content=\"La Junta de Gobierno Local aprueba el proyecto de modificaci\u00f3n de ordenanzas fiscales y normas reguladoras de precios p\u00fablicos\" \/>\n<meta property=\"og:url\" content=\"https:\/\/www.laguiadepamplona.com\/actualidad\/la-junta-de-gobierno-local-aprueba-el-proyecto-de-modificacion-de-ordenanzas-fiscales-y-normas-reguladoras-de-precios-publicos\/\" \/>\n<meta property=\"og:site_name\" content=\"La Gu\u00eda de Pamplona\" \/>\n<meta property=\"article:publisher\" content=\"https:\/\/www.facebook.com\/laguiadepamplonacom-133175176762273\/?ref=hl\" \/>\n<meta property=\"article:published_time\" content=\"2019-09-18T14:53:17+00:00\" \/>\n<meta property=\"og:image\" content=\"https:\/\/www.laguiadepamplona.com\/actualidad\/wp-content\/uploads\/2019\/05\/ayuntamiento-pamplona-laguiadepamplona.jpg\" \/>\n\t<meta property=\"og:image:width\" content=\"1920\" \/>\n\t<meta property=\"og:image:height\" content=\"1100\" \/>\n\t<meta property=\"og:image:type\" content=\"image\/jpeg\" \/>\n<meta name=\"author\" content=\"La Gu\u00eda de Pamplona\" \/>\n<meta name=\"twitter:card\" content=\"summary_large_image\" \/>\n<meta name=\"twitter:creator\" content=\"@LaGuiadPamplona\" \/>\n<meta name=\"twitter:site\" content=\"@LaGuiadPamplona\" \/>\n<meta name=\"twitter:label1\" content=\"Escrito por\" \/>\n\t<meta name=\"twitter:data1\" content=\"La Gu\u00eda de Pamplona\" \/>\n\t<meta name=\"twitter:label2\" content=\"Tiempo de lectura\" \/>\n\t<meta name=\"twitter:data2\" content=\"4 minutos\" \/>\n<script type=\"application\/ld+json\" class=\"yoast-schema-graph\">{\"@context\":\"https:\\\/\\\/schema.org\",\"@graph\":[{\"@type\":\"Article\",\"@id\":\"https:\\\/\\\/www.laguiadepamplona.com\\\/actualidad\\\/la-junta-de-gobierno-local-aprueba-el-proyecto-de-modificacion-de-ordenanzas-fiscales-y-normas-reguladoras-de-precios-publicos\\\/#article\",\"isPartOf\":{\"@id\":\"https:\\\/\\\/www.laguiadepamplona.com\\\/actualidad\\\/la-junta-de-gobierno-local-aprueba-el-proyecto-de-modificacion-de-ordenanzas-fiscales-y-normas-reguladoras-de-precios-publicos\\\/\"},\"author\":{\"name\":\"La Gu\u00eda de Pamplona\",\"@id\":\"https:\\\/\\\/www.laguiadepamplona.com\\\/actualidad\\\/#\\\/schema\\\/person\\\/efe887376f0213d4657c93adc50b1fdb\"},\"headline\":\"La Junta de Gobierno Local aprueba el proyecto de modificaci\u00f3n de ordenanzas fiscales y normas reguladoras de precios p\u00fablicos\",\"datePublished\":\"2019-09-18T14:53:17+00:00\",\"mainEntityOfPage\":{\"@id\":\"https:\\\/\\\/www.laguiadepamplona.com\\\/actualidad\\\/la-junta-de-gobierno-local-aprueba-el-proyecto-de-modificacion-de-ordenanzas-fiscales-y-normas-reguladoras-de-precios-publicos\\\/\"},\"wordCount\":742,\"commentCount\":0,\"publisher\":{\"@id\":\"https:\\\/\\\/www.laguiadepamplona.com\\\/actualidad\\\/#organization\"},\"image\":{\"@id\":\"https:\\\/\\\/www.laguiadepamplona.com\\\/actualidad\\\/la-junta-de-gobierno-local-aprueba-el-proyecto-de-modificacion-de-ordenanzas-fiscales-y-normas-reguladoras-de-precios-publicos\\\/#primaryimage\"},\"thumbnailUrl\":\"https:\\\/\\\/www.laguiadepamplona.com\\\/actualidad\\\/wp-content\\\/uploads\\\/2019\\\/05\\\/ayuntamiento-pamplona-laguiadepamplona.jpg\",\"articleSection\":[\"Ayto Pamplona\"],\"inLanguage\":\"es\",\"potentialAction\":[{\"@type\":\"CommentAction\",\"name\":\"Comment\",\"target\":[\"https:\\\/\\\/www.laguiadepamplona.com\\\/actualidad\\\/la-junta-de-gobierno-local-aprueba-el-proyecto-de-modificacion-de-ordenanzas-fiscales-y-normas-reguladoras-de-precios-publicos\\\/#respond\"]}]},{\"@type\":\"WebPage\",\"@id\":\"https:\\\/\\\/www.laguiadepamplona.com\\\/actualidad\\\/la-junta-de-gobierno-local-aprueba-el-proyecto-de-modificacion-de-ordenanzas-fiscales-y-normas-reguladoras-de-precios-publicos\\\/\",\"url\":\"https:\\\/\\\/www.laguiadepamplona.com\\\/actualidad\\\/la-junta-de-gobierno-local-aprueba-el-proyecto-de-modificacion-de-ordenanzas-fiscales-y-normas-reguladoras-de-precios-publicos\\\/\",\"name\":\"La Junta de Gobierno Local aprueba el proyecto de modificaci\u00f3n de ordenanzas fiscales y normas reguladoras de precios p\u00fablicos\",\"isPartOf\":{\"@id\":\"https:\\\/\\\/www.laguiadepamplona.com\\\/actualidad\\\/#website\"},\"primaryImageOfPage\":{\"@id\":\"https:\\\/\\\/www.laguiadepamplona.com\\\/actualidad\\\/la-junta-de-gobierno-local-aprueba-el-proyecto-de-modificacion-de-ordenanzas-fiscales-y-normas-reguladoras-de-precios-publicos\\\/#primaryimage\"},\"image\":{\"@id\":\"https:\\\/\\\/www.laguiadepamplona.com\\\/actualidad\\\/la-junta-de-gobierno-local-aprueba-el-proyecto-de-modificacion-de-ordenanzas-fiscales-y-normas-reguladoras-de-precios-publicos\\\/#primaryimage\"},\"thumbnailUrl\":\"https:\\\/\\\/www.laguiadepamplona.com\\\/actualidad\\\/wp-content\\\/uploads\\\/2019\\\/05\\\/ayuntamiento-pamplona-laguiadepamplona.jpg\",\"datePublished\":\"2019-09-18T14:53:17+00:00\",\"breadcrumb\":{\"@id\":\"https:\\\/\\\/www.laguiadepamplona.com\\\/actualidad\\\/la-junta-de-gobierno-local-aprueba-el-proyecto-de-modificacion-de-ordenanzas-fiscales-y-normas-reguladoras-de-precios-publicos\\\/#breadcrumb\"},\"inLanguage\":\"es\",\"potentialAction\":[{\"@type\":\"ReadAction\",\"target\":[\"https:\\\/\\\/www.laguiadepamplona.com\\\/actualidad\\\/la-junta-de-gobierno-local-aprueba-el-proyecto-de-modificacion-de-ordenanzas-fiscales-y-normas-reguladoras-de-precios-publicos\\\/\"]}]},{\"@type\":\"ImageObject\",\"inLanguage\":\"es\",\"@id\":\"https:\\\/\\\/www.laguiadepamplona.com\\\/actualidad\\\/la-junta-de-gobierno-local-aprueba-el-proyecto-de-modificacion-de-ordenanzas-fiscales-y-normas-reguladoras-de-precios-publicos\\\/#primaryimage\",\"url\":\"https:\\\/\\\/www.laguiadepamplona.com\\\/actualidad\\\/wp-content\\\/uploads\\\/2019\\\/05\\\/ayuntamiento-pamplona-laguiadepamplona.jpg\",\"contentUrl\":\"https:\\\/\\\/www.laguiadepamplona.com\\\/actualidad\\\/wp-content\\\/uploads\\\/2019\\\/05\\\/ayuntamiento-pamplona-laguiadepamplona.jpg\",\"width\":1920,\"height\":1100},{\"@type\":\"BreadcrumbList\",\"@id\":\"https:\\\/\\\/www.laguiadepamplona.com\\\/actualidad\\\/la-junta-de-gobierno-local-aprueba-el-proyecto-de-modificacion-de-ordenanzas-fiscales-y-normas-reguladoras-de-precios-publicos\\\/#breadcrumb\",\"itemListElement\":[{\"@type\":\"ListItem\",\"position\":1,\"name\":\"Portada\",\"item\":\"https:\\\/\\\/www.laguiadepamplona.com\\\/actualidad\\\/\"},{\"@type\":\"ListItem\",\"position\":2,\"name\":\"La Junta de Gobierno Local aprueba el proyecto de modificaci\u00f3n de ordenanzas fiscales y normas reguladoras de precios p\u00fablicos\"}]},{\"@type\":\"WebSite\",\"@id\":\"https:\\\/\\\/www.laguiadepamplona.com\\\/actualidad\\\/#website\",\"url\":\"https:\\\/\\\/www.laguiadepamplona.com\\\/actualidad\\\/\",\"name\":\"La gu\u00eda de Pamplona\",\"description\":\"Noticias de Pamplona\",\"publisher\":{\"@id\":\"https:\\\/\\\/www.laguiadepamplona.com\\\/actualidad\\\/#organization\"},\"potentialAction\":[{\"@type\":\"SearchAction\",\"target\":{\"@type\":\"EntryPoint\",\"urlTemplate\":\"https:\\\/\\\/www.laguiadepamplona.com\\\/actualidad\\\/?s={search_term_string}\"},\"query-input\":{\"@type\":\"PropertyValueSpecification\",\"valueRequired\":true,\"valueName\":\"search_term_string\"}}],\"inLanguage\":\"es\"},{\"@type\":\"Organization\",\"@id\":\"https:\\\/\\\/www.laguiadepamplona.com\\\/actualidad\\\/#organization\",\"name\":\"La Gu\u00eda de Pamplona \\\/ Noticias\",\"url\":\"https:\\\/\\\/www.laguiadepamplona.com\\\/actualidad\\\/\",\"logo\":{\"@type\":\"ImageObject\",\"inLanguage\":\"es\",\"@id\":\"https:\\\/\\\/www.laguiadepamplona.com\\\/actualidad\\\/#\\\/schema\\\/logo\\\/image\\\/\",\"url\":\"https:\\\/\\\/www.laguiadepamplona.com\\\/actualidad\\\/wp-content\\\/uploads\\\/2018\\\/11\\\/logo-laguiadepamplona18-web1.png\",\"contentUrl\":\"https:\\\/\\\/www.laguiadepamplona.com\\\/actualidad\\\/wp-content\\\/uploads\\\/2018\\\/11\\\/logo-laguiadepamplona18-web1.png\",\"width\":600,\"height\":196,\"caption\":\"La Gu\u00eda de Pamplona \\\/ Noticias\"},\"image\":{\"@id\":\"https:\\\/\\\/www.laguiadepamplona.com\\\/actualidad\\\/#\\\/schema\\\/logo\\\/image\\\/\"},\"sameAs\":[\"https:\\\/\\\/www.facebook.com\\\/laguiadepamplonacom-133175176762273\\\/?ref=hl\",\"https:\\\/\\\/x.com\\\/LaGuiadPamplona\",\"https:\\\/\\\/www.instagram.com\\\/la_guia_de_pamplona\\\/\",\"https:\\\/\\\/www.youtube.com\\\/user\\\/laguiadepamplona\"]},{\"@type\":\"Person\",\"@id\":\"https:\\\/\\\/www.laguiadepamplona.com\\\/actualidad\\\/#\\\/schema\\\/person\\\/efe887376f0213d4657c93adc50b1fdb\",\"name\":\"La Gu\u00eda de Pamplona\",\"image\":{\"@type\":\"ImageObject\",\"inLanguage\":\"es\",\"@id\":\"https:\\\/\\\/secure.gravatar.com\\\/avatar\\\/b6992f131dc8d30ab0dff15446e9d346d9dbd95992de0fef795073f5ea83a81c?s=96&d=mm&r=g\",\"url\":\"https:\\\/\\\/secure.gravatar.com\\\/avatar\\\/b6992f131dc8d30ab0dff15446e9d346d9dbd95992de0fef795073f5ea83a81c?s=96&d=mm&r=g\",\"contentUrl\":\"https:\\\/\\\/secure.gravatar.com\\\/avatar\\\/b6992f131dc8d30ab0dff15446e9d346d9dbd95992de0fef795073f5ea83a81c?s=96&d=mm&r=g\",\"caption\":\"La Gu\u00eda de Pamplona\"}}]}<\/script>\n<!-- \/ Yoast SEO plugin. -->","yoast_head_json":{"title":"La Junta de Gobierno Local aprueba el proyecto de modificaci\u00f3n de ordenanzas fiscales y normas reguladoras de precios p\u00fablicos","robots":{"index":"index","follow":"follow","max-snippet":"max-snippet:-1","max-image-preview":"max-image-preview:large","max-video-preview":"max-video-preview:-1"},"canonical":"https:\/\/www.laguiadepamplona.com\/actualidad\/la-junta-de-gobierno-local-aprueba-el-proyecto-de-modificacion-de-ordenanzas-fiscales-y-normas-reguladoras-de-precios-publicos\/","og_locale":"es_ES","og_type":"article","og_title":"La Junta de Gobierno Local aprueba el proyecto de modificaci\u00f3n de ordenanzas fiscales y normas reguladoras de precios p\u00fablicos","og_url":"https:\/\/www.laguiadepamplona.com\/actualidad\/la-junta-de-gobierno-local-aprueba-el-proyecto-de-modificacion-de-ordenanzas-fiscales-y-normas-reguladoras-de-precios-publicos\/","og_site_name":"La Gu\u00eda de Pamplona","article_publisher":"https:\/\/www.facebook.com\/laguiadepamplonacom-133175176762273\/?ref=hl","article_published_time":"2019-09-18T14:53:17+00:00","og_image":[{"width":1920,"height":1100,"url":"https:\/\/www.laguiadepamplona.com\/actualidad\/wp-content\/uploads\/2019\/05\/ayuntamiento-pamplona-laguiadepamplona.jpg","type":"image\/jpeg"}],"author":"La Gu\u00eda de Pamplona","twitter_card":"summary_large_image","twitter_creator":"@LaGuiadPamplona","twitter_site":"@LaGuiadPamplona","twitter_misc":{"Escrito por":"La Gu\u00eda de Pamplona","Tiempo de lectura":"4 minutos"},"schema":{"@context":"https:\/\/schema.org","@graph":[{"@type":"Article","@id":"https:\/\/www.laguiadepamplona.com\/actualidad\/la-junta-de-gobierno-local-aprueba-el-proyecto-de-modificacion-de-ordenanzas-fiscales-y-normas-reguladoras-de-precios-publicos\/#article","isPartOf":{"@id":"https:\/\/www.laguiadepamplona.com\/actualidad\/la-junta-de-gobierno-local-aprueba-el-proyecto-de-modificacion-de-ordenanzas-fiscales-y-normas-reguladoras-de-precios-publicos\/"},"author":{"name":"La Gu\u00eda de Pamplona","@id":"https:\/\/www.laguiadepamplona.com\/actualidad\/#\/schema\/person\/efe887376f0213d4657c93adc50b1fdb"},"headline":"La Junta de Gobierno Local aprueba el proyecto de modificaci\u00f3n de ordenanzas fiscales y normas reguladoras de precios p\u00fablicos","datePublished":"2019-09-18T14:53:17+00:00","mainEntityOfPage":{"@id":"https:\/\/www.laguiadepamplona.com\/actualidad\/la-junta-de-gobierno-local-aprueba-el-proyecto-de-modificacion-de-ordenanzas-fiscales-y-normas-reguladoras-de-precios-publicos\/"},"wordCount":742,"commentCount":0,"publisher":{"@id":"https:\/\/www.laguiadepamplona.com\/actualidad\/#organization"},"image":{"@id":"https:\/\/www.laguiadepamplona.com\/actualidad\/la-junta-de-gobierno-local-aprueba-el-proyecto-de-modificacion-de-ordenanzas-fiscales-y-normas-reguladoras-de-precios-publicos\/#primaryimage"},"thumbnailUrl":"https:\/\/www.laguiadepamplona.com\/actualidad\/wp-content\/uploads\/2019\/05\/ayuntamiento-pamplona-laguiadepamplona.jpg","articleSection":["Ayto Pamplona"],"inLanguage":"es","potentialAction":[{"@type":"CommentAction","name":"Comment","target":["https:\/\/www.laguiadepamplona.com\/actualidad\/la-junta-de-gobierno-local-aprueba-el-proyecto-de-modificacion-de-ordenanzas-fiscales-y-normas-reguladoras-de-precios-publicos\/#respond"]}]},{"@type":"WebPage","@id":"https:\/\/www.laguiadepamplona.com\/actualidad\/la-junta-de-gobierno-local-aprueba-el-proyecto-de-modificacion-de-ordenanzas-fiscales-y-normas-reguladoras-de-precios-publicos\/","url":"https:\/\/www.laguiadepamplona.com\/actualidad\/la-junta-de-gobierno-local-aprueba-el-proyecto-de-modificacion-de-ordenanzas-fiscales-y-normas-reguladoras-de-precios-publicos\/","name":"La Junta de Gobierno Local aprueba el proyecto de modificaci\u00f3n de ordenanzas fiscales y normas reguladoras de precios p\u00fablicos","isPartOf":{"@id":"https:\/\/www.laguiadepamplona.com\/actualidad\/#website"},"primaryImageOfPage":{"@id":"https:\/\/www.laguiadepamplona.com\/actualidad\/la-junta-de-gobierno-local-aprueba-el-proyecto-de-modificacion-de-ordenanzas-fiscales-y-normas-reguladoras-de-precios-publicos\/#primaryimage"},"image":{"@id":"https:\/\/www.laguiadepamplona.com\/actualidad\/la-junta-de-gobierno-local-aprueba-el-proyecto-de-modificacion-de-ordenanzas-fiscales-y-normas-reguladoras-de-precios-publicos\/#primaryimage"},"thumbnailUrl":"https:\/\/www.laguiadepamplona.com\/actualidad\/wp-content\/uploads\/2019\/05\/ayuntamiento-pamplona-laguiadepamplona.jpg","datePublished":"2019-09-18T14:53:17+00:00","breadcrumb":{"@id":"https:\/\/www.laguiadepamplona.com\/actualidad\/la-junta-de-gobierno-local-aprueba-el-proyecto-de-modificacion-de-ordenanzas-fiscales-y-normas-reguladoras-de-precios-publicos\/#breadcrumb"},"inLanguage":"es","potentialAction":[{"@type":"ReadAction","target":["https:\/\/www.laguiadepamplona.com\/actualidad\/la-junta-de-gobierno-local-aprueba-el-proyecto-de-modificacion-de-ordenanzas-fiscales-y-normas-reguladoras-de-precios-publicos\/"]}]},{"@type":"ImageObject","inLanguage":"es","@id":"https:\/\/www.laguiadepamplona.com\/actualidad\/la-junta-de-gobierno-local-aprueba-el-proyecto-de-modificacion-de-ordenanzas-fiscales-y-normas-reguladoras-de-precios-publicos\/#primaryimage","url":"https:\/\/www.laguiadepamplona.com\/actualidad\/wp-content\/uploads\/2019\/05\/ayuntamiento-pamplona-laguiadepamplona.jpg","contentUrl":"https:\/\/www.laguiadepamplona.com\/actualidad\/wp-content\/uploads\/2019\/05\/ayuntamiento-pamplona-laguiadepamplona.jpg","width":1920,"height":1100},{"@type":"BreadcrumbList","@id":"https:\/\/www.laguiadepamplona.com\/actualidad\/la-junta-de-gobierno-local-aprueba-el-proyecto-de-modificacion-de-ordenanzas-fiscales-y-normas-reguladoras-de-precios-publicos\/#breadcrumb","itemListElement":[{"@type":"ListItem","position":1,"name":"Portada","item":"https:\/\/www.laguiadepamplona.com\/actualidad\/"},{"@type":"ListItem","position":2,"name":"La Junta de Gobierno Local aprueba el proyecto de modificaci\u00f3n de ordenanzas fiscales y normas reguladoras de precios p\u00fablicos"}]},{"@type":"WebSite","@id":"https:\/\/www.laguiadepamplona.com\/actualidad\/#website","url":"https:\/\/www.laguiadepamplona.com\/actualidad\/","name":"La gu\u00eda de Pamplona","description":"Noticias de Pamplona","publisher":{"@id":"https:\/\/www.laguiadepamplona.com\/actualidad\/#organization"},"potentialAction":[{"@type":"SearchAction","target":{"@type":"EntryPoint","urlTemplate":"https:\/\/www.laguiadepamplona.com\/actualidad\/?s={search_term_string}"},"query-input":{"@type":"PropertyValueSpecification","valueRequired":true,"valueName":"search_term_string"}}],"inLanguage":"es"},{"@type":"Organization","@id":"https:\/\/www.laguiadepamplona.com\/actualidad\/#organization","name":"La Gu\u00eda de Pamplona \/ Noticias","url":"https:\/\/www.laguiadepamplona.com\/actualidad\/","logo":{"@type":"ImageObject","inLanguage":"es","@id":"https:\/\/www.laguiadepamplona.com\/actualidad\/#\/schema\/logo\/image\/","url":"https:\/\/www.laguiadepamplona.com\/actualidad\/wp-content\/uploads\/2018\/11\/logo-laguiadepamplona18-web1.png","contentUrl":"https:\/\/www.laguiadepamplona.com\/actualidad\/wp-content\/uploads\/2018\/11\/logo-laguiadepamplona18-web1.png","width":600,"height":196,"caption":"La Gu\u00eda de Pamplona \/ Noticias"},"image":{"@id":"https:\/\/www.laguiadepamplona.com\/actualidad\/#\/schema\/logo\/image\/"},"sameAs":["https:\/\/www.facebook.com\/laguiadepamplonacom-133175176762273\/?ref=hl","https:\/\/x.com\/LaGuiadPamplona","https:\/\/www.instagram.com\/la_guia_de_pamplona\/","https:\/\/www.youtube.com\/user\/laguiadepamplona"]},{"@type":"Person","@id":"https:\/\/www.laguiadepamplona.com\/actualidad\/#\/schema\/person\/efe887376f0213d4657c93adc50b1fdb","name":"La Gu\u00eda de Pamplona","image":{"@type":"ImageObject","inLanguage":"es","@id":"https:\/\/secure.gravatar.com\/avatar\/b6992f131dc8d30ab0dff15446e9d346d9dbd95992de0fef795073f5ea83a81c?s=96&d=mm&r=g","url":"https:\/\/secure.gravatar.com\/avatar\/b6992f131dc8d30ab0dff15446e9d346d9dbd95992de0fef795073f5ea83a81c?s=96&d=mm&r=g","contentUrl":"https:\/\/secure.gravatar.com\/avatar\/b6992f131dc8d30ab0dff15446e9d346d9dbd95992de0fef795073f5ea83a81c?s=96&d=mm&r=g","caption":"La Gu\u00eda de Pamplona"}}]}},"post_mailing_queue_ids":[],"_links":{"self":[{"href":"https:\/\/www.laguiadepamplona.com\/actualidad\/wp-json\/wp\/v2\/posts\/24498","targetHints":{"allow":["GET"]}}],"collection":[{"href":"https:\/\/www.laguiadepamplona.com\/actualidad\/wp-json\/wp\/v2\/posts"}],"about":[{"href":"https:\/\/www.laguiadepamplona.com\/actualidad\/wp-json\/wp\/v2\/types\/post"}],"author":[{"embeddable":true,"href":"https:\/\/www.laguiadepamplona.com\/actualidad\/wp-json\/wp\/v2\/users\/1"}],"replies":[{"embeddable":true,"href":"https:\/\/www.laguiadepamplona.com\/actualidad\/wp-json\/wp\/v2\/comments?post=24498"}],"version-history":[{"count":0,"href":"https:\/\/www.laguiadepamplona.com\/actualidad\/wp-json\/wp\/v2\/posts\/24498\/revisions"}],"wp:featuredmedia":[{"embeddable":true,"href":"https:\/\/www.laguiadepamplona.com\/actualidad\/wp-json\/wp\/v2\/media\/21939"}],"wp:attachment":[{"href":"https:\/\/www.laguiadepamplona.com\/actualidad\/wp-json\/wp\/v2\/media?parent=24498"}],"wp:term":[{"taxonomy":"category","embeddable":true,"href":"https:\/\/www.laguiadepamplona.com\/actualidad\/wp-json\/wp\/v2\/categories?post=24498"},{"taxonomy":"post_tag","embeddable":true,"href":"https:\/\/www.laguiadepamplona.com\/actualidad\/wp-json\/wp\/v2\/tags?post=24498"}],"curies":[{"name":"wp","href":"https:\/\/api.w.org\/{rel}","templated":true}]}}