{"id":24489,"date":"2019-09-18T13:30:13","date_gmt":"2019-09-18T11:30:13","guid":{"rendered":"https:\/\/www.laguiadepamplona.es\/actualidad\/?p=24489"},"modified":"2019-09-18T13:30:13","modified_gmt":"2019-09-18T11:30:13","slug":"los-bailables-de-txistu-y-gaita-de-la-plaza-del-castillo-que-comenzaron-en-junio-finalizan-manana-jueves","status":"publish","type":"post","link":"https:\/\/www.laguiadepamplona.com\/actualidad\/los-bailables-de-txistu-y-gaita-de-la-plaza-del-castillo-que-comenzaron-en-junio-finalizan-manana-jueves\/","title":{"rendered":"Los bailables de txistu y gaita de la Plaza del Castillo que comenzaron en junio finalizan ma\u00f1ana jueves"},"content":{"rendered":"<p><!--more--><\/p>\n<h3>La \u00faltima sesi\u00f3n de este a\u00f1o, en la que sonar\u00e1n pasacalles, jotas, porrusaldas, polkas y pasodobles, se celebrar\u00e1 de 18.30 a 20.30 horas<\/h3>\n<p>Los bailables de txistu y gaita, que se han estado celebrando en la Plaza del Castillo desde el pasado 18 de junio, finalizar\u00e1n ma\u00f1ana jueves, 19 de septiembre. Las sesiones se han desarrollado los martes y los jueves, excepto despu\u00e9s de Sanfermines y hasta el 20 de agosto, con el quiosco de la plaza como escenario desde el que han sonado las melod\u00edas. El horario de las actuaciones se ha modificado seg\u00fan el mes, con las sesiones en septiembre de 18.30 a 20.30 horas.<\/p>\n<p><script async src=\"\/\/pagead2.googlesyndication.com\/pagead\/js\/adsbygoogle.js\"><\/script><br \/>\n<!-- Noticias La Guia de Pamplona --><br \/>\n<ins class=\"adsbygoogle\"\nstyle=\"display:block\"\ndata-ad-client=\"ca-pub-6943679897239327\"\ndata-ad-slot=\"7048180777\"\ndata-ad-format=\"auto\"><\/ins><br \/>\n<script>\n(adsbygoogle = window.adsbygoogle || []).push({});\n<\/script><\/p>\n<p>Durante la tarde de ma\u00f1ana se interpretar\u00e1n pasacalles, jotas, porrusaldas, polkas y pasodobles para disfrute de quienes transiten o hagan una parada en este c\u00e9ntrico lugar de la ciudad. La Asociaci\u00f3n Banda de Gaiteros de Pamplona\u2013Iru\u00f1eko Gaiteroak y la Asociaci\u00f3n Banda de Txistularis de Pamplona\u2013Irui\u00f1ako Txistulari Taldea son las encargadas de estas sesiones de txistu y gaita, gracias al convenio anual de colaboraci\u00f3n suscrito con el Ayuntamiento de Pamplona.<\/p>\n","protected":false},"excerpt":{"rendered":"","protected":false},"author":1,"featured_media":17761,"comment_status":"open","ping_status":"closed","sticky":false,"template":"","format":"standard","meta":{"footnotes":""},"categories":[2],"tags":[],"class_list":["post-24489","post","type-post","status-publish","format-standard","has-post-thumbnail","hentry","category-ayuntamiento-pamplona"],"yoast_head":"<!-- This site is optimized with the Yoast SEO plugin v27.3 - https:\/\/yoast.com\/product\/yoast-seo-wordpress\/ -->\n<title>Los bailables de txistu y gaita de la Plaza del Castillo que comenzaron en junio finalizan ma\u00f1ana jueves<\/title>\n<meta name=\"robots\" content=\"index, follow, max-snippet:-1, max-image-preview:large, max-video-preview:-1\" \/>\n<link rel=\"canonical\" href=\"https:\/\/www.laguiadepamplona.com\/actualidad\/los-bailables-de-txistu-y-gaita-de-la-plaza-del-castillo-que-comenzaron-en-junio-finalizan-manana-jueves\/\" \/>\n<meta property=\"og:locale\" content=\"es_ES\" \/>\n<meta property=\"og:type\" content=\"article\" \/>\n<meta property=\"og:title\" content=\"Los bailables de txistu y gaita de la Plaza del Castillo que comenzaron en junio finalizan ma\u00f1ana jueves\" \/>\n<meta property=\"og:url\" content=\"https:\/\/www.laguiadepamplona.com\/actualidad\/los-bailables-de-txistu-y-gaita-de-la-plaza-del-castillo-que-comenzaron-en-junio-finalizan-manana-jueves\/\" \/>\n<meta property=\"og:site_name\" content=\"La Gu\u00eda de Pamplona\" \/>\n<meta property=\"article:publisher\" content=\"https:\/\/www.facebook.com\/laguiadepamplonacom-133175176762273\/?ref=hl\" \/>\n<meta property=\"article:published_time\" content=\"2019-09-18T11:30:13+00:00\" \/>\n<meta property=\"og:image\" content=\"https:\/\/www.laguiadepamplona.com\/actualidad\/wp-content\/uploads\/2018\/06\/18.06.08_bailables_txistu_gaita.jpg\" \/>\n\t<meta property=\"og:image:width\" content=\"1000\" \/>\n\t<meta property=\"og:image:height\" content=\"667\" \/>\n\t<meta property=\"og:image:type\" content=\"image\/jpeg\" \/>\n<meta name=\"author\" content=\"La Gu\u00eda de Pamplona\" \/>\n<meta name=\"twitter:card\" content=\"summary_large_image\" \/>\n<meta name=\"twitter:creator\" content=\"@LaGuiadPamplona\" \/>\n<meta name=\"twitter:site\" content=\"@LaGuiadPamplona\" \/>\n<meta name=\"twitter:label1\" content=\"Escrito por\" \/>\n\t<meta name=\"twitter:data1\" content=\"La Gu\u00eda de Pamplona\" \/>\n\t<meta name=\"twitter:label2\" content=\"Tiempo de lectura\" \/>\n\t<meta name=\"twitter:data2\" content=\"1 minuto\" \/>\n<script type=\"application\/ld+json\" class=\"yoast-schema-graph\">{\"@context\":\"https:\\\/\\\/schema.org\",\"@graph\":[{\"@type\":\"Article\",\"@id\":\"https:\\\/\\\/www.laguiadepamplona.com\\\/actualidad\\\/los-bailables-de-txistu-y-gaita-de-la-plaza-del-castillo-que-comenzaron-en-junio-finalizan-manana-jueves\\\/#article\",\"isPartOf\":{\"@id\":\"https:\\\/\\\/www.laguiadepamplona.com\\\/actualidad\\\/los-bailables-de-txistu-y-gaita-de-la-plaza-del-castillo-que-comenzaron-en-junio-finalizan-manana-jueves\\\/\"},\"author\":{\"name\":\"La Gu\u00eda de Pamplona\",\"@id\":\"https:\\\/\\\/www.laguiadepamplona.com\\\/actualidad\\\/#\\\/schema\\\/person\\\/efe887376f0213d4657c93adc50b1fdb\"},\"headline\":\"Los bailables de txistu y gaita de la Plaza del Castillo que comenzaron en junio finalizan ma\u00f1ana jueves\",\"datePublished\":\"2019-09-18T11:30:13+00:00\",\"mainEntityOfPage\":{\"@id\":\"https:\\\/\\\/www.laguiadepamplona.com\\\/actualidad\\\/los-bailables-de-txistu-y-gaita-de-la-plaza-del-castillo-que-comenzaron-en-junio-finalizan-manana-jueves\\\/\"},\"wordCount\":206,\"commentCount\":0,\"publisher\":{\"@id\":\"https:\\\/\\\/www.laguiadepamplona.com\\\/actualidad\\\/#organization\"},\"image\":{\"@id\":\"https:\\\/\\\/www.laguiadepamplona.com\\\/actualidad\\\/los-bailables-de-txistu-y-gaita-de-la-plaza-del-castillo-que-comenzaron-en-junio-finalizan-manana-jueves\\\/#primaryimage\"},\"thumbnailUrl\":\"https:\\\/\\\/www.laguiadepamplona.com\\\/actualidad\\\/wp-content\\\/uploads\\\/2018\\\/06\\\/18.06.08_bailables_txistu_gaita.jpg\",\"articleSection\":[\"Ayto Pamplona\"],\"inLanguage\":\"es\",\"potentialAction\":[{\"@type\":\"CommentAction\",\"name\":\"Comment\",\"target\":[\"https:\\\/\\\/www.laguiadepamplona.com\\\/actualidad\\\/los-bailables-de-txistu-y-gaita-de-la-plaza-del-castillo-que-comenzaron-en-junio-finalizan-manana-jueves\\\/#respond\"]}]},{\"@type\":\"WebPage\",\"@id\":\"https:\\\/\\\/www.laguiadepamplona.com\\\/actualidad\\\/los-bailables-de-txistu-y-gaita-de-la-plaza-del-castillo-que-comenzaron-en-junio-finalizan-manana-jueves\\\/\",\"url\":\"https:\\\/\\\/www.laguiadepamplona.com\\\/actualidad\\\/los-bailables-de-txistu-y-gaita-de-la-plaza-del-castillo-que-comenzaron-en-junio-finalizan-manana-jueves\\\/\",\"name\":\"Los bailables de txistu y gaita de la Plaza del Castillo que comenzaron en junio finalizan ma\u00f1ana jueves\",\"isPartOf\":{\"@id\":\"https:\\\/\\\/www.laguiadepamplona.com\\\/actualidad\\\/#website\"},\"primaryImageOfPage\":{\"@id\":\"https:\\\/\\\/www.laguiadepamplona.com\\\/actualidad\\\/los-bailables-de-txistu-y-gaita-de-la-plaza-del-castillo-que-comenzaron-en-junio-finalizan-manana-jueves\\\/#primaryimage\"},\"image\":{\"@id\":\"https:\\\/\\\/www.laguiadepamplona.com\\\/actualidad\\\/los-bailables-de-txistu-y-gaita-de-la-plaza-del-castillo-que-comenzaron-en-junio-finalizan-manana-jueves\\\/#primaryimage\"},\"thumbnailUrl\":\"https:\\\/\\\/www.laguiadepamplona.com\\\/actualidad\\\/wp-content\\\/uploads\\\/2018\\\/06\\\/18.06.08_bailables_txistu_gaita.jpg\",\"datePublished\":\"2019-09-18T11:30:13+00:00\",\"breadcrumb\":{\"@id\":\"https:\\\/\\\/www.laguiadepamplona.com\\\/actualidad\\\/los-bailables-de-txistu-y-gaita-de-la-plaza-del-castillo-que-comenzaron-en-junio-finalizan-manana-jueves\\\/#breadcrumb\"},\"inLanguage\":\"es\",\"potentialAction\":[{\"@type\":\"ReadAction\",\"target\":[\"https:\\\/\\\/www.laguiadepamplona.com\\\/actualidad\\\/los-bailables-de-txistu-y-gaita-de-la-plaza-del-castillo-que-comenzaron-en-junio-finalizan-manana-jueves\\\/\"]}]},{\"@type\":\"ImageObject\",\"inLanguage\":\"es\",\"@id\":\"https:\\\/\\\/www.laguiadepamplona.com\\\/actualidad\\\/los-bailables-de-txistu-y-gaita-de-la-plaza-del-castillo-que-comenzaron-en-junio-finalizan-manana-jueves\\\/#primaryimage\",\"url\":\"https:\\\/\\\/www.laguiadepamplona.com\\\/actualidad\\\/wp-content\\\/uploads\\\/2018\\\/06\\\/18.06.08_bailables_txistu_gaita.jpg\",\"contentUrl\":\"https:\\\/\\\/www.laguiadepamplona.com\\\/actualidad\\\/wp-content\\\/uploads\\\/2018\\\/06\\\/18.06.08_bailables_txistu_gaita.jpg\",\"width\":1000,\"height\":667,\"caption\":\"bailables de txistu y gaita\"},{\"@type\":\"BreadcrumbList\",\"@id\":\"https:\\\/\\\/www.laguiadepamplona.com\\\/actualidad\\\/los-bailables-de-txistu-y-gaita-de-la-plaza-del-castillo-que-comenzaron-en-junio-finalizan-manana-jueves\\\/#breadcrumb\",\"itemListElement\":[{\"@type\":\"ListItem\",\"position\":1,\"name\":\"Portada\",\"item\":\"https:\\\/\\\/www.laguiadepamplona.com\\\/actualidad\\\/\"},{\"@type\":\"ListItem\",\"position\":2,\"name\":\"Los bailables de txistu y gaita de la Plaza del Castillo que comenzaron en junio finalizan ma\u00f1ana jueves\"}]},{\"@type\":\"WebSite\",\"@id\":\"https:\\\/\\\/www.laguiadepamplona.com\\\/actualidad\\\/#website\",\"url\":\"https:\\\/\\\/www.laguiadepamplona.com\\\/actualidad\\\/\",\"name\":\"La gu\u00eda de Pamplona\",\"description\":\"Noticias de Pamplona\",\"publisher\":{\"@id\":\"https:\\\/\\\/www.laguiadepamplona.com\\\/actualidad\\\/#organization\"},\"potentialAction\":[{\"@type\":\"SearchAction\",\"target\":{\"@type\":\"EntryPoint\",\"urlTemplate\":\"https:\\\/\\\/www.laguiadepamplona.com\\\/actualidad\\\/?s={search_term_string}\"},\"query-input\":{\"@type\":\"PropertyValueSpecification\",\"valueRequired\":true,\"valueName\":\"search_term_string\"}}],\"inLanguage\":\"es\"},{\"@type\":\"Organization\",\"@id\":\"https:\\\/\\\/www.laguiadepamplona.com\\\/actualidad\\\/#organization\",\"name\":\"La Gu\u00eda de Pamplona \\\/ Noticias\",\"url\":\"https:\\\/\\\/www.laguiadepamplona.com\\\/actualidad\\\/\",\"logo\":{\"@type\":\"ImageObject\",\"inLanguage\":\"es\",\"@id\":\"https:\\\/\\\/www.laguiadepamplona.com\\\/actualidad\\\/#\\\/schema\\\/logo\\\/image\\\/\",\"url\":\"https:\\\/\\\/www.laguiadepamplona.com\\\/actualidad\\\/wp-content\\\/uploads\\\/2018\\\/11\\\/logo-laguiadepamplona18-web1.png\",\"contentUrl\":\"https:\\\/\\\/www.laguiadepamplona.com\\\/actualidad\\\/wp-content\\\/uploads\\\/2018\\\/11\\\/logo-laguiadepamplona18-web1.png\",\"width\":600,\"height\":196,\"caption\":\"La Gu\u00eda de Pamplona \\\/ Noticias\"},\"image\":{\"@id\":\"https:\\\/\\\/www.laguiadepamplona.com\\\/actualidad\\\/#\\\/schema\\\/logo\\\/image\\\/\"},\"sameAs\":[\"https:\\\/\\\/www.facebook.com\\\/laguiadepamplonacom-133175176762273\\\/?ref=hl\",\"https:\\\/\\\/x.com\\\/LaGuiadPamplona\",\"https:\\\/\\\/www.instagram.com\\\/la_guia_de_pamplona\\\/\",\"https:\\\/\\\/www.youtube.com\\\/user\\\/laguiadepamplona\"]},{\"@type\":\"Person\",\"@id\":\"https:\\\/\\\/www.laguiadepamplona.com\\\/actualidad\\\/#\\\/schema\\\/person\\\/efe887376f0213d4657c93adc50b1fdb\",\"name\":\"La Gu\u00eda de Pamplona\",\"image\":{\"@type\":\"ImageObject\",\"inLanguage\":\"es\",\"@id\":\"https:\\\/\\\/secure.gravatar.com\\\/avatar\\\/b6992f131dc8d30ab0dff15446e9d346d9dbd95992de0fef795073f5ea83a81c?s=96&d=mm&r=g\",\"url\":\"https:\\\/\\\/secure.gravatar.com\\\/avatar\\\/b6992f131dc8d30ab0dff15446e9d346d9dbd95992de0fef795073f5ea83a81c?s=96&d=mm&r=g\",\"contentUrl\":\"https:\\\/\\\/secure.gravatar.com\\\/avatar\\\/b6992f131dc8d30ab0dff15446e9d346d9dbd95992de0fef795073f5ea83a81c?s=96&d=mm&r=g\",\"caption\":\"La Gu\u00eda de Pamplona\"}}]}<\/script>\n<!-- \/ Yoast SEO plugin. -->","yoast_head_json":{"title":"Los bailables de txistu y gaita de la Plaza del Castillo que comenzaron en junio finalizan ma\u00f1ana jueves","robots":{"index":"index","follow":"follow","max-snippet":"max-snippet:-1","max-image-preview":"max-image-preview:large","max-video-preview":"max-video-preview:-1"},"canonical":"https:\/\/www.laguiadepamplona.com\/actualidad\/los-bailables-de-txistu-y-gaita-de-la-plaza-del-castillo-que-comenzaron-en-junio-finalizan-manana-jueves\/","og_locale":"es_ES","og_type":"article","og_title":"Los bailables de txistu y gaita de la Plaza del Castillo que comenzaron en junio finalizan ma\u00f1ana jueves","og_url":"https:\/\/www.laguiadepamplona.com\/actualidad\/los-bailables-de-txistu-y-gaita-de-la-plaza-del-castillo-que-comenzaron-en-junio-finalizan-manana-jueves\/","og_site_name":"La Gu\u00eda de Pamplona","article_publisher":"https:\/\/www.facebook.com\/laguiadepamplonacom-133175176762273\/?ref=hl","article_published_time":"2019-09-18T11:30:13+00:00","og_image":[{"width":1000,"height":667,"url":"https:\/\/www.laguiadepamplona.com\/actualidad\/wp-content\/uploads\/2018\/06\/18.06.08_bailables_txistu_gaita.jpg","type":"image\/jpeg"}],"author":"La Gu\u00eda de Pamplona","twitter_card":"summary_large_image","twitter_creator":"@LaGuiadPamplona","twitter_site":"@LaGuiadPamplona","twitter_misc":{"Escrito por":"La Gu\u00eda de Pamplona","Tiempo de lectura":"1 minuto"},"schema":{"@context":"https:\/\/schema.org","@graph":[{"@type":"Article","@id":"https:\/\/www.laguiadepamplona.com\/actualidad\/los-bailables-de-txistu-y-gaita-de-la-plaza-del-castillo-que-comenzaron-en-junio-finalizan-manana-jueves\/#article","isPartOf":{"@id":"https:\/\/www.laguiadepamplona.com\/actualidad\/los-bailables-de-txistu-y-gaita-de-la-plaza-del-castillo-que-comenzaron-en-junio-finalizan-manana-jueves\/"},"author":{"name":"La Gu\u00eda de Pamplona","@id":"https:\/\/www.laguiadepamplona.com\/actualidad\/#\/schema\/person\/efe887376f0213d4657c93adc50b1fdb"},"headline":"Los bailables de txistu y gaita de la Plaza del Castillo que comenzaron en junio finalizan ma\u00f1ana jueves","datePublished":"2019-09-18T11:30:13+00:00","mainEntityOfPage":{"@id":"https:\/\/www.laguiadepamplona.com\/actualidad\/los-bailables-de-txistu-y-gaita-de-la-plaza-del-castillo-que-comenzaron-en-junio-finalizan-manana-jueves\/"},"wordCount":206,"commentCount":0,"publisher":{"@id":"https:\/\/www.laguiadepamplona.com\/actualidad\/#organization"},"image":{"@id":"https:\/\/www.laguiadepamplona.com\/actualidad\/los-bailables-de-txistu-y-gaita-de-la-plaza-del-castillo-que-comenzaron-en-junio-finalizan-manana-jueves\/#primaryimage"},"thumbnailUrl":"https:\/\/www.laguiadepamplona.com\/actualidad\/wp-content\/uploads\/2018\/06\/18.06.08_bailables_txistu_gaita.jpg","articleSection":["Ayto Pamplona"],"inLanguage":"es","potentialAction":[{"@type":"CommentAction","name":"Comment","target":["https:\/\/www.laguiadepamplona.com\/actualidad\/los-bailables-de-txistu-y-gaita-de-la-plaza-del-castillo-que-comenzaron-en-junio-finalizan-manana-jueves\/#respond"]}]},{"@type":"WebPage","@id":"https:\/\/www.laguiadepamplona.com\/actualidad\/los-bailables-de-txistu-y-gaita-de-la-plaza-del-castillo-que-comenzaron-en-junio-finalizan-manana-jueves\/","url":"https:\/\/www.laguiadepamplona.com\/actualidad\/los-bailables-de-txistu-y-gaita-de-la-plaza-del-castillo-que-comenzaron-en-junio-finalizan-manana-jueves\/","name":"Los bailables de txistu y gaita de la Plaza del Castillo que comenzaron en junio finalizan ma\u00f1ana jueves","isPartOf":{"@id":"https:\/\/www.laguiadepamplona.com\/actualidad\/#website"},"primaryImageOfPage":{"@id":"https:\/\/www.laguiadepamplona.com\/actualidad\/los-bailables-de-txistu-y-gaita-de-la-plaza-del-castillo-que-comenzaron-en-junio-finalizan-manana-jueves\/#primaryimage"},"image":{"@id":"https:\/\/www.laguiadepamplona.com\/actualidad\/los-bailables-de-txistu-y-gaita-de-la-plaza-del-castillo-que-comenzaron-en-junio-finalizan-manana-jueves\/#primaryimage"},"thumbnailUrl":"https:\/\/www.laguiadepamplona.com\/actualidad\/wp-content\/uploads\/2018\/06\/18.06.08_bailables_txistu_gaita.jpg","datePublished":"2019-09-18T11:30:13+00:00","breadcrumb":{"@id":"https:\/\/www.laguiadepamplona.com\/actualidad\/los-bailables-de-txistu-y-gaita-de-la-plaza-del-castillo-que-comenzaron-en-junio-finalizan-manana-jueves\/#breadcrumb"},"inLanguage":"es","potentialAction":[{"@type":"ReadAction","target":["https:\/\/www.laguiadepamplona.com\/actualidad\/los-bailables-de-txistu-y-gaita-de-la-plaza-del-castillo-que-comenzaron-en-junio-finalizan-manana-jueves\/"]}]},{"@type":"ImageObject","inLanguage":"es","@id":"https:\/\/www.laguiadepamplona.com\/actualidad\/los-bailables-de-txistu-y-gaita-de-la-plaza-del-castillo-que-comenzaron-en-junio-finalizan-manana-jueves\/#primaryimage","url":"https:\/\/www.laguiadepamplona.com\/actualidad\/wp-content\/uploads\/2018\/06\/18.06.08_bailables_txistu_gaita.jpg","contentUrl":"https:\/\/www.laguiadepamplona.com\/actualidad\/wp-content\/uploads\/2018\/06\/18.06.08_bailables_txistu_gaita.jpg","width":1000,"height":667,"caption":"bailables de txistu y gaita"},{"@type":"BreadcrumbList","@id":"https:\/\/www.laguiadepamplona.com\/actualidad\/los-bailables-de-txistu-y-gaita-de-la-plaza-del-castillo-que-comenzaron-en-junio-finalizan-manana-jueves\/#breadcrumb","itemListElement":[{"@type":"ListItem","position":1,"name":"Portada","item":"https:\/\/www.laguiadepamplona.com\/actualidad\/"},{"@type":"ListItem","position":2,"name":"Los bailables de txistu y gaita de la Plaza del Castillo que comenzaron en junio finalizan ma\u00f1ana jueves"}]},{"@type":"WebSite","@id":"https:\/\/www.laguiadepamplona.com\/actualidad\/#website","url":"https:\/\/www.laguiadepamplona.com\/actualidad\/","name":"La gu\u00eda de Pamplona","description":"Noticias de Pamplona","publisher":{"@id":"https:\/\/www.laguiadepamplona.com\/actualidad\/#organization"},"potentialAction":[{"@type":"SearchAction","target":{"@type":"EntryPoint","urlTemplate":"https:\/\/www.laguiadepamplona.com\/actualidad\/?s={search_term_string}"},"query-input":{"@type":"PropertyValueSpecification","valueRequired":true,"valueName":"search_term_string"}}],"inLanguage":"es"},{"@type":"Organization","@id":"https:\/\/www.laguiadepamplona.com\/actualidad\/#organization","name":"La Gu\u00eda de Pamplona \/ Noticias","url":"https:\/\/www.laguiadepamplona.com\/actualidad\/","logo":{"@type":"ImageObject","inLanguage":"es","@id":"https:\/\/www.laguiadepamplona.com\/actualidad\/#\/schema\/logo\/image\/","url":"https:\/\/www.laguiadepamplona.com\/actualidad\/wp-content\/uploads\/2018\/11\/logo-laguiadepamplona18-web1.png","contentUrl":"https:\/\/www.laguiadepamplona.com\/actualidad\/wp-content\/uploads\/2018\/11\/logo-laguiadepamplona18-web1.png","width":600,"height":196,"caption":"La Gu\u00eda de Pamplona \/ Noticias"},"image":{"@id":"https:\/\/www.laguiadepamplona.com\/actualidad\/#\/schema\/logo\/image\/"},"sameAs":["https:\/\/www.facebook.com\/laguiadepamplonacom-133175176762273\/?ref=hl","https:\/\/x.com\/LaGuiadPamplona","https:\/\/www.instagram.com\/la_guia_de_pamplona\/","https:\/\/www.youtube.com\/user\/laguiadepamplona"]},{"@type":"Person","@id":"https:\/\/www.laguiadepamplona.com\/actualidad\/#\/schema\/person\/efe887376f0213d4657c93adc50b1fdb","name":"La Gu\u00eda de Pamplona","image":{"@type":"ImageObject","inLanguage":"es","@id":"https:\/\/secure.gravatar.com\/avatar\/b6992f131dc8d30ab0dff15446e9d346d9dbd95992de0fef795073f5ea83a81c?s=96&d=mm&r=g","url":"https:\/\/secure.gravatar.com\/avatar\/b6992f131dc8d30ab0dff15446e9d346d9dbd95992de0fef795073f5ea83a81c?s=96&d=mm&r=g","contentUrl":"https:\/\/secure.gravatar.com\/avatar\/b6992f131dc8d30ab0dff15446e9d346d9dbd95992de0fef795073f5ea83a81c?s=96&d=mm&r=g","caption":"La Gu\u00eda de Pamplona"}}]}},"post_mailing_queue_ids":[],"_links":{"self":[{"href":"https:\/\/www.laguiadepamplona.com\/actualidad\/wp-json\/wp\/v2\/posts\/24489","targetHints":{"allow":["GET"]}}],"collection":[{"href":"https:\/\/www.laguiadepamplona.com\/actualidad\/wp-json\/wp\/v2\/posts"}],"about":[{"href":"https:\/\/www.laguiadepamplona.com\/actualidad\/wp-json\/wp\/v2\/types\/post"}],"author":[{"embeddable":true,"href":"https:\/\/www.laguiadepamplona.com\/actualidad\/wp-json\/wp\/v2\/users\/1"}],"replies":[{"embeddable":true,"href":"https:\/\/www.laguiadepamplona.com\/actualidad\/wp-json\/wp\/v2\/comments?post=24489"}],"version-history":[{"count":0,"href":"https:\/\/www.laguiadepamplona.com\/actualidad\/wp-json\/wp\/v2\/posts\/24489\/revisions"}],"wp:featuredmedia":[{"embeddable":true,"href":"https:\/\/www.laguiadepamplona.com\/actualidad\/wp-json\/wp\/v2\/media\/17761"}],"wp:attachment":[{"href":"https:\/\/www.laguiadepamplona.com\/actualidad\/wp-json\/wp\/v2\/media?parent=24489"}],"wp:term":[{"taxonomy":"category","embeddable":true,"href":"https:\/\/www.laguiadepamplona.com\/actualidad\/wp-json\/wp\/v2\/categories?post=24489"},{"taxonomy":"post_tag","embeddable":true,"href":"https:\/\/www.laguiadepamplona.com\/actualidad\/wp-json\/wp\/v2\/tags?post=24489"}],"curies":[{"name":"wp","href":"https:\/\/api.w.org\/{rel}","templated":true}]}}