{"id":24480,"date":"2019-09-18T13:17:07","date_gmt":"2019-09-18T11:17:07","guid":{"rendered":"https:\/\/www.laguiadepamplona.es\/actualidad\/?p=24480"},"modified":"2019-09-18T13:17:07","modified_gmt":"2019-09-18T11:17:07","slug":"conciertos-cuentos-musicales-y-talleres-infantiles-para-mantener-vivo-el-legado-de-pablo-sarasate","status":"publish","type":"post","link":"https:\/\/www.laguiadepamplona.com\/actualidad\/conciertos-cuentos-musicales-y-talleres-infantiles-para-mantener-vivo-el-legado-de-pablo-sarasate\/","title":{"rendered":"Conciertos, cuentos musicales y talleres infantiles para mantener vivo el legado de Pablo Sarasate"},"content":{"rendered":"<p><!--more--><\/p>\n<h3>Civivox Condestable acoge la semana que viene una variada programaci\u00f3n coincidiendo con el 111 aniversario del fallecimiento de este c\u00e9lebre m\u00fasico<\/h3>\n<p>Un 20 de septiembre, pero de 1908, fallec\u00eda en Biarritz Pablo Sarasate. El violinista pamplon\u00e9s, que entonces ten\u00eda 64 a\u00f1os, hab\u00eda conseguido un reconocimiento internacional. Sus composiciones y su interpretaci\u00f3n al viol\u00edn eran mundialmente conocidas. Ahora, 111 a\u00f1os despu\u00e9s de ese d\u00eda, Civivox Condestable quiere seguir reivindicando el papel de este c\u00e9lebre m\u00fasico, que siempre tuvo presente su Pamplona natal. Por eso, ha proyectado para toda esta semana una serie de actividades dentro del ciclo \u2018El legado de Sarasate\u2019. Los actos, dirigidos a peque\u00f1os y mayores, buscan hacer hincapi\u00e9 en la figura de Sarasate y la herencia musical que ha dejado.<\/p>\n<p>La primera propuesta es un \u2018Cuencierto\u2019 para viol\u00edn y orquesta, que se celebrar\u00e1 el jueves, d\u00eda 19. Sergio de Andr\u00e9s ser\u00e1 el encargado de dar forma a esta narraci\u00f3n oral esc\u00e9nica, que combinar\u00e1 la m\u00fasica y el cuento en torno a la vida del violinista. La actividad, dirigida especialmente a ni\u00f1os y ni\u00f1as de entre cuatro y nueve a\u00f1os, dar\u00e1 comienzo a las 18 horas. La entrada es gratuita hasta completar aforo.<\/p>\n<p><script async src=\"\/\/pagead2.googlesyndication.com\/pagead\/js\/adsbygoogle.js\"><\/script><br \/>\n<!-- Noticias La Guia de Pamplona --><br \/>\n<ins class=\"adsbygoogle\"\nstyle=\"display:block\"\ndata-ad-client=\"ca-pub-6943679897239327\"\ndata-ad-slot=\"7048180777\"\ndata-ad-format=\"auto\"><\/ins><br \/>\n<script>\n(adsbygoogle = window.adsbygoogle || []).push({});\n<\/script><\/p>\n<p><strong>Fotograf\u00eda musical<\/strong><\/p>\n<p>Para el mismo d\u00eda del aniversario, el 20 de septiembre, Civivox Condestable acoger\u00e1 un concierto a cargo del cuarteto de cuerda y flauta Zura Quartet y Beatriz Pom\u00e9s. En \u00e9l har\u00e1n un repaso por los principales hitos musicales del ampl\u00edsimo repertorio de Pablo Sarasate, centrado en las d\u00e9cadas de 1880 y 1890 que fueron, tal y como destacan, especialmente fecundas por la coincidencia de diferentes est\u00e9ticas musicales. El concierto, que lleva por t\u00edtulo \u2018Pablo Sarasate 1880-1890. Una fotograf\u00eda musical\u2019, pretende, precisamente, ser una fotograf\u00eda de esos a\u00f1os, relacionando la creaci\u00f3n de Sarasate con la de sus coet\u00e1neos. La cita ser\u00e1 a las 20 horas en el patio de Civivox Condestable. La entrada es gratuita. Se permitir\u00e1 el acceso hasta completar aforo.<\/p>\n<p>Un taller infantil es el \u00faltimo acto programado dentro del ciclo \u2018El legado de Sarasate\u2019, el s\u00e1bado, d\u00eda 21, por la ma\u00f1ana. Pensado para ni\u00f1os de entre ocho y doce a\u00f1os, lleva por t\u00edtulo \u2018Descubriendo a Sarasate: Las aventuras de un viol\u00edn\u2019. Los participantes se adentrar\u00e1n en el mundo de la m\u00fasica a trav\u00e9s de la figura del violinista pamplon\u00e9s y dar\u00e1n forma a un viol\u00edn de papel, un escenario y un personaje. El objetivo de esta actividad creativa es que cada ni\u00f1o invente su propio relato relacionado con la m\u00fasica. El taller se desarrollar\u00e1 en el propio Condestable de 10 a 13 horas. Se han previsto un total de quince plazas por lo que aquellas personas interesadas deber\u00e1n realizar la inscripci\u00f3n hasta 48 horas antes del inicio de la actividad. El taller tiene un coste de dos euros.<\/p>\n<p>&nbsp;<\/p>\n<h3><span style=\"color: #ff0000;\">Actividades<\/span><\/h3>\n<ul>\n<li><span style=\"color: #ff0000;\"><strong>\u2018Cuencierto\u2019 para viol\u00edn y orquesta<\/strong><\/span>\n<ul>\n<li><strong>Jueves, 19 de septiembre. 18 horas<\/strong><\/li>\n<li><strong>Para ni\u00f1os y ni\u00f1as de entre 4 y 9 a\u00f1os<\/strong><\/li>\n<li><strong>Entrada gratuita hasta completar aforo.<\/strong><\/li>\n<\/ul>\n<\/li>\n<li><span style=\"color: #ff0000;\"><strong>Concierto \u2018Pablo Sarasate 1880-1890. Una fotograf\u00eda musical\u2019<\/strong><\/span>\n<ul>\n<li><strong>Viernes, 20 de septiembre. 20 horas.<\/strong><\/li>\n<li><strong>Todos los p\u00fablicos<\/strong><\/li>\n<li><strong>Entrada gratuita hasta completar aforo.<\/strong><\/li>\n<\/ul>\n<\/li>\n<li><span style=\"color: #ff0000;\"><strong>Taller \u2018Descubriendo a Sarasate: Las aventuras de un viol\u00edn\u2019<\/strong>.<\/span>\n<ul>\n<li><strong>S\u00e1bado, 21 de septiembre. De 10 a 13 horas.<\/strong><\/li>\n<li><strong>Para ni\u00f1os y ni\u00f1as de entre 8 y 12 a\u00f1os.<\/strong><\/li>\n<li><strong>Entrada: 2 euros. Inscripci\u00f3n hasta 48 horas antes del inicio.<\/strong><\/li>\n<\/ul>\n<\/li>\n<\/ul>\n<p>&nbsp;<\/p>\n","protected":false},"excerpt":{"rendered":"","protected":false},"author":1,"featured_media":17390,"comment_status":"open","ping_status":"closed","sticky":false,"template":"","format":"standard","meta":{"footnotes":""},"categories":[2],"tags":[],"class_list":["post-24480","post","type-post","status-publish","format-standard","has-post-thumbnail","hentry","category-ayuntamiento-pamplona"],"yoast_head":"<!-- This site is optimized with the Yoast SEO plugin v27.3 - https:\/\/yoast.com\/product\/yoast-seo-wordpress\/ -->\n<title>Conciertos, cuentos musicales y talleres infantiles para mantener vivo el legado de Pablo Sarasate<\/title>\n<meta name=\"robots\" content=\"index, follow, max-snippet:-1, max-image-preview:large, max-video-preview:-1\" \/>\n<link rel=\"canonical\" href=\"https:\/\/www.laguiadepamplona.com\/actualidad\/conciertos-cuentos-musicales-y-talleres-infantiles-para-mantener-vivo-el-legado-de-pablo-sarasate\/\" \/>\n<meta property=\"og:locale\" content=\"es_ES\" \/>\n<meta property=\"og:type\" content=\"article\" \/>\n<meta property=\"og:title\" content=\"Conciertos, cuentos musicales y talleres infantiles para mantener vivo el legado de Pablo Sarasate\" \/>\n<meta property=\"og:url\" content=\"https:\/\/www.laguiadepamplona.com\/actualidad\/conciertos-cuentos-musicales-y-talleres-infantiles-para-mantener-vivo-el-legado-de-pablo-sarasate\/\" \/>\n<meta property=\"og:site_name\" content=\"La Gu\u00eda de Pamplona\" \/>\n<meta property=\"article:publisher\" content=\"https:\/\/www.facebook.com\/laguiadepamplonacom-133175176762273\/?ref=hl\" \/>\n<meta property=\"article:published_time\" content=\"2019-09-18T11:17:07+00:00\" \/>\n<meta property=\"og:image\" content=\"https:\/\/www.laguiadepamplona.com\/actualidad\/wp-content\/uploads\/2018\/05\/palacio-condestable.jpg\" \/>\n\t<meta property=\"og:image:width\" content=\"950\" \/>\n\t<meta property=\"og:image:height\" content=\"634\" \/>\n\t<meta property=\"og:image:type\" content=\"image\/jpeg\" \/>\n<meta name=\"author\" content=\"La Gu\u00eda de Pamplona\" \/>\n<meta name=\"twitter:card\" content=\"summary_large_image\" \/>\n<meta name=\"twitter:creator\" content=\"@LaGuiadPamplona\" \/>\n<meta name=\"twitter:site\" content=\"@LaGuiadPamplona\" \/>\n<meta name=\"twitter:label1\" content=\"Escrito por\" \/>\n\t<meta name=\"twitter:data1\" content=\"La Gu\u00eda de Pamplona\" \/>\n\t<meta name=\"twitter:label2\" content=\"Tiempo de lectura\" \/>\n\t<meta name=\"twitter:data2\" content=\"3 minutos\" \/>\n<script type=\"application\/ld+json\" class=\"yoast-schema-graph\">{\"@context\":\"https:\\\/\\\/schema.org\",\"@graph\":[{\"@type\":\"Article\",\"@id\":\"https:\\\/\\\/www.laguiadepamplona.com\\\/actualidad\\\/conciertos-cuentos-musicales-y-talleres-infantiles-para-mantener-vivo-el-legado-de-pablo-sarasate\\\/#article\",\"isPartOf\":{\"@id\":\"https:\\\/\\\/www.laguiadepamplona.com\\\/actualidad\\\/conciertos-cuentos-musicales-y-talleres-infantiles-para-mantener-vivo-el-legado-de-pablo-sarasate\\\/\"},\"author\":{\"name\":\"La Gu\u00eda de Pamplona\",\"@id\":\"https:\\\/\\\/www.laguiadepamplona.com\\\/actualidad\\\/#\\\/schema\\\/person\\\/efe887376f0213d4657c93adc50b1fdb\"},\"headline\":\"Conciertos, cuentos musicales y talleres infantiles para mantener vivo el legado de Pablo Sarasate\",\"datePublished\":\"2019-09-18T11:17:07+00:00\",\"mainEntityOfPage\":{\"@id\":\"https:\\\/\\\/www.laguiadepamplona.com\\\/actualidad\\\/conciertos-cuentos-musicales-y-talleres-infantiles-para-mantener-vivo-el-legado-de-pablo-sarasate\\\/\"},\"wordCount\":597,\"commentCount\":0,\"publisher\":{\"@id\":\"https:\\\/\\\/www.laguiadepamplona.com\\\/actualidad\\\/#organization\"},\"image\":{\"@id\":\"https:\\\/\\\/www.laguiadepamplona.com\\\/actualidad\\\/conciertos-cuentos-musicales-y-talleres-infantiles-para-mantener-vivo-el-legado-de-pablo-sarasate\\\/#primaryimage\"},\"thumbnailUrl\":\"https:\\\/\\\/www.laguiadepamplona.com\\\/actualidad\\\/wp-content\\\/uploads\\\/2018\\\/05\\\/palacio-condestable.jpg\",\"articleSection\":[\"Ayto Pamplona\"],\"inLanguage\":\"es\",\"potentialAction\":[{\"@type\":\"CommentAction\",\"name\":\"Comment\",\"target\":[\"https:\\\/\\\/www.laguiadepamplona.com\\\/actualidad\\\/conciertos-cuentos-musicales-y-talleres-infantiles-para-mantener-vivo-el-legado-de-pablo-sarasate\\\/#respond\"]}]},{\"@type\":\"WebPage\",\"@id\":\"https:\\\/\\\/www.laguiadepamplona.com\\\/actualidad\\\/conciertos-cuentos-musicales-y-talleres-infantiles-para-mantener-vivo-el-legado-de-pablo-sarasate\\\/\",\"url\":\"https:\\\/\\\/www.laguiadepamplona.com\\\/actualidad\\\/conciertos-cuentos-musicales-y-talleres-infantiles-para-mantener-vivo-el-legado-de-pablo-sarasate\\\/\",\"name\":\"Conciertos, cuentos musicales y talleres infantiles para mantener vivo el legado de Pablo Sarasate\",\"isPartOf\":{\"@id\":\"https:\\\/\\\/www.laguiadepamplona.com\\\/actualidad\\\/#website\"},\"primaryImageOfPage\":{\"@id\":\"https:\\\/\\\/www.laguiadepamplona.com\\\/actualidad\\\/conciertos-cuentos-musicales-y-talleres-infantiles-para-mantener-vivo-el-legado-de-pablo-sarasate\\\/#primaryimage\"},\"image\":{\"@id\":\"https:\\\/\\\/www.laguiadepamplona.com\\\/actualidad\\\/conciertos-cuentos-musicales-y-talleres-infantiles-para-mantener-vivo-el-legado-de-pablo-sarasate\\\/#primaryimage\"},\"thumbnailUrl\":\"https:\\\/\\\/www.laguiadepamplona.com\\\/actualidad\\\/wp-content\\\/uploads\\\/2018\\\/05\\\/palacio-condestable.jpg\",\"datePublished\":\"2019-09-18T11:17:07+00:00\",\"breadcrumb\":{\"@id\":\"https:\\\/\\\/www.laguiadepamplona.com\\\/actualidad\\\/conciertos-cuentos-musicales-y-talleres-infantiles-para-mantener-vivo-el-legado-de-pablo-sarasate\\\/#breadcrumb\"},\"inLanguage\":\"es\",\"potentialAction\":[{\"@type\":\"ReadAction\",\"target\":[\"https:\\\/\\\/www.laguiadepamplona.com\\\/actualidad\\\/conciertos-cuentos-musicales-y-talleres-infantiles-para-mantener-vivo-el-legado-de-pablo-sarasate\\\/\"]}]},{\"@type\":\"ImageObject\",\"inLanguage\":\"es\",\"@id\":\"https:\\\/\\\/www.laguiadepamplona.com\\\/actualidad\\\/conciertos-cuentos-musicales-y-talleres-infantiles-para-mantener-vivo-el-legado-de-pablo-sarasate\\\/#primaryimage\",\"url\":\"https:\\\/\\\/www.laguiadepamplona.com\\\/actualidad\\\/wp-content\\\/uploads\\\/2018\\\/05\\\/palacio-condestable.jpg\",\"contentUrl\":\"https:\\\/\\\/www.laguiadepamplona.com\\\/actualidad\\\/wp-content\\\/uploads\\\/2018\\\/05\\\/palacio-condestable.jpg\",\"width\":950,\"height\":634,\"caption\":\"civivox condestable\"},{\"@type\":\"BreadcrumbList\",\"@id\":\"https:\\\/\\\/www.laguiadepamplona.com\\\/actualidad\\\/conciertos-cuentos-musicales-y-talleres-infantiles-para-mantener-vivo-el-legado-de-pablo-sarasate\\\/#breadcrumb\",\"itemListElement\":[{\"@type\":\"ListItem\",\"position\":1,\"name\":\"Portada\",\"item\":\"https:\\\/\\\/www.laguiadepamplona.com\\\/actualidad\\\/\"},{\"@type\":\"ListItem\",\"position\":2,\"name\":\"Conciertos, cuentos musicales y talleres infantiles para mantener vivo el legado de Pablo Sarasate\"}]},{\"@type\":\"WebSite\",\"@id\":\"https:\\\/\\\/www.laguiadepamplona.com\\\/actualidad\\\/#website\",\"url\":\"https:\\\/\\\/www.laguiadepamplona.com\\\/actualidad\\\/\",\"name\":\"La gu\u00eda de Pamplona\",\"description\":\"Noticias de Pamplona\",\"publisher\":{\"@id\":\"https:\\\/\\\/www.laguiadepamplona.com\\\/actualidad\\\/#organization\"},\"potentialAction\":[{\"@type\":\"SearchAction\",\"target\":{\"@type\":\"EntryPoint\",\"urlTemplate\":\"https:\\\/\\\/www.laguiadepamplona.com\\\/actualidad\\\/?s={search_term_string}\"},\"query-input\":{\"@type\":\"PropertyValueSpecification\",\"valueRequired\":true,\"valueName\":\"search_term_string\"}}],\"inLanguage\":\"es\"},{\"@type\":\"Organization\",\"@id\":\"https:\\\/\\\/www.laguiadepamplona.com\\\/actualidad\\\/#organization\",\"name\":\"La Gu\u00eda de Pamplona \\\/ Noticias\",\"url\":\"https:\\\/\\\/www.laguiadepamplona.com\\\/actualidad\\\/\",\"logo\":{\"@type\":\"ImageObject\",\"inLanguage\":\"es\",\"@id\":\"https:\\\/\\\/www.laguiadepamplona.com\\\/actualidad\\\/#\\\/schema\\\/logo\\\/image\\\/\",\"url\":\"https:\\\/\\\/www.laguiadepamplona.com\\\/actualidad\\\/wp-content\\\/uploads\\\/2018\\\/11\\\/logo-laguiadepamplona18-web1.png\",\"contentUrl\":\"https:\\\/\\\/www.laguiadepamplona.com\\\/actualidad\\\/wp-content\\\/uploads\\\/2018\\\/11\\\/logo-laguiadepamplona18-web1.png\",\"width\":600,\"height\":196,\"caption\":\"La Gu\u00eda de Pamplona \\\/ Noticias\"},\"image\":{\"@id\":\"https:\\\/\\\/www.laguiadepamplona.com\\\/actualidad\\\/#\\\/schema\\\/logo\\\/image\\\/\"},\"sameAs\":[\"https:\\\/\\\/www.facebook.com\\\/laguiadepamplonacom-133175176762273\\\/?ref=hl\",\"https:\\\/\\\/x.com\\\/LaGuiadPamplona\",\"https:\\\/\\\/www.instagram.com\\\/la_guia_de_pamplona\\\/\",\"https:\\\/\\\/www.youtube.com\\\/user\\\/laguiadepamplona\"]},{\"@type\":\"Person\",\"@id\":\"https:\\\/\\\/www.laguiadepamplona.com\\\/actualidad\\\/#\\\/schema\\\/person\\\/efe887376f0213d4657c93adc50b1fdb\",\"name\":\"La Gu\u00eda de Pamplona\",\"image\":{\"@type\":\"ImageObject\",\"inLanguage\":\"es\",\"@id\":\"https:\\\/\\\/secure.gravatar.com\\\/avatar\\\/b6992f131dc8d30ab0dff15446e9d346d9dbd95992de0fef795073f5ea83a81c?s=96&d=mm&r=g\",\"url\":\"https:\\\/\\\/secure.gravatar.com\\\/avatar\\\/b6992f131dc8d30ab0dff15446e9d346d9dbd95992de0fef795073f5ea83a81c?s=96&d=mm&r=g\",\"contentUrl\":\"https:\\\/\\\/secure.gravatar.com\\\/avatar\\\/b6992f131dc8d30ab0dff15446e9d346d9dbd95992de0fef795073f5ea83a81c?s=96&d=mm&r=g\",\"caption\":\"La Gu\u00eda de Pamplona\"}}]}<\/script>\n<!-- \/ Yoast SEO plugin. -->","yoast_head_json":{"title":"Conciertos, cuentos musicales y talleres infantiles para mantener vivo el legado de Pablo Sarasate","robots":{"index":"index","follow":"follow","max-snippet":"max-snippet:-1","max-image-preview":"max-image-preview:large","max-video-preview":"max-video-preview:-1"},"canonical":"https:\/\/www.laguiadepamplona.com\/actualidad\/conciertos-cuentos-musicales-y-talleres-infantiles-para-mantener-vivo-el-legado-de-pablo-sarasate\/","og_locale":"es_ES","og_type":"article","og_title":"Conciertos, cuentos musicales y talleres infantiles para mantener vivo el legado de Pablo Sarasate","og_url":"https:\/\/www.laguiadepamplona.com\/actualidad\/conciertos-cuentos-musicales-y-talleres-infantiles-para-mantener-vivo-el-legado-de-pablo-sarasate\/","og_site_name":"La Gu\u00eda de Pamplona","article_publisher":"https:\/\/www.facebook.com\/laguiadepamplonacom-133175176762273\/?ref=hl","article_published_time":"2019-09-18T11:17:07+00:00","og_image":[{"width":950,"height":634,"url":"https:\/\/www.laguiadepamplona.com\/actualidad\/wp-content\/uploads\/2018\/05\/palacio-condestable.jpg","type":"image\/jpeg"}],"author":"La Gu\u00eda de Pamplona","twitter_card":"summary_large_image","twitter_creator":"@LaGuiadPamplona","twitter_site":"@LaGuiadPamplona","twitter_misc":{"Escrito por":"La Gu\u00eda de Pamplona","Tiempo de lectura":"3 minutos"},"schema":{"@context":"https:\/\/schema.org","@graph":[{"@type":"Article","@id":"https:\/\/www.laguiadepamplona.com\/actualidad\/conciertos-cuentos-musicales-y-talleres-infantiles-para-mantener-vivo-el-legado-de-pablo-sarasate\/#article","isPartOf":{"@id":"https:\/\/www.laguiadepamplona.com\/actualidad\/conciertos-cuentos-musicales-y-talleres-infantiles-para-mantener-vivo-el-legado-de-pablo-sarasate\/"},"author":{"name":"La Gu\u00eda de Pamplona","@id":"https:\/\/www.laguiadepamplona.com\/actualidad\/#\/schema\/person\/efe887376f0213d4657c93adc50b1fdb"},"headline":"Conciertos, cuentos musicales y talleres infantiles para mantener vivo el legado de Pablo Sarasate","datePublished":"2019-09-18T11:17:07+00:00","mainEntityOfPage":{"@id":"https:\/\/www.laguiadepamplona.com\/actualidad\/conciertos-cuentos-musicales-y-talleres-infantiles-para-mantener-vivo-el-legado-de-pablo-sarasate\/"},"wordCount":597,"commentCount":0,"publisher":{"@id":"https:\/\/www.laguiadepamplona.com\/actualidad\/#organization"},"image":{"@id":"https:\/\/www.laguiadepamplona.com\/actualidad\/conciertos-cuentos-musicales-y-talleres-infantiles-para-mantener-vivo-el-legado-de-pablo-sarasate\/#primaryimage"},"thumbnailUrl":"https:\/\/www.laguiadepamplona.com\/actualidad\/wp-content\/uploads\/2018\/05\/palacio-condestable.jpg","articleSection":["Ayto Pamplona"],"inLanguage":"es","potentialAction":[{"@type":"CommentAction","name":"Comment","target":["https:\/\/www.laguiadepamplona.com\/actualidad\/conciertos-cuentos-musicales-y-talleres-infantiles-para-mantener-vivo-el-legado-de-pablo-sarasate\/#respond"]}]},{"@type":"WebPage","@id":"https:\/\/www.laguiadepamplona.com\/actualidad\/conciertos-cuentos-musicales-y-talleres-infantiles-para-mantener-vivo-el-legado-de-pablo-sarasate\/","url":"https:\/\/www.laguiadepamplona.com\/actualidad\/conciertos-cuentos-musicales-y-talleres-infantiles-para-mantener-vivo-el-legado-de-pablo-sarasate\/","name":"Conciertos, cuentos musicales y talleres infantiles para mantener vivo el legado de Pablo Sarasate","isPartOf":{"@id":"https:\/\/www.laguiadepamplona.com\/actualidad\/#website"},"primaryImageOfPage":{"@id":"https:\/\/www.laguiadepamplona.com\/actualidad\/conciertos-cuentos-musicales-y-talleres-infantiles-para-mantener-vivo-el-legado-de-pablo-sarasate\/#primaryimage"},"image":{"@id":"https:\/\/www.laguiadepamplona.com\/actualidad\/conciertos-cuentos-musicales-y-talleres-infantiles-para-mantener-vivo-el-legado-de-pablo-sarasate\/#primaryimage"},"thumbnailUrl":"https:\/\/www.laguiadepamplona.com\/actualidad\/wp-content\/uploads\/2018\/05\/palacio-condestable.jpg","datePublished":"2019-09-18T11:17:07+00:00","breadcrumb":{"@id":"https:\/\/www.laguiadepamplona.com\/actualidad\/conciertos-cuentos-musicales-y-talleres-infantiles-para-mantener-vivo-el-legado-de-pablo-sarasate\/#breadcrumb"},"inLanguage":"es","potentialAction":[{"@type":"ReadAction","target":["https:\/\/www.laguiadepamplona.com\/actualidad\/conciertos-cuentos-musicales-y-talleres-infantiles-para-mantener-vivo-el-legado-de-pablo-sarasate\/"]}]},{"@type":"ImageObject","inLanguage":"es","@id":"https:\/\/www.laguiadepamplona.com\/actualidad\/conciertos-cuentos-musicales-y-talleres-infantiles-para-mantener-vivo-el-legado-de-pablo-sarasate\/#primaryimage","url":"https:\/\/www.laguiadepamplona.com\/actualidad\/wp-content\/uploads\/2018\/05\/palacio-condestable.jpg","contentUrl":"https:\/\/www.laguiadepamplona.com\/actualidad\/wp-content\/uploads\/2018\/05\/palacio-condestable.jpg","width":950,"height":634,"caption":"civivox condestable"},{"@type":"BreadcrumbList","@id":"https:\/\/www.laguiadepamplona.com\/actualidad\/conciertos-cuentos-musicales-y-talleres-infantiles-para-mantener-vivo-el-legado-de-pablo-sarasate\/#breadcrumb","itemListElement":[{"@type":"ListItem","position":1,"name":"Portada","item":"https:\/\/www.laguiadepamplona.com\/actualidad\/"},{"@type":"ListItem","position":2,"name":"Conciertos, cuentos musicales y talleres infantiles para mantener vivo el legado de Pablo Sarasate"}]},{"@type":"WebSite","@id":"https:\/\/www.laguiadepamplona.com\/actualidad\/#website","url":"https:\/\/www.laguiadepamplona.com\/actualidad\/","name":"La gu\u00eda de Pamplona","description":"Noticias de Pamplona","publisher":{"@id":"https:\/\/www.laguiadepamplona.com\/actualidad\/#organization"},"potentialAction":[{"@type":"SearchAction","target":{"@type":"EntryPoint","urlTemplate":"https:\/\/www.laguiadepamplona.com\/actualidad\/?s={search_term_string}"},"query-input":{"@type":"PropertyValueSpecification","valueRequired":true,"valueName":"search_term_string"}}],"inLanguage":"es"},{"@type":"Organization","@id":"https:\/\/www.laguiadepamplona.com\/actualidad\/#organization","name":"La Gu\u00eda de Pamplona \/ Noticias","url":"https:\/\/www.laguiadepamplona.com\/actualidad\/","logo":{"@type":"ImageObject","inLanguage":"es","@id":"https:\/\/www.laguiadepamplona.com\/actualidad\/#\/schema\/logo\/image\/","url":"https:\/\/www.laguiadepamplona.com\/actualidad\/wp-content\/uploads\/2018\/11\/logo-laguiadepamplona18-web1.png","contentUrl":"https:\/\/www.laguiadepamplona.com\/actualidad\/wp-content\/uploads\/2018\/11\/logo-laguiadepamplona18-web1.png","width":600,"height":196,"caption":"La Gu\u00eda de Pamplona \/ Noticias"},"image":{"@id":"https:\/\/www.laguiadepamplona.com\/actualidad\/#\/schema\/logo\/image\/"},"sameAs":["https:\/\/www.facebook.com\/laguiadepamplonacom-133175176762273\/?ref=hl","https:\/\/x.com\/LaGuiadPamplona","https:\/\/www.instagram.com\/la_guia_de_pamplona\/","https:\/\/www.youtube.com\/user\/laguiadepamplona"]},{"@type":"Person","@id":"https:\/\/www.laguiadepamplona.com\/actualidad\/#\/schema\/person\/efe887376f0213d4657c93adc50b1fdb","name":"La Gu\u00eda de Pamplona","image":{"@type":"ImageObject","inLanguage":"es","@id":"https:\/\/secure.gravatar.com\/avatar\/b6992f131dc8d30ab0dff15446e9d346d9dbd95992de0fef795073f5ea83a81c?s=96&d=mm&r=g","url":"https:\/\/secure.gravatar.com\/avatar\/b6992f131dc8d30ab0dff15446e9d346d9dbd95992de0fef795073f5ea83a81c?s=96&d=mm&r=g","contentUrl":"https:\/\/secure.gravatar.com\/avatar\/b6992f131dc8d30ab0dff15446e9d346d9dbd95992de0fef795073f5ea83a81c?s=96&d=mm&r=g","caption":"La Gu\u00eda de Pamplona"}}]}},"post_mailing_queue_ids":[],"_links":{"self":[{"href":"https:\/\/www.laguiadepamplona.com\/actualidad\/wp-json\/wp\/v2\/posts\/24480","targetHints":{"allow":["GET"]}}],"collection":[{"href":"https:\/\/www.laguiadepamplona.com\/actualidad\/wp-json\/wp\/v2\/posts"}],"about":[{"href":"https:\/\/www.laguiadepamplona.com\/actualidad\/wp-json\/wp\/v2\/types\/post"}],"author":[{"embeddable":true,"href":"https:\/\/www.laguiadepamplona.com\/actualidad\/wp-json\/wp\/v2\/users\/1"}],"replies":[{"embeddable":true,"href":"https:\/\/www.laguiadepamplona.com\/actualidad\/wp-json\/wp\/v2\/comments?post=24480"}],"version-history":[{"count":0,"href":"https:\/\/www.laguiadepamplona.com\/actualidad\/wp-json\/wp\/v2\/posts\/24480\/revisions"}],"wp:featuredmedia":[{"embeddable":true,"href":"https:\/\/www.laguiadepamplona.com\/actualidad\/wp-json\/wp\/v2\/media\/17390"}],"wp:attachment":[{"href":"https:\/\/www.laguiadepamplona.com\/actualidad\/wp-json\/wp\/v2\/media?parent=24480"}],"wp:term":[{"taxonomy":"category","embeddable":true,"href":"https:\/\/www.laguiadepamplona.com\/actualidad\/wp-json\/wp\/v2\/categories?post=24480"},{"taxonomy":"post_tag","embeddable":true,"href":"https:\/\/www.laguiadepamplona.com\/actualidad\/wp-json\/wp\/v2\/tags?post=24480"}],"curies":[{"name":"wp","href":"https:\/\/api.w.org\/{rel}","templated":true}]}}