{"id":24459,"date":"2019-09-17T15:20:24","date_gmt":"2019-09-17T13:20:24","guid":{"rendered":"https:\/\/www.laguiadepamplona.es\/actualidad\/?p=24459"},"modified":"2019-09-17T15:20:24","modified_gmt":"2019-09-17T13:20:24","slug":"el-alcalde-pamplona-se-reune-con-las-alcaldesas-de-burlada-y-valle-de-egues-para-potenciar-actuaciones-coordinadas-y-conjuntas-en-erripagana","status":"publish","type":"post","link":"https:\/\/www.laguiadepamplona.com\/actualidad\/el-alcalde-pamplona-se-reune-con-las-alcaldesas-de-burlada-y-valle-de-egues-para-potenciar-actuaciones-coordinadas-y-conjuntas-en-erripagana\/","title":{"rendered":"El alcalde Pamplona se re\u00fane con las alcaldesas de Burlada y Valle de Eg\u00fc\u00e9s para potenciar actuaciones coordinadas y conjuntas en Erripaga\u00f1a"},"content":{"rendered":"<p><!--more--><\/p>\n<p>El alcalde de Pamplona, Enrique Maya, se ha reunido esta ma\u00f1ana en su despacho de la Casa Consistorial con las alcaldesas de Burlada y Valle de Eg\u00fc\u00e9s, Ana G\u00f3ngora y Amaya Larraya, en un primer encuentro para abordar actuaciones de forma coordinada y conjunta en Erripaga\u00f1a, barrio ubicado en cuatro t\u00e9rminos municipales. Ha excusado su presencia por motivos de agenda el alcalde de Huarte, Alfredo Arruiz.<\/p>\n<p><script async src=\"\/\/pagead2.googlesyndication.com\/pagead\/js\/adsbygoogle.js\"><\/script><br \/>\n<!-- Noticias La Guia de Pamplona --><br \/>\n<ins class=\"adsbygoogle\"\nstyle=\"display:block\"\ndata-ad-client=\"ca-pub-6943679897239327\"\ndata-ad-slot=\"7048180777\"\ndata-ad-format=\"auto\"><\/ins><br \/>\n<script>\n(adsbygoogle = window.adsbygoogle || []).push({});\n<\/script><\/p>\n<p>Este encuentro parte de las necesidades detectadas en Erripaga\u00f1a, una zona que comparten Pamplona, Burlada, Valle de Eg\u00fc\u00e9s y Huarte, cuatro administraciones que son responsables cada una de ellas de su t\u00e9rmino municipal. Se busca, por tanto, unificar los servicios en \u00e1mbitos como la seguridad ciudadana, el mantenimiento de mobiliario y zonas verdes, el acceso a recursos o la igualdad de oportunidades de los vecinos y vecinas m\u00e1s all\u00e1 del t\u00e9rmino municipal concreto en el que viven, entre otros aspectos.<\/p>\n<p>Hace unos meses Enrique Maya se reuni\u00f3 con la asociaci\u00f3n de vecinos y vecinas de Erripaga\u00f1a, donde le trasladaron esa necesidad de unificar los servicios ya que, a pesar de pertenecer seg\u00fan donde se viva a Pamplona, Burlada, Valle de Eg\u00fc\u00e9s o Huarte, conforman un solo barrio que comparte sus recursos sin tener en cuenta su ubicaci\u00f3n en un t\u00e9rmino municipal concreto.<\/p>\n","protected":false},"excerpt":{"rendered":"","protected":false},"author":1,"featured_media":24461,"comment_status":"open","ping_status":"closed","sticky":false,"template":"","format":"standard","meta":{"footnotes":""},"categories":[2],"tags":[],"class_list":["post-24459","post","type-post","status-publish","format-standard","has-post-thumbnail","hentry","category-ayuntamiento-pamplona"],"yoast_head":"<!-- This site is optimized with the Yoast SEO plugin v27.3 - https:\/\/yoast.com\/product\/yoast-seo-wordpress\/ -->\n<title>El alcalde Pamplona se re\u00fane con las alcaldesas de Burlada y Valle de Eg\u00fc\u00e9s para potenciar actuaciones coordinadas y conjuntas en Erripaga\u00f1a<\/title>\n<meta name=\"robots\" content=\"index, follow, max-snippet:-1, max-image-preview:large, max-video-preview:-1\" \/>\n<link rel=\"canonical\" href=\"https:\/\/www.laguiadepamplona.com\/actualidad\/el-alcalde-pamplona-se-reune-con-las-alcaldesas-de-burlada-y-valle-de-egues-para-potenciar-actuaciones-coordinadas-y-conjuntas-en-erripagana\/\" \/>\n<meta property=\"og:locale\" content=\"es_ES\" \/>\n<meta property=\"og:type\" content=\"article\" \/>\n<meta property=\"og:title\" content=\"El alcalde Pamplona se re\u00fane con las alcaldesas de Burlada y Valle de Eg\u00fc\u00e9s para potenciar actuaciones coordinadas y conjuntas en Erripaga\u00f1a\" \/>\n<meta property=\"og:url\" content=\"https:\/\/www.laguiadepamplona.com\/actualidad\/el-alcalde-pamplona-se-reune-con-las-alcaldesas-de-burlada-y-valle-de-egues-para-potenciar-actuaciones-coordinadas-y-conjuntas-en-erripagana\/\" \/>\n<meta property=\"og:site_name\" content=\"La Gu\u00eda de Pamplona\" \/>\n<meta property=\"article:publisher\" content=\"https:\/\/www.facebook.com\/laguiadepamplonacom-133175176762273\/?ref=hl\" \/>\n<meta property=\"article:published_time\" content=\"2019-09-17T13:20:24+00:00\" \/>\n<meta property=\"og:image\" content=\"https:\/\/www.laguiadepamplona.com\/actualidad\/wp-content\/uploads\/2019\/09\/19.09.17_reunion_erripaga\u00f1a_burlada_eg\u00fc\u00e9s.jpg\" \/>\n\t<meta property=\"og:image:width\" content=\"1900\" \/>\n\t<meta property=\"og:image:height\" content=\"1425\" \/>\n\t<meta property=\"og:image:type\" content=\"image\/jpeg\" \/>\n<meta name=\"author\" content=\"La Gu\u00eda de Pamplona\" \/>\n<meta name=\"twitter:card\" content=\"summary_large_image\" \/>\n<meta name=\"twitter:creator\" content=\"@LaGuiadPamplona\" \/>\n<meta name=\"twitter:site\" content=\"@LaGuiadPamplona\" \/>\n<meta name=\"twitter:label1\" content=\"Escrito por\" \/>\n\t<meta name=\"twitter:data1\" content=\"La Gu\u00eda de Pamplona\" \/>\n\t<meta name=\"twitter:label2\" content=\"Tiempo de lectura\" \/>\n\t<meta name=\"twitter:data2\" content=\"1 minuto\" \/>\n<script type=\"application\/ld+json\" class=\"yoast-schema-graph\">{\"@context\":\"https:\\\/\\\/schema.org\",\"@graph\":[{\"@type\":\"Article\",\"@id\":\"https:\\\/\\\/www.laguiadepamplona.com\\\/actualidad\\\/el-alcalde-pamplona-se-reune-con-las-alcaldesas-de-burlada-y-valle-de-egues-para-potenciar-actuaciones-coordinadas-y-conjuntas-en-erripagana\\\/#article\",\"isPartOf\":{\"@id\":\"https:\\\/\\\/www.laguiadepamplona.com\\\/actualidad\\\/el-alcalde-pamplona-se-reune-con-las-alcaldesas-de-burlada-y-valle-de-egues-para-potenciar-actuaciones-coordinadas-y-conjuntas-en-erripagana\\\/\"},\"author\":{\"name\":\"La Gu\u00eda de Pamplona\",\"@id\":\"https:\\\/\\\/www.laguiadepamplona.com\\\/actualidad\\\/#\\\/schema\\\/person\\\/efe887376f0213d4657c93adc50b1fdb\"},\"headline\":\"El alcalde Pamplona se re\u00fane con las alcaldesas de Burlada y Valle de Eg\u00fc\u00e9s para potenciar actuaciones coordinadas y conjuntas en Erripaga\u00f1a\",\"datePublished\":\"2019-09-17T13:20:24+00:00\",\"mainEntityOfPage\":{\"@id\":\"https:\\\/\\\/www.laguiadepamplona.com\\\/actualidad\\\/el-alcalde-pamplona-se-reune-con-las-alcaldesas-de-burlada-y-valle-de-egues-para-potenciar-actuaciones-coordinadas-y-conjuntas-en-erripagana\\\/\"},\"wordCount\":249,\"commentCount\":0,\"publisher\":{\"@id\":\"https:\\\/\\\/www.laguiadepamplona.com\\\/actualidad\\\/#organization\"},\"image\":{\"@id\":\"https:\\\/\\\/www.laguiadepamplona.com\\\/actualidad\\\/el-alcalde-pamplona-se-reune-con-las-alcaldesas-de-burlada-y-valle-de-egues-para-potenciar-actuaciones-coordinadas-y-conjuntas-en-erripagana\\\/#primaryimage\"},\"thumbnailUrl\":\"https:\\\/\\\/www.laguiadepamplona.com\\\/actualidad\\\/wp-content\\\/uploads\\\/2019\\\/09\\\/19.09.17_reunion_erripaga\u00f1a_burlada_eg\u00fc\u00e9s.jpg\",\"articleSection\":[\"Ayto Pamplona\"],\"inLanguage\":\"es\",\"potentialAction\":[{\"@type\":\"CommentAction\",\"name\":\"Comment\",\"target\":[\"https:\\\/\\\/www.laguiadepamplona.com\\\/actualidad\\\/el-alcalde-pamplona-se-reune-con-las-alcaldesas-de-burlada-y-valle-de-egues-para-potenciar-actuaciones-coordinadas-y-conjuntas-en-erripagana\\\/#respond\"]}]},{\"@type\":\"WebPage\",\"@id\":\"https:\\\/\\\/www.laguiadepamplona.com\\\/actualidad\\\/el-alcalde-pamplona-se-reune-con-las-alcaldesas-de-burlada-y-valle-de-egues-para-potenciar-actuaciones-coordinadas-y-conjuntas-en-erripagana\\\/\",\"url\":\"https:\\\/\\\/www.laguiadepamplona.com\\\/actualidad\\\/el-alcalde-pamplona-se-reune-con-las-alcaldesas-de-burlada-y-valle-de-egues-para-potenciar-actuaciones-coordinadas-y-conjuntas-en-erripagana\\\/\",\"name\":\"El alcalde Pamplona se re\u00fane con las alcaldesas de Burlada y Valle de Eg\u00fc\u00e9s para potenciar actuaciones coordinadas y conjuntas en Erripaga\u00f1a\",\"isPartOf\":{\"@id\":\"https:\\\/\\\/www.laguiadepamplona.com\\\/actualidad\\\/#website\"},\"primaryImageOfPage\":{\"@id\":\"https:\\\/\\\/www.laguiadepamplona.com\\\/actualidad\\\/el-alcalde-pamplona-se-reune-con-las-alcaldesas-de-burlada-y-valle-de-egues-para-potenciar-actuaciones-coordinadas-y-conjuntas-en-erripagana\\\/#primaryimage\"},\"image\":{\"@id\":\"https:\\\/\\\/www.laguiadepamplona.com\\\/actualidad\\\/el-alcalde-pamplona-se-reune-con-las-alcaldesas-de-burlada-y-valle-de-egues-para-potenciar-actuaciones-coordinadas-y-conjuntas-en-erripagana\\\/#primaryimage\"},\"thumbnailUrl\":\"https:\\\/\\\/www.laguiadepamplona.com\\\/actualidad\\\/wp-content\\\/uploads\\\/2019\\\/09\\\/19.09.17_reunion_erripaga\u00f1a_burlada_eg\u00fc\u00e9s.jpg\",\"datePublished\":\"2019-09-17T13:20:24+00:00\",\"breadcrumb\":{\"@id\":\"https:\\\/\\\/www.laguiadepamplona.com\\\/actualidad\\\/el-alcalde-pamplona-se-reune-con-las-alcaldesas-de-burlada-y-valle-de-egues-para-potenciar-actuaciones-coordinadas-y-conjuntas-en-erripagana\\\/#breadcrumb\"},\"inLanguage\":\"es\",\"potentialAction\":[{\"@type\":\"ReadAction\",\"target\":[\"https:\\\/\\\/www.laguiadepamplona.com\\\/actualidad\\\/el-alcalde-pamplona-se-reune-con-las-alcaldesas-de-burlada-y-valle-de-egues-para-potenciar-actuaciones-coordinadas-y-conjuntas-en-erripagana\\\/\"]}]},{\"@type\":\"ImageObject\",\"inLanguage\":\"es\",\"@id\":\"https:\\\/\\\/www.laguiadepamplona.com\\\/actualidad\\\/el-alcalde-pamplona-se-reune-con-las-alcaldesas-de-burlada-y-valle-de-egues-para-potenciar-actuaciones-coordinadas-y-conjuntas-en-erripagana\\\/#primaryimage\",\"url\":\"https:\\\/\\\/www.laguiadepamplona.com\\\/actualidad\\\/wp-content\\\/uploads\\\/2019\\\/09\\\/19.09.17_reunion_erripaga\u00f1a_burlada_eg\u00fc\u00e9s.jpg\",\"contentUrl\":\"https:\\\/\\\/www.laguiadepamplona.com\\\/actualidad\\\/wp-content\\\/uploads\\\/2019\\\/09\\\/19.09.17_reunion_erripaga\u00f1a_burlada_eg\u00fc\u00e9s.jpg\",\"width\":1900,\"height\":1425},{\"@type\":\"BreadcrumbList\",\"@id\":\"https:\\\/\\\/www.laguiadepamplona.com\\\/actualidad\\\/el-alcalde-pamplona-se-reune-con-las-alcaldesas-de-burlada-y-valle-de-egues-para-potenciar-actuaciones-coordinadas-y-conjuntas-en-erripagana\\\/#breadcrumb\",\"itemListElement\":[{\"@type\":\"ListItem\",\"position\":1,\"name\":\"Portada\",\"item\":\"https:\\\/\\\/www.laguiadepamplona.com\\\/actualidad\\\/\"},{\"@type\":\"ListItem\",\"position\":2,\"name\":\"El alcalde Pamplona se re\u00fane con las alcaldesas de Burlada y Valle de Eg\u00fc\u00e9s para potenciar actuaciones coordinadas y conjuntas en Erripaga\u00f1a\"}]},{\"@type\":\"WebSite\",\"@id\":\"https:\\\/\\\/www.laguiadepamplona.com\\\/actualidad\\\/#website\",\"url\":\"https:\\\/\\\/www.laguiadepamplona.com\\\/actualidad\\\/\",\"name\":\"La gu\u00eda de Pamplona\",\"description\":\"Noticias de Pamplona\",\"publisher\":{\"@id\":\"https:\\\/\\\/www.laguiadepamplona.com\\\/actualidad\\\/#organization\"},\"potentialAction\":[{\"@type\":\"SearchAction\",\"target\":{\"@type\":\"EntryPoint\",\"urlTemplate\":\"https:\\\/\\\/www.laguiadepamplona.com\\\/actualidad\\\/?s={search_term_string}\"},\"query-input\":{\"@type\":\"PropertyValueSpecification\",\"valueRequired\":true,\"valueName\":\"search_term_string\"}}],\"inLanguage\":\"es\"},{\"@type\":\"Organization\",\"@id\":\"https:\\\/\\\/www.laguiadepamplona.com\\\/actualidad\\\/#organization\",\"name\":\"La Gu\u00eda de Pamplona \\\/ Noticias\",\"url\":\"https:\\\/\\\/www.laguiadepamplona.com\\\/actualidad\\\/\",\"logo\":{\"@type\":\"ImageObject\",\"inLanguage\":\"es\",\"@id\":\"https:\\\/\\\/www.laguiadepamplona.com\\\/actualidad\\\/#\\\/schema\\\/logo\\\/image\\\/\",\"url\":\"https:\\\/\\\/www.laguiadepamplona.com\\\/actualidad\\\/wp-content\\\/uploads\\\/2018\\\/11\\\/logo-laguiadepamplona18-web1.png\",\"contentUrl\":\"https:\\\/\\\/www.laguiadepamplona.com\\\/actualidad\\\/wp-content\\\/uploads\\\/2018\\\/11\\\/logo-laguiadepamplona18-web1.png\",\"width\":600,\"height\":196,\"caption\":\"La Gu\u00eda de Pamplona \\\/ Noticias\"},\"image\":{\"@id\":\"https:\\\/\\\/www.laguiadepamplona.com\\\/actualidad\\\/#\\\/schema\\\/logo\\\/image\\\/\"},\"sameAs\":[\"https:\\\/\\\/www.facebook.com\\\/laguiadepamplonacom-133175176762273\\\/?ref=hl\",\"https:\\\/\\\/x.com\\\/LaGuiadPamplona\",\"https:\\\/\\\/www.instagram.com\\\/la_guia_de_pamplona\\\/\",\"https:\\\/\\\/www.youtube.com\\\/user\\\/laguiadepamplona\"]},{\"@type\":\"Person\",\"@id\":\"https:\\\/\\\/www.laguiadepamplona.com\\\/actualidad\\\/#\\\/schema\\\/person\\\/efe887376f0213d4657c93adc50b1fdb\",\"name\":\"La Gu\u00eda de Pamplona\",\"image\":{\"@type\":\"ImageObject\",\"inLanguage\":\"es\",\"@id\":\"https:\\\/\\\/secure.gravatar.com\\\/avatar\\\/b6992f131dc8d30ab0dff15446e9d346d9dbd95992de0fef795073f5ea83a81c?s=96&d=mm&r=g\",\"url\":\"https:\\\/\\\/secure.gravatar.com\\\/avatar\\\/b6992f131dc8d30ab0dff15446e9d346d9dbd95992de0fef795073f5ea83a81c?s=96&d=mm&r=g\",\"contentUrl\":\"https:\\\/\\\/secure.gravatar.com\\\/avatar\\\/b6992f131dc8d30ab0dff15446e9d346d9dbd95992de0fef795073f5ea83a81c?s=96&d=mm&r=g\",\"caption\":\"La Gu\u00eda de Pamplona\"}}]}<\/script>\n<!-- \/ Yoast SEO plugin. -->","yoast_head_json":{"title":"El alcalde Pamplona se re\u00fane con las alcaldesas de Burlada y Valle de Eg\u00fc\u00e9s para potenciar actuaciones coordinadas y conjuntas en Erripaga\u00f1a","robots":{"index":"index","follow":"follow","max-snippet":"max-snippet:-1","max-image-preview":"max-image-preview:large","max-video-preview":"max-video-preview:-1"},"canonical":"https:\/\/www.laguiadepamplona.com\/actualidad\/el-alcalde-pamplona-se-reune-con-las-alcaldesas-de-burlada-y-valle-de-egues-para-potenciar-actuaciones-coordinadas-y-conjuntas-en-erripagana\/","og_locale":"es_ES","og_type":"article","og_title":"El alcalde Pamplona se re\u00fane con las alcaldesas de Burlada y Valle de Eg\u00fc\u00e9s para potenciar actuaciones coordinadas y conjuntas en Erripaga\u00f1a","og_url":"https:\/\/www.laguiadepamplona.com\/actualidad\/el-alcalde-pamplona-se-reune-con-las-alcaldesas-de-burlada-y-valle-de-egues-para-potenciar-actuaciones-coordinadas-y-conjuntas-en-erripagana\/","og_site_name":"La Gu\u00eda de Pamplona","article_publisher":"https:\/\/www.facebook.com\/laguiadepamplonacom-133175176762273\/?ref=hl","article_published_time":"2019-09-17T13:20:24+00:00","og_image":[{"width":1900,"height":1425,"url":"https:\/\/www.laguiadepamplona.com\/actualidad\/wp-content\/uploads\/2019\/09\/19.09.17_reunion_erripaga\u00f1a_burlada_eg\u00fc\u00e9s.jpg","type":"image\/jpeg"}],"author":"La Gu\u00eda de Pamplona","twitter_card":"summary_large_image","twitter_creator":"@LaGuiadPamplona","twitter_site":"@LaGuiadPamplona","twitter_misc":{"Escrito por":"La Gu\u00eda de Pamplona","Tiempo de lectura":"1 minuto"},"schema":{"@context":"https:\/\/schema.org","@graph":[{"@type":"Article","@id":"https:\/\/www.laguiadepamplona.com\/actualidad\/el-alcalde-pamplona-se-reune-con-las-alcaldesas-de-burlada-y-valle-de-egues-para-potenciar-actuaciones-coordinadas-y-conjuntas-en-erripagana\/#article","isPartOf":{"@id":"https:\/\/www.laguiadepamplona.com\/actualidad\/el-alcalde-pamplona-se-reune-con-las-alcaldesas-de-burlada-y-valle-de-egues-para-potenciar-actuaciones-coordinadas-y-conjuntas-en-erripagana\/"},"author":{"name":"La Gu\u00eda de Pamplona","@id":"https:\/\/www.laguiadepamplona.com\/actualidad\/#\/schema\/person\/efe887376f0213d4657c93adc50b1fdb"},"headline":"El alcalde Pamplona se re\u00fane con las alcaldesas de Burlada y Valle de Eg\u00fc\u00e9s para potenciar actuaciones coordinadas y conjuntas en Erripaga\u00f1a","datePublished":"2019-09-17T13:20:24+00:00","mainEntityOfPage":{"@id":"https:\/\/www.laguiadepamplona.com\/actualidad\/el-alcalde-pamplona-se-reune-con-las-alcaldesas-de-burlada-y-valle-de-egues-para-potenciar-actuaciones-coordinadas-y-conjuntas-en-erripagana\/"},"wordCount":249,"commentCount":0,"publisher":{"@id":"https:\/\/www.laguiadepamplona.com\/actualidad\/#organization"},"image":{"@id":"https:\/\/www.laguiadepamplona.com\/actualidad\/el-alcalde-pamplona-se-reune-con-las-alcaldesas-de-burlada-y-valle-de-egues-para-potenciar-actuaciones-coordinadas-y-conjuntas-en-erripagana\/#primaryimage"},"thumbnailUrl":"https:\/\/www.laguiadepamplona.com\/actualidad\/wp-content\/uploads\/2019\/09\/19.09.17_reunion_erripaga\u00f1a_burlada_eg\u00fc\u00e9s.jpg","articleSection":["Ayto Pamplona"],"inLanguage":"es","potentialAction":[{"@type":"CommentAction","name":"Comment","target":["https:\/\/www.laguiadepamplona.com\/actualidad\/el-alcalde-pamplona-se-reune-con-las-alcaldesas-de-burlada-y-valle-de-egues-para-potenciar-actuaciones-coordinadas-y-conjuntas-en-erripagana\/#respond"]}]},{"@type":"WebPage","@id":"https:\/\/www.laguiadepamplona.com\/actualidad\/el-alcalde-pamplona-se-reune-con-las-alcaldesas-de-burlada-y-valle-de-egues-para-potenciar-actuaciones-coordinadas-y-conjuntas-en-erripagana\/","url":"https:\/\/www.laguiadepamplona.com\/actualidad\/el-alcalde-pamplona-se-reune-con-las-alcaldesas-de-burlada-y-valle-de-egues-para-potenciar-actuaciones-coordinadas-y-conjuntas-en-erripagana\/","name":"El alcalde Pamplona se re\u00fane con las alcaldesas de Burlada y Valle de Eg\u00fc\u00e9s para potenciar actuaciones coordinadas y conjuntas en Erripaga\u00f1a","isPartOf":{"@id":"https:\/\/www.laguiadepamplona.com\/actualidad\/#website"},"primaryImageOfPage":{"@id":"https:\/\/www.laguiadepamplona.com\/actualidad\/el-alcalde-pamplona-se-reune-con-las-alcaldesas-de-burlada-y-valle-de-egues-para-potenciar-actuaciones-coordinadas-y-conjuntas-en-erripagana\/#primaryimage"},"image":{"@id":"https:\/\/www.laguiadepamplona.com\/actualidad\/el-alcalde-pamplona-se-reune-con-las-alcaldesas-de-burlada-y-valle-de-egues-para-potenciar-actuaciones-coordinadas-y-conjuntas-en-erripagana\/#primaryimage"},"thumbnailUrl":"https:\/\/www.laguiadepamplona.com\/actualidad\/wp-content\/uploads\/2019\/09\/19.09.17_reunion_erripaga\u00f1a_burlada_eg\u00fc\u00e9s.jpg","datePublished":"2019-09-17T13:20:24+00:00","breadcrumb":{"@id":"https:\/\/www.laguiadepamplona.com\/actualidad\/el-alcalde-pamplona-se-reune-con-las-alcaldesas-de-burlada-y-valle-de-egues-para-potenciar-actuaciones-coordinadas-y-conjuntas-en-erripagana\/#breadcrumb"},"inLanguage":"es","potentialAction":[{"@type":"ReadAction","target":["https:\/\/www.laguiadepamplona.com\/actualidad\/el-alcalde-pamplona-se-reune-con-las-alcaldesas-de-burlada-y-valle-de-egues-para-potenciar-actuaciones-coordinadas-y-conjuntas-en-erripagana\/"]}]},{"@type":"ImageObject","inLanguage":"es","@id":"https:\/\/www.laguiadepamplona.com\/actualidad\/el-alcalde-pamplona-se-reune-con-las-alcaldesas-de-burlada-y-valle-de-egues-para-potenciar-actuaciones-coordinadas-y-conjuntas-en-erripagana\/#primaryimage","url":"https:\/\/www.laguiadepamplona.com\/actualidad\/wp-content\/uploads\/2019\/09\/19.09.17_reunion_erripaga\u00f1a_burlada_eg\u00fc\u00e9s.jpg","contentUrl":"https:\/\/www.laguiadepamplona.com\/actualidad\/wp-content\/uploads\/2019\/09\/19.09.17_reunion_erripaga\u00f1a_burlada_eg\u00fc\u00e9s.jpg","width":1900,"height":1425},{"@type":"BreadcrumbList","@id":"https:\/\/www.laguiadepamplona.com\/actualidad\/el-alcalde-pamplona-se-reune-con-las-alcaldesas-de-burlada-y-valle-de-egues-para-potenciar-actuaciones-coordinadas-y-conjuntas-en-erripagana\/#breadcrumb","itemListElement":[{"@type":"ListItem","position":1,"name":"Portada","item":"https:\/\/www.laguiadepamplona.com\/actualidad\/"},{"@type":"ListItem","position":2,"name":"El alcalde Pamplona se re\u00fane con las alcaldesas de Burlada y Valle de Eg\u00fc\u00e9s para potenciar actuaciones coordinadas y conjuntas en Erripaga\u00f1a"}]},{"@type":"WebSite","@id":"https:\/\/www.laguiadepamplona.com\/actualidad\/#website","url":"https:\/\/www.laguiadepamplona.com\/actualidad\/","name":"La gu\u00eda de Pamplona","description":"Noticias de Pamplona","publisher":{"@id":"https:\/\/www.laguiadepamplona.com\/actualidad\/#organization"},"potentialAction":[{"@type":"SearchAction","target":{"@type":"EntryPoint","urlTemplate":"https:\/\/www.laguiadepamplona.com\/actualidad\/?s={search_term_string}"},"query-input":{"@type":"PropertyValueSpecification","valueRequired":true,"valueName":"search_term_string"}}],"inLanguage":"es"},{"@type":"Organization","@id":"https:\/\/www.laguiadepamplona.com\/actualidad\/#organization","name":"La Gu\u00eda de Pamplona \/ Noticias","url":"https:\/\/www.laguiadepamplona.com\/actualidad\/","logo":{"@type":"ImageObject","inLanguage":"es","@id":"https:\/\/www.laguiadepamplona.com\/actualidad\/#\/schema\/logo\/image\/","url":"https:\/\/www.laguiadepamplona.com\/actualidad\/wp-content\/uploads\/2018\/11\/logo-laguiadepamplona18-web1.png","contentUrl":"https:\/\/www.laguiadepamplona.com\/actualidad\/wp-content\/uploads\/2018\/11\/logo-laguiadepamplona18-web1.png","width":600,"height":196,"caption":"La Gu\u00eda de Pamplona \/ Noticias"},"image":{"@id":"https:\/\/www.laguiadepamplona.com\/actualidad\/#\/schema\/logo\/image\/"},"sameAs":["https:\/\/www.facebook.com\/laguiadepamplonacom-133175176762273\/?ref=hl","https:\/\/x.com\/LaGuiadPamplona","https:\/\/www.instagram.com\/la_guia_de_pamplona\/","https:\/\/www.youtube.com\/user\/laguiadepamplona"]},{"@type":"Person","@id":"https:\/\/www.laguiadepamplona.com\/actualidad\/#\/schema\/person\/efe887376f0213d4657c93adc50b1fdb","name":"La Gu\u00eda de Pamplona","image":{"@type":"ImageObject","inLanguage":"es","@id":"https:\/\/secure.gravatar.com\/avatar\/b6992f131dc8d30ab0dff15446e9d346d9dbd95992de0fef795073f5ea83a81c?s=96&d=mm&r=g","url":"https:\/\/secure.gravatar.com\/avatar\/b6992f131dc8d30ab0dff15446e9d346d9dbd95992de0fef795073f5ea83a81c?s=96&d=mm&r=g","contentUrl":"https:\/\/secure.gravatar.com\/avatar\/b6992f131dc8d30ab0dff15446e9d346d9dbd95992de0fef795073f5ea83a81c?s=96&d=mm&r=g","caption":"La Gu\u00eda de Pamplona"}}]}},"post_mailing_queue_ids":[],"_links":{"self":[{"href":"https:\/\/www.laguiadepamplona.com\/actualidad\/wp-json\/wp\/v2\/posts\/24459","targetHints":{"allow":["GET"]}}],"collection":[{"href":"https:\/\/www.laguiadepamplona.com\/actualidad\/wp-json\/wp\/v2\/posts"}],"about":[{"href":"https:\/\/www.laguiadepamplona.com\/actualidad\/wp-json\/wp\/v2\/types\/post"}],"author":[{"embeddable":true,"href":"https:\/\/www.laguiadepamplona.com\/actualidad\/wp-json\/wp\/v2\/users\/1"}],"replies":[{"embeddable":true,"href":"https:\/\/www.laguiadepamplona.com\/actualidad\/wp-json\/wp\/v2\/comments?post=24459"}],"version-history":[{"count":0,"href":"https:\/\/www.laguiadepamplona.com\/actualidad\/wp-json\/wp\/v2\/posts\/24459\/revisions"}],"wp:featuredmedia":[{"embeddable":true,"href":"https:\/\/www.laguiadepamplona.com\/actualidad\/wp-json\/wp\/v2\/media\/24461"}],"wp:attachment":[{"href":"https:\/\/www.laguiadepamplona.com\/actualidad\/wp-json\/wp\/v2\/media?parent=24459"}],"wp:term":[{"taxonomy":"category","embeddable":true,"href":"https:\/\/www.laguiadepamplona.com\/actualidad\/wp-json\/wp\/v2\/categories?post=24459"},{"taxonomy":"post_tag","embeddable":true,"href":"https:\/\/www.laguiadepamplona.com\/actualidad\/wp-json\/wp\/v2\/tags?post=24459"}],"curies":[{"name":"wp","href":"https:\/\/api.w.org\/{rel}","templated":true}]}}