{"id":24453,"date":"2019-09-17T15:17:47","date_gmt":"2019-09-17T13:17:47","guid":{"rendered":"https:\/\/www.laguiadepamplona.es\/actualidad\/?p=24453"},"modified":"2019-09-17T15:18:06","modified_gmt":"2019-09-17T13:18:06","slug":"aprobada-una-declaracion-para-instar-al-ayuntamiento-a-que-se-extienda-a-todos-los-barrios-de-la-ciudad-el-pacto-por-la-persona-mayor","status":"publish","type":"post","link":"https:\/\/www.laguiadepamplona.com\/actualidad\/aprobada-una-declaracion-para-instar-al-ayuntamiento-a-que-se-extienda-a-todos-los-barrios-de-la-ciudad-el-pacto-por-la-persona-mayor\/","title":{"rendered":"Aprobada una declaraci\u00f3n para instar al Ayuntamiento a que se extienda a todos los barrios de la ciudad el Pacto por la Persona Mayor"},"content":{"rendered":"<p><!--more--><\/p>\n<p>La Comisi\u00f3n de Asuntos Ciudadanas del Ayuntamiento de Pamplona ha aprobado una declaraci\u00f3n presentada por el grupo municipal de EH Bildu para que se ampl\u00ede el Pacto por las Personas Mayores de San Juan al resto de barrios. En concreto, en un primer punto, la declaraci\u00f3n acuerda \u201cinstar al Ayuntamiento a que realice las gestiones necesarias para intentar que se extienda a todos los barrios de la ciudad el Pacto por la Persona Mayor, estableciendo marcos de colaboraci\u00f3n entre instituciones, entidades y organizaciones de la tercera edad\u201d.<\/p>\n<p><script async src=\"\/\/pagead2.googlesyndication.com\/pagead\/js\/adsbygoogle.js\"><\/script><br \/>\n<!-- Noticias La Guia de Pamplona --><br \/>\n<ins class=\"adsbygoogle\"\nstyle=\"display:block\"\ndata-ad-client=\"ca-pub-6943679897239327\"\ndata-ad-slot=\"7048180777\"\ndata-ad-format=\"auto\"><\/ins><br \/>\n<script>\n(adsbygoogle = window.adsbygoogle || []).push({});\n<\/script><\/p>\n<p>En un segundo punto, el texto aprobado pide \u201cque se dote al Pacto por el Mayor de San Juan de partida presupuestaria\u201d. La declaraci\u00f3n se ha aprobado con 6 votos a favor (EH Bildu, Socialistas de Pamplona y Geroa Bai) y 5 abstenciones (Navarra Suma).<\/p>\n<p>&nbsp;<\/p>\n<p><a href=\"https:\/\/www.laguiadepamplona.es\/actualidad\/wp-content\/uploads\/2019\/09\/19.09.17_CMC_declaracion_bildu_pacto_personas_mayores.pdf\" target=\"_blank\" rel=\"noopener noreferrer\"><i class=\"fa fa-file-pdf-o \" ><\/i>Declaracion_bildu_pacto_personas_mayores.pdf<\/a><\/p>\n","protected":false},"excerpt":{"rendered":"","protected":false},"author":1,"featured_media":21939,"comment_status":"open","ping_status":"closed","sticky":false,"template":"","format":"standard","meta":{"footnotes":""},"categories":[2],"tags":[],"class_list":["post-24453","post","type-post","status-publish","format-standard","has-post-thumbnail","hentry","category-ayuntamiento-pamplona"],"yoast_head":"<!-- This site is optimized with the Yoast SEO plugin v27.3 - https:\/\/yoast.com\/product\/yoast-seo-wordpress\/ -->\n<title>Aprobada una declaraci\u00f3n para instar al Ayuntamiento a que se extienda a todos los barrios de la ciudad el Pacto por la Persona Mayor<\/title>\n<meta name=\"robots\" content=\"index, follow, max-snippet:-1, max-image-preview:large, max-video-preview:-1\" \/>\n<link rel=\"canonical\" href=\"https:\/\/www.laguiadepamplona.com\/actualidad\/aprobada-una-declaracion-para-instar-al-ayuntamiento-a-que-se-extienda-a-todos-los-barrios-de-la-ciudad-el-pacto-por-la-persona-mayor\/\" \/>\n<meta property=\"og:locale\" content=\"es_ES\" \/>\n<meta property=\"og:type\" content=\"article\" \/>\n<meta property=\"og:title\" content=\"Aprobada una declaraci\u00f3n para instar al Ayuntamiento a que se extienda a todos los barrios de la ciudad el Pacto por la Persona Mayor\" \/>\n<meta property=\"og:url\" content=\"https:\/\/www.laguiadepamplona.com\/actualidad\/aprobada-una-declaracion-para-instar-al-ayuntamiento-a-que-se-extienda-a-todos-los-barrios-de-la-ciudad-el-pacto-por-la-persona-mayor\/\" \/>\n<meta property=\"og:site_name\" content=\"La Gu\u00eda de Pamplona\" \/>\n<meta property=\"article:publisher\" content=\"https:\/\/www.facebook.com\/laguiadepamplonacom-133175176762273\/?ref=hl\" \/>\n<meta property=\"article:published_time\" content=\"2019-09-17T13:17:47+00:00\" \/>\n<meta property=\"article:modified_time\" content=\"2019-09-17T13:18:06+00:00\" \/>\n<meta property=\"og:image\" content=\"https:\/\/www.laguiadepamplona.com\/actualidad\/wp-content\/uploads\/2019\/05\/ayuntamiento-pamplona-laguiadepamplona.jpg\" \/>\n\t<meta property=\"og:image:width\" content=\"1920\" \/>\n\t<meta property=\"og:image:height\" content=\"1100\" \/>\n\t<meta property=\"og:image:type\" content=\"image\/jpeg\" \/>\n<meta name=\"author\" content=\"La Gu\u00eda de Pamplona\" \/>\n<meta name=\"twitter:card\" content=\"summary_large_image\" \/>\n<meta name=\"twitter:creator\" content=\"@LaGuiadPamplona\" \/>\n<meta name=\"twitter:site\" content=\"@LaGuiadPamplona\" \/>\n<meta name=\"twitter:label1\" content=\"Escrito por\" \/>\n\t<meta name=\"twitter:data1\" content=\"La Gu\u00eda de Pamplona\" \/>\n\t<meta name=\"twitter:label2\" content=\"Tiempo de lectura\" \/>\n\t<meta name=\"twitter:data2\" content=\"1 minuto\" \/>\n<script type=\"application\/ld+json\" class=\"yoast-schema-graph\">{\"@context\":\"https:\\\/\\\/schema.org\",\"@graph\":[{\"@type\":\"Article\",\"@id\":\"https:\\\/\\\/www.laguiadepamplona.com\\\/actualidad\\\/aprobada-una-declaracion-para-instar-al-ayuntamiento-a-que-se-extienda-a-todos-los-barrios-de-la-ciudad-el-pacto-por-la-persona-mayor\\\/#article\",\"isPartOf\":{\"@id\":\"https:\\\/\\\/www.laguiadepamplona.com\\\/actualidad\\\/aprobada-una-declaracion-para-instar-al-ayuntamiento-a-que-se-extienda-a-todos-los-barrios-de-la-ciudad-el-pacto-por-la-persona-mayor\\\/\"},\"author\":{\"name\":\"La Gu\u00eda de Pamplona\",\"@id\":\"https:\\\/\\\/www.laguiadepamplona.com\\\/actualidad\\\/#\\\/schema\\\/person\\\/efe887376f0213d4657c93adc50b1fdb\"},\"headline\":\"Aprobada una declaraci\u00f3n para instar al Ayuntamiento a que se extienda a todos los barrios de la ciudad el Pacto por la Persona Mayor\",\"datePublished\":\"2019-09-17T13:17:47+00:00\",\"dateModified\":\"2019-09-17T13:18:06+00:00\",\"mainEntityOfPage\":{\"@id\":\"https:\\\/\\\/www.laguiadepamplona.com\\\/actualidad\\\/aprobada-una-declaracion-para-instar-al-ayuntamiento-a-que-se-extienda-a-todos-los-barrios-de-la-ciudad-el-pacto-por-la-persona-mayor\\\/\"},\"wordCount\":174,\"commentCount\":0,\"publisher\":{\"@id\":\"https:\\\/\\\/www.laguiadepamplona.com\\\/actualidad\\\/#organization\"},\"image\":{\"@id\":\"https:\\\/\\\/www.laguiadepamplona.com\\\/actualidad\\\/aprobada-una-declaracion-para-instar-al-ayuntamiento-a-que-se-extienda-a-todos-los-barrios-de-la-ciudad-el-pacto-por-la-persona-mayor\\\/#primaryimage\"},\"thumbnailUrl\":\"https:\\\/\\\/www.laguiadepamplona.com\\\/actualidad\\\/wp-content\\\/uploads\\\/2019\\\/05\\\/ayuntamiento-pamplona-laguiadepamplona.jpg\",\"articleSection\":[\"Ayto Pamplona\"],\"inLanguage\":\"es\",\"potentialAction\":[{\"@type\":\"CommentAction\",\"name\":\"Comment\",\"target\":[\"https:\\\/\\\/www.laguiadepamplona.com\\\/actualidad\\\/aprobada-una-declaracion-para-instar-al-ayuntamiento-a-que-se-extienda-a-todos-los-barrios-de-la-ciudad-el-pacto-por-la-persona-mayor\\\/#respond\"]}]},{\"@type\":\"WebPage\",\"@id\":\"https:\\\/\\\/www.laguiadepamplona.com\\\/actualidad\\\/aprobada-una-declaracion-para-instar-al-ayuntamiento-a-que-se-extienda-a-todos-los-barrios-de-la-ciudad-el-pacto-por-la-persona-mayor\\\/\",\"url\":\"https:\\\/\\\/www.laguiadepamplona.com\\\/actualidad\\\/aprobada-una-declaracion-para-instar-al-ayuntamiento-a-que-se-extienda-a-todos-los-barrios-de-la-ciudad-el-pacto-por-la-persona-mayor\\\/\",\"name\":\"Aprobada una declaraci\u00f3n para instar al Ayuntamiento a que se extienda a todos los barrios de la ciudad el Pacto por la Persona Mayor\",\"isPartOf\":{\"@id\":\"https:\\\/\\\/www.laguiadepamplona.com\\\/actualidad\\\/#website\"},\"primaryImageOfPage\":{\"@id\":\"https:\\\/\\\/www.laguiadepamplona.com\\\/actualidad\\\/aprobada-una-declaracion-para-instar-al-ayuntamiento-a-que-se-extienda-a-todos-los-barrios-de-la-ciudad-el-pacto-por-la-persona-mayor\\\/#primaryimage\"},\"image\":{\"@id\":\"https:\\\/\\\/www.laguiadepamplona.com\\\/actualidad\\\/aprobada-una-declaracion-para-instar-al-ayuntamiento-a-que-se-extienda-a-todos-los-barrios-de-la-ciudad-el-pacto-por-la-persona-mayor\\\/#primaryimage\"},\"thumbnailUrl\":\"https:\\\/\\\/www.laguiadepamplona.com\\\/actualidad\\\/wp-content\\\/uploads\\\/2019\\\/05\\\/ayuntamiento-pamplona-laguiadepamplona.jpg\",\"datePublished\":\"2019-09-17T13:17:47+00:00\",\"dateModified\":\"2019-09-17T13:18:06+00:00\",\"breadcrumb\":{\"@id\":\"https:\\\/\\\/www.laguiadepamplona.com\\\/actualidad\\\/aprobada-una-declaracion-para-instar-al-ayuntamiento-a-que-se-extienda-a-todos-los-barrios-de-la-ciudad-el-pacto-por-la-persona-mayor\\\/#breadcrumb\"},\"inLanguage\":\"es\",\"potentialAction\":[{\"@type\":\"ReadAction\",\"target\":[\"https:\\\/\\\/www.laguiadepamplona.com\\\/actualidad\\\/aprobada-una-declaracion-para-instar-al-ayuntamiento-a-que-se-extienda-a-todos-los-barrios-de-la-ciudad-el-pacto-por-la-persona-mayor\\\/\"]}]},{\"@type\":\"ImageObject\",\"inLanguage\":\"es\",\"@id\":\"https:\\\/\\\/www.laguiadepamplona.com\\\/actualidad\\\/aprobada-una-declaracion-para-instar-al-ayuntamiento-a-que-se-extienda-a-todos-los-barrios-de-la-ciudad-el-pacto-por-la-persona-mayor\\\/#primaryimage\",\"url\":\"https:\\\/\\\/www.laguiadepamplona.com\\\/actualidad\\\/wp-content\\\/uploads\\\/2019\\\/05\\\/ayuntamiento-pamplona-laguiadepamplona.jpg\",\"contentUrl\":\"https:\\\/\\\/www.laguiadepamplona.com\\\/actualidad\\\/wp-content\\\/uploads\\\/2019\\\/05\\\/ayuntamiento-pamplona-laguiadepamplona.jpg\",\"width\":1920,\"height\":1100},{\"@type\":\"BreadcrumbList\",\"@id\":\"https:\\\/\\\/www.laguiadepamplona.com\\\/actualidad\\\/aprobada-una-declaracion-para-instar-al-ayuntamiento-a-que-se-extienda-a-todos-los-barrios-de-la-ciudad-el-pacto-por-la-persona-mayor\\\/#breadcrumb\",\"itemListElement\":[{\"@type\":\"ListItem\",\"position\":1,\"name\":\"Portada\",\"item\":\"https:\\\/\\\/www.laguiadepamplona.com\\\/actualidad\\\/\"},{\"@type\":\"ListItem\",\"position\":2,\"name\":\"Aprobada una declaraci\u00f3n para instar al Ayuntamiento a que se extienda a todos los barrios de la ciudad el Pacto por la Persona Mayor\"}]},{\"@type\":\"WebSite\",\"@id\":\"https:\\\/\\\/www.laguiadepamplona.com\\\/actualidad\\\/#website\",\"url\":\"https:\\\/\\\/www.laguiadepamplona.com\\\/actualidad\\\/\",\"name\":\"La gu\u00eda de Pamplona\",\"description\":\"Noticias de Pamplona\",\"publisher\":{\"@id\":\"https:\\\/\\\/www.laguiadepamplona.com\\\/actualidad\\\/#organization\"},\"potentialAction\":[{\"@type\":\"SearchAction\",\"target\":{\"@type\":\"EntryPoint\",\"urlTemplate\":\"https:\\\/\\\/www.laguiadepamplona.com\\\/actualidad\\\/?s={search_term_string}\"},\"query-input\":{\"@type\":\"PropertyValueSpecification\",\"valueRequired\":true,\"valueName\":\"search_term_string\"}}],\"inLanguage\":\"es\"},{\"@type\":\"Organization\",\"@id\":\"https:\\\/\\\/www.laguiadepamplona.com\\\/actualidad\\\/#organization\",\"name\":\"La Gu\u00eda de Pamplona \\\/ Noticias\",\"url\":\"https:\\\/\\\/www.laguiadepamplona.com\\\/actualidad\\\/\",\"logo\":{\"@type\":\"ImageObject\",\"inLanguage\":\"es\",\"@id\":\"https:\\\/\\\/www.laguiadepamplona.com\\\/actualidad\\\/#\\\/schema\\\/logo\\\/image\\\/\",\"url\":\"https:\\\/\\\/www.laguiadepamplona.com\\\/actualidad\\\/wp-content\\\/uploads\\\/2018\\\/11\\\/logo-laguiadepamplona18-web1.png\",\"contentUrl\":\"https:\\\/\\\/www.laguiadepamplona.com\\\/actualidad\\\/wp-content\\\/uploads\\\/2018\\\/11\\\/logo-laguiadepamplona18-web1.png\",\"width\":600,\"height\":196,\"caption\":\"La Gu\u00eda de Pamplona \\\/ Noticias\"},\"image\":{\"@id\":\"https:\\\/\\\/www.laguiadepamplona.com\\\/actualidad\\\/#\\\/schema\\\/logo\\\/image\\\/\"},\"sameAs\":[\"https:\\\/\\\/www.facebook.com\\\/laguiadepamplonacom-133175176762273\\\/?ref=hl\",\"https:\\\/\\\/x.com\\\/LaGuiadPamplona\",\"https:\\\/\\\/www.instagram.com\\\/la_guia_de_pamplona\\\/\",\"https:\\\/\\\/www.youtube.com\\\/user\\\/laguiadepamplona\"]},{\"@type\":\"Person\",\"@id\":\"https:\\\/\\\/www.laguiadepamplona.com\\\/actualidad\\\/#\\\/schema\\\/person\\\/efe887376f0213d4657c93adc50b1fdb\",\"name\":\"La Gu\u00eda de Pamplona\",\"image\":{\"@type\":\"ImageObject\",\"inLanguage\":\"es\",\"@id\":\"https:\\\/\\\/secure.gravatar.com\\\/avatar\\\/b6992f131dc8d30ab0dff15446e9d346d9dbd95992de0fef795073f5ea83a81c?s=96&d=mm&r=g\",\"url\":\"https:\\\/\\\/secure.gravatar.com\\\/avatar\\\/b6992f131dc8d30ab0dff15446e9d346d9dbd95992de0fef795073f5ea83a81c?s=96&d=mm&r=g\",\"contentUrl\":\"https:\\\/\\\/secure.gravatar.com\\\/avatar\\\/b6992f131dc8d30ab0dff15446e9d346d9dbd95992de0fef795073f5ea83a81c?s=96&d=mm&r=g\",\"caption\":\"La Gu\u00eda de Pamplona\"}}]}<\/script>\n<!-- \/ Yoast SEO plugin. -->","yoast_head_json":{"title":"Aprobada una declaraci\u00f3n para instar al Ayuntamiento a que se extienda a todos los barrios de la ciudad el Pacto por la Persona Mayor","robots":{"index":"index","follow":"follow","max-snippet":"max-snippet:-1","max-image-preview":"max-image-preview:large","max-video-preview":"max-video-preview:-1"},"canonical":"https:\/\/www.laguiadepamplona.com\/actualidad\/aprobada-una-declaracion-para-instar-al-ayuntamiento-a-que-se-extienda-a-todos-los-barrios-de-la-ciudad-el-pacto-por-la-persona-mayor\/","og_locale":"es_ES","og_type":"article","og_title":"Aprobada una declaraci\u00f3n para instar al Ayuntamiento a que se extienda a todos los barrios de la ciudad el Pacto por la Persona Mayor","og_url":"https:\/\/www.laguiadepamplona.com\/actualidad\/aprobada-una-declaracion-para-instar-al-ayuntamiento-a-que-se-extienda-a-todos-los-barrios-de-la-ciudad-el-pacto-por-la-persona-mayor\/","og_site_name":"La Gu\u00eda de Pamplona","article_publisher":"https:\/\/www.facebook.com\/laguiadepamplonacom-133175176762273\/?ref=hl","article_published_time":"2019-09-17T13:17:47+00:00","article_modified_time":"2019-09-17T13:18:06+00:00","og_image":[{"width":1920,"height":1100,"url":"https:\/\/www.laguiadepamplona.com\/actualidad\/wp-content\/uploads\/2019\/05\/ayuntamiento-pamplona-laguiadepamplona.jpg","type":"image\/jpeg"}],"author":"La Gu\u00eda de Pamplona","twitter_card":"summary_large_image","twitter_creator":"@LaGuiadPamplona","twitter_site":"@LaGuiadPamplona","twitter_misc":{"Escrito por":"La Gu\u00eda de Pamplona","Tiempo de lectura":"1 minuto"},"schema":{"@context":"https:\/\/schema.org","@graph":[{"@type":"Article","@id":"https:\/\/www.laguiadepamplona.com\/actualidad\/aprobada-una-declaracion-para-instar-al-ayuntamiento-a-que-se-extienda-a-todos-los-barrios-de-la-ciudad-el-pacto-por-la-persona-mayor\/#article","isPartOf":{"@id":"https:\/\/www.laguiadepamplona.com\/actualidad\/aprobada-una-declaracion-para-instar-al-ayuntamiento-a-que-se-extienda-a-todos-los-barrios-de-la-ciudad-el-pacto-por-la-persona-mayor\/"},"author":{"name":"La Gu\u00eda de Pamplona","@id":"https:\/\/www.laguiadepamplona.com\/actualidad\/#\/schema\/person\/efe887376f0213d4657c93adc50b1fdb"},"headline":"Aprobada una declaraci\u00f3n para instar al Ayuntamiento a que se extienda a todos los barrios de la ciudad el Pacto por la Persona Mayor","datePublished":"2019-09-17T13:17:47+00:00","dateModified":"2019-09-17T13:18:06+00:00","mainEntityOfPage":{"@id":"https:\/\/www.laguiadepamplona.com\/actualidad\/aprobada-una-declaracion-para-instar-al-ayuntamiento-a-que-se-extienda-a-todos-los-barrios-de-la-ciudad-el-pacto-por-la-persona-mayor\/"},"wordCount":174,"commentCount":0,"publisher":{"@id":"https:\/\/www.laguiadepamplona.com\/actualidad\/#organization"},"image":{"@id":"https:\/\/www.laguiadepamplona.com\/actualidad\/aprobada-una-declaracion-para-instar-al-ayuntamiento-a-que-se-extienda-a-todos-los-barrios-de-la-ciudad-el-pacto-por-la-persona-mayor\/#primaryimage"},"thumbnailUrl":"https:\/\/www.laguiadepamplona.com\/actualidad\/wp-content\/uploads\/2019\/05\/ayuntamiento-pamplona-laguiadepamplona.jpg","articleSection":["Ayto Pamplona"],"inLanguage":"es","potentialAction":[{"@type":"CommentAction","name":"Comment","target":["https:\/\/www.laguiadepamplona.com\/actualidad\/aprobada-una-declaracion-para-instar-al-ayuntamiento-a-que-se-extienda-a-todos-los-barrios-de-la-ciudad-el-pacto-por-la-persona-mayor\/#respond"]}]},{"@type":"WebPage","@id":"https:\/\/www.laguiadepamplona.com\/actualidad\/aprobada-una-declaracion-para-instar-al-ayuntamiento-a-que-se-extienda-a-todos-los-barrios-de-la-ciudad-el-pacto-por-la-persona-mayor\/","url":"https:\/\/www.laguiadepamplona.com\/actualidad\/aprobada-una-declaracion-para-instar-al-ayuntamiento-a-que-se-extienda-a-todos-los-barrios-de-la-ciudad-el-pacto-por-la-persona-mayor\/","name":"Aprobada una declaraci\u00f3n para instar al Ayuntamiento a que se extienda a todos los barrios de la ciudad el Pacto por la Persona Mayor","isPartOf":{"@id":"https:\/\/www.laguiadepamplona.com\/actualidad\/#website"},"primaryImageOfPage":{"@id":"https:\/\/www.laguiadepamplona.com\/actualidad\/aprobada-una-declaracion-para-instar-al-ayuntamiento-a-que-se-extienda-a-todos-los-barrios-de-la-ciudad-el-pacto-por-la-persona-mayor\/#primaryimage"},"image":{"@id":"https:\/\/www.laguiadepamplona.com\/actualidad\/aprobada-una-declaracion-para-instar-al-ayuntamiento-a-que-se-extienda-a-todos-los-barrios-de-la-ciudad-el-pacto-por-la-persona-mayor\/#primaryimage"},"thumbnailUrl":"https:\/\/www.laguiadepamplona.com\/actualidad\/wp-content\/uploads\/2019\/05\/ayuntamiento-pamplona-laguiadepamplona.jpg","datePublished":"2019-09-17T13:17:47+00:00","dateModified":"2019-09-17T13:18:06+00:00","breadcrumb":{"@id":"https:\/\/www.laguiadepamplona.com\/actualidad\/aprobada-una-declaracion-para-instar-al-ayuntamiento-a-que-se-extienda-a-todos-los-barrios-de-la-ciudad-el-pacto-por-la-persona-mayor\/#breadcrumb"},"inLanguage":"es","potentialAction":[{"@type":"ReadAction","target":["https:\/\/www.laguiadepamplona.com\/actualidad\/aprobada-una-declaracion-para-instar-al-ayuntamiento-a-que-se-extienda-a-todos-los-barrios-de-la-ciudad-el-pacto-por-la-persona-mayor\/"]}]},{"@type":"ImageObject","inLanguage":"es","@id":"https:\/\/www.laguiadepamplona.com\/actualidad\/aprobada-una-declaracion-para-instar-al-ayuntamiento-a-que-se-extienda-a-todos-los-barrios-de-la-ciudad-el-pacto-por-la-persona-mayor\/#primaryimage","url":"https:\/\/www.laguiadepamplona.com\/actualidad\/wp-content\/uploads\/2019\/05\/ayuntamiento-pamplona-laguiadepamplona.jpg","contentUrl":"https:\/\/www.laguiadepamplona.com\/actualidad\/wp-content\/uploads\/2019\/05\/ayuntamiento-pamplona-laguiadepamplona.jpg","width":1920,"height":1100},{"@type":"BreadcrumbList","@id":"https:\/\/www.laguiadepamplona.com\/actualidad\/aprobada-una-declaracion-para-instar-al-ayuntamiento-a-que-se-extienda-a-todos-los-barrios-de-la-ciudad-el-pacto-por-la-persona-mayor\/#breadcrumb","itemListElement":[{"@type":"ListItem","position":1,"name":"Portada","item":"https:\/\/www.laguiadepamplona.com\/actualidad\/"},{"@type":"ListItem","position":2,"name":"Aprobada una declaraci\u00f3n para instar al Ayuntamiento a que se extienda a todos los barrios de la ciudad el Pacto por la Persona Mayor"}]},{"@type":"WebSite","@id":"https:\/\/www.laguiadepamplona.com\/actualidad\/#website","url":"https:\/\/www.laguiadepamplona.com\/actualidad\/","name":"La gu\u00eda de Pamplona","description":"Noticias de Pamplona","publisher":{"@id":"https:\/\/www.laguiadepamplona.com\/actualidad\/#organization"},"potentialAction":[{"@type":"SearchAction","target":{"@type":"EntryPoint","urlTemplate":"https:\/\/www.laguiadepamplona.com\/actualidad\/?s={search_term_string}"},"query-input":{"@type":"PropertyValueSpecification","valueRequired":true,"valueName":"search_term_string"}}],"inLanguage":"es"},{"@type":"Organization","@id":"https:\/\/www.laguiadepamplona.com\/actualidad\/#organization","name":"La Gu\u00eda de Pamplona \/ Noticias","url":"https:\/\/www.laguiadepamplona.com\/actualidad\/","logo":{"@type":"ImageObject","inLanguage":"es","@id":"https:\/\/www.laguiadepamplona.com\/actualidad\/#\/schema\/logo\/image\/","url":"https:\/\/www.laguiadepamplona.com\/actualidad\/wp-content\/uploads\/2018\/11\/logo-laguiadepamplona18-web1.png","contentUrl":"https:\/\/www.laguiadepamplona.com\/actualidad\/wp-content\/uploads\/2018\/11\/logo-laguiadepamplona18-web1.png","width":600,"height":196,"caption":"La Gu\u00eda de Pamplona \/ Noticias"},"image":{"@id":"https:\/\/www.laguiadepamplona.com\/actualidad\/#\/schema\/logo\/image\/"},"sameAs":["https:\/\/www.facebook.com\/laguiadepamplonacom-133175176762273\/?ref=hl","https:\/\/x.com\/LaGuiadPamplona","https:\/\/www.instagram.com\/la_guia_de_pamplona\/","https:\/\/www.youtube.com\/user\/laguiadepamplona"]},{"@type":"Person","@id":"https:\/\/www.laguiadepamplona.com\/actualidad\/#\/schema\/person\/efe887376f0213d4657c93adc50b1fdb","name":"La Gu\u00eda de Pamplona","image":{"@type":"ImageObject","inLanguage":"es","@id":"https:\/\/secure.gravatar.com\/avatar\/b6992f131dc8d30ab0dff15446e9d346d9dbd95992de0fef795073f5ea83a81c?s=96&d=mm&r=g","url":"https:\/\/secure.gravatar.com\/avatar\/b6992f131dc8d30ab0dff15446e9d346d9dbd95992de0fef795073f5ea83a81c?s=96&d=mm&r=g","contentUrl":"https:\/\/secure.gravatar.com\/avatar\/b6992f131dc8d30ab0dff15446e9d346d9dbd95992de0fef795073f5ea83a81c?s=96&d=mm&r=g","caption":"La Gu\u00eda de Pamplona"}}]}},"post_mailing_queue_ids":[],"_links":{"self":[{"href":"https:\/\/www.laguiadepamplona.com\/actualidad\/wp-json\/wp\/v2\/posts\/24453","targetHints":{"allow":["GET"]}}],"collection":[{"href":"https:\/\/www.laguiadepamplona.com\/actualidad\/wp-json\/wp\/v2\/posts"}],"about":[{"href":"https:\/\/www.laguiadepamplona.com\/actualidad\/wp-json\/wp\/v2\/types\/post"}],"author":[{"embeddable":true,"href":"https:\/\/www.laguiadepamplona.com\/actualidad\/wp-json\/wp\/v2\/users\/1"}],"replies":[{"embeddable":true,"href":"https:\/\/www.laguiadepamplona.com\/actualidad\/wp-json\/wp\/v2\/comments?post=24453"}],"version-history":[{"count":0,"href":"https:\/\/www.laguiadepamplona.com\/actualidad\/wp-json\/wp\/v2\/posts\/24453\/revisions"}],"wp:featuredmedia":[{"embeddable":true,"href":"https:\/\/www.laguiadepamplona.com\/actualidad\/wp-json\/wp\/v2\/media\/21939"}],"wp:attachment":[{"href":"https:\/\/www.laguiadepamplona.com\/actualidad\/wp-json\/wp\/v2\/media?parent=24453"}],"wp:term":[{"taxonomy":"category","embeddable":true,"href":"https:\/\/www.laguiadepamplona.com\/actualidad\/wp-json\/wp\/v2\/categories?post=24453"},{"taxonomy":"post_tag","embeddable":true,"href":"https:\/\/www.laguiadepamplona.com\/actualidad\/wp-json\/wp\/v2\/tags?post=24453"}],"curies":[{"name":"wp","href":"https:\/\/api.w.org\/{rel}","templated":true}]}}