{"id":24350,"date":"2019-09-13T12:41:49","date_gmt":"2019-09-13T10:41:49","guid":{"rendered":"https:\/\/www.laguiadepamplona.es\/actualidad\/?p=24350"},"modified":"2019-09-13T12:41:49","modified_gmt":"2019-09-13T10:41:49","slug":"adjudicado-el-contrato-de-gestion-de-la-liga-municipal-de-futbol-sala-escolar-en-la-que-el-ano-pasado-participaron-mas-de-1-380-menores-de-8-a-11-anos","status":"publish","type":"post","link":"https:\/\/www.laguiadepamplona.com\/actualidad\/adjudicado-el-contrato-de-gestion-de-la-liga-municipal-de-futbol-sala-escolar-en-la-que-el-ano-pasado-participaron-mas-de-1-380-menores-de-8-a-11-anos\/","title":{"rendered":"Adjudicado el contrato de gesti\u00f3n de la liga municipal de f\u00fatbol sala escolar en la que el a\u00f1o pasado participaron m\u00e1s de 1.380 menores de 8 a 11 a\u00f1os"},"content":{"rendered":"<p><!--more--><\/p>\n<h3>El contrato se adjudica para esta temporada 2019 \u2013 2020, con opci\u00f3n a cuatro pr\u00f3rrogas m\u00e1s<\/h3>\n<p>La Junta de Gobierno Local ha aprobado este jueves la adjudicaci\u00f3n de la gesti\u00f3n de la liga municipal de f\u00fatbol sala para esta temporada 2019 \u2013 2020, con opci\u00f3n a cuatro pr\u00f3rrogas m\u00e1s. La temporada pasada participaron en esta liga un total de 1.386 futbolistas entre los 8 y los 11 a\u00f1os de edad. La gesti\u00f3n se ha adjudicado a la empresa Gesport Gesti\u00f3n Deportiva por un importe de 45.131,79 euros.<\/p>\n<p><script async src=\"\/\/pagead2.googlesyndication.com\/pagead\/js\/adsbygoogle.js\"><\/script><br \/>\n<!-- Noticias La Guia de Pamplona --><br \/>\n<ins class=\"adsbygoogle\"\nstyle=\"display:block\"\ndata-ad-client=\"ca-pub-6943679897239327\"\ndata-ad-slot=\"7048180777\"\ndata-ad-format=\"auto\"><\/ins><br \/>\n<script>\n(adsbygoogle = window.adsbygoogle || []).push({});\n<\/script><\/p>\n<p>La liga municipal de f\u00fatbol sala escolar es un torneo esencialmente recreativo y no selectivo, abierto a cualquier persona entre 8 y 11 a\u00f1os (mayormente empadronado en Pamplona y sin necesidad alguna de estar federado) y con una reglamentaci\u00f3n adaptada a la pr\u00e1ctica deportiva oficial. En su normativa y reglamento prima la deportividad, la rotaci\u00f3n de puestos, unos tiempos m\u00ednimos y equilibrados de juego por cada futbolista participante, la coeducaci\u00f3n o la integraci\u00f3n de personas con discapacidad, entre otros valores. El torneo se disputa entre los meses de octubre y mayo, ambos inclusive. Los partidos se celebran los fines de semana, preferiblemente los s\u00e1bados por la ma\u00f1ana, con un calendario deportivo que sigue de forma prioritaria el calendario lectivo escolar.<\/p>\n","protected":false},"excerpt":{"rendered":"","protected":false},"author":1,"featured_media":14354,"comment_status":"open","ping_status":"closed","sticky":false,"template":"","format":"standard","meta":{"footnotes":""},"categories":[2],"tags":[],"class_list":["post-24350","post","type-post","status-publish","format-standard","has-post-thumbnail","hentry","category-ayuntamiento-pamplona"],"yoast_head":"<!-- This site is optimized with the Yoast SEO plugin v27.3 - https:\/\/yoast.com\/product\/yoast-seo-wordpress\/ -->\n<title>Adjudicado el contrato de gesti\u00f3n de la liga municipal de f\u00fatbol sala escolar en la que el a\u00f1o pasado participaron m\u00e1s de 1.380 menores de 8 a 11 a\u00f1os<\/title>\n<meta name=\"robots\" content=\"index, follow, max-snippet:-1, max-image-preview:large, max-video-preview:-1\" \/>\n<link rel=\"canonical\" href=\"https:\/\/www.laguiadepamplona.com\/actualidad\/adjudicado-el-contrato-de-gestion-de-la-liga-municipal-de-futbol-sala-escolar-en-la-que-el-ano-pasado-participaron-mas-de-1-380-menores-de-8-a-11-anos\/\" \/>\n<meta property=\"og:locale\" content=\"es_ES\" \/>\n<meta property=\"og:type\" content=\"article\" \/>\n<meta property=\"og:title\" content=\"Adjudicado el contrato de gesti\u00f3n de la liga municipal de f\u00fatbol sala escolar en la que el a\u00f1o pasado participaron m\u00e1s de 1.380 menores de 8 a 11 a\u00f1os\" \/>\n<meta property=\"og:url\" content=\"https:\/\/www.laguiadepamplona.com\/actualidad\/adjudicado-el-contrato-de-gestion-de-la-liga-municipal-de-futbol-sala-escolar-en-la-que-el-ano-pasado-participaron-mas-de-1-380-menores-de-8-a-11-anos\/\" \/>\n<meta property=\"og:site_name\" content=\"La Gu\u00eda de Pamplona\" \/>\n<meta property=\"article:publisher\" content=\"https:\/\/www.facebook.com\/laguiadepamplonacom-133175176762273\/?ref=hl\" \/>\n<meta property=\"article:published_time\" content=\"2019-09-13T10:41:49+00:00\" \/>\n<meta property=\"og:image\" content=\"https:\/\/www.laguiadepamplona.com\/actualidad\/wp-content\/uploads\/2017\/09\/futbol_sala_infantil.jpg\" \/>\n\t<meta property=\"og:image:width\" content=\"1000\" \/>\n\t<meta property=\"og:image:height\" content=\"481\" \/>\n\t<meta property=\"og:image:type\" content=\"image\/jpeg\" \/>\n<meta name=\"author\" content=\"La Gu\u00eda de Pamplona\" \/>\n<meta name=\"twitter:card\" content=\"summary_large_image\" \/>\n<meta name=\"twitter:creator\" content=\"@LaGuiadPamplona\" \/>\n<meta name=\"twitter:site\" content=\"@LaGuiadPamplona\" \/>\n<meta name=\"twitter:label1\" content=\"Escrito por\" \/>\n\t<meta name=\"twitter:data1\" content=\"La Gu\u00eda de Pamplona\" \/>\n\t<meta name=\"twitter:label2\" content=\"Tiempo de lectura\" \/>\n\t<meta name=\"twitter:data2\" content=\"1 minuto\" \/>\n<script type=\"application\/ld+json\" class=\"yoast-schema-graph\">{\"@context\":\"https:\\\/\\\/schema.org\",\"@graph\":[{\"@type\":\"Article\",\"@id\":\"https:\\\/\\\/www.laguiadepamplona.com\\\/actualidad\\\/adjudicado-el-contrato-de-gestion-de-la-liga-municipal-de-futbol-sala-escolar-en-la-que-el-ano-pasado-participaron-mas-de-1-380-menores-de-8-a-11-anos\\\/#article\",\"isPartOf\":{\"@id\":\"https:\\\/\\\/www.laguiadepamplona.com\\\/actualidad\\\/adjudicado-el-contrato-de-gestion-de-la-liga-municipal-de-futbol-sala-escolar-en-la-que-el-ano-pasado-participaron-mas-de-1-380-menores-de-8-a-11-anos\\\/\"},\"author\":{\"name\":\"La Gu\u00eda de Pamplona\",\"@id\":\"https:\\\/\\\/www.laguiadepamplona.com\\\/actualidad\\\/#\\\/schema\\\/person\\\/efe887376f0213d4657c93adc50b1fdb\"},\"headline\":\"Adjudicado el contrato de gesti\u00f3n de la liga municipal de f\u00fatbol sala escolar en la que el a\u00f1o pasado participaron m\u00e1s de 1.380 menores de 8 a 11 a\u00f1os\",\"datePublished\":\"2019-09-13T10:41:49+00:00\",\"mainEntityOfPage\":{\"@id\":\"https:\\\/\\\/www.laguiadepamplona.com\\\/actualidad\\\/adjudicado-el-contrato-de-gestion-de-la-liga-municipal-de-futbol-sala-escolar-en-la-que-el-ano-pasado-participaron-mas-de-1-380-menores-de-8-a-11-anos\\\/\"},\"wordCount\":248,\"commentCount\":0,\"publisher\":{\"@id\":\"https:\\\/\\\/www.laguiadepamplona.com\\\/actualidad\\\/#organization\"},\"image\":{\"@id\":\"https:\\\/\\\/www.laguiadepamplona.com\\\/actualidad\\\/adjudicado-el-contrato-de-gestion-de-la-liga-municipal-de-futbol-sala-escolar-en-la-que-el-ano-pasado-participaron-mas-de-1-380-menores-de-8-a-11-anos\\\/#primaryimage\"},\"thumbnailUrl\":\"https:\\\/\\\/www.laguiadepamplona.com\\\/actualidad\\\/wp-content\\\/uploads\\\/2017\\\/09\\\/futbol_sala_infantil.jpg\",\"articleSection\":[\"Ayto Pamplona\"],\"inLanguage\":\"es\",\"potentialAction\":[{\"@type\":\"CommentAction\",\"name\":\"Comment\",\"target\":[\"https:\\\/\\\/www.laguiadepamplona.com\\\/actualidad\\\/adjudicado-el-contrato-de-gestion-de-la-liga-municipal-de-futbol-sala-escolar-en-la-que-el-ano-pasado-participaron-mas-de-1-380-menores-de-8-a-11-anos\\\/#respond\"]}]},{\"@type\":\"WebPage\",\"@id\":\"https:\\\/\\\/www.laguiadepamplona.com\\\/actualidad\\\/adjudicado-el-contrato-de-gestion-de-la-liga-municipal-de-futbol-sala-escolar-en-la-que-el-ano-pasado-participaron-mas-de-1-380-menores-de-8-a-11-anos\\\/\",\"url\":\"https:\\\/\\\/www.laguiadepamplona.com\\\/actualidad\\\/adjudicado-el-contrato-de-gestion-de-la-liga-municipal-de-futbol-sala-escolar-en-la-que-el-ano-pasado-participaron-mas-de-1-380-menores-de-8-a-11-anos\\\/\",\"name\":\"Adjudicado el contrato de gesti\u00f3n de la liga municipal de f\u00fatbol sala escolar en la que el a\u00f1o pasado participaron m\u00e1s de 1.380 menores de 8 a 11 a\u00f1os\",\"isPartOf\":{\"@id\":\"https:\\\/\\\/www.laguiadepamplona.com\\\/actualidad\\\/#website\"},\"primaryImageOfPage\":{\"@id\":\"https:\\\/\\\/www.laguiadepamplona.com\\\/actualidad\\\/adjudicado-el-contrato-de-gestion-de-la-liga-municipal-de-futbol-sala-escolar-en-la-que-el-ano-pasado-participaron-mas-de-1-380-menores-de-8-a-11-anos\\\/#primaryimage\"},\"image\":{\"@id\":\"https:\\\/\\\/www.laguiadepamplona.com\\\/actualidad\\\/adjudicado-el-contrato-de-gestion-de-la-liga-municipal-de-futbol-sala-escolar-en-la-que-el-ano-pasado-participaron-mas-de-1-380-menores-de-8-a-11-anos\\\/#primaryimage\"},\"thumbnailUrl\":\"https:\\\/\\\/www.laguiadepamplona.com\\\/actualidad\\\/wp-content\\\/uploads\\\/2017\\\/09\\\/futbol_sala_infantil.jpg\",\"datePublished\":\"2019-09-13T10:41:49+00:00\",\"breadcrumb\":{\"@id\":\"https:\\\/\\\/www.laguiadepamplona.com\\\/actualidad\\\/adjudicado-el-contrato-de-gestion-de-la-liga-municipal-de-futbol-sala-escolar-en-la-que-el-ano-pasado-participaron-mas-de-1-380-menores-de-8-a-11-anos\\\/#breadcrumb\"},\"inLanguage\":\"es\",\"potentialAction\":[{\"@type\":\"ReadAction\",\"target\":[\"https:\\\/\\\/www.laguiadepamplona.com\\\/actualidad\\\/adjudicado-el-contrato-de-gestion-de-la-liga-municipal-de-futbol-sala-escolar-en-la-que-el-ano-pasado-participaron-mas-de-1-380-menores-de-8-a-11-anos\\\/\"]}]},{\"@type\":\"ImageObject\",\"inLanguage\":\"es\",\"@id\":\"https:\\\/\\\/www.laguiadepamplona.com\\\/actualidad\\\/adjudicado-el-contrato-de-gestion-de-la-liga-municipal-de-futbol-sala-escolar-en-la-que-el-ano-pasado-participaron-mas-de-1-380-menores-de-8-a-11-anos\\\/#primaryimage\",\"url\":\"https:\\\/\\\/www.laguiadepamplona.com\\\/actualidad\\\/wp-content\\\/uploads\\\/2017\\\/09\\\/futbol_sala_infantil.jpg\",\"contentUrl\":\"https:\\\/\\\/www.laguiadepamplona.com\\\/actualidad\\\/wp-content\\\/uploads\\\/2017\\\/09\\\/futbol_sala_infantil.jpg\",\"width\":1000,\"height\":481},{\"@type\":\"BreadcrumbList\",\"@id\":\"https:\\\/\\\/www.laguiadepamplona.com\\\/actualidad\\\/adjudicado-el-contrato-de-gestion-de-la-liga-municipal-de-futbol-sala-escolar-en-la-que-el-ano-pasado-participaron-mas-de-1-380-menores-de-8-a-11-anos\\\/#breadcrumb\",\"itemListElement\":[{\"@type\":\"ListItem\",\"position\":1,\"name\":\"Portada\",\"item\":\"https:\\\/\\\/www.laguiadepamplona.com\\\/actualidad\\\/\"},{\"@type\":\"ListItem\",\"position\":2,\"name\":\"Adjudicado el contrato de gesti\u00f3n de la liga municipal de f\u00fatbol sala escolar en la que el a\u00f1o pasado participaron m\u00e1s de 1.380 menores de 8 a 11 a\u00f1os\"}]},{\"@type\":\"WebSite\",\"@id\":\"https:\\\/\\\/www.laguiadepamplona.com\\\/actualidad\\\/#website\",\"url\":\"https:\\\/\\\/www.laguiadepamplona.com\\\/actualidad\\\/\",\"name\":\"La gu\u00eda de Pamplona\",\"description\":\"Noticias de Pamplona\",\"publisher\":{\"@id\":\"https:\\\/\\\/www.laguiadepamplona.com\\\/actualidad\\\/#organization\"},\"potentialAction\":[{\"@type\":\"SearchAction\",\"target\":{\"@type\":\"EntryPoint\",\"urlTemplate\":\"https:\\\/\\\/www.laguiadepamplona.com\\\/actualidad\\\/?s={search_term_string}\"},\"query-input\":{\"@type\":\"PropertyValueSpecification\",\"valueRequired\":true,\"valueName\":\"search_term_string\"}}],\"inLanguage\":\"es\"},{\"@type\":\"Organization\",\"@id\":\"https:\\\/\\\/www.laguiadepamplona.com\\\/actualidad\\\/#organization\",\"name\":\"La Gu\u00eda de Pamplona \\\/ Noticias\",\"url\":\"https:\\\/\\\/www.laguiadepamplona.com\\\/actualidad\\\/\",\"logo\":{\"@type\":\"ImageObject\",\"inLanguage\":\"es\",\"@id\":\"https:\\\/\\\/www.laguiadepamplona.com\\\/actualidad\\\/#\\\/schema\\\/logo\\\/image\\\/\",\"url\":\"https:\\\/\\\/www.laguiadepamplona.com\\\/actualidad\\\/wp-content\\\/uploads\\\/2018\\\/11\\\/logo-laguiadepamplona18-web1.png\",\"contentUrl\":\"https:\\\/\\\/www.laguiadepamplona.com\\\/actualidad\\\/wp-content\\\/uploads\\\/2018\\\/11\\\/logo-laguiadepamplona18-web1.png\",\"width\":600,\"height\":196,\"caption\":\"La Gu\u00eda de Pamplona \\\/ Noticias\"},\"image\":{\"@id\":\"https:\\\/\\\/www.laguiadepamplona.com\\\/actualidad\\\/#\\\/schema\\\/logo\\\/image\\\/\"},\"sameAs\":[\"https:\\\/\\\/www.facebook.com\\\/laguiadepamplonacom-133175176762273\\\/?ref=hl\",\"https:\\\/\\\/x.com\\\/LaGuiadPamplona\",\"https:\\\/\\\/www.instagram.com\\\/la_guia_de_pamplona\\\/\",\"https:\\\/\\\/www.youtube.com\\\/user\\\/laguiadepamplona\"]},{\"@type\":\"Person\",\"@id\":\"https:\\\/\\\/www.laguiadepamplona.com\\\/actualidad\\\/#\\\/schema\\\/person\\\/efe887376f0213d4657c93adc50b1fdb\",\"name\":\"La Gu\u00eda de Pamplona\",\"image\":{\"@type\":\"ImageObject\",\"inLanguage\":\"es\",\"@id\":\"https:\\\/\\\/secure.gravatar.com\\\/avatar\\\/b6992f131dc8d30ab0dff15446e9d346d9dbd95992de0fef795073f5ea83a81c?s=96&d=mm&r=g\",\"url\":\"https:\\\/\\\/secure.gravatar.com\\\/avatar\\\/b6992f131dc8d30ab0dff15446e9d346d9dbd95992de0fef795073f5ea83a81c?s=96&d=mm&r=g\",\"contentUrl\":\"https:\\\/\\\/secure.gravatar.com\\\/avatar\\\/b6992f131dc8d30ab0dff15446e9d346d9dbd95992de0fef795073f5ea83a81c?s=96&d=mm&r=g\",\"caption\":\"La Gu\u00eda de Pamplona\"}}]}<\/script>\n<!-- \/ Yoast SEO plugin. -->","yoast_head_json":{"title":"Adjudicado el contrato de gesti\u00f3n de la liga municipal de f\u00fatbol sala escolar en la que el a\u00f1o pasado participaron m\u00e1s de 1.380 menores de 8 a 11 a\u00f1os","robots":{"index":"index","follow":"follow","max-snippet":"max-snippet:-1","max-image-preview":"max-image-preview:large","max-video-preview":"max-video-preview:-1"},"canonical":"https:\/\/www.laguiadepamplona.com\/actualidad\/adjudicado-el-contrato-de-gestion-de-la-liga-municipal-de-futbol-sala-escolar-en-la-que-el-ano-pasado-participaron-mas-de-1-380-menores-de-8-a-11-anos\/","og_locale":"es_ES","og_type":"article","og_title":"Adjudicado el contrato de gesti\u00f3n de la liga municipal de f\u00fatbol sala escolar en la que el a\u00f1o pasado participaron m\u00e1s de 1.380 menores de 8 a 11 a\u00f1os","og_url":"https:\/\/www.laguiadepamplona.com\/actualidad\/adjudicado-el-contrato-de-gestion-de-la-liga-municipal-de-futbol-sala-escolar-en-la-que-el-ano-pasado-participaron-mas-de-1-380-menores-de-8-a-11-anos\/","og_site_name":"La Gu\u00eda de Pamplona","article_publisher":"https:\/\/www.facebook.com\/laguiadepamplonacom-133175176762273\/?ref=hl","article_published_time":"2019-09-13T10:41:49+00:00","og_image":[{"width":1000,"height":481,"url":"https:\/\/www.laguiadepamplona.com\/actualidad\/wp-content\/uploads\/2017\/09\/futbol_sala_infantil.jpg","type":"image\/jpeg"}],"author":"La Gu\u00eda de Pamplona","twitter_card":"summary_large_image","twitter_creator":"@LaGuiadPamplona","twitter_site":"@LaGuiadPamplona","twitter_misc":{"Escrito por":"La Gu\u00eda de Pamplona","Tiempo de lectura":"1 minuto"},"schema":{"@context":"https:\/\/schema.org","@graph":[{"@type":"Article","@id":"https:\/\/www.laguiadepamplona.com\/actualidad\/adjudicado-el-contrato-de-gestion-de-la-liga-municipal-de-futbol-sala-escolar-en-la-que-el-ano-pasado-participaron-mas-de-1-380-menores-de-8-a-11-anos\/#article","isPartOf":{"@id":"https:\/\/www.laguiadepamplona.com\/actualidad\/adjudicado-el-contrato-de-gestion-de-la-liga-municipal-de-futbol-sala-escolar-en-la-que-el-ano-pasado-participaron-mas-de-1-380-menores-de-8-a-11-anos\/"},"author":{"name":"La Gu\u00eda de Pamplona","@id":"https:\/\/www.laguiadepamplona.com\/actualidad\/#\/schema\/person\/efe887376f0213d4657c93adc50b1fdb"},"headline":"Adjudicado el contrato de gesti\u00f3n de la liga municipal de f\u00fatbol sala escolar en la que el a\u00f1o pasado participaron m\u00e1s de 1.380 menores de 8 a 11 a\u00f1os","datePublished":"2019-09-13T10:41:49+00:00","mainEntityOfPage":{"@id":"https:\/\/www.laguiadepamplona.com\/actualidad\/adjudicado-el-contrato-de-gestion-de-la-liga-municipal-de-futbol-sala-escolar-en-la-que-el-ano-pasado-participaron-mas-de-1-380-menores-de-8-a-11-anos\/"},"wordCount":248,"commentCount":0,"publisher":{"@id":"https:\/\/www.laguiadepamplona.com\/actualidad\/#organization"},"image":{"@id":"https:\/\/www.laguiadepamplona.com\/actualidad\/adjudicado-el-contrato-de-gestion-de-la-liga-municipal-de-futbol-sala-escolar-en-la-que-el-ano-pasado-participaron-mas-de-1-380-menores-de-8-a-11-anos\/#primaryimage"},"thumbnailUrl":"https:\/\/www.laguiadepamplona.com\/actualidad\/wp-content\/uploads\/2017\/09\/futbol_sala_infantil.jpg","articleSection":["Ayto Pamplona"],"inLanguage":"es","potentialAction":[{"@type":"CommentAction","name":"Comment","target":["https:\/\/www.laguiadepamplona.com\/actualidad\/adjudicado-el-contrato-de-gestion-de-la-liga-municipal-de-futbol-sala-escolar-en-la-que-el-ano-pasado-participaron-mas-de-1-380-menores-de-8-a-11-anos\/#respond"]}]},{"@type":"WebPage","@id":"https:\/\/www.laguiadepamplona.com\/actualidad\/adjudicado-el-contrato-de-gestion-de-la-liga-municipal-de-futbol-sala-escolar-en-la-que-el-ano-pasado-participaron-mas-de-1-380-menores-de-8-a-11-anos\/","url":"https:\/\/www.laguiadepamplona.com\/actualidad\/adjudicado-el-contrato-de-gestion-de-la-liga-municipal-de-futbol-sala-escolar-en-la-que-el-ano-pasado-participaron-mas-de-1-380-menores-de-8-a-11-anos\/","name":"Adjudicado el contrato de gesti\u00f3n de la liga municipal de f\u00fatbol sala escolar en la que el a\u00f1o pasado participaron m\u00e1s de 1.380 menores de 8 a 11 a\u00f1os","isPartOf":{"@id":"https:\/\/www.laguiadepamplona.com\/actualidad\/#website"},"primaryImageOfPage":{"@id":"https:\/\/www.laguiadepamplona.com\/actualidad\/adjudicado-el-contrato-de-gestion-de-la-liga-municipal-de-futbol-sala-escolar-en-la-que-el-ano-pasado-participaron-mas-de-1-380-menores-de-8-a-11-anos\/#primaryimage"},"image":{"@id":"https:\/\/www.laguiadepamplona.com\/actualidad\/adjudicado-el-contrato-de-gestion-de-la-liga-municipal-de-futbol-sala-escolar-en-la-que-el-ano-pasado-participaron-mas-de-1-380-menores-de-8-a-11-anos\/#primaryimage"},"thumbnailUrl":"https:\/\/www.laguiadepamplona.com\/actualidad\/wp-content\/uploads\/2017\/09\/futbol_sala_infantil.jpg","datePublished":"2019-09-13T10:41:49+00:00","breadcrumb":{"@id":"https:\/\/www.laguiadepamplona.com\/actualidad\/adjudicado-el-contrato-de-gestion-de-la-liga-municipal-de-futbol-sala-escolar-en-la-que-el-ano-pasado-participaron-mas-de-1-380-menores-de-8-a-11-anos\/#breadcrumb"},"inLanguage":"es","potentialAction":[{"@type":"ReadAction","target":["https:\/\/www.laguiadepamplona.com\/actualidad\/adjudicado-el-contrato-de-gestion-de-la-liga-municipal-de-futbol-sala-escolar-en-la-que-el-ano-pasado-participaron-mas-de-1-380-menores-de-8-a-11-anos\/"]}]},{"@type":"ImageObject","inLanguage":"es","@id":"https:\/\/www.laguiadepamplona.com\/actualidad\/adjudicado-el-contrato-de-gestion-de-la-liga-municipal-de-futbol-sala-escolar-en-la-que-el-ano-pasado-participaron-mas-de-1-380-menores-de-8-a-11-anos\/#primaryimage","url":"https:\/\/www.laguiadepamplona.com\/actualidad\/wp-content\/uploads\/2017\/09\/futbol_sala_infantil.jpg","contentUrl":"https:\/\/www.laguiadepamplona.com\/actualidad\/wp-content\/uploads\/2017\/09\/futbol_sala_infantil.jpg","width":1000,"height":481},{"@type":"BreadcrumbList","@id":"https:\/\/www.laguiadepamplona.com\/actualidad\/adjudicado-el-contrato-de-gestion-de-la-liga-municipal-de-futbol-sala-escolar-en-la-que-el-ano-pasado-participaron-mas-de-1-380-menores-de-8-a-11-anos\/#breadcrumb","itemListElement":[{"@type":"ListItem","position":1,"name":"Portada","item":"https:\/\/www.laguiadepamplona.com\/actualidad\/"},{"@type":"ListItem","position":2,"name":"Adjudicado el contrato de gesti\u00f3n de la liga municipal de f\u00fatbol sala escolar en la que el a\u00f1o pasado participaron m\u00e1s de 1.380 menores de 8 a 11 a\u00f1os"}]},{"@type":"WebSite","@id":"https:\/\/www.laguiadepamplona.com\/actualidad\/#website","url":"https:\/\/www.laguiadepamplona.com\/actualidad\/","name":"La gu\u00eda de Pamplona","description":"Noticias de Pamplona","publisher":{"@id":"https:\/\/www.laguiadepamplona.com\/actualidad\/#organization"},"potentialAction":[{"@type":"SearchAction","target":{"@type":"EntryPoint","urlTemplate":"https:\/\/www.laguiadepamplona.com\/actualidad\/?s={search_term_string}"},"query-input":{"@type":"PropertyValueSpecification","valueRequired":true,"valueName":"search_term_string"}}],"inLanguage":"es"},{"@type":"Organization","@id":"https:\/\/www.laguiadepamplona.com\/actualidad\/#organization","name":"La Gu\u00eda de Pamplona \/ Noticias","url":"https:\/\/www.laguiadepamplona.com\/actualidad\/","logo":{"@type":"ImageObject","inLanguage":"es","@id":"https:\/\/www.laguiadepamplona.com\/actualidad\/#\/schema\/logo\/image\/","url":"https:\/\/www.laguiadepamplona.com\/actualidad\/wp-content\/uploads\/2018\/11\/logo-laguiadepamplona18-web1.png","contentUrl":"https:\/\/www.laguiadepamplona.com\/actualidad\/wp-content\/uploads\/2018\/11\/logo-laguiadepamplona18-web1.png","width":600,"height":196,"caption":"La Gu\u00eda de Pamplona \/ Noticias"},"image":{"@id":"https:\/\/www.laguiadepamplona.com\/actualidad\/#\/schema\/logo\/image\/"},"sameAs":["https:\/\/www.facebook.com\/laguiadepamplonacom-133175176762273\/?ref=hl","https:\/\/x.com\/LaGuiadPamplona","https:\/\/www.instagram.com\/la_guia_de_pamplona\/","https:\/\/www.youtube.com\/user\/laguiadepamplona"]},{"@type":"Person","@id":"https:\/\/www.laguiadepamplona.com\/actualidad\/#\/schema\/person\/efe887376f0213d4657c93adc50b1fdb","name":"La Gu\u00eda de Pamplona","image":{"@type":"ImageObject","inLanguage":"es","@id":"https:\/\/secure.gravatar.com\/avatar\/b6992f131dc8d30ab0dff15446e9d346d9dbd95992de0fef795073f5ea83a81c?s=96&d=mm&r=g","url":"https:\/\/secure.gravatar.com\/avatar\/b6992f131dc8d30ab0dff15446e9d346d9dbd95992de0fef795073f5ea83a81c?s=96&d=mm&r=g","contentUrl":"https:\/\/secure.gravatar.com\/avatar\/b6992f131dc8d30ab0dff15446e9d346d9dbd95992de0fef795073f5ea83a81c?s=96&d=mm&r=g","caption":"La Gu\u00eda de Pamplona"}}]}},"post_mailing_queue_ids":[],"_links":{"self":[{"href":"https:\/\/www.laguiadepamplona.com\/actualidad\/wp-json\/wp\/v2\/posts\/24350","targetHints":{"allow":["GET"]}}],"collection":[{"href":"https:\/\/www.laguiadepamplona.com\/actualidad\/wp-json\/wp\/v2\/posts"}],"about":[{"href":"https:\/\/www.laguiadepamplona.com\/actualidad\/wp-json\/wp\/v2\/types\/post"}],"author":[{"embeddable":true,"href":"https:\/\/www.laguiadepamplona.com\/actualidad\/wp-json\/wp\/v2\/users\/1"}],"replies":[{"embeddable":true,"href":"https:\/\/www.laguiadepamplona.com\/actualidad\/wp-json\/wp\/v2\/comments?post=24350"}],"version-history":[{"count":0,"href":"https:\/\/www.laguiadepamplona.com\/actualidad\/wp-json\/wp\/v2\/posts\/24350\/revisions"}],"wp:featuredmedia":[{"embeddable":true,"href":"https:\/\/www.laguiadepamplona.com\/actualidad\/wp-json\/wp\/v2\/media\/14354"}],"wp:attachment":[{"href":"https:\/\/www.laguiadepamplona.com\/actualidad\/wp-json\/wp\/v2\/media?parent=24350"}],"wp:term":[{"taxonomy":"category","embeddable":true,"href":"https:\/\/www.laguiadepamplona.com\/actualidad\/wp-json\/wp\/v2\/categories?post=24350"},{"taxonomy":"post_tag","embeddable":true,"href":"https:\/\/www.laguiadepamplona.com\/actualidad\/wp-json\/wp\/v2\/tags?post=24350"}],"curies":[{"name":"wp","href":"https:\/\/api.w.org\/{rel}","templated":true}]}}