{"id":2405,"date":"2014-07-18T16:29:39","date_gmt":"2014-07-18T16:29:39","guid":{"rendered":"http:\/\/laguiadepamplona.com\/actualidad\/?p=2405"},"modified":"2014-07-18T16:29:39","modified_gmt":"2014-07-18T16:29:39","slug":"la-web-del-ayuntamiento-sobre-los-sanfermines-registro-mas-de-136-000-accesos-entre-el-15-de-junio-y-el-15-de-julio-con-el-programa-oficial-como-pagina-mas-visitada","status":"publish","type":"post","link":"https:\/\/www.laguiadepamplona.com\/actualidad\/la-web-del-ayuntamiento-sobre-los-sanfermines-registro-mas-de-136-000-accesos-entre-el-15-de-junio-y-el-15-de-julio-con-el-programa-oficial-como-pagina-mas-visitada\/","title":{"rendered":"La web del Ayuntamiento sobre los Sanfermines registr\u00f3 m\u00e1s de 136.000 accesos entre el 15 de junio y el 15 de julio, con el programa oficial como p\u00e1gina m\u00e1s visitada"},"content":{"rendered":"<h4>El 7 de julio fue el d\u00eda con m\u00e1s usuarios de este portal que ofrece fotos de la fiesta, v\u00eddeos del encierro y datos de inter\u00e9s para el visitante<\/h4>\n<p><a href=\"http:\/\/laguiadepamplona.com\/actualidad\/wp-content\/uploads\/2014\/06\/4_198-712x1024.jpg\"><img loading=\"lazy\" decoding=\"async\" class=\"alignleft size-medium wp-image-1990\" src=\"http:\/\/laguiadepamplona.com\/actualidad\/wp-content\/uploads\/2014\/06\/4_198-712x1024-208x300.jpg\" alt=\"cartel san ferm\u00edn 2014\" width=\"208\" height=\"300\" \/><\/a>El portal sobre las fiestas de San Ferm\u00edn del Ayuntamiento de Pamplona, sanfermin.pamplona.es, registr\u00f3 entre el 15 de junio y el 15 de julio un total de 56.534 visitas, con una media de 1.884 por d\u00eda frente a las 1.550 del a\u00f1o pasado. El d\u00eda de m\u00e1s usuarios fue el lunes 7 de julio, con 6.787 visitas y 20.361 accesos distintos. Esta web municipal ofrece informaci\u00f3n de diferentes aspectos de la fiesta como la programaci\u00f3n, v\u00eddeos e im\u00e1genes o datos pr\u00e1cticos para el visitante de la ciudad.<\/p>\n<p>Entre los d\u00edas previos a los Sanfermines y las jornadas propiamente festivas fueron 43.495 los visitantes que navegaron por el citado portal, con un total de 136.009 p\u00e1ginas visitadas. Despu\u00e9s de la portada, la p\u00e1gina con m\u00e1s accesos fue la del programa oficial de San Ferm\u00edn, con 21.230 entradas. Otras de las m\u00e1s visionadas fueron las que informaban de los momentos de la fiesta, con 10.763 visitas; el encierro, con 7.338; o multimedia y descargas, con 5.167.<\/p>\n<p>Asimismo, la p\u00e1gina dedicada a los fuegos artificiales, en la que se pod\u00eda votar a la mejor colecci\u00f3n de las fiestas, tuvo un total de 2.369 accesos, mientras que el apartado que acoge los carteles de San Ferm\u00edn desde el siglo XIX fue visitado en 4.929 ocasiones. La galer\u00eda fotogr\u00e1fica, que ofrece instant\u00e1neas diarias de los principales eventos de las fiestas, registr\u00f3 un total de 1.396 accesos. Y, por \u00faltimo, la secci\u00f3n desde la que se puede acceder diariamente a los v\u00eddeos de los encierros filmados por TVE registr\u00f3 durante las fiestas un total de 2.766 visitas, de las cuales 584 correspondieron al d\u00eda 7, seguido del d\u00eda 10 con 420, el d\u00eda 9 con 417 y el d\u00eda 14 con 410.<\/p>\n<p><strong>Casi 49.000 visualizaciones en YouTube<\/strong><\/p>\n<p>Por otra parte, la p\u00e1gina del Ayuntamiento de Pamplona en el canal YouTube de Internet registr\u00f3 durante las fiestas un total de 48.864 visualizaciones, as\u00ed como 406 v\u00eddeos compartidos. El canal <a href=\"http:\/\/www.youtube.com\/pamplonaSF\" target=\"_blank\">www.youtube.com\/pamplonaSF<\/a> contabiliz\u00f3 225 suscriptores de 135 pa\u00edses distintos.<\/p>\n<p>En esta p\u00e1gina se pod\u00edan visualizar 22 v\u00eddeos producidos para el Centro Tem\u00e1tico del Encierro y los Sanfermines con temas diversos, desde momentos concretos de la fiesta como el encierro, las dianas, la Procesi\u00f3n, los fuegos artificiales o la Comparsa de Gigantes y Cabezudos hasta contenidos m\u00e1s gen\u00e9ricos relacionados con las fiestas como vestimenta, gastronom\u00eda, folklore o los ni\u00f1os.<\/p>\n<p>&nbsp;<\/p>\n","protected":false},"excerpt":{"rendered":"<p>El 7 de julio fue el d\u00eda con m\u00e1s usuarios de este portal que ofrece fotos de la fiesta, v\u00eddeos del encierro y datos de inter\u00e9s para el visitante El&#8230;<\/p>\n","protected":false},"author":1,"featured_media":1990,"comment_status":"open","ping_status":"open","sticky":false,"template":"","format":"standard","meta":{"footnotes":""},"categories":[2],"tags":[199,5,6,509,8,9,506,315,578,1923],"class_list":["post-2405","post","type-post","status-publish","format-standard","has-post-thumbnail","hentry","category-ayuntamiento-pamplona","tag-199","tag-actualidad","tag-ayto-pamplona","tag-ayuntamiento-de-pamplona","tag-noticias","tag-pamplona","tag-san-fermin","tag-san-fermin-2014","tag-sanfermines","tag-youtube"],"yoast_head":"<!-- This site is optimized with the Yoast SEO plugin v27.5 - https:\/\/yoast.com\/product\/yoast-seo-wordpress\/ -->\n<title>La web del Ayuntamiento sobre los Sanfermines registr\u00f3 m\u00e1s de 136.000 accesos entre el 15 de junio y el 15 de julio, con el programa oficial como p\u00e1gina m\u00e1s visitada<\/title>\n<meta name=\"robots\" content=\"index, follow, max-snippet:-1, max-image-preview:large, max-video-preview:-1\" \/>\n<link rel=\"canonical\" href=\"https:\/\/www.laguiadepamplona.com\/actualidad\/la-web-del-ayuntamiento-sobre-los-sanfermines-registro-mas-de-136-000-accesos-entre-el-15-de-junio-y-el-15-de-julio-con-el-programa-oficial-como-pagina-mas-visitada\/\" \/>\n<meta property=\"og:locale\" content=\"es_ES\" \/>\n<meta property=\"og:type\" content=\"article\" \/>\n<meta property=\"og:title\" content=\"La web del Ayuntamiento sobre los Sanfermines registr\u00f3 m\u00e1s de 136.000 accesos entre el 15 de junio y el 15 de julio, con el programa oficial como p\u00e1gina m\u00e1s visitada\" \/>\n<meta property=\"og:description\" content=\"El 7 de julio fue el d\u00eda con m\u00e1s usuarios de este portal que ofrece fotos de la fiesta, v\u00eddeos del encierro y datos de inter\u00e9s para el visitante El...\" \/>\n<meta property=\"og:url\" content=\"https:\/\/www.laguiadepamplona.com\/actualidad\/la-web-del-ayuntamiento-sobre-los-sanfermines-registro-mas-de-136-000-accesos-entre-el-15-de-junio-y-el-15-de-julio-con-el-programa-oficial-como-pagina-mas-visitada\/\" \/>\n<meta property=\"og:site_name\" content=\"La Gu\u00eda de Pamplona\" \/>\n<meta property=\"article:publisher\" content=\"https:\/\/www.facebook.com\/laguiadepamplonacom-133175176762273\/?ref=hl\" \/>\n<meta property=\"article:published_time\" content=\"2014-07-18T16:29:39+00:00\" \/>\n<meta name=\"author\" content=\"La Gu\u00eda de Pamplona\" \/>\n<meta name=\"twitter:card\" content=\"summary_large_image\" \/>\n<meta name=\"twitter:creator\" content=\"@LaGuiadPamplona\" \/>\n<meta name=\"twitter:site\" content=\"@LaGuiadPamplona\" \/>\n<meta name=\"twitter:label1\" content=\"Escrito por\" \/>\n\t<meta name=\"twitter:data1\" content=\"La Gu\u00eda de Pamplona\" \/>\n\t<meta name=\"twitter:label2\" content=\"Tiempo de lectura\" \/>\n\t<meta name=\"twitter:data2\" content=\"2 minutos\" \/>\n<script type=\"application\/ld+json\" class=\"yoast-schema-graph\">{\"@context\":\"https:\\\/\\\/schema.org\",\"@graph\":[{\"@type\":\"Article\",\"@id\":\"https:\\\/\\\/www.laguiadepamplona.com\\\/actualidad\\\/la-web-del-ayuntamiento-sobre-los-sanfermines-registro-mas-de-136-000-accesos-entre-el-15-de-junio-y-el-15-de-julio-con-el-programa-oficial-como-pagina-mas-visitada\\\/#article\",\"isPartOf\":{\"@id\":\"https:\\\/\\\/www.laguiadepamplona.com\\\/actualidad\\\/la-web-del-ayuntamiento-sobre-los-sanfermines-registro-mas-de-136-000-accesos-entre-el-15-de-junio-y-el-15-de-julio-con-el-programa-oficial-como-pagina-mas-visitada\\\/\"},\"author\":{\"name\":\"La Gu\u00eda de Pamplona\",\"@id\":\"https:\\\/\\\/www.laguiadepamplona.com\\\/actualidad\\\/#\\\/schema\\\/person\\\/efe887376f0213d4657c93adc50b1fdb\"},\"headline\":\"La web del Ayuntamiento sobre los Sanfermines registr\u00f3 m\u00e1s de 136.000 accesos entre el 15 de junio y el 15 de julio, con el programa oficial como p\u00e1gina m\u00e1s visitada\",\"datePublished\":\"2014-07-18T16:29:39+00:00\",\"mainEntityOfPage\":{\"@id\":\"https:\\\/\\\/www.laguiadepamplona.com\\\/actualidad\\\/la-web-del-ayuntamiento-sobre-los-sanfermines-registro-mas-de-136-000-accesos-entre-el-15-de-junio-y-el-15-de-julio-con-el-programa-oficial-como-pagina-mas-visitada\\\/\"},\"wordCount\":467,\"commentCount\":0,\"publisher\":{\"@id\":\"https:\\\/\\\/www.laguiadepamplona.com\\\/actualidad\\\/#organization\"},\"image\":{\"@id\":\"https:\\\/\\\/www.laguiadepamplona.com\\\/actualidad\\\/la-web-del-ayuntamiento-sobre-los-sanfermines-registro-mas-de-136-000-accesos-entre-el-15-de-junio-y-el-15-de-julio-con-el-programa-oficial-como-pagina-mas-visitada\\\/#primaryimage\"},\"thumbnailUrl\":\"\",\"keywords\":[\"2014\",\"actualidad\",\"ayto pamplona\",\"Ayuntamiento de Pamplona\",\"noticias\",\"pamplona\",\"san ferm\u00edn\",\"San Ferm\u00edn 2014\",\"Sanfermines\",\"youtube\"],\"articleSection\":[\"Ayto Pamplona\"],\"inLanguage\":\"es\",\"potentialAction\":[{\"@type\":\"CommentAction\",\"name\":\"Comment\",\"target\":[\"https:\\\/\\\/www.laguiadepamplona.com\\\/actualidad\\\/la-web-del-ayuntamiento-sobre-los-sanfermines-registro-mas-de-136-000-accesos-entre-el-15-de-junio-y-el-15-de-julio-con-el-programa-oficial-como-pagina-mas-visitada\\\/#respond\"]}]},{\"@type\":\"WebPage\",\"@id\":\"https:\\\/\\\/www.laguiadepamplona.com\\\/actualidad\\\/la-web-del-ayuntamiento-sobre-los-sanfermines-registro-mas-de-136-000-accesos-entre-el-15-de-junio-y-el-15-de-julio-con-el-programa-oficial-como-pagina-mas-visitada\\\/\",\"url\":\"https:\\\/\\\/www.laguiadepamplona.com\\\/actualidad\\\/la-web-del-ayuntamiento-sobre-los-sanfermines-registro-mas-de-136-000-accesos-entre-el-15-de-junio-y-el-15-de-julio-con-el-programa-oficial-como-pagina-mas-visitada\\\/\",\"name\":\"La web del Ayuntamiento sobre los Sanfermines registr\u00f3 m\u00e1s de 136.000 accesos entre el 15 de junio y el 15 de julio, con el programa oficial como p\u00e1gina m\u00e1s visitada\",\"isPartOf\":{\"@id\":\"https:\\\/\\\/www.laguiadepamplona.com\\\/actualidad\\\/#website\"},\"primaryImageOfPage\":{\"@id\":\"https:\\\/\\\/www.laguiadepamplona.com\\\/actualidad\\\/la-web-del-ayuntamiento-sobre-los-sanfermines-registro-mas-de-136-000-accesos-entre-el-15-de-junio-y-el-15-de-julio-con-el-programa-oficial-como-pagina-mas-visitada\\\/#primaryimage\"},\"image\":{\"@id\":\"https:\\\/\\\/www.laguiadepamplona.com\\\/actualidad\\\/la-web-del-ayuntamiento-sobre-los-sanfermines-registro-mas-de-136-000-accesos-entre-el-15-de-junio-y-el-15-de-julio-con-el-programa-oficial-como-pagina-mas-visitada\\\/#primaryimage\"},\"thumbnailUrl\":\"\",\"datePublished\":\"2014-07-18T16:29:39+00:00\",\"breadcrumb\":{\"@id\":\"https:\\\/\\\/www.laguiadepamplona.com\\\/actualidad\\\/la-web-del-ayuntamiento-sobre-los-sanfermines-registro-mas-de-136-000-accesos-entre-el-15-de-junio-y-el-15-de-julio-con-el-programa-oficial-como-pagina-mas-visitada\\\/#breadcrumb\"},\"inLanguage\":\"es\",\"potentialAction\":[{\"@type\":\"ReadAction\",\"target\":[\"https:\\\/\\\/www.laguiadepamplona.com\\\/actualidad\\\/la-web-del-ayuntamiento-sobre-los-sanfermines-registro-mas-de-136-000-accesos-entre-el-15-de-junio-y-el-15-de-julio-con-el-programa-oficial-como-pagina-mas-visitada\\\/\"]}]},{\"@type\":\"ImageObject\",\"inLanguage\":\"es\",\"@id\":\"https:\\\/\\\/www.laguiadepamplona.com\\\/actualidad\\\/la-web-del-ayuntamiento-sobre-los-sanfermines-registro-mas-de-136-000-accesos-entre-el-15-de-junio-y-el-15-de-julio-con-el-programa-oficial-como-pagina-mas-visitada\\\/#primaryimage\",\"url\":\"\",\"contentUrl\":\"\"},{\"@type\":\"BreadcrumbList\",\"@id\":\"https:\\\/\\\/www.laguiadepamplona.com\\\/actualidad\\\/la-web-del-ayuntamiento-sobre-los-sanfermines-registro-mas-de-136-000-accesos-entre-el-15-de-junio-y-el-15-de-julio-con-el-programa-oficial-como-pagina-mas-visitada\\\/#breadcrumb\",\"itemListElement\":[{\"@type\":\"ListItem\",\"position\":1,\"name\":\"Portada\",\"item\":\"https:\\\/\\\/www.laguiadepamplona.com\\\/actualidad\\\/\"},{\"@type\":\"ListItem\",\"position\":2,\"name\":\"La web del Ayuntamiento sobre los Sanfermines registr\u00f3 m\u00e1s de 136.000 accesos entre el 15 de junio y el 15 de julio, con el programa oficial como p\u00e1gina m\u00e1s visitada\"}]},{\"@type\":\"WebSite\",\"@id\":\"https:\\\/\\\/www.laguiadepamplona.com\\\/actualidad\\\/#website\",\"url\":\"https:\\\/\\\/www.laguiadepamplona.com\\\/actualidad\\\/\",\"name\":\"La gu\u00eda de Pamplona\",\"description\":\"Noticias de Pamplona\",\"publisher\":{\"@id\":\"https:\\\/\\\/www.laguiadepamplona.com\\\/actualidad\\\/#organization\"},\"potentialAction\":[{\"@type\":\"SearchAction\",\"target\":{\"@type\":\"EntryPoint\",\"urlTemplate\":\"https:\\\/\\\/www.laguiadepamplona.com\\\/actualidad\\\/?s={search_term_string}\"},\"query-input\":{\"@type\":\"PropertyValueSpecification\",\"valueRequired\":true,\"valueName\":\"search_term_string\"}}],\"inLanguage\":\"es\"},{\"@type\":\"Organization\",\"@id\":\"https:\\\/\\\/www.laguiadepamplona.com\\\/actualidad\\\/#organization\",\"name\":\"La Gu\u00eda de Pamplona \\\/ Noticias\",\"url\":\"https:\\\/\\\/www.laguiadepamplona.com\\\/actualidad\\\/\",\"logo\":{\"@type\":\"ImageObject\",\"inLanguage\":\"es\",\"@id\":\"https:\\\/\\\/www.laguiadepamplona.com\\\/actualidad\\\/#\\\/schema\\\/logo\\\/image\\\/\",\"url\":\"https:\\\/\\\/www.laguiadepamplona.com\\\/actualidad\\\/wp-content\\\/uploads\\\/2018\\\/11\\\/logo-laguiadepamplona18-web1.png\",\"contentUrl\":\"https:\\\/\\\/www.laguiadepamplona.com\\\/actualidad\\\/wp-content\\\/uploads\\\/2018\\\/11\\\/logo-laguiadepamplona18-web1.png\",\"width\":600,\"height\":196,\"caption\":\"La Gu\u00eda de Pamplona \\\/ Noticias\"},\"image\":{\"@id\":\"https:\\\/\\\/www.laguiadepamplona.com\\\/actualidad\\\/#\\\/schema\\\/logo\\\/image\\\/\"},\"sameAs\":[\"https:\\\/\\\/www.facebook.com\\\/laguiadepamplonacom-133175176762273\\\/?ref=hl\",\"https:\\\/\\\/x.com\\\/LaGuiadPamplona\",\"https:\\\/\\\/www.instagram.com\\\/la_guia_de_pamplona\\\/\",\"https:\\\/\\\/www.youtube.com\\\/user\\\/laguiadepamplona\"]},{\"@type\":\"Person\",\"@id\":\"https:\\\/\\\/www.laguiadepamplona.com\\\/actualidad\\\/#\\\/schema\\\/person\\\/efe887376f0213d4657c93adc50b1fdb\",\"name\":\"La Gu\u00eda de Pamplona\",\"image\":{\"@type\":\"ImageObject\",\"inLanguage\":\"es\",\"@id\":\"https:\\\/\\\/secure.gravatar.com\\\/avatar\\\/b6992f131dc8d30ab0dff15446e9d346d9dbd95992de0fef795073f5ea83a81c?s=96&d=mm&r=g\",\"url\":\"https:\\\/\\\/secure.gravatar.com\\\/avatar\\\/b6992f131dc8d30ab0dff15446e9d346d9dbd95992de0fef795073f5ea83a81c?s=96&d=mm&r=g\",\"contentUrl\":\"https:\\\/\\\/secure.gravatar.com\\\/avatar\\\/b6992f131dc8d30ab0dff15446e9d346d9dbd95992de0fef795073f5ea83a81c?s=96&d=mm&r=g\",\"caption\":\"La Gu\u00eda de Pamplona\"}}]}<\/script>\n<!-- \/ Yoast SEO plugin. -->","yoast_head_json":{"title":"La web del Ayuntamiento sobre los Sanfermines registr\u00f3 m\u00e1s de 136.000 accesos entre el 15 de junio y el 15 de julio, con el programa oficial como p\u00e1gina m\u00e1s visitada","robots":{"index":"index","follow":"follow","max-snippet":"max-snippet:-1","max-image-preview":"max-image-preview:large","max-video-preview":"max-video-preview:-1"},"canonical":"https:\/\/www.laguiadepamplona.com\/actualidad\/la-web-del-ayuntamiento-sobre-los-sanfermines-registro-mas-de-136-000-accesos-entre-el-15-de-junio-y-el-15-de-julio-con-el-programa-oficial-como-pagina-mas-visitada\/","og_locale":"es_ES","og_type":"article","og_title":"La web del Ayuntamiento sobre los Sanfermines registr\u00f3 m\u00e1s de 136.000 accesos entre el 15 de junio y el 15 de julio, con el programa oficial como p\u00e1gina m\u00e1s visitada","og_description":"El 7 de julio fue el d\u00eda con m\u00e1s usuarios de este portal que ofrece fotos de la fiesta, v\u00eddeos del encierro y datos de inter\u00e9s para el visitante El...","og_url":"https:\/\/www.laguiadepamplona.com\/actualidad\/la-web-del-ayuntamiento-sobre-los-sanfermines-registro-mas-de-136-000-accesos-entre-el-15-de-junio-y-el-15-de-julio-con-el-programa-oficial-como-pagina-mas-visitada\/","og_site_name":"La Gu\u00eda de Pamplona","article_publisher":"https:\/\/www.facebook.com\/laguiadepamplonacom-133175176762273\/?ref=hl","article_published_time":"2014-07-18T16:29:39+00:00","author":"La Gu\u00eda de Pamplona","twitter_card":"summary_large_image","twitter_creator":"@LaGuiadPamplona","twitter_site":"@LaGuiadPamplona","twitter_misc":{"Escrito por":"La Gu\u00eda de Pamplona","Tiempo de lectura":"2 minutos"},"schema":{"@context":"https:\/\/schema.org","@graph":[{"@type":"Article","@id":"https:\/\/www.laguiadepamplona.com\/actualidad\/la-web-del-ayuntamiento-sobre-los-sanfermines-registro-mas-de-136-000-accesos-entre-el-15-de-junio-y-el-15-de-julio-con-el-programa-oficial-como-pagina-mas-visitada\/#article","isPartOf":{"@id":"https:\/\/www.laguiadepamplona.com\/actualidad\/la-web-del-ayuntamiento-sobre-los-sanfermines-registro-mas-de-136-000-accesos-entre-el-15-de-junio-y-el-15-de-julio-con-el-programa-oficial-como-pagina-mas-visitada\/"},"author":{"name":"La Gu\u00eda de Pamplona","@id":"https:\/\/www.laguiadepamplona.com\/actualidad\/#\/schema\/person\/efe887376f0213d4657c93adc50b1fdb"},"headline":"La web del Ayuntamiento sobre los Sanfermines registr\u00f3 m\u00e1s de 136.000 accesos entre el 15 de junio y el 15 de julio, con el programa oficial como p\u00e1gina m\u00e1s visitada","datePublished":"2014-07-18T16:29:39+00:00","mainEntityOfPage":{"@id":"https:\/\/www.laguiadepamplona.com\/actualidad\/la-web-del-ayuntamiento-sobre-los-sanfermines-registro-mas-de-136-000-accesos-entre-el-15-de-junio-y-el-15-de-julio-con-el-programa-oficial-como-pagina-mas-visitada\/"},"wordCount":467,"commentCount":0,"publisher":{"@id":"https:\/\/www.laguiadepamplona.com\/actualidad\/#organization"},"image":{"@id":"https:\/\/www.laguiadepamplona.com\/actualidad\/la-web-del-ayuntamiento-sobre-los-sanfermines-registro-mas-de-136-000-accesos-entre-el-15-de-junio-y-el-15-de-julio-con-el-programa-oficial-como-pagina-mas-visitada\/#primaryimage"},"thumbnailUrl":"","keywords":["2014","actualidad","ayto pamplona","Ayuntamiento de Pamplona","noticias","pamplona","san ferm\u00edn","San Ferm\u00edn 2014","Sanfermines","youtube"],"articleSection":["Ayto Pamplona"],"inLanguage":"es","potentialAction":[{"@type":"CommentAction","name":"Comment","target":["https:\/\/www.laguiadepamplona.com\/actualidad\/la-web-del-ayuntamiento-sobre-los-sanfermines-registro-mas-de-136-000-accesos-entre-el-15-de-junio-y-el-15-de-julio-con-el-programa-oficial-como-pagina-mas-visitada\/#respond"]}]},{"@type":"WebPage","@id":"https:\/\/www.laguiadepamplona.com\/actualidad\/la-web-del-ayuntamiento-sobre-los-sanfermines-registro-mas-de-136-000-accesos-entre-el-15-de-junio-y-el-15-de-julio-con-el-programa-oficial-como-pagina-mas-visitada\/","url":"https:\/\/www.laguiadepamplona.com\/actualidad\/la-web-del-ayuntamiento-sobre-los-sanfermines-registro-mas-de-136-000-accesos-entre-el-15-de-junio-y-el-15-de-julio-con-el-programa-oficial-como-pagina-mas-visitada\/","name":"La web del Ayuntamiento sobre los Sanfermines registr\u00f3 m\u00e1s de 136.000 accesos entre el 15 de junio y el 15 de julio, con el programa oficial como p\u00e1gina m\u00e1s visitada","isPartOf":{"@id":"https:\/\/www.laguiadepamplona.com\/actualidad\/#website"},"primaryImageOfPage":{"@id":"https:\/\/www.laguiadepamplona.com\/actualidad\/la-web-del-ayuntamiento-sobre-los-sanfermines-registro-mas-de-136-000-accesos-entre-el-15-de-junio-y-el-15-de-julio-con-el-programa-oficial-como-pagina-mas-visitada\/#primaryimage"},"image":{"@id":"https:\/\/www.laguiadepamplona.com\/actualidad\/la-web-del-ayuntamiento-sobre-los-sanfermines-registro-mas-de-136-000-accesos-entre-el-15-de-junio-y-el-15-de-julio-con-el-programa-oficial-como-pagina-mas-visitada\/#primaryimage"},"thumbnailUrl":"","datePublished":"2014-07-18T16:29:39+00:00","breadcrumb":{"@id":"https:\/\/www.laguiadepamplona.com\/actualidad\/la-web-del-ayuntamiento-sobre-los-sanfermines-registro-mas-de-136-000-accesos-entre-el-15-de-junio-y-el-15-de-julio-con-el-programa-oficial-como-pagina-mas-visitada\/#breadcrumb"},"inLanguage":"es","potentialAction":[{"@type":"ReadAction","target":["https:\/\/www.laguiadepamplona.com\/actualidad\/la-web-del-ayuntamiento-sobre-los-sanfermines-registro-mas-de-136-000-accesos-entre-el-15-de-junio-y-el-15-de-julio-con-el-programa-oficial-como-pagina-mas-visitada\/"]}]},{"@type":"ImageObject","inLanguage":"es","@id":"https:\/\/www.laguiadepamplona.com\/actualidad\/la-web-del-ayuntamiento-sobre-los-sanfermines-registro-mas-de-136-000-accesos-entre-el-15-de-junio-y-el-15-de-julio-con-el-programa-oficial-como-pagina-mas-visitada\/#primaryimage","url":"","contentUrl":""},{"@type":"BreadcrumbList","@id":"https:\/\/www.laguiadepamplona.com\/actualidad\/la-web-del-ayuntamiento-sobre-los-sanfermines-registro-mas-de-136-000-accesos-entre-el-15-de-junio-y-el-15-de-julio-con-el-programa-oficial-como-pagina-mas-visitada\/#breadcrumb","itemListElement":[{"@type":"ListItem","position":1,"name":"Portada","item":"https:\/\/www.laguiadepamplona.com\/actualidad\/"},{"@type":"ListItem","position":2,"name":"La web del Ayuntamiento sobre los Sanfermines registr\u00f3 m\u00e1s de 136.000 accesos entre el 15 de junio y el 15 de julio, con el programa oficial como p\u00e1gina m\u00e1s visitada"}]},{"@type":"WebSite","@id":"https:\/\/www.laguiadepamplona.com\/actualidad\/#website","url":"https:\/\/www.laguiadepamplona.com\/actualidad\/","name":"La gu\u00eda de Pamplona","description":"Noticias de Pamplona","publisher":{"@id":"https:\/\/www.laguiadepamplona.com\/actualidad\/#organization"},"potentialAction":[{"@type":"SearchAction","target":{"@type":"EntryPoint","urlTemplate":"https:\/\/www.laguiadepamplona.com\/actualidad\/?s={search_term_string}"},"query-input":{"@type":"PropertyValueSpecification","valueRequired":true,"valueName":"search_term_string"}}],"inLanguage":"es"},{"@type":"Organization","@id":"https:\/\/www.laguiadepamplona.com\/actualidad\/#organization","name":"La Gu\u00eda de Pamplona \/ Noticias","url":"https:\/\/www.laguiadepamplona.com\/actualidad\/","logo":{"@type":"ImageObject","inLanguage":"es","@id":"https:\/\/www.laguiadepamplona.com\/actualidad\/#\/schema\/logo\/image\/","url":"https:\/\/www.laguiadepamplona.com\/actualidad\/wp-content\/uploads\/2018\/11\/logo-laguiadepamplona18-web1.png","contentUrl":"https:\/\/www.laguiadepamplona.com\/actualidad\/wp-content\/uploads\/2018\/11\/logo-laguiadepamplona18-web1.png","width":600,"height":196,"caption":"La Gu\u00eda de Pamplona \/ Noticias"},"image":{"@id":"https:\/\/www.laguiadepamplona.com\/actualidad\/#\/schema\/logo\/image\/"},"sameAs":["https:\/\/www.facebook.com\/laguiadepamplonacom-133175176762273\/?ref=hl","https:\/\/x.com\/LaGuiadPamplona","https:\/\/www.instagram.com\/la_guia_de_pamplona\/","https:\/\/www.youtube.com\/user\/laguiadepamplona"]},{"@type":"Person","@id":"https:\/\/www.laguiadepamplona.com\/actualidad\/#\/schema\/person\/efe887376f0213d4657c93adc50b1fdb","name":"La Gu\u00eda de Pamplona","image":{"@type":"ImageObject","inLanguage":"es","@id":"https:\/\/secure.gravatar.com\/avatar\/b6992f131dc8d30ab0dff15446e9d346d9dbd95992de0fef795073f5ea83a81c?s=96&d=mm&r=g","url":"https:\/\/secure.gravatar.com\/avatar\/b6992f131dc8d30ab0dff15446e9d346d9dbd95992de0fef795073f5ea83a81c?s=96&d=mm&r=g","contentUrl":"https:\/\/secure.gravatar.com\/avatar\/b6992f131dc8d30ab0dff15446e9d346d9dbd95992de0fef795073f5ea83a81c?s=96&d=mm&r=g","caption":"La Gu\u00eda de Pamplona"}}]}},"post_mailing_queue_ids":[],"_links":{"self":[{"href":"https:\/\/www.laguiadepamplona.com\/actualidad\/wp-json\/wp\/v2\/posts\/2405","targetHints":{"allow":["GET"]}}],"collection":[{"href":"https:\/\/www.laguiadepamplona.com\/actualidad\/wp-json\/wp\/v2\/posts"}],"about":[{"href":"https:\/\/www.laguiadepamplona.com\/actualidad\/wp-json\/wp\/v2\/types\/post"}],"author":[{"embeddable":true,"href":"https:\/\/www.laguiadepamplona.com\/actualidad\/wp-json\/wp\/v2\/users\/1"}],"replies":[{"embeddable":true,"href":"https:\/\/www.laguiadepamplona.com\/actualidad\/wp-json\/wp\/v2\/comments?post=2405"}],"version-history":[{"count":0,"href":"https:\/\/www.laguiadepamplona.com\/actualidad\/wp-json\/wp\/v2\/posts\/2405\/revisions"}],"wp:featuredmedia":[{"embeddable":true,"href":"https:\/\/www.laguiadepamplona.com\/actualidad\/wp-json\/"}],"wp:attachment":[{"href":"https:\/\/www.laguiadepamplona.com\/actualidad\/wp-json\/wp\/v2\/media?parent=2405"}],"wp:term":[{"taxonomy":"category","embeddable":true,"href":"https:\/\/www.laguiadepamplona.com\/actualidad\/wp-json\/wp\/v2\/categories?post=2405"},{"taxonomy":"post_tag","embeddable":true,"href":"https:\/\/www.laguiadepamplona.com\/actualidad\/wp-json\/wp\/v2\/tags?post=2405"}],"curies":[{"name":"wp","href":"https:\/\/api.w.org\/{rel}","templated":true}]}}