{"id":2337,"date":"2014-07-11T16:00:03","date_gmt":"2014-07-11T16:00:03","guid":{"rendered":"http:\/\/laguiadepamplona.com\/actualidad\/?p=2337"},"modified":"2014-07-11T16:00:03","modified_gmt":"2014-07-11T16:00:03","slug":"con-el-fin-de-semana-llegan-los-espectaculos-de-calle-de-mayor-formato-a-la-zona-peatonal-de-carlos-iii","status":"publish","type":"post","link":"https:\/\/www.laguiadepamplona.com\/actualidad\/con-el-fin-de-semana-llegan-los-espectaculos-de-calle-de-mayor-formato-a-la-zona-peatonal-de-carlos-iii\/","title":{"rendered":"Con el fin de semana llegan los espect\u00e1culos de calle de mayor formato a la zona peatonal de Carlos III"},"content":{"rendered":"<h4>Ma\u00f1ana la compa\u00f1\u00eda Ziga Zaga D\u2019espectacles pondr\u00e1 en escena el pasacalles de animaci\u00f3n Yellow Submarine<\/h4>\n<p><a href=\"http:\/\/laguiadepamplona.com\/actualidad\/wp-content\/uploads\/2014\/07\/zigazaga_yellow_submarine-b.jpg\"><img loading=\"lazy\" decoding=\"async\" class=\"alignleft size-medium wp-image-2338\" src=\"http:\/\/laguiadepamplona.com\/actualidad\/wp-content\/uploads\/2014\/07\/zigazaga_yellow_submarine-b-300x199.jpg\" alt=\"zigazaga_yellow_submarine-b\" width=\"300\" height=\"199\" \/><\/a>El c\u00e9lebre submarino amarillo de los Beatles es ya un icono que ha atravesado la frontera temporal entre los siglos XX y XXI y las fronteras f\u00edsicas entre los continentes. Mucho sabe de eso Ziga Zaga, una compa\u00f1\u00eda que igual ha trabajado en Irlanda, que en Estonia o en Turqu\u00eda. La compa\u00f1\u00eda pondr\u00e1 ma\u00f1ana s\u00e1bado en la calle su espect\u00e1culo \u2018Yellow Submarine\u2019 con un elenco formado por ocho personas. Durante 55 minutos este pasacalles de gran formato inundar\u00e1 la avenida con un submarino de 12 metros con sonido, zancudos, serpentinas a gran altura y carros con mangas hinchables.<\/p>\n<p>La compa\u00f1\u00eda Ziga Zaga D\u2019espectacles se cre\u00f3 en 1998 en Barcelona de la mano de un grupo de creadores del \u00e1mbito del teatro. Desde entonces han recorrido m\u00e1s de 11 pa\u00edses y gran parte de la geograf\u00eda espa\u00f1ola participando de festivales, carnavales, fiestas patronales y muestras. Sus integrantes han colaborado, adem\u00e1s, con compa\u00f1\u00edas tan consagradas como Dagoll Dagom o Comediants, o artistas como Leo Basi. Adem\u00e1s de sus montajes de creaci\u00f3n propia con elementos hinchables de gran tama\u00f1o, hacen escenograf\u00edas para televisi\u00f3n, eventos para entregas de premios, convenciones de empresa, etc.<\/p>\n<p>Esta compa\u00f1\u00eda ser\u00e1 la encargada, adem\u00e1s, de cerrar el ciclo Paseando de 2014, este domingo con el espect\u00e1culo Bollywood, centrado en la cultura oriental. Paseando lleva m\u00e1s de una d\u00e9cada acercando a Pamplona compa\u00f1\u00edas de animaci\u00f3n en calle, buscando el divertimento y la espectacularidad, para cerrar la tarde de las jornadas festivas de los m\u00e1s peque\u00f1os, coincidiendo con el cierre del espacio Menudas fiestas, en Carlos III.<\/p>\n<p><strong>Pr\u00f3ximas actividades de \u201cPaseando\u201d 2014<\/strong><\/p>\n<p><strong>Horario: 21 horas<\/strong><\/p>\n<p><strong>D\u00eda 12<\/strong><\/p>\n<ul>\n<li>Espect\u00e1culo: Yellow Submarine<\/li>\n<li>Compa\u00f1\u00eda: Ziga Zaga<\/li>\n<li>Duraci\u00f3n: 55 minutos<\/li>\n<li>Formato: pasacalles<\/li>\n<li>Lugar:salida de Conde de Rodezno, zona peatonal de la avenida Carlos III, hasta su confluencia con la calle San Ferm\u00edn<\/li>\n<\/ul>\n<p><strong>D\u00eda 13<\/strong><\/p>\n<ul>\n<li>Espect\u00e1culo: Bollywood<\/li>\n<li>Compa\u00f1\u00eda: Ziga Zaga<\/li>\n<li>Duraci\u00f3n: 55 minutos<\/li>\n<li>Formato: pasacalles<\/li>\n<li>Lugar:salida de Conde de Rodezno, zona peatonal de la avenida Carlos III, hasta su confluencia con la calle San Ferm\u00edn<\/li>\n<\/ul>\n<p>&nbsp;<\/p>\n","protected":false},"excerpt":{"rendered":"<p>Ma\u00f1ana la compa\u00f1\u00eda Ziga Zaga D\u2019espectacles pondr\u00e1 en escena el pasacalles de animaci\u00f3n Yellow Submarine El c\u00e9lebre submarino amarillo de los Beatles es ya un icono que ha atravesado la&#8230;<\/p>\n","protected":false},"author":1,"featured_media":2338,"comment_status":"open","ping_status":"open","sticky":false,"template":"","format":"standard","meta":{"footnotes":""},"categories":[2],"tags":[5,6,509,8,9,1945,1902,506,315,578,1975,1904],"class_list":["post-2337","post","type-post","status-publish","format-standard","has-post-thumbnail","hentry","category-ayuntamiento-pamplona","tag-actualidad","tag-ayto-pamplona","tag-ayuntamiento-de-pamplona","tag-noticias","tag-pamplona","tag-pasacalles","tag-paseando","tag-san-fermin","tag-san-fermin-2014","tag-sanfermines","tag-yellow-submarine","tag-ziga-zaga"],"yoast_head":"<!-- This site is optimized with the Yoast SEO plugin v27.5 - https:\/\/yoast.com\/product\/yoast-seo-wordpress\/ -->\n<title>Con el fin de semana llegan los espect\u00e1culos de calle de mayor formato a la zona peatonal de Carlos III<\/title>\n<meta name=\"robots\" content=\"index, follow, max-snippet:-1, max-image-preview:large, max-video-preview:-1\" \/>\n<link rel=\"canonical\" href=\"https:\/\/www.laguiadepamplona.com\/actualidad\/con-el-fin-de-semana-llegan-los-espectaculos-de-calle-de-mayor-formato-a-la-zona-peatonal-de-carlos-iii\/\" \/>\n<meta property=\"og:locale\" content=\"es_ES\" \/>\n<meta property=\"og:type\" content=\"article\" \/>\n<meta property=\"og:title\" content=\"Con el fin de semana llegan los espect\u00e1culos de calle de mayor formato a la zona peatonal de Carlos III\" \/>\n<meta property=\"og:description\" content=\"Ma\u00f1ana la compa\u00f1\u00eda Ziga Zaga D\u2019espectacles pondr\u00e1 en escena el pasacalles de animaci\u00f3n Yellow Submarine El c\u00e9lebre submarino amarillo de los Beatles es ya un icono que ha atravesado la...\" \/>\n<meta property=\"og:url\" content=\"https:\/\/www.laguiadepamplona.com\/actualidad\/con-el-fin-de-semana-llegan-los-espectaculos-de-calle-de-mayor-formato-a-la-zona-peatonal-de-carlos-iii\/\" \/>\n<meta property=\"og:site_name\" content=\"La Gu\u00eda de Pamplona\" \/>\n<meta property=\"article:publisher\" content=\"https:\/\/www.facebook.com\/laguiadepamplonacom-133175176762273\/?ref=hl\" \/>\n<meta property=\"article:published_time\" content=\"2014-07-11T16:00:03+00:00\" \/>\n<meta name=\"author\" content=\"La Gu\u00eda de Pamplona\" \/>\n<meta name=\"twitter:card\" content=\"summary_large_image\" \/>\n<meta name=\"twitter:creator\" content=\"@LaGuiadPamplona\" \/>\n<meta name=\"twitter:site\" content=\"@LaGuiadPamplona\" \/>\n<meta name=\"twitter:label1\" content=\"Escrito por\" \/>\n\t<meta name=\"twitter:data1\" content=\"La Gu\u00eda de Pamplona\" \/>\n\t<meta name=\"twitter:label2\" content=\"Tiempo de lectura\" \/>\n\t<meta name=\"twitter:data2\" content=\"2 minutos\" \/>\n<script type=\"application\/ld+json\" class=\"yoast-schema-graph\">{\"@context\":\"https:\\\/\\\/schema.org\",\"@graph\":[{\"@type\":\"Article\",\"@id\":\"https:\\\/\\\/www.laguiadepamplona.com\\\/actualidad\\\/con-el-fin-de-semana-llegan-los-espectaculos-de-calle-de-mayor-formato-a-la-zona-peatonal-de-carlos-iii\\\/#article\",\"isPartOf\":{\"@id\":\"https:\\\/\\\/www.laguiadepamplona.com\\\/actualidad\\\/con-el-fin-de-semana-llegan-los-espectaculos-de-calle-de-mayor-formato-a-la-zona-peatonal-de-carlos-iii\\\/\"},\"author\":{\"name\":\"La Gu\u00eda de Pamplona\",\"@id\":\"https:\\\/\\\/www.laguiadepamplona.com\\\/actualidad\\\/#\\\/schema\\\/person\\\/efe887376f0213d4657c93adc50b1fdb\"},\"headline\":\"Con el fin de semana llegan los espect\u00e1culos de calle de mayor formato a la zona peatonal de Carlos III\",\"datePublished\":\"2014-07-11T16:00:03+00:00\",\"mainEntityOfPage\":{\"@id\":\"https:\\\/\\\/www.laguiadepamplona.com\\\/actualidad\\\/con-el-fin-de-semana-llegan-los-espectaculos-de-calle-de-mayor-formato-a-la-zona-peatonal-de-carlos-iii\\\/\"},\"wordCount\":402,\"commentCount\":0,\"publisher\":{\"@id\":\"https:\\\/\\\/www.laguiadepamplona.com\\\/actualidad\\\/#organization\"},\"image\":{\"@id\":\"https:\\\/\\\/www.laguiadepamplona.com\\\/actualidad\\\/con-el-fin-de-semana-llegan-los-espectaculos-de-calle-de-mayor-formato-a-la-zona-peatonal-de-carlos-iii\\\/#primaryimage\"},\"thumbnailUrl\":\"\",\"keywords\":[\"actualidad\",\"ayto pamplona\",\"Ayuntamiento de Pamplona\",\"noticias\",\"pamplona\",\"pasacalles\",\"paseando\",\"san ferm\u00edn\",\"San Ferm\u00edn 2014\",\"Sanfermines\",\"Yellow Submarine\",\"Ziga Zaga\"],\"articleSection\":[\"Ayto Pamplona\"],\"inLanguage\":\"es\",\"potentialAction\":[{\"@type\":\"CommentAction\",\"name\":\"Comment\",\"target\":[\"https:\\\/\\\/www.laguiadepamplona.com\\\/actualidad\\\/con-el-fin-de-semana-llegan-los-espectaculos-de-calle-de-mayor-formato-a-la-zona-peatonal-de-carlos-iii\\\/#respond\"]}]},{\"@type\":\"WebPage\",\"@id\":\"https:\\\/\\\/www.laguiadepamplona.com\\\/actualidad\\\/con-el-fin-de-semana-llegan-los-espectaculos-de-calle-de-mayor-formato-a-la-zona-peatonal-de-carlos-iii\\\/\",\"url\":\"https:\\\/\\\/www.laguiadepamplona.com\\\/actualidad\\\/con-el-fin-de-semana-llegan-los-espectaculos-de-calle-de-mayor-formato-a-la-zona-peatonal-de-carlos-iii\\\/\",\"name\":\"Con el fin de semana llegan los espect\u00e1culos de calle de mayor formato a la zona peatonal de Carlos III\",\"isPartOf\":{\"@id\":\"https:\\\/\\\/www.laguiadepamplona.com\\\/actualidad\\\/#website\"},\"primaryImageOfPage\":{\"@id\":\"https:\\\/\\\/www.laguiadepamplona.com\\\/actualidad\\\/con-el-fin-de-semana-llegan-los-espectaculos-de-calle-de-mayor-formato-a-la-zona-peatonal-de-carlos-iii\\\/#primaryimage\"},\"image\":{\"@id\":\"https:\\\/\\\/www.laguiadepamplona.com\\\/actualidad\\\/con-el-fin-de-semana-llegan-los-espectaculos-de-calle-de-mayor-formato-a-la-zona-peatonal-de-carlos-iii\\\/#primaryimage\"},\"thumbnailUrl\":\"\",\"datePublished\":\"2014-07-11T16:00:03+00:00\",\"breadcrumb\":{\"@id\":\"https:\\\/\\\/www.laguiadepamplona.com\\\/actualidad\\\/con-el-fin-de-semana-llegan-los-espectaculos-de-calle-de-mayor-formato-a-la-zona-peatonal-de-carlos-iii\\\/#breadcrumb\"},\"inLanguage\":\"es\",\"potentialAction\":[{\"@type\":\"ReadAction\",\"target\":[\"https:\\\/\\\/www.laguiadepamplona.com\\\/actualidad\\\/con-el-fin-de-semana-llegan-los-espectaculos-de-calle-de-mayor-formato-a-la-zona-peatonal-de-carlos-iii\\\/\"]}]},{\"@type\":\"ImageObject\",\"inLanguage\":\"es\",\"@id\":\"https:\\\/\\\/www.laguiadepamplona.com\\\/actualidad\\\/con-el-fin-de-semana-llegan-los-espectaculos-de-calle-de-mayor-formato-a-la-zona-peatonal-de-carlos-iii\\\/#primaryimage\",\"url\":\"\",\"contentUrl\":\"\"},{\"@type\":\"BreadcrumbList\",\"@id\":\"https:\\\/\\\/www.laguiadepamplona.com\\\/actualidad\\\/con-el-fin-de-semana-llegan-los-espectaculos-de-calle-de-mayor-formato-a-la-zona-peatonal-de-carlos-iii\\\/#breadcrumb\",\"itemListElement\":[{\"@type\":\"ListItem\",\"position\":1,\"name\":\"Portada\",\"item\":\"https:\\\/\\\/www.laguiadepamplona.com\\\/actualidad\\\/\"},{\"@type\":\"ListItem\",\"position\":2,\"name\":\"Con el fin de semana llegan los espect\u00e1culos de calle de mayor formato a la zona peatonal de Carlos III\"}]},{\"@type\":\"WebSite\",\"@id\":\"https:\\\/\\\/www.laguiadepamplona.com\\\/actualidad\\\/#website\",\"url\":\"https:\\\/\\\/www.laguiadepamplona.com\\\/actualidad\\\/\",\"name\":\"La gu\u00eda de Pamplona\",\"description\":\"Noticias de Pamplona\",\"publisher\":{\"@id\":\"https:\\\/\\\/www.laguiadepamplona.com\\\/actualidad\\\/#organization\"},\"potentialAction\":[{\"@type\":\"SearchAction\",\"target\":{\"@type\":\"EntryPoint\",\"urlTemplate\":\"https:\\\/\\\/www.laguiadepamplona.com\\\/actualidad\\\/?s={search_term_string}\"},\"query-input\":{\"@type\":\"PropertyValueSpecification\",\"valueRequired\":true,\"valueName\":\"search_term_string\"}}],\"inLanguage\":\"es\"},{\"@type\":\"Organization\",\"@id\":\"https:\\\/\\\/www.laguiadepamplona.com\\\/actualidad\\\/#organization\",\"name\":\"La Gu\u00eda de Pamplona \\\/ Noticias\",\"url\":\"https:\\\/\\\/www.laguiadepamplona.com\\\/actualidad\\\/\",\"logo\":{\"@type\":\"ImageObject\",\"inLanguage\":\"es\",\"@id\":\"https:\\\/\\\/www.laguiadepamplona.com\\\/actualidad\\\/#\\\/schema\\\/logo\\\/image\\\/\",\"url\":\"https:\\\/\\\/www.laguiadepamplona.com\\\/actualidad\\\/wp-content\\\/uploads\\\/2018\\\/11\\\/logo-laguiadepamplona18-web1.png\",\"contentUrl\":\"https:\\\/\\\/www.laguiadepamplona.com\\\/actualidad\\\/wp-content\\\/uploads\\\/2018\\\/11\\\/logo-laguiadepamplona18-web1.png\",\"width\":600,\"height\":196,\"caption\":\"La Gu\u00eda de Pamplona \\\/ Noticias\"},\"image\":{\"@id\":\"https:\\\/\\\/www.laguiadepamplona.com\\\/actualidad\\\/#\\\/schema\\\/logo\\\/image\\\/\"},\"sameAs\":[\"https:\\\/\\\/www.facebook.com\\\/laguiadepamplonacom-133175176762273\\\/?ref=hl\",\"https:\\\/\\\/x.com\\\/LaGuiadPamplona\",\"https:\\\/\\\/www.instagram.com\\\/la_guia_de_pamplona\\\/\",\"https:\\\/\\\/www.youtube.com\\\/user\\\/laguiadepamplona\"]},{\"@type\":\"Person\",\"@id\":\"https:\\\/\\\/www.laguiadepamplona.com\\\/actualidad\\\/#\\\/schema\\\/person\\\/efe887376f0213d4657c93adc50b1fdb\",\"name\":\"La Gu\u00eda de Pamplona\",\"image\":{\"@type\":\"ImageObject\",\"inLanguage\":\"es\",\"@id\":\"https:\\\/\\\/secure.gravatar.com\\\/avatar\\\/b6992f131dc8d30ab0dff15446e9d346d9dbd95992de0fef795073f5ea83a81c?s=96&d=mm&r=g\",\"url\":\"https:\\\/\\\/secure.gravatar.com\\\/avatar\\\/b6992f131dc8d30ab0dff15446e9d346d9dbd95992de0fef795073f5ea83a81c?s=96&d=mm&r=g\",\"contentUrl\":\"https:\\\/\\\/secure.gravatar.com\\\/avatar\\\/b6992f131dc8d30ab0dff15446e9d346d9dbd95992de0fef795073f5ea83a81c?s=96&d=mm&r=g\",\"caption\":\"La Gu\u00eda de Pamplona\"}}]}<\/script>\n<!-- \/ Yoast SEO plugin. -->","yoast_head_json":{"title":"Con el fin de semana llegan los espect\u00e1culos de calle de mayor formato a la zona peatonal de Carlos III","robots":{"index":"index","follow":"follow","max-snippet":"max-snippet:-1","max-image-preview":"max-image-preview:large","max-video-preview":"max-video-preview:-1"},"canonical":"https:\/\/www.laguiadepamplona.com\/actualidad\/con-el-fin-de-semana-llegan-los-espectaculos-de-calle-de-mayor-formato-a-la-zona-peatonal-de-carlos-iii\/","og_locale":"es_ES","og_type":"article","og_title":"Con el fin de semana llegan los espect\u00e1culos de calle de mayor formato a la zona peatonal de Carlos III","og_description":"Ma\u00f1ana la compa\u00f1\u00eda Ziga Zaga D\u2019espectacles pondr\u00e1 en escena el pasacalles de animaci\u00f3n Yellow Submarine El c\u00e9lebre submarino amarillo de los Beatles es ya un icono que ha atravesado la...","og_url":"https:\/\/www.laguiadepamplona.com\/actualidad\/con-el-fin-de-semana-llegan-los-espectaculos-de-calle-de-mayor-formato-a-la-zona-peatonal-de-carlos-iii\/","og_site_name":"La Gu\u00eda de Pamplona","article_publisher":"https:\/\/www.facebook.com\/laguiadepamplonacom-133175176762273\/?ref=hl","article_published_time":"2014-07-11T16:00:03+00:00","author":"La Gu\u00eda de Pamplona","twitter_card":"summary_large_image","twitter_creator":"@LaGuiadPamplona","twitter_site":"@LaGuiadPamplona","twitter_misc":{"Escrito por":"La Gu\u00eda de Pamplona","Tiempo de lectura":"2 minutos"},"schema":{"@context":"https:\/\/schema.org","@graph":[{"@type":"Article","@id":"https:\/\/www.laguiadepamplona.com\/actualidad\/con-el-fin-de-semana-llegan-los-espectaculos-de-calle-de-mayor-formato-a-la-zona-peatonal-de-carlos-iii\/#article","isPartOf":{"@id":"https:\/\/www.laguiadepamplona.com\/actualidad\/con-el-fin-de-semana-llegan-los-espectaculos-de-calle-de-mayor-formato-a-la-zona-peatonal-de-carlos-iii\/"},"author":{"name":"La Gu\u00eda de Pamplona","@id":"https:\/\/www.laguiadepamplona.com\/actualidad\/#\/schema\/person\/efe887376f0213d4657c93adc50b1fdb"},"headline":"Con el fin de semana llegan los espect\u00e1culos de calle de mayor formato a la zona peatonal de Carlos III","datePublished":"2014-07-11T16:00:03+00:00","mainEntityOfPage":{"@id":"https:\/\/www.laguiadepamplona.com\/actualidad\/con-el-fin-de-semana-llegan-los-espectaculos-de-calle-de-mayor-formato-a-la-zona-peatonal-de-carlos-iii\/"},"wordCount":402,"commentCount":0,"publisher":{"@id":"https:\/\/www.laguiadepamplona.com\/actualidad\/#organization"},"image":{"@id":"https:\/\/www.laguiadepamplona.com\/actualidad\/con-el-fin-de-semana-llegan-los-espectaculos-de-calle-de-mayor-formato-a-la-zona-peatonal-de-carlos-iii\/#primaryimage"},"thumbnailUrl":"","keywords":["actualidad","ayto pamplona","Ayuntamiento de Pamplona","noticias","pamplona","pasacalles","paseando","san ferm\u00edn","San Ferm\u00edn 2014","Sanfermines","Yellow Submarine","Ziga Zaga"],"articleSection":["Ayto Pamplona"],"inLanguage":"es","potentialAction":[{"@type":"CommentAction","name":"Comment","target":["https:\/\/www.laguiadepamplona.com\/actualidad\/con-el-fin-de-semana-llegan-los-espectaculos-de-calle-de-mayor-formato-a-la-zona-peatonal-de-carlos-iii\/#respond"]}]},{"@type":"WebPage","@id":"https:\/\/www.laguiadepamplona.com\/actualidad\/con-el-fin-de-semana-llegan-los-espectaculos-de-calle-de-mayor-formato-a-la-zona-peatonal-de-carlos-iii\/","url":"https:\/\/www.laguiadepamplona.com\/actualidad\/con-el-fin-de-semana-llegan-los-espectaculos-de-calle-de-mayor-formato-a-la-zona-peatonal-de-carlos-iii\/","name":"Con el fin de semana llegan los espect\u00e1culos de calle de mayor formato a la zona peatonal de Carlos III","isPartOf":{"@id":"https:\/\/www.laguiadepamplona.com\/actualidad\/#website"},"primaryImageOfPage":{"@id":"https:\/\/www.laguiadepamplona.com\/actualidad\/con-el-fin-de-semana-llegan-los-espectaculos-de-calle-de-mayor-formato-a-la-zona-peatonal-de-carlos-iii\/#primaryimage"},"image":{"@id":"https:\/\/www.laguiadepamplona.com\/actualidad\/con-el-fin-de-semana-llegan-los-espectaculos-de-calle-de-mayor-formato-a-la-zona-peatonal-de-carlos-iii\/#primaryimage"},"thumbnailUrl":"","datePublished":"2014-07-11T16:00:03+00:00","breadcrumb":{"@id":"https:\/\/www.laguiadepamplona.com\/actualidad\/con-el-fin-de-semana-llegan-los-espectaculos-de-calle-de-mayor-formato-a-la-zona-peatonal-de-carlos-iii\/#breadcrumb"},"inLanguage":"es","potentialAction":[{"@type":"ReadAction","target":["https:\/\/www.laguiadepamplona.com\/actualidad\/con-el-fin-de-semana-llegan-los-espectaculos-de-calle-de-mayor-formato-a-la-zona-peatonal-de-carlos-iii\/"]}]},{"@type":"ImageObject","inLanguage":"es","@id":"https:\/\/www.laguiadepamplona.com\/actualidad\/con-el-fin-de-semana-llegan-los-espectaculos-de-calle-de-mayor-formato-a-la-zona-peatonal-de-carlos-iii\/#primaryimage","url":"","contentUrl":""},{"@type":"BreadcrumbList","@id":"https:\/\/www.laguiadepamplona.com\/actualidad\/con-el-fin-de-semana-llegan-los-espectaculos-de-calle-de-mayor-formato-a-la-zona-peatonal-de-carlos-iii\/#breadcrumb","itemListElement":[{"@type":"ListItem","position":1,"name":"Portada","item":"https:\/\/www.laguiadepamplona.com\/actualidad\/"},{"@type":"ListItem","position":2,"name":"Con el fin de semana llegan los espect\u00e1culos de calle de mayor formato a la zona peatonal de Carlos III"}]},{"@type":"WebSite","@id":"https:\/\/www.laguiadepamplona.com\/actualidad\/#website","url":"https:\/\/www.laguiadepamplona.com\/actualidad\/","name":"La gu\u00eda de Pamplona","description":"Noticias de Pamplona","publisher":{"@id":"https:\/\/www.laguiadepamplona.com\/actualidad\/#organization"},"potentialAction":[{"@type":"SearchAction","target":{"@type":"EntryPoint","urlTemplate":"https:\/\/www.laguiadepamplona.com\/actualidad\/?s={search_term_string}"},"query-input":{"@type":"PropertyValueSpecification","valueRequired":true,"valueName":"search_term_string"}}],"inLanguage":"es"},{"@type":"Organization","@id":"https:\/\/www.laguiadepamplona.com\/actualidad\/#organization","name":"La Gu\u00eda de Pamplona \/ Noticias","url":"https:\/\/www.laguiadepamplona.com\/actualidad\/","logo":{"@type":"ImageObject","inLanguage":"es","@id":"https:\/\/www.laguiadepamplona.com\/actualidad\/#\/schema\/logo\/image\/","url":"https:\/\/www.laguiadepamplona.com\/actualidad\/wp-content\/uploads\/2018\/11\/logo-laguiadepamplona18-web1.png","contentUrl":"https:\/\/www.laguiadepamplona.com\/actualidad\/wp-content\/uploads\/2018\/11\/logo-laguiadepamplona18-web1.png","width":600,"height":196,"caption":"La Gu\u00eda de Pamplona \/ Noticias"},"image":{"@id":"https:\/\/www.laguiadepamplona.com\/actualidad\/#\/schema\/logo\/image\/"},"sameAs":["https:\/\/www.facebook.com\/laguiadepamplonacom-133175176762273\/?ref=hl","https:\/\/x.com\/LaGuiadPamplona","https:\/\/www.instagram.com\/la_guia_de_pamplona\/","https:\/\/www.youtube.com\/user\/laguiadepamplona"]},{"@type":"Person","@id":"https:\/\/www.laguiadepamplona.com\/actualidad\/#\/schema\/person\/efe887376f0213d4657c93adc50b1fdb","name":"La Gu\u00eda de Pamplona","image":{"@type":"ImageObject","inLanguage":"es","@id":"https:\/\/secure.gravatar.com\/avatar\/b6992f131dc8d30ab0dff15446e9d346d9dbd95992de0fef795073f5ea83a81c?s=96&d=mm&r=g","url":"https:\/\/secure.gravatar.com\/avatar\/b6992f131dc8d30ab0dff15446e9d346d9dbd95992de0fef795073f5ea83a81c?s=96&d=mm&r=g","contentUrl":"https:\/\/secure.gravatar.com\/avatar\/b6992f131dc8d30ab0dff15446e9d346d9dbd95992de0fef795073f5ea83a81c?s=96&d=mm&r=g","caption":"La Gu\u00eda de Pamplona"}}]}},"post_mailing_queue_ids":[],"_links":{"self":[{"href":"https:\/\/www.laguiadepamplona.com\/actualidad\/wp-json\/wp\/v2\/posts\/2337","targetHints":{"allow":["GET"]}}],"collection":[{"href":"https:\/\/www.laguiadepamplona.com\/actualidad\/wp-json\/wp\/v2\/posts"}],"about":[{"href":"https:\/\/www.laguiadepamplona.com\/actualidad\/wp-json\/wp\/v2\/types\/post"}],"author":[{"embeddable":true,"href":"https:\/\/www.laguiadepamplona.com\/actualidad\/wp-json\/wp\/v2\/users\/1"}],"replies":[{"embeddable":true,"href":"https:\/\/www.laguiadepamplona.com\/actualidad\/wp-json\/wp\/v2\/comments?post=2337"}],"version-history":[{"count":0,"href":"https:\/\/www.laguiadepamplona.com\/actualidad\/wp-json\/wp\/v2\/posts\/2337\/revisions"}],"wp:featuredmedia":[{"embeddable":true,"href":"https:\/\/www.laguiadepamplona.com\/actualidad\/wp-json\/"}],"wp:attachment":[{"href":"https:\/\/www.laguiadepamplona.com\/actualidad\/wp-json\/wp\/v2\/media?parent=2337"}],"wp:term":[{"taxonomy":"category","embeddable":true,"href":"https:\/\/www.laguiadepamplona.com\/actualidad\/wp-json\/wp\/v2\/categories?post=2337"},{"taxonomy":"post_tag","embeddable":true,"href":"https:\/\/www.laguiadepamplona.com\/actualidad\/wp-json\/wp\/v2\/tags?post=2337"}],"curies":[{"name":"wp","href":"https:\/\/api.w.org\/{rel}","templated":true}]}}