{"id":23274,"date":"2019-07-04T16:04:57","date_gmt":"2019-07-04T14:04:57","guid":{"rendered":"https:\/\/www.laguiadepamplona.es\/actualidad\/?p=23274"},"modified":"2019-07-04T16:16:58","modified_gmt":"2019-07-04T14:16:58","slug":"el-ayuntamiento-retrasara-el-inicio-de-las-obras-del-i-ensanche-en-el-entorno-del-parlamento-y-calle-taconera-para-revisar-el-proyecto-y-estudiar-mejoras","status":"publish","type":"post","link":"https:\/\/www.laguiadepamplona.com\/actualidad\/el-ayuntamiento-retrasara-el-inicio-de-las-obras-del-i-ensanche-en-el-entorno-del-parlamento-y-calle-taconera-para-revisar-el-proyecto-y-estudiar-mejoras\/","title":{"rendered":"El Ayuntamiento retrasar\u00e1 el inicio de las obras del I Ensanche en el entorno del Parlamento y calle Taconera para revisar el proyecto y estudiar mejoras"},"content":{"rendered":"<p><!--more--><\/p>\n<h3>En la reuni\u00f3n entre Consistorio y comerciantes tambi\u00e9n se han abordado la venta ambulante no autorizada y el an\u00e1lisis de cambios en Padre Moret<\/h3>\n<p>El Ayuntamiento de Pamplona retrasar\u00e1 el inicio de las obras del I Ensanche en el entorno del Parlamento y de la calle Taconera para revisar el proyecto y estudiar mejoras, tal y como se ha informado esta ma\u00f1ana en la reuni\u00f3n mantenida entre representantes municipales y de las asociaciones de comerciantes. Otros de los temas abordados en el encuentro han sido la venta ambulante no autorizada durante las fiestas de San Ferm\u00edn y el an\u00e1lisis que est\u00e1 llevando a cabo el Consistorio pamplon\u00e9s de la calle Padre Moret y de las posibles conexiones que existen entre esa v\u00eda y la avenida del Ej\u00e9rcito.<\/p>\n<p>En el encuentro han participado por parte del Ayuntamiento la concejala delegada de Gobierno Estrat\u00e9gico, Comercio y Turismo, Ana Elizalde; el concejal delegado de Proyectos Estrat\u00e9gicos, Movilidad y Sostenibilidad, Ferm\u00edn Alonso; el concejal delegado de Seguridad Ciudadana, Javier Labairu; y la directora de Comercio y Turismo, Silvia Azpilicueta. Los comerciantes han estado representados por el presidente de la Asociaci\u00f3n de Comerciantes del Casco Antiguo, Pablo Go\u00f1i; su gerente, Carlos Albillo; la gerente de Ensanche \u00c1rea Comercial, Mar\u00eda Jes\u00fas Alonso, y la vicepresidenta, Olga Sarasa.<\/p>\n<p><script async src=\"\/\/pagead2.googlesyndication.com\/pagead\/js\/adsbygoogle.js\"><\/script><br \/>\n<!-- Noticias La Guia de Pamplona --><br \/>\n<ins class=\"adsbygoogle\"\nstyle=\"display:block\"\ndata-ad-client=\"ca-pub-6943679897239327\"\ndata-ad-slot=\"7048180777\"\ndata-ad-format=\"auto\"><\/ins><br \/>\n<script>\n(adsbygoogle = window.adsbygoogle || []).push({});\n<\/script><\/p>\n<p>El inicio de las obras en el I Ensanche estaba previsto para la segunda quincena de julio y afecta al tramo comprendido entre la intersecci\u00f3n de Navas de Tolosa con Yanguas y Miranda, frente al Parlamento de Navarra, y la calle Taconera en su enlace con Bosquecillo y calle Mayor. El proyecto contemplaba cambios en las anchuras de algunas v\u00edas, incorporaci\u00f3n de otros pasos de peatones, creaci\u00f3n de carriles bici y de nuevos espacios de estancia o actuaciones sobre zonas concretas que presentan desniveles. Las obras fueron adjudicadas el pasado 16 de mayo por un importe de 863.152 euros, IVA no incluido. Con el retraso del inicio de los trabajos el nuevo Ayuntamiento quiere contar con tiempo para revisar el proyecto en profundidad, tratarlo con entidades afectadas por las modificaciones previstas y estudiar mejoras que puedan enriquecer el proyecto para su ejecuci\u00f3n. Son los mismos objetivos que los que se persiguen con el an\u00e1lisis que se est\u00e1 realizando sobre la calle Padre Moret y su entorno.<\/p>\n<p>De forma provisional, estos d\u00edas de San Ferm\u00edn se permitir\u00e1 el acceso a los vecinos de la calle Recoletas y clientes del Hotel, en la plaza Virgen de la O, mediante el giro a la derecha en la calle Taconera, de manera que ese tramo de la calle Mayor se convierta en v\u00eda de entrada y salida, evitando as\u00ed el recorrido de los veh\u00edculos por todo el Casco Antiguo.<\/p>\n<p>Sobre la venta ambulante no autorizada en Sanfermines se ha informado a los comerciantes que desde Polic\u00eda Municipal de Pamplona se va a tratar de evitar situaciones como las vividas otros a\u00f1os ya que el Consistorio pamplon\u00e9s no considera justo para los comercios y puestos que trabajan en la ciudad y pagan sus impuestos que redes dedicadas a la venta de productos falsificados act\u00faen con impunidad.<\/p>\n<p>Los representantes municipales y comerciantes se han emplazado a despu\u00e9s de los Sanfermines para continuar trabajando de forma conjunta en un plan de choque para el sector comercial. En el mismo sentido, el Ayuntamiento ya ha contactado con la plataforma de vecinos y comerciantes de P\u00edo XII para mantener una reuni\u00f3n en la segunda quincena de julio sobre la reforma de la avenida y sus efectos.<\/p>\n<p>&nbsp;<\/p>\n","protected":false},"excerpt":{"rendered":"","protected":false},"author":1,"featured_media":23276,"comment_status":"open","ping_status":"closed","sticky":false,"template":"","format":"standard","meta":{"footnotes":""},"categories":[2],"tags":[],"class_list":["post-23274","post","type-post","status-publish","format-standard","has-post-thumbnail","hentry","category-ayuntamiento-pamplona"],"yoast_head":"<!-- This site is optimized with the Yoast SEO plugin v27.3 - https:\/\/yoast.com\/product\/yoast-seo-wordpress\/ -->\n<title>El Ayuntamiento retrasar\u00e1 el inicio de las obras del I Ensanche en el entorno del Parlamento y calle Taconera para revisar el proyecto y estudiar mejoras<\/title>\n<meta name=\"robots\" content=\"index, follow, max-snippet:-1, max-image-preview:large, max-video-preview:-1\" \/>\n<link rel=\"canonical\" href=\"https:\/\/www.laguiadepamplona.com\/actualidad\/el-ayuntamiento-retrasara-el-inicio-de-las-obras-del-i-ensanche-en-el-entorno-del-parlamento-y-calle-taconera-para-revisar-el-proyecto-y-estudiar-mejoras\/\" \/>\n<meta property=\"og:locale\" content=\"es_ES\" \/>\n<meta property=\"og:type\" content=\"article\" \/>\n<meta property=\"og:title\" content=\"El Ayuntamiento retrasar\u00e1 el inicio de las obras del I Ensanche en el entorno del Parlamento y calle Taconera para revisar el proyecto y estudiar mejoras\" \/>\n<meta property=\"og:url\" content=\"https:\/\/www.laguiadepamplona.com\/actualidad\/el-ayuntamiento-retrasara-el-inicio-de-las-obras-del-i-ensanche-en-el-entorno-del-parlamento-y-calle-taconera-para-revisar-el-proyecto-y-estudiar-mejoras\/\" \/>\n<meta property=\"og:site_name\" content=\"La Gu\u00eda de Pamplona\" \/>\n<meta property=\"article:publisher\" content=\"https:\/\/www.facebook.com\/laguiadepamplonacom-133175176762273\/?ref=hl\" \/>\n<meta property=\"article:published_time\" content=\"2019-07-04T14:04:57+00:00\" \/>\n<meta property=\"article:modified_time\" content=\"2019-07-04T14:16:58+00:00\" \/>\n<meta property=\"og:image\" content=\"https:\/\/www.laguiadepamplona.com\/actualidad\/wp-content\/uploads\/2019\/07\/19.07.04_reunion_asociaciones_comerciantes2.jpg\" \/>\n\t<meta property=\"og:image:width\" content=\"1900\" \/>\n\t<meta property=\"og:image:height\" content=\"1266\" \/>\n\t<meta property=\"og:image:type\" content=\"image\/jpeg\" \/>\n<meta name=\"author\" content=\"La Gu\u00eda de Pamplona\" \/>\n<meta name=\"twitter:card\" content=\"summary_large_image\" \/>\n<meta name=\"twitter:creator\" content=\"@LaGuiadPamplona\" \/>\n<meta name=\"twitter:site\" content=\"@LaGuiadPamplona\" \/>\n<meta name=\"twitter:label1\" content=\"Escrito por\" \/>\n\t<meta name=\"twitter:data1\" content=\"La Gu\u00eda de Pamplona\" \/>\n\t<meta name=\"twitter:label2\" content=\"Tiempo de lectura\" \/>\n\t<meta name=\"twitter:data2\" content=\"3 minutos\" \/>\n<script type=\"application\/ld+json\" class=\"yoast-schema-graph\">{\"@context\":\"https:\\\/\\\/schema.org\",\"@graph\":[{\"@type\":\"Article\",\"@id\":\"https:\\\/\\\/www.laguiadepamplona.com\\\/actualidad\\\/el-ayuntamiento-retrasara-el-inicio-de-las-obras-del-i-ensanche-en-el-entorno-del-parlamento-y-calle-taconera-para-revisar-el-proyecto-y-estudiar-mejoras\\\/#article\",\"isPartOf\":{\"@id\":\"https:\\\/\\\/www.laguiadepamplona.com\\\/actualidad\\\/el-ayuntamiento-retrasara-el-inicio-de-las-obras-del-i-ensanche-en-el-entorno-del-parlamento-y-calle-taconera-para-revisar-el-proyecto-y-estudiar-mejoras\\\/\"},\"author\":{\"name\":\"La Gu\u00eda de Pamplona\",\"@id\":\"https:\\\/\\\/www.laguiadepamplona.com\\\/actualidad\\\/#\\\/schema\\\/person\\\/efe887376f0213d4657c93adc50b1fdb\"},\"headline\":\"El Ayuntamiento retrasar\u00e1 el inicio de las obras del I Ensanche en el entorno del Parlamento y calle Taconera para revisar el proyecto y estudiar mejoras\",\"datePublished\":\"2019-07-04T14:04:57+00:00\",\"dateModified\":\"2019-07-04T14:16:58+00:00\",\"mainEntityOfPage\":{\"@id\":\"https:\\\/\\\/www.laguiadepamplona.com\\\/actualidad\\\/el-ayuntamiento-retrasara-el-inicio-de-las-obras-del-i-ensanche-en-el-entorno-del-parlamento-y-calle-taconera-para-revisar-el-proyecto-y-estudiar-mejoras\\\/\"},\"wordCount\":637,\"commentCount\":0,\"publisher\":{\"@id\":\"https:\\\/\\\/www.laguiadepamplona.com\\\/actualidad\\\/#organization\"},\"image\":{\"@id\":\"https:\\\/\\\/www.laguiadepamplona.com\\\/actualidad\\\/el-ayuntamiento-retrasara-el-inicio-de-las-obras-del-i-ensanche-en-el-entorno-del-parlamento-y-calle-taconera-para-revisar-el-proyecto-y-estudiar-mejoras\\\/#primaryimage\"},\"thumbnailUrl\":\"https:\\\/\\\/www.laguiadepamplona.com\\\/actualidad\\\/wp-content\\\/uploads\\\/2019\\\/07\\\/19.07.04_reunion_asociaciones_comerciantes2.jpg\",\"articleSection\":[\"Ayto Pamplona\"],\"inLanguage\":\"es\",\"potentialAction\":[{\"@type\":\"CommentAction\",\"name\":\"Comment\",\"target\":[\"https:\\\/\\\/www.laguiadepamplona.com\\\/actualidad\\\/el-ayuntamiento-retrasara-el-inicio-de-las-obras-del-i-ensanche-en-el-entorno-del-parlamento-y-calle-taconera-para-revisar-el-proyecto-y-estudiar-mejoras\\\/#respond\"]}]},{\"@type\":\"WebPage\",\"@id\":\"https:\\\/\\\/www.laguiadepamplona.com\\\/actualidad\\\/el-ayuntamiento-retrasara-el-inicio-de-las-obras-del-i-ensanche-en-el-entorno-del-parlamento-y-calle-taconera-para-revisar-el-proyecto-y-estudiar-mejoras\\\/\",\"url\":\"https:\\\/\\\/www.laguiadepamplona.com\\\/actualidad\\\/el-ayuntamiento-retrasara-el-inicio-de-las-obras-del-i-ensanche-en-el-entorno-del-parlamento-y-calle-taconera-para-revisar-el-proyecto-y-estudiar-mejoras\\\/\",\"name\":\"El Ayuntamiento retrasar\u00e1 el inicio de las obras del I Ensanche en el entorno del Parlamento y calle Taconera para revisar el proyecto y estudiar mejoras\",\"isPartOf\":{\"@id\":\"https:\\\/\\\/www.laguiadepamplona.com\\\/actualidad\\\/#website\"},\"primaryImageOfPage\":{\"@id\":\"https:\\\/\\\/www.laguiadepamplona.com\\\/actualidad\\\/el-ayuntamiento-retrasara-el-inicio-de-las-obras-del-i-ensanche-en-el-entorno-del-parlamento-y-calle-taconera-para-revisar-el-proyecto-y-estudiar-mejoras\\\/#primaryimage\"},\"image\":{\"@id\":\"https:\\\/\\\/www.laguiadepamplona.com\\\/actualidad\\\/el-ayuntamiento-retrasara-el-inicio-de-las-obras-del-i-ensanche-en-el-entorno-del-parlamento-y-calle-taconera-para-revisar-el-proyecto-y-estudiar-mejoras\\\/#primaryimage\"},\"thumbnailUrl\":\"https:\\\/\\\/www.laguiadepamplona.com\\\/actualidad\\\/wp-content\\\/uploads\\\/2019\\\/07\\\/19.07.04_reunion_asociaciones_comerciantes2.jpg\",\"datePublished\":\"2019-07-04T14:04:57+00:00\",\"dateModified\":\"2019-07-04T14:16:58+00:00\",\"breadcrumb\":{\"@id\":\"https:\\\/\\\/www.laguiadepamplona.com\\\/actualidad\\\/el-ayuntamiento-retrasara-el-inicio-de-las-obras-del-i-ensanche-en-el-entorno-del-parlamento-y-calle-taconera-para-revisar-el-proyecto-y-estudiar-mejoras\\\/#breadcrumb\"},\"inLanguage\":\"es\",\"potentialAction\":[{\"@type\":\"ReadAction\",\"target\":[\"https:\\\/\\\/www.laguiadepamplona.com\\\/actualidad\\\/el-ayuntamiento-retrasara-el-inicio-de-las-obras-del-i-ensanche-en-el-entorno-del-parlamento-y-calle-taconera-para-revisar-el-proyecto-y-estudiar-mejoras\\\/\"]}]},{\"@type\":\"ImageObject\",\"inLanguage\":\"es\",\"@id\":\"https:\\\/\\\/www.laguiadepamplona.com\\\/actualidad\\\/el-ayuntamiento-retrasara-el-inicio-de-las-obras-del-i-ensanche-en-el-entorno-del-parlamento-y-calle-taconera-para-revisar-el-proyecto-y-estudiar-mejoras\\\/#primaryimage\",\"url\":\"https:\\\/\\\/www.laguiadepamplona.com\\\/actualidad\\\/wp-content\\\/uploads\\\/2019\\\/07\\\/19.07.04_reunion_asociaciones_comerciantes2.jpg\",\"contentUrl\":\"https:\\\/\\\/www.laguiadepamplona.com\\\/actualidad\\\/wp-content\\\/uploads\\\/2019\\\/07\\\/19.07.04_reunion_asociaciones_comerciantes2.jpg\",\"width\":1900,\"height\":1266},{\"@type\":\"BreadcrumbList\",\"@id\":\"https:\\\/\\\/www.laguiadepamplona.com\\\/actualidad\\\/el-ayuntamiento-retrasara-el-inicio-de-las-obras-del-i-ensanche-en-el-entorno-del-parlamento-y-calle-taconera-para-revisar-el-proyecto-y-estudiar-mejoras\\\/#breadcrumb\",\"itemListElement\":[{\"@type\":\"ListItem\",\"position\":1,\"name\":\"Portada\",\"item\":\"https:\\\/\\\/www.laguiadepamplona.com\\\/actualidad\\\/\"},{\"@type\":\"ListItem\",\"position\":2,\"name\":\"El Ayuntamiento retrasar\u00e1 el inicio de las obras del I Ensanche en el entorno del Parlamento y calle Taconera para revisar el proyecto y estudiar mejoras\"}]},{\"@type\":\"WebSite\",\"@id\":\"https:\\\/\\\/www.laguiadepamplona.com\\\/actualidad\\\/#website\",\"url\":\"https:\\\/\\\/www.laguiadepamplona.com\\\/actualidad\\\/\",\"name\":\"La gu\u00eda de Pamplona\",\"description\":\"Noticias de Pamplona\",\"publisher\":{\"@id\":\"https:\\\/\\\/www.laguiadepamplona.com\\\/actualidad\\\/#organization\"},\"potentialAction\":[{\"@type\":\"SearchAction\",\"target\":{\"@type\":\"EntryPoint\",\"urlTemplate\":\"https:\\\/\\\/www.laguiadepamplona.com\\\/actualidad\\\/?s={search_term_string}\"},\"query-input\":{\"@type\":\"PropertyValueSpecification\",\"valueRequired\":true,\"valueName\":\"search_term_string\"}}],\"inLanguage\":\"es\"},{\"@type\":\"Organization\",\"@id\":\"https:\\\/\\\/www.laguiadepamplona.com\\\/actualidad\\\/#organization\",\"name\":\"La Gu\u00eda de Pamplona \\\/ Noticias\",\"url\":\"https:\\\/\\\/www.laguiadepamplona.com\\\/actualidad\\\/\",\"logo\":{\"@type\":\"ImageObject\",\"inLanguage\":\"es\",\"@id\":\"https:\\\/\\\/www.laguiadepamplona.com\\\/actualidad\\\/#\\\/schema\\\/logo\\\/image\\\/\",\"url\":\"https:\\\/\\\/www.laguiadepamplona.com\\\/actualidad\\\/wp-content\\\/uploads\\\/2018\\\/11\\\/logo-laguiadepamplona18-web1.png\",\"contentUrl\":\"https:\\\/\\\/www.laguiadepamplona.com\\\/actualidad\\\/wp-content\\\/uploads\\\/2018\\\/11\\\/logo-laguiadepamplona18-web1.png\",\"width\":600,\"height\":196,\"caption\":\"La Gu\u00eda de Pamplona \\\/ Noticias\"},\"image\":{\"@id\":\"https:\\\/\\\/www.laguiadepamplona.com\\\/actualidad\\\/#\\\/schema\\\/logo\\\/image\\\/\"},\"sameAs\":[\"https:\\\/\\\/www.facebook.com\\\/laguiadepamplonacom-133175176762273\\\/?ref=hl\",\"https:\\\/\\\/x.com\\\/LaGuiadPamplona\",\"https:\\\/\\\/www.instagram.com\\\/la_guia_de_pamplona\\\/\",\"https:\\\/\\\/www.youtube.com\\\/user\\\/laguiadepamplona\"]},{\"@type\":\"Person\",\"@id\":\"https:\\\/\\\/www.laguiadepamplona.com\\\/actualidad\\\/#\\\/schema\\\/person\\\/efe887376f0213d4657c93adc50b1fdb\",\"name\":\"La Gu\u00eda de Pamplona\",\"image\":{\"@type\":\"ImageObject\",\"inLanguage\":\"es\",\"@id\":\"https:\\\/\\\/secure.gravatar.com\\\/avatar\\\/b6992f131dc8d30ab0dff15446e9d346d9dbd95992de0fef795073f5ea83a81c?s=96&d=mm&r=g\",\"url\":\"https:\\\/\\\/secure.gravatar.com\\\/avatar\\\/b6992f131dc8d30ab0dff15446e9d346d9dbd95992de0fef795073f5ea83a81c?s=96&d=mm&r=g\",\"contentUrl\":\"https:\\\/\\\/secure.gravatar.com\\\/avatar\\\/b6992f131dc8d30ab0dff15446e9d346d9dbd95992de0fef795073f5ea83a81c?s=96&d=mm&r=g\",\"caption\":\"La Gu\u00eda de Pamplona\"}}]}<\/script>\n<!-- \/ Yoast SEO plugin. -->","yoast_head_json":{"title":"El Ayuntamiento retrasar\u00e1 el inicio de las obras del I Ensanche en el entorno del Parlamento y calle Taconera para revisar el proyecto y estudiar mejoras","robots":{"index":"index","follow":"follow","max-snippet":"max-snippet:-1","max-image-preview":"max-image-preview:large","max-video-preview":"max-video-preview:-1"},"canonical":"https:\/\/www.laguiadepamplona.com\/actualidad\/el-ayuntamiento-retrasara-el-inicio-de-las-obras-del-i-ensanche-en-el-entorno-del-parlamento-y-calle-taconera-para-revisar-el-proyecto-y-estudiar-mejoras\/","og_locale":"es_ES","og_type":"article","og_title":"El Ayuntamiento retrasar\u00e1 el inicio de las obras del I Ensanche en el entorno del Parlamento y calle Taconera para revisar el proyecto y estudiar mejoras","og_url":"https:\/\/www.laguiadepamplona.com\/actualidad\/el-ayuntamiento-retrasara-el-inicio-de-las-obras-del-i-ensanche-en-el-entorno-del-parlamento-y-calle-taconera-para-revisar-el-proyecto-y-estudiar-mejoras\/","og_site_name":"La Gu\u00eda de Pamplona","article_publisher":"https:\/\/www.facebook.com\/laguiadepamplonacom-133175176762273\/?ref=hl","article_published_time":"2019-07-04T14:04:57+00:00","article_modified_time":"2019-07-04T14:16:58+00:00","og_image":[{"width":1900,"height":1266,"url":"https:\/\/www.laguiadepamplona.com\/actualidad\/wp-content\/uploads\/2019\/07\/19.07.04_reunion_asociaciones_comerciantes2.jpg","type":"image\/jpeg"}],"author":"La Gu\u00eda de Pamplona","twitter_card":"summary_large_image","twitter_creator":"@LaGuiadPamplona","twitter_site":"@LaGuiadPamplona","twitter_misc":{"Escrito por":"La Gu\u00eda de Pamplona","Tiempo de lectura":"3 minutos"},"schema":{"@context":"https:\/\/schema.org","@graph":[{"@type":"Article","@id":"https:\/\/www.laguiadepamplona.com\/actualidad\/el-ayuntamiento-retrasara-el-inicio-de-las-obras-del-i-ensanche-en-el-entorno-del-parlamento-y-calle-taconera-para-revisar-el-proyecto-y-estudiar-mejoras\/#article","isPartOf":{"@id":"https:\/\/www.laguiadepamplona.com\/actualidad\/el-ayuntamiento-retrasara-el-inicio-de-las-obras-del-i-ensanche-en-el-entorno-del-parlamento-y-calle-taconera-para-revisar-el-proyecto-y-estudiar-mejoras\/"},"author":{"name":"La Gu\u00eda de Pamplona","@id":"https:\/\/www.laguiadepamplona.com\/actualidad\/#\/schema\/person\/efe887376f0213d4657c93adc50b1fdb"},"headline":"El Ayuntamiento retrasar\u00e1 el inicio de las obras del I Ensanche en el entorno del Parlamento y calle Taconera para revisar el proyecto y estudiar mejoras","datePublished":"2019-07-04T14:04:57+00:00","dateModified":"2019-07-04T14:16:58+00:00","mainEntityOfPage":{"@id":"https:\/\/www.laguiadepamplona.com\/actualidad\/el-ayuntamiento-retrasara-el-inicio-de-las-obras-del-i-ensanche-en-el-entorno-del-parlamento-y-calle-taconera-para-revisar-el-proyecto-y-estudiar-mejoras\/"},"wordCount":637,"commentCount":0,"publisher":{"@id":"https:\/\/www.laguiadepamplona.com\/actualidad\/#organization"},"image":{"@id":"https:\/\/www.laguiadepamplona.com\/actualidad\/el-ayuntamiento-retrasara-el-inicio-de-las-obras-del-i-ensanche-en-el-entorno-del-parlamento-y-calle-taconera-para-revisar-el-proyecto-y-estudiar-mejoras\/#primaryimage"},"thumbnailUrl":"https:\/\/www.laguiadepamplona.com\/actualidad\/wp-content\/uploads\/2019\/07\/19.07.04_reunion_asociaciones_comerciantes2.jpg","articleSection":["Ayto Pamplona"],"inLanguage":"es","potentialAction":[{"@type":"CommentAction","name":"Comment","target":["https:\/\/www.laguiadepamplona.com\/actualidad\/el-ayuntamiento-retrasara-el-inicio-de-las-obras-del-i-ensanche-en-el-entorno-del-parlamento-y-calle-taconera-para-revisar-el-proyecto-y-estudiar-mejoras\/#respond"]}]},{"@type":"WebPage","@id":"https:\/\/www.laguiadepamplona.com\/actualidad\/el-ayuntamiento-retrasara-el-inicio-de-las-obras-del-i-ensanche-en-el-entorno-del-parlamento-y-calle-taconera-para-revisar-el-proyecto-y-estudiar-mejoras\/","url":"https:\/\/www.laguiadepamplona.com\/actualidad\/el-ayuntamiento-retrasara-el-inicio-de-las-obras-del-i-ensanche-en-el-entorno-del-parlamento-y-calle-taconera-para-revisar-el-proyecto-y-estudiar-mejoras\/","name":"El Ayuntamiento retrasar\u00e1 el inicio de las obras del I Ensanche en el entorno del Parlamento y calle Taconera para revisar el proyecto y estudiar mejoras","isPartOf":{"@id":"https:\/\/www.laguiadepamplona.com\/actualidad\/#website"},"primaryImageOfPage":{"@id":"https:\/\/www.laguiadepamplona.com\/actualidad\/el-ayuntamiento-retrasara-el-inicio-de-las-obras-del-i-ensanche-en-el-entorno-del-parlamento-y-calle-taconera-para-revisar-el-proyecto-y-estudiar-mejoras\/#primaryimage"},"image":{"@id":"https:\/\/www.laguiadepamplona.com\/actualidad\/el-ayuntamiento-retrasara-el-inicio-de-las-obras-del-i-ensanche-en-el-entorno-del-parlamento-y-calle-taconera-para-revisar-el-proyecto-y-estudiar-mejoras\/#primaryimage"},"thumbnailUrl":"https:\/\/www.laguiadepamplona.com\/actualidad\/wp-content\/uploads\/2019\/07\/19.07.04_reunion_asociaciones_comerciantes2.jpg","datePublished":"2019-07-04T14:04:57+00:00","dateModified":"2019-07-04T14:16:58+00:00","breadcrumb":{"@id":"https:\/\/www.laguiadepamplona.com\/actualidad\/el-ayuntamiento-retrasara-el-inicio-de-las-obras-del-i-ensanche-en-el-entorno-del-parlamento-y-calle-taconera-para-revisar-el-proyecto-y-estudiar-mejoras\/#breadcrumb"},"inLanguage":"es","potentialAction":[{"@type":"ReadAction","target":["https:\/\/www.laguiadepamplona.com\/actualidad\/el-ayuntamiento-retrasara-el-inicio-de-las-obras-del-i-ensanche-en-el-entorno-del-parlamento-y-calle-taconera-para-revisar-el-proyecto-y-estudiar-mejoras\/"]}]},{"@type":"ImageObject","inLanguage":"es","@id":"https:\/\/www.laguiadepamplona.com\/actualidad\/el-ayuntamiento-retrasara-el-inicio-de-las-obras-del-i-ensanche-en-el-entorno-del-parlamento-y-calle-taconera-para-revisar-el-proyecto-y-estudiar-mejoras\/#primaryimage","url":"https:\/\/www.laguiadepamplona.com\/actualidad\/wp-content\/uploads\/2019\/07\/19.07.04_reunion_asociaciones_comerciantes2.jpg","contentUrl":"https:\/\/www.laguiadepamplona.com\/actualidad\/wp-content\/uploads\/2019\/07\/19.07.04_reunion_asociaciones_comerciantes2.jpg","width":1900,"height":1266},{"@type":"BreadcrumbList","@id":"https:\/\/www.laguiadepamplona.com\/actualidad\/el-ayuntamiento-retrasara-el-inicio-de-las-obras-del-i-ensanche-en-el-entorno-del-parlamento-y-calle-taconera-para-revisar-el-proyecto-y-estudiar-mejoras\/#breadcrumb","itemListElement":[{"@type":"ListItem","position":1,"name":"Portada","item":"https:\/\/www.laguiadepamplona.com\/actualidad\/"},{"@type":"ListItem","position":2,"name":"El Ayuntamiento retrasar\u00e1 el inicio de las obras del I Ensanche en el entorno del Parlamento y calle Taconera para revisar el proyecto y estudiar mejoras"}]},{"@type":"WebSite","@id":"https:\/\/www.laguiadepamplona.com\/actualidad\/#website","url":"https:\/\/www.laguiadepamplona.com\/actualidad\/","name":"La gu\u00eda de Pamplona","description":"Noticias de Pamplona","publisher":{"@id":"https:\/\/www.laguiadepamplona.com\/actualidad\/#organization"},"potentialAction":[{"@type":"SearchAction","target":{"@type":"EntryPoint","urlTemplate":"https:\/\/www.laguiadepamplona.com\/actualidad\/?s={search_term_string}"},"query-input":{"@type":"PropertyValueSpecification","valueRequired":true,"valueName":"search_term_string"}}],"inLanguage":"es"},{"@type":"Organization","@id":"https:\/\/www.laguiadepamplona.com\/actualidad\/#organization","name":"La Gu\u00eda de Pamplona \/ Noticias","url":"https:\/\/www.laguiadepamplona.com\/actualidad\/","logo":{"@type":"ImageObject","inLanguage":"es","@id":"https:\/\/www.laguiadepamplona.com\/actualidad\/#\/schema\/logo\/image\/","url":"https:\/\/www.laguiadepamplona.com\/actualidad\/wp-content\/uploads\/2018\/11\/logo-laguiadepamplona18-web1.png","contentUrl":"https:\/\/www.laguiadepamplona.com\/actualidad\/wp-content\/uploads\/2018\/11\/logo-laguiadepamplona18-web1.png","width":600,"height":196,"caption":"La Gu\u00eda de Pamplona \/ Noticias"},"image":{"@id":"https:\/\/www.laguiadepamplona.com\/actualidad\/#\/schema\/logo\/image\/"},"sameAs":["https:\/\/www.facebook.com\/laguiadepamplonacom-133175176762273\/?ref=hl","https:\/\/x.com\/LaGuiadPamplona","https:\/\/www.instagram.com\/la_guia_de_pamplona\/","https:\/\/www.youtube.com\/user\/laguiadepamplona"]},{"@type":"Person","@id":"https:\/\/www.laguiadepamplona.com\/actualidad\/#\/schema\/person\/efe887376f0213d4657c93adc50b1fdb","name":"La Gu\u00eda de Pamplona","image":{"@type":"ImageObject","inLanguage":"es","@id":"https:\/\/secure.gravatar.com\/avatar\/b6992f131dc8d30ab0dff15446e9d346d9dbd95992de0fef795073f5ea83a81c?s=96&d=mm&r=g","url":"https:\/\/secure.gravatar.com\/avatar\/b6992f131dc8d30ab0dff15446e9d346d9dbd95992de0fef795073f5ea83a81c?s=96&d=mm&r=g","contentUrl":"https:\/\/secure.gravatar.com\/avatar\/b6992f131dc8d30ab0dff15446e9d346d9dbd95992de0fef795073f5ea83a81c?s=96&d=mm&r=g","caption":"La Gu\u00eda de Pamplona"}}]}},"post_mailing_queue_ids":[],"_links":{"self":[{"href":"https:\/\/www.laguiadepamplona.com\/actualidad\/wp-json\/wp\/v2\/posts\/23274","targetHints":{"allow":["GET"]}}],"collection":[{"href":"https:\/\/www.laguiadepamplona.com\/actualidad\/wp-json\/wp\/v2\/posts"}],"about":[{"href":"https:\/\/www.laguiadepamplona.com\/actualidad\/wp-json\/wp\/v2\/types\/post"}],"author":[{"embeddable":true,"href":"https:\/\/www.laguiadepamplona.com\/actualidad\/wp-json\/wp\/v2\/users\/1"}],"replies":[{"embeddable":true,"href":"https:\/\/www.laguiadepamplona.com\/actualidad\/wp-json\/wp\/v2\/comments?post=23274"}],"version-history":[{"count":0,"href":"https:\/\/www.laguiadepamplona.com\/actualidad\/wp-json\/wp\/v2\/posts\/23274\/revisions"}],"wp:featuredmedia":[{"embeddable":true,"href":"https:\/\/www.laguiadepamplona.com\/actualidad\/wp-json\/wp\/v2\/media\/23276"}],"wp:attachment":[{"href":"https:\/\/www.laguiadepamplona.com\/actualidad\/wp-json\/wp\/v2\/media?parent=23274"}],"wp:term":[{"taxonomy":"category","embeddable":true,"href":"https:\/\/www.laguiadepamplona.com\/actualidad\/wp-json\/wp\/v2\/categories?post=23274"},{"taxonomy":"post_tag","embeddable":true,"href":"https:\/\/www.laguiadepamplona.com\/actualidad\/wp-json\/wp\/v2\/tags?post=23274"}],"curies":[{"name":"wp","href":"https:\/\/api.w.org\/{rel}","templated":true}]}}