{"id":23267,"date":"2019-07-04T16:03:22","date_gmt":"2019-07-04T14:03:22","guid":{"rendered":"https:\/\/www.laguiadepamplona.es\/actualidad\/?p=23267"},"modified":"2019-07-04T16:17:23","modified_gmt":"2019-07-04T14:17:23","slug":"mas-de-70-establecimientos-hosteleros-y-zonas-festivas-se-han-adherido-al-sistema-municipal-de-vaso-reutilizable-durante-los-proximos-sanfermines","status":"publish","type":"post","link":"https:\/\/www.laguiadepamplona.com\/actualidad\/mas-de-70-establecimientos-hosteleros-y-zonas-festivas-se-han-adherido-al-sistema-municipal-de-vaso-reutilizable-durante-los-proximos-sanfermines\/","title":{"rendered":"M\u00e1s de 70 establecimientos hosteleros y zonas festivas se han adherido al sistema municipal de vaso reutilizable durante los pr\u00f3ximos Sanfermines"},"content":{"rendered":"<p><!--more--><\/p>\n<h3>\u2018Del otro vaso paso, aski dut batekin\u2019, con m\u00e1s de 500.000 unidades, insiste en el uso de este vaso para reducir residuos y apostar por fiestas sin pl\u00e1stico<\/h3>\n<p><a href=\"https:\/\/www.laguiadepamplona.es\/actualidad\/wp-content\/uploads\/2019\/07\/CARTEL-GENERAL-del-otro-vaso-paso.jpg\"><img loading=\"lazy\" decoding=\"async\" class=\"alignleft wp-image-23270 size-medium\" src=\"https:\/\/www.laguiadepamplona.es\/actualidad\/wp-content\/uploads\/2019\/07\/CARTEL-GENERAL-del-otro-vaso-paso-212x300.jpg\" alt=\"\" width=\"212\" height=\"300\" srcset=\"https:\/\/www.laguiadepamplona.com\/actualidad\/wp-content\/uploads\/2019\/07\/CARTEL-GENERAL-del-otro-vaso-paso-212x300.jpg 212w, https:\/\/www.laguiadepamplona.com\/actualidad\/wp-content\/uploads\/2019\/07\/CARTEL-GENERAL-del-otro-vaso-paso-768x1087.jpg 768w, https:\/\/www.laguiadepamplona.com\/actualidad\/wp-content\/uploads\/2019\/07\/CARTEL-GENERAL-del-otro-vaso-paso-482x682.jpg 482w, https:\/\/www.laguiadepamplona.com\/actualidad\/wp-content\/uploads\/2019\/07\/CARTEL-GENERAL-del-otro-vaso-paso-640x906.jpg 640w, https:\/\/www.laguiadepamplona.com\/actualidad\/wp-content\/uploads\/2019\/07\/CARTEL-GENERAL-del-otro-vaso-paso.jpg 1364w\" sizes=\"auto, (max-width: 212px) 100vw, 212px\" \/><\/a>Unos Sanfermines m\u00e1s, el Ayuntamiento de Pamplona sigue apostando por el sistema del vaso reutilizable, por la reducci\u00f3n de residuos y por una cultura y unas fiestas sin pl\u00e1stico. Este a\u00f1o se han adherido a este sistema 70 espacios festivos, que incluyen 60 establecimientos hosteleros y pe\u00f1as del Casco Antiguo de la ciudad, de calles como San Nicol\u00e1s, Navarrer\u00eda, Calderer\u00eda, Jarauta o Estafeta, as\u00ed como las cesiones de espacio realizadas por el Ayuntamiento (plaza de los Fueros, front\u00f3n Labrit, Plaza de Toros, entre otras). Se pondr\u00e1n en uso m\u00e1s de 500.000 vasos reutilizables.<\/p>\n<p>Bajo el eslogan \u2018Del otro vaso paso, aski dut batekin\u2019 se busca informar del sistema y de las ventajas medioambientales y de limpieza con el uso de estos elementos reutilizables. A partir del 1 de enero de 2020 la normativa foral prohibir\u00e1 los pl\u00e1sticos de un solo uso (platos, vasos, tazas, bandejas\u2026). Existen tres tama\u00f1os de vaso reutilizable municipal, de 30 centilitros, de 50 centilitros y de 100 centilitros. Su color es verde y trasl\u00facido. El vaso es com\u00fan a todos los locales que se han adherido al sistema para poder reutilizarlo cuantas veces se quiera o cambiarlo. El vaso reutilizable municipal no incluye argolla para favorecer la eliminaci\u00f3n de los microorganismos en la limpieza y su devoluci\u00f3n. El Ayuntamiento de Pamplona repartir\u00e1 otro vaso reutilizable diferente y gratuito, que no entra en el sistema de devoluci\u00f3n establecido, en otros eventos como la Zona Joven de la plaza de los Fueros, el espacio Kirol Ari en la Media Luna o en la kalejira de las asociaciones culturales del d\u00eda 14 de julio.<\/p>\n<p>En ning\u00fan caso este sistema quiere sustituir a la vajilla de cristal. Por ello, el Ayuntamiento de Pamplona quiere poner tambi\u00e9n en valor a los establecimientos y espacios que optan por continuar con el uso de vajilla de cristal, ya que es una buena manera de reducir los residuos y ofrecer calidad a su clientela.<\/p>\n<p><script async src=\"\/\/pagead2.googlesyndication.com\/pagead\/js\/adsbygoogle.js\"><\/script><br \/>\n<!-- Noticias La Guia de Pamplona --><br \/>\n<ins class=\"adsbygoogle\"\nstyle=\"display:block\"\ndata-ad-client=\"ca-pub-6943679897239327\"\ndata-ad-slot=\"7048180777\"\ndata-ad-format=\"auto\"><\/ins><br \/>\n<script>\n(adsbygoogle = window.adsbygoogle || []).push({});\n<\/script><\/p>\n<p><strong>C\u00f3mo funciona el vaso reutilizable<\/strong><\/p>\n<p><a href=\"https:\/\/www.laguiadepamplona.es\/actualidad\/wp-content\/uploads\/2019\/07\/CARTEL-FUNCIOANAMIENTO_vaso-reutilizable.jpg\"><img loading=\"lazy\" decoding=\"async\" class=\"alignleft wp-image-23269 size-medium\" src=\"https:\/\/www.laguiadepamplona.es\/actualidad\/wp-content\/uploads\/2019\/07\/CARTEL-FUNCIOANAMIENTO_vaso-reutilizable-235x300.jpg\" alt=\"\" width=\"235\" height=\"300\" srcset=\"https:\/\/www.laguiadepamplona.com\/actualidad\/wp-content\/uploads\/2019\/07\/CARTEL-FUNCIOANAMIENTO_vaso-reutilizable-235x300.jpg 235w, https:\/\/www.laguiadepamplona.com\/actualidad\/wp-content\/uploads\/2019\/07\/CARTEL-FUNCIOANAMIENTO_vaso-reutilizable-768x981.jpg 768w, https:\/\/www.laguiadepamplona.com\/actualidad\/wp-content\/uploads\/2019\/07\/CARTEL-FUNCIOANAMIENTO_vaso-reutilizable-534x682.jpg 534w, https:\/\/www.laguiadepamplona.com\/actualidad\/wp-content\/uploads\/2019\/07\/CARTEL-FUNCIOANAMIENTO_vaso-reutilizable-640x817.jpg 640w, https:\/\/www.laguiadepamplona.com\/actualidad\/wp-content\/uploads\/2019\/07\/CARTEL-FUNCIOANAMIENTO_vaso-reutilizable.jpg 1566w\" sizes=\"auto, (max-width: 235px) 100vw, 235px\" \/><\/a>La persona cliente adquiere el vaso adelantando un euro de fianza junto con la bebida que pida. El fin de esa fianza es poner en valor los recursos que se utilizan para el envase y que la ciudadan\u00eda adopte responsabilidad en la devoluci\u00f3n del vaso, que este modo no se convertir\u00e1 en un residuo. La persona puede hacer uso del vaso una o tantas veces como considere necesario.<\/p>\n<p>Una vez que quiera dejar de hacer uso de ese vaso reutilizable, podr\u00e1 devolverlo en el establecimiento en el que lo adquiri\u00f3 o en cualquier otro que se encuentre adherido al sistema, devolvi\u00e9ndole as\u00ed el euro adelantado. Cada persona podr\u00e1 devolver como m\u00e1ximo 5 vasos. Las personas consumidoras sabr\u00e1n qu\u00e9 establecimientos estar\u00e1n adheridos al sistema, ya que tendr\u00e1n carteles identificativos de su colaboraci\u00f3n en unas fiestas m\u00e1s sostenibles.<\/p>\n<p>La Fundaci\u00f3n Varazdin se encargar\u00e1 tambi\u00e9n este a\u00f1o de la gesti\u00f3n del sistema de vaso reutilizable. Diariamente, repartir\u00e1 los vasos municipales en los locales adheridos a la campa\u00f1a, recoger\u00e1 los sucios y los repondr\u00e1 por los limpios que se soliciten, garantizando plenamente las condiciones higi\u00e9nico-sanitarias y el suministro, de tal manera que no falten vasos reutilizables en ning\u00fan momento.<\/p>\n<p><strong>\u2018Del otro vaso paso, aski dut batekin\u2019<\/strong><\/p>\n<p>Es el lema de la campa\u00f1a, que tiene como objetivo informar sobre la existencia del vaso reutilizable, explicar el funcionamiento y llamar a la ciudadan\u00eda a actuar, participar y comprometerse por unas fiestas m\u00e1s sostenibles. La campa\u00f1a recuerda los beneficios que obtiene la ciudad en todos los niveles con la sustituci\u00f3n del vaso de pl\u00e1stico desechable por el vaso reutilizable. Se incide en las mejoras que supone en la reducci\u00f3n de residuos y en el aumento del respeto por la ciudad y el vecindario al facilitar la convivencia. Asimismo, se avanza hacia una cultura sin pl\u00e1stico.<\/p>\n<p>La campa\u00f1a de comunicaci\u00f3n cuenta con diferentes soportes en cuatro idiomas (castellano, euskera, ingl\u00e9s y franc\u00e9s), que se podr\u00e1n visualizar a trav\u00e9s de carteles informativos y un GIF animado. Se ha contemplado tambi\u00e9n una gran variedad de medios donde se est\u00e1n moviendo y se van a mover estos recursos como las redes sociales, publicidad exterior en la Plaza del Castillo, estaciones de autobuses, plaza de Merindades y ascensor de la calle Descalzos, folletos divulgativos o env\u00edo de informaci\u00f3n a puntos de origen de visitantes.<\/p>\n<p>A los establecimientos que van a disponer del vaso reutilizable, se les van a repartir soportes informativos de la campa\u00f1a, as\u00ed como un protocolo de actuaci\u00f3n. Se trata as\u00ed de facilitar la labor de la hosteler\u00eda en la transici\u00f3n del uso del vaso desechable al uso del vaso reutilizable. Todas estas actuaciones se han coordinado con las diferentes \u00e1reas del Ayuntamiento, as\u00ed como con la Mancomunidad de la Comarca de Pamplona y la Oficina de Prevenci\u00f3n de Residuos y de Impulso a la Econom\u00eda Circular para dar a conocer el sistema.<\/p>\n<p>&nbsp;<\/p>\n<h3><span style=\"color: #ff0000;\">Dec\u00e1logo del vaso reutilizable<\/span><\/h3>\n<ul>\n<li><strong>\u00bfPor qu\u00e9 hay que pagar un euro por el vaso reutilizable? Para incitar a devolverlo, y en caso de no hacerlo (tirarlo al suelo, abandonarlo), hacer cumplir la premisa \u201cQuien contamina paga\u201d.<\/strong><\/li>\n<li><strong>\u00bfPor qu\u00e9 no lleva argolla? Porque la argolla dificulta su correcta limpieza, favoreciendo la existencia de microorganismos y porque no es necesario el transporte del vaso.<\/strong><\/li>\n<li><strong>\u00bfMe cambian el vaso cada vez que pido una nueva consumici\u00f3n? Si t\u00fa quieres, s\u00ed.<\/strong><\/li>\n<li><strong>\u00bfMe devuelven el euro si devuelvo el vaso roto, pintado o en mal estado? No.<\/strong><\/li>\n<li><strong>\u00bfLos vasos se limpian cada d\u00eda asegur\u00e1ndose su calidad higi\u00e9nica? S\u00ed, se limpian en un tren de lavado (lavavajillas industrial) con total garant\u00eda higi\u00e9nico-sanitaria.<\/strong><\/li>\n<li><strong>\u00bfCu\u00e1l es el mejor resultado posible? La devoluci\u00f3n del 100% de los vasos reutilizables por parte de la clientela.<\/strong><\/li>\n<li><strong>\u00bfMe pueden servir en vaso de cristal? Por supuesto, el cristal es la opci\u00f3n ambiental m\u00e1s sostenible, porque no produce residuos y se limpia en el local.<\/strong><\/li>\n<li><strong>\u00bfSi devuelven otros vasos reutilizables, se devuelve el euro? No, solo se devuelve el euro por el vaso verde del sistema municipal.<\/strong><\/li>\n<li><strong>\u00bfCon qu\u00e9 material est\u00e1 fabricado el vaso reutilizable? Con polipropileno, lo mismo que el vaso de pl\u00e1stico de un solo uso. Por su consistencia permite ser lavado, pero si se tira al suelo, es mucho peor, ya que ese vaso reutilizable por sus caracter\u00edsticas equivale a 8 vasos desechables.<\/strong><\/li>\n<li><strong>\u00bfAl terminar su vida \u00fatil, se puede reciclar el vaso reutilizable? S\u00ed, pero seg\u00fan la legislaci\u00f3n alimentaria, ya no puede destinarse para volver a fabricar otro vaso reutilizable, sino para mobiliario urbano.<\/strong><\/li>\n<\/ul>\n<p>&nbsp;<\/p>\n","protected":false},"excerpt":{"rendered":"","protected":false},"author":1,"featured_media":23271,"comment_status":"open","ping_status":"closed","sticky":false,"template":"","format":"standard","meta":{"footnotes":""},"categories":[2],"tags":[],"class_list":["post-23267","post","type-post","status-publish","format-standard","has-post-thumbnail","hentry","category-ayuntamiento-pamplona"],"yoast_head":"<!-- This site is optimized with the Yoast SEO plugin v27.3 - https:\/\/yoast.com\/product\/yoast-seo-wordpress\/ -->\n<title>M\u00e1s de 70 establecimientos hosteleros y zonas festivas se han adherido al sistema municipal de vaso reutilizable durante los pr\u00f3ximos Sanfermines<\/title>\n<meta name=\"robots\" content=\"index, follow, max-snippet:-1, max-image-preview:large, max-video-preview:-1\" \/>\n<link rel=\"canonical\" href=\"https:\/\/www.laguiadepamplona.com\/actualidad\/mas-de-70-establecimientos-hosteleros-y-zonas-festivas-se-han-adherido-al-sistema-municipal-de-vaso-reutilizable-durante-los-proximos-sanfermines\/\" \/>\n<meta property=\"og:locale\" content=\"es_ES\" \/>\n<meta property=\"og:type\" content=\"article\" \/>\n<meta property=\"og:title\" content=\"M\u00e1s de 70 establecimientos hosteleros y zonas festivas se han adherido al sistema municipal de vaso reutilizable durante los pr\u00f3ximos Sanfermines\" \/>\n<meta property=\"og:url\" content=\"https:\/\/www.laguiadepamplona.com\/actualidad\/mas-de-70-establecimientos-hosteleros-y-zonas-festivas-se-han-adherido-al-sistema-municipal-de-vaso-reutilizable-durante-los-proximos-sanfermines\/\" \/>\n<meta property=\"og:site_name\" content=\"La Gu\u00eda de Pamplona\" \/>\n<meta property=\"article:publisher\" content=\"https:\/\/www.facebook.com\/laguiadepamplonacom-133175176762273\/?ref=hl\" \/>\n<meta property=\"article:published_time\" content=\"2019-07-04T14:03:22+00:00\" \/>\n<meta property=\"article:modified_time\" content=\"2019-07-04T14:17:23+00:00\" \/>\n<meta property=\"og:image\" content=\"https:\/\/www.laguiadepamplona.com\/actualidad\/wp-content\/uploads\/2019\/07\/CARTEL-GENERAL-del-otro-vaso-paso1.jpg\" \/>\n\t<meta property=\"og:image:width\" content=\"1920\" \/>\n\t<meta property=\"og:image:height\" content=\"1176\" \/>\n\t<meta property=\"og:image:type\" content=\"image\/jpeg\" \/>\n<meta name=\"author\" content=\"La Gu\u00eda de Pamplona\" \/>\n<meta name=\"twitter:card\" content=\"summary_large_image\" \/>\n<meta name=\"twitter:creator\" content=\"@LaGuiadPamplona\" \/>\n<meta name=\"twitter:site\" content=\"@LaGuiadPamplona\" \/>\n<meta name=\"twitter:label1\" content=\"Escrito por\" \/>\n\t<meta name=\"twitter:data1\" content=\"La Gu\u00eda de Pamplona\" \/>\n\t<meta name=\"twitter:label2\" content=\"Tiempo de lectura\" \/>\n\t<meta name=\"twitter:data2\" content=\"6 minutos\" \/>\n<script type=\"application\/ld+json\" class=\"yoast-schema-graph\">{\"@context\":\"https:\\\/\\\/schema.org\",\"@graph\":[{\"@type\":\"Article\",\"@id\":\"https:\\\/\\\/www.laguiadepamplona.com\\\/actualidad\\\/mas-de-70-establecimientos-hosteleros-y-zonas-festivas-se-han-adherido-al-sistema-municipal-de-vaso-reutilizable-durante-los-proximos-sanfermines\\\/#article\",\"isPartOf\":{\"@id\":\"https:\\\/\\\/www.laguiadepamplona.com\\\/actualidad\\\/mas-de-70-establecimientos-hosteleros-y-zonas-festivas-se-han-adherido-al-sistema-municipal-de-vaso-reutilizable-durante-los-proximos-sanfermines\\\/\"},\"author\":{\"name\":\"La Gu\u00eda de Pamplona\",\"@id\":\"https:\\\/\\\/www.laguiadepamplona.com\\\/actualidad\\\/#\\\/schema\\\/person\\\/efe887376f0213d4657c93adc50b1fdb\"},\"headline\":\"M\u00e1s de 70 establecimientos hosteleros y zonas festivas se han adherido al sistema municipal de vaso reutilizable durante los pr\u00f3ximos Sanfermines\",\"datePublished\":\"2019-07-04T14:03:22+00:00\",\"dateModified\":\"2019-07-04T14:17:23+00:00\",\"mainEntityOfPage\":{\"@id\":\"https:\\\/\\\/www.laguiadepamplona.com\\\/actualidad\\\/mas-de-70-establecimientos-hosteleros-y-zonas-festivas-se-han-adherido-al-sistema-municipal-de-vaso-reutilizable-durante-los-proximos-sanfermines\\\/\"},\"wordCount\":1181,\"commentCount\":0,\"publisher\":{\"@id\":\"https:\\\/\\\/www.laguiadepamplona.com\\\/actualidad\\\/#organization\"},\"image\":{\"@id\":\"https:\\\/\\\/www.laguiadepamplona.com\\\/actualidad\\\/mas-de-70-establecimientos-hosteleros-y-zonas-festivas-se-han-adherido-al-sistema-municipal-de-vaso-reutilizable-durante-los-proximos-sanfermines\\\/#primaryimage\"},\"thumbnailUrl\":\"https:\\\/\\\/www.laguiadepamplona.com\\\/actualidad\\\/wp-content\\\/uploads\\\/2019\\\/07\\\/CARTEL-GENERAL-del-otro-vaso-paso1.jpg\",\"articleSection\":[\"Ayto Pamplona\"],\"inLanguage\":\"es\",\"potentialAction\":[{\"@type\":\"CommentAction\",\"name\":\"Comment\",\"target\":[\"https:\\\/\\\/www.laguiadepamplona.com\\\/actualidad\\\/mas-de-70-establecimientos-hosteleros-y-zonas-festivas-se-han-adherido-al-sistema-municipal-de-vaso-reutilizable-durante-los-proximos-sanfermines\\\/#respond\"]}]},{\"@type\":\"WebPage\",\"@id\":\"https:\\\/\\\/www.laguiadepamplona.com\\\/actualidad\\\/mas-de-70-establecimientos-hosteleros-y-zonas-festivas-se-han-adherido-al-sistema-municipal-de-vaso-reutilizable-durante-los-proximos-sanfermines\\\/\",\"url\":\"https:\\\/\\\/www.laguiadepamplona.com\\\/actualidad\\\/mas-de-70-establecimientos-hosteleros-y-zonas-festivas-se-han-adherido-al-sistema-municipal-de-vaso-reutilizable-durante-los-proximos-sanfermines\\\/\",\"name\":\"M\u00e1s de 70 establecimientos hosteleros y zonas festivas se han adherido al sistema municipal de vaso reutilizable durante los pr\u00f3ximos Sanfermines\",\"isPartOf\":{\"@id\":\"https:\\\/\\\/www.laguiadepamplona.com\\\/actualidad\\\/#website\"},\"primaryImageOfPage\":{\"@id\":\"https:\\\/\\\/www.laguiadepamplona.com\\\/actualidad\\\/mas-de-70-establecimientos-hosteleros-y-zonas-festivas-se-han-adherido-al-sistema-municipal-de-vaso-reutilizable-durante-los-proximos-sanfermines\\\/#primaryimage\"},\"image\":{\"@id\":\"https:\\\/\\\/www.laguiadepamplona.com\\\/actualidad\\\/mas-de-70-establecimientos-hosteleros-y-zonas-festivas-se-han-adherido-al-sistema-municipal-de-vaso-reutilizable-durante-los-proximos-sanfermines\\\/#primaryimage\"},\"thumbnailUrl\":\"https:\\\/\\\/www.laguiadepamplona.com\\\/actualidad\\\/wp-content\\\/uploads\\\/2019\\\/07\\\/CARTEL-GENERAL-del-otro-vaso-paso1.jpg\",\"datePublished\":\"2019-07-04T14:03:22+00:00\",\"dateModified\":\"2019-07-04T14:17:23+00:00\",\"breadcrumb\":{\"@id\":\"https:\\\/\\\/www.laguiadepamplona.com\\\/actualidad\\\/mas-de-70-establecimientos-hosteleros-y-zonas-festivas-se-han-adherido-al-sistema-municipal-de-vaso-reutilizable-durante-los-proximos-sanfermines\\\/#breadcrumb\"},\"inLanguage\":\"es\",\"potentialAction\":[{\"@type\":\"ReadAction\",\"target\":[\"https:\\\/\\\/www.laguiadepamplona.com\\\/actualidad\\\/mas-de-70-establecimientos-hosteleros-y-zonas-festivas-se-han-adherido-al-sistema-municipal-de-vaso-reutilizable-durante-los-proximos-sanfermines\\\/\"]}]},{\"@type\":\"ImageObject\",\"inLanguage\":\"es\",\"@id\":\"https:\\\/\\\/www.laguiadepamplona.com\\\/actualidad\\\/mas-de-70-establecimientos-hosteleros-y-zonas-festivas-se-han-adherido-al-sistema-municipal-de-vaso-reutilizable-durante-los-proximos-sanfermines\\\/#primaryimage\",\"url\":\"https:\\\/\\\/www.laguiadepamplona.com\\\/actualidad\\\/wp-content\\\/uploads\\\/2019\\\/07\\\/CARTEL-GENERAL-del-otro-vaso-paso1.jpg\",\"contentUrl\":\"https:\\\/\\\/www.laguiadepamplona.com\\\/actualidad\\\/wp-content\\\/uploads\\\/2019\\\/07\\\/CARTEL-GENERAL-del-otro-vaso-paso1.jpg\",\"width\":1920,\"height\":1176},{\"@type\":\"BreadcrumbList\",\"@id\":\"https:\\\/\\\/www.laguiadepamplona.com\\\/actualidad\\\/mas-de-70-establecimientos-hosteleros-y-zonas-festivas-se-han-adherido-al-sistema-municipal-de-vaso-reutilizable-durante-los-proximos-sanfermines\\\/#breadcrumb\",\"itemListElement\":[{\"@type\":\"ListItem\",\"position\":1,\"name\":\"Portada\",\"item\":\"https:\\\/\\\/www.laguiadepamplona.com\\\/actualidad\\\/\"},{\"@type\":\"ListItem\",\"position\":2,\"name\":\"M\u00e1s de 70 establecimientos hosteleros y zonas festivas se han adherido al sistema municipal de vaso reutilizable durante los pr\u00f3ximos Sanfermines\"}]},{\"@type\":\"WebSite\",\"@id\":\"https:\\\/\\\/www.laguiadepamplona.com\\\/actualidad\\\/#website\",\"url\":\"https:\\\/\\\/www.laguiadepamplona.com\\\/actualidad\\\/\",\"name\":\"La gu\u00eda de Pamplona\",\"description\":\"Noticias de Pamplona\",\"publisher\":{\"@id\":\"https:\\\/\\\/www.laguiadepamplona.com\\\/actualidad\\\/#organization\"},\"potentialAction\":[{\"@type\":\"SearchAction\",\"target\":{\"@type\":\"EntryPoint\",\"urlTemplate\":\"https:\\\/\\\/www.laguiadepamplona.com\\\/actualidad\\\/?s={search_term_string}\"},\"query-input\":{\"@type\":\"PropertyValueSpecification\",\"valueRequired\":true,\"valueName\":\"search_term_string\"}}],\"inLanguage\":\"es\"},{\"@type\":\"Organization\",\"@id\":\"https:\\\/\\\/www.laguiadepamplona.com\\\/actualidad\\\/#organization\",\"name\":\"La Gu\u00eda de Pamplona \\\/ Noticias\",\"url\":\"https:\\\/\\\/www.laguiadepamplona.com\\\/actualidad\\\/\",\"logo\":{\"@type\":\"ImageObject\",\"inLanguage\":\"es\",\"@id\":\"https:\\\/\\\/www.laguiadepamplona.com\\\/actualidad\\\/#\\\/schema\\\/logo\\\/image\\\/\",\"url\":\"https:\\\/\\\/www.laguiadepamplona.com\\\/actualidad\\\/wp-content\\\/uploads\\\/2018\\\/11\\\/logo-laguiadepamplona18-web1.png\",\"contentUrl\":\"https:\\\/\\\/www.laguiadepamplona.com\\\/actualidad\\\/wp-content\\\/uploads\\\/2018\\\/11\\\/logo-laguiadepamplona18-web1.png\",\"width\":600,\"height\":196,\"caption\":\"La Gu\u00eda de Pamplona \\\/ Noticias\"},\"image\":{\"@id\":\"https:\\\/\\\/www.laguiadepamplona.com\\\/actualidad\\\/#\\\/schema\\\/logo\\\/image\\\/\"},\"sameAs\":[\"https:\\\/\\\/www.facebook.com\\\/laguiadepamplonacom-133175176762273\\\/?ref=hl\",\"https:\\\/\\\/x.com\\\/LaGuiadPamplona\",\"https:\\\/\\\/www.instagram.com\\\/la_guia_de_pamplona\\\/\",\"https:\\\/\\\/www.youtube.com\\\/user\\\/laguiadepamplona\"]},{\"@type\":\"Person\",\"@id\":\"https:\\\/\\\/www.laguiadepamplona.com\\\/actualidad\\\/#\\\/schema\\\/person\\\/efe887376f0213d4657c93adc50b1fdb\",\"name\":\"La Gu\u00eda de Pamplona\",\"image\":{\"@type\":\"ImageObject\",\"inLanguage\":\"es\",\"@id\":\"https:\\\/\\\/secure.gravatar.com\\\/avatar\\\/b6992f131dc8d30ab0dff15446e9d346d9dbd95992de0fef795073f5ea83a81c?s=96&d=mm&r=g\",\"url\":\"https:\\\/\\\/secure.gravatar.com\\\/avatar\\\/b6992f131dc8d30ab0dff15446e9d346d9dbd95992de0fef795073f5ea83a81c?s=96&d=mm&r=g\",\"contentUrl\":\"https:\\\/\\\/secure.gravatar.com\\\/avatar\\\/b6992f131dc8d30ab0dff15446e9d346d9dbd95992de0fef795073f5ea83a81c?s=96&d=mm&r=g\",\"caption\":\"La Gu\u00eda de Pamplona\"}}]}<\/script>\n<!-- \/ Yoast SEO plugin. -->","yoast_head_json":{"title":"M\u00e1s de 70 establecimientos hosteleros y zonas festivas se han adherido al sistema municipal de vaso reutilizable durante los pr\u00f3ximos Sanfermines","robots":{"index":"index","follow":"follow","max-snippet":"max-snippet:-1","max-image-preview":"max-image-preview:large","max-video-preview":"max-video-preview:-1"},"canonical":"https:\/\/www.laguiadepamplona.com\/actualidad\/mas-de-70-establecimientos-hosteleros-y-zonas-festivas-se-han-adherido-al-sistema-municipal-de-vaso-reutilizable-durante-los-proximos-sanfermines\/","og_locale":"es_ES","og_type":"article","og_title":"M\u00e1s de 70 establecimientos hosteleros y zonas festivas se han adherido al sistema municipal de vaso reutilizable durante los pr\u00f3ximos Sanfermines","og_url":"https:\/\/www.laguiadepamplona.com\/actualidad\/mas-de-70-establecimientos-hosteleros-y-zonas-festivas-se-han-adherido-al-sistema-municipal-de-vaso-reutilizable-durante-los-proximos-sanfermines\/","og_site_name":"La Gu\u00eda de Pamplona","article_publisher":"https:\/\/www.facebook.com\/laguiadepamplonacom-133175176762273\/?ref=hl","article_published_time":"2019-07-04T14:03:22+00:00","article_modified_time":"2019-07-04T14:17:23+00:00","og_image":[{"width":1920,"height":1176,"url":"https:\/\/www.laguiadepamplona.com\/actualidad\/wp-content\/uploads\/2019\/07\/CARTEL-GENERAL-del-otro-vaso-paso1.jpg","type":"image\/jpeg"}],"author":"La Gu\u00eda de Pamplona","twitter_card":"summary_large_image","twitter_creator":"@LaGuiadPamplona","twitter_site":"@LaGuiadPamplona","twitter_misc":{"Escrito por":"La Gu\u00eda de Pamplona","Tiempo de lectura":"6 minutos"},"schema":{"@context":"https:\/\/schema.org","@graph":[{"@type":"Article","@id":"https:\/\/www.laguiadepamplona.com\/actualidad\/mas-de-70-establecimientos-hosteleros-y-zonas-festivas-se-han-adherido-al-sistema-municipal-de-vaso-reutilizable-durante-los-proximos-sanfermines\/#article","isPartOf":{"@id":"https:\/\/www.laguiadepamplona.com\/actualidad\/mas-de-70-establecimientos-hosteleros-y-zonas-festivas-se-han-adherido-al-sistema-municipal-de-vaso-reutilizable-durante-los-proximos-sanfermines\/"},"author":{"name":"La Gu\u00eda de Pamplona","@id":"https:\/\/www.laguiadepamplona.com\/actualidad\/#\/schema\/person\/efe887376f0213d4657c93adc50b1fdb"},"headline":"M\u00e1s de 70 establecimientos hosteleros y zonas festivas se han adherido al sistema municipal de vaso reutilizable durante los pr\u00f3ximos Sanfermines","datePublished":"2019-07-04T14:03:22+00:00","dateModified":"2019-07-04T14:17:23+00:00","mainEntityOfPage":{"@id":"https:\/\/www.laguiadepamplona.com\/actualidad\/mas-de-70-establecimientos-hosteleros-y-zonas-festivas-se-han-adherido-al-sistema-municipal-de-vaso-reutilizable-durante-los-proximos-sanfermines\/"},"wordCount":1181,"commentCount":0,"publisher":{"@id":"https:\/\/www.laguiadepamplona.com\/actualidad\/#organization"},"image":{"@id":"https:\/\/www.laguiadepamplona.com\/actualidad\/mas-de-70-establecimientos-hosteleros-y-zonas-festivas-se-han-adherido-al-sistema-municipal-de-vaso-reutilizable-durante-los-proximos-sanfermines\/#primaryimage"},"thumbnailUrl":"https:\/\/www.laguiadepamplona.com\/actualidad\/wp-content\/uploads\/2019\/07\/CARTEL-GENERAL-del-otro-vaso-paso1.jpg","articleSection":["Ayto Pamplona"],"inLanguage":"es","potentialAction":[{"@type":"CommentAction","name":"Comment","target":["https:\/\/www.laguiadepamplona.com\/actualidad\/mas-de-70-establecimientos-hosteleros-y-zonas-festivas-se-han-adherido-al-sistema-municipal-de-vaso-reutilizable-durante-los-proximos-sanfermines\/#respond"]}]},{"@type":"WebPage","@id":"https:\/\/www.laguiadepamplona.com\/actualidad\/mas-de-70-establecimientos-hosteleros-y-zonas-festivas-se-han-adherido-al-sistema-municipal-de-vaso-reutilizable-durante-los-proximos-sanfermines\/","url":"https:\/\/www.laguiadepamplona.com\/actualidad\/mas-de-70-establecimientos-hosteleros-y-zonas-festivas-se-han-adherido-al-sistema-municipal-de-vaso-reutilizable-durante-los-proximos-sanfermines\/","name":"M\u00e1s de 70 establecimientos hosteleros y zonas festivas se han adherido al sistema municipal de vaso reutilizable durante los pr\u00f3ximos Sanfermines","isPartOf":{"@id":"https:\/\/www.laguiadepamplona.com\/actualidad\/#website"},"primaryImageOfPage":{"@id":"https:\/\/www.laguiadepamplona.com\/actualidad\/mas-de-70-establecimientos-hosteleros-y-zonas-festivas-se-han-adherido-al-sistema-municipal-de-vaso-reutilizable-durante-los-proximos-sanfermines\/#primaryimage"},"image":{"@id":"https:\/\/www.laguiadepamplona.com\/actualidad\/mas-de-70-establecimientos-hosteleros-y-zonas-festivas-se-han-adherido-al-sistema-municipal-de-vaso-reutilizable-durante-los-proximos-sanfermines\/#primaryimage"},"thumbnailUrl":"https:\/\/www.laguiadepamplona.com\/actualidad\/wp-content\/uploads\/2019\/07\/CARTEL-GENERAL-del-otro-vaso-paso1.jpg","datePublished":"2019-07-04T14:03:22+00:00","dateModified":"2019-07-04T14:17:23+00:00","breadcrumb":{"@id":"https:\/\/www.laguiadepamplona.com\/actualidad\/mas-de-70-establecimientos-hosteleros-y-zonas-festivas-se-han-adherido-al-sistema-municipal-de-vaso-reutilizable-durante-los-proximos-sanfermines\/#breadcrumb"},"inLanguage":"es","potentialAction":[{"@type":"ReadAction","target":["https:\/\/www.laguiadepamplona.com\/actualidad\/mas-de-70-establecimientos-hosteleros-y-zonas-festivas-se-han-adherido-al-sistema-municipal-de-vaso-reutilizable-durante-los-proximos-sanfermines\/"]}]},{"@type":"ImageObject","inLanguage":"es","@id":"https:\/\/www.laguiadepamplona.com\/actualidad\/mas-de-70-establecimientos-hosteleros-y-zonas-festivas-se-han-adherido-al-sistema-municipal-de-vaso-reutilizable-durante-los-proximos-sanfermines\/#primaryimage","url":"https:\/\/www.laguiadepamplona.com\/actualidad\/wp-content\/uploads\/2019\/07\/CARTEL-GENERAL-del-otro-vaso-paso1.jpg","contentUrl":"https:\/\/www.laguiadepamplona.com\/actualidad\/wp-content\/uploads\/2019\/07\/CARTEL-GENERAL-del-otro-vaso-paso1.jpg","width":1920,"height":1176},{"@type":"BreadcrumbList","@id":"https:\/\/www.laguiadepamplona.com\/actualidad\/mas-de-70-establecimientos-hosteleros-y-zonas-festivas-se-han-adherido-al-sistema-municipal-de-vaso-reutilizable-durante-los-proximos-sanfermines\/#breadcrumb","itemListElement":[{"@type":"ListItem","position":1,"name":"Portada","item":"https:\/\/www.laguiadepamplona.com\/actualidad\/"},{"@type":"ListItem","position":2,"name":"M\u00e1s de 70 establecimientos hosteleros y zonas festivas se han adherido al sistema municipal de vaso reutilizable durante los pr\u00f3ximos Sanfermines"}]},{"@type":"WebSite","@id":"https:\/\/www.laguiadepamplona.com\/actualidad\/#website","url":"https:\/\/www.laguiadepamplona.com\/actualidad\/","name":"La gu\u00eda de Pamplona","description":"Noticias de Pamplona","publisher":{"@id":"https:\/\/www.laguiadepamplona.com\/actualidad\/#organization"},"potentialAction":[{"@type":"SearchAction","target":{"@type":"EntryPoint","urlTemplate":"https:\/\/www.laguiadepamplona.com\/actualidad\/?s={search_term_string}"},"query-input":{"@type":"PropertyValueSpecification","valueRequired":true,"valueName":"search_term_string"}}],"inLanguage":"es"},{"@type":"Organization","@id":"https:\/\/www.laguiadepamplona.com\/actualidad\/#organization","name":"La Gu\u00eda de Pamplona \/ Noticias","url":"https:\/\/www.laguiadepamplona.com\/actualidad\/","logo":{"@type":"ImageObject","inLanguage":"es","@id":"https:\/\/www.laguiadepamplona.com\/actualidad\/#\/schema\/logo\/image\/","url":"https:\/\/www.laguiadepamplona.com\/actualidad\/wp-content\/uploads\/2018\/11\/logo-laguiadepamplona18-web1.png","contentUrl":"https:\/\/www.laguiadepamplona.com\/actualidad\/wp-content\/uploads\/2018\/11\/logo-laguiadepamplona18-web1.png","width":600,"height":196,"caption":"La Gu\u00eda de Pamplona \/ Noticias"},"image":{"@id":"https:\/\/www.laguiadepamplona.com\/actualidad\/#\/schema\/logo\/image\/"},"sameAs":["https:\/\/www.facebook.com\/laguiadepamplonacom-133175176762273\/?ref=hl","https:\/\/x.com\/LaGuiadPamplona","https:\/\/www.instagram.com\/la_guia_de_pamplona\/","https:\/\/www.youtube.com\/user\/laguiadepamplona"]},{"@type":"Person","@id":"https:\/\/www.laguiadepamplona.com\/actualidad\/#\/schema\/person\/efe887376f0213d4657c93adc50b1fdb","name":"La Gu\u00eda de Pamplona","image":{"@type":"ImageObject","inLanguage":"es","@id":"https:\/\/secure.gravatar.com\/avatar\/b6992f131dc8d30ab0dff15446e9d346d9dbd95992de0fef795073f5ea83a81c?s=96&d=mm&r=g","url":"https:\/\/secure.gravatar.com\/avatar\/b6992f131dc8d30ab0dff15446e9d346d9dbd95992de0fef795073f5ea83a81c?s=96&d=mm&r=g","contentUrl":"https:\/\/secure.gravatar.com\/avatar\/b6992f131dc8d30ab0dff15446e9d346d9dbd95992de0fef795073f5ea83a81c?s=96&d=mm&r=g","caption":"La Gu\u00eda de Pamplona"}}]}},"post_mailing_queue_ids":[],"_links":{"self":[{"href":"https:\/\/www.laguiadepamplona.com\/actualidad\/wp-json\/wp\/v2\/posts\/23267","targetHints":{"allow":["GET"]}}],"collection":[{"href":"https:\/\/www.laguiadepamplona.com\/actualidad\/wp-json\/wp\/v2\/posts"}],"about":[{"href":"https:\/\/www.laguiadepamplona.com\/actualidad\/wp-json\/wp\/v2\/types\/post"}],"author":[{"embeddable":true,"href":"https:\/\/www.laguiadepamplona.com\/actualidad\/wp-json\/wp\/v2\/users\/1"}],"replies":[{"embeddable":true,"href":"https:\/\/www.laguiadepamplona.com\/actualidad\/wp-json\/wp\/v2\/comments?post=23267"}],"version-history":[{"count":0,"href":"https:\/\/www.laguiadepamplona.com\/actualidad\/wp-json\/wp\/v2\/posts\/23267\/revisions"}],"wp:featuredmedia":[{"embeddable":true,"href":"https:\/\/www.laguiadepamplona.com\/actualidad\/wp-json\/wp\/v2\/media\/23271"}],"wp:attachment":[{"href":"https:\/\/www.laguiadepamplona.com\/actualidad\/wp-json\/wp\/v2\/media?parent=23267"}],"wp:term":[{"taxonomy":"category","embeddable":true,"href":"https:\/\/www.laguiadepamplona.com\/actualidad\/wp-json\/wp\/v2\/categories?post=23267"},{"taxonomy":"post_tag","embeddable":true,"href":"https:\/\/www.laguiadepamplona.com\/actualidad\/wp-json\/wp\/v2\/tags?post=23267"}],"curies":[{"name":"wp","href":"https:\/\/api.w.org\/{rel}","templated":true}]}}