{"id":23263,"date":"2019-07-04T15:55:09","date_gmt":"2019-07-04T13:55:09","guid":{"rendered":"https:\/\/www.laguiadepamplona.es\/actualidad\/?p=23263"},"modified":"2019-07-04T16:17:55","modified_gmt":"2019-07-04T14:17:55","slug":"actos-organizados-por-el-ayuntamiento-durante-las-fiestas-de-san-fermin-con-presencia-corporativa","status":"publish","type":"post","link":"https:\/\/www.laguiadepamplona.com\/actualidad\/actos-organizados-por-el-ayuntamiento-durante-las-fiestas-de-san-fermin-con-presencia-corporativa\/","title":{"rendered":"Actos organizados por el Ayuntamiento durante las fiestas de San Ferm\u00edn con presencia corporativa"},"content":{"rendered":"<p><!--more--><\/p>\n<p>El Ayuntamiento de Pamplona organiza durante las pr\u00f3ximas fiestas de San Ferm\u00edn diversos actos oficiales e institucionales, entregas de premios y recepciones, algunas de ellas no incluidas en el programa oficial de las fiestas, a los que asisten el alcalde de Pamplona y miembros de la Corporaci\u00f3n municipal. Los actos previstos son los siguientes:<\/p>\n<h3><span style=\"color: #ff0000;\">ACTOS INSTITUCIONALES<\/span><\/h3>\n<p><script async src=\"\/\/pagead2.googlesyndication.com\/pagead\/js\/adsbygoogle.js\"><\/script><br \/>\n<!-- Noticias La Guia de Pamplona --><br \/>\n<ins class=\"adsbygoogle\"\nstyle=\"display:block\"\ndata-ad-client=\"ca-pub-6943679897239327\"\ndata-ad-slot=\"7048180777\"\ndata-ad-format=\"auto\"><\/ins><br \/>\n<script>\n(adsbygoogle = window.adsbygoogle || []).push({});\n<\/script><\/p>\n<p>Como todos los a\u00f1os los actos institucionales recogidos en el programa oficial a los que asistir\u00e1 la Corporaci\u00f3n en Cuerpo de Ciudad ser\u00e1n:<\/p>\n<ul>\n<li><strong>Domingo 7 de julio, <\/strong>9.55 horas.<strong> <u>Procesi\u00f3n de San Ferm\u00edn<\/u>. <\/strong>Salida desde la Casa Consistorial hacia la Catedral.<\/li>\n<li><strong>Domingo 14 de julio, <\/strong>10.45 horas<strong>. <u>Funci\u00f3n de la Octava de San Ferm\u00edn<\/u>. <\/strong>Salida desde la Casa Consistorial hacia la iglesia de San Lorenzo.<\/li>\n<\/ul>\n<h3><span style=\"color: #ff0000;\">RECEPCIONES Y ENTREGAS DE PREMIOS<\/span><\/h3>\n<ul>\n<li><strong>Lunes 8 de julio, <\/strong>12 horas. <strong><u>Recepci\u00f3n oficial con motivo del D\u00eda de Bayona y las Ciudades Hermanas<\/u><\/strong> (Sal\u00f3n de Recepciones de la Casa Consistorial). M\u00e1s tarde, en Condestable, tendr\u00e1 lugar la tradicional comida, sin acceso a medios de comunicaci\u00f3n.<\/li>\n<li><strong>Jueves 11 de julio<\/strong>, 12.30 horas. <strong><u>Entrega de premios de XIX Concurso Internacional de Fuegos Artificiales San Ferm\u00edn 2018<\/u><\/strong> (Sal\u00f3n de Recepciones de la Casa Consistorial).<\/li>\n<li><strong>Viernes 12 de julio<\/strong>, 12 horas. <strong><u>Recepci\u00f3n a las personas centenarias de Pamplona<\/u> <\/strong>(Sal\u00f3n de Recepciones de la Casa Consistorial), coincidiendo con la celebraci\u00f3n del D\u00eda de las Personas Mayores. En el acto actuar\u00e1 el grupo Voces Navarra.<\/li>\n<\/ul>\n<h3><span style=\"color: #ff0000;\">OTROS ACTOS<\/span><\/h3>\n<ul>\n<li><strong>Domingo 14 de julio<\/strong><strong>, aproximadamente a las 14 horas. <u>Despedida de los gigantes en la Plaza Consistorial<\/u>. <\/strong>Con la asistencia de distintas asociaciones de car\u00e1cter social.<\/li>\n<li>\u00a0<strong>Domingo 14 de julio, <\/strong>00 horas.<strong> <u>Pobre de M\u00ed<\/u>, en la Plaza Consistorial. <\/strong><\/li>\n<\/ul>\n","protected":false},"excerpt":{"rendered":"","protected":false},"author":1,"featured_media":21970,"comment_status":"open","ping_status":"closed","sticky":false,"template":"","format":"standard","meta":{"footnotes":""},"categories":[2],"tags":[],"class_list":["post-23263","post","type-post","status-publish","format-standard","has-post-thumbnail","hentry","category-ayuntamiento-pamplona"],"yoast_head":"<!-- This site is optimized with the Yoast SEO plugin v27.3 - https:\/\/yoast.com\/product\/yoast-seo-wordpress\/ -->\n<title>Actos organizados por el Ayuntamiento durante las fiestas de San Ferm\u00edn con presencia corporativa<\/title>\n<meta name=\"robots\" content=\"index, follow, max-snippet:-1, max-image-preview:large, max-video-preview:-1\" \/>\n<link rel=\"canonical\" href=\"https:\/\/www.laguiadepamplona.com\/actualidad\/actos-organizados-por-el-ayuntamiento-durante-las-fiestas-de-san-fermin-con-presencia-corporativa\/\" \/>\n<meta property=\"og:locale\" content=\"es_ES\" \/>\n<meta property=\"og:type\" content=\"article\" \/>\n<meta property=\"og:title\" content=\"Actos organizados por el Ayuntamiento durante las fiestas de San Ferm\u00edn con presencia corporativa\" \/>\n<meta property=\"og:url\" content=\"https:\/\/www.laguiadepamplona.com\/actualidad\/actos-organizados-por-el-ayuntamiento-durante-las-fiestas-de-san-fermin-con-presencia-corporativa\/\" \/>\n<meta property=\"og:site_name\" content=\"La Gu\u00eda de Pamplona\" \/>\n<meta property=\"article:publisher\" content=\"https:\/\/www.facebook.com\/laguiadepamplonacom-133175176762273\/?ref=hl\" \/>\n<meta property=\"article:published_time\" content=\"2019-07-04T13:55:09+00:00\" \/>\n<meta property=\"article:modified_time\" content=\"2019-07-04T14:17:55+00:00\" \/>\n<meta property=\"og:image\" content=\"https:\/\/www.laguiadepamplona.com\/actualidad\/wp-content\/uploads\/2019\/05\/AYER-SO\u00d1E-CON-UN-6-DE-JULIO-CARTEL-SAN-FERMIN-2019.jpg\" \/>\n\t<meta property=\"og:image:width\" content=\"1233\" \/>\n\t<meta property=\"og:image:height\" content=\"414\" \/>\n\t<meta property=\"og:image:type\" content=\"image\/jpeg\" \/>\n<meta name=\"author\" content=\"La Gu\u00eda de Pamplona\" \/>\n<meta name=\"twitter:card\" content=\"summary_large_image\" \/>\n<meta name=\"twitter:creator\" content=\"@LaGuiadPamplona\" \/>\n<meta name=\"twitter:site\" content=\"@LaGuiadPamplona\" \/>\n<meta name=\"twitter:label1\" content=\"Escrito por\" \/>\n\t<meta name=\"twitter:data1\" content=\"La Gu\u00eda de Pamplona\" \/>\n\t<meta name=\"twitter:label2\" content=\"Tiempo de lectura\" \/>\n\t<meta name=\"twitter:data2\" content=\"1 minuto\" \/>\n<script type=\"application\/ld+json\" class=\"yoast-schema-graph\">{\"@context\":\"https:\\\/\\\/schema.org\",\"@graph\":[{\"@type\":\"Article\",\"@id\":\"https:\\\/\\\/www.laguiadepamplona.com\\\/actualidad\\\/actos-organizados-por-el-ayuntamiento-durante-las-fiestas-de-san-fermin-con-presencia-corporativa\\\/#article\",\"isPartOf\":{\"@id\":\"https:\\\/\\\/www.laguiadepamplona.com\\\/actualidad\\\/actos-organizados-por-el-ayuntamiento-durante-las-fiestas-de-san-fermin-con-presencia-corporativa\\\/\"},\"author\":{\"name\":\"La Gu\u00eda de Pamplona\",\"@id\":\"https:\\\/\\\/www.laguiadepamplona.com\\\/actualidad\\\/#\\\/schema\\\/person\\\/efe887376f0213d4657c93adc50b1fdb\"},\"headline\":\"Actos organizados por el Ayuntamiento durante las fiestas de San Ferm\u00edn con presencia corporativa\",\"datePublished\":\"2019-07-04T13:55:09+00:00\",\"dateModified\":\"2019-07-04T14:17:55+00:00\",\"mainEntityOfPage\":{\"@id\":\"https:\\\/\\\/www.laguiadepamplona.com\\\/actualidad\\\/actos-organizados-por-el-ayuntamiento-durante-las-fiestas-de-san-fermin-con-presencia-corporativa\\\/\"},\"wordCount\":293,\"commentCount\":0,\"publisher\":{\"@id\":\"https:\\\/\\\/www.laguiadepamplona.com\\\/actualidad\\\/#organization\"},\"image\":{\"@id\":\"https:\\\/\\\/www.laguiadepamplona.com\\\/actualidad\\\/actos-organizados-por-el-ayuntamiento-durante-las-fiestas-de-san-fermin-con-presencia-corporativa\\\/#primaryimage\"},\"thumbnailUrl\":\"https:\\\/\\\/www.laguiadepamplona.com\\\/actualidad\\\/wp-content\\\/uploads\\\/2019\\\/05\\\/AYER-SO\u00d1E-CON-UN-6-DE-JULIO-CARTEL-SAN-FERMIN-2019.jpg\",\"articleSection\":[\"Ayto Pamplona\"],\"inLanguage\":\"es\",\"potentialAction\":[{\"@type\":\"CommentAction\",\"name\":\"Comment\",\"target\":[\"https:\\\/\\\/www.laguiadepamplona.com\\\/actualidad\\\/actos-organizados-por-el-ayuntamiento-durante-las-fiestas-de-san-fermin-con-presencia-corporativa\\\/#respond\"]}]},{\"@type\":\"WebPage\",\"@id\":\"https:\\\/\\\/www.laguiadepamplona.com\\\/actualidad\\\/actos-organizados-por-el-ayuntamiento-durante-las-fiestas-de-san-fermin-con-presencia-corporativa\\\/\",\"url\":\"https:\\\/\\\/www.laguiadepamplona.com\\\/actualidad\\\/actos-organizados-por-el-ayuntamiento-durante-las-fiestas-de-san-fermin-con-presencia-corporativa\\\/\",\"name\":\"Actos organizados por el Ayuntamiento durante las fiestas de San Ferm\u00edn con presencia corporativa\",\"isPartOf\":{\"@id\":\"https:\\\/\\\/www.laguiadepamplona.com\\\/actualidad\\\/#website\"},\"primaryImageOfPage\":{\"@id\":\"https:\\\/\\\/www.laguiadepamplona.com\\\/actualidad\\\/actos-organizados-por-el-ayuntamiento-durante-las-fiestas-de-san-fermin-con-presencia-corporativa\\\/#primaryimage\"},\"image\":{\"@id\":\"https:\\\/\\\/www.laguiadepamplona.com\\\/actualidad\\\/actos-organizados-por-el-ayuntamiento-durante-las-fiestas-de-san-fermin-con-presencia-corporativa\\\/#primaryimage\"},\"thumbnailUrl\":\"https:\\\/\\\/www.laguiadepamplona.com\\\/actualidad\\\/wp-content\\\/uploads\\\/2019\\\/05\\\/AYER-SO\u00d1E-CON-UN-6-DE-JULIO-CARTEL-SAN-FERMIN-2019.jpg\",\"datePublished\":\"2019-07-04T13:55:09+00:00\",\"dateModified\":\"2019-07-04T14:17:55+00:00\",\"breadcrumb\":{\"@id\":\"https:\\\/\\\/www.laguiadepamplona.com\\\/actualidad\\\/actos-organizados-por-el-ayuntamiento-durante-las-fiestas-de-san-fermin-con-presencia-corporativa\\\/#breadcrumb\"},\"inLanguage\":\"es\",\"potentialAction\":[{\"@type\":\"ReadAction\",\"target\":[\"https:\\\/\\\/www.laguiadepamplona.com\\\/actualidad\\\/actos-organizados-por-el-ayuntamiento-durante-las-fiestas-de-san-fermin-con-presencia-corporativa\\\/\"]}]},{\"@type\":\"ImageObject\",\"inLanguage\":\"es\",\"@id\":\"https:\\\/\\\/www.laguiadepamplona.com\\\/actualidad\\\/actos-organizados-por-el-ayuntamiento-durante-las-fiestas-de-san-fermin-con-presencia-corporativa\\\/#primaryimage\",\"url\":\"https:\\\/\\\/www.laguiadepamplona.com\\\/actualidad\\\/wp-content\\\/uploads\\\/2019\\\/05\\\/AYER-SO\u00d1E-CON-UN-6-DE-JULIO-CARTEL-SAN-FERMIN-2019.jpg\",\"contentUrl\":\"https:\\\/\\\/www.laguiadepamplona.com\\\/actualidad\\\/wp-content\\\/uploads\\\/2019\\\/05\\\/AYER-SO\u00d1E-CON-UN-6-DE-JULIO-CARTEL-SAN-FERMIN-2019.jpg\",\"width\":1233,\"height\":414},{\"@type\":\"BreadcrumbList\",\"@id\":\"https:\\\/\\\/www.laguiadepamplona.com\\\/actualidad\\\/actos-organizados-por-el-ayuntamiento-durante-las-fiestas-de-san-fermin-con-presencia-corporativa\\\/#breadcrumb\",\"itemListElement\":[{\"@type\":\"ListItem\",\"position\":1,\"name\":\"Portada\",\"item\":\"https:\\\/\\\/www.laguiadepamplona.com\\\/actualidad\\\/\"},{\"@type\":\"ListItem\",\"position\":2,\"name\":\"Actos organizados por el Ayuntamiento durante las fiestas de San Ferm\u00edn con presencia corporativa\"}]},{\"@type\":\"WebSite\",\"@id\":\"https:\\\/\\\/www.laguiadepamplona.com\\\/actualidad\\\/#website\",\"url\":\"https:\\\/\\\/www.laguiadepamplona.com\\\/actualidad\\\/\",\"name\":\"La gu\u00eda de Pamplona\",\"description\":\"Noticias de Pamplona\",\"publisher\":{\"@id\":\"https:\\\/\\\/www.laguiadepamplona.com\\\/actualidad\\\/#organization\"},\"potentialAction\":[{\"@type\":\"SearchAction\",\"target\":{\"@type\":\"EntryPoint\",\"urlTemplate\":\"https:\\\/\\\/www.laguiadepamplona.com\\\/actualidad\\\/?s={search_term_string}\"},\"query-input\":{\"@type\":\"PropertyValueSpecification\",\"valueRequired\":true,\"valueName\":\"search_term_string\"}}],\"inLanguage\":\"es\"},{\"@type\":\"Organization\",\"@id\":\"https:\\\/\\\/www.laguiadepamplona.com\\\/actualidad\\\/#organization\",\"name\":\"La Gu\u00eda de Pamplona \\\/ Noticias\",\"url\":\"https:\\\/\\\/www.laguiadepamplona.com\\\/actualidad\\\/\",\"logo\":{\"@type\":\"ImageObject\",\"inLanguage\":\"es\",\"@id\":\"https:\\\/\\\/www.laguiadepamplona.com\\\/actualidad\\\/#\\\/schema\\\/logo\\\/image\\\/\",\"url\":\"https:\\\/\\\/www.laguiadepamplona.com\\\/actualidad\\\/wp-content\\\/uploads\\\/2018\\\/11\\\/logo-laguiadepamplona18-web1.png\",\"contentUrl\":\"https:\\\/\\\/www.laguiadepamplona.com\\\/actualidad\\\/wp-content\\\/uploads\\\/2018\\\/11\\\/logo-laguiadepamplona18-web1.png\",\"width\":600,\"height\":196,\"caption\":\"La Gu\u00eda de Pamplona \\\/ Noticias\"},\"image\":{\"@id\":\"https:\\\/\\\/www.laguiadepamplona.com\\\/actualidad\\\/#\\\/schema\\\/logo\\\/image\\\/\"},\"sameAs\":[\"https:\\\/\\\/www.facebook.com\\\/laguiadepamplonacom-133175176762273\\\/?ref=hl\",\"https:\\\/\\\/x.com\\\/LaGuiadPamplona\",\"https:\\\/\\\/www.instagram.com\\\/la_guia_de_pamplona\\\/\",\"https:\\\/\\\/www.youtube.com\\\/user\\\/laguiadepamplona\"]},{\"@type\":\"Person\",\"@id\":\"https:\\\/\\\/www.laguiadepamplona.com\\\/actualidad\\\/#\\\/schema\\\/person\\\/efe887376f0213d4657c93adc50b1fdb\",\"name\":\"La Gu\u00eda de Pamplona\",\"image\":{\"@type\":\"ImageObject\",\"inLanguage\":\"es\",\"@id\":\"https:\\\/\\\/secure.gravatar.com\\\/avatar\\\/b6992f131dc8d30ab0dff15446e9d346d9dbd95992de0fef795073f5ea83a81c?s=96&d=mm&r=g\",\"url\":\"https:\\\/\\\/secure.gravatar.com\\\/avatar\\\/b6992f131dc8d30ab0dff15446e9d346d9dbd95992de0fef795073f5ea83a81c?s=96&d=mm&r=g\",\"contentUrl\":\"https:\\\/\\\/secure.gravatar.com\\\/avatar\\\/b6992f131dc8d30ab0dff15446e9d346d9dbd95992de0fef795073f5ea83a81c?s=96&d=mm&r=g\",\"caption\":\"La Gu\u00eda de Pamplona\"}}]}<\/script>\n<!-- \/ Yoast SEO plugin. -->","yoast_head_json":{"title":"Actos organizados por el Ayuntamiento durante las fiestas de San Ferm\u00edn con presencia corporativa","robots":{"index":"index","follow":"follow","max-snippet":"max-snippet:-1","max-image-preview":"max-image-preview:large","max-video-preview":"max-video-preview:-1"},"canonical":"https:\/\/www.laguiadepamplona.com\/actualidad\/actos-organizados-por-el-ayuntamiento-durante-las-fiestas-de-san-fermin-con-presencia-corporativa\/","og_locale":"es_ES","og_type":"article","og_title":"Actos organizados por el Ayuntamiento durante las fiestas de San Ferm\u00edn con presencia corporativa","og_url":"https:\/\/www.laguiadepamplona.com\/actualidad\/actos-organizados-por-el-ayuntamiento-durante-las-fiestas-de-san-fermin-con-presencia-corporativa\/","og_site_name":"La Gu\u00eda de Pamplona","article_publisher":"https:\/\/www.facebook.com\/laguiadepamplonacom-133175176762273\/?ref=hl","article_published_time":"2019-07-04T13:55:09+00:00","article_modified_time":"2019-07-04T14:17:55+00:00","og_image":[{"width":1233,"height":414,"url":"https:\/\/www.laguiadepamplona.com\/actualidad\/wp-content\/uploads\/2019\/05\/AYER-SO\u00d1E-CON-UN-6-DE-JULIO-CARTEL-SAN-FERMIN-2019.jpg","type":"image\/jpeg"}],"author":"La Gu\u00eda de Pamplona","twitter_card":"summary_large_image","twitter_creator":"@LaGuiadPamplona","twitter_site":"@LaGuiadPamplona","twitter_misc":{"Escrito por":"La Gu\u00eda de Pamplona","Tiempo de lectura":"1 minuto"},"schema":{"@context":"https:\/\/schema.org","@graph":[{"@type":"Article","@id":"https:\/\/www.laguiadepamplona.com\/actualidad\/actos-organizados-por-el-ayuntamiento-durante-las-fiestas-de-san-fermin-con-presencia-corporativa\/#article","isPartOf":{"@id":"https:\/\/www.laguiadepamplona.com\/actualidad\/actos-organizados-por-el-ayuntamiento-durante-las-fiestas-de-san-fermin-con-presencia-corporativa\/"},"author":{"name":"La Gu\u00eda de Pamplona","@id":"https:\/\/www.laguiadepamplona.com\/actualidad\/#\/schema\/person\/efe887376f0213d4657c93adc50b1fdb"},"headline":"Actos organizados por el Ayuntamiento durante las fiestas de San Ferm\u00edn con presencia corporativa","datePublished":"2019-07-04T13:55:09+00:00","dateModified":"2019-07-04T14:17:55+00:00","mainEntityOfPage":{"@id":"https:\/\/www.laguiadepamplona.com\/actualidad\/actos-organizados-por-el-ayuntamiento-durante-las-fiestas-de-san-fermin-con-presencia-corporativa\/"},"wordCount":293,"commentCount":0,"publisher":{"@id":"https:\/\/www.laguiadepamplona.com\/actualidad\/#organization"},"image":{"@id":"https:\/\/www.laguiadepamplona.com\/actualidad\/actos-organizados-por-el-ayuntamiento-durante-las-fiestas-de-san-fermin-con-presencia-corporativa\/#primaryimage"},"thumbnailUrl":"https:\/\/www.laguiadepamplona.com\/actualidad\/wp-content\/uploads\/2019\/05\/AYER-SO\u00d1E-CON-UN-6-DE-JULIO-CARTEL-SAN-FERMIN-2019.jpg","articleSection":["Ayto Pamplona"],"inLanguage":"es","potentialAction":[{"@type":"CommentAction","name":"Comment","target":["https:\/\/www.laguiadepamplona.com\/actualidad\/actos-organizados-por-el-ayuntamiento-durante-las-fiestas-de-san-fermin-con-presencia-corporativa\/#respond"]}]},{"@type":"WebPage","@id":"https:\/\/www.laguiadepamplona.com\/actualidad\/actos-organizados-por-el-ayuntamiento-durante-las-fiestas-de-san-fermin-con-presencia-corporativa\/","url":"https:\/\/www.laguiadepamplona.com\/actualidad\/actos-organizados-por-el-ayuntamiento-durante-las-fiestas-de-san-fermin-con-presencia-corporativa\/","name":"Actos organizados por el Ayuntamiento durante las fiestas de San Ferm\u00edn con presencia corporativa","isPartOf":{"@id":"https:\/\/www.laguiadepamplona.com\/actualidad\/#website"},"primaryImageOfPage":{"@id":"https:\/\/www.laguiadepamplona.com\/actualidad\/actos-organizados-por-el-ayuntamiento-durante-las-fiestas-de-san-fermin-con-presencia-corporativa\/#primaryimage"},"image":{"@id":"https:\/\/www.laguiadepamplona.com\/actualidad\/actos-organizados-por-el-ayuntamiento-durante-las-fiestas-de-san-fermin-con-presencia-corporativa\/#primaryimage"},"thumbnailUrl":"https:\/\/www.laguiadepamplona.com\/actualidad\/wp-content\/uploads\/2019\/05\/AYER-SO\u00d1E-CON-UN-6-DE-JULIO-CARTEL-SAN-FERMIN-2019.jpg","datePublished":"2019-07-04T13:55:09+00:00","dateModified":"2019-07-04T14:17:55+00:00","breadcrumb":{"@id":"https:\/\/www.laguiadepamplona.com\/actualidad\/actos-organizados-por-el-ayuntamiento-durante-las-fiestas-de-san-fermin-con-presencia-corporativa\/#breadcrumb"},"inLanguage":"es","potentialAction":[{"@type":"ReadAction","target":["https:\/\/www.laguiadepamplona.com\/actualidad\/actos-organizados-por-el-ayuntamiento-durante-las-fiestas-de-san-fermin-con-presencia-corporativa\/"]}]},{"@type":"ImageObject","inLanguage":"es","@id":"https:\/\/www.laguiadepamplona.com\/actualidad\/actos-organizados-por-el-ayuntamiento-durante-las-fiestas-de-san-fermin-con-presencia-corporativa\/#primaryimage","url":"https:\/\/www.laguiadepamplona.com\/actualidad\/wp-content\/uploads\/2019\/05\/AYER-SO\u00d1E-CON-UN-6-DE-JULIO-CARTEL-SAN-FERMIN-2019.jpg","contentUrl":"https:\/\/www.laguiadepamplona.com\/actualidad\/wp-content\/uploads\/2019\/05\/AYER-SO\u00d1E-CON-UN-6-DE-JULIO-CARTEL-SAN-FERMIN-2019.jpg","width":1233,"height":414},{"@type":"BreadcrumbList","@id":"https:\/\/www.laguiadepamplona.com\/actualidad\/actos-organizados-por-el-ayuntamiento-durante-las-fiestas-de-san-fermin-con-presencia-corporativa\/#breadcrumb","itemListElement":[{"@type":"ListItem","position":1,"name":"Portada","item":"https:\/\/www.laguiadepamplona.com\/actualidad\/"},{"@type":"ListItem","position":2,"name":"Actos organizados por el Ayuntamiento durante las fiestas de San Ferm\u00edn con presencia corporativa"}]},{"@type":"WebSite","@id":"https:\/\/www.laguiadepamplona.com\/actualidad\/#website","url":"https:\/\/www.laguiadepamplona.com\/actualidad\/","name":"La gu\u00eda de Pamplona","description":"Noticias de Pamplona","publisher":{"@id":"https:\/\/www.laguiadepamplona.com\/actualidad\/#organization"},"potentialAction":[{"@type":"SearchAction","target":{"@type":"EntryPoint","urlTemplate":"https:\/\/www.laguiadepamplona.com\/actualidad\/?s={search_term_string}"},"query-input":{"@type":"PropertyValueSpecification","valueRequired":true,"valueName":"search_term_string"}}],"inLanguage":"es"},{"@type":"Organization","@id":"https:\/\/www.laguiadepamplona.com\/actualidad\/#organization","name":"La Gu\u00eda de Pamplona \/ Noticias","url":"https:\/\/www.laguiadepamplona.com\/actualidad\/","logo":{"@type":"ImageObject","inLanguage":"es","@id":"https:\/\/www.laguiadepamplona.com\/actualidad\/#\/schema\/logo\/image\/","url":"https:\/\/www.laguiadepamplona.com\/actualidad\/wp-content\/uploads\/2018\/11\/logo-laguiadepamplona18-web1.png","contentUrl":"https:\/\/www.laguiadepamplona.com\/actualidad\/wp-content\/uploads\/2018\/11\/logo-laguiadepamplona18-web1.png","width":600,"height":196,"caption":"La Gu\u00eda de Pamplona \/ Noticias"},"image":{"@id":"https:\/\/www.laguiadepamplona.com\/actualidad\/#\/schema\/logo\/image\/"},"sameAs":["https:\/\/www.facebook.com\/laguiadepamplonacom-133175176762273\/?ref=hl","https:\/\/x.com\/LaGuiadPamplona","https:\/\/www.instagram.com\/la_guia_de_pamplona\/","https:\/\/www.youtube.com\/user\/laguiadepamplona"]},{"@type":"Person","@id":"https:\/\/www.laguiadepamplona.com\/actualidad\/#\/schema\/person\/efe887376f0213d4657c93adc50b1fdb","name":"La Gu\u00eda de Pamplona","image":{"@type":"ImageObject","inLanguage":"es","@id":"https:\/\/secure.gravatar.com\/avatar\/b6992f131dc8d30ab0dff15446e9d346d9dbd95992de0fef795073f5ea83a81c?s=96&d=mm&r=g","url":"https:\/\/secure.gravatar.com\/avatar\/b6992f131dc8d30ab0dff15446e9d346d9dbd95992de0fef795073f5ea83a81c?s=96&d=mm&r=g","contentUrl":"https:\/\/secure.gravatar.com\/avatar\/b6992f131dc8d30ab0dff15446e9d346d9dbd95992de0fef795073f5ea83a81c?s=96&d=mm&r=g","caption":"La Gu\u00eda de Pamplona"}}]}},"post_mailing_queue_ids":[],"_links":{"self":[{"href":"https:\/\/www.laguiadepamplona.com\/actualidad\/wp-json\/wp\/v2\/posts\/23263","targetHints":{"allow":["GET"]}}],"collection":[{"href":"https:\/\/www.laguiadepamplona.com\/actualidad\/wp-json\/wp\/v2\/posts"}],"about":[{"href":"https:\/\/www.laguiadepamplona.com\/actualidad\/wp-json\/wp\/v2\/types\/post"}],"author":[{"embeddable":true,"href":"https:\/\/www.laguiadepamplona.com\/actualidad\/wp-json\/wp\/v2\/users\/1"}],"replies":[{"embeddable":true,"href":"https:\/\/www.laguiadepamplona.com\/actualidad\/wp-json\/wp\/v2\/comments?post=23263"}],"version-history":[{"count":0,"href":"https:\/\/www.laguiadepamplona.com\/actualidad\/wp-json\/wp\/v2\/posts\/23263\/revisions"}],"wp:featuredmedia":[{"embeddable":true,"href":"https:\/\/www.laguiadepamplona.com\/actualidad\/wp-json\/wp\/v2\/media\/21970"}],"wp:attachment":[{"href":"https:\/\/www.laguiadepamplona.com\/actualidad\/wp-json\/wp\/v2\/media?parent=23263"}],"wp:term":[{"taxonomy":"category","embeddable":true,"href":"https:\/\/www.laguiadepamplona.com\/actualidad\/wp-json\/wp\/v2\/categories?post=23263"},{"taxonomy":"post_tag","embeddable":true,"href":"https:\/\/www.laguiadepamplona.com\/actualidad\/wp-json\/wp\/v2\/tags?post=23263"}],"curies":[{"name":"wp","href":"https:\/\/api.w.org\/{rel}","templated":true}]}}