{"id":23253,"date":"2019-07-03T16:57:23","date_gmt":"2019-07-03T14:57:23","guid":{"rendered":"https:\/\/www.laguiadepamplona.es\/actualidad\/?p=23253"},"modified":"2019-07-03T16:58:09","modified_gmt":"2019-07-03T14:58:09","slug":"el-grupo-carolina-durante-actuara-estos-sanfermines-el-miercoles-10-de-julio-en-la-plaza-de-los-fueros","status":"publish","type":"post","link":"https:\/\/www.laguiadepamplona.com\/actualidad\/el-grupo-carolina-durante-actuara-estos-sanfermines-el-miercoles-10-de-julio-en-la-plaza-de-los-fueros\/","title":{"rendered":"El grupo Carolina Durante actuar\u00e1 estos Sanfermines, el mi\u00e9rcoles 10 de julio, en la plaza de los Fueros"},"content":{"rendered":"<p><!--more--><\/p>\n<h3>El concierto tendr\u00e1 lugar a las 23.30 horas y, despu\u00e9s, como estaba programado, sesi\u00f3n con DJ Josu Rodr\u00edguez<\/h3>\n<p>El grupo madrile\u00f1o Carolina Durante actuar\u00e1 el pr\u00f3ximo mi\u00e9rcoles 10 de julio, a las 23.30 horas, dentro de los conciertos de la plaza de los Fueros programados para estos pr\u00f3ximos Sanfermines. Es una de las novedades confirmadas ya con las que el Ayuntamiento de Pamplona pretende reforzar la programaci\u00f3n cultural de San Ferm\u00edn dirigida al p\u00fablico joven con una oferta m\u00e1s plural que abarque diferentes gustos musicales de la juventud.<\/p>\n<p>Carolina Durante llega a Pamplona despu\u00e9s de haber pasado por algunos de los m\u00e1s reconocidos festivales internacionales de m\u00fasica, como el BBK Live de Bilbao, el Mad Cool 2018, el Festival Internacional de Benicasim o el Festival Warm Up de Murcia este mismo a\u00f1o. Al finalizar el concierto, la m\u00fasica continuar\u00e1 con el DJ Josu Rodr\u00edguez, tal y como estaba programado.<\/p>\n<p><script async src=\"\/\/pagead2.googlesyndication.com\/pagead\/js\/adsbygoogle.js\"><\/script><br \/>\n<!-- Noticias La Guia de Pamplona --><br \/>\n<ins class=\"adsbygoogle\"\nstyle=\"display:block\"\ndata-ad-client=\"ca-pub-6943679897239327\"\ndata-ad-slot=\"7048180777\"\ndata-ad-format=\"auto\"><\/ins><br \/>\n<script>\n(adsbygoogle = window.adsbygoogle || []).push({});\n<\/script><\/p>\n<p>Desde la publicaci\u00f3n el pasado mes de mayo de su \u00e1lbum de debut, Carolina Durante est\u00e1 en boca de todo el mundo. Las letras de sus canciones han conectado con miles de j\u00f3venes desde su primer hit-single \u2018Cayetano\u2019 con el que se dieron a conocer y que los convirti\u00f3 en el grupo de moda pasando \u2018Perdona (Ahora s\u00ed que s\u00ed)\u2019 junto a la navarra Amaia Romero. Su estilo se basa en letras sencillas que reflejan las cosas habituales que les pasan a chicos y chicas de su generaci\u00f3n. El grupo est\u00e1 compuesto por Diego Ib\u00e1\u00f1ez (voz), Mart\u00edn Vallhonrat (bajo), Juan Pedrayes (bater\u00eda) y Mario del Valle (guitarra).<\/p>\n<p>Su primer EP, titulado \u2018Necrom\u00e1ntico\u2019, sali\u00f3 a la venta en diciembre de 2017, seguido de su segundo lanzamiento, \u2018Examiga\u2019, el 4 de mayo de 2018. Con un estilo entre indie, punk y pop-rock, Carolina Durante ha sido comparado con grupos como Oasis o The Jesus &amp; Mary Chain por las guitarras y el tipo de ritmo que imprimen en sus canciones. Su l\u00edder, Diego Ib\u00e1\u00f1ez, tiene una puesta en escena que recuerda a Ian Curtis, cantante de Joy Division, cuando sale al escenario.<\/p>\n","protected":false},"excerpt":{"rendered":"","protected":false},"author":1,"featured_media":23255,"comment_status":"open","ping_status":"closed","sticky":false,"template":"","format":"standard","meta":{"footnotes":""},"categories":[2],"tags":[],"class_list":["post-23253","post","type-post","status-publish","format-standard","has-post-thumbnail","hentry","category-ayuntamiento-pamplona"],"yoast_head":"<!-- This site is optimized with the Yoast SEO plugin v27.5 - https:\/\/yoast.com\/product\/yoast-seo-wordpress\/ -->\n<title>El grupo Carolina Durante actuar\u00e1 estos Sanfermines, el mi\u00e9rcoles 10 de julio, en la plaza de los Fueros<\/title>\n<meta name=\"robots\" content=\"index, follow, max-snippet:-1, max-image-preview:large, max-video-preview:-1\" \/>\n<link rel=\"canonical\" href=\"https:\/\/www.laguiadepamplona.com\/actualidad\/el-grupo-carolina-durante-actuara-estos-sanfermines-el-miercoles-10-de-julio-en-la-plaza-de-los-fueros\/\" \/>\n<meta property=\"og:locale\" content=\"es_ES\" \/>\n<meta property=\"og:type\" content=\"article\" \/>\n<meta property=\"og:title\" content=\"El grupo Carolina Durante actuar\u00e1 estos Sanfermines, el mi\u00e9rcoles 10 de julio, en la plaza de los Fueros\" \/>\n<meta property=\"og:url\" content=\"https:\/\/www.laguiadepamplona.com\/actualidad\/el-grupo-carolina-durante-actuara-estos-sanfermines-el-miercoles-10-de-julio-en-la-plaza-de-los-fueros\/\" \/>\n<meta property=\"og:site_name\" content=\"La Gu\u00eda de Pamplona\" \/>\n<meta property=\"article:publisher\" content=\"https:\/\/www.facebook.com\/laguiadepamplonacom-133175176762273\/?ref=hl\" \/>\n<meta property=\"article:published_time\" content=\"2019-07-03T14:57:23+00:00\" \/>\n<meta property=\"article:modified_time\" content=\"2019-07-03T14:58:09+00:00\" \/>\n<meta property=\"og:image\" content=\"https:\/\/www.laguiadepamplona.com\/actualidad\/wp-content\/uploads\/2019\/07\/CAROLINADURANTE01.jpg\" \/>\n\t<meta property=\"og:image:width\" content=\"1500\" \/>\n\t<meta property=\"og:image:height\" content=\"998\" \/>\n\t<meta property=\"og:image:type\" content=\"image\/jpeg\" \/>\n<meta name=\"author\" content=\"La Gu\u00eda de Pamplona\" \/>\n<meta name=\"twitter:card\" content=\"summary_large_image\" \/>\n<meta name=\"twitter:creator\" content=\"@LaGuiadPamplona\" \/>\n<meta name=\"twitter:site\" content=\"@LaGuiadPamplona\" \/>\n<meta name=\"twitter:label1\" content=\"Escrito por\" \/>\n\t<meta name=\"twitter:data1\" content=\"La Gu\u00eda de Pamplona\" \/>\n\t<meta name=\"twitter:label2\" content=\"Tiempo de lectura\" \/>\n\t<meta name=\"twitter:data2\" content=\"2 minutos\" \/>\n<script type=\"application\/ld+json\" class=\"yoast-schema-graph\">{\"@context\":\"https:\\\/\\\/schema.org\",\"@graph\":[{\"@type\":\"Article\",\"@id\":\"https:\\\/\\\/www.laguiadepamplona.com\\\/actualidad\\\/el-grupo-carolina-durante-actuara-estos-sanfermines-el-miercoles-10-de-julio-en-la-plaza-de-los-fueros\\\/#article\",\"isPartOf\":{\"@id\":\"https:\\\/\\\/www.laguiadepamplona.com\\\/actualidad\\\/el-grupo-carolina-durante-actuara-estos-sanfermines-el-miercoles-10-de-julio-en-la-plaza-de-los-fueros\\\/\"},\"author\":{\"name\":\"La Gu\u00eda de Pamplona\",\"@id\":\"https:\\\/\\\/www.laguiadepamplona.com\\\/actualidad\\\/#\\\/schema\\\/person\\\/efe887376f0213d4657c93adc50b1fdb\"},\"headline\":\"El grupo Carolina Durante actuar\u00e1 estos Sanfermines, el mi\u00e9rcoles 10 de julio, en la plaza de los Fueros\",\"datePublished\":\"2019-07-03T14:57:23+00:00\",\"dateModified\":\"2019-07-03T14:58:09+00:00\",\"mainEntityOfPage\":{\"@id\":\"https:\\\/\\\/www.laguiadepamplona.com\\\/actualidad\\\/el-grupo-carolina-durante-actuara-estos-sanfermines-el-miercoles-10-de-julio-en-la-plaza-de-los-fueros\\\/\"},\"wordCount\":376,\"commentCount\":0,\"publisher\":{\"@id\":\"https:\\\/\\\/www.laguiadepamplona.com\\\/actualidad\\\/#organization\"},\"image\":{\"@id\":\"https:\\\/\\\/www.laguiadepamplona.com\\\/actualidad\\\/el-grupo-carolina-durante-actuara-estos-sanfermines-el-miercoles-10-de-julio-en-la-plaza-de-los-fueros\\\/#primaryimage\"},\"thumbnailUrl\":\"https:\\\/\\\/www.laguiadepamplona.com\\\/actualidad\\\/wp-content\\\/uploads\\\/2019\\\/07\\\/CAROLINADURANTE01.jpg\",\"articleSection\":[\"Ayto Pamplona\"],\"inLanguage\":\"es\",\"potentialAction\":[{\"@type\":\"CommentAction\",\"name\":\"Comment\",\"target\":[\"https:\\\/\\\/www.laguiadepamplona.com\\\/actualidad\\\/el-grupo-carolina-durante-actuara-estos-sanfermines-el-miercoles-10-de-julio-en-la-plaza-de-los-fueros\\\/#respond\"]}]},{\"@type\":\"WebPage\",\"@id\":\"https:\\\/\\\/www.laguiadepamplona.com\\\/actualidad\\\/el-grupo-carolina-durante-actuara-estos-sanfermines-el-miercoles-10-de-julio-en-la-plaza-de-los-fueros\\\/\",\"url\":\"https:\\\/\\\/www.laguiadepamplona.com\\\/actualidad\\\/el-grupo-carolina-durante-actuara-estos-sanfermines-el-miercoles-10-de-julio-en-la-plaza-de-los-fueros\\\/\",\"name\":\"El grupo Carolina Durante actuar\u00e1 estos Sanfermines, el mi\u00e9rcoles 10 de julio, en la plaza de los Fueros\",\"isPartOf\":{\"@id\":\"https:\\\/\\\/www.laguiadepamplona.com\\\/actualidad\\\/#website\"},\"primaryImageOfPage\":{\"@id\":\"https:\\\/\\\/www.laguiadepamplona.com\\\/actualidad\\\/el-grupo-carolina-durante-actuara-estos-sanfermines-el-miercoles-10-de-julio-en-la-plaza-de-los-fueros\\\/#primaryimage\"},\"image\":{\"@id\":\"https:\\\/\\\/www.laguiadepamplona.com\\\/actualidad\\\/el-grupo-carolina-durante-actuara-estos-sanfermines-el-miercoles-10-de-julio-en-la-plaza-de-los-fueros\\\/#primaryimage\"},\"thumbnailUrl\":\"https:\\\/\\\/www.laguiadepamplona.com\\\/actualidad\\\/wp-content\\\/uploads\\\/2019\\\/07\\\/CAROLINADURANTE01.jpg\",\"datePublished\":\"2019-07-03T14:57:23+00:00\",\"dateModified\":\"2019-07-03T14:58:09+00:00\",\"breadcrumb\":{\"@id\":\"https:\\\/\\\/www.laguiadepamplona.com\\\/actualidad\\\/el-grupo-carolina-durante-actuara-estos-sanfermines-el-miercoles-10-de-julio-en-la-plaza-de-los-fueros\\\/#breadcrumb\"},\"inLanguage\":\"es\",\"potentialAction\":[{\"@type\":\"ReadAction\",\"target\":[\"https:\\\/\\\/www.laguiadepamplona.com\\\/actualidad\\\/el-grupo-carolina-durante-actuara-estos-sanfermines-el-miercoles-10-de-julio-en-la-plaza-de-los-fueros\\\/\"]}]},{\"@type\":\"ImageObject\",\"inLanguage\":\"es\",\"@id\":\"https:\\\/\\\/www.laguiadepamplona.com\\\/actualidad\\\/el-grupo-carolina-durante-actuara-estos-sanfermines-el-miercoles-10-de-julio-en-la-plaza-de-los-fueros\\\/#primaryimage\",\"url\":\"https:\\\/\\\/www.laguiadepamplona.com\\\/actualidad\\\/wp-content\\\/uploads\\\/2019\\\/07\\\/CAROLINADURANTE01.jpg\",\"contentUrl\":\"https:\\\/\\\/www.laguiadepamplona.com\\\/actualidad\\\/wp-content\\\/uploads\\\/2019\\\/07\\\/CAROLINADURANTE01.jpg\",\"width\":1500,\"height\":998},{\"@type\":\"BreadcrumbList\",\"@id\":\"https:\\\/\\\/www.laguiadepamplona.com\\\/actualidad\\\/el-grupo-carolina-durante-actuara-estos-sanfermines-el-miercoles-10-de-julio-en-la-plaza-de-los-fueros\\\/#breadcrumb\",\"itemListElement\":[{\"@type\":\"ListItem\",\"position\":1,\"name\":\"Portada\",\"item\":\"https:\\\/\\\/www.laguiadepamplona.com\\\/actualidad\\\/\"},{\"@type\":\"ListItem\",\"position\":2,\"name\":\"El grupo Carolina Durante actuar\u00e1 estos Sanfermines, el mi\u00e9rcoles 10 de julio, en la plaza de los Fueros\"}]},{\"@type\":\"WebSite\",\"@id\":\"https:\\\/\\\/www.laguiadepamplona.com\\\/actualidad\\\/#website\",\"url\":\"https:\\\/\\\/www.laguiadepamplona.com\\\/actualidad\\\/\",\"name\":\"La gu\u00eda de Pamplona\",\"description\":\"Noticias de Pamplona\",\"publisher\":{\"@id\":\"https:\\\/\\\/www.laguiadepamplona.com\\\/actualidad\\\/#organization\"},\"potentialAction\":[{\"@type\":\"SearchAction\",\"target\":{\"@type\":\"EntryPoint\",\"urlTemplate\":\"https:\\\/\\\/www.laguiadepamplona.com\\\/actualidad\\\/?s={search_term_string}\"},\"query-input\":{\"@type\":\"PropertyValueSpecification\",\"valueRequired\":true,\"valueName\":\"search_term_string\"}}],\"inLanguage\":\"es\"},{\"@type\":\"Organization\",\"@id\":\"https:\\\/\\\/www.laguiadepamplona.com\\\/actualidad\\\/#organization\",\"name\":\"La Gu\u00eda de Pamplona \\\/ Noticias\",\"url\":\"https:\\\/\\\/www.laguiadepamplona.com\\\/actualidad\\\/\",\"logo\":{\"@type\":\"ImageObject\",\"inLanguage\":\"es\",\"@id\":\"https:\\\/\\\/www.laguiadepamplona.com\\\/actualidad\\\/#\\\/schema\\\/logo\\\/image\\\/\",\"url\":\"https:\\\/\\\/www.laguiadepamplona.com\\\/actualidad\\\/wp-content\\\/uploads\\\/2018\\\/11\\\/logo-laguiadepamplona18-web1.png\",\"contentUrl\":\"https:\\\/\\\/www.laguiadepamplona.com\\\/actualidad\\\/wp-content\\\/uploads\\\/2018\\\/11\\\/logo-laguiadepamplona18-web1.png\",\"width\":600,\"height\":196,\"caption\":\"La Gu\u00eda de Pamplona \\\/ Noticias\"},\"image\":{\"@id\":\"https:\\\/\\\/www.laguiadepamplona.com\\\/actualidad\\\/#\\\/schema\\\/logo\\\/image\\\/\"},\"sameAs\":[\"https:\\\/\\\/www.facebook.com\\\/laguiadepamplonacom-133175176762273\\\/?ref=hl\",\"https:\\\/\\\/x.com\\\/LaGuiadPamplona\",\"https:\\\/\\\/www.instagram.com\\\/la_guia_de_pamplona\\\/\",\"https:\\\/\\\/www.youtube.com\\\/user\\\/laguiadepamplona\"]},{\"@type\":\"Person\",\"@id\":\"https:\\\/\\\/www.laguiadepamplona.com\\\/actualidad\\\/#\\\/schema\\\/person\\\/efe887376f0213d4657c93adc50b1fdb\",\"name\":\"La Gu\u00eda de Pamplona\",\"image\":{\"@type\":\"ImageObject\",\"inLanguage\":\"es\",\"@id\":\"https:\\\/\\\/secure.gravatar.com\\\/avatar\\\/b6992f131dc8d30ab0dff15446e9d346d9dbd95992de0fef795073f5ea83a81c?s=96&d=mm&r=g\",\"url\":\"https:\\\/\\\/secure.gravatar.com\\\/avatar\\\/b6992f131dc8d30ab0dff15446e9d346d9dbd95992de0fef795073f5ea83a81c?s=96&d=mm&r=g\",\"contentUrl\":\"https:\\\/\\\/secure.gravatar.com\\\/avatar\\\/b6992f131dc8d30ab0dff15446e9d346d9dbd95992de0fef795073f5ea83a81c?s=96&d=mm&r=g\",\"caption\":\"La Gu\u00eda de Pamplona\"}}]}<\/script>\n<!-- \/ Yoast SEO plugin. -->","yoast_head_json":{"title":"El grupo Carolina Durante actuar\u00e1 estos Sanfermines, el mi\u00e9rcoles 10 de julio, en la plaza de los Fueros","robots":{"index":"index","follow":"follow","max-snippet":"max-snippet:-1","max-image-preview":"max-image-preview:large","max-video-preview":"max-video-preview:-1"},"canonical":"https:\/\/www.laguiadepamplona.com\/actualidad\/el-grupo-carolina-durante-actuara-estos-sanfermines-el-miercoles-10-de-julio-en-la-plaza-de-los-fueros\/","og_locale":"es_ES","og_type":"article","og_title":"El grupo Carolina Durante actuar\u00e1 estos Sanfermines, el mi\u00e9rcoles 10 de julio, en la plaza de los Fueros","og_url":"https:\/\/www.laguiadepamplona.com\/actualidad\/el-grupo-carolina-durante-actuara-estos-sanfermines-el-miercoles-10-de-julio-en-la-plaza-de-los-fueros\/","og_site_name":"La Gu\u00eda de Pamplona","article_publisher":"https:\/\/www.facebook.com\/laguiadepamplonacom-133175176762273\/?ref=hl","article_published_time":"2019-07-03T14:57:23+00:00","article_modified_time":"2019-07-03T14:58:09+00:00","og_image":[{"width":1500,"height":998,"url":"https:\/\/www.laguiadepamplona.com\/actualidad\/wp-content\/uploads\/2019\/07\/CAROLINADURANTE01.jpg","type":"image\/jpeg"}],"author":"La Gu\u00eda de Pamplona","twitter_card":"summary_large_image","twitter_creator":"@LaGuiadPamplona","twitter_site":"@LaGuiadPamplona","twitter_misc":{"Escrito por":"La Gu\u00eda de Pamplona","Tiempo de lectura":"2 minutos"},"schema":{"@context":"https:\/\/schema.org","@graph":[{"@type":"Article","@id":"https:\/\/www.laguiadepamplona.com\/actualidad\/el-grupo-carolina-durante-actuara-estos-sanfermines-el-miercoles-10-de-julio-en-la-plaza-de-los-fueros\/#article","isPartOf":{"@id":"https:\/\/www.laguiadepamplona.com\/actualidad\/el-grupo-carolina-durante-actuara-estos-sanfermines-el-miercoles-10-de-julio-en-la-plaza-de-los-fueros\/"},"author":{"name":"La Gu\u00eda de Pamplona","@id":"https:\/\/www.laguiadepamplona.com\/actualidad\/#\/schema\/person\/efe887376f0213d4657c93adc50b1fdb"},"headline":"El grupo Carolina Durante actuar\u00e1 estos Sanfermines, el mi\u00e9rcoles 10 de julio, en la plaza de los Fueros","datePublished":"2019-07-03T14:57:23+00:00","dateModified":"2019-07-03T14:58:09+00:00","mainEntityOfPage":{"@id":"https:\/\/www.laguiadepamplona.com\/actualidad\/el-grupo-carolina-durante-actuara-estos-sanfermines-el-miercoles-10-de-julio-en-la-plaza-de-los-fueros\/"},"wordCount":376,"commentCount":0,"publisher":{"@id":"https:\/\/www.laguiadepamplona.com\/actualidad\/#organization"},"image":{"@id":"https:\/\/www.laguiadepamplona.com\/actualidad\/el-grupo-carolina-durante-actuara-estos-sanfermines-el-miercoles-10-de-julio-en-la-plaza-de-los-fueros\/#primaryimage"},"thumbnailUrl":"https:\/\/www.laguiadepamplona.com\/actualidad\/wp-content\/uploads\/2019\/07\/CAROLINADURANTE01.jpg","articleSection":["Ayto Pamplona"],"inLanguage":"es","potentialAction":[{"@type":"CommentAction","name":"Comment","target":["https:\/\/www.laguiadepamplona.com\/actualidad\/el-grupo-carolina-durante-actuara-estos-sanfermines-el-miercoles-10-de-julio-en-la-plaza-de-los-fueros\/#respond"]}]},{"@type":"WebPage","@id":"https:\/\/www.laguiadepamplona.com\/actualidad\/el-grupo-carolina-durante-actuara-estos-sanfermines-el-miercoles-10-de-julio-en-la-plaza-de-los-fueros\/","url":"https:\/\/www.laguiadepamplona.com\/actualidad\/el-grupo-carolina-durante-actuara-estos-sanfermines-el-miercoles-10-de-julio-en-la-plaza-de-los-fueros\/","name":"El grupo Carolina Durante actuar\u00e1 estos Sanfermines, el mi\u00e9rcoles 10 de julio, en la plaza de los Fueros","isPartOf":{"@id":"https:\/\/www.laguiadepamplona.com\/actualidad\/#website"},"primaryImageOfPage":{"@id":"https:\/\/www.laguiadepamplona.com\/actualidad\/el-grupo-carolina-durante-actuara-estos-sanfermines-el-miercoles-10-de-julio-en-la-plaza-de-los-fueros\/#primaryimage"},"image":{"@id":"https:\/\/www.laguiadepamplona.com\/actualidad\/el-grupo-carolina-durante-actuara-estos-sanfermines-el-miercoles-10-de-julio-en-la-plaza-de-los-fueros\/#primaryimage"},"thumbnailUrl":"https:\/\/www.laguiadepamplona.com\/actualidad\/wp-content\/uploads\/2019\/07\/CAROLINADURANTE01.jpg","datePublished":"2019-07-03T14:57:23+00:00","dateModified":"2019-07-03T14:58:09+00:00","breadcrumb":{"@id":"https:\/\/www.laguiadepamplona.com\/actualidad\/el-grupo-carolina-durante-actuara-estos-sanfermines-el-miercoles-10-de-julio-en-la-plaza-de-los-fueros\/#breadcrumb"},"inLanguage":"es","potentialAction":[{"@type":"ReadAction","target":["https:\/\/www.laguiadepamplona.com\/actualidad\/el-grupo-carolina-durante-actuara-estos-sanfermines-el-miercoles-10-de-julio-en-la-plaza-de-los-fueros\/"]}]},{"@type":"ImageObject","inLanguage":"es","@id":"https:\/\/www.laguiadepamplona.com\/actualidad\/el-grupo-carolina-durante-actuara-estos-sanfermines-el-miercoles-10-de-julio-en-la-plaza-de-los-fueros\/#primaryimage","url":"https:\/\/www.laguiadepamplona.com\/actualidad\/wp-content\/uploads\/2019\/07\/CAROLINADURANTE01.jpg","contentUrl":"https:\/\/www.laguiadepamplona.com\/actualidad\/wp-content\/uploads\/2019\/07\/CAROLINADURANTE01.jpg","width":1500,"height":998},{"@type":"BreadcrumbList","@id":"https:\/\/www.laguiadepamplona.com\/actualidad\/el-grupo-carolina-durante-actuara-estos-sanfermines-el-miercoles-10-de-julio-en-la-plaza-de-los-fueros\/#breadcrumb","itemListElement":[{"@type":"ListItem","position":1,"name":"Portada","item":"https:\/\/www.laguiadepamplona.com\/actualidad\/"},{"@type":"ListItem","position":2,"name":"El grupo Carolina Durante actuar\u00e1 estos Sanfermines, el mi\u00e9rcoles 10 de julio, en la plaza de los Fueros"}]},{"@type":"WebSite","@id":"https:\/\/www.laguiadepamplona.com\/actualidad\/#website","url":"https:\/\/www.laguiadepamplona.com\/actualidad\/","name":"La gu\u00eda de Pamplona","description":"Noticias de Pamplona","publisher":{"@id":"https:\/\/www.laguiadepamplona.com\/actualidad\/#organization"},"potentialAction":[{"@type":"SearchAction","target":{"@type":"EntryPoint","urlTemplate":"https:\/\/www.laguiadepamplona.com\/actualidad\/?s={search_term_string}"},"query-input":{"@type":"PropertyValueSpecification","valueRequired":true,"valueName":"search_term_string"}}],"inLanguage":"es"},{"@type":"Organization","@id":"https:\/\/www.laguiadepamplona.com\/actualidad\/#organization","name":"La Gu\u00eda de Pamplona \/ Noticias","url":"https:\/\/www.laguiadepamplona.com\/actualidad\/","logo":{"@type":"ImageObject","inLanguage":"es","@id":"https:\/\/www.laguiadepamplona.com\/actualidad\/#\/schema\/logo\/image\/","url":"https:\/\/www.laguiadepamplona.com\/actualidad\/wp-content\/uploads\/2018\/11\/logo-laguiadepamplona18-web1.png","contentUrl":"https:\/\/www.laguiadepamplona.com\/actualidad\/wp-content\/uploads\/2018\/11\/logo-laguiadepamplona18-web1.png","width":600,"height":196,"caption":"La Gu\u00eda de Pamplona \/ Noticias"},"image":{"@id":"https:\/\/www.laguiadepamplona.com\/actualidad\/#\/schema\/logo\/image\/"},"sameAs":["https:\/\/www.facebook.com\/laguiadepamplonacom-133175176762273\/?ref=hl","https:\/\/x.com\/LaGuiadPamplona","https:\/\/www.instagram.com\/la_guia_de_pamplona\/","https:\/\/www.youtube.com\/user\/laguiadepamplona"]},{"@type":"Person","@id":"https:\/\/www.laguiadepamplona.com\/actualidad\/#\/schema\/person\/efe887376f0213d4657c93adc50b1fdb","name":"La Gu\u00eda de Pamplona","image":{"@type":"ImageObject","inLanguage":"es","@id":"https:\/\/secure.gravatar.com\/avatar\/b6992f131dc8d30ab0dff15446e9d346d9dbd95992de0fef795073f5ea83a81c?s=96&d=mm&r=g","url":"https:\/\/secure.gravatar.com\/avatar\/b6992f131dc8d30ab0dff15446e9d346d9dbd95992de0fef795073f5ea83a81c?s=96&d=mm&r=g","contentUrl":"https:\/\/secure.gravatar.com\/avatar\/b6992f131dc8d30ab0dff15446e9d346d9dbd95992de0fef795073f5ea83a81c?s=96&d=mm&r=g","caption":"La Gu\u00eda de Pamplona"}}]}},"post_mailing_queue_ids":[],"_links":{"self":[{"href":"https:\/\/www.laguiadepamplona.com\/actualidad\/wp-json\/wp\/v2\/posts\/23253","targetHints":{"allow":["GET"]}}],"collection":[{"href":"https:\/\/www.laguiadepamplona.com\/actualidad\/wp-json\/wp\/v2\/posts"}],"about":[{"href":"https:\/\/www.laguiadepamplona.com\/actualidad\/wp-json\/wp\/v2\/types\/post"}],"author":[{"embeddable":true,"href":"https:\/\/www.laguiadepamplona.com\/actualidad\/wp-json\/wp\/v2\/users\/1"}],"replies":[{"embeddable":true,"href":"https:\/\/www.laguiadepamplona.com\/actualidad\/wp-json\/wp\/v2\/comments?post=23253"}],"version-history":[{"count":0,"href":"https:\/\/www.laguiadepamplona.com\/actualidad\/wp-json\/wp\/v2\/posts\/23253\/revisions"}],"wp:featuredmedia":[{"embeddable":true,"href":"https:\/\/www.laguiadepamplona.com\/actualidad\/wp-json\/wp\/v2\/media\/23255"}],"wp:attachment":[{"href":"https:\/\/www.laguiadepamplona.com\/actualidad\/wp-json\/wp\/v2\/media?parent=23253"}],"wp:term":[{"taxonomy":"category","embeddable":true,"href":"https:\/\/www.laguiadepamplona.com\/actualidad\/wp-json\/wp\/v2\/categories?post=23253"},{"taxonomy":"post_tag","embeddable":true,"href":"https:\/\/www.laguiadepamplona.com\/actualidad\/wp-json\/wp\/v2\/tags?post=23253"}],"curies":[{"name":"wp","href":"https:\/\/api.w.org\/{rel}","templated":true}]}}