{"id":23239,"date":"2019-07-03T13:12:06","date_gmt":"2019-07-03T11:12:06","guid":{"rendered":"https:\/\/www.laguiadepamplona.es\/actualidad\/?p=23239"},"modified":"2019-07-03T13:16:35","modified_gmt":"2019-07-03T11:16:35","slug":"el-concurso-internacional-de-fuegos-artificiales-cumple-20-anos-en-una-edicion-en-el-que-pesaran-las-colecciones-internacionales-y-la-participacion-de-las-mujeres","status":"publish","type":"post","link":"https:\/\/www.laguiadepamplona.com\/actualidad\/el-concurso-internacional-de-fuegos-artificiales-cumple-20-anos-en-una-edicion-en-el-que-pesaran-las-colecciones-internacionales-y-la-participacion-de-las-mujeres\/","title":{"rendered":"El Concurso Internacional de Fuegos Artificiales cumple 20 a\u00f1os en una edici\u00f3n en el que pesar\u00e1n las colecciones internacionales y la participaci\u00f3n de las mujeres"},"content":{"rendered":"<p><!--more--><\/p>\n<h3>De nuevo a los 10.000 euros que suman los premios oficiales se a\u00f1adir\u00e1 el galard\u00f3n honor\u00edfico del p\u00fablico por medio de la votaci\u00f3n popular<\/h3>\n<p>El Concurso Internacional de Fuegos Artificiales cumple 20 a\u00f1os. Estos Sanfermines va a tener lugar la edici\u00f3n m\u00e1s internacional de las proyectadas hasta ahora con cinco participantes procedentes de Austria, Italia, Francia, Bulgaria y Canad\u00e1 que, adem\u00e1s, participan por primera vez en este concurso. Estas colecciones se disparar\u00e1n los d\u00edas pares de las fiestas. Habr\u00e1 otras cuatro de procedencia nacional (\u00c1lava, Alicante, Barcelona y Valencia), que se podr\u00e1n ver las noches impares.<\/p>\n<p>Pero no ser\u00e1s sus procedencias lo relevante, sino el ingenio y la t\u00e9cnica de sus autores o autoras. En 2019 habr\u00e1 una alta participaci\u00f3n de mujeres pirot\u00e9cnicas, ya que suponen un tercio de los nueve disparos. Todas ellas ser\u00e1n extranjeras y proceden de Austria, Francia e Italia. Este a\u00f1o por cuarta edici\u00f3n consecutiva se mantendr\u00e1 la costumbre de saludar sobre el espacio de muralla llamado \u2018Caballero dominante\u2019, sobre el Baluarte Real, para escuchar la opini\u00f3n del p\u00fablico.<\/p>\n<p>Las noches pirot\u00e9cnicas de San Ferm\u00edn son uno de los eventos m\u00e1s apreciados del programa oficial que, por ejemplo, el a\u00f1o pasado congregaban a m\u00e1s de 50.000 personas cada d\u00eda. De nuevo los disparos de las colecciones est\u00e1n previstos a las 23 horas; no obstante, como en a\u00f1os anteriores, habr\u00e1 que tener en cuenta las salidas o llegadas de los vuelos al aeropuerto de No\u00e1in, por lo que los fuegos artificiales pueden sufrir peque\u00f1os retrasos.<\/p>\n<p><script async src=\"\/\/pagead2.googlesyndication.com\/pagead\/js\/adsbygoogle.js\"><\/script><br \/>\n<!-- Noticias La Guia de Pamplona --><br \/>\n<ins class=\"adsbygoogle\"\nstyle=\"display:block\"\ndata-ad-client=\"ca-pub-6943679897239327\"\ndata-ad-slot=\"7048180777\"\ndata-ad-format=\"auto\"><\/ins><br \/>\n<script>\n(adsbygoogle = window.adsbygoogle || []).push({});\n<\/script><\/p>\n<p><strong>Bases, premios, jurados y personalidades invitadas<\/strong><\/p>\n<p>Las colecciones deber\u00e1n cumplir dos realizaciones art\u00edsticas obligatorias: 30 segundos de monotiros con ritmos sonoros en efectos rojos y blancos como gui\u00f1o a la vestimenta sanferminera y una segunda prueba de car\u00e1cter m\u00e1s art\u00edstico con creaciones asim\u00e9tricas y sin tener el tiempo limitado. El certamen se realiza por cuarto a\u00f1o consecutivo bajo la direcci\u00f3n del especialista Mikel Pagola Erviti.<\/p>\n<p>El Concurso Internacional de Fuegos Artificiales tiene tres premios en disputa: San Ferm\u00edn de Oro, dotado con trofeo y 5.000 euros; San Ferm\u00edn de Plata, trofeo y 3.000 euros y San Ferm\u00edn de Bronce, trofeo y 2.000 euros. Las estatuillas son obra del artista Javier Muro. Adem\u00e1s, desde 2018 el Consistorio pone a disposici\u00f3n de los polvoristas herramienta como bater\u00edas y ca\u00f1ones para abaratarles gastos de transporte y les facilitar\u00e1 el almacenaje en la Ciudadela.<\/p>\n<p>La composici\u00f3n del jurado quiere ser tambi\u00e9n reflejo de este aniversario de dos d\u00e9cadas. Presidido por la concejala delegada del \u00c1rea de Cultura e Igualdad, Mar\u00eda Garc\u00eda Barberena, est\u00e1 compuesto por el director del mismo \u00c1rea, Jorge Urd\u00e1noz Apeztegu\u00eda; el director art\u00edstico del concurso Mikel Pagola y con el t\u00e9cnico Jose Luis Mosquera Sande como secretario. Tiene, adem\u00e1s, dos vocales que estuvieron ligados a los inicios de este certamen. Por un lado, albergar\u00e1 a Julio Mart\u00ednez Torres, antiguo director de Diario de Navarra que cuando estaba a cargo del rotativo instaur\u00f3 el primer trofeo de fuegos artificiales en las fiestas (a\u00f1os 1997, 1998 y 1999). Por otro, se contar\u00e1 con la periodista estadounidense afincada en la ciudad Lucinda Poole que fue la primera persona en realizar una cr\u00edtica period\u00edstica sobre los fuegos de Pamplona.<\/p>\n<p>Finalmente, como es habitual, tambi\u00e9n en esta ocasi\u00f3n se ha invitado a una personalidad del mundo pirot\u00e9cnico. Este a\u00f1o ser\u00e1 Fernando Mart\u00ednez Sotillos, exdirector de Industria de la Delegaci\u00f3n del Gobierno en la Comunidad Valenciana, ya retirado, dado que ha participado en redacci\u00f3n de normativa sobre fuegos artificiales y es un especialista muy apreciado por el sector.<\/p>\n<p><strong>El premio del p\u00fablico<\/strong><\/p>\n<p>Adem\u00e1s, como es tradici\u00f3n, en esta edici\u00f3n tambi\u00e9n se conceder\u00e1 el Premio del P\u00fablico, de tipo honor\u00edfico, por medio de votaciones que se extender\u00e1n hasta las 14 horas del d\u00eda 16 de julio de 2019. Quienes lo deseen este a\u00f1o podr\u00e1n seguir votando por su espect\u00e1culo pirot\u00e9cnico favorito. Hay dos v\u00edas posibles. De forma presencial en las urnas y papeletas habilitadas en Civivox Condestable, en la Oficina de Turismo y en la consigna municipal, as\u00ed como en las sedes de Eroski y Diario de Navarra, patrocinador y colaborador de este evento, respectivamente.<\/p>\n<p>Para ello se tendr\u00e1 que usar la papeleta que se incluye el folleto editado por el Consistorio sobre los fuegos y en el que \u2013adem\u00e1s de las puntuaciones- hay que incluir nombre, apellidos, DNI y tel\u00e9fono. Tambi\u00e9n de forma telem\u00e1tica, se podr\u00e1 votar en las webs sanfermin.pamplona.es y en www.saferminoficial.com. Habr\u00e1 un apartado especial en la aplicaci\u00f3n m\u00f3vil SF Pamplona. En estos tres sistemas digitales habr\u00e1 que cumplimentar los mismos datos, adem\u00e1s de consignar una direcci\u00f3n de correo electr\u00f3nico.<\/p>\n<p>Entre los participantes se sortear\u00e1n regalos: una tablet, 2 packs experiencias, 2 e-book, 2 altavoces, 2 mini altavoces, 3 pulseras de actividad, 2 Crome Cast, unos auriculares inal\u00e1mbricos y una cafetera de c\u00e1psulas. El resultado del sorteo se har\u00e1 p\u00fablico la semana siguiente al final de las fiestas.<\/p>\n<p><strong>Los pirot\u00e9cnicos dise\u00f1adores<\/strong><\/p>\n<p>Desde 2017 se ha ido incrementando la presencia de compa\u00f1\u00edas de otros pa\u00edses en el concurso para reforzar su filosof\u00eda de concurso y su car\u00e1cter internacional. En esta edici\u00f3n, por vez primera, habr\u00e1 m\u00e1s participantes de fuera de Espa\u00f1a de forma que ser\u00e1n el grupo mayoritario (cinco frente a cuatro), por lo que ahora ser\u00e1n los nacionales los que se intercalen entre los extranjeros en los d\u00edas impares de Sanfermines (7, 9, 11 y 13).<\/p>\n<p>Los dise\u00f1adores extranjeros convocados este a\u00f1o, que disparar\u00e1n en los d\u00edas pares, ser\u00e1n: Manuela Rehak (de la firma FireEvent, de Austria, el s\u00e1bado 6), Fr\u00e9d\u00e9rique Marmajou (de la pirotecnia Marmajou, de Francia, el lunes 8), Cinzia Parente (propietaria de Parente Events, de Italia, el mi\u00e9rcoles 10), Peter Shishkov (de la compa\u00f1\u00eda Enigma, de Bulgaria, el viernes 12) y Fran\u00e7ois Kuma (de la empresa Kuma, de Canad\u00e1, el domingo 14). Ninguno de ellos ha estado antes en Pamplona, salvo la italiana Parente que vino en 2002 con una empresa diferente.<\/p>\n<p>Por su parte, los nacionales ser\u00e1n: el alav\u00e9s Aitor Valdecantos Mart\u00ednez de Lecea (Pirotecnia Valecea, domingo 7), el alicantino Leo Ferr\u00e1ndez Pe\u00f1alver (de Fuegos Artificiales Hermanos Ferr\u00e1ndez, martes 9), el barcelon\u00e9s Manuel Osuna Oliva (de Pirotecnia Garc\u00eda, el jueves 11), y el valenciano Miguel \u00c1ngel Beltr\u00e1n Sevilla (que disparar\u00e1 el s\u00e1bado 13 con la empresa madrile\u00f1a Pirotecnia Vulcano). De todos ellos el catal\u00e1n es el \u00fanico que estrictamente se estrena en Pamplona.<\/p>\n<p>Adem\u00e1s de estos nueve dise\u00f1adores y empresas, la vig\u00e9sima edici\u00f3n del concurso pirot\u00e9cnico de Pamplona implica a otras firmas pirot\u00e9cnicas que colaboran de varias maneras con el certamen: las casas pirot\u00e9cnicas Zaragozana (Zaragoza) y Caballer FX, Tur\u00eds, y Nadal-Mart\u00ed (Valencia).<\/p>\n<h3><span style=\"color: #ff0000;\"><strong>Disparos de fuegos artificiales 2019<\/strong><\/span><\/h3>\n<p><span style=\"color: #ff0000;\"><strong>6 de julio<\/strong><\/span><\/p>\n<ul>\n<li><strong>\u2018Spirit of life\u2019 (\u2018Esp\u00edritu de la vida\u2019)<\/strong><\/li>\n<li><strong>Dise\u00f1adora: Manuela Rehak, de la pirotecnia FireEvent, Die Feuerwerker (Hohenems, Austria)<\/strong><\/li>\n<\/ul>\n<p><span style=\"color: #ff0000;\"><strong>7 de julio<\/strong><\/span><\/p>\n<ul>\n<li><strong>\u2018La danza del fuego\u2019<\/strong><\/li>\n<li><strong>Dise\u00f1ador: Aitor Valdecantos Mart\u00ednez de Lecea, de Pirotecnia Valecea Pir, SL (Vitoria-Gasteiz, \u00c1lava)<\/strong><\/li>\n<\/ul>\n<p><span style=\"color: #ff0000;\"><strong>8 de julio<\/strong><\/span><\/p>\n<ul>\n<li><strong>\u2018Etincelles de feu et de F\u00eates\u2019 (\u2018Chispas de fuego y fiestas\u2019)<\/strong><\/li>\n<li><strong>Dise\u00f1ador: Fr\u00e9d\u00e9rique Favorin-Marmajou, de la pirotecnia Sarl H et R Pyrotechnie Marmajou (Dax, Francia)<\/strong><\/li>\n<\/ul>\n<p><span style=\"color: #ff0000;\"><strong>9 de julio<\/strong><\/span><\/p>\n<ul>\n<li><strong>\u2018Noche m\u00e1gica en la Ciudadela\u2019<\/strong><\/li>\n<li><strong>Dise\u00f1ador: Leopoldo Ferr\u00e1ndez Pe\u00f1alver, de la pirotecnia Fuegos Artificiales Hermanos Ferr\u00e1ndez SL (Orihuela, Alicante)<\/strong><\/li>\n<\/ul>\n<p><span style=\"color: #ff0000;\"><strong>10 de julio<\/strong><\/span><\/p>\n<ul>\n<li><strong>\u2018Magia di fuochi\u2019 (\u2018Magia de Fuegos\u2019)<\/strong><\/li>\n<li><strong>Dise\u00f1adora: Cinzia Parente, de la pirotecnia Parente Events (Melara, Italia)<\/strong><\/li>\n<\/ul>\n<p><span style=\"color: #ff0000;\"><strong>11 de julio<\/strong><\/span><\/p>\n<ul>\n<li><strong>\u2018Zoloriscos\u2019<\/strong><\/li>\n<li><strong>Dise\u00f1ador: Manuel Osuna Oliva, de Pirotecnia Garc\u00eda (Ripollet, Barcelona)<\/strong><\/li>\n<\/ul>\n<p><span style=\"color: #ff0000;\"><strong>12 de julio<\/strong><\/span><\/p>\n<ul>\n<li><strong>\u2018Enigmatic vibes\u2019 (\u2018Vibraciones enigm\u00e1ticas\u2019)<\/strong><\/li>\n<li><strong>Peter Shishkov, de la pirotecnia Enigma Firework\u2019s Team (Sof\u00eda, Bulgaria)<\/strong><\/li>\n<\/ul>\n<p><span style=\"color: #ff0000;\"><strong>13 de julio<\/strong><\/span><\/p>\n<ul>\n<li><strong>\u2018Ziudadela sugarretan\u2019 (\u2018Ciudadela en llamas\u2019)<\/strong><\/li>\n<li><strong>Miguel \u00c1ngel Beltr\u00e1n Sevilla, de Pirotecnia Vulcano SL (Valencia)<\/strong><\/li>\n<\/ul>\n<p><span style=\"color: #ff0000;\"><strong>14 de julio<\/strong><\/span><\/p>\n<ul>\n<li><strong>\u2018\u00c9toiles filantes\u2019 (\u2018Estrellas fugaces\u2019)<\/strong><\/li>\n<li><strong>Francois Philibert, de la pirotecnia Kuma Fireworks Corp. (Montreal, Canad\u00e1)<\/strong><\/li>\n<\/ul>\n<h3><a href=\"https:\/\/www.laguiadepamplona.es\/actualidad\/wp-content\/uploads\/2019\/07\/19.07.03_SF_folleto_fuegos_artificiales.pdf\" target=\"_blank\" rel=\"noopener noreferrer\"><i class=\"fa fa-file-pdf-o \" ><\/i>SF_folleto_fuegos_artificiales.pdf<\/a><\/h3>\n","protected":false},"excerpt":{"rendered":"","protected":false},"author":1,"featured_media":23241,"comment_status":"open","ping_status":"closed","sticky":false,"template":"","format":"standard","meta":{"footnotes":""},"categories":[2],"tags":[],"class_list":["post-23239","post","type-post","status-publish","format-standard","has-post-thumbnail","hentry","category-ayuntamiento-pamplona"],"yoast_head":"<!-- This site is optimized with the Yoast SEO plugin v27.3 - https:\/\/yoast.com\/product\/yoast-seo-wordpress\/ -->\n<title>El Concurso Internacional de Fuegos Artificiales cumple 20 a\u00f1os en una edici\u00f3n en el que pesar\u00e1n las colecciones internacionales y la participaci\u00f3n de las mujeres<\/title>\n<meta name=\"robots\" content=\"index, follow, max-snippet:-1, max-image-preview:large, max-video-preview:-1\" \/>\n<link rel=\"canonical\" href=\"https:\/\/www.laguiadepamplona.com\/actualidad\/el-concurso-internacional-de-fuegos-artificiales-cumple-20-anos-en-una-edicion-en-el-que-pesaran-las-colecciones-internacionales-y-la-participacion-de-las-mujeres\/\" \/>\n<meta property=\"og:locale\" content=\"es_ES\" \/>\n<meta property=\"og:type\" content=\"article\" \/>\n<meta property=\"og:title\" content=\"El Concurso Internacional de Fuegos Artificiales cumple 20 a\u00f1os en una edici\u00f3n en el que pesar\u00e1n las colecciones internacionales y la participaci\u00f3n de las mujeres\" \/>\n<meta property=\"og:url\" content=\"https:\/\/www.laguiadepamplona.com\/actualidad\/el-concurso-internacional-de-fuegos-artificiales-cumple-20-anos-en-una-edicion-en-el-que-pesaran-las-colecciones-internacionales-y-la-participacion-de-las-mujeres\/\" \/>\n<meta property=\"og:site_name\" content=\"La Gu\u00eda de Pamplona\" \/>\n<meta property=\"article:publisher\" content=\"https:\/\/www.facebook.com\/laguiadepamplonacom-133175176762273\/?ref=hl\" \/>\n<meta property=\"article:published_time\" content=\"2019-07-03T11:12:06+00:00\" \/>\n<meta property=\"article:modified_time\" content=\"2019-07-03T11:16:35+00:00\" \/>\n<meta property=\"og:image\" content=\"https:\/\/www.laguiadepamplona.com\/actualidad\/wp-content\/uploads\/2019\/07\/fuegos-artificiales-sanfermin.jpg\" \/>\n\t<meta property=\"og:image:width\" content=\"1920\" \/>\n\t<meta property=\"og:image:height\" content=\"1144\" \/>\n\t<meta property=\"og:image:type\" content=\"image\/jpeg\" \/>\n<meta name=\"author\" content=\"La Gu\u00eda de Pamplona\" \/>\n<meta name=\"twitter:card\" content=\"summary_large_image\" \/>\n<meta name=\"twitter:creator\" content=\"@LaGuiadPamplona\" \/>\n<meta name=\"twitter:site\" content=\"@LaGuiadPamplona\" \/>\n<meta name=\"twitter:label1\" content=\"Escrito por\" \/>\n\t<meta name=\"twitter:data1\" content=\"La Gu\u00eda de Pamplona\" \/>\n\t<meta name=\"twitter:label2\" content=\"Tiempo de lectura\" \/>\n\t<meta name=\"twitter:data2\" content=\"7 minutos\" \/>\n<script type=\"application\/ld+json\" class=\"yoast-schema-graph\">{\"@context\":\"https:\\\/\\\/schema.org\",\"@graph\":[{\"@type\":\"Article\",\"@id\":\"https:\\\/\\\/www.laguiadepamplona.com\\\/actualidad\\\/el-concurso-internacional-de-fuegos-artificiales-cumple-20-anos-en-una-edicion-en-el-que-pesaran-las-colecciones-internacionales-y-la-participacion-de-las-mujeres\\\/#article\",\"isPartOf\":{\"@id\":\"https:\\\/\\\/www.laguiadepamplona.com\\\/actualidad\\\/el-concurso-internacional-de-fuegos-artificiales-cumple-20-anos-en-una-edicion-en-el-que-pesaran-las-colecciones-internacionales-y-la-participacion-de-las-mujeres\\\/\"},\"author\":{\"name\":\"La Gu\u00eda de Pamplona\",\"@id\":\"https:\\\/\\\/www.laguiadepamplona.com\\\/actualidad\\\/#\\\/schema\\\/person\\\/efe887376f0213d4657c93adc50b1fdb\"},\"headline\":\"El Concurso Internacional de Fuegos Artificiales cumple 20 a\u00f1os en una edici\u00f3n en el que pesar\u00e1n las colecciones internacionales y la participaci\u00f3n de las mujeres\",\"datePublished\":\"2019-07-03T11:12:06+00:00\",\"dateModified\":\"2019-07-03T11:16:35+00:00\",\"mainEntityOfPage\":{\"@id\":\"https:\\\/\\\/www.laguiadepamplona.com\\\/actualidad\\\/el-concurso-internacional-de-fuegos-artificiales-cumple-20-anos-en-una-edicion-en-el-que-pesaran-las-colecciones-internacionales-y-la-participacion-de-las-mujeres\\\/\"},\"wordCount\":1414,\"commentCount\":0,\"publisher\":{\"@id\":\"https:\\\/\\\/www.laguiadepamplona.com\\\/actualidad\\\/#organization\"},\"image\":{\"@id\":\"https:\\\/\\\/www.laguiadepamplona.com\\\/actualidad\\\/el-concurso-internacional-de-fuegos-artificiales-cumple-20-anos-en-una-edicion-en-el-que-pesaran-las-colecciones-internacionales-y-la-participacion-de-las-mujeres\\\/#primaryimage\"},\"thumbnailUrl\":\"https:\\\/\\\/www.laguiadepamplona.com\\\/actualidad\\\/wp-content\\\/uploads\\\/2019\\\/07\\\/fuegos-artificiales-sanfermin.jpg\",\"articleSection\":[\"Ayto Pamplona\"],\"inLanguage\":\"es\",\"potentialAction\":[{\"@type\":\"CommentAction\",\"name\":\"Comment\",\"target\":[\"https:\\\/\\\/www.laguiadepamplona.com\\\/actualidad\\\/el-concurso-internacional-de-fuegos-artificiales-cumple-20-anos-en-una-edicion-en-el-que-pesaran-las-colecciones-internacionales-y-la-participacion-de-las-mujeres\\\/#respond\"]}]},{\"@type\":\"WebPage\",\"@id\":\"https:\\\/\\\/www.laguiadepamplona.com\\\/actualidad\\\/el-concurso-internacional-de-fuegos-artificiales-cumple-20-anos-en-una-edicion-en-el-que-pesaran-las-colecciones-internacionales-y-la-participacion-de-las-mujeres\\\/\",\"url\":\"https:\\\/\\\/www.laguiadepamplona.com\\\/actualidad\\\/el-concurso-internacional-de-fuegos-artificiales-cumple-20-anos-en-una-edicion-en-el-que-pesaran-las-colecciones-internacionales-y-la-participacion-de-las-mujeres\\\/\",\"name\":\"El Concurso Internacional de Fuegos Artificiales cumple 20 a\u00f1os en una edici\u00f3n en el que pesar\u00e1n las colecciones internacionales y la participaci\u00f3n de las mujeres\",\"isPartOf\":{\"@id\":\"https:\\\/\\\/www.laguiadepamplona.com\\\/actualidad\\\/#website\"},\"primaryImageOfPage\":{\"@id\":\"https:\\\/\\\/www.laguiadepamplona.com\\\/actualidad\\\/el-concurso-internacional-de-fuegos-artificiales-cumple-20-anos-en-una-edicion-en-el-que-pesaran-las-colecciones-internacionales-y-la-participacion-de-las-mujeres\\\/#primaryimage\"},\"image\":{\"@id\":\"https:\\\/\\\/www.laguiadepamplona.com\\\/actualidad\\\/el-concurso-internacional-de-fuegos-artificiales-cumple-20-anos-en-una-edicion-en-el-que-pesaran-las-colecciones-internacionales-y-la-participacion-de-las-mujeres\\\/#primaryimage\"},\"thumbnailUrl\":\"https:\\\/\\\/www.laguiadepamplona.com\\\/actualidad\\\/wp-content\\\/uploads\\\/2019\\\/07\\\/fuegos-artificiales-sanfermin.jpg\",\"datePublished\":\"2019-07-03T11:12:06+00:00\",\"dateModified\":\"2019-07-03T11:16:35+00:00\",\"breadcrumb\":{\"@id\":\"https:\\\/\\\/www.laguiadepamplona.com\\\/actualidad\\\/el-concurso-internacional-de-fuegos-artificiales-cumple-20-anos-en-una-edicion-en-el-que-pesaran-las-colecciones-internacionales-y-la-participacion-de-las-mujeres\\\/#breadcrumb\"},\"inLanguage\":\"es\",\"potentialAction\":[{\"@type\":\"ReadAction\",\"target\":[\"https:\\\/\\\/www.laguiadepamplona.com\\\/actualidad\\\/el-concurso-internacional-de-fuegos-artificiales-cumple-20-anos-en-una-edicion-en-el-que-pesaran-las-colecciones-internacionales-y-la-participacion-de-las-mujeres\\\/\"]}]},{\"@type\":\"ImageObject\",\"inLanguage\":\"es\",\"@id\":\"https:\\\/\\\/www.laguiadepamplona.com\\\/actualidad\\\/el-concurso-internacional-de-fuegos-artificiales-cumple-20-anos-en-una-edicion-en-el-que-pesaran-las-colecciones-internacionales-y-la-participacion-de-las-mujeres\\\/#primaryimage\",\"url\":\"https:\\\/\\\/www.laguiadepamplona.com\\\/actualidad\\\/wp-content\\\/uploads\\\/2019\\\/07\\\/fuegos-artificiales-sanfermin.jpg\",\"contentUrl\":\"https:\\\/\\\/www.laguiadepamplona.com\\\/actualidad\\\/wp-content\\\/uploads\\\/2019\\\/07\\\/fuegos-artificiales-sanfermin.jpg\",\"width\":1920,\"height\":1144},{\"@type\":\"BreadcrumbList\",\"@id\":\"https:\\\/\\\/www.laguiadepamplona.com\\\/actualidad\\\/el-concurso-internacional-de-fuegos-artificiales-cumple-20-anos-en-una-edicion-en-el-que-pesaran-las-colecciones-internacionales-y-la-participacion-de-las-mujeres\\\/#breadcrumb\",\"itemListElement\":[{\"@type\":\"ListItem\",\"position\":1,\"name\":\"Portada\",\"item\":\"https:\\\/\\\/www.laguiadepamplona.com\\\/actualidad\\\/\"},{\"@type\":\"ListItem\",\"position\":2,\"name\":\"El Concurso Internacional de Fuegos Artificiales cumple 20 a\u00f1os en una edici\u00f3n en el que pesar\u00e1n las colecciones internacionales y la participaci\u00f3n de las mujeres\"}]},{\"@type\":\"WebSite\",\"@id\":\"https:\\\/\\\/www.laguiadepamplona.com\\\/actualidad\\\/#website\",\"url\":\"https:\\\/\\\/www.laguiadepamplona.com\\\/actualidad\\\/\",\"name\":\"La gu\u00eda de Pamplona\",\"description\":\"Noticias de Pamplona\",\"publisher\":{\"@id\":\"https:\\\/\\\/www.laguiadepamplona.com\\\/actualidad\\\/#organization\"},\"potentialAction\":[{\"@type\":\"SearchAction\",\"target\":{\"@type\":\"EntryPoint\",\"urlTemplate\":\"https:\\\/\\\/www.laguiadepamplona.com\\\/actualidad\\\/?s={search_term_string}\"},\"query-input\":{\"@type\":\"PropertyValueSpecification\",\"valueRequired\":true,\"valueName\":\"search_term_string\"}}],\"inLanguage\":\"es\"},{\"@type\":\"Organization\",\"@id\":\"https:\\\/\\\/www.laguiadepamplona.com\\\/actualidad\\\/#organization\",\"name\":\"La Gu\u00eda de Pamplona \\\/ Noticias\",\"url\":\"https:\\\/\\\/www.laguiadepamplona.com\\\/actualidad\\\/\",\"logo\":{\"@type\":\"ImageObject\",\"inLanguage\":\"es\",\"@id\":\"https:\\\/\\\/www.laguiadepamplona.com\\\/actualidad\\\/#\\\/schema\\\/logo\\\/image\\\/\",\"url\":\"https:\\\/\\\/www.laguiadepamplona.com\\\/actualidad\\\/wp-content\\\/uploads\\\/2018\\\/11\\\/logo-laguiadepamplona18-web1.png\",\"contentUrl\":\"https:\\\/\\\/www.laguiadepamplona.com\\\/actualidad\\\/wp-content\\\/uploads\\\/2018\\\/11\\\/logo-laguiadepamplona18-web1.png\",\"width\":600,\"height\":196,\"caption\":\"La Gu\u00eda de Pamplona \\\/ Noticias\"},\"image\":{\"@id\":\"https:\\\/\\\/www.laguiadepamplona.com\\\/actualidad\\\/#\\\/schema\\\/logo\\\/image\\\/\"},\"sameAs\":[\"https:\\\/\\\/www.facebook.com\\\/laguiadepamplonacom-133175176762273\\\/?ref=hl\",\"https:\\\/\\\/x.com\\\/LaGuiadPamplona\",\"https:\\\/\\\/www.instagram.com\\\/la_guia_de_pamplona\\\/\",\"https:\\\/\\\/www.youtube.com\\\/user\\\/laguiadepamplona\"]},{\"@type\":\"Person\",\"@id\":\"https:\\\/\\\/www.laguiadepamplona.com\\\/actualidad\\\/#\\\/schema\\\/person\\\/efe887376f0213d4657c93adc50b1fdb\",\"name\":\"La Gu\u00eda de Pamplona\",\"image\":{\"@type\":\"ImageObject\",\"inLanguage\":\"es\",\"@id\":\"https:\\\/\\\/secure.gravatar.com\\\/avatar\\\/b6992f131dc8d30ab0dff15446e9d346d9dbd95992de0fef795073f5ea83a81c?s=96&d=mm&r=g\",\"url\":\"https:\\\/\\\/secure.gravatar.com\\\/avatar\\\/b6992f131dc8d30ab0dff15446e9d346d9dbd95992de0fef795073f5ea83a81c?s=96&d=mm&r=g\",\"contentUrl\":\"https:\\\/\\\/secure.gravatar.com\\\/avatar\\\/b6992f131dc8d30ab0dff15446e9d346d9dbd95992de0fef795073f5ea83a81c?s=96&d=mm&r=g\",\"caption\":\"La Gu\u00eda de Pamplona\"}}]}<\/script>\n<!-- \/ Yoast SEO plugin. -->","yoast_head_json":{"title":"El Concurso Internacional de Fuegos Artificiales cumple 20 a\u00f1os en una edici\u00f3n en el que pesar\u00e1n las colecciones internacionales y la participaci\u00f3n de las mujeres","robots":{"index":"index","follow":"follow","max-snippet":"max-snippet:-1","max-image-preview":"max-image-preview:large","max-video-preview":"max-video-preview:-1"},"canonical":"https:\/\/www.laguiadepamplona.com\/actualidad\/el-concurso-internacional-de-fuegos-artificiales-cumple-20-anos-en-una-edicion-en-el-que-pesaran-las-colecciones-internacionales-y-la-participacion-de-las-mujeres\/","og_locale":"es_ES","og_type":"article","og_title":"El Concurso Internacional de Fuegos Artificiales cumple 20 a\u00f1os en una edici\u00f3n en el que pesar\u00e1n las colecciones internacionales y la participaci\u00f3n de las mujeres","og_url":"https:\/\/www.laguiadepamplona.com\/actualidad\/el-concurso-internacional-de-fuegos-artificiales-cumple-20-anos-en-una-edicion-en-el-que-pesaran-las-colecciones-internacionales-y-la-participacion-de-las-mujeres\/","og_site_name":"La Gu\u00eda de Pamplona","article_publisher":"https:\/\/www.facebook.com\/laguiadepamplonacom-133175176762273\/?ref=hl","article_published_time":"2019-07-03T11:12:06+00:00","article_modified_time":"2019-07-03T11:16:35+00:00","og_image":[{"width":1920,"height":1144,"url":"https:\/\/www.laguiadepamplona.com\/actualidad\/wp-content\/uploads\/2019\/07\/fuegos-artificiales-sanfermin.jpg","type":"image\/jpeg"}],"author":"La Gu\u00eda de Pamplona","twitter_card":"summary_large_image","twitter_creator":"@LaGuiadPamplona","twitter_site":"@LaGuiadPamplona","twitter_misc":{"Escrito por":"La Gu\u00eda de Pamplona","Tiempo de lectura":"7 minutos"},"schema":{"@context":"https:\/\/schema.org","@graph":[{"@type":"Article","@id":"https:\/\/www.laguiadepamplona.com\/actualidad\/el-concurso-internacional-de-fuegos-artificiales-cumple-20-anos-en-una-edicion-en-el-que-pesaran-las-colecciones-internacionales-y-la-participacion-de-las-mujeres\/#article","isPartOf":{"@id":"https:\/\/www.laguiadepamplona.com\/actualidad\/el-concurso-internacional-de-fuegos-artificiales-cumple-20-anos-en-una-edicion-en-el-que-pesaran-las-colecciones-internacionales-y-la-participacion-de-las-mujeres\/"},"author":{"name":"La Gu\u00eda de Pamplona","@id":"https:\/\/www.laguiadepamplona.com\/actualidad\/#\/schema\/person\/efe887376f0213d4657c93adc50b1fdb"},"headline":"El Concurso Internacional de Fuegos Artificiales cumple 20 a\u00f1os en una edici\u00f3n en el que pesar\u00e1n las colecciones internacionales y la participaci\u00f3n de las mujeres","datePublished":"2019-07-03T11:12:06+00:00","dateModified":"2019-07-03T11:16:35+00:00","mainEntityOfPage":{"@id":"https:\/\/www.laguiadepamplona.com\/actualidad\/el-concurso-internacional-de-fuegos-artificiales-cumple-20-anos-en-una-edicion-en-el-que-pesaran-las-colecciones-internacionales-y-la-participacion-de-las-mujeres\/"},"wordCount":1414,"commentCount":0,"publisher":{"@id":"https:\/\/www.laguiadepamplona.com\/actualidad\/#organization"},"image":{"@id":"https:\/\/www.laguiadepamplona.com\/actualidad\/el-concurso-internacional-de-fuegos-artificiales-cumple-20-anos-en-una-edicion-en-el-que-pesaran-las-colecciones-internacionales-y-la-participacion-de-las-mujeres\/#primaryimage"},"thumbnailUrl":"https:\/\/www.laguiadepamplona.com\/actualidad\/wp-content\/uploads\/2019\/07\/fuegos-artificiales-sanfermin.jpg","articleSection":["Ayto Pamplona"],"inLanguage":"es","potentialAction":[{"@type":"CommentAction","name":"Comment","target":["https:\/\/www.laguiadepamplona.com\/actualidad\/el-concurso-internacional-de-fuegos-artificiales-cumple-20-anos-en-una-edicion-en-el-que-pesaran-las-colecciones-internacionales-y-la-participacion-de-las-mujeres\/#respond"]}]},{"@type":"WebPage","@id":"https:\/\/www.laguiadepamplona.com\/actualidad\/el-concurso-internacional-de-fuegos-artificiales-cumple-20-anos-en-una-edicion-en-el-que-pesaran-las-colecciones-internacionales-y-la-participacion-de-las-mujeres\/","url":"https:\/\/www.laguiadepamplona.com\/actualidad\/el-concurso-internacional-de-fuegos-artificiales-cumple-20-anos-en-una-edicion-en-el-que-pesaran-las-colecciones-internacionales-y-la-participacion-de-las-mujeres\/","name":"El Concurso Internacional de Fuegos Artificiales cumple 20 a\u00f1os en una edici\u00f3n en el que pesar\u00e1n las colecciones internacionales y la participaci\u00f3n de las mujeres","isPartOf":{"@id":"https:\/\/www.laguiadepamplona.com\/actualidad\/#website"},"primaryImageOfPage":{"@id":"https:\/\/www.laguiadepamplona.com\/actualidad\/el-concurso-internacional-de-fuegos-artificiales-cumple-20-anos-en-una-edicion-en-el-que-pesaran-las-colecciones-internacionales-y-la-participacion-de-las-mujeres\/#primaryimage"},"image":{"@id":"https:\/\/www.laguiadepamplona.com\/actualidad\/el-concurso-internacional-de-fuegos-artificiales-cumple-20-anos-en-una-edicion-en-el-que-pesaran-las-colecciones-internacionales-y-la-participacion-de-las-mujeres\/#primaryimage"},"thumbnailUrl":"https:\/\/www.laguiadepamplona.com\/actualidad\/wp-content\/uploads\/2019\/07\/fuegos-artificiales-sanfermin.jpg","datePublished":"2019-07-03T11:12:06+00:00","dateModified":"2019-07-03T11:16:35+00:00","breadcrumb":{"@id":"https:\/\/www.laguiadepamplona.com\/actualidad\/el-concurso-internacional-de-fuegos-artificiales-cumple-20-anos-en-una-edicion-en-el-que-pesaran-las-colecciones-internacionales-y-la-participacion-de-las-mujeres\/#breadcrumb"},"inLanguage":"es","potentialAction":[{"@type":"ReadAction","target":["https:\/\/www.laguiadepamplona.com\/actualidad\/el-concurso-internacional-de-fuegos-artificiales-cumple-20-anos-en-una-edicion-en-el-que-pesaran-las-colecciones-internacionales-y-la-participacion-de-las-mujeres\/"]}]},{"@type":"ImageObject","inLanguage":"es","@id":"https:\/\/www.laguiadepamplona.com\/actualidad\/el-concurso-internacional-de-fuegos-artificiales-cumple-20-anos-en-una-edicion-en-el-que-pesaran-las-colecciones-internacionales-y-la-participacion-de-las-mujeres\/#primaryimage","url":"https:\/\/www.laguiadepamplona.com\/actualidad\/wp-content\/uploads\/2019\/07\/fuegos-artificiales-sanfermin.jpg","contentUrl":"https:\/\/www.laguiadepamplona.com\/actualidad\/wp-content\/uploads\/2019\/07\/fuegos-artificiales-sanfermin.jpg","width":1920,"height":1144},{"@type":"BreadcrumbList","@id":"https:\/\/www.laguiadepamplona.com\/actualidad\/el-concurso-internacional-de-fuegos-artificiales-cumple-20-anos-en-una-edicion-en-el-que-pesaran-las-colecciones-internacionales-y-la-participacion-de-las-mujeres\/#breadcrumb","itemListElement":[{"@type":"ListItem","position":1,"name":"Portada","item":"https:\/\/www.laguiadepamplona.com\/actualidad\/"},{"@type":"ListItem","position":2,"name":"El Concurso Internacional de Fuegos Artificiales cumple 20 a\u00f1os en una edici\u00f3n en el que pesar\u00e1n las colecciones internacionales y la participaci\u00f3n de las mujeres"}]},{"@type":"WebSite","@id":"https:\/\/www.laguiadepamplona.com\/actualidad\/#website","url":"https:\/\/www.laguiadepamplona.com\/actualidad\/","name":"La gu\u00eda de Pamplona","description":"Noticias de Pamplona","publisher":{"@id":"https:\/\/www.laguiadepamplona.com\/actualidad\/#organization"},"potentialAction":[{"@type":"SearchAction","target":{"@type":"EntryPoint","urlTemplate":"https:\/\/www.laguiadepamplona.com\/actualidad\/?s={search_term_string}"},"query-input":{"@type":"PropertyValueSpecification","valueRequired":true,"valueName":"search_term_string"}}],"inLanguage":"es"},{"@type":"Organization","@id":"https:\/\/www.laguiadepamplona.com\/actualidad\/#organization","name":"La Gu\u00eda de Pamplona \/ Noticias","url":"https:\/\/www.laguiadepamplona.com\/actualidad\/","logo":{"@type":"ImageObject","inLanguage":"es","@id":"https:\/\/www.laguiadepamplona.com\/actualidad\/#\/schema\/logo\/image\/","url":"https:\/\/www.laguiadepamplona.com\/actualidad\/wp-content\/uploads\/2018\/11\/logo-laguiadepamplona18-web1.png","contentUrl":"https:\/\/www.laguiadepamplona.com\/actualidad\/wp-content\/uploads\/2018\/11\/logo-laguiadepamplona18-web1.png","width":600,"height":196,"caption":"La Gu\u00eda de Pamplona \/ Noticias"},"image":{"@id":"https:\/\/www.laguiadepamplona.com\/actualidad\/#\/schema\/logo\/image\/"},"sameAs":["https:\/\/www.facebook.com\/laguiadepamplonacom-133175176762273\/?ref=hl","https:\/\/x.com\/LaGuiadPamplona","https:\/\/www.instagram.com\/la_guia_de_pamplona\/","https:\/\/www.youtube.com\/user\/laguiadepamplona"]},{"@type":"Person","@id":"https:\/\/www.laguiadepamplona.com\/actualidad\/#\/schema\/person\/efe887376f0213d4657c93adc50b1fdb","name":"La Gu\u00eda de Pamplona","image":{"@type":"ImageObject","inLanguage":"es","@id":"https:\/\/secure.gravatar.com\/avatar\/b6992f131dc8d30ab0dff15446e9d346d9dbd95992de0fef795073f5ea83a81c?s=96&d=mm&r=g","url":"https:\/\/secure.gravatar.com\/avatar\/b6992f131dc8d30ab0dff15446e9d346d9dbd95992de0fef795073f5ea83a81c?s=96&d=mm&r=g","contentUrl":"https:\/\/secure.gravatar.com\/avatar\/b6992f131dc8d30ab0dff15446e9d346d9dbd95992de0fef795073f5ea83a81c?s=96&d=mm&r=g","caption":"La Gu\u00eda de Pamplona"}}]}},"post_mailing_queue_ids":[],"_links":{"self":[{"href":"https:\/\/www.laguiadepamplona.com\/actualidad\/wp-json\/wp\/v2\/posts\/23239","targetHints":{"allow":["GET"]}}],"collection":[{"href":"https:\/\/www.laguiadepamplona.com\/actualidad\/wp-json\/wp\/v2\/posts"}],"about":[{"href":"https:\/\/www.laguiadepamplona.com\/actualidad\/wp-json\/wp\/v2\/types\/post"}],"author":[{"embeddable":true,"href":"https:\/\/www.laguiadepamplona.com\/actualidad\/wp-json\/wp\/v2\/users\/1"}],"replies":[{"embeddable":true,"href":"https:\/\/www.laguiadepamplona.com\/actualidad\/wp-json\/wp\/v2\/comments?post=23239"}],"version-history":[{"count":0,"href":"https:\/\/www.laguiadepamplona.com\/actualidad\/wp-json\/wp\/v2\/posts\/23239\/revisions"}],"wp:featuredmedia":[{"embeddable":true,"href":"https:\/\/www.laguiadepamplona.com\/actualidad\/wp-json\/wp\/v2\/media\/23241"}],"wp:attachment":[{"href":"https:\/\/www.laguiadepamplona.com\/actualidad\/wp-json\/wp\/v2\/media?parent=23239"}],"wp:term":[{"taxonomy":"category","embeddable":true,"href":"https:\/\/www.laguiadepamplona.com\/actualidad\/wp-json\/wp\/v2\/categories?post=23239"},{"taxonomy":"post_tag","embeddable":true,"href":"https:\/\/www.laguiadepamplona.com\/actualidad\/wp-json\/wp\/v2\/tags?post=23239"}],"curies":[{"name":"wp","href":"https:\/\/api.w.org\/{rel}","templated":true}]}}