{"id":23235,"date":"2019-07-03T13:06:36","date_gmt":"2019-07-03T11:06:36","guid":{"rendered":"https:\/\/www.laguiadepamplona.es\/actualidad\/?p=23235"},"modified":"2019-07-03T13:17:00","modified_gmt":"2019-07-03T11:17:00","slug":"delegadas-las-presidencias-de-los-festejos-taurinos-de-la-feria-del-toro-de-san-fermin-2019","status":"publish","type":"post","link":"https:\/\/www.laguiadepamplona.com\/actualidad\/delegadas-las-presidencias-de-los-festejos-taurinos-de-la-feria-del-toro-de-san-fermin-2019\/","title":{"rendered":"Delegadas las presidencias de los festejos taurinos de la Feria del Toro de San Ferm\u00edn 2019"},"content":{"rendered":"<p><!--more--><\/p>\n<p>El alcalde de Pamplona, Enrique Maya, delega siete de las ocho presidencias de las corridas de toros de fiestas. El alcalde presidir\u00e1, como es tradici\u00f3n, la del d\u00eda 7 de julio, este a\u00f1o con toros de Puerto de San Lorenzo (Salamanca) y, mediante resoluci\u00f3n, ha delegado las del resto de festejos de la Feria del Toro, entre el 8 y el 14 de julio. Las presidencias, adem\u00e1s de la que ejerza el alcalde, recaer\u00e1n en 4 en ediles de Navarra Suma, 2 de PSN y 1 de Geroa Bai.<\/p>\n<p>La Presidencia de una corrida de toros es la figura que da inicio al espect\u00e1culo, realiza los avisos a los diestros y tiene la \u00faltima decisi\u00f3n en los casos en los que haya devoluciones de toros o en los que se plantee la suspensi\u00f3n de las corridas por eventos climatol\u00f3gicos. La persona que ostente esta responsabilidad se encarga de dirigir la celebraci\u00f3n mediante pa\u00f1uelos de colores (blanco para iniciarla, verde para devolver las reses al corral, rojos para las banderillas negras, azul para que el toro de la vuelta al ruedo o naranja para indultar al morlaco). Asimismo, se responsabiliza de los cambios de tercio, la concesi\u00f3n de trofeos y, en definitiva, de todos los extremos necesarios para el desarrollo del espect\u00e1culo taurino. En su funci\u00f3n, suelen contar con asesores taurinos.<\/p>\n<p><script async src=\"\/\/pagead2.googlesyndication.com\/pagead\/js\/adsbygoogle.js\"><\/script><br \/>\n<!-- Noticias La Guia de Pamplona --><br \/>\n<ins class=\"adsbygoogle\"\nstyle=\"display:block\"\ndata-ad-client=\"ca-pub-6943679897239327\"\ndata-ad-slot=\"7048180777\"\ndata-ad-format=\"auto\"><\/ins><br \/>\n<script>\n(adsbygoogle = window.adsbygoogle || []).push({});\n<\/script><\/p>\n<p><strong>Las presidencias delegadas<\/strong><\/p>\n<p>Seg\u00fan dispone la resoluci\u00f3n, el domingo 8 de julio la corrida de los Cebada Gago (C\u00e1diz) ser\u00e1 presidida por Xabier Sagardoy (PSN). Pasado el fin de semana tomar\u00e1 el relevo Patxi Leuza (Geroa Bai) que el lunes 9 tendr\u00e1 la responsabilidad sobre el espect\u00e1culo de la ganader\u00eda Jos\u00e9 Escolar (\u00c1vila). El mi\u00e9rcoles 10 presidir\u00e1 la lidia Mar\u00eda Ech\u00e1varri (NA+) y protagonizar\u00e1n la corrida los toros de Jandilla (Badajoz).<\/p>\n<p>Llegada la mitad de las fiestas el jueves 11 de julio ser\u00e1n los protagonistas de la Feria del Toro los astados de Victoriano del R\u00edo (Madrid) y la corrida contar\u00e1 con la presidencia de Arturo Lecumberri (NA+). De las dos siguientes citas de la fiesta se encargar\u00e1n Silvia Rosa Vel\u00e1squez y Fernando Sesma, de PSN y NA+, respectivamente, que presidir\u00e1n las corridas de dos ganader\u00edas gaditanas: N\u00fa\u00f1ez del Cuvillo (viernes 12) y La Palmosilla (s\u00e1bado 13). Cerrar\u00e1 la Feria del Toro de este a\u00f1o la Presidencia de Javier Labairu (NA+) con los Miura el domingo 14 de julio.<\/p>\n<h3><span style=\"color: #ff0000;\">Presidencias Feria del Toro 2019<\/span><\/h3>\n<ul>\n<li><strong>D\u00eda 7: <\/strong>Enrique Maya<\/li>\n<li><strong>D\u00eda 8: <\/strong>Xabier Sagardoy (PSN)<\/li>\n<li><strong>D\u00eda 9: <\/strong>Patxi Leuza (Geroa Bai)<\/li>\n<li><strong>D\u00eda 10: <\/strong>Mar\u00eda Ech\u00e1varri (NA+)<\/li>\n<li><strong>D\u00eda 11: <\/strong>Arturo Lecumberri (NA+).<\/li>\n<li><strong>D\u00eda 12: <\/strong>Silvia Rosa Vel\u00e1squez (PSN)<\/li>\n<li><strong>D\u00eda 13: <\/strong>Fernando Sesma (NA+)<\/li>\n<li><strong>D\u00eda 14: <\/strong>Javier Labairu (NA+)<\/li>\n<\/ul>\n<p>&nbsp;<\/p>\n","protected":false},"excerpt":{"rendered":"","protected":false},"author":1,"featured_media":21970,"comment_status":"open","ping_status":"closed","sticky":false,"template":"","format":"standard","meta":{"footnotes":""},"categories":[2],"tags":[],"class_list":["post-23235","post","type-post","status-publish","format-standard","has-post-thumbnail","hentry","category-ayuntamiento-pamplona"],"yoast_head":"<!-- This site is optimized with the Yoast SEO plugin v27.3 - https:\/\/yoast.com\/product\/yoast-seo-wordpress\/ -->\n<title>Delegadas las presidencias de los festejos taurinos de la Feria del Toro de San Ferm\u00edn 2019<\/title>\n<meta name=\"robots\" content=\"index, follow, max-snippet:-1, max-image-preview:large, max-video-preview:-1\" \/>\n<link rel=\"canonical\" href=\"https:\/\/www.laguiadepamplona.com\/actualidad\/delegadas-las-presidencias-de-los-festejos-taurinos-de-la-feria-del-toro-de-san-fermin-2019\/\" \/>\n<meta property=\"og:locale\" content=\"es_ES\" \/>\n<meta property=\"og:type\" content=\"article\" \/>\n<meta property=\"og:title\" content=\"Delegadas las presidencias de los festejos taurinos de la Feria del Toro de San Ferm\u00edn 2019\" \/>\n<meta property=\"og:url\" content=\"https:\/\/www.laguiadepamplona.com\/actualidad\/delegadas-las-presidencias-de-los-festejos-taurinos-de-la-feria-del-toro-de-san-fermin-2019\/\" \/>\n<meta property=\"og:site_name\" content=\"La Gu\u00eda de Pamplona\" \/>\n<meta property=\"article:publisher\" content=\"https:\/\/www.facebook.com\/laguiadepamplonacom-133175176762273\/?ref=hl\" \/>\n<meta property=\"article:published_time\" content=\"2019-07-03T11:06:36+00:00\" \/>\n<meta property=\"article:modified_time\" content=\"2019-07-03T11:17:00+00:00\" \/>\n<meta property=\"og:image\" content=\"https:\/\/www.laguiadepamplona.com\/actualidad\/wp-content\/uploads\/2019\/05\/AYER-SO\u00d1E-CON-UN-6-DE-JULIO-CARTEL-SAN-FERMIN-2019.jpg\" \/>\n\t<meta property=\"og:image:width\" content=\"1233\" \/>\n\t<meta property=\"og:image:height\" content=\"414\" \/>\n\t<meta property=\"og:image:type\" content=\"image\/jpeg\" \/>\n<meta name=\"author\" content=\"La Gu\u00eda de Pamplona\" \/>\n<meta name=\"twitter:card\" content=\"summary_large_image\" \/>\n<meta name=\"twitter:creator\" content=\"@LaGuiadPamplona\" \/>\n<meta name=\"twitter:site\" content=\"@LaGuiadPamplona\" \/>\n<meta name=\"twitter:label1\" content=\"Escrito por\" \/>\n\t<meta name=\"twitter:data1\" content=\"La Gu\u00eda de Pamplona\" \/>\n\t<meta name=\"twitter:label2\" content=\"Tiempo de lectura\" \/>\n\t<meta name=\"twitter:data2\" content=\"2 minutos\" \/>\n<script type=\"application\/ld+json\" class=\"yoast-schema-graph\">{\"@context\":\"https:\\\/\\\/schema.org\",\"@graph\":[{\"@type\":\"Article\",\"@id\":\"https:\\\/\\\/www.laguiadepamplona.com\\\/actualidad\\\/delegadas-las-presidencias-de-los-festejos-taurinos-de-la-feria-del-toro-de-san-fermin-2019\\\/#article\",\"isPartOf\":{\"@id\":\"https:\\\/\\\/www.laguiadepamplona.com\\\/actualidad\\\/delegadas-las-presidencias-de-los-festejos-taurinos-de-la-feria-del-toro-de-san-fermin-2019\\\/\"},\"author\":{\"name\":\"La Gu\u00eda de Pamplona\",\"@id\":\"https:\\\/\\\/www.laguiadepamplona.com\\\/actualidad\\\/#\\\/schema\\\/person\\\/efe887376f0213d4657c93adc50b1fdb\"},\"headline\":\"Delegadas las presidencias de los festejos taurinos de la Feria del Toro de San Ferm\u00edn 2019\",\"datePublished\":\"2019-07-03T11:06:36+00:00\",\"dateModified\":\"2019-07-03T11:17:00+00:00\",\"mainEntityOfPage\":{\"@id\":\"https:\\\/\\\/www.laguiadepamplona.com\\\/actualidad\\\/delegadas-las-presidencias-de-los-festejos-taurinos-de-la-feria-del-toro-de-san-fermin-2019\\\/\"},\"wordCount\":474,\"commentCount\":0,\"publisher\":{\"@id\":\"https:\\\/\\\/www.laguiadepamplona.com\\\/actualidad\\\/#organization\"},\"image\":{\"@id\":\"https:\\\/\\\/www.laguiadepamplona.com\\\/actualidad\\\/delegadas-las-presidencias-de-los-festejos-taurinos-de-la-feria-del-toro-de-san-fermin-2019\\\/#primaryimage\"},\"thumbnailUrl\":\"https:\\\/\\\/www.laguiadepamplona.com\\\/actualidad\\\/wp-content\\\/uploads\\\/2019\\\/05\\\/AYER-SO\u00d1E-CON-UN-6-DE-JULIO-CARTEL-SAN-FERMIN-2019.jpg\",\"articleSection\":[\"Ayto Pamplona\"],\"inLanguage\":\"es\",\"potentialAction\":[{\"@type\":\"CommentAction\",\"name\":\"Comment\",\"target\":[\"https:\\\/\\\/www.laguiadepamplona.com\\\/actualidad\\\/delegadas-las-presidencias-de-los-festejos-taurinos-de-la-feria-del-toro-de-san-fermin-2019\\\/#respond\"]}]},{\"@type\":\"WebPage\",\"@id\":\"https:\\\/\\\/www.laguiadepamplona.com\\\/actualidad\\\/delegadas-las-presidencias-de-los-festejos-taurinos-de-la-feria-del-toro-de-san-fermin-2019\\\/\",\"url\":\"https:\\\/\\\/www.laguiadepamplona.com\\\/actualidad\\\/delegadas-las-presidencias-de-los-festejos-taurinos-de-la-feria-del-toro-de-san-fermin-2019\\\/\",\"name\":\"Delegadas las presidencias de los festejos taurinos de la Feria del Toro de San Ferm\u00edn 2019\",\"isPartOf\":{\"@id\":\"https:\\\/\\\/www.laguiadepamplona.com\\\/actualidad\\\/#website\"},\"primaryImageOfPage\":{\"@id\":\"https:\\\/\\\/www.laguiadepamplona.com\\\/actualidad\\\/delegadas-las-presidencias-de-los-festejos-taurinos-de-la-feria-del-toro-de-san-fermin-2019\\\/#primaryimage\"},\"image\":{\"@id\":\"https:\\\/\\\/www.laguiadepamplona.com\\\/actualidad\\\/delegadas-las-presidencias-de-los-festejos-taurinos-de-la-feria-del-toro-de-san-fermin-2019\\\/#primaryimage\"},\"thumbnailUrl\":\"https:\\\/\\\/www.laguiadepamplona.com\\\/actualidad\\\/wp-content\\\/uploads\\\/2019\\\/05\\\/AYER-SO\u00d1E-CON-UN-6-DE-JULIO-CARTEL-SAN-FERMIN-2019.jpg\",\"datePublished\":\"2019-07-03T11:06:36+00:00\",\"dateModified\":\"2019-07-03T11:17:00+00:00\",\"breadcrumb\":{\"@id\":\"https:\\\/\\\/www.laguiadepamplona.com\\\/actualidad\\\/delegadas-las-presidencias-de-los-festejos-taurinos-de-la-feria-del-toro-de-san-fermin-2019\\\/#breadcrumb\"},\"inLanguage\":\"es\",\"potentialAction\":[{\"@type\":\"ReadAction\",\"target\":[\"https:\\\/\\\/www.laguiadepamplona.com\\\/actualidad\\\/delegadas-las-presidencias-de-los-festejos-taurinos-de-la-feria-del-toro-de-san-fermin-2019\\\/\"]}]},{\"@type\":\"ImageObject\",\"inLanguage\":\"es\",\"@id\":\"https:\\\/\\\/www.laguiadepamplona.com\\\/actualidad\\\/delegadas-las-presidencias-de-los-festejos-taurinos-de-la-feria-del-toro-de-san-fermin-2019\\\/#primaryimage\",\"url\":\"https:\\\/\\\/www.laguiadepamplona.com\\\/actualidad\\\/wp-content\\\/uploads\\\/2019\\\/05\\\/AYER-SO\u00d1E-CON-UN-6-DE-JULIO-CARTEL-SAN-FERMIN-2019.jpg\",\"contentUrl\":\"https:\\\/\\\/www.laguiadepamplona.com\\\/actualidad\\\/wp-content\\\/uploads\\\/2019\\\/05\\\/AYER-SO\u00d1E-CON-UN-6-DE-JULIO-CARTEL-SAN-FERMIN-2019.jpg\",\"width\":1233,\"height\":414},{\"@type\":\"BreadcrumbList\",\"@id\":\"https:\\\/\\\/www.laguiadepamplona.com\\\/actualidad\\\/delegadas-las-presidencias-de-los-festejos-taurinos-de-la-feria-del-toro-de-san-fermin-2019\\\/#breadcrumb\",\"itemListElement\":[{\"@type\":\"ListItem\",\"position\":1,\"name\":\"Portada\",\"item\":\"https:\\\/\\\/www.laguiadepamplona.com\\\/actualidad\\\/\"},{\"@type\":\"ListItem\",\"position\":2,\"name\":\"Delegadas las presidencias de los festejos taurinos de la Feria del Toro de San Ferm\u00edn 2019\"}]},{\"@type\":\"WebSite\",\"@id\":\"https:\\\/\\\/www.laguiadepamplona.com\\\/actualidad\\\/#website\",\"url\":\"https:\\\/\\\/www.laguiadepamplona.com\\\/actualidad\\\/\",\"name\":\"La gu\u00eda de Pamplona\",\"description\":\"Noticias de Pamplona\",\"publisher\":{\"@id\":\"https:\\\/\\\/www.laguiadepamplona.com\\\/actualidad\\\/#organization\"},\"potentialAction\":[{\"@type\":\"SearchAction\",\"target\":{\"@type\":\"EntryPoint\",\"urlTemplate\":\"https:\\\/\\\/www.laguiadepamplona.com\\\/actualidad\\\/?s={search_term_string}\"},\"query-input\":{\"@type\":\"PropertyValueSpecification\",\"valueRequired\":true,\"valueName\":\"search_term_string\"}}],\"inLanguage\":\"es\"},{\"@type\":\"Organization\",\"@id\":\"https:\\\/\\\/www.laguiadepamplona.com\\\/actualidad\\\/#organization\",\"name\":\"La Gu\u00eda de Pamplona \\\/ Noticias\",\"url\":\"https:\\\/\\\/www.laguiadepamplona.com\\\/actualidad\\\/\",\"logo\":{\"@type\":\"ImageObject\",\"inLanguage\":\"es\",\"@id\":\"https:\\\/\\\/www.laguiadepamplona.com\\\/actualidad\\\/#\\\/schema\\\/logo\\\/image\\\/\",\"url\":\"https:\\\/\\\/www.laguiadepamplona.com\\\/actualidad\\\/wp-content\\\/uploads\\\/2018\\\/11\\\/logo-laguiadepamplona18-web1.png\",\"contentUrl\":\"https:\\\/\\\/www.laguiadepamplona.com\\\/actualidad\\\/wp-content\\\/uploads\\\/2018\\\/11\\\/logo-laguiadepamplona18-web1.png\",\"width\":600,\"height\":196,\"caption\":\"La Gu\u00eda de Pamplona \\\/ Noticias\"},\"image\":{\"@id\":\"https:\\\/\\\/www.laguiadepamplona.com\\\/actualidad\\\/#\\\/schema\\\/logo\\\/image\\\/\"},\"sameAs\":[\"https:\\\/\\\/www.facebook.com\\\/laguiadepamplonacom-133175176762273\\\/?ref=hl\",\"https:\\\/\\\/x.com\\\/LaGuiadPamplona\",\"https:\\\/\\\/www.instagram.com\\\/la_guia_de_pamplona\\\/\",\"https:\\\/\\\/www.youtube.com\\\/user\\\/laguiadepamplona\"]},{\"@type\":\"Person\",\"@id\":\"https:\\\/\\\/www.laguiadepamplona.com\\\/actualidad\\\/#\\\/schema\\\/person\\\/efe887376f0213d4657c93adc50b1fdb\",\"name\":\"La Gu\u00eda de Pamplona\",\"image\":{\"@type\":\"ImageObject\",\"inLanguage\":\"es\",\"@id\":\"https:\\\/\\\/secure.gravatar.com\\\/avatar\\\/b6992f131dc8d30ab0dff15446e9d346d9dbd95992de0fef795073f5ea83a81c?s=96&d=mm&r=g\",\"url\":\"https:\\\/\\\/secure.gravatar.com\\\/avatar\\\/b6992f131dc8d30ab0dff15446e9d346d9dbd95992de0fef795073f5ea83a81c?s=96&d=mm&r=g\",\"contentUrl\":\"https:\\\/\\\/secure.gravatar.com\\\/avatar\\\/b6992f131dc8d30ab0dff15446e9d346d9dbd95992de0fef795073f5ea83a81c?s=96&d=mm&r=g\",\"caption\":\"La Gu\u00eda de Pamplona\"}}]}<\/script>\n<!-- \/ Yoast SEO plugin. -->","yoast_head_json":{"title":"Delegadas las presidencias de los festejos taurinos de la Feria del Toro de San Ferm\u00edn 2019","robots":{"index":"index","follow":"follow","max-snippet":"max-snippet:-1","max-image-preview":"max-image-preview:large","max-video-preview":"max-video-preview:-1"},"canonical":"https:\/\/www.laguiadepamplona.com\/actualidad\/delegadas-las-presidencias-de-los-festejos-taurinos-de-la-feria-del-toro-de-san-fermin-2019\/","og_locale":"es_ES","og_type":"article","og_title":"Delegadas las presidencias de los festejos taurinos de la Feria del Toro de San Ferm\u00edn 2019","og_url":"https:\/\/www.laguiadepamplona.com\/actualidad\/delegadas-las-presidencias-de-los-festejos-taurinos-de-la-feria-del-toro-de-san-fermin-2019\/","og_site_name":"La Gu\u00eda de Pamplona","article_publisher":"https:\/\/www.facebook.com\/laguiadepamplonacom-133175176762273\/?ref=hl","article_published_time":"2019-07-03T11:06:36+00:00","article_modified_time":"2019-07-03T11:17:00+00:00","og_image":[{"width":1233,"height":414,"url":"https:\/\/www.laguiadepamplona.com\/actualidad\/wp-content\/uploads\/2019\/05\/AYER-SO\u00d1E-CON-UN-6-DE-JULIO-CARTEL-SAN-FERMIN-2019.jpg","type":"image\/jpeg"}],"author":"La Gu\u00eda de Pamplona","twitter_card":"summary_large_image","twitter_creator":"@LaGuiadPamplona","twitter_site":"@LaGuiadPamplona","twitter_misc":{"Escrito por":"La Gu\u00eda de Pamplona","Tiempo de lectura":"2 minutos"},"schema":{"@context":"https:\/\/schema.org","@graph":[{"@type":"Article","@id":"https:\/\/www.laguiadepamplona.com\/actualidad\/delegadas-las-presidencias-de-los-festejos-taurinos-de-la-feria-del-toro-de-san-fermin-2019\/#article","isPartOf":{"@id":"https:\/\/www.laguiadepamplona.com\/actualidad\/delegadas-las-presidencias-de-los-festejos-taurinos-de-la-feria-del-toro-de-san-fermin-2019\/"},"author":{"name":"La Gu\u00eda de Pamplona","@id":"https:\/\/www.laguiadepamplona.com\/actualidad\/#\/schema\/person\/efe887376f0213d4657c93adc50b1fdb"},"headline":"Delegadas las presidencias de los festejos taurinos de la Feria del Toro de San Ferm\u00edn 2019","datePublished":"2019-07-03T11:06:36+00:00","dateModified":"2019-07-03T11:17:00+00:00","mainEntityOfPage":{"@id":"https:\/\/www.laguiadepamplona.com\/actualidad\/delegadas-las-presidencias-de-los-festejos-taurinos-de-la-feria-del-toro-de-san-fermin-2019\/"},"wordCount":474,"commentCount":0,"publisher":{"@id":"https:\/\/www.laguiadepamplona.com\/actualidad\/#organization"},"image":{"@id":"https:\/\/www.laguiadepamplona.com\/actualidad\/delegadas-las-presidencias-de-los-festejos-taurinos-de-la-feria-del-toro-de-san-fermin-2019\/#primaryimage"},"thumbnailUrl":"https:\/\/www.laguiadepamplona.com\/actualidad\/wp-content\/uploads\/2019\/05\/AYER-SO\u00d1E-CON-UN-6-DE-JULIO-CARTEL-SAN-FERMIN-2019.jpg","articleSection":["Ayto Pamplona"],"inLanguage":"es","potentialAction":[{"@type":"CommentAction","name":"Comment","target":["https:\/\/www.laguiadepamplona.com\/actualidad\/delegadas-las-presidencias-de-los-festejos-taurinos-de-la-feria-del-toro-de-san-fermin-2019\/#respond"]}]},{"@type":"WebPage","@id":"https:\/\/www.laguiadepamplona.com\/actualidad\/delegadas-las-presidencias-de-los-festejos-taurinos-de-la-feria-del-toro-de-san-fermin-2019\/","url":"https:\/\/www.laguiadepamplona.com\/actualidad\/delegadas-las-presidencias-de-los-festejos-taurinos-de-la-feria-del-toro-de-san-fermin-2019\/","name":"Delegadas las presidencias de los festejos taurinos de la Feria del Toro de San Ferm\u00edn 2019","isPartOf":{"@id":"https:\/\/www.laguiadepamplona.com\/actualidad\/#website"},"primaryImageOfPage":{"@id":"https:\/\/www.laguiadepamplona.com\/actualidad\/delegadas-las-presidencias-de-los-festejos-taurinos-de-la-feria-del-toro-de-san-fermin-2019\/#primaryimage"},"image":{"@id":"https:\/\/www.laguiadepamplona.com\/actualidad\/delegadas-las-presidencias-de-los-festejos-taurinos-de-la-feria-del-toro-de-san-fermin-2019\/#primaryimage"},"thumbnailUrl":"https:\/\/www.laguiadepamplona.com\/actualidad\/wp-content\/uploads\/2019\/05\/AYER-SO\u00d1E-CON-UN-6-DE-JULIO-CARTEL-SAN-FERMIN-2019.jpg","datePublished":"2019-07-03T11:06:36+00:00","dateModified":"2019-07-03T11:17:00+00:00","breadcrumb":{"@id":"https:\/\/www.laguiadepamplona.com\/actualidad\/delegadas-las-presidencias-de-los-festejos-taurinos-de-la-feria-del-toro-de-san-fermin-2019\/#breadcrumb"},"inLanguage":"es","potentialAction":[{"@type":"ReadAction","target":["https:\/\/www.laguiadepamplona.com\/actualidad\/delegadas-las-presidencias-de-los-festejos-taurinos-de-la-feria-del-toro-de-san-fermin-2019\/"]}]},{"@type":"ImageObject","inLanguage":"es","@id":"https:\/\/www.laguiadepamplona.com\/actualidad\/delegadas-las-presidencias-de-los-festejos-taurinos-de-la-feria-del-toro-de-san-fermin-2019\/#primaryimage","url":"https:\/\/www.laguiadepamplona.com\/actualidad\/wp-content\/uploads\/2019\/05\/AYER-SO\u00d1E-CON-UN-6-DE-JULIO-CARTEL-SAN-FERMIN-2019.jpg","contentUrl":"https:\/\/www.laguiadepamplona.com\/actualidad\/wp-content\/uploads\/2019\/05\/AYER-SO\u00d1E-CON-UN-6-DE-JULIO-CARTEL-SAN-FERMIN-2019.jpg","width":1233,"height":414},{"@type":"BreadcrumbList","@id":"https:\/\/www.laguiadepamplona.com\/actualidad\/delegadas-las-presidencias-de-los-festejos-taurinos-de-la-feria-del-toro-de-san-fermin-2019\/#breadcrumb","itemListElement":[{"@type":"ListItem","position":1,"name":"Portada","item":"https:\/\/www.laguiadepamplona.com\/actualidad\/"},{"@type":"ListItem","position":2,"name":"Delegadas las presidencias de los festejos taurinos de la Feria del Toro de San Ferm\u00edn 2019"}]},{"@type":"WebSite","@id":"https:\/\/www.laguiadepamplona.com\/actualidad\/#website","url":"https:\/\/www.laguiadepamplona.com\/actualidad\/","name":"La gu\u00eda de Pamplona","description":"Noticias de Pamplona","publisher":{"@id":"https:\/\/www.laguiadepamplona.com\/actualidad\/#organization"},"potentialAction":[{"@type":"SearchAction","target":{"@type":"EntryPoint","urlTemplate":"https:\/\/www.laguiadepamplona.com\/actualidad\/?s={search_term_string}"},"query-input":{"@type":"PropertyValueSpecification","valueRequired":true,"valueName":"search_term_string"}}],"inLanguage":"es"},{"@type":"Organization","@id":"https:\/\/www.laguiadepamplona.com\/actualidad\/#organization","name":"La Gu\u00eda de Pamplona \/ Noticias","url":"https:\/\/www.laguiadepamplona.com\/actualidad\/","logo":{"@type":"ImageObject","inLanguage":"es","@id":"https:\/\/www.laguiadepamplona.com\/actualidad\/#\/schema\/logo\/image\/","url":"https:\/\/www.laguiadepamplona.com\/actualidad\/wp-content\/uploads\/2018\/11\/logo-laguiadepamplona18-web1.png","contentUrl":"https:\/\/www.laguiadepamplona.com\/actualidad\/wp-content\/uploads\/2018\/11\/logo-laguiadepamplona18-web1.png","width":600,"height":196,"caption":"La Gu\u00eda de Pamplona \/ Noticias"},"image":{"@id":"https:\/\/www.laguiadepamplona.com\/actualidad\/#\/schema\/logo\/image\/"},"sameAs":["https:\/\/www.facebook.com\/laguiadepamplonacom-133175176762273\/?ref=hl","https:\/\/x.com\/LaGuiadPamplona","https:\/\/www.instagram.com\/la_guia_de_pamplona\/","https:\/\/www.youtube.com\/user\/laguiadepamplona"]},{"@type":"Person","@id":"https:\/\/www.laguiadepamplona.com\/actualidad\/#\/schema\/person\/efe887376f0213d4657c93adc50b1fdb","name":"La Gu\u00eda de Pamplona","image":{"@type":"ImageObject","inLanguage":"es","@id":"https:\/\/secure.gravatar.com\/avatar\/b6992f131dc8d30ab0dff15446e9d346d9dbd95992de0fef795073f5ea83a81c?s=96&d=mm&r=g","url":"https:\/\/secure.gravatar.com\/avatar\/b6992f131dc8d30ab0dff15446e9d346d9dbd95992de0fef795073f5ea83a81c?s=96&d=mm&r=g","contentUrl":"https:\/\/secure.gravatar.com\/avatar\/b6992f131dc8d30ab0dff15446e9d346d9dbd95992de0fef795073f5ea83a81c?s=96&d=mm&r=g","caption":"La Gu\u00eda de Pamplona"}}]}},"post_mailing_queue_ids":[],"_links":{"self":[{"href":"https:\/\/www.laguiadepamplona.com\/actualidad\/wp-json\/wp\/v2\/posts\/23235","targetHints":{"allow":["GET"]}}],"collection":[{"href":"https:\/\/www.laguiadepamplona.com\/actualidad\/wp-json\/wp\/v2\/posts"}],"about":[{"href":"https:\/\/www.laguiadepamplona.com\/actualidad\/wp-json\/wp\/v2\/types\/post"}],"author":[{"embeddable":true,"href":"https:\/\/www.laguiadepamplona.com\/actualidad\/wp-json\/wp\/v2\/users\/1"}],"replies":[{"embeddable":true,"href":"https:\/\/www.laguiadepamplona.com\/actualidad\/wp-json\/wp\/v2\/comments?post=23235"}],"version-history":[{"count":0,"href":"https:\/\/www.laguiadepamplona.com\/actualidad\/wp-json\/wp\/v2\/posts\/23235\/revisions"}],"wp:featuredmedia":[{"embeddable":true,"href":"https:\/\/www.laguiadepamplona.com\/actualidad\/wp-json\/wp\/v2\/media\/21970"}],"wp:attachment":[{"href":"https:\/\/www.laguiadepamplona.com\/actualidad\/wp-json\/wp\/v2\/media?parent=23235"}],"wp:term":[{"taxonomy":"category","embeddable":true,"href":"https:\/\/www.laguiadepamplona.com\/actualidad\/wp-json\/wp\/v2\/categories?post=23235"},{"taxonomy":"post_tag","embeddable":true,"href":"https:\/\/www.laguiadepamplona.com\/actualidad\/wp-json\/wp\/v2\/tags?post=23235"}],"curies":[{"name":"wp","href":"https:\/\/api.w.org\/{rel}","templated":true}]}}