{"id":23227,"date":"2019-07-03T13:04:48","date_gmt":"2019-07-03T11:04:48","guid":{"rendered":"https:\/\/www.laguiadepamplona.es\/actualidad\/?p=23227"},"modified":"2019-07-03T13:17:53","modified_gmt":"2019-07-03T11:17:53","slug":"manana-cierra-al-transito-la-ciudadela-y-del-6-al-14-de-julio-la-oficinas-y-registros-municipales-no-atenderan-aunque-se-puede-seguir-haciendo-tramites-en-la-web-municipal","status":"publish","type":"post","link":"https:\/\/www.laguiadepamplona.com\/actualidad\/manana-cierra-al-transito-la-ciudadela-y-del-6-al-14-de-julio-la-oficinas-y-registros-municipales-no-atenderan-aunque-se-puede-seguir-haciendo-tramites-en-la-web-municipal\/","title":{"rendered":"Ma\u00f1ana cierra al tr\u00e1nsito la Ciudadela y del 6 al 14 de julio la oficinas y registros municipales no atender\u00e1n, aunque se puede seguir haciendo tr\u00e1mites en la web municipal"},"content":{"rendered":"<p><!--more--><\/p>\n<h3>El Tel\u00e9fono de Atenci\u00f3n Ciudadana 010 (948420100) permanecer\u00e1 operativo durante los Sanfermines de 9.30 a 13.30 horas<\/h3>\n<p>La Ciudadela cerrar\u00e1 ma\u00f1ana sus puertas al tr\u00e1nsito, como todos los a\u00f1os, para preparar el recinto como punto de lanzamiento de los fuegos artificiales de San Ferm\u00edn. As\u00ed permanecer\u00e1 hasta que, despu\u00e9s de las fiestas, el Consistorio realice la limpieza de los restos de las pirot\u00e9cnicas y se realice la escarificaci\u00f3n de las praderas de su entorno.<\/p>\n<p>El Ayuntamiento de Pamplona mantendr\u00e1 cerradas sus oficinas durante las fiestas de San Ferm\u00edn, desde el s\u00e1bado d\u00eda 6 de julio hasta el domingo d\u00eda 14, al estar declarados como festivos para esta administraci\u00f3n local. Retomar\u00e1n la normalidad a partir del lunes 15 de julio tanto las oficinas municipales como los registros. Los d\u00edas 8, 9, 10, 11, y 12 son inh\u00e1biles a efectos del c\u00f3mputo de plazos en las tramitaciones de expedientes del Ayuntamiento de Pamplona. Del 6 al 14 de julio podr\u00e1n hacerse consultas en la Sede Electr\u00f3nica de la p\u00e1gina web <a href=\"http:\/\/www.pamplona.es\" target=\"_blank\" rel=\"noopener noreferrer\">www.pamplona.es<\/a>.<\/p>\n<p><script async src=\"\/\/pagead2.googlesyndication.com\/pagead\/js\/adsbygoogle.js\"><\/script><br \/>\n<!-- Noticias La Guia de Pamplona --><br \/>\n<ins class=\"adsbygoogle\"\nstyle=\"display:block\"\ndata-ad-client=\"ca-pub-6943679897239327\"\ndata-ad-slot=\"7048180777\"\ndata-ad-format=\"auto\"><\/ins><br \/>\n<script>\n(adsbygoogle = window.adsbygoogle || []).push({});\n<\/script><\/p>\n<p>La red Civivox tambi\u00e9n cierra la mayor\u00eda de sus centros durante los Sanfermines. \u00danicamente Condestable (calle Mayor, 2) abrir\u00e1 sus puertas y lo har\u00e1 del 9 al 14 de julio, en horario de 11 a 14 horas. Del 6 al 8 de julio este centro permanecer\u00e1 cerrado.<\/p>\n<p>Tambi\u00e9n cambian los horarios en este periodo las bibliotecas de la ciudad. Durante las fiestas de San Ferm\u00edn, del 6 al 14 de julio, permanecer\u00e1n cerradas las bibliotecas de Mendillorri, Iturrama, San Francisco y San Jorge. Las bibliotecas de Txantrea, Yamaguchi, Milagrosa, Etxabakoitz y San Pedro abrir\u00e1n los d\u00edas 11 y 12 de julio, de 9.30 a 12.30 horas.<\/p>\n<p>Por su parte el Tel\u00e9fono de Atenci\u00f3n Ciudadana 010 (948420100, si se llama desde m\u00f3vil, fuera de Pamplona o con tarifa plana) s\u00ed permanecer\u00e1 operativo durante los Sanfermines, aunque con alg\u00fan cambio de horario. Del 6 al 14 de julio, ambos incluidos, ofrecer\u00e1 atenci\u00f3n telef\u00f3nica de 9.30 a 13.30 horas. A partir de lunes 15 de julio, y hasta el 31 de agosto, este servicio municipal mantendr\u00e1 su horario de verano, que es de lunes a viernes de 8 a 15 horas.<\/p>\n","protected":false},"excerpt":{"rendered":"","protected":false},"author":1,"featured_media":11434,"comment_status":"open","ping_status":"closed","sticky":false,"template":"","format":"standard","meta":{"footnotes":""},"categories":[2],"tags":[],"class_list":["post-23227","post","type-post","status-publish","format-standard","has-post-thumbnail","hentry","category-ayuntamiento-pamplona"],"yoast_head":"<!-- This site is optimized with the Yoast SEO plugin v27.3 - https:\/\/yoast.com\/product\/yoast-seo-wordpress\/ -->\n<title>Ma\u00f1ana cierra al tr\u00e1nsito la Ciudadela y del 6 al 14 de julio la oficinas y registros municipales no atender\u00e1n, aunque se puede seguir haciendo tr\u00e1mites en la web municipal<\/title>\n<meta name=\"robots\" content=\"index, follow, max-snippet:-1, max-image-preview:large, max-video-preview:-1\" \/>\n<link rel=\"canonical\" href=\"https:\/\/www.laguiadepamplona.com\/actualidad\/manana-cierra-al-transito-la-ciudadela-y-del-6-al-14-de-julio-la-oficinas-y-registros-municipales-no-atenderan-aunque-se-puede-seguir-haciendo-tramites-en-la-web-municipal\/\" \/>\n<meta property=\"og:locale\" content=\"es_ES\" \/>\n<meta property=\"og:type\" content=\"article\" \/>\n<meta property=\"og:title\" content=\"Ma\u00f1ana cierra al tr\u00e1nsito la Ciudadela y del 6 al 14 de julio la oficinas y registros municipales no atender\u00e1n, aunque se puede seguir haciendo tr\u00e1mites en la web municipal\" \/>\n<meta property=\"og:url\" content=\"https:\/\/www.laguiadepamplona.com\/actualidad\/manana-cierra-al-transito-la-ciudadela-y-del-6-al-14-de-julio-la-oficinas-y-registros-municipales-no-atenderan-aunque-se-puede-seguir-haciendo-tramites-en-la-web-municipal\/\" \/>\n<meta property=\"og:site_name\" content=\"La Gu\u00eda de Pamplona\" \/>\n<meta property=\"article:publisher\" content=\"https:\/\/www.facebook.com\/laguiadepamplonacom-133175176762273\/?ref=hl\" \/>\n<meta property=\"article:published_time\" content=\"2019-07-03T11:04:48+00:00\" \/>\n<meta property=\"article:modified_time\" content=\"2019-07-03T11:17:53+00:00\" \/>\n<meta property=\"og:image\" content=\"https:\/\/www.laguiadepamplona.com\/actualidad\/wp-content\/uploads\/2017\/01\/ciudadela_general1.jpg\" \/>\n\t<meta property=\"og:image:width\" content=\"1100\" \/>\n\t<meta property=\"og:image:height\" content=\"550\" \/>\n\t<meta property=\"og:image:type\" content=\"image\/jpeg\" \/>\n<meta name=\"author\" content=\"La Gu\u00eda de Pamplona\" \/>\n<meta name=\"twitter:card\" content=\"summary_large_image\" \/>\n<meta name=\"twitter:creator\" content=\"@LaGuiadPamplona\" \/>\n<meta name=\"twitter:site\" content=\"@LaGuiadPamplona\" \/>\n<meta name=\"twitter:label1\" content=\"Escrito por\" \/>\n\t<meta name=\"twitter:data1\" content=\"La Gu\u00eda de Pamplona\" \/>\n\t<meta name=\"twitter:label2\" content=\"Tiempo de lectura\" \/>\n\t<meta name=\"twitter:data2\" content=\"2 minutos\" \/>\n<script type=\"application\/ld+json\" class=\"yoast-schema-graph\">{\"@context\":\"https:\\\/\\\/schema.org\",\"@graph\":[{\"@type\":\"Article\",\"@id\":\"https:\\\/\\\/www.laguiadepamplona.com\\\/actualidad\\\/manana-cierra-al-transito-la-ciudadela-y-del-6-al-14-de-julio-la-oficinas-y-registros-municipales-no-atenderan-aunque-se-puede-seguir-haciendo-tramites-en-la-web-municipal\\\/#article\",\"isPartOf\":{\"@id\":\"https:\\\/\\\/www.laguiadepamplona.com\\\/actualidad\\\/manana-cierra-al-transito-la-ciudadela-y-del-6-al-14-de-julio-la-oficinas-y-registros-municipales-no-atenderan-aunque-se-puede-seguir-haciendo-tramites-en-la-web-municipal\\\/\"},\"author\":{\"name\":\"La Gu\u00eda de Pamplona\",\"@id\":\"https:\\\/\\\/www.laguiadepamplona.com\\\/actualidad\\\/#\\\/schema\\\/person\\\/efe887376f0213d4657c93adc50b1fdb\"},\"headline\":\"Ma\u00f1ana cierra al tr\u00e1nsito la Ciudadela y del 6 al 14 de julio la oficinas y registros municipales no atender\u00e1n, aunque se puede seguir haciendo tr\u00e1mites en la web municipal\",\"datePublished\":\"2019-07-03T11:04:48+00:00\",\"dateModified\":\"2019-07-03T11:17:53+00:00\",\"mainEntityOfPage\":{\"@id\":\"https:\\\/\\\/www.laguiadepamplona.com\\\/actualidad\\\/manana-cierra-al-transito-la-ciudadela-y-del-6-al-14-de-julio-la-oficinas-y-registros-municipales-no-atenderan-aunque-se-puede-seguir-haciendo-tramites-en-la-web-municipal\\\/\"},\"wordCount\":388,\"commentCount\":0,\"publisher\":{\"@id\":\"https:\\\/\\\/www.laguiadepamplona.com\\\/actualidad\\\/#organization\"},\"image\":{\"@id\":\"https:\\\/\\\/www.laguiadepamplona.com\\\/actualidad\\\/manana-cierra-al-transito-la-ciudadela-y-del-6-al-14-de-julio-la-oficinas-y-registros-municipales-no-atenderan-aunque-se-puede-seguir-haciendo-tramites-en-la-web-municipal\\\/#primaryimage\"},\"thumbnailUrl\":\"https:\\\/\\\/www.laguiadepamplona.com\\\/actualidad\\\/wp-content\\\/uploads\\\/2017\\\/01\\\/ciudadela_general1.jpg\",\"articleSection\":[\"Ayto Pamplona\"],\"inLanguage\":\"es\",\"potentialAction\":[{\"@type\":\"CommentAction\",\"name\":\"Comment\",\"target\":[\"https:\\\/\\\/www.laguiadepamplona.com\\\/actualidad\\\/manana-cierra-al-transito-la-ciudadela-y-del-6-al-14-de-julio-la-oficinas-y-registros-municipales-no-atenderan-aunque-se-puede-seguir-haciendo-tramites-en-la-web-municipal\\\/#respond\"]}]},{\"@type\":\"WebPage\",\"@id\":\"https:\\\/\\\/www.laguiadepamplona.com\\\/actualidad\\\/manana-cierra-al-transito-la-ciudadela-y-del-6-al-14-de-julio-la-oficinas-y-registros-municipales-no-atenderan-aunque-se-puede-seguir-haciendo-tramites-en-la-web-municipal\\\/\",\"url\":\"https:\\\/\\\/www.laguiadepamplona.com\\\/actualidad\\\/manana-cierra-al-transito-la-ciudadela-y-del-6-al-14-de-julio-la-oficinas-y-registros-municipales-no-atenderan-aunque-se-puede-seguir-haciendo-tramites-en-la-web-municipal\\\/\",\"name\":\"Ma\u00f1ana cierra al tr\u00e1nsito la Ciudadela y del 6 al 14 de julio la oficinas y registros municipales no atender\u00e1n, aunque se puede seguir haciendo tr\u00e1mites en la web municipal\",\"isPartOf\":{\"@id\":\"https:\\\/\\\/www.laguiadepamplona.com\\\/actualidad\\\/#website\"},\"primaryImageOfPage\":{\"@id\":\"https:\\\/\\\/www.laguiadepamplona.com\\\/actualidad\\\/manana-cierra-al-transito-la-ciudadela-y-del-6-al-14-de-julio-la-oficinas-y-registros-municipales-no-atenderan-aunque-se-puede-seguir-haciendo-tramites-en-la-web-municipal\\\/#primaryimage\"},\"image\":{\"@id\":\"https:\\\/\\\/www.laguiadepamplona.com\\\/actualidad\\\/manana-cierra-al-transito-la-ciudadela-y-del-6-al-14-de-julio-la-oficinas-y-registros-municipales-no-atenderan-aunque-se-puede-seguir-haciendo-tramites-en-la-web-municipal\\\/#primaryimage\"},\"thumbnailUrl\":\"https:\\\/\\\/www.laguiadepamplona.com\\\/actualidad\\\/wp-content\\\/uploads\\\/2017\\\/01\\\/ciudadela_general1.jpg\",\"datePublished\":\"2019-07-03T11:04:48+00:00\",\"dateModified\":\"2019-07-03T11:17:53+00:00\",\"breadcrumb\":{\"@id\":\"https:\\\/\\\/www.laguiadepamplona.com\\\/actualidad\\\/manana-cierra-al-transito-la-ciudadela-y-del-6-al-14-de-julio-la-oficinas-y-registros-municipales-no-atenderan-aunque-se-puede-seguir-haciendo-tramites-en-la-web-municipal\\\/#breadcrumb\"},\"inLanguage\":\"es\",\"potentialAction\":[{\"@type\":\"ReadAction\",\"target\":[\"https:\\\/\\\/www.laguiadepamplona.com\\\/actualidad\\\/manana-cierra-al-transito-la-ciudadela-y-del-6-al-14-de-julio-la-oficinas-y-registros-municipales-no-atenderan-aunque-se-puede-seguir-haciendo-tramites-en-la-web-municipal\\\/\"]}]},{\"@type\":\"ImageObject\",\"inLanguage\":\"es\",\"@id\":\"https:\\\/\\\/www.laguiadepamplona.com\\\/actualidad\\\/manana-cierra-al-transito-la-ciudadela-y-del-6-al-14-de-julio-la-oficinas-y-registros-municipales-no-atenderan-aunque-se-puede-seguir-haciendo-tramites-en-la-web-municipal\\\/#primaryimage\",\"url\":\"https:\\\/\\\/www.laguiadepamplona.com\\\/actualidad\\\/wp-content\\\/uploads\\\/2017\\\/01\\\/ciudadela_general1.jpg\",\"contentUrl\":\"https:\\\/\\\/www.laguiadepamplona.com\\\/actualidad\\\/wp-content\\\/uploads\\\/2017\\\/01\\\/ciudadela_general1.jpg\",\"width\":1100,\"height\":550},{\"@type\":\"BreadcrumbList\",\"@id\":\"https:\\\/\\\/www.laguiadepamplona.com\\\/actualidad\\\/manana-cierra-al-transito-la-ciudadela-y-del-6-al-14-de-julio-la-oficinas-y-registros-municipales-no-atenderan-aunque-se-puede-seguir-haciendo-tramites-en-la-web-municipal\\\/#breadcrumb\",\"itemListElement\":[{\"@type\":\"ListItem\",\"position\":1,\"name\":\"Portada\",\"item\":\"https:\\\/\\\/www.laguiadepamplona.com\\\/actualidad\\\/\"},{\"@type\":\"ListItem\",\"position\":2,\"name\":\"Ma\u00f1ana cierra al tr\u00e1nsito la Ciudadela y del 6 al 14 de julio la oficinas y registros municipales no atender\u00e1n, aunque se puede seguir haciendo tr\u00e1mites en la web municipal\"}]},{\"@type\":\"WebSite\",\"@id\":\"https:\\\/\\\/www.laguiadepamplona.com\\\/actualidad\\\/#website\",\"url\":\"https:\\\/\\\/www.laguiadepamplona.com\\\/actualidad\\\/\",\"name\":\"La gu\u00eda de Pamplona\",\"description\":\"Noticias de Pamplona\",\"publisher\":{\"@id\":\"https:\\\/\\\/www.laguiadepamplona.com\\\/actualidad\\\/#organization\"},\"potentialAction\":[{\"@type\":\"SearchAction\",\"target\":{\"@type\":\"EntryPoint\",\"urlTemplate\":\"https:\\\/\\\/www.laguiadepamplona.com\\\/actualidad\\\/?s={search_term_string}\"},\"query-input\":{\"@type\":\"PropertyValueSpecification\",\"valueRequired\":true,\"valueName\":\"search_term_string\"}}],\"inLanguage\":\"es\"},{\"@type\":\"Organization\",\"@id\":\"https:\\\/\\\/www.laguiadepamplona.com\\\/actualidad\\\/#organization\",\"name\":\"La Gu\u00eda de Pamplona \\\/ Noticias\",\"url\":\"https:\\\/\\\/www.laguiadepamplona.com\\\/actualidad\\\/\",\"logo\":{\"@type\":\"ImageObject\",\"inLanguage\":\"es\",\"@id\":\"https:\\\/\\\/www.laguiadepamplona.com\\\/actualidad\\\/#\\\/schema\\\/logo\\\/image\\\/\",\"url\":\"https:\\\/\\\/www.laguiadepamplona.com\\\/actualidad\\\/wp-content\\\/uploads\\\/2018\\\/11\\\/logo-laguiadepamplona18-web1.png\",\"contentUrl\":\"https:\\\/\\\/www.laguiadepamplona.com\\\/actualidad\\\/wp-content\\\/uploads\\\/2018\\\/11\\\/logo-laguiadepamplona18-web1.png\",\"width\":600,\"height\":196,\"caption\":\"La Gu\u00eda de Pamplona \\\/ Noticias\"},\"image\":{\"@id\":\"https:\\\/\\\/www.laguiadepamplona.com\\\/actualidad\\\/#\\\/schema\\\/logo\\\/image\\\/\"},\"sameAs\":[\"https:\\\/\\\/www.facebook.com\\\/laguiadepamplonacom-133175176762273\\\/?ref=hl\",\"https:\\\/\\\/x.com\\\/LaGuiadPamplona\",\"https:\\\/\\\/www.instagram.com\\\/la_guia_de_pamplona\\\/\",\"https:\\\/\\\/www.youtube.com\\\/user\\\/laguiadepamplona\"]},{\"@type\":\"Person\",\"@id\":\"https:\\\/\\\/www.laguiadepamplona.com\\\/actualidad\\\/#\\\/schema\\\/person\\\/efe887376f0213d4657c93adc50b1fdb\",\"name\":\"La Gu\u00eda de Pamplona\",\"image\":{\"@type\":\"ImageObject\",\"inLanguage\":\"es\",\"@id\":\"https:\\\/\\\/secure.gravatar.com\\\/avatar\\\/b6992f131dc8d30ab0dff15446e9d346d9dbd95992de0fef795073f5ea83a81c?s=96&d=mm&r=g\",\"url\":\"https:\\\/\\\/secure.gravatar.com\\\/avatar\\\/b6992f131dc8d30ab0dff15446e9d346d9dbd95992de0fef795073f5ea83a81c?s=96&d=mm&r=g\",\"contentUrl\":\"https:\\\/\\\/secure.gravatar.com\\\/avatar\\\/b6992f131dc8d30ab0dff15446e9d346d9dbd95992de0fef795073f5ea83a81c?s=96&d=mm&r=g\",\"caption\":\"La Gu\u00eda de Pamplona\"}}]}<\/script>\n<!-- \/ Yoast SEO plugin. -->","yoast_head_json":{"title":"Ma\u00f1ana cierra al tr\u00e1nsito la Ciudadela y del 6 al 14 de julio la oficinas y registros municipales no atender\u00e1n, aunque se puede seguir haciendo tr\u00e1mites en la web municipal","robots":{"index":"index","follow":"follow","max-snippet":"max-snippet:-1","max-image-preview":"max-image-preview:large","max-video-preview":"max-video-preview:-1"},"canonical":"https:\/\/www.laguiadepamplona.com\/actualidad\/manana-cierra-al-transito-la-ciudadela-y-del-6-al-14-de-julio-la-oficinas-y-registros-municipales-no-atenderan-aunque-se-puede-seguir-haciendo-tramites-en-la-web-municipal\/","og_locale":"es_ES","og_type":"article","og_title":"Ma\u00f1ana cierra al tr\u00e1nsito la Ciudadela y del 6 al 14 de julio la oficinas y registros municipales no atender\u00e1n, aunque se puede seguir haciendo tr\u00e1mites en la web municipal","og_url":"https:\/\/www.laguiadepamplona.com\/actualidad\/manana-cierra-al-transito-la-ciudadela-y-del-6-al-14-de-julio-la-oficinas-y-registros-municipales-no-atenderan-aunque-se-puede-seguir-haciendo-tramites-en-la-web-municipal\/","og_site_name":"La Gu\u00eda de Pamplona","article_publisher":"https:\/\/www.facebook.com\/laguiadepamplonacom-133175176762273\/?ref=hl","article_published_time":"2019-07-03T11:04:48+00:00","article_modified_time":"2019-07-03T11:17:53+00:00","og_image":[{"width":1100,"height":550,"url":"https:\/\/www.laguiadepamplona.com\/actualidad\/wp-content\/uploads\/2017\/01\/ciudadela_general1.jpg","type":"image\/jpeg"}],"author":"La Gu\u00eda de Pamplona","twitter_card":"summary_large_image","twitter_creator":"@LaGuiadPamplona","twitter_site":"@LaGuiadPamplona","twitter_misc":{"Escrito por":"La Gu\u00eda de Pamplona","Tiempo de lectura":"2 minutos"},"schema":{"@context":"https:\/\/schema.org","@graph":[{"@type":"Article","@id":"https:\/\/www.laguiadepamplona.com\/actualidad\/manana-cierra-al-transito-la-ciudadela-y-del-6-al-14-de-julio-la-oficinas-y-registros-municipales-no-atenderan-aunque-se-puede-seguir-haciendo-tramites-en-la-web-municipal\/#article","isPartOf":{"@id":"https:\/\/www.laguiadepamplona.com\/actualidad\/manana-cierra-al-transito-la-ciudadela-y-del-6-al-14-de-julio-la-oficinas-y-registros-municipales-no-atenderan-aunque-se-puede-seguir-haciendo-tramites-en-la-web-municipal\/"},"author":{"name":"La Gu\u00eda de Pamplona","@id":"https:\/\/www.laguiadepamplona.com\/actualidad\/#\/schema\/person\/efe887376f0213d4657c93adc50b1fdb"},"headline":"Ma\u00f1ana cierra al tr\u00e1nsito la Ciudadela y del 6 al 14 de julio la oficinas y registros municipales no atender\u00e1n, aunque se puede seguir haciendo tr\u00e1mites en la web municipal","datePublished":"2019-07-03T11:04:48+00:00","dateModified":"2019-07-03T11:17:53+00:00","mainEntityOfPage":{"@id":"https:\/\/www.laguiadepamplona.com\/actualidad\/manana-cierra-al-transito-la-ciudadela-y-del-6-al-14-de-julio-la-oficinas-y-registros-municipales-no-atenderan-aunque-se-puede-seguir-haciendo-tramites-en-la-web-municipal\/"},"wordCount":388,"commentCount":0,"publisher":{"@id":"https:\/\/www.laguiadepamplona.com\/actualidad\/#organization"},"image":{"@id":"https:\/\/www.laguiadepamplona.com\/actualidad\/manana-cierra-al-transito-la-ciudadela-y-del-6-al-14-de-julio-la-oficinas-y-registros-municipales-no-atenderan-aunque-se-puede-seguir-haciendo-tramites-en-la-web-municipal\/#primaryimage"},"thumbnailUrl":"https:\/\/www.laguiadepamplona.com\/actualidad\/wp-content\/uploads\/2017\/01\/ciudadela_general1.jpg","articleSection":["Ayto Pamplona"],"inLanguage":"es","potentialAction":[{"@type":"CommentAction","name":"Comment","target":["https:\/\/www.laguiadepamplona.com\/actualidad\/manana-cierra-al-transito-la-ciudadela-y-del-6-al-14-de-julio-la-oficinas-y-registros-municipales-no-atenderan-aunque-se-puede-seguir-haciendo-tramites-en-la-web-municipal\/#respond"]}]},{"@type":"WebPage","@id":"https:\/\/www.laguiadepamplona.com\/actualidad\/manana-cierra-al-transito-la-ciudadela-y-del-6-al-14-de-julio-la-oficinas-y-registros-municipales-no-atenderan-aunque-se-puede-seguir-haciendo-tramites-en-la-web-municipal\/","url":"https:\/\/www.laguiadepamplona.com\/actualidad\/manana-cierra-al-transito-la-ciudadela-y-del-6-al-14-de-julio-la-oficinas-y-registros-municipales-no-atenderan-aunque-se-puede-seguir-haciendo-tramites-en-la-web-municipal\/","name":"Ma\u00f1ana cierra al tr\u00e1nsito la Ciudadela y del 6 al 14 de julio la oficinas y registros municipales no atender\u00e1n, aunque se puede seguir haciendo tr\u00e1mites en la web municipal","isPartOf":{"@id":"https:\/\/www.laguiadepamplona.com\/actualidad\/#website"},"primaryImageOfPage":{"@id":"https:\/\/www.laguiadepamplona.com\/actualidad\/manana-cierra-al-transito-la-ciudadela-y-del-6-al-14-de-julio-la-oficinas-y-registros-municipales-no-atenderan-aunque-se-puede-seguir-haciendo-tramites-en-la-web-municipal\/#primaryimage"},"image":{"@id":"https:\/\/www.laguiadepamplona.com\/actualidad\/manana-cierra-al-transito-la-ciudadela-y-del-6-al-14-de-julio-la-oficinas-y-registros-municipales-no-atenderan-aunque-se-puede-seguir-haciendo-tramites-en-la-web-municipal\/#primaryimage"},"thumbnailUrl":"https:\/\/www.laguiadepamplona.com\/actualidad\/wp-content\/uploads\/2017\/01\/ciudadela_general1.jpg","datePublished":"2019-07-03T11:04:48+00:00","dateModified":"2019-07-03T11:17:53+00:00","breadcrumb":{"@id":"https:\/\/www.laguiadepamplona.com\/actualidad\/manana-cierra-al-transito-la-ciudadela-y-del-6-al-14-de-julio-la-oficinas-y-registros-municipales-no-atenderan-aunque-se-puede-seguir-haciendo-tramites-en-la-web-municipal\/#breadcrumb"},"inLanguage":"es","potentialAction":[{"@type":"ReadAction","target":["https:\/\/www.laguiadepamplona.com\/actualidad\/manana-cierra-al-transito-la-ciudadela-y-del-6-al-14-de-julio-la-oficinas-y-registros-municipales-no-atenderan-aunque-se-puede-seguir-haciendo-tramites-en-la-web-municipal\/"]}]},{"@type":"ImageObject","inLanguage":"es","@id":"https:\/\/www.laguiadepamplona.com\/actualidad\/manana-cierra-al-transito-la-ciudadela-y-del-6-al-14-de-julio-la-oficinas-y-registros-municipales-no-atenderan-aunque-se-puede-seguir-haciendo-tramites-en-la-web-municipal\/#primaryimage","url":"https:\/\/www.laguiadepamplona.com\/actualidad\/wp-content\/uploads\/2017\/01\/ciudadela_general1.jpg","contentUrl":"https:\/\/www.laguiadepamplona.com\/actualidad\/wp-content\/uploads\/2017\/01\/ciudadela_general1.jpg","width":1100,"height":550},{"@type":"BreadcrumbList","@id":"https:\/\/www.laguiadepamplona.com\/actualidad\/manana-cierra-al-transito-la-ciudadela-y-del-6-al-14-de-julio-la-oficinas-y-registros-municipales-no-atenderan-aunque-se-puede-seguir-haciendo-tramites-en-la-web-municipal\/#breadcrumb","itemListElement":[{"@type":"ListItem","position":1,"name":"Portada","item":"https:\/\/www.laguiadepamplona.com\/actualidad\/"},{"@type":"ListItem","position":2,"name":"Ma\u00f1ana cierra al tr\u00e1nsito la Ciudadela y del 6 al 14 de julio la oficinas y registros municipales no atender\u00e1n, aunque se puede seguir haciendo tr\u00e1mites en la web municipal"}]},{"@type":"WebSite","@id":"https:\/\/www.laguiadepamplona.com\/actualidad\/#website","url":"https:\/\/www.laguiadepamplona.com\/actualidad\/","name":"La gu\u00eda de Pamplona","description":"Noticias de Pamplona","publisher":{"@id":"https:\/\/www.laguiadepamplona.com\/actualidad\/#organization"},"potentialAction":[{"@type":"SearchAction","target":{"@type":"EntryPoint","urlTemplate":"https:\/\/www.laguiadepamplona.com\/actualidad\/?s={search_term_string}"},"query-input":{"@type":"PropertyValueSpecification","valueRequired":true,"valueName":"search_term_string"}}],"inLanguage":"es"},{"@type":"Organization","@id":"https:\/\/www.laguiadepamplona.com\/actualidad\/#organization","name":"La Gu\u00eda de Pamplona \/ Noticias","url":"https:\/\/www.laguiadepamplona.com\/actualidad\/","logo":{"@type":"ImageObject","inLanguage":"es","@id":"https:\/\/www.laguiadepamplona.com\/actualidad\/#\/schema\/logo\/image\/","url":"https:\/\/www.laguiadepamplona.com\/actualidad\/wp-content\/uploads\/2018\/11\/logo-laguiadepamplona18-web1.png","contentUrl":"https:\/\/www.laguiadepamplona.com\/actualidad\/wp-content\/uploads\/2018\/11\/logo-laguiadepamplona18-web1.png","width":600,"height":196,"caption":"La Gu\u00eda de Pamplona \/ Noticias"},"image":{"@id":"https:\/\/www.laguiadepamplona.com\/actualidad\/#\/schema\/logo\/image\/"},"sameAs":["https:\/\/www.facebook.com\/laguiadepamplonacom-133175176762273\/?ref=hl","https:\/\/x.com\/LaGuiadPamplona","https:\/\/www.instagram.com\/la_guia_de_pamplona\/","https:\/\/www.youtube.com\/user\/laguiadepamplona"]},{"@type":"Person","@id":"https:\/\/www.laguiadepamplona.com\/actualidad\/#\/schema\/person\/efe887376f0213d4657c93adc50b1fdb","name":"La Gu\u00eda de Pamplona","image":{"@type":"ImageObject","inLanguage":"es","@id":"https:\/\/secure.gravatar.com\/avatar\/b6992f131dc8d30ab0dff15446e9d346d9dbd95992de0fef795073f5ea83a81c?s=96&d=mm&r=g","url":"https:\/\/secure.gravatar.com\/avatar\/b6992f131dc8d30ab0dff15446e9d346d9dbd95992de0fef795073f5ea83a81c?s=96&d=mm&r=g","contentUrl":"https:\/\/secure.gravatar.com\/avatar\/b6992f131dc8d30ab0dff15446e9d346d9dbd95992de0fef795073f5ea83a81c?s=96&d=mm&r=g","caption":"La Gu\u00eda de Pamplona"}}]}},"post_mailing_queue_ids":[],"_links":{"self":[{"href":"https:\/\/www.laguiadepamplona.com\/actualidad\/wp-json\/wp\/v2\/posts\/23227","targetHints":{"allow":["GET"]}}],"collection":[{"href":"https:\/\/www.laguiadepamplona.com\/actualidad\/wp-json\/wp\/v2\/posts"}],"about":[{"href":"https:\/\/www.laguiadepamplona.com\/actualidad\/wp-json\/wp\/v2\/types\/post"}],"author":[{"embeddable":true,"href":"https:\/\/www.laguiadepamplona.com\/actualidad\/wp-json\/wp\/v2\/users\/1"}],"replies":[{"embeddable":true,"href":"https:\/\/www.laguiadepamplona.com\/actualidad\/wp-json\/wp\/v2\/comments?post=23227"}],"version-history":[{"count":0,"href":"https:\/\/www.laguiadepamplona.com\/actualidad\/wp-json\/wp\/v2\/posts\/23227\/revisions"}],"wp:featuredmedia":[{"embeddable":true,"href":"https:\/\/www.laguiadepamplona.com\/actualidad\/wp-json\/wp\/v2\/media\/11434"}],"wp:attachment":[{"href":"https:\/\/www.laguiadepamplona.com\/actualidad\/wp-json\/wp\/v2\/media?parent=23227"}],"wp:term":[{"taxonomy":"category","embeddable":true,"href":"https:\/\/www.laguiadepamplona.com\/actualidad\/wp-json\/wp\/v2\/categories?post=23227"},{"taxonomy":"post_tag","embeddable":true,"href":"https:\/\/www.laguiadepamplona.com\/actualidad\/wp-json\/wp\/v2\/tags?post=23227"}],"curies":[{"name":"wp","href":"https:\/\/api.w.org\/{rel}","templated":true}]}}