{"id":23222,"date":"2019-07-03T13:03:35","date_gmt":"2019-07-03T11:03:35","guid":{"rendered":"https:\/\/www.laguiadepamplona.es\/actualidad\/?p=23222"},"modified":"2019-07-03T13:18:28","modified_gmt":"2019-07-03T11:18:28","slug":"manana-jueves-entra-en-funcionamiento-la-consigna-de-equipajes-de-san-fermin-ubicada-en-las-escuelas-de-san-francisco-que-permanecera-abierta-hasta-el-15-de-julio","status":"publish","type":"post","link":"https:\/\/www.laguiadepamplona.com\/actualidad\/manana-jueves-entra-en-funcionamiento-la-consigna-de-equipajes-de-san-fermin-ubicada-en-las-escuelas-de-san-francisco-que-permanecera-abierta-hasta-el-15-de-julio\/","title":{"rendered":"Ma\u00f1ana jueves entra en funcionamiento la consigna de equipajes de San Ferm\u00edn ubicada en las Escuelas de San Francisco, que permanecer\u00e1 abierta hasta el 15 de julio"},"content":{"rendered":"<p><!--more--><\/p>\n<h3>El a\u00f1o pasado utilizaron este servicio municipal un total de 841 personas venidas desde pa\u00edses de los cinco continentes<\/h3>\n<p>Las Escuelas de San Francisco acogen un a\u00f1o m\u00e1s el servicio de consigna de equipajes durante las fiestas de San Ferm\u00edn. La consigna abrir\u00e1 ma\u00f1ana jueves 4 de julio a las 8 horas y estar\u00e1 operativa hasta las 14 horas del 15 de julio, con horario ininterrumpido las 24 horas al d\u00eda. El servicio contar\u00e1 con una quincena de personas, que podr\u00e1n atender la demanda en diferentes idiomas.<\/p>\n<p>El precio por bulto al d\u00eda es de 4,60 euros. Un bulto equivale al tama\u00f1o de una mochila; los bultos de mayor tama\u00f1o se cobrar\u00e1n en proporci\u00f3n al mismo. Para depositar esos equipajes ser\u00e1 necesaria la debida identificaci\u00f3n individual mediante pasaporte o DNI. Para la recogida del equipaje es imprescindible la presentaci\u00f3n del tique y la ficha correspondiente, as\u00ed como el DNI o el pasaporte. En caso de p\u00e9rdida o robo del tique, la ficha o la documentaci\u00f3n acreditativa, se deber\u00e1 presentar la denuncia por extrav\u00edo o robo, presentada en la Polic\u00eda.<\/p>\n<p><script async src=\"\/\/pagead2.googlesyndication.com\/pagead\/js\/adsbygoogle.js\"><\/script><br \/>\n<!-- Noticias La Guia de Pamplona --><br \/>\n<ins class=\"adsbygoogle\"\nstyle=\"display:block\"\ndata-ad-client=\"ca-pub-6943679897239327\"\ndata-ad-slot=\"7048180777\"\ndata-ad-format=\"auto\"><\/ins><br \/>\n<script>\n(adsbygoogle = window.adsbygoogle || []).push({});\n<\/script><\/p>\n<p>El a\u00f1o pasado utilizaron este servicio 841 personas. De ellas, un 41,6%, es decir 350 personas, proced\u00edan de territorio nacional; un 19,5%, 164 personas, de m\u00e1s de una veintena de pa\u00edses europeos como Italia, Francia, Portugal, Irlanda, Reino Unido o Alemania; y un 38,9%, 327 personas, del resto del mundo. Hubo personas usuarias de los cinco continentes, con 27 personas de Asia, 29 de Ocean\u00eda, 39 de \u00c1frica, 60 de Am\u00e9rica del Sur y Central y 172 de Am\u00e9rica del Norte. Los d\u00edas de mayor demanda de la consigna fueron el 6, el 7 y el 8 de julio, coincidiendo con los primeros d\u00edas de fiestas y tambi\u00e9n con el fin de semana. En total, se recaudaron 4.291,80 euros.<\/p>\n<p>La gesti\u00f3n de la consigna fue adjudicada por contrato a la empresa Sedena S.L. Para este a\u00f1o se ha aprobado la tercera pr\u00f3rroga de este servicio con un importe de 19.602 euros para atender los gastos derivados de esta contrataci\u00f3n. Adem\u00e1s de las labores de consigna, se realizan tambi\u00e9n labores de informaci\u00f3n y ayuda al visitante, mediante el reparto de mapas disponibles en varios idiomas y de programas de San Ferm\u00edn.<\/p>\n","protected":false},"excerpt":{"rendered":"","protected":false},"author":1,"featured_media":23224,"comment_status":"open","ping_status":"closed","sticky":false,"template":"","format":"standard","meta":{"footnotes":""},"categories":[2],"tags":[],"class_list":["post-23222","post","type-post","status-publish","format-standard","has-post-thumbnail","hentry","category-ayuntamiento-pamplona"],"yoast_head":"<!-- This site is optimized with the Yoast SEO plugin v27.3 - https:\/\/yoast.com\/product\/yoast-seo-wordpress\/ -->\n<title>Ma\u00f1ana jueves entra en funcionamiento la consigna de equipajes de San Ferm\u00edn ubicada en las Escuelas de San Francisco, que permanecer\u00e1 abierta hasta el 15 de julio<\/title>\n<meta name=\"robots\" content=\"index, follow, max-snippet:-1, max-image-preview:large, max-video-preview:-1\" \/>\n<link rel=\"canonical\" href=\"https:\/\/www.laguiadepamplona.com\/actualidad\/manana-jueves-entra-en-funcionamiento-la-consigna-de-equipajes-de-san-fermin-ubicada-en-las-escuelas-de-san-francisco-que-permanecera-abierta-hasta-el-15-de-julio\/\" \/>\n<meta property=\"og:locale\" content=\"es_ES\" \/>\n<meta property=\"og:type\" content=\"article\" \/>\n<meta property=\"og:title\" content=\"Ma\u00f1ana jueves entra en funcionamiento la consigna de equipajes de San Ferm\u00edn ubicada en las Escuelas de San Francisco, que permanecer\u00e1 abierta hasta el 15 de julio\" \/>\n<meta property=\"og:url\" content=\"https:\/\/www.laguiadepamplona.com\/actualidad\/manana-jueves-entra-en-funcionamiento-la-consigna-de-equipajes-de-san-fermin-ubicada-en-las-escuelas-de-san-francisco-que-permanecera-abierta-hasta-el-15-de-julio\/\" \/>\n<meta property=\"og:site_name\" content=\"La Gu\u00eda de Pamplona\" \/>\n<meta property=\"article:publisher\" content=\"https:\/\/www.facebook.com\/laguiadepamplonacom-133175176762273\/?ref=hl\" \/>\n<meta property=\"article:published_time\" content=\"2019-07-03T11:03:35+00:00\" \/>\n<meta property=\"article:modified_time\" content=\"2019-07-03T11:18:28+00:00\" \/>\n<meta property=\"og:image\" content=\"https:\/\/www.laguiadepamplona.com\/actualidad\/wp-content\/uploads\/2019\/07\/consigna-sanfermin.jpg\" \/>\n\t<meta property=\"og:image:width\" content=\"1920\" \/>\n\t<meta property=\"og:image:height\" content=\"1280\" \/>\n\t<meta property=\"og:image:type\" content=\"image\/jpeg\" \/>\n<meta name=\"author\" content=\"La Gu\u00eda de Pamplona\" \/>\n<meta name=\"twitter:card\" content=\"summary_large_image\" \/>\n<meta name=\"twitter:creator\" content=\"@LaGuiadPamplona\" \/>\n<meta name=\"twitter:site\" content=\"@LaGuiadPamplona\" \/>\n<meta name=\"twitter:label1\" content=\"Escrito por\" \/>\n\t<meta name=\"twitter:data1\" content=\"La Gu\u00eda de Pamplona\" \/>\n\t<meta name=\"twitter:label2\" content=\"Tiempo de lectura\" \/>\n\t<meta name=\"twitter:data2\" content=\"2 minutos\" \/>\n<script type=\"application\/ld+json\" class=\"yoast-schema-graph\">{\"@context\":\"https:\\\/\\\/schema.org\",\"@graph\":[{\"@type\":\"Article\",\"@id\":\"https:\\\/\\\/www.laguiadepamplona.com\\\/actualidad\\\/manana-jueves-entra-en-funcionamiento-la-consigna-de-equipajes-de-san-fermin-ubicada-en-las-escuelas-de-san-francisco-que-permanecera-abierta-hasta-el-15-de-julio\\\/#article\",\"isPartOf\":{\"@id\":\"https:\\\/\\\/www.laguiadepamplona.com\\\/actualidad\\\/manana-jueves-entra-en-funcionamiento-la-consigna-de-equipajes-de-san-fermin-ubicada-en-las-escuelas-de-san-francisco-que-permanecera-abierta-hasta-el-15-de-julio\\\/\"},\"author\":{\"name\":\"La Gu\u00eda de Pamplona\",\"@id\":\"https:\\\/\\\/www.laguiadepamplona.com\\\/actualidad\\\/#\\\/schema\\\/person\\\/efe887376f0213d4657c93adc50b1fdb\"},\"headline\":\"Ma\u00f1ana jueves entra en funcionamiento la consigna de equipajes de San Ferm\u00edn ubicada en las Escuelas de San Francisco, que permanecer\u00e1 abierta hasta el 15 de julio\",\"datePublished\":\"2019-07-03T11:03:35+00:00\",\"dateModified\":\"2019-07-03T11:18:28+00:00\",\"mainEntityOfPage\":{\"@id\":\"https:\\\/\\\/www.laguiadepamplona.com\\\/actualidad\\\/manana-jueves-entra-en-funcionamiento-la-consigna-de-equipajes-de-san-fermin-ubicada-en-las-escuelas-de-san-francisco-que-permanecera-abierta-hasta-el-15-de-julio\\\/\"},\"wordCount\":411,\"commentCount\":0,\"publisher\":{\"@id\":\"https:\\\/\\\/www.laguiadepamplona.com\\\/actualidad\\\/#organization\"},\"image\":{\"@id\":\"https:\\\/\\\/www.laguiadepamplona.com\\\/actualidad\\\/manana-jueves-entra-en-funcionamiento-la-consigna-de-equipajes-de-san-fermin-ubicada-en-las-escuelas-de-san-francisco-que-permanecera-abierta-hasta-el-15-de-julio\\\/#primaryimage\"},\"thumbnailUrl\":\"https:\\\/\\\/www.laguiadepamplona.com\\\/actualidad\\\/wp-content\\\/uploads\\\/2019\\\/07\\\/consigna-sanfermin.jpg\",\"articleSection\":[\"Ayto Pamplona\"],\"inLanguage\":\"es\",\"potentialAction\":[{\"@type\":\"CommentAction\",\"name\":\"Comment\",\"target\":[\"https:\\\/\\\/www.laguiadepamplona.com\\\/actualidad\\\/manana-jueves-entra-en-funcionamiento-la-consigna-de-equipajes-de-san-fermin-ubicada-en-las-escuelas-de-san-francisco-que-permanecera-abierta-hasta-el-15-de-julio\\\/#respond\"]}]},{\"@type\":\"WebPage\",\"@id\":\"https:\\\/\\\/www.laguiadepamplona.com\\\/actualidad\\\/manana-jueves-entra-en-funcionamiento-la-consigna-de-equipajes-de-san-fermin-ubicada-en-las-escuelas-de-san-francisco-que-permanecera-abierta-hasta-el-15-de-julio\\\/\",\"url\":\"https:\\\/\\\/www.laguiadepamplona.com\\\/actualidad\\\/manana-jueves-entra-en-funcionamiento-la-consigna-de-equipajes-de-san-fermin-ubicada-en-las-escuelas-de-san-francisco-que-permanecera-abierta-hasta-el-15-de-julio\\\/\",\"name\":\"Ma\u00f1ana jueves entra en funcionamiento la consigna de equipajes de San Ferm\u00edn ubicada en las Escuelas de San Francisco, que permanecer\u00e1 abierta hasta el 15 de julio\",\"isPartOf\":{\"@id\":\"https:\\\/\\\/www.laguiadepamplona.com\\\/actualidad\\\/#website\"},\"primaryImageOfPage\":{\"@id\":\"https:\\\/\\\/www.laguiadepamplona.com\\\/actualidad\\\/manana-jueves-entra-en-funcionamiento-la-consigna-de-equipajes-de-san-fermin-ubicada-en-las-escuelas-de-san-francisco-que-permanecera-abierta-hasta-el-15-de-julio\\\/#primaryimage\"},\"image\":{\"@id\":\"https:\\\/\\\/www.laguiadepamplona.com\\\/actualidad\\\/manana-jueves-entra-en-funcionamiento-la-consigna-de-equipajes-de-san-fermin-ubicada-en-las-escuelas-de-san-francisco-que-permanecera-abierta-hasta-el-15-de-julio\\\/#primaryimage\"},\"thumbnailUrl\":\"https:\\\/\\\/www.laguiadepamplona.com\\\/actualidad\\\/wp-content\\\/uploads\\\/2019\\\/07\\\/consigna-sanfermin.jpg\",\"datePublished\":\"2019-07-03T11:03:35+00:00\",\"dateModified\":\"2019-07-03T11:18:28+00:00\",\"breadcrumb\":{\"@id\":\"https:\\\/\\\/www.laguiadepamplona.com\\\/actualidad\\\/manana-jueves-entra-en-funcionamiento-la-consigna-de-equipajes-de-san-fermin-ubicada-en-las-escuelas-de-san-francisco-que-permanecera-abierta-hasta-el-15-de-julio\\\/#breadcrumb\"},\"inLanguage\":\"es\",\"potentialAction\":[{\"@type\":\"ReadAction\",\"target\":[\"https:\\\/\\\/www.laguiadepamplona.com\\\/actualidad\\\/manana-jueves-entra-en-funcionamiento-la-consigna-de-equipajes-de-san-fermin-ubicada-en-las-escuelas-de-san-francisco-que-permanecera-abierta-hasta-el-15-de-julio\\\/\"]}]},{\"@type\":\"ImageObject\",\"inLanguage\":\"es\",\"@id\":\"https:\\\/\\\/www.laguiadepamplona.com\\\/actualidad\\\/manana-jueves-entra-en-funcionamiento-la-consigna-de-equipajes-de-san-fermin-ubicada-en-las-escuelas-de-san-francisco-que-permanecera-abierta-hasta-el-15-de-julio\\\/#primaryimage\",\"url\":\"https:\\\/\\\/www.laguiadepamplona.com\\\/actualidad\\\/wp-content\\\/uploads\\\/2019\\\/07\\\/consigna-sanfermin.jpg\",\"contentUrl\":\"https:\\\/\\\/www.laguiadepamplona.com\\\/actualidad\\\/wp-content\\\/uploads\\\/2019\\\/07\\\/consigna-sanfermin.jpg\",\"width\":1920,\"height\":1280},{\"@type\":\"BreadcrumbList\",\"@id\":\"https:\\\/\\\/www.laguiadepamplona.com\\\/actualidad\\\/manana-jueves-entra-en-funcionamiento-la-consigna-de-equipajes-de-san-fermin-ubicada-en-las-escuelas-de-san-francisco-que-permanecera-abierta-hasta-el-15-de-julio\\\/#breadcrumb\",\"itemListElement\":[{\"@type\":\"ListItem\",\"position\":1,\"name\":\"Portada\",\"item\":\"https:\\\/\\\/www.laguiadepamplona.com\\\/actualidad\\\/\"},{\"@type\":\"ListItem\",\"position\":2,\"name\":\"Ma\u00f1ana jueves entra en funcionamiento la consigna de equipajes de San Ferm\u00edn ubicada en las Escuelas de San Francisco, que permanecer\u00e1 abierta hasta el 15 de julio\"}]},{\"@type\":\"WebSite\",\"@id\":\"https:\\\/\\\/www.laguiadepamplona.com\\\/actualidad\\\/#website\",\"url\":\"https:\\\/\\\/www.laguiadepamplona.com\\\/actualidad\\\/\",\"name\":\"La gu\u00eda de Pamplona\",\"description\":\"Noticias de Pamplona\",\"publisher\":{\"@id\":\"https:\\\/\\\/www.laguiadepamplona.com\\\/actualidad\\\/#organization\"},\"potentialAction\":[{\"@type\":\"SearchAction\",\"target\":{\"@type\":\"EntryPoint\",\"urlTemplate\":\"https:\\\/\\\/www.laguiadepamplona.com\\\/actualidad\\\/?s={search_term_string}\"},\"query-input\":{\"@type\":\"PropertyValueSpecification\",\"valueRequired\":true,\"valueName\":\"search_term_string\"}}],\"inLanguage\":\"es\"},{\"@type\":\"Organization\",\"@id\":\"https:\\\/\\\/www.laguiadepamplona.com\\\/actualidad\\\/#organization\",\"name\":\"La Gu\u00eda de Pamplona \\\/ Noticias\",\"url\":\"https:\\\/\\\/www.laguiadepamplona.com\\\/actualidad\\\/\",\"logo\":{\"@type\":\"ImageObject\",\"inLanguage\":\"es\",\"@id\":\"https:\\\/\\\/www.laguiadepamplona.com\\\/actualidad\\\/#\\\/schema\\\/logo\\\/image\\\/\",\"url\":\"https:\\\/\\\/www.laguiadepamplona.com\\\/actualidad\\\/wp-content\\\/uploads\\\/2018\\\/11\\\/logo-laguiadepamplona18-web1.png\",\"contentUrl\":\"https:\\\/\\\/www.laguiadepamplona.com\\\/actualidad\\\/wp-content\\\/uploads\\\/2018\\\/11\\\/logo-laguiadepamplona18-web1.png\",\"width\":600,\"height\":196,\"caption\":\"La Gu\u00eda de Pamplona \\\/ Noticias\"},\"image\":{\"@id\":\"https:\\\/\\\/www.laguiadepamplona.com\\\/actualidad\\\/#\\\/schema\\\/logo\\\/image\\\/\"},\"sameAs\":[\"https:\\\/\\\/www.facebook.com\\\/laguiadepamplonacom-133175176762273\\\/?ref=hl\",\"https:\\\/\\\/x.com\\\/LaGuiadPamplona\",\"https:\\\/\\\/www.instagram.com\\\/la_guia_de_pamplona\\\/\",\"https:\\\/\\\/www.youtube.com\\\/user\\\/laguiadepamplona\"]},{\"@type\":\"Person\",\"@id\":\"https:\\\/\\\/www.laguiadepamplona.com\\\/actualidad\\\/#\\\/schema\\\/person\\\/efe887376f0213d4657c93adc50b1fdb\",\"name\":\"La Gu\u00eda de Pamplona\",\"image\":{\"@type\":\"ImageObject\",\"inLanguage\":\"es\",\"@id\":\"https:\\\/\\\/secure.gravatar.com\\\/avatar\\\/b6992f131dc8d30ab0dff15446e9d346d9dbd95992de0fef795073f5ea83a81c?s=96&d=mm&r=g\",\"url\":\"https:\\\/\\\/secure.gravatar.com\\\/avatar\\\/b6992f131dc8d30ab0dff15446e9d346d9dbd95992de0fef795073f5ea83a81c?s=96&d=mm&r=g\",\"contentUrl\":\"https:\\\/\\\/secure.gravatar.com\\\/avatar\\\/b6992f131dc8d30ab0dff15446e9d346d9dbd95992de0fef795073f5ea83a81c?s=96&d=mm&r=g\",\"caption\":\"La Gu\u00eda de Pamplona\"}}]}<\/script>\n<!-- \/ Yoast SEO plugin. -->","yoast_head_json":{"title":"Ma\u00f1ana jueves entra en funcionamiento la consigna de equipajes de San Ferm\u00edn ubicada en las Escuelas de San Francisco, que permanecer\u00e1 abierta hasta el 15 de julio","robots":{"index":"index","follow":"follow","max-snippet":"max-snippet:-1","max-image-preview":"max-image-preview:large","max-video-preview":"max-video-preview:-1"},"canonical":"https:\/\/www.laguiadepamplona.com\/actualidad\/manana-jueves-entra-en-funcionamiento-la-consigna-de-equipajes-de-san-fermin-ubicada-en-las-escuelas-de-san-francisco-que-permanecera-abierta-hasta-el-15-de-julio\/","og_locale":"es_ES","og_type":"article","og_title":"Ma\u00f1ana jueves entra en funcionamiento la consigna de equipajes de San Ferm\u00edn ubicada en las Escuelas de San Francisco, que permanecer\u00e1 abierta hasta el 15 de julio","og_url":"https:\/\/www.laguiadepamplona.com\/actualidad\/manana-jueves-entra-en-funcionamiento-la-consigna-de-equipajes-de-san-fermin-ubicada-en-las-escuelas-de-san-francisco-que-permanecera-abierta-hasta-el-15-de-julio\/","og_site_name":"La Gu\u00eda de Pamplona","article_publisher":"https:\/\/www.facebook.com\/laguiadepamplonacom-133175176762273\/?ref=hl","article_published_time":"2019-07-03T11:03:35+00:00","article_modified_time":"2019-07-03T11:18:28+00:00","og_image":[{"width":1920,"height":1280,"url":"https:\/\/www.laguiadepamplona.com\/actualidad\/wp-content\/uploads\/2019\/07\/consigna-sanfermin.jpg","type":"image\/jpeg"}],"author":"La Gu\u00eda de Pamplona","twitter_card":"summary_large_image","twitter_creator":"@LaGuiadPamplona","twitter_site":"@LaGuiadPamplona","twitter_misc":{"Escrito por":"La Gu\u00eda de Pamplona","Tiempo de lectura":"2 minutos"},"schema":{"@context":"https:\/\/schema.org","@graph":[{"@type":"Article","@id":"https:\/\/www.laguiadepamplona.com\/actualidad\/manana-jueves-entra-en-funcionamiento-la-consigna-de-equipajes-de-san-fermin-ubicada-en-las-escuelas-de-san-francisco-que-permanecera-abierta-hasta-el-15-de-julio\/#article","isPartOf":{"@id":"https:\/\/www.laguiadepamplona.com\/actualidad\/manana-jueves-entra-en-funcionamiento-la-consigna-de-equipajes-de-san-fermin-ubicada-en-las-escuelas-de-san-francisco-que-permanecera-abierta-hasta-el-15-de-julio\/"},"author":{"name":"La Gu\u00eda de Pamplona","@id":"https:\/\/www.laguiadepamplona.com\/actualidad\/#\/schema\/person\/efe887376f0213d4657c93adc50b1fdb"},"headline":"Ma\u00f1ana jueves entra en funcionamiento la consigna de equipajes de San Ferm\u00edn ubicada en las Escuelas de San Francisco, que permanecer\u00e1 abierta hasta el 15 de julio","datePublished":"2019-07-03T11:03:35+00:00","dateModified":"2019-07-03T11:18:28+00:00","mainEntityOfPage":{"@id":"https:\/\/www.laguiadepamplona.com\/actualidad\/manana-jueves-entra-en-funcionamiento-la-consigna-de-equipajes-de-san-fermin-ubicada-en-las-escuelas-de-san-francisco-que-permanecera-abierta-hasta-el-15-de-julio\/"},"wordCount":411,"commentCount":0,"publisher":{"@id":"https:\/\/www.laguiadepamplona.com\/actualidad\/#organization"},"image":{"@id":"https:\/\/www.laguiadepamplona.com\/actualidad\/manana-jueves-entra-en-funcionamiento-la-consigna-de-equipajes-de-san-fermin-ubicada-en-las-escuelas-de-san-francisco-que-permanecera-abierta-hasta-el-15-de-julio\/#primaryimage"},"thumbnailUrl":"https:\/\/www.laguiadepamplona.com\/actualidad\/wp-content\/uploads\/2019\/07\/consigna-sanfermin.jpg","articleSection":["Ayto Pamplona"],"inLanguage":"es","potentialAction":[{"@type":"CommentAction","name":"Comment","target":["https:\/\/www.laguiadepamplona.com\/actualidad\/manana-jueves-entra-en-funcionamiento-la-consigna-de-equipajes-de-san-fermin-ubicada-en-las-escuelas-de-san-francisco-que-permanecera-abierta-hasta-el-15-de-julio\/#respond"]}]},{"@type":"WebPage","@id":"https:\/\/www.laguiadepamplona.com\/actualidad\/manana-jueves-entra-en-funcionamiento-la-consigna-de-equipajes-de-san-fermin-ubicada-en-las-escuelas-de-san-francisco-que-permanecera-abierta-hasta-el-15-de-julio\/","url":"https:\/\/www.laguiadepamplona.com\/actualidad\/manana-jueves-entra-en-funcionamiento-la-consigna-de-equipajes-de-san-fermin-ubicada-en-las-escuelas-de-san-francisco-que-permanecera-abierta-hasta-el-15-de-julio\/","name":"Ma\u00f1ana jueves entra en funcionamiento la consigna de equipajes de San Ferm\u00edn ubicada en las Escuelas de San Francisco, que permanecer\u00e1 abierta hasta el 15 de julio","isPartOf":{"@id":"https:\/\/www.laguiadepamplona.com\/actualidad\/#website"},"primaryImageOfPage":{"@id":"https:\/\/www.laguiadepamplona.com\/actualidad\/manana-jueves-entra-en-funcionamiento-la-consigna-de-equipajes-de-san-fermin-ubicada-en-las-escuelas-de-san-francisco-que-permanecera-abierta-hasta-el-15-de-julio\/#primaryimage"},"image":{"@id":"https:\/\/www.laguiadepamplona.com\/actualidad\/manana-jueves-entra-en-funcionamiento-la-consigna-de-equipajes-de-san-fermin-ubicada-en-las-escuelas-de-san-francisco-que-permanecera-abierta-hasta-el-15-de-julio\/#primaryimage"},"thumbnailUrl":"https:\/\/www.laguiadepamplona.com\/actualidad\/wp-content\/uploads\/2019\/07\/consigna-sanfermin.jpg","datePublished":"2019-07-03T11:03:35+00:00","dateModified":"2019-07-03T11:18:28+00:00","breadcrumb":{"@id":"https:\/\/www.laguiadepamplona.com\/actualidad\/manana-jueves-entra-en-funcionamiento-la-consigna-de-equipajes-de-san-fermin-ubicada-en-las-escuelas-de-san-francisco-que-permanecera-abierta-hasta-el-15-de-julio\/#breadcrumb"},"inLanguage":"es","potentialAction":[{"@type":"ReadAction","target":["https:\/\/www.laguiadepamplona.com\/actualidad\/manana-jueves-entra-en-funcionamiento-la-consigna-de-equipajes-de-san-fermin-ubicada-en-las-escuelas-de-san-francisco-que-permanecera-abierta-hasta-el-15-de-julio\/"]}]},{"@type":"ImageObject","inLanguage":"es","@id":"https:\/\/www.laguiadepamplona.com\/actualidad\/manana-jueves-entra-en-funcionamiento-la-consigna-de-equipajes-de-san-fermin-ubicada-en-las-escuelas-de-san-francisco-que-permanecera-abierta-hasta-el-15-de-julio\/#primaryimage","url":"https:\/\/www.laguiadepamplona.com\/actualidad\/wp-content\/uploads\/2019\/07\/consigna-sanfermin.jpg","contentUrl":"https:\/\/www.laguiadepamplona.com\/actualidad\/wp-content\/uploads\/2019\/07\/consigna-sanfermin.jpg","width":1920,"height":1280},{"@type":"BreadcrumbList","@id":"https:\/\/www.laguiadepamplona.com\/actualidad\/manana-jueves-entra-en-funcionamiento-la-consigna-de-equipajes-de-san-fermin-ubicada-en-las-escuelas-de-san-francisco-que-permanecera-abierta-hasta-el-15-de-julio\/#breadcrumb","itemListElement":[{"@type":"ListItem","position":1,"name":"Portada","item":"https:\/\/www.laguiadepamplona.com\/actualidad\/"},{"@type":"ListItem","position":2,"name":"Ma\u00f1ana jueves entra en funcionamiento la consigna de equipajes de San Ferm\u00edn ubicada en las Escuelas de San Francisco, que permanecer\u00e1 abierta hasta el 15 de julio"}]},{"@type":"WebSite","@id":"https:\/\/www.laguiadepamplona.com\/actualidad\/#website","url":"https:\/\/www.laguiadepamplona.com\/actualidad\/","name":"La gu\u00eda de Pamplona","description":"Noticias de Pamplona","publisher":{"@id":"https:\/\/www.laguiadepamplona.com\/actualidad\/#organization"},"potentialAction":[{"@type":"SearchAction","target":{"@type":"EntryPoint","urlTemplate":"https:\/\/www.laguiadepamplona.com\/actualidad\/?s={search_term_string}"},"query-input":{"@type":"PropertyValueSpecification","valueRequired":true,"valueName":"search_term_string"}}],"inLanguage":"es"},{"@type":"Organization","@id":"https:\/\/www.laguiadepamplona.com\/actualidad\/#organization","name":"La Gu\u00eda de Pamplona \/ Noticias","url":"https:\/\/www.laguiadepamplona.com\/actualidad\/","logo":{"@type":"ImageObject","inLanguage":"es","@id":"https:\/\/www.laguiadepamplona.com\/actualidad\/#\/schema\/logo\/image\/","url":"https:\/\/www.laguiadepamplona.com\/actualidad\/wp-content\/uploads\/2018\/11\/logo-laguiadepamplona18-web1.png","contentUrl":"https:\/\/www.laguiadepamplona.com\/actualidad\/wp-content\/uploads\/2018\/11\/logo-laguiadepamplona18-web1.png","width":600,"height":196,"caption":"La Gu\u00eda de Pamplona \/ Noticias"},"image":{"@id":"https:\/\/www.laguiadepamplona.com\/actualidad\/#\/schema\/logo\/image\/"},"sameAs":["https:\/\/www.facebook.com\/laguiadepamplonacom-133175176762273\/?ref=hl","https:\/\/x.com\/LaGuiadPamplona","https:\/\/www.instagram.com\/la_guia_de_pamplona\/","https:\/\/www.youtube.com\/user\/laguiadepamplona"]},{"@type":"Person","@id":"https:\/\/www.laguiadepamplona.com\/actualidad\/#\/schema\/person\/efe887376f0213d4657c93adc50b1fdb","name":"La Gu\u00eda de Pamplona","image":{"@type":"ImageObject","inLanguage":"es","@id":"https:\/\/secure.gravatar.com\/avatar\/b6992f131dc8d30ab0dff15446e9d346d9dbd95992de0fef795073f5ea83a81c?s=96&d=mm&r=g","url":"https:\/\/secure.gravatar.com\/avatar\/b6992f131dc8d30ab0dff15446e9d346d9dbd95992de0fef795073f5ea83a81c?s=96&d=mm&r=g","contentUrl":"https:\/\/secure.gravatar.com\/avatar\/b6992f131dc8d30ab0dff15446e9d346d9dbd95992de0fef795073f5ea83a81c?s=96&d=mm&r=g","caption":"La Gu\u00eda de Pamplona"}}]}},"post_mailing_queue_ids":[],"_links":{"self":[{"href":"https:\/\/www.laguiadepamplona.com\/actualidad\/wp-json\/wp\/v2\/posts\/23222","targetHints":{"allow":["GET"]}}],"collection":[{"href":"https:\/\/www.laguiadepamplona.com\/actualidad\/wp-json\/wp\/v2\/posts"}],"about":[{"href":"https:\/\/www.laguiadepamplona.com\/actualidad\/wp-json\/wp\/v2\/types\/post"}],"author":[{"embeddable":true,"href":"https:\/\/www.laguiadepamplona.com\/actualidad\/wp-json\/wp\/v2\/users\/1"}],"replies":[{"embeddable":true,"href":"https:\/\/www.laguiadepamplona.com\/actualidad\/wp-json\/wp\/v2\/comments?post=23222"}],"version-history":[{"count":0,"href":"https:\/\/www.laguiadepamplona.com\/actualidad\/wp-json\/wp\/v2\/posts\/23222\/revisions"}],"wp:featuredmedia":[{"embeddable":true,"href":"https:\/\/www.laguiadepamplona.com\/actualidad\/wp-json\/wp\/v2\/media\/23224"}],"wp:attachment":[{"href":"https:\/\/www.laguiadepamplona.com\/actualidad\/wp-json\/wp\/v2\/media?parent=23222"}],"wp:term":[{"taxonomy":"category","embeddable":true,"href":"https:\/\/www.laguiadepamplona.com\/actualidad\/wp-json\/wp\/v2\/categories?post=23222"},{"taxonomy":"post_tag","embeddable":true,"href":"https:\/\/www.laguiadepamplona.com\/actualidad\/wp-json\/wp\/v2\/tags?post=23222"}],"curies":[{"name":"wp","href":"https:\/\/api.w.org\/{rel}","templated":true}]}}