{"id":23218,"date":"2019-07-03T12:55:28","date_gmt":"2019-07-03T10:55:28","guid":{"rendered":"https:\/\/www.laguiadepamplona.es\/actualidad\/?p=23218"},"modified":"2019-07-03T13:20:49","modified_gmt":"2019-07-03T11:20:49","slug":"el-centro-de-la-ciudad-quedara-cerrado-al-trafico-desde-las-8-horas-del-viernes-5-de-julio-excepto-para-residentes-y-vehiculos-autorizados","status":"publish","type":"post","link":"https:\/\/www.laguiadepamplona.com\/actualidad\/el-centro-de-la-ciudad-quedara-cerrado-al-trafico-desde-las-8-horas-del-viernes-5-de-julio-excepto-para-residentes-y-vehiculos-autorizados\/","title":{"rendered":"El centro de la ciudad quedar\u00e1 cerrado al tr\u00e1fico desde las 8 horas del viernes 5 de julio, excepto para residentes y veh\u00edculos autorizados"},"content":{"rendered":"<p><!--more--><\/p>\n<h3>Del viernes 5 al domingo 14 de julio, ambos inclusive, Pamplona se convierte en zona naranja de estacionamiento<\/h3>\n<p>Pamplona est\u00e1 ya preparada para la inminente llegada de los Sanfermines. A partir de este viernes 5 de julio tendr\u00e1n lugar los habituales cambios y modificaciones en el tr\u00e1fico para restringir el acceso al Casco Antiguo de la ciudad y se pondr\u00e1 tambi\u00e9n en marcha la llamada zona naranja de aparcamiento. La mayor afluencia de peatones y de veh\u00edculos durante las fiestas provoca una serie de medidas extraordinarias relativas al aparcamiento y a la circulaci\u00f3n de veh\u00edculos para paliar en lo posible los problemas derivados de ese aumento del tr\u00e1nsito en la ciudad.<\/p>\n<p>Desde las 8 horas de este viernes 5 de julio hasta las 14 horas del lunes 15 de julio se restringen los accesos al Casco Antiguo de la ciudad. Se cerrar\u00e1 al tr\u00e1fico la zona de las Huertas de Santo Domingo, plaza de Santa Mar\u00eda la Real y vial de Taconera y Camino del Club Nataci\u00f3n. Podr\u00e1n estacionar los vecinos y vecinas con tarjeta de residente del sector 1, con las limitaciones para entrar y salir derivadas de la celebraci\u00f3n de determinados actos festivos como Encierro, Encierrillo, etc\u00e9tera. El aparcamiento junto a los Corrales del Gas en Rochapea ser\u00e1 de uso exclusivo para residentes del Sector 1.<\/p>\n<p>La Polic\u00eda Municipal establecer\u00e1 las condiciones y limitaciones que en cada momento considere convenientes para facilitar el desarrollo de las numerosas actividades que durante las fiestas tienen lugar en la v\u00eda p\u00fablica (recorridos de pe\u00f1as, charangas, bandas, festejos, etc.). Tanto las personas peatones como las personas conductoras de veh\u00edculos deber\u00e1n observar escrupulosamente la normativa de tr\u00e1fico en su circulaci\u00f3n y seguir en todo momento las indicaciones que Polic\u00eda Municipal pueda dar al respecto.<\/p>\n<p><script async src=\"\/\/pagead2.googlesyndication.com\/pagead\/js\/adsbygoogle.js\"><\/script><br \/>\n<!-- Noticias La Guia de Pamplona --><br \/>\n<ins class=\"adsbygoogle\"\nstyle=\"display:block\"\ndata-ad-client=\"ca-pub-6943679897239327\"\ndata-ad-slot=\"7048180777\"\ndata-ad-format=\"auto\"><\/ins><br \/>\n<script>\n(adsbygoogle = window.adsbygoogle || []).push({});\n<\/script><\/p>\n<p><strong>Zona naranja del 5 al 14 de julio, ambos inclusive<\/strong><\/p>\n<p>Desde el 5 al 14 de julio, ambos inclusive, Pamplona se convierte en zona naranja de estacionamiento regulado. Es decir, para aparcar en la ciudad, en las habituales zonas azules, rojas o naranjas, se deber\u00e1 sacar el tique correspondiente para un m\u00e1ximo de 24 horas tras el pago de la tarifa establecida. Las zonas estar\u00e1n debidamente se\u00f1alizadas verticalmente y tambi\u00e9n los parqu\u00edmetros contar\u00e1n con toda la informaci\u00f3n. Queda como zona de estacionamiento restringido el \u00e1rea comprendida entre la avenida de la Baja Navarra, la avenida de Conde Oliveto, la avenida del Ej\u00e9rcito y el l\u00edmite con el sector 1 (Casco Antiguo). Podr\u00e1 estacionar en esos lugares quienes tengan tarjeta de residente del sector 1 o 2.\u00a0 Tambi\u00e9n ser\u00e1n zonas restringidas a residentes de esos sectores la situada junto a la sociedad Larraina, calles Juli\u00e1n Arteaga, Sandoval y Navas de Tolosa.<\/p>\n<p>Como zonas gratuitas de estacionamiento de veh\u00edculos, se encuentran el aparcamiento de Trinitarios en lo que fue dep\u00f3sito municipal de veh\u00edculos, el aparcamiento en la avenida de Navarra junto a rotonda con calle Biurdana y la carretera de salida del cementerio, el aparcamiento de Mendebaldea junto a la Biblioteca, el de Cuatrovientos, el de la avenida de Ar\u00f3stegui junto a la Venta de Andr\u00e9s, el aparcamiento entre avenida de Zaragoza y Azpilaga\u00f1a, el solar del paseo Anelier en Rochapea, el aparcamiento de la calle Tajonar, el del patio del colegio Mar\u00eda Ana Sanz y las zonas urbanizadas de Lezkairu y Arrosad\u00eda. Como aparcamientos de pago est\u00e1n los de Plaza de Toros, plaza Blanca de Navarra, Rinc\u00f3n de la Aduana, avenida de Carlos III, Audiencia, Plaza del Castillo, estaci\u00f3n de autobuses, Baluarte y Hospitales.<\/p>\n<p>Desde el Ayuntamiento se recuerda tambi\u00e9n que est\u00e1 prohibido el estacionamiento de caravanas en la v\u00eda p\u00fablica en Pamplona. Tambi\u00e9n est\u00e1 prohibido estacionar autocaravanas para ser utilizadas como vivienda, excepto en el parking de Autocaravanas Trinitarios. Se except\u00faa, asimismo, el solar de Trinitarios habilitado para tal fin y cedido para estas fechas a la Casa de Misericordia para que se instalen las caravanas y veh\u00edculos vivienda de las personas que ponen sus atracciones de feria en el parque de la Runa.<\/p>\n","protected":false},"excerpt":{"rendered":"","protected":false},"author":1,"featured_media":17799,"comment_status":"open","ping_status":"closed","sticky":false,"template":"","format":"standard","meta":{"footnotes":""},"categories":[2],"tags":[],"class_list":["post-23218","post","type-post","status-publish","format-standard","has-post-thumbnail","hentry","category-ayuntamiento-pamplona"],"yoast_head":"<!-- This site is optimized with the Yoast SEO plugin v27.3 - https:\/\/yoast.com\/product\/yoast-seo-wordpress\/ -->\n<title>El centro de la ciudad quedar\u00e1 cerrado al tr\u00e1fico desde las 8 horas del viernes 5 de julio, excepto para residentes y veh\u00edculos autorizados<\/title>\n<meta name=\"robots\" content=\"index, follow, max-snippet:-1, max-image-preview:large, max-video-preview:-1\" \/>\n<link rel=\"canonical\" href=\"https:\/\/www.laguiadepamplona.com\/actualidad\/el-centro-de-la-ciudad-quedara-cerrado-al-trafico-desde-las-8-horas-del-viernes-5-de-julio-excepto-para-residentes-y-vehiculos-autorizados\/\" \/>\n<meta property=\"og:locale\" content=\"es_ES\" \/>\n<meta property=\"og:type\" content=\"article\" \/>\n<meta property=\"og:title\" content=\"El centro de la ciudad quedar\u00e1 cerrado al tr\u00e1fico desde las 8 horas del viernes 5 de julio, excepto para residentes y veh\u00edculos autorizados\" \/>\n<meta property=\"og:url\" content=\"https:\/\/www.laguiadepamplona.com\/actualidad\/el-centro-de-la-ciudad-quedara-cerrado-al-trafico-desde-las-8-horas-del-viernes-5-de-julio-excepto-para-residentes-y-vehiculos-autorizados\/\" \/>\n<meta property=\"og:site_name\" content=\"La Gu\u00eda de Pamplona\" \/>\n<meta property=\"article:publisher\" content=\"https:\/\/www.facebook.com\/laguiadepamplonacom-133175176762273\/?ref=hl\" \/>\n<meta property=\"article:published_time\" content=\"2019-07-03T10:55:28+00:00\" \/>\n<meta property=\"article:modified_time\" content=\"2019-07-03T11:20:49+00:00\" \/>\n<meta property=\"og:image\" content=\"https:\/\/www.laguiadepamplona.com\/actualidad\/wp-content\/uploads\/2018\/06\/zona-naranja.jpg\" \/>\n\t<meta property=\"og:image:width\" content=\"500\" \/>\n\t<meta property=\"og:image:height\" content=\"221\" \/>\n\t<meta property=\"og:image:type\" content=\"image\/jpeg\" \/>\n<meta name=\"author\" content=\"La Gu\u00eda de Pamplona\" \/>\n<meta name=\"twitter:card\" content=\"summary_large_image\" \/>\n<meta name=\"twitter:creator\" content=\"@LaGuiadPamplona\" \/>\n<meta name=\"twitter:site\" content=\"@LaGuiadPamplona\" \/>\n<meta name=\"twitter:label1\" content=\"Escrito por\" \/>\n\t<meta name=\"twitter:data1\" content=\"La Gu\u00eda de Pamplona\" \/>\n\t<meta name=\"twitter:label2\" content=\"Tiempo de lectura\" \/>\n\t<meta name=\"twitter:data2\" content=\"3 minutos\" \/>\n<script type=\"application\/ld+json\" class=\"yoast-schema-graph\">{\"@context\":\"https:\\\/\\\/schema.org\",\"@graph\":[{\"@type\":\"Article\",\"@id\":\"https:\\\/\\\/www.laguiadepamplona.com\\\/actualidad\\\/el-centro-de-la-ciudad-quedara-cerrado-al-trafico-desde-las-8-horas-del-viernes-5-de-julio-excepto-para-residentes-y-vehiculos-autorizados\\\/#article\",\"isPartOf\":{\"@id\":\"https:\\\/\\\/www.laguiadepamplona.com\\\/actualidad\\\/el-centro-de-la-ciudad-quedara-cerrado-al-trafico-desde-las-8-horas-del-viernes-5-de-julio-excepto-para-residentes-y-vehiculos-autorizados\\\/\"},\"author\":{\"name\":\"La Gu\u00eda de Pamplona\",\"@id\":\"https:\\\/\\\/www.laguiadepamplona.com\\\/actualidad\\\/#\\\/schema\\\/person\\\/efe887376f0213d4657c93adc50b1fdb\"},\"headline\":\"El centro de la ciudad quedar\u00e1 cerrado al tr\u00e1fico desde las 8 horas del viernes 5 de julio, excepto para residentes y veh\u00edculos autorizados\",\"datePublished\":\"2019-07-03T10:55:28+00:00\",\"dateModified\":\"2019-07-03T11:20:49+00:00\",\"mainEntityOfPage\":{\"@id\":\"https:\\\/\\\/www.laguiadepamplona.com\\\/actualidad\\\/el-centro-de-la-ciudad-quedara-cerrado-al-trafico-desde-las-8-horas-del-viernes-5-de-julio-excepto-para-residentes-y-vehiculos-autorizados\\\/\"},\"wordCount\":713,\"commentCount\":0,\"publisher\":{\"@id\":\"https:\\\/\\\/www.laguiadepamplona.com\\\/actualidad\\\/#organization\"},\"image\":{\"@id\":\"https:\\\/\\\/www.laguiadepamplona.com\\\/actualidad\\\/el-centro-de-la-ciudad-quedara-cerrado-al-trafico-desde-las-8-horas-del-viernes-5-de-julio-excepto-para-residentes-y-vehiculos-autorizados\\\/#primaryimage\"},\"thumbnailUrl\":\"https:\\\/\\\/www.laguiadepamplona.com\\\/actualidad\\\/wp-content\\\/uploads\\\/2018\\\/06\\\/zona-naranja.jpg\",\"articleSection\":[\"Ayto Pamplona\"],\"inLanguage\":\"es\",\"potentialAction\":[{\"@type\":\"CommentAction\",\"name\":\"Comment\",\"target\":[\"https:\\\/\\\/www.laguiadepamplona.com\\\/actualidad\\\/el-centro-de-la-ciudad-quedara-cerrado-al-trafico-desde-las-8-horas-del-viernes-5-de-julio-excepto-para-residentes-y-vehiculos-autorizados\\\/#respond\"]}]},{\"@type\":\"WebPage\",\"@id\":\"https:\\\/\\\/www.laguiadepamplona.com\\\/actualidad\\\/el-centro-de-la-ciudad-quedara-cerrado-al-trafico-desde-las-8-horas-del-viernes-5-de-julio-excepto-para-residentes-y-vehiculos-autorizados\\\/\",\"url\":\"https:\\\/\\\/www.laguiadepamplona.com\\\/actualidad\\\/el-centro-de-la-ciudad-quedara-cerrado-al-trafico-desde-las-8-horas-del-viernes-5-de-julio-excepto-para-residentes-y-vehiculos-autorizados\\\/\",\"name\":\"El centro de la ciudad quedar\u00e1 cerrado al tr\u00e1fico desde las 8 horas del viernes 5 de julio, excepto para residentes y veh\u00edculos autorizados\",\"isPartOf\":{\"@id\":\"https:\\\/\\\/www.laguiadepamplona.com\\\/actualidad\\\/#website\"},\"primaryImageOfPage\":{\"@id\":\"https:\\\/\\\/www.laguiadepamplona.com\\\/actualidad\\\/el-centro-de-la-ciudad-quedara-cerrado-al-trafico-desde-las-8-horas-del-viernes-5-de-julio-excepto-para-residentes-y-vehiculos-autorizados\\\/#primaryimage\"},\"image\":{\"@id\":\"https:\\\/\\\/www.laguiadepamplona.com\\\/actualidad\\\/el-centro-de-la-ciudad-quedara-cerrado-al-trafico-desde-las-8-horas-del-viernes-5-de-julio-excepto-para-residentes-y-vehiculos-autorizados\\\/#primaryimage\"},\"thumbnailUrl\":\"https:\\\/\\\/www.laguiadepamplona.com\\\/actualidad\\\/wp-content\\\/uploads\\\/2018\\\/06\\\/zona-naranja.jpg\",\"datePublished\":\"2019-07-03T10:55:28+00:00\",\"dateModified\":\"2019-07-03T11:20:49+00:00\",\"breadcrumb\":{\"@id\":\"https:\\\/\\\/www.laguiadepamplona.com\\\/actualidad\\\/el-centro-de-la-ciudad-quedara-cerrado-al-trafico-desde-las-8-horas-del-viernes-5-de-julio-excepto-para-residentes-y-vehiculos-autorizados\\\/#breadcrumb\"},\"inLanguage\":\"es\",\"potentialAction\":[{\"@type\":\"ReadAction\",\"target\":[\"https:\\\/\\\/www.laguiadepamplona.com\\\/actualidad\\\/el-centro-de-la-ciudad-quedara-cerrado-al-trafico-desde-las-8-horas-del-viernes-5-de-julio-excepto-para-residentes-y-vehiculos-autorizados\\\/\"]}]},{\"@type\":\"ImageObject\",\"inLanguage\":\"es\",\"@id\":\"https:\\\/\\\/www.laguiadepamplona.com\\\/actualidad\\\/el-centro-de-la-ciudad-quedara-cerrado-al-trafico-desde-las-8-horas-del-viernes-5-de-julio-excepto-para-residentes-y-vehiculos-autorizados\\\/#primaryimage\",\"url\":\"https:\\\/\\\/www.laguiadepamplona.com\\\/actualidad\\\/wp-content\\\/uploads\\\/2018\\\/06\\\/zona-naranja.jpg\",\"contentUrl\":\"https:\\\/\\\/www.laguiadepamplona.com\\\/actualidad\\\/wp-content\\\/uploads\\\/2018\\\/06\\\/zona-naranja.jpg\",\"width\":500,\"height\":221},{\"@type\":\"BreadcrumbList\",\"@id\":\"https:\\\/\\\/www.laguiadepamplona.com\\\/actualidad\\\/el-centro-de-la-ciudad-quedara-cerrado-al-trafico-desde-las-8-horas-del-viernes-5-de-julio-excepto-para-residentes-y-vehiculos-autorizados\\\/#breadcrumb\",\"itemListElement\":[{\"@type\":\"ListItem\",\"position\":1,\"name\":\"Portada\",\"item\":\"https:\\\/\\\/www.laguiadepamplona.com\\\/actualidad\\\/\"},{\"@type\":\"ListItem\",\"position\":2,\"name\":\"El centro de la ciudad quedar\u00e1 cerrado al tr\u00e1fico desde las 8 horas del viernes 5 de julio, excepto para residentes y veh\u00edculos autorizados\"}]},{\"@type\":\"WebSite\",\"@id\":\"https:\\\/\\\/www.laguiadepamplona.com\\\/actualidad\\\/#website\",\"url\":\"https:\\\/\\\/www.laguiadepamplona.com\\\/actualidad\\\/\",\"name\":\"La gu\u00eda de Pamplona\",\"description\":\"Noticias de Pamplona\",\"publisher\":{\"@id\":\"https:\\\/\\\/www.laguiadepamplona.com\\\/actualidad\\\/#organization\"},\"potentialAction\":[{\"@type\":\"SearchAction\",\"target\":{\"@type\":\"EntryPoint\",\"urlTemplate\":\"https:\\\/\\\/www.laguiadepamplona.com\\\/actualidad\\\/?s={search_term_string}\"},\"query-input\":{\"@type\":\"PropertyValueSpecification\",\"valueRequired\":true,\"valueName\":\"search_term_string\"}}],\"inLanguage\":\"es\"},{\"@type\":\"Organization\",\"@id\":\"https:\\\/\\\/www.laguiadepamplona.com\\\/actualidad\\\/#organization\",\"name\":\"La Gu\u00eda de Pamplona \\\/ Noticias\",\"url\":\"https:\\\/\\\/www.laguiadepamplona.com\\\/actualidad\\\/\",\"logo\":{\"@type\":\"ImageObject\",\"inLanguage\":\"es\",\"@id\":\"https:\\\/\\\/www.laguiadepamplona.com\\\/actualidad\\\/#\\\/schema\\\/logo\\\/image\\\/\",\"url\":\"https:\\\/\\\/www.laguiadepamplona.com\\\/actualidad\\\/wp-content\\\/uploads\\\/2018\\\/11\\\/logo-laguiadepamplona18-web1.png\",\"contentUrl\":\"https:\\\/\\\/www.laguiadepamplona.com\\\/actualidad\\\/wp-content\\\/uploads\\\/2018\\\/11\\\/logo-laguiadepamplona18-web1.png\",\"width\":600,\"height\":196,\"caption\":\"La Gu\u00eda de Pamplona \\\/ Noticias\"},\"image\":{\"@id\":\"https:\\\/\\\/www.laguiadepamplona.com\\\/actualidad\\\/#\\\/schema\\\/logo\\\/image\\\/\"},\"sameAs\":[\"https:\\\/\\\/www.facebook.com\\\/laguiadepamplonacom-133175176762273\\\/?ref=hl\",\"https:\\\/\\\/x.com\\\/LaGuiadPamplona\",\"https:\\\/\\\/www.instagram.com\\\/la_guia_de_pamplona\\\/\",\"https:\\\/\\\/www.youtube.com\\\/user\\\/laguiadepamplona\"]},{\"@type\":\"Person\",\"@id\":\"https:\\\/\\\/www.laguiadepamplona.com\\\/actualidad\\\/#\\\/schema\\\/person\\\/efe887376f0213d4657c93adc50b1fdb\",\"name\":\"La Gu\u00eda de Pamplona\",\"image\":{\"@type\":\"ImageObject\",\"inLanguage\":\"es\",\"@id\":\"https:\\\/\\\/secure.gravatar.com\\\/avatar\\\/b6992f131dc8d30ab0dff15446e9d346d9dbd95992de0fef795073f5ea83a81c?s=96&d=mm&r=g\",\"url\":\"https:\\\/\\\/secure.gravatar.com\\\/avatar\\\/b6992f131dc8d30ab0dff15446e9d346d9dbd95992de0fef795073f5ea83a81c?s=96&d=mm&r=g\",\"contentUrl\":\"https:\\\/\\\/secure.gravatar.com\\\/avatar\\\/b6992f131dc8d30ab0dff15446e9d346d9dbd95992de0fef795073f5ea83a81c?s=96&d=mm&r=g\",\"caption\":\"La Gu\u00eda de Pamplona\"}}]}<\/script>\n<!-- \/ Yoast SEO plugin. -->","yoast_head_json":{"title":"El centro de la ciudad quedar\u00e1 cerrado al tr\u00e1fico desde las 8 horas del viernes 5 de julio, excepto para residentes y veh\u00edculos autorizados","robots":{"index":"index","follow":"follow","max-snippet":"max-snippet:-1","max-image-preview":"max-image-preview:large","max-video-preview":"max-video-preview:-1"},"canonical":"https:\/\/www.laguiadepamplona.com\/actualidad\/el-centro-de-la-ciudad-quedara-cerrado-al-trafico-desde-las-8-horas-del-viernes-5-de-julio-excepto-para-residentes-y-vehiculos-autorizados\/","og_locale":"es_ES","og_type":"article","og_title":"El centro de la ciudad quedar\u00e1 cerrado al tr\u00e1fico desde las 8 horas del viernes 5 de julio, excepto para residentes y veh\u00edculos autorizados","og_url":"https:\/\/www.laguiadepamplona.com\/actualidad\/el-centro-de-la-ciudad-quedara-cerrado-al-trafico-desde-las-8-horas-del-viernes-5-de-julio-excepto-para-residentes-y-vehiculos-autorizados\/","og_site_name":"La Gu\u00eda de Pamplona","article_publisher":"https:\/\/www.facebook.com\/laguiadepamplonacom-133175176762273\/?ref=hl","article_published_time":"2019-07-03T10:55:28+00:00","article_modified_time":"2019-07-03T11:20:49+00:00","og_image":[{"width":500,"height":221,"url":"https:\/\/www.laguiadepamplona.com\/actualidad\/wp-content\/uploads\/2018\/06\/zona-naranja.jpg","type":"image\/jpeg"}],"author":"La Gu\u00eda de Pamplona","twitter_card":"summary_large_image","twitter_creator":"@LaGuiadPamplona","twitter_site":"@LaGuiadPamplona","twitter_misc":{"Escrito por":"La Gu\u00eda de Pamplona","Tiempo de lectura":"3 minutos"},"schema":{"@context":"https:\/\/schema.org","@graph":[{"@type":"Article","@id":"https:\/\/www.laguiadepamplona.com\/actualidad\/el-centro-de-la-ciudad-quedara-cerrado-al-trafico-desde-las-8-horas-del-viernes-5-de-julio-excepto-para-residentes-y-vehiculos-autorizados\/#article","isPartOf":{"@id":"https:\/\/www.laguiadepamplona.com\/actualidad\/el-centro-de-la-ciudad-quedara-cerrado-al-trafico-desde-las-8-horas-del-viernes-5-de-julio-excepto-para-residentes-y-vehiculos-autorizados\/"},"author":{"name":"La Gu\u00eda de Pamplona","@id":"https:\/\/www.laguiadepamplona.com\/actualidad\/#\/schema\/person\/efe887376f0213d4657c93adc50b1fdb"},"headline":"El centro de la ciudad quedar\u00e1 cerrado al tr\u00e1fico desde las 8 horas del viernes 5 de julio, excepto para residentes y veh\u00edculos autorizados","datePublished":"2019-07-03T10:55:28+00:00","dateModified":"2019-07-03T11:20:49+00:00","mainEntityOfPage":{"@id":"https:\/\/www.laguiadepamplona.com\/actualidad\/el-centro-de-la-ciudad-quedara-cerrado-al-trafico-desde-las-8-horas-del-viernes-5-de-julio-excepto-para-residentes-y-vehiculos-autorizados\/"},"wordCount":713,"commentCount":0,"publisher":{"@id":"https:\/\/www.laguiadepamplona.com\/actualidad\/#organization"},"image":{"@id":"https:\/\/www.laguiadepamplona.com\/actualidad\/el-centro-de-la-ciudad-quedara-cerrado-al-trafico-desde-las-8-horas-del-viernes-5-de-julio-excepto-para-residentes-y-vehiculos-autorizados\/#primaryimage"},"thumbnailUrl":"https:\/\/www.laguiadepamplona.com\/actualidad\/wp-content\/uploads\/2018\/06\/zona-naranja.jpg","articleSection":["Ayto Pamplona"],"inLanguage":"es","potentialAction":[{"@type":"CommentAction","name":"Comment","target":["https:\/\/www.laguiadepamplona.com\/actualidad\/el-centro-de-la-ciudad-quedara-cerrado-al-trafico-desde-las-8-horas-del-viernes-5-de-julio-excepto-para-residentes-y-vehiculos-autorizados\/#respond"]}]},{"@type":"WebPage","@id":"https:\/\/www.laguiadepamplona.com\/actualidad\/el-centro-de-la-ciudad-quedara-cerrado-al-trafico-desde-las-8-horas-del-viernes-5-de-julio-excepto-para-residentes-y-vehiculos-autorizados\/","url":"https:\/\/www.laguiadepamplona.com\/actualidad\/el-centro-de-la-ciudad-quedara-cerrado-al-trafico-desde-las-8-horas-del-viernes-5-de-julio-excepto-para-residentes-y-vehiculos-autorizados\/","name":"El centro de la ciudad quedar\u00e1 cerrado al tr\u00e1fico desde las 8 horas del viernes 5 de julio, excepto para residentes y veh\u00edculos autorizados","isPartOf":{"@id":"https:\/\/www.laguiadepamplona.com\/actualidad\/#website"},"primaryImageOfPage":{"@id":"https:\/\/www.laguiadepamplona.com\/actualidad\/el-centro-de-la-ciudad-quedara-cerrado-al-trafico-desde-las-8-horas-del-viernes-5-de-julio-excepto-para-residentes-y-vehiculos-autorizados\/#primaryimage"},"image":{"@id":"https:\/\/www.laguiadepamplona.com\/actualidad\/el-centro-de-la-ciudad-quedara-cerrado-al-trafico-desde-las-8-horas-del-viernes-5-de-julio-excepto-para-residentes-y-vehiculos-autorizados\/#primaryimage"},"thumbnailUrl":"https:\/\/www.laguiadepamplona.com\/actualidad\/wp-content\/uploads\/2018\/06\/zona-naranja.jpg","datePublished":"2019-07-03T10:55:28+00:00","dateModified":"2019-07-03T11:20:49+00:00","breadcrumb":{"@id":"https:\/\/www.laguiadepamplona.com\/actualidad\/el-centro-de-la-ciudad-quedara-cerrado-al-trafico-desde-las-8-horas-del-viernes-5-de-julio-excepto-para-residentes-y-vehiculos-autorizados\/#breadcrumb"},"inLanguage":"es","potentialAction":[{"@type":"ReadAction","target":["https:\/\/www.laguiadepamplona.com\/actualidad\/el-centro-de-la-ciudad-quedara-cerrado-al-trafico-desde-las-8-horas-del-viernes-5-de-julio-excepto-para-residentes-y-vehiculos-autorizados\/"]}]},{"@type":"ImageObject","inLanguage":"es","@id":"https:\/\/www.laguiadepamplona.com\/actualidad\/el-centro-de-la-ciudad-quedara-cerrado-al-trafico-desde-las-8-horas-del-viernes-5-de-julio-excepto-para-residentes-y-vehiculos-autorizados\/#primaryimage","url":"https:\/\/www.laguiadepamplona.com\/actualidad\/wp-content\/uploads\/2018\/06\/zona-naranja.jpg","contentUrl":"https:\/\/www.laguiadepamplona.com\/actualidad\/wp-content\/uploads\/2018\/06\/zona-naranja.jpg","width":500,"height":221},{"@type":"BreadcrumbList","@id":"https:\/\/www.laguiadepamplona.com\/actualidad\/el-centro-de-la-ciudad-quedara-cerrado-al-trafico-desde-las-8-horas-del-viernes-5-de-julio-excepto-para-residentes-y-vehiculos-autorizados\/#breadcrumb","itemListElement":[{"@type":"ListItem","position":1,"name":"Portada","item":"https:\/\/www.laguiadepamplona.com\/actualidad\/"},{"@type":"ListItem","position":2,"name":"El centro de la ciudad quedar\u00e1 cerrado al tr\u00e1fico desde las 8 horas del viernes 5 de julio, excepto para residentes y veh\u00edculos autorizados"}]},{"@type":"WebSite","@id":"https:\/\/www.laguiadepamplona.com\/actualidad\/#website","url":"https:\/\/www.laguiadepamplona.com\/actualidad\/","name":"La gu\u00eda de Pamplona","description":"Noticias de Pamplona","publisher":{"@id":"https:\/\/www.laguiadepamplona.com\/actualidad\/#organization"},"potentialAction":[{"@type":"SearchAction","target":{"@type":"EntryPoint","urlTemplate":"https:\/\/www.laguiadepamplona.com\/actualidad\/?s={search_term_string}"},"query-input":{"@type":"PropertyValueSpecification","valueRequired":true,"valueName":"search_term_string"}}],"inLanguage":"es"},{"@type":"Organization","@id":"https:\/\/www.laguiadepamplona.com\/actualidad\/#organization","name":"La Gu\u00eda de Pamplona \/ Noticias","url":"https:\/\/www.laguiadepamplona.com\/actualidad\/","logo":{"@type":"ImageObject","inLanguage":"es","@id":"https:\/\/www.laguiadepamplona.com\/actualidad\/#\/schema\/logo\/image\/","url":"https:\/\/www.laguiadepamplona.com\/actualidad\/wp-content\/uploads\/2018\/11\/logo-laguiadepamplona18-web1.png","contentUrl":"https:\/\/www.laguiadepamplona.com\/actualidad\/wp-content\/uploads\/2018\/11\/logo-laguiadepamplona18-web1.png","width":600,"height":196,"caption":"La Gu\u00eda de Pamplona \/ Noticias"},"image":{"@id":"https:\/\/www.laguiadepamplona.com\/actualidad\/#\/schema\/logo\/image\/"},"sameAs":["https:\/\/www.facebook.com\/laguiadepamplonacom-133175176762273\/?ref=hl","https:\/\/x.com\/LaGuiadPamplona","https:\/\/www.instagram.com\/la_guia_de_pamplona\/","https:\/\/www.youtube.com\/user\/laguiadepamplona"]},{"@type":"Person","@id":"https:\/\/www.laguiadepamplona.com\/actualidad\/#\/schema\/person\/efe887376f0213d4657c93adc50b1fdb","name":"La Gu\u00eda de Pamplona","image":{"@type":"ImageObject","inLanguage":"es","@id":"https:\/\/secure.gravatar.com\/avatar\/b6992f131dc8d30ab0dff15446e9d346d9dbd95992de0fef795073f5ea83a81c?s=96&d=mm&r=g","url":"https:\/\/secure.gravatar.com\/avatar\/b6992f131dc8d30ab0dff15446e9d346d9dbd95992de0fef795073f5ea83a81c?s=96&d=mm&r=g","contentUrl":"https:\/\/secure.gravatar.com\/avatar\/b6992f131dc8d30ab0dff15446e9d346d9dbd95992de0fef795073f5ea83a81c?s=96&d=mm&r=g","caption":"La Gu\u00eda de Pamplona"}}]}},"post_mailing_queue_ids":[],"_links":{"self":[{"href":"https:\/\/www.laguiadepamplona.com\/actualidad\/wp-json\/wp\/v2\/posts\/23218","targetHints":{"allow":["GET"]}}],"collection":[{"href":"https:\/\/www.laguiadepamplona.com\/actualidad\/wp-json\/wp\/v2\/posts"}],"about":[{"href":"https:\/\/www.laguiadepamplona.com\/actualidad\/wp-json\/wp\/v2\/types\/post"}],"author":[{"embeddable":true,"href":"https:\/\/www.laguiadepamplona.com\/actualidad\/wp-json\/wp\/v2\/users\/1"}],"replies":[{"embeddable":true,"href":"https:\/\/www.laguiadepamplona.com\/actualidad\/wp-json\/wp\/v2\/comments?post=23218"}],"version-history":[{"count":0,"href":"https:\/\/www.laguiadepamplona.com\/actualidad\/wp-json\/wp\/v2\/posts\/23218\/revisions"}],"wp:featuredmedia":[{"embeddable":true,"href":"https:\/\/www.laguiadepamplona.com\/actualidad\/wp-json\/wp\/v2\/media\/17799"}],"wp:attachment":[{"href":"https:\/\/www.laguiadepamplona.com\/actualidad\/wp-json\/wp\/v2\/media?parent=23218"}],"wp:term":[{"taxonomy":"category","embeddable":true,"href":"https:\/\/www.laguiadepamplona.com\/actualidad\/wp-json\/wp\/v2\/categories?post=23218"},{"taxonomy":"post_tag","embeddable":true,"href":"https:\/\/www.laguiadepamplona.com\/actualidad\/wp-json\/wp\/v2\/tags?post=23218"}],"curies":[{"name":"wp","href":"https:\/\/api.w.org\/{rel}","templated":true}]}}