{"id":23212,"date":"2019-07-02T17:31:30","date_gmt":"2019-07-02T15:31:30","guid":{"rendered":"https:\/\/www.laguiadepamplona.es\/actualidad\/?p=23212"},"modified":"2019-07-02T17:32:09","modified_gmt":"2019-07-02T15:32:09","slug":"la-junta-local-de-proteccion-civil-aprueba-el-plan-general-de-las-fiestas-de-san-fermin-2019","status":"publish","type":"post","link":"https:\/\/www.laguiadepamplona.com\/actualidad\/la-junta-local-de-proteccion-civil-aprueba-el-plan-general-de-las-fiestas-de-san-fermin-2019\/","title":{"rendered":"La Junta Local de Protecci\u00f3n Civil aprueba el Plan General de las fiestas de San Ferm\u00edn 2019"},"content":{"rendered":"<p><!--more--><\/p>\n<h3>Se han concedido ya 64 ampliaciones o nuevas terrazas y 27 autorizaciones de uso de v\u00eda p\u00fablica para hinchables, comidas populares o similares<\/h3>\n<p>La Junta Local de Protecci\u00f3n Civil se ha reunido esta ma\u00f1ana para ultimar los detalles de la organizaci\u00f3n de los pr\u00f3ximos Sanfermines. Durante el encuentro se ha aprobado el Plan General de las fiestas de San Ferm\u00edn 2019, que persigue un normal desarrollo de las fiestas, procurando reducir al m\u00ednimo los riesgos existentes, debidos fundamentalmente a la gran afluencia de personas y veh\u00edculos, junto con los elementos de riesgo propios de ciertos actos de las fiestas.<\/p>\n<p>La llegada de los Sanfermines provoca tambi\u00e9n un cambio en la fisonom\u00eda de la ciudad. Pamplona se transforma para acoger a visitantes y para que todo el que est\u00e1 en la ciudad pueda disfrutar de las fiestas. Por el momento, se han autorizado 64 nuevas terrazas o ampliaci\u00f3n de terraza a diferentes establecimientos de hosteler\u00eda para todas las fiestas. Se han concedido, adem\u00e1s, 27 autorizaciones concretas de utilizaci\u00f3n de la v\u00eda p\u00fablica para hinchables, comidas populares o similares. Todo ello se une a los m\u00e1s de 150 puestos del mercadillo de Taconera, a los 6 puestos de venta ambulante de pa\u00f1uelos y similares, a 6 puesto de venta ambulante de comida r\u00e1pida, y a las autorizaciones para el recinto ferial en el parque del Runa, los espacios festivos cedidos a las casas regionales y otros colectivos, las instalaciones para televisi\u00f3n, radio y medios de comunicaci\u00f3n\u2026<\/p>\n<p>La reuni\u00f3n de la Junta Local de Protecci\u00f3n Civil ha estado presidida por el alcalde de Pamplona, Enrique Maya. En ella, han participado las concejal\u00edas y direcci\u00f3n de las \u00e1reas relacionadas con la fiesta, como Cultura, Sanidad, Conservaci\u00f3n Urbana, Participaci\u00f3n Ciudadana y Seguridad Ciudadana. Asimismo, han acudido representantes de otras administraciones y organismos como el Gobierno de Navarra (departamentos de Salud, Interior o Protecci\u00f3n Civil), la Delegaci\u00f3n de Gobierno, la Mancomunidad de la Comarca de Pamplona, la Polic\u00eda Municipal de Pamplona, la Polic\u00eda Foral, la Polic\u00eda Nacional, la Guardia Civil o la Casa de Misericordia, y de organizaciones de voluntariado que tambi\u00e9n colaboran en el dispositivo de seguridad de los Sanfermines como Cruz Roja y DYA.<\/p>\n<p><script async src=\"\/\/pagead2.googlesyndication.com\/pagead\/js\/adsbygoogle.js\"><\/script><br \/>\n<!-- Noticias La Guia de Pamplona --><br \/>\n<ins class=\"adsbygoogle\"\nstyle=\"display:block\"\ndata-ad-client=\"ca-pub-6943679897239327\"\ndata-ad-slot=\"7048180777\"\ndata-ad-format=\"auto\"><\/ins><br \/>\n<script>\n(adsbygoogle = window.adsbygoogle || []).push({});\n<\/script><\/p>\n<p><strong>Vigilancia y protecci\u00f3n<\/strong><\/p>\n<p>El Plan General de las fiestas de San Ferm\u00edn define las acciones principales encaminadas a la tutela, vigilancia y protecci\u00f3n de los actos programados (Chupinazo, Encierrillo, Encierro, procesi\u00f3n, Octava, fuegos artificiales, comparsa de Gigantes y Cabezudos&#8230;); la vigilancia y protecci\u00f3n de la vida ciudadana cotidiana de las fiestas (inspecciones preventivas en materia de seguridad, sanidad y la vigilancia del cumplimiento de las ordenanzas municipales, ayuda y atenci\u00f3n al ciudadano, divulgaci\u00f3n de informaci\u00f3n y asistencia por parte de servicios de urgencia&#8230;); y el restablecimiento de las condiciones de vida propias de la ciudad (limpieza final, desinfecciones, reestructura de la circulaci\u00f3n vial, reparaci\u00f3n de destrozos&#8230;).<\/p>\n<p>La Junta Local de Protecci\u00f3n Civil ha acordado continuar tambi\u00e9n con el protocolo ante las agresiones sexistas durante las fiestas de San Ferm\u00edn y con los sistemas de acceso restringido y corte del tr\u00e1fico en el centro de la ciudad. Esos cortes se realizar\u00e1n mediante barreras de hormig\u00f3n, jardineras y otros elementos. En nueve puntos de la ciudad se instalar\u00e1n casetas informativas atendidas por personal de Protecci\u00f3n Civil para llevar a cabo el control de accesos a esas zonas restringidas.<\/p>\n<p>Durante las fiestas, del 7 al 14 de julio, la Junta Local de Protecci\u00f3n Civil se reunir\u00e1 a diario para realizar labores de seguimiento y coordinaci\u00f3n y para ir analizando cada jornada el devenir de los Sanfermines. Esas reuniones tendr\u00e1n lugar a las 11 horas en el \u00e1rea de Seguridad Ciudadana del Ayuntamiento de Pamplona.<\/p>\n<p><strong>Dispositivos sanitarios y de seguridad en Chupinazo, Pobre de M\u00ed y encierros<\/strong><\/p>\n<p>Una de las novedades de este a\u00f1o, que ya se anunci\u00f3 ayer en la reuni\u00f3n de la Junta de Seguridad en la Delegaci\u00f3n de Gobierno, es el mantenimiento libre de veh\u00edculos de la plaza de Santiago, en la parte trasera del Ayuntamiento, durante el Chupinazo y el Pobre de M\u00ed, para su posible utilizaci\u00f3n antes una situaci\u00f3n de emergencia. Adem\u00e1s, en los bajos del edificio del departamento de Educaci\u00f3n, en la cuesta de Santo Domingo, se habilitar\u00e1 una zona de atenci\u00f3n ante un hipot\u00e9tico incidente con m\u00faltiples v\u00edctimas. Ese puesto contar\u00e1 con los medios sanitarios y de seguridad necesarios.<\/p>\n<p>Al igual que en a\u00f1o anteriores, el evento que requiere una mayor atenci\u00f3n y m\u00e1s recursos es el Encierro. Trabajar\u00e1n diariamente m\u00e1s de 400 profesionales desde aproximadamente las 4 horas de la madrugada hasta despu\u00e9s de la carrera. Entre ellos, agentes de la Polic\u00eda Municipal, Polic\u00eda Foral, operarios de limpieza, personal sanitario, t\u00e9cnicos de transporte, socorristas, operarios de comunicaci\u00f3n, coordinadores de puesto, pastores, dobladores o personal de carpinter\u00eda.<\/p>\n<p>Durante los fuegos artificiales, cada d\u00eda, se mantendr\u00e1 el vallado preventivo que delimita en la Vuelta del Castillo la zona de influencia de esos fuegos de artificio para evitar accidentes o incidencias por la ca\u00edda de residuos. Tambi\u00e9n se cortar\u00e1 el acceso para el tr\u00e1fico rodado del entorno de la Ciudadela en el periodo entre las 22.30 y la medianoche, coincidiendo con el disparo de cada colecci\u00f3n.<\/p>\n","protected":false},"excerpt":{"rendered":"","protected":false},"author":1,"featured_media":23214,"comment_status":"open","ping_status":"closed","sticky":false,"template":"","format":"standard","meta":{"footnotes":""},"categories":[2],"tags":[],"class_list":["post-23212","post","type-post","status-publish","format-standard","has-post-thumbnail","hentry","category-ayuntamiento-pamplona"],"yoast_head":"<!-- This site is optimized with the Yoast SEO plugin v27.3 - https:\/\/yoast.com\/product\/yoast-seo-wordpress\/ -->\n<title>La Junta Local de Protecci\u00f3n Civil aprueba el Plan General de las fiestas de San Ferm\u00edn 2019<\/title>\n<meta name=\"robots\" content=\"index, follow, max-snippet:-1, max-image-preview:large, max-video-preview:-1\" \/>\n<link rel=\"canonical\" href=\"https:\/\/www.laguiadepamplona.com\/actualidad\/la-junta-local-de-proteccion-civil-aprueba-el-plan-general-de-las-fiestas-de-san-fermin-2019\/\" \/>\n<meta property=\"og:locale\" content=\"es_ES\" \/>\n<meta property=\"og:type\" content=\"article\" \/>\n<meta property=\"og:title\" content=\"La Junta Local de Protecci\u00f3n Civil aprueba el Plan General de las fiestas de San Ferm\u00edn 2019\" \/>\n<meta property=\"og:url\" content=\"https:\/\/www.laguiadepamplona.com\/actualidad\/la-junta-local-de-proteccion-civil-aprueba-el-plan-general-de-las-fiestas-de-san-fermin-2019\/\" \/>\n<meta property=\"og:site_name\" content=\"La Gu\u00eda de Pamplona\" \/>\n<meta property=\"article:publisher\" content=\"https:\/\/www.facebook.com\/laguiadepamplonacom-133175176762273\/?ref=hl\" \/>\n<meta property=\"article:published_time\" content=\"2019-07-02T15:31:30+00:00\" \/>\n<meta property=\"article:modified_time\" content=\"2019-07-02T15:32:09+00:00\" \/>\n<meta property=\"og:image\" content=\"https:\/\/www.laguiadepamplona.com\/actualidad\/wp-content\/uploads\/2019\/07\/19.07.02_SF_junta_proteccion_civil2.jpg\" \/>\n\t<meta property=\"og:image:width\" content=\"1900\" \/>\n\t<meta property=\"og:image:height\" content=\"1112\" \/>\n\t<meta property=\"og:image:type\" content=\"image\/jpeg\" \/>\n<meta name=\"author\" content=\"La Gu\u00eda de Pamplona\" \/>\n<meta name=\"twitter:card\" content=\"summary_large_image\" \/>\n<meta name=\"twitter:creator\" content=\"@LaGuiadPamplona\" \/>\n<meta name=\"twitter:site\" content=\"@LaGuiadPamplona\" \/>\n<meta name=\"twitter:label1\" content=\"Escrito por\" \/>\n\t<meta name=\"twitter:data1\" content=\"La Gu\u00eda de Pamplona\" \/>\n\t<meta name=\"twitter:label2\" content=\"Tiempo de lectura\" \/>\n\t<meta name=\"twitter:data2\" content=\"5 minutos\" \/>\n<script type=\"application\/ld+json\" class=\"yoast-schema-graph\">{\"@context\":\"https:\\\/\\\/schema.org\",\"@graph\":[{\"@type\":\"Article\",\"@id\":\"https:\\\/\\\/www.laguiadepamplona.com\\\/actualidad\\\/la-junta-local-de-proteccion-civil-aprueba-el-plan-general-de-las-fiestas-de-san-fermin-2019\\\/#article\",\"isPartOf\":{\"@id\":\"https:\\\/\\\/www.laguiadepamplona.com\\\/actualidad\\\/la-junta-local-de-proteccion-civil-aprueba-el-plan-general-de-las-fiestas-de-san-fermin-2019\\\/\"},\"author\":{\"name\":\"La Gu\u00eda de Pamplona\",\"@id\":\"https:\\\/\\\/www.laguiadepamplona.com\\\/actualidad\\\/#\\\/schema\\\/person\\\/efe887376f0213d4657c93adc50b1fdb\"},\"headline\":\"La Junta Local de Protecci\u00f3n Civil aprueba el Plan General de las fiestas de San Ferm\u00edn 2019\",\"datePublished\":\"2019-07-02T15:31:30+00:00\",\"dateModified\":\"2019-07-02T15:32:09+00:00\",\"mainEntityOfPage\":{\"@id\":\"https:\\\/\\\/www.laguiadepamplona.com\\\/actualidad\\\/la-junta-local-de-proteccion-civil-aprueba-el-plan-general-de-las-fiestas-de-san-fermin-2019\\\/\"},\"wordCount\":934,\"commentCount\":0,\"publisher\":{\"@id\":\"https:\\\/\\\/www.laguiadepamplona.com\\\/actualidad\\\/#organization\"},\"image\":{\"@id\":\"https:\\\/\\\/www.laguiadepamplona.com\\\/actualidad\\\/la-junta-local-de-proteccion-civil-aprueba-el-plan-general-de-las-fiestas-de-san-fermin-2019\\\/#primaryimage\"},\"thumbnailUrl\":\"https:\\\/\\\/www.laguiadepamplona.com\\\/actualidad\\\/wp-content\\\/uploads\\\/2019\\\/07\\\/19.07.02_SF_junta_proteccion_civil2.jpg\",\"articleSection\":[\"Ayto Pamplona\"],\"inLanguage\":\"es\",\"potentialAction\":[{\"@type\":\"CommentAction\",\"name\":\"Comment\",\"target\":[\"https:\\\/\\\/www.laguiadepamplona.com\\\/actualidad\\\/la-junta-local-de-proteccion-civil-aprueba-el-plan-general-de-las-fiestas-de-san-fermin-2019\\\/#respond\"]}]},{\"@type\":\"WebPage\",\"@id\":\"https:\\\/\\\/www.laguiadepamplona.com\\\/actualidad\\\/la-junta-local-de-proteccion-civil-aprueba-el-plan-general-de-las-fiestas-de-san-fermin-2019\\\/\",\"url\":\"https:\\\/\\\/www.laguiadepamplona.com\\\/actualidad\\\/la-junta-local-de-proteccion-civil-aprueba-el-plan-general-de-las-fiestas-de-san-fermin-2019\\\/\",\"name\":\"La Junta Local de Protecci\u00f3n Civil aprueba el Plan General de las fiestas de San Ferm\u00edn 2019\",\"isPartOf\":{\"@id\":\"https:\\\/\\\/www.laguiadepamplona.com\\\/actualidad\\\/#website\"},\"primaryImageOfPage\":{\"@id\":\"https:\\\/\\\/www.laguiadepamplona.com\\\/actualidad\\\/la-junta-local-de-proteccion-civil-aprueba-el-plan-general-de-las-fiestas-de-san-fermin-2019\\\/#primaryimage\"},\"image\":{\"@id\":\"https:\\\/\\\/www.laguiadepamplona.com\\\/actualidad\\\/la-junta-local-de-proteccion-civil-aprueba-el-plan-general-de-las-fiestas-de-san-fermin-2019\\\/#primaryimage\"},\"thumbnailUrl\":\"https:\\\/\\\/www.laguiadepamplona.com\\\/actualidad\\\/wp-content\\\/uploads\\\/2019\\\/07\\\/19.07.02_SF_junta_proteccion_civil2.jpg\",\"datePublished\":\"2019-07-02T15:31:30+00:00\",\"dateModified\":\"2019-07-02T15:32:09+00:00\",\"breadcrumb\":{\"@id\":\"https:\\\/\\\/www.laguiadepamplona.com\\\/actualidad\\\/la-junta-local-de-proteccion-civil-aprueba-el-plan-general-de-las-fiestas-de-san-fermin-2019\\\/#breadcrumb\"},\"inLanguage\":\"es\",\"potentialAction\":[{\"@type\":\"ReadAction\",\"target\":[\"https:\\\/\\\/www.laguiadepamplona.com\\\/actualidad\\\/la-junta-local-de-proteccion-civil-aprueba-el-plan-general-de-las-fiestas-de-san-fermin-2019\\\/\"]}]},{\"@type\":\"ImageObject\",\"inLanguage\":\"es\",\"@id\":\"https:\\\/\\\/www.laguiadepamplona.com\\\/actualidad\\\/la-junta-local-de-proteccion-civil-aprueba-el-plan-general-de-las-fiestas-de-san-fermin-2019\\\/#primaryimage\",\"url\":\"https:\\\/\\\/www.laguiadepamplona.com\\\/actualidad\\\/wp-content\\\/uploads\\\/2019\\\/07\\\/19.07.02_SF_junta_proteccion_civil2.jpg\",\"contentUrl\":\"https:\\\/\\\/www.laguiadepamplona.com\\\/actualidad\\\/wp-content\\\/uploads\\\/2019\\\/07\\\/19.07.02_SF_junta_proteccion_civil2.jpg\",\"width\":1900,\"height\":1112},{\"@type\":\"BreadcrumbList\",\"@id\":\"https:\\\/\\\/www.laguiadepamplona.com\\\/actualidad\\\/la-junta-local-de-proteccion-civil-aprueba-el-plan-general-de-las-fiestas-de-san-fermin-2019\\\/#breadcrumb\",\"itemListElement\":[{\"@type\":\"ListItem\",\"position\":1,\"name\":\"Portada\",\"item\":\"https:\\\/\\\/www.laguiadepamplona.com\\\/actualidad\\\/\"},{\"@type\":\"ListItem\",\"position\":2,\"name\":\"La Junta Local de Protecci\u00f3n Civil aprueba el Plan General de las fiestas de San Ferm\u00edn 2019\"}]},{\"@type\":\"WebSite\",\"@id\":\"https:\\\/\\\/www.laguiadepamplona.com\\\/actualidad\\\/#website\",\"url\":\"https:\\\/\\\/www.laguiadepamplona.com\\\/actualidad\\\/\",\"name\":\"La gu\u00eda de Pamplona\",\"description\":\"Noticias de Pamplona\",\"publisher\":{\"@id\":\"https:\\\/\\\/www.laguiadepamplona.com\\\/actualidad\\\/#organization\"},\"potentialAction\":[{\"@type\":\"SearchAction\",\"target\":{\"@type\":\"EntryPoint\",\"urlTemplate\":\"https:\\\/\\\/www.laguiadepamplona.com\\\/actualidad\\\/?s={search_term_string}\"},\"query-input\":{\"@type\":\"PropertyValueSpecification\",\"valueRequired\":true,\"valueName\":\"search_term_string\"}}],\"inLanguage\":\"es\"},{\"@type\":\"Organization\",\"@id\":\"https:\\\/\\\/www.laguiadepamplona.com\\\/actualidad\\\/#organization\",\"name\":\"La Gu\u00eda de Pamplona \\\/ Noticias\",\"url\":\"https:\\\/\\\/www.laguiadepamplona.com\\\/actualidad\\\/\",\"logo\":{\"@type\":\"ImageObject\",\"inLanguage\":\"es\",\"@id\":\"https:\\\/\\\/www.laguiadepamplona.com\\\/actualidad\\\/#\\\/schema\\\/logo\\\/image\\\/\",\"url\":\"https:\\\/\\\/www.laguiadepamplona.com\\\/actualidad\\\/wp-content\\\/uploads\\\/2018\\\/11\\\/logo-laguiadepamplona18-web1.png\",\"contentUrl\":\"https:\\\/\\\/www.laguiadepamplona.com\\\/actualidad\\\/wp-content\\\/uploads\\\/2018\\\/11\\\/logo-laguiadepamplona18-web1.png\",\"width\":600,\"height\":196,\"caption\":\"La Gu\u00eda de Pamplona \\\/ Noticias\"},\"image\":{\"@id\":\"https:\\\/\\\/www.laguiadepamplona.com\\\/actualidad\\\/#\\\/schema\\\/logo\\\/image\\\/\"},\"sameAs\":[\"https:\\\/\\\/www.facebook.com\\\/laguiadepamplonacom-133175176762273\\\/?ref=hl\",\"https:\\\/\\\/x.com\\\/LaGuiadPamplona\",\"https:\\\/\\\/www.instagram.com\\\/la_guia_de_pamplona\\\/\",\"https:\\\/\\\/www.youtube.com\\\/user\\\/laguiadepamplona\"]},{\"@type\":\"Person\",\"@id\":\"https:\\\/\\\/www.laguiadepamplona.com\\\/actualidad\\\/#\\\/schema\\\/person\\\/efe887376f0213d4657c93adc50b1fdb\",\"name\":\"La Gu\u00eda de Pamplona\",\"image\":{\"@type\":\"ImageObject\",\"inLanguage\":\"es\",\"@id\":\"https:\\\/\\\/secure.gravatar.com\\\/avatar\\\/b6992f131dc8d30ab0dff15446e9d346d9dbd95992de0fef795073f5ea83a81c?s=96&d=mm&r=g\",\"url\":\"https:\\\/\\\/secure.gravatar.com\\\/avatar\\\/b6992f131dc8d30ab0dff15446e9d346d9dbd95992de0fef795073f5ea83a81c?s=96&d=mm&r=g\",\"contentUrl\":\"https:\\\/\\\/secure.gravatar.com\\\/avatar\\\/b6992f131dc8d30ab0dff15446e9d346d9dbd95992de0fef795073f5ea83a81c?s=96&d=mm&r=g\",\"caption\":\"La Gu\u00eda de Pamplona\"}}]}<\/script>\n<!-- \/ Yoast SEO plugin. -->","yoast_head_json":{"title":"La Junta Local de Protecci\u00f3n Civil aprueba el Plan General de las fiestas de San Ferm\u00edn 2019","robots":{"index":"index","follow":"follow","max-snippet":"max-snippet:-1","max-image-preview":"max-image-preview:large","max-video-preview":"max-video-preview:-1"},"canonical":"https:\/\/www.laguiadepamplona.com\/actualidad\/la-junta-local-de-proteccion-civil-aprueba-el-plan-general-de-las-fiestas-de-san-fermin-2019\/","og_locale":"es_ES","og_type":"article","og_title":"La Junta Local de Protecci\u00f3n Civil aprueba el Plan General de las fiestas de San Ferm\u00edn 2019","og_url":"https:\/\/www.laguiadepamplona.com\/actualidad\/la-junta-local-de-proteccion-civil-aprueba-el-plan-general-de-las-fiestas-de-san-fermin-2019\/","og_site_name":"La Gu\u00eda de Pamplona","article_publisher":"https:\/\/www.facebook.com\/laguiadepamplonacom-133175176762273\/?ref=hl","article_published_time":"2019-07-02T15:31:30+00:00","article_modified_time":"2019-07-02T15:32:09+00:00","og_image":[{"width":1900,"height":1112,"url":"https:\/\/www.laguiadepamplona.com\/actualidad\/wp-content\/uploads\/2019\/07\/19.07.02_SF_junta_proteccion_civil2.jpg","type":"image\/jpeg"}],"author":"La Gu\u00eda de Pamplona","twitter_card":"summary_large_image","twitter_creator":"@LaGuiadPamplona","twitter_site":"@LaGuiadPamplona","twitter_misc":{"Escrito por":"La Gu\u00eda de Pamplona","Tiempo de lectura":"5 minutos"},"schema":{"@context":"https:\/\/schema.org","@graph":[{"@type":"Article","@id":"https:\/\/www.laguiadepamplona.com\/actualidad\/la-junta-local-de-proteccion-civil-aprueba-el-plan-general-de-las-fiestas-de-san-fermin-2019\/#article","isPartOf":{"@id":"https:\/\/www.laguiadepamplona.com\/actualidad\/la-junta-local-de-proteccion-civil-aprueba-el-plan-general-de-las-fiestas-de-san-fermin-2019\/"},"author":{"name":"La Gu\u00eda de Pamplona","@id":"https:\/\/www.laguiadepamplona.com\/actualidad\/#\/schema\/person\/efe887376f0213d4657c93adc50b1fdb"},"headline":"La Junta Local de Protecci\u00f3n Civil aprueba el Plan General de las fiestas de San Ferm\u00edn 2019","datePublished":"2019-07-02T15:31:30+00:00","dateModified":"2019-07-02T15:32:09+00:00","mainEntityOfPage":{"@id":"https:\/\/www.laguiadepamplona.com\/actualidad\/la-junta-local-de-proteccion-civil-aprueba-el-plan-general-de-las-fiestas-de-san-fermin-2019\/"},"wordCount":934,"commentCount":0,"publisher":{"@id":"https:\/\/www.laguiadepamplona.com\/actualidad\/#organization"},"image":{"@id":"https:\/\/www.laguiadepamplona.com\/actualidad\/la-junta-local-de-proteccion-civil-aprueba-el-plan-general-de-las-fiestas-de-san-fermin-2019\/#primaryimage"},"thumbnailUrl":"https:\/\/www.laguiadepamplona.com\/actualidad\/wp-content\/uploads\/2019\/07\/19.07.02_SF_junta_proteccion_civil2.jpg","articleSection":["Ayto Pamplona"],"inLanguage":"es","potentialAction":[{"@type":"CommentAction","name":"Comment","target":["https:\/\/www.laguiadepamplona.com\/actualidad\/la-junta-local-de-proteccion-civil-aprueba-el-plan-general-de-las-fiestas-de-san-fermin-2019\/#respond"]}]},{"@type":"WebPage","@id":"https:\/\/www.laguiadepamplona.com\/actualidad\/la-junta-local-de-proteccion-civil-aprueba-el-plan-general-de-las-fiestas-de-san-fermin-2019\/","url":"https:\/\/www.laguiadepamplona.com\/actualidad\/la-junta-local-de-proteccion-civil-aprueba-el-plan-general-de-las-fiestas-de-san-fermin-2019\/","name":"La Junta Local de Protecci\u00f3n Civil aprueba el Plan General de las fiestas de San Ferm\u00edn 2019","isPartOf":{"@id":"https:\/\/www.laguiadepamplona.com\/actualidad\/#website"},"primaryImageOfPage":{"@id":"https:\/\/www.laguiadepamplona.com\/actualidad\/la-junta-local-de-proteccion-civil-aprueba-el-plan-general-de-las-fiestas-de-san-fermin-2019\/#primaryimage"},"image":{"@id":"https:\/\/www.laguiadepamplona.com\/actualidad\/la-junta-local-de-proteccion-civil-aprueba-el-plan-general-de-las-fiestas-de-san-fermin-2019\/#primaryimage"},"thumbnailUrl":"https:\/\/www.laguiadepamplona.com\/actualidad\/wp-content\/uploads\/2019\/07\/19.07.02_SF_junta_proteccion_civil2.jpg","datePublished":"2019-07-02T15:31:30+00:00","dateModified":"2019-07-02T15:32:09+00:00","breadcrumb":{"@id":"https:\/\/www.laguiadepamplona.com\/actualidad\/la-junta-local-de-proteccion-civil-aprueba-el-plan-general-de-las-fiestas-de-san-fermin-2019\/#breadcrumb"},"inLanguage":"es","potentialAction":[{"@type":"ReadAction","target":["https:\/\/www.laguiadepamplona.com\/actualidad\/la-junta-local-de-proteccion-civil-aprueba-el-plan-general-de-las-fiestas-de-san-fermin-2019\/"]}]},{"@type":"ImageObject","inLanguage":"es","@id":"https:\/\/www.laguiadepamplona.com\/actualidad\/la-junta-local-de-proteccion-civil-aprueba-el-plan-general-de-las-fiestas-de-san-fermin-2019\/#primaryimage","url":"https:\/\/www.laguiadepamplona.com\/actualidad\/wp-content\/uploads\/2019\/07\/19.07.02_SF_junta_proteccion_civil2.jpg","contentUrl":"https:\/\/www.laguiadepamplona.com\/actualidad\/wp-content\/uploads\/2019\/07\/19.07.02_SF_junta_proteccion_civil2.jpg","width":1900,"height":1112},{"@type":"BreadcrumbList","@id":"https:\/\/www.laguiadepamplona.com\/actualidad\/la-junta-local-de-proteccion-civil-aprueba-el-plan-general-de-las-fiestas-de-san-fermin-2019\/#breadcrumb","itemListElement":[{"@type":"ListItem","position":1,"name":"Portada","item":"https:\/\/www.laguiadepamplona.com\/actualidad\/"},{"@type":"ListItem","position":2,"name":"La Junta Local de Protecci\u00f3n Civil aprueba el Plan General de las fiestas de San Ferm\u00edn 2019"}]},{"@type":"WebSite","@id":"https:\/\/www.laguiadepamplona.com\/actualidad\/#website","url":"https:\/\/www.laguiadepamplona.com\/actualidad\/","name":"La gu\u00eda de Pamplona","description":"Noticias de Pamplona","publisher":{"@id":"https:\/\/www.laguiadepamplona.com\/actualidad\/#organization"},"potentialAction":[{"@type":"SearchAction","target":{"@type":"EntryPoint","urlTemplate":"https:\/\/www.laguiadepamplona.com\/actualidad\/?s={search_term_string}"},"query-input":{"@type":"PropertyValueSpecification","valueRequired":true,"valueName":"search_term_string"}}],"inLanguage":"es"},{"@type":"Organization","@id":"https:\/\/www.laguiadepamplona.com\/actualidad\/#organization","name":"La Gu\u00eda de Pamplona \/ Noticias","url":"https:\/\/www.laguiadepamplona.com\/actualidad\/","logo":{"@type":"ImageObject","inLanguage":"es","@id":"https:\/\/www.laguiadepamplona.com\/actualidad\/#\/schema\/logo\/image\/","url":"https:\/\/www.laguiadepamplona.com\/actualidad\/wp-content\/uploads\/2018\/11\/logo-laguiadepamplona18-web1.png","contentUrl":"https:\/\/www.laguiadepamplona.com\/actualidad\/wp-content\/uploads\/2018\/11\/logo-laguiadepamplona18-web1.png","width":600,"height":196,"caption":"La Gu\u00eda de Pamplona \/ Noticias"},"image":{"@id":"https:\/\/www.laguiadepamplona.com\/actualidad\/#\/schema\/logo\/image\/"},"sameAs":["https:\/\/www.facebook.com\/laguiadepamplonacom-133175176762273\/?ref=hl","https:\/\/x.com\/LaGuiadPamplona","https:\/\/www.instagram.com\/la_guia_de_pamplona\/","https:\/\/www.youtube.com\/user\/laguiadepamplona"]},{"@type":"Person","@id":"https:\/\/www.laguiadepamplona.com\/actualidad\/#\/schema\/person\/efe887376f0213d4657c93adc50b1fdb","name":"La Gu\u00eda de Pamplona","image":{"@type":"ImageObject","inLanguage":"es","@id":"https:\/\/secure.gravatar.com\/avatar\/b6992f131dc8d30ab0dff15446e9d346d9dbd95992de0fef795073f5ea83a81c?s=96&d=mm&r=g","url":"https:\/\/secure.gravatar.com\/avatar\/b6992f131dc8d30ab0dff15446e9d346d9dbd95992de0fef795073f5ea83a81c?s=96&d=mm&r=g","contentUrl":"https:\/\/secure.gravatar.com\/avatar\/b6992f131dc8d30ab0dff15446e9d346d9dbd95992de0fef795073f5ea83a81c?s=96&d=mm&r=g","caption":"La Gu\u00eda de Pamplona"}}]}},"post_mailing_queue_ids":[],"_links":{"self":[{"href":"https:\/\/www.laguiadepamplona.com\/actualidad\/wp-json\/wp\/v2\/posts\/23212","targetHints":{"allow":["GET"]}}],"collection":[{"href":"https:\/\/www.laguiadepamplona.com\/actualidad\/wp-json\/wp\/v2\/posts"}],"about":[{"href":"https:\/\/www.laguiadepamplona.com\/actualidad\/wp-json\/wp\/v2\/types\/post"}],"author":[{"embeddable":true,"href":"https:\/\/www.laguiadepamplona.com\/actualidad\/wp-json\/wp\/v2\/users\/1"}],"replies":[{"embeddable":true,"href":"https:\/\/www.laguiadepamplona.com\/actualidad\/wp-json\/wp\/v2\/comments?post=23212"}],"version-history":[{"count":0,"href":"https:\/\/www.laguiadepamplona.com\/actualidad\/wp-json\/wp\/v2\/posts\/23212\/revisions"}],"wp:featuredmedia":[{"embeddable":true,"href":"https:\/\/www.laguiadepamplona.com\/actualidad\/wp-json\/wp\/v2\/media\/23214"}],"wp:attachment":[{"href":"https:\/\/www.laguiadepamplona.com\/actualidad\/wp-json\/wp\/v2\/media?parent=23212"}],"wp:term":[{"taxonomy":"category","embeddable":true,"href":"https:\/\/www.laguiadepamplona.com\/actualidad\/wp-json\/wp\/v2\/categories?post=23212"},{"taxonomy":"post_tag","embeddable":true,"href":"https:\/\/www.laguiadepamplona.com\/actualidad\/wp-json\/wp\/v2\/tags?post=23212"}],"curies":[{"name":"wp","href":"https:\/\/api.w.org\/{rel}","templated":true}]}}