{"id":23198,"date":"2019-07-02T12:57:20","date_gmt":"2019-07-02T10:57:20","guid":{"rendered":"https:\/\/www.laguiadepamplona.es\/actualidad\/?p=23198"},"modified":"2019-07-02T13:00:16","modified_gmt":"2019-07-02T11:00:16","slug":"la-despedida-de-la-comparsa-de-gigantes-y-cabezudos-en-la-plaza-consistorial-y-el-coletas-protagonizan-el-cupon-de-la-once-del-7-de-julio","status":"publish","type":"post","link":"https:\/\/www.laguiadepamplona.com\/actualidad\/la-despedida-de-la-comparsa-de-gigantes-y-cabezudos-en-la-plaza-consistorial-y-el-coletas-protagonizan-el-cupon-de-la-once-del-7-de-julio\/","title":{"rendered":"La despedida de la Comparsa de Gigantes y Cabezudos en la Plaza Consistorial y el Coletas protagonizan el cup\u00f3n de la ONCE del 7 de julio"},"content":{"rendered":"<p><!--more--><\/p>\n<h3>El delegado territorial de la ONCE ha presentado esta ma\u00f1ana al alcalde de Pamplona un dise\u00f1o del que se vender\u00e1n 5,5 millones de cupones<\/h3>\n<p><a href=\"https:\/\/www.laguiadepamplona.es\/actualidad\/wp-content\/uploads\/2019\/07\/19.07.02_cupon_once_sanfermin.jpg\"><img loading=\"lazy\" decoding=\"async\" class=\"alignleft wp-image-23200\" src=\"https:\/\/www.laguiadepamplona.es\/actualidad\/wp-content\/uploads\/2019\/07\/19.07.02_cupon_once_sanfermin-443x300.jpg\" alt=\"\" width=\"300\" height=\"203\" srcset=\"https:\/\/www.laguiadepamplona.com\/actualidad\/wp-content\/uploads\/2019\/07\/19.07.02_cupon_once_sanfermin-443x300.jpg 443w, https:\/\/www.laguiadepamplona.com\/actualidad\/wp-content\/uploads\/2019\/07\/19.07.02_cupon_once_sanfermin-768x520.jpg 768w, https:\/\/www.laguiadepamplona.com\/actualidad\/wp-content\/uploads\/2019\/07\/19.07.02_cupon_once_sanfermin-1007x682.jpg 1007w, https:\/\/www.laguiadepamplona.com\/actualidad\/wp-content\/uploads\/2019\/07\/19.07.02_cupon_once_sanfermin-640x433.jpg 640w, https:\/\/www.laguiadepamplona.com\/actualidad\/wp-content\/uploads\/2019\/07\/19.07.02_cupon_once_sanfermin.jpg 1062w\" sizes=\"auto, (max-width: 300px) 100vw, 300px\" \/><\/a>La despedida de la Comparsa de Gigantes y Cabezudos del 14 de julio en la Plaza Consistorial y una silueta del Coletas protagonizar\u00e1n el cup\u00f3n de la ONCE del pr\u00f3ximo 7 de julio. El alcalde de Pamplona, Enrique Maya, ha recibido esta ma\u00f1ana en su despacho de la Casa Consistorial al delegado territorial de la ONCE, Valent\u00edn Fort\u00fan, quien ha presentado un dise\u00f1o del que se vender\u00e1n 5,5 millones de cupones.<\/p>\n<p>No ser\u00e1 la primera vez que los gigantes, cabezudos, kilikis y zaldikos de Pamplona salen de la geograf\u00eda local a trav\u00e9s de los cupones para recordar las fiestas de la ciudad y mostrar sus tradiciones. Por ejemplo, en 2017, Caravinagre fue la imagen del 6 de julio. Anteriormente, tambi\u00e9n se hab\u00edan plasmado los temas pamploneses en este sorteo con fin solidario ya que los toros y los mozos que corren en el encierro en San Ferm\u00edn fueron motivos gr\u00e1ficos de un cup\u00f3n en 2012, igual que en 2014 lo fueron una imagen de San Ferm\u00edn y otra de la Plaza Consistorial.<\/p>\n<p><script async src=\"\/\/pagead2.googlesyndication.com\/pagead\/js\/adsbygoogle.js\"><\/script><br \/>\n<!-- Noticias La Guia de Pamplona --><br \/>\n<ins class=\"adsbygoogle\"\nstyle=\"display:block\"\ndata-ad-client=\"ca-pub-6943679897239327\"\ndata-ad-slot=\"7048180777\"\ndata-ad-format=\"auto\"><\/ins><br \/>\n<script>\n(adsbygoogle = window.adsbygoogle || []).push({});\n<\/script><\/p>\n<p>Tambi\u00e9n relacionado con Sanfermines, la ONCE se ha encargado un a\u00f1o m\u00e1s de la copia en braille en euskera y castellano del programa que, desde 2009, se pone a disposici\u00f3n de la ciudadan\u00eda con dificultades visuales. Podr\u00e1 consultarse en el Zagu\u00e1n de la Casa Consistorial y en la sede de la organizaci\u00f3n en la calle Aralar. Se trata de llevar, tambi\u00e9n al entorno festivo, los criterios de accesibilidad para toda la ciudadan\u00eda.<\/p>\n<p>El cup\u00f3n de Fin de Semana de la ONCE ofrece un premio principal a las cinco cifras y serie de 300.000 euros, al que se a\u00f1ade otro de 5.000 euros al mes durante 20 a\u00f1os; 4 premios de 2.000 euros al mes durante 10 a\u00f1os y 54 premios de 20.000 euros. A ellos se unen premios de 400, 200, 30, cuatro y dos euros. Los cupones se comercializan por los 20.000 agentes vendedores de la ONCE. Gracias al Terminal Punto de Venta (TV), el cliente puede elegir el n\u00famero que m\u00e1s le guste. Adem\u00e1s, se pueden adquirir desde la p\u00e1gina web oficial de Juegos ONCE (www.juegosonce.es), y establecimientos colaboradores autorizados.<\/p>\n","protected":false},"excerpt":{"rendered":"","protected":false},"author":1,"featured_media":23201,"comment_status":"open","ping_status":"closed","sticky":false,"template":"","format":"standard","meta":{"footnotes":""},"categories":[2],"tags":[],"class_list":["post-23198","post","type-post","status-publish","format-standard","has-post-thumbnail","hentry","category-ayuntamiento-pamplona"],"yoast_head":"<!-- This site is optimized with the Yoast SEO plugin v27.3 - https:\/\/yoast.com\/product\/yoast-seo-wordpress\/ -->\n<title>La despedida de la Comparsa de Gigantes y Cabezudos en la Plaza Consistorial y el Coletas protagonizan el cup\u00f3n de la ONCE del 7 de julio<\/title>\n<meta name=\"robots\" content=\"index, follow, max-snippet:-1, max-image-preview:large, max-video-preview:-1\" \/>\n<link rel=\"canonical\" href=\"https:\/\/www.laguiadepamplona.com\/actualidad\/la-despedida-de-la-comparsa-de-gigantes-y-cabezudos-en-la-plaza-consistorial-y-el-coletas-protagonizan-el-cupon-de-la-once-del-7-de-julio\/\" \/>\n<meta property=\"og:locale\" content=\"es_ES\" \/>\n<meta property=\"og:type\" content=\"article\" \/>\n<meta property=\"og:title\" content=\"La despedida de la Comparsa de Gigantes y Cabezudos en la Plaza Consistorial y el Coletas protagonizan el cup\u00f3n de la ONCE del 7 de julio\" \/>\n<meta property=\"og:url\" content=\"https:\/\/www.laguiadepamplona.com\/actualidad\/la-despedida-de-la-comparsa-de-gigantes-y-cabezudos-en-la-plaza-consistorial-y-el-coletas-protagonizan-el-cupon-de-la-once-del-7-de-julio\/\" \/>\n<meta property=\"og:site_name\" content=\"La Gu\u00eda de Pamplona\" \/>\n<meta property=\"article:publisher\" content=\"https:\/\/www.facebook.com\/laguiadepamplonacom-133175176762273\/?ref=hl\" \/>\n<meta property=\"article:published_time\" content=\"2019-07-02T10:57:20+00:00\" \/>\n<meta property=\"article:modified_time\" content=\"2019-07-02T11:00:16+00:00\" \/>\n<meta property=\"og:image\" content=\"https:\/\/www.laguiadepamplona.com\/actualidad\/wp-content\/uploads\/2019\/07\/19.07.02_presentacion_cupon_once_SF.jpg\" \/>\n\t<meta property=\"og:image:width\" content=\"1900\" \/>\n\t<meta property=\"og:image:height\" content=\"1266\" \/>\n\t<meta property=\"og:image:type\" content=\"image\/jpeg\" \/>\n<meta name=\"author\" content=\"La Gu\u00eda de Pamplona\" \/>\n<meta name=\"twitter:card\" content=\"summary_large_image\" \/>\n<meta name=\"twitter:creator\" content=\"@LaGuiadPamplona\" \/>\n<meta name=\"twitter:site\" content=\"@LaGuiadPamplona\" \/>\n<meta name=\"twitter:label1\" content=\"Escrito por\" \/>\n\t<meta name=\"twitter:data1\" content=\"La Gu\u00eda de Pamplona\" \/>\n\t<meta name=\"twitter:label2\" content=\"Tiempo de lectura\" \/>\n\t<meta name=\"twitter:data2\" content=\"2 minutos\" \/>\n<script type=\"application\/ld+json\" class=\"yoast-schema-graph\">{\"@context\":\"https:\\\/\\\/schema.org\",\"@graph\":[{\"@type\":\"Article\",\"@id\":\"https:\\\/\\\/www.laguiadepamplona.com\\\/actualidad\\\/la-despedida-de-la-comparsa-de-gigantes-y-cabezudos-en-la-plaza-consistorial-y-el-coletas-protagonizan-el-cupon-de-la-once-del-7-de-julio\\\/#article\",\"isPartOf\":{\"@id\":\"https:\\\/\\\/www.laguiadepamplona.com\\\/actualidad\\\/la-despedida-de-la-comparsa-de-gigantes-y-cabezudos-en-la-plaza-consistorial-y-el-coletas-protagonizan-el-cupon-de-la-once-del-7-de-julio\\\/\"},\"author\":{\"name\":\"La Gu\u00eda de Pamplona\",\"@id\":\"https:\\\/\\\/www.laguiadepamplona.com\\\/actualidad\\\/#\\\/schema\\\/person\\\/efe887376f0213d4657c93adc50b1fdb\"},\"headline\":\"La despedida de la Comparsa de Gigantes y Cabezudos en la Plaza Consistorial y el Coletas protagonizan el cup\u00f3n de la ONCE del 7 de julio\",\"datePublished\":\"2019-07-02T10:57:20+00:00\",\"dateModified\":\"2019-07-02T11:00:16+00:00\",\"mainEntityOfPage\":{\"@id\":\"https:\\\/\\\/www.laguiadepamplona.com\\\/actualidad\\\/la-despedida-de-la-comparsa-de-gigantes-y-cabezudos-en-la-plaza-consistorial-y-el-coletas-protagonizan-el-cupon-de-la-once-del-7-de-julio\\\/\"},\"wordCount\":421,\"commentCount\":0,\"publisher\":{\"@id\":\"https:\\\/\\\/www.laguiadepamplona.com\\\/actualidad\\\/#organization\"},\"image\":{\"@id\":\"https:\\\/\\\/www.laguiadepamplona.com\\\/actualidad\\\/la-despedida-de-la-comparsa-de-gigantes-y-cabezudos-en-la-plaza-consistorial-y-el-coletas-protagonizan-el-cupon-de-la-once-del-7-de-julio\\\/#primaryimage\"},\"thumbnailUrl\":\"https:\\\/\\\/www.laguiadepamplona.com\\\/actualidad\\\/wp-content\\\/uploads\\\/2019\\\/07\\\/19.07.02_presentacion_cupon_once_SF.jpg\",\"articleSection\":[\"Ayto Pamplona\"],\"inLanguage\":\"es\",\"potentialAction\":[{\"@type\":\"CommentAction\",\"name\":\"Comment\",\"target\":[\"https:\\\/\\\/www.laguiadepamplona.com\\\/actualidad\\\/la-despedida-de-la-comparsa-de-gigantes-y-cabezudos-en-la-plaza-consistorial-y-el-coletas-protagonizan-el-cupon-de-la-once-del-7-de-julio\\\/#respond\"]}]},{\"@type\":\"WebPage\",\"@id\":\"https:\\\/\\\/www.laguiadepamplona.com\\\/actualidad\\\/la-despedida-de-la-comparsa-de-gigantes-y-cabezudos-en-la-plaza-consistorial-y-el-coletas-protagonizan-el-cupon-de-la-once-del-7-de-julio\\\/\",\"url\":\"https:\\\/\\\/www.laguiadepamplona.com\\\/actualidad\\\/la-despedida-de-la-comparsa-de-gigantes-y-cabezudos-en-la-plaza-consistorial-y-el-coletas-protagonizan-el-cupon-de-la-once-del-7-de-julio\\\/\",\"name\":\"La despedida de la Comparsa de Gigantes y Cabezudos en la Plaza Consistorial y el Coletas protagonizan el cup\u00f3n de la ONCE del 7 de julio\",\"isPartOf\":{\"@id\":\"https:\\\/\\\/www.laguiadepamplona.com\\\/actualidad\\\/#website\"},\"primaryImageOfPage\":{\"@id\":\"https:\\\/\\\/www.laguiadepamplona.com\\\/actualidad\\\/la-despedida-de-la-comparsa-de-gigantes-y-cabezudos-en-la-plaza-consistorial-y-el-coletas-protagonizan-el-cupon-de-la-once-del-7-de-julio\\\/#primaryimage\"},\"image\":{\"@id\":\"https:\\\/\\\/www.laguiadepamplona.com\\\/actualidad\\\/la-despedida-de-la-comparsa-de-gigantes-y-cabezudos-en-la-plaza-consistorial-y-el-coletas-protagonizan-el-cupon-de-la-once-del-7-de-julio\\\/#primaryimage\"},\"thumbnailUrl\":\"https:\\\/\\\/www.laguiadepamplona.com\\\/actualidad\\\/wp-content\\\/uploads\\\/2019\\\/07\\\/19.07.02_presentacion_cupon_once_SF.jpg\",\"datePublished\":\"2019-07-02T10:57:20+00:00\",\"dateModified\":\"2019-07-02T11:00:16+00:00\",\"breadcrumb\":{\"@id\":\"https:\\\/\\\/www.laguiadepamplona.com\\\/actualidad\\\/la-despedida-de-la-comparsa-de-gigantes-y-cabezudos-en-la-plaza-consistorial-y-el-coletas-protagonizan-el-cupon-de-la-once-del-7-de-julio\\\/#breadcrumb\"},\"inLanguage\":\"es\",\"potentialAction\":[{\"@type\":\"ReadAction\",\"target\":[\"https:\\\/\\\/www.laguiadepamplona.com\\\/actualidad\\\/la-despedida-de-la-comparsa-de-gigantes-y-cabezudos-en-la-plaza-consistorial-y-el-coletas-protagonizan-el-cupon-de-la-once-del-7-de-julio\\\/\"]}]},{\"@type\":\"ImageObject\",\"inLanguage\":\"es\",\"@id\":\"https:\\\/\\\/www.laguiadepamplona.com\\\/actualidad\\\/la-despedida-de-la-comparsa-de-gigantes-y-cabezudos-en-la-plaza-consistorial-y-el-coletas-protagonizan-el-cupon-de-la-once-del-7-de-julio\\\/#primaryimage\",\"url\":\"https:\\\/\\\/www.laguiadepamplona.com\\\/actualidad\\\/wp-content\\\/uploads\\\/2019\\\/07\\\/19.07.02_presentacion_cupon_once_SF.jpg\",\"contentUrl\":\"https:\\\/\\\/www.laguiadepamplona.com\\\/actualidad\\\/wp-content\\\/uploads\\\/2019\\\/07\\\/19.07.02_presentacion_cupon_once_SF.jpg\",\"width\":1900,\"height\":1266},{\"@type\":\"BreadcrumbList\",\"@id\":\"https:\\\/\\\/www.laguiadepamplona.com\\\/actualidad\\\/la-despedida-de-la-comparsa-de-gigantes-y-cabezudos-en-la-plaza-consistorial-y-el-coletas-protagonizan-el-cupon-de-la-once-del-7-de-julio\\\/#breadcrumb\",\"itemListElement\":[{\"@type\":\"ListItem\",\"position\":1,\"name\":\"Portada\",\"item\":\"https:\\\/\\\/www.laguiadepamplona.com\\\/actualidad\\\/\"},{\"@type\":\"ListItem\",\"position\":2,\"name\":\"La despedida de la Comparsa de Gigantes y Cabezudos en la Plaza Consistorial y el Coletas protagonizan el cup\u00f3n de la ONCE del 7 de julio\"}]},{\"@type\":\"WebSite\",\"@id\":\"https:\\\/\\\/www.laguiadepamplona.com\\\/actualidad\\\/#website\",\"url\":\"https:\\\/\\\/www.laguiadepamplona.com\\\/actualidad\\\/\",\"name\":\"La gu\u00eda de Pamplona\",\"description\":\"Noticias de Pamplona\",\"publisher\":{\"@id\":\"https:\\\/\\\/www.laguiadepamplona.com\\\/actualidad\\\/#organization\"},\"potentialAction\":[{\"@type\":\"SearchAction\",\"target\":{\"@type\":\"EntryPoint\",\"urlTemplate\":\"https:\\\/\\\/www.laguiadepamplona.com\\\/actualidad\\\/?s={search_term_string}\"},\"query-input\":{\"@type\":\"PropertyValueSpecification\",\"valueRequired\":true,\"valueName\":\"search_term_string\"}}],\"inLanguage\":\"es\"},{\"@type\":\"Organization\",\"@id\":\"https:\\\/\\\/www.laguiadepamplona.com\\\/actualidad\\\/#organization\",\"name\":\"La Gu\u00eda de Pamplona \\\/ Noticias\",\"url\":\"https:\\\/\\\/www.laguiadepamplona.com\\\/actualidad\\\/\",\"logo\":{\"@type\":\"ImageObject\",\"inLanguage\":\"es\",\"@id\":\"https:\\\/\\\/www.laguiadepamplona.com\\\/actualidad\\\/#\\\/schema\\\/logo\\\/image\\\/\",\"url\":\"https:\\\/\\\/www.laguiadepamplona.com\\\/actualidad\\\/wp-content\\\/uploads\\\/2018\\\/11\\\/logo-laguiadepamplona18-web1.png\",\"contentUrl\":\"https:\\\/\\\/www.laguiadepamplona.com\\\/actualidad\\\/wp-content\\\/uploads\\\/2018\\\/11\\\/logo-laguiadepamplona18-web1.png\",\"width\":600,\"height\":196,\"caption\":\"La Gu\u00eda de Pamplona \\\/ Noticias\"},\"image\":{\"@id\":\"https:\\\/\\\/www.laguiadepamplona.com\\\/actualidad\\\/#\\\/schema\\\/logo\\\/image\\\/\"},\"sameAs\":[\"https:\\\/\\\/www.facebook.com\\\/laguiadepamplonacom-133175176762273\\\/?ref=hl\",\"https:\\\/\\\/x.com\\\/LaGuiadPamplona\",\"https:\\\/\\\/www.instagram.com\\\/la_guia_de_pamplona\\\/\",\"https:\\\/\\\/www.youtube.com\\\/user\\\/laguiadepamplona\"]},{\"@type\":\"Person\",\"@id\":\"https:\\\/\\\/www.laguiadepamplona.com\\\/actualidad\\\/#\\\/schema\\\/person\\\/efe887376f0213d4657c93adc50b1fdb\",\"name\":\"La Gu\u00eda de Pamplona\",\"image\":{\"@type\":\"ImageObject\",\"inLanguage\":\"es\",\"@id\":\"https:\\\/\\\/secure.gravatar.com\\\/avatar\\\/b6992f131dc8d30ab0dff15446e9d346d9dbd95992de0fef795073f5ea83a81c?s=96&d=mm&r=g\",\"url\":\"https:\\\/\\\/secure.gravatar.com\\\/avatar\\\/b6992f131dc8d30ab0dff15446e9d346d9dbd95992de0fef795073f5ea83a81c?s=96&d=mm&r=g\",\"contentUrl\":\"https:\\\/\\\/secure.gravatar.com\\\/avatar\\\/b6992f131dc8d30ab0dff15446e9d346d9dbd95992de0fef795073f5ea83a81c?s=96&d=mm&r=g\",\"caption\":\"La Gu\u00eda de Pamplona\"}}]}<\/script>\n<!-- \/ Yoast SEO plugin. -->","yoast_head_json":{"title":"La despedida de la Comparsa de Gigantes y Cabezudos en la Plaza Consistorial y el Coletas protagonizan el cup\u00f3n de la ONCE del 7 de julio","robots":{"index":"index","follow":"follow","max-snippet":"max-snippet:-1","max-image-preview":"max-image-preview:large","max-video-preview":"max-video-preview:-1"},"canonical":"https:\/\/www.laguiadepamplona.com\/actualidad\/la-despedida-de-la-comparsa-de-gigantes-y-cabezudos-en-la-plaza-consistorial-y-el-coletas-protagonizan-el-cupon-de-la-once-del-7-de-julio\/","og_locale":"es_ES","og_type":"article","og_title":"La despedida de la Comparsa de Gigantes y Cabezudos en la Plaza Consistorial y el Coletas protagonizan el cup\u00f3n de la ONCE del 7 de julio","og_url":"https:\/\/www.laguiadepamplona.com\/actualidad\/la-despedida-de-la-comparsa-de-gigantes-y-cabezudos-en-la-plaza-consistorial-y-el-coletas-protagonizan-el-cupon-de-la-once-del-7-de-julio\/","og_site_name":"La Gu\u00eda de Pamplona","article_publisher":"https:\/\/www.facebook.com\/laguiadepamplonacom-133175176762273\/?ref=hl","article_published_time":"2019-07-02T10:57:20+00:00","article_modified_time":"2019-07-02T11:00:16+00:00","og_image":[{"width":1900,"height":1266,"url":"https:\/\/www.laguiadepamplona.com\/actualidad\/wp-content\/uploads\/2019\/07\/19.07.02_presentacion_cupon_once_SF.jpg","type":"image\/jpeg"}],"author":"La Gu\u00eda de Pamplona","twitter_card":"summary_large_image","twitter_creator":"@LaGuiadPamplona","twitter_site":"@LaGuiadPamplona","twitter_misc":{"Escrito por":"La Gu\u00eda de Pamplona","Tiempo de lectura":"2 minutos"},"schema":{"@context":"https:\/\/schema.org","@graph":[{"@type":"Article","@id":"https:\/\/www.laguiadepamplona.com\/actualidad\/la-despedida-de-la-comparsa-de-gigantes-y-cabezudos-en-la-plaza-consistorial-y-el-coletas-protagonizan-el-cupon-de-la-once-del-7-de-julio\/#article","isPartOf":{"@id":"https:\/\/www.laguiadepamplona.com\/actualidad\/la-despedida-de-la-comparsa-de-gigantes-y-cabezudos-en-la-plaza-consistorial-y-el-coletas-protagonizan-el-cupon-de-la-once-del-7-de-julio\/"},"author":{"name":"La Gu\u00eda de Pamplona","@id":"https:\/\/www.laguiadepamplona.com\/actualidad\/#\/schema\/person\/efe887376f0213d4657c93adc50b1fdb"},"headline":"La despedida de la Comparsa de Gigantes y Cabezudos en la Plaza Consistorial y el Coletas protagonizan el cup\u00f3n de la ONCE del 7 de julio","datePublished":"2019-07-02T10:57:20+00:00","dateModified":"2019-07-02T11:00:16+00:00","mainEntityOfPage":{"@id":"https:\/\/www.laguiadepamplona.com\/actualidad\/la-despedida-de-la-comparsa-de-gigantes-y-cabezudos-en-la-plaza-consistorial-y-el-coletas-protagonizan-el-cupon-de-la-once-del-7-de-julio\/"},"wordCount":421,"commentCount":0,"publisher":{"@id":"https:\/\/www.laguiadepamplona.com\/actualidad\/#organization"},"image":{"@id":"https:\/\/www.laguiadepamplona.com\/actualidad\/la-despedida-de-la-comparsa-de-gigantes-y-cabezudos-en-la-plaza-consistorial-y-el-coletas-protagonizan-el-cupon-de-la-once-del-7-de-julio\/#primaryimage"},"thumbnailUrl":"https:\/\/www.laguiadepamplona.com\/actualidad\/wp-content\/uploads\/2019\/07\/19.07.02_presentacion_cupon_once_SF.jpg","articleSection":["Ayto Pamplona"],"inLanguage":"es","potentialAction":[{"@type":"CommentAction","name":"Comment","target":["https:\/\/www.laguiadepamplona.com\/actualidad\/la-despedida-de-la-comparsa-de-gigantes-y-cabezudos-en-la-plaza-consistorial-y-el-coletas-protagonizan-el-cupon-de-la-once-del-7-de-julio\/#respond"]}]},{"@type":"WebPage","@id":"https:\/\/www.laguiadepamplona.com\/actualidad\/la-despedida-de-la-comparsa-de-gigantes-y-cabezudos-en-la-plaza-consistorial-y-el-coletas-protagonizan-el-cupon-de-la-once-del-7-de-julio\/","url":"https:\/\/www.laguiadepamplona.com\/actualidad\/la-despedida-de-la-comparsa-de-gigantes-y-cabezudos-en-la-plaza-consistorial-y-el-coletas-protagonizan-el-cupon-de-la-once-del-7-de-julio\/","name":"La despedida de la Comparsa de Gigantes y Cabezudos en la Plaza Consistorial y el Coletas protagonizan el cup\u00f3n de la ONCE del 7 de julio","isPartOf":{"@id":"https:\/\/www.laguiadepamplona.com\/actualidad\/#website"},"primaryImageOfPage":{"@id":"https:\/\/www.laguiadepamplona.com\/actualidad\/la-despedida-de-la-comparsa-de-gigantes-y-cabezudos-en-la-plaza-consistorial-y-el-coletas-protagonizan-el-cupon-de-la-once-del-7-de-julio\/#primaryimage"},"image":{"@id":"https:\/\/www.laguiadepamplona.com\/actualidad\/la-despedida-de-la-comparsa-de-gigantes-y-cabezudos-en-la-plaza-consistorial-y-el-coletas-protagonizan-el-cupon-de-la-once-del-7-de-julio\/#primaryimage"},"thumbnailUrl":"https:\/\/www.laguiadepamplona.com\/actualidad\/wp-content\/uploads\/2019\/07\/19.07.02_presentacion_cupon_once_SF.jpg","datePublished":"2019-07-02T10:57:20+00:00","dateModified":"2019-07-02T11:00:16+00:00","breadcrumb":{"@id":"https:\/\/www.laguiadepamplona.com\/actualidad\/la-despedida-de-la-comparsa-de-gigantes-y-cabezudos-en-la-plaza-consistorial-y-el-coletas-protagonizan-el-cupon-de-la-once-del-7-de-julio\/#breadcrumb"},"inLanguage":"es","potentialAction":[{"@type":"ReadAction","target":["https:\/\/www.laguiadepamplona.com\/actualidad\/la-despedida-de-la-comparsa-de-gigantes-y-cabezudos-en-la-plaza-consistorial-y-el-coletas-protagonizan-el-cupon-de-la-once-del-7-de-julio\/"]}]},{"@type":"ImageObject","inLanguage":"es","@id":"https:\/\/www.laguiadepamplona.com\/actualidad\/la-despedida-de-la-comparsa-de-gigantes-y-cabezudos-en-la-plaza-consistorial-y-el-coletas-protagonizan-el-cupon-de-la-once-del-7-de-julio\/#primaryimage","url":"https:\/\/www.laguiadepamplona.com\/actualidad\/wp-content\/uploads\/2019\/07\/19.07.02_presentacion_cupon_once_SF.jpg","contentUrl":"https:\/\/www.laguiadepamplona.com\/actualidad\/wp-content\/uploads\/2019\/07\/19.07.02_presentacion_cupon_once_SF.jpg","width":1900,"height":1266},{"@type":"BreadcrumbList","@id":"https:\/\/www.laguiadepamplona.com\/actualidad\/la-despedida-de-la-comparsa-de-gigantes-y-cabezudos-en-la-plaza-consistorial-y-el-coletas-protagonizan-el-cupon-de-la-once-del-7-de-julio\/#breadcrumb","itemListElement":[{"@type":"ListItem","position":1,"name":"Portada","item":"https:\/\/www.laguiadepamplona.com\/actualidad\/"},{"@type":"ListItem","position":2,"name":"La despedida de la Comparsa de Gigantes y Cabezudos en la Plaza Consistorial y el Coletas protagonizan el cup\u00f3n de la ONCE del 7 de julio"}]},{"@type":"WebSite","@id":"https:\/\/www.laguiadepamplona.com\/actualidad\/#website","url":"https:\/\/www.laguiadepamplona.com\/actualidad\/","name":"La gu\u00eda de Pamplona","description":"Noticias de Pamplona","publisher":{"@id":"https:\/\/www.laguiadepamplona.com\/actualidad\/#organization"},"potentialAction":[{"@type":"SearchAction","target":{"@type":"EntryPoint","urlTemplate":"https:\/\/www.laguiadepamplona.com\/actualidad\/?s={search_term_string}"},"query-input":{"@type":"PropertyValueSpecification","valueRequired":true,"valueName":"search_term_string"}}],"inLanguage":"es"},{"@type":"Organization","@id":"https:\/\/www.laguiadepamplona.com\/actualidad\/#organization","name":"La Gu\u00eda de Pamplona \/ Noticias","url":"https:\/\/www.laguiadepamplona.com\/actualidad\/","logo":{"@type":"ImageObject","inLanguage":"es","@id":"https:\/\/www.laguiadepamplona.com\/actualidad\/#\/schema\/logo\/image\/","url":"https:\/\/www.laguiadepamplona.com\/actualidad\/wp-content\/uploads\/2018\/11\/logo-laguiadepamplona18-web1.png","contentUrl":"https:\/\/www.laguiadepamplona.com\/actualidad\/wp-content\/uploads\/2018\/11\/logo-laguiadepamplona18-web1.png","width":600,"height":196,"caption":"La Gu\u00eda de Pamplona \/ Noticias"},"image":{"@id":"https:\/\/www.laguiadepamplona.com\/actualidad\/#\/schema\/logo\/image\/"},"sameAs":["https:\/\/www.facebook.com\/laguiadepamplonacom-133175176762273\/?ref=hl","https:\/\/x.com\/LaGuiadPamplona","https:\/\/www.instagram.com\/la_guia_de_pamplona\/","https:\/\/www.youtube.com\/user\/laguiadepamplona"]},{"@type":"Person","@id":"https:\/\/www.laguiadepamplona.com\/actualidad\/#\/schema\/person\/efe887376f0213d4657c93adc50b1fdb","name":"La Gu\u00eda de Pamplona","image":{"@type":"ImageObject","inLanguage":"es","@id":"https:\/\/secure.gravatar.com\/avatar\/b6992f131dc8d30ab0dff15446e9d346d9dbd95992de0fef795073f5ea83a81c?s=96&d=mm&r=g","url":"https:\/\/secure.gravatar.com\/avatar\/b6992f131dc8d30ab0dff15446e9d346d9dbd95992de0fef795073f5ea83a81c?s=96&d=mm&r=g","contentUrl":"https:\/\/secure.gravatar.com\/avatar\/b6992f131dc8d30ab0dff15446e9d346d9dbd95992de0fef795073f5ea83a81c?s=96&d=mm&r=g","caption":"La Gu\u00eda de Pamplona"}}]}},"post_mailing_queue_ids":[],"_links":{"self":[{"href":"https:\/\/www.laguiadepamplona.com\/actualidad\/wp-json\/wp\/v2\/posts\/23198","targetHints":{"allow":["GET"]}}],"collection":[{"href":"https:\/\/www.laguiadepamplona.com\/actualidad\/wp-json\/wp\/v2\/posts"}],"about":[{"href":"https:\/\/www.laguiadepamplona.com\/actualidad\/wp-json\/wp\/v2\/types\/post"}],"author":[{"embeddable":true,"href":"https:\/\/www.laguiadepamplona.com\/actualidad\/wp-json\/wp\/v2\/users\/1"}],"replies":[{"embeddable":true,"href":"https:\/\/www.laguiadepamplona.com\/actualidad\/wp-json\/wp\/v2\/comments?post=23198"}],"version-history":[{"count":0,"href":"https:\/\/www.laguiadepamplona.com\/actualidad\/wp-json\/wp\/v2\/posts\/23198\/revisions"}],"wp:featuredmedia":[{"embeddable":true,"href":"https:\/\/www.laguiadepamplona.com\/actualidad\/wp-json\/wp\/v2\/media\/23201"}],"wp:attachment":[{"href":"https:\/\/www.laguiadepamplona.com\/actualidad\/wp-json\/wp\/v2\/media?parent=23198"}],"wp:term":[{"taxonomy":"category","embeddable":true,"href":"https:\/\/www.laguiadepamplona.com\/actualidad\/wp-json\/wp\/v2\/categories?post=23198"},{"taxonomy":"post_tag","embeddable":true,"href":"https:\/\/www.laguiadepamplona.com\/actualidad\/wp-json\/wp\/v2\/tags?post=23198"}],"curies":[{"name":"wp","href":"https:\/\/api.w.org\/{rel}","templated":true}]}}