{"id":23187,"date":"2019-07-01T16:38:45","date_gmt":"2019-07-01T14:38:45","guid":{"rendered":"https:\/\/www.laguiadepamplona.es\/actualidad\/?p=23187"},"modified":"2019-07-01T16:41:08","modified_gmt":"2019-07-01T14:41:08","slug":"manana-por-la-noche-se-esparciran-1-500-litros-de-liquido-antideslizante-en-el-recorrido-del-encierro-entre-la-cuesta-de-santo-domingo-y-mercaderes","status":"publish","type":"post","link":"https:\/\/www.laguiadepamplona.com\/actualidad\/manana-por-la-noche-se-esparciran-1-500-litros-de-liquido-antideslizante-en-el-recorrido-del-encierro-entre-la-cuesta-de-santo-domingo-y-mercaderes\/","title":{"rendered":"Ma\u00f1ana por la noche se esparcir\u00e1n 1.500 litros de l\u00edquido antideslizante en el recorrido del encierro entre la cuesta de Santo Domingo y Mercaderes"},"content":{"rendered":"<p><!--more--><\/p>\n<h3>Hace 15 a\u00f1os de la experiencia piloto con esta sustancia que trata de mejorar la seguridad de la carrera minimizando el riesgo de ca\u00edda<\/h3>\n<p>Comenzando en los corrales de Santo Domingo, ma\u00f1ana por la noche cinco t\u00e9cnicos especializados aplicar\u00e1n con m\u00e9todos tradicionales la soluci\u00f3n qu\u00edmica que, desde hace a\u00f1os, utiliza el Ayuntamiento de Pamplona para tratar de minimizar los riesgos del Encierro. La prueba piloto del sistema se realiz\u00f3 en 2005, por lo que ahora la idea cumple 15 a\u00f1os, aunque fue en 2006 cuando el procedimiento se convirti\u00f3 en estable. Desde esa fecha el tratamiento siempre lo ha realizado la empresa madrile\u00f1a Antideslizantes Pavitec.<\/p>\n<p><strong>Ma\u00f1ana <\/strong><strong>la cita es en la Plaza Consistorial<\/strong><strong> a las 23 horas<\/strong>. Entre esa hora y las 8 de la ma\u00f1ana se ir\u00e1n cubriendo alrededor de 1.700 m<sup>2 <\/sup>(Cuesta de Santo Domingo, Mercaderes y primeros metros de Estafeta) con unos 1.500 litros de este l\u00edquido, por lo que la cobertura es de aproximadamente un litro (0,8 l.) por metro cuadrado tratado. Este ser\u00e1 el cuarto a\u00f1o en el que tambi\u00e9n se realice este tratamiento en el acceso a los Corrales del gas, una operaci\u00f3n que se realizar\u00e1 hacia las 04.00 horas.<\/p>\n<p><script async src=\"\/\/pagead2.googlesyndication.com\/pagead\/js\/adsbygoogle.js\"><\/script><br \/>\n<!-- Noticias La Guia de Pamplona --><br \/>\n<ins class=\"adsbygoogle\"\nstyle=\"display:block\"\ndata-ad-client=\"ca-pub-6943679897239327\"\ndata-ad-slot=\"7048180777\"\ndata-ad-format=\"auto\"><\/ins><br \/>\n<script>\n(adsbygoogle = window.adsbygoogle || []).push({});\n<\/script><\/p>\n<p>El l\u00edquido antideslizante produce una reacci\u00f3n que libera en la parte sil\u00edcea del pavimento los microporos que a lo largo del a\u00f1o se ven embozados por la suciedad o el pulido de las m\u00e1quinas de limpieza. Esos poros, una vez libres, son los que producen el llamado \u201cefecto ventosa\u201d que permite el mejor agarre de las pezu\u00f1as del animal y que funciona especialmente bien en el caso de que el pavimento est\u00e9 mojado. Eso contribuye a evitar la ca\u00edda de las reses y la fragmentaci\u00f3n de las toradas, incrementando la velocidad de la carrera para, en definitiva, minimizar su peligrosidad.<\/p>\n<p>Este a\u00f1o Pavitec ha esparcido antideslizante en espacios p\u00fablicos de Madrid, Coru\u00f1a, Torremolinos, Barcelona, Alicante, Albacete o Burgos, adem\u00e1s de trabajar por toda Espa\u00f1a en tratamiento de suelos de piscinas municipales. Asimismo, la empresa madrile\u00f1a ha realizado intervenciones en ciudades de otros pa\u00edses, como Praga o Viena.<\/p>\n","protected":false},"excerpt":{"rendered":"","protected":false},"author":1,"featured_media":13721,"comment_status":"open","ping_status":"closed","sticky":false,"template":"","format":"standard","meta":{"footnotes":""},"categories":[2],"tags":[],"class_list":["post-23187","post","type-post","status-publish","format-standard","has-post-thumbnail","hentry","category-ayuntamiento-pamplona"],"yoast_head":"<!-- This site is optimized with the Yoast SEO plugin v27.3 - https:\/\/yoast.com\/product\/yoast-seo-wordpress\/ -->\n<title>Ma\u00f1ana por la noche se esparcir\u00e1n 1.500 litros de l\u00edquido antideslizante en el recorrido del encierro entre la cuesta de Santo Domingo y Mercaderes<\/title>\n<meta name=\"robots\" content=\"index, follow, max-snippet:-1, max-image-preview:large, max-video-preview:-1\" \/>\n<link rel=\"canonical\" href=\"https:\/\/www.laguiadepamplona.com\/actualidad\/manana-por-la-noche-se-esparciran-1-500-litros-de-liquido-antideslizante-en-el-recorrido-del-encierro-entre-la-cuesta-de-santo-domingo-y-mercaderes\/\" \/>\n<meta property=\"og:locale\" content=\"es_ES\" \/>\n<meta property=\"og:type\" content=\"article\" \/>\n<meta property=\"og:title\" content=\"Ma\u00f1ana por la noche se esparcir\u00e1n 1.500 litros de l\u00edquido antideslizante en el recorrido del encierro entre la cuesta de Santo Domingo y Mercaderes\" \/>\n<meta property=\"og:url\" content=\"https:\/\/www.laguiadepamplona.com\/actualidad\/manana-por-la-noche-se-esparciran-1-500-litros-de-liquido-antideslizante-en-el-recorrido-del-encierro-entre-la-cuesta-de-santo-domingo-y-mercaderes\/\" \/>\n<meta property=\"og:site_name\" content=\"La Gu\u00eda de Pamplona\" \/>\n<meta property=\"article:publisher\" content=\"https:\/\/www.facebook.com\/laguiadepamplonacom-133175176762273\/?ref=hl\" \/>\n<meta property=\"article:published_time\" content=\"2019-07-01T14:38:45+00:00\" \/>\n<meta property=\"article:modified_time\" content=\"2019-07-01T14:41:08+00:00\" \/>\n<meta property=\"og:image\" content=\"https:\/\/www.laguiadepamplona.com\/actualidad\/wp-content\/uploads\/2017\/06\/encierro-san-fermin.jpg\" \/>\n\t<meta property=\"og:image:width\" content=\"1000\" \/>\n\t<meta property=\"og:image:height\" content=\"667\" \/>\n\t<meta property=\"og:image:type\" content=\"image\/jpeg\" \/>\n<meta name=\"author\" content=\"La Gu\u00eda de Pamplona\" \/>\n<meta name=\"twitter:card\" content=\"summary_large_image\" \/>\n<meta name=\"twitter:creator\" content=\"@LaGuiadPamplona\" \/>\n<meta name=\"twitter:site\" content=\"@LaGuiadPamplona\" \/>\n<meta name=\"twitter:label1\" content=\"Escrito por\" \/>\n\t<meta name=\"twitter:data1\" content=\"La Gu\u00eda de Pamplona\" \/>\n\t<meta name=\"twitter:label2\" content=\"Tiempo de lectura\" \/>\n\t<meta name=\"twitter:data2\" content=\"2 minutos\" \/>\n<script type=\"application\/ld+json\" class=\"yoast-schema-graph\">{\"@context\":\"https:\\\/\\\/schema.org\",\"@graph\":[{\"@type\":\"Article\",\"@id\":\"https:\\\/\\\/www.laguiadepamplona.com\\\/actualidad\\\/manana-por-la-noche-se-esparciran-1-500-litros-de-liquido-antideslizante-en-el-recorrido-del-encierro-entre-la-cuesta-de-santo-domingo-y-mercaderes\\\/#article\",\"isPartOf\":{\"@id\":\"https:\\\/\\\/www.laguiadepamplona.com\\\/actualidad\\\/manana-por-la-noche-se-esparciran-1-500-litros-de-liquido-antideslizante-en-el-recorrido-del-encierro-entre-la-cuesta-de-santo-domingo-y-mercaderes\\\/\"},\"author\":{\"name\":\"La Gu\u00eda de Pamplona\",\"@id\":\"https:\\\/\\\/www.laguiadepamplona.com\\\/actualidad\\\/#\\\/schema\\\/person\\\/efe887376f0213d4657c93adc50b1fdb\"},\"headline\":\"Ma\u00f1ana por la noche se esparcir\u00e1n 1.500 litros de l\u00edquido antideslizante en el recorrido del encierro entre la cuesta de Santo Domingo y Mercaderes\",\"datePublished\":\"2019-07-01T14:38:45+00:00\",\"dateModified\":\"2019-07-01T14:41:08+00:00\",\"mainEntityOfPage\":{\"@id\":\"https:\\\/\\\/www.laguiadepamplona.com\\\/actualidad\\\/manana-por-la-noche-se-esparciran-1-500-litros-de-liquido-antideslizante-en-el-recorrido-del-encierro-entre-la-cuesta-de-santo-domingo-y-mercaderes\\\/\"},\"wordCount\":392,\"commentCount\":0,\"publisher\":{\"@id\":\"https:\\\/\\\/www.laguiadepamplona.com\\\/actualidad\\\/#organization\"},\"image\":{\"@id\":\"https:\\\/\\\/www.laguiadepamplona.com\\\/actualidad\\\/manana-por-la-noche-se-esparciran-1-500-litros-de-liquido-antideslizante-en-el-recorrido-del-encierro-entre-la-cuesta-de-santo-domingo-y-mercaderes\\\/#primaryimage\"},\"thumbnailUrl\":\"https:\\\/\\\/www.laguiadepamplona.com\\\/actualidad\\\/wp-content\\\/uploads\\\/2017\\\/06\\\/encierro-san-fermin.jpg\",\"articleSection\":[\"Ayto Pamplona\"],\"inLanguage\":\"es\",\"potentialAction\":[{\"@type\":\"CommentAction\",\"name\":\"Comment\",\"target\":[\"https:\\\/\\\/www.laguiadepamplona.com\\\/actualidad\\\/manana-por-la-noche-se-esparciran-1-500-litros-de-liquido-antideslizante-en-el-recorrido-del-encierro-entre-la-cuesta-de-santo-domingo-y-mercaderes\\\/#respond\"]}]},{\"@type\":\"WebPage\",\"@id\":\"https:\\\/\\\/www.laguiadepamplona.com\\\/actualidad\\\/manana-por-la-noche-se-esparciran-1-500-litros-de-liquido-antideslizante-en-el-recorrido-del-encierro-entre-la-cuesta-de-santo-domingo-y-mercaderes\\\/\",\"url\":\"https:\\\/\\\/www.laguiadepamplona.com\\\/actualidad\\\/manana-por-la-noche-se-esparciran-1-500-litros-de-liquido-antideslizante-en-el-recorrido-del-encierro-entre-la-cuesta-de-santo-domingo-y-mercaderes\\\/\",\"name\":\"Ma\u00f1ana por la noche se esparcir\u00e1n 1.500 litros de l\u00edquido antideslizante en el recorrido del encierro entre la cuesta de Santo Domingo y Mercaderes\",\"isPartOf\":{\"@id\":\"https:\\\/\\\/www.laguiadepamplona.com\\\/actualidad\\\/#website\"},\"primaryImageOfPage\":{\"@id\":\"https:\\\/\\\/www.laguiadepamplona.com\\\/actualidad\\\/manana-por-la-noche-se-esparciran-1-500-litros-de-liquido-antideslizante-en-el-recorrido-del-encierro-entre-la-cuesta-de-santo-domingo-y-mercaderes\\\/#primaryimage\"},\"image\":{\"@id\":\"https:\\\/\\\/www.laguiadepamplona.com\\\/actualidad\\\/manana-por-la-noche-se-esparciran-1-500-litros-de-liquido-antideslizante-en-el-recorrido-del-encierro-entre-la-cuesta-de-santo-domingo-y-mercaderes\\\/#primaryimage\"},\"thumbnailUrl\":\"https:\\\/\\\/www.laguiadepamplona.com\\\/actualidad\\\/wp-content\\\/uploads\\\/2017\\\/06\\\/encierro-san-fermin.jpg\",\"datePublished\":\"2019-07-01T14:38:45+00:00\",\"dateModified\":\"2019-07-01T14:41:08+00:00\",\"breadcrumb\":{\"@id\":\"https:\\\/\\\/www.laguiadepamplona.com\\\/actualidad\\\/manana-por-la-noche-se-esparciran-1-500-litros-de-liquido-antideslizante-en-el-recorrido-del-encierro-entre-la-cuesta-de-santo-domingo-y-mercaderes\\\/#breadcrumb\"},\"inLanguage\":\"es\",\"potentialAction\":[{\"@type\":\"ReadAction\",\"target\":[\"https:\\\/\\\/www.laguiadepamplona.com\\\/actualidad\\\/manana-por-la-noche-se-esparciran-1-500-litros-de-liquido-antideslizante-en-el-recorrido-del-encierro-entre-la-cuesta-de-santo-domingo-y-mercaderes\\\/\"]}]},{\"@type\":\"ImageObject\",\"inLanguage\":\"es\",\"@id\":\"https:\\\/\\\/www.laguiadepamplona.com\\\/actualidad\\\/manana-por-la-noche-se-esparciran-1-500-litros-de-liquido-antideslizante-en-el-recorrido-del-encierro-entre-la-cuesta-de-santo-domingo-y-mercaderes\\\/#primaryimage\",\"url\":\"https:\\\/\\\/www.laguiadepamplona.com\\\/actualidad\\\/wp-content\\\/uploads\\\/2017\\\/06\\\/encierro-san-fermin.jpg\",\"contentUrl\":\"https:\\\/\\\/www.laguiadepamplona.com\\\/actualidad\\\/wp-content\\\/uploads\\\/2017\\\/06\\\/encierro-san-fermin.jpg\",\"width\":1000,\"height\":667},{\"@type\":\"BreadcrumbList\",\"@id\":\"https:\\\/\\\/www.laguiadepamplona.com\\\/actualidad\\\/manana-por-la-noche-se-esparciran-1-500-litros-de-liquido-antideslizante-en-el-recorrido-del-encierro-entre-la-cuesta-de-santo-domingo-y-mercaderes\\\/#breadcrumb\",\"itemListElement\":[{\"@type\":\"ListItem\",\"position\":1,\"name\":\"Portada\",\"item\":\"https:\\\/\\\/www.laguiadepamplona.com\\\/actualidad\\\/\"},{\"@type\":\"ListItem\",\"position\":2,\"name\":\"Ma\u00f1ana por la noche se esparcir\u00e1n 1.500 litros de l\u00edquido antideslizante en el recorrido del encierro entre la cuesta de Santo Domingo y Mercaderes\"}]},{\"@type\":\"WebSite\",\"@id\":\"https:\\\/\\\/www.laguiadepamplona.com\\\/actualidad\\\/#website\",\"url\":\"https:\\\/\\\/www.laguiadepamplona.com\\\/actualidad\\\/\",\"name\":\"La gu\u00eda de Pamplona\",\"description\":\"Noticias de Pamplona\",\"publisher\":{\"@id\":\"https:\\\/\\\/www.laguiadepamplona.com\\\/actualidad\\\/#organization\"},\"potentialAction\":[{\"@type\":\"SearchAction\",\"target\":{\"@type\":\"EntryPoint\",\"urlTemplate\":\"https:\\\/\\\/www.laguiadepamplona.com\\\/actualidad\\\/?s={search_term_string}\"},\"query-input\":{\"@type\":\"PropertyValueSpecification\",\"valueRequired\":true,\"valueName\":\"search_term_string\"}}],\"inLanguage\":\"es\"},{\"@type\":\"Organization\",\"@id\":\"https:\\\/\\\/www.laguiadepamplona.com\\\/actualidad\\\/#organization\",\"name\":\"La Gu\u00eda de Pamplona \\\/ Noticias\",\"url\":\"https:\\\/\\\/www.laguiadepamplona.com\\\/actualidad\\\/\",\"logo\":{\"@type\":\"ImageObject\",\"inLanguage\":\"es\",\"@id\":\"https:\\\/\\\/www.laguiadepamplona.com\\\/actualidad\\\/#\\\/schema\\\/logo\\\/image\\\/\",\"url\":\"https:\\\/\\\/www.laguiadepamplona.com\\\/actualidad\\\/wp-content\\\/uploads\\\/2018\\\/11\\\/logo-laguiadepamplona18-web1.png\",\"contentUrl\":\"https:\\\/\\\/www.laguiadepamplona.com\\\/actualidad\\\/wp-content\\\/uploads\\\/2018\\\/11\\\/logo-laguiadepamplona18-web1.png\",\"width\":600,\"height\":196,\"caption\":\"La Gu\u00eda de Pamplona \\\/ Noticias\"},\"image\":{\"@id\":\"https:\\\/\\\/www.laguiadepamplona.com\\\/actualidad\\\/#\\\/schema\\\/logo\\\/image\\\/\"},\"sameAs\":[\"https:\\\/\\\/www.facebook.com\\\/laguiadepamplonacom-133175176762273\\\/?ref=hl\",\"https:\\\/\\\/x.com\\\/LaGuiadPamplona\",\"https:\\\/\\\/www.instagram.com\\\/la_guia_de_pamplona\\\/\",\"https:\\\/\\\/www.youtube.com\\\/user\\\/laguiadepamplona\"]},{\"@type\":\"Person\",\"@id\":\"https:\\\/\\\/www.laguiadepamplona.com\\\/actualidad\\\/#\\\/schema\\\/person\\\/efe887376f0213d4657c93adc50b1fdb\",\"name\":\"La Gu\u00eda de Pamplona\",\"image\":{\"@type\":\"ImageObject\",\"inLanguage\":\"es\",\"@id\":\"https:\\\/\\\/secure.gravatar.com\\\/avatar\\\/b6992f131dc8d30ab0dff15446e9d346d9dbd95992de0fef795073f5ea83a81c?s=96&d=mm&r=g\",\"url\":\"https:\\\/\\\/secure.gravatar.com\\\/avatar\\\/b6992f131dc8d30ab0dff15446e9d346d9dbd95992de0fef795073f5ea83a81c?s=96&d=mm&r=g\",\"contentUrl\":\"https:\\\/\\\/secure.gravatar.com\\\/avatar\\\/b6992f131dc8d30ab0dff15446e9d346d9dbd95992de0fef795073f5ea83a81c?s=96&d=mm&r=g\",\"caption\":\"La Gu\u00eda de Pamplona\"}}]}<\/script>\n<!-- \/ Yoast SEO plugin. -->","yoast_head_json":{"title":"Ma\u00f1ana por la noche se esparcir\u00e1n 1.500 litros de l\u00edquido antideslizante en el recorrido del encierro entre la cuesta de Santo Domingo y Mercaderes","robots":{"index":"index","follow":"follow","max-snippet":"max-snippet:-1","max-image-preview":"max-image-preview:large","max-video-preview":"max-video-preview:-1"},"canonical":"https:\/\/www.laguiadepamplona.com\/actualidad\/manana-por-la-noche-se-esparciran-1-500-litros-de-liquido-antideslizante-en-el-recorrido-del-encierro-entre-la-cuesta-de-santo-domingo-y-mercaderes\/","og_locale":"es_ES","og_type":"article","og_title":"Ma\u00f1ana por la noche se esparcir\u00e1n 1.500 litros de l\u00edquido antideslizante en el recorrido del encierro entre la cuesta de Santo Domingo y Mercaderes","og_url":"https:\/\/www.laguiadepamplona.com\/actualidad\/manana-por-la-noche-se-esparciran-1-500-litros-de-liquido-antideslizante-en-el-recorrido-del-encierro-entre-la-cuesta-de-santo-domingo-y-mercaderes\/","og_site_name":"La Gu\u00eda de Pamplona","article_publisher":"https:\/\/www.facebook.com\/laguiadepamplonacom-133175176762273\/?ref=hl","article_published_time":"2019-07-01T14:38:45+00:00","article_modified_time":"2019-07-01T14:41:08+00:00","og_image":[{"width":1000,"height":667,"url":"https:\/\/www.laguiadepamplona.com\/actualidad\/wp-content\/uploads\/2017\/06\/encierro-san-fermin.jpg","type":"image\/jpeg"}],"author":"La Gu\u00eda de Pamplona","twitter_card":"summary_large_image","twitter_creator":"@LaGuiadPamplona","twitter_site":"@LaGuiadPamplona","twitter_misc":{"Escrito por":"La Gu\u00eda de Pamplona","Tiempo de lectura":"2 minutos"},"schema":{"@context":"https:\/\/schema.org","@graph":[{"@type":"Article","@id":"https:\/\/www.laguiadepamplona.com\/actualidad\/manana-por-la-noche-se-esparciran-1-500-litros-de-liquido-antideslizante-en-el-recorrido-del-encierro-entre-la-cuesta-de-santo-domingo-y-mercaderes\/#article","isPartOf":{"@id":"https:\/\/www.laguiadepamplona.com\/actualidad\/manana-por-la-noche-se-esparciran-1-500-litros-de-liquido-antideslizante-en-el-recorrido-del-encierro-entre-la-cuesta-de-santo-domingo-y-mercaderes\/"},"author":{"name":"La Gu\u00eda de Pamplona","@id":"https:\/\/www.laguiadepamplona.com\/actualidad\/#\/schema\/person\/efe887376f0213d4657c93adc50b1fdb"},"headline":"Ma\u00f1ana por la noche se esparcir\u00e1n 1.500 litros de l\u00edquido antideslizante en el recorrido del encierro entre la cuesta de Santo Domingo y Mercaderes","datePublished":"2019-07-01T14:38:45+00:00","dateModified":"2019-07-01T14:41:08+00:00","mainEntityOfPage":{"@id":"https:\/\/www.laguiadepamplona.com\/actualidad\/manana-por-la-noche-se-esparciran-1-500-litros-de-liquido-antideslizante-en-el-recorrido-del-encierro-entre-la-cuesta-de-santo-domingo-y-mercaderes\/"},"wordCount":392,"commentCount":0,"publisher":{"@id":"https:\/\/www.laguiadepamplona.com\/actualidad\/#organization"},"image":{"@id":"https:\/\/www.laguiadepamplona.com\/actualidad\/manana-por-la-noche-se-esparciran-1-500-litros-de-liquido-antideslizante-en-el-recorrido-del-encierro-entre-la-cuesta-de-santo-domingo-y-mercaderes\/#primaryimage"},"thumbnailUrl":"https:\/\/www.laguiadepamplona.com\/actualidad\/wp-content\/uploads\/2017\/06\/encierro-san-fermin.jpg","articleSection":["Ayto Pamplona"],"inLanguage":"es","potentialAction":[{"@type":"CommentAction","name":"Comment","target":["https:\/\/www.laguiadepamplona.com\/actualidad\/manana-por-la-noche-se-esparciran-1-500-litros-de-liquido-antideslizante-en-el-recorrido-del-encierro-entre-la-cuesta-de-santo-domingo-y-mercaderes\/#respond"]}]},{"@type":"WebPage","@id":"https:\/\/www.laguiadepamplona.com\/actualidad\/manana-por-la-noche-se-esparciran-1-500-litros-de-liquido-antideslizante-en-el-recorrido-del-encierro-entre-la-cuesta-de-santo-domingo-y-mercaderes\/","url":"https:\/\/www.laguiadepamplona.com\/actualidad\/manana-por-la-noche-se-esparciran-1-500-litros-de-liquido-antideslizante-en-el-recorrido-del-encierro-entre-la-cuesta-de-santo-domingo-y-mercaderes\/","name":"Ma\u00f1ana por la noche se esparcir\u00e1n 1.500 litros de l\u00edquido antideslizante en el recorrido del encierro entre la cuesta de Santo Domingo y Mercaderes","isPartOf":{"@id":"https:\/\/www.laguiadepamplona.com\/actualidad\/#website"},"primaryImageOfPage":{"@id":"https:\/\/www.laguiadepamplona.com\/actualidad\/manana-por-la-noche-se-esparciran-1-500-litros-de-liquido-antideslizante-en-el-recorrido-del-encierro-entre-la-cuesta-de-santo-domingo-y-mercaderes\/#primaryimage"},"image":{"@id":"https:\/\/www.laguiadepamplona.com\/actualidad\/manana-por-la-noche-se-esparciran-1-500-litros-de-liquido-antideslizante-en-el-recorrido-del-encierro-entre-la-cuesta-de-santo-domingo-y-mercaderes\/#primaryimage"},"thumbnailUrl":"https:\/\/www.laguiadepamplona.com\/actualidad\/wp-content\/uploads\/2017\/06\/encierro-san-fermin.jpg","datePublished":"2019-07-01T14:38:45+00:00","dateModified":"2019-07-01T14:41:08+00:00","breadcrumb":{"@id":"https:\/\/www.laguiadepamplona.com\/actualidad\/manana-por-la-noche-se-esparciran-1-500-litros-de-liquido-antideslizante-en-el-recorrido-del-encierro-entre-la-cuesta-de-santo-domingo-y-mercaderes\/#breadcrumb"},"inLanguage":"es","potentialAction":[{"@type":"ReadAction","target":["https:\/\/www.laguiadepamplona.com\/actualidad\/manana-por-la-noche-se-esparciran-1-500-litros-de-liquido-antideslizante-en-el-recorrido-del-encierro-entre-la-cuesta-de-santo-domingo-y-mercaderes\/"]}]},{"@type":"ImageObject","inLanguage":"es","@id":"https:\/\/www.laguiadepamplona.com\/actualidad\/manana-por-la-noche-se-esparciran-1-500-litros-de-liquido-antideslizante-en-el-recorrido-del-encierro-entre-la-cuesta-de-santo-domingo-y-mercaderes\/#primaryimage","url":"https:\/\/www.laguiadepamplona.com\/actualidad\/wp-content\/uploads\/2017\/06\/encierro-san-fermin.jpg","contentUrl":"https:\/\/www.laguiadepamplona.com\/actualidad\/wp-content\/uploads\/2017\/06\/encierro-san-fermin.jpg","width":1000,"height":667},{"@type":"BreadcrumbList","@id":"https:\/\/www.laguiadepamplona.com\/actualidad\/manana-por-la-noche-se-esparciran-1-500-litros-de-liquido-antideslizante-en-el-recorrido-del-encierro-entre-la-cuesta-de-santo-domingo-y-mercaderes\/#breadcrumb","itemListElement":[{"@type":"ListItem","position":1,"name":"Portada","item":"https:\/\/www.laguiadepamplona.com\/actualidad\/"},{"@type":"ListItem","position":2,"name":"Ma\u00f1ana por la noche se esparcir\u00e1n 1.500 litros de l\u00edquido antideslizante en el recorrido del encierro entre la cuesta de Santo Domingo y Mercaderes"}]},{"@type":"WebSite","@id":"https:\/\/www.laguiadepamplona.com\/actualidad\/#website","url":"https:\/\/www.laguiadepamplona.com\/actualidad\/","name":"La gu\u00eda de Pamplona","description":"Noticias de Pamplona","publisher":{"@id":"https:\/\/www.laguiadepamplona.com\/actualidad\/#organization"},"potentialAction":[{"@type":"SearchAction","target":{"@type":"EntryPoint","urlTemplate":"https:\/\/www.laguiadepamplona.com\/actualidad\/?s={search_term_string}"},"query-input":{"@type":"PropertyValueSpecification","valueRequired":true,"valueName":"search_term_string"}}],"inLanguage":"es"},{"@type":"Organization","@id":"https:\/\/www.laguiadepamplona.com\/actualidad\/#organization","name":"La Gu\u00eda de Pamplona \/ Noticias","url":"https:\/\/www.laguiadepamplona.com\/actualidad\/","logo":{"@type":"ImageObject","inLanguage":"es","@id":"https:\/\/www.laguiadepamplona.com\/actualidad\/#\/schema\/logo\/image\/","url":"https:\/\/www.laguiadepamplona.com\/actualidad\/wp-content\/uploads\/2018\/11\/logo-laguiadepamplona18-web1.png","contentUrl":"https:\/\/www.laguiadepamplona.com\/actualidad\/wp-content\/uploads\/2018\/11\/logo-laguiadepamplona18-web1.png","width":600,"height":196,"caption":"La Gu\u00eda de Pamplona \/ Noticias"},"image":{"@id":"https:\/\/www.laguiadepamplona.com\/actualidad\/#\/schema\/logo\/image\/"},"sameAs":["https:\/\/www.facebook.com\/laguiadepamplonacom-133175176762273\/?ref=hl","https:\/\/x.com\/LaGuiadPamplona","https:\/\/www.instagram.com\/la_guia_de_pamplona\/","https:\/\/www.youtube.com\/user\/laguiadepamplona"]},{"@type":"Person","@id":"https:\/\/www.laguiadepamplona.com\/actualidad\/#\/schema\/person\/efe887376f0213d4657c93adc50b1fdb","name":"La Gu\u00eda de Pamplona","image":{"@type":"ImageObject","inLanguage":"es","@id":"https:\/\/secure.gravatar.com\/avatar\/b6992f131dc8d30ab0dff15446e9d346d9dbd95992de0fef795073f5ea83a81c?s=96&d=mm&r=g","url":"https:\/\/secure.gravatar.com\/avatar\/b6992f131dc8d30ab0dff15446e9d346d9dbd95992de0fef795073f5ea83a81c?s=96&d=mm&r=g","contentUrl":"https:\/\/secure.gravatar.com\/avatar\/b6992f131dc8d30ab0dff15446e9d346d9dbd95992de0fef795073f5ea83a81c?s=96&d=mm&r=g","caption":"La Gu\u00eda de Pamplona"}}]}},"post_mailing_queue_ids":[],"_links":{"self":[{"href":"https:\/\/www.laguiadepamplona.com\/actualidad\/wp-json\/wp\/v2\/posts\/23187","targetHints":{"allow":["GET"]}}],"collection":[{"href":"https:\/\/www.laguiadepamplona.com\/actualidad\/wp-json\/wp\/v2\/posts"}],"about":[{"href":"https:\/\/www.laguiadepamplona.com\/actualidad\/wp-json\/wp\/v2\/types\/post"}],"author":[{"embeddable":true,"href":"https:\/\/www.laguiadepamplona.com\/actualidad\/wp-json\/wp\/v2\/users\/1"}],"replies":[{"embeddable":true,"href":"https:\/\/www.laguiadepamplona.com\/actualidad\/wp-json\/wp\/v2\/comments?post=23187"}],"version-history":[{"count":0,"href":"https:\/\/www.laguiadepamplona.com\/actualidad\/wp-json\/wp\/v2\/posts\/23187\/revisions"}],"wp:featuredmedia":[{"embeddable":true,"href":"https:\/\/www.laguiadepamplona.com\/actualidad\/wp-json\/wp\/v2\/media\/13721"}],"wp:attachment":[{"href":"https:\/\/www.laguiadepamplona.com\/actualidad\/wp-json\/wp\/v2\/media?parent=23187"}],"wp:term":[{"taxonomy":"category","embeddable":true,"href":"https:\/\/www.laguiadepamplona.com\/actualidad\/wp-json\/wp\/v2\/categories?post=23187"},{"taxonomy":"post_tag","embeddable":true,"href":"https:\/\/www.laguiadepamplona.com\/actualidad\/wp-json\/wp\/v2\/tags?post=23187"}],"curies":[{"name":"wp","href":"https:\/\/api.w.org\/{rel}","templated":true}]}}