{"id":23173,"date":"2019-06-28T11:31:40","date_gmt":"2019-06-28T09:31:40","guid":{"rendered":"https:\/\/www.laguiadepamplona.es\/actualidad\/?p=23173"},"modified":"2019-06-28T11:31:40","modified_gmt":"2019-06-28T09:31:40","slug":"la-comedia-dramatica-de-charles-chaplin-el-chico-se-proyectara-este-sabado-a-las-20-horas-en-civivox-condestable","status":"publish","type":"post","link":"https:\/\/www.laguiadepamplona.com\/actualidad\/la-comedia-dramatica-de-charles-chaplin-el-chico-se-proyectara-este-sabado-a-las-20-horas-en-civivox-condestable\/","title":{"rendered":"La comedia dram\u00e1tica de Charles Chaplin \u2018El Chico\u2019 se proyectar\u00e1 este s\u00e1bado a las 20 horas en Civivox Condestable"},"content":{"rendered":"<p><!--more--><\/p>\n<h3>Es el primero de los ocho largometrajes de este autor que ha programado el Ayuntamiento de Pamplona hasta el 30 de agosto<\/h3>\n<p>Este pr\u00f3ximo s\u00e1bado contin\u00faa en Condestable el ciclo de cine dedicado al polifac\u00e9tico actor y director Charles Chaplin. A las 20 horas, con entrada libre previa retirada de invitaciones, se proyectar\u00e1 uno de los filmes m\u00e1s conocidos de su gran personaje Charlot: \u2018El chico\u2019 (EEUU, 1921, 68 minutos). La pel\u00edcula es la historia de un ni\u00f1o abandonado que tropieza un vagabundo que le acoge y que se convertir\u00e1 en su gu\u00eda, dentro de una vida de piller\u00edas. El filme es una comedia dram\u00e1tica dirigida y protagonizada por Charles Chaplin, con Jackie Coogan interpretando al ni\u00f1o y Edna Purviance a la madre soltera que lo abandon\u00f3.<\/p>\n<p><script async src=\"\/\/pagead2.googlesyndication.com\/pagead\/js\/adsbygoogle.js\"><\/script><br \/>\n<!-- Noticias La Guia de Pamplona --><br \/>\n<ins class=\"adsbygoogle\"\nstyle=\"display:block\"\ndata-ad-client=\"ca-pub-6943679897239327\"\ndata-ad-slot=\"7048180777\"\ndata-ad-format=\"auto\"><\/ins><br \/>\n<script>\n(adsbygoogle = window.adsbygoogle || []).push({});\n<\/script><\/p>\n<p>Dicen quienes estudiaron su biograf\u00eda que Chaplin se inspir\u00f3 en la crudeza de sus primeros a\u00f1os para poner en escena esta comedia dram\u00e1tica sobre la pobreza y la infancia. Charles Chaplin, hijo de un padre alcoh\u00f3lico y una artista de variedades que lleg\u00f3 a estar interna en una instituci\u00f3n de salud mental, conoci\u00f3 lo que es la vida en un orfelinato y en una escuela para ni\u00f1os pobres y tuvo que asumir, desde muy peque\u00f1o, el papel de adulto. Como ejemplo desde los 10 a\u00f1os ya trabajaba en una compa\u00f1\u00eda de baile: Los muchachos de Lancashire.<\/p>\n<p>Esta es la cuarta sesi\u00f3n del ciclo \u2018Charles Chaplin\u2019 y da inicio a la proyecci\u00f3n de un conjunto de ocho largometrajes, una propuesta que realizan en colaboraci\u00f3n, desde el pasado 8 de junio, Bilbaoarte y Ayuntamiento de Pamplona.<\/p>\n<p>La siguiente sesi\u00f3n se realizar\u00e1, ya tras los Sanfermines, el pr\u00f3ximo 19 de junio con otro gran cl\u00e1sico de la historia del cine \u2018La quimera de oro\u2019 (EEUU, 1925, 95 minutos). El filme es una de las pel\u00edculas m\u00e1s c\u00e9lebres de Chaplin en la que interpreta a un buscador de oro; alguno de sus fotogramas, como el baile de los panecillos son de los m\u00e1s conocidos en la historia del cine. En 1942 se reestren\u00f3 una versi\u00f3n sonora.<\/p>\n<h3><span style=\"color: #ff0000;\"><strong>Ciclo Charles Chaplin. Largometrajes<\/strong><\/span><\/h3>\n<ul>\n<li><strong>Del 29 de junio al 9 de agosto, a las 20 horas<\/strong><\/li>\n<li><strong>Del 16 al 30 de agosto, a las 19 horas<\/strong><\/li>\n<\/ul>\n<p><span style=\"color: #ff0000;\"><strong>S\u00e1bado 29 junio<\/strong><\/span><\/p>\n<p><strong>El chico (EEUU, 1921, 68 minutos)<\/strong><\/p>\n<p><span style=\"color: #ff0000;\"><strong>Viernes 19 julio<\/strong><\/span><\/p>\n<p><strong>La quimera de oro (EEUU, 1925, 95 minutos)<\/strong><\/p>\n","protected":false},"excerpt":{"rendered":"","protected":false},"author":1,"featured_media":23175,"comment_status":"open","ping_status":"closed","sticky":false,"template":"","format":"standard","meta":{"footnotes":""},"categories":[2],"tags":[],"class_list":["post-23173","post","type-post","status-publish","format-standard","has-post-thumbnail","hentry","category-ayuntamiento-pamplona"],"yoast_head":"<!-- This site is optimized with the Yoast SEO plugin v27.3 - https:\/\/yoast.com\/product\/yoast-seo-wordpress\/ -->\n<title>La comedia dram\u00e1tica de Charles Chaplin \u2018El Chico\u2019 se proyectar\u00e1 este s\u00e1bado a las 20 horas en Civivox Condestable<\/title>\n<meta name=\"robots\" content=\"index, follow, max-snippet:-1, max-image-preview:large, max-video-preview:-1\" \/>\n<link rel=\"canonical\" href=\"https:\/\/www.laguiadepamplona.com\/actualidad\/la-comedia-dramatica-de-charles-chaplin-el-chico-se-proyectara-este-sabado-a-las-20-horas-en-civivox-condestable\/\" \/>\n<meta property=\"og:locale\" content=\"es_ES\" \/>\n<meta property=\"og:type\" content=\"article\" \/>\n<meta property=\"og:title\" content=\"La comedia dram\u00e1tica de Charles Chaplin \u2018El Chico\u2019 se proyectar\u00e1 este s\u00e1bado a las 20 horas en Civivox Condestable\" \/>\n<meta property=\"og:url\" content=\"https:\/\/www.laguiadepamplona.com\/actualidad\/la-comedia-dramatica-de-charles-chaplin-el-chico-se-proyectara-este-sabado-a-las-20-horas-en-civivox-condestable\/\" \/>\n<meta property=\"og:site_name\" content=\"La Gu\u00eda de Pamplona\" \/>\n<meta property=\"article:publisher\" content=\"https:\/\/www.facebook.com\/laguiadepamplonacom-133175176762273\/?ref=hl\" \/>\n<meta property=\"article:published_time\" content=\"2019-06-28T09:31:40+00:00\" \/>\n<meta property=\"og:image\" content=\"https:\/\/www.laguiadepamplona.com\/actualidad\/wp-content\/uploads\/2019\/06\/19.06.28_cine_chaplin_el_chico.jpg\" \/>\n\t<meta property=\"og:image:width\" content=\"870\" \/>\n\t<meta property=\"og:image:height\" content=\"480\" \/>\n\t<meta property=\"og:image:type\" content=\"image\/jpeg\" \/>\n<meta name=\"author\" content=\"La Gu\u00eda de Pamplona\" \/>\n<meta name=\"twitter:card\" content=\"summary_large_image\" \/>\n<meta name=\"twitter:creator\" content=\"@LaGuiadPamplona\" \/>\n<meta name=\"twitter:site\" content=\"@LaGuiadPamplona\" \/>\n<meta name=\"twitter:label1\" content=\"Escrito por\" \/>\n\t<meta name=\"twitter:data1\" content=\"La Gu\u00eda de Pamplona\" \/>\n\t<meta name=\"twitter:label2\" content=\"Tiempo de lectura\" \/>\n\t<meta name=\"twitter:data2\" content=\"2 minutos\" \/>\n<script type=\"application\/ld+json\" class=\"yoast-schema-graph\">{\"@context\":\"https:\\\/\\\/schema.org\",\"@graph\":[{\"@type\":\"Article\",\"@id\":\"https:\\\/\\\/www.laguiadepamplona.com\\\/actualidad\\\/la-comedia-dramatica-de-charles-chaplin-el-chico-se-proyectara-este-sabado-a-las-20-horas-en-civivox-condestable\\\/#article\",\"isPartOf\":{\"@id\":\"https:\\\/\\\/www.laguiadepamplona.com\\\/actualidad\\\/la-comedia-dramatica-de-charles-chaplin-el-chico-se-proyectara-este-sabado-a-las-20-horas-en-civivox-condestable\\\/\"},\"author\":{\"name\":\"La Gu\u00eda de Pamplona\",\"@id\":\"https:\\\/\\\/www.laguiadepamplona.com\\\/actualidad\\\/#\\\/schema\\\/person\\\/efe887376f0213d4657c93adc50b1fdb\"},\"headline\":\"La comedia dram\u00e1tica de Charles Chaplin \u2018El Chico\u2019 se proyectar\u00e1 este s\u00e1bado a las 20 horas en Civivox Condestable\",\"datePublished\":\"2019-06-28T09:31:40+00:00\",\"mainEntityOfPage\":{\"@id\":\"https:\\\/\\\/www.laguiadepamplona.com\\\/actualidad\\\/la-comedia-dramatica-de-charles-chaplin-el-chico-se-proyectara-este-sabado-a-las-20-horas-en-civivox-condestable\\\/\"},\"wordCount\":415,\"commentCount\":0,\"publisher\":{\"@id\":\"https:\\\/\\\/www.laguiadepamplona.com\\\/actualidad\\\/#organization\"},\"image\":{\"@id\":\"https:\\\/\\\/www.laguiadepamplona.com\\\/actualidad\\\/la-comedia-dramatica-de-charles-chaplin-el-chico-se-proyectara-este-sabado-a-las-20-horas-en-civivox-condestable\\\/#primaryimage\"},\"thumbnailUrl\":\"https:\\\/\\\/www.laguiadepamplona.com\\\/actualidad\\\/wp-content\\\/uploads\\\/2019\\\/06\\\/19.06.28_cine_chaplin_el_chico.jpg\",\"articleSection\":[\"Ayto Pamplona\"],\"inLanguage\":\"es\",\"potentialAction\":[{\"@type\":\"CommentAction\",\"name\":\"Comment\",\"target\":[\"https:\\\/\\\/www.laguiadepamplona.com\\\/actualidad\\\/la-comedia-dramatica-de-charles-chaplin-el-chico-se-proyectara-este-sabado-a-las-20-horas-en-civivox-condestable\\\/#respond\"]}]},{\"@type\":\"WebPage\",\"@id\":\"https:\\\/\\\/www.laguiadepamplona.com\\\/actualidad\\\/la-comedia-dramatica-de-charles-chaplin-el-chico-se-proyectara-este-sabado-a-las-20-horas-en-civivox-condestable\\\/\",\"url\":\"https:\\\/\\\/www.laguiadepamplona.com\\\/actualidad\\\/la-comedia-dramatica-de-charles-chaplin-el-chico-se-proyectara-este-sabado-a-las-20-horas-en-civivox-condestable\\\/\",\"name\":\"La comedia dram\u00e1tica de Charles Chaplin \u2018El Chico\u2019 se proyectar\u00e1 este s\u00e1bado a las 20 horas en Civivox Condestable\",\"isPartOf\":{\"@id\":\"https:\\\/\\\/www.laguiadepamplona.com\\\/actualidad\\\/#website\"},\"primaryImageOfPage\":{\"@id\":\"https:\\\/\\\/www.laguiadepamplona.com\\\/actualidad\\\/la-comedia-dramatica-de-charles-chaplin-el-chico-se-proyectara-este-sabado-a-las-20-horas-en-civivox-condestable\\\/#primaryimage\"},\"image\":{\"@id\":\"https:\\\/\\\/www.laguiadepamplona.com\\\/actualidad\\\/la-comedia-dramatica-de-charles-chaplin-el-chico-se-proyectara-este-sabado-a-las-20-horas-en-civivox-condestable\\\/#primaryimage\"},\"thumbnailUrl\":\"https:\\\/\\\/www.laguiadepamplona.com\\\/actualidad\\\/wp-content\\\/uploads\\\/2019\\\/06\\\/19.06.28_cine_chaplin_el_chico.jpg\",\"datePublished\":\"2019-06-28T09:31:40+00:00\",\"breadcrumb\":{\"@id\":\"https:\\\/\\\/www.laguiadepamplona.com\\\/actualidad\\\/la-comedia-dramatica-de-charles-chaplin-el-chico-se-proyectara-este-sabado-a-las-20-horas-en-civivox-condestable\\\/#breadcrumb\"},\"inLanguage\":\"es\",\"potentialAction\":[{\"@type\":\"ReadAction\",\"target\":[\"https:\\\/\\\/www.laguiadepamplona.com\\\/actualidad\\\/la-comedia-dramatica-de-charles-chaplin-el-chico-se-proyectara-este-sabado-a-las-20-horas-en-civivox-condestable\\\/\"]}]},{\"@type\":\"ImageObject\",\"inLanguage\":\"es\",\"@id\":\"https:\\\/\\\/www.laguiadepamplona.com\\\/actualidad\\\/la-comedia-dramatica-de-charles-chaplin-el-chico-se-proyectara-este-sabado-a-las-20-horas-en-civivox-condestable\\\/#primaryimage\",\"url\":\"https:\\\/\\\/www.laguiadepamplona.com\\\/actualidad\\\/wp-content\\\/uploads\\\/2019\\\/06\\\/19.06.28_cine_chaplin_el_chico.jpg\",\"contentUrl\":\"https:\\\/\\\/www.laguiadepamplona.com\\\/actualidad\\\/wp-content\\\/uploads\\\/2019\\\/06\\\/19.06.28_cine_chaplin_el_chico.jpg\",\"width\":870,\"height\":480},{\"@type\":\"BreadcrumbList\",\"@id\":\"https:\\\/\\\/www.laguiadepamplona.com\\\/actualidad\\\/la-comedia-dramatica-de-charles-chaplin-el-chico-se-proyectara-este-sabado-a-las-20-horas-en-civivox-condestable\\\/#breadcrumb\",\"itemListElement\":[{\"@type\":\"ListItem\",\"position\":1,\"name\":\"Portada\",\"item\":\"https:\\\/\\\/www.laguiadepamplona.com\\\/actualidad\\\/\"},{\"@type\":\"ListItem\",\"position\":2,\"name\":\"La comedia dram\u00e1tica de Charles Chaplin \u2018El Chico\u2019 se proyectar\u00e1 este s\u00e1bado a las 20 horas en Civivox Condestable\"}]},{\"@type\":\"WebSite\",\"@id\":\"https:\\\/\\\/www.laguiadepamplona.com\\\/actualidad\\\/#website\",\"url\":\"https:\\\/\\\/www.laguiadepamplona.com\\\/actualidad\\\/\",\"name\":\"La gu\u00eda de Pamplona\",\"description\":\"Noticias de Pamplona\",\"publisher\":{\"@id\":\"https:\\\/\\\/www.laguiadepamplona.com\\\/actualidad\\\/#organization\"},\"potentialAction\":[{\"@type\":\"SearchAction\",\"target\":{\"@type\":\"EntryPoint\",\"urlTemplate\":\"https:\\\/\\\/www.laguiadepamplona.com\\\/actualidad\\\/?s={search_term_string}\"},\"query-input\":{\"@type\":\"PropertyValueSpecification\",\"valueRequired\":true,\"valueName\":\"search_term_string\"}}],\"inLanguage\":\"es\"},{\"@type\":\"Organization\",\"@id\":\"https:\\\/\\\/www.laguiadepamplona.com\\\/actualidad\\\/#organization\",\"name\":\"La Gu\u00eda de Pamplona \\\/ Noticias\",\"url\":\"https:\\\/\\\/www.laguiadepamplona.com\\\/actualidad\\\/\",\"logo\":{\"@type\":\"ImageObject\",\"inLanguage\":\"es\",\"@id\":\"https:\\\/\\\/www.laguiadepamplona.com\\\/actualidad\\\/#\\\/schema\\\/logo\\\/image\\\/\",\"url\":\"https:\\\/\\\/www.laguiadepamplona.com\\\/actualidad\\\/wp-content\\\/uploads\\\/2018\\\/11\\\/logo-laguiadepamplona18-web1.png\",\"contentUrl\":\"https:\\\/\\\/www.laguiadepamplona.com\\\/actualidad\\\/wp-content\\\/uploads\\\/2018\\\/11\\\/logo-laguiadepamplona18-web1.png\",\"width\":600,\"height\":196,\"caption\":\"La Gu\u00eda de Pamplona \\\/ Noticias\"},\"image\":{\"@id\":\"https:\\\/\\\/www.laguiadepamplona.com\\\/actualidad\\\/#\\\/schema\\\/logo\\\/image\\\/\"},\"sameAs\":[\"https:\\\/\\\/www.facebook.com\\\/laguiadepamplonacom-133175176762273\\\/?ref=hl\",\"https:\\\/\\\/x.com\\\/LaGuiadPamplona\",\"https:\\\/\\\/www.instagram.com\\\/la_guia_de_pamplona\\\/\",\"https:\\\/\\\/www.youtube.com\\\/user\\\/laguiadepamplona\"]},{\"@type\":\"Person\",\"@id\":\"https:\\\/\\\/www.laguiadepamplona.com\\\/actualidad\\\/#\\\/schema\\\/person\\\/efe887376f0213d4657c93adc50b1fdb\",\"name\":\"La Gu\u00eda de Pamplona\",\"image\":{\"@type\":\"ImageObject\",\"inLanguage\":\"es\",\"@id\":\"https:\\\/\\\/secure.gravatar.com\\\/avatar\\\/b6992f131dc8d30ab0dff15446e9d346d9dbd95992de0fef795073f5ea83a81c?s=96&d=mm&r=g\",\"url\":\"https:\\\/\\\/secure.gravatar.com\\\/avatar\\\/b6992f131dc8d30ab0dff15446e9d346d9dbd95992de0fef795073f5ea83a81c?s=96&d=mm&r=g\",\"contentUrl\":\"https:\\\/\\\/secure.gravatar.com\\\/avatar\\\/b6992f131dc8d30ab0dff15446e9d346d9dbd95992de0fef795073f5ea83a81c?s=96&d=mm&r=g\",\"caption\":\"La Gu\u00eda de Pamplona\"}}]}<\/script>\n<!-- \/ Yoast SEO plugin. -->","yoast_head_json":{"title":"La comedia dram\u00e1tica de Charles Chaplin \u2018El Chico\u2019 se proyectar\u00e1 este s\u00e1bado a las 20 horas en Civivox Condestable","robots":{"index":"index","follow":"follow","max-snippet":"max-snippet:-1","max-image-preview":"max-image-preview:large","max-video-preview":"max-video-preview:-1"},"canonical":"https:\/\/www.laguiadepamplona.com\/actualidad\/la-comedia-dramatica-de-charles-chaplin-el-chico-se-proyectara-este-sabado-a-las-20-horas-en-civivox-condestable\/","og_locale":"es_ES","og_type":"article","og_title":"La comedia dram\u00e1tica de Charles Chaplin \u2018El Chico\u2019 se proyectar\u00e1 este s\u00e1bado a las 20 horas en Civivox Condestable","og_url":"https:\/\/www.laguiadepamplona.com\/actualidad\/la-comedia-dramatica-de-charles-chaplin-el-chico-se-proyectara-este-sabado-a-las-20-horas-en-civivox-condestable\/","og_site_name":"La Gu\u00eda de Pamplona","article_publisher":"https:\/\/www.facebook.com\/laguiadepamplonacom-133175176762273\/?ref=hl","article_published_time":"2019-06-28T09:31:40+00:00","og_image":[{"width":870,"height":480,"url":"https:\/\/www.laguiadepamplona.com\/actualidad\/wp-content\/uploads\/2019\/06\/19.06.28_cine_chaplin_el_chico.jpg","type":"image\/jpeg"}],"author":"La Gu\u00eda de Pamplona","twitter_card":"summary_large_image","twitter_creator":"@LaGuiadPamplona","twitter_site":"@LaGuiadPamplona","twitter_misc":{"Escrito por":"La Gu\u00eda de Pamplona","Tiempo de lectura":"2 minutos"},"schema":{"@context":"https:\/\/schema.org","@graph":[{"@type":"Article","@id":"https:\/\/www.laguiadepamplona.com\/actualidad\/la-comedia-dramatica-de-charles-chaplin-el-chico-se-proyectara-este-sabado-a-las-20-horas-en-civivox-condestable\/#article","isPartOf":{"@id":"https:\/\/www.laguiadepamplona.com\/actualidad\/la-comedia-dramatica-de-charles-chaplin-el-chico-se-proyectara-este-sabado-a-las-20-horas-en-civivox-condestable\/"},"author":{"name":"La Gu\u00eda de Pamplona","@id":"https:\/\/www.laguiadepamplona.com\/actualidad\/#\/schema\/person\/efe887376f0213d4657c93adc50b1fdb"},"headline":"La comedia dram\u00e1tica de Charles Chaplin \u2018El Chico\u2019 se proyectar\u00e1 este s\u00e1bado a las 20 horas en Civivox Condestable","datePublished":"2019-06-28T09:31:40+00:00","mainEntityOfPage":{"@id":"https:\/\/www.laguiadepamplona.com\/actualidad\/la-comedia-dramatica-de-charles-chaplin-el-chico-se-proyectara-este-sabado-a-las-20-horas-en-civivox-condestable\/"},"wordCount":415,"commentCount":0,"publisher":{"@id":"https:\/\/www.laguiadepamplona.com\/actualidad\/#organization"},"image":{"@id":"https:\/\/www.laguiadepamplona.com\/actualidad\/la-comedia-dramatica-de-charles-chaplin-el-chico-se-proyectara-este-sabado-a-las-20-horas-en-civivox-condestable\/#primaryimage"},"thumbnailUrl":"https:\/\/www.laguiadepamplona.com\/actualidad\/wp-content\/uploads\/2019\/06\/19.06.28_cine_chaplin_el_chico.jpg","articleSection":["Ayto Pamplona"],"inLanguage":"es","potentialAction":[{"@type":"CommentAction","name":"Comment","target":["https:\/\/www.laguiadepamplona.com\/actualidad\/la-comedia-dramatica-de-charles-chaplin-el-chico-se-proyectara-este-sabado-a-las-20-horas-en-civivox-condestable\/#respond"]}]},{"@type":"WebPage","@id":"https:\/\/www.laguiadepamplona.com\/actualidad\/la-comedia-dramatica-de-charles-chaplin-el-chico-se-proyectara-este-sabado-a-las-20-horas-en-civivox-condestable\/","url":"https:\/\/www.laguiadepamplona.com\/actualidad\/la-comedia-dramatica-de-charles-chaplin-el-chico-se-proyectara-este-sabado-a-las-20-horas-en-civivox-condestable\/","name":"La comedia dram\u00e1tica de Charles Chaplin \u2018El Chico\u2019 se proyectar\u00e1 este s\u00e1bado a las 20 horas en Civivox Condestable","isPartOf":{"@id":"https:\/\/www.laguiadepamplona.com\/actualidad\/#website"},"primaryImageOfPage":{"@id":"https:\/\/www.laguiadepamplona.com\/actualidad\/la-comedia-dramatica-de-charles-chaplin-el-chico-se-proyectara-este-sabado-a-las-20-horas-en-civivox-condestable\/#primaryimage"},"image":{"@id":"https:\/\/www.laguiadepamplona.com\/actualidad\/la-comedia-dramatica-de-charles-chaplin-el-chico-se-proyectara-este-sabado-a-las-20-horas-en-civivox-condestable\/#primaryimage"},"thumbnailUrl":"https:\/\/www.laguiadepamplona.com\/actualidad\/wp-content\/uploads\/2019\/06\/19.06.28_cine_chaplin_el_chico.jpg","datePublished":"2019-06-28T09:31:40+00:00","breadcrumb":{"@id":"https:\/\/www.laguiadepamplona.com\/actualidad\/la-comedia-dramatica-de-charles-chaplin-el-chico-se-proyectara-este-sabado-a-las-20-horas-en-civivox-condestable\/#breadcrumb"},"inLanguage":"es","potentialAction":[{"@type":"ReadAction","target":["https:\/\/www.laguiadepamplona.com\/actualidad\/la-comedia-dramatica-de-charles-chaplin-el-chico-se-proyectara-este-sabado-a-las-20-horas-en-civivox-condestable\/"]}]},{"@type":"ImageObject","inLanguage":"es","@id":"https:\/\/www.laguiadepamplona.com\/actualidad\/la-comedia-dramatica-de-charles-chaplin-el-chico-se-proyectara-este-sabado-a-las-20-horas-en-civivox-condestable\/#primaryimage","url":"https:\/\/www.laguiadepamplona.com\/actualidad\/wp-content\/uploads\/2019\/06\/19.06.28_cine_chaplin_el_chico.jpg","contentUrl":"https:\/\/www.laguiadepamplona.com\/actualidad\/wp-content\/uploads\/2019\/06\/19.06.28_cine_chaplin_el_chico.jpg","width":870,"height":480},{"@type":"BreadcrumbList","@id":"https:\/\/www.laguiadepamplona.com\/actualidad\/la-comedia-dramatica-de-charles-chaplin-el-chico-se-proyectara-este-sabado-a-las-20-horas-en-civivox-condestable\/#breadcrumb","itemListElement":[{"@type":"ListItem","position":1,"name":"Portada","item":"https:\/\/www.laguiadepamplona.com\/actualidad\/"},{"@type":"ListItem","position":2,"name":"La comedia dram\u00e1tica de Charles Chaplin \u2018El Chico\u2019 se proyectar\u00e1 este s\u00e1bado a las 20 horas en Civivox Condestable"}]},{"@type":"WebSite","@id":"https:\/\/www.laguiadepamplona.com\/actualidad\/#website","url":"https:\/\/www.laguiadepamplona.com\/actualidad\/","name":"La gu\u00eda de Pamplona","description":"Noticias de Pamplona","publisher":{"@id":"https:\/\/www.laguiadepamplona.com\/actualidad\/#organization"},"potentialAction":[{"@type":"SearchAction","target":{"@type":"EntryPoint","urlTemplate":"https:\/\/www.laguiadepamplona.com\/actualidad\/?s={search_term_string}"},"query-input":{"@type":"PropertyValueSpecification","valueRequired":true,"valueName":"search_term_string"}}],"inLanguage":"es"},{"@type":"Organization","@id":"https:\/\/www.laguiadepamplona.com\/actualidad\/#organization","name":"La Gu\u00eda de Pamplona \/ Noticias","url":"https:\/\/www.laguiadepamplona.com\/actualidad\/","logo":{"@type":"ImageObject","inLanguage":"es","@id":"https:\/\/www.laguiadepamplona.com\/actualidad\/#\/schema\/logo\/image\/","url":"https:\/\/www.laguiadepamplona.com\/actualidad\/wp-content\/uploads\/2018\/11\/logo-laguiadepamplona18-web1.png","contentUrl":"https:\/\/www.laguiadepamplona.com\/actualidad\/wp-content\/uploads\/2018\/11\/logo-laguiadepamplona18-web1.png","width":600,"height":196,"caption":"La Gu\u00eda de Pamplona \/ Noticias"},"image":{"@id":"https:\/\/www.laguiadepamplona.com\/actualidad\/#\/schema\/logo\/image\/"},"sameAs":["https:\/\/www.facebook.com\/laguiadepamplonacom-133175176762273\/?ref=hl","https:\/\/x.com\/LaGuiadPamplona","https:\/\/www.instagram.com\/la_guia_de_pamplona\/","https:\/\/www.youtube.com\/user\/laguiadepamplona"]},{"@type":"Person","@id":"https:\/\/www.laguiadepamplona.com\/actualidad\/#\/schema\/person\/efe887376f0213d4657c93adc50b1fdb","name":"La Gu\u00eda de Pamplona","image":{"@type":"ImageObject","inLanguage":"es","@id":"https:\/\/secure.gravatar.com\/avatar\/b6992f131dc8d30ab0dff15446e9d346d9dbd95992de0fef795073f5ea83a81c?s=96&d=mm&r=g","url":"https:\/\/secure.gravatar.com\/avatar\/b6992f131dc8d30ab0dff15446e9d346d9dbd95992de0fef795073f5ea83a81c?s=96&d=mm&r=g","contentUrl":"https:\/\/secure.gravatar.com\/avatar\/b6992f131dc8d30ab0dff15446e9d346d9dbd95992de0fef795073f5ea83a81c?s=96&d=mm&r=g","caption":"La Gu\u00eda de Pamplona"}}]}},"post_mailing_queue_ids":[],"_links":{"self":[{"href":"https:\/\/www.laguiadepamplona.com\/actualidad\/wp-json\/wp\/v2\/posts\/23173","targetHints":{"allow":["GET"]}}],"collection":[{"href":"https:\/\/www.laguiadepamplona.com\/actualidad\/wp-json\/wp\/v2\/posts"}],"about":[{"href":"https:\/\/www.laguiadepamplona.com\/actualidad\/wp-json\/wp\/v2\/types\/post"}],"author":[{"embeddable":true,"href":"https:\/\/www.laguiadepamplona.com\/actualidad\/wp-json\/wp\/v2\/users\/1"}],"replies":[{"embeddable":true,"href":"https:\/\/www.laguiadepamplona.com\/actualidad\/wp-json\/wp\/v2\/comments?post=23173"}],"version-history":[{"count":0,"href":"https:\/\/www.laguiadepamplona.com\/actualidad\/wp-json\/wp\/v2\/posts\/23173\/revisions"}],"wp:featuredmedia":[{"embeddable":true,"href":"https:\/\/www.laguiadepamplona.com\/actualidad\/wp-json\/wp\/v2\/media\/23175"}],"wp:attachment":[{"href":"https:\/\/www.laguiadepamplona.com\/actualidad\/wp-json\/wp\/v2\/media?parent=23173"}],"wp:term":[{"taxonomy":"category","embeddable":true,"href":"https:\/\/www.laguiadepamplona.com\/actualidad\/wp-json\/wp\/v2\/categories?post=23173"},{"taxonomy":"post_tag","embeddable":true,"href":"https:\/\/www.laguiadepamplona.com\/actualidad\/wp-json\/wp\/v2\/tags?post=23173"}],"curies":[{"name":"wp","href":"https:\/\/api.w.org\/{rel}","templated":true}]}}