{"id":23169,"date":"2019-06-28T11:29:25","date_gmt":"2019-06-28T09:29:25","guid":{"rendered":"https:\/\/www.laguiadepamplona.es\/actualidad\/?p=23169"},"modified":"2019-06-28T11:29:25","modified_gmt":"2019-06-28T09:29:25","slug":"el-programa-oficial-de-san-fermin-2019-ofrece-496-citas-para-disfrutar-de-las-fiestas-a-todas-las-edades","status":"publish","type":"post","link":"https:\/\/www.laguiadepamplona.com\/actualidad\/el-programa-oficial-de-san-fermin-2019-ofrece-496-citas-para-disfrutar-de-las-fiestas-a-todas-las-edades\/","title":{"rendered":"El programa oficial de San Ferm\u00edn 2019 ofrece 496 citas para disfrutar de las fiestas a todas las edades"},"content":{"rendered":"<p><!--more--><\/p>\n<h3>Crece el espacio multideporte de la Media Luna y se consagra la zona joven de fueros, en un programa con 1,36 millones de presupuesto<\/h3>\n<p>El programa oficial de San Ferm\u00edn 2019 ofrece 496 citas para disfrutar de las fiestas a todas las edades. Del 6 al 14 de julio,se han planificado 40 conciertos, 33 verbenas, 144 actuaciones de m\u00fasica de calle, 7 de bandas, y 49 bailes y m\u00fasicas regionales. Habr\u00e1 hasta 162 actos, espect\u00e1culos y actividades para p\u00fablico infantil y familiar, 8 citas con el deporte rural, 11 funciones de teatro y 3 exposiciones, adem\u00e1s de las 8 dianas, 8 encierros y otros 34 actos relacionados con el mundo taurino.<\/p>\n<p>El alcalde de Pamplona, Enrique Maya, y la concejala delegada de Cultura e Igualdad, Mar\u00eda Garc\u00eda Barberena, han presentado esta ma\u00f1ana en rueda de prensa el programa oficial de fiestas, al que el Ayuntamiento ha destinado 1,36 millones del presupuesto municipal, una cifra similar a la del a\u00f1o anterior. Se trata de un programa que ampl\u00eda las zonas infantiles, con m\u00e1s actividades en el espacio multideporte de la Media Luna; consagra la zona joven de fueros, con programaci\u00f3n diaria; y vuelve a apostar por uno de los espect\u00e1culos m\u00e1s concurridos de las fiestas, los fuegos artificiales, con citas internacionales, muchas de ellas de la mano de mujeres pirot\u00e9cnicas.<\/p>\n<p><script async src=\"\/\/pagead2.googlesyndication.com\/pagead\/js\/adsbygoogle.js\"><\/script><br \/>\n<!-- Noticias La Guia de Pamplona --><br \/>\n<ins class=\"adsbygoogle\"\nstyle=\"display:block\"\ndata-ad-client=\"ca-pub-6943679897239327\"\ndata-ad-slot=\"7048180777\"\ndata-ad-format=\"auto\"><\/ins><br \/>\n<script>\n(adsbygoogle = window.adsbygoogle || []).push({});\n<\/script><\/p>\n<p><strong>Como es habitual, habr\u00e1 d\u00eda se\u00f1alados en el calendario sanferminero: el lunes 8 ser\u00e1 el D\u00eda de Bayona y de las Ciudades Hermanas; el mi\u00e9rcoles 10, el d\u00eda infantil; y el viernes 12, el d\u00eda de las personas mayores.<\/strong><\/p>\n<p>El Ayuntamiento ha editado 10.000 ejemplares biling\u00fces del programa, que saldr\u00e1n a la venta el pr\u00f3ximo martes 2 de julio al precio de 2 euros en librer\u00edas, en la Oficina de Turismo y en la t\u00f3mbola. Como es habitual, habr\u00e1 versiones desplegables tambi\u00e9n en euskera, castellano, ingl\u00e9s, franc\u00e9s y alem\u00e1n (63.000). Este a\u00f1o, como novedad, el Ayuntamiento ha colaborado con diferentes entidades y asociaciones para hacer accesible el programa a distintos colectivos, edit\u00e1ndolo en diferentes soportes y formatos. As\u00ed, en colaboraci\u00f3n con CERMIN, se ha editado en v\u00eddeo subtitulado y lengua de signos para personas sordas; se ha hecho una versi\u00f3n accesible para personas con discapacidad visual en colaboraci\u00f3n con la Asociaci\u00f3n de Retina Navarra; y se ha editado en el sistema de escritura Braille en colaboraci\u00f3n con ONCE Navarra. Las distintas versiones est\u00e1n disponibles en la web sanferminoficial.com, adem\u00e1s de a trav\u00e9s de las asociaciones colaboradoras.<\/p>\n<p>Adem\u00e1s, por primera vez se se\u00f1alan en el programa los espacios de actuaciones en la calle habilitados para personas con discapacidad f\u00edsica. Se han reservado espacios para los discapacitados en la Plaza de los Fueros y Plaza del Castillo, todo ello con la finalidad de seguir trabajando por unas fiestas inclusivas.<\/p>\n<p>Por lo que se refiere al dise\u00f1o del programa, este a\u00f1o es obra de la dise\u00f1adora Marisa Mantxola. Su dise\u00f1o muestra un di\u00e1logo entre tipograf\u00eda e imagen, basado en la construcci\u00f3n de collages que recogen escenas de peque\u00f1os gestos y momentos reconocibles durante la fiesta. Las im\u00e1genes se componen con los n\u00fameros de los d\u00edas y fotograf\u00edas reutilizadas y sacadas de su contexto original. El objetivo es que cada persona lo interprete a su manera y sirva como detonador para imaginar su propia fiesta. La tipograf\u00eda utilizada es de la familia Gotham y la Bauer Bodoni, ambas claras, f\u00e1ciles de leer y con car\u00e1cter \u201camable\u201d, seg\u00fan la propia dise\u00f1adora. La paleta de colores utilizada en la maquetaci\u00f3n var\u00eda entre rojo, amarillo, negro y blanco.<\/p>\n<p><strong>M\u00e1s espacios para los m\u00e1s peque\u00f1os<\/strong><\/p>\n<p>El programa de San Ferm\u00edn 2019 reedita las zonas de ocio infantil en la Plaza de la Libertad y en la Taconera, y ampliar\u00e1 el espacio multideporte de la Media Luna, Kirol Ari. Tras el \u00e9xito de la primera edici\u00f3n en 2018, este a\u00f1o se ampliar\u00e1 el n\u00famero de federaciones deportivas participantes, que pasar\u00e1 de 11 a 18. Habr\u00e1 ajedrez, atletismo, b\u00e1dminton, balonmano, deportes adaptados, esgrima, f\u00fatbol, gimnasia, golf, h\u00edpica, p\u00e1del, pelota vasca, pirag\u00fcismo, remo, taekwondo, tiro con arco y herri-kirolak. Aunque el \u00e1rea principal de juegos esta en los fosos del parque de la Media Luna, algunas de las actividades se ubicar\u00e1n dentro del Fuerte de San Bartolom\u00e9 y en el front\u00f3n del Jito, en la trasera del front\u00f3n Labrit. Adem\u00e1s, la actividad de pirag\u00fcismo se llevar\u00e1 a cabo en la instalaci\u00f3n municipal del Molino de Caparroso. Se trata de actividades abiertas, gratuitas, plurales e integradoras, para chicos y chicas de entre 8 y 14 a\u00f1os, todas supervisadas por monitores de las federaciones deportivas colaboradoras.<\/p>\n<p>En Vistabella se abrir\u00e1 por tercer a\u00f1o Birjolastu, un espacio de juego infantil basado en la reutilizaci\u00f3n. Y a la Plaza de la Libertad volver\u00e1n las atracciones, hinchables y espect\u00e1culos de Menudas Fiestas. Desde esta plaza, a la hora de cierre, saldr\u00e1n los pasacalles teatrales a lo largo de la peatonal de Carlos III.<\/p>\n<p>Para p\u00fablico joven y adolescente, de entre 12 y 17 a\u00f1os, se consagra la zona joven de la plaza de los Fueros, que ofrecer\u00e1 una cita diaria verpertina (de 20 a 22.30 horas) con la m\u00fasica y todo tipo de actividades y espect\u00e1culos, desde clases de baile y karaoke, hasta megabarredoras. Por la noche, la plaza de los Fueros volver\u00e1 a ser escenario musical.<\/p>\n<p><script async src=\"\/\/pagead2.googlesyndication.com\/pagead\/js\/adsbygoogle.js\"><\/script><br \/>\n<!-- Noticias La Guia de Pamplona --><br \/>\n<ins class=\"adsbygoogle\"\nstyle=\"display:block\"\ndata-ad-client=\"ca-pub-6943679897239327\"\ndata-ad-slot=\"7048180777\"\ndata-ad-format=\"auto\"><\/ins><br \/>\n<script>\n(adsbygoogle = window.adsbygoogle || []).push({});\n<\/script><\/p>\n<p><strong>Programa de conciertos<\/strong><\/p>\n<p>La plaza de los Fueros vuelve a apostar por el p\u00fablico joven con propuestas actuales de rap y hip hop como Ayax y Prok, La Furia, La Ira o Mafalda, y en la que habr\u00e1 tambi\u00e9n distintos estilos musicales como el rock de Koma y Gabitu o el pop m\u00e1s comercial de Efecto Mariposa y Soraya Arnellas.<\/p>\n<p>En Compa\u00f1\u00eda, se mantienen las sesiones de tarde y de noche con jazz de primer nivel y una variedad de m\u00fasicas del mundo, este a\u00f1o con la presencia del maestro cubano Paquito D\u2019Rivera, la Hot 8 brass band o la formaci\u00f3n colombiana Systema Solar como actuaciones destacadas.<\/p>\n<p>Un a\u00f1o m\u00e1s, la Plaza del Castillo ser\u00e1 espacio de verbenas, con sesiones a las 19 y a las 23.30 horas. Entre otras, contar\u00e1 con la presencia de las orquestas Nueva Etapa, S\u00faper Hollywood, La Fania Perfect, Estrella Central, Jamaica Show, En EsenZia y Nueva Alaska. Tambi\u00e9n habr\u00e1 verbenas en la plaza de la Cruz, a las 20 y a las 23.30 horas con las orquestas Meteoro, Azar, Orquesta Dolce, Para\u00edso y el Grupo Impacto, entre otras. El viernes 12 de julio, d\u00eda de las personas mayores, tendr\u00e1 lugar la actuaci\u00f3n especial de \u2018Los Sirex\u2019, el grupo rockero barcelon\u00e9s de los 60 que populariz\u00f3 \u2018Que se mueran los feos\u2019 y \u2018Qui\u00e9n tuviera una escoba\u2019. El domingo 14 actuar\u00e1n los mariachis de \u2018Elegancia Mexicana\u2019.<\/p>\n<p><strong>Noches de fuegos<\/strong><\/p>\n<p>El Concurso Internacional de Fuegos Artificiales de San Ferm\u00edn 2019 cumplir\u00e1 esta edici\u00f3n 20 a\u00f1os. Seguir\u00e1 buscando los mejores fuegos \u2018de autor\u2019, atrayendo a dise\u00f1adores de Espa\u00f1a, Austria, Francia, Italia, Bulgaria y Canad\u00e1. Destaca la presencia femenina, con cuatro mujeres entre las pirotecnias.<\/p>\n<p>Habr\u00e1 tres ganadores de otros tantos premios dotados con 5.000, 3.000 y 2.000 euros, adem\u00e1s de un trofeo de Javier Muro que representa a San Ferm\u00edn. Se mantiene el premio del p\u00fablico, de tipo honor\u00edfico y donde los asistentes a los fuegos podr\u00e1n seguir votando por su colecci\u00f3n favorita y participando por ello en sorteo de regalos.<\/p>\n<p><strong>Deporte rural, folklore y kalejira<\/strong><\/p>\n<p>Un a\u00f1o m\u00e1s, la pasa de los Fueros acoger\u00e1 del 8 al 14 de julio los campeonatos y exhibiciones de deporte rural habituales en los mediod\u00edas de fiestas con tronza, aizkora, txingas, sokatira o levantamiento de piedra, as\u00ed como exhibiciones de otras modalidades de deporte tradicional.<\/p>\n<p>El Paseo Sarasate seguir\u00e1 siendo epicentro del folklore local, con actuaciones del 8 al 14 de julio a mediod\u00eda y a la tarde. Por la ma\u00f1ana, jotas, de la mano de Voces Navarras, las rondallas Yoar y Jus la Rocha, Voces Riberas, Alegr\u00eda Ribera, La Ribera Canta, Otero del Cid, Roberto Urrutia y Corrientes Navarras. Y por la tarde, sesiones de bertsolaris, danzas, y espect\u00e1culos de magia y teatro con grupos locales.<\/p>\n<p>Dentro de este cap\u00edtulo destaca la 60 edici\u00f3n del Alarde de Txistularis de San Ferm\u00edn, que este a\u00f1o se celebrar\u00e1 el 9 de julio a partir de las 13 horas. \u2018Atzokoaren isladak, etorkizuneko indarra &#8211; Reflejos del ayer, la fuerza del futuro&#8217;\u00a0es el t\u00edtulo del\u00a0<strong>espect\u00e1culo que<\/strong> combinar\u00e1, como es ya habitual desde hace unos a\u00f1os, la m\u00fasica del txistu con representaciones teatrales y homenajes.<\/p>\n<p>El folklore ser\u00e1 el protagonista adem\u00e1s de una nueva edici\u00f3n de la \u2018Kalejira de las culturas\u2019, un espect\u00e1culo estrenado hace dos a\u00f1os en el que participan decenas de grupos y entidades de Pamplona provenientes de diferentes or\u00edgenes y culturas. La cita ser\u00e1 el domingo 14 de julio a las 18.30 horas en la calle Mayor, desde donde partir\u00e1 hacia la Plaza del Castillo.<\/p>\n<p>&nbsp;<\/p>\n<h3><a href=\"http:\/\/sanferminweb.com\" target=\"_blank\" rel=\"noopener noreferrer\"><span style=\"color: #ff0000;\">Todo el programa en nuestra web de La Gu\u00eda de Pamplona &#8211; www.sanferminweb.com<\/span><\/a><\/h3>\n","protected":false},"excerpt":{"rendered":"","protected":false},"author":1,"featured_media":21970,"comment_status":"open","ping_status":"closed","sticky":false,"template":"","format":"standard","meta":{"footnotes":""},"categories":[2],"tags":[],"class_list":["post-23169","post","type-post","status-publish","format-standard","has-post-thumbnail","hentry","category-ayuntamiento-pamplona"],"yoast_head":"<!-- This site is optimized with the Yoast SEO plugin v27.3 - https:\/\/yoast.com\/product\/yoast-seo-wordpress\/ -->\n<title>El programa oficial de San Ferm\u00edn 2019 ofrece 496 citas para disfrutar de las fiestas a todas las edades<\/title>\n<meta name=\"robots\" content=\"index, follow, max-snippet:-1, max-image-preview:large, max-video-preview:-1\" \/>\n<link rel=\"canonical\" href=\"https:\/\/www.laguiadepamplona.com\/actualidad\/el-programa-oficial-de-san-fermin-2019-ofrece-496-citas-para-disfrutar-de-las-fiestas-a-todas-las-edades\/\" \/>\n<meta property=\"og:locale\" content=\"es_ES\" \/>\n<meta property=\"og:type\" content=\"article\" \/>\n<meta property=\"og:title\" content=\"El programa oficial de San Ferm\u00edn 2019 ofrece 496 citas para disfrutar de las fiestas a todas las edades\" \/>\n<meta property=\"og:url\" content=\"https:\/\/www.laguiadepamplona.com\/actualidad\/el-programa-oficial-de-san-fermin-2019-ofrece-496-citas-para-disfrutar-de-las-fiestas-a-todas-las-edades\/\" \/>\n<meta property=\"og:site_name\" content=\"La Gu\u00eda de Pamplona\" \/>\n<meta property=\"article:publisher\" content=\"https:\/\/www.facebook.com\/laguiadepamplonacom-133175176762273\/?ref=hl\" \/>\n<meta property=\"article:published_time\" content=\"2019-06-28T09:29:25+00:00\" \/>\n<meta property=\"og:image\" content=\"https:\/\/www.laguiadepamplona.com\/actualidad\/wp-content\/uploads\/2019\/05\/AYER-SO\u00d1E-CON-UN-6-DE-JULIO-CARTEL-SAN-FERMIN-2019.jpg\" \/>\n\t<meta property=\"og:image:width\" content=\"1233\" \/>\n\t<meta property=\"og:image:height\" content=\"414\" \/>\n\t<meta property=\"og:image:type\" content=\"image\/jpeg\" \/>\n<meta name=\"author\" content=\"La Gu\u00eda de Pamplona\" \/>\n<meta name=\"twitter:card\" content=\"summary_large_image\" \/>\n<meta name=\"twitter:creator\" content=\"@LaGuiadPamplona\" \/>\n<meta name=\"twitter:site\" content=\"@LaGuiadPamplona\" \/>\n<meta name=\"twitter:label1\" content=\"Escrito por\" \/>\n\t<meta name=\"twitter:data1\" content=\"La Gu\u00eda de Pamplona\" \/>\n\t<meta name=\"twitter:label2\" content=\"Tiempo de lectura\" \/>\n\t<meta name=\"twitter:data2\" content=\"8 minutos\" \/>\n<script type=\"application\/ld+json\" class=\"yoast-schema-graph\">{\"@context\":\"https:\\\/\\\/schema.org\",\"@graph\":[{\"@type\":\"Article\",\"@id\":\"https:\\\/\\\/www.laguiadepamplona.com\\\/actualidad\\\/el-programa-oficial-de-san-fermin-2019-ofrece-496-citas-para-disfrutar-de-las-fiestas-a-todas-las-edades\\\/#article\",\"isPartOf\":{\"@id\":\"https:\\\/\\\/www.laguiadepamplona.com\\\/actualidad\\\/el-programa-oficial-de-san-fermin-2019-ofrece-496-citas-para-disfrutar-de-las-fiestas-a-todas-las-edades\\\/\"},\"author\":{\"name\":\"La Gu\u00eda de Pamplona\",\"@id\":\"https:\\\/\\\/www.laguiadepamplona.com\\\/actualidad\\\/#\\\/schema\\\/person\\\/efe887376f0213d4657c93adc50b1fdb\"},\"headline\":\"El programa oficial de San Ferm\u00edn 2019 ofrece 496 citas para disfrutar de las fiestas a todas las edades\",\"datePublished\":\"2019-06-28T09:29:25+00:00\",\"mainEntityOfPage\":{\"@id\":\"https:\\\/\\\/www.laguiadepamplona.com\\\/actualidad\\\/el-programa-oficial-de-san-fermin-2019-ofrece-496-citas-para-disfrutar-de-las-fiestas-a-todas-las-edades\\\/\"},\"wordCount\":1576,\"commentCount\":0,\"publisher\":{\"@id\":\"https:\\\/\\\/www.laguiadepamplona.com\\\/actualidad\\\/#organization\"},\"image\":{\"@id\":\"https:\\\/\\\/www.laguiadepamplona.com\\\/actualidad\\\/el-programa-oficial-de-san-fermin-2019-ofrece-496-citas-para-disfrutar-de-las-fiestas-a-todas-las-edades\\\/#primaryimage\"},\"thumbnailUrl\":\"https:\\\/\\\/www.laguiadepamplona.com\\\/actualidad\\\/wp-content\\\/uploads\\\/2019\\\/05\\\/AYER-SO\u00d1E-CON-UN-6-DE-JULIO-CARTEL-SAN-FERMIN-2019.jpg\",\"articleSection\":[\"Ayto Pamplona\"],\"inLanguage\":\"es\",\"potentialAction\":[{\"@type\":\"CommentAction\",\"name\":\"Comment\",\"target\":[\"https:\\\/\\\/www.laguiadepamplona.com\\\/actualidad\\\/el-programa-oficial-de-san-fermin-2019-ofrece-496-citas-para-disfrutar-de-las-fiestas-a-todas-las-edades\\\/#respond\"]}]},{\"@type\":\"WebPage\",\"@id\":\"https:\\\/\\\/www.laguiadepamplona.com\\\/actualidad\\\/el-programa-oficial-de-san-fermin-2019-ofrece-496-citas-para-disfrutar-de-las-fiestas-a-todas-las-edades\\\/\",\"url\":\"https:\\\/\\\/www.laguiadepamplona.com\\\/actualidad\\\/el-programa-oficial-de-san-fermin-2019-ofrece-496-citas-para-disfrutar-de-las-fiestas-a-todas-las-edades\\\/\",\"name\":\"El programa oficial de San Ferm\u00edn 2019 ofrece 496 citas para disfrutar de las fiestas a todas las edades\",\"isPartOf\":{\"@id\":\"https:\\\/\\\/www.laguiadepamplona.com\\\/actualidad\\\/#website\"},\"primaryImageOfPage\":{\"@id\":\"https:\\\/\\\/www.laguiadepamplona.com\\\/actualidad\\\/el-programa-oficial-de-san-fermin-2019-ofrece-496-citas-para-disfrutar-de-las-fiestas-a-todas-las-edades\\\/#primaryimage\"},\"image\":{\"@id\":\"https:\\\/\\\/www.laguiadepamplona.com\\\/actualidad\\\/el-programa-oficial-de-san-fermin-2019-ofrece-496-citas-para-disfrutar-de-las-fiestas-a-todas-las-edades\\\/#primaryimage\"},\"thumbnailUrl\":\"https:\\\/\\\/www.laguiadepamplona.com\\\/actualidad\\\/wp-content\\\/uploads\\\/2019\\\/05\\\/AYER-SO\u00d1E-CON-UN-6-DE-JULIO-CARTEL-SAN-FERMIN-2019.jpg\",\"datePublished\":\"2019-06-28T09:29:25+00:00\",\"breadcrumb\":{\"@id\":\"https:\\\/\\\/www.laguiadepamplona.com\\\/actualidad\\\/el-programa-oficial-de-san-fermin-2019-ofrece-496-citas-para-disfrutar-de-las-fiestas-a-todas-las-edades\\\/#breadcrumb\"},\"inLanguage\":\"es\",\"potentialAction\":[{\"@type\":\"ReadAction\",\"target\":[\"https:\\\/\\\/www.laguiadepamplona.com\\\/actualidad\\\/el-programa-oficial-de-san-fermin-2019-ofrece-496-citas-para-disfrutar-de-las-fiestas-a-todas-las-edades\\\/\"]}]},{\"@type\":\"ImageObject\",\"inLanguage\":\"es\",\"@id\":\"https:\\\/\\\/www.laguiadepamplona.com\\\/actualidad\\\/el-programa-oficial-de-san-fermin-2019-ofrece-496-citas-para-disfrutar-de-las-fiestas-a-todas-las-edades\\\/#primaryimage\",\"url\":\"https:\\\/\\\/www.laguiadepamplona.com\\\/actualidad\\\/wp-content\\\/uploads\\\/2019\\\/05\\\/AYER-SO\u00d1E-CON-UN-6-DE-JULIO-CARTEL-SAN-FERMIN-2019.jpg\",\"contentUrl\":\"https:\\\/\\\/www.laguiadepamplona.com\\\/actualidad\\\/wp-content\\\/uploads\\\/2019\\\/05\\\/AYER-SO\u00d1E-CON-UN-6-DE-JULIO-CARTEL-SAN-FERMIN-2019.jpg\",\"width\":1233,\"height\":414},{\"@type\":\"BreadcrumbList\",\"@id\":\"https:\\\/\\\/www.laguiadepamplona.com\\\/actualidad\\\/el-programa-oficial-de-san-fermin-2019-ofrece-496-citas-para-disfrutar-de-las-fiestas-a-todas-las-edades\\\/#breadcrumb\",\"itemListElement\":[{\"@type\":\"ListItem\",\"position\":1,\"name\":\"Portada\",\"item\":\"https:\\\/\\\/www.laguiadepamplona.com\\\/actualidad\\\/\"},{\"@type\":\"ListItem\",\"position\":2,\"name\":\"El programa oficial de San Ferm\u00edn 2019 ofrece 496 citas para disfrutar de las fiestas a todas las edades\"}]},{\"@type\":\"WebSite\",\"@id\":\"https:\\\/\\\/www.laguiadepamplona.com\\\/actualidad\\\/#website\",\"url\":\"https:\\\/\\\/www.laguiadepamplona.com\\\/actualidad\\\/\",\"name\":\"La gu\u00eda de Pamplona\",\"description\":\"Noticias de Pamplona\",\"publisher\":{\"@id\":\"https:\\\/\\\/www.laguiadepamplona.com\\\/actualidad\\\/#organization\"},\"potentialAction\":[{\"@type\":\"SearchAction\",\"target\":{\"@type\":\"EntryPoint\",\"urlTemplate\":\"https:\\\/\\\/www.laguiadepamplona.com\\\/actualidad\\\/?s={search_term_string}\"},\"query-input\":{\"@type\":\"PropertyValueSpecification\",\"valueRequired\":true,\"valueName\":\"search_term_string\"}}],\"inLanguage\":\"es\"},{\"@type\":\"Organization\",\"@id\":\"https:\\\/\\\/www.laguiadepamplona.com\\\/actualidad\\\/#organization\",\"name\":\"La Gu\u00eda de Pamplona \\\/ Noticias\",\"url\":\"https:\\\/\\\/www.laguiadepamplona.com\\\/actualidad\\\/\",\"logo\":{\"@type\":\"ImageObject\",\"inLanguage\":\"es\",\"@id\":\"https:\\\/\\\/www.laguiadepamplona.com\\\/actualidad\\\/#\\\/schema\\\/logo\\\/image\\\/\",\"url\":\"https:\\\/\\\/www.laguiadepamplona.com\\\/actualidad\\\/wp-content\\\/uploads\\\/2018\\\/11\\\/logo-laguiadepamplona18-web1.png\",\"contentUrl\":\"https:\\\/\\\/www.laguiadepamplona.com\\\/actualidad\\\/wp-content\\\/uploads\\\/2018\\\/11\\\/logo-laguiadepamplona18-web1.png\",\"width\":600,\"height\":196,\"caption\":\"La Gu\u00eda de Pamplona \\\/ Noticias\"},\"image\":{\"@id\":\"https:\\\/\\\/www.laguiadepamplona.com\\\/actualidad\\\/#\\\/schema\\\/logo\\\/image\\\/\"},\"sameAs\":[\"https:\\\/\\\/www.facebook.com\\\/laguiadepamplonacom-133175176762273\\\/?ref=hl\",\"https:\\\/\\\/x.com\\\/LaGuiadPamplona\",\"https:\\\/\\\/www.instagram.com\\\/la_guia_de_pamplona\\\/\",\"https:\\\/\\\/www.youtube.com\\\/user\\\/laguiadepamplona\"]},{\"@type\":\"Person\",\"@id\":\"https:\\\/\\\/www.laguiadepamplona.com\\\/actualidad\\\/#\\\/schema\\\/person\\\/efe887376f0213d4657c93adc50b1fdb\",\"name\":\"La Gu\u00eda de Pamplona\",\"image\":{\"@type\":\"ImageObject\",\"inLanguage\":\"es\",\"@id\":\"https:\\\/\\\/secure.gravatar.com\\\/avatar\\\/b6992f131dc8d30ab0dff15446e9d346d9dbd95992de0fef795073f5ea83a81c?s=96&d=mm&r=g\",\"url\":\"https:\\\/\\\/secure.gravatar.com\\\/avatar\\\/b6992f131dc8d30ab0dff15446e9d346d9dbd95992de0fef795073f5ea83a81c?s=96&d=mm&r=g\",\"contentUrl\":\"https:\\\/\\\/secure.gravatar.com\\\/avatar\\\/b6992f131dc8d30ab0dff15446e9d346d9dbd95992de0fef795073f5ea83a81c?s=96&d=mm&r=g\",\"caption\":\"La Gu\u00eda de Pamplona\"}}]}<\/script>\n<!-- \/ Yoast SEO plugin. -->","yoast_head_json":{"title":"El programa oficial de San Ferm\u00edn 2019 ofrece 496 citas para disfrutar de las fiestas a todas las edades","robots":{"index":"index","follow":"follow","max-snippet":"max-snippet:-1","max-image-preview":"max-image-preview:large","max-video-preview":"max-video-preview:-1"},"canonical":"https:\/\/www.laguiadepamplona.com\/actualidad\/el-programa-oficial-de-san-fermin-2019-ofrece-496-citas-para-disfrutar-de-las-fiestas-a-todas-las-edades\/","og_locale":"es_ES","og_type":"article","og_title":"El programa oficial de San Ferm\u00edn 2019 ofrece 496 citas para disfrutar de las fiestas a todas las edades","og_url":"https:\/\/www.laguiadepamplona.com\/actualidad\/el-programa-oficial-de-san-fermin-2019-ofrece-496-citas-para-disfrutar-de-las-fiestas-a-todas-las-edades\/","og_site_name":"La Gu\u00eda de Pamplona","article_publisher":"https:\/\/www.facebook.com\/laguiadepamplonacom-133175176762273\/?ref=hl","article_published_time":"2019-06-28T09:29:25+00:00","og_image":[{"width":1233,"height":414,"url":"https:\/\/www.laguiadepamplona.com\/actualidad\/wp-content\/uploads\/2019\/05\/AYER-SO\u00d1E-CON-UN-6-DE-JULIO-CARTEL-SAN-FERMIN-2019.jpg","type":"image\/jpeg"}],"author":"La Gu\u00eda de Pamplona","twitter_card":"summary_large_image","twitter_creator":"@LaGuiadPamplona","twitter_site":"@LaGuiadPamplona","twitter_misc":{"Escrito por":"La Gu\u00eda de Pamplona","Tiempo de lectura":"8 minutos"},"schema":{"@context":"https:\/\/schema.org","@graph":[{"@type":"Article","@id":"https:\/\/www.laguiadepamplona.com\/actualidad\/el-programa-oficial-de-san-fermin-2019-ofrece-496-citas-para-disfrutar-de-las-fiestas-a-todas-las-edades\/#article","isPartOf":{"@id":"https:\/\/www.laguiadepamplona.com\/actualidad\/el-programa-oficial-de-san-fermin-2019-ofrece-496-citas-para-disfrutar-de-las-fiestas-a-todas-las-edades\/"},"author":{"name":"La Gu\u00eda de Pamplona","@id":"https:\/\/www.laguiadepamplona.com\/actualidad\/#\/schema\/person\/efe887376f0213d4657c93adc50b1fdb"},"headline":"El programa oficial de San Ferm\u00edn 2019 ofrece 496 citas para disfrutar de las fiestas a todas las edades","datePublished":"2019-06-28T09:29:25+00:00","mainEntityOfPage":{"@id":"https:\/\/www.laguiadepamplona.com\/actualidad\/el-programa-oficial-de-san-fermin-2019-ofrece-496-citas-para-disfrutar-de-las-fiestas-a-todas-las-edades\/"},"wordCount":1576,"commentCount":0,"publisher":{"@id":"https:\/\/www.laguiadepamplona.com\/actualidad\/#organization"},"image":{"@id":"https:\/\/www.laguiadepamplona.com\/actualidad\/el-programa-oficial-de-san-fermin-2019-ofrece-496-citas-para-disfrutar-de-las-fiestas-a-todas-las-edades\/#primaryimage"},"thumbnailUrl":"https:\/\/www.laguiadepamplona.com\/actualidad\/wp-content\/uploads\/2019\/05\/AYER-SO\u00d1E-CON-UN-6-DE-JULIO-CARTEL-SAN-FERMIN-2019.jpg","articleSection":["Ayto Pamplona"],"inLanguage":"es","potentialAction":[{"@type":"CommentAction","name":"Comment","target":["https:\/\/www.laguiadepamplona.com\/actualidad\/el-programa-oficial-de-san-fermin-2019-ofrece-496-citas-para-disfrutar-de-las-fiestas-a-todas-las-edades\/#respond"]}]},{"@type":"WebPage","@id":"https:\/\/www.laguiadepamplona.com\/actualidad\/el-programa-oficial-de-san-fermin-2019-ofrece-496-citas-para-disfrutar-de-las-fiestas-a-todas-las-edades\/","url":"https:\/\/www.laguiadepamplona.com\/actualidad\/el-programa-oficial-de-san-fermin-2019-ofrece-496-citas-para-disfrutar-de-las-fiestas-a-todas-las-edades\/","name":"El programa oficial de San Ferm\u00edn 2019 ofrece 496 citas para disfrutar de las fiestas a todas las edades","isPartOf":{"@id":"https:\/\/www.laguiadepamplona.com\/actualidad\/#website"},"primaryImageOfPage":{"@id":"https:\/\/www.laguiadepamplona.com\/actualidad\/el-programa-oficial-de-san-fermin-2019-ofrece-496-citas-para-disfrutar-de-las-fiestas-a-todas-las-edades\/#primaryimage"},"image":{"@id":"https:\/\/www.laguiadepamplona.com\/actualidad\/el-programa-oficial-de-san-fermin-2019-ofrece-496-citas-para-disfrutar-de-las-fiestas-a-todas-las-edades\/#primaryimage"},"thumbnailUrl":"https:\/\/www.laguiadepamplona.com\/actualidad\/wp-content\/uploads\/2019\/05\/AYER-SO\u00d1E-CON-UN-6-DE-JULIO-CARTEL-SAN-FERMIN-2019.jpg","datePublished":"2019-06-28T09:29:25+00:00","breadcrumb":{"@id":"https:\/\/www.laguiadepamplona.com\/actualidad\/el-programa-oficial-de-san-fermin-2019-ofrece-496-citas-para-disfrutar-de-las-fiestas-a-todas-las-edades\/#breadcrumb"},"inLanguage":"es","potentialAction":[{"@type":"ReadAction","target":["https:\/\/www.laguiadepamplona.com\/actualidad\/el-programa-oficial-de-san-fermin-2019-ofrece-496-citas-para-disfrutar-de-las-fiestas-a-todas-las-edades\/"]}]},{"@type":"ImageObject","inLanguage":"es","@id":"https:\/\/www.laguiadepamplona.com\/actualidad\/el-programa-oficial-de-san-fermin-2019-ofrece-496-citas-para-disfrutar-de-las-fiestas-a-todas-las-edades\/#primaryimage","url":"https:\/\/www.laguiadepamplona.com\/actualidad\/wp-content\/uploads\/2019\/05\/AYER-SO\u00d1E-CON-UN-6-DE-JULIO-CARTEL-SAN-FERMIN-2019.jpg","contentUrl":"https:\/\/www.laguiadepamplona.com\/actualidad\/wp-content\/uploads\/2019\/05\/AYER-SO\u00d1E-CON-UN-6-DE-JULIO-CARTEL-SAN-FERMIN-2019.jpg","width":1233,"height":414},{"@type":"BreadcrumbList","@id":"https:\/\/www.laguiadepamplona.com\/actualidad\/el-programa-oficial-de-san-fermin-2019-ofrece-496-citas-para-disfrutar-de-las-fiestas-a-todas-las-edades\/#breadcrumb","itemListElement":[{"@type":"ListItem","position":1,"name":"Portada","item":"https:\/\/www.laguiadepamplona.com\/actualidad\/"},{"@type":"ListItem","position":2,"name":"El programa oficial de San Ferm\u00edn 2019 ofrece 496 citas para disfrutar de las fiestas a todas las edades"}]},{"@type":"WebSite","@id":"https:\/\/www.laguiadepamplona.com\/actualidad\/#website","url":"https:\/\/www.laguiadepamplona.com\/actualidad\/","name":"La gu\u00eda de Pamplona","description":"Noticias de Pamplona","publisher":{"@id":"https:\/\/www.laguiadepamplona.com\/actualidad\/#organization"},"potentialAction":[{"@type":"SearchAction","target":{"@type":"EntryPoint","urlTemplate":"https:\/\/www.laguiadepamplona.com\/actualidad\/?s={search_term_string}"},"query-input":{"@type":"PropertyValueSpecification","valueRequired":true,"valueName":"search_term_string"}}],"inLanguage":"es"},{"@type":"Organization","@id":"https:\/\/www.laguiadepamplona.com\/actualidad\/#organization","name":"La Gu\u00eda de Pamplona \/ Noticias","url":"https:\/\/www.laguiadepamplona.com\/actualidad\/","logo":{"@type":"ImageObject","inLanguage":"es","@id":"https:\/\/www.laguiadepamplona.com\/actualidad\/#\/schema\/logo\/image\/","url":"https:\/\/www.laguiadepamplona.com\/actualidad\/wp-content\/uploads\/2018\/11\/logo-laguiadepamplona18-web1.png","contentUrl":"https:\/\/www.laguiadepamplona.com\/actualidad\/wp-content\/uploads\/2018\/11\/logo-laguiadepamplona18-web1.png","width":600,"height":196,"caption":"La Gu\u00eda de Pamplona \/ Noticias"},"image":{"@id":"https:\/\/www.laguiadepamplona.com\/actualidad\/#\/schema\/logo\/image\/"},"sameAs":["https:\/\/www.facebook.com\/laguiadepamplonacom-133175176762273\/?ref=hl","https:\/\/x.com\/LaGuiadPamplona","https:\/\/www.instagram.com\/la_guia_de_pamplona\/","https:\/\/www.youtube.com\/user\/laguiadepamplona"]},{"@type":"Person","@id":"https:\/\/www.laguiadepamplona.com\/actualidad\/#\/schema\/person\/efe887376f0213d4657c93adc50b1fdb","name":"La Gu\u00eda de Pamplona","image":{"@type":"ImageObject","inLanguage":"es","@id":"https:\/\/secure.gravatar.com\/avatar\/b6992f131dc8d30ab0dff15446e9d346d9dbd95992de0fef795073f5ea83a81c?s=96&d=mm&r=g","url":"https:\/\/secure.gravatar.com\/avatar\/b6992f131dc8d30ab0dff15446e9d346d9dbd95992de0fef795073f5ea83a81c?s=96&d=mm&r=g","contentUrl":"https:\/\/secure.gravatar.com\/avatar\/b6992f131dc8d30ab0dff15446e9d346d9dbd95992de0fef795073f5ea83a81c?s=96&d=mm&r=g","caption":"La Gu\u00eda de Pamplona"}}]}},"post_mailing_queue_ids":[],"_links":{"self":[{"href":"https:\/\/www.laguiadepamplona.com\/actualidad\/wp-json\/wp\/v2\/posts\/23169","targetHints":{"allow":["GET"]}}],"collection":[{"href":"https:\/\/www.laguiadepamplona.com\/actualidad\/wp-json\/wp\/v2\/posts"}],"about":[{"href":"https:\/\/www.laguiadepamplona.com\/actualidad\/wp-json\/wp\/v2\/types\/post"}],"author":[{"embeddable":true,"href":"https:\/\/www.laguiadepamplona.com\/actualidad\/wp-json\/wp\/v2\/users\/1"}],"replies":[{"embeddable":true,"href":"https:\/\/www.laguiadepamplona.com\/actualidad\/wp-json\/wp\/v2\/comments?post=23169"}],"version-history":[{"count":0,"href":"https:\/\/www.laguiadepamplona.com\/actualidad\/wp-json\/wp\/v2\/posts\/23169\/revisions"}],"wp:featuredmedia":[{"embeddable":true,"href":"https:\/\/www.laguiadepamplona.com\/actualidad\/wp-json\/wp\/v2\/media\/21970"}],"wp:attachment":[{"href":"https:\/\/www.laguiadepamplona.com\/actualidad\/wp-json\/wp\/v2\/media?parent=23169"}],"wp:term":[{"taxonomy":"category","embeddable":true,"href":"https:\/\/www.laguiadepamplona.com\/actualidad\/wp-json\/wp\/v2\/categories?post=23169"},{"taxonomy":"post_tag","embeddable":true,"href":"https:\/\/www.laguiadepamplona.com\/actualidad\/wp-json\/wp\/v2\/tags?post=23169"}],"curies":[{"name":"wp","href":"https:\/\/api.w.org\/{rel}","templated":true}]}}