{"id":23161,"date":"2019-06-27T17:52:12","date_gmt":"2019-06-27T15:52:12","guid":{"rendered":"https:\/\/www.laguiadepamplona.es\/actualidad\/?p=23161"},"modified":"2019-06-27T17:54:49","modified_gmt":"2019-06-27T15:54:49","slug":"la-junta-de-gobierno-local-aprueba-los-nombramientos-del-director-de-gobierno-estrategico-y-del-director-de-la-asesoria-juridica","status":"publish","type":"post","link":"https:\/\/www.laguiadepamplona.com\/actualidad\/la-junta-de-gobierno-local-aprueba-los-nombramientos-del-director-de-gobierno-estrategico-y-del-director-de-la-asesoria-juridica\/","title":{"rendered":"La Junta de Gobierno Local aprueba los nombramientos del director de Gobierno Estrat\u00e9gico y del director de la Asesor\u00eda Jur\u00eddica"},"content":{"rendered":"<p><!--more--><\/p>\n<h3>Jos\u00e9 Mar\u00eda Jim\u00e9nez Bolea ser\u00e1 gerente y director de Gobierno Estrat\u00e9gico y Gonzalo P\u00e9rez Remondegui, director de la Asesor\u00eda Jur\u00eddica<\/h3>\n<p>La Junta de Gobierno Local del Ayuntamiento de Pamplona ha aprobado este mediod\u00eda los nombramientos de Jos\u00e9 Mar\u00eda Jim\u00e9nez Bolea como gerente municipal y director de Gobierno Estrat\u00e9gico y de Gonzalo P\u00e9rez Remondegui como director de la Asesor\u00eda Jur\u00eddica. Ambos nombramientos se realizan con efectos de 22 de julio.<\/p>\n<p><script async src=\"\/\/pagead2.googlesyndication.com\/pagead\/js\/adsbygoogle.js\"><\/script><br \/>\n<!-- Noticias La Guia de Pamplona --><br \/>\n<ins class=\"adsbygoogle\"\nstyle=\"display:block\"\ndata-ad-client=\"ca-pub-6943679897239327\"\ndata-ad-slot=\"7048180777\"\ndata-ad-format=\"auto\"><\/ins><br \/>\n<script>\n(adsbygoogle = window.adsbygoogle || []).push({});\n<\/script><\/p>\n<p><a href=\"https:\/\/www.laguiadepamplona.es\/actualidad\/wp-content\/uploads\/2019\/06\/19.06.27_Jose_maria_jimenez_bolea.jpg\"><img loading=\"lazy\" decoding=\"async\" class=\"alignleft size-thumbnail wp-image-23164\" src=\"https:\/\/www.laguiadepamplona.es\/actualidad\/wp-content\/uploads\/2019\/06\/19.06.27_Jose_maria_jimenez_bolea-150x150.jpg\" alt=\"\" width=\"150\" height=\"150\" \/><\/a>En el \u00e1rea de Gobierno Estrat\u00e9gico, Comercio y Turismo, Jos\u00e9 Mar\u00eda Jim\u00e9nez Bolea ocupar\u00e1 el cargo de gerente y director de Gobierno Estrat\u00e9gico. Ingeniero Superior Industrial por la Universidad de Zaragoza, es funcionario del Gobierno de Navarra desde 1985. Durante su trayectoria profesional ha ocupado varias jefaturas relacionadas con la gesti\u00f3n Inform\u00e1tica y la organizaci\u00f3n. De 1996 a 2003 fue gerente del Instituto Navarro de Bienestar Social; de 2003 a 2011 fue ya gerente del Ayuntamiento de Pamplona; y de 2011 a 2015, gerente de Tracasa. Desde 2016 hasta la actualidad ha trabajado el prestaciones y conciertos del Servicio Navarro de Salud. Sustituye en el cargo a Arturo Ferrer Arriazu.<\/p>\n<p><a href=\"https:\/\/www.laguiadepamplona.es\/actualidad\/wp-content\/uploads\/2019\/06\/19.06.27_perez_remondegui.jpg\"><img loading=\"lazy\" decoding=\"async\" class=\"alignleft size-thumbnail wp-image-23165\" src=\"https:\/\/www.laguiadepamplona.es\/actualidad\/wp-content\/uploads\/2019\/06\/19.06.27_perez_remondegui-150x150.jpg\" alt=\"\" width=\"150\" height=\"150\" \/><\/a>Gonzalo P\u00e9rez Remondegui, nombrado director de la Asesor\u00eda Jur\u00eddica, es licenciado en Derecho. Funcionario de la Mancomunidad de la Comarca de Pamplona, ha prestado servicios en el Gobierno de Navarra como t\u00e9cnico de Administraci\u00f3n P\u00fablica. De 2003 a 2015 ya fue director de la Asesor\u00eda Jur\u00eddica del Ayuntamiento de Pamplona. En la actualidad era el Director de la Asesor\u00eda Jur\u00eddica de la Mancomunidad de la Comarca de Pamplona. Sustituye en el cargo a Mar\u00eda Victoria Borja Etayo.<\/p>\n<p><a href=\"https:\/\/www.laguiadepamplona.es\/actualidad\/wp-content\/uploads\/2019\/06\/19.06.27_edurne_elio.jpg\"><img loading=\"lazy\" decoding=\"async\" class=\"alignleft size-thumbnail wp-image-23163\" src=\"https:\/\/www.laguiadepamplona.es\/actualidad\/wp-content\/uploads\/2019\/06\/19.06.27_edurne_elio-150x150.jpg\" alt=\"\" width=\"150\" height=\"150\" \/><\/a>Asimismo, por Decreto de Alcald\u00eda, Edurne El\u00edo Aldunate ha sido nombrada periodista adscrita al \u00e1rea de Alcald\u00eda. El\u00edo es licenciada en Periodismo por la Universidad de Navarra (1998), M\u00e1ster en Gesti\u00f3n de Comunicaci\u00f3n Pol\u00edtica y Electoral (Universidad Aut\u00f3noma de Barcelona, 2008) y M\u00e1ster of Business Administration (MBA, UNED, 2018). Funcionaria del Ayuntamiento de Pamplona desde 2006, ha sido directora general de Comunicaci\u00f3n del Gobierno de Navarra (2011-2015) y jefa de gabinete de Econom\u00eda y Hacienda del Gobierno de Navarra (2007-2011). Asimismo, ha trabajado como periodista en Diario de Navarra (1997-2004).<\/p>\n","protected":false},"excerpt":{"rendered":"","protected":false},"author":1,"featured_media":21939,"comment_status":"open","ping_status":"closed","sticky":false,"template":"","format":"standard","meta":{"footnotes":""},"categories":[2],"tags":[],"class_list":["post-23161","post","type-post","status-publish","format-standard","has-post-thumbnail","hentry","category-ayuntamiento-pamplona"],"yoast_head":"<!-- This site is optimized with the Yoast SEO plugin v27.3 - https:\/\/yoast.com\/product\/yoast-seo-wordpress\/ -->\n<title>La Junta de Gobierno Local aprueba los nombramientos del director de Gobierno Estrat\u00e9gico y del director de la Asesor\u00eda Jur\u00eddica<\/title>\n<meta name=\"robots\" content=\"index, follow, max-snippet:-1, max-image-preview:large, max-video-preview:-1\" \/>\n<link rel=\"canonical\" href=\"https:\/\/www.laguiadepamplona.com\/actualidad\/la-junta-de-gobierno-local-aprueba-los-nombramientos-del-director-de-gobierno-estrategico-y-del-director-de-la-asesoria-juridica\/\" \/>\n<meta property=\"og:locale\" content=\"es_ES\" \/>\n<meta property=\"og:type\" content=\"article\" \/>\n<meta property=\"og:title\" content=\"La Junta de Gobierno Local aprueba los nombramientos del director de Gobierno Estrat\u00e9gico y del director de la Asesor\u00eda Jur\u00eddica\" \/>\n<meta property=\"og:url\" content=\"https:\/\/www.laguiadepamplona.com\/actualidad\/la-junta-de-gobierno-local-aprueba-los-nombramientos-del-director-de-gobierno-estrategico-y-del-director-de-la-asesoria-juridica\/\" \/>\n<meta property=\"og:site_name\" content=\"La Gu\u00eda de Pamplona\" \/>\n<meta property=\"article:publisher\" content=\"https:\/\/www.facebook.com\/laguiadepamplonacom-133175176762273\/?ref=hl\" \/>\n<meta property=\"article:published_time\" content=\"2019-06-27T15:52:12+00:00\" \/>\n<meta property=\"article:modified_time\" content=\"2019-06-27T15:54:49+00:00\" \/>\n<meta property=\"og:image\" content=\"https:\/\/www.laguiadepamplona.com\/actualidad\/wp-content\/uploads\/2019\/05\/ayuntamiento-pamplona-laguiadepamplona.jpg\" \/>\n\t<meta property=\"og:image:width\" content=\"1920\" \/>\n\t<meta property=\"og:image:height\" content=\"1100\" \/>\n\t<meta property=\"og:image:type\" content=\"image\/jpeg\" \/>\n<meta name=\"author\" content=\"La Gu\u00eda de Pamplona\" \/>\n<meta name=\"twitter:card\" content=\"summary_large_image\" \/>\n<meta name=\"twitter:creator\" content=\"@LaGuiadPamplona\" \/>\n<meta name=\"twitter:site\" content=\"@LaGuiadPamplona\" \/>\n<meta name=\"twitter:label1\" content=\"Escrito por\" \/>\n\t<meta name=\"twitter:data1\" content=\"La Gu\u00eda de Pamplona\" \/>\n\t<meta name=\"twitter:label2\" content=\"Tiempo de lectura\" \/>\n\t<meta name=\"twitter:data2\" content=\"2 minutos\" \/>\n<script type=\"application\/ld+json\" class=\"yoast-schema-graph\">{\"@context\":\"https:\\\/\\\/schema.org\",\"@graph\":[{\"@type\":\"Article\",\"@id\":\"https:\\\/\\\/www.laguiadepamplona.com\\\/actualidad\\\/la-junta-de-gobierno-local-aprueba-los-nombramientos-del-director-de-gobierno-estrategico-y-del-director-de-la-asesoria-juridica\\\/#article\",\"isPartOf\":{\"@id\":\"https:\\\/\\\/www.laguiadepamplona.com\\\/actualidad\\\/la-junta-de-gobierno-local-aprueba-los-nombramientos-del-director-de-gobierno-estrategico-y-del-director-de-la-asesoria-juridica\\\/\"},\"author\":{\"name\":\"La Gu\u00eda de Pamplona\",\"@id\":\"https:\\\/\\\/www.laguiadepamplona.com\\\/actualidad\\\/#\\\/schema\\\/person\\\/efe887376f0213d4657c93adc50b1fdb\"},\"headline\":\"La Junta de Gobierno Local aprueba los nombramientos del director de Gobierno Estrat\u00e9gico y del director de la Asesor\u00eda Jur\u00eddica\",\"datePublished\":\"2019-06-27T15:52:12+00:00\",\"dateModified\":\"2019-06-27T15:54:49+00:00\",\"mainEntityOfPage\":{\"@id\":\"https:\\\/\\\/www.laguiadepamplona.com\\\/actualidad\\\/la-junta-de-gobierno-local-aprueba-los-nombramientos-del-director-de-gobierno-estrategico-y-del-director-de-la-asesoria-juridica\\\/\"},\"wordCount\":397,\"commentCount\":0,\"publisher\":{\"@id\":\"https:\\\/\\\/www.laguiadepamplona.com\\\/actualidad\\\/#organization\"},\"image\":{\"@id\":\"https:\\\/\\\/www.laguiadepamplona.com\\\/actualidad\\\/la-junta-de-gobierno-local-aprueba-los-nombramientos-del-director-de-gobierno-estrategico-y-del-director-de-la-asesoria-juridica\\\/#primaryimage\"},\"thumbnailUrl\":\"https:\\\/\\\/www.laguiadepamplona.com\\\/actualidad\\\/wp-content\\\/uploads\\\/2019\\\/05\\\/ayuntamiento-pamplona-laguiadepamplona.jpg\",\"articleSection\":[\"Ayto Pamplona\"],\"inLanguage\":\"es\",\"potentialAction\":[{\"@type\":\"CommentAction\",\"name\":\"Comment\",\"target\":[\"https:\\\/\\\/www.laguiadepamplona.com\\\/actualidad\\\/la-junta-de-gobierno-local-aprueba-los-nombramientos-del-director-de-gobierno-estrategico-y-del-director-de-la-asesoria-juridica\\\/#respond\"]}]},{\"@type\":\"WebPage\",\"@id\":\"https:\\\/\\\/www.laguiadepamplona.com\\\/actualidad\\\/la-junta-de-gobierno-local-aprueba-los-nombramientos-del-director-de-gobierno-estrategico-y-del-director-de-la-asesoria-juridica\\\/\",\"url\":\"https:\\\/\\\/www.laguiadepamplona.com\\\/actualidad\\\/la-junta-de-gobierno-local-aprueba-los-nombramientos-del-director-de-gobierno-estrategico-y-del-director-de-la-asesoria-juridica\\\/\",\"name\":\"La Junta de Gobierno Local aprueba los nombramientos del director de Gobierno Estrat\u00e9gico y del director de la Asesor\u00eda Jur\u00eddica\",\"isPartOf\":{\"@id\":\"https:\\\/\\\/www.laguiadepamplona.com\\\/actualidad\\\/#website\"},\"primaryImageOfPage\":{\"@id\":\"https:\\\/\\\/www.laguiadepamplona.com\\\/actualidad\\\/la-junta-de-gobierno-local-aprueba-los-nombramientos-del-director-de-gobierno-estrategico-y-del-director-de-la-asesoria-juridica\\\/#primaryimage\"},\"image\":{\"@id\":\"https:\\\/\\\/www.laguiadepamplona.com\\\/actualidad\\\/la-junta-de-gobierno-local-aprueba-los-nombramientos-del-director-de-gobierno-estrategico-y-del-director-de-la-asesoria-juridica\\\/#primaryimage\"},\"thumbnailUrl\":\"https:\\\/\\\/www.laguiadepamplona.com\\\/actualidad\\\/wp-content\\\/uploads\\\/2019\\\/05\\\/ayuntamiento-pamplona-laguiadepamplona.jpg\",\"datePublished\":\"2019-06-27T15:52:12+00:00\",\"dateModified\":\"2019-06-27T15:54:49+00:00\",\"breadcrumb\":{\"@id\":\"https:\\\/\\\/www.laguiadepamplona.com\\\/actualidad\\\/la-junta-de-gobierno-local-aprueba-los-nombramientos-del-director-de-gobierno-estrategico-y-del-director-de-la-asesoria-juridica\\\/#breadcrumb\"},\"inLanguage\":\"es\",\"potentialAction\":[{\"@type\":\"ReadAction\",\"target\":[\"https:\\\/\\\/www.laguiadepamplona.com\\\/actualidad\\\/la-junta-de-gobierno-local-aprueba-los-nombramientos-del-director-de-gobierno-estrategico-y-del-director-de-la-asesoria-juridica\\\/\"]}]},{\"@type\":\"ImageObject\",\"inLanguage\":\"es\",\"@id\":\"https:\\\/\\\/www.laguiadepamplona.com\\\/actualidad\\\/la-junta-de-gobierno-local-aprueba-los-nombramientos-del-director-de-gobierno-estrategico-y-del-director-de-la-asesoria-juridica\\\/#primaryimage\",\"url\":\"https:\\\/\\\/www.laguiadepamplona.com\\\/actualidad\\\/wp-content\\\/uploads\\\/2019\\\/05\\\/ayuntamiento-pamplona-laguiadepamplona.jpg\",\"contentUrl\":\"https:\\\/\\\/www.laguiadepamplona.com\\\/actualidad\\\/wp-content\\\/uploads\\\/2019\\\/05\\\/ayuntamiento-pamplona-laguiadepamplona.jpg\",\"width\":1920,\"height\":1100},{\"@type\":\"BreadcrumbList\",\"@id\":\"https:\\\/\\\/www.laguiadepamplona.com\\\/actualidad\\\/la-junta-de-gobierno-local-aprueba-los-nombramientos-del-director-de-gobierno-estrategico-y-del-director-de-la-asesoria-juridica\\\/#breadcrumb\",\"itemListElement\":[{\"@type\":\"ListItem\",\"position\":1,\"name\":\"Portada\",\"item\":\"https:\\\/\\\/www.laguiadepamplona.com\\\/actualidad\\\/\"},{\"@type\":\"ListItem\",\"position\":2,\"name\":\"La Junta de Gobierno Local aprueba los nombramientos del director de Gobierno Estrat\u00e9gico y del director de la Asesor\u00eda Jur\u00eddica\"}]},{\"@type\":\"WebSite\",\"@id\":\"https:\\\/\\\/www.laguiadepamplona.com\\\/actualidad\\\/#website\",\"url\":\"https:\\\/\\\/www.laguiadepamplona.com\\\/actualidad\\\/\",\"name\":\"La gu\u00eda de Pamplona\",\"description\":\"Noticias de Pamplona\",\"publisher\":{\"@id\":\"https:\\\/\\\/www.laguiadepamplona.com\\\/actualidad\\\/#organization\"},\"potentialAction\":[{\"@type\":\"SearchAction\",\"target\":{\"@type\":\"EntryPoint\",\"urlTemplate\":\"https:\\\/\\\/www.laguiadepamplona.com\\\/actualidad\\\/?s={search_term_string}\"},\"query-input\":{\"@type\":\"PropertyValueSpecification\",\"valueRequired\":true,\"valueName\":\"search_term_string\"}}],\"inLanguage\":\"es\"},{\"@type\":\"Organization\",\"@id\":\"https:\\\/\\\/www.laguiadepamplona.com\\\/actualidad\\\/#organization\",\"name\":\"La Gu\u00eda de Pamplona \\\/ Noticias\",\"url\":\"https:\\\/\\\/www.laguiadepamplona.com\\\/actualidad\\\/\",\"logo\":{\"@type\":\"ImageObject\",\"inLanguage\":\"es\",\"@id\":\"https:\\\/\\\/www.laguiadepamplona.com\\\/actualidad\\\/#\\\/schema\\\/logo\\\/image\\\/\",\"url\":\"https:\\\/\\\/www.laguiadepamplona.com\\\/actualidad\\\/wp-content\\\/uploads\\\/2018\\\/11\\\/logo-laguiadepamplona18-web1.png\",\"contentUrl\":\"https:\\\/\\\/www.laguiadepamplona.com\\\/actualidad\\\/wp-content\\\/uploads\\\/2018\\\/11\\\/logo-laguiadepamplona18-web1.png\",\"width\":600,\"height\":196,\"caption\":\"La Gu\u00eda de Pamplona \\\/ Noticias\"},\"image\":{\"@id\":\"https:\\\/\\\/www.laguiadepamplona.com\\\/actualidad\\\/#\\\/schema\\\/logo\\\/image\\\/\"},\"sameAs\":[\"https:\\\/\\\/www.facebook.com\\\/laguiadepamplonacom-133175176762273\\\/?ref=hl\",\"https:\\\/\\\/x.com\\\/LaGuiadPamplona\",\"https:\\\/\\\/www.instagram.com\\\/la_guia_de_pamplona\\\/\",\"https:\\\/\\\/www.youtube.com\\\/user\\\/laguiadepamplona\"]},{\"@type\":\"Person\",\"@id\":\"https:\\\/\\\/www.laguiadepamplona.com\\\/actualidad\\\/#\\\/schema\\\/person\\\/efe887376f0213d4657c93adc50b1fdb\",\"name\":\"La Gu\u00eda de Pamplona\",\"image\":{\"@type\":\"ImageObject\",\"inLanguage\":\"es\",\"@id\":\"https:\\\/\\\/secure.gravatar.com\\\/avatar\\\/b6992f131dc8d30ab0dff15446e9d346d9dbd95992de0fef795073f5ea83a81c?s=96&d=mm&r=g\",\"url\":\"https:\\\/\\\/secure.gravatar.com\\\/avatar\\\/b6992f131dc8d30ab0dff15446e9d346d9dbd95992de0fef795073f5ea83a81c?s=96&d=mm&r=g\",\"contentUrl\":\"https:\\\/\\\/secure.gravatar.com\\\/avatar\\\/b6992f131dc8d30ab0dff15446e9d346d9dbd95992de0fef795073f5ea83a81c?s=96&d=mm&r=g\",\"caption\":\"La Gu\u00eda de Pamplona\"}}]}<\/script>\n<!-- \/ Yoast SEO plugin. -->","yoast_head_json":{"title":"La Junta de Gobierno Local aprueba los nombramientos del director de Gobierno Estrat\u00e9gico y del director de la Asesor\u00eda Jur\u00eddica","robots":{"index":"index","follow":"follow","max-snippet":"max-snippet:-1","max-image-preview":"max-image-preview:large","max-video-preview":"max-video-preview:-1"},"canonical":"https:\/\/www.laguiadepamplona.com\/actualidad\/la-junta-de-gobierno-local-aprueba-los-nombramientos-del-director-de-gobierno-estrategico-y-del-director-de-la-asesoria-juridica\/","og_locale":"es_ES","og_type":"article","og_title":"La Junta de Gobierno Local aprueba los nombramientos del director de Gobierno Estrat\u00e9gico y del director de la Asesor\u00eda Jur\u00eddica","og_url":"https:\/\/www.laguiadepamplona.com\/actualidad\/la-junta-de-gobierno-local-aprueba-los-nombramientos-del-director-de-gobierno-estrategico-y-del-director-de-la-asesoria-juridica\/","og_site_name":"La Gu\u00eda de Pamplona","article_publisher":"https:\/\/www.facebook.com\/laguiadepamplonacom-133175176762273\/?ref=hl","article_published_time":"2019-06-27T15:52:12+00:00","article_modified_time":"2019-06-27T15:54:49+00:00","og_image":[{"width":1920,"height":1100,"url":"https:\/\/www.laguiadepamplona.com\/actualidad\/wp-content\/uploads\/2019\/05\/ayuntamiento-pamplona-laguiadepamplona.jpg","type":"image\/jpeg"}],"author":"La Gu\u00eda de Pamplona","twitter_card":"summary_large_image","twitter_creator":"@LaGuiadPamplona","twitter_site":"@LaGuiadPamplona","twitter_misc":{"Escrito por":"La Gu\u00eda de Pamplona","Tiempo de lectura":"2 minutos"},"schema":{"@context":"https:\/\/schema.org","@graph":[{"@type":"Article","@id":"https:\/\/www.laguiadepamplona.com\/actualidad\/la-junta-de-gobierno-local-aprueba-los-nombramientos-del-director-de-gobierno-estrategico-y-del-director-de-la-asesoria-juridica\/#article","isPartOf":{"@id":"https:\/\/www.laguiadepamplona.com\/actualidad\/la-junta-de-gobierno-local-aprueba-los-nombramientos-del-director-de-gobierno-estrategico-y-del-director-de-la-asesoria-juridica\/"},"author":{"name":"La Gu\u00eda de Pamplona","@id":"https:\/\/www.laguiadepamplona.com\/actualidad\/#\/schema\/person\/efe887376f0213d4657c93adc50b1fdb"},"headline":"La Junta de Gobierno Local aprueba los nombramientos del director de Gobierno Estrat\u00e9gico y del director de la Asesor\u00eda Jur\u00eddica","datePublished":"2019-06-27T15:52:12+00:00","dateModified":"2019-06-27T15:54:49+00:00","mainEntityOfPage":{"@id":"https:\/\/www.laguiadepamplona.com\/actualidad\/la-junta-de-gobierno-local-aprueba-los-nombramientos-del-director-de-gobierno-estrategico-y-del-director-de-la-asesoria-juridica\/"},"wordCount":397,"commentCount":0,"publisher":{"@id":"https:\/\/www.laguiadepamplona.com\/actualidad\/#organization"},"image":{"@id":"https:\/\/www.laguiadepamplona.com\/actualidad\/la-junta-de-gobierno-local-aprueba-los-nombramientos-del-director-de-gobierno-estrategico-y-del-director-de-la-asesoria-juridica\/#primaryimage"},"thumbnailUrl":"https:\/\/www.laguiadepamplona.com\/actualidad\/wp-content\/uploads\/2019\/05\/ayuntamiento-pamplona-laguiadepamplona.jpg","articleSection":["Ayto Pamplona"],"inLanguage":"es","potentialAction":[{"@type":"CommentAction","name":"Comment","target":["https:\/\/www.laguiadepamplona.com\/actualidad\/la-junta-de-gobierno-local-aprueba-los-nombramientos-del-director-de-gobierno-estrategico-y-del-director-de-la-asesoria-juridica\/#respond"]}]},{"@type":"WebPage","@id":"https:\/\/www.laguiadepamplona.com\/actualidad\/la-junta-de-gobierno-local-aprueba-los-nombramientos-del-director-de-gobierno-estrategico-y-del-director-de-la-asesoria-juridica\/","url":"https:\/\/www.laguiadepamplona.com\/actualidad\/la-junta-de-gobierno-local-aprueba-los-nombramientos-del-director-de-gobierno-estrategico-y-del-director-de-la-asesoria-juridica\/","name":"La Junta de Gobierno Local aprueba los nombramientos del director de Gobierno Estrat\u00e9gico y del director de la Asesor\u00eda Jur\u00eddica","isPartOf":{"@id":"https:\/\/www.laguiadepamplona.com\/actualidad\/#website"},"primaryImageOfPage":{"@id":"https:\/\/www.laguiadepamplona.com\/actualidad\/la-junta-de-gobierno-local-aprueba-los-nombramientos-del-director-de-gobierno-estrategico-y-del-director-de-la-asesoria-juridica\/#primaryimage"},"image":{"@id":"https:\/\/www.laguiadepamplona.com\/actualidad\/la-junta-de-gobierno-local-aprueba-los-nombramientos-del-director-de-gobierno-estrategico-y-del-director-de-la-asesoria-juridica\/#primaryimage"},"thumbnailUrl":"https:\/\/www.laguiadepamplona.com\/actualidad\/wp-content\/uploads\/2019\/05\/ayuntamiento-pamplona-laguiadepamplona.jpg","datePublished":"2019-06-27T15:52:12+00:00","dateModified":"2019-06-27T15:54:49+00:00","breadcrumb":{"@id":"https:\/\/www.laguiadepamplona.com\/actualidad\/la-junta-de-gobierno-local-aprueba-los-nombramientos-del-director-de-gobierno-estrategico-y-del-director-de-la-asesoria-juridica\/#breadcrumb"},"inLanguage":"es","potentialAction":[{"@type":"ReadAction","target":["https:\/\/www.laguiadepamplona.com\/actualidad\/la-junta-de-gobierno-local-aprueba-los-nombramientos-del-director-de-gobierno-estrategico-y-del-director-de-la-asesoria-juridica\/"]}]},{"@type":"ImageObject","inLanguage":"es","@id":"https:\/\/www.laguiadepamplona.com\/actualidad\/la-junta-de-gobierno-local-aprueba-los-nombramientos-del-director-de-gobierno-estrategico-y-del-director-de-la-asesoria-juridica\/#primaryimage","url":"https:\/\/www.laguiadepamplona.com\/actualidad\/wp-content\/uploads\/2019\/05\/ayuntamiento-pamplona-laguiadepamplona.jpg","contentUrl":"https:\/\/www.laguiadepamplona.com\/actualidad\/wp-content\/uploads\/2019\/05\/ayuntamiento-pamplona-laguiadepamplona.jpg","width":1920,"height":1100},{"@type":"BreadcrumbList","@id":"https:\/\/www.laguiadepamplona.com\/actualidad\/la-junta-de-gobierno-local-aprueba-los-nombramientos-del-director-de-gobierno-estrategico-y-del-director-de-la-asesoria-juridica\/#breadcrumb","itemListElement":[{"@type":"ListItem","position":1,"name":"Portada","item":"https:\/\/www.laguiadepamplona.com\/actualidad\/"},{"@type":"ListItem","position":2,"name":"La Junta de Gobierno Local aprueba los nombramientos del director de Gobierno Estrat\u00e9gico y del director de la Asesor\u00eda Jur\u00eddica"}]},{"@type":"WebSite","@id":"https:\/\/www.laguiadepamplona.com\/actualidad\/#website","url":"https:\/\/www.laguiadepamplona.com\/actualidad\/","name":"La gu\u00eda de Pamplona","description":"Noticias de Pamplona","publisher":{"@id":"https:\/\/www.laguiadepamplona.com\/actualidad\/#organization"},"potentialAction":[{"@type":"SearchAction","target":{"@type":"EntryPoint","urlTemplate":"https:\/\/www.laguiadepamplona.com\/actualidad\/?s={search_term_string}"},"query-input":{"@type":"PropertyValueSpecification","valueRequired":true,"valueName":"search_term_string"}}],"inLanguage":"es"},{"@type":"Organization","@id":"https:\/\/www.laguiadepamplona.com\/actualidad\/#organization","name":"La Gu\u00eda de Pamplona \/ Noticias","url":"https:\/\/www.laguiadepamplona.com\/actualidad\/","logo":{"@type":"ImageObject","inLanguage":"es","@id":"https:\/\/www.laguiadepamplona.com\/actualidad\/#\/schema\/logo\/image\/","url":"https:\/\/www.laguiadepamplona.com\/actualidad\/wp-content\/uploads\/2018\/11\/logo-laguiadepamplona18-web1.png","contentUrl":"https:\/\/www.laguiadepamplona.com\/actualidad\/wp-content\/uploads\/2018\/11\/logo-laguiadepamplona18-web1.png","width":600,"height":196,"caption":"La Gu\u00eda de Pamplona \/ Noticias"},"image":{"@id":"https:\/\/www.laguiadepamplona.com\/actualidad\/#\/schema\/logo\/image\/"},"sameAs":["https:\/\/www.facebook.com\/laguiadepamplonacom-133175176762273\/?ref=hl","https:\/\/x.com\/LaGuiadPamplona","https:\/\/www.instagram.com\/la_guia_de_pamplona\/","https:\/\/www.youtube.com\/user\/laguiadepamplona"]},{"@type":"Person","@id":"https:\/\/www.laguiadepamplona.com\/actualidad\/#\/schema\/person\/efe887376f0213d4657c93adc50b1fdb","name":"La Gu\u00eda de Pamplona","image":{"@type":"ImageObject","inLanguage":"es","@id":"https:\/\/secure.gravatar.com\/avatar\/b6992f131dc8d30ab0dff15446e9d346d9dbd95992de0fef795073f5ea83a81c?s=96&d=mm&r=g","url":"https:\/\/secure.gravatar.com\/avatar\/b6992f131dc8d30ab0dff15446e9d346d9dbd95992de0fef795073f5ea83a81c?s=96&d=mm&r=g","contentUrl":"https:\/\/secure.gravatar.com\/avatar\/b6992f131dc8d30ab0dff15446e9d346d9dbd95992de0fef795073f5ea83a81c?s=96&d=mm&r=g","caption":"La Gu\u00eda de Pamplona"}}]}},"post_mailing_queue_ids":[],"_links":{"self":[{"href":"https:\/\/www.laguiadepamplona.com\/actualidad\/wp-json\/wp\/v2\/posts\/23161","targetHints":{"allow":["GET"]}}],"collection":[{"href":"https:\/\/www.laguiadepamplona.com\/actualidad\/wp-json\/wp\/v2\/posts"}],"about":[{"href":"https:\/\/www.laguiadepamplona.com\/actualidad\/wp-json\/wp\/v2\/types\/post"}],"author":[{"embeddable":true,"href":"https:\/\/www.laguiadepamplona.com\/actualidad\/wp-json\/wp\/v2\/users\/1"}],"replies":[{"embeddable":true,"href":"https:\/\/www.laguiadepamplona.com\/actualidad\/wp-json\/wp\/v2\/comments?post=23161"}],"version-history":[{"count":0,"href":"https:\/\/www.laguiadepamplona.com\/actualidad\/wp-json\/wp\/v2\/posts\/23161\/revisions"}],"wp:featuredmedia":[{"embeddable":true,"href":"https:\/\/www.laguiadepamplona.com\/actualidad\/wp-json\/wp\/v2\/media\/21939"}],"wp:attachment":[{"href":"https:\/\/www.laguiadepamplona.com\/actualidad\/wp-json\/wp\/v2\/media?parent=23161"}],"wp:term":[{"taxonomy":"category","embeddable":true,"href":"https:\/\/www.laguiadepamplona.com\/actualidad\/wp-json\/wp\/v2\/categories?post=23161"},{"taxonomy":"post_tag","embeddable":true,"href":"https:\/\/www.laguiadepamplona.com\/actualidad\/wp-json\/wp\/v2\/tags?post=23161"}],"curies":[{"name":"wp","href":"https:\/\/api.w.org\/{rel}","templated":true}]}}