{"id":23148,"date":"2019-06-27T13:29:35","date_gmt":"2019-06-27T11:29:35","guid":{"rendered":"https:\/\/www.laguiadepamplona.es\/actualidad\/?p=23148"},"modified":"2019-06-27T13:30:30","modified_gmt":"2019-06-27T11:30:30","slug":"el-bando-de-san-fermin-prohibe-el-acceso-a-la-plaza-consistorial-y-a-la-plaza-del-castillo-con-banderas-o-telas-de-gran-tamano-para-evitar-riesgos-durante-el-chupinazo","status":"publish","type":"post","link":"https:\/\/www.laguiadepamplona.com\/actualidad\/el-bando-de-san-fermin-prohibe-el-acceso-a-la-plaza-consistorial-y-a-la-plaza-del-castillo-con-banderas-o-telas-de-gran-tamano-para-evitar-riesgos-durante-el-chupinazo\/","title":{"rendered":"El bando de San Ferm\u00edn proh\u00edbe el acceso a la Plaza Consistorial y a la Plaza del Castillo con banderas o telas de gran tama\u00f1o para evitar riesgos durante el Chupinazo"},"content":{"rendered":"<p><!--more--><\/p>\n<h3>El alcalde conf\u00eda en el sentido c\u00edvico de pamploneses, pamplonesas y visitantes y en su colaboraci\u00f3n para el buen desarrollo de las fiestas<\/h3>\n<p>En los pr\u00f3ximos Sanfermines no se podr\u00e1 entrar en el Chupinazo ni con palos o envases de vidrio ni con banderas y telas de gran tama\u00f1o. As\u00ed lo refleja el bando de San Ferm\u00edn firmado ya por el alcalde de Pamplona, con las disposiciones para fiestas en aspectos como el cumplimiento de las ordenanzas, el tr\u00e1fico, la organizaci\u00f3n de eventos como Chupinazo, Encierro o Encierrillo o la estrategia contra las agresiones sexistas.<\/p>\n<p>Como principal novedad, que tiene que ver con el Chupinazo, a las habituales prohibiciones de entrar en la Plaza Consistorial y en la Plaza del Castillo con palos, envases de vidrio o latas de bebida que no est\u00e9n abiertas, se a\u00f1ade la de entrar con \u201cbanderas o telas de gran tama\u00f1o con las que se pueda cubrir a un elevado n\u00famero de participantes, que puedan ocasionar movimientos de masas indeseados, o cualquier otro elemento susceptible de originar da\u00f1os directa o indirectamente\u201d.<\/p>\n<p>El bando conf\u00eda en el \u201csentido c\u00edvico de los pamploneses, pamplonesas y visitantes y en su colaboraci\u00f3n para el buen desarrollo de las pr\u00f3ximas fiestas de San Ferm\u00edn\u201d con sentido de responsabilidad. Asimismo, regula diferentes aspectos para que los Sanfermines sean \u201cuna expresi\u00f3n de alegr\u00eda de la ciudad y sus visitantes, con el fin de mantenerlas en sus l\u00edneas de tradici\u00f3n y civismo, y dentro del rigor exigible por sus condiciones de desarrollo\u201d.<\/p>\n<p><script async src=\"\/\/pagead2.googlesyndication.com\/pagead\/js\/adsbygoogle.js\"><\/script><br \/>\n<!-- Noticias La Guia de Pamplona --><br \/>\n<ins class=\"adsbygoogle\"\nstyle=\"display:block\"\ndata-ad-client=\"ca-pub-6943679897239327\"\ndata-ad-slot=\"7048180777\"\ndata-ad-format=\"auto\"><\/ins><br \/>\n<script>\n(adsbygoogle = window.adsbygoogle || []).push({});\n<\/script><\/p>\n<p><strong>Sobre el tr\u00e1fico y el estacionamiento<\/strong><\/p>\n<p>Un a\u00f1o m\u00e1s, Pamplona se convierte en zona naranja de estacionamiento regulado desde el 5 hasta el 14 de julio, ambos inclusive. Se podr\u00e1 sacar tique para un m\u00e1ximo de 24 horas. Las diferentes zonas estar\u00e1n se\u00f1alizadas verticalmente con la informaci\u00f3n del tipo de estacionamiento naranja y los parqu\u00edmetros tendr\u00e1n tambi\u00e9n la informaci\u00f3n correspondiente y solo expender\u00e1n tiques con la tarifa aplicable a esa zona naranja.<\/p>\n<p>Quedar\u00e1 como zona de aparcamiento restringido para residentes con tarjeta de los sectores 1 y 2 el \u00e1rea comprendida entre las avenidas Baja Navarra, Conde Oliveto y Catalina de Foix \u2013 Ej\u00e9rcito, y el l\u00edmite del sector 1 (Casco Antiguo). Tambi\u00e9n ser\u00e1 zonas restringidas a residentes de esos sectores el entorno de la sociedad Larraina y las calles Juli\u00e1n Arteaga, Sandoval y Navas de Tolosa. Estas zonas quedar\u00e1n cerradas al tr\u00e1fico, excepto para veh\u00edculos autorizados, a partir de las 8 horas del 5 de julio hasta las 14 horas del 15 de julio.<\/p>\n<p>En el Casco Antiguo, se cerrar\u00e1n al tr\u00e1fico en ese mismo periodo la zona de las Huertas de Santo Domingo, la plaza de Santa Mar\u00eda la Real y el vial de Taconera y Camino del Club Nataci\u00f3n. Solo podr\u00e1n estacionar las personas residentes con tarjeta del sector 1. El aparcamiento junto a los Corrales del Gas ser\u00e1 de uso exclusivo tambi\u00e9n para residentes de ese sector 1. El bando recuerda que est\u00e1 prohibido el estacionamiento de caravanas en la v\u00eda p\u00fablica en el t\u00e9rmino municipal de Pamplona. Tambi\u00e9n est\u00e1 prohibido estacionar autocaravanas para ser utilizadas como vivienda, excepto en el aparcamiento de autocaravanas de Trinitarios.<\/p>\n<p><strong>Contra las agresiones sexistas<\/strong><\/p>\n<p>Al igual que en a\u00f1os anteriores, el bando dedica un apartado a la estrategia \u2018Pamplona libre de agresiones sexistas \u2013 Eraso sexistarik gabe, Iru\u00f1a aske\u2019. El Ayuntamiento invita a la ciudadan\u00eda a adoptar una actitud activa frente a cualquier tipo de agresi\u00f3n contra las mujeres, y a socorrer o apoyar a la mujer agredida a aislar al agresor. En este sentido, se recuerda el compromiso de este Ayuntamiento de no tolerar y perseguir este tipo de conductas para que los Sanfermines sean unas fiestas en las que las mujeres puedan disfrutar de forma libre, segura y en igualdad.<\/p>\n<p>En esta misma l\u00ednea, se proh\u00edbe la venta de materiales (camisetas, chapas\u2026) con mensajes y\/o lemas sexistas. En caso de detectarse esta venta podr\u00e1 ordenarse su retirada y\/o ser decomisados sin posterior devoluci\u00f3n. Esta medida tiene por objeto fomentar la responsabilidad de todas y todos por el desarrollo de unas fiestas libres de agresiones sexistas.<\/p>\n<p>&nbsp;<\/p>\n","protected":false},"excerpt":{"rendered":"","protected":false},"author":1,"featured_media":21970,"comment_status":"open","ping_status":"closed","sticky":false,"template":"","format":"standard","meta":{"footnotes":""},"categories":[2],"tags":[],"class_list":["post-23148","post","type-post","status-publish","format-standard","has-post-thumbnail","hentry","category-ayuntamiento-pamplona"],"yoast_head":"<!-- This site is optimized with the Yoast SEO plugin v27.3 - https:\/\/yoast.com\/product\/yoast-seo-wordpress\/ -->\n<title>El bando de San Ferm\u00edn proh\u00edbe el acceso a la Plaza Consistorial y a la Plaza del Castillo con banderas o telas de gran tama\u00f1o para evitar riesgos durante el Chupinazo<\/title>\n<meta name=\"robots\" content=\"index, follow, max-snippet:-1, max-image-preview:large, max-video-preview:-1\" \/>\n<link rel=\"canonical\" href=\"https:\/\/www.laguiadepamplona.com\/actualidad\/el-bando-de-san-fermin-prohibe-el-acceso-a-la-plaza-consistorial-y-a-la-plaza-del-castillo-con-banderas-o-telas-de-gran-tamano-para-evitar-riesgos-durante-el-chupinazo\/\" \/>\n<meta property=\"og:locale\" content=\"es_ES\" \/>\n<meta property=\"og:type\" content=\"article\" \/>\n<meta property=\"og:title\" content=\"El bando de San Ferm\u00edn proh\u00edbe el acceso a la Plaza Consistorial y a la Plaza del Castillo con banderas o telas de gran tama\u00f1o para evitar riesgos durante el Chupinazo\" \/>\n<meta property=\"og:url\" content=\"https:\/\/www.laguiadepamplona.com\/actualidad\/el-bando-de-san-fermin-prohibe-el-acceso-a-la-plaza-consistorial-y-a-la-plaza-del-castillo-con-banderas-o-telas-de-gran-tamano-para-evitar-riesgos-durante-el-chupinazo\/\" \/>\n<meta property=\"og:site_name\" content=\"La Gu\u00eda de Pamplona\" \/>\n<meta property=\"article:publisher\" content=\"https:\/\/www.facebook.com\/laguiadepamplonacom-133175176762273\/?ref=hl\" \/>\n<meta property=\"article:published_time\" content=\"2019-06-27T11:29:35+00:00\" \/>\n<meta property=\"article:modified_time\" content=\"2019-06-27T11:30:30+00:00\" \/>\n<meta property=\"og:image\" content=\"https:\/\/www.laguiadepamplona.com\/actualidad\/wp-content\/uploads\/2019\/05\/AYER-SO\u00d1E-CON-UN-6-DE-JULIO-CARTEL-SAN-FERMIN-2019.jpg\" \/>\n\t<meta property=\"og:image:width\" content=\"1233\" \/>\n\t<meta property=\"og:image:height\" content=\"414\" \/>\n\t<meta property=\"og:image:type\" content=\"image\/jpeg\" \/>\n<meta name=\"author\" content=\"La Gu\u00eda de Pamplona\" \/>\n<meta name=\"twitter:card\" content=\"summary_large_image\" \/>\n<meta name=\"twitter:creator\" content=\"@LaGuiadPamplona\" \/>\n<meta name=\"twitter:site\" content=\"@LaGuiadPamplona\" \/>\n<meta name=\"twitter:label1\" content=\"Escrito por\" \/>\n\t<meta name=\"twitter:data1\" content=\"La Gu\u00eda de Pamplona\" \/>\n\t<meta name=\"twitter:label2\" content=\"Tiempo de lectura\" \/>\n\t<meta name=\"twitter:data2\" content=\"4 minutos\" \/>\n<script type=\"application\/ld+json\" class=\"yoast-schema-graph\">{\"@context\":\"https:\\\/\\\/schema.org\",\"@graph\":[{\"@type\":\"Article\",\"@id\":\"https:\\\/\\\/www.laguiadepamplona.com\\\/actualidad\\\/el-bando-de-san-fermin-prohibe-el-acceso-a-la-plaza-consistorial-y-a-la-plaza-del-castillo-con-banderas-o-telas-de-gran-tamano-para-evitar-riesgos-durante-el-chupinazo\\\/#article\",\"isPartOf\":{\"@id\":\"https:\\\/\\\/www.laguiadepamplona.com\\\/actualidad\\\/el-bando-de-san-fermin-prohibe-el-acceso-a-la-plaza-consistorial-y-a-la-plaza-del-castillo-con-banderas-o-telas-de-gran-tamano-para-evitar-riesgos-durante-el-chupinazo\\\/\"},\"author\":{\"name\":\"La Gu\u00eda de Pamplona\",\"@id\":\"https:\\\/\\\/www.laguiadepamplona.com\\\/actualidad\\\/#\\\/schema\\\/person\\\/efe887376f0213d4657c93adc50b1fdb\"},\"headline\":\"El bando de San Ferm\u00edn proh\u00edbe el acceso a la Plaza Consistorial y a la Plaza del Castillo con banderas o telas de gran tama\u00f1o para evitar riesgos durante el Chupinazo\",\"datePublished\":\"2019-06-27T11:29:35+00:00\",\"dateModified\":\"2019-06-27T11:30:30+00:00\",\"mainEntityOfPage\":{\"@id\":\"https:\\\/\\\/www.laguiadepamplona.com\\\/actualidad\\\/el-bando-de-san-fermin-prohibe-el-acceso-a-la-plaza-consistorial-y-a-la-plaza-del-castillo-con-banderas-o-telas-de-gran-tamano-para-evitar-riesgos-durante-el-chupinazo\\\/\"},\"wordCount\":757,\"commentCount\":0,\"publisher\":{\"@id\":\"https:\\\/\\\/www.laguiadepamplona.com\\\/actualidad\\\/#organization\"},\"image\":{\"@id\":\"https:\\\/\\\/www.laguiadepamplona.com\\\/actualidad\\\/el-bando-de-san-fermin-prohibe-el-acceso-a-la-plaza-consistorial-y-a-la-plaza-del-castillo-con-banderas-o-telas-de-gran-tamano-para-evitar-riesgos-durante-el-chupinazo\\\/#primaryimage\"},\"thumbnailUrl\":\"https:\\\/\\\/www.laguiadepamplona.com\\\/actualidad\\\/wp-content\\\/uploads\\\/2019\\\/05\\\/AYER-SO\u00d1E-CON-UN-6-DE-JULIO-CARTEL-SAN-FERMIN-2019.jpg\",\"articleSection\":[\"Ayto Pamplona\"],\"inLanguage\":\"es\",\"potentialAction\":[{\"@type\":\"CommentAction\",\"name\":\"Comment\",\"target\":[\"https:\\\/\\\/www.laguiadepamplona.com\\\/actualidad\\\/el-bando-de-san-fermin-prohibe-el-acceso-a-la-plaza-consistorial-y-a-la-plaza-del-castillo-con-banderas-o-telas-de-gran-tamano-para-evitar-riesgos-durante-el-chupinazo\\\/#respond\"]}]},{\"@type\":\"WebPage\",\"@id\":\"https:\\\/\\\/www.laguiadepamplona.com\\\/actualidad\\\/el-bando-de-san-fermin-prohibe-el-acceso-a-la-plaza-consistorial-y-a-la-plaza-del-castillo-con-banderas-o-telas-de-gran-tamano-para-evitar-riesgos-durante-el-chupinazo\\\/\",\"url\":\"https:\\\/\\\/www.laguiadepamplona.com\\\/actualidad\\\/el-bando-de-san-fermin-prohibe-el-acceso-a-la-plaza-consistorial-y-a-la-plaza-del-castillo-con-banderas-o-telas-de-gran-tamano-para-evitar-riesgos-durante-el-chupinazo\\\/\",\"name\":\"El bando de San Ferm\u00edn proh\u00edbe el acceso a la Plaza Consistorial y a la Plaza del Castillo con banderas o telas de gran tama\u00f1o para evitar riesgos durante el Chupinazo\",\"isPartOf\":{\"@id\":\"https:\\\/\\\/www.laguiadepamplona.com\\\/actualidad\\\/#website\"},\"primaryImageOfPage\":{\"@id\":\"https:\\\/\\\/www.laguiadepamplona.com\\\/actualidad\\\/el-bando-de-san-fermin-prohibe-el-acceso-a-la-plaza-consistorial-y-a-la-plaza-del-castillo-con-banderas-o-telas-de-gran-tamano-para-evitar-riesgos-durante-el-chupinazo\\\/#primaryimage\"},\"image\":{\"@id\":\"https:\\\/\\\/www.laguiadepamplona.com\\\/actualidad\\\/el-bando-de-san-fermin-prohibe-el-acceso-a-la-plaza-consistorial-y-a-la-plaza-del-castillo-con-banderas-o-telas-de-gran-tamano-para-evitar-riesgos-durante-el-chupinazo\\\/#primaryimage\"},\"thumbnailUrl\":\"https:\\\/\\\/www.laguiadepamplona.com\\\/actualidad\\\/wp-content\\\/uploads\\\/2019\\\/05\\\/AYER-SO\u00d1E-CON-UN-6-DE-JULIO-CARTEL-SAN-FERMIN-2019.jpg\",\"datePublished\":\"2019-06-27T11:29:35+00:00\",\"dateModified\":\"2019-06-27T11:30:30+00:00\",\"breadcrumb\":{\"@id\":\"https:\\\/\\\/www.laguiadepamplona.com\\\/actualidad\\\/el-bando-de-san-fermin-prohibe-el-acceso-a-la-plaza-consistorial-y-a-la-plaza-del-castillo-con-banderas-o-telas-de-gran-tamano-para-evitar-riesgos-durante-el-chupinazo\\\/#breadcrumb\"},\"inLanguage\":\"es\",\"potentialAction\":[{\"@type\":\"ReadAction\",\"target\":[\"https:\\\/\\\/www.laguiadepamplona.com\\\/actualidad\\\/el-bando-de-san-fermin-prohibe-el-acceso-a-la-plaza-consistorial-y-a-la-plaza-del-castillo-con-banderas-o-telas-de-gran-tamano-para-evitar-riesgos-durante-el-chupinazo\\\/\"]}]},{\"@type\":\"ImageObject\",\"inLanguage\":\"es\",\"@id\":\"https:\\\/\\\/www.laguiadepamplona.com\\\/actualidad\\\/el-bando-de-san-fermin-prohibe-el-acceso-a-la-plaza-consistorial-y-a-la-plaza-del-castillo-con-banderas-o-telas-de-gran-tamano-para-evitar-riesgos-durante-el-chupinazo\\\/#primaryimage\",\"url\":\"https:\\\/\\\/www.laguiadepamplona.com\\\/actualidad\\\/wp-content\\\/uploads\\\/2019\\\/05\\\/AYER-SO\u00d1E-CON-UN-6-DE-JULIO-CARTEL-SAN-FERMIN-2019.jpg\",\"contentUrl\":\"https:\\\/\\\/www.laguiadepamplona.com\\\/actualidad\\\/wp-content\\\/uploads\\\/2019\\\/05\\\/AYER-SO\u00d1E-CON-UN-6-DE-JULIO-CARTEL-SAN-FERMIN-2019.jpg\",\"width\":1233,\"height\":414},{\"@type\":\"BreadcrumbList\",\"@id\":\"https:\\\/\\\/www.laguiadepamplona.com\\\/actualidad\\\/el-bando-de-san-fermin-prohibe-el-acceso-a-la-plaza-consistorial-y-a-la-plaza-del-castillo-con-banderas-o-telas-de-gran-tamano-para-evitar-riesgos-durante-el-chupinazo\\\/#breadcrumb\",\"itemListElement\":[{\"@type\":\"ListItem\",\"position\":1,\"name\":\"Portada\",\"item\":\"https:\\\/\\\/www.laguiadepamplona.com\\\/actualidad\\\/\"},{\"@type\":\"ListItem\",\"position\":2,\"name\":\"El bando de San Ferm\u00edn proh\u00edbe el acceso a la Plaza Consistorial y a la Plaza del Castillo con banderas o telas de gran tama\u00f1o para evitar riesgos durante el Chupinazo\"}]},{\"@type\":\"WebSite\",\"@id\":\"https:\\\/\\\/www.laguiadepamplona.com\\\/actualidad\\\/#website\",\"url\":\"https:\\\/\\\/www.laguiadepamplona.com\\\/actualidad\\\/\",\"name\":\"La gu\u00eda de Pamplona\",\"description\":\"Noticias de Pamplona\",\"publisher\":{\"@id\":\"https:\\\/\\\/www.laguiadepamplona.com\\\/actualidad\\\/#organization\"},\"potentialAction\":[{\"@type\":\"SearchAction\",\"target\":{\"@type\":\"EntryPoint\",\"urlTemplate\":\"https:\\\/\\\/www.laguiadepamplona.com\\\/actualidad\\\/?s={search_term_string}\"},\"query-input\":{\"@type\":\"PropertyValueSpecification\",\"valueRequired\":true,\"valueName\":\"search_term_string\"}}],\"inLanguage\":\"es\"},{\"@type\":\"Organization\",\"@id\":\"https:\\\/\\\/www.laguiadepamplona.com\\\/actualidad\\\/#organization\",\"name\":\"La Gu\u00eda de Pamplona \\\/ Noticias\",\"url\":\"https:\\\/\\\/www.laguiadepamplona.com\\\/actualidad\\\/\",\"logo\":{\"@type\":\"ImageObject\",\"inLanguage\":\"es\",\"@id\":\"https:\\\/\\\/www.laguiadepamplona.com\\\/actualidad\\\/#\\\/schema\\\/logo\\\/image\\\/\",\"url\":\"https:\\\/\\\/www.laguiadepamplona.com\\\/actualidad\\\/wp-content\\\/uploads\\\/2018\\\/11\\\/logo-laguiadepamplona18-web1.png\",\"contentUrl\":\"https:\\\/\\\/www.laguiadepamplona.com\\\/actualidad\\\/wp-content\\\/uploads\\\/2018\\\/11\\\/logo-laguiadepamplona18-web1.png\",\"width\":600,\"height\":196,\"caption\":\"La Gu\u00eda de Pamplona \\\/ Noticias\"},\"image\":{\"@id\":\"https:\\\/\\\/www.laguiadepamplona.com\\\/actualidad\\\/#\\\/schema\\\/logo\\\/image\\\/\"},\"sameAs\":[\"https:\\\/\\\/www.facebook.com\\\/laguiadepamplonacom-133175176762273\\\/?ref=hl\",\"https:\\\/\\\/x.com\\\/LaGuiadPamplona\",\"https:\\\/\\\/www.instagram.com\\\/la_guia_de_pamplona\\\/\",\"https:\\\/\\\/www.youtube.com\\\/user\\\/laguiadepamplona\"]},{\"@type\":\"Person\",\"@id\":\"https:\\\/\\\/www.laguiadepamplona.com\\\/actualidad\\\/#\\\/schema\\\/person\\\/efe887376f0213d4657c93adc50b1fdb\",\"name\":\"La Gu\u00eda de Pamplona\",\"image\":{\"@type\":\"ImageObject\",\"inLanguage\":\"es\",\"@id\":\"https:\\\/\\\/secure.gravatar.com\\\/avatar\\\/b6992f131dc8d30ab0dff15446e9d346d9dbd95992de0fef795073f5ea83a81c?s=96&d=mm&r=g\",\"url\":\"https:\\\/\\\/secure.gravatar.com\\\/avatar\\\/b6992f131dc8d30ab0dff15446e9d346d9dbd95992de0fef795073f5ea83a81c?s=96&d=mm&r=g\",\"contentUrl\":\"https:\\\/\\\/secure.gravatar.com\\\/avatar\\\/b6992f131dc8d30ab0dff15446e9d346d9dbd95992de0fef795073f5ea83a81c?s=96&d=mm&r=g\",\"caption\":\"La Gu\u00eda de Pamplona\"}}]}<\/script>\n<!-- \/ Yoast SEO plugin. -->","yoast_head_json":{"title":"El bando de San Ferm\u00edn proh\u00edbe el acceso a la Plaza Consistorial y a la Plaza del Castillo con banderas o telas de gran tama\u00f1o para evitar riesgos durante el Chupinazo","robots":{"index":"index","follow":"follow","max-snippet":"max-snippet:-1","max-image-preview":"max-image-preview:large","max-video-preview":"max-video-preview:-1"},"canonical":"https:\/\/www.laguiadepamplona.com\/actualidad\/el-bando-de-san-fermin-prohibe-el-acceso-a-la-plaza-consistorial-y-a-la-plaza-del-castillo-con-banderas-o-telas-de-gran-tamano-para-evitar-riesgos-durante-el-chupinazo\/","og_locale":"es_ES","og_type":"article","og_title":"El bando de San Ferm\u00edn proh\u00edbe el acceso a la Plaza Consistorial y a la Plaza del Castillo con banderas o telas de gran tama\u00f1o para evitar riesgos durante el Chupinazo","og_url":"https:\/\/www.laguiadepamplona.com\/actualidad\/el-bando-de-san-fermin-prohibe-el-acceso-a-la-plaza-consistorial-y-a-la-plaza-del-castillo-con-banderas-o-telas-de-gran-tamano-para-evitar-riesgos-durante-el-chupinazo\/","og_site_name":"La Gu\u00eda de Pamplona","article_publisher":"https:\/\/www.facebook.com\/laguiadepamplonacom-133175176762273\/?ref=hl","article_published_time":"2019-06-27T11:29:35+00:00","article_modified_time":"2019-06-27T11:30:30+00:00","og_image":[{"width":1233,"height":414,"url":"https:\/\/www.laguiadepamplona.com\/actualidad\/wp-content\/uploads\/2019\/05\/AYER-SO\u00d1E-CON-UN-6-DE-JULIO-CARTEL-SAN-FERMIN-2019.jpg","type":"image\/jpeg"}],"author":"La Gu\u00eda de Pamplona","twitter_card":"summary_large_image","twitter_creator":"@LaGuiadPamplona","twitter_site":"@LaGuiadPamplona","twitter_misc":{"Escrito por":"La Gu\u00eda de Pamplona","Tiempo de lectura":"4 minutos"},"schema":{"@context":"https:\/\/schema.org","@graph":[{"@type":"Article","@id":"https:\/\/www.laguiadepamplona.com\/actualidad\/el-bando-de-san-fermin-prohibe-el-acceso-a-la-plaza-consistorial-y-a-la-plaza-del-castillo-con-banderas-o-telas-de-gran-tamano-para-evitar-riesgos-durante-el-chupinazo\/#article","isPartOf":{"@id":"https:\/\/www.laguiadepamplona.com\/actualidad\/el-bando-de-san-fermin-prohibe-el-acceso-a-la-plaza-consistorial-y-a-la-plaza-del-castillo-con-banderas-o-telas-de-gran-tamano-para-evitar-riesgos-durante-el-chupinazo\/"},"author":{"name":"La Gu\u00eda de Pamplona","@id":"https:\/\/www.laguiadepamplona.com\/actualidad\/#\/schema\/person\/efe887376f0213d4657c93adc50b1fdb"},"headline":"El bando de San Ferm\u00edn proh\u00edbe el acceso a la Plaza Consistorial y a la Plaza del Castillo con banderas o telas de gran tama\u00f1o para evitar riesgos durante el Chupinazo","datePublished":"2019-06-27T11:29:35+00:00","dateModified":"2019-06-27T11:30:30+00:00","mainEntityOfPage":{"@id":"https:\/\/www.laguiadepamplona.com\/actualidad\/el-bando-de-san-fermin-prohibe-el-acceso-a-la-plaza-consistorial-y-a-la-plaza-del-castillo-con-banderas-o-telas-de-gran-tamano-para-evitar-riesgos-durante-el-chupinazo\/"},"wordCount":757,"commentCount":0,"publisher":{"@id":"https:\/\/www.laguiadepamplona.com\/actualidad\/#organization"},"image":{"@id":"https:\/\/www.laguiadepamplona.com\/actualidad\/el-bando-de-san-fermin-prohibe-el-acceso-a-la-plaza-consistorial-y-a-la-plaza-del-castillo-con-banderas-o-telas-de-gran-tamano-para-evitar-riesgos-durante-el-chupinazo\/#primaryimage"},"thumbnailUrl":"https:\/\/www.laguiadepamplona.com\/actualidad\/wp-content\/uploads\/2019\/05\/AYER-SO\u00d1E-CON-UN-6-DE-JULIO-CARTEL-SAN-FERMIN-2019.jpg","articleSection":["Ayto Pamplona"],"inLanguage":"es","potentialAction":[{"@type":"CommentAction","name":"Comment","target":["https:\/\/www.laguiadepamplona.com\/actualidad\/el-bando-de-san-fermin-prohibe-el-acceso-a-la-plaza-consistorial-y-a-la-plaza-del-castillo-con-banderas-o-telas-de-gran-tamano-para-evitar-riesgos-durante-el-chupinazo\/#respond"]}]},{"@type":"WebPage","@id":"https:\/\/www.laguiadepamplona.com\/actualidad\/el-bando-de-san-fermin-prohibe-el-acceso-a-la-plaza-consistorial-y-a-la-plaza-del-castillo-con-banderas-o-telas-de-gran-tamano-para-evitar-riesgos-durante-el-chupinazo\/","url":"https:\/\/www.laguiadepamplona.com\/actualidad\/el-bando-de-san-fermin-prohibe-el-acceso-a-la-plaza-consistorial-y-a-la-plaza-del-castillo-con-banderas-o-telas-de-gran-tamano-para-evitar-riesgos-durante-el-chupinazo\/","name":"El bando de San Ferm\u00edn proh\u00edbe el acceso a la Plaza Consistorial y a la Plaza del Castillo con banderas o telas de gran tama\u00f1o para evitar riesgos durante el Chupinazo","isPartOf":{"@id":"https:\/\/www.laguiadepamplona.com\/actualidad\/#website"},"primaryImageOfPage":{"@id":"https:\/\/www.laguiadepamplona.com\/actualidad\/el-bando-de-san-fermin-prohibe-el-acceso-a-la-plaza-consistorial-y-a-la-plaza-del-castillo-con-banderas-o-telas-de-gran-tamano-para-evitar-riesgos-durante-el-chupinazo\/#primaryimage"},"image":{"@id":"https:\/\/www.laguiadepamplona.com\/actualidad\/el-bando-de-san-fermin-prohibe-el-acceso-a-la-plaza-consistorial-y-a-la-plaza-del-castillo-con-banderas-o-telas-de-gran-tamano-para-evitar-riesgos-durante-el-chupinazo\/#primaryimage"},"thumbnailUrl":"https:\/\/www.laguiadepamplona.com\/actualidad\/wp-content\/uploads\/2019\/05\/AYER-SO\u00d1E-CON-UN-6-DE-JULIO-CARTEL-SAN-FERMIN-2019.jpg","datePublished":"2019-06-27T11:29:35+00:00","dateModified":"2019-06-27T11:30:30+00:00","breadcrumb":{"@id":"https:\/\/www.laguiadepamplona.com\/actualidad\/el-bando-de-san-fermin-prohibe-el-acceso-a-la-plaza-consistorial-y-a-la-plaza-del-castillo-con-banderas-o-telas-de-gran-tamano-para-evitar-riesgos-durante-el-chupinazo\/#breadcrumb"},"inLanguage":"es","potentialAction":[{"@type":"ReadAction","target":["https:\/\/www.laguiadepamplona.com\/actualidad\/el-bando-de-san-fermin-prohibe-el-acceso-a-la-plaza-consistorial-y-a-la-plaza-del-castillo-con-banderas-o-telas-de-gran-tamano-para-evitar-riesgos-durante-el-chupinazo\/"]}]},{"@type":"ImageObject","inLanguage":"es","@id":"https:\/\/www.laguiadepamplona.com\/actualidad\/el-bando-de-san-fermin-prohibe-el-acceso-a-la-plaza-consistorial-y-a-la-plaza-del-castillo-con-banderas-o-telas-de-gran-tamano-para-evitar-riesgos-durante-el-chupinazo\/#primaryimage","url":"https:\/\/www.laguiadepamplona.com\/actualidad\/wp-content\/uploads\/2019\/05\/AYER-SO\u00d1E-CON-UN-6-DE-JULIO-CARTEL-SAN-FERMIN-2019.jpg","contentUrl":"https:\/\/www.laguiadepamplona.com\/actualidad\/wp-content\/uploads\/2019\/05\/AYER-SO\u00d1E-CON-UN-6-DE-JULIO-CARTEL-SAN-FERMIN-2019.jpg","width":1233,"height":414},{"@type":"BreadcrumbList","@id":"https:\/\/www.laguiadepamplona.com\/actualidad\/el-bando-de-san-fermin-prohibe-el-acceso-a-la-plaza-consistorial-y-a-la-plaza-del-castillo-con-banderas-o-telas-de-gran-tamano-para-evitar-riesgos-durante-el-chupinazo\/#breadcrumb","itemListElement":[{"@type":"ListItem","position":1,"name":"Portada","item":"https:\/\/www.laguiadepamplona.com\/actualidad\/"},{"@type":"ListItem","position":2,"name":"El bando de San Ferm\u00edn proh\u00edbe el acceso a la Plaza Consistorial y a la Plaza del Castillo con banderas o telas de gran tama\u00f1o para evitar riesgos durante el Chupinazo"}]},{"@type":"WebSite","@id":"https:\/\/www.laguiadepamplona.com\/actualidad\/#website","url":"https:\/\/www.laguiadepamplona.com\/actualidad\/","name":"La gu\u00eda de Pamplona","description":"Noticias de Pamplona","publisher":{"@id":"https:\/\/www.laguiadepamplona.com\/actualidad\/#organization"},"potentialAction":[{"@type":"SearchAction","target":{"@type":"EntryPoint","urlTemplate":"https:\/\/www.laguiadepamplona.com\/actualidad\/?s={search_term_string}"},"query-input":{"@type":"PropertyValueSpecification","valueRequired":true,"valueName":"search_term_string"}}],"inLanguage":"es"},{"@type":"Organization","@id":"https:\/\/www.laguiadepamplona.com\/actualidad\/#organization","name":"La Gu\u00eda de Pamplona \/ Noticias","url":"https:\/\/www.laguiadepamplona.com\/actualidad\/","logo":{"@type":"ImageObject","inLanguage":"es","@id":"https:\/\/www.laguiadepamplona.com\/actualidad\/#\/schema\/logo\/image\/","url":"https:\/\/www.laguiadepamplona.com\/actualidad\/wp-content\/uploads\/2018\/11\/logo-laguiadepamplona18-web1.png","contentUrl":"https:\/\/www.laguiadepamplona.com\/actualidad\/wp-content\/uploads\/2018\/11\/logo-laguiadepamplona18-web1.png","width":600,"height":196,"caption":"La Gu\u00eda de Pamplona \/ Noticias"},"image":{"@id":"https:\/\/www.laguiadepamplona.com\/actualidad\/#\/schema\/logo\/image\/"},"sameAs":["https:\/\/www.facebook.com\/laguiadepamplonacom-133175176762273\/?ref=hl","https:\/\/x.com\/LaGuiadPamplona","https:\/\/www.instagram.com\/la_guia_de_pamplona\/","https:\/\/www.youtube.com\/user\/laguiadepamplona"]},{"@type":"Person","@id":"https:\/\/www.laguiadepamplona.com\/actualidad\/#\/schema\/person\/efe887376f0213d4657c93adc50b1fdb","name":"La Gu\u00eda de Pamplona","image":{"@type":"ImageObject","inLanguage":"es","@id":"https:\/\/secure.gravatar.com\/avatar\/b6992f131dc8d30ab0dff15446e9d346d9dbd95992de0fef795073f5ea83a81c?s=96&d=mm&r=g","url":"https:\/\/secure.gravatar.com\/avatar\/b6992f131dc8d30ab0dff15446e9d346d9dbd95992de0fef795073f5ea83a81c?s=96&d=mm&r=g","contentUrl":"https:\/\/secure.gravatar.com\/avatar\/b6992f131dc8d30ab0dff15446e9d346d9dbd95992de0fef795073f5ea83a81c?s=96&d=mm&r=g","caption":"La Gu\u00eda de Pamplona"}}]}},"post_mailing_queue_ids":[],"_links":{"self":[{"href":"https:\/\/www.laguiadepamplona.com\/actualidad\/wp-json\/wp\/v2\/posts\/23148","targetHints":{"allow":["GET"]}}],"collection":[{"href":"https:\/\/www.laguiadepamplona.com\/actualidad\/wp-json\/wp\/v2\/posts"}],"about":[{"href":"https:\/\/www.laguiadepamplona.com\/actualidad\/wp-json\/wp\/v2\/types\/post"}],"author":[{"embeddable":true,"href":"https:\/\/www.laguiadepamplona.com\/actualidad\/wp-json\/wp\/v2\/users\/1"}],"replies":[{"embeddable":true,"href":"https:\/\/www.laguiadepamplona.com\/actualidad\/wp-json\/wp\/v2\/comments?post=23148"}],"version-history":[{"count":0,"href":"https:\/\/www.laguiadepamplona.com\/actualidad\/wp-json\/wp\/v2\/posts\/23148\/revisions"}],"wp:featuredmedia":[{"embeddable":true,"href":"https:\/\/www.laguiadepamplona.com\/actualidad\/wp-json\/wp\/v2\/media\/21970"}],"wp:attachment":[{"href":"https:\/\/www.laguiadepamplona.com\/actualidad\/wp-json\/wp\/v2\/media?parent=23148"}],"wp:term":[{"taxonomy":"category","embeddable":true,"href":"https:\/\/www.laguiadepamplona.com\/actualidad\/wp-json\/wp\/v2\/categories?post=23148"},{"taxonomy":"post_tag","embeddable":true,"href":"https:\/\/www.laguiadepamplona.com\/actualidad\/wp-json\/wp\/v2\/tags?post=23148"}],"curies":[{"name":"wp","href":"https:\/\/api.w.org\/{rel}","templated":true}]}}