{"id":23134,"date":"2019-06-27T12:19:58","date_gmt":"2019-06-27T10:19:58","guid":{"rendered":"https:\/\/www.laguiadepamplona.es\/actualidad\/?p=23134"},"modified":"2019-06-27T12:20:14","modified_gmt":"2019-06-27T10:20:14","slug":"el-fotografo-pamplones-luis-azanza-recorre-a-traves-de-20-imagenes-la-emocion-la-alegria-la-adrenalina-y-la-magia-de-las-fiestas-de-san-fermin","status":"publish","type":"post","link":"https:\/\/www.laguiadepamplona.com\/actualidad\/el-fotografo-pamplones-luis-azanza-recorre-a-traves-de-20-imagenes-la-emocion-la-alegria-la-adrenalina-y-la-magia-de-las-fiestas-de-san-fermin\/","title":{"rendered":"El fot\u00f3grafo pamplon\u00e9s Luis Azanza recorre a trav\u00e9s de 20 im\u00e1genes la emoci\u00f3n, la alegr\u00eda, la adrenalina y la magia de las fiestas de San Ferm\u00edn"},"content":{"rendered":"<p><!--more--><\/p>\n<h3>\u2018Universo SF\u2019 es el t\u00edtulo de la muestra sobre los Sanfermines que acoge el Palacio del Condestable desde este viernes hasta el 25 de agosto<\/h3>\n<p>\u2018Universo SF\u2019 es un recorrido por las fiestas de San Ferm\u00edn de finales del siglo XX y de principios del siglo XXI, a trav\u00e9s del objetivo del fot\u00f3grafo pamplon\u00e9s Luis Azanza. La Sala 1 del Palacio del Condestable acoge una muestra de 20 fotograf\u00edas en blanco y negro, de gran formato, con momentos, emociones, sentimientos y tradiciones de unas fiestas sin igual. Se podr\u00e1 visitar desde este viernes por la tarde hasta el 25 de agosto.<\/p>\n<p>La concejala delegada de Cultura e Igualdad, Mar\u00eda Garc\u00eda Barberena, y el propio Luis Azanza han presentado esta exposici\u00f3n fotogr\u00e1fica sobre los Sanfermines, que ya se est\u00e1 convirtiendo en tradicional, cada a\u00f1o con diferentes autores, pero siempre sobre las fiestas, en un espacio como Condestable. El cat\u00e1logo de la muestra enmarca esta exposici\u00f3n en el ansia de querer m\u00e1s, m\u00e1s imagen de la fiesta, m\u00e1s alegr\u00eda, m\u00e1s excepci\u00f3n, m\u00e1s contraste frente a la rutina, mayores muestras de felicidad\u2026 En ese mismo cat\u00e1logo, el propio Azanza se describe como un \u201ccosmonauta privilegiado, al poder observar la magia, la emoci\u00f3n, la alegr\u00eda y la adrenalina que forman parte de la esencia de la fiesta\u201d.<\/p>\n<p>Hubo un tiempo, no tan lejano aunque lo parezca, en el que la fiesta estaba arropada por el papel. El ritmo de las ediciones impresas alimentaba un hambre de im\u00e1genes que, por estar acotadas por un n\u00famero limitado de p\u00e1ginas, nunca llegaba a saciarse. Muchas de esas im\u00e1genes captadas por la c\u00e1mara de Luis Azanza y de otros muchos profesionales gr\u00e1ficos quedaban muchas veces fuera de esos circuitos de publicaci\u00f3n. A veces eran las fotos m\u00e1s \u00edntimas, las m\u00e1s personales, aquellas en las que se trasluc\u00eda en mayor medida la mirada del autor. Otras im\u00e1genes s\u00ed que llegaban a las rotativas pero su car\u00e1cter temporal, casi abstracto, ped\u00eda tambi\u00e9n otra oportunidad para mostrar su fuerza y su libertad, aunque fuese en un peque\u00f1o gesto, en un baile, en una espera o en un abrazo.<\/p>\n<p>De ah\u00ed que las fotograf\u00edas que se exhiben en Condestable repasen muchos de los momentos, vivencias, actos y situaciones que cada a\u00f1o nos brindan las fiestas de San Ferm\u00edn. Pero desde la perspectiva y el objetivo de un Luis Azanza que busca otra mirada, otra perspectiva para humanizar la fiesta a trav\u00e9s de gestos, rostros, miradas, sentimiento\u2026 La alegr\u00eda del Chupinazo, la emotividad del Pobre de M\u00ed, la tradici\u00f3n de esos otros \u2018momenticos\u2019 en los protagonistas de la Procesi\u00f3n, la comparsa de Gigantes y Cabezudos o el Encierro, el baile improvisado, la m\u00fasica festiva, el trabajo para que los Sanfermines sean lo que son o incluso el amor que surge en la fiesta se plasman en este personal \u2018Universo SF\u2019.<\/p>\n<p><script async src=\"\/\/pagead2.googlesyndication.com\/pagead\/js\/adsbygoogle.js\"><\/script><br \/>\n<!-- Noticias La Guia de Pamplona --><br \/>\n<ins class=\"adsbygoogle\"\nstyle=\"display:block\"\ndata-ad-client=\"ca-pub-6943679897239327\"\ndata-ad-slot=\"7048180777\"\ndata-ad-format=\"auto\"><\/ins><br \/>\n<script>\n(adsbygoogle = window.adsbygoogle || []).push({});\n<\/script><\/p>\n<p><strong>Cuatro d\u00e9cadas de trayectoria profesional<\/strong><\/p>\n<p>Luis Azanza (Pamplona, 1961) comenz\u00f3 a trabajar a partir de los a\u00f1os 80 como fotoperiodista en medios nacionales y regionales, como El D\u00eda, Diario 16, Cambio 16, El Pa\u00eds, Diario Vasco, Deia&#8230; Tambi\u00e9n ha publicado en peri\u00f3dicos y revistas como Le Monde y Publico Lisboa. En la actualidad, es socio de la agencia Aloa Comunicaci\u00f3n, donde ha orientado su actividad tambi\u00e9n al dise\u00f1o, la direcci\u00f3n gr\u00e1fica y el documental. Paralelamente, ha estado desarrollando un trabajo personal que le ha permitido experimentar con diferentes t\u00e9cnicas, algunas que se remontan a los or\u00edgenes de la fotograf\u00eda como las estenopeicas.<\/p>\n<p>Sus trabajos se han expuesto en Contrastes Nueva Generaci\u00f3n (150 Aniversario del Fotograf\u00eda, 1988); 11 Reporteros gr\u00e1ficos (Galer\u00eda Nueva imagen, 1990); Fotopress (1991); La Cubana en festivales (Castillo de Olite, 1992); 16 A\u00f1os de Fotoperiodismo (C\u00edrculo de Bellas Artes, 1993); Concurso Period\u00edstico Internacional San Ferm\u00edn 1992 (Exposici\u00f3n 1994); 25 a\u00f1os de Iru\u00f1a (1995); 25 a\u00f1os Arturo Campion (1997); 25 a\u00f1os despu\u00e9s, Memoria Gr\u00e1fica de una transici\u00f3n (Fundaci\u00f3n Telef\u00f3nica,\u00a0 2000); Fotograf\u00eda de prensa (Fotogaler\u00eda Iru\u00f1a, 1999-2005); Retratos (Fotogaler\u00eda Iru\u00f1a, 2002), Constelaci\u00f3n Shanghai (Universidad P\u00fablica de Navarra, 2004) y Territorios del Teatro\u00a0 \u00abEl Publico\u00bb Olite 2007.<\/p>\n<p>Cuenta con las siguientes publicaciones: Fotopres (1991); 16 A\u00f1os de fotoperiodismo (1993), 25 a\u00f1os de Iru\u00f1a Ikastola San Ferm\u00edn (1995); 25 a\u00f1os Arturo Campion (1997); 25 a\u00f1os despu\u00e9s, Memoria Gr\u00e1fica de una transici\u00f3n (2000); Cuadernos del Artyco. Docere, Delectare, Movere (1999); Sanfermines (2000); Artyco, Est\u00e9tica de lo Difuso (2002); La Mirada del tiempo, Toros y fiestas populares (2006) y La Mirada del tiempo, El siglo XXI (2006). Territorios del Teatro \u00abEl Publico\u00bb 2007 y Entre Sombras Fotograf\u00edas en la Fundaci\u00f3n Museo Jorge Oteiza 2008. Entre sus piezas documentales destacan \u201cAlgo est\u00e1 pasando: AutoEdit\u201d sobre el fen\u00f3meno de la autoedici\u00f3n (2015) y la entrevista-testimonio \u201cN\u00e9stor Basterretxea, Aranzazu\u201d (2014).<\/p>\n","protected":false},"excerpt":{"rendered":"","protected":false},"author":1,"featured_media":17390,"comment_status":"open","ping_status":"closed","sticky":false,"template":"","format":"standard","meta":{"footnotes":""},"categories":[2],"tags":[],"class_list":["post-23134","post","type-post","status-publish","format-standard","has-post-thumbnail","hentry","category-ayuntamiento-pamplona"],"yoast_head":"<!-- This site is optimized with the Yoast SEO plugin v27.3 - https:\/\/yoast.com\/product\/yoast-seo-wordpress\/ -->\n<title>El fot\u00f3grafo pamplon\u00e9s Luis Azanza recorre a trav\u00e9s de 20 im\u00e1genes la emoci\u00f3n, la alegr\u00eda, la adrenalina y la magia de las fiestas de San Ferm\u00edn<\/title>\n<meta name=\"robots\" content=\"index, follow, max-snippet:-1, max-image-preview:large, max-video-preview:-1\" \/>\n<link rel=\"canonical\" href=\"https:\/\/www.laguiadepamplona.com\/actualidad\/el-fotografo-pamplones-luis-azanza-recorre-a-traves-de-20-imagenes-la-emocion-la-alegria-la-adrenalina-y-la-magia-de-las-fiestas-de-san-fermin\/\" \/>\n<meta property=\"og:locale\" content=\"es_ES\" \/>\n<meta property=\"og:type\" content=\"article\" \/>\n<meta property=\"og:title\" content=\"El fot\u00f3grafo pamplon\u00e9s Luis Azanza recorre a trav\u00e9s de 20 im\u00e1genes la emoci\u00f3n, la alegr\u00eda, la adrenalina y la magia de las fiestas de San Ferm\u00edn\" \/>\n<meta property=\"og:url\" content=\"https:\/\/www.laguiadepamplona.com\/actualidad\/el-fotografo-pamplones-luis-azanza-recorre-a-traves-de-20-imagenes-la-emocion-la-alegria-la-adrenalina-y-la-magia-de-las-fiestas-de-san-fermin\/\" \/>\n<meta property=\"og:site_name\" content=\"La Gu\u00eda de Pamplona\" \/>\n<meta property=\"article:publisher\" content=\"https:\/\/www.facebook.com\/laguiadepamplonacom-133175176762273\/?ref=hl\" \/>\n<meta property=\"article:published_time\" content=\"2019-06-27T10:19:58+00:00\" \/>\n<meta property=\"article:modified_time\" content=\"2019-06-27T10:20:14+00:00\" \/>\n<meta property=\"og:image\" content=\"https:\/\/www.laguiadepamplona.com\/actualidad\/wp-content\/uploads\/2018\/05\/palacio-condestable.jpg\" \/>\n\t<meta property=\"og:image:width\" content=\"950\" \/>\n\t<meta property=\"og:image:height\" content=\"634\" \/>\n\t<meta property=\"og:image:type\" content=\"image\/jpeg\" \/>\n<meta name=\"author\" content=\"La Gu\u00eda de Pamplona\" \/>\n<meta name=\"twitter:card\" content=\"summary_large_image\" \/>\n<meta name=\"twitter:creator\" content=\"@LaGuiadPamplona\" \/>\n<meta name=\"twitter:site\" content=\"@LaGuiadPamplona\" \/>\n<meta name=\"twitter:label1\" content=\"Escrito por\" \/>\n\t<meta name=\"twitter:data1\" content=\"La Gu\u00eda de Pamplona\" \/>\n\t<meta name=\"twitter:label2\" content=\"Tiempo de lectura\" \/>\n\t<meta name=\"twitter:data2\" content=\"4 minutos\" \/>\n<script type=\"application\/ld+json\" class=\"yoast-schema-graph\">{\"@context\":\"https:\\\/\\\/schema.org\",\"@graph\":[{\"@type\":\"Article\",\"@id\":\"https:\\\/\\\/www.laguiadepamplona.com\\\/actualidad\\\/el-fotografo-pamplones-luis-azanza-recorre-a-traves-de-20-imagenes-la-emocion-la-alegria-la-adrenalina-y-la-magia-de-las-fiestas-de-san-fermin\\\/#article\",\"isPartOf\":{\"@id\":\"https:\\\/\\\/www.laguiadepamplona.com\\\/actualidad\\\/el-fotografo-pamplones-luis-azanza-recorre-a-traves-de-20-imagenes-la-emocion-la-alegria-la-adrenalina-y-la-magia-de-las-fiestas-de-san-fermin\\\/\"},\"author\":{\"name\":\"La Gu\u00eda de Pamplona\",\"@id\":\"https:\\\/\\\/www.laguiadepamplona.com\\\/actualidad\\\/#\\\/schema\\\/person\\\/efe887376f0213d4657c93adc50b1fdb\"},\"headline\":\"El fot\u00f3grafo pamplon\u00e9s Luis Azanza recorre a trav\u00e9s de 20 im\u00e1genes la emoci\u00f3n, la alegr\u00eda, la adrenalina y la magia de las fiestas de San Ferm\u00edn\",\"datePublished\":\"2019-06-27T10:19:58+00:00\",\"dateModified\":\"2019-06-27T10:20:14+00:00\",\"mainEntityOfPage\":{\"@id\":\"https:\\\/\\\/www.laguiadepamplona.com\\\/actualidad\\\/el-fotografo-pamplones-luis-azanza-recorre-a-traves-de-20-imagenes-la-emocion-la-alegria-la-adrenalina-y-la-magia-de-las-fiestas-de-san-fermin\\\/\"},\"wordCount\":857,\"commentCount\":0,\"publisher\":{\"@id\":\"https:\\\/\\\/www.laguiadepamplona.com\\\/actualidad\\\/#organization\"},\"image\":{\"@id\":\"https:\\\/\\\/www.laguiadepamplona.com\\\/actualidad\\\/el-fotografo-pamplones-luis-azanza-recorre-a-traves-de-20-imagenes-la-emocion-la-alegria-la-adrenalina-y-la-magia-de-las-fiestas-de-san-fermin\\\/#primaryimage\"},\"thumbnailUrl\":\"https:\\\/\\\/www.laguiadepamplona.com\\\/actualidad\\\/wp-content\\\/uploads\\\/2018\\\/05\\\/palacio-condestable.jpg\",\"articleSection\":[\"Ayto Pamplona\"],\"inLanguage\":\"es\",\"potentialAction\":[{\"@type\":\"CommentAction\",\"name\":\"Comment\",\"target\":[\"https:\\\/\\\/www.laguiadepamplona.com\\\/actualidad\\\/el-fotografo-pamplones-luis-azanza-recorre-a-traves-de-20-imagenes-la-emocion-la-alegria-la-adrenalina-y-la-magia-de-las-fiestas-de-san-fermin\\\/#respond\"]}]},{\"@type\":\"WebPage\",\"@id\":\"https:\\\/\\\/www.laguiadepamplona.com\\\/actualidad\\\/el-fotografo-pamplones-luis-azanza-recorre-a-traves-de-20-imagenes-la-emocion-la-alegria-la-adrenalina-y-la-magia-de-las-fiestas-de-san-fermin\\\/\",\"url\":\"https:\\\/\\\/www.laguiadepamplona.com\\\/actualidad\\\/el-fotografo-pamplones-luis-azanza-recorre-a-traves-de-20-imagenes-la-emocion-la-alegria-la-adrenalina-y-la-magia-de-las-fiestas-de-san-fermin\\\/\",\"name\":\"El fot\u00f3grafo pamplon\u00e9s Luis Azanza recorre a trav\u00e9s de 20 im\u00e1genes la emoci\u00f3n, la alegr\u00eda, la adrenalina y la magia de las fiestas de San Ferm\u00edn\",\"isPartOf\":{\"@id\":\"https:\\\/\\\/www.laguiadepamplona.com\\\/actualidad\\\/#website\"},\"primaryImageOfPage\":{\"@id\":\"https:\\\/\\\/www.laguiadepamplona.com\\\/actualidad\\\/el-fotografo-pamplones-luis-azanza-recorre-a-traves-de-20-imagenes-la-emocion-la-alegria-la-adrenalina-y-la-magia-de-las-fiestas-de-san-fermin\\\/#primaryimage\"},\"image\":{\"@id\":\"https:\\\/\\\/www.laguiadepamplona.com\\\/actualidad\\\/el-fotografo-pamplones-luis-azanza-recorre-a-traves-de-20-imagenes-la-emocion-la-alegria-la-adrenalina-y-la-magia-de-las-fiestas-de-san-fermin\\\/#primaryimage\"},\"thumbnailUrl\":\"https:\\\/\\\/www.laguiadepamplona.com\\\/actualidad\\\/wp-content\\\/uploads\\\/2018\\\/05\\\/palacio-condestable.jpg\",\"datePublished\":\"2019-06-27T10:19:58+00:00\",\"dateModified\":\"2019-06-27T10:20:14+00:00\",\"breadcrumb\":{\"@id\":\"https:\\\/\\\/www.laguiadepamplona.com\\\/actualidad\\\/el-fotografo-pamplones-luis-azanza-recorre-a-traves-de-20-imagenes-la-emocion-la-alegria-la-adrenalina-y-la-magia-de-las-fiestas-de-san-fermin\\\/#breadcrumb\"},\"inLanguage\":\"es\",\"potentialAction\":[{\"@type\":\"ReadAction\",\"target\":[\"https:\\\/\\\/www.laguiadepamplona.com\\\/actualidad\\\/el-fotografo-pamplones-luis-azanza-recorre-a-traves-de-20-imagenes-la-emocion-la-alegria-la-adrenalina-y-la-magia-de-las-fiestas-de-san-fermin\\\/\"]}]},{\"@type\":\"ImageObject\",\"inLanguage\":\"es\",\"@id\":\"https:\\\/\\\/www.laguiadepamplona.com\\\/actualidad\\\/el-fotografo-pamplones-luis-azanza-recorre-a-traves-de-20-imagenes-la-emocion-la-alegria-la-adrenalina-y-la-magia-de-las-fiestas-de-san-fermin\\\/#primaryimage\",\"url\":\"https:\\\/\\\/www.laguiadepamplona.com\\\/actualidad\\\/wp-content\\\/uploads\\\/2018\\\/05\\\/palacio-condestable.jpg\",\"contentUrl\":\"https:\\\/\\\/www.laguiadepamplona.com\\\/actualidad\\\/wp-content\\\/uploads\\\/2018\\\/05\\\/palacio-condestable.jpg\",\"width\":950,\"height\":634,\"caption\":\"civivox condestable\"},{\"@type\":\"BreadcrumbList\",\"@id\":\"https:\\\/\\\/www.laguiadepamplona.com\\\/actualidad\\\/el-fotografo-pamplones-luis-azanza-recorre-a-traves-de-20-imagenes-la-emocion-la-alegria-la-adrenalina-y-la-magia-de-las-fiestas-de-san-fermin\\\/#breadcrumb\",\"itemListElement\":[{\"@type\":\"ListItem\",\"position\":1,\"name\":\"Portada\",\"item\":\"https:\\\/\\\/www.laguiadepamplona.com\\\/actualidad\\\/\"},{\"@type\":\"ListItem\",\"position\":2,\"name\":\"El fot\u00f3grafo pamplon\u00e9s Luis Azanza recorre a trav\u00e9s de 20 im\u00e1genes la emoci\u00f3n, la alegr\u00eda, la adrenalina y la magia de las fiestas de San Ferm\u00edn\"}]},{\"@type\":\"WebSite\",\"@id\":\"https:\\\/\\\/www.laguiadepamplona.com\\\/actualidad\\\/#website\",\"url\":\"https:\\\/\\\/www.laguiadepamplona.com\\\/actualidad\\\/\",\"name\":\"La gu\u00eda de Pamplona\",\"description\":\"Noticias de Pamplona\",\"publisher\":{\"@id\":\"https:\\\/\\\/www.laguiadepamplona.com\\\/actualidad\\\/#organization\"},\"potentialAction\":[{\"@type\":\"SearchAction\",\"target\":{\"@type\":\"EntryPoint\",\"urlTemplate\":\"https:\\\/\\\/www.laguiadepamplona.com\\\/actualidad\\\/?s={search_term_string}\"},\"query-input\":{\"@type\":\"PropertyValueSpecification\",\"valueRequired\":true,\"valueName\":\"search_term_string\"}}],\"inLanguage\":\"es\"},{\"@type\":\"Organization\",\"@id\":\"https:\\\/\\\/www.laguiadepamplona.com\\\/actualidad\\\/#organization\",\"name\":\"La Gu\u00eda de Pamplona \\\/ Noticias\",\"url\":\"https:\\\/\\\/www.laguiadepamplona.com\\\/actualidad\\\/\",\"logo\":{\"@type\":\"ImageObject\",\"inLanguage\":\"es\",\"@id\":\"https:\\\/\\\/www.laguiadepamplona.com\\\/actualidad\\\/#\\\/schema\\\/logo\\\/image\\\/\",\"url\":\"https:\\\/\\\/www.laguiadepamplona.com\\\/actualidad\\\/wp-content\\\/uploads\\\/2018\\\/11\\\/logo-laguiadepamplona18-web1.png\",\"contentUrl\":\"https:\\\/\\\/www.laguiadepamplona.com\\\/actualidad\\\/wp-content\\\/uploads\\\/2018\\\/11\\\/logo-laguiadepamplona18-web1.png\",\"width\":600,\"height\":196,\"caption\":\"La Gu\u00eda de Pamplona \\\/ Noticias\"},\"image\":{\"@id\":\"https:\\\/\\\/www.laguiadepamplona.com\\\/actualidad\\\/#\\\/schema\\\/logo\\\/image\\\/\"},\"sameAs\":[\"https:\\\/\\\/www.facebook.com\\\/laguiadepamplonacom-133175176762273\\\/?ref=hl\",\"https:\\\/\\\/x.com\\\/LaGuiadPamplona\",\"https:\\\/\\\/www.instagram.com\\\/la_guia_de_pamplona\\\/\",\"https:\\\/\\\/www.youtube.com\\\/user\\\/laguiadepamplona\"]},{\"@type\":\"Person\",\"@id\":\"https:\\\/\\\/www.laguiadepamplona.com\\\/actualidad\\\/#\\\/schema\\\/person\\\/efe887376f0213d4657c93adc50b1fdb\",\"name\":\"La Gu\u00eda de Pamplona\",\"image\":{\"@type\":\"ImageObject\",\"inLanguage\":\"es\",\"@id\":\"https:\\\/\\\/secure.gravatar.com\\\/avatar\\\/b6992f131dc8d30ab0dff15446e9d346d9dbd95992de0fef795073f5ea83a81c?s=96&d=mm&r=g\",\"url\":\"https:\\\/\\\/secure.gravatar.com\\\/avatar\\\/b6992f131dc8d30ab0dff15446e9d346d9dbd95992de0fef795073f5ea83a81c?s=96&d=mm&r=g\",\"contentUrl\":\"https:\\\/\\\/secure.gravatar.com\\\/avatar\\\/b6992f131dc8d30ab0dff15446e9d346d9dbd95992de0fef795073f5ea83a81c?s=96&d=mm&r=g\",\"caption\":\"La Gu\u00eda de Pamplona\"}}]}<\/script>\n<!-- \/ Yoast SEO plugin. -->","yoast_head_json":{"title":"El fot\u00f3grafo pamplon\u00e9s Luis Azanza recorre a trav\u00e9s de 20 im\u00e1genes la emoci\u00f3n, la alegr\u00eda, la adrenalina y la magia de las fiestas de San Ferm\u00edn","robots":{"index":"index","follow":"follow","max-snippet":"max-snippet:-1","max-image-preview":"max-image-preview:large","max-video-preview":"max-video-preview:-1"},"canonical":"https:\/\/www.laguiadepamplona.com\/actualidad\/el-fotografo-pamplones-luis-azanza-recorre-a-traves-de-20-imagenes-la-emocion-la-alegria-la-adrenalina-y-la-magia-de-las-fiestas-de-san-fermin\/","og_locale":"es_ES","og_type":"article","og_title":"El fot\u00f3grafo pamplon\u00e9s Luis Azanza recorre a trav\u00e9s de 20 im\u00e1genes la emoci\u00f3n, la alegr\u00eda, la adrenalina y la magia de las fiestas de San Ferm\u00edn","og_url":"https:\/\/www.laguiadepamplona.com\/actualidad\/el-fotografo-pamplones-luis-azanza-recorre-a-traves-de-20-imagenes-la-emocion-la-alegria-la-adrenalina-y-la-magia-de-las-fiestas-de-san-fermin\/","og_site_name":"La Gu\u00eda de Pamplona","article_publisher":"https:\/\/www.facebook.com\/laguiadepamplonacom-133175176762273\/?ref=hl","article_published_time":"2019-06-27T10:19:58+00:00","article_modified_time":"2019-06-27T10:20:14+00:00","og_image":[{"width":950,"height":634,"url":"https:\/\/www.laguiadepamplona.com\/actualidad\/wp-content\/uploads\/2018\/05\/palacio-condestable.jpg","type":"image\/jpeg"}],"author":"La Gu\u00eda de Pamplona","twitter_card":"summary_large_image","twitter_creator":"@LaGuiadPamplona","twitter_site":"@LaGuiadPamplona","twitter_misc":{"Escrito por":"La Gu\u00eda de Pamplona","Tiempo de lectura":"4 minutos"},"schema":{"@context":"https:\/\/schema.org","@graph":[{"@type":"Article","@id":"https:\/\/www.laguiadepamplona.com\/actualidad\/el-fotografo-pamplones-luis-azanza-recorre-a-traves-de-20-imagenes-la-emocion-la-alegria-la-adrenalina-y-la-magia-de-las-fiestas-de-san-fermin\/#article","isPartOf":{"@id":"https:\/\/www.laguiadepamplona.com\/actualidad\/el-fotografo-pamplones-luis-azanza-recorre-a-traves-de-20-imagenes-la-emocion-la-alegria-la-adrenalina-y-la-magia-de-las-fiestas-de-san-fermin\/"},"author":{"name":"La Gu\u00eda de Pamplona","@id":"https:\/\/www.laguiadepamplona.com\/actualidad\/#\/schema\/person\/efe887376f0213d4657c93adc50b1fdb"},"headline":"El fot\u00f3grafo pamplon\u00e9s Luis Azanza recorre a trav\u00e9s de 20 im\u00e1genes la emoci\u00f3n, la alegr\u00eda, la adrenalina y la magia de las fiestas de San Ferm\u00edn","datePublished":"2019-06-27T10:19:58+00:00","dateModified":"2019-06-27T10:20:14+00:00","mainEntityOfPage":{"@id":"https:\/\/www.laguiadepamplona.com\/actualidad\/el-fotografo-pamplones-luis-azanza-recorre-a-traves-de-20-imagenes-la-emocion-la-alegria-la-adrenalina-y-la-magia-de-las-fiestas-de-san-fermin\/"},"wordCount":857,"commentCount":0,"publisher":{"@id":"https:\/\/www.laguiadepamplona.com\/actualidad\/#organization"},"image":{"@id":"https:\/\/www.laguiadepamplona.com\/actualidad\/el-fotografo-pamplones-luis-azanza-recorre-a-traves-de-20-imagenes-la-emocion-la-alegria-la-adrenalina-y-la-magia-de-las-fiestas-de-san-fermin\/#primaryimage"},"thumbnailUrl":"https:\/\/www.laguiadepamplona.com\/actualidad\/wp-content\/uploads\/2018\/05\/palacio-condestable.jpg","articleSection":["Ayto Pamplona"],"inLanguage":"es","potentialAction":[{"@type":"CommentAction","name":"Comment","target":["https:\/\/www.laguiadepamplona.com\/actualidad\/el-fotografo-pamplones-luis-azanza-recorre-a-traves-de-20-imagenes-la-emocion-la-alegria-la-adrenalina-y-la-magia-de-las-fiestas-de-san-fermin\/#respond"]}]},{"@type":"WebPage","@id":"https:\/\/www.laguiadepamplona.com\/actualidad\/el-fotografo-pamplones-luis-azanza-recorre-a-traves-de-20-imagenes-la-emocion-la-alegria-la-adrenalina-y-la-magia-de-las-fiestas-de-san-fermin\/","url":"https:\/\/www.laguiadepamplona.com\/actualidad\/el-fotografo-pamplones-luis-azanza-recorre-a-traves-de-20-imagenes-la-emocion-la-alegria-la-adrenalina-y-la-magia-de-las-fiestas-de-san-fermin\/","name":"El fot\u00f3grafo pamplon\u00e9s Luis Azanza recorre a trav\u00e9s de 20 im\u00e1genes la emoci\u00f3n, la alegr\u00eda, la adrenalina y la magia de las fiestas de San Ferm\u00edn","isPartOf":{"@id":"https:\/\/www.laguiadepamplona.com\/actualidad\/#website"},"primaryImageOfPage":{"@id":"https:\/\/www.laguiadepamplona.com\/actualidad\/el-fotografo-pamplones-luis-azanza-recorre-a-traves-de-20-imagenes-la-emocion-la-alegria-la-adrenalina-y-la-magia-de-las-fiestas-de-san-fermin\/#primaryimage"},"image":{"@id":"https:\/\/www.laguiadepamplona.com\/actualidad\/el-fotografo-pamplones-luis-azanza-recorre-a-traves-de-20-imagenes-la-emocion-la-alegria-la-adrenalina-y-la-magia-de-las-fiestas-de-san-fermin\/#primaryimage"},"thumbnailUrl":"https:\/\/www.laguiadepamplona.com\/actualidad\/wp-content\/uploads\/2018\/05\/palacio-condestable.jpg","datePublished":"2019-06-27T10:19:58+00:00","dateModified":"2019-06-27T10:20:14+00:00","breadcrumb":{"@id":"https:\/\/www.laguiadepamplona.com\/actualidad\/el-fotografo-pamplones-luis-azanza-recorre-a-traves-de-20-imagenes-la-emocion-la-alegria-la-adrenalina-y-la-magia-de-las-fiestas-de-san-fermin\/#breadcrumb"},"inLanguage":"es","potentialAction":[{"@type":"ReadAction","target":["https:\/\/www.laguiadepamplona.com\/actualidad\/el-fotografo-pamplones-luis-azanza-recorre-a-traves-de-20-imagenes-la-emocion-la-alegria-la-adrenalina-y-la-magia-de-las-fiestas-de-san-fermin\/"]}]},{"@type":"ImageObject","inLanguage":"es","@id":"https:\/\/www.laguiadepamplona.com\/actualidad\/el-fotografo-pamplones-luis-azanza-recorre-a-traves-de-20-imagenes-la-emocion-la-alegria-la-adrenalina-y-la-magia-de-las-fiestas-de-san-fermin\/#primaryimage","url":"https:\/\/www.laguiadepamplona.com\/actualidad\/wp-content\/uploads\/2018\/05\/palacio-condestable.jpg","contentUrl":"https:\/\/www.laguiadepamplona.com\/actualidad\/wp-content\/uploads\/2018\/05\/palacio-condestable.jpg","width":950,"height":634,"caption":"civivox condestable"},{"@type":"BreadcrumbList","@id":"https:\/\/www.laguiadepamplona.com\/actualidad\/el-fotografo-pamplones-luis-azanza-recorre-a-traves-de-20-imagenes-la-emocion-la-alegria-la-adrenalina-y-la-magia-de-las-fiestas-de-san-fermin\/#breadcrumb","itemListElement":[{"@type":"ListItem","position":1,"name":"Portada","item":"https:\/\/www.laguiadepamplona.com\/actualidad\/"},{"@type":"ListItem","position":2,"name":"El fot\u00f3grafo pamplon\u00e9s Luis Azanza recorre a trav\u00e9s de 20 im\u00e1genes la emoci\u00f3n, la alegr\u00eda, la adrenalina y la magia de las fiestas de San Ferm\u00edn"}]},{"@type":"WebSite","@id":"https:\/\/www.laguiadepamplona.com\/actualidad\/#website","url":"https:\/\/www.laguiadepamplona.com\/actualidad\/","name":"La gu\u00eda de Pamplona","description":"Noticias de Pamplona","publisher":{"@id":"https:\/\/www.laguiadepamplona.com\/actualidad\/#organization"},"potentialAction":[{"@type":"SearchAction","target":{"@type":"EntryPoint","urlTemplate":"https:\/\/www.laguiadepamplona.com\/actualidad\/?s={search_term_string}"},"query-input":{"@type":"PropertyValueSpecification","valueRequired":true,"valueName":"search_term_string"}}],"inLanguage":"es"},{"@type":"Organization","@id":"https:\/\/www.laguiadepamplona.com\/actualidad\/#organization","name":"La Gu\u00eda de Pamplona \/ Noticias","url":"https:\/\/www.laguiadepamplona.com\/actualidad\/","logo":{"@type":"ImageObject","inLanguage":"es","@id":"https:\/\/www.laguiadepamplona.com\/actualidad\/#\/schema\/logo\/image\/","url":"https:\/\/www.laguiadepamplona.com\/actualidad\/wp-content\/uploads\/2018\/11\/logo-laguiadepamplona18-web1.png","contentUrl":"https:\/\/www.laguiadepamplona.com\/actualidad\/wp-content\/uploads\/2018\/11\/logo-laguiadepamplona18-web1.png","width":600,"height":196,"caption":"La Gu\u00eda de Pamplona \/ Noticias"},"image":{"@id":"https:\/\/www.laguiadepamplona.com\/actualidad\/#\/schema\/logo\/image\/"},"sameAs":["https:\/\/www.facebook.com\/laguiadepamplonacom-133175176762273\/?ref=hl","https:\/\/x.com\/LaGuiadPamplona","https:\/\/www.instagram.com\/la_guia_de_pamplona\/","https:\/\/www.youtube.com\/user\/laguiadepamplona"]},{"@type":"Person","@id":"https:\/\/www.laguiadepamplona.com\/actualidad\/#\/schema\/person\/efe887376f0213d4657c93adc50b1fdb","name":"La Gu\u00eda de Pamplona","image":{"@type":"ImageObject","inLanguage":"es","@id":"https:\/\/secure.gravatar.com\/avatar\/b6992f131dc8d30ab0dff15446e9d346d9dbd95992de0fef795073f5ea83a81c?s=96&d=mm&r=g","url":"https:\/\/secure.gravatar.com\/avatar\/b6992f131dc8d30ab0dff15446e9d346d9dbd95992de0fef795073f5ea83a81c?s=96&d=mm&r=g","contentUrl":"https:\/\/secure.gravatar.com\/avatar\/b6992f131dc8d30ab0dff15446e9d346d9dbd95992de0fef795073f5ea83a81c?s=96&d=mm&r=g","caption":"La Gu\u00eda de Pamplona"}}]}},"post_mailing_queue_ids":[],"_links":{"self":[{"href":"https:\/\/www.laguiadepamplona.com\/actualidad\/wp-json\/wp\/v2\/posts\/23134","targetHints":{"allow":["GET"]}}],"collection":[{"href":"https:\/\/www.laguiadepamplona.com\/actualidad\/wp-json\/wp\/v2\/posts"}],"about":[{"href":"https:\/\/www.laguiadepamplona.com\/actualidad\/wp-json\/wp\/v2\/types\/post"}],"author":[{"embeddable":true,"href":"https:\/\/www.laguiadepamplona.com\/actualidad\/wp-json\/wp\/v2\/users\/1"}],"replies":[{"embeddable":true,"href":"https:\/\/www.laguiadepamplona.com\/actualidad\/wp-json\/wp\/v2\/comments?post=23134"}],"version-history":[{"count":0,"href":"https:\/\/www.laguiadepamplona.com\/actualidad\/wp-json\/wp\/v2\/posts\/23134\/revisions"}],"wp:featuredmedia":[{"embeddable":true,"href":"https:\/\/www.laguiadepamplona.com\/actualidad\/wp-json\/wp\/v2\/media\/17390"}],"wp:attachment":[{"href":"https:\/\/www.laguiadepamplona.com\/actualidad\/wp-json\/wp\/v2\/media?parent=23134"}],"wp:term":[{"taxonomy":"category","embeddable":true,"href":"https:\/\/www.laguiadepamplona.com\/actualidad\/wp-json\/wp\/v2\/categories?post=23134"},{"taxonomy":"post_tag","embeddable":true,"href":"https:\/\/www.laguiadepamplona.com\/actualidad\/wp-json\/wp\/v2\/tags?post=23134"}],"curies":[{"name":"wp","href":"https:\/\/api.w.org\/{rel}","templated":true}]}}