{"id":23104,"date":"2019-06-26T18:45:54","date_gmt":"2019-06-26T16:45:54","guid":{"rendered":"https:\/\/www.laguiadepamplona.es\/actualidad\/?p=23104"},"modified":"2019-06-26T17:29:50","modified_gmt":"2019-06-26T15:29:50","slug":"32-jovenes-han-recibido-esta-tarde-los-premios-a-las-distintas-categorias-del-xxix-concurso-literario-juvenil-del-ayuntamiento-de-pamplona","status":"publish","type":"post","link":"https:\/\/www.laguiadepamplona.com\/actualidad\/32-jovenes-han-recibido-esta-tarde-los-premios-a-las-distintas-categorias-del-xxix-concurso-literario-juvenil-del-ayuntamiento-de-pamplona\/","title":{"rendered":"32 j\u00f3venes han recibido esta tarde los premios a las distintas categor\u00edas del XXIX Concurso Literario Juvenil del Ayuntamiento de Pamplona"},"content":{"rendered":"<p><!--more--><\/p>\n<h3>Diplomas, importes en met\u00e1lico que suman 8.000 euros, un libro sobre Pamplona y la edici\u00f3n de sus obras, galardones para los j\u00f3venes escritores<\/h3>\n<p>Esta tarde los premiados en el XXIX Concurso Literario Juvenil del Ayuntamiento de Pamplona han recibido sus galardones de manos de Fernando Sesma, concejal delegado de Educaci\u00f3n, Participaci\u00f3n Ciudadana y Juventud, en un acto en la Casa de la Juventud, al que estaba invitada la Corporaci\u00f3n municipal. En esta edici\u00f3n se han presentado 133 trabajos a las modalidades de narraci\u00f3n breve y poes\u00eda, tanto en castellano como en euskera y desglosados en dos franjas de edad: de 14 a 16 a\u00f1os y de 17 a 18 a\u00f1os.<\/p>\n<p>En total hay 32 j\u00f3venes premiados entre primeros, segundos y terceros premios y acc\u00e9sits (20 en las modalidades de castellano y otros 12 en euskera). Han recogido los primeros premios ocho mujeres. En poes\u00eda-castellano: Irati Muguerza y Lide por sus obras \u2018Arriesgar\u2019 y \u2018Sentidos sin sentido\u2019, respectivamente; en narraci\u00f3n breve-castellano: Oihane Garc\u00eda Ripodas por \u2019\u00c9rase una vez lo que nunca fue\u2019 y Eider Barandiaran por \u2018Entre dos aguas\u2019. En euskera-poes\u00eda: Ainhoa Andueza San Miguel por \u2018Ziurra ziurgabe denean\u2019 y Maider Moreno Campains por \u2018Noizbait\u2019; En narraci\u00f3n breve en euskera Izaro Caballero G\u00f3mez con \u2018Bizipenak\u2019 y Ainhoa Urmeneta Olmedo con \u2018Bakarra\u2019.<\/p>\n<p><script async src=\"\/\/pagead2.googlesyndication.com\/pagead\/js\/adsbygoogle.js\"><\/script><br \/>\n<!-- Noticias La Guia de Pamplona --><br \/>\n<ins class=\"adsbygoogle\"\nstyle=\"display:block\"\ndata-ad-client=\"ca-pub-6943679897239327\"\ndata-ad-slot=\"7048180777\"\ndata-ad-format=\"auto\"><\/ins><br \/>\n<script>\n(adsbygoogle = window.adsbygoogle || []).push({});\n<\/script><\/p>\n<p>Las ocho ganadoras han recibido esta tarde un premio de 500 euros. Los otros 24 j\u00f3venes premiados en el Concurso Literario Juvenil del Consistorio han obtenido cantidades que oscilan entre los 250 y los 100 euros. Todos se han llevado, adem\u00e1s, un diploma el libro &#8216;Historia de Pamplona. Recorrido hist\u00f3rico por el pasado de la ciudad&#8217;, un libro del Ayuntamiento, recientemente editado en castellano y euskera por la editorial Pamiela. Los relatos y poes\u00edas premiados se publicar\u00e1n, adem\u00e1s, en los pr\u00f3ximos meses.<\/p>\n<p>A este certamen se han presentado 73 narraciones breves (66 en castellano y 7 en euskera) y 60 poes\u00edas (41 en castellano y 19 en euskera). La tem\u00e1tica era libre l y el concurso estaba dirigido a j\u00f3venes de 14 a 18 a\u00f1os con domicilio o centro de estudios en Pamplona<\/p>\n<h3><span style=\"color: #ff0000;\"><strong>Los autores premiados en castellano<\/strong><\/span><\/h3>\n<p><span style=\"color: #ff0000;\"><strong>POES\u00cdA<\/strong><\/span><\/p>\n<p><strong>PRIMEROS PREMIOS: Arriesgar, de Irati Muguerza Castej\u00f3n, y Sentidos sin sentido, de Lide Almirantearena P\u00e9rez<\/strong><\/p>\n<p><strong>SEGUNDOS PREMIOS: No queremos que nadie se entere, de Jimena Arraiza Casado, e Introspecci\u00f3n, de Ana C\u00eda Lape\u00f1a<\/strong><\/p>\n<p><strong>TERCEROS PREMIOS: Arder en l\u00e1grimas, de Leire Lafuente Duque, y Rendici\u00f3n, Uxue Garc\u00eda Uriaque<\/strong><\/p>\n<p><strong>PRIMEROS ACC\u00c9SITS: Soneto a San Ferm\u00edn, de Carlos Soria Elizalde, y Estaciones, de Cod\u00e9s Mar\u00eda Sanz Gonz\u00e1lez<\/strong><\/p>\n<p><strong>SEGUNDOS ACC\u00c9SITS: \u00a1No bastan!, de Luis Mart\u00ednez G\u00f3miz, y Apolog\u00eda del cambio, de Pello Ruiz Erice<\/strong><\/p>\n<p><span style=\"color: #ff0000;\"><strong>NARRACI\u00d3N BREVE<\/strong><\/span><\/p>\n<p><strong>PRIMEROS PREMIOS: \u00c9rase una vez lo que nunca fue, de Oihane Garc\u00eda R\u00edpodas, y Entre dos aguas, de Eider Barandiaran Gallego<\/strong><\/p>\n<p><strong>SEGUNDOS PREMIOS: Tercera parte del ingenioso hidalgo Don Quijote de la Mancha, de Mois\u00e9s Grijalba San Juli\u00e1n, y Apariencias, fuente de enga\u00f1o, fuente de sorpresa, de Adri\u00e1n Gil Korilis<\/strong><\/p>\n<p><strong>TERCEROS PREMIOS: 180, de Enara Eza Arruti y Culpabilidad, de Juan Turiel Miranda<\/strong><\/p>\n<p><strong>PRIMEROS ACC\u00c9SITS: La reuni\u00f3n de los ilustrados navarros, de Josu Lecea Casaj\u00fas, y Tic tac, tic tac, de Garazi San Mart\u00edn Solano<\/strong><\/p>\n<p><strong>SEGUNDOS ACC\u00c9SITS: El bosque no olvida, de Axel Espinosa Alb\u00e9niz, y Tabla de salvamento, de F\u00e1tima D\u00edaz Basallo<\/strong><\/p>\n<h3><span style=\"color: #ff0000;\"><strong>Los autores premiados en euskera<\/strong><\/span><\/h3>\n<p><span style=\"color: #ff0000;\"><strong>POES\u00cdA<\/strong><\/span><\/p>\n<p><strong>PRIMEROS PREMIOS: Ainhoa Andueza San Miguel por \u2018Ziurra ziurgabe denean\u2019 y Maider Moreno Campains por \u2018Noizbait\u2019<\/strong><\/p>\n<p><strong>SEGUNDOS PREMIOS: Mikele L\u00f3pez de la Hoz por \u2018Mira\u2019 y Uxue Garc\u00eda Uriaque por \u2018Bakardade mezua\u2019<\/strong><\/p>\n<p><strong>TERCEROS PREMIOS: Aitana Corretger por \u2018Txori txiki txuria\u2019 y Amaiur L\u00f3pez Mart\u00ednez por \u2018Maindireen artean\u2019<\/strong><\/p>\n<p><strong>PRIMEROS ACC\u00c9SITS: Julen Garc\u00eda Uriaque por \u2018Amilduz\u2019 y Eider Barandiaran gallego por \u2018Amodiozko edozein gutun bat gehiago\u2019<\/strong><\/p>\n<p><span style=\"color: #ff0000;\"><strong>NARRACI\u00d3N BREVE<\/strong><\/span><\/p>\n<p><strong>PRIMEROS PREMIOS: Izaro Caballero G\u00f3mez con \u2018Bizipenak\u2019 y Ainhoa Urmeneta Olmedo con \u2018Bakarra\u2019<\/strong><\/p>\n<p><strong>SEGUNDOS PREMIOS: Mikele L\u00f3pez de la Hoz con \u2018Zenbaki bat besterik ez?\u2019 y Nora Garc\u00eda S\u00e1nchez \u2018Arduragabekio batengatik\u2019<\/strong><\/p>\n<p>&nbsp;<\/p>\n<p><a href=\"https:\/\/www.laguiadepamplona.es\/actualidad\/wp-content\/uploads\/2019\/06\/19.06.26_AINHOA-ANDUEZA-SAN-MIGUEL-Ziurra-ziurgabe-denean.pdf\" target=\"_blank\" rel=\"noopener noreferrer\"><i class=\"fa fa-file-pdf-o \" ><\/i>AINHOA ANDUEZA SAN MIGUEL &#8211; Ziurra ziurgabe denean.pdf<\/a><\/p>\n<p><a href=\"https:\/\/www.laguiadepamplona.es\/actualidad\/wp-content\/uploads\/2019\/06\/19.06.26_Ainhoa-Urmeneta-Olmedo-Bakarra.pdf\" target=\"_blank\" rel=\"noopener noreferrer\"><i class=\"fa fa-file-pdf-o \" ><\/i>Ainhoa Urmeneta Olmedo &#8211; Bakarra.pdf<\/a><\/p>\n<p><a href=\"https:\/\/www.laguiadepamplona.es\/actualidad\/wp-content\/uploads\/2019\/06\/19.06.26_Arriesgar-Irati-Muguerza.pdf\" target=\"_blank\" rel=\"noopener noreferrer\"><i class=\"fa fa-file-pdf-o \" ><\/i>Arriesgar &#8211; Irati Muguerza.pdf<\/a><\/p>\n<p><a href=\"https:\/\/www.laguiadepamplona.es\/actualidad\/wp-content\/uploads\/2019\/06\/19.06.26_Entre-dos-aguas-Eider-Barandiaran.pdf\" target=\"_blank\" rel=\"noopener noreferrer\"><i class=\"fa fa-file-pdf-o \" ><\/i>Entre dos aguas &#8211; Eider Barandiaran.pdf<\/a><\/p>\n<p><a href=\"https:\/\/www.laguiadepamplona.es\/actualidad\/wp-content\/uploads\/2019\/06\/19.06.26_\u00c9rase-una-vez-lo-que-nunca-fue-Oihane-Garcia.pdf\" target=\"_blank\" rel=\"noopener noreferrer\"><i class=\"fa fa-file-pdf-o \" ><\/i>\u00c9rase una vez lo que nunca fue &#8211; Oihane Garcia.pdf<\/a><\/p>\n<p><a href=\"https:\/\/www.laguiadepamplona.es\/actualidad\/wp-content\/uploads\/2019\/06\/19.06.26_Izaro-Caballero-G\u00f3mez-Bizipenak.pdf\" target=\"_blank\" rel=\"noopener noreferrer\"><i class=\"fa fa-file-pdf-o \" ><\/i>Izaro Caballero G\u00f3mez &#8211; Bizipenak.pdf<\/a><\/p>\n<p><a href=\"https:\/\/www.laguiadepamplona.es\/actualidad\/wp-content\/uploads\/2019\/06\/19.06.26_Maider-Moreno-Compains-Noizbait.pdf\" target=\"_blank\" rel=\"noopener noreferrer\"><i class=\"fa fa-file-pdf-o \" ><\/i>Maider Moreno Compains &#8211; Noizbait.pdf<\/a><\/p>\n<p><a href=\"https:\/\/www.laguiadepamplona.es\/actualidad\/wp-content\/uploads\/2019\/06\/19.06.26_Sentidos-sin-sentido-Lide-Almirantearena.pdf\" target=\"_blank\" rel=\"noopener noreferrer\"><i class=\"fa fa-file-pdf-o \" ><\/i>Sentidos sin sentido &#8211; Lide Almirantearena.pdf<\/a><\/p>\n","protected":false},"excerpt":{"rendered":"","protected":false},"author":1,"featured_media":11041,"comment_status":"open","ping_status":"closed","sticky":false,"template":"","format":"standard","meta":{"footnotes":""},"categories":[2],"tags":[],"class_list":["post-23104","post","type-post","status-publish","format-standard","has-post-thumbnail","hentry","category-ayuntamiento-pamplona"],"yoast_head":"<!-- This site is optimized with the Yoast SEO plugin v27.3 - https:\/\/yoast.com\/product\/yoast-seo-wordpress\/ -->\n<title>32 j\u00f3venes han recibido esta tarde los premios a las distintas categor\u00edas del XXIX Concurso Literario Juvenil del Ayuntamiento de Pamplona<\/title>\n<meta name=\"robots\" content=\"index, follow, max-snippet:-1, max-image-preview:large, max-video-preview:-1\" \/>\n<link rel=\"canonical\" href=\"https:\/\/www.laguiadepamplona.com\/actualidad\/32-jovenes-han-recibido-esta-tarde-los-premios-a-las-distintas-categorias-del-xxix-concurso-literario-juvenil-del-ayuntamiento-de-pamplona\/\" \/>\n<meta property=\"og:locale\" content=\"es_ES\" \/>\n<meta property=\"og:type\" content=\"article\" \/>\n<meta property=\"og:title\" content=\"32 j\u00f3venes han recibido esta tarde los premios a las distintas categor\u00edas del XXIX Concurso Literario Juvenil del Ayuntamiento de Pamplona\" \/>\n<meta property=\"og:url\" content=\"https:\/\/www.laguiadepamplona.com\/actualidad\/32-jovenes-han-recibido-esta-tarde-los-premios-a-las-distintas-categorias-del-xxix-concurso-literario-juvenil-del-ayuntamiento-de-pamplona\/\" \/>\n<meta property=\"og:site_name\" content=\"La Gu\u00eda de Pamplona\" \/>\n<meta property=\"article:publisher\" content=\"https:\/\/www.facebook.com\/laguiadepamplonacom-133175176762273\/?ref=hl\" \/>\n<meta property=\"article:published_time\" content=\"2019-06-26T16:45:54+00:00\" \/>\n<meta property=\"og:image\" content=\"https:\/\/www.laguiadepamplona.com\/actualidad\/wp-content\/uploads\/2016\/12\/Certamen-Literario-para-J\u00f3venes.jpg\" \/>\n\t<meta property=\"og:image:width\" content=\"1100\" \/>\n\t<meta property=\"og:image:height\" content=\"648\" \/>\n\t<meta property=\"og:image:type\" content=\"image\/jpeg\" \/>\n<meta name=\"author\" content=\"La Gu\u00eda de Pamplona\" \/>\n<meta name=\"twitter:card\" content=\"summary_large_image\" \/>\n<meta name=\"twitter:creator\" content=\"@LaGuiadPamplona\" \/>\n<meta name=\"twitter:site\" content=\"@LaGuiadPamplona\" \/>\n<meta name=\"twitter:label1\" content=\"Escrito por\" \/>\n\t<meta name=\"twitter:data1\" content=\"La Gu\u00eda de Pamplona\" \/>\n\t<meta name=\"twitter:label2\" content=\"Tiempo de lectura\" \/>\n\t<meta name=\"twitter:data2\" content=\"4 minutos\" \/>\n<script type=\"application\/ld+json\" class=\"yoast-schema-graph\">{\"@context\":\"https:\\\/\\\/schema.org\",\"@graph\":[{\"@type\":\"Article\",\"@id\":\"https:\\\/\\\/www.laguiadepamplona.com\\\/actualidad\\\/32-jovenes-han-recibido-esta-tarde-los-premios-a-las-distintas-categorias-del-xxix-concurso-literario-juvenil-del-ayuntamiento-de-pamplona\\\/#article\",\"isPartOf\":{\"@id\":\"https:\\\/\\\/www.laguiadepamplona.com\\\/actualidad\\\/32-jovenes-han-recibido-esta-tarde-los-premios-a-las-distintas-categorias-del-xxix-concurso-literario-juvenil-del-ayuntamiento-de-pamplona\\\/\"},\"author\":{\"name\":\"La Gu\u00eda de Pamplona\",\"@id\":\"https:\\\/\\\/www.laguiadepamplona.com\\\/actualidad\\\/#\\\/schema\\\/person\\\/efe887376f0213d4657c93adc50b1fdb\"},\"headline\":\"32 j\u00f3venes han recibido esta tarde los premios a las distintas categor\u00edas del XXIX Concurso Literario Juvenil del Ayuntamiento de Pamplona\",\"datePublished\":\"2019-06-26T16:45:54+00:00\",\"mainEntityOfPage\":{\"@id\":\"https:\\\/\\\/www.laguiadepamplona.com\\\/actualidad\\\/32-jovenes-han-recibido-esta-tarde-los-premios-a-las-distintas-categorias-del-xxix-concurso-literario-juvenil-del-ayuntamiento-de-pamplona\\\/\"},\"wordCount\":819,\"commentCount\":0,\"publisher\":{\"@id\":\"https:\\\/\\\/www.laguiadepamplona.com\\\/actualidad\\\/#organization\"},\"image\":{\"@id\":\"https:\\\/\\\/www.laguiadepamplona.com\\\/actualidad\\\/32-jovenes-han-recibido-esta-tarde-los-premios-a-las-distintas-categorias-del-xxix-concurso-literario-juvenil-del-ayuntamiento-de-pamplona\\\/#primaryimage\"},\"thumbnailUrl\":\"https:\\\/\\\/www.laguiadepamplona.com\\\/actualidad\\\/wp-content\\\/uploads\\\/2016\\\/12\\\/Certamen-Literario-para-J\u00f3venes.jpg\",\"articleSection\":[\"Ayto Pamplona\"],\"inLanguage\":\"es\",\"potentialAction\":[{\"@type\":\"CommentAction\",\"name\":\"Comment\",\"target\":[\"https:\\\/\\\/www.laguiadepamplona.com\\\/actualidad\\\/32-jovenes-han-recibido-esta-tarde-los-premios-a-las-distintas-categorias-del-xxix-concurso-literario-juvenil-del-ayuntamiento-de-pamplona\\\/#respond\"]}]},{\"@type\":\"WebPage\",\"@id\":\"https:\\\/\\\/www.laguiadepamplona.com\\\/actualidad\\\/32-jovenes-han-recibido-esta-tarde-los-premios-a-las-distintas-categorias-del-xxix-concurso-literario-juvenil-del-ayuntamiento-de-pamplona\\\/\",\"url\":\"https:\\\/\\\/www.laguiadepamplona.com\\\/actualidad\\\/32-jovenes-han-recibido-esta-tarde-los-premios-a-las-distintas-categorias-del-xxix-concurso-literario-juvenil-del-ayuntamiento-de-pamplona\\\/\",\"name\":\"32 j\u00f3venes han recibido esta tarde los premios a las distintas categor\u00edas del XXIX Concurso Literario Juvenil del Ayuntamiento de Pamplona\",\"isPartOf\":{\"@id\":\"https:\\\/\\\/www.laguiadepamplona.com\\\/actualidad\\\/#website\"},\"primaryImageOfPage\":{\"@id\":\"https:\\\/\\\/www.laguiadepamplona.com\\\/actualidad\\\/32-jovenes-han-recibido-esta-tarde-los-premios-a-las-distintas-categorias-del-xxix-concurso-literario-juvenil-del-ayuntamiento-de-pamplona\\\/#primaryimage\"},\"image\":{\"@id\":\"https:\\\/\\\/www.laguiadepamplona.com\\\/actualidad\\\/32-jovenes-han-recibido-esta-tarde-los-premios-a-las-distintas-categorias-del-xxix-concurso-literario-juvenil-del-ayuntamiento-de-pamplona\\\/#primaryimage\"},\"thumbnailUrl\":\"https:\\\/\\\/www.laguiadepamplona.com\\\/actualidad\\\/wp-content\\\/uploads\\\/2016\\\/12\\\/Certamen-Literario-para-J\u00f3venes.jpg\",\"datePublished\":\"2019-06-26T16:45:54+00:00\",\"breadcrumb\":{\"@id\":\"https:\\\/\\\/www.laguiadepamplona.com\\\/actualidad\\\/32-jovenes-han-recibido-esta-tarde-los-premios-a-las-distintas-categorias-del-xxix-concurso-literario-juvenil-del-ayuntamiento-de-pamplona\\\/#breadcrumb\"},\"inLanguage\":\"es\",\"potentialAction\":[{\"@type\":\"ReadAction\",\"target\":[\"https:\\\/\\\/www.laguiadepamplona.com\\\/actualidad\\\/32-jovenes-han-recibido-esta-tarde-los-premios-a-las-distintas-categorias-del-xxix-concurso-literario-juvenil-del-ayuntamiento-de-pamplona\\\/\"]}]},{\"@type\":\"ImageObject\",\"inLanguage\":\"es\",\"@id\":\"https:\\\/\\\/www.laguiadepamplona.com\\\/actualidad\\\/32-jovenes-han-recibido-esta-tarde-los-premios-a-las-distintas-categorias-del-xxix-concurso-literario-juvenil-del-ayuntamiento-de-pamplona\\\/#primaryimage\",\"url\":\"https:\\\/\\\/www.laguiadepamplona.com\\\/actualidad\\\/wp-content\\\/uploads\\\/2016\\\/12\\\/Certamen-Literario-para-J\u00f3venes.jpg\",\"contentUrl\":\"https:\\\/\\\/www.laguiadepamplona.com\\\/actualidad\\\/wp-content\\\/uploads\\\/2016\\\/12\\\/Certamen-Literario-para-J\u00f3venes.jpg\",\"width\":1100,\"height\":648},{\"@type\":\"BreadcrumbList\",\"@id\":\"https:\\\/\\\/www.laguiadepamplona.com\\\/actualidad\\\/32-jovenes-han-recibido-esta-tarde-los-premios-a-las-distintas-categorias-del-xxix-concurso-literario-juvenil-del-ayuntamiento-de-pamplona\\\/#breadcrumb\",\"itemListElement\":[{\"@type\":\"ListItem\",\"position\":1,\"name\":\"Portada\",\"item\":\"https:\\\/\\\/www.laguiadepamplona.com\\\/actualidad\\\/\"},{\"@type\":\"ListItem\",\"position\":2,\"name\":\"32 j\u00f3venes han recibido esta tarde los premios a las distintas categor\u00edas del XXIX Concurso Literario Juvenil del Ayuntamiento de Pamplona\"}]},{\"@type\":\"WebSite\",\"@id\":\"https:\\\/\\\/www.laguiadepamplona.com\\\/actualidad\\\/#website\",\"url\":\"https:\\\/\\\/www.laguiadepamplona.com\\\/actualidad\\\/\",\"name\":\"La gu\u00eda de Pamplona\",\"description\":\"Noticias de Pamplona\",\"publisher\":{\"@id\":\"https:\\\/\\\/www.laguiadepamplona.com\\\/actualidad\\\/#organization\"},\"potentialAction\":[{\"@type\":\"SearchAction\",\"target\":{\"@type\":\"EntryPoint\",\"urlTemplate\":\"https:\\\/\\\/www.laguiadepamplona.com\\\/actualidad\\\/?s={search_term_string}\"},\"query-input\":{\"@type\":\"PropertyValueSpecification\",\"valueRequired\":true,\"valueName\":\"search_term_string\"}}],\"inLanguage\":\"es\"},{\"@type\":\"Organization\",\"@id\":\"https:\\\/\\\/www.laguiadepamplona.com\\\/actualidad\\\/#organization\",\"name\":\"La Gu\u00eda de Pamplona \\\/ Noticias\",\"url\":\"https:\\\/\\\/www.laguiadepamplona.com\\\/actualidad\\\/\",\"logo\":{\"@type\":\"ImageObject\",\"inLanguage\":\"es\",\"@id\":\"https:\\\/\\\/www.laguiadepamplona.com\\\/actualidad\\\/#\\\/schema\\\/logo\\\/image\\\/\",\"url\":\"https:\\\/\\\/www.laguiadepamplona.com\\\/actualidad\\\/wp-content\\\/uploads\\\/2018\\\/11\\\/logo-laguiadepamplona18-web1.png\",\"contentUrl\":\"https:\\\/\\\/www.laguiadepamplona.com\\\/actualidad\\\/wp-content\\\/uploads\\\/2018\\\/11\\\/logo-laguiadepamplona18-web1.png\",\"width\":600,\"height\":196,\"caption\":\"La Gu\u00eda de Pamplona \\\/ Noticias\"},\"image\":{\"@id\":\"https:\\\/\\\/www.laguiadepamplona.com\\\/actualidad\\\/#\\\/schema\\\/logo\\\/image\\\/\"},\"sameAs\":[\"https:\\\/\\\/www.facebook.com\\\/laguiadepamplonacom-133175176762273\\\/?ref=hl\",\"https:\\\/\\\/x.com\\\/LaGuiadPamplona\",\"https:\\\/\\\/www.instagram.com\\\/la_guia_de_pamplona\\\/\",\"https:\\\/\\\/www.youtube.com\\\/user\\\/laguiadepamplona\"]},{\"@type\":\"Person\",\"@id\":\"https:\\\/\\\/www.laguiadepamplona.com\\\/actualidad\\\/#\\\/schema\\\/person\\\/efe887376f0213d4657c93adc50b1fdb\",\"name\":\"La Gu\u00eda de Pamplona\",\"image\":{\"@type\":\"ImageObject\",\"inLanguage\":\"es\",\"@id\":\"https:\\\/\\\/secure.gravatar.com\\\/avatar\\\/b6992f131dc8d30ab0dff15446e9d346d9dbd95992de0fef795073f5ea83a81c?s=96&d=mm&r=g\",\"url\":\"https:\\\/\\\/secure.gravatar.com\\\/avatar\\\/b6992f131dc8d30ab0dff15446e9d346d9dbd95992de0fef795073f5ea83a81c?s=96&d=mm&r=g\",\"contentUrl\":\"https:\\\/\\\/secure.gravatar.com\\\/avatar\\\/b6992f131dc8d30ab0dff15446e9d346d9dbd95992de0fef795073f5ea83a81c?s=96&d=mm&r=g\",\"caption\":\"La Gu\u00eda de Pamplona\"}}]}<\/script>\n<!-- \/ Yoast SEO plugin. -->","yoast_head_json":{"title":"32 j\u00f3venes han recibido esta tarde los premios a las distintas categor\u00edas del XXIX Concurso Literario Juvenil del Ayuntamiento de Pamplona","robots":{"index":"index","follow":"follow","max-snippet":"max-snippet:-1","max-image-preview":"max-image-preview:large","max-video-preview":"max-video-preview:-1"},"canonical":"https:\/\/www.laguiadepamplona.com\/actualidad\/32-jovenes-han-recibido-esta-tarde-los-premios-a-las-distintas-categorias-del-xxix-concurso-literario-juvenil-del-ayuntamiento-de-pamplona\/","og_locale":"es_ES","og_type":"article","og_title":"32 j\u00f3venes han recibido esta tarde los premios a las distintas categor\u00edas del XXIX Concurso Literario Juvenil del Ayuntamiento de Pamplona","og_url":"https:\/\/www.laguiadepamplona.com\/actualidad\/32-jovenes-han-recibido-esta-tarde-los-premios-a-las-distintas-categorias-del-xxix-concurso-literario-juvenil-del-ayuntamiento-de-pamplona\/","og_site_name":"La Gu\u00eda de Pamplona","article_publisher":"https:\/\/www.facebook.com\/laguiadepamplonacom-133175176762273\/?ref=hl","article_published_time":"2019-06-26T16:45:54+00:00","og_image":[{"width":1100,"height":648,"url":"https:\/\/www.laguiadepamplona.com\/actualidad\/wp-content\/uploads\/2016\/12\/Certamen-Literario-para-J\u00f3venes.jpg","type":"image\/jpeg"}],"author":"La Gu\u00eda de Pamplona","twitter_card":"summary_large_image","twitter_creator":"@LaGuiadPamplona","twitter_site":"@LaGuiadPamplona","twitter_misc":{"Escrito por":"La Gu\u00eda de Pamplona","Tiempo de lectura":"4 minutos"},"schema":{"@context":"https:\/\/schema.org","@graph":[{"@type":"Article","@id":"https:\/\/www.laguiadepamplona.com\/actualidad\/32-jovenes-han-recibido-esta-tarde-los-premios-a-las-distintas-categorias-del-xxix-concurso-literario-juvenil-del-ayuntamiento-de-pamplona\/#article","isPartOf":{"@id":"https:\/\/www.laguiadepamplona.com\/actualidad\/32-jovenes-han-recibido-esta-tarde-los-premios-a-las-distintas-categorias-del-xxix-concurso-literario-juvenil-del-ayuntamiento-de-pamplona\/"},"author":{"name":"La Gu\u00eda de Pamplona","@id":"https:\/\/www.laguiadepamplona.com\/actualidad\/#\/schema\/person\/efe887376f0213d4657c93adc50b1fdb"},"headline":"32 j\u00f3venes han recibido esta tarde los premios a las distintas categor\u00edas del XXIX Concurso Literario Juvenil del Ayuntamiento de Pamplona","datePublished":"2019-06-26T16:45:54+00:00","mainEntityOfPage":{"@id":"https:\/\/www.laguiadepamplona.com\/actualidad\/32-jovenes-han-recibido-esta-tarde-los-premios-a-las-distintas-categorias-del-xxix-concurso-literario-juvenil-del-ayuntamiento-de-pamplona\/"},"wordCount":819,"commentCount":0,"publisher":{"@id":"https:\/\/www.laguiadepamplona.com\/actualidad\/#organization"},"image":{"@id":"https:\/\/www.laguiadepamplona.com\/actualidad\/32-jovenes-han-recibido-esta-tarde-los-premios-a-las-distintas-categorias-del-xxix-concurso-literario-juvenil-del-ayuntamiento-de-pamplona\/#primaryimage"},"thumbnailUrl":"https:\/\/www.laguiadepamplona.com\/actualidad\/wp-content\/uploads\/2016\/12\/Certamen-Literario-para-J\u00f3venes.jpg","articleSection":["Ayto Pamplona"],"inLanguage":"es","potentialAction":[{"@type":"CommentAction","name":"Comment","target":["https:\/\/www.laguiadepamplona.com\/actualidad\/32-jovenes-han-recibido-esta-tarde-los-premios-a-las-distintas-categorias-del-xxix-concurso-literario-juvenil-del-ayuntamiento-de-pamplona\/#respond"]}]},{"@type":"WebPage","@id":"https:\/\/www.laguiadepamplona.com\/actualidad\/32-jovenes-han-recibido-esta-tarde-los-premios-a-las-distintas-categorias-del-xxix-concurso-literario-juvenil-del-ayuntamiento-de-pamplona\/","url":"https:\/\/www.laguiadepamplona.com\/actualidad\/32-jovenes-han-recibido-esta-tarde-los-premios-a-las-distintas-categorias-del-xxix-concurso-literario-juvenil-del-ayuntamiento-de-pamplona\/","name":"32 j\u00f3venes han recibido esta tarde los premios a las distintas categor\u00edas del XXIX Concurso Literario Juvenil del Ayuntamiento de Pamplona","isPartOf":{"@id":"https:\/\/www.laguiadepamplona.com\/actualidad\/#website"},"primaryImageOfPage":{"@id":"https:\/\/www.laguiadepamplona.com\/actualidad\/32-jovenes-han-recibido-esta-tarde-los-premios-a-las-distintas-categorias-del-xxix-concurso-literario-juvenil-del-ayuntamiento-de-pamplona\/#primaryimage"},"image":{"@id":"https:\/\/www.laguiadepamplona.com\/actualidad\/32-jovenes-han-recibido-esta-tarde-los-premios-a-las-distintas-categorias-del-xxix-concurso-literario-juvenil-del-ayuntamiento-de-pamplona\/#primaryimage"},"thumbnailUrl":"https:\/\/www.laguiadepamplona.com\/actualidad\/wp-content\/uploads\/2016\/12\/Certamen-Literario-para-J\u00f3venes.jpg","datePublished":"2019-06-26T16:45:54+00:00","breadcrumb":{"@id":"https:\/\/www.laguiadepamplona.com\/actualidad\/32-jovenes-han-recibido-esta-tarde-los-premios-a-las-distintas-categorias-del-xxix-concurso-literario-juvenil-del-ayuntamiento-de-pamplona\/#breadcrumb"},"inLanguage":"es","potentialAction":[{"@type":"ReadAction","target":["https:\/\/www.laguiadepamplona.com\/actualidad\/32-jovenes-han-recibido-esta-tarde-los-premios-a-las-distintas-categorias-del-xxix-concurso-literario-juvenil-del-ayuntamiento-de-pamplona\/"]}]},{"@type":"ImageObject","inLanguage":"es","@id":"https:\/\/www.laguiadepamplona.com\/actualidad\/32-jovenes-han-recibido-esta-tarde-los-premios-a-las-distintas-categorias-del-xxix-concurso-literario-juvenil-del-ayuntamiento-de-pamplona\/#primaryimage","url":"https:\/\/www.laguiadepamplona.com\/actualidad\/wp-content\/uploads\/2016\/12\/Certamen-Literario-para-J\u00f3venes.jpg","contentUrl":"https:\/\/www.laguiadepamplona.com\/actualidad\/wp-content\/uploads\/2016\/12\/Certamen-Literario-para-J\u00f3venes.jpg","width":1100,"height":648},{"@type":"BreadcrumbList","@id":"https:\/\/www.laguiadepamplona.com\/actualidad\/32-jovenes-han-recibido-esta-tarde-los-premios-a-las-distintas-categorias-del-xxix-concurso-literario-juvenil-del-ayuntamiento-de-pamplona\/#breadcrumb","itemListElement":[{"@type":"ListItem","position":1,"name":"Portada","item":"https:\/\/www.laguiadepamplona.com\/actualidad\/"},{"@type":"ListItem","position":2,"name":"32 j\u00f3venes han recibido esta tarde los premios a las distintas categor\u00edas del XXIX Concurso Literario Juvenil del Ayuntamiento de Pamplona"}]},{"@type":"WebSite","@id":"https:\/\/www.laguiadepamplona.com\/actualidad\/#website","url":"https:\/\/www.laguiadepamplona.com\/actualidad\/","name":"La gu\u00eda de Pamplona","description":"Noticias de Pamplona","publisher":{"@id":"https:\/\/www.laguiadepamplona.com\/actualidad\/#organization"},"potentialAction":[{"@type":"SearchAction","target":{"@type":"EntryPoint","urlTemplate":"https:\/\/www.laguiadepamplona.com\/actualidad\/?s={search_term_string}"},"query-input":{"@type":"PropertyValueSpecification","valueRequired":true,"valueName":"search_term_string"}}],"inLanguage":"es"},{"@type":"Organization","@id":"https:\/\/www.laguiadepamplona.com\/actualidad\/#organization","name":"La Gu\u00eda de Pamplona \/ Noticias","url":"https:\/\/www.laguiadepamplona.com\/actualidad\/","logo":{"@type":"ImageObject","inLanguage":"es","@id":"https:\/\/www.laguiadepamplona.com\/actualidad\/#\/schema\/logo\/image\/","url":"https:\/\/www.laguiadepamplona.com\/actualidad\/wp-content\/uploads\/2018\/11\/logo-laguiadepamplona18-web1.png","contentUrl":"https:\/\/www.laguiadepamplona.com\/actualidad\/wp-content\/uploads\/2018\/11\/logo-laguiadepamplona18-web1.png","width":600,"height":196,"caption":"La Gu\u00eda de Pamplona \/ Noticias"},"image":{"@id":"https:\/\/www.laguiadepamplona.com\/actualidad\/#\/schema\/logo\/image\/"},"sameAs":["https:\/\/www.facebook.com\/laguiadepamplonacom-133175176762273\/?ref=hl","https:\/\/x.com\/LaGuiadPamplona","https:\/\/www.instagram.com\/la_guia_de_pamplona\/","https:\/\/www.youtube.com\/user\/laguiadepamplona"]},{"@type":"Person","@id":"https:\/\/www.laguiadepamplona.com\/actualidad\/#\/schema\/person\/efe887376f0213d4657c93adc50b1fdb","name":"La Gu\u00eda de Pamplona","image":{"@type":"ImageObject","inLanguage":"es","@id":"https:\/\/secure.gravatar.com\/avatar\/b6992f131dc8d30ab0dff15446e9d346d9dbd95992de0fef795073f5ea83a81c?s=96&d=mm&r=g","url":"https:\/\/secure.gravatar.com\/avatar\/b6992f131dc8d30ab0dff15446e9d346d9dbd95992de0fef795073f5ea83a81c?s=96&d=mm&r=g","contentUrl":"https:\/\/secure.gravatar.com\/avatar\/b6992f131dc8d30ab0dff15446e9d346d9dbd95992de0fef795073f5ea83a81c?s=96&d=mm&r=g","caption":"La Gu\u00eda de Pamplona"}}]}},"post_mailing_queue_ids":[],"_links":{"self":[{"href":"https:\/\/www.laguiadepamplona.com\/actualidad\/wp-json\/wp\/v2\/posts\/23104","targetHints":{"allow":["GET"]}}],"collection":[{"href":"https:\/\/www.laguiadepamplona.com\/actualidad\/wp-json\/wp\/v2\/posts"}],"about":[{"href":"https:\/\/www.laguiadepamplona.com\/actualidad\/wp-json\/wp\/v2\/types\/post"}],"author":[{"embeddable":true,"href":"https:\/\/www.laguiadepamplona.com\/actualidad\/wp-json\/wp\/v2\/users\/1"}],"replies":[{"embeddable":true,"href":"https:\/\/www.laguiadepamplona.com\/actualidad\/wp-json\/wp\/v2\/comments?post=23104"}],"version-history":[{"count":0,"href":"https:\/\/www.laguiadepamplona.com\/actualidad\/wp-json\/wp\/v2\/posts\/23104\/revisions"}],"wp:featuredmedia":[{"embeddable":true,"href":"https:\/\/www.laguiadepamplona.com\/actualidad\/wp-json\/wp\/v2\/media\/11041"}],"wp:attachment":[{"href":"https:\/\/www.laguiadepamplona.com\/actualidad\/wp-json\/wp\/v2\/media?parent=23104"}],"wp:term":[{"taxonomy":"category","embeddable":true,"href":"https:\/\/www.laguiadepamplona.com\/actualidad\/wp-json\/wp\/v2\/categories?post=23104"},{"taxonomy":"post_tag","embeddable":true,"href":"https:\/\/www.laguiadepamplona.com\/actualidad\/wp-json\/wp\/v2\/tags?post=23104"}],"curies":[{"name":"wp","href":"https:\/\/api.w.org\/{rel}","templated":true}]}}