{"id":2287,"date":"2014-07-08T16:30:11","date_gmt":"2014-07-08T16:30:11","guid":{"rendered":"http:\/\/laguiadepamplona.com\/actualidad\/?p=2287"},"modified":"2014-07-08T16:30:11","modified_gmt":"2014-07-08T16:30:11","slug":"los-sanfermines-de-2014-comienzan-con-menos-gente-en-la-calle-y-respeto-a-lo-establecido-en-la-ordenanza-del-encierro","status":"publish","type":"post","link":"https:\/\/www.laguiadepamplona.com\/actualidad\/los-sanfermines-de-2014-comienzan-con-menos-gente-en-la-calle-y-respeto-a-lo-establecido-en-la-ordenanza-del-encierro\/","title":{"rendered":"Los Sanfermines de 2014 comienzan con menos gente en la calle y respeto a lo establecido en la Ordenanza del Encierro"},"content":{"rendered":"<p><a href=\"http:\/\/laguiadepamplona.com\/actualidad\/wp-content\/uploads\/2014\/07\/junta_local_proteccion_civil2.jpg\"><img loading=\"lazy\" decoding=\"async\" class=\"alignleft size-medium wp-image-2288\" src=\"http:\/\/laguiadepamplona.com\/actualidad\/wp-content\/uploads\/2014\/07\/junta_local_proteccion_civil2-300x225.jpg\" alt=\"junta_local_proteccion_civil2\" width=\"300\" height=\"225\" \/><\/a>La Junta Local de Protecci\u00f3n Civil se ha reunido esta ma\u00f1ana en los locales del \u00c1rea de Seguridad Ciudadana para pasar revista a lo sucedido en Pamplona desde la v\u00edspera del d\u00eda 6 hasta el encierro de esta ma\u00f1ana 8 de julio. Es la primera reuni\u00f3n de estas fiestas y se reproducir\u00e1 cada d\u00eda a las11 horas hasta el 13 de julio.<\/p>\n<p class=\"Textonota\">Su objetivo es revisar la aplicaci\u00f3n coordinada del Plan General para las fiestas de San Ferm\u00edn garantizando el normal desarrollo de las fiestas de San Ferm\u00edn, procurando reducir al m\u00ednimo los riesgos que se producen por la gran afluencia de personas y veh\u00edculos, junto con otros propios de algunos actos de las fiestas<\/p>\n<p class=\"ladillonota\"><strong>Menos gente<\/strong><\/p>\n<p class=\"Textonota\">Presidida por los responsables del \u00c1rea y de Polic\u00eda Municipal en ese foro se ha valorado positivamente el inicio de fiestas. Por un lado parece haber menos gente en este comienzo festivo, lo que ha determinado un menor n\u00famero de incidentes que han cristalizado en 203 denuncias frente a las 286 recibidas en el mismo periodo de 2013. Como ejemplo han disminuido las denuncias por hurtos de 186 en 2013 a 134 en este 2014, aunque las de robos se han mantenido en 22<\/p>\n<p class=\"Textonota\">La pol\u00edtica continuada de impedir la entrada de v\u00eddeo en el Chupinazo ha determinado que el d\u00eda 6 s\u00f3lo hubiera 17 atenciones por cortes, aunque se recogi\u00f3 un 15,30% m\u00e1s de vidrio en otras zonas de la ciudad. Sin embargo, quiz\u00e1 por el comienzo lluvioso, se aprecia un 32% menos de basura recogida en el barrido el entorno festivo.<\/p>\n<p class=\"ladillonota\"><strong>Respeto en el encierro<\/strong><\/p>\n<p class=\"Textonota\">Destaca, seg\u00fan los presentes, la buena acogida tanto de los consejos preventivos a los corredores que se han estrenado en formato de pictogramas en la plaza Consistorial y que son m\u00e1s f\u00e1ciles de seguir estando en un entorno ruidoso, como de las prohibiciones contenidas en la Ordenanza del Encierro recientemente aprobadas. Salvo el multado, oriundo de Gran Breta\u00f1a, del pasado d\u00eda 7 por no obedecer la se\u00f1al horizontal en la Cuesta de Santo Domingo, no ha habido necesidad de imponer m\u00e1s sanciones. Esta ma\u00f1ana se ha multado a un s\u00fabdito escoc\u00e9s por utilizar un DRON (aparato de vuelo no tripulado y manejado por control remoto) en las inmediaciones del recorrido y a un ciudadano ingl\u00e9s por realizar fotos en el recorrido del encierro.<\/p>\n<p class=\"Textonota\">De todos estas prohibiciones se est\u00e1 haciendo amplia difusi\u00f3n en diversos canales, incluidos los digitales. Ayer corrieron en el encierro 2.483 personas, una cifra mucho m\u00e1s baja que el d\u00eda 7 del 2013 que cay\u00f3 en domingo (3.900 corredores) y similar al lunes de fiestas del a\u00f1o pasado (2.592 corredores). Ya han comenzado las encuestas que se realizan de forma previa a la carrera entre los corredores del encierro para conocer m\u00e1s pormenorizadamente la composici\u00f3n de quienes participan y este a\u00f1o se ha incluido un \u00edtem para saber m\u00e1s exactamente el porcentaje de corredores pamploneses.<\/p>\n<p class=\"ladillonota\"><strong>Vaquillas m\u00e1s controladas<\/strong><\/p>\n<p class=\"Textonota\">Las nuevas medidas de la Casa de Misericordia, empresaria de la plaza de toros de Pamplona, en el sentido de cobrar todos los d\u00edas por el acceso a la celebraci\u00f3n del espect\u00e1culo de vaquillas, ha sido valorada como positiva para la seguridad y generadora de un mejor ambiente en ese espacio. En estas jornadas se han producido s\u00f3lo tres detenciones por arrojar objetos al coso y nueve denuncias mas por agredir a los animales.<\/p>\n<p class=\"ladillonota\"><strong>Menos atenciones con ca\u00eddas por la lluvia<\/strong><\/p>\n<p class=\"Textonota\">La apertura del punto de atenci\u00f3n de Cruz Roja ha hecho bajar la afluencia de pacientes del Ambulatorio General San Mart\u00edn, y la mayor\u00eda de las atenciones han estado vinculadas a traumatismos por ca\u00eddas. Este punto de atenci\u00f3n sanitaria tambi\u00e9n se abrir\u00e1 el pr\u00f3ximo fin de semana, en previsi\u00f3n de la llegada de gran cantidad de gente coincidiendo con las jornadas festivas, desde el viernes a las 9 p.m. hasta el lunes a las 9 a.m..<\/p>\n<p class=\"ladillonota\"><strong>Evoluci\u00f3n de heridos<\/strong><\/p>\n<p class=\"Textonota\">Por el momento sigue pendiente de operaci\u00f3n el ciudadano estadounidense con traumatismo cervical tras arrojarse de la fuente de la Navarrer\u00eda y no corre peligro la persona que se precipit\u00f3 desde la muralla, en la zona de las huertas, el pasado d\u00eda 7. Tambi\u00e9n evoluciona favorablemente el herido ayer por asta de toro. Ha habido, adem\u00e1s, 19 personas denunciadas por participar en ri\u00f1as y peleas.<\/p>\n<p class=\"ladillonota\"><strong>Tr\u00e1fico y aparcamientos<\/strong><\/p>\n<p class=\"Textonota\">Nos hay que destacar ninguna incidencia de trafico, aunque este a\u00f1o el inicio del cierre de la ciudad el d\u00eda 5 conllev\u00f3 algunos cambios de \u00faltima hora en los sentidos de las calles habilitadas para el transporte p\u00fablico. En estos d\u00edas, respeto a las mismas fechas del pasado a\u00f1o, han aumentado las retiradas de veh\u00edculos de zonas de residente y zonas naranjas (en total\u00a0 122 con respecto a 85)<\/p>\n<p class=\"Textonota\">\n","protected":false},"excerpt":{"rendered":"<p>La Junta Local de Protecci\u00f3n Civil se ha reunido esta ma\u00f1ana en los locales del \u00c1rea de Seguridad Ciudadana para pasar revista a lo sucedido en Pamplona desde la v\u00edspera&#8230;<\/p>\n","protected":false},"author":1,"featured_media":0,"comment_status":"open","ping_status":"open","sticky":false,"template":"","format":"standard","meta":{"footnotes":""},"categories":[2],"tags":[5,1939,6,509,553,1940,8,9,1791,1941],"class_list":["post-2287","post","type-post","status-publish","format-standard","hentry","category-ayuntamiento-pamplona","tag-actualidad","tag-area-de-seguridad-ciudadana","tag-ayto-pamplona","tag-ayuntamiento-de-pamplona","tag-encierro","tag-junta-local","tag-noticias","tag-pamplona","tag-proteccion-civil","tag-respeto-ordenanzas"],"yoast_head":"<!-- This site is optimized with the Yoast SEO plugin v27.5 - https:\/\/yoast.com\/product\/yoast-seo-wordpress\/ -->\n<title>Los Sanfermines de 2014 comienzan con menos gente en la calle y respeto a lo establecido en la Ordenanza del Encierro<\/title>\n<meta name=\"robots\" content=\"index, follow, max-snippet:-1, max-image-preview:large, max-video-preview:-1\" \/>\n<link rel=\"canonical\" href=\"https:\/\/www.laguiadepamplona.com\/actualidad\/los-sanfermines-de-2014-comienzan-con-menos-gente-en-la-calle-y-respeto-a-lo-establecido-en-la-ordenanza-del-encierro\/\" \/>\n<meta property=\"og:locale\" content=\"es_ES\" \/>\n<meta property=\"og:type\" content=\"article\" \/>\n<meta property=\"og:title\" content=\"Los Sanfermines de 2014 comienzan con menos gente en la calle y respeto a lo establecido en la Ordenanza del Encierro\" \/>\n<meta property=\"og:description\" content=\"La Junta Local de Protecci\u00f3n Civil se ha reunido esta ma\u00f1ana en los locales del \u00c1rea de Seguridad Ciudadana para pasar revista a lo sucedido en Pamplona desde la v\u00edspera...\" \/>\n<meta property=\"og:url\" content=\"https:\/\/www.laguiadepamplona.com\/actualidad\/los-sanfermines-de-2014-comienzan-con-menos-gente-en-la-calle-y-respeto-a-lo-establecido-en-la-ordenanza-del-encierro\/\" \/>\n<meta property=\"og:site_name\" content=\"La Gu\u00eda de Pamplona\" \/>\n<meta property=\"article:publisher\" content=\"https:\/\/www.facebook.com\/laguiadepamplonacom-133175176762273\/?ref=hl\" \/>\n<meta property=\"article:published_time\" content=\"2014-07-08T16:30:11+00:00\" \/>\n<meta property=\"og:image\" content=\"http:\/\/laguiadepamplona.com\/actualidad\/wp-content\/uploads\/2014\/07\/junta_local_proteccion_civil2-300x225.jpg\" \/>\n<meta name=\"author\" content=\"La Gu\u00eda de Pamplona\" \/>\n<meta name=\"twitter:card\" content=\"summary_large_image\" \/>\n<meta name=\"twitter:creator\" content=\"@LaGuiadPamplona\" \/>\n<meta name=\"twitter:site\" content=\"@LaGuiadPamplona\" \/>\n<meta name=\"twitter:label1\" content=\"Escrito por\" \/>\n\t<meta name=\"twitter:data1\" content=\"La Gu\u00eda de Pamplona\" \/>\n\t<meta name=\"twitter:label2\" content=\"Tiempo de lectura\" \/>\n\t<meta name=\"twitter:data2\" content=\"4 minutos\" \/>\n<script type=\"application\/ld+json\" class=\"yoast-schema-graph\">{\"@context\":\"https:\\\/\\\/schema.org\",\"@graph\":[{\"@type\":\"Article\",\"@id\":\"https:\\\/\\\/www.laguiadepamplona.com\\\/actualidad\\\/los-sanfermines-de-2014-comienzan-con-menos-gente-en-la-calle-y-respeto-a-lo-establecido-en-la-ordenanza-del-encierro\\\/#article\",\"isPartOf\":{\"@id\":\"https:\\\/\\\/www.laguiadepamplona.com\\\/actualidad\\\/los-sanfermines-de-2014-comienzan-con-menos-gente-en-la-calle-y-respeto-a-lo-establecido-en-la-ordenanza-del-encierro\\\/\"},\"author\":{\"name\":\"La Gu\u00eda de Pamplona\",\"@id\":\"https:\\\/\\\/www.laguiadepamplona.com\\\/actualidad\\\/#\\\/schema\\\/person\\\/efe887376f0213d4657c93adc50b1fdb\"},\"headline\":\"Los Sanfermines de 2014 comienzan con menos gente en la calle y respeto a lo establecido en la Ordenanza del Encierro\",\"datePublished\":\"2014-07-08T16:30:11+00:00\",\"mainEntityOfPage\":{\"@id\":\"https:\\\/\\\/www.laguiadepamplona.com\\\/actualidad\\\/los-sanfermines-de-2014-comienzan-con-menos-gente-en-la-calle-y-respeto-a-lo-establecido-en-la-ordenanza-del-encierro\\\/\"},\"wordCount\":842,\"commentCount\":0,\"publisher\":{\"@id\":\"https:\\\/\\\/www.laguiadepamplona.com\\\/actualidad\\\/#organization\"},\"image\":{\"@id\":\"https:\\\/\\\/www.laguiadepamplona.com\\\/actualidad\\\/los-sanfermines-de-2014-comienzan-con-menos-gente-en-la-calle-y-respeto-a-lo-establecido-en-la-ordenanza-del-encierro\\\/#primaryimage\"},\"thumbnailUrl\":\"http:\\\/\\\/laguiadepamplona.com\\\/actualidad\\\/wp-content\\\/uploads\\\/2014\\\/07\\\/junta_local_proteccion_civil2-300x225.jpg\",\"keywords\":[\"actualidad\",\"\u00c1rea de Seguridad Ciudadana\",\"ayto pamplona\",\"Ayuntamiento de Pamplona\",\"encierro\",\"junta local\",\"noticias\",\"pamplona\",\"protecci\u00f3n civil\",\"respeto ordenanzas\"],\"articleSection\":[\"Ayto Pamplona\"],\"inLanguage\":\"es\",\"potentialAction\":[{\"@type\":\"CommentAction\",\"name\":\"Comment\",\"target\":[\"https:\\\/\\\/www.laguiadepamplona.com\\\/actualidad\\\/los-sanfermines-de-2014-comienzan-con-menos-gente-en-la-calle-y-respeto-a-lo-establecido-en-la-ordenanza-del-encierro\\\/#respond\"]}]},{\"@type\":\"WebPage\",\"@id\":\"https:\\\/\\\/www.laguiadepamplona.com\\\/actualidad\\\/los-sanfermines-de-2014-comienzan-con-menos-gente-en-la-calle-y-respeto-a-lo-establecido-en-la-ordenanza-del-encierro\\\/\",\"url\":\"https:\\\/\\\/www.laguiadepamplona.com\\\/actualidad\\\/los-sanfermines-de-2014-comienzan-con-menos-gente-en-la-calle-y-respeto-a-lo-establecido-en-la-ordenanza-del-encierro\\\/\",\"name\":\"Los Sanfermines de 2014 comienzan con menos gente en la calle y respeto a lo establecido en la Ordenanza del Encierro\",\"isPartOf\":{\"@id\":\"https:\\\/\\\/www.laguiadepamplona.com\\\/actualidad\\\/#website\"},\"primaryImageOfPage\":{\"@id\":\"https:\\\/\\\/www.laguiadepamplona.com\\\/actualidad\\\/los-sanfermines-de-2014-comienzan-con-menos-gente-en-la-calle-y-respeto-a-lo-establecido-en-la-ordenanza-del-encierro\\\/#primaryimage\"},\"image\":{\"@id\":\"https:\\\/\\\/www.laguiadepamplona.com\\\/actualidad\\\/los-sanfermines-de-2014-comienzan-con-menos-gente-en-la-calle-y-respeto-a-lo-establecido-en-la-ordenanza-del-encierro\\\/#primaryimage\"},\"thumbnailUrl\":\"http:\\\/\\\/laguiadepamplona.com\\\/actualidad\\\/wp-content\\\/uploads\\\/2014\\\/07\\\/junta_local_proteccion_civil2-300x225.jpg\",\"datePublished\":\"2014-07-08T16:30:11+00:00\",\"breadcrumb\":{\"@id\":\"https:\\\/\\\/www.laguiadepamplona.com\\\/actualidad\\\/los-sanfermines-de-2014-comienzan-con-menos-gente-en-la-calle-y-respeto-a-lo-establecido-en-la-ordenanza-del-encierro\\\/#breadcrumb\"},\"inLanguage\":\"es\",\"potentialAction\":[{\"@type\":\"ReadAction\",\"target\":[\"https:\\\/\\\/www.laguiadepamplona.com\\\/actualidad\\\/los-sanfermines-de-2014-comienzan-con-menos-gente-en-la-calle-y-respeto-a-lo-establecido-en-la-ordenanza-del-encierro\\\/\"]}]},{\"@type\":\"ImageObject\",\"inLanguage\":\"es\",\"@id\":\"https:\\\/\\\/www.laguiadepamplona.com\\\/actualidad\\\/los-sanfermines-de-2014-comienzan-con-menos-gente-en-la-calle-y-respeto-a-lo-establecido-en-la-ordenanza-del-encierro\\\/#primaryimage\",\"url\":\"http:\\\/\\\/laguiadepamplona.com\\\/actualidad\\\/wp-content\\\/uploads\\\/2014\\\/07\\\/junta_local_proteccion_civil2-300x225.jpg\",\"contentUrl\":\"http:\\\/\\\/laguiadepamplona.com\\\/actualidad\\\/wp-content\\\/uploads\\\/2014\\\/07\\\/junta_local_proteccion_civil2-300x225.jpg\"},{\"@type\":\"BreadcrumbList\",\"@id\":\"https:\\\/\\\/www.laguiadepamplona.com\\\/actualidad\\\/los-sanfermines-de-2014-comienzan-con-menos-gente-en-la-calle-y-respeto-a-lo-establecido-en-la-ordenanza-del-encierro\\\/#breadcrumb\",\"itemListElement\":[{\"@type\":\"ListItem\",\"position\":1,\"name\":\"Portada\",\"item\":\"https:\\\/\\\/www.laguiadepamplona.com\\\/actualidad\\\/\"},{\"@type\":\"ListItem\",\"position\":2,\"name\":\"Los Sanfermines de 2014 comienzan con menos gente en la calle y respeto a lo establecido en la Ordenanza del Encierro\"}]},{\"@type\":\"WebSite\",\"@id\":\"https:\\\/\\\/www.laguiadepamplona.com\\\/actualidad\\\/#website\",\"url\":\"https:\\\/\\\/www.laguiadepamplona.com\\\/actualidad\\\/\",\"name\":\"La gu\u00eda de Pamplona\",\"description\":\"Noticias de Pamplona\",\"publisher\":{\"@id\":\"https:\\\/\\\/www.laguiadepamplona.com\\\/actualidad\\\/#organization\"},\"potentialAction\":[{\"@type\":\"SearchAction\",\"target\":{\"@type\":\"EntryPoint\",\"urlTemplate\":\"https:\\\/\\\/www.laguiadepamplona.com\\\/actualidad\\\/?s={search_term_string}\"},\"query-input\":{\"@type\":\"PropertyValueSpecification\",\"valueRequired\":true,\"valueName\":\"search_term_string\"}}],\"inLanguage\":\"es\"},{\"@type\":\"Organization\",\"@id\":\"https:\\\/\\\/www.laguiadepamplona.com\\\/actualidad\\\/#organization\",\"name\":\"La Gu\u00eda de Pamplona \\\/ Noticias\",\"url\":\"https:\\\/\\\/www.laguiadepamplona.com\\\/actualidad\\\/\",\"logo\":{\"@type\":\"ImageObject\",\"inLanguage\":\"es\",\"@id\":\"https:\\\/\\\/www.laguiadepamplona.com\\\/actualidad\\\/#\\\/schema\\\/logo\\\/image\\\/\",\"url\":\"https:\\\/\\\/www.laguiadepamplona.com\\\/actualidad\\\/wp-content\\\/uploads\\\/2018\\\/11\\\/logo-laguiadepamplona18-web1.png\",\"contentUrl\":\"https:\\\/\\\/www.laguiadepamplona.com\\\/actualidad\\\/wp-content\\\/uploads\\\/2018\\\/11\\\/logo-laguiadepamplona18-web1.png\",\"width\":600,\"height\":196,\"caption\":\"La Gu\u00eda de Pamplona \\\/ Noticias\"},\"image\":{\"@id\":\"https:\\\/\\\/www.laguiadepamplona.com\\\/actualidad\\\/#\\\/schema\\\/logo\\\/image\\\/\"},\"sameAs\":[\"https:\\\/\\\/www.facebook.com\\\/laguiadepamplonacom-133175176762273\\\/?ref=hl\",\"https:\\\/\\\/x.com\\\/LaGuiadPamplona\",\"https:\\\/\\\/www.instagram.com\\\/la_guia_de_pamplona\\\/\",\"https:\\\/\\\/www.youtube.com\\\/user\\\/laguiadepamplona\"]},{\"@type\":\"Person\",\"@id\":\"https:\\\/\\\/www.laguiadepamplona.com\\\/actualidad\\\/#\\\/schema\\\/person\\\/efe887376f0213d4657c93adc50b1fdb\",\"name\":\"La Gu\u00eda de Pamplona\",\"image\":{\"@type\":\"ImageObject\",\"inLanguage\":\"es\",\"@id\":\"https:\\\/\\\/secure.gravatar.com\\\/avatar\\\/b6992f131dc8d30ab0dff15446e9d346d9dbd95992de0fef795073f5ea83a81c?s=96&d=mm&r=g\",\"url\":\"https:\\\/\\\/secure.gravatar.com\\\/avatar\\\/b6992f131dc8d30ab0dff15446e9d346d9dbd95992de0fef795073f5ea83a81c?s=96&d=mm&r=g\",\"contentUrl\":\"https:\\\/\\\/secure.gravatar.com\\\/avatar\\\/b6992f131dc8d30ab0dff15446e9d346d9dbd95992de0fef795073f5ea83a81c?s=96&d=mm&r=g\",\"caption\":\"La Gu\u00eda de Pamplona\"}}]}<\/script>\n<!-- \/ Yoast SEO plugin. -->","yoast_head_json":{"title":"Los Sanfermines de 2014 comienzan con menos gente en la calle y respeto a lo establecido en la Ordenanza del Encierro","robots":{"index":"index","follow":"follow","max-snippet":"max-snippet:-1","max-image-preview":"max-image-preview:large","max-video-preview":"max-video-preview:-1"},"canonical":"https:\/\/www.laguiadepamplona.com\/actualidad\/los-sanfermines-de-2014-comienzan-con-menos-gente-en-la-calle-y-respeto-a-lo-establecido-en-la-ordenanza-del-encierro\/","og_locale":"es_ES","og_type":"article","og_title":"Los Sanfermines de 2014 comienzan con menos gente en la calle y respeto a lo establecido en la Ordenanza del Encierro","og_description":"La Junta Local de Protecci\u00f3n Civil se ha reunido esta ma\u00f1ana en los locales del \u00c1rea de Seguridad Ciudadana para pasar revista a lo sucedido en Pamplona desde la v\u00edspera...","og_url":"https:\/\/www.laguiadepamplona.com\/actualidad\/los-sanfermines-de-2014-comienzan-con-menos-gente-en-la-calle-y-respeto-a-lo-establecido-en-la-ordenanza-del-encierro\/","og_site_name":"La Gu\u00eda de Pamplona","article_publisher":"https:\/\/www.facebook.com\/laguiadepamplonacom-133175176762273\/?ref=hl","article_published_time":"2014-07-08T16:30:11+00:00","og_image":[{"url":"http:\/\/laguiadepamplona.com\/actualidad\/wp-content\/uploads\/2014\/07\/junta_local_proteccion_civil2-300x225.jpg","type":"","width":"","height":""}],"author":"La Gu\u00eda de Pamplona","twitter_card":"summary_large_image","twitter_creator":"@LaGuiadPamplona","twitter_site":"@LaGuiadPamplona","twitter_misc":{"Escrito por":"La Gu\u00eda de Pamplona","Tiempo de lectura":"4 minutos"},"schema":{"@context":"https:\/\/schema.org","@graph":[{"@type":"Article","@id":"https:\/\/www.laguiadepamplona.com\/actualidad\/los-sanfermines-de-2014-comienzan-con-menos-gente-en-la-calle-y-respeto-a-lo-establecido-en-la-ordenanza-del-encierro\/#article","isPartOf":{"@id":"https:\/\/www.laguiadepamplona.com\/actualidad\/los-sanfermines-de-2014-comienzan-con-menos-gente-en-la-calle-y-respeto-a-lo-establecido-en-la-ordenanza-del-encierro\/"},"author":{"name":"La Gu\u00eda de Pamplona","@id":"https:\/\/www.laguiadepamplona.com\/actualidad\/#\/schema\/person\/efe887376f0213d4657c93adc50b1fdb"},"headline":"Los Sanfermines de 2014 comienzan con menos gente en la calle y respeto a lo establecido en la Ordenanza del Encierro","datePublished":"2014-07-08T16:30:11+00:00","mainEntityOfPage":{"@id":"https:\/\/www.laguiadepamplona.com\/actualidad\/los-sanfermines-de-2014-comienzan-con-menos-gente-en-la-calle-y-respeto-a-lo-establecido-en-la-ordenanza-del-encierro\/"},"wordCount":842,"commentCount":0,"publisher":{"@id":"https:\/\/www.laguiadepamplona.com\/actualidad\/#organization"},"image":{"@id":"https:\/\/www.laguiadepamplona.com\/actualidad\/los-sanfermines-de-2014-comienzan-con-menos-gente-en-la-calle-y-respeto-a-lo-establecido-en-la-ordenanza-del-encierro\/#primaryimage"},"thumbnailUrl":"http:\/\/laguiadepamplona.com\/actualidad\/wp-content\/uploads\/2014\/07\/junta_local_proteccion_civil2-300x225.jpg","keywords":["actualidad","\u00c1rea de Seguridad Ciudadana","ayto pamplona","Ayuntamiento de Pamplona","encierro","junta local","noticias","pamplona","protecci\u00f3n civil","respeto ordenanzas"],"articleSection":["Ayto Pamplona"],"inLanguage":"es","potentialAction":[{"@type":"CommentAction","name":"Comment","target":["https:\/\/www.laguiadepamplona.com\/actualidad\/los-sanfermines-de-2014-comienzan-con-menos-gente-en-la-calle-y-respeto-a-lo-establecido-en-la-ordenanza-del-encierro\/#respond"]}]},{"@type":"WebPage","@id":"https:\/\/www.laguiadepamplona.com\/actualidad\/los-sanfermines-de-2014-comienzan-con-menos-gente-en-la-calle-y-respeto-a-lo-establecido-en-la-ordenanza-del-encierro\/","url":"https:\/\/www.laguiadepamplona.com\/actualidad\/los-sanfermines-de-2014-comienzan-con-menos-gente-en-la-calle-y-respeto-a-lo-establecido-en-la-ordenanza-del-encierro\/","name":"Los Sanfermines de 2014 comienzan con menos gente en la calle y respeto a lo establecido en la Ordenanza del Encierro","isPartOf":{"@id":"https:\/\/www.laguiadepamplona.com\/actualidad\/#website"},"primaryImageOfPage":{"@id":"https:\/\/www.laguiadepamplona.com\/actualidad\/los-sanfermines-de-2014-comienzan-con-menos-gente-en-la-calle-y-respeto-a-lo-establecido-en-la-ordenanza-del-encierro\/#primaryimage"},"image":{"@id":"https:\/\/www.laguiadepamplona.com\/actualidad\/los-sanfermines-de-2014-comienzan-con-menos-gente-en-la-calle-y-respeto-a-lo-establecido-en-la-ordenanza-del-encierro\/#primaryimage"},"thumbnailUrl":"http:\/\/laguiadepamplona.com\/actualidad\/wp-content\/uploads\/2014\/07\/junta_local_proteccion_civil2-300x225.jpg","datePublished":"2014-07-08T16:30:11+00:00","breadcrumb":{"@id":"https:\/\/www.laguiadepamplona.com\/actualidad\/los-sanfermines-de-2014-comienzan-con-menos-gente-en-la-calle-y-respeto-a-lo-establecido-en-la-ordenanza-del-encierro\/#breadcrumb"},"inLanguage":"es","potentialAction":[{"@type":"ReadAction","target":["https:\/\/www.laguiadepamplona.com\/actualidad\/los-sanfermines-de-2014-comienzan-con-menos-gente-en-la-calle-y-respeto-a-lo-establecido-en-la-ordenanza-del-encierro\/"]}]},{"@type":"ImageObject","inLanguage":"es","@id":"https:\/\/www.laguiadepamplona.com\/actualidad\/los-sanfermines-de-2014-comienzan-con-menos-gente-en-la-calle-y-respeto-a-lo-establecido-en-la-ordenanza-del-encierro\/#primaryimage","url":"http:\/\/laguiadepamplona.com\/actualidad\/wp-content\/uploads\/2014\/07\/junta_local_proteccion_civil2-300x225.jpg","contentUrl":"http:\/\/laguiadepamplona.com\/actualidad\/wp-content\/uploads\/2014\/07\/junta_local_proteccion_civil2-300x225.jpg"},{"@type":"BreadcrumbList","@id":"https:\/\/www.laguiadepamplona.com\/actualidad\/los-sanfermines-de-2014-comienzan-con-menos-gente-en-la-calle-y-respeto-a-lo-establecido-en-la-ordenanza-del-encierro\/#breadcrumb","itemListElement":[{"@type":"ListItem","position":1,"name":"Portada","item":"https:\/\/www.laguiadepamplona.com\/actualidad\/"},{"@type":"ListItem","position":2,"name":"Los Sanfermines de 2014 comienzan con menos gente en la calle y respeto a lo establecido en la Ordenanza del Encierro"}]},{"@type":"WebSite","@id":"https:\/\/www.laguiadepamplona.com\/actualidad\/#website","url":"https:\/\/www.laguiadepamplona.com\/actualidad\/","name":"La gu\u00eda de Pamplona","description":"Noticias de Pamplona","publisher":{"@id":"https:\/\/www.laguiadepamplona.com\/actualidad\/#organization"},"potentialAction":[{"@type":"SearchAction","target":{"@type":"EntryPoint","urlTemplate":"https:\/\/www.laguiadepamplona.com\/actualidad\/?s={search_term_string}"},"query-input":{"@type":"PropertyValueSpecification","valueRequired":true,"valueName":"search_term_string"}}],"inLanguage":"es"},{"@type":"Organization","@id":"https:\/\/www.laguiadepamplona.com\/actualidad\/#organization","name":"La Gu\u00eda de Pamplona \/ Noticias","url":"https:\/\/www.laguiadepamplona.com\/actualidad\/","logo":{"@type":"ImageObject","inLanguage":"es","@id":"https:\/\/www.laguiadepamplona.com\/actualidad\/#\/schema\/logo\/image\/","url":"https:\/\/www.laguiadepamplona.com\/actualidad\/wp-content\/uploads\/2018\/11\/logo-laguiadepamplona18-web1.png","contentUrl":"https:\/\/www.laguiadepamplona.com\/actualidad\/wp-content\/uploads\/2018\/11\/logo-laguiadepamplona18-web1.png","width":600,"height":196,"caption":"La Gu\u00eda de Pamplona \/ Noticias"},"image":{"@id":"https:\/\/www.laguiadepamplona.com\/actualidad\/#\/schema\/logo\/image\/"},"sameAs":["https:\/\/www.facebook.com\/laguiadepamplonacom-133175176762273\/?ref=hl","https:\/\/x.com\/LaGuiadPamplona","https:\/\/www.instagram.com\/la_guia_de_pamplona\/","https:\/\/www.youtube.com\/user\/laguiadepamplona"]},{"@type":"Person","@id":"https:\/\/www.laguiadepamplona.com\/actualidad\/#\/schema\/person\/efe887376f0213d4657c93adc50b1fdb","name":"La Gu\u00eda de Pamplona","image":{"@type":"ImageObject","inLanguage":"es","@id":"https:\/\/secure.gravatar.com\/avatar\/b6992f131dc8d30ab0dff15446e9d346d9dbd95992de0fef795073f5ea83a81c?s=96&d=mm&r=g","url":"https:\/\/secure.gravatar.com\/avatar\/b6992f131dc8d30ab0dff15446e9d346d9dbd95992de0fef795073f5ea83a81c?s=96&d=mm&r=g","contentUrl":"https:\/\/secure.gravatar.com\/avatar\/b6992f131dc8d30ab0dff15446e9d346d9dbd95992de0fef795073f5ea83a81c?s=96&d=mm&r=g","caption":"La Gu\u00eda de Pamplona"}}]}},"post_mailing_queue_ids":[],"_links":{"self":[{"href":"https:\/\/www.laguiadepamplona.com\/actualidad\/wp-json\/wp\/v2\/posts\/2287","targetHints":{"allow":["GET"]}}],"collection":[{"href":"https:\/\/www.laguiadepamplona.com\/actualidad\/wp-json\/wp\/v2\/posts"}],"about":[{"href":"https:\/\/www.laguiadepamplona.com\/actualidad\/wp-json\/wp\/v2\/types\/post"}],"author":[{"embeddable":true,"href":"https:\/\/www.laguiadepamplona.com\/actualidad\/wp-json\/wp\/v2\/users\/1"}],"replies":[{"embeddable":true,"href":"https:\/\/www.laguiadepamplona.com\/actualidad\/wp-json\/wp\/v2\/comments?post=2287"}],"version-history":[{"count":0,"href":"https:\/\/www.laguiadepamplona.com\/actualidad\/wp-json\/wp\/v2\/posts\/2287\/revisions"}],"wp:attachment":[{"href":"https:\/\/www.laguiadepamplona.com\/actualidad\/wp-json\/wp\/v2\/media?parent=2287"}],"wp:term":[{"taxonomy":"category","embeddable":true,"href":"https:\/\/www.laguiadepamplona.com\/actualidad\/wp-json\/wp\/v2\/categories?post=2287"},{"taxonomy":"post_tag","embeddable":true,"href":"https:\/\/www.laguiadepamplona.com\/actualidad\/wp-json\/wp\/v2\/tags?post=2287"}],"curies":[{"name":"wp","href":"https:\/\/api.w.org\/{rel}","templated":true}]}}