{"id":2265,"date":"2014-07-04T12:14:04","date_gmt":"2014-07-04T12:14:04","guid":{"rendered":"http:\/\/laguiadepamplona.com\/actualidad\/?p=2265"},"modified":"2014-07-04T12:14:04","modified_gmt":"2014-07-04T12:14:04","slug":"la-feria-de-ganado-equino-se-celebrara-el-lunes-7-de-julio-y-ademas-de-la-compraventa-de-ejemplares-contara-con-exhibiciones-de-equitacion-y-actividades-infantiles","status":"publish","type":"post","link":"https:\/\/www.laguiadepamplona.com\/actualidad\/la-feria-de-ganado-equino-se-celebrara-el-lunes-7-de-julio-y-ademas-de-la-compraventa-de-ejemplares-contara-con-exhibiciones-de-equitacion-y-actividades-infantiles\/","title":{"rendered":"La feria de ganado equino se celebrar\u00e1 el lunes 7 de julio y, adem\u00e1s de la compraventa de ejemplares, contar\u00e1 con exhibiciones de equitaci\u00f3n y actividades infantiles"},"content":{"rendered":"<h4>Se han instalado alrededor de 300 corrales y la feria tendr\u00e1 lugar en el pol\u00edgono de Agustino de 7 a 15\u00a0 horas<\/h4>\n<p class=\"Textonota\"><a href=\"http:\/\/laguiadepamplona.com\/actualidad\/wp-content\/uploads\/2014\/07\/feria-de-ganado_pamplona.jpg\"><img loading=\"lazy\" decoding=\"async\" class=\"alignleft size-medium wp-image-2266\" src=\"http:\/\/laguiadepamplona.com\/actualidad\/wp-content\/uploads\/2014\/07\/feria-de-ganado_pamplona-300x167.jpg\" alt=\"feria-de-ganado_pamplona\" width=\"300\" height=\"167\" \/><\/a>El lunes 7 de julio tendr\u00e1 lugar la tradicional feria de ganado equino de San Ferm\u00edn. Se celebrar\u00e1, entre las siete de la ma\u00f1ana y las tres de la tarde, en una parcela del pol\u00edgono de Agustinos cercana al aparcamiento del hipermercado. Por segundo a\u00f1o consecutivo, la feria contar\u00e1 con actividades dirigidas sobre todo a un p\u00fablico familiar, adem\u00e1s de la compraventa y transacciones en torno al ganado.<\/p>\n<p class=\"Textonota\">Esas actividades las organiza la H\u00edpica Zahor\u00ed Caballos de Navarra, ubicada en la localidad de Falces. Durante la ma\u00f1ana se suceder\u00e1n diferentes exhibiciones ecuestres y de equitaci\u00f3n a cargo del personal de la propia h\u00edpica y de la escuela de equino Marina Zapata. En esas demostraciones se llevar\u00e1n a cabo diferentes ejercicios de riendas largas, enganche, salto o doma cl\u00e1sica, entre otras. Asimismo se organizar\u00e1n yincanas infantiles dirigidas a los menores para que pasen un buen rato y se diviertan en torno de la feria y de los animales.<\/p>\n<p class=\"ladillonota\"><strong>Cerca de 300 corrales para los animales<\/strong><\/p>\n<p class=\"Textonota\">La tradicional feria de ganado equino de San Ferm\u00edn contar\u00e1 en esta edici\u00f3n con cerca de 300 corrales para los animales, a los que se podr\u00e1 acceder a partir de las doce de la noche del mismo d\u00eda 7. La instalaci\u00f3n contar\u00e1 con sirgas para amarrar a la ganader\u00eda suelta y cada corral dispondr\u00e1 de un cubo para el abastecimiento del agua. Los usuarios pagar\u00e1n unas tasas de 3, 5 u 8 euros, dependiendo del tama\u00f1o del corral. La feria est\u00e1 restringida a ganado equino por lo que solo se podr\u00e1 llevar a cabo la compraventa de caballos, yeguas, bulas, burros, ponis, etc\u00e9tera.<\/p>\n<p class=\"Textonota\">Para poder participar en la feria los ganaderos deben presentar documentaci\u00f3n sobre el animal como la gu\u00eda de origen y sanidad, la rese\u00f1a individual de cada ejemplar dedicado a la compraventa y el certificado de desparasitaci\u00f3n, tal y como recogen las instrucciones del \u00e1rea de Seguridad Ciudadana del Ayuntamiento de Pamplona.<\/p>\n<p class=\"Textonota\">En el recinto de la feria queda prohibida la instalaci\u00f3n de puestos de venta ambulante de alimentos y bebidas o de productos que no est\u00e9n relacionados directamente con la venta de ganado. Para una mejor organizaci\u00f3n del evento queda prohibido estacionar veh\u00edculos en el recinto donde tiene lugar la feria, a la excepci\u00f3n de aquellos que se dediquen a la carga y descarga de animales.<\/p>\n<p class=\"Textonota\">\n","protected":false},"excerpt":{"rendered":"<p>Se han instalado alrededor de 300 corrales y la feria tendr\u00e1 lugar en el pol\u00edgono de Agustino de 7 a 15\u00a0 horas El lunes 7 de julio tendr\u00e1 lugar la&#8230;<\/p>\n","protected":false},"author":1,"featured_media":2266,"comment_status":"open","ping_status":"open","sticky":false,"template":"","format":"standard","meta":{"footnotes":""},"categories":[2],"tags":[199,5,6,509,1914,1915,1916,8,9,506,578],"class_list":["post-2265","post","type-post","status-publish","format-standard","has-post-thumbnail","hentry","category-ayuntamiento-pamplona","tag-199","tag-actualidad","tag-ayto-pamplona","tag-ayuntamiento-de-pamplona","tag-equino","tag-feria","tag-ganado","tag-noticias","tag-pamplona","tag-san-fermin","tag-sanfermines"],"yoast_head":"<!-- This site is optimized with the Yoast SEO plugin v27.5 - https:\/\/yoast.com\/product\/yoast-seo-wordpress\/ -->\n<title>La feria de ganado equino se celebrar\u00e1 el lunes 7 de julio y, adem\u00e1s de la compraventa de ejemplares, contar\u00e1 con exhibiciones de equitaci\u00f3n y actividades infantiles<\/title>\n<meta name=\"robots\" content=\"index, follow, max-snippet:-1, max-image-preview:large, max-video-preview:-1\" \/>\n<link rel=\"canonical\" href=\"https:\/\/www.laguiadepamplona.com\/actualidad\/la-feria-de-ganado-equino-se-celebrara-el-lunes-7-de-julio-y-ademas-de-la-compraventa-de-ejemplares-contara-con-exhibiciones-de-equitacion-y-actividades-infantiles\/\" \/>\n<meta property=\"og:locale\" content=\"es_ES\" \/>\n<meta property=\"og:type\" content=\"article\" \/>\n<meta property=\"og:title\" content=\"La feria de ganado equino se celebrar\u00e1 el lunes 7 de julio y, adem\u00e1s de la compraventa de ejemplares, contar\u00e1 con exhibiciones de equitaci\u00f3n y actividades infantiles\" \/>\n<meta property=\"og:description\" content=\"Se han instalado alrededor de 300 corrales y la feria tendr\u00e1 lugar en el pol\u00edgono de Agustino de 7 a 15\u00a0 horas El lunes 7 de julio tendr\u00e1 lugar la...\" \/>\n<meta property=\"og:url\" content=\"https:\/\/www.laguiadepamplona.com\/actualidad\/la-feria-de-ganado-equino-se-celebrara-el-lunes-7-de-julio-y-ademas-de-la-compraventa-de-ejemplares-contara-con-exhibiciones-de-equitacion-y-actividades-infantiles\/\" \/>\n<meta property=\"og:site_name\" content=\"La Gu\u00eda de Pamplona\" \/>\n<meta property=\"article:publisher\" content=\"https:\/\/www.facebook.com\/laguiadepamplonacom-133175176762273\/?ref=hl\" \/>\n<meta property=\"article:published_time\" content=\"2014-07-04T12:14:04+00:00\" \/>\n<meta name=\"author\" content=\"La Gu\u00eda de Pamplona\" \/>\n<meta name=\"twitter:card\" content=\"summary_large_image\" \/>\n<meta name=\"twitter:creator\" content=\"@LaGuiadPamplona\" \/>\n<meta name=\"twitter:site\" content=\"@LaGuiadPamplona\" \/>\n<meta name=\"twitter:label1\" content=\"Escrito por\" \/>\n\t<meta name=\"twitter:data1\" content=\"La Gu\u00eda de Pamplona\" \/>\n\t<meta name=\"twitter:label2\" content=\"Tiempo de lectura\" \/>\n\t<meta name=\"twitter:data2\" content=\"2 minutos\" \/>\n<script type=\"application\/ld+json\" class=\"yoast-schema-graph\">{\"@context\":\"https:\\\/\\\/schema.org\",\"@graph\":[{\"@type\":\"Article\",\"@id\":\"https:\\\/\\\/www.laguiadepamplona.com\\\/actualidad\\\/la-feria-de-ganado-equino-se-celebrara-el-lunes-7-de-julio-y-ademas-de-la-compraventa-de-ejemplares-contara-con-exhibiciones-de-equitacion-y-actividades-infantiles\\\/#article\",\"isPartOf\":{\"@id\":\"https:\\\/\\\/www.laguiadepamplona.com\\\/actualidad\\\/la-feria-de-ganado-equino-se-celebrara-el-lunes-7-de-julio-y-ademas-de-la-compraventa-de-ejemplares-contara-con-exhibiciones-de-equitacion-y-actividades-infantiles\\\/\"},\"author\":{\"name\":\"La Gu\u00eda de Pamplona\",\"@id\":\"https:\\\/\\\/www.laguiadepamplona.com\\\/actualidad\\\/#\\\/schema\\\/person\\\/efe887376f0213d4657c93adc50b1fdb\"},\"headline\":\"La feria de ganado equino se celebrar\u00e1 el lunes 7 de julio y, adem\u00e1s de la compraventa de ejemplares, contar\u00e1 con exhibiciones de equitaci\u00f3n y actividades infantiles\",\"datePublished\":\"2014-07-04T12:14:04+00:00\",\"mainEntityOfPage\":{\"@id\":\"https:\\\/\\\/www.laguiadepamplona.com\\\/actualidad\\\/la-feria-de-ganado-equino-se-celebrara-el-lunes-7-de-julio-y-ademas-de-la-compraventa-de-ejemplares-contara-con-exhibiciones-de-equitacion-y-actividades-infantiles\\\/\"},\"wordCount\":455,\"commentCount\":0,\"publisher\":{\"@id\":\"https:\\\/\\\/www.laguiadepamplona.com\\\/actualidad\\\/#organization\"},\"image\":{\"@id\":\"https:\\\/\\\/www.laguiadepamplona.com\\\/actualidad\\\/la-feria-de-ganado-equino-se-celebrara-el-lunes-7-de-julio-y-ademas-de-la-compraventa-de-ejemplares-contara-con-exhibiciones-de-equitacion-y-actividades-infantiles\\\/#primaryimage\"},\"thumbnailUrl\":\"\",\"keywords\":[\"2014\",\"actualidad\",\"ayto pamplona\",\"Ayuntamiento de Pamplona\",\"equino\",\"feria\",\"ganado\",\"noticias\",\"pamplona\",\"san ferm\u00edn\",\"Sanfermines\"],\"articleSection\":[\"Ayto Pamplona\"],\"inLanguage\":\"es\",\"potentialAction\":[{\"@type\":\"CommentAction\",\"name\":\"Comment\",\"target\":[\"https:\\\/\\\/www.laguiadepamplona.com\\\/actualidad\\\/la-feria-de-ganado-equino-se-celebrara-el-lunes-7-de-julio-y-ademas-de-la-compraventa-de-ejemplares-contara-con-exhibiciones-de-equitacion-y-actividades-infantiles\\\/#respond\"]}]},{\"@type\":\"WebPage\",\"@id\":\"https:\\\/\\\/www.laguiadepamplona.com\\\/actualidad\\\/la-feria-de-ganado-equino-se-celebrara-el-lunes-7-de-julio-y-ademas-de-la-compraventa-de-ejemplares-contara-con-exhibiciones-de-equitacion-y-actividades-infantiles\\\/\",\"url\":\"https:\\\/\\\/www.laguiadepamplona.com\\\/actualidad\\\/la-feria-de-ganado-equino-se-celebrara-el-lunes-7-de-julio-y-ademas-de-la-compraventa-de-ejemplares-contara-con-exhibiciones-de-equitacion-y-actividades-infantiles\\\/\",\"name\":\"La feria de ganado equino se celebrar\u00e1 el lunes 7 de julio y, adem\u00e1s de la compraventa de ejemplares, contar\u00e1 con exhibiciones de equitaci\u00f3n y actividades infantiles\",\"isPartOf\":{\"@id\":\"https:\\\/\\\/www.laguiadepamplona.com\\\/actualidad\\\/#website\"},\"primaryImageOfPage\":{\"@id\":\"https:\\\/\\\/www.laguiadepamplona.com\\\/actualidad\\\/la-feria-de-ganado-equino-se-celebrara-el-lunes-7-de-julio-y-ademas-de-la-compraventa-de-ejemplares-contara-con-exhibiciones-de-equitacion-y-actividades-infantiles\\\/#primaryimage\"},\"image\":{\"@id\":\"https:\\\/\\\/www.laguiadepamplona.com\\\/actualidad\\\/la-feria-de-ganado-equino-se-celebrara-el-lunes-7-de-julio-y-ademas-de-la-compraventa-de-ejemplares-contara-con-exhibiciones-de-equitacion-y-actividades-infantiles\\\/#primaryimage\"},\"thumbnailUrl\":\"\",\"datePublished\":\"2014-07-04T12:14:04+00:00\",\"breadcrumb\":{\"@id\":\"https:\\\/\\\/www.laguiadepamplona.com\\\/actualidad\\\/la-feria-de-ganado-equino-se-celebrara-el-lunes-7-de-julio-y-ademas-de-la-compraventa-de-ejemplares-contara-con-exhibiciones-de-equitacion-y-actividades-infantiles\\\/#breadcrumb\"},\"inLanguage\":\"es\",\"potentialAction\":[{\"@type\":\"ReadAction\",\"target\":[\"https:\\\/\\\/www.laguiadepamplona.com\\\/actualidad\\\/la-feria-de-ganado-equino-se-celebrara-el-lunes-7-de-julio-y-ademas-de-la-compraventa-de-ejemplares-contara-con-exhibiciones-de-equitacion-y-actividades-infantiles\\\/\"]}]},{\"@type\":\"ImageObject\",\"inLanguage\":\"es\",\"@id\":\"https:\\\/\\\/www.laguiadepamplona.com\\\/actualidad\\\/la-feria-de-ganado-equino-se-celebrara-el-lunes-7-de-julio-y-ademas-de-la-compraventa-de-ejemplares-contara-con-exhibiciones-de-equitacion-y-actividades-infantiles\\\/#primaryimage\",\"url\":\"\",\"contentUrl\":\"\"},{\"@type\":\"BreadcrumbList\",\"@id\":\"https:\\\/\\\/www.laguiadepamplona.com\\\/actualidad\\\/la-feria-de-ganado-equino-se-celebrara-el-lunes-7-de-julio-y-ademas-de-la-compraventa-de-ejemplares-contara-con-exhibiciones-de-equitacion-y-actividades-infantiles\\\/#breadcrumb\",\"itemListElement\":[{\"@type\":\"ListItem\",\"position\":1,\"name\":\"Portada\",\"item\":\"https:\\\/\\\/www.laguiadepamplona.com\\\/actualidad\\\/\"},{\"@type\":\"ListItem\",\"position\":2,\"name\":\"La feria de ganado equino se celebrar\u00e1 el lunes 7 de julio y, adem\u00e1s de la compraventa de ejemplares, contar\u00e1 con exhibiciones de equitaci\u00f3n y actividades infantiles\"}]},{\"@type\":\"WebSite\",\"@id\":\"https:\\\/\\\/www.laguiadepamplona.com\\\/actualidad\\\/#website\",\"url\":\"https:\\\/\\\/www.laguiadepamplona.com\\\/actualidad\\\/\",\"name\":\"La gu\u00eda de Pamplona\",\"description\":\"Noticias de Pamplona\",\"publisher\":{\"@id\":\"https:\\\/\\\/www.laguiadepamplona.com\\\/actualidad\\\/#organization\"},\"potentialAction\":[{\"@type\":\"SearchAction\",\"target\":{\"@type\":\"EntryPoint\",\"urlTemplate\":\"https:\\\/\\\/www.laguiadepamplona.com\\\/actualidad\\\/?s={search_term_string}\"},\"query-input\":{\"@type\":\"PropertyValueSpecification\",\"valueRequired\":true,\"valueName\":\"search_term_string\"}}],\"inLanguage\":\"es\"},{\"@type\":\"Organization\",\"@id\":\"https:\\\/\\\/www.laguiadepamplona.com\\\/actualidad\\\/#organization\",\"name\":\"La Gu\u00eda de Pamplona \\\/ Noticias\",\"url\":\"https:\\\/\\\/www.laguiadepamplona.com\\\/actualidad\\\/\",\"logo\":{\"@type\":\"ImageObject\",\"inLanguage\":\"es\",\"@id\":\"https:\\\/\\\/www.laguiadepamplona.com\\\/actualidad\\\/#\\\/schema\\\/logo\\\/image\\\/\",\"url\":\"https:\\\/\\\/www.laguiadepamplona.com\\\/actualidad\\\/wp-content\\\/uploads\\\/2018\\\/11\\\/logo-laguiadepamplona18-web1.png\",\"contentUrl\":\"https:\\\/\\\/www.laguiadepamplona.com\\\/actualidad\\\/wp-content\\\/uploads\\\/2018\\\/11\\\/logo-laguiadepamplona18-web1.png\",\"width\":600,\"height\":196,\"caption\":\"La Gu\u00eda de Pamplona \\\/ Noticias\"},\"image\":{\"@id\":\"https:\\\/\\\/www.laguiadepamplona.com\\\/actualidad\\\/#\\\/schema\\\/logo\\\/image\\\/\"},\"sameAs\":[\"https:\\\/\\\/www.facebook.com\\\/laguiadepamplonacom-133175176762273\\\/?ref=hl\",\"https:\\\/\\\/x.com\\\/LaGuiadPamplona\",\"https:\\\/\\\/www.instagram.com\\\/la_guia_de_pamplona\\\/\",\"https:\\\/\\\/www.youtube.com\\\/user\\\/laguiadepamplona\"]},{\"@type\":\"Person\",\"@id\":\"https:\\\/\\\/www.laguiadepamplona.com\\\/actualidad\\\/#\\\/schema\\\/person\\\/efe887376f0213d4657c93adc50b1fdb\",\"name\":\"La Gu\u00eda de Pamplona\",\"image\":{\"@type\":\"ImageObject\",\"inLanguage\":\"es\",\"@id\":\"https:\\\/\\\/secure.gravatar.com\\\/avatar\\\/b6992f131dc8d30ab0dff15446e9d346d9dbd95992de0fef795073f5ea83a81c?s=96&d=mm&r=g\",\"url\":\"https:\\\/\\\/secure.gravatar.com\\\/avatar\\\/b6992f131dc8d30ab0dff15446e9d346d9dbd95992de0fef795073f5ea83a81c?s=96&d=mm&r=g\",\"contentUrl\":\"https:\\\/\\\/secure.gravatar.com\\\/avatar\\\/b6992f131dc8d30ab0dff15446e9d346d9dbd95992de0fef795073f5ea83a81c?s=96&d=mm&r=g\",\"caption\":\"La Gu\u00eda de Pamplona\"}}]}<\/script>\n<!-- \/ Yoast SEO plugin. -->","yoast_head_json":{"title":"La feria de ganado equino se celebrar\u00e1 el lunes 7 de julio y, adem\u00e1s de la compraventa de ejemplares, contar\u00e1 con exhibiciones de equitaci\u00f3n y actividades infantiles","robots":{"index":"index","follow":"follow","max-snippet":"max-snippet:-1","max-image-preview":"max-image-preview:large","max-video-preview":"max-video-preview:-1"},"canonical":"https:\/\/www.laguiadepamplona.com\/actualidad\/la-feria-de-ganado-equino-se-celebrara-el-lunes-7-de-julio-y-ademas-de-la-compraventa-de-ejemplares-contara-con-exhibiciones-de-equitacion-y-actividades-infantiles\/","og_locale":"es_ES","og_type":"article","og_title":"La feria de ganado equino se celebrar\u00e1 el lunes 7 de julio y, adem\u00e1s de la compraventa de ejemplares, contar\u00e1 con exhibiciones de equitaci\u00f3n y actividades infantiles","og_description":"Se han instalado alrededor de 300 corrales y la feria tendr\u00e1 lugar en el pol\u00edgono de Agustino de 7 a 15\u00a0 horas El lunes 7 de julio tendr\u00e1 lugar la...","og_url":"https:\/\/www.laguiadepamplona.com\/actualidad\/la-feria-de-ganado-equino-se-celebrara-el-lunes-7-de-julio-y-ademas-de-la-compraventa-de-ejemplares-contara-con-exhibiciones-de-equitacion-y-actividades-infantiles\/","og_site_name":"La Gu\u00eda de Pamplona","article_publisher":"https:\/\/www.facebook.com\/laguiadepamplonacom-133175176762273\/?ref=hl","article_published_time":"2014-07-04T12:14:04+00:00","author":"La Gu\u00eda de Pamplona","twitter_card":"summary_large_image","twitter_creator":"@LaGuiadPamplona","twitter_site":"@LaGuiadPamplona","twitter_misc":{"Escrito por":"La Gu\u00eda de Pamplona","Tiempo de lectura":"2 minutos"},"schema":{"@context":"https:\/\/schema.org","@graph":[{"@type":"Article","@id":"https:\/\/www.laguiadepamplona.com\/actualidad\/la-feria-de-ganado-equino-se-celebrara-el-lunes-7-de-julio-y-ademas-de-la-compraventa-de-ejemplares-contara-con-exhibiciones-de-equitacion-y-actividades-infantiles\/#article","isPartOf":{"@id":"https:\/\/www.laguiadepamplona.com\/actualidad\/la-feria-de-ganado-equino-se-celebrara-el-lunes-7-de-julio-y-ademas-de-la-compraventa-de-ejemplares-contara-con-exhibiciones-de-equitacion-y-actividades-infantiles\/"},"author":{"name":"La Gu\u00eda de Pamplona","@id":"https:\/\/www.laguiadepamplona.com\/actualidad\/#\/schema\/person\/efe887376f0213d4657c93adc50b1fdb"},"headline":"La feria de ganado equino se celebrar\u00e1 el lunes 7 de julio y, adem\u00e1s de la compraventa de ejemplares, contar\u00e1 con exhibiciones de equitaci\u00f3n y actividades infantiles","datePublished":"2014-07-04T12:14:04+00:00","mainEntityOfPage":{"@id":"https:\/\/www.laguiadepamplona.com\/actualidad\/la-feria-de-ganado-equino-se-celebrara-el-lunes-7-de-julio-y-ademas-de-la-compraventa-de-ejemplares-contara-con-exhibiciones-de-equitacion-y-actividades-infantiles\/"},"wordCount":455,"commentCount":0,"publisher":{"@id":"https:\/\/www.laguiadepamplona.com\/actualidad\/#organization"},"image":{"@id":"https:\/\/www.laguiadepamplona.com\/actualidad\/la-feria-de-ganado-equino-se-celebrara-el-lunes-7-de-julio-y-ademas-de-la-compraventa-de-ejemplares-contara-con-exhibiciones-de-equitacion-y-actividades-infantiles\/#primaryimage"},"thumbnailUrl":"","keywords":["2014","actualidad","ayto pamplona","Ayuntamiento de Pamplona","equino","feria","ganado","noticias","pamplona","san ferm\u00edn","Sanfermines"],"articleSection":["Ayto Pamplona"],"inLanguage":"es","potentialAction":[{"@type":"CommentAction","name":"Comment","target":["https:\/\/www.laguiadepamplona.com\/actualidad\/la-feria-de-ganado-equino-se-celebrara-el-lunes-7-de-julio-y-ademas-de-la-compraventa-de-ejemplares-contara-con-exhibiciones-de-equitacion-y-actividades-infantiles\/#respond"]}]},{"@type":"WebPage","@id":"https:\/\/www.laguiadepamplona.com\/actualidad\/la-feria-de-ganado-equino-se-celebrara-el-lunes-7-de-julio-y-ademas-de-la-compraventa-de-ejemplares-contara-con-exhibiciones-de-equitacion-y-actividades-infantiles\/","url":"https:\/\/www.laguiadepamplona.com\/actualidad\/la-feria-de-ganado-equino-se-celebrara-el-lunes-7-de-julio-y-ademas-de-la-compraventa-de-ejemplares-contara-con-exhibiciones-de-equitacion-y-actividades-infantiles\/","name":"La feria de ganado equino se celebrar\u00e1 el lunes 7 de julio y, adem\u00e1s de la compraventa de ejemplares, contar\u00e1 con exhibiciones de equitaci\u00f3n y actividades infantiles","isPartOf":{"@id":"https:\/\/www.laguiadepamplona.com\/actualidad\/#website"},"primaryImageOfPage":{"@id":"https:\/\/www.laguiadepamplona.com\/actualidad\/la-feria-de-ganado-equino-se-celebrara-el-lunes-7-de-julio-y-ademas-de-la-compraventa-de-ejemplares-contara-con-exhibiciones-de-equitacion-y-actividades-infantiles\/#primaryimage"},"image":{"@id":"https:\/\/www.laguiadepamplona.com\/actualidad\/la-feria-de-ganado-equino-se-celebrara-el-lunes-7-de-julio-y-ademas-de-la-compraventa-de-ejemplares-contara-con-exhibiciones-de-equitacion-y-actividades-infantiles\/#primaryimage"},"thumbnailUrl":"","datePublished":"2014-07-04T12:14:04+00:00","breadcrumb":{"@id":"https:\/\/www.laguiadepamplona.com\/actualidad\/la-feria-de-ganado-equino-se-celebrara-el-lunes-7-de-julio-y-ademas-de-la-compraventa-de-ejemplares-contara-con-exhibiciones-de-equitacion-y-actividades-infantiles\/#breadcrumb"},"inLanguage":"es","potentialAction":[{"@type":"ReadAction","target":["https:\/\/www.laguiadepamplona.com\/actualidad\/la-feria-de-ganado-equino-se-celebrara-el-lunes-7-de-julio-y-ademas-de-la-compraventa-de-ejemplares-contara-con-exhibiciones-de-equitacion-y-actividades-infantiles\/"]}]},{"@type":"ImageObject","inLanguage":"es","@id":"https:\/\/www.laguiadepamplona.com\/actualidad\/la-feria-de-ganado-equino-se-celebrara-el-lunes-7-de-julio-y-ademas-de-la-compraventa-de-ejemplares-contara-con-exhibiciones-de-equitacion-y-actividades-infantiles\/#primaryimage","url":"","contentUrl":""},{"@type":"BreadcrumbList","@id":"https:\/\/www.laguiadepamplona.com\/actualidad\/la-feria-de-ganado-equino-se-celebrara-el-lunes-7-de-julio-y-ademas-de-la-compraventa-de-ejemplares-contara-con-exhibiciones-de-equitacion-y-actividades-infantiles\/#breadcrumb","itemListElement":[{"@type":"ListItem","position":1,"name":"Portada","item":"https:\/\/www.laguiadepamplona.com\/actualidad\/"},{"@type":"ListItem","position":2,"name":"La feria de ganado equino se celebrar\u00e1 el lunes 7 de julio y, adem\u00e1s de la compraventa de ejemplares, contar\u00e1 con exhibiciones de equitaci\u00f3n y actividades infantiles"}]},{"@type":"WebSite","@id":"https:\/\/www.laguiadepamplona.com\/actualidad\/#website","url":"https:\/\/www.laguiadepamplona.com\/actualidad\/","name":"La gu\u00eda de Pamplona","description":"Noticias de Pamplona","publisher":{"@id":"https:\/\/www.laguiadepamplona.com\/actualidad\/#organization"},"potentialAction":[{"@type":"SearchAction","target":{"@type":"EntryPoint","urlTemplate":"https:\/\/www.laguiadepamplona.com\/actualidad\/?s={search_term_string}"},"query-input":{"@type":"PropertyValueSpecification","valueRequired":true,"valueName":"search_term_string"}}],"inLanguage":"es"},{"@type":"Organization","@id":"https:\/\/www.laguiadepamplona.com\/actualidad\/#organization","name":"La Gu\u00eda de Pamplona \/ Noticias","url":"https:\/\/www.laguiadepamplona.com\/actualidad\/","logo":{"@type":"ImageObject","inLanguage":"es","@id":"https:\/\/www.laguiadepamplona.com\/actualidad\/#\/schema\/logo\/image\/","url":"https:\/\/www.laguiadepamplona.com\/actualidad\/wp-content\/uploads\/2018\/11\/logo-laguiadepamplona18-web1.png","contentUrl":"https:\/\/www.laguiadepamplona.com\/actualidad\/wp-content\/uploads\/2018\/11\/logo-laguiadepamplona18-web1.png","width":600,"height":196,"caption":"La Gu\u00eda de Pamplona \/ Noticias"},"image":{"@id":"https:\/\/www.laguiadepamplona.com\/actualidad\/#\/schema\/logo\/image\/"},"sameAs":["https:\/\/www.facebook.com\/laguiadepamplonacom-133175176762273\/?ref=hl","https:\/\/x.com\/LaGuiadPamplona","https:\/\/www.instagram.com\/la_guia_de_pamplona\/","https:\/\/www.youtube.com\/user\/laguiadepamplona"]},{"@type":"Person","@id":"https:\/\/www.laguiadepamplona.com\/actualidad\/#\/schema\/person\/efe887376f0213d4657c93adc50b1fdb","name":"La Gu\u00eda de Pamplona","image":{"@type":"ImageObject","inLanguage":"es","@id":"https:\/\/secure.gravatar.com\/avatar\/b6992f131dc8d30ab0dff15446e9d346d9dbd95992de0fef795073f5ea83a81c?s=96&d=mm&r=g","url":"https:\/\/secure.gravatar.com\/avatar\/b6992f131dc8d30ab0dff15446e9d346d9dbd95992de0fef795073f5ea83a81c?s=96&d=mm&r=g","contentUrl":"https:\/\/secure.gravatar.com\/avatar\/b6992f131dc8d30ab0dff15446e9d346d9dbd95992de0fef795073f5ea83a81c?s=96&d=mm&r=g","caption":"La Gu\u00eda de Pamplona"}}]}},"post_mailing_queue_ids":[],"_links":{"self":[{"href":"https:\/\/www.laguiadepamplona.com\/actualidad\/wp-json\/wp\/v2\/posts\/2265","targetHints":{"allow":["GET"]}}],"collection":[{"href":"https:\/\/www.laguiadepamplona.com\/actualidad\/wp-json\/wp\/v2\/posts"}],"about":[{"href":"https:\/\/www.laguiadepamplona.com\/actualidad\/wp-json\/wp\/v2\/types\/post"}],"author":[{"embeddable":true,"href":"https:\/\/www.laguiadepamplona.com\/actualidad\/wp-json\/wp\/v2\/users\/1"}],"replies":[{"embeddable":true,"href":"https:\/\/www.laguiadepamplona.com\/actualidad\/wp-json\/wp\/v2\/comments?post=2265"}],"version-history":[{"count":0,"href":"https:\/\/www.laguiadepamplona.com\/actualidad\/wp-json\/wp\/v2\/posts\/2265\/revisions"}],"wp:featuredmedia":[{"embeddable":true,"href":"https:\/\/www.laguiadepamplona.com\/actualidad\/wp-json\/"}],"wp:attachment":[{"href":"https:\/\/www.laguiadepamplona.com\/actualidad\/wp-json\/wp\/v2\/media?parent=2265"}],"wp:term":[{"taxonomy":"category","embeddable":true,"href":"https:\/\/www.laguiadepamplona.com\/actualidad\/wp-json\/wp\/v2\/categories?post=2265"},{"taxonomy":"post_tag","embeddable":true,"href":"https:\/\/www.laguiadepamplona.com\/actualidad\/wp-json\/wp\/v2\/tags?post=2265"}],"curies":[{"name":"wp","href":"https:\/\/api.w.org\/{rel}","templated":true}]}}