{"id":2258,"date":"2014-07-04T12:09:23","date_gmt":"2014-07-04T12:09:23","guid":{"rendered":"http:\/\/laguiadepamplona.com\/actualidad\/?p=2258"},"modified":"2014-07-04T12:09:23","modified_gmt":"2014-07-04T12:09:23","slug":"este-domingo-con-los-titiriteros-de-binefar-comienza-el-ciclo-de-animacion-en-calle-para-familias-paseando-dentro-del-programa-de-san-fermin-2014","status":"publish","type":"post","link":"https:\/\/www.laguiadepamplona.com\/actualidad\/este-domingo-con-los-titiriteros-de-binefar-comienza-el-ciclo-de-animacion-en-calle-para-familias-paseando-dentro-del-programa-de-san-fermin-2014\/","title":{"rendered":"Este domingo, con los Titiriteros de Bin\u00e9far, comienza, el ciclo de animaci\u00f3n en calle para familias \u2018Paseando\u2019, dentro del programa de San Ferm\u00edn 2014"},"content":{"rendered":"<h4>El ciclo se sit\u00faa entre el 6 y el 8 de julio de forma fija en el entorno de Conde de Rodezno y, desde esa fecha, recupera el formato de pasacalles<\/h4>\n<p><a href=\"http:\/\/laguiadepamplona.com\/actualidad\/wp-content\/uploads\/2014\/07\/titiriteros_cartel_.jpg\"><img loading=\"lazy\" decoding=\"async\" class=\"alignleft size-medium wp-image-2260\" src=\"http:\/\/laguiadepamplona.com\/actualidad\/wp-content\/uploads\/2014\/07\/titiriteros_cartel_-300x209.jpg\" alt=\"F Cartel*80\/255\" width=\"300\" height=\"209\" \/><\/a>Como todos los a\u00f1os en su espacio fijo en San Ferm\u00edn el domingo por la tarde llega \u2018Paseando\u2019 un ciclo de actividades de animaci\u00f3n en calle para p\u00fablico familiar que coincide con la hora de cierre del espacio infantil de la Plaza Conde de Rodezno. A las 21 horas cada d\u00eda de las fiestas, las diferentes compa\u00f1\u00edas ocupar\u00e1n el centro de la ciudad con propuestas imaginativa y visualmente sorprendentes, entre las que tambi\u00e9n se ha incluido oferta local.<\/p>\n<p>Estrenan en esta ocasi\u00f3n el ciclo Los titiriteros de Bin\u00e9far (de Bin\u00e9far, Huesca), una compa\u00f1\u00eda bien conocida en Pamplona con un importante palmar\u00e9s que se inici\u00f3 en 1991 con el premio \u2018Certamen de t\u00edteres Villa de Madrid\u2019 y que en 2009 les llevaba a obtener el Premio Nacional de Teatro para la Infancia y la Juventud del Ministerio de Cultura. Su propuesta es recuperar el juego compartido en la calle de la mano de la m\u00fasica y las canciones tradicionales. \u2018Juerga\u2019 es como se llama el espect\u00e1culo, de unos 60 minutos, de duraci\u00f3n en el que cinco titiriteros dispondr\u00e1n de un escenario, t\u00edteres de gran tama\u00f1o, mu\u00f1ecos de p\u00e9rtiga, mu\u00f1ecos de escoba, peleles, grandes pelotas y t\u00faneles de tela.<\/p>\n<p>Adem\u00e1s de pasear sus \u201cmo\u00f1acos\u201d por toda Espa\u00f1a y casi 30 pa\u00edses de todo el mundo, algunos de tradici\u00f3n tan distinta como EEUU, Jap\u00f3n, Palestina o gran parte de los englobados en la UE, los titiriteros son consumados m\u00fasicos: tienen en su haber seis CD de m\u00fasica infantil, tanto tradicional como versiones, adem\u00e1s de cinco libros. Son una compa\u00f1\u00eda \u201ca la antigua\u201d con treinta a\u00f1os de trayectoria y 30 espect\u00e1culos producidos.<\/p>\n<p><strong>El ciclo Paseando<\/strong><\/p>\n<p>Este a\u00f1o los d\u00edas 6, 7 y 8 el pasacalles ser\u00e1 m\u00e1s bien una verbena de animaci\u00f3n con m\u00fasica y juegos en la avenida de Carlos III, antes de la confluencia con calle San Ferm\u00edn, y entre el d\u00eda 9 y el 13 el ciclo retomar\u00e1 su formato tradicional de espect\u00e1culos itinerantes con salida desde Conde de Rodezno y recorrido para la zona peatonal de la avenida Carlos III, hasta su confluencia con la calle San Ferm\u00edn.<\/p>\n<p>Todos los espect\u00e1culos van a durar entre 60 y 75 minutos y la puesta en escena suele requerir elementos de gran tama\u00f1o, muchos de ellos hinchables. Los d\u00edas 12 y 13 de julio, durante el segundo fin de semana de fiestas, se realizar\u00e1n los espect\u00e1culos de mayor formato.<\/p>\n<p>De las seis compa\u00f1\u00edas programadas para todas las fiestas, cuatro son aragonesas, una catalana y el sabor local estar\u00e1 representado por los navarros de Zirika Zirkus.<\/p>\n<p><strong>Actividades de \u201cPaseando\u201d 2014<\/strong><\/p>\n<p><strong>Horario: 21 horas<\/strong><\/p>\n<p><strong>D\u00eda 6<\/strong><\/p>\n<ul>\n<li>Espect\u00e1culo: Juerga<\/li>\n<li>Compa\u00f1\u00eda :Titiriteros de Bin\u00e9far (Huesca)<\/li>\n<li>Duraci\u00f3n: 60 minutos<\/li>\n<li>Formato: verbena-animaci\u00f3n<\/li>\n<li>Lugar: Carlos III, antes de la confluencia con calle San Ferm\u00edn<\/li>\n<\/ul>\n<p><strong>D\u00eda 7<\/strong><\/p>\n<ul>\n<li>Espect\u00e1culo: Mu\u00e9vete con los Campanos<\/li>\n<li>Compa\u00f1\u00eda: PAI (Zaragoza)<\/li>\n<li>Duraci\u00f3n: 75 minutos<\/li>\n<li>Formato: verbena-animaci\u00f3n<\/li>\n<li>Lugar: Carlos III, antes de la confluencia con calle San Ferm\u00edn<\/li>\n<\/ul>\n<p><strong>D\u00eda 8<\/strong><\/p>\n<ul>\n<li>Espect\u00e1culo: Dantzateke<\/li>\n<li>Compa\u00f1\u00eda: Zirika Zirkus (Pamplona)<\/li>\n<li>Duraci\u00f3n: 65 minutos<\/li>\n<li>Formato: verbena-animaci\u00f3n<\/li>\n<li>Lugar: Carlos III, antes de la confluencia con calle San Ferm\u00edn<\/li>\n<\/ul>\n<p><strong>D\u00eda 9<\/strong><\/p>\n<ul>\n<li>Espect\u00e1culo: Escuela de pilotos<\/li>\n<li>Compa\u00f1\u00eda: Coscorr\u00f3n Animaci\u00f3n (Zaragoza)<\/li>\n<li>Duraci\u00f3n: 60 minutos<\/li>\n<li>Formato: pasacalles<\/li>\n<li>Lugar: salida de Conde de Rodezno, zona peatonal de la avenida Carlos III, hasta su confluencia con la calle San Ferm\u00edn<\/li>\n<\/ul>\n<p><strong>D\u00eda 10<\/strong><\/p>\n<ul>\n<li>Espect\u00e1culo: Ojo de Horus<\/li>\n<li>Compa\u00f1\u00eda: Con K de calle (Zaragoza)<\/li>\n<li>Duraci\u00f3n: 60 minutos<\/li>\n<li>Formato: pasacalles<\/li>\n<li>Lugar:salida de Conde de Rodezno, zona peatonal de la avenida Carlos III, hasta su confluencia con la calle San Ferm\u00edn<\/li>\n<\/ul>\n<p><strong>D\u00eda 11<\/strong><\/p>\n<ul>\n<li>Espect\u00e1culo: Rainbow Invaders\/Invasores del color<\/li>\n<li>Compa\u00f1\u00eda: Con K de calle (Zaragoza)<\/li>\n<li>Duraci\u00f3n: 65 minutos<\/li>\n<li>Formato: pasacalles<\/li>\n<li>Lugar:salida de Conde de Rodezno, zona peatonal de la avenida Carlos III, hasta su confluencia con la calle San Ferm\u00edn<\/li>\n<\/ul>\n<p><strong>D\u00eda 12<\/strong><\/p>\n<ul>\n<li>Espect\u00e1culo: Yellow Submarine<\/li>\n<li>Compa\u00f1\u00eda: Ziga Zaga<\/li>\n<li>Duraci\u00f3n: 55 minutos<\/li>\n<li>Formato: pasacalles<\/li>\n<li>Lugar:salida de Conde de Rodezno, zona peatonal de la avenida Carlos III, hasta su confluencia con la calle San Ferm\u00edn<\/li>\n<\/ul>\n<p><strong>D\u00eda 13<\/strong><\/p>\n<ul>\n<li>Espect\u00e1culo: Bollywood<\/li>\n<li>Compa\u00f1\u00eda: Ziga Zaga<\/li>\n<li>Duraci\u00f3n: 55 minutos<\/li>\n<li>Formato: pasacalles<\/li>\n<li>Lugar:salida de Conde de Rodezno, zona peatonal de la avenida Carlos III, hasta su confluencia con la calle San Ferm\u00edn<\/li>\n<\/ul>\n<p>&nbsp;<\/p>\n","protected":false},"excerpt":{"rendered":"<p>El ciclo se sit\u00faa entre el 6 y el 8 de julio de forma fija en el entorno de Conde de Rodezno y, desde esa fecha, recupera el formato de&#8230;<\/p>\n","protected":false},"author":1,"featured_media":2260,"comment_status":"open","ping_status":"open","sticky":false,"template":"","format":"standard","meta":{"footnotes":""},"categories":[2],"tags":[5,6,509,1899,1900,8,1901,9,1902,315,1903,1904],"class_list":["post-2258","post","type-post","status-publish","format-standard","has-post-thumbnail","hentry","category-ayuntamiento-pamplona","tag-actualidad","tag-ayto-pamplona","tag-ayuntamiento-de-pamplona","tag-con-k-de-calle-zaragoza","tag-coscorron-animacion-zaragoza","tag-noticias","tag-pai-zaragoza","tag-pamplona","tag-paseando","tag-san-fermin-2014","tag-titiriteros-de-binefar","tag-ziga-zaga"],"yoast_head":"<!-- This site is optimized with the Yoast SEO plugin v27.5 - https:\/\/yoast.com\/product\/yoast-seo-wordpress\/ -->\n<title>Este domingo, con los Titiriteros de Bin\u00e9far, comienza, el ciclo de animaci\u00f3n en calle para familias \u2018Paseando\u2019, dentro del programa de San Ferm\u00edn 2014<\/title>\n<meta name=\"robots\" content=\"index, follow, max-snippet:-1, max-image-preview:large, max-video-preview:-1\" \/>\n<link rel=\"canonical\" href=\"https:\/\/www.laguiadepamplona.com\/actualidad\/este-domingo-con-los-titiriteros-de-binefar-comienza-el-ciclo-de-animacion-en-calle-para-familias-paseando-dentro-del-programa-de-san-fermin-2014\/\" \/>\n<meta property=\"og:locale\" content=\"es_ES\" \/>\n<meta property=\"og:type\" content=\"article\" \/>\n<meta property=\"og:title\" content=\"Este domingo, con los Titiriteros de Bin\u00e9far, comienza, el ciclo de animaci\u00f3n en calle para familias \u2018Paseando\u2019, dentro del programa de San Ferm\u00edn 2014\" \/>\n<meta property=\"og:description\" content=\"El ciclo se sit\u00faa entre el 6 y el 8 de julio de forma fija en el entorno de Conde de Rodezno y, desde esa fecha, recupera el formato de...\" \/>\n<meta property=\"og:url\" content=\"https:\/\/www.laguiadepamplona.com\/actualidad\/este-domingo-con-los-titiriteros-de-binefar-comienza-el-ciclo-de-animacion-en-calle-para-familias-paseando-dentro-del-programa-de-san-fermin-2014\/\" \/>\n<meta property=\"og:site_name\" content=\"La Gu\u00eda de Pamplona\" \/>\n<meta property=\"article:publisher\" content=\"https:\/\/www.facebook.com\/laguiadepamplonacom-133175176762273\/?ref=hl\" \/>\n<meta property=\"article:published_time\" content=\"2014-07-04T12:09:23+00:00\" \/>\n<meta name=\"author\" content=\"La Gu\u00eda de Pamplona\" \/>\n<meta name=\"twitter:card\" content=\"summary_large_image\" \/>\n<meta name=\"twitter:creator\" content=\"@LaGuiadPamplona\" \/>\n<meta name=\"twitter:site\" content=\"@LaGuiadPamplona\" \/>\n<meta name=\"twitter:label1\" content=\"Escrito por\" \/>\n\t<meta name=\"twitter:data1\" content=\"La Gu\u00eda de Pamplona\" \/>\n\t<meta name=\"twitter:label2\" content=\"Tiempo de lectura\" \/>\n\t<meta name=\"twitter:data2\" content=\"4 minutos\" \/>\n<script type=\"application\/ld+json\" class=\"yoast-schema-graph\">{\"@context\":\"https:\\\/\\\/schema.org\",\"@graph\":[{\"@type\":\"Article\",\"@id\":\"https:\\\/\\\/www.laguiadepamplona.com\\\/actualidad\\\/este-domingo-con-los-titiriteros-de-binefar-comienza-el-ciclo-de-animacion-en-calle-para-familias-paseando-dentro-del-programa-de-san-fermin-2014\\\/#article\",\"isPartOf\":{\"@id\":\"https:\\\/\\\/www.laguiadepamplona.com\\\/actualidad\\\/este-domingo-con-los-titiriteros-de-binefar-comienza-el-ciclo-de-animacion-en-calle-para-familias-paseando-dentro-del-programa-de-san-fermin-2014\\\/\"},\"author\":{\"name\":\"La Gu\u00eda de Pamplona\",\"@id\":\"https:\\\/\\\/www.laguiadepamplona.com\\\/actualidad\\\/#\\\/schema\\\/person\\\/efe887376f0213d4657c93adc50b1fdb\"},\"headline\":\"Este domingo, con los Titiriteros de Bin\u00e9far, comienza, el ciclo de animaci\u00f3n en calle para familias \u2018Paseando\u2019, dentro del programa de San Ferm\u00edn 2014\",\"datePublished\":\"2014-07-04T12:09:23+00:00\",\"mainEntityOfPage\":{\"@id\":\"https:\\\/\\\/www.laguiadepamplona.com\\\/actualidad\\\/este-domingo-con-los-titiriteros-de-binefar-comienza-el-ciclo-de-animacion-en-calle-para-familias-paseando-dentro-del-programa-de-san-fermin-2014\\\/\"},\"wordCount\":807,\"commentCount\":0,\"publisher\":{\"@id\":\"https:\\\/\\\/www.laguiadepamplona.com\\\/actualidad\\\/#organization\"},\"image\":{\"@id\":\"https:\\\/\\\/www.laguiadepamplona.com\\\/actualidad\\\/este-domingo-con-los-titiriteros-de-binefar-comienza-el-ciclo-de-animacion-en-calle-para-familias-paseando-dentro-del-programa-de-san-fermin-2014\\\/#primaryimage\"},\"thumbnailUrl\":\"\",\"keywords\":[\"actualidad\",\"ayto pamplona\",\"Ayuntamiento de Pamplona\",\"Con K de calle (Zaragoza)\",\"Coscorr\u00f3n Animaci\u00f3n (Zaragoza)\",\"noticias\",\"PAI (Zaragoza)\",\"pamplona\",\"paseando\",\"San Ferm\u00edn 2014\",\"Titiriteros de Bin\u00e9far\",\"Ziga Zaga\"],\"articleSection\":[\"Ayto Pamplona\"],\"inLanguage\":\"es\",\"potentialAction\":[{\"@type\":\"CommentAction\",\"name\":\"Comment\",\"target\":[\"https:\\\/\\\/www.laguiadepamplona.com\\\/actualidad\\\/este-domingo-con-los-titiriteros-de-binefar-comienza-el-ciclo-de-animacion-en-calle-para-familias-paseando-dentro-del-programa-de-san-fermin-2014\\\/#respond\"]}]},{\"@type\":\"WebPage\",\"@id\":\"https:\\\/\\\/www.laguiadepamplona.com\\\/actualidad\\\/este-domingo-con-los-titiriteros-de-binefar-comienza-el-ciclo-de-animacion-en-calle-para-familias-paseando-dentro-del-programa-de-san-fermin-2014\\\/\",\"url\":\"https:\\\/\\\/www.laguiadepamplona.com\\\/actualidad\\\/este-domingo-con-los-titiriteros-de-binefar-comienza-el-ciclo-de-animacion-en-calle-para-familias-paseando-dentro-del-programa-de-san-fermin-2014\\\/\",\"name\":\"Este domingo, con los Titiriteros de Bin\u00e9far, comienza, el ciclo de animaci\u00f3n en calle para familias \u2018Paseando\u2019, dentro del programa de San Ferm\u00edn 2014\",\"isPartOf\":{\"@id\":\"https:\\\/\\\/www.laguiadepamplona.com\\\/actualidad\\\/#website\"},\"primaryImageOfPage\":{\"@id\":\"https:\\\/\\\/www.laguiadepamplona.com\\\/actualidad\\\/este-domingo-con-los-titiriteros-de-binefar-comienza-el-ciclo-de-animacion-en-calle-para-familias-paseando-dentro-del-programa-de-san-fermin-2014\\\/#primaryimage\"},\"image\":{\"@id\":\"https:\\\/\\\/www.laguiadepamplona.com\\\/actualidad\\\/este-domingo-con-los-titiriteros-de-binefar-comienza-el-ciclo-de-animacion-en-calle-para-familias-paseando-dentro-del-programa-de-san-fermin-2014\\\/#primaryimage\"},\"thumbnailUrl\":\"\",\"datePublished\":\"2014-07-04T12:09:23+00:00\",\"breadcrumb\":{\"@id\":\"https:\\\/\\\/www.laguiadepamplona.com\\\/actualidad\\\/este-domingo-con-los-titiriteros-de-binefar-comienza-el-ciclo-de-animacion-en-calle-para-familias-paseando-dentro-del-programa-de-san-fermin-2014\\\/#breadcrumb\"},\"inLanguage\":\"es\",\"potentialAction\":[{\"@type\":\"ReadAction\",\"target\":[\"https:\\\/\\\/www.laguiadepamplona.com\\\/actualidad\\\/este-domingo-con-los-titiriteros-de-binefar-comienza-el-ciclo-de-animacion-en-calle-para-familias-paseando-dentro-del-programa-de-san-fermin-2014\\\/\"]}]},{\"@type\":\"ImageObject\",\"inLanguage\":\"es\",\"@id\":\"https:\\\/\\\/www.laguiadepamplona.com\\\/actualidad\\\/este-domingo-con-los-titiriteros-de-binefar-comienza-el-ciclo-de-animacion-en-calle-para-familias-paseando-dentro-del-programa-de-san-fermin-2014\\\/#primaryimage\",\"url\":\"\",\"contentUrl\":\"\"},{\"@type\":\"BreadcrumbList\",\"@id\":\"https:\\\/\\\/www.laguiadepamplona.com\\\/actualidad\\\/este-domingo-con-los-titiriteros-de-binefar-comienza-el-ciclo-de-animacion-en-calle-para-familias-paseando-dentro-del-programa-de-san-fermin-2014\\\/#breadcrumb\",\"itemListElement\":[{\"@type\":\"ListItem\",\"position\":1,\"name\":\"Portada\",\"item\":\"https:\\\/\\\/www.laguiadepamplona.com\\\/actualidad\\\/\"},{\"@type\":\"ListItem\",\"position\":2,\"name\":\"Este domingo, con los Titiriteros de Bin\u00e9far, comienza, el ciclo de animaci\u00f3n en calle para familias \u2018Paseando\u2019, dentro del programa de San Ferm\u00edn 2014\"}]},{\"@type\":\"WebSite\",\"@id\":\"https:\\\/\\\/www.laguiadepamplona.com\\\/actualidad\\\/#website\",\"url\":\"https:\\\/\\\/www.laguiadepamplona.com\\\/actualidad\\\/\",\"name\":\"La gu\u00eda de Pamplona\",\"description\":\"Noticias de Pamplona\",\"publisher\":{\"@id\":\"https:\\\/\\\/www.laguiadepamplona.com\\\/actualidad\\\/#organization\"},\"potentialAction\":[{\"@type\":\"SearchAction\",\"target\":{\"@type\":\"EntryPoint\",\"urlTemplate\":\"https:\\\/\\\/www.laguiadepamplona.com\\\/actualidad\\\/?s={search_term_string}\"},\"query-input\":{\"@type\":\"PropertyValueSpecification\",\"valueRequired\":true,\"valueName\":\"search_term_string\"}}],\"inLanguage\":\"es\"},{\"@type\":\"Organization\",\"@id\":\"https:\\\/\\\/www.laguiadepamplona.com\\\/actualidad\\\/#organization\",\"name\":\"La Gu\u00eda de Pamplona \\\/ Noticias\",\"url\":\"https:\\\/\\\/www.laguiadepamplona.com\\\/actualidad\\\/\",\"logo\":{\"@type\":\"ImageObject\",\"inLanguage\":\"es\",\"@id\":\"https:\\\/\\\/www.laguiadepamplona.com\\\/actualidad\\\/#\\\/schema\\\/logo\\\/image\\\/\",\"url\":\"https:\\\/\\\/www.laguiadepamplona.com\\\/actualidad\\\/wp-content\\\/uploads\\\/2018\\\/11\\\/logo-laguiadepamplona18-web1.png\",\"contentUrl\":\"https:\\\/\\\/www.laguiadepamplona.com\\\/actualidad\\\/wp-content\\\/uploads\\\/2018\\\/11\\\/logo-laguiadepamplona18-web1.png\",\"width\":600,\"height\":196,\"caption\":\"La Gu\u00eda de Pamplona \\\/ Noticias\"},\"image\":{\"@id\":\"https:\\\/\\\/www.laguiadepamplona.com\\\/actualidad\\\/#\\\/schema\\\/logo\\\/image\\\/\"},\"sameAs\":[\"https:\\\/\\\/www.facebook.com\\\/laguiadepamplonacom-133175176762273\\\/?ref=hl\",\"https:\\\/\\\/x.com\\\/LaGuiadPamplona\",\"https:\\\/\\\/www.instagram.com\\\/la_guia_de_pamplona\\\/\",\"https:\\\/\\\/www.youtube.com\\\/user\\\/laguiadepamplona\"]},{\"@type\":\"Person\",\"@id\":\"https:\\\/\\\/www.laguiadepamplona.com\\\/actualidad\\\/#\\\/schema\\\/person\\\/efe887376f0213d4657c93adc50b1fdb\",\"name\":\"La Gu\u00eda de Pamplona\",\"image\":{\"@type\":\"ImageObject\",\"inLanguage\":\"es\",\"@id\":\"https:\\\/\\\/secure.gravatar.com\\\/avatar\\\/b6992f131dc8d30ab0dff15446e9d346d9dbd95992de0fef795073f5ea83a81c?s=96&d=mm&r=g\",\"url\":\"https:\\\/\\\/secure.gravatar.com\\\/avatar\\\/b6992f131dc8d30ab0dff15446e9d346d9dbd95992de0fef795073f5ea83a81c?s=96&d=mm&r=g\",\"contentUrl\":\"https:\\\/\\\/secure.gravatar.com\\\/avatar\\\/b6992f131dc8d30ab0dff15446e9d346d9dbd95992de0fef795073f5ea83a81c?s=96&d=mm&r=g\",\"caption\":\"La Gu\u00eda de Pamplona\"}}]}<\/script>\n<!-- \/ Yoast SEO plugin. -->","yoast_head_json":{"title":"Este domingo, con los Titiriteros de Bin\u00e9far, comienza, el ciclo de animaci\u00f3n en calle para familias \u2018Paseando\u2019, dentro del programa de San Ferm\u00edn 2014","robots":{"index":"index","follow":"follow","max-snippet":"max-snippet:-1","max-image-preview":"max-image-preview:large","max-video-preview":"max-video-preview:-1"},"canonical":"https:\/\/www.laguiadepamplona.com\/actualidad\/este-domingo-con-los-titiriteros-de-binefar-comienza-el-ciclo-de-animacion-en-calle-para-familias-paseando-dentro-del-programa-de-san-fermin-2014\/","og_locale":"es_ES","og_type":"article","og_title":"Este domingo, con los Titiriteros de Bin\u00e9far, comienza, el ciclo de animaci\u00f3n en calle para familias \u2018Paseando\u2019, dentro del programa de San Ferm\u00edn 2014","og_description":"El ciclo se sit\u00faa entre el 6 y el 8 de julio de forma fija en el entorno de Conde de Rodezno y, desde esa fecha, recupera el formato de...","og_url":"https:\/\/www.laguiadepamplona.com\/actualidad\/este-domingo-con-los-titiriteros-de-binefar-comienza-el-ciclo-de-animacion-en-calle-para-familias-paseando-dentro-del-programa-de-san-fermin-2014\/","og_site_name":"La Gu\u00eda de Pamplona","article_publisher":"https:\/\/www.facebook.com\/laguiadepamplonacom-133175176762273\/?ref=hl","article_published_time":"2014-07-04T12:09:23+00:00","author":"La Gu\u00eda de Pamplona","twitter_card":"summary_large_image","twitter_creator":"@LaGuiadPamplona","twitter_site":"@LaGuiadPamplona","twitter_misc":{"Escrito por":"La Gu\u00eda de Pamplona","Tiempo de lectura":"4 minutos"},"schema":{"@context":"https:\/\/schema.org","@graph":[{"@type":"Article","@id":"https:\/\/www.laguiadepamplona.com\/actualidad\/este-domingo-con-los-titiriteros-de-binefar-comienza-el-ciclo-de-animacion-en-calle-para-familias-paseando-dentro-del-programa-de-san-fermin-2014\/#article","isPartOf":{"@id":"https:\/\/www.laguiadepamplona.com\/actualidad\/este-domingo-con-los-titiriteros-de-binefar-comienza-el-ciclo-de-animacion-en-calle-para-familias-paseando-dentro-del-programa-de-san-fermin-2014\/"},"author":{"name":"La Gu\u00eda de Pamplona","@id":"https:\/\/www.laguiadepamplona.com\/actualidad\/#\/schema\/person\/efe887376f0213d4657c93adc50b1fdb"},"headline":"Este domingo, con los Titiriteros de Bin\u00e9far, comienza, el ciclo de animaci\u00f3n en calle para familias \u2018Paseando\u2019, dentro del programa de San Ferm\u00edn 2014","datePublished":"2014-07-04T12:09:23+00:00","mainEntityOfPage":{"@id":"https:\/\/www.laguiadepamplona.com\/actualidad\/este-domingo-con-los-titiriteros-de-binefar-comienza-el-ciclo-de-animacion-en-calle-para-familias-paseando-dentro-del-programa-de-san-fermin-2014\/"},"wordCount":807,"commentCount":0,"publisher":{"@id":"https:\/\/www.laguiadepamplona.com\/actualidad\/#organization"},"image":{"@id":"https:\/\/www.laguiadepamplona.com\/actualidad\/este-domingo-con-los-titiriteros-de-binefar-comienza-el-ciclo-de-animacion-en-calle-para-familias-paseando-dentro-del-programa-de-san-fermin-2014\/#primaryimage"},"thumbnailUrl":"","keywords":["actualidad","ayto pamplona","Ayuntamiento de Pamplona","Con K de calle (Zaragoza)","Coscorr\u00f3n Animaci\u00f3n (Zaragoza)","noticias","PAI (Zaragoza)","pamplona","paseando","San Ferm\u00edn 2014","Titiriteros de Bin\u00e9far","Ziga Zaga"],"articleSection":["Ayto Pamplona"],"inLanguage":"es","potentialAction":[{"@type":"CommentAction","name":"Comment","target":["https:\/\/www.laguiadepamplona.com\/actualidad\/este-domingo-con-los-titiriteros-de-binefar-comienza-el-ciclo-de-animacion-en-calle-para-familias-paseando-dentro-del-programa-de-san-fermin-2014\/#respond"]}]},{"@type":"WebPage","@id":"https:\/\/www.laguiadepamplona.com\/actualidad\/este-domingo-con-los-titiriteros-de-binefar-comienza-el-ciclo-de-animacion-en-calle-para-familias-paseando-dentro-del-programa-de-san-fermin-2014\/","url":"https:\/\/www.laguiadepamplona.com\/actualidad\/este-domingo-con-los-titiriteros-de-binefar-comienza-el-ciclo-de-animacion-en-calle-para-familias-paseando-dentro-del-programa-de-san-fermin-2014\/","name":"Este domingo, con los Titiriteros de Bin\u00e9far, comienza, el ciclo de animaci\u00f3n en calle para familias \u2018Paseando\u2019, dentro del programa de San Ferm\u00edn 2014","isPartOf":{"@id":"https:\/\/www.laguiadepamplona.com\/actualidad\/#website"},"primaryImageOfPage":{"@id":"https:\/\/www.laguiadepamplona.com\/actualidad\/este-domingo-con-los-titiriteros-de-binefar-comienza-el-ciclo-de-animacion-en-calle-para-familias-paseando-dentro-del-programa-de-san-fermin-2014\/#primaryimage"},"image":{"@id":"https:\/\/www.laguiadepamplona.com\/actualidad\/este-domingo-con-los-titiriteros-de-binefar-comienza-el-ciclo-de-animacion-en-calle-para-familias-paseando-dentro-del-programa-de-san-fermin-2014\/#primaryimage"},"thumbnailUrl":"","datePublished":"2014-07-04T12:09:23+00:00","breadcrumb":{"@id":"https:\/\/www.laguiadepamplona.com\/actualidad\/este-domingo-con-los-titiriteros-de-binefar-comienza-el-ciclo-de-animacion-en-calle-para-familias-paseando-dentro-del-programa-de-san-fermin-2014\/#breadcrumb"},"inLanguage":"es","potentialAction":[{"@type":"ReadAction","target":["https:\/\/www.laguiadepamplona.com\/actualidad\/este-domingo-con-los-titiriteros-de-binefar-comienza-el-ciclo-de-animacion-en-calle-para-familias-paseando-dentro-del-programa-de-san-fermin-2014\/"]}]},{"@type":"ImageObject","inLanguage":"es","@id":"https:\/\/www.laguiadepamplona.com\/actualidad\/este-domingo-con-los-titiriteros-de-binefar-comienza-el-ciclo-de-animacion-en-calle-para-familias-paseando-dentro-del-programa-de-san-fermin-2014\/#primaryimage","url":"","contentUrl":""},{"@type":"BreadcrumbList","@id":"https:\/\/www.laguiadepamplona.com\/actualidad\/este-domingo-con-los-titiriteros-de-binefar-comienza-el-ciclo-de-animacion-en-calle-para-familias-paseando-dentro-del-programa-de-san-fermin-2014\/#breadcrumb","itemListElement":[{"@type":"ListItem","position":1,"name":"Portada","item":"https:\/\/www.laguiadepamplona.com\/actualidad\/"},{"@type":"ListItem","position":2,"name":"Este domingo, con los Titiriteros de Bin\u00e9far, comienza, el ciclo de animaci\u00f3n en calle para familias \u2018Paseando\u2019, dentro del programa de San Ferm\u00edn 2014"}]},{"@type":"WebSite","@id":"https:\/\/www.laguiadepamplona.com\/actualidad\/#website","url":"https:\/\/www.laguiadepamplona.com\/actualidad\/","name":"La gu\u00eda de Pamplona","description":"Noticias de Pamplona","publisher":{"@id":"https:\/\/www.laguiadepamplona.com\/actualidad\/#organization"},"potentialAction":[{"@type":"SearchAction","target":{"@type":"EntryPoint","urlTemplate":"https:\/\/www.laguiadepamplona.com\/actualidad\/?s={search_term_string}"},"query-input":{"@type":"PropertyValueSpecification","valueRequired":true,"valueName":"search_term_string"}}],"inLanguage":"es"},{"@type":"Organization","@id":"https:\/\/www.laguiadepamplona.com\/actualidad\/#organization","name":"La Gu\u00eda de Pamplona \/ Noticias","url":"https:\/\/www.laguiadepamplona.com\/actualidad\/","logo":{"@type":"ImageObject","inLanguage":"es","@id":"https:\/\/www.laguiadepamplona.com\/actualidad\/#\/schema\/logo\/image\/","url":"https:\/\/www.laguiadepamplona.com\/actualidad\/wp-content\/uploads\/2018\/11\/logo-laguiadepamplona18-web1.png","contentUrl":"https:\/\/www.laguiadepamplona.com\/actualidad\/wp-content\/uploads\/2018\/11\/logo-laguiadepamplona18-web1.png","width":600,"height":196,"caption":"La Gu\u00eda de Pamplona \/ Noticias"},"image":{"@id":"https:\/\/www.laguiadepamplona.com\/actualidad\/#\/schema\/logo\/image\/"},"sameAs":["https:\/\/www.facebook.com\/laguiadepamplonacom-133175176762273\/?ref=hl","https:\/\/x.com\/LaGuiadPamplona","https:\/\/www.instagram.com\/la_guia_de_pamplona\/","https:\/\/www.youtube.com\/user\/laguiadepamplona"]},{"@type":"Person","@id":"https:\/\/www.laguiadepamplona.com\/actualidad\/#\/schema\/person\/efe887376f0213d4657c93adc50b1fdb","name":"La Gu\u00eda de Pamplona","image":{"@type":"ImageObject","inLanguage":"es","@id":"https:\/\/secure.gravatar.com\/avatar\/b6992f131dc8d30ab0dff15446e9d346d9dbd95992de0fef795073f5ea83a81c?s=96&d=mm&r=g","url":"https:\/\/secure.gravatar.com\/avatar\/b6992f131dc8d30ab0dff15446e9d346d9dbd95992de0fef795073f5ea83a81c?s=96&d=mm&r=g","contentUrl":"https:\/\/secure.gravatar.com\/avatar\/b6992f131dc8d30ab0dff15446e9d346d9dbd95992de0fef795073f5ea83a81c?s=96&d=mm&r=g","caption":"La Gu\u00eda de Pamplona"}}]}},"post_mailing_queue_ids":[],"_links":{"self":[{"href":"https:\/\/www.laguiadepamplona.com\/actualidad\/wp-json\/wp\/v2\/posts\/2258","targetHints":{"allow":["GET"]}}],"collection":[{"href":"https:\/\/www.laguiadepamplona.com\/actualidad\/wp-json\/wp\/v2\/posts"}],"about":[{"href":"https:\/\/www.laguiadepamplona.com\/actualidad\/wp-json\/wp\/v2\/types\/post"}],"author":[{"embeddable":true,"href":"https:\/\/www.laguiadepamplona.com\/actualidad\/wp-json\/wp\/v2\/users\/1"}],"replies":[{"embeddable":true,"href":"https:\/\/www.laguiadepamplona.com\/actualidad\/wp-json\/wp\/v2\/comments?post=2258"}],"version-history":[{"count":0,"href":"https:\/\/www.laguiadepamplona.com\/actualidad\/wp-json\/wp\/v2\/posts\/2258\/revisions"}],"wp:featuredmedia":[{"embeddable":true,"href":"https:\/\/www.laguiadepamplona.com\/actualidad\/wp-json\/"}],"wp:attachment":[{"href":"https:\/\/www.laguiadepamplona.com\/actualidad\/wp-json\/wp\/v2\/media?parent=2258"}],"wp:term":[{"taxonomy":"category","embeddable":true,"href":"https:\/\/www.laguiadepamplona.com\/actualidad\/wp-json\/wp\/v2\/categories?post=2258"},{"taxonomy":"post_tag","embeddable":true,"href":"https:\/\/www.laguiadepamplona.com\/actualidad\/wp-json\/wp\/v2\/tags?post=2258"}],"curies":[{"name":"wp","href":"https:\/\/api.w.org\/{rel}","templated":true}]}}