{"id":22392,"date":"2019-05-24T16:55:23","date_gmt":"2019-05-24T14:55:23","guid":{"rendered":"https:\/\/www.laguiadepamplona.es\/actualidad\/?p=22392"},"modified":"2019-05-24T17:05:13","modified_gmt":"2019-05-24T15:05:13","slug":"el-mar-observado-desde-el-norte-y-desde-el-sur-y-como-metafora-de-busquedas-personales-y-sociales-en-la-exposicion-de-elba-martinez-y-consuegra-romero","status":"publish","type":"post","link":"https:\/\/www.laguiadepamplona.com\/actualidad\/el-mar-observado-desde-el-norte-y-desde-el-sur-y-como-metafora-de-busquedas-personales-y-sociales-en-la-exposicion-de-elba-martinez-y-consuegra-romero\/","title":{"rendered":"El mar, observado desde el Norte y desde el Sur y como met\u00e1fora de b\u00fasquedas personales y sociales, en la exposici\u00f3n de Elba Mart\u00ednez y Consuegra Romero"},"content":{"rendered":"<p><!--more--><\/p>\n<h3>La muestra con los dibujos a bol\u00edgrafo de Romero y las instalaciones de Mart\u00ednez, puede visitarse hasta el 30 de junio en el Pabell\u00f3n de Mixtos<\/h3>\n<p><a href=\"https:\/\/www.laguiadepamplona.es\/actualidad\/wp-content\/uploads\/2019\/05\/19.05.24_elba_martinez_pajarito-con-nueces.jpg\"><img loading=\"lazy\" decoding=\"async\" class=\"alignleft size-medium wp-image-22395\" src=\"https:\/\/www.laguiadepamplona.es\/actualidad\/wp-content\/uploads\/2019\/05\/19.05.24_elba_martinez_pajarito-con-nueces-200x300.jpg\" alt=\"\" width=\"200\" height=\"300\" srcset=\"https:\/\/www.laguiadepamplona.com\/actualidad\/wp-content\/uploads\/2019\/05\/19.05.24_elba_martinez_pajarito-con-nueces-200x300.jpg 200w, https:\/\/www.laguiadepamplona.com\/actualidad\/wp-content\/uploads\/2019\/05\/19.05.24_elba_martinez_pajarito-con-nueces-768x1152.jpg 768w, https:\/\/www.laguiadepamplona.com\/actualidad\/wp-content\/uploads\/2019\/05\/19.05.24_elba_martinez_pajarito-con-nueces-455x682.jpg 455w, https:\/\/www.laguiadepamplona.com\/actualidad\/wp-content\/uploads\/2019\/05\/19.05.24_elba_martinez_pajarito-con-nueces-640x960.jpg 640w, https:\/\/www.laguiadepamplona.com\/actualidad\/wp-content\/uploads\/2019\/05\/19.05.24_elba_martinez_pajarito-con-nueces.jpg 800w\" sizes=\"auto, (max-width: 200px) 100vw, 200px\" \/><\/a>La conversaci\u00f3n a distancia de dos artistas, una del Norte y otra del Sur, ha dado lugar a la nueva exposici\u00f3n que puede verse en el Pabell\u00f3n de Mixtos hasta el 30 de junio. El trabajo de Elba Mart\u00ednez y Consuegra Romero, acompa\u00f1ado durante todo el proceso de creaci\u00f3n por la comisaria Susi Blas, se han plasmado en la muestra conjunta \u2018Podr\u00eda ser un avestruz, pero son dos. Hola, el mar se ha roto\u2019. El punto de partida del di\u00e1logo de las dos artistas, siempre en la distancia hasta que se encontraron en la sala hace dos d\u00edas, ha sido el mar como met\u00e1fora de anhelos, miedos, esperanza y b\u00fasquedas personales y sociales. Las obras recogen desde el simbolismo afectivo hasta el significado que el mar adquiere en los fen\u00f3menos migratorios.<\/p>\n<p>Otros temas comunes han sido la vida afectiva y laboral, las dificultades para desarrollar una carrera art\u00edstica en un contexto precario, el amor a la poes\u00eda o el compromiso feminista. Todos los detalles han sido explicados hoy en la rueda de prensa por la directora del \u00c1rea de Cultura y Educaci\u00f3n, Maitena Muruz\u00e1bal; las dos artistas, Elba Mart\u00ednez y Consuegra Romero, y la comisaria, Susana Blas.<\/p>\n<p>Cada una de las naves de la primera planta del Pabell\u00f3n de Mixtos acoge las obras de una de las protagonistas de la muestra: en la de Consuegra Romero se recogen sus dibujos a bol\u00edgrafo y en la de Elba Mart\u00ednez, sus instalaciones. El horario de visita es de martes a viernes de 18.30 a 21 horas; s\u00e1bados de 12 a 14 horas y de 18.30 a 21 horas y domingos y festivos de 12 a 14 horas.<\/p>\n<p>En la presentaci\u00f3n de la exposici\u00f3n se ha explicado como Consuegra Romero \u201clleva a\u00f1os dibujando febrilmente con bol\u00edgrafo azul concibiendo paisajes emocionales que supuran deseo, rabia, belleza, consuelo&#8230; El ritual de tinta es premio y castigo\u201d. En Elba Mart\u00ednez \u201ces imposible separar arte y vida. Posee un talento turbador para la poes\u00eda, la pintura, la fotograf\u00eda y la instalaci\u00f3n. Es valiente y punzante. Elba roba la llave y se adentra de noche en la habitaci\u00f3n cerrada para contarnos a todas lo que all\u00ed pasa\u201d.<\/p>\n<p><script async src=\"\/\/pagead2.googlesyndication.com\/pagead\/js\/adsbygoogle.js\"><\/script><br \/>\n<!-- Noticias La Guia de Pamplona --><br \/>\n<ins class=\"adsbygoogle\"\nstyle=\"display:block\"\ndata-ad-client=\"ca-pub-6943679897239327\"\ndata-ad-slot=\"7048180777\"\ndata-ad-format=\"auto\"><\/ins><br \/>\n<script>\n(adsbygoogle = window.adsbygoogle || []).push({});\n<\/script><\/p>\n<p><strong>Di\u00e1logo creativo pleno de verdad, ilusi\u00f3n y dolor sobre artes visuales y poes\u00eda<\/strong><\/p>\n<p>Durante meses, antes de encontrarse en Pamplona para montar esta exposici\u00f3n, se han escrito Elba Mart\u00ednez, desde San Sebasti\u00e1n, y Consuegra Romero, desde Ceuta. Tal y como explica la comisaria de la exposici\u00f3n, \u201cnunca hab\u00eda comisariado un di\u00e1logo creativo tan pleno de verdad, ilusi\u00f3n y dolor. Cada una de ellas ha concebido un proyecto espec\u00edfico que teje artes visuales y poes\u00eda. Las dos escriben y lo primero que recib\u00ed fueron versos\u201d.<\/p>\n<p>Elba hablaba de su trabajo diciendo \u201cestas instalaciones me hablan de la representaci\u00f3n y la extra\u00f1eza. Tambi\u00e9n estoy escribiendo poemas, y me gustar\u00eda hacer algo pl\u00e1stico con ellos\u201d. Susana Blas a\u00f1ad\u00eda que \u201clas he acompa\u00f1ado desde el centro del mapa, extasiada por sus visiones, entregada a la inquietante belleza de sus plegarias nocturnas. Yo he permanecido observante, alerta, vigilante\u2026 tratando de pasar el bal\u00f3n cuando se extraviaba y hab\u00eda que adentrarse en los arbustos para continuar el juego. El mar como referente. Como santuario del amor\u2026 de la muerte\u201d. Esta imagen del mar puede verse en fotograf\u00edas y en los objetos arrastrados por \u00e9l, objetos que son un homenaje a su familia.<\/p>\n<p>Consuegra Romero, por su parte, le escribi\u00f3 que \u201c\u00bfsabes lo que estaba pensado? Si unes con una l\u00ednea el Pa\u00eds Vasco con Ceuta, en el punto central de esa l\u00ednea est\u00e1s t\u00fa, Madrid. El mar de d\u00eda es distinto al de la noche\u201d. Un mar, que como ha recalcado con emoci\u00f3n en la presentaci\u00f3n, en el que mueren miles de personas obligadas a salir de sus pa\u00edses. A modo de resumen, Susana Blas, confiesa \u201cque es un regalo asistir al momento de las intuiciones de dos artistas que necesitan hacer arte para seguir vivas. El arte como curaci\u00f3n y alimento\u201d.<\/p>\n<p><strong>Elba Mart\u00ednez con obras en 50 muestras colectivas y 14 individuales<\/strong><\/p>\n<p>Elba Mart\u00ednez (Pamplona, 1974) reside en San Sebasti\u00e1n. Est\u00e1 graduada en Grabado y Estampaci\u00f3n por la Escuela de Artes de Oviedo y licenciada en Bellas Artes por el National College of Art and Design de Dubl\u00edn tras su paso por la Universidad de Granada. Ha completado su formaci\u00f3n con un m\u00e1ster de Investigaci\u00f3n y Creaci\u00f3n en el Arte y ha realizado diferentes talleres de fotograf\u00eda en Arteleku, con Karen Kn\u00f6rr, Hellen Van Meene, Oscar Molina o Eduardo Mome\u00f1e; as\u00ed como talleres de litograf\u00eda con Don Herbert y de serigraf\u00eda con Pepe Albacete. Entre 2016 y 2018 ha contado con una cesi\u00f3n de espacio en Tabakalera. Desde 2009 forma parte del equipo de profesorado de Kunsthal de Ir\u00fan.<\/p>\n<p>Desde que en 1998 participara en su primera exposici\u00f3n colectiva, sus obras se han presentado en 50 muestras colectivas y 14 individuales. En la larga lista de ciudades se encuentran, por ejemplo, galer\u00edas de Biarritz, San Sebasti\u00e1n, C\u00f3rdoba, Bilbao, Viena, Newcastle, Zumaia, Beasain, Madrid, Basauri, Bayona, Barcelona o Vitoria. A ellas se unen museos y salas de exposiciones: Fundaci\u00f3n Jorge Oteiza, Museo de Navarra, Artium, Arteleku, Centro de Arte Contempor\u00e1neo de Huarte, Palacio del Condestable, C\u00edrculo de Bellas Artes de Madrid, Sala CAN de Madrid, Museo Gustavo de Maeztu o Ciudadela. Ha recibido premios como Pamplona J\u00f3venes Artistas, Encuentros de Navarra y XIX Muestra de Arte Injuve. As\u00ed como varias becas en Ayudas a la Creaci\u00f3n en Artes Pl\u00e1sticas y Audiovisuales por el Gobierno de Navarra y Gobierno Vasco.<\/p>\n<p><script async src=\"\/\/pagead2.googlesyndication.com\/pagead\/js\/adsbygoogle.js\"><\/script><br \/>\n<!-- Noticias La Guia de Pamplona --><br \/>\n<ins class=\"adsbygoogle\"\nstyle=\"display:block\"\ndata-ad-client=\"ca-pub-6943679897239327\"\ndata-ad-slot=\"7048180777\"\ndata-ad-format=\"auto\"><\/ins><br \/>\n<script>\n(adsbygoogle = window.adsbygoogle || []).push({});\n<\/script><\/p>\n<p><strong>Consuegra Romero, dibujo a bol\u00edgrafo<\/strong><\/p>\n<p>Consuegra Romero (Pozoblanco, C\u00f3rdoba, 1982), tras estudiar Bellas Artes en Granada, se centr\u00f3 en desarrollar el dibujo y la pintura, sumando m\u00e1s adelante el arte digital en el proceso creativo. Su encuentro m\u00e1s directo con el dibujo comenz\u00f3 en el verano de 2015, cuando estaba viviendo una crisis existencial. Este acontecimiento supuso un punto de inflexi\u00f3n con respecto a su experiencia con el arte. Desde entonces ha creado obra siempre a bol\u00edgrafo.<\/p>\n<p>Entre las \u00faltimas exposiciones en las que ha participado mediante la galer\u00eda Art Concept Alternative, se encuentra la exposici\u00f3n colectiva \u2018Caminos encontrados\u2019, en Orihuela (Alicante), adem\u00e1s de dos ferias de arte en Estados Unidos, Boston International Fine Art Show y Pinta Miami. En estos \u00faltimos quince a\u00f1os, sus trabajos han estado en Granada, Madrid, M\u00e1laga, Lisboa, Alicante, Barcelona, Valencia o Mallorca.<\/p>\n<p><strong>Susana Blas, comisaria en exposiciones en toda la pen\u00ednsula<\/strong><\/p>\n<p>Susana Blas Brunel (Madrid, 1969) es comisaria e historiadora del arte contempor\u00e1neo. Especializada en creaci\u00f3n audiovisual, es guionista del espacio cultural de televisi\u00f3n \u2018Metr\u00f3polis\u2019 (TVE) desde 1999. Ha recibido el Premio MAV (Mujeres en las Artes Visuales) en 2016 y el Premio Blanco, Negro y Magenta 2017. Es miembro del Consejo de Asesoras de MAV e investigadora del proyecto ARES de la Universidad de Bellas Artes de Cuenca (Archivo y estudio cr\u00edtico de las pr\u00e1cticas art\u00edsticas audiovisuales en el arte espa\u00f1ol. Identidad y nuevos medios).<\/p>\n<p>Ha comisariado innumerables ciclos de v\u00eddeo y exposiciones entre las que se encuentran algunas programadas en Photoespa\u00f1a, Museo Reina Sof\u00eda, La Casa Encendida, Sala Juan Franc\u00e9s de Zaragoza, Centro Cultural Montehermoso de Vitoria, MARCO de Vigo, Instituto Cervantes, Antigua Tabacalera de Madrid, Galer\u00eda Gema Llamazares de Gij\u00f3n, El cuarto de invitados de Madrid, Masquelibros de Madrid, Hospital Real de Granada, Centro de Arte de Alcobendas o Palacio Condes de Gabia de Granada.<\/p>\n<p>&nbsp;<\/p>\n","protected":false},"excerpt":{"rendered":"","protected":false},"author":1,"featured_media":22394,"comment_status":"open","ping_status":"closed","sticky":false,"template":"","format":"standard","meta":{"footnotes":""},"categories":[2],"tags":[],"class_list":["post-22392","post","type-post","status-publish","format-standard","has-post-thumbnail","hentry","category-ayuntamiento-pamplona"],"yoast_head":"<!-- This site is optimized with the Yoast SEO plugin v27.3 - https:\/\/yoast.com\/product\/yoast-seo-wordpress\/ -->\n<title>El mar, observado desde el Norte y desde el Sur y como met\u00e1fora de b\u00fasquedas personales y sociales, en la exposici\u00f3n de Elba Mart\u00ednez y Consuegra Romero<\/title>\n<meta name=\"robots\" content=\"index, follow, max-snippet:-1, max-image-preview:large, max-video-preview:-1\" \/>\n<link rel=\"canonical\" href=\"https:\/\/www.laguiadepamplona.com\/actualidad\/el-mar-observado-desde-el-norte-y-desde-el-sur-y-como-metafora-de-busquedas-personales-y-sociales-en-la-exposicion-de-elba-martinez-y-consuegra-romero\/\" \/>\n<meta property=\"og:locale\" content=\"es_ES\" \/>\n<meta property=\"og:type\" content=\"article\" \/>\n<meta property=\"og:title\" content=\"El mar, observado desde el Norte y desde el Sur y como met\u00e1fora de b\u00fasquedas personales y sociales, en la exposici\u00f3n de Elba Mart\u00ednez y Consuegra Romero\" \/>\n<meta property=\"og:url\" content=\"https:\/\/www.laguiadepamplona.com\/actualidad\/el-mar-observado-desde-el-norte-y-desde-el-sur-y-como-metafora-de-busquedas-personales-y-sociales-en-la-exposicion-de-elba-martinez-y-consuegra-romero\/\" \/>\n<meta property=\"og:site_name\" content=\"La Gu\u00eda de Pamplona\" \/>\n<meta property=\"article:publisher\" content=\"https:\/\/www.facebook.com\/laguiadepamplonacom-133175176762273\/?ref=hl\" \/>\n<meta property=\"article:published_time\" content=\"2019-05-24T14:55:23+00:00\" \/>\n<meta property=\"article:modified_time\" content=\"2019-05-24T15:05:13+00:00\" \/>\n<meta property=\"og:image\" content=\"https:\/\/www.laguiadepamplona.com\/actualidad\/wp-content\/uploads\/2019\/05\/19.05.24_consuegra_romerofiction-life-5.jpg\" \/>\n\t<meta property=\"og:image:width\" content=\"1417\" \/>\n\t<meta property=\"og:image:height\" content=\"1052\" \/>\n\t<meta property=\"og:image:type\" content=\"image\/jpeg\" \/>\n<meta name=\"author\" content=\"La Gu\u00eda de Pamplona\" \/>\n<meta name=\"twitter:card\" content=\"summary_large_image\" \/>\n<meta name=\"twitter:creator\" content=\"@LaGuiadPamplona\" \/>\n<meta name=\"twitter:site\" content=\"@LaGuiadPamplona\" \/>\n<meta name=\"twitter:label1\" content=\"Escrito por\" \/>\n\t<meta name=\"twitter:data1\" content=\"La Gu\u00eda de Pamplona\" \/>\n\t<meta name=\"twitter:label2\" content=\"Tiempo de lectura\" \/>\n\t<meta name=\"twitter:data2\" content=\"7 minutos\" \/>\n<script type=\"application\/ld+json\" class=\"yoast-schema-graph\">{\"@context\":\"https:\\\/\\\/schema.org\",\"@graph\":[{\"@type\":\"Article\",\"@id\":\"https:\\\/\\\/www.laguiadepamplona.com\\\/actualidad\\\/el-mar-observado-desde-el-norte-y-desde-el-sur-y-como-metafora-de-busquedas-personales-y-sociales-en-la-exposicion-de-elba-martinez-y-consuegra-romero\\\/#article\",\"isPartOf\":{\"@id\":\"https:\\\/\\\/www.laguiadepamplona.com\\\/actualidad\\\/el-mar-observado-desde-el-norte-y-desde-el-sur-y-como-metafora-de-busquedas-personales-y-sociales-en-la-exposicion-de-elba-martinez-y-consuegra-romero\\\/\"},\"author\":{\"name\":\"La Gu\u00eda de Pamplona\",\"@id\":\"https:\\\/\\\/www.laguiadepamplona.com\\\/actualidad\\\/#\\\/schema\\\/person\\\/efe887376f0213d4657c93adc50b1fdb\"},\"headline\":\"El mar, observado desde el Norte y desde el Sur y como met\u00e1fora de b\u00fasquedas personales y sociales, en la exposici\u00f3n de Elba Mart\u00ednez y Consuegra Romero\",\"datePublished\":\"2019-05-24T14:55:23+00:00\",\"dateModified\":\"2019-05-24T15:05:13+00:00\",\"mainEntityOfPage\":{\"@id\":\"https:\\\/\\\/www.laguiadepamplona.com\\\/actualidad\\\/el-mar-observado-desde-el-norte-y-desde-el-sur-y-como-metafora-de-busquedas-personales-y-sociales-en-la-exposicion-de-elba-martinez-y-consuegra-romero\\\/\"},\"wordCount\":1366,\"commentCount\":0,\"publisher\":{\"@id\":\"https:\\\/\\\/www.laguiadepamplona.com\\\/actualidad\\\/#organization\"},\"image\":{\"@id\":\"https:\\\/\\\/www.laguiadepamplona.com\\\/actualidad\\\/el-mar-observado-desde-el-norte-y-desde-el-sur-y-como-metafora-de-busquedas-personales-y-sociales-en-la-exposicion-de-elba-martinez-y-consuegra-romero\\\/#primaryimage\"},\"thumbnailUrl\":\"https:\\\/\\\/www.laguiadepamplona.com\\\/actualidad\\\/wp-content\\\/uploads\\\/2019\\\/05\\\/19.05.24_consuegra_romerofiction-life-5.jpg\",\"articleSection\":[\"Ayto Pamplona\"],\"inLanguage\":\"es\",\"potentialAction\":[{\"@type\":\"CommentAction\",\"name\":\"Comment\",\"target\":[\"https:\\\/\\\/www.laguiadepamplona.com\\\/actualidad\\\/el-mar-observado-desde-el-norte-y-desde-el-sur-y-como-metafora-de-busquedas-personales-y-sociales-en-la-exposicion-de-elba-martinez-y-consuegra-romero\\\/#respond\"]}]},{\"@type\":\"WebPage\",\"@id\":\"https:\\\/\\\/www.laguiadepamplona.com\\\/actualidad\\\/el-mar-observado-desde-el-norte-y-desde-el-sur-y-como-metafora-de-busquedas-personales-y-sociales-en-la-exposicion-de-elba-martinez-y-consuegra-romero\\\/\",\"url\":\"https:\\\/\\\/www.laguiadepamplona.com\\\/actualidad\\\/el-mar-observado-desde-el-norte-y-desde-el-sur-y-como-metafora-de-busquedas-personales-y-sociales-en-la-exposicion-de-elba-martinez-y-consuegra-romero\\\/\",\"name\":\"El mar, observado desde el Norte y desde el Sur y como met\u00e1fora de b\u00fasquedas personales y sociales, en la exposici\u00f3n de Elba Mart\u00ednez y Consuegra Romero\",\"isPartOf\":{\"@id\":\"https:\\\/\\\/www.laguiadepamplona.com\\\/actualidad\\\/#website\"},\"primaryImageOfPage\":{\"@id\":\"https:\\\/\\\/www.laguiadepamplona.com\\\/actualidad\\\/el-mar-observado-desde-el-norte-y-desde-el-sur-y-como-metafora-de-busquedas-personales-y-sociales-en-la-exposicion-de-elba-martinez-y-consuegra-romero\\\/#primaryimage\"},\"image\":{\"@id\":\"https:\\\/\\\/www.laguiadepamplona.com\\\/actualidad\\\/el-mar-observado-desde-el-norte-y-desde-el-sur-y-como-metafora-de-busquedas-personales-y-sociales-en-la-exposicion-de-elba-martinez-y-consuegra-romero\\\/#primaryimage\"},\"thumbnailUrl\":\"https:\\\/\\\/www.laguiadepamplona.com\\\/actualidad\\\/wp-content\\\/uploads\\\/2019\\\/05\\\/19.05.24_consuegra_romerofiction-life-5.jpg\",\"datePublished\":\"2019-05-24T14:55:23+00:00\",\"dateModified\":\"2019-05-24T15:05:13+00:00\",\"breadcrumb\":{\"@id\":\"https:\\\/\\\/www.laguiadepamplona.com\\\/actualidad\\\/el-mar-observado-desde-el-norte-y-desde-el-sur-y-como-metafora-de-busquedas-personales-y-sociales-en-la-exposicion-de-elba-martinez-y-consuegra-romero\\\/#breadcrumb\"},\"inLanguage\":\"es\",\"potentialAction\":[{\"@type\":\"ReadAction\",\"target\":[\"https:\\\/\\\/www.laguiadepamplona.com\\\/actualidad\\\/el-mar-observado-desde-el-norte-y-desde-el-sur-y-como-metafora-de-busquedas-personales-y-sociales-en-la-exposicion-de-elba-martinez-y-consuegra-romero\\\/\"]}]},{\"@type\":\"ImageObject\",\"inLanguage\":\"es\",\"@id\":\"https:\\\/\\\/www.laguiadepamplona.com\\\/actualidad\\\/el-mar-observado-desde-el-norte-y-desde-el-sur-y-como-metafora-de-busquedas-personales-y-sociales-en-la-exposicion-de-elba-martinez-y-consuegra-romero\\\/#primaryimage\",\"url\":\"https:\\\/\\\/www.laguiadepamplona.com\\\/actualidad\\\/wp-content\\\/uploads\\\/2019\\\/05\\\/19.05.24_consuegra_romerofiction-life-5.jpg\",\"contentUrl\":\"https:\\\/\\\/www.laguiadepamplona.com\\\/actualidad\\\/wp-content\\\/uploads\\\/2019\\\/05\\\/19.05.24_consuegra_romerofiction-life-5.jpg\",\"width\":1417,\"height\":1052},{\"@type\":\"BreadcrumbList\",\"@id\":\"https:\\\/\\\/www.laguiadepamplona.com\\\/actualidad\\\/el-mar-observado-desde-el-norte-y-desde-el-sur-y-como-metafora-de-busquedas-personales-y-sociales-en-la-exposicion-de-elba-martinez-y-consuegra-romero\\\/#breadcrumb\",\"itemListElement\":[{\"@type\":\"ListItem\",\"position\":1,\"name\":\"Portada\",\"item\":\"https:\\\/\\\/www.laguiadepamplona.com\\\/actualidad\\\/\"},{\"@type\":\"ListItem\",\"position\":2,\"name\":\"El mar, observado desde el Norte y desde el Sur y como met\u00e1fora de b\u00fasquedas personales y sociales, en la exposici\u00f3n de Elba Mart\u00ednez y Consuegra Romero\"}]},{\"@type\":\"WebSite\",\"@id\":\"https:\\\/\\\/www.laguiadepamplona.com\\\/actualidad\\\/#website\",\"url\":\"https:\\\/\\\/www.laguiadepamplona.com\\\/actualidad\\\/\",\"name\":\"La gu\u00eda de Pamplona\",\"description\":\"Noticias de Pamplona\",\"publisher\":{\"@id\":\"https:\\\/\\\/www.laguiadepamplona.com\\\/actualidad\\\/#organization\"},\"potentialAction\":[{\"@type\":\"SearchAction\",\"target\":{\"@type\":\"EntryPoint\",\"urlTemplate\":\"https:\\\/\\\/www.laguiadepamplona.com\\\/actualidad\\\/?s={search_term_string}\"},\"query-input\":{\"@type\":\"PropertyValueSpecification\",\"valueRequired\":true,\"valueName\":\"search_term_string\"}}],\"inLanguage\":\"es\"},{\"@type\":\"Organization\",\"@id\":\"https:\\\/\\\/www.laguiadepamplona.com\\\/actualidad\\\/#organization\",\"name\":\"La Gu\u00eda de Pamplona \\\/ Noticias\",\"url\":\"https:\\\/\\\/www.laguiadepamplona.com\\\/actualidad\\\/\",\"logo\":{\"@type\":\"ImageObject\",\"inLanguage\":\"es\",\"@id\":\"https:\\\/\\\/www.laguiadepamplona.com\\\/actualidad\\\/#\\\/schema\\\/logo\\\/image\\\/\",\"url\":\"https:\\\/\\\/www.laguiadepamplona.com\\\/actualidad\\\/wp-content\\\/uploads\\\/2018\\\/11\\\/logo-laguiadepamplona18-web1.png\",\"contentUrl\":\"https:\\\/\\\/www.laguiadepamplona.com\\\/actualidad\\\/wp-content\\\/uploads\\\/2018\\\/11\\\/logo-laguiadepamplona18-web1.png\",\"width\":600,\"height\":196,\"caption\":\"La Gu\u00eda de Pamplona \\\/ Noticias\"},\"image\":{\"@id\":\"https:\\\/\\\/www.laguiadepamplona.com\\\/actualidad\\\/#\\\/schema\\\/logo\\\/image\\\/\"},\"sameAs\":[\"https:\\\/\\\/www.facebook.com\\\/laguiadepamplonacom-133175176762273\\\/?ref=hl\",\"https:\\\/\\\/x.com\\\/LaGuiadPamplona\",\"https:\\\/\\\/www.instagram.com\\\/la_guia_de_pamplona\\\/\",\"https:\\\/\\\/www.youtube.com\\\/user\\\/laguiadepamplona\"]},{\"@type\":\"Person\",\"@id\":\"https:\\\/\\\/www.laguiadepamplona.com\\\/actualidad\\\/#\\\/schema\\\/person\\\/efe887376f0213d4657c93adc50b1fdb\",\"name\":\"La Gu\u00eda de Pamplona\",\"image\":{\"@type\":\"ImageObject\",\"inLanguage\":\"es\",\"@id\":\"https:\\\/\\\/secure.gravatar.com\\\/avatar\\\/b6992f131dc8d30ab0dff15446e9d346d9dbd95992de0fef795073f5ea83a81c?s=96&d=mm&r=g\",\"url\":\"https:\\\/\\\/secure.gravatar.com\\\/avatar\\\/b6992f131dc8d30ab0dff15446e9d346d9dbd95992de0fef795073f5ea83a81c?s=96&d=mm&r=g\",\"contentUrl\":\"https:\\\/\\\/secure.gravatar.com\\\/avatar\\\/b6992f131dc8d30ab0dff15446e9d346d9dbd95992de0fef795073f5ea83a81c?s=96&d=mm&r=g\",\"caption\":\"La Gu\u00eda de Pamplona\"}}]}<\/script>\n<!-- \/ Yoast SEO plugin. -->","yoast_head_json":{"title":"El mar, observado desde el Norte y desde el Sur y como met\u00e1fora de b\u00fasquedas personales y sociales, en la exposici\u00f3n de Elba Mart\u00ednez y Consuegra Romero","robots":{"index":"index","follow":"follow","max-snippet":"max-snippet:-1","max-image-preview":"max-image-preview:large","max-video-preview":"max-video-preview:-1"},"canonical":"https:\/\/www.laguiadepamplona.com\/actualidad\/el-mar-observado-desde-el-norte-y-desde-el-sur-y-como-metafora-de-busquedas-personales-y-sociales-en-la-exposicion-de-elba-martinez-y-consuegra-romero\/","og_locale":"es_ES","og_type":"article","og_title":"El mar, observado desde el Norte y desde el Sur y como met\u00e1fora de b\u00fasquedas personales y sociales, en la exposici\u00f3n de Elba Mart\u00ednez y Consuegra Romero","og_url":"https:\/\/www.laguiadepamplona.com\/actualidad\/el-mar-observado-desde-el-norte-y-desde-el-sur-y-como-metafora-de-busquedas-personales-y-sociales-en-la-exposicion-de-elba-martinez-y-consuegra-romero\/","og_site_name":"La Gu\u00eda de Pamplona","article_publisher":"https:\/\/www.facebook.com\/laguiadepamplonacom-133175176762273\/?ref=hl","article_published_time":"2019-05-24T14:55:23+00:00","article_modified_time":"2019-05-24T15:05:13+00:00","og_image":[{"width":1417,"height":1052,"url":"https:\/\/www.laguiadepamplona.com\/actualidad\/wp-content\/uploads\/2019\/05\/19.05.24_consuegra_romerofiction-life-5.jpg","type":"image\/jpeg"}],"author":"La Gu\u00eda de Pamplona","twitter_card":"summary_large_image","twitter_creator":"@LaGuiadPamplona","twitter_site":"@LaGuiadPamplona","twitter_misc":{"Escrito por":"La Gu\u00eda de Pamplona","Tiempo de lectura":"7 minutos"},"schema":{"@context":"https:\/\/schema.org","@graph":[{"@type":"Article","@id":"https:\/\/www.laguiadepamplona.com\/actualidad\/el-mar-observado-desde-el-norte-y-desde-el-sur-y-como-metafora-de-busquedas-personales-y-sociales-en-la-exposicion-de-elba-martinez-y-consuegra-romero\/#article","isPartOf":{"@id":"https:\/\/www.laguiadepamplona.com\/actualidad\/el-mar-observado-desde-el-norte-y-desde-el-sur-y-como-metafora-de-busquedas-personales-y-sociales-en-la-exposicion-de-elba-martinez-y-consuegra-romero\/"},"author":{"name":"La Gu\u00eda de Pamplona","@id":"https:\/\/www.laguiadepamplona.com\/actualidad\/#\/schema\/person\/efe887376f0213d4657c93adc50b1fdb"},"headline":"El mar, observado desde el Norte y desde el Sur y como met\u00e1fora de b\u00fasquedas personales y sociales, en la exposici\u00f3n de Elba Mart\u00ednez y Consuegra Romero","datePublished":"2019-05-24T14:55:23+00:00","dateModified":"2019-05-24T15:05:13+00:00","mainEntityOfPage":{"@id":"https:\/\/www.laguiadepamplona.com\/actualidad\/el-mar-observado-desde-el-norte-y-desde-el-sur-y-como-metafora-de-busquedas-personales-y-sociales-en-la-exposicion-de-elba-martinez-y-consuegra-romero\/"},"wordCount":1366,"commentCount":0,"publisher":{"@id":"https:\/\/www.laguiadepamplona.com\/actualidad\/#organization"},"image":{"@id":"https:\/\/www.laguiadepamplona.com\/actualidad\/el-mar-observado-desde-el-norte-y-desde-el-sur-y-como-metafora-de-busquedas-personales-y-sociales-en-la-exposicion-de-elba-martinez-y-consuegra-romero\/#primaryimage"},"thumbnailUrl":"https:\/\/www.laguiadepamplona.com\/actualidad\/wp-content\/uploads\/2019\/05\/19.05.24_consuegra_romerofiction-life-5.jpg","articleSection":["Ayto Pamplona"],"inLanguage":"es","potentialAction":[{"@type":"CommentAction","name":"Comment","target":["https:\/\/www.laguiadepamplona.com\/actualidad\/el-mar-observado-desde-el-norte-y-desde-el-sur-y-como-metafora-de-busquedas-personales-y-sociales-en-la-exposicion-de-elba-martinez-y-consuegra-romero\/#respond"]}]},{"@type":"WebPage","@id":"https:\/\/www.laguiadepamplona.com\/actualidad\/el-mar-observado-desde-el-norte-y-desde-el-sur-y-como-metafora-de-busquedas-personales-y-sociales-en-la-exposicion-de-elba-martinez-y-consuegra-romero\/","url":"https:\/\/www.laguiadepamplona.com\/actualidad\/el-mar-observado-desde-el-norte-y-desde-el-sur-y-como-metafora-de-busquedas-personales-y-sociales-en-la-exposicion-de-elba-martinez-y-consuegra-romero\/","name":"El mar, observado desde el Norte y desde el Sur y como met\u00e1fora de b\u00fasquedas personales y sociales, en la exposici\u00f3n de Elba Mart\u00ednez y Consuegra Romero","isPartOf":{"@id":"https:\/\/www.laguiadepamplona.com\/actualidad\/#website"},"primaryImageOfPage":{"@id":"https:\/\/www.laguiadepamplona.com\/actualidad\/el-mar-observado-desde-el-norte-y-desde-el-sur-y-como-metafora-de-busquedas-personales-y-sociales-en-la-exposicion-de-elba-martinez-y-consuegra-romero\/#primaryimage"},"image":{"@id":"https:\/\/www.laguiadepamplona.com\/actualidad\/el-mar-observado-desde-el-norte-y-desde-el-sur-y-como-metafora-de-busquedas-personales-y-sociales-en-la-exposicion-de-elba-martinez-y-consuegra-romero\/#primaryimage"},"thumbnailUrl":"https:\/\/www.laguiadepamplona.com\/actualidad\/wp-content\/uploads\/2019\/05\/19.05.24_consuegra_romerofiction-life-5.jpg","datePublished":"2019-05-24T14:55:23+00:00","dateModified":"2019-05-24T15:05:13+00:00","breadcrumb":{"@id":"https:\/\/www.laguiadepamplona.com\/actualidad\/el-mar-observado-desde-el-norte-y-desde-el-sur-y-como-metafora-de-busquedas-personales-y-sociales-en-la-exposicion-de-elba-martinez-y-consuegra-romero\/#breadcrumb"},"inLanguage":"es","potentialAction":[{"@type":"ReadAction","target":["https:\/\/www.laguiadepamplona.com\/actualidad\/el-mar-observado-desde-el-norte-y-desde-el-sur-y-como-metafora-de-busquedas-personales-y-sociales-en-la-exposicion-de-elba-martinez-y-consuegra-romero\/"]}]},{"@type":"ImageObject","inLanguage":"es","@id":"https:\/\/www.laguiadepamplona.com\/actualidad\/el-mar-observado-desde-el-norte-y-desde-el-sur-y-como-metafora-de-busquedas-personales-y-sociales-en-la-exposicion-de-elba-martinez-y-consuegra-romero\/#primaryimage","url":"https:\/\/www.laguiadepamplona.com\/actualidad\/wp-content\/uploads\/2019\/05\/19.05.24_consuegra_romerofiction-life-5.jpg","contentUrl":"https:\/\/www.laguiadepamplona.com\/actualidad\/wp-content\/uploads\/2019\/05\/19.05.24_consuegra_romerofiction-life-5.jpg","width":1417,"height":1052},{"@type":"BreadcrumbList","@id":"https:\/\/www.laguiadepamplona.com\/actualidad\/el-mar-observado-desde-el-norte-y-desde-el-sur-y-como-metafora-de-busquedas-personales-y-sociales-en-la-exposicion-de-elba-martinez-y-consuegra-romero\/#breadcrumb","itemListElement":[{"@type":"ListItem","position":1,"name":"Portada","item":"https:\/\/www.laguiadepamplona.com\/actualidad\/"},{"@type":"ListItem","position":2,"name":"El mar, observado desde el Norte y desde el Sur y como met\u00e1fora de b\u00fasquedas personales y sociales, en la exposici\u00f3n de Elba Mart\u00ednez y Consuegra Romero"}]},{"@type":"WebSite","@id":"https:\/\/www.laguiadepamplona.com\/actualidad\/#website","url":"https:\/\/www.laguiadepamplona.com\/actualidad\/","name":"La gu\u00eda de Pamplona","description":"Noticias de Pamplona","publisher":{"@id":"https:\/\/www.laguiadepamplona.com\/actualidad\/#organization"},"potentialAction":[{"@type":"SearchAction","target":{"@type":"EntryPoint","urlTemplate":"https:\/\/www.laguiadepamplona.com\/actualidad\/?s={search_term_string}"},"query-input":{"@type":"PropertyValueSpecification","valueRequired":true,"valueName":"search_term_string"}}],"inLanguage":"es"},{"@type":"Organization","@id":"https:\/\/www.laguiadepamplona.com\/actualidad\/#organization","name":"La Gu\u00eda de Pamplona \/ Noticias","url":"https:\/\/www.laguiadepamplona.com\/actualidad\/","logo":{"@type":"ImageObject","inLanguage":"es","@id":"https:\/\/www.laguiadepamplona.com\/actualidad\/#\/schema\/logo\/image\/","url":"https:\/\/www.laguiadepamplona.com\/actualidad\/wp-content\/uploads\/2018\/11\/logo-laguiadepamplona18-web1.png","contentUrl":"https:\/\/www.laguiadepamplona.com\/actualidad\/wp-content\/uploads\/2018\/11\/logo-laguiadepamplona18-web1.png","width":600,"height":196,"caption":"La Gu\u00eda de Pamplona \/ Noticias"},"image":{"@id":"https:\/\/www.laguiadepamplona.com\/actualidad\/#\/schema\/logo\/image\/"},"sameAs":["https:\/\/www.facebook.com\/laguiadepamplonacom-133175176762273\/?ref=hl","https:\/\/x.com\/LaGuiadPamplona","https:\/\/www.instagram.com\/la_guia_de_pamplona\/","https:\/\/www.youtube.com\/user\/laguiadepamplona"]},{"@type":"Person","@id":"https:\/\/www.laguiadepamplona.com\/actualidad\/#\/schema\/person\/efe887376f0213d4657c93adc50b1fdb","name":"La Gu\u00eda de Pamplona","image":{"@type":"ImageObject","inLanguage":"es","@id":"https:\/\/secure.gravatar.com\/avatar\/b6992f131dc8d30ab0dff15446e9d346d9dbd95992de0fef795073f5ea83a81c?s=96&d=mm&r=g","url":"https:\/\/secure.gravatar.com\/avatar\/b6992f131dc8d30ab0dff15446e9d346d9dbd95992de0fef795073f5ea83a81c?s=96&d=mm&r=g","contentUrl":"https:\/\/secure.gravatar.com\/avatar\/b6992f131dc8d30ab0dff15446e9d346d9dbd95992de0fef795073f5ea83a81c?s=96&d=mm&r=g","caption":"La Gu\u00eda de Pamplona"}}]}},"post_mailing_queue_ids":[],"_links":{"self":[{"href":"https:\/\/www.laguiadepamplona.com\/actualidad\/wp-json\/wp\/v2\/posts\/22392","targetHints":{"allow":["GET"]}}],"collection":[{"href":"https:\/\/www.laguiadepamplona.com\/actualidad\/wp-json\/wp\/v2\/posts"}],"about":[{"href":"https:\/\/www.laguiadepamplona.com\/actualidad\/wp-json\/wp\/v2\/types\/post"}],"author":[{"embeddable":true,"href":"https:\/\/www.laguiadepamplona.com\/actualidad\/wp-json\/wp\/v2\/users\/1"}],"replies":[{"embeddable":true,"href":"https:\/\/www.laguiadepamplona.com\/actualidad\/wp-json\/wp\/v2\/comments?post=22392"}],"version-history":[{"count":0,"href":"https:\/\/www.laguiadepamplona.com\/actualidad\/wp-json\/wp\/v2\/posts\/22392\/revisions"}],"wp:featuredmedia":[{"embeddable":true,"href":"https:\/\/www.laguiadepamplona.com\/actualidad\/wp-json\/wp\/v2\/media\/22394"}],"wp:attachment":[{"href":"https:\/\/www.laguiadepamplona.com\/actualidad\/wp-json\/wp\/v2\/media?parent=22392"}],"wp:term":[{"taxonomy":"category","embeddable":true,"href":"https:\/\/www.laguiadepamplona.com\/actualidad\/wp-json\/wp\/v2\/categories?post=22392"},{"taxonomy":"post_tag","embeddable":true,"href":"https:\/\/www.laguiadepamplona.com\/actualidad\/wp-json\/wp\/v2\/tags?post=22392"}],"curies":[{"name":"wp","href":"https:\/\/api.w.org\/{rel}","templated":true}]}}