{"id":22381,"date":"2019-05-24T16:43:48","date_gmt":"2019-05-24T14:43:48","guid":{"rendered":"https:\/\/www.laguiadepamplona.es\/actualidad\/?p=22381"},"modified":"2019-05-24T16:57:14","modified_gmt":"2019-05-24T14:57:14","slug":"este-lunes-se-presenta-en-la-feria-del-libro-la-edicion-en-castellano-de-historia-de-pamplona-recorrido-historico-por-el-pasado-de-la-ciudad","status":"publish","type":"post","link":"https:\/\/www.laguiadepamplona.com\/actualidad\/este-lunes-se-presenta-en-la-feria-del-libro-la-edicion-en-castellano-de-historia-de-pamplona-recorrido-historico-por-el-pasado-de-la-ciudad\/","title":{"rendered":"Este lunes se presenta en la Feria del Libro la edici\u00f3n en castellano de \u2018Historia de Pamplona. Recorrido hist\u00f3rico por el pasado de la ciudad\u2019"},"content":{"rendered":"<p><!--more--><\/p>\n<h3>La obra fue editada originalmente en euskera por el Ayuntamiento y la editorial Pamiela con los textos de 32 historiadores e investigadores<\/h3>\n<p><a href=\"https:\/\/www.laguiadepamplona.es\/actualidad\/wp-content\/uploads\/2019\/05\/19.05.24_cubierta-libro-historia-Pamplona1.jpg\"><img loading=\"lazy\" decoding=\"async\" class=\"alignleft size-medium wp-image-22384\" src=\"https:\/\/www.laguiadepamplona.es\/actualidad\/wp-content\/uploads\/2019\/05\/19.05.24_cubierta-libro-historia-Pamplona1-213x300.jpg\" alt=\"\" width=\"213\" height=\"300\" srcset=\"https:\/\/www.laguiadepamplona.com\/actualidad\/wp-content\/uploads\/2019\/05\/19.05.24_cubierta-libro-historia-Pamplona1-213x300.jpg 213w, https:\/\/www.laguiadepamplona.com\/actualidad\/wp-content\/uploads\/2019\/05\/19.05.24_cubierta-libro-historia-Pamplona1-768x1083.jpg 768w, https:\/\/www.laguiadepamplona.com\/actualidad\/wp-content\/uploads\/2019\/05\/19.05.24_cubierta-libro-historia-Pamplona1-484x682.jpg 484w, https:\/\/www.laguiadepamplona.com\/actualidad\/wp-content\/uploads\/2019\/05\/19.05.24_cubierta-libro-historia-Pamplona1-640x902.jpg 640w, https:\/\/www.laguiadepamplona.com\/actualidad\/wp-content\/uploads\/2019\/05\/19.05.24_cubierta-libro-historia-Pamplona1.jpg 1350w\" sizes=\"auto, (max-width: 213px) 100vw, 213px\" \/><\/a>Este lunes 27 de mayo se presenta en la Feria del Libro la edici\u00f3n en castellano de \u2018Historia de Pamplona. Recorrido hist\u00f3rico por el pasado de la ciudad. Se trata de una obra concebida en euskera, que el Ayuntamiento de Pamplona y la editorial Pamela editaron el a\u00f1o pasado a partir de los textos de 32 historiadores e investigadores. La presentaci\u00f3n tendr\u00e1 lugar a las 20 horas. El libro est\u00e1 a la venta a un precio al p\u00fablico de 25 euros.<\/p>\n<p>\u2018Iru\u00f1eko historia. hiriaren ibilbidea historian barna\u2019 se convirti\u00f3 en 2019 en un hito, dado que era la primera vez que el Ayuntamiento de Pamplona editaba un libro con la historia de Pamplona contada en euskera. Con los textos de profesores y profesionales de la arquitectura, el periodismo, la sociolog\u00eda, la pedagog\u00eda, la filolog\u00eda o la biolog\u00eda, el Consistorio aun\u00f3 en este proyecto la edici\u00f3n de un libro de car\u00e1cter cient\u00edfico y divulgativo sobre Pamplona con la promoci\u00f3n de la producci\u00f3n literaria y acad\u00e9mica en lengua vasca.<\/p>\n<p>Este libro pretende analizar la evoluci\u00f3n de la historia de Pamplona a partir de una mirada multidisciplinar y de enfoques variados. Los art\u00edculos recorren la geograf\u00eda, la evoluci\u00f3n pol\u00edtica de la ciudad y los procesos sociales que han incidido en las estructuras sociales, culturales y ling\u00fc\u00edsticas a lo largo de las diferentes \u00e9pocas hist\u00f3ricas.<\/p>\n<p>El origen del libro se remonta a los ciclos de car\u00e1cter monogr\u00e1fico centrados en la historia de la ciudad organizados en 2002 y 2003 por el Ayuntamiento de Pamplona en colaboraci\u00f3n con el Ateneo Navarro. Expertos en distintas \u00e9pocas hist\u00f3ricas presentaron ponencias con enfoques rigurosamente cient\u00edficos y actualizados que ten\u00edan la novedad y el valor de estar pensadas y escritas directamente en euskera. La coordinaci\u00f3n de aquella iniciativa recay\u00f3 en el vocal de euskera y cultura vasca del Ateneo Navarro, Roldan Jimeno Aranguren, y en el entonces coordinador municipal de euskera del Ayuntamiento, I\u00f1aki Azkona Hu\u00e9rcanos. Aquellos textos se actualizaron y se completaron con otros, public\u00e1ndose en 2018 este libro pionero que ahora se presenta en su traducci\u00f3n castellana. Rold\u00e1n Jimeno e I\u00f1aki Azkona han realizado nuevamente los trabajos de coordinaci\u00f3n y edici\u00f3n de la publicaci\u00f3n.<\/p>\n<p><script async src=\"\/\/pagead2.googlesyndication.com\/pagead\/js\/adsbygoogle.js\"><\/script><br \/>\n<!-- Noticias La Guia de Pamplona --><br \/>\n<ins class=\"adsbygoogle\"\nstyle=\"display:block\"\ndata-ad-client=\"ca-pub-6943679897239327\"\ndata-ad-slot=\"7048180777\"\ndata-ad-format=\"auto\"><\/ins><br \/>\n<script>\n(adsbygoogle = window.adsbygoogle || []).push({});\n<\/script><\/p>\n<p><strong>Temas y autores<\/strong><\/p>\n<p>La n\u00f3mina de autores del libro est\u00e1 integrada por Patxi Abasolo, \u00c1lvaro Arag\u00f3n, I\u00f1aki Azkona, Joxemiel Bidador, Jokin del Valle de Lersundi, Enrike D\u00edez de Ultzurrun, Ana D\u00edez de Ure, Enrique Dom\u00ednguez, I\u00f1aki Galarraga, Gotzon Garmendia, Iv\u00e1n Gim\u00e9nez, Rold\u00e1n Jimeno, Jos\u00e9 Mar\u00eda Jimeno, Koldo Larra\u00f1aga, M\u00aa Mar Larraza, Juan Jos\u00e9 Larrea, Irene L\u00f3pez-Go\u00f1i, Juan Karlos Lopez-Mugartza, Emilio Majuelo, Fernando Mendiola, Fernando Mikelarena, Jos\u00e9 Luis Nieva, Nerea P\u00e9rez, Gemma Pierola, Bixente Serrano y Daniel S\u00e1nchez, Ekaitz Santazilia, Bixente Taberna, Elena Torregarai, Oskia Ugarte, Gregorio Urd\u00e1niz y Eneko Zuloaga.<\/p>\n<p>Entre los textos, se puede destacar un trabajo in\u00e9dito de Joxemiel Bidador a quien se ha dedicado el libro. Se ha incluido entre las ponencias la versi\u00f3n el informe que por encargo municipal han realizado historiadores de la Universidad P\u00fablica de Navarra sobre el tema de la memoria hist\u00f3rica de la ciudad, \u201cVecinos de Pamplona encarcelados y asesinados en la Guerra Civil y el Franquismo\u201d. Los trabajos que cubren la historia de Pamplona a lo largo de los siglos han sido completados con otros de \u00edndole tem\u00e1tica relativos varios de ellos al euskera y a su historia en Pamplona, a la literatura producida por pamploneses, al arte en la ciudad o a la ciudad de las mujeres. Para finalizar se han a\u00f1adido dos visiones de la Pamplona m\u00e1s actual: una de car\u00e1cter objetivo que describe el desarrollo demogr\u00e1fico y urban\u00edstico de la ciudad realizada por el ex soci\u00f3logo municipal Gregorio Urd\u00e1niz y otra visi\u00f3n m\u00e1s subjetiva del periodista y escritor Iv\u00e1n Gim\u00e9nez. La portada del libro se ha encargado al artista pamplon\u00e9s Xabier Idoate.<\/p>\n<p>&nbsp;<\/p>\n","protected":false},"excerpt":{"rendered":"","protected":false},"author":1,"featured_media":22383,"comment_status":"open","ping_status":"closed","sticky":false,"template":"","format":"standard","meta":{"footnotes":""},"categories":[2],"tags":[],"class_list":["post-22381","post","type-post","status-publish","format-standard","has-post-thumbnail","hentry","category-ayuntamiento-pamplona"],"yoast_head":"<!-- This site is optimized with the Yoast SEO plugin v27.5 - https:\/\/yoast.com\/product\/yoast-seo-wordpress\/ -->\n<title>Este lunes se presenta en la Feria del Libro la edici\u00f3n en castellano de \u2018Historia de Pamplona. Recorrido hist\u00f3rico por el pasado de la ciudad\u2019<\/title>\n<meta name=\"robots\" content=\"index, follow, max-snippet:-1, max-image-preview:large, max-video-preview:-1\" \/>\n<link rel=\"canonical\" href=\"https:\/\/www.laguiadepamplona.com\/actualidad\/este-lunes-se-presenta-en-la-feria-del-libro-la-edicion-en-castellano-de-historia-de-pamplona-recorrido-historico-por-el-pasado-de-la-ciudad\/\" \/>\n<meta property=\"og:locale\" content=\"es_ES\" \/>\n<meta property=\"og:type\" content=\"article\" \/>\n<meta property=\"og:title\" content=\"Este lunes se presenta en la Feria del Libro la edici\u00f3n en castellano de \u2018Historia de Pamplona. Recorrido hist\u00f3rico por el pasado de la ciudad\u2019\" \/>\n<meta property=\"og:url\" content=\"https:\/\/www.laguiadepamplona.com\/actualidad\/este-lunes-se-presenta-en-la-feria-del-libro-la-edicion-en-castellano-de-historia-de-pamplona-recorrido-historico-por-el-pasado-de-la-ciudad\/\" \/>\n<meta property=\"og:site_name\" content=\"La Gu\u00eda de Pamplona\" \/>\n<meta property=\"article:publisher\" content=\"https:\/\/www.facebook.com\/laguiadepamplonacom-133175176762273\/?ref=hl\" \/>\n<meta property=\"article:published_time\" content=\"2019-05-24T14:43:48+00:00\" \/>\n<meta property=\"article:modified_time\" content=\"2019-05-24T14:57:14+00:00\" \/>\n<meta property=\"og:image\" content=\"https:\/\/www.laguiadepamplona.com\/actualidad\/wp-content\/uploads\/2019\/05\/19.05.24_cubierta-libro-historia-Pamplona.jpg\" \/>\n\t<meta property=\"og:image:width\" content=\"1350\" \/>\n\t<meta property=\"og:image:height\" content=\"711\" \/>\n\t<meta property=\"og:image:type\" content=\"image\/jpeg\" \/>\n<meta name=\"author\" content=\"La Gu\u00eda de Pamplona\" \/>\n<meta name=\"twitter:card\" content=\"summary_large_image\" \/>\n<meta name=\"twitter:creator\" content=\"@LaGuiadPamplona\" \/>\n<meta name=\"twitter:site\" content=\"@LaGuiadPamplona\" \/>\n<meta name=\"twitter:label1\" content=\"Escrito por\" \/>\n\t<meta name=\"twitter:data1\" content=\"La Gu\u00eda de Pamplona\" \/>\n\t<meta name=\"twitter:label2\" content=\"Tiempo de lectura\" \/>\n\t<meta name=\"twitter:data2\" content=\"4 minutos\" \/>\n<script type=\"application\/ld+json\" class=\"yoast-schema-graph\">{\"@context\":\"https:\\\/\\\/schema.org\",\"@graph\":[{\"@type\":\"Article\",\"@id\":\"https:\\\/\\\/www.laguiadepamplona.com\\\/actualidad\\\/este-lunes-se-presenta-en-la-feria-del-libro-la-edicion-en-castellano-de-historia-de-pamplona-recorrido-historico-por-el-pasado-de-la-ciudad\\\/#article\",\"isPartOf\":{\"@id\":\"https:\\\/\\\/www.laguiadepamplona.com\\\/actualidad\\\/este-lunes-se-presenta-en-la-feria-del-libro-la-edicion-en-castellano-de-historia-de-pamplona-recorrido-historico-por-el-pasado-de-la-ciudad\\\/\"},\"author\":{\"name\":\"La Gu\u00eda de Pamplona\",\"@id\":\"https:\\\/\\\/www.laguiadepamplona.com\\\/actualidad\\\/#\\\/schema\\\/person\\\/efe887376f0213d4657c93adc50b1fdb\"},\"headline\":\"Este lunes se presenta en la Feria del Libro la edici\u00f3n en castellano de \u2018Historia de Pamplona. Recorrido hist\u00f3rico por el pasado de la ciudad\u2019\",\"datePublished\":\"2019-05-24T14:43:48+00:00\",\"dateModified\":\"2019-05-24T14:57:14+00:00\",\"mainEntityOfPage\":{\"@id\":\"https:\\\/\\\/www.laguiadepamplona.com\\\/actualidad\\\/este-lunes-se-presenta-en-la-feria-del-libro-la-edicion-en-castellano-de-historia-de-pamplona-recorrido-historico-por-el-pasado-de-la-ciudad\\\/\"},\"wordCount\":735,\"commentCount\":0,\"publisher\":{\"@id\":\"https:\\\/\\\/www.laguiadepamplona.com\\\/actualidad\\\/#organization\"},\"image\":{\"@id\":\"https:\\\/\\\/www.laguiadepamplona.com\\\/actualidad\\\/este-lunes-se-presenta-en-la-feria-del-libro-la-edicion-en-castellano-de-historia-de-pamplona-recorrido-historico-por-el-pasado-de-la-ciudad\\\/#primaryimage\"},\"thumbnailUrl\":\"https:\\\/\\\/www.laguiadepamplona.com\\\/actualidad\\\/wp-content\\\/uploads\\\/2019\\\/05\\\/19.05.24_cubierta-libro-historia-Pamplona.jpg\",\"articleSection\":[\"Ayto Pamplona\"],\"inLanguage\":\"es\",\"potentialAction\":[{\"@type\":\"CommentAction\",\"name\":\"Comment\",\"target\":[\"https:\\\/\\\/www.laguiadepamplona.com\\\/actualidad\\\/este-lunes-se-presenta-en-la-feria-del-libro-la-edicion-en-castellano-de-historia-de-pamplona-recorrido-historico-por-el-pasado-de-la-ciudad\\\/#respond\"]}]},{\"@type\":\"WebPage\",\"@id\":\"https:\\\/\\\/www.laguiadepamplona.com\\\/actualidad\\\/este-lunes-se-presenta-en-la-feria-del-libro-la-edicion-en-castellano-de-historia-de-pamplona-recorrido-historico-por-el-pasado-de-la-ciudad\\\/\",\"url\":\"https:\\\/\\\/www.laguiadepamplona.com\\\/actualidad\\\/este-lunes-se-presenta-en-la-feria-del-libro-la-edicion-en-castellano-de-historia-de-pamplona-recorrido-historico-por-el-pasado-de-la-ciudad\\\/\",\"name\":\"Este lunes se presenta en la Feria del Libro la edici\u00f3n en castellano de \u2018Historia de Pamplona. Recorrido hist\u00f3rico por el pasado de la ciudad\u2019\",\"isPartOf\":{\"@id\":\"https:\\\/\\\/www.laguiadepamplona.com\\\/actualidad\\\/#website\"},\"primaryImageOfPage\":{\"@id\":\"https:\\\/\\\/www.laguiadepamplona.com\\\/actualidad\\\/este-lunes-se-presenta-en-la-feria-del-libro-la-edicion-en-castellano-de-historia-de-pamplona-recorrido-historico-por-el-pasado-de-la-ciudad\\\/#primaryimage\"},\"image\":{\"@id\":\"https:\\\/\\\/www.laguiadepamplona.com\\\/actualidad\\\/este-lunes-se-presenta-en-la-feria-del-libro-la-edicion-en-castellano-de-historia-de-pamplona-recorrido-historico-por-el-pasado-de-la-ciudad\\\/#primaryimage\"},\"thumbnailUrl\":\"https:\\\/\\\/www.laguiadepamplona.com\\\/actualidad\\\/wp-content\\\/uploads\\\/2019\\\/05\\\/19.05.24_cubierta-libro-historia-Pamplona.jpg\",\"datePublished\":\"2019-05-24T14:43:48+00:00\",\"dateModified\":\"2019-05-24T14:57:14+00:00\",\"breadcrumb\":{\"@id\":\"https:\\\/\\\/www.laguiadepamplona.com\\\/actualidad\\\/este-lunes-se-presenta-en-la-feria-del-libro-la-edicion-en-castellano-de-historia-de-pamplona-recorrido-historico-por-el-pasado-de-la-ciudad\\\/#breadcrumb\"},\"inLanguage\":\"es\",\"potentialAction\":[{\"@type\":\"ReadAction\",\"target\":[\"https:\\\/\\\/www.laguiadepamplona.com\\\/actualidad\\\/este-lunes-se-presenta-en-la-feria-del-libro-la-edicion-en-castellano-de-historia-de-pamplona-recorrido-historico-por-el-pasado-de-la-ciudad\\\/\"]}]},{\"@type\":\"ImageObject\",\"inLanguage\":\"es\",\"@id\":\"https:\\\/\\\/www.laguiadepamplona.com\\\/actualidad\\\/este-lunes-se-presenta-en-la-feria-del-libro-la-edicion-en-castellano-de-historia-de-pamplona-recorrido-historico-por-el-pasado-de-la-ciudad\\\/#primaryimage\",\"url\":\"https:\\\/\\\/www.laguiadepamplona.com\\\/actualidad\\\/wp-content\\\/uploads\\\/2019\\\/05\\\/19.05.24_cubierta-libro-historia-Pamplona.jpg\",\"contentUrl\":\"https:\\\/\\\/www.laguiadepamplona.com\\\/actualidad\\\/wp-content\\\/uploads\\\/2019\\\/05\\\/19.05.24_cubierta-libro-historia-Pamplona.jpg\",\"width\":1350,\"height\":711},{\"@type\":\"BreadcrumbList\",\"@id\":\"https:\\\/\\\/www.laguiadepamplona.com\\\/actualidad\\\/este-lunes-se-presenta-en-la-feria-del-libro-la-edicion-en-castellano-de-historia-de-pamplona-recorrido-historico-por-el-pasado-de-la-ciudad\\\/#breadcrumb\",\"itemListElement\":[{\"@type\":\"ListItem\",\"position\":1,\"name\":\"Portada\",\"item\":\"https:\\\/\\\/www.laguiadepamplona.com\\\/actualidad\\\/\"},{\"@type\":\"ListItem\",\"position\":2,\"name\":\"Este lunes se presenta en la Feria del Libro la edici\u00f3n en castellano de \u2018Historia de Pamplona. Recorrido hist\u00f3rico por el pasado de la ciudad\u2019\"}]},{\"@type\":\"WebSite\",\"@id\":\"https:\\\/\\\/www.laguiadepamplona.com\\\/actualidad\\\/#website\",\"url\":\"https:\\\/\\\/www.laguiadepamplona.com\\\/actualidad\\\/\",\"name\":\"La gu\u00eda de Pamplona\",\"description\":\"Noticias de Pamplona\",\"publisher\":{\"@id\":\"https:\\\/\\\/www.laguiadepamplona.com\\\/actualidad\\\/#organization\"},\"potentialAction\":[{\"@type\":\"SearchAction\",\"target\":{\"@type\":\"EntryPoint\",\"urlTemplate\":\"https:\\\/\\\/www.laguiadepamplona.com\\\/actualidad\\\/?s={search_term_string}\"},\"query-input\":{\"@type\":\"PropertyValueSpecification\",\"valueRequired\":true,\"valueName\":\"search_term_string\"}}],\"inLanguage\":\"es\"},{\"@type\":\"Organization\",\"@id\":\"https:\\\/\\\/www.laguiadepamplona.com\\\/actualidad\\\/#organization\",\"name\":\"La Gu\u00eda de Pamplona \\\/ Noticias\",\"url\":\"https:\\\/\\\/www.laguiadepamplona.com\\\/actualidad\\\/\",\"logo\":{\"@type\":\"ImageObject\",\"inLanguage\":\"es\",\"@id\":\"https:\\\/\\\/www.laguiadepamplona.com\\\/actualidad\\\/#\\\/schema\\\/logo\\\/image\\\/\",\"url\":\"https:\\\/\\\/www.laguiadepamplona.com\\\/actualidad\\\/wp-content\\\/uploads\\\/2018\\\/11\\\/logo-laguiadepamplona18-web1.png\",\"contentUrl\":\"https:\\\/\\\/www.laguiadepamplona.com\\\/actualidad\\\/wp-content\\\/uploads\\\/2018\\\/11\\\/logo-laguiadepamplona18-web1.png\",\"width\":600,\"height\":196,\"caption\":\"La Gu\u00eda de Pamplona \\\/ Noticias\"},\"image\":{\"@id\":\"https:\\\/\\\/www.laguiadepamplona.com\\\/actualidad\\\/#\\\/schema\\\/logo\\\/image\\\/\"},\"sameAs\":[\"https:\\\/\\\/www.facebook.com\\\/laguiadepamplonacom-133175176762273\\\/?ref=hl\",\"https:\\\/\\\/x.com\\\/LaGuiadPamplona\",\"https:\\\/\\\/www.instagram.com\\\/la_guia_de_pamplona\\\/\",\"https:\\\/\\\/www.youtube.com\\\/user\\\/laguiadepamplona\"]},{\"@type\":\"Person\",\"@id\":\"https:\\\/\\\/www.laguiadepamplona.com\\\/actualidad\\\/#\\\/schema\\\/person\\\/efe887376f0213d4657c93adc50b1fdb\",\"name\":\"La Gu\u00eda de Pamplona\",\"image\":{\"@type\":\"ImageObject\",\"inLanguage\":\"es\",\"@id\":\"https:\\\/\\\/secure.gravatar.com\\\/avatar\\\/b6992f131dc8d30ab0dff15446e9d346d9dbd95992de0fef795073f5ea83a81c?s=96&d=mm&r=g\",\"url\":\"https:\\\/\\\/secure.gravatar.com\\\/avatar\\\/b6992f131dc8d30ab0dff15446e9d346d9dbd95992de0fef795073f5ea83a81c?s=96&d=mm&r=g\",\"contentUrl\":\"https:\\\/\\\/secure.gravatar.com\\\/avatar\\\/b6992f131dc8d30ab0dff15446e9d346d9dbd95992de0fef795073f5ea83a81c?s=96&d=mm&r=g\",\"caption\":\"La Gu\u00eda de Pamplona\"}}]}<\/script>\n<!-- \/ Yoast SEO plugin. -->","yoast_head_json":{"title":"Este lunes se presenta en la Feria del Libro la edici\u00f3n en castellano de \u2018Historia de Pamplona. Recorrido hist\u00f3rico por el pasado de la ciudad\u2019","robots":{"index":"index","follow":"follow","max-snippet":"max-snippet:-1","max-image-preview":"max-image-preview:large","max-video-preview":"max-video-preview:-1"},"canonical":"https:\/\/www.laguiadepamplona.com\/actualidad\/este-lunes-se-presenta-en-la-feria-del-libro-la-edicion-en-castellano-de-historia-de-pamplona-recorrido-historico-por-el-pasado-de-la-ciudad\/","og_locale":"es_ES","og_type":"article","og_title":"Este lunes se presenta en la Feria del Libro la edici\u00f3n en castellano de \u2018Historia de Pamplona. Recorrido hist\u00f3rico por el pasado de la ciudad\u2019","og_url":"https:\/\/www.laguiadepamplona.com\/actualidad\/este-lunes-se-presenta-en-la-feria-del-libro-la-edicion-en-castellano-de-historia-de-pamplona-recorrido-historico-por-el-pasado-de-la-ciudad\/","og_site_name":"La Gu\u00eda de Pamplona","article_publisher":"https:\/\/www.facebook.com\/laguiadepamplonacom-133175176762273\/?ref=hl","article_published_time":"2019-05-24T14:43:48+00:00","article_modified_time":"2019-05-24T14:57:14+00:00","og_image":[{"width":1350,"height":711,"url":"https:\/\/www.laguiadepamplona.com\/actualidad\/wp-content\/uploads\/2019\/05\/19.05.24_cubierta-libro-historia-Pamplona.jpg","type":"image\/jpeg"}],"author":"La Gu\u00eda de Pamplona","twitter_card":"summary_large_image","twitter_creator":"@LaGuiadPamplona","twitter_site":"@LaGuiadPamplona","twitter_misc":{"Escrito por":"La Gu\u00eda de Pamplona","Tiempo de lectura":"4 minutos"},"schema":{"@context":"https:\/\/schema.org","@graph":[{"@type":"Article","@id":"https:\/\/www.laguiadepamplona.com\/actualidad\/este-lunes-se-presenta-en-la-feria-del-libro-la-edicion-en-castellano-de-historia-de-pamplona-recorrido-historico-por-el-pasado-de-la-ciudad\/#article","isPartOf":{"@id":"https:\/\/www.laguiadepamplona.com\/actualidad\/este-lunes-se-presenta-en-la-feria-del-libro-la-edicion-en-castellano-de-historia-de-pamplona-recorrido-historico-por-el-pasado-de-la-ciudad\/"},"author":{"name":"La Gu\u00eda de Pamplona","@id":"https:\/\/www.laguiadepamplona.com\/actualidad\/#\/schema\/person\/efe887376f0213d4657c93adc50b1fdb"},"headline":"Este lunes se presenta en la Feria del Libro la edici\u00f3n en castellano de \u2018Historia de Pamplona. Recorrido hist\u00f3rico por el pasado de la ciudad\u2019","datePublished":"2019-05-24T14:43:48+00:00","dateModified":"2019-05-24T14:57:14+00:00","mainEntityOfPage":{"@id":"https:\/\/www.laguiadepamplona.com\/actualidad\/este-lunes-se-presenta-en-la-feria-del-libro-la-edicion-en-castellano-de-historia-de-pamplona-recorrido-historico-por-el-pasado-de-la-ciudad\/"},"wordCount":735,"commentCount":0,"publisher":{"@id":"https:\/\/www.laguiadepamplona.com\/actualidad\/#organization"},"image":{"@id":"https:\/\/www.laguiadepamplona.com\/actualidad\/este-lunes-se-presenta-en-la-feria-del-libro-la-edicion-en-castellano-de-historia-de-pamplona-recorrido-historico-por-el-pasado-de-la-ciudad\/#primaryimage"},"thumbnailUrl":"https:\/\/www.laguiadepamplona.com\/actualidad\/wp-content\/uploads\/2019\/05\/19.05.24_cubierta-libro-historia-Pamplona.jpg","articleSection":["Ayto Pamplona"],"inLanguage":"es","potentialAction":[{"@type":"CommentAction","name":"Comment","target":["https:\/\/www.laguiadepamplona.com\/actualidad\/este-lunes-se-presenta-en-la-feria-del-libro-la-edicion-en-castellano-de-historia-de-pamplona-recorrido-historico-por-el-pasado-de-la-ciudad\/#respond"]}]},{"@type":"WebPage","@id":"https:\/\/www.laguiadepamplona.com\/actualidad\/este-lunes-se-presenta-en-la-feria-del-libro-la-edicion-en-castellano-de-historia-de-pamplona-recorrido-historico-por-el-pasado-de-la-ciudad\/","url":"https:\/\/www.laguiadepamplona.com\/actualidad\/este-lunes-se-presenta-en-la-feria-del-libro-la-edicion-en-castellano-de-historia-de-pamplona-recorrido-historico-por-el-pasado-de-la-ciudad\/","name":"Este lunes se presenta en la Feria del Libro la edici\u00f3n en castellano de \u2018Historia de Pamplona. Recorrido hist\u00f3rico por el pasado de la ciudad\u2019","isPartOf":{"@id":"https:\/\/www.laguiadepamplona.com\/actualidad\/#website"},"primaryImageOfPage":{"@id":"https:\/\/www.laguiadepamplona.com\/actualidad\/este-lunes-se-presenta-en-la-feria-del-libro-la-edicion-en-castellano-de-historia-de-pamplona-recorrido-historico-por-el-pasado-de-la-ciudad\/#primaryimage"},"image":{"@id":"https:\/\/www.laguiadepamplona.com\/actualidad\/este-lunes-se-presenta-en-la-feria-del-libro-la-edicion-en-castellano-de-historia-de-pamplona-recorrido-historico-por-el-pasado-de-la-ciudad\/#primaryimage"},"thumbnailUrl":"https:\/\/www.laguiadepamplona.com\/actualidad\/wp-content\/uploads\/2019\/05\/19.05.24_cubierta-libro-historia-Pamplona.jpg","datePublished":"2019-05-24T14:43:48+00:00","dateModified":"2019-05-24T14:57:14+00:00","breadcrumb":{"@id":"https:\/\/www.laguiadepamplona.com\/actualidad\/este-lunes-se-presenta-en-la-feria-del-libro-la-edicion-en-castellano-de-historia-de-pamplona-recorrido-historico-por-el-pasado-de-la-ciudad\/#breadcrumb"},"inLanguage":"es","potentialAction":[{"@type":"ReadAction","target":["https:\/\/www.laguiadepamplona.com\/actualidad\/este-lunes-se-presenta-en-la-feria-del-libro-la-edicion-en-castellano-de-historia-de-pamplona-recorrido-historico-por-el-pasado-de-la-ciudad\/"]}]},{"@type":"ImageObject","inLanguage":"es","@id":"https:\/\/www.laguiadepamplona.com\/actualidad\/este-lunes-se-presenta-en-la-feria-del-libro-la-edicion-en-castellano-de-historia-de-pamplona-recorrido-historico-por-el-pasado-de-la-ciudad\/#primaryimage","url":"https:\/\/www.laguiadepamplona.com\/actualidad\/wp-content\/uploads\/2019\/05\/19.05.24_cubierta-libro-historia-Pamplona.jpg","contentUrl":"https:\/\/www.laguiadepamplona.com\/actualidad\/wp-content\/uploads\/2019\/05\/19.05.24_cubierta-libro-historia-Pamplona.jpg","width":1350,"height":711},{"@type":"BreadcrumbList","@id":"https:\/\/www.laguiadepamplona.com\/actualidad\/este-lunes-se-presenta-en-la-feria-del-libro-la-edicion-en-castellano-de-historia-de-pamplona-recorrido-historico-por-el-pasado-de-la-ciudad\/#breadcrumb","itemListElement":[{"@type":"ListItem","position":1,"name":"Portada","item":"https:\/\/www.laguiadepamplona.com\/actualidad\/"},{"@type":"ListItem","position":2,"name":"Este lunes se presenta en la Feria del Libro la edici\u00f3n en castellano de \u2018Historia de Pamplona. Recorrido hist\u00f3rico por el pasado de la ciudad\u2019"}]},{"@type":"WebSite","@id":"https:\/\/www.laguiadepamplona.com\/actualidad\/#website","url":"https:\/\/www.laguiadepamplona.com\/actualidad\/","name":"La gu\u00eda de Pamplona","description":"Noticias de Pamplona","publisher":{"@id":"https:\/\/www.laguiadepamplona.com\/actualidad\/#organization"},"potentialAction":[{"@type":"SearchAction","target":{"@type":"EntryPoint","urlTemplate":"https:\/\/www.laguiadepamplona.com\/actualidad\/?s={search_term_string}"},"query-input":{"@type":"PropertyValueSpecification","valueRequired":true,"valueName":"search_term_string"}}],"inLanguage":"es"},{"@type":"Organization","@id":"https:\/\/www.laguiadepamplona.com\/actualidad\/#organization","name":"La Gu\u00eda de Pamplona \/ Noticias","url":"https:\/\/www.laguiadepamplona.com\/actualidad\/","logo":{"@type":"ImageObject","inLanguage":"es","@id":"https:\/\/www.laguiadepamplona.com\/actualidad\/#\/schema\/logo\/image\/","url":"https:\/\/www.laguiadepamplona.com\/actualidad\/wp-content\/uploads\/2018\/11\/logo-laguiadepamplona18-web1.png","contentUrl":"https:\/\/www.laguiadepamplona.com\/actualidad\/wp-content\/uploads\/2018\/11\/logo-laguiadepamplona18-web1.png","width":600,"height":196,"caption":"La Gu\u00eda de Pamplona \/ Noticias"},"image":{"@id":"https:\/\/www.laguiadepamplona.com\/actualidad\/#\/schema\/logo\/image\/"},"sameAs":["https:\/\/www.facebook.com\/laguiadepamplonacom-133175176762273\/?ref=hl","https:\/\/x.com\/LaGuiadPamplona","https:\/\/www.instagram.com\/la_guia_de_pamplona\/","https:\/\/www.youtube.com\/user\/laguiadepamplona"]},{"@type":"Person","@id":"https:\/\/www.laguiadepamplona.com\/actualidad\/#\/schema\/person\/efe887376f0213d4657c93adc50b1fdb","name":"La Gu\u00eda de Pamplona","image":{"@type":"ImageObject","inLanguage":"es","@id":"https:\/\/secure.gravatar.com\/avatar\/b6992f131dc8d30ab0dff15446e9d346d9dbd95992de0fef795073f5ea83a81c?s=96&d=mm&r=g","url":"https:\/\/secure.gravatar.com\/avatar\/b6992f131dc8d30ab0dff15446e9d346d9dbd95992de0fef795073f5ea83a81c?s=96&d=mm&r=g","contentUrl":"https:\/\/secure.gravatar.com\/avatar\/b6992f131dc8d30ab0dff15446e9d346d9dbd95992de0fef795073f5ea83a81c?s=96&d=mm&r=g","caption":"La Gu\u00eda de Pamplona"}}]}},"post_mailing_queue_ids":[],"_links":{"self":[{"href":"https:\/\/www.laguiadepamplona.com\/actualidad\/wp-json\/wp\/v2\/posts\/22381","targetHints":{"allow":["GET"]}}],"collection":[{"href":"https:\/\/www.laguiadepamplona.com\/actualidad\/wp-json\/wp\/v2\/posts"}],"about":[{"href":"https:\/\/www.laguiadepamplona.com\/actualidad\/wp-json\/wp\/v2\/types\/post"}],"author":[{"embeddable":true,"href":"https:\/\/www.laguiadepamplona.com\/actualidad\/wp-json\/wp\/v2\/users\/1"}],"replies":[{"embeddable":true,"href":"https:\/\/www.laguiadepamplona.com\/actualidad\/wp-json\/wp\/v2\/comments?post=22381"}],"version-history":[{"count":0,"href":"https:\/\/www.laguiadepamplona.com\/actualidad\/wp-json\/wp\/v2\/posts\/22381\/revisions"}],"wp:featuredmedia":[{"embeddable":true,"href":"https:\/\/www.laguiadepamplona.com\/actualidad\/wp-json\/wp\/v2\/media\/22383"}],"wp:attachment":[{"href":"https:\/\/www.laguiadepamplona.com\/actualidad\/wp-json\/wp\/v2\/media?parent=22381"}],"wp:term":[{"taxonomy":"category","embeddable":true,"href":"https:\/\/www.laguiadepamplona.com\/actualidad\/wp-json\/wp\/v2\/categories?post=22381"},{"taxonomy":"post_tag","embeddable":true,"href":"https:\/\/www.laguiadepamplona.com\/actualidad\/wp-json\/wp\/v2\/tags?post=22381"}],"curies":[{"name":"wp","href":"https:\/\/api.w.org\/{rel}","templated":true}]}}