{"id":22347,"date":"2019-05-23T16:02:34","date_gmt":"2019-05-23T14:02:34","guid":{"rendered":"https:\/\/www.laguiadepamplona.es\/actualidad\/?p=22347"},"modified":"2019-05-23T16:02:34","modified_gmt":"2019-05-23T14:02:34","slug":"las-empresas-de-iluminacion-navidena-podran-presentar-propuestas-creativas-para-espacios-como-el-ayuntamiento-plaza-consistorial-plaza-del-castillo-y-avenida-carlos-iii","status":"publish","type":"post","link":"https:\/\/www.laguiadepamplona.com\/actualidad\/las-empresas-de-iluminacion-navidena-podran-presentar-propuestas-creativas-para-espacios-como-el-ayuntamiento-plaza-consistorial-plaza-del-castillo-y-avenida-carlos-iii\/","title":{"rendered":"Las empresas de iluminaci\u00f3n navide\u00f1a podr\u00e1n presentar propuestas creativas para espacios como el Ayuntamiento, Plaza Consistorial, Plaza del Castillo y avenida Carlos III"},"content":{"rendered":"<p><!--more--><\/p>\n<h3>Se mantienen las calles y plazas a decorar en el Casco Antiguo y los Ensanches, as\u00ed como los 121.000 euros de presupuesto<\/h3>\n<p>La Junta de Gobierno Local ha aprobado la licitaci\u00f3n del contrato de iluminaci\u00f3n y decoraci\u00f3n de calles y zonas de la ciudad durante la pr\u00f3xima Navidad. La principal novedad del contrato es que se deja abierta a la creatividad de las empresas licitadoras la presentaci\u00f3n de propuestas para iluminar el Ayuntamiento de Pamplona, la Plaza Consistorial, la Plaza del Castillo y toda la avenida de Carlos III. El presupuesto se mantiene en 121.000 euros y el 100% de la iluminaci\u00f3n deber\u00e1 ser de tecnolog\u00eda led.<\/p>\n<p>El Ayuntamiento busca con este contrato una imagen global de la iluminaci\u00f3n navide\u00f1a, conjuntada y coordinada en las principales calles, plazas y zonas comerciales de Pamplona, durante un periodo en el que las ventas y la visibilidad del comercio de cercan\u00eda es muy importante. La iluminaci\u00f3n navide\u00f1a se encender\u00e1 el 29 de noviembre y se apagar\u00e1 el 6 de enero de 2020. Habitualmente, se encender\u00e1 de 17.45 a 21.30 horas; los viernes y s\u00e1bado se apagar\u00e1 a las 24.00 horas; y las v\u00edsperas de los festivos navide\u00f1os, es decir, 24 y 31 de diciembre y 5 de enero se encender\u00e1 a la misma hora hasta la 1.45 horas de la madrugada. El contrato incluye el alquiler, montaje, mantenimiento y desmontaje de los elementos de ornamentaci\u00f3n y luminarias de la campa\u00f1a de Navidad 2019 \u2013 2020.<\/p>\n<p>El plazo de presentaci\u00f3n de ofertas comenzar\u00e1 una vez que la licitaci\u00f3n se publique en el Portal de Contrataci\u00f3n de Navarra. Para la adjudicaci\u00f3n se valorar\u00e1n aspectos como la oferta econ\u00f3mica, la est\u00e9tica e imagen general de la iluminaci\u00f3n, la propuesta para los espacios abiertos a la libre creatividad, el plan de trabajo a desarrollar por la empresa, la colocaci\u00f3n de los dos grandes abetos artificiales propiedad del Ayuntamiento de Pamplona o cl\u00e1usulas sociales.<br \/>\n<script async src=\"\/\/pagead2.googlesyndication.com\/pagead\/js\/adsbygoogle.js\"><\/script><br \/>\n<!-- Noticias La Guia de Pamplona --><br \/>\n<ins class=\"adsbygoogle\"\nstyle=\"display:block\"\ndata-ad-client=\"ca-pub-6943679897239327\"\ndata-ad-slot=\"7048180777\"\ndata-ad-format=\"auto\"><\/ins><br \/>\n<script>\n(adsbygoogle = window.adsbygoogle || []).push({});\n<\/script><\/p>\n<p><strong>Farolas, arcos, fuentes\u2026 en Casco Antiguo y Ensanche<\/strong><\/p>\n<p>El contrato incluye la decoraci\u00f3n de las farolas de la avenida de Conde Oliveto, de la avenida Catalina de Foix, de la calle Yanguas y Miranda entre la plaza de la Paz y la plaza de los Fueros, y de la avenida de la Baja Navarra, desde la plaza de Pr\u00edncipe de Viana hasta el cruce con la calle Olite. Tambi\u00e9n se colocar\u00e1n 162 arcos en calles del Casco Antiguo y los Ensanches como Estafeta, San Nicol\u00e1s, San Gregorio, Zapater\u00eda, Mayor, Comedias, Pozoblanco, Chapitela, Mercaderes, Ma\u00f1ueta, Curia, Navarrer\u00eda, San Ant\u00f3n, Paulino Caballero, Amaya, Tafalla, Gorriti, Castillo de Maya, San Ferm\u00edn, Garc\u00eda Xim\u00e9nez, Tudela y el paseo de Sarasate. Asimismo, habr\u00e1 decoraci\u00f3n en el parque de la plaza de la Libertad, en las fuentes de las plazas de Pr\u00edncipe de Viana y Merindades, y se iluminar\u00e1 tambi\u00e9n con estampas navide\u00f1as la fachada del Teatro Gayarre.<\/p>\n<p>Respecto a los espacios destinados a la libre creaci\u00f3n y a las propuestas de las empresas licitadoras, las decoraciones que se propongan deber\u00e1n presentarse con una descripci\u00f3n detallada de los elementos (medidas, colores, efectos sonoros o lum\u00ednicos\u2026) La fachada del Ayuntamiento de Pamplona deber\u00e1 contar con luces en movimiento\/destellos o cualquier otro efecto de luz. La Plaza Consistorial, por su parte, contar\u00e1 con una decoraci\u00f3n proporcionada a las dimensiones del espacio, teniendo en cuenta la comodidad a la hora de transitar por ella, dado que es punto de encuentro de turistas y visitantes, y zona de paso para las compras en el Casco Antiguo. La iluminaci\u00f3n en Carlos III abarcar\u00e1 toda la avenida, desde la Plaza del Castillo hasta la de la Libertad. El caso de que la decoraci\u00f3n ofertada sean arcos, deber\u00e1 hacerse constar el n\u00famero de los mismos. Se establece que el modelo de arco ser\u00e1 diferente y \u00fanico para esa zona respecto a los que se oferten para otras zonas de la ciudad. Sobre la Plaza del Castillo, el pliego se\u00f1ala que deber\u00e1 ser iluminada en su totalidad, es decir, el quiosco central y su per\u00edmetro<\/p>\n","protected":false},"excerpt":{"rendered":"","protected":false},"author":1,"featured_media":21939,"comment_status":"open","ping_status":"closed","sticky":false,"template":"","format":"standard","meta":{"footnotes":""},"categories":[2],"tags":[],"class_list":["post-22347","post","type-post","status-publish","format-standard","has-post-thumbnail","hentry","category-ayuntamiento-pamplona"],"yoast_head":"<!-- This site is optimized with the Yoast SEO plugin v27.3 - https:\/\/yoast.com\/product\/yoast-seo-wordpress\/ -->\n<title>Las empresas de iluminaci\u00f3n navide\u00f1a podr\u00e1n presentar propuestas creativas para espacios como el Ayuntamiento, Plaza Consistorial, Plaza del Castillo y avenida Carlos III<\/title>\n<meta name=\"robots\" content=\"index, follow, max-snippet:-1, max-image-preview:large, max-video-preview:-1\" \/>\n<link rel=\"canonical\" href=\"https:\/\/www.laguiadepamplona.com\/actualidad\/las-empresas-de-iluminacion-navidena-podran-presentar-propuestas-creativas-para-espacios-como-el-ayuntamiento-plaza-consistorial-plaza-del-castillo-y-avenida-carlos-iii\/\" \/>\n<meta property=\"og:locale\" content=\"es_ES\" \/>\n<meta property=\"og:type\" content=\"article\" \/>\n<meta property=\"og:title\" content=\"Las empresas de iluminaci\u00f3n navide\u00f1a podr\u00e1n presentar propuestas creativas para espacios como el Ayuntamiento, Plaza Consistorial, Plaza del Castillo y avenida Carlos III\" \/>\n<meta property=\"og:url\" content=\"https:\/\/www.laguiadepamplona.com\/actualidad\/las-empresas-de-iluminacion-navidena-podran-presentar-propuestas-creativas-para-espacios-como-el-ayuntamiento-plaza-consistorial-plaza-del-castillo-y-avenida-carlos-iii\/\" \/>\n<meta property=\"og:site_name\" content=\"La Gu\u00eda de Pamplona\" \/>\n<meta property=\"article:publisher\" content=\"https:\/\/www.facebook.com\/laguiadepamplonacom-133175176762273\/?ref=hl\" \/>\n<meta property=\"article:published_time\" content=\"2019-05-23T14:02:34+00:00\" \/>\n<meta property=\"og:image\" content=\"https:\/\/www.laguiadepamplona.com\/actualidad\/wp-content\/uploads\/2019\/05\/ayuntamiento-pamplona-laguiadepamplona.jpg\" \/>\n\t<meta property=\"og:image:width\" content=\"1920\" \/>\n\t<meta property=\"og:image:height\" content=\"1100\" \/>\n\t<meta property=\"og:image:type\" content=\"image\/jpeg\" \/>\n<meta name=\"author\" content=\"La Gu\u00eda de Pamplona\" \/>\n<meta name=\"twitter:card\" content=\"summary_large_image\" \/>\n<meta name=\"twitter:creator\" content=\"@LaGuiadPamplona\" \/>\n<meta name=\"twitter:site\" content=\"@LaGuiadPamplona\" \/>\n<meta name=\"twitter:label1\" content=\"Escrito por\" \/>\n\t<meta name=\"twitter:data1\" content=\"La Gu\u00eda de Pamplona\" \/>\n\t<meta name=\"twitter:label2\" content=\"Tiempo de lectura\" \/>\n\t<meta name=\"twitter:data2\" content=\"3 minutos\" \/>\n<script type=\"application\/ld+json\" class=\"yoast-schema-graph\">{\"@context\":\"https:\\\/\\\/schema.org\",\"@graph\":[{\"@type\":\"Article\",\"@id\":\"https:\\\/\\\/www.laguiadepamplona.com\\\/actualidad\\\/las-empresas-de-iluminacion-navidena-podran-presentar-propuestas-creativas-para-espacios-como-el-ayuntamiento-plaza-consistorial-plaza-del-castillo-y-avenida-carlos-iii\\\/#article\",\"isPartOf\":{\"@id\":\"https:\\\/\\\/www.laguiadepamplona.com\\\/actualidad\\\/las-empresas-de-iluminacion-navidena-podran-presentar-propuestas-creativas-para-espacios-como-el-ayuntamiento-plaza-consistorial-plaza-del-castillo-y-avenida-carlos-iii\\\/\"},\"author\":{\"name\":\"La Gu\u00eda de Pamplona\",\"@id\":\"https:\\\/\\\/www.laguiadepamplona.com\\\/actualidad\\\/#\\\/schema\\\/person\\\/efe887376f0213d4657c93adc50b1fdb\"},\"headline\":\"Las empresas de iluminaci\u00f3n navide\u00f1a podr\u00e1n presentar propuestas creativas para espacios como el Ayuntamiento, Plaza Consistorial, Plaza del Castillo y avenida Carlos III\",\"datePublished\":\"2019-05-23T14:02:34+00:00\",\"mainEntityOfPage\":{\"@id\":\"https:\\\/\\\/www.laguiadepamplona.com\\\/actualidad\\\/las-empresas-de-iluminacion-navidena-podran-presentar-propuestas-creativas-para-espacios-como-el-ayuntamiento-plaza-consistorial-plaza-del-castillo-y-avenida-carlos-iii\\\/\"},\"wordCount\":720,\"commentCount\":0,\"publisher\":{\"@id\":\"https:\\\/\\\/www.laguiadepamplona.com\\\/actualidad\\\/#organization\"},\"image\":{\"@id\":\"https:\\\/\\\/www.laguiadepamplona.com\\\/actualidad\\\/las-empresas-de-iluminacion-navidena-podran-presentar-propuestas-creativas-para-espacios-como-el-ayuntamiento-plaza-consistorial-plaza-del-castillo-y-avenida-carlos-iii\\\/#primaryimage\"},\"thumbnailUrl\":\"https:\\\/\\\/www.laguiadepamplona.com\\\/actualidad\\\/wp-content\\\/uploads\\\/2019\\\/05\\\/ayuntamiento-pamplona-laguiadepamplona.jpg\",\"articleSection\":[\"Ayto Pamplona\"],\"inLanguage\":\"es\",\"potentialAction\":[{\"@type\":\"CommentAction\",\"name\":\"Comment\",\"target\":[\"https:\\\/\\\/www.laguiadepamplona.com\\\/actualidad\\\/las-empresas-de-iluminacion-navidena-podran-presentar-propuestas-creativas-para-espacios-como-el-ayuntamiento-plaza-consistorial-plaza-del-castillo-y-avenida-carlos-iii\\\/#respond\"]}]},{\"@type\":\"WebPage\",\"@id\":\"https:\\\/\\\/www.laguiadepamplona.com\\\/actualidad\\\/las-empresas-de-iluminacion-navidena-podran-presentar-propuestas-creativas-para-espacios-como-el-ayuntamiento-plaza-consistorial-plaza-del-castillo-y-avenida-carlos-iii\\\/\",\"url\":\"https:\\\/\\\/www.laguiadepamplona.com\\\/actualidad\\\/las-empresas-de-iluminacion-navidena-podran-presentar-propuestas-creativas-para-espacios-como-el-ayuntamiento-plaza-consistorial-plaza-del-castillo-y-avenida-carlos-iii\\\/\",\"name\":\"Las empresas de iluminaci\u00f3n navide\u00f1a podr\u00e1n presentar propuestas creativas para espacios como el Ayuntamiento, Plaza Consistorial, Plaza del Castillo y avenida Carlos III\",\"isPartOf\":{\"@id\":\"https:\\\/\\\/www.laguiadepamplona.com\\\/actualidad\\\/#website\"},\"primaryImageOfPage\":{\"@id\":\"https:\\\/\\\/www.laguiadepamplona.com\\\/actualidad\\\/las-empresas-de-iluminacion-navidena-podran-presentar-propuestas-creativas-para-espacios-como-el-ayuntamiento-plaza-consistorial-plaza-del-castillo-y-avenida-carlos-iii\\\/#primaryimage\"},\"image\":{\"@id\":\"https:\\\/\\\/www.laguiadepamplona.com\\\/actualidad\\\/las-empresas-de-iluminacion-navidena-podran-presentar-propuestas-creativas-para-espacios-como-el-ayuntamiento-plaza-consistorial-plaza-del-castillo-y-avenida-carlos-iii\\\/#primaryimage\"},\"thumbnailUrl\":\"https:\\\/\\\/www.laguiadepamplona.com\\\/actualidad\\\/wp-content\\\/uploads\\\/2019\\\/05\\\/ayuntamiento-pamplona-laguiadepamplona.jpg\",\"datePublished\":\"2019-05-23T14:02:34+00:00\",\"breadcrumb\":{\"@id\":\"https:\\\/\\\/www.laguiadepamplona.com\\\/actualidad\\\/las-empresas-de-iluminacion-navidena-podran-presentar-propuestas-creativas-para-espacios-como-el-ayuntamiento-plaza-consistorial-plaza-del-castillo-y-avenida-carlos-iii\\\/#breadcrumb\"},\"inLanguage\":\"es\",\"potentialAction\":[{\"@type\":\"ReadAction\",\"target\":[\"https:\\\/\\\/www.laguiadepamplona.com\\\/actualidad\\\/las-empresas-de-iluminacion-navidena-podran-presentar-propuestas-creativas-para-espacios-como-el-ayuntamiento-plaza-consistorial-plaza-del-castillo-y-avenida-carlos-iii\\\/\"]}]},{\"@type\":\"ImageObject\",\"inLanguage\":\"es\",\"@id\":\"https:\\\/\\\/www.laguiadepamplona.com\\\/actualidad\\\/las-empresas-de-iluminacion-navidena-podran-presentar-propuestas-creativas-para-espacios-como-el-ayuntamiento-plaza-consistorial-plaza-del-castillo-y-avenida-carlos-iii\\\/#primaryimage\",\"url\":\"https:\\\/\\\/www.laguiadepamplona.com\\\/actualidad\\\/wp-content\\\/uploads\\\/2019\\\/05\\\/ayuntamiento-pamplona-laguiadepamplona.jpg\",\"contentUrl\":\"https:\\\/\\\/www.laguiadepamplona.com\\\/actualidad\\\/wp-content\\\/uploads\\\/2019\\\/05\\\/ayuntamiento-pamplona-laguiadepamplona.jpg\",\"width\":1920,\"height\":1100},{\"@type\":\"BreadcrumbList\",\"@id\":\"https:\\\/\\\/www.laguiadepamplona.com\\\/actualidad\\\/las-empresas-de-iluminacion-navidena-podran-presentar-propuestas-creativas-para-espacios-como-el-ayuntamiento-plaza-consistorial-plaza-del-castillo-y-avenida-carlos-iii\\\/#breadcrumb\",\"itemListElement\":[{\"@type\":\"ListItem\",\"position\":1,\"name\":\"Portada\",\"item\":\"https:\\\/\\\/www.laguiadepamplona.com\\\/actualidad\\\/\"},{\"@type\":\"ListItem\",\"position\":2,\"name\":\"Las empresas de iluminaci\u00f3n navide\u00f1a podr\u00e1n presentar propuestas creativas para espacios como el Ayuntamiento, Plaza Consistorial, Plaza del Castillo y avenida Carlos III\"}]},{\"@type\":\"WebSite\",\"@id\":\"https:\\\/\\\/www.laguiadepamplona.com\\\/actualidad\\\/#website\",\"url\":\"https:\\\/\\\/www.laguiadepamplona.com\\\/actualidad\\\/\",\"name\":\"La gu\u00eda de Pamplona\",\"description\":\"Noticias de Pamplona\",\"publisher\":{\"@id\":\"https:\\\/\\\/www.laguiadepamplona.com\\\/actualidad\\\/#organization\"},\"potentialAction\":[{\"@type\":\"SearchAction\",\"target\":{\"@type\":\"EntryPoint\",\"urlTemplate\":\"https:\\\/\\\/www.laguiadepamplona.com\\\/actualidad\\\/?s={search_term_string}\"},\"query-input\":{\"@type\":\"PropertyValueSpecification\",\"valueRequired\":true,\"valueName\":\"search_term_string\"}}],\"inLanguage\":\"es\"},{\"@type\":\"Organization\",\"@id\":\"https:\\\/\\\/www.laguiadepamplona.com\\\/actualidad\\\/#organization\",\"name\":\"La Gu\u00eda de Pamplona \\\/ Noticias\",\"url\":\"https:\\\/\\\/www.laguiadepamplona.com\\\/actualidad\\\/\",\"logo\":{\"@type\":\"ImageObject\",\"inLanguage\":\"es\",\"@id\":\"https:\\\/\\\/www.laguiadepamplona.com\\\/actualidad\\\/#\\\/schema\\\/logo\\\/image\\\/\",\"url\":\"https:\\\/\\\/www.laguiadepamplona.com\\\/actualidad\\\/wp-content\\\/uploads\\\/2018\\\/11\\\/logo-laguiadepamplona18-web1.png\",\"contentUrl\":\"https:\\\/\\\/www.laguiadepamplona.com\\\/actualidad\\\/wp-content\\\/uploads\\\/2018\\\/11\\\/logo-laguiadepamplona18-web1.png\",\"width\":600,\"height\":196,\"caption\":\"La Gu\u00eda de Pamplona \\\/ Noticias\"},\"image\":{\"@id\":\"https:\\\/\\\/www.laguiadepamplona.com\\\/actualidad\\\/#\\\/schema\\\/logo\\\/image\\\/\"},\"sameAs\":[\"https:\\\/\\\/www.facebook.com\\\/laguiadepamplonacom-133175176762273\\\/?ref=hl\",\"https:\\\/\\\/x.com\\\/LaGuiadPamplona\",\"https:\\\/\\\/www.instagram.com\\\/la_guia_de_pamplona\\\/\",\"https:\\\/\\\/www.youtube.com\\\/user\\\/laguiadepamplona\"]},{\"@type\":\"Person\",\"@id\":\"https:\\\/\\\/www.laguiadepamplona.com\\\/actualidad\\\/#\\\/schema\\\/person\\\/efe887376f0213d4657c93adc50b1fdb\",\"name\":\"La Gu\u00eda de Pamplona\",\"image\":{\"@type\":\"ImageObject\",\"inLanguage\":\"es\",\"@id\":\"https:\\\/\\\/secure.gravatar.com\\\/avatar\\\/b6992f131dc8d30ab0dff15446e9d346d9dbd95992de0fef795073f5ea83a81c?s=96&d=mm&r=g\",\"url\":\"https:\\\/\\\/secure.gravatar.com\\\/avatar\\\/b6992f131dc8d30ab0dff15446e9d346d9dbd95992de0fef795073f5ea83a81c?s=96&d=mm&r=g\",\"contentUrl\":\"https:\\\/\\\/secure.gravatar.com\\\/avatar\\\/b6992f131dc8d30ab0dff15446e9d346d9dbd95992de0fef795073f5ea83a81c?s=96&d=mm&r=g\",\"caption\":\"La Gu\u00eda de Pamplona\"}}]}<\/script>\n<!-- \/ Yoast SEO plugin. -->","yoast_head_json":{"title":"Las empresas de iluminaci\u00f3n navide\u00f1a podr\u00e1n presentar propuestas creativas para espacios como el Ayuntamiento, Plaza Consistorial, Plaza del Castillo y avenida Carlos III","robots":{"index":"index","follow":"follow","max-snippet":"max-snippet:-1","max-image-preview":"max-image-preview:large","max-video-preview":"max-video-preview:-1"},"canonical":"https:\/\/www.laguiadepamplona.com\/actualidad\/las-empresas-de-iluminacion-navidena-podran-presentar-propuestas-creativas-para-espacios-como-el-ayuntamiento-plaza-consistorial-plaza-del-castillo-y-avenida-carlos-iii\/","og_locale":"es_ES","og_type":"article","og_title":"Las empresas de iluminaci\u00f3n navide\u00f1a podr\u00e1n presentar propuestas creativas para espacios como el Ayuntamiento, Plaza Consistorial, Plaza del Castillo y avenida Carlos III","og_url":"https:\/\/www.laguiadepamplona.com\/actualidad\/las-empresas-de-iluminacion-navidena-podran-presentar-propuestas-creativas-para-espacios-como-el-ayuntamiento-plaza-consistorial-plaza-del-castillo-y-avenida-carlos-iii\/","og_site_name":"La Gu\u00eda de Pamplona","article_publisher":"https:\/\/www.facebook.com\/laguiadepamplonacom-133175176762273\/?ref=hl","article_published_time":"2019-05-23T14:02:34+00:00","og_image":[{"width":1920,"height":1100,"url":"https:\/\/www.laguiadepamplona.com\/actualidad\/wp-content\/uploads\/2019\/05\/ayuntamiento-pamplona-laguiadepamplona.jpg","type":"image\/jpeg"}],"author":"La Gu\u00eda de Pamplona","twitter_card":"summary_large_image","twitter_creator":"@LaGuiadPamplona","twitter_site":"@LaGuiadPamplona","twitter_misc":{"Escrito por":"La Gu\u00eda de Pamplona","Tiempo de lectura":"3 minutos"},"schema":{"@context":"https:\/\/schema.org","@graph":[{"@type":"Article","@id":"https:\/\/www.laguiadepamplona.com\/actualidad\/las-empresas-de-iluminacion-navidena-podran-presentar-propuestas-creativas-para-espacios-como-el-ayuntamiento-plaza-consistorial-plaza-del-castillo-y-avenida-carlos-iii\/#article","isPartOf":{"@id":"https:\/\/www.laguiadepamplona.com\/actualidad\/las-empresas-de-iluminacion-navidena-podran-presentar-propuestas-creativas-para-espacios-como-el-ayuntamiento-plaza-consistorial-plaza-del-castillo-y-avenida-carlos-iii\/"},"author":{"name":"La Gu\u00eda de Pamplona","@id":"https:\/\/www.laguiadepamplona.com\/actualidad\/#\/schema\/person\/efe887376f0213d4657c93adc50b1fdb"},"headline":"Las empresas de iluminaci\u00f3n navide\u00f1a podr\u00e1n presentar propuestas creativas para espacios como el Ayuntamiento, Plaza Consistorial, Plaza del Castillo y avenida Carlos III","datePublished":"2019-05-23T14:02:34+00:00","mainEntityOfPage":{"@id":"https:\/\/www.laguiadepamplona.com\/actualidad\/las-empresas-de-iluminacion-navidena-podran-presentar-propuestas-creativas-para-espacios-como-el-ayuntamiento-plaza-consistorial-plaza-del-castillo-y-avenida-carlos-iii\/"},"wordCount":720,"commentCount":0,"publisher":{"@id":"https:\/\/www.laguiadepamplona.com\/actualidad\/#organization"},"image":{"@id":"https:\/\/www.laguiadepamplona.com\/actualidad\/las-empresas-de-iluminacion-navidena-podran-presentar-propuestas-creativas-para-espacios-como-el-ayuntamiento-plaza-consistorial-plaza-del-castillo-y-avenida-carlos-iii\/#primaryimage"},"thumbnailUrl":"https:\/\/www.laguiadepamplona.com\/actualidad\/wp-content\/uploads\/2019\/05\/ayuntamiento-pamplona-laguiadepamplona.jpg","articleSection":["Ayto Pamplona"],"inLanguage":"es","potentialAction":[{"@type":"CommentAction","name":"Comment","target":["https:\/\/www.laguiadepamplona.com\/actualidad\/las-empresas-de-iluminacion-navidena-podran-presentar-propuestas-creativas-para-espacios-como-el-ayuntamiento-plaza-consistorial-plaza-del-castillo-y-avenida-carlos-iii\/#respond"]}]},{"@type":"WebPage","@id":"https:\/\/www.laguiadepamplona.com\/actualidad\/las-empresas-de-iluminacion-navidena-podran-presentar-propuestas-creativas-para-espacios-como-el-ayuntamiento-plaza-consistorial-plaza-del-castillo-y-avenida-carlos-iii\/","url":"https:\/\/www.laguiadepamplona.com\/actualidad\/las-empresas-de-iluminacion-navidena-podran-presentar-propuestas-creativas-para-espacios-como-el-ayuntamiento-plaza-consistorial-plaza-del-castillo-y-avenida-carlos-iii\/","name":"Las empresas de iluminaci\u00f3n navide\u00f1a podr\u00e1n presentar propuestas creativas para espacios como el Ayuntamiento, Plaza Consistorial, Plaza del Castillo y avenida Carlos III","isPartOf":{"@id":"https:\/\/www.laguiadepamplona.com\/actualidad\/#website"},"primaryImageOfPage":{"@id":"https:\/\/www.laguiadepamplona.com\/actualidad\/las-empresas-de-iluminacion-navidena-podran-presentar-propuestas-creativas-para-espacios-como-el-ayuntamiento-plaza-consistorial-plaza-del-castillo-y-avenida-carlos-iii\/#primaryimage"},"image":{"@id":"https:\/\/www.laguiadepamplona.com\/actualidad\/las-empresas-de-iluminacion-navidena-podran-presentar-propuestas-creativas-para-espacios-como-el-ayuntamiento-plaza-consistorial-plaza-del-castillo-y-avenida-carlos-iii\/#primaryimage"},"thumbnailUrl":"https:\/\/www.laguiadepamplona.com\/actualidad\/wp-content\/uploads\/2019\/05\/ayuntamiento-pamplona-laguiadepamplona.jpg","datePublished":"2019-05-23T14:02:34+00:00","breadcrumb":{"@id":"https:\/\/www.laguiadepamplona.com\/actualidad\/las-empresas-de-iluminacion-navidena-podran-presentar-propuestas-creativas-para-espacios-como-el-ayuntamiento-plaza-consistorial-plaza-del-castillo-y-avenida-carlos-iii\/#breadcrumb"},"inLanguage":"es","potentialAction":[{"@type":"ReadAction","target":["https:\/\/www.laguiadepamplona.com\/actualidad\/las-empresas-de-iluminacion-navidena-podran-presentar-propuestas-creativas-para-espacios-como-el-ayuntamiento-plaza-consistorial-plaza-del-castillo-y-avenida-carlos-iii\/"]}]},{"@type":"ImageObject","inLanguage":"es","@id":"https:\/\/www.laguiadepamplona.com\/actualidad\/las-empresas-de-iluminacion-navidena-podran-presentar-propuestas-creativas-para-espacios-como-el-ayuntamiento-plaza-consistorial-plaza-del-castillo-y-avenida-carlos-iii\/#primaryimage","url":"https:\/\/www.laguiadepamplona.com\/actualidad\/wp-content\/uploads\/2019\/05\/ayuntamiento-pamplona-laguiadepamplona.jpg","contentUrl":"https:\/\/www.laguiadepamplona.com\/actualidad\/wp-content\/uploads\/2019\/05\/ayuntamiento-pamplona-laguiadepamplona.jpg","width":1920,"height":1100},{"@type":"BreadcrumbList","@id":"https:\/\/www.laguiadepamplona.com\/actualidad\/las-empresas-de-iluminacion-navidena-podran-presentar-propuestas-creativas-para-espacios-como-el-ayuntamiento-plaza-consistorial-plaza-del-castillo-y-avenida-carlos-iii\/#breadcrumb","itemListElement":[{"@type":"ListItem","position":1,"name":"Portada","item":"https:\/\/www.laguiadepamplona.com\/actualidad\/"},{"@type":"ListItem","position":2,"name":"Las empresas de iluminaci\u00f3n navide\u00f1a podr\u00e1n presentar propuestas creativas para espacios como el Ayuntamiento, Plaza Consistorial, Plaza del Castillo y avenida Carlos III"}]},{"@type":"WebSite","@id":"https:\/\/www.laguiadepamplona.com\/actualidad\/#website","url":"https:\/\/www.laguiadepamplona.com\/actualidad\/","name":"La gu\u00eda de Pamplona","description":"Noticias de Pamplona","publisher":{"@id":"https:\/\/www.laguiadepamplona.com\/actualidad\/#organization"},"potentialAction":[{"@type":"SearchAction","target":{"@type":"EntryPoint","urlTemplate":"https:\/\/www.laguiadepamplona.com\/actualidad\/?s={search_term_string}"},"query-input":{"@type":"PropertyValueSpecification","valueRequired":true,"valueName":"search_term_string"}}],"inLanguage":"es"},{"@type":"Organization","@id":"https:\/\/www.laguiadepamplona.com\/actualidad\/#organization","name":"La Gu\u00eda de Pamplona \/ Noticias","url":"https:\/\/www.laguiadepamplona.com\/actualidad\/","logo":{"@type":"ImageObject","inLanguage":"es","@id":"https:\/\/www.laguiadepamplona.com\/actualidad\/#\/schema\/logo\/image\/","url":"https:\/\/www.laguiadepamplona.com\/actualidad\/wp-content\/uploads\/2018\/11\/logo-laguiadepamplona18-web1.png","contentUrl":"https:\/\/www.laguiadepamplona.com\/actualidad\/wp-content\/uploads\/2018\/11\/logo-laguiadepamplona18-web1.png","width":600,"height":196,"caption":"La Gu\u00eda de Pamplona \/ Noticias"},"image":{"@id":"https:\/\/www.laguiadepamplona.com\/actualidad\/#\/schema\/logo\/image\/"},"sameAs":["https:\/\/www.facebook.com\/laguiadepamplonacom-133175176762273\/?ref=hl","https:\/\/x.com\/LaGuiadPamplona","https:\/\/www.instagram.com\/la_guia_de_pamplona\/","https:\/\/www.youtube.com\/user\/laguiadepamplona"]},{"@type":"Person","@id":"https:\/\/www.laguiadepamplona.com\/actualidad\/#\/schema\/person\/efe887376f0213d4657c93adc50b1fdb","name":"La Gu\u00eda de Pamplona","image":{"@type":"ImageObject","inLanguage":"es","@id":"https:\/\/secure.gravatar.com\/avatar\/b6992f131dc8d30ab0dff15446e9d346d9dbd95992de0fef795073f5ea83a81c?s=96&d=mm&r=g","url":"https:\/\/secure.gravatar.com\/avatar\/b6992f131dc8d30ab0dff15446e9d346d9dbd95992de0fef795073f5ea83a81c?s=96&d=mm&r=g","contentUrl":"https:\/\/secure.gravatar.com\/avatar\/b6992f131dc8d30ab0dff15446e9d346d9dbd95992de0fef795073f5ea83a81c?s=96&d=mm&r=g","caption":"La Gu\u00eda de Pamplona"}}]}},"post_mailing_queue_ids":[],"_links":{"self":[{"href":"https:\/\/www.laguiadepamplona.com\/actualidad\/wp-json\/wp\/v2\/posts\/22347","targetHints":{"allow":["GET"]}}],"collection":[{"href":"https:\/\/www.laguiadepamplona.com\/actualidad\/wp-json\/wp\/v2\/posts"}],"about":[{"href":"https:\/\/www.laguiadepamplona.com\/actualidad\/wp-json\/wp\/v2\/types\/post"}],"author":[{"embeddable":true,"href":"https:\/\/www.laguiadepamplona.com\/actualidad\/wp-json\/wp\/v2\/users\/1"}],"replies":[{"embeddable":true,"href":"https:\/\/www.laguiadepamplona.com\/actualidad\/wp-json\/wp\/v2\/comments?post=22347"}],"version-history":[{"count":0,"href":"https:\/\/www.laguiadepamplona.com\/actualidad\/wp-json\/wp\/v2\/posts\/22347\/revisions"}],"wp:featuredmedia":[{"embeddable":true,"href":"https:\/\/www.laguiadepamplona.com\/actualidad\/wp-json\/wp\/v2\/media\/21939"}],"wp:attachment":[{"href":"https:\/\/www.laguiadepamplona.com\/actualidad\/wp-json\/wp\/v2\/media?parent=22347"}],"wp:term":[{"taxonomy":"category","embeddable":true,"href":"https:\/\/www.laguiadepamplona.com\/actualidad\/wp-json\/wp\/v2\/categories?post=22347"},{"taxonomy":"post_tag","embeddable":true,"href":"https:\/\/www.laguiadepamplona.com\/actualidad\/wp-json\/wp\/v2\/tags?post=22347"}],"curies":[{"name":"wp","href":"https:\/\/api.w.org\/{rel}","templated":true}]}}