{"id":22341,"date":"2019-05-23T16:01:47","date_gmt":"2019-05-23T14:01:47","guid":{"rendered":"https:\/\/www.laguiadepamplona.es\/actualidad\/?p=22341"},"modified":"2019-05-23T16:01:47","modified_gmt":"2019-05-23T14:01:47","slug":"varios-murales-pintados-a-traves-de-iniciativas-de-personas-y-colectivos-de-barrios-decoran-los-centros-comunitarios-de-buztintxuri-san-jorge-rochapea-y-ermitagana","status":"publish","type":"post","link":"https:\/\/www.laguiadepamplona.com\/actualidad\/varios-murales-pintados-a-traves-de-iniciativas-de-personas-y-colectivos-de-barrios-decoran-los-centros-comunitarios-de-buztintxuri-san-jorge-rochapea-y-ermitagana\/","title":{"rendered":"Varios murales pintados a trav\u00e9s de iniciativas de personas y colectivos de barrios decoran los centros comunitarios de Buztintxuri, San Jorge, Rochapea y Ermitaga\u00f1a"},"content":{"rendered":"<p><!--more--><\/p>\n<h3>Esta l\u00ednea municipal de intervenci\u00f3n en espacios a trav\u00e9s del muralismo llega este s\u00e1bado al Casco Antiguo con una acci\u00f3n en la plaza de Santa Ana<\/h3>\n<p><a href=\"https:\/\/www.laguiadepamplona.es\/actualidad\/wp-content\/uploads\/2019\/05\/19.05.23_San-Jorge-mural-grafiti.jpg\"><img loading=\"lazy\" decoding=\"async\" class=\"alignleft size-medium wp-image-22344\" src=\"https:\/\/www.laguiadepamplona.es\/actualidad\/wp-content\/uploads\/2019\/05\/19.05.23_San-Jorge-mural-grafiti-401x300.jpg\" alt=\"\" width=\"401\" height=\"300\" srcset=\"https:\/\/www.laguiadepamplona.com\/actualidad\/wp-content\/uploads\/2019\/05\/19.05.23_San-Jorge-mural-grafiti-401x300.jpg 401w, https:\/\/www.laguiadepamplona.com\/actualidad\/wp-content\/uploads\/2019\/05\/19.05.23_San-Jorge-mural-grafiti-768x574.jpg 768w, https:\/\/www.laguiadepamplona.com\/actualidad\/wp-content\/uploads\/2019\/05\/19.05.23_San-Jorge-mural-grafiti-913x682.jpg 913w, https:\/\/www.laguiadepamplona.com\/actualidad\/wp-content\/uploads\/2019\/05\/19.05.23_San-Jorge-mural-grafiti-640x478.jpg 640w, https:\/\/www.laguiadepamplona.com\/actualidad\/wp-content\/uploads\/2019\/05\/19.05.23_San-Jorge-mural-grafiti.jpg 1575w\" sizes=\"auto, (max-width: 401px) 100vw, 401px\" \/><\/a>Las fachadas de los centros comunitarios de Buztintxuri, Ermitaga\u00f1a (Bartolom\u00e9 de Carranza), Rochapea (Carbonilla) y San Jorge han estrenado decoraci\u00f3n estas \u00faltimas semanas. Se trata de murales art\u00edsticos que se han realizado de forma comunitaria y participativa, con la colaboraci\u00f3n del Ayuntamiento de Pamplona, a trav\u00e9s de los Servicios de Acci\u00f3n Preventiva Comunitaria, y de colectivos, asociaciones y centros escolares de los diferentes barrios. Este tipo de acciones de intervenci\u00f3n en espacios p\u00fablicos a trav\u00e9s del muralismo y los grafitis llegar\u00e1 este s\u00e1bado al Casco Antiguo, con talleres para pintar un mural en la plaza de Santa Ana.<\/p>\n<p>Desde finales de 2018, el \u00e1rea municipal de Desarrollo Comunitario, est\u00e1 llevando a cabo una l\u00ednea de trabajo orientada a la intervenci\u00f3n en espacios p\u00fablicos a trav\u00e9s del muralismo y el grafiti. Se trata as\u00ed de revitalizar espacios y lugares de la deteriorados para darles un nuevo valor y un nuevo uso. Todo ello se realiza implicando a los vecinos y vecinas de los barrios, sobre todo a j\u00f3venes, mediante procesos de trabajo comunitario con distintas fases, que van desde el dise\u00f1o del mural a su realizaci\u00f3n, pasando por la participaci\u00f3n en talleres para crearlo. Los diferentes trabajos que se han llevado a cabo se han promovido desde los Servicios de Acci\u00f3n Preventiva Comunitaria (SAPC) y asociaciones que trabajan por la promoci\u00f3n y protecci\u00f3n de la infancia. Iniciativas de este tipo se est\u00e1n trabajando en otros barrios, tambi\u00e9n a trav\u00e9s de los SAPC, y se ir\u00e1n organizando talleres participativos a lo largo del a\u00f1o.<\/p>\n<p>En estos proyectos se trabaja desde la dimensi\u00f3n de la comunidad, favoreciendo que sean artistas locales quienes impulsen este tipo de iniciativas. Adem\u00e1s, se busca promover el arte local y generar referencialidad entre la juventud de los barrios. A ello se une que el lugar en el que se act\u00faa suele ser un espacio \u2018motivante\u2019, como es el caso de las actuaciones en los centros comunitarios, en el que descubrir aficiones y formas alternativas de pasar su tiempo libre. En definitiva, la finalidad es generar din\u00e1micas que promuevan el sentido de barrio y, tal y como recoge el I Plan Municipal de Infancia, que promuevan la participaci\u00f3n de los menores y adolescentes.<\/p>\n<p>A los murales en los barrios de San Jorge, Rochapea, Ermitaga\u00f1a y Buztintxuri, se suma la iniciativa de este fin de semana en el Casco Antiguo. El SAPC Aldezar ha promovido talleres coincidiendo con el D\u00eda del Casco Antiguo que se celebra este s\u00e1bado para la elaboraci\u00f3n de murales en la plaza de Santa Ana. Al igual que los que se llevaron a cabo en enero, son talleres abiertos a la participaci\u00f3n de todo el barrio, y en especial de la infancia. Se llevar\u00e1n a cabo el propio s\u00e1bado por la ma\u00f1ana en la plaza de Santa Ana y representar\u00e1n la diversidad del barrio, de sus gentes, sus ilusiones, sus inquietudes\u2026<\/p>\n<p><script async src=\"\/\/pagead2.googlesyndication.com\/pagead\/js\/adsbygoogle.js\"><\/script><br \/>\n<!-- Noticias La Guia de Pamplona --><br \/>\n<ins class=\"adsbygoogle\"\nstyle=\"display:block\"\ndata-ad-client=\"ca-pub-6943679897239327\"\ndata-ad-slot=\"7048180777\"\ndata-ad-format=\"auto\"><\/ins><br \/>\n<script>\n(adsbygoogle = window.adsbygoogle || []).push({});\n<\/script><\/p>\n<p><strong>Murales y grafitis en centros comunitarios de la ciudad<\/strong><\/p>\n<p>Este pasado fin de semana se inaugur\u00f3 en Buztintxuri, coincidiendo con el D\u00eda del Barrio, el mural realizado en la fachada del centro comunitario. El mural plasma el lobo del escudo del barrio como s\u00edmbolo del empoderamiento de la comunidad y su tejido social, adem\u00e1s de motivos roman\u00edes, musulmanes, aztecas, etc. en las letras \u00abBuztingune\u00bb para representar la diversidad de su poblaci\u00f3n. En la creaci\u00f3n del mural particip\u00f3 el alumnado de 2\u00ba a 4\u00ba de Primaria del C.P. Buztintxuri.<\/p>\n<p>En San Jorge se han llevado a cabo diferentes iniciativas dentro de estas intervenciones art\u00edsticas en espacios p\u00fablicos. Dos artistas del barrio presentaron un proyecto y un grupo de j\u00f3venes del SAPC Umetxea dise\u00f1\u00f3 el programa \u2018La pincelada de San Jorge, que consisti\u00f3 en la realizaci\u00f3n de un mural comunitario en la fachada del Centro Comunitario Karrikagune, otro mural en el front\u00f3n en formato talleres con artistas como Blast, Conse III, Boso 24, Pare, Cron, Renod, Corte, y Unfit; y una muestra de un artista del barrio, \u2018PARE\u2019, en una pared anexa al local de Karrikagune.<\/p>\n<p>En Rochapea se pint\u00f3 la fachada del Centro Comunitario Carbonilla con un dise\u00f1o realizado por una joven del barrio, a trav\u00e9s de talleres organizados por el SAPC Batean. Los talleres, en los que participaron chicos y chicas de 8 a 16 a\u00f1os, se realizaron durante la llamada \u2018Semana morada\u2019, que celebra la Federaci\u00f3n Batean y que tiene la igualdad de g\u00e9nero como tem\u00e1tica. En el mural aparecen mujeres referentes del movimiento feminista.<\/p>\n<p>En Ermitaga\u00f1a se ha repintado la fachada del Centro Comunitario de Bartolom\u00e9 de Carranza 42, dentro de las labores realizadas por el tajo de pintura del Programa de Empleo Social Protegido del Ayuntamiento. El dise\u00f1o lo llev\u00f3 a cabo la asociaci\u00f3n Ermitaldea.<\/p>\n","protected":false},"excerpt":{"rendered":"","protected":false},"author":1,"featured_media":22343,"comment_status":"open","ping_status":"closed","sticky":false,"template":"","format":"standard","meta":{"footnotes":""},"categories":[2],"tags":[],"class_list":["post-22341","post","type-post","status-publish","format-standard","has-post-thumbnail","hentry","category-ayuntamiento-pamplona"],"yoast_head":"<!-- This site is optimized with the Yoast SEO plugin v27.3 - https:\/\/yoast.com\/product\/yoast-seo-wordpress\/ -->\n<title>Varios murales pintados a trav\u00e9s de iniciativas de personas y colectivos de barrios decoran los centros comunitarios de Buztintxuri, San Jorge, Rochapea y Ermitaga\u00f1a<\/title>\n<meta name=\"robots\" content=\"index, follow, max-snippet:-1, max-image-preview:large, max-video-preview:-1\" \/>\n<link rel=\"canonical\" href=\"https:\/\/www.laguiadepamplona.com\/actualidad\/varios-murales-pintados-a-traves-de-iniciativas-de-personas-y-colectivos-de-barrios-decoran-los-centros-comunitarios-de-buztintxuri-san-jorge-rochapea-y-ermitagana\/\" \/>\n<meta property=\"og:locale\" content=\"es_ES\" \/>\n<meta property=\"og:type\" content=\"article\" \/>\n<meta property=\"og:title\" content=\"Varios murales pintados a trav\u00e9s de iniciativas de personas y colectivos de barrios decoran los centros comunitarios de Buztintxuri, San Jorge, Rochapea y Ermitaga\u00f1a\" \/>\n<meta property=\"og:url\" content=\"https:\/\/www.laguiadepamplona.com\/actualidad\/varios-murales-pintados-a-traves-de-iniciativas-de-personas-y-colectivos-de-barrios-decoran-los-centros-comunitarios-de-buztintxuri-san-jorge-rochapea-y-ermitagana\/\" \/>\n<meta property=\"og:site_name\" content=\"La Gu\u00eda de Pamplona\" \/>\n<meta property=\"article:publisher\" content=\"https:\/\/www.facebook.com\/laguiadepamplonacom-133175176762273\/?ref=hl\" \/>\n<meta property=\"article:published_time\" content=\"2019-05-23T14:01:47+00:00\" \/>\n<meta property=\"og:image\" content=\"https:\/\/www.laguiadepamplona.com\/actualidad\/wp-content\/uploads\/2019\/05\/19.05.23_CCBuztingune.jpg\" \/>\n\t<meta property=\"og:image:width\" content=\"1575\" \/>\n\t<meta property=\"og:image:height\" content=\"1034\" \/>\n\t<meta property=\"og:image:type\" content=\"image\/jpeg\" \/>\n<meta name=\"author\" content=\"La Gu\u00eda de Pamplona\" \/>\n<meta name=\"twitter:card\" content=\"summary_large_image\" \/>\n<meta name=\"twitter:creator\" content=\"@LaGuiadPamplona\" \/>\n<meta name=\"twitter:site\" content=\"@LaGuiadPamplona\" \/>\n<meta name=\"twitter:label1\" content=\"Escrito por\" \/>\n\t<meta name=\"twitter:data1\" content=\"La Gu\u00eda de Pamplona\" \/>\n\t<meta name=\"twitter:label2\" content=\"Tiempo de lectura\" \/>\n\t<meta name=\"twitter:data2\" content=\"4 minutos\" \/>\n<script type=\"application\/ld+json\" class=\"yoast-schema-graph\">{\"@context\":\"https:\\\/\\\/schema.org\",\"@graph\":[{\"@type\":\"Article\",\"@id\":\"https:\\\/\\\/www.laguiadepamplona.com\\\/actualidad\\\/varios-murales-pintados-a-traves-de-iniciativas-de-personas-y-colectivos-de-barrios-decoran-los-centros-comunitarios-de-buztintxuri-san-jorge-rochapea-y-ermitagana\\\/#article\",\"isPartOf\":{\"@id\":\"https:\\\/\\\/www.laguiadepamplona.com\\\/actualidad\\\/varios-murales-pintados-a-traves-de-iniciativas-de-personas-y-colectivos-de-barrios-decoran-los-centros-comunitarios-de-buztintxuri-san-jorge-rochapea-y-ermitagana\\\/\"},\"author\":{\"name\":\"La Gu\u00eda de Pamplona\",\"@id\":\"https:\\\/\\\/www.laguiadepamplona.com\\\/actualidad\\\/#\\\/schema\\\/person\\\/efe887376f0213d4657c93adc50b1fdb\"},\"headline\":\"Varios murales pintados a trav\u00e9s de iniciativas de personas y colectivos de barrios decoran los centros comunitarios de Buztintxuri, San Jorge, Rochapea y Ermitaga\u00f1a\",\"datePublished\":\"2019-05-23T14:01:47+00:00\",\"mainEntityOfPage\":{\"@id\":\"https:\\\/\\\/www.laguiadepamplona.com\\\/actualidad\\\/varios-murales-pintados-a-traves-de-iniciativas-de-personas-y-colectivos-de-barrios-decoran-los-centros-comunitarios-de-buztintxuri-san-jorge-rochapea-y-ermitagana\\\/\"},\"wordCount\":884,\"commentCount\":0,\"publisher\":{\"@id\":\"https:\\\/\\\/www.laguiadepamplona.com\\\/actualidad\\\/#organization\"},\"image\":{\"@id\":\"https:\\\/\\\/www.laguiadepamplona.com\\\/actualidad\\\/varios-murales-pintados-a-traves-de-iniciativas-de-personas-y-colectivos-de-barrios-decoran-los-centros-comunitarios-de-buztintxuri-san-jorge-rochapea-y-ermitagana\\\/#primaryimage\"},\"thumbnailUrl\":\"https:\\\/\\\/www.laguiadepamplona.com\\\/actualidad\\\/wp-content\\\/uploads\\\/2019\\\/05\\\/19.05.23_CCBuztingune.jpg\",\"articleSection\":[\"Ayto Pamplona\"],\"inLanguage\":\"es\",\"potentialAction\":[{\"@type\":\"CommentAction\",\"name\":\"Comment\",\"target\":[\"https:\\\/\\\/www.laguiadepamplona.com\\\/actualidad\\\/varios-murales-pintados-a-traves-de-iniciativas-de-personas-y-colectivos-de-barrios-decoran-los-centros-comunitarios-de-buztintxuri-san-jorge-rochapea-y-ermitagana\\\/#respond\"]}]},{\"@type\":\"WebPage\",\"@id\":\"https:\\\/\\\/www.laguiadepamplona.com\\\/actualidad\\\/varios-murales-pintados-a-traves-de-iniciativas-de-personas-y-colectivos-de-barrios-decoran-los-centros-comunitarios-de-buztintxuri-san-jorge-rochapea-y-ermitagana\\\/\",\"url\":\"https:\\\/\\\/www.laguiadepamplona.com\\\/actualidad\\\/varios-murales-pintados-a-traves-de-iniciativas-de-personas-y-colectivos-de-barrios-decoran-los-centros-comunitarios-de-buztintxuri-san-jorge-rochapea-y-ermitagana\\\/\",\"name\":\"Varios murales pintados a trav\u00e9s de iniciativas de personas y colectivos de barrios decoran los centros comunitarios de Buztintxuri, San Jorge, Rochapea y Ermitaga\u00f1a\",\"isPartOf\":{\"@id\":\"https:\\\/\\\/www.laguiadepamplona.com\\\/actualidad\\\/#website\"},\"primaryImageOfPage\":{\"@id\":\"https:\\\/\\\/www.laguiadepamplona.com\\\/actualidad\\\/varios-murales-pintados-a-traves-de-iniciativas-de-personas-y-colectivos-de-barrios-decoran-los-centros-comunitarios-de-buztintxuri-san-jorge-rochapea-y-ermitagana\\\/#primaryimage\"},\"image\":{\"@id\":\"https:\\\/\\\/www.laguiadepamplona.com\\\/actualidad\\\/varios-murales-pintados-a-traves-de-iniciativas-de-personas-y-colectivos-de-barrios-decoran-los-centros-comunitarios-de-buztintxuri-san-jorge-rochapea-y-ermitagana\\\/#primaryimage\"},\"thumbnailUrl\":\"https:\\\/\\\/www.laguiadepamplona.com\\\/actualidad\\\/wp-content\\\/uploads\\\/2019\\\/05\\\/19.05.23_CCBuztingune.jpg\",\"datePublished\":\"2019-05-23T14:01:47+00:00\",\"breadcrumb\":{\"@id\":\"https:\\\/\\\/www.laguiadepamplona.com\\\/actualidad\\\/varios-murales-pintados-a-traves-de-iniciativas-de-personas-y-colectivos-de-barrios-decoran-los-centros-comunitarios-de-buztintxuri-san-jorge-rochapea-y-ermitagana\\\/#breadcrumb\"},\"inLanguage\":\"es\",\"potentialAction\":[{\"@type\":\"ReadAction\",\"target\":[\"https:\\\/\\\/www.laguiadepamplona.com\\\/actualidad\\\/varios-murales-pintados-a-traves-de-iniciativas-de-personas-y-colectivos-de-barrios-decoran-los-centros-comunitarios-de-buztintxuri-san-jorge-rochapea-y-ermitagana\\\/\"]}]},{\"@type\":\"ImageObject\",\"inLanguage\":\"es\",\"@id\":\"https:\\\/\\\/www.laguiadepamplona.com\\\/actualidad\\\/varios-murales-pintados-a-traves-de-iniciativas-de-personas-y-colectivos-de-barrios-decoran-los-centros-comunitarios-de-buztintxuri-san-jorge-rochapea-y-ermitagana\\\/#primaryimage\",\"url\":\"https:\\\/\\\/www.laguiadepamplona.com\\\/actualidad\\\/wp-content\\\/uploads\\\/2019\\\/05\\\/19.05.23_CCBuztingune.jpg\",\"contentUrl\":\"https:\\\/\\\/www.laguiadepamplona.com\\\/actualidad\\\/wp-content\\\/uploads\\\/2019\\\/05\\\/19.05.23_CCBuztingune.jpg\",\"width\":1575,\"height\":1034},{\"@type\":\"BreadcrumbList\",\"@id\":\"https:\\\/\\\/www.laguiadepamplona.com\\\/actualidad\\\/varios-murales-pintados-a-traves-de-iniciativas-de-personas-y-colectivos-de-barrios-decoran-los-centros-comunitarios-de-buztintxuri-san-jorge-rochapea-y-ermitagana\\\/#breadcrumb\",\"itemListElement\":[{\"@type\":\"ListItem\",\"position\":1,\"name\":\"Portada\",\"item\":\"https:\\\/\\\/www.laguiadepamplona.com\\\/actualidad\\\/\"},{\"@type\":\"ListItem\",\"position\":2,\"name\":\"Varios murales pintados a trav\u00e9s de iniciativas de personas y colectivos de barrios decoran los centros comunitarios de Buztintxuri, San Jorge, Rochapea y Ermitaga\u00f1a\"}]},{\"@type\":\"WebSite\",\"@id\":\"https:\\\/\\\/www.laguiadepamplona.com\\\/actualidad\\\/#website\",\"url\":\"https:\\\/\\\/www.laguiadepamplona.com\\\/actualidad\\\/\",\"name\":\"La gu\u00eda de Pamplona\",\"description\":\"Noticias de Pamplona\",\"publisher\":{\"@id\":\"https:\\\/\\\/www.laguiadepamplona.com\\\/actualidad\\\/#organization\"},\"potentialAction\":[{\"@type\":\"SearchAction\",\"target\":{\"@type\":\"EntryPoint\",\"urlTemplate\":\"https:\\\/\\\/www.laguiadepamplona.com\\\/actualidad\\\/?s={search_term_string}\"},\"query-input\":{\"@type\":\"PropertyValueSpecification\",\"valueRequired\":true,\"valueName\":\"search_term_string\"}}],\"inLanguage\":\"es\"},{\"@type\":\"Organization\",\"@id\":\"https:\\\/\\\/www.laguiadepamplona.com\\\/actualidad\\\/#organization\",\"name\":\"La Gu\u00eda de Pamplona \\\/ Noticias\",\"url\":\"https:\\\/\\\/www.laguiadepamplona.com\\\/actualidad\\\/\",\"logo\":{\"@type\":\"ImageObject\",\"inLanguage\":\"es\",\"@id\":\"https:\\\/\\\/www.laguiadepamplona.com\\\/actualidad\\\/#\\\/schema\\\/logo\\\/image\\\/\",\"url\":\"https:\\\/\\\/www.laguiadepamplona.com\\\/actualidad\\\/wp-content\\\/uploads\\\/2018\\\/11\\\/logo-laguiadepamplona18-web1.png\",\"contentUrl\":\"https:\\\/\\\/www.laguiadepamplona.com\\\/actualidad\\\/wp-content\\\/uploads\\\/2018\\\/11\\\/logo-laguiadepamplona18-web1.png\",\"width\":600,\"height\":196,\"caption\":\"La Gu\u00eda de Pamplona \\\/ Noticias\"},\"image\":{\"@id\":\"https:\\\/\\\/www.laguiadepamplona.com\\\/actualidad\\\/#\\\/schema\\\/logo\\\/image\\\/\"},\"sameAs\":[\"https:\\\/\\\/www.facebook.com\\\/laguiadepamplonacom-133175176762273\\\/?ref=hl\",\"https:\\\/\\\/x.com\\\/LaGuiadPamplona\",\"https:\\\/\\\/www.instagram.com\\\/la_guia_de_pamplona\\\/\",\"https:\\\/\\\/www.youtube.com\\\/user\\\/laguiadepamplona\"]},{\"@type\":\"Person\",\"@id\":\"https:\\\/\\\/www.laguiadepamplona.com\\\/actualidad\\\/#\\\/schema\\\/person\\\/efe887376f0213d4657c93adc50b1fdb\",\"name\":\"La Gu\u00eda de Pamplona\",\"image\":{\"@type\":\"ImageObject\",\"inLanguage\":\"es\",\"@id\":\"https:\\\/\\\/secure.gravatar.com\\\/avatar\\\/b6992f131dc8d30ab0dff15446e9d346d9dbd95992de0fef795073f5ea83a81c?s=96&d=mm&r=g\",\"url\":\"https:\\\/\\\/secure.gravatar.com\\\/avatar\\\/b6992f131dc8d30ab0dff15446e9d346d9dbd95992de0fef795073f5ea83a81c?s=96&d=mm&r=g\",\"contentUrl\":\"https:\\\/\\\/secure.gravatar.com\\\/avatar\\\/b6992f131dc8d30ab0dff15446e9d346d9dbd95992de0fef795073f5ea83a81c?s=96&d=mm&r=g\",\"caption\":\"La Gu\u00eda de Pamplona\"}}]}<\/script>\n<!-- \/ Yoast SEO plugin. -->","yoast_head_json":{"title":"Varios murales pintados a trav\u00e9s de iniciativas de personas y colectivos de barrios decoran los centros comunitarios de Buztintxuri, San Jorge, Rochapea y Ermitaga\u00f1a","robots":{"index":"index","follow":"follow","max-snippet":"max-snippet:-1","max-image-preview":"max-image-preview:large","max-video-preview":"max-video-preview:-1"},"canonical":"https:\/\/www.laguiadepamplona.com\/actualidad\/varios-murales-pintados-a-traves-de-iniciativas-de-personas-y-colectivos-de-barrios-decoran-los-centros-comunitarios-de-buztintxuri-san-jorge-rochapea-y-ermitagana\/","og_locale":"es_ES","og_type":"article","og_title":"Varios murales pintados a trav\u00e9s de iniciativas de personas y colectivos de barrios decoran los centros comunitarios de Buztintxuri, San Jorge, Rochapea y Ermitaga\u00f1a","og_url":"https:\/\/www.laguiadepamplona.com\/actualidad\/varios-murales-pintados-a-traves-de-iniciativas-de-personas-y-colectivos-de-barrios-decoran-los-centros-comunitarios-de-buztintxuri-san-jorge-rochapea-y-ermitagana\/","og_site_name":"La Gu\u00eda de Pamplona","article_publisher":"https:\/\/www.facebook.com\/laguiadepamplonacom-133175176762273\/?ref=hl","article_published_time":"2019-05-23T14:01:47+00:00","og_image":[{"width":1575,"height":1034,"url":"https:\/\/www.laguiadepamplona.com\/actualidad\/wp-content\/uploads\/2019\/05\/19.05.23_CCBuztingune.jpg","type":"image\/jpeg"}],"author":"La Gu\u00eda de Pamplona","twitter_card":"summary_large_image","twitter_creator":"@LaGuiadPamplona","twitter_site":"@LaGuiadPamplona","twitter_misc":{"Escrito por":"La Gu\u00eda de Pamplona","Tiempo de lectura":"4 minutos"},"schema":{"@context":"https:\/\/schema.org","@graph":[{"@type":"Article","@id":"https:\/\/www.laguiadepamplona.com\/actualidad\/varios-murales-pintados-a-traves-de-iniciativas-de-personas-y-colectivos-de-barrios-decoran-los-centros-comunitarios-de-buztintxuri-san-jorge-rochapea-y-ermitagana\/#article","isPartOf":{"@id":"https:\/\/www.laguiadepamplona.com\/actualidad\/varios-murales-pintados-a-traves-de-iniciativas-de-personas-y-colectivos-de-barrios-decoran-los-centros-comunitarios-de-buztintxuri-san-jorge-rochapea-y-ermitagana\/"},"author":{"name":"La Gu\u00eda de Pamplona","@id":"https:\/\/www.laguiadepamplona.com\/actualidad\/#\/schema\/person\/efe887376f0213d4657c93adc50b1fdb"},"headline":"Varios murales pintados a trav\u00e9s de iniciativas de personas y colectivos de barrios decoran los centros comunitarios de Buztintxuri, San Jorge, Rochapea y Ermitaga\u00f1a","datePublished":"2019-05-23T14:01:47+00:00","mainEntityOfPage":{"@id":"https:\/\/www.laguiadepamplona.com\/actualidad\/varios-murales-pintados-a-traves-de-iniciativas-de-personas-y-colectivos-de-barrios-decoran-los-centros-comunitarios-de-buztintxuri-san-jorge-rochapea-y-ermitagana\/"},"wordCount":884,"commentCount":0,"publisher":{"@id":"https:\/\/www.laguiadepamplona.com\/actualidad\/#organization"},"image":{"@id":"https:\/\/www.laguiadepamplona.com\/actualidad\/varios-murales-pintados-a-traves-de-iniciativas-de-personas-y-colectivos-de-barrios-decoran-los-centros-comunitarios-de-buztintxuri-san-jorge-rochapea-y-ermitagana\/#primaryimage"},"thumbnailUrl":"https:\/\/www.laguiadepamplona.com\/actualidad\/wp-content\/uploads\/2019\/05\/19.05.23_CCBuztingune.jpg","articleSection":["Ayto Pamplona"],"inLanguage":"es","potentialAction":[{"@type":"CommentAction","name":"Comment","target":["https:\/\/www.laguiadepamplona.com\/actualidad\/varios-murales-pintados-a-traves-de-iniciativas-de-personas-y-colectivos-de-barrios-decoran-los-centros-comunitarios-de-buztintxuri-san-jorge-rochapea-y-ermitagana\/#respond"]}]},{"@type":"WebPage","@id":"https:\/\/www.laguiadepamplona.com\/actualidad\/varios-murales-pintados-a-traves-de-iniciativas-de-personas-y-colectivos-de-barrios-decoran-los-centros-comunitarios-de-buztintxuri-san-jorge-rochapea-y-ermitagana\/","url":"https:\/\/www.laguiadepamplona.com\/actualidad\/varios-murales-pintados-a-traves-de-iniciativas-de-personas-y-colectivos-de-barrios-decoran-los-centros-comunitarios-de-buztintxuri-san-jorge-rochapea-y-ermitagana\/","name":"Varios murales pintados a trav\u00e9s de iniciativas de personas y colectivos de barrios decoran los centros comunitarios de Buztintxuri, San Jorge, Rochapea y Ermitaga\u00f1a","isPartOf":{"@id":"https:\/\/www.laguiadepamplona.com\/actualidad\/#website"},"primaryImageOfPage":{"@id":"https:\/\/www.laguiadepamplona.com\/actualidad\/varios-murales-pintados-a-traves-de-iniciativas-de-personas-y-colectivos-de-barrios-decoran-los-centros-comunitarios-de-buztintxuri-san-jorge-rochapea-y-ermitagana\/#primaryimage"},"image":{"@id":"https:\/\/www.laguiadepamplona.com\/actualidad\/varios-murales-pintados-a-traves-de-iniciativas-de-personas-y-colectivos-de-barrios-decoran-los-centros-comunitarios-de-buztintxuri-san-jorge-rochapea-y-ermitagana\/#primaryimage"},"thumbnailUrl":"https:\/\/www.laguiadepamplona.com\/actualidad\/wp-content\/uploads\/2019\/05\/19.05.23_CCBuztingune.jpg","datePublished":"2019-05-23T14:01:47+00:00","breadcrumb":{"@id":"https:\/\/www.laguiadepamplona.com\/actualidad\/varios-murales-pintados-a-traves-de-iniciativas-de-personas-y-colectivos-de-barrios-decoran-los-centros-comunitarios-de-buztintxuri-san-jorge-rochapea-y-ermitagana\/#breadcrumb"},"inLanguage":"es","potentialAction":[{"@type":"ReadAction","target":["https:\/\/www.laguiadepamplona.com\/actualidad\/varios-murales-pintados-a-traves-de-iniciativas-de-personas-y-colectivos-de-barrios-decoran-los-centros-comunitarios-de-buztintxuri-san-jorge-rochapea-y-ermitagana\/"]}]},{"@type":"ImageObject","inLanguage":"es","@id":"https:\/\/www.laguiadepamplona.com\/actualidad\/varios-murales-pintados-a-traves-de-iniciativas-de-personas-y-colectivos-de-barrios-decoran-los-centros-comunitarios-de-buztintxuri-san-jorge-rochapea-y-ermitagana\/#primaryimage","url":"https:\/\/www.laguiadepamplona.com\/actualidad\/wp-content\/uploads\/2019\/05\/19.05.23_CCBuztingune.jpg","contentUrl":"https:\/\/www.laguiadepamplona.com\/actualidad\/wp-content\/uploads\/2019\/05\/19.05.23_CCBuztingune.jpg","width":1575,"height":1034},{"@type":"BreadcrumbList","@id":"https:\/\/www.laguiadepamplona.com\/actualidad\/varios-murales-pintados-a-traves-de-iniciativas-de-personas-y-colectivos-de-barrios-decoran-los-centros-comunitarios-de-buztintxuri-san-jorge-rochapea-y-ermitagana\/#breadcrumb","itemListElement":[{"@type":"ListItem","position":1,"name":"Portada","item":"https:\/\/www.laguiadepamplona.com\/actualidad\/"},{"@type":"ListItem","position":2,"name":"Varios murales pintados a trav\u00e9s de iniciativas de personas y colectivos de barrios decoran los centros comunitarios de Buztintxuri, San Jorge, Rochapea y Ermitaga\u00f1a"}]},{"@type":"WebSite","@id":"https:\/\/www.laguiadepamplona.com\/actualidad\/#website","url":"https:\/\/www.laguiadepamplona.com\/actualidad\/","name":"La gu\u00eda de Pamplona","description":"Noticias de Pamplona","publisher":{"@id":"https:\/\/www.laguiadepamplona.com\/actualidad\/#organization"},"potentialAction":[{"@type":"SearchAction","target":{"@type":"EntryPoint","urlTemplate":"https:\/\/www.laguiadepamplona.com\/actualidad\/?s={search_term_string}"},"query-input":{"@type":"PropertyValueSpecification","valueRequired":true,"valueName":"search_term_string"}}],"inLanguage":"es"},{"@type":"Organization","@id":"https:\/\/www.laguiadepamplona.com\/actualidad\/#organization","name":"La Gu\u00eda de Pamplona \/ Noticias","url":"https:\/\/www.laguiadepamplona.com\/actualidad\/","logo":{"@type":"ImageObject","inLanguage":"es","@id":"https:\/\/www.laguiadepamplona.com\/actualidad\/#\/schema\/logo\/image\/","url":"https:\/\/www.laguiadepamplona.com\/actualidad\/wp-content\/uploads\/2018\/11\/logo-laguiadepamplona18-web1.png","contentUrl":"https:\/\/www.laguiadepamplona.com\/actualidad\/wp-content\/uploads\/2018\/11\/logo-laguiadepamplona18-web1.png","width":600,"height":196,"caption":"La Gu\u00eda de Pamplona \/ Noticias"},"image":{"@id":"https:\/\/www.laguiadepamplona.com\/actualidad\/#\/schema\/logo\/image\/"},"sameAs":["https:\/\/www.facebook.com\/laguiadepamplonacom-133175176762273\/?ref=hl","https:\/\/x.com\/LaGuiadPamplona","https:\/\/www.instagram.com\/la_guia_de_pamplona\/","https:\/\/www.youtube.com\/user\/laguiadepamplona"]},{"@type":"Person","@id":"https:\/\/www.laguiadepamplona.com\/actualidad\/#\/schema\/person\/efe887376f0213d4657c93adc50b1fdb","name":"La Gu\u00eda de Pamplona","image":{"@type":"ImageObject","inLanguage":"es","@id":"https:\/\/secure.gravatar.com\/avatar\/b6992f131dc8d30ab0dff15446e9d346d9dbd95992de0fef795073f5ea83a81c?s=96&d=mm&r=g","url":"https:\/\/secure.gravatar.com\/avatar\/b6992f131dc8d30ab0dff15446e9d346d9dbd95992de0fef795073f5ea83a81c?s=96&d=mm&r=g","contentUrl":"https:\/\/secure.gravatar.com\/avatar\/b6992f131dc8d30ab0dff15446e9d346d9dbd95992de0fef795073f5ea83a81c?s=96&d=mm&r=g","caption":"La Gu\u00eda de Pamplona"}}]}},"post_mailing_queue_ids":[],"_links":{"self":[{"href":"https:\/\/www.laguiadepamplona.com\/actualidad\/wp-json\/wp\/v2\/posts\/22341","targetHints":{"allow":["GET"]}}],"collection":[{"href":"https:\/\/www.laguiadepamplona.com\/actualidad\/wp-json\/wp\/v2\/posts"}],"about":[{"href":"https:\/\/www.laguiadepamplona.com\/actualidad\/wp-json\/wp\/v2\/types\/post"}],"author":[{"embeddable":true,"href":"https:\/\/www.laguiadepamplona.com\/actualidad\/wp-json\/wp\/v2\/users\/1"}],"replies":[{"embeddable":true,"href":"https:\/\/www.laguiadepamplona.com\/actualidad\/wp-json\/wp\/v2\/comments?post=22341"}],"version-history":[{"count":0,"href":"https:\/\/www.laguiadepamplona.com\/actualidad\/wp-json\/wp\/v2\/posts\/22341\/revisions"}],"wp:featuredmedia":[{"embeddable":true,"href":"https:\/\/www.laguiadepamplona.com\/actualidad\/wp-json\/wp\/v2\/media\/22343"}],"wp:attachment":[{"href":"https:\/\/www.laguiadepamplona.com\/actualidad\/wp-json\/wp\/v2\/media?parent=22341"}],"wp:term":[{"taxonomy":"category","embeddable":true,"href":"https:\/\/www.laguiadepamplona.com\/actualidad\/wp-json\/wp\/v2\/categories?post=22341"},{"taxonomy":"post_tag","embeddable":true,"href":"https:\/\/www.laguiadepamplona.com\/actualidad\/wp-json\/wp\/v2\/tags?post=22341"}],"curies":[{"name":"wp","href":"https:\/\/api.w.org\/{rel}","templated":true}]}}