{"id":22337,"date":"2019-05-22T15:02:00","date_gmt":"2019-05-22T13:02:00","guid":{"rendered":"https:\/\/www.laguiadepamplona.es\/actualidad\/?p=22337"},"modified":"2019-05-22T15:02:00","modified_gmt":"2019-05-22T13:02:00","slug":"la-pamplonesa-y-luis-sabalza-presidente-de-osasuna-candidaturas-para-el-lanzamiento-del-chupinazo-2019-con-el-aval-de-cinco-asociaciones-de-la-mesa-de-los-sanfermines","status":"publish","type":"post","link":"https:\/\/www.laguiadepamplona.com\/actualidad\/la-pamplonesa-y-luis-sabalza-presidente-de-osasuna-candidaturas-para-el-lanzamiento-del-chupinazo-2019-con-el-aval-de-cinco-asociaciones-de-la-mesa-de-los-sanfermines\/","title":{"rendered":"La Pamplonesa y Luis Sabalza, presidente de Osasuna, candidaturas para el lanzamiento del Chupinazo 2019 con el aval de cinco asociaciones de la Mesa de los Sanfermines"},"content":{"rendered":"<p><!--more--><\/p>\n<h3>La votaci\u00f3n, en los Civivox, en www.pamplona.es o en el 010, ser\u00e1 del 28 de mayo al 10 de junio para personas empadronadas mayores de 16 a\u00f1os<\/h3>\n<p>La Banda de M\u00fasica la Pamplonesa y Luis Sabalza, presidente de Osasuna, son las dos opciones que las organizaciones de la Mesa de los Sanfermines han presentado al Ayuntamiento de Pamplona como candidaturas para lanzar el Chupinazo de las Fiestas de San Ferm\u00edn 2019. Cinco han sido las entidades proponentes: la Banda de Gaiteros del Ayuntamiento de Pamplona, la Federaci\u00f3n de Pe\u00f1as de Pamplona, la Asociaci\u00f3n de vecinos del Ensanche y la Fundaci\u00f3n Teatro Gayarre, han avalado la candidatura de La Pamplonesa, mientras la candidatura de Luis Sabalza ha sido presentada por la Asociaci\u00f3n de Corredores del Encierro.<\/p>\n<p>Ambas candidaturas cumplen los requisitos exigidos en la convocatoria por lo que pasar\u00e1n a votaci\u00f3n popular. La consulta comenzar\u00e1 el pr\u00f3ximo martes 28 de mayo y se extender\u00e1 hasta el 9 de junio en la red Civivox (voto presencial) y hasta el 10 de junio v\u00eda electr\u00f3nica o telef\u00f3nica, y en ella podr\u00e1n participar todas las personas mayores de 16 a\u00f1os empadronadas en Pamplona. La ciudadan\u00eda podr\u00e1 votar por v\u00eda presencial, a trav\u00e9s de urnas habilitadas en los Civivox; por tel\u00e9fono a trav\u00e9s del 010; o en la p\u00e1gina web del Ayuntamiento <a href=\"http:\/\/www.pamplona.es\">www.pamplona.es<\/a>. Est\u00e1 previsto que el 11 de junio el Consistorio haga p\u00fablico el resultado.<\/p>\n<p>As\u00ed, la semana que viene comenzar\u00e1 de nuevo el proceso participativo que se sigue en el Ayuntamiento de Pamplona desde 2016 y que ha llevado al lanzamiento del cohete inaugural a El Tuli, la DYA y Motxila 21 sucesivamente. La decisi\u00f3n de establecer por votaci\u00f3n p\u00fablica esta distinci\u00f3n de la ciudad es un sistema que se ha implantado en la presente legislatura por expresa delegaci\u00f3n de Alcald\u00eda, el \u00f3rgano competente para efectuar esa designaci\u00f3n.<\/p>\n<p><strong>100 a\u00f1os como Banda sonora de la ciudad<\/strong><\/p>\n<p>Las cuatro entidades que han coincidido en la propuesta en favor de la Banda de M\u00fasica la Pamplonesa han resaltado que esta agrupaci\u00f3n instrumental cumple este a\u00f1o un siglo poniendo m\u00fasica a la ciudad y, m\u00e1s espec\u00edficamente, m\u00fasica sanferminera. Y es que, adem\u00e1s de su papel en los actos festivos y protocolarios durante las fiestas, son deudores de la banda \u201clos himnos de muchas pe\u00f1as y otras partituras sanfermineras que nacieron de la mano del Maestro Turrillas y D. Silvanio Cervantes\u201d.<\/p>\n<p>Destacan, adem\u00e1s, entre los m\u00e9ritos de la candidatura, que la banda trabaja durante todo el a\u00f1o en la difusi\u00f3n de la m\u00fasica popular y sinf\u00f3nica desde los escenarios del Teatro Gayarre y mediante sus programas de formaci\u00f3n para j\u00f3venes int\u00e9rpretes (\u2018La Pamplonesa en el aula\u2019). En varios de las relaciones de m\u00e9ritos se recalca tambi\u00e9n la dimensi\u00f3n social de su tarea musical a trav\u00e9s de colaboraciones con diversas entidades, ya sea en conciertos, ya en apoyo a las campa\u00f1as que estas realizan.<\/p>\n<p>En resumen, el conjunto de las cuatro propuestas de esta \u00fanica candidatura recalca su continua presencia en la vida p\u00fablica, el aprecio que la ciudad demuestra a esta entidad cuya calidad t\u00e9cnica se destaca y la oportunidad de la ciudadan\u00eda de devolverle, mediante esta distinci\u00f3n, parte de lo aportado por sus m\u00fasicos a Pamplona en estos 100 a\u00f1os.<\/p>\n<p><strong>Sabalza: la buena gesti\u00f3n de una crisis<\/strong><\/p>\n<p>Los corredores del encierro han dirigido su mirada hacia la figura de Luis Sabalza Iriarte, presidente del Club Atl\u00e9tico Osasuna desde 2014. A lo largo de la descripci\u00f3n de los m\u00e9ritos personales de Sabalza el escrito pasa revista a su acceso a la direcci\u00f3n del club en un momento de mala situaci\u00f3n econ\u00f3mica en la que incluso el estadio del Sadar y los terrenos de Tajonar hab\u00edan pasado a ser propiedad del Gobierno de Navarra. Tras sus seis a\u00f1os de gesti\u00f3n de Osasuna, explica la documentaci\u00f3n aportada, hoy es \u201cpresidente de una entidad de m\u00e1s de 60 millones de euros y est\u00e1 al d\u00eda en todos los pagos\u201d, saneando el club econ\u00f3micamente en este periodo, a la espera de la remodelaci\u00f3n del estadio.<\/p>\n<p>Tambi\u00e9n atribuyen a Sabalza haber permitido con su denuncia ante el juzgado contra los antiguos directivos y presidentes que se articulara el llamado \u201cCaso Osasuna\u201d, un proceso que todav\u00eda se encuentra pendiente de resoluci\u00f3n en tribunales. Finalmente, recalcan los proponentes, durante su gesti\u00f3n se ha apoyado la inclusi\u00f3n, tanto de las mujeres en el deporte, como de las personas con discapacidad (Liga Genuine) y se han obtenido logros deportivos como que el equipo femenino haya ascendido a Primera B y el ascenso del equipo masculino a la Primera Divisi\u00f3n de F\u00fatbol.<\/p>\n","protected":false},"excerpt":{"rendered":"","protected":false},"author":1,"featured_media":17989,"comment_status":"open","ping_status":"closed","sticky":false,"template":"","format":"standard","meta":{"footnotes":""},"categories":[2],"tags":[],"class_list":["post-22337","post","type-post","status-publish","format-standard","has-post-thumbnail","hentry","category-ayuntamiento-pamplona"],"yoast_head":"<!-- This site is optimized with the Yoast SEO plugin v27.3 - https:\/\/yoast.com\/product\/yoast-seo-wordpress\/ -->\n<title>La Pamplonesa y Luis Sabalza, presidente de Osasuna, candidaturas para el lanzamiento del Chupinazo 2019 con el aval de cinco asociaciones de la Mesa de los Sanfermines<\/title>\n<meta name=\"robots\" content=\"index, follow, max-snippet:-1, max-image-preview:large, max-video-preview:-1\" \/>\n<link rel=\"canonical\" href=\"https:\/\/www.laguiadepamplona.com\/actualidad\/la-pamplonesa-y-luis-sabalza-presidente-de-osasuna-candidaturas-para-el-lanzamiento-del-chupinazo-2019-con-el-aval-de-cinco-asociaciones-de-la-mesa-de-los-sanfermines\/\" \/>\n<meta property=\"og:locale\" content=\"es_ES\" \/>\n<meta property=\"og:type\" content=\"article\" \/>\n<meta property=\"og:title\" content=\"La Pamplonesa y Luis Sabalza, presidente de Osasuna, candidaturas para el lanzamiento del Chupinazo 2019 con el aval de cinco asociaciones de la Mesa de los Sanfermines\" \/>\n<meta property=\"og:url\" content=\"https:\/\/www.laguiadepamplona.com\/actualidad\/la-pamplonesa-y-luis-sabalza-presidente-de-osasuna-candidaturas-para-el-lanzamiento-del-chupinazo-2019-con-el-aval-de-cinco-asociaciones-de-la-mesa-de-los-sanfermines\/\" \/>\n<meta property=\"og:site_name\" content=\"La Gu\u00eda de Pamplona\" \/>\n<meta property=\"article:publisher\" content=\"https:\/\/www.facebook.com\/laguiadepamplonacom-133175176762273\/?ref=hl\" \/>\n<meta property=\"article:published_time\" content=\"2019-05-22T13:02:00+00:00\" \/>\n<meta property=\"og:image\" content=\"https:\/\/www.laguiadepamplona.com\/actualidad\/wp-content\/uploads\/2018\/06\/18.06.22_lanzamiento_chupinazo_motxila_21_1.jpg\" \/>\n\t<meta property=\"og:image:width\" content=\"1000\" \/>\n\t<meta property=\"og:image:height\" content=\"667\" \/>\n\t<meta property=\"og:image:type\" content=\"image\/jpeg\" \/>\n<meta name=\"author\" content=\"La Gu\u00eda de Pamplona\" \/>\n<meta name=\"twitter:card\" content=\"summary_large_image\" \/>\n<meta name=\"twitter:creator\" content=\"@LaGuiadPamplona\" \/>\n<meta name=\"twitter:site\" content=\"@LaGuiadPamplona\" \/>\n<meta name=\"twitter:label1\" content=\"Escrito por\" \/>\n\t<meta name=\"twitter:data1\" content=\"La Gu\u00eda de Pamplona\" \/>\n\t<meta name=\"twitter:label2\" content=\"Tiempo de lectura\" \/>\n\t<meta name=\"twitter:data2\" content=\"4 minutos\" \/>\n<script type=\"application\/ld+json\" class=\"yoast-schema-graph\">{\"@context\":\"https:\\\/\\\/schema.org\",\"@graph\":[{\"@type\":\"Article\",\"@id\":\"https:\\\/\\\/www.laguiadepamplona.com\\\/actualidad\\\/la-pamplonesa-y-luis-sabalza-presidente-de-osasuna-candidaturas-para-el-lanzamiento-del-chupinazo-2019-con-el-aval-de-cinco-asociaciones-de-la-mesa-de-los-sanfermines\\\/#article\",\"isPartOf\":{\"@id\":\"https:\\\/\\\/www.laguiadepamplona.com\\\/actualidad\\\/la-pamplonesa-y-luis-sabalza-presidente-de-osasuna-candidaturas-para-el-lanzamiento-del-chupinazo-2019-con-el-aval-de-cinco-asociaciones-de-la-mesa-de-los-sanfermines\\\/\"},\"author\":{\"name\":\"La Gu\u00eda de Pamplona\",\"@id\":\"https:\\\/\\\/www.laguiadepamplona.com\\\/actualidad\\\/#\\\/schema\\\/person\\\/efe887376f0213d4657c93adc50b1fdb\"},\"headline\":\"La Pamplonesa y Luis Sabalza, presidente de Osasuna, candidaturas para el lanzamiento del Chupinazo 2019 con el aval de cinco asociaciones de la Mesa de los Sanfermines\",\"datePublished\":\"2019-05-22T13:02:00+00:00\",\"mainEntityOfPage\":{\"@id\":\"https:\\\/\\\/www.laguiadepamplona.com\\\/actualidad\\\/la-pamplonesa-y-luis-sabalza-presidente-de-osasuna-candidaturas-para-el-lanzamiento-del-chupinazo-2019-con-el-aval-de-cinco-asociaciones-de-la-mesa-de-los-sanfermines\\\/\"},\"wordCount\":851,\"commentCount\":0,\"publisher\":{\"@id\":\"https:\\\/\\\/www.laguiadepamplona.com\\\/actualidad\\\/#organization\"},\"image\":{\"@id\":\"https:\\\/\\\/www.laguiadepamplona.com\\\/actualidad\\\/la-pamplonesa-y-luis-sabalza-presidente-de-osasuna-candidaturas-para-el-lanzamiento-del-chupinazo-2019-con-el-aval-de-cinco-asociaciones-de-la-mesa-de-los-sanfermines\\\/#primaryimage\"},\"thumbnailUrl\":\"https:\\\/\\\/www.laguiadepamplona.com\\\/actualidad\\\/wp-content\\\/uploads\\\/2018\\\/06\\\/18.06.22_lanzamiento_chupinazo_motxila_21_1.jpg\",\"articleSection\":[\"Ayto Pamplona\"],\"inLanguage\":\"es\",\"potentialAction\":[{\"@type\":\"CommentAction\",\"name\":\"Comment\",\"target\":[\"https:\\\/\\\/www.laguiadepamplona.com\\\/actualidad\\\/la-pamplonesa-y-luis-sabalza-presidente-de-osasuna-candidaturas-para-el-lanzamiento-del-chupinazo-2019-con-el-aval-de-cinco-asociaciones-de-la-mesa-de-los-sanfermines\\\/#respond\"]}]},{\"@type\":\"WebPage\",\"@id\":\"https:\\\/\\\/www.laguiadepamplona.com\\\/actualidad\\\/la-pamplonesa-y-luis-sabalza-presidente-de-osasuna-candidaturas-para-el-lanzamiento-del-chupinazo-2019-con-el-aval-de-cinco-asociaciones-de-la-mesa-de-los-sanfermines\\\/\",\"url\":\"https:\\\/\\\/www.laguiadepamplona.com\\\/actualidad\\\/la-pamplonesa-y-luis-sabalza-presidente-de-osasuna-candidaturas-para-el-lanzamiento-del-chupinazo-2019-con-el-aval-de-cinco-asociaciones-de-la-mesa-de-los-sanfermines\\\/\",\"name\":\"La Pamplonesa y Luis Sabalza, presidente de Osasuna, candidaturas para el lanzamiento del Chupinazo 2019 con el aval de cinco asociaciones de la Mesa de los Sanfermines\",\"isPartOf\":{\"@id\":\"https:\\\/\\\/www.laguiadepamplona.com\\\/actualidad\\\/#website\"},\"primaryImageOfPage\":{\"@id\":\"https:\\\/\\\/www.laguiadepamplona.com\\\/actualidad\\\/la-pamplonesa-y-luis-sabalza-presidente-de-osasuna-candidaturas-para-el-lanzamiento-del-chupinazo-2019-con-el-aval-de-cinco-asociaciones-de-la-mesa-de-los-sanfermines\\\/#primaryimage\"},\"image\":{\"@id\":\"https:\\\/\\\/www.laguiadepamplona.com\\\/actualidad\\\/la-pamplonesa-y-luis-sabalza-presidente-de-osasuna-candidaturas-para-el-lanzamiento-del-chupinazo-2019-con-el-aval-de-cinco-asociaciones-de-la-mesa-de-los-sanfermines\\\/#primaryimage\"},\"thumbnailUrl\":\"https:\\\/\\\/www.laguiadepamplona.com\\\/actualidad\\\/wp-content\\\/uploads\\\/2018\\\/06\\\/18.06.22_lanzamiento_chupinazo_motxila_21_1.jpg\",\"datePublished\":\"2019-05-22T13:02:00+00:00\",\"breadcrumb\":{\"@id\":\"https:\\\/\\\/www.laguiadepamplona.com\\\/actualidad\\\/la-pamplonesa-y-luis-sabalza-presidente-de-osasuna-candidaturas-para-el-lanzamiento-del-chupinazo-2019-con-el-aval-de-cinco-asociaciones-de-la-mesa-de-los-sanfermines\\\/#breadcrumb\"},\"inLanguage\":\"es\",\"potentialAction\":[{\"@type\":\"ReadAction\",\"target\":[\"https:\\\/\\\/www.laguiadepamplona.com\\\/actualidad\\\/la-pamplonesa-y-luis-sabalza-presidente-de-osasuna-candidaturas-para-el-lanzamiento-del-chupinazo-2019-con-el-aval-de-cinco-asociaciones-de-la-mesa-de-los-sanfermines\\\/\"]}]},{\"@type\":\"ImageObject\",\"inLanguage\":\"es\",\"@id\":\"https:\\\/\\\/www.laguiadepamplona.com\\\/actualidad\\\/la-pamplonesa-y-luis-sabalza-presidente-de-osasuna-candidaturas-para-el-lanzamiento-del-chupinazo-2019-con-el-aval-de-cinco-asociaciones-de-la-mesa-de-los-sanfermines\\\/#primaryimage\",\"url\":\"https:\\\/\\\/www.laguiadepamplona.com\\\/actualidad\\\/wp-content\\\/uploads\\\/2018\\\/06\\\/18.06.22_lanzamiento_chupinazo_motxila_21_1.jpg\",\"contentUrl\":\"https:\\\/\\\/www.laguiadepamplona.com\\\/actualidad\\\/wp-content\\\/uploads\\\/2018\\\/06\\\/18.06.22_lanzamiento_chupinazo_motxila_21_1.jpg\",\"width\":1000,\"height\":667},{\"@type\":\"BreadcrumbList\",\"@id\":\"https:\\\/\\\/www.laguiadepamplona.com\\\/actualidad\\\/la-pamplonesa-y-luis-sabalza-presidente-de-osasuna-candidaturas-para-el-lanzamiento-del-chupinazo-2019-con-el-aval-de-cinco-asociaciones-de-la-mesa-de-los-sanfermines\\\/#breadcrumb\",\"itemListElement\":[{\"@type\":\"ListItem\",\"position\":1,\"name\":\"Portada\",\"item\":\"https:\\\/\\\/www.laguiadepamplona.com\\\/actualidad\\\/\"},{\"@type\":\"ListItem\",\"position\":2,\"name\":\"La Pamplonesa y Luis Sabalza, presidente de Osasuna, candidaturas para el lanzamiento del Chupinazo 2019 con el aval de cinco asociaciones de la Mesa de los Sanfermines\"}]},{\"@type\":\"WebSite\",\"@id\":\"https:\\\/\\\/www.laguiadepamplona.com\\\/actualidad\\\/#website\",\"url\":\"https:\\\/\\\/www.laguiadepamplona.com\\\/actualidad\\\/\",\"name\":\"La gu\u00eda de Pamplona\",\"description\":\"Noticias de Pamplona\",\"publisher\":{\"@id\":\"https:\\\/\\\/www.laguiadepamplona.com\\\/actualidad\\\/#organization\"},\"potentialAction\":[{\"@type\":\"SearchAction\",\"target\":{\"@type\":\"EntryPoint\",\"urlTemplate\":\"https:\\\/\\\/www.laguiadepamplona.com\\\/actualidad\\\/?s={search_term_string}\"},\"query-input\":{\"@type\":\"PropertyValueSpecification\",\"valueRequired\":true,\"valueName\":\"search_term_string\"}}],\"inLanguage\":\"es\"},{\"@type\":\"Organization\",\"@id\":\"https:\\\/\\\/www.laguiadepamplona.com\\\/actualidad\\\/#organization\",\"name\":\"La Gu\u00eda de Pamplona \\\/ Noticias\",\"url\":\"https:\\\/\\\/www.laguiadepamplona.com\\\/actualidad\\\/\",\"logo\":{\"@type\":\"ImageObject\",\"inLanguage\":\"es\",\"@id\":\"https:\\\/\\\/www.laguiadepamplona.com\\\/actualidad\\\/#\\\/schema\\\/logo\\\/image\\\/\",\"url\":\"https:\\\/\\\/www.laguiadepamplona.com\\\/actualidad\\\/wp-content\\\/uploads\\\/2018\\\/11\\\/logo-laguiadepamplona18-web1.png\",\"contentUrl\":\"https:\\\/\\\/www.laguiadepamplona.com\\\/actualidad\\\/wp-content\\\/uploads\\\/2018\\\/11\\\/logo-laguiadepamplona18-web1.png\",\"width\":600,\"height\":196,\"caption\":\"La Gu\u00eda de Pamplona \\\/ Noticias\"},\"image\":{\"@id\":\"https:\\\/\\\/www.laguiadepamplona.com\\\/actualidad\\\/#\\\/schema\\\/logo\\\/image\\\/\"},\"sameAs\":[\"https:\\\/\\\/www.facebook.com\\\/laguiadepamplonacom-133175176762273\\\/?ref=hl\",\"https:\\\/\\\/x.com\\\/LaGuiadPamplona\",\"https:\\\/\\\/www.instagram.com\\\/la_guia_de_pamplona\\\/\",\"https:\\\/\\\/www.youtube.com\\\/user\\\/laguiadepamplona\"]},{\"@type\":\"Person\",\"@id\":\"https:\\\/\\\/www.laguiadepamplona.com\\\/actualidad\\\/#\\\/schema\\\/person\\\/efe887376f0213d4657c93adc50b1fdb\",\"name\":\"La Gu\u00eda de Pamplona\",\"image\":{\"@type\":\"ImageObject\",\"inLanguage\":\"es\",\"@id\":\"https:\\\/\\\/secure.gravatar.com\\\/avatar\\\/b6992f131dc8d30ab0dff15446e9d346d9dbd95992de0fef795073f5ea83a81c?s=96&d=mm&r=g\",\"url\":\"https:\\\/\\\/secure.gravatar.com\\\/avatar\\\/b6992f131dc8d30ab0dff15446e9d346d9dbd95992de0fef795073f5ea83a81c?s=96&d=mm&r=g\",\"contentUrl\":\"https:\\\/\\\/secure.gravatar.com\\\/avatar\\\/b6992f131dc8d30ab0dff15446e9d346d9dbd95992de0fef795073f5ea83a81c?s=96&d=mm&r=g\",\"caption\":\"La Gu\u00eda de Pamplona\"}}]}<\/script>\n<!-- \/ Yoast SEO plugin. -->","yoast_head_json":{"title":"La Pamplonesa y Luis Sabalza, presidente de Osasuna, candidaturas para el lanzamiento del Chupinazo 2019 con el aval de cinco asociaciones de la Mesa de los Sanfermines","robots":{"index":"index","follow":"follow","max-snippet":"max-snippet:-1","max-image-preview":"max-image-preview:large","max-video-preview":"max-video-preview:-1"},"canonical":"https:\/\/www.laguiadepamplona.com\/actualidad\/la-pamplonesa-y-luis-sabalza-presidente-de-osasuna-candidaturas-para-el-lanzamiento-del-chupinazo-2019-con-el-aval-de-cinco-asociaciones-de-la-mesa-de-los-sanfermines\/","og_locale":"es_ES","og_type":"article","og_title":"La Pamplonesa y Luis Sabalza, presidente de Osasuna, candidaturas para el lanzamiento del Chupinazo 2019 con el aval de cinco asociaciones de la Mesa de los Sanfermines","og_url":"https:\/\/www.laguiadepamplona.com\/actualidad\/la-pamplonesa-y-luis-sabalza-presidente-de-osasuna-candidaturas-para-el-lanzamiento-del-chupinazo-2019-con-el-aval-de-cinco-asociaciones-de-la-mesa-de-los-sanfermines\/","og_site_name":"La Gu\u00eda de Pamplona","article_publisher":"https:\/\/www.facebook.com\/laguiadepamplonacom-133175176762273\/?ref=hl","article_published_time":"2019-05-22T13:02:00+00:00","og_image":[{"width":1000,"height":667,"url":"https:\/\/www.laguiadepamplona.com\/actualidad\/wp-content\/uploads\/2018\/06\/18.06.22_lanzamiento_chupinazo_motxila_21_1.jpg","type":"image\/jpeg"}],"author":"La Gu\u00eda de Pamplona","twitter_card":"summary_large_image","twitter_creator":"@LaGuiadPamplona","twitter_site":"@LaGuiadPamplona","twitter_misc":{"Escrito por":"La Gu\u00eda de Pamplona","Tiempo de lectura":"4 minutos"},"schema":{"@context":"https:\/\/schema.org","@graph":[{"@type":"Article","@id":"https:\/\/www.laguiadepamplona.com\/actualidad\/la-pamplonesa-y-luis-sabalza-presidente-de-osasuna-candidaturas-para-el-lanzamiento-del-chupinazo-2019-con-el-aval-de-cinco-asociaciones-de-la-mesa-de-los-sanfermines\/#article","isPartOf":{"@id":"https:\/\/www.laguiadepamplona.com\/actualidad\/la-pamplonesa-y-luis-sabalza-presidente-de-osasuna-candidaturas-para-el-lanzamiento-del-chupinazo-2019-con-el-aval-de-cinco-asociaciones-de-la-mesa-de-los-sanfermines\/"},"author":{"name":"La Gu\u00eda de Pamplona","@id":"https:\/\/www.laguiadepamplona.com\/actualidad\/#\/schema\/person\/efe887376f0213d4657c93adc50b1fdb"},"headline":"La Pamplonesa y Luis Sabalza, presidente de Osasuna, candidaturas para el lanzamiento del Chupinazo 2019 con el aval de cinco asociaciones de la Mesa de los Sanfermines","datePublished":"2019-05-22T13:02:00+00:00","mainEntityOfPage":{"@id":"https:\/\/www.laguiadepamplona.com\/actualidad\/la-pamplonesa-y-luis-sabalza-presidente-de-osasuna-candidaturas-para-el-lanzamiento-del-chupinazo-2019-con-el-aval-de-cinco-asociaciones-de-la-mesa-de-los-sanfermines\/"},"wordCount":851,"commentCount":0,"publisher":{"@id":"https:\/\/www.laguiadepamplona.com\/actualidad\/#organization"},"image":{"@id":"https:\/\/www.laguiadepamplona.com\/actualidad\/la-pamplonesa-y-luis-sabalza-presidente-de-osasuna-candidaturas-para-el-lanzamiento-del-chupinazo-2019-con-el-aval-de-cinco-asociaciones-de-la-mesa-de-los-sanfermines\/#primaryimage"},"thumbnailUrl":"https:\/\/www.laguiadepamplona.com\/actualidad\/wp-content\/uploads\/2018\/06\/18.06.22_lanzamiento_chupinazo_motxila_21_1.jpg","articleSection":["Ayto Pamplona"],"inLanguage":"es","potentialAction":[{"@type":"CommentAction","name":"Comment","target":["https:\/\/www.laguiadepamplona.com\/actualidad\/la-pamplonesa-y-luis-sabalza-presidente-de-osasuna-candidaturas-para-el-lanzamiento-del-chupinazo-2019-con-el-aval-de-cinco-asociaciones-de-la-mesa-de-los-sanfermines\/#respond"]}]},{"@type":"WebPage","@id":"https:\/\/www.laguiadepamplona.com\/actualidad\/la-pamplonesa-y-luis-sabalza-presidente-de-osasuna-candidaturas-para-el-lanzamiento-del-chupinazo-2019-con-el-aval-de-cinco-asociaciones-de-la-mesa-de-los-sanfermines\/","url":"https:\/\/www.laguiadepamplona.com\/actualidad\/la-pamplonesa-y-luis-sabalza-presidente-de-osasuna-candidaturas-para-el-lanzamiento-del-chupinazo-2019-con-el-aval-de-cinco-asociaciones-de-la-mesa-de-los-sanfermines\/","name":"La Pamplonesa y Luis Sabalza, presidente de Osasuna, candidaturas para el lanzamiento del Chupinazo 2019 con el aval de cinco asociaciones de la Mesa de los Sanfermines","isPartOf":{"@id":"https:\/\/www.laguiadepamplona.com\/actualidad\/#website"},"primaryImageOfPage":{"@id":"https:\/\/www.laguiadepamplona.com\/actualidad\/la-pamplonesa-y-luis-sabalza-presidente-de-osasuna-candidaturas-para-el-lanzamiento-del-chupinazo-2019-con-el-aval-de-cinco-asociaciones-de-la-mesa-de-los-sanfermines\/#primaryimage"},"image":{"@id":"https:\/\/www.laguiadepamplona.com\/actualidad\/la-pamplonesa-y-luis-sabalza-presidente-de-osasuna-candidaturas-para-el-lanzamiento-del-chupinazo-2019-con-el-aval-de-cinco-asociaciones-de-la-mesa-de-los-sanfermines\/#primaryimage"},"thumbnailUrl":"https:\/\/www.laguiadepamplona.com\/actualidad\/wp-content\/uploads\/2018\/06\/18.06.22_lanzamiento_chupinazo_motxila_21_1.jpg","datePublished":"2019-05-22T13:02:00+00:00","breadcrumb":{"@id":"https:\/\/www.laguiadepamplona.com\/actualidad\/la-pamplonesa-y-luis-sabalza-presidente-de-osasuna-candidaturas-para-el-lanzamiento-del-chupinazo-2019-con-el-aval-de-cinco-asociaciones-de-la-mesa-de-los-sanfermines\/#breadcrumb"},"inLanguage":"es","potentialAction":[{"@type":"ReadAction","target":["https:\/\/www.laguiadepamplona.com\/actualidad\/la-pamplonesa-y-luis-sabalza-presidente-de-osasuna-candidaturas-para-el-lanzamiento-del-chupinazo-2019-con-el-aval-de-cinco-asociaciones-de-la-mesa-de-los-sanfermines\/"]}]},{"@type":"ImageObject","inLanguage":"es","@id":"https:\/\/www.laguiadepamplona.com\/actualidad\/la-pamplonesa-y-luis-sabalza-presidente-de-osasuna-candidaturas-para-el-lanzamiento-del-chupinazo-2019-con-el-aval-de-cinco-asociaciones-de-la-mesa-de-los-sanfermines\/#primaryimage","url":"https:\/\/www.laguiadepamplona.com\/actualidad\/wp-content\/uploads\/2018\/06\/18.06.22_lanzamiento_chupinazo_motxila_21_1.jpg","contentUrl":"https:\/\/www.laguiadepamplona.com\/actualidad\/wp-content\/uploads\/2018\/06\/18.06.22_lanzamiento_chupinazo_motxila_21_1.jpg","width":1000,"height":667},{"@type":"BreadcrumbList","@id":"https:\/\/www.laguiadepamplona.com\/actualidad\/la-pamplonesa-y-luis-sabalza-presidente-de-osasuna-candidaturas-para-el-lanzamiento-del-chupinazo-2019-con-el-aval-de-cinco-asociaciones-de-la-mesa-de-los-sanfermines\/#breadcrumb","itemListElement":[{"@type":"ListItem","position":1,"name":"Portada","item":"https:\/\/www.laguiadepamplona.com\/actualidad\/"},{"@type":"ListItem","position":2,"name":"La Pamplonesa y Luis Sabalza, presidente de Osasuna, candidaturas para el lanzamiento del Chupinazo 2019 con el aval de cinco asociaciones de la Mesa de los Sanfermines"}]},{"@type":"WebSite","@id":"https:\/\/www.laguiadepamplona.com\/actualidad\/#website","url":"https:\/\/www.laguiadepamplona.com\/actualidad\/","name":"La gu\u00eda de Pamplona","description":"Noticias de Pamplona","publisher":{"@id":"https:\/\/www.laguiadepamplona.com\/actualidad\/#organization"},"potentialAction":[{"@type":"SearchAction","target":{"@type":"EntryPoint","urlTemplate":"https:\/\/www.laguiadepamplona.com\/actualidad\/?s={search_term_string}"},"query-input":{"@type":"PropertyValueSpecification","valueRequired":true,"valueName":"search_term_string"}}],"inLanguage":"es"},{"@type":"Organization","@id":"https:\/\/www.laguiadepamplona.com\/actualidad\/#organization","name":"La Gu\u00eda de Pamplona \/ Noticias","url":"https:\/\/www.laguiadepamplona.com\/actualidad\/","logo":{"@type":"ImageObject","inLanguage":"es","@id":"https:\/\/www.laguiadepamplona.com\/actualidad\/#\/schema\/logo\/image\/","url":"https:\/\/www.laguiadepamplona.com\/actualidad\/wp-content\/uploads\/2018\/11\/logo-laguiadepamplona18-web1.png","contentUrl":"https:\/\/www.laguiadepamplona.com\/actualidad\/wp-content\/uploads\/2018\/11\/logo-laguiadepamplona18-web1.png","width":600,"height":196,"caption":"La Gu\u00eda de Pamplona \/ Noticias"},"image":{"@id":"https:\/\/www.laguiadepamplona.com\/actualidad\/#\/schema\/logo\/image\/"},"sameAs":["https:\/\/www.facebook.com\/laguiadepamplonacom-133175176762273\/?ref=hl","https:\/\/x.com\/LaGuiadPamplona","https:\/\/www.instagram.com\/la_guia_de_pamplona\/","https:\/\/www.youtube.com\/user\/laguiadepamplona"]},{"@type":"Person","@id":"https:\/\/www.laguiadepamplona.com\/actualidad\/#\/schema\/person\/efe887376f0213d4657c93adc50b1fdb","name":"La Gu\u00eda de Pamplona","image":{"@type":"ImageObject","inLanguage":"es","@id":"https:\/\/secure.gravatar.com\/avatar\/b6992f131dc8d30ab0dff15446e9d346d9dbd95992de0fef795073f5ea83a81c?s=96&d=mm&r=g","url":"https:\/\/secure.gravatar.com\/avatar\/b6992f131dc8d30ab0dff15446e9d346d9dbd95992de0fef795073f5ea83a81c?s=96&d=mm&r=g","contentUrl":"https:\/\/secure.gravatar.com\/avatar\/b6992f131dc8d30ab0dff15446e9d346d9dbd95992de0fef795073f5ea83a81c?s=96&d=mm&r=g","caption":"La Gu\u00eda de Pamplona"}}]}},"post_mailing_queue_ids":[],"_links":{"self":[{"href":"https:\/\/www.laguiadepamplona.com\/actualidad\/wp-json\/wp\/v2\/posts\/22337","targetHints":{"allow":["GET"]}}],"collection":[{"href":"https:\/\/www.laguiadepamplona.com\/actualidad\/wp-json\/wp\/v2\/posts"}],"about":[{"href":"https:\/\/www.laguiadepamplona.com\/actualidad\/wp-json\/wp\/v2\/types\/post"}],"author":[{"embeddable":true,"href":"https:\/\/www.laguiadepamplona.com\/actualidad\/wp-json\/wp\/v2\/users\/1"}],"replies":[{"embeddable":true,"href":"https:\/\/www.laguiadepamplona.com\/actualidad\/wp-json\/wp\/v2\/comments?post=22337"}],"version-history":[{"count":0,"href":"https:\/\/www.laguiadepamplona.com\/actualidad\/wp-json\/wp\/v2\/posts\/22337\/revisions"}],"wp:featuredmedia":[{"embeddable":true,"href":"https:\/\/www.laguiadepamplona.com\/actualidad\/wp-json\/wp\/v2\/media\/17989"}],"wp:attachment":[{"href":"https:\/\/www.laguiadepamplona.com\/actualidad\/wp-json\/wp\/v2\/media?parent=22337"}],"wp:term":[{"taxonomy":"category","embeddable":true,"href":"https:\/\/www.laguiadepamplona.com\/actualidad\/wp-json\/wp\/v2\/categories?post=22337"},{"taxonomy":"post_tag","embeddable":true,"href":"https:\/\/www.laguiadepamplona.com\/actualidad\/wp-json\/wp\/v2\/tags?post=22337"}],"curies":[{"name":"wp","href":"https:\/\/api.w.org\/{rel}","templated":true}]}}