{"id":22332,"date":"2019-05-22T15:00:03","date_gmt":"2019-05-22T13:00:03","guid":{"rendered":"https:\/\/www.laguiadepamplona.es\/actualidad\/?p=22332"},"modified":"2019-05-22T15:00:03","modified_gmt":"2019-05-22T13:00:03","slug":"olatz-salvador-presenta-manana-jueves-dentro-del-ciclo-kantu-eta-hitza-zintzilik-su-primer-disco-en-solitario-con-9-temas-intimistas","status":"publish","type":"post","link":"https:\/\/www.laguiadepamplona.com\/actualidad\/olatz-salvador-presenta-manana-jueves-dentro-del-ciclo-kantu-eta-hitza-zintzilik-su-primer-disco-en-solitario-con-9-temas-intimistas\/","title":{"rendered":"Olatz Salvador presenta, ma\u00f1ana jueves dentro del ciclo \u2018Kantu eta hitza\u2019, \u2018Zintzilik\u2019, su primer disco en solitario con 9 temas intimistas"},"content":{"rendered":"<p><!--more--><\/p>\n<h3>El concierto es a las 20.30 horas en el Patio de los Gigantes (calle Descalzos, 72) con reparto de invitaciones desde una hora antes<\/h3>\n<p>Olatz Salvador, teclista de la banda Skakeitan, presentar\u00e1, ma\u00f1ana jueves 23 de mayo, su primer disco en solitario, \u2018Zintzilik\u2019. Este trabajo incluye 9 temas de corte intimista. De esta manera contin\u00faa el ciclo \u2018Kantu eta hitza\u2019, que arranc\u00f3 la semana pasada con Petti y que continuar\u00e1 hasta el 27 de junio en el Patio de los Gigantes (calle Descalzos, 72). Todos los conciertos se celebran en jueves, a las 20.30 horas, con entrada libre previa retirada de invitaciones en el propio Patio de los Gigantes desde una hora antes del comienzo.<\/p>\n<p>Olatz Salvador ha contado en \u2018Zintzilik\u2019 con la colaboraci\u00f3n en las letras de los bertsolaris Ane Labaka y Be\u00f1at Gaztelumendi y de m\u00fasicos como Maria Bustos (Eraul), Jon Basaguren (Izaki gardenak, Libe), Juantxo Arakama (Glaukoma), Edorta Salvador e I\u00f1aki Salvador (Mikel Laboa, Benito Lertxundi) que han enriquecido con su toque personal los temas de Olatz. Este trabajo presenta canciones con un estilo propio, un disco definido como delicado con muchos detalles por descubrir. A la voz y la guitarra de Olatz Salvador, se unir\u00e1n en el escenario del Patio de los Gigantes Jagoba Salvador (guitarra), Gartxot Unsain (bajo) y Ander Zulaika (bater\u00eda).<\/p>\n<p>Este ciclo, ya consolidado en la agenda cultural del segundo trimestre del a\u00f1o de Pamplona, ha congregado durante las \u00faltimas ediciones a m\u00e1s de 1.000 personas. La programaci\u00f3n de 2019 se completa con Rolan Garces, Maite Larburu, Maddi Zubeldia, Xabier San Sebastian y Peio Ospital. En total son siete conciertos en euskera de peque\u00f1o formato de distintos estilos musicales en los que los artistas est\u00e1n, en su mayor\u00eda, dando a conocer sus \u00faltimos trabajos. \u2018Kantu eta hitza\u2019 continuar\u00e1 la semana que viene con un cambio de estilo de la mano de Rolan Garc\u00e9s y su \u00faltimo trabajo \u2018Rolan &amp; Loop abestiak\u2019. En \u00e9l, Rolan se ha adentrado en el folk, el country o el blues a pesar de venir del mundo del rock&amp;roll en donde ha formado parte de varias bandas pamplonesas (Astrovandals, Granero Distorsion, Lex Misterio, Gravelites).<\/p>\n<p>&nbsp;<\/p>\n<h3><span style=\"color: #ff0000;\">Kantu eta Hitza 2019. Conciertos de peque\u00f1o formato en euskera<\/span><\/h3>\n<ul>\n<li><strong> Patio de los gigantes (C\/ Descalzos, 72)<\/strong><\/li>\n<li><strong>20.30 horas. Reparto de invitaciones desde una hora antes<\/strong><\/li>\n<li><span style=\"color: #ff0000;\"><strong>23 mayo<\/strong><\/span><\/li>\n<li><strong>Olatz Salvador<\/strong>. <strong><em>Zintzilik<\/em><\/strong><\/li>\n<li><span style=\"color: #ff0000;\"><strong>30 mayo<\/strong><\/span><\/li>\n<li><strong>Rolan Garces. <em>Rolan &amp; loop abestiak<\/em><\/strong><\/li>\n<li><span style=\"color: #ff0000;\"><strong>6 junio<\/strong><\/span><\/li>\n<li><strong>Maite Larburu. <em>Hezurren azpian<\/em><\/strong><\/li>\n<li><span style=\"color: #ff0000;\"><strong>13 junio<\/strong><\/span><\/li>\n<li><strong>Maddi Zubeldia. <em>Zimurrak baleki<\/em><\/strong><\/li>\n<li><span style=\"color: #ff0000;\"><strong>20 junio<\/strong><\/span><\/li>\n<li><strong>Xabier San Sebastian. <em>Zuhaitzak ez du beldurrik<\/em><\/strong><\/li>\n<li><span style=\"color: #ff0000;\"><strong>27 junio<\/strong><\/span><\/li>\n<li><strong>Peio Ospital. <em>..hatsa&#8230;bizia&#8230;<\/em><\/strong><\/li>\n<\/ul>\n<p>&nbsp;<\/p>\n","protected":false},"excerpt":{"rendered":"","protected":false},"author":1,"featured_media":22334,"comment_status":"open","ping_status":"closed","sticky":false,"template":"","format":"standard","meta":{"footnotes":""},"categories":[2],"tags":[],"class_list":["post-22332","post","type-post","status-publish","format-standard","has-post-thumbnail","hentry","category-ayuntamiento-pamplona"],"yoast_head":"<!-- This site is optimized with the Yoast SEO plugin v27.3 - https:\/\/yoast.com\/product\/yoast-seo-wordpress\/ -->\n<title>Olatz Salvador presenta, ma\u00f1ana jueves dentro del ciclo \u2018Kantu eta hitza\u2019, \u2018Zintzilik\u2019, su primer disco en solitario con 9 temas intimistas<\/title>\n<meta name=\"robots\" content=\"index, follow, max-snippet:-1, max-image-preview:large, max-video-preview:-1\" \/>\n<link rel=\"canonical\" href=\"https:\/\/www.laguiadepamplona.com\/actualidad\/olatz-salvador-presenta-manana-jueves-dentro-del-ciclo-kantu-eta-hitza-zintzilik-su-primer-disco-en-solitario-con-9-temas-intimistas\/\" \/>\n<meta property=\"og:locale\" content=\"es_ES\" \/>\n<meta property=\"og:type\" content=\"article\" \/>\n<meta property=\"og:title\" content=\"Olatz Salvador presenta, ma\u00f1ana jueves dentro del ciclo \u2018Kantu eta hitza\u2019, \u2018Zintzilik\u2019, su primer disco en solitario con 9 temas intimistas\" \/>\n<meta property=\"og:url\" content=\"https:\/\/www.laguiadepamplona.com\/actualidad\/olatz-salvador-presenta-manana-jueves-dentro-del-ciclo-kantu-eta-hitza-zintzilik-su-primer-disco-en-solitario-con-9-temas-intimistas\/\" \/>\n<meta property=\"og:site_name\" content=\"La Gu\u00eda de Pamplona\" \/>\n<meta property=\"article:publisher\" content=\"https:\/\/www.facebook.com\/laguiadepamplonacom-133175176762273\/?ref=hl\" \/>\n<meta property=\"article:published_time\" content=\"2019-05-22T13:00:03+00:00\" \/>\n<meta property=\"og:image\" content=\"https:\/\/www.laguiadepamplona.com\/actualidad\/wp-content\/uploads\/2019\/05\/19.05.22_kantu_hitza_olatz_salvador.jpg\" \/>\n\t<meta property=\"og:image:width\" content=\"1417\" \/>\n\t<meta property=\"og:image:height\" content=\"943\" \/>\n\t<meta property=\"og:image:type\" content=\"image\/jpeg\" \/>\n<meta name=\"author\" content=\"La Gu\u00eda de Pamplona\" \/>\n<meta name=\"twitter:card\" content=\"summary_large_image\" \/>\n<meta name=\"twitter:creator\" content=\"@LaGuiadPamplona\" \/>\n<meta name=\"twitter:site\" content=\"@LaGuiadPamplona\" \/>\n<meta name=\"twitter:label1\" content=\"Escrito por\" \/>\n\t<meta name=\"twitter:data1\" content=\"La Gu\u00eda de Pamplona\" \/>\n\t<meta name=\"twitter:label2\" content=\"Tiempo de lectura\" \/>\n\t<meta name=\"twitter:data2\" content=\"2 minutos\" \/>\n<script type=\"application\/ld+json\" class=\"yoast-schema-graph\">{\"@context\":\"https:\\\/\\\/schema.org\",\"@graph\":[{\"@type\":\"Article\",\"@id\":\"https:\\\/\\\/www.laguiadepamplona.com\\\/actualidad\\\/olatz-salvador-presenta-manana-jueves-dentro-del-ciclo-kantu-eta-hitza-zintzilik-su-primer-disco-en-solitario-con-9-temas-intimistas\\\/#article\",\"isPartOf\":{\"@id\":\"https:\\\/\\\/www.laguiadepamplona.com\\\/actualidad\\\/olatz-salvador-presenta-manana-jueves-dentro-del-ciclo-kantu-eta-hitza-zintzilik-su-primer-disco-en-solitario-con-9-temas-intimistas\\\/\"},\"author\":{\"name\":\"La Gu\u00eda de Pamplona\",\"@id\":\"https:\\\/\\\/www.laguiadepamplona.com\\\/actualidad\\\/#\\\/schema\\\/person\\\/efe887376f0213d4657c93adc50b1fdb\"},\"headline\":\"Olatz Salvador presenta, ma\u00f1ana jueves dentro del ciclo \u2018Kantu eta hitza\u2019, \u2018Zintzilik\u2019, su primer disco en solitario con 9 temas intimistas\",\"datePublished\":\"2019-05-22T13:00:03+00:00\",\"mainEntityOfPage\":{\"@id\":\"https:\\\/\\\/www.laguiadepamplona.com\\\/actualidad\\\/olatz-salvador-presenta-manana-jueves-dentro-del-ciclo-kantu-eta-hitza-zintzilik-su-primer-disco-en-solitario-con-9-temas-intimistas\\\/\"},\"wordCount\":444,\"commentCount\":0,\"publisher\":{\"@id\":\"https:\\\/\\\/www.laguiadepamplona.com\\\/actualidad\\\/#organization\"},\"image\":{\"@id\":\"https:\\\/\\\/www.laguiadepamplona.com\\\/actualidad\\\/olatz-salvador-presenta-manana-jueves-dentro-del-ciclo-kantu-eta-hitza-zintzilik-su-primer-disco-en-solitario-con-9-temas-intimistas\\\/#primaryimage\"},\"thumbnailUrl\":\"https:\\\/\\\/www.laguiadepamplona.com\\\/actualidad\\\/wp-content\\\/uploads\\\/2019\\\/05\\\/19.05.22_kantu_hitza_olatz_salvador.jpg\",\"articleSection\":[\"Ayto Pamplona\"],\"inLanguage\":\"es\",\"potentialAction\":[{\"@type\":\"CommentAction\",\"name\":\"Comment\",\"target\":[\"https:\\\/\\\/www.laguiadepamplona.com\\\/actualidad\\\/olatz-salvador-presenta-manana-jueves-dentro-del-ciclo-kantu-eta-hitza-zintzilik-su-primer-disco-en-solitario-con-9-temas-intimistas\\\/#respond\"]}]},{\"@type\":\"WebPage\",\"@id\":\"https:\\\/\\\/www.laguiadepamplona.com\\\/actualidad\\\/olatz-salvador-presenta-manana-jueves-dentro-del-ciclo-kantu-eta-hitza-zintzilik-su-primer-disco-en-solitario-con-9-temas-intimistas\\\/\",\"url\":\"https:\\\/\\\/www.laguiadepamplona.com\\\/actualidad\\\/olatz-salvador-presenta-manana-jueves-dentro-del-ciclo-kantu-eta-hitza-zintzilik-su-primer-disco-en-solitario-con-9-temas-intimistas\\\/\",\"name\":\"Olatz Salvador presenta, ma\u00f1ana jueves dentro del ciclo \u2018Kantu eta hitza\u2019, \u2018Zintzilik\u2019, su primer disco en solitario con 9 temas intimistas\",\"isPartOf\":{\"@id\":\"https:\\\/\\\/www.laguiadepamplona.com\\\/actualidad\\\/#website\"},\"primaryImageOfPage\":{\"@id\":\"https:\\\/\\\/www.laguiadepamplona.com\\\/actualidad\\\/olatz-salvador-presenta-manana-jueves-dentro-del-ciclo-kantu-eta-hitza-zintzilik-su-primer-disco-en-solitario-con-9-temas-intimistas\\\/#primaryimage\"},\"image\":{\"@id\":\"https:\\\/\\\/www.laguiadepamplona.com\\\/actualidad\\\/olatz-salvador-presenta-manana-jueves-dentro-del-ciclo-kantu-eta-hitza-zintzilik-su-primer-disco-en-solitario-con-9-temas-intimistas\\\/#primaryimage\"},\"thumbnailUrl\":\"https:\\\/\\\/www.laguiadepamplona.com\\\/actualidad\\\/wp-content\\\/uploads\\\/2019\\\/05\\\/19.05.22_kantu_hitza_olatz_salvador.jpg\",\"datePublished\":\"2019-05-22T13:00:03+00:00\",\"breadcrumb\":{\"@id\":\"https:\\\/\\\/www.laguiadepamplona.com\\\/actualidad\\\/olatz-salvador-presenta-manana-jueves-dentro-del-ciclo-kantu-eta-hitza-zintzilik-su-primer-disco-en-solitario-con-9-temas-intimistas\\\/#breadcrumb\"},\"inLanguage\":\"es\",\"potentialAction\":[{\"@type\":\"ReadAction\",\"target\":[\"https:\\\/\\\/www.laguiadepamplona.com\\\/actualidad\\\/olatz-salvador-presenta-manana-jueves-dentro-del-ciclo-kantu-eta-hitza-zintzilik-su-primer-disco-en-solitario-con-9-temas-intimistas\\\/\"]}]},{\"@type\":\"ImageObject\",\"inLanguage\":\"es\",\"@id\":\"https:\\\/\\\/www.laguiadepamplona.com\\\/actualidad\\\/olatz-salvador-presenta-manana-jueves-dentro-del-ciclo-kantu-eta-hitza-zintzilik-su-primer-disco-en-solitario-con-9-temas-intimistas\\\/#primaryimage\",\"url\":\"https:\\\/\\\/www.laguiadepamplona.com\\\/actualidad\\\/wp-content\\\/uploads\\\/2019\\\/05\\\/19.05.22_kantu_hitza_olatz_salvador.jpg\",\"contentUrl\":\"https:\\\/\\\/www.laguiadepamplona.com\\\/actualidad\\\/wp-content\\\/uploads\\\/2019\\\/05\\\/19.05.22_kantu_hitza_olatz_salvador.jpg\",\"width\":1417,\"height\":943},{\"@type\":\"BreadcrumbList\",\"@id\":\"https:\\\/\\\/www.laguiadepamplona.com\\\/actualidad\\\/olatz-salvador-presenta-manana-jueves-dentro-del-ciclo-kantu-eta-hitza-zintzilik-su-primer-disco-en-solitario-con-9-temas-intimistas\\\/#breadcrumb\",\"itemListElement\":[{\"@type\":\"ListItem\",\"position\":1,\"name\":\"Portada\",\"item\":\"https:\\\/\\\/www.laguiadepamplona.com\\\/actualidad\\\/\"},{\"@type\":\"ListItem\",\"position\":2,\"name\":\"Olatz Salvador presenta, ma\u00f1ana jueves dentro del ciclo \u2018Kantu eta hitza\u2019, \u2018Zintzilik\u2019, su primer disco en solitario con 9 temas intimistas\"}]},{\"@type\":\"WebSite\",\"@id\":\"https:\\\/\\\/www.laguiadepamplona.com\\\/actualidad\\\/#website\",\"url\":\"https:\\\/\\\/www.laguiadepamplona.com\\\/actualidad\\\/\",\"name\":\"La gu\u00eda de Pamplona\",\"description\":\"Noticias de Pamplona\",\"publisher\":{\"@id\":\"https:\\\/\\\/www.laguiadepamplona.com\\\/actualidad\\\/#organization\"},\"potentialAction\":[{\"@type\":\"SearchAction\",\"target\":{\"@type\":\"EntryPoint\",\"urlTemplate\":\"https:\\\/\\\/www.laguiadepamplona.com\\\/actualidad\\\/?s={search_term_string}\"},\"query-input\":{\"@type\":\"PropertyValueSpecification\",\"valueRequired\":true,\"valueName\":\"search_term_string\"}}],\"inLanguage\":\"es\"},{\"@type\":\"Organization\",\"@id\":\"https:\\\/\\\/www.laguiadepamplona.com\\\/actualidad\\\/#organization\",\"name\":\"La Gu\u00eda de Pamplona \\\/ Noticias\",\"url\":\"https:\\\/\\\/www.laguiadepamplona.com\\\/actualidad\\\/\",\"logo\":{\"@type\":\"ImageObject\",\"inLanguage\":\"es\",\"@id\":\"https:\\\/\\\/www.laguiadepamplona.com\\\/actualidad\\\/#\\\/schema\\\/logo\\\/image\\\/\",\"url\":\"https:\\\/\\\/www.laguiadepamplona.com\\\/actualidad\\\/wp-content\\\/uploads\\\/2018\\\/11\\\/logo-laguiadepamplona18-web1.png\",\"contentUrl\":\"https:\\\/\\\/www.laguiadepamplona.com\\\/actualidad\\\/wp-content\\\/uploads\\\/2018\\\/11\\\/logo-laguiadepamplona18-web1.png\",\"width\":600,\"height\":196,\"caption\":\"La Gu\u00eda de Pamplona \\\/ Noticias\"},\"image\":{\"@id\":\"https:\\\/\\\/www.laguiadepamplona.com\\\/actualidad\\\/#\\\/schema\\\/logo\\\/image\\\/\"},\"sameAs\":[\"https:\\\/\\\/www.facebook.com\\\/laguiadepamplonacom-133175176762273\\\/?ref=hl\",\"https:\\\/\\\/x.com\\\/LaGuiadPamplona\",\"https:\\\/\\\/www.instagram.com\\\/la_guia_de_pamplona\\\/\",\"https:\\\/\\\/www.youtube.com\\\/user\\\/laguiadepamplona\"]},{\"@type\":\"Person\",\"@id\":\"https:\\\/\\\/www.laguiadepamplona.com\\\/actualidad\\\/#\\\/schema\\\/person\\\/efe887376f0213d4657c93adc50b1fdb\",\"name\":\"La Gu\u00eda de Pamplona\",\"image\":{\"@type\":\"ImageObject\",\"inLanguage\":\"es\",\"@id\":\"https:\\\/\\\/secure.gravatar.com\\\/avatar\\\/b6992f131dc8d30ab0dff15446e9d346d9dbd95992de0fef795073f5ea83a81c?s=96&d=mm&r=g\",\"url\":\"https:\\\/\\\/secure.gravatar.com\\\/avatar\\\/b6992f131dc8d30ab0dff15446e9d346d9dbd95992de0fef795073f5ea83a81c?s=96&d=mm&r=g\",\"contentUrl\":\"https:\\\/\\\/secure.gravatar.com\\\/avatar\\\/b6992f131dc8d30ab0dff15446e9d346d9dbd95992de0fef795073f5ea83a81c?s=96&d=mm&r=g\",\"caption\":\"La Gu\u00eda de Pamplona\"}}]}<\/script>\n<!-- \/ Yoast SEO plugin. -->","yoast_head_json":{"title":"Olatz Salvador presenta, ma\u00f1ana jueves dentro del ciclo \u2018Kantu eta hitza\u2019, \u2018Zintzilik\u2019, su primer disco en solitario con 9 temas intimistas","robots":{"index":"index","follow":"follow","max-snippet":"max-snippet:-1","max-image-preview":"max-image-preview:large","max-video-preview":"max-video-preview:-1"},"canonical":"https:\/\/www.laguiadepamplona.com\/actualidad\/olatz-salvador-presenta-manana-jueves-dentro-del-ciclo-kantu-eta-hitza-zintzilik-su-primer-disco-en-solitario-con-9-temas-intimistas\/","og_locale":"es_ES","og_type":"article","og_title":"Olatz Salvador presenta, ma\u00f1ana jueves dentro del ciclo \u2018Kantu eta hitza\u2019, \u2018Zintzilik\u2019, su primer disco en solitario con 9 temas intimistas","og_url":"https:\/\/www.laguiadepamplona.com\/actualidad\/olatz-salvador-presenta-manana-jueves-dentro-del-ciclo-kantu-eta-hitza-zintzilik-su-primer-disco-en-solitario-con-9-temas-intimistas\/","og_site_name":"La Gu\u00eda de Pamplona","article_publisher":"https:\/\/www.facebook.com\/laguiadepamplonacom-133175176762273\/?ref=hl","article_published_time":"2019-05-22T13:00:03+00:00","og_image":[{"width":1417,"height":943,"url":"https:\/\/www.laguiadepamplona.com\/actualidad\/wp-content\/uploads\/2019\/05\/19.05.22_kantu_hitza_olatz_salvador.jpg","type":"image\/jpeg"}],"author":"La Gu\u00eda de Pamplona","twitter_card":"summary_large_image","twitter_creator":"@LaGuiadPamplona","twitter_site":"@LaGuiadPamplona","twitter_misc":{"Escrito por":"La Gu\u00eda de Pamplona","Tiempo de lectura":"2 minutos"},"schema":{"@context":"https:\/\/schema.org","@graph":[{"@type":"Article","@id":"https:\/\/www.laguiadepamplona.com\/actualidad\/olatz-salvador-presenta-manana-jueves-dentro-del-ciclo-kantu-eta-hitza-zintzilik-su-primer-disco-en-solitario-con-9-temas-intimistas\/#article","isPartOf":{"@id":"https:\/\/www.laguiadepamplona.com\/actualidad\/olatz-salvador-presenta-manana-jueves-dentro-del-ciclo-kantu-eta-hitza-zintzilik-su-primer-disco-en-solitario-con-9-temas-intimistas\/"},"author":{"name":"La Gu\u00eda de Pamplona","@id":"https:\/\/www.laguiadepamplona.com\/actualidad\/#\/schema\/person\/efe887376f0213d4657c93adc50b1fdb"},"headline":"Olatz Salvador presenta, ma\u00f1ana jueves dentro del ciclo \u2018Kantu eta hitza\u2019, \u2018Zintzilik\u2019, su primer disco en solitario con 9 temas intimistas","datePublished":"2019-05-22T13:00:03+00:00","mainEntityOfPage":{"@id":"https:\/\/www.laguiadepamplona.com\/actualidad\/olatz-salvador-presenta-manana-jueves-dentro-del-ciclo-kantu-eta-hitza-zintzilik-su-primer-disco-en-solitario-con-9-temas-intimistas\/"},"wordCount":444,"commentCount":0,"publisher":{"@id":"https:\/\/www.laguiadepamplona.com\/actualidad\/#organization"},"image":{"@id":"https:\/\/www.laguiadepamplona.com\/actualidad\/olatz-salvador-presenta-manana-jueves-dentro-del-ciclo-kantu-eta-hitza-zintzilik-su-primer-disco-en-solitario-con-9-temas-intimistas\/#primaryimage"},"thumbnailUrl":"https:\/\/www.laguiadepamplona.com\/actualidad\/wp-content\/uploads\/2019\/05\/19.05.22_kantu_hitza_olatz_salvador.jpg","articleSection":["Ayto Pamplona"],"inLanguage":"es","potentialAction":[{"@type":"CommentAction","name":"Comment","target":["https:\/\/www.laguiadepamplona.com\/actualidad\/olatz-salvador-presenta-manana-jueves-dentro-del-ciclo-kantu-eta-hitza-zintzilik-su-primer-disco-en-solitario-con-9-temas-intimistas\/#respond"]}]},{"@type":"WebPage","@id":"https:\/\/www.laguiadepamplona.com\/actualidad\/olatz-salvador-presenta-manana-jueves-dentro-del-ciclo-kantu-eta-hitza-zintzilik-su-primer-disco-en-solitario-con-9-temas-intimistas\/","url":"https:\/\/www.laguiadepamplona.com\/actualidad\/olatz-salvador-presenta-manana-jueves-dentro-del-ciclo-kantu-eta-hitza-zintzilik-su-primer-disco-en-solitario-con-9-temas-intimistas\/","name":"Olatz Salvador presenta, ma\u00f1ana jueves dentro del ciclo \u2018Kantu eta hitza\u2019, \u2018Zintzilik\u2019, su primer disco en solitario con 9 temas intimistas","isPartOf":{"@id":"https:\/\/www.laguiadepamplona.com\/actualidad\/#website"},"primaryImageOfPage":{"@id":"https:\/\/www.laguiadepamplona.com\/actualidad\/olatz-salvador-presenta-manana-jueves-dentro-del-ciclo-kantu-eta-hitza-zintzilik-su-primer-disco-en-solitario-con-9-temas-intimistas\/#primaryimage"},"image":{"@id":"https:\/\/www.laguiadepamplona.com\/actualidad\/olatz-salvador-presenta-manana-jueves-dentro-del-ciclo-kantu-eta-hitza-zintzilik-su-primer-disco-en-solitario-con-9-temas-intimistas\/#primaryimage"},"thumbnailUrl":"https:\/\/www.laguiadepamplona.com\/actualidad\/wp-content\/uploads\/2019\/05\/19.05.22_kantu_hitza_olatz_salvador.jpg","datePublished":"2019-05-22T13:00:03+00:00","breadcrumb":{"@id":"https:\/\/www.laguiadepamplona.com\/actualidad\/olatz-salvador-presenta-manana-jueves-dentro-del-ciclo-kantu-eta-hitza-zintzilik-su-primer-disco-en-solitario-con-9-temas-intimistas\/#breadcrumb"},"inLanguage":"es","potentialAction":[{"@type":"ReadAction","target":["https:\/\/www.laguiadepamplona.com\/actualidad\/olatz-salvador-presenta-manana-jueves-dentro-del-ciclo-kantu-eta-hitza-zintzilik-su-primer-disco-en-solitario-con-9-temas-intimistas\/"]}]},{"@type":"ImageObject","inLanguage":"es","@id":"https:\/\/www.laguiadepamplona.com\/actualidad\/olatz-salvador-presenta-manana-jueves-dentro-del-ciclo-kantu-eta-hitza-zintzilik-su-primer-disco-en-solitario-con-9-temas-intimistas\/#primaryimage","url":"https:\/\/www.laguiadepamplona.com\/actualidad\/wp-content\/uploads\/2019\/05\/19.05.22_kantu_hitza_olatz_salvador.jpg","contentUrl":"https:\/\/www.laguiadepamplona.com\/actualidad\/wp-content\/uploads\/2019\/05\/19.05.22_kantu_hitza_olatz_salvador.jpg","width":1417,"height":943},{"@type":"BreadcrumbList","@id":"https:\/\/www.laguiadepamplona.com\/actualidad\/olatz-salvador-presenta-manana-jueves-dentro-del-ciclo-kantu-eta-hitza-zintzilik-su-primer-disco-en-solitario-con-9-temas-intimistas\/#breadcrumb","itemListElement":[{"@type":"ListItem","position":1,"name":"Portada","item":"https:\/\/www.laguiadepamplona.com\/actualidad\/"},{"@type":"ListItem","position":2,"name":"Olatz Salvador presenta, ma\u00f1ana jueves dentro del ciclo \u2018Kantu eta hitza\u2019, \u2018Zintzilik\u2019, su primer disco en solitario con 9 temas intimistas"}]},{"@type":"WebSite","@id":"https:\/\/www.laguiadepamplona.com\/actualidad\/#website","url":"https:\/\/www.laguiadepamplona.com\/actualidad\/","name":"La gu\u00eda de Pamplona","description":"Noticias de Pamplona","publisher":{"@id":"https:\/\/www.laguiadepamplona.com\/actualidad\/#organization"},"potentialAction":[{"@type":"SearchAction","target":{"@type":"EntryPoint","urlTemplate":"https:\/\/www.laguiadepamplona.com\/actualidad\/?s={search_term_string}"},"query-input":{"@type":"PropertyValueSpecification","valueRequired":true,"valueName":"search_term_string"}}],"inLanguage":"es"},{"@type":"Organization","@id":"https:\/\/www.laguiadepamplona.com\/actualidad\/#organization","name":"La Gu\u00eda de Pamplona \/ Noticias","url":"https:\/\/www.laguiadepamplona.com\/actualidad\/","logo":{"@type":"ImageObject","inLanguage":"es","@id":"https:\/\/www.laguiadepamplona.com\/actualidad\/#\/schema\/logo\/image\/","url":"https:\/\/www.laguiadepamplona.com\/actualidad\/wp-content\/uploads\/2018\/11\/logo-laguiadepamplona18-web1.png","contentUrl":"https:\/\/www.laguiadepamplona.com\/actualidad\/wp-content\/uploads\/2018\/11\/logo-laguiadepamplona18-web1.png","width":600,"height":196,"caption":"La Gu\u00eda de Pamplona \/ Noticias"},"image":{"@id":"https:\/\/www.laguiadepamplona.com\/actualidad\/#\/schema\/logo\/image\/"},"sameAs":["https:\/\/www.facebook.com\/laguiadepamplonacom-133175176762273\/?ref=hl","https:\/\/x.com\/LaGuiadPamplona","https:\/\/www.instagram.com\/la_guia_de_pamplona\/","https:\/\/www.youtube.com\/user\/laguiadepamplona"]},{"@type":"Person","@id":"https:\/\/www.laguiadepamplona.com\/actualidad\/#\/schema\/person\/efe887376f0213d4657c93adc50b1fdb","name":"La Gu\u00eda de Pamplona","image":{"@type":"ImageObject","inLanguage":"es","@id":"https:\/\/secure.gravatar.com\/avatar\/b6992f131dc8d30ab0dff15446e9d346d9dbd95992de0fef795073f5ea83a81c?s=96&d=mm&r=g","url":"https:\/\/secure.gravatar.com\/avatar\/b6992f131dc8d30ab0dff15446e9d346d9dbd95992de0fef795073f5ea83a81c?s=96&d=mm&r=g","contentUrl":"https:\/\/secure.gravatar.com\/avatar\/b6992f131dc8d30ab0dff15446e9d346d9dbd95992de0fef795073f5ea83a81c?s=96&d=mm&r=g","caption":"La Gu\u00eda de Pamplona"}}]}},"post_mailing_queue_ids":[],"_links":{"self":[{"href":"https:\/\/www.laguiadepamplona.com\/actualidad\/wp-json\/wp\/v2\/posts\/22332","targetHints":{"allow":["GET"]}}],"collection":[{"href":"https:\/\/www.laguiadepamplona.com\/actualidad\/wp-json\/wp\/v2\/posts"}],"about":[{"href":"https:\/\/www.laguiadepamplona.com\/actualidad\/wp-json\/wp\/v2\/types\/post"}],"author":[{"embeddable":true,"href":"https:\/\/www.laguiadepamplona.com\/actualidad\/wp-json\/wp\/v2\/users\/1"}],"replies":[{"embeddable":true,"href":"https:\/\/www.laguiadepamplona.com\/actualidad\/wp-json\/wp\/v2\/comments?post=22332"}],"version-history":[{"count":0,"href":"https:\/\/www.laguiadepamplona.com\/actualidad\/wp-json\/wp\/v2\/posts\/22332\/revisions"}],"wp:featuredmedia":[{"embeddable":true,"href":"https:\/\/www.laguiadepamplona.com\/actualidad\/wp-json\/wp\/v2\/media\/22334"}],"wp:attachment":[{"href":"https:\/\/www.laguiadepamplona.com\/actualidad\/wp-json\/wp\/v2\/media?parent=22332"}],"wp:term":[{"taxonomy":"category","embeddable":true,"href":"https:\/\/www.laguiadepamplona.com\/actualidad\/wp-json\/wp\/v2\/categories?post=22332"},{"taxonomy":"post_tag","embeddable":true,"href":"https:\/\/www.laguiadepamplona.com\/actualidad\/wp-json\/wp\/v2\/tags?post=22332"}],"curies":[{"name":"wp","href":"https:\/\/api.w.org\/{rel}","templated":true}]}}