{"id":22328,"date":"2019-05-22T14:57:02","date_gmt":"2019-05-22T12:57:02","guid":{"rendered":"https:\/\/www.laguiadepamplona.es\/actualidad\/?p=22328"},"modified":"2019-05-22T14:57:02","modified_gmt":"2019-05-22T12:57:02","slug":"los-conflictos-de-siria-y-sahara-centran-este-final-de-semana-las-bibliotecas-de-acogida","status":"publish","type":"post","link":"https:\/\/www.laguiadepamplona.com\/actualidad\/los-conflictos-de-siria-y-sahara-centran-este-final-de-semana-las-bibliotecas-de-acogida\/","title":{"rendered":"Los conflictos de Siria y Sahara centran este final de semana las \u2018Bibliotecas de acogida\u2019"},"content":{"rendered":"<p><!--more--><\/p>\n<h3>Un documental, una mesa redonda, conversaciones con migrantes, cuentos\u2026 seis actividades para jueves y viernes en cuatro bibliotecas<\/h3>\n<p>Encara su recta final el conjunto de actividades \u2018Bibliotecas de Acogida\u2019 en la red p\u00fablica de bibliotecas de Pamplona con cinco actividades gratuitas distintas que tendr\u00e1n lugar jueves y viernes, en este caso en las bibliotecas de Txantrea, Milagrosa, Iturrama y San Francisco. La propuesta engloba sesiones destinadas a p\u00fablico infantil con el cuentacuentos \u2018Cuentos migrantes\u2019 y un Kamishibai solidario con el Sahara, y otras cuatro actividades destinadas a personas adultas: la proyecci\u00f3n de una pel\u00edcula; una mesa redonda de voluntarios de ONG, una nueva sesi\u00f3n de encuentros personales con personas migrantes y una sesi\u00f3n para hablar del sistema bibliotecario en Sahara.<\/p>\n<p>Se mantienen, asimismo, las tres exposiciones programadas en esta oferta tem\u00e1tica, dos de fotograf\u00eda sobre Mauritania y sobre derechos humanos, en Milagrosa y San Pedro y respectivamente, y una de cartas escritas por personas migrantes sobre su experiencia en el proceso abierta en Biblioteca P\u00fablica de Txantrea. Adem\u00e1s, esta tarde en la Biblioteca P\u00fablica de Iturrama (17.30 horas) y en la de San Francisco (18 horas) est\u00e1n programadas otras dos actividades infantiles.<\/p>\n<p><strong>Refugiados sirios: documental y mesa redonda<\/strong><\/p>\n<p>Los refugiados de las guerras, en este caso con el problema humanitario de fondo de la crisis europea por el \u00e9xodo de Siria, protagonizar\u00e1n esta semana las actividades de \u2018Bibliotecas de acogida\u2019. Ma\u00f1ana jueves a las 19 horas, la Biblioteca P\u00fablica de Txantrea acoger\u00e1 la proyecci\u00f3n del filme documental \u2018Nacido en Siria\u2019 (Espa\u00f1a, 2016, 85\u2019), de Hern\u00e1n Zin. La cinta, premiada como Mejor documental en los premios Forqu\u00e9 y los Platino.<\/p>\n<p>La l\u00ednea argumental recoge el periplo de los refugiados que huyen de la guerra civil en Siria, desde el punto de vista de los ni\u00f1os, un colectivo que supone el 50% de quienes abandonan el pa\u00eds. Pasar por abusos, mafias, inclemencias del mar solo es el pr\u00f3logo de una odisea que comienza al llegar a Europa. \u2018Nacido en Siria\u2019 refleja siete historias dentro de lo que es mayor \u00e9xodo de refugiados desde la Segunda Guerra Mundial.<\/p>\n<p>Al d\u00eda siguiente, en la misma biblioteca, a las 19 horas y con entrada libre, voluntarios de ONG\u00b4s de ayuda a refugiados protagonizar\u00e1n un encuentro de an\u00e1lisis\u00a0 de contexto y relato de experiencias personales. En \u00e9l participar\u00e1n Jon Olaizola, profesor del Colegio Liceo Monjard\u00edn que es cooperante y trabaja, adem\u00e1s, en planes de sensibilizaci\u00f3n y elaboraci\u00f3n de proyectos con sus alumnos; representantes de Ingravit\u00f6, grupo musical que, a trav\u00e9s de sus canciones, cuestionan los muros que se interponen a la llegada de los inmigrantes y un portavoz de Zaporeak, organizaci\u00f3n que se dedica a repartir comidas en los tristemente famosos campos de refugiados en Grecia. Tambi\u00e9n estar\u00e1n <em>Beauty for refugees<\/em>, una asociaci\u00f3n que distribuye kits de cuidado personal y belleza a mujeres en campos de refugiados y el comedor solidario Par\u00eds 365 que entre sus proyectos apoya la comunidad de aprendizaje \u00abGarabato\u00bb, un \u00e1mbito trabaja por la igualdad en el \u00e1mbito educativo, social y cultural de todas las personas.<\/p>\n<p><strong>El Sahara: un conflicto cercano<\/strong><\/p>\n<p>Los campamentos de refugiados en Sahara, con d\u00e9cadas de funcionamiento ya son un tema recurrente en el discurso nacional. Este final de semana las bibliotecas de la ciudad llevan ese problema a sus lectores con dos propuestas. El viernes 24 de mayo la Asociaci\u00f3n Saharako Kabiak-Ni\u00f1os del Sahara se encargar\u00e1 de coordinar un kamishibai solidario destinado a p\u00fablico infantil a partir de 5 a\u00f1os. Ser\u00e1 en la Biblioteca P\u00fablica de San Francisco a las 18 horas, con entrada libre.<\/p>\n<p>El cuento como forma de aprendizaje para los ni\u00f1os refugiados ser\u00e1 una de las ideas que se barajar\u00e1 en la siguiente sesi\u00f3n y es que, en ese mismo espacio, a las 19.30 horas, tomar\u00e1 el relevo otra organizaci\u00f3n saharaui Kabiak para explicar c\u00f3mo funcionan las bibliotecas de Sahara, una red de bibliotecas y bibliobuses que se puso en marcha en 2008 y que se dirige a la poblaci\u00f3n de los campamentos de refugiados en el entorno de Tinduf-Argelia, en la parte m\u00e1s inh\u00f3spita del desierto del S\u00e1hara.<\/p>\n<p>El proyecto se llama Bubisher ya que recibe el nombre de un peque\u00f1o p\u00e1jaro del desierto cuya llegada anuncia las buenas noticias. Esta iniciativa tiene como objetivo colaborar para mejorar la formaci\u00f3n integral de los ni\u00f1os, potenciar la interculturalidad y visibilizar la situaci\u00f3n del pueblo saharaui as\u00ed como su patrimonio cultural sobre la base del espa\u00f1ol de lengua com\u00fan.<\/p>\n<h3><span style=\"color: #ff0000;\">Bibliotecas de acogida<\/span><\/h3>\n<p><span style=\"color: #ff0000;\"><strong>Jueves 23 de mayo<\/strong><\/span><\/p>\n<p><strong>CUENTACUENTOS<\/strong><\/p>\n<p>Cuentos migrantes, con Loli Franc\u00e9s<\/p>\n<p>Para p\u00fablico infantil a partir de 4 a\u00f1os<\/p>\n<p>Biblioteca P\u00fablica Milagrosa. 18 horas. Entrada libre<\/p>\n<p><strong>PEL\u00cdCULA<\/strong><\/p>\n<p>Nacido en Siria, de Hern\u00e1n Zin<\/p>\n<p>Biblioteca P\u00fablica Txantrea.19 horas. Entrada libre<\/p>\n<p><strong>ENCUENTROS PERSONALES<\/strong><\/p>\n<p>Conversaciones entre voluntarios de China, Taiwan, Hong Kong y B\u00e9lgica<\/p>\n<p>Biblioteca P\u00fablica Iturrama. 19 horas. Previa petici\u00f3n de cita en la biblioteca<\/p>\n<p><span style=\"color: #ff0000;\"><strong>Viernes 24 de mayo <\/strong><\/span><\/p>\n<p><strong>MESA REDONDA<\/strong><\/p>\n<p>Voluntarios de ONG\u00b4s de ayuda a refugiados: Jon Olaizola, Ingravit\u00f6, Zaporeak, Beauty for refugees y Garabato de Par\u00eds 365.<\/p>\n<p>Biblioteca P\u00fablica Txantrea. 19 horas Entrada libre<\/p>\n<p><strong>KAMISHIBAI SOLIDARIO CON EL SAHARA<\/strong><\/p>\n<p>Coordina: Asociaci\u00f3n Saharako Kabiak-Ni\u00f1os del Sahara<\/p>\n<p>Para p\u00fablico infantil a partir de 5 a\u00f1os<\/p>\n<p>Biblioteca P\u00fablica San Francisco. 18 horas. Entrada libre<\/p>\n<p><strong>ENCUENTRO<\/strong><\/p>\n<p>Quieres conocer las bibliotecas del Sahara?<\/p>\n<p>Organiza Kabiak \/Bubisher<\/p>\n<p>Biblioteca P\u00fablica San Francisco. 19.30 horas. Entrada libre<\/p>\n<p><strong>EXPOSICIONES<\/strong><\/p>\n<p><span style=\"color: #ff0000;\"><strong><u>*Cartas que acercan mundos<\/u><\/strong><\/span><\/p>\n<p>Cartas de migrantes<\/p>\n<p>Biblioteca P\u00fablica de Txantrea. Hasta el 31 de mayo. Horario de 15 a 21 horas<\/p>\n<p><span style=\"color: #ff0000;\"><strong><u>*Mauritania, coraz\u00f3n minero<\/u><\/strong><\/span><\/p>\n<p>21 fotograf\u00edas realizadas por Rub\u00e9n Dom\u00ednguez Oc\u00f3n en la mina de oro de Tasiast.<\/p>\n<p>Biblioteca P\u00fablica de Milagrosa. Hasta el 31 de mayo. Horario de lunes a viernes, de 15 a 21 horas<\/p>\n<p><span style=\"color: #ff0000;\"><strong><u>*Todos los derechos para todas las personas<\/u>, en colaboraci\u00f3n con \u201cPapeles y derechos denotzat\u201d<\/strong><\/span><\/p>\n<p>Unai Beroiz y David S\u00e1nchez<\/p>\n<p>Biblioteca P\u00fablica de San Pedro. Del 15 al 31 de mayo. Horario: de lunes a viernes de 15 a 21 horas<\/p>\n","protected":false},"excerpt":{"rendered":"","protected":false},"author":1,"featured_media":22017,"comment_status":"open","ping_status":"closed","sticky":false,"template":"","format":"standard","meta":{"footnotes":""},"categories":[2],"tags":[],"class_list":["post-22328","post","type-post","status-publish","format-standard","has-post-thumbnail","hentry","category-ayuntamiento-pamplona"],"yoast_head":"<!-- This site is optimized with the Yoast SEO plugin v27.3 - https:\/\/yoast.com\/product\/yoast-seo-wordpress\/ -->\n<title>Los conflictos de Siria y Sahara centran este final de semana las \u2018Bibliotecas de acogida\u2019<\/title>\n<meta name=\"robots\" content=\"index, follow, max-snippet:-1, max-image-preview:large, max-video-preview:-1\" \/>\n<link rel=\"canonical\" href=\"https:\/\/www.laguiadepamplona.com\/actualidad\/los-conflictos-de-siria-y-sahara-centran-este-final-de-semana-las-bibliotecas-de-acogida\/\" \/>\n<meta property=\"og:locale\" content=\"es_ES\" \/>\n<meta property=\"og:type\" content=\"article\" \/>\n<meta property=\"og:title\" content=\"Los conflictos de Siria y Sahara centran este final de semana las \u2018Bibliotecas de acogida\u2019\" \/>\n<meta property=\"og:url\" content=\"https:\/\/www.laguiadepamplona.com\/actualidad\/los-conflictos-de-siria-y-sahara-centran-este-final-de-semana-las-bibliotecas-de-acogida\/\" \/>\n<meta property=\"og:site_name\" content=\"La Gu\u00eda de Pamplona\" \/>\n<meta property=\"article:publisher\" content=\"https:\/\/www.facebook.com\/laguiadepamplonacom-133175176762273\/?ref=hl\" \/>\n<meta property=\"article:published_time\" content=\"2019-05-22T12:57:02+00:00\" \/>\n<meta property=\"og:image\" content=\"https:\/\/www.laguiadepamplona.com\/actualidad\/wp-content\/uploads\/2019\/05\/19.05.09_expo_mauritania_bibliotecas_acogida.jpg\" \/>\n\t<meta property=\"og:image:width\" content=\"1900\" \/>\n\t<meta property=\"og:image:height\" content=\"1584\" \/>\n\t<meta property=\"og:image:type\" content=\"image\/jpeg\" \/>\n<meta name=\"author\" content=\"La Gu\u00eda de Pamplona\" \/>\n<meta name=\"twitter:card\" content=\"summary_large_image\" \/>\n<meta name=\"twitter:creator\" content=\"@LaGuiadPamplona\" \/>\n<meta name=\"twitter:site\" content=\"@LaGuiadPamplona\" \/>\n<meta name=\"twitter:label1\" content=\"Escrito por\" \/>\n\t<meta name=\"twitter:data1\" content=\"La Gu\u00eda de Pamplona\" \/>\n\t<meta name=\"twitter:label2\" content=\"Tiempo de lectura\" \/>\n\t<meta name=\"twitter:data2\" content=\"5 minutos\" \/>\n<script type=\"application\/ld+json\" class=\"yoast-schema-graph\">{\"@context\":\"https:\\\/\\\/schema.org\",\"@graph\":[{\"@type\":\"Article\",\"@id\":\"https:\\\/\\\/www.laguiadepamplona.com\\\/actualidad\\\/los-conflictos-de-siria-y-sahara-centran-este-final-de-semana-las-bibliotecas-de-acogida\\\/#article\",\"isPartOf\":{\"@id\":\"https:\\\/\\\/www.laguiadepamplona.com\\\/actualidad\\\/los-conflictos-de-siria-y-sahara-centran-este-final-de-semana-las-bibliotecas-de-acogida\\\/\"},\"author\":{\"name\":\"La Gu\u00eda de Pamplona\",\"@id\":\"https:\\\/\\\/www.laguiadepamplona.com\\\/actualidad\\\/#\\\/schema\\\/person\\\/efe887376f0213d4657c93adc50b1fdb\"},\"headline\":\"Los conflictos de Siria y Sahara centran este final de semana las \u2018Bibliotecas de acogida\u2019\",\"datePublished\":\"2019-05-22T12:57:02+00:00\",\"mainEntityOfPage\":{\"@id\":\"https:\\\/\\\/www.laguiadepamplona.com\\\/actualidad\\\/los-conflictos-de-siria-y-sahara-centran-este-final-de-semana-las-bibliotecas-de-acogida\\\/\"},\"wordCount\":1044,\"commentCount\":0,\"publisher\":{\"@id\":\"https:\\\/\\\/www.laguiadepamplona.com\\\/actualidad\\\/#organization\"},\"image\":{\"@id\":\"https:\\\/\\\/www.laguiadepamplona.com\\\/actualidad\\\/los-conflictos-de-siria-y-sahara-centran-este-final-de-semana-las-bibliotecas-de-acogida\\\/#primaryimage\"},\"thumbnailUrl\":\"https:\\\/\\\/www.laguiadepamplona.com\\\/actualidad\\\/wp-content\\\/uploads\\\/2019\\\/05\\\/19.05.09_expo_mauritania_bibliotecas_acogida.jpg\",\"articleSection\":[\"Ayto Pamplona\"],\"inLanguage\":\"es\",\"potentialAction\":[{\"@type\":\"CommentAction\",\"name\":\"Comment\",\"target\":[\"https:\\\/\\\/www.laguiadepamplona.com\\\/actualidad\\\/los-conflictos-de-siria-y-sahara-centran-este-final-de-semana-las-bibliotecas-de-acogida\\\/#respond\"]}]},{\"@type\":\"WebPage\",\"@id\":\"https:\\\/\\\/www.laguiadepamplona.com\\\/actualidad\\\/los-conflictos-de-siria-y-sahara-centran-este-final-de-semana-las-bibliotecas-de-acogida\\\/\",\"url\":\"https:\\\/\\\/www.laguiadepamplona.com\\\/actualidad\\\/los-conflictos-de-siria-y-sahara-centran-este-final-de-semana-las-bibliotecas-de-acogida\\\/\",\"name\":\"Los conflictos de Siria y Sahara centran este final de semana las \u2018Bibliotecas de acogida\u2019\",\"isPartOf\":{\"@id\":\"https:\\\/\\\/www.laguiadepamplona.com\\\/actualidad\\\/#website\"},\"primaryImageOfPage\":{\"@id\":\"https:\\\/\\\/www.laguiadepamplona.com\\\/actualidad\\\/los-conflictos-de-siria-y-sahara-centran-este-final-de-semana-las-bibliotecas-de-acogida\\\/#primaryimage\"},\"image\":{\"@id\":\"https:\\\/\\\/www.laguiadepamplona.com\\\/actualidad\\\/los-conflictos-de-siria-y-sahara-centran-este-final-de-semana-las-bibliotecas-de-acogida\\\/#primaryimage\"},\"thumbnailUrl\":\"https:\\\/\\\/www.laguiadepamplona.com\\\/actualidad\\\/wp-content\\\/uploads\\\/2019\\\/05\\\/19.05.09_expo_mauritania_bibliotecas_acogida.jpg\",\"datePublished\":\"2019-05-22T12:57:02+00:00\",\"breadcrumb\":{\"@id\":\"https:\\\/\\\/www.laguiadepamplona.com\\\/actualidad\\\/los-conflictos-de-siria-y-sahara-centran-este-final-de-semana-las-bibliotecas-de-acogida\\\/#breadcrumb\"},\"inLanguage\":\"es\",\"potentialAction\":[{\"@type\":\"ReadAction\",\"target\":[\"https:\\\/\\\/www.laguiadepamplona.com\\\/actualidad\\\/los-conflictos-de-siria-y-sahara-centran-este-final-de-semana-las-bibliotecas-de-acogida\\\/\"]}]},{\"@type\":\"ImageObject\",\"inLanguage\":\"es\",\"@id\":\"https:\\\/\\\/www.laguiadepamplona.com\\\/actualidad\\\/los-conflictos-de-siria-y-sahara-centran-este-final-de-semana-las-bibliotecas-de-acogida\\\/#primaryimage\",\"url\":\"https:\\\/\\\/www.laguiadepamplona.com\\\/actualidad\\\/wp-content\\\/uploads\\\/2019\\\/05\\\/19.05.09_expo_mauritania_bibliotecas_acogida.jpg\",\"contentUrl\":\"https:\\\/\\\/www.laguiadepamplona.com\\\/actualidad\\\/wp-content\\\/uploads\\\/2019\\\/05\\\/19.05.09_expo_mauritania_bibliotecas_acogida.jpg\",\"width\":1900,\"height\":1584},{\"@type\":\"BreadcrumbList\",\"@id\":\"https:\\\/\\\/www.laguiadepamplona.com\\\/actualidad\\\/los-conflictos-de-siria-y-sahara-centran-este-final-de-semana-las-bibliotecas-de-acogida\\\/#breadcrumb\",\"itemListElement\":[{\"@type\":\"ListItem\",\"position\":1,\"name\":\"Portada\",\"item\":\"https:\\\/\\\/www.laguiadepamplona.com\\\/actualidad\\\/\"},{\"@type\":\"ListItem\",\"position\":2,\"name\":\"Los conflictos de Siria y Sahara centran este final de semana las \u2018Bibliotecas de acogida\u2019\"}]},{\"@type\":\"WebSite\",\"@id\":\"https:\\\/\\\/www.laguiadepamplona.com\\\/actualidad\\\/#website\",\"url\":\"https:\\\/\\\/www.laguiadepamplona.com\\\/actualidad\\\/\",\"name\":\"La gu\u00eda de Pamplona\",\"description\":\"Noticias de Pamplona\",\"publisher\":{\"@id\":\"https:\\\/\\\/www.laguiadepamplona.com\\\/actualidad\\\/#organization\"},\"potentialAction\":[{\"@type\":\"SearchAction\",\"target\":{\"@type\":\"EntryPoint\",\"urlTemplate\":\"https:\\\/\\\/www.laguiadepamplona.com\\\/actualidad\\\/?s={search_term_string}\"},\"query-input\":{\"@type\":\"PropertyValueSpecification\",\"valueRequired\":true,\"valueName\":\"search_term_string\"}}],\"inLanguage\":\"es\"},{\"@type\":\"Organization\",\"@id\":\"https:\\\/\\\/www.laguiadepamplona.com\\\/actualidad\\\/#organization\",\"name\":\"La Gu\u00eda de Pamplona \\\/ Noticias\",\"url\":\"https:\\\/\\\/www.laguiadepamplona.com\\\/actualidad\\\/\",\"logo\":{\"@type\":\"ImageObject\",\"inLanguage\":\"es\",\"@id\":\"https:\\\/\\\/www.laguiadepamplona.com\\\/actualidad\\\/#\\\/schema\\\/logo\\\/image\\\/\",\"url\":\"https:\\\/\\\/www.laguiadepamplona.com\\\/actualidad\\\/wp-content\\\/uploads\\\/2018\\\/11\\\/logo-laguiadepamplona18-web1.png\",\"contentUrl\":\"https:\\\/\\\/www.laguiadepamplona.com\\\/actualidad\\\/wp-content\\\/uploads\\\/2018\\\/11\\\/logo-laguiadepamplona18-web1.png\",\"width\":600,\"height\":196,\"caption\":\"La Gu\u00eda de Pamplona \\\/ Noticias\"},\"image\":{\"@id\":\"https:\\\/\\\/www.laguiadepamplona.com\\\/actualidad\\\/#\\\/schema\\\/logo\\\/image\\\/\"},\"sameAs\":[\"https:\\\/\\\/www.facebook.com\\\/laguiadepamplonacom-133175176762273\\\/?ref=hl\",\"https:\\\/\\\/x.com\\\/LaGuiadPamplona\",\"https:\\\/\\\/www.instagram.com\\\/la_guia_de_pamplona\\\/\",\"https:\\\/\\\/www.youtube.com\\\/user\\\/laguiadepamplona\"]},{\"@type\":\"Person\",\"@id\":\"https:\\\/\\\/www.laguiadepamplona.com\\\/actualidad\\\/#\\\/schema\\\/person\\\/efe887376f0213d4657c93adc50b1fdb\",\"name\":\"La Gu\u00eda de Pamplona\",\"image\":{\"@type\":\"ImageObject\",\"inLanguage\":\"es\",\"@id\":\"https:\\\/\\\/secure.gravatar.com\\\/avatar\\\/b6992f131dc8d30ab0dff15446e9d346d9dbd95992de0fef795073f5ea83a81c?s=96&d=mm&r=g\",\"url\":\"https:\\\/\\\/secure.gravatar.com\\\/avatar\\\/b6992f131dc8d30ab0dff15446e9d346d9dbd95992de0fef795073f5ea83a81c?s=96&d=mm&r=g\",\"contentUrl\":\"https:\\\/\\\/secure.gravatar.com\\\/avatar\\\/b6992f131dc8d30ab0dff15446e9d346d9dbd95992de0fef795073f5ea83a81c?s=96&d=mm&r=g\",\"caption\":\"La Gu\u00eda de Pamplona\"}}]}<\/script>\n<!-- \/ Yoast SEO plugin. -->","yoast_head_json":{"title":"Los conflictos de Siria y Sahara centran este final de semana las \u2018Bibliotecas de acogida\u2019","robots":{"index":"index","follow":"follow","max-snippet":"max-snippet:-1","max-image-preview":"max-image-preview:large","max-video-preview":"max-video-preview:-1"},"canonical":"https:\/\/www.laguiadepamplona.com\/actualidad\/los-conflictos-de-siria-y-sahara-centran-este-final-de-semana-las-bibliotecas-de-acogida\/","og_locale":"es_ES","og_type":"article","og_title":"Los conflictos de Siria y Sahara centran este final de semana las \u2018Bibliotecas de acogida\u2019","og_url":"https:\/\/www.laguiadepamplona.com\/actualidad\/los-conflictos-de-siria-y-sahara-centran-este-final-de-semana-las-bibliotecas-de-acogida\/","og_site_name":"La Gu\u00eda de Pamplona","article_publisher":"https:\/\/www.facebook.com\/laguiadepamplonacom-133175176762273\/?ref=hl","article_published_time":"2019-05-22T12:57:02+00:00","og_image":[{"width":1900,"height":1584,"url":"https:\/\/www.laguiadepamplona.com\/actualidad\/wp-content\/uploads\/2019\/05\/19.05.09_expo_mauritania_bibliotecas_acogida.jpg","type":"image\/jpeg"}],"author":"La Gu\u00eda de Pamplona","twitter_card":"summary_large_image","twitter_creator":"@LaGuiadPamplona","twitter_site":"@LaGuiadPamplona","twitter_misc":{"Escrito por":"La Gu\u00eda de Pamplona","Tiempo de lectura":"5 minutos"},"schema":{"@context":"https:\/\/schema.org","@graph":[{"@type":"Article","@id":"https:\/\/www.laguiadepamplona.com\/actualidad\/los-conflictos-de-siria-y-sahara-centran-este-final-de-semana-las-bibliotecas-de-acogida\/#article","isPartOf":{"@id":"https:\/\/www.laguiadepamplona.com\/actualidad\/los-conflictos-de-siria-y-sahara-centran-este-final-de-semana-las-bibliotecas-de-acogida\/"},"author":{"name":"La Gu\u00eda de Pamplona","@id":"https:\/\/www.laguiadepamplona.com\/actualidad\/#\/schema\/person\/efe887376f0213d4657c93adc50b1fdb"},"headline":"Los conflictos de Siria y Sahara centran este final de semana las \u2018Bibliotecas de acogida\u2019","datePublished":"2019-05-22T12:57:02+00:00","mainEntityOfPage":{"@id":"https:\/\/www.laguiadepamplona.com\/actualidad\/los-conflictos-de-siria-y-sahara-centran-este-final-de-semana-las-bibliotecas-de-acogida\/"},"wordCount":1044,"commentCount":0,"publisher":{"@id":"https:\/\/www.laguiadepamplona.com\/actualidad\/#organization"},"image":{"@id":"https:\/\/www.laguiadepamplona.com\/actualidad\/los-conflictos-de-siria-y-sahara-centran-este-final-de-semana-las-bibliotecas-de-acogida\/#primaryimage"},"thumbnailUrl":"https:\/\/www.laguiadepamplona.com\/actualidad\/wp-content\/uploads\/2019\/05\/19.05.09_expo_mauritania_bibliotecas_acogida.jpg","articleSection":["Ayto Pamplona"],"inLanguage":"es","potentialAction":[{"@type":"CommentAction","name":"Comment","target":["https:\/\/www.laguiadepamplona.com\/actualidad\/los-conflictos-de-siria-y-sahara-centran-este-final-de-semana-las-bibliotecas-de-acogida\/#respond"]}]},{"@type":"WebPage","@id":"https:\/\/www.laguiadepamplona.com\/actualidad\/los-conflictos-de-siria-y-sahara-centran-este-final-de-semana-las-bibliotecas-de-acogida\/","url":"https:\/\/www.laguiadepamplona.com\/actualidad\/los-conflictos-de-siria-y-sahara-centran-este-final-de-semana-las-bibliotecas-de-acogida\/","name":"Los conflictos de Siria y Sahara centran este final de semana las \u2018Bibliotecas de acogida\u2019","isPartOf":{"@id":"https:\/\/www.laguiadepamplona.com\/actualidad\/#website"},"primaryImageOfPage":{"@id":"https:\/\/www.laguiadepamplona.com\/actualidad\/los-conflictos-de-siria-y-sahara-centran-este-final-de-semana-las-bibliotecas-de-acogida\/#primaryimage"},"image":{"@id":"https:\/\/www.laguiadepamplona.com\/actualidad\/los-conflictos-de-siria-y-sahara-centran-este-final-de-semana-las-bibliotecas-de-acogida\/#primaryimage"},"thumbnailUrl":"https:\/\/www.laguiadepamplona.com\/actualidad\/wp-content\/uploads\/2019\/05\/19.05.09_expo_mauritania_bibliotecas_acogida.jpg","datePublished":"2019-05-22T12:57:02+00:00","breadcrumb":{"@id":"https:\/\/www.laguiadepamplona.com\/actualidad\/los-conflictos-de-siria-y-sahara-centran-este-final-de-semana-las-bibliotecas-de-acogida\/#breadcrumb"},"inLanguage":"es","potentialAction":[{"@type":"ReadAction","target":["https:\/\/www.laguiadepamplona.com\/actualidad\/los-conflictos-de-siria-y-sahara-centran-este-final-de-semana-las-bibliotecas-de-acogida\/"]}]},{"@type":"ImageObject","inLanguage":"es","@id":"https:\/\/www.laguiadepamplona.com\/actualidad\/los-conflictos-de-siria-y-sahara-centran-este-final-de-semana-las-bibliotecas-de-acogida\/#primaryimage","url":"https:\/\/www.laguiadepamplona.com\/actualidad\/wp-content\/uploads\/2019\/05\/19.05.09_expo_mauritania_bibliotecas_acogida.jpg","contentUrl":"https:\/\/www.laguiadepamplona.com\/actualidad\/wp-content\/uploads\/2019\/05\/19.05.09_expo_mauritania_bibliotecas_acogida.jpg","width":1900,"height":1584},{"@type":"BreadcrumbList","@id":"https:\/\/www.laguiadepamplona.com\/actualidad\/los-conflictos-de-siria-y-sahara-centran-este-final-de-semana-las-bibliotecas-de-acogida\/#breadcrumb","itemListElement":[{"@type":"ListItem","position":1,"name":"Portada","item":"https:\/\/www.laguiadepamplona.com\/actualidad\/"},{"@type":"ListItem","position":2,"name":"Los conflictos de Siria y Sahara centran este final de semana las \u2018Bibliotecas de acogida\u2019"}]},{"@type":"WebSite","@id":"https:\/\/www.laguiadepamplona.com\/actualidad\/#website","url":"https:\/\/www.laguiadepamplona.com\/actualidad\/","name":"La gu\u00eda de Pamplona","description":"Noticias de Pamplona","publisher":{"@id":"https:\/\/www.laguiadepamplona.com\/actualidad\/#organization"},"potentialAction":[{"@type":"SearchAction","target":{"@type":"EntryPoint","urlTemplate":"https:\/\/www.laguiadepamplona.com\/actualidad\/?s={search_term_string}"},"query-input":{"@type":"PropertyValueSpecification","valueRequired":true,"valueName":"search_term_string"}}],"inLanguage":"es"},{"@type":"Organization","@id":"https:\/\/www.laguiadepamplona.com\/actualidad\/#organization","name":"La Gu\u00eda de Pamplona \/ Noticias","url":"https:\/\/www.laguiadepamplona.com\/actualidad\/","logo":{"@type":"ImageObject","inLanguage":"es","@id":"https:\/\/www.laguiadepamplona.com\/actualidad\/#\/schema\/logo\/image\/","url":"https:\/\/www.laguiadepamplona.com\/actualidad\/wp-content\/uploads\/2018\/11\/logo-laguiadepamplona18-web1.png","contentUrl":"https:\/\/www.laguiadepamplona.com\/actualidad\/wp-content\/uploads\/2018\/11\/logo-laguiadepamplona18-web1.png","width":600,"height":196,"caption":"La Gu\u00eda de Pamplona \/ Noticias"},"image":{"@id":"https:\/\/www.laguiadepamplona.com\/actualidad\/#\/schema\/logo\/image\/"},"sameAs":["https:\/\/www.facebook.com\/laguiadepamplonacom-133175176762273\/?ref=hl","https:\/\/x.com\/LaGuiadPamplona","https:\/\/www.instagram.com\/la_guia_de_pamplona\/","https:\/\/www.youtube.com\/user\/laguiadepamplona"]},{"@type":"Person","@id":"https:\/\/www.laguiadepamplona.com\/actualidad\/#\/schema\/person\/efe887376f0213d4657c93adc50b1fdb","name":"La Gu\u00eda de Pamplona","image":{"@type":"ImageObject","inLanguage":"es","@id":"https:\/\/secure.gravatar.com\/avatar\/b6992f131dc8d30ab0dff15446e9d346d9dbd95992de0fef795073f5ea83a81c?s=96&d=mm&r=g","url":"https:\/\/secure.gravatar.com\/avatar\/b6992f131dc8d30ab0dff15446e9d346d9dbd95992de0fef795073f5ea83a81c?s=96&d=mm&r=g","contentUrl":"https:\/\/secure.gravatar.com\/avatar\/b6992f131dc8d30ab0dff15446e9d346d9dbd95992de0fef795073f5ea83a81c?s=96&d=mm&r=g","caption":"La Gu\u00eda de Pamplona"}}]}},"post_mailing_queue_ids":[],"_links":{"self":[{"href":"https:\/\/www.laguiadepamplona.com\/actualidad\/wp-json\/wp\/v2\/posts\/22328","targetHints":{"allow":["GET"]}}],"collection":[{"href":"https:\/\/www.laguiadepamplona.com\/actualidad\/wp-json\/wp\/v2\/posts"}],"about":[{"href":"https:\/\/www.laguiadepamplona.com\/actualidad\/wp-json\/wp\/v2\/types\/post"}],"author":[{"embeddable":true,"href":"https:\/\/www.laguiadepamplona.com\/actualidad\/wp-json\/wp\/v2\/users\/1"}],"replies":[{"embeddable":true,"href":"https:\/\/www.laguiadepamplona.com\/actualidad\/wp-json\/wp\/v2\/comments?post=22328"}],"version-history":[{"count":0,"href":"https:\/\/www.laguiadepamplona.com\/actualidad\/wp-json\/wp\/v2\/posts\/22328\/revisions"}],"wp:featuredmedia":[{"embeddable":true,"href":"https:\/\/www.laguiadepamplona.com\/actualidad\/wp-json\/wp\/v2\/media\/22017"}],"wp:attachment":[{"href":"https:\/\/www.laguiadepamplona.com\/actualidad\/wp-json\/wp\/v2\/media?parent=22328"}],"wp:term":[{"taxonomy":"category","embeddable":true,"href":"https:\/\/www.laguiadepamplona.com\/actualidad\/wp-json\/wp\/v2\/categories?post=22328"},{"taxonomy":"post_tag","embeddable":true,"href":"https:\/\/www.laguiadepamplona.com\/actualidad\/wp-json\/wp\/v2\/tags?post=22328"}],"curies":[{"name":"wp","href":"https:\/\/api.w.org\/{rel}","templated":true}]}}