{"id":22324,"date":"2019-05-22T14:55:12","date_gmt":"2019-05-22T12:55:12","guid":{"rendered":"https:\/\/www.laguiadepamplona.es\/actualidad\/?p=22324"},"modified":"2019-05-22T14:55:12","modified_gmt":"2019-05-22T12:55:12","slug":"no-se-podra-realizar-zanjas-ni-mantener-colocados-andamios-o-gruas-en-la-via-publica-de-casco-antiguo-y-parte-de-los-ensanches-del-30-de-junio-al-15-de-julio","status":"publish","type":"post","link":"https:\/\/www.laguiadepamplona.com\/actualidad\/no-se-podra-realizar-zanjas-ni-mantener-colocados-andamios-o-gruas-en-la-via-publica-de-casco-antiguo-y-parte-de-los-ensanches-del-30-de-junio-al-15-de-julio\/","title":{"rendered":"No se podr\u00e1 realizar zanjas ni mantener colocados andamios o gr\u00faas en la v\u00eda p\u00fablica de Casco Antiguo y parte de los Ensanches del 30 de junio al 15 de julio"},"content":{"rendered":"<p><!--more--><\/p>\n<h3>La prohibici\u00f3n se extiende a las arterias principales de tr\u00e1fico de Pamplona y a las v\u00edas de acceso a la ciudad<\/h3>\n<p>El Ayuntamiento de Pamplona no conceder\u00e1 licencias de apertura de zanjas en v\u00eda p\u00fablica ni instalaciones de andamios, vallados, gr\u00faas y contenedores en todo el Casco Antiguo entre el 30 de junio y el 15 de julio. Tambi\u00e9n habr\u00e1 restricciones en el primer y segundo Ensanche y sus alrededores, ya que tampoco se conceder\u00e1n ese tipo de licencias para las zonas delimitadas por la calle Bosquecillo, parque de Antoniutti, cuesta de Larraina, plaza Juan XXXIII, las avenidas del Ej\u00e9rcito, Conde Oliveto, Baja Navarra y la calle Media Luna.<\/p>\n<p>En el caso de obras en curso en esos espacios deber\u00e1n finalizarse los trabajos o retirarse andamios, vallados, contenedores, etc. que afecten al espacio p\u00fablico<\/p>\n<p>Estar\u00e1 sometida igualmente a ese r\u00e9gimen de prohibici\u00f3n la avenida Carlos III en su totalidad; la zona delimitada por la plaza de la Libertad, el parque de Serapio Esparza y parte de la calle A\u00f3iz y la plaza de la Cruz. Tampoco en la zona delimitada por calle Bosquecillo, parque de Antoniutti, cuesta de Larraina, plaza Juan XXIII, avenida Catalina de Foix, avenida Conde Oliveto, avenida Baja Navarra y calle Media Luna.<\/p>\n<p>Asimismo, tampoco se autorizar\u00e1 la apertura de zanjas en las arterias principales del tr\u00e1fico de la ciudad y en las v\u00edas de acceso a la ciudad. La resoluci\u00f3n del \u00c1rea de Seguridad Ciudadana y Convivencia establece, asimismo, que las obras que est\u00e9n en ejecuci\u00f3n en estas zonas deber\u00e1n contar, en planta baja, con un cierre adecuado a l\u00ednea de fachada durante ese mismo periodo de tiempo.<\/p>\n","protected":false},"excerpt":{"rendered":"","protected":false},"author":1,"featured_media":21939,"comment_status":"open","ping_status":"closed","sticky":false,"template":"","format":"standard","meta":{"footnotes":""},"categories":[2],"tags":[],"class_list":["post-22324","post","type-post","status-publish","format-standard","has-post-thumbnail","hentry","category-ayuntamiento-pamplona"],"yoast_head":"<!-- This site is optimized with the Yoast SEO plugin v27.3 - https:\/\/yoast.com\/product\/yoast-seo-wordpress\/ -->\n<title>No se podr\u00e1 realizar zanjas ni mantener colocados andamios o gr\u00faas en la v\u00eda p\u00fablica de Casco Antiguo y parte de los Ensanches del 30 de junio al 15 de julio<\/title>\n<meta name=\"robots\" content=\"index, follow, max-snippet:-1, max-image-preview:large, max-video-preview:-1\" \/>\n<link rel=\"canonical\" href=\"https:\/\/www.laguiadepamplona.com\/actualidad\/no-se-podra-realizar-zanjas-ni-mantener-colocados-andamios-o-gruas-en-la-via-publica-de-casco-antiguo-y-parte-de-los-ensanches-del-30-de-junio-al-15-de-julio\/\" \/>\n<meta property=\"og:locale\" content=\"es_ES\" \/>\n<meta property=\"og:type\" content=\"article\" \/>\n<meta property=\"og:title\" content=\"No se podr\u00e1 realizar zanjas ni mantener colocados andamios o gr\u00faas en la v\u00eda p\u00fablica de Casco Antiguo y parte de los Ensanches del 30 de junio al 15 de julio\" \/>\n<meta property=\"og:url\" content=\"https:\/\/www.laguiadepamplona.com\/actualidad\/no-se-podra-realizar-zanjas-ni-mantener-colocados-andamios-o-gruas-en-la-via-publica-de-casco-antiguo-y-parte-de-los-ensanches-del-30-de-junio-al-15-de-julio\/\" \/>\n<meta property=\"og:site_name\" content=\"La Gu\u00eda de Pamplona\" \/>\n<meta property=\"article:publisher\" content=\"https:\/\/www.facebook.com\/laguiadepamplonacom-133175176762273\/?ref=hl\" \/>\n<meta property=\"article:published_time\" content=\"2019-05-22T12:55:12+00:00\" \/>\n<meta property=\"og:image\" content=\"https:\/\/www.laguiadepamplona.com\/actualidad\/wp-content\/uploads\/2019\/05\/ayuntamiento-pamplona-laguiadepamplona.jpg\" \/>\n\t<meta property=\"og:image:width\" content=\"1920\" \/>\n\t<meta property=\"og:image:height\" content=\"1100\" \/>\n\t<meta property=\"og:image:type\" content=\"image\/jpeg\" \/>\n<meta name=\"author\" content=\"La Gu\u00eda de Pamplona\" \/>\n<meta name=\"twitter:card\" content=\"summary_large_image\" \/>\n<meta name=\"twitter:creator\" content=\"@LaGuiadPamplona\" \/>\n<meta name=\"twitter:site\" content=\"@LaGuiadPamplona\" \/>\n<meta name=\"twitter:label1\" content=\"Escrito por\" \/>\n\t<meta name=\"twitter:data1\" content=\"La Gu\u00eda de Pamplona\" \/>\n\t<meta name=\"twitter:label2\" content=\"Tiempo de lectura\" \/>\n\t<meta name=\"twitter:data2\" content=\"1 minuto\" \/>\n<script type=\"application\/ld+json\" class=\"yoast-schema-graph\">{\"@context\":\"https:\\\/\\\/schema.org\",\"@graph\":[{\"@type\":\"Article\",\"@id\":\"https:\\\/\\\/www.laguiadepamplona.com\\\/actualidad\\\/no-se-podra-realizar-zanjas-ni-mantener-colocados-andamios-o-gruas-en-la-via-publica-de-casco-antiguo-y-parte-de-los-ensanches-del-30-de-junio-al-15-de-julio\\\/#article\",\"isPartOf\":{\"@id\":\"https:\\\/\\\/www.laguiadepamplona.com\\\/actualidad\\\/no-se-podra-realizar-zanjas-ni-mantener-colocados-andamios-o-gruas-en-la-via-publica-de-casco-antiguo-y-parte-de-los-ensanches-del-30-de-junio-al-15-de-julio\\\/\"},\"author\":{\"name\":\"La Gu\u00eda de Pamplona\",\"@id\":\"https:\\\/\\\/www.laguiadepamplona.com\\\/actualidad\\\/#\\\/schema\\\/person\\\/efe887376f0213d4657c93adc50b1fdb\"},\"headline\":\"No se podr\u00e1 realizar zanjas ni mantener colocados andamios o gr\u00faas en la v\u00eda p\u00fablica de Casco Antiguo y parte de los Ensanches del 30 de junio al 15 de julio\",\"datePublished\":\"2019-05-22T12:55:12+00:00\",\"mainEntityOfPage\":{\"@id\":\"https:\\\/\\\/www.laguiadepamplona.com\\\/actualidad\\\/no-se-podra-realizar-zanjas-ni-mantener-colocados-andamios-o-gruas-en-la-via-publica-de-casco-antiguo-y-parte-de-los-ensanches-del-30-de-junio-al-15-de-julio\\\/\"},\"wordCount\":323,\"commentCount\":0,\"publisher\":{\"@id\":\"https:\\\/\\\/www.laguiadepamplona.com\\\/actualidad\\\/#organization\"},\"image\":{\"@id\":\"https:\\\/\\\/www.laguiadepamplona.com\\\/actualidad\\\/no-se-podra-realizar-zanjas-ni-mantener-colocados-andamios-o-gruas-en-la-via-publica-de-casco-antiguo-y-parte-de-los-ensanches-del-30-de-junio-al-15-de-julio\\\/#primaryimage\"},\"thumbnailUrl\":\"https:\\\/\\\/www.laguiadepamplona.com\\\/actualidad\\\/wp-content\\\/uploads\\\/2019\\\/05\\\/ayuntamiento-pamplona-laguiadepamplona.jpg\",\"articleSection\":[\"Ayto Pamplona\"],\"inLanguage\":\"es\",\"potentialAction\":[{\"@type\":\"CommentAction\",\"name\":\"Comment\",\"target\":[\"https:\\\/\\\/www.laguiadepamplona.com\\\/actualidad\\\/no-se-podra-realizar-zanjas-ni-mantener-colocados-andamios-o-gruas-en-la-via-publica-de-casco-antiguo-y-parte-de-los-ensanches-del-30-de-junio-al-15-de-julio\\\/#respond\"]}]},{\"@type\":\"WebPage\",\"@id\":\"https:\\\/\\\/www.laguiadepamplona.com\\\/actualidad\\\/no-se-podra-realizar-zanjas-ni-mantener-colocados-andamios-o-gruas-en-la-via-publica-de-casco-antiguo-y-parte-de-los-ensanches-del-30-de-junio-al-15-de-julio\\\/\",\"url\":\"https:\\\/\\\/www.laguiadepamplona.com\\\/actualidad\\\/no-se-podra-realizar-zanjas-ni-mantener-colocados-andamios-o-gruas-en-la-via-publica-de-casco-antiguo-y-parte-de-los-ensanches-del-30-de-junio-al-15-de-julio\\\/\",\"name\":\"No se podr\u00e1 realizar zanjas ni mantener colocados andamios o gr\u00faas en la v\u00eda p\u00fablica de Casco Antiguo y parte de los Ensanches del 30 de junio al 15 de julio\",\"isPartOf\":{\"@id\":\"https:\\\/\\\/www.laguiadepamplona.com\\\/actualidad\\\/#website\"},\"primaryImageOfPage\":{\"@id\":\"https:\\\/\\\/www.laguiadepamplona.com\\\/actualidad\\\/no-se-podra-realizar-zanjas-ni-mantener-colocados-andamios-o-gruas-en-la-via-publica-de-casco-antiguo-y-parte-de-los-ensanches-del-30-de-junio-al-15-de-julio\\\/#primaryimage\"},\"image\":{\"@id\":\"https:\\\/\\\/www.laguiadepamplona.com\\\/actualidad\\\/no-se-podra-realizar-zanjas-ni-mantener-colocados-andamios-o-gruas-en-la-via-publica-de-casco-antiguo-y-parte-de-los-ensanches-del-30-de-junio-al-15-de-julio\\\/#primaryimage\"},\"thumbnailUrl\":\"https:\\\/\\\/www.laguiadepamplona.com\\\/actualidad\\\/wp-content\\\/uploads\\\/2019\\\/05\\\/ayuntamiento-pamplona-laguiadepamplona.jpg\",\"datePublished\":\"2019-05-22T12:55:12+00:00\",\"breadcrumb\":{\"@id\":\"https:\\\/\\\/www.laguiadepamplona.com\\\/actualidad\\\/no-se-podra-realizar-zanjas-ni-mantener-colocados-andamios-o-gruas-en-la-via-publica-de-casco-antiguo-y-parte-de-los-ensanches-del-30-de-junio-al-15-de-julio\\\/#breadcrumb\"},\"inLanguage\":\"es\",\"potentialAction\":[{\"@type\":\"ReadAction\",\"target\":[\"https:\\\/\\\/www.laguiadepamplona.com\\\/actualidad\\\/no-se-podra-realizar-zanjas-ni-mantener-colocados-andamios-o-gruas-en-la-via-publica-de-casco-antiguo-y-parte-de-los-ensanches-del-30-de-junio-al-15-de-julio\\\/\"]}]},{\"@type\":\"ImageObject\",\"inLanguage\":\"es\",\"@id\":\"https:\\\/\\\/www.laguiadepamplona.com\\\/actualidad\\\/no-se-podra-realizar-zanjas-ni-mantener-colocados-andamios-o-gruas-en-la-via-publica-de-casco-antiguo-y-parte-de-los-ensanches-del-30-de-junio-al-15-de-julio\\\/#primaryimage\",\"url\":\"https:\\\/\\\/www.laguiadepamplona.com\\\/actualidad\\\/wp-content\\\/uploads\\\/2019\\\/05\\\/ayuntamiento-pamplona-laguiadepamplona.jpg\",\"contentUrl\":\"https:\\\/\\\/www.laguiadepamplona.com\\\/actualidad\\\/wp-content\\\/uploads\\\/2019\\\/05\\\/ayuntamiento-pamplona-laguiadepamplona.jpg\",\"width\":1920,\"height\":1100},{\"@type\":\"BreadcrumbList\",\"@id\":\"https:\\\/\\\/www.laguiadepamplona.com\\\/actualidad\\\/no-se-podra-realizar-zanjas-ni-mantener-colocados-andamios-o-gruas-en-la-via-publica-de-casco-antiguo-y-parte-de-los-ensanches-del-30-de-junio-al-15-de-julio\\\/#breadcrumb\",\"itemListElement\":[{\"@type\":\"ListItem\",\"position\":1,\"name\":\"Portada\",\"item\":\"https:\\\/\\\/www.laguiadepamplona.com\\\/actualidad\\\/\"},{\"@type\":\"ListItem\",\"position\":2,\"name\":\"No se podr\u00e1 realizar zanjas ni mantener colocados andamios o gr\u00faas en la v\u00eda p\u00fablica de Casco Antiguo y parte de los Ensanches del 30 de junio al 15 de julio\"}]},{\"@type\":\"WebSite\",\"@id\":\"https:\\\/\\\/www.laguiadepamplona.com\\\/actualidad\\\/#website\",\"url\":\"https:\\\/\\\/www.laguiadepamplona.com\\\/actualidad\\\/\",\"name\":\"La gu\u00eda de Pamplona\",\"description\":\"Noticias de Pamplona\",\"publisher\":{\"@id\":\"https:\\\/\\\/www.laguiadepamplona.com\\\/actualidad\\\/#organization\"},\"potentialAction\":[{\"@type\":\"SearchAction\",\"target\":{\"@type\":\"EntryPoint\",\"urlTemplate\":\"https:\\\/\\\/www.laguiadepamplona.com\\\/actualidad\\\/?s={search_term_string}\"},\"query-input\":{\"@type\":\"PropertyValueSpecification\",\"valueRequired\":true,\"valueName\":\"search_term_string\"}}],\"inLanguage\":\"es\"},{\"@type\":\"Organization\",\"@id\":\"https:\\\/\\\/www.laguiadepamplona.com\\\/actualidad\\\/#organization\",\"name\":\"La Gu\u00eda de Pamplona \\\/ Noticias\",\"url\":\"https:\\\/\\\/www.laguiadepamplona.com\\\/actualidad\\\/\",\"logo\":{\"@type\":\"ImageObject\",\"inLanguage\":\"es\",\"@id\":\"https:\\\/\\\/www.laguiadepamplona.com\\\/actualidad\\\/#\\\/schema\\\/logo\\\/image\\\/\",\"url\":\"https:\\\/\\\/www.laguiadepamplona.com\\\/actualidad\\\/wp-content\\\/uploads\\\/2018\\\/11\\\/logo-laguiadepamplona18-web1.png\",\"contentUrl\":\"https:\\\/\\\/www.laguiadepamplona.com\\\/actualidad\\\/wp-content\\\/uploads\\\/2018\\\/11\\\/logo-laguiadepamplona18-web1.png\",\"width\":600,\"height\":196,\"caption\":\"La Gu\u00eda de Pamplona \\\/ Noticias\"},\"image\":{\"@id\":\"https:\\\/\\\/www.laguiadepamplona.com\\\/actualidad\\\/#\\\/schema\\\/logo\\\/image\\\/\"},\"sameAs\":[\"https:\\\/\\\/www.facebook.com\\\/laguiadepamplonacom-133175176762273\\\/?ref=hl\",\"https:\\\/\\\/x.com\\\/LaGuiadPamplona\",\"https:\\\/\\\/www.instagram.com\\\/la_guia_de_pamplona\\\/\",\"https:\\\/\\\/www.youtube.com\\\/user\\\/laguiadepamplona\"]},{\"@type\":\"Person\",\"@id\":\"https:\\\/\\\/www.laguiadepamplona.com\\\/actualidad\\\/#\\\/schema\\\/person\\\/efe887376f0213d4657c93adc50b1fdb\",\"name\":\"La Gu\u00eda de Pamplona\",\"image\":{\"@type\":\"ImageObject\",\"inLanguage\":\"es\",\"@id\":\"https:\\\/\\\/secure.gravatar.com\\\/avatar\\\/b6992f131dc8d30ab0dff15446e9d346d9dbd95992de0fef795073f5ea83a81c?s=96&d=mm&r=g\",\"url\":\"https:\\\/\\\/secure.gravatar.com\\\/avatar\\\/b6992f131dc8d30ab0dff15446e9d346d9dbd95992de0fef795073f5ea83a81c?s=96&d=mm&r=g\",\"contentUrl\":\"https:\\\/\\\/secure.gravatar.com\\\/avatar\\\/b6992f131dc8d30ab0dff15446e9d346d9dbd95992de0fef795073f5ea83a81c?s=96&d=mm&r=g\",\"caption\":\"La Gu\u00eda de Pamplona\"}}]}<\/script>\n<!-- \/ Yoast SEO plugin. -->","yoast_head_json":{"title":"No se podr\u00e1 realizar zanjas ni mantener colocados andamios o gr\u00faas en la v\u00eda p\u00fablica de Casco Antiguo y parte de los Ensanches del 30 de junio al 15 de julio","robots":{"index":"index","follow":"follow","max-snippet":"max-snippet:-1","max-image-preview":"max-image-preview:large","max-video-preview":"max-video-preview:-1"},"canonical":"https:\/\/www.laguiadepamplona.com\/actualidad\/no-se-podra-realizar-zanjas-ni-mantener-colocados-andamios-o-gruas-en-la-via-publica-de-casco-antiguo-y-parte-de-los-ensanches-del-30-de-junio-al-15-de-julio\/","og_locale":"es_ES","og_type":"article","og_title":"No se podr\u00e1 realizar zanjas ni mantener colocados andamios o gr\u00faas en la v\u00eda p\u00fablica de Casco Antiguo y parte de los Ensanches del 30 de junio al 15 de julio","og_url":"https:\/\/www.laguiadepamplona.com\/actualidad\/no-se-podra-realizar-zanjas-ni-mantener-colocados-andamios-o-gruas-en-la-via-publica-de-casco-antiguo-y-parte-de-los-ensanches-del-30-de-junio-al-15-de-julio\/","og_site_name":"La Gu\u00eda de Pamplona","article_publisher":"https:\/\/www.facebook.com\/laguiadepamplonacom-133175176762273\/?ref=hl","article_published_time":"2019-05-22T12:55:12+00:00","og_image":[{"width":1920,"height":1100,"url":"https:\/\/www.laguiadepamplona.com\/actualidad\/wp-content\/uploads\/2019\/05\/ayuntamiento-pamplona-laguiadepamplona.jpg","type":"image\/jpeg"}],"author":"La Gu\u00eda de Pamplona","twitter_card":"summary_large_image","twitter_creator":"@LaGuiadPamplona","twitter_site":"@LaGuiadPamplona","twitter_misc":{"Escrito por":"La Gu\u00eda de Pamplona","Tiempo de lectura":"1 minuto"},"schema":{"@context":"https:\/\/schema.org","@graph":[{"@type":"Article","@id":"https:\/\/www.laguiadepamplona.com\/actualidad\/no-se-podra-realizar-zanjas-ni-mantener-colocados-andamios-o-gruas-en-la-via-publica-de-casco-antiguo-y-parte-de-los-ensanches-del-30-de-junio-al-15-de-julio\/#article","isPartOf":{"@id":"https:\/\/www.laguiadepamplona.com\/actualidad\/no-se-podra-realizar-zanjas-ni-mantener-colocados-andamios-o-gruas-en-la-via-publica-de-casco-antiguo-y-parte-de-los-ensanches-del-30-de-junio-al-15-de-julio\/"},"author":{"name":"La Gu\u00eda de Pamplona","@id":"https:\/\/www.laguiadepamplona.com\/actualidad\/#\/schema\/person\/efe887376f0213d4657c93adc50b1fdb"},"headline":"No se podr\u00e1 realizar zanjas ni mantener colocados andamios o gr\u00faas en la v\u00eda p\u00fablica de Casco Antiguo y parte de los Ensanches del 30 de junio al 15 de julio","datePublished":"2019-05-22T12:55:12+00:00","mainEntityOfPage":{"@id":"https:\/\/www.laguiadepamplona.com\/actualidad\/no-se-podra-realizar-zanjas-ni-mantener-colocados-andamios-o-gruas-en-la-via-publica-de-casco-antiguo-y-parte-de-los-ensanches-del-30-de-junio-al-15-de-julio\/"},"wordCount":323,"commentCount":0,"publisher":{"@id":"https:\/\/www.laguiadepamplona.com\/actualidad\/#organization"},"image":{"@id":"https:\/\/www.laguiadepamplona.com\/actualidad\/no-se-podra-realizar-zanjas-ni-mantener-colocados-andamios-o-gruas-en-la-via-publica-de-casco-antiguo-y-parte-de-los-ensanches-del-30-de-junio-al-15-de-julio\/#primaryimage"},"thumbnailUrl":"https:\/\/www.laguiadepamplona.com\/actualidad\/wp-content\/uploads\/2019\/05\/ayuntamiento-pamplona-laguiadepamplona.jpg","articleSection":["Ayto Pamplona"],"inLanguage":"es","potentialAction":[{"@type":"CommentAction","name":"Comment","target":["https:\/\/www.laguiadepamplona.com\/actualidad\/no-se-podra-realizar-zanjas-ni-mantener-colocados-andamios-o-gruas-en-la-via-publica-de-casco-antiguo-y-parte-de-los-ensanches-del-30-de-junio-al-15-de-julio\/#respond"]}]},{"@type":"WebPage","@id":"https:\/\/www.laguiadepamplona.com\/actualidad\/no-se-podra-realizar-zanjas-ni-mantener-colocados-andamios-o-gruas-en-la-via-publica-de-casco-antiguo-y-parte-de-los-ensanches-del-30-de-junio-al-15-de-julio\/","url":"https:\/\/www.laguiadepamplona.com\/actualidad\/no-se-podra-realizar-zanjas-ni-mantener-colocados-andamios-o-gruas-en-la-via-publica-de-casco-antiguo-y-parte-de-los-ensanches-del-30-de-junio-al-15-de-julio\/","name":"No se podr\u00e1 realizar zanjas ni mantener colocados andamios o gr\u00faas en la v\u00eda p\u00fablica de Casco Antiguo y parte de los Ensanches del 30 de junio al 15 de julio","isPartOf":{"@id":"https:\/\/www.laguiadepamplona.com\/actualidad\/#website"},"primaryImageOfPage":{"@id":"https:\/\/www.laguiadepamplona.com\/actualidad\/no-se-podra-realizar-zanjas-ni-mantener-colocados-andamios-o-gruas-en-la-via-publica-de-casco-antiguo-y-parte-de-los-ensanches-del-30-de-junio-al-15-de-julio\/#primaryimage"},"image":{"@id":"https:\/\/www.laguiadepamplona.com\/actualidad\/no-se-podra-realizar-zanjas-ni-mantener-colocados-andamios-o-gruas-en-la-via-publica-de-casco-antiguo-y-parte-de-los-ensanches-del-30-de-junio-al-15-de-julio\/#primaryimage"},"thumbnailUrl":"https:\/\/www.laguiadepamplona.com\/actualidad\/wp-content\/uploads\/2019\/05\/ayuntamiento-pamplona-laguiadepamplona.jpg","datePublished":"2019-05-22T12:55:12+00:00","breadcrumb":{"@id":"https:\/\/www.laguiadepamplona.com\/actualidad\/no-se-podra-realizar-zanjas-ni-mantener-colocados-andamios-o-gruas-en-la-via-publica-de-casco-antiguo-y-parte-de-los-ensanches-del-30-de-junio-al-15-de-julio\/#breadcrumb"},"inLanguage":"es","potentialAction":[{"@type":"ReadAction","target":["https:\/\/www.laguiadepamplona.com\/actualidad\/no-se-podra-realizar-zanjas-ni-mantener-colocados-andamios-o-gruas-en-la-via-publica-de-casco-antiguo-y-parte-de-los-ensanches-del-30-de-junio-al-15-de-julio\/"]}]},{"@type":"ImageObject","inLanguage":"es","@id":"https:\/\/www.laguiadepamplona.com\/actualidad\/no-se-podra-realizar-zanjas-ni-mantener-colocados-andamios-o-gruas-en-la-via-publica-de-casco-antiguo-y-parte-de-los-ensanches-del-30-de-junio-al-15-de-julio\/#primaryimage","url":"https:\/\/www.laguiadepamplona.com\/actualidad\/wp-content\/uploads\/2019\/05\/ayuntamiento-pamplona-laguiadepamplona.jpg","contentUrl":"https:\/\/www.laguiadepamplona.com\/actualidad\/wp-content\/uploads\/2019\/05\/ayuntamiento-pamplona-laguiadepamplona.jpg","width":1920,"height":1100},{"@type":"BreadcrumbList","@id":"https:\/\/www.laguiadepamplona.com\/actualidad\/no-se-podra-realizar-zanjas-ni-mantener-colocados-andamios-o-gruas-en-la-via-publica-de-casco-antiguo-y-parte-de-los-ensanches-del-30-de-junio-al-15-de-julio\/#breadcrumb","itemListElement":[{"@type":"ListItem","position":1,"name":"Portada","item":"https:\/\/www.laguiadepamplona.com\/actualidad\/"},{"@type":"ListItem","position":2,"name":"No se podr\u00e1 realizar zanjas ni mantener colocados andamios o gr\u00faas en la v\u00eda p\u00fablica de Casco Antiguo y parte de los Ensanches del 30 de junio al 15 de julio"}]},{"@type":"WebSite","@id":"https:\/\/www.laguiadepamplona.com\/actualidad\/#website","url":"https:\/\/www.laguiadepamplona.com\/actualidad\/","name":"La gu\u00eda de Pamplona","description":"Noticias de Pamplona","publisher":{"@id":"https:\/\/www.laguiadepamplona.com\/actualidad\/#organization"},"potentialAction":[{"@type":"SearchAction","target":{"@type":"EntryPoint","urlTemplate":"https:\/\/www.laguiadepamplona.com\/actualidad\/?s={search_term_string}"},"query-input":{"@type":"PropertyValueSpecification","valueRequired":true,"valueName":"search_term_string"}}],"inLanguage":"es"},{"@type":"Organization","@id":"https:\/\/www.laguiadepamplona.com\/actualidad\/#organization","name":"La Gu\u00eda de Pamplona \/ Noticias","url":"https:\/\/www.laguiadepamplona.com\/actualidad\/","logo":{"@type":"ImageObject","inLanguage":"es","@id":"https:\/\/www.laguiadepamplona.com\/actualidad\/#\/schema\/logo\/image\/","url":"https:\/\/www.laguiadepamplona.com\/actualidad\/wp-content\/uploads\/2018\/11\/logo-laguiadepamplona18-web1.png","contentUrl":"https:\/\/www.laguiadepamplona.com\/actualidad\/wp-content\/uploads\/2018\/11\/logo-laguiadepamplona18-web1.png","width":600,"height":196,"caption":"La Gu\u00eda de Pamplona \/ Noticias"},"image":{"@id":"https:\/\/www.laguiadepamplona.com\/actualidad\/#\/schema\/logo\/image\/"},"sameAs":["https:\/\/www.facebook.com\/laguiadepamplonacom-133175176762273\/?ref=hl","https:\/\/x.com\/LaGuiadPamplona","https:\/\/www.instagram.com\/la_guia_de_pamplona\/","https:\/\/www.youtube.com\/user\/laguiadepamplona"]},{"@type":"Person","@id":"https:\/\/www.laguiadepamplona.com\/actualidad\/#\/schema\/person\/efe887376f0213d4657c93adc50b1fdb","name":"La Gu\u00eda de Pamplona","image":{"@type":"ImageObject","inLanguage":"es","@id":"https:\/\/secure.gravatar.com\/avatar\/b6992f131dc8d30ab0dff15446e9d346d9dbd95992de0fef795073f5ea83a81c?s=96&d=mm&r=g","url":"https:\/\/secure.gravatar.com\/avatar\/b6992f131dc8d30ab0dff15446e9d346d9dbd95992de0fef795073f5ea83a81c?s=96&d=mm&r=g","contentUrl":"https:\/\/secure.gravatar.com\/avatar\/b6992f131dc8d30ab0dff15446e9d346d9dbd95992de0fef795073f5ea83a81c?s=96&d=mm&r=g","caption":"La Gu\u00eda de Pamplona"}}]}},"post_mailing_queue_ids":[],"_links":{"self":[{"href":"https:\/\/www.laguiadepamplona.com\/actualidad\/wp-json\/wp\/v2\/posts\/22324","targetHints":{"allow":["GET"]}}],"collection":[{"href":"https:\/\/www.laguiadepamplona.com\/actualidad\/wp-json\/wp\/v2\/posts"}],"about":[{"href":"https:\/\/www.laguiadepamplona.com\/actualidad\/wp-json\/wp\/v2\/types\/post"}],"author":[{"embeddable":true,"href":"https:\/\/www.laguiadepamplona.com\/actualidad\/wp-json\/wp\/v2\/users\/1"}],"replies":[{"embeddable":true,"href":"https:\/\/www.laguiadepamplona.com\/actualidad\/wp-json\/wp\/v2\/comments?post=22324"}],"version-history":[{"count":0,"href":"https:\/\/www.laguiadepamplona.com\/actualidad\/wp-json\/wp\/v2\/posts\/22324\/revisions"}],"wp:featuredmedia":[{"embeddable":true,"href":"https:\/\/www.laguiadepamplona.com\/actualidad\/wp-json\/wp\/v2\/media\/21939"}],"wp:attachment":[{"href":"https:\/\/www.laguiadepamplona.com\/actualidad\/wp-json\/wp\/v2\/media?parent=22324"}],"wp:term":[{"taxonomy":"category","embeddable":true,"href":"https:\/\/www.laguiadepamplona.com\/actualidad\/wp-json\/wp\/v2\/categories?post=22324"},{"taxonomy":"post_tag","embeddable":true,"href":"https:\/\/www.laguiadepamplona.com\/actualidad\/wp-json\/wp\/v2\/tags?post=22324"}],"curies":[{"name":"wp","href":"https:\/\/api.w.org\/{rel}","templated":true}]}}