{"id":22320,"date":"2019-05-22T14:54:38","date_gmt":"2019-05-22T12:54:38","guid":{"rendered":"https:\/\/www.laguiadepamplona.es\/actualidad\/?p=22320"},"modified":"2019-05-22T14:54:38","modified_gmt":"2019-05-22T12:54:38","slug":"aprobada-la-convocatoria-mediante-oposicion-de-2-plazas-de-tecnico-a-de-juventud-y-otras-2-plazas-de-tecnico-a-de-igualdad","status":"publish","type":"post","link":"https:\/\/www.laguiadepamplona.com\/actualidad\/aprobada-la-convocatoria-mediante-oposicion-de-2-plazas-de-tecnico-a-de-juventud-y-otras-2-plazas-de-tecnico-a-de-igualdad\/","title":{"rendered":"Aprobada la convocatoria, mediante oposici\u00f3n, de 2 plazas de t\u00e9cnico\/a de Juventud y otras 2 plazas de t\u00e9cnico\/a de Igualdad"},"content":{"rendered":"<p><!--more--><\/p>\n<h3>El plazo de 30 d\u00edas naturales para presentar solicitudes se abrir\u00e1 una vez se publiquen las bases en el BON<\/h3>\n<p>La Junta de Gobierno Local del Ayuntamiento de Pamplona ha aprobado en su sesi\u00f3n de esta ma\u00f1ana la convocatoria, mediante oposici\u00f3n, de 2 plazas de t\u00e9cnico\/a de Juventud y otras 2 plazas de t\u00e9cnico\/a de Igualdad. Las 4 son de r\u00e9gimen funcionarial y nivel B. En cada una de las dos convocatorias las plazas se reparten entre una de turno libre y otra en el turno de promoci\u00f3n y tambi\u00e9n se distribuyen entre una con requisito de conocimiento de euskera y otra no. Las vacantes del turno de promoci\u00f3n que queden desiertas, por no haber obtenido las personas aspirantes la puntuaci\u00f3n m\u00ednima exigida para la superaci\u00f3n de las pruebas selectivas, se acumular\u00e1n a las del turno libre.<\/p>\n<p>Las instancias para poder participar en estas convocatorias se podr\u00e1n presentar una vez que los anuncios se publique en el Bolet\u00edn Oficial de Navarra. El plazo es de 30 d\u00edas naturales, contados a partir del siguiente a esa publicaci\u00f3n. Las instancias deber\u00e1n ajustarse a los modelos que figuran en los anexos de las bases y podr\u00e1n obtenerse en las Oficinas de Atenci\u00f3n Ciudadana o en www.pamplona.es. La tasa por derechos de inscripci\u00f3n para cada una de las convocatorias asciende a 22 euros.<\/p>\n<p>Est\u00e1 previsto que las oposiciones comiencen en noviembre de 2019. Para participar en las pruebas selectivas de ambas convocatorias es requisito estar en posesi\u00f3n del t\u00edtulo de Diplomado o Graduado Universitario, Ingeniero T\u00e9cnico, Arquitecto T\u00e9cnico o equivalente. A ello se unen los habituales requisitos de nacionalidad, edad, capacidad f\u00edsica y ps\u00edquica para el ejercicio de las funciones, no hallarse en inhabilitaci\u00f3n ni suspensi\u00f3n para realizar esas funciones o no haber sido separado del servicio de una Administraci\u00f3n P\u00fablica.<\/p>\n<p><strong>Dos pruebas en Juventud<\/strong><\/p>\n<p>En el caso de Juventud, la oposici\u00f3n constar\u00e1 de dos pruebas. La primera, de car\u00e1cter te\u00f3rico, consistir\u00e1 en contestar, por escrito, a un cuestionario de un m\u00e1ximo de 100 preguntas tipo test con varias alternativas de respuesta sobre las materias contenidas en el temario que figura en la convocatoria. La puntuaci\u00f3n m\u00e1xima del ejercicio ser\u00e1 de 30 puntos y quedar\u00e1n eliminadas las personas aspirantes que no alcancen 15 puntos.<\/p>\n<p>Ser\u00e1n convocadas a la segunda prueba las 30 personas del turno libre que, habiendo aprobado el ejercicio, hayan obtenido las calificaciones m\u00e1s elevadas en la realizaci\u00f3n de la primera prueba, as\u00ed como todas las personas del turno de promoci\u00f3n que hayan aprobado. En esta segunda prueba, te\u00f3rico-pr\u00e1ctica, se desarrollar\u00e1n por escrito las cuestiones y supuestos de car\u00e1cter pr\u00e1ctico que propongan el tribunal relacionados con el temario. La segunda prueba, expuesta y defendida oral y p\u00fablicamente, contar\u00e1 con un m\u00e1ximo de 70 puntos: 50 corresponder\u00e1n a la parte escrita y 20 a la exposici\u00f3n oral. Superar\u00e1n la prueba quienes obtengan al menos 35 puntos en el conjunto de la prueba.<\/p>\n<p><strong>Tres pruebas en Igualdad<\/strong><\/p>\n<p>En la oposici\u00f3n de Igualdad habr\u00e1 tres pruebas. La primera, te\u00f3rica, tambi\u00e9n consistir\u00e1 en contestar por escrito, a un cuestionario de un m\u00e1ximo de 100 preguntas tipo test sobre el temario de la convocatoria. La puntuaci\u00f3n m\u00e1xima del ejercicio ser\u00e1 de 20 puntos y quedar\u00e1n eliminadas las personas aspirantes que no alcancen 10 puntos.<\/p>\n<p>Ser\u00e1n convocadas a la segunda prueba las 30 personas del tuno libre que, tras aprobar, hayan obtenido las calificaciones m\u00e1s elevadas en la primera prueba, as\u00ed como todas las personas del turno de promoci\u00f3n aprobadas. En este caso habr\u00e1 que responder por escrito de manera breve a diferentes preguntas relacionadas con el temario. Al igual que en la primera prueba, se otorgar\u00e1n hasta 20 puntos y ser\u00e1n necesarios 10 puntos para aprobar.<\/p>\n<p>Para finalizar, habr\u00e1 una prueba de car\u00e1cter te\u00f3rico-pr\u00e1ctico en la que se resolver\u00e1n, por escrito, las cuestiones y supuestos de car\u00e1cter pr\u00e1ctico que proponga el tribunal sobre el temario. El ejercicio ser\u00e1 expuesto y defendido oral y p\u00fablicamente por cada aspirante. La puntuaci\u00f3n m\u00e1xima ser\u00e1 de 60 puntos: 40 corresponder\u00e1n a la parte escrita y 20 a la exposici\u00f3n oral. Superar\u00e1n la prueba aquellas personas que obtengan al menos 20 puntos en la parte escrita y 10 en la exposici\u00f3n.<\/p>\n","protected":false},"excerpt":{"rendered":"","protected":false},"author":1,"featured_media":21939,"comment_status":"open","ping_status":"closed","sticky":false,"template":"","format":"standard","meta":{"footnotes":""},"categories":[2],"tags":[],"class_list":["post-22320","post","type-post","status-publish","format-standard","has-post-thumbnail","hentry","category-ayuntamiento-pamplona"],"yoast_head":"<!-- This site is optimized with the Yoast SEO plugin v27.3 - https:\/\/yoast.com\/product\/yoast-seo-wordpress\/ -->\n<title>Aprobada la convocatoria, mediante oposici\u00f3n, de 2 plazas de t\u00e9cnico\/a de Juventud y otras 2 plazas de t\u00e9cnico\/a de Igualdad<\/title>\n<meta name=\"robots\" content=\"index, follow, max-snippet:-1, max-image-preview:large, max-video-preview:-1\" \/>\n<link rel=\"canonical\" href=\"https:\/\/www.laguiadepamplona.com\/actualidad\/aprobada-la-convocatoria-mediante-oposicion-de-2-plazas-de-tecnico-a-de-juventud-y-otras-2-plazas-de-tecnico-a-de-igualdad\/\" \/>\n<meta property=\"og:locale\" content=\"es_ES\" \/>\n<meta property=\"og:type\" content=\"article\" \/>\n<meta property=\"og:title\" content=\"Aprobada la convocatoria, mediante oposici\u00f3n, de 2 plazas de t\u00e9cnico\/a de Juventud y otras 2 plazas de t\u00e9cnico\/a de Igualdad\" \/>\n<meta property=\"og:url\" content=\"https:\/\/www.laguiadepamplona.com\/actualidad\/aprobada-la-convocatoria-mediante-oposicion-de-2-plazas-de-tecnico-a-de-juventud-y-otras-2-plazas-de-tecnico-a-de-igualdad\/\" \/>\n<meta property=\"og:site_name\" content=\"La Gu\u00eda de Pamplona\" \/>\n<meta property=\"article:publisher\" content=\"https:\/\/www.facebook.com\/laguiadepamplonacom-133175176762273\/?ref=hl\" \/>\n<meta property=\"article:published_time\" content=\"2019-05-22T12:54:38+00:00\" \/>\n<meta property=\"og:image\" content=\"https:\/\/www.laguiadepamplona.com\/actualidad\/wp-content\/uploads\/2019\/05\/ayuntamiento-pamplona-laguiadepamplona.jpg\" \/>\n\t<meta property=\"og:image:width\" content=\"1920\" \/>\n\t<meta property=\"og:image:height\" content=\"1100\" \/>\n\t<meta property=\"og:image:type\" content=\"image\/jpeg\" \/>\n<meta name=\"author\" content=\"La Gu\u00eda de Pamplona\" \/>\n<meta name=\"twitter:card\" content=\"summary_large_image\" \/>\n<meta name=\"twitter:creator\" content=\"@LaGuiadPamplona\" \/>\n<meta name=\"twitter:site\" content=\"@LaGuiadPamplona\" \/>\n<meta name=\"twitter:label1\" content=\"Escrito por\" \/>\n\t<meta name=\"twitter:data1\" content=\"La Gu\u00eda de Pamplona\" \/>\n\t<meta name=\"twitter:label2\" content=\"Tiempo de lectura\" \/>\n\t<meta name=\"twitter:data2\" content=\"4 minutos\" \/>\n<script type=\"application\/ld+json\" class=\"yoast-schema-graph\">{\"@context\":\"https:\\\/\\\/schema.org\",\"@graph\":[{\"@type\":\"Article\",\"@id\":\"https:\\\/\\\/www.laguiadepamplona.com\\\/actualidad\\\/aprobada-la-convocatoria-mediante-oposicion-de-2-plazas-de-tecnico-a-de-juventud-y-otras-2-plazas-de-tecnico-a-de-igualdad\\\/#article\",\"isPartOf\":{\"@id\":\"https:\\\/\\\/www.laguiadepamplona.com\\\/actualidad\\\/aprobada-la-convocatoria-mediante-oposicion-de-2-plazas-de-tecnico-a-de-juventud-y-otras-2-plazas-de-tecnico-a-de-igualdad\\\/\"},\"author\":{\"name\":\"La Gu\u00eda de Pamplona\",\"@id\":\"https:\\\/\\\/www.laguiadepamplona.com\\\/actualidad\\\/#\\\/schema\\\/person\\\/efe887376f0213d4657c93adc50b1fdb\"},\"headline\":\"Aprobada la convocatoria, mediante oposici\u00f3n, de 2 plazas de t\u00e9cnico\\\/a de Juventud y otras 2 plazas de t\u00e9cnico\\\/a de Igualdad\",\"datePublished\":\"2019-05-22T12:54:38+00:00\",\"mainEntityOfPage\":{\"@id\":\"https:\\\/\\\/www.laguiadepamplona.com\\\/actualidad\\\/aprobada-la-convocatoria-mediante-oposicion-de-2-plazas-de-tecnico-a-de-juventud-y-otras-2-plazas-de-tecnico-a-de-igualdad\\\/\"},\"wordCount\":768,\"commentCount\":0,\"publisher\":{\"@id\":\"https:\\\/\\\/www.laguiadepamplona.com\\\/actualidad\\\/#organization\"},\"image\":{\"@id\":\"https:\\\/\\\/www.laguiadepamplona.com\\\/actualidad\\\/aprobada-la-convocatoria-mediante-oposicion-de-2-plazas-de-tecnico-a-de-juventud-y-otras-2-plazas-de-tecnico-a-de-igualdad\\\/#primaryimage\"},\"thumbnailUrl\":\"https:\\\/\\\/www.laguiadepamplona.com\\\/actualidad\\\/wp-content\\\/uploads\\\/2019\\\/05\\\/ayuntamiento-pamplona-laguiadepamplona.jpg\",\"articleSection\":[\"Ayto Pamplona\"],\"inLanguage\":\"es\",\"potentialAction\":[{\"@type\":\"CommentAction\",\"name\":\"Comment\",\"target\":[\"https:\\\/\\\/www.laguiadepamplona.com\\\/actualidad\\\/aprobada-la-convocatoria-mediante-oposicion-de-2-plazas-de-tecnico-a-de-juventud-y-otras-2-plazas-de-tecnico-a-de-igualdad\\\/#respond\"]}]},{\"@type\":\"WebPage\",\"@id\":\"https:\\\/\\\/www.laguiadepamplona.com\\\/actualidad\\\/aprobada-la-convocatoria-mediante-oposicion-de-2-plazas-de-tecnico-a-de-juventud-y-otras-2-plazas-de-tecnico-a-de-igualdad\\\/\",\"url\":\"https:\\\/\\\/www.laguiadepamplona.com\\\/actualidad\\\/aprobada-la-convocatoria-mediante-oposicion-de-2-plazas-de-tecnico-a-de-juventud-y-otras-2-plazas-de-tecnico-a-de-igualdad\\\/\",\"name\":\"Aprobada la convocatoria, mediante oposici\u00f3n, de 2 plazas de t\u00e9cnico\\\/a de Juventud y otras 2 plazas de t\u00e9cnico\\\/a de Igualdad\",\"isPartOf\":{\"@id\":\"https:\\\/\\\/www.laguiadepamplona.com\\\/actualidad\\\/#website\"},\"primaryImageOfPage\":{\"@id\":\"https:\\\/\\\/www.laguiadepamplona.com\\\/actualidad\\\/aprobada-la-convocatoria-mediante-oposicion-de-2-plazas-de-tecnico-a-de-juventud-y-otras-2-plazas-de-tecnico-a-de-igualdad\\\/#primaryimage\"},\"image\":{\"@id\":\"https:\\\/\\\/www.laguiadepamplona.com\\\/actualidad\\\/aprobada-la-convocatoria-mediante-oposicion-de-2-plazas-de-tecnico-a-de-juventud-y-otras-2-plazas-de-tecnico-a-de-igualdad\\\/#primaryimage\"},\"thumbnailUrl\":\"https:\\\/\\\/www.laguiadepamplona.com\\\/actualidad\\\/wp-content\\\/uploads\\\/2019\\\/05\\\/ayuntamiento-pamplona-laguiadepamplona.jpg\",\"datePublished\":\"2019-05-22T12:54:38+00:00\",\"breadcrumb\":{\"@id\":\"https:\\\/\\\/www.laguiadepamplona.com\\\/actualidad\\\/aprobada-la-convocatoria-mediante-oposicion-de-2-plazas-de-tecnico-a-de-juventud-y-otras-2-plazas-de-tecnico-a-de-igualdad\\\/#breadcrumb\"},\"inLanguage\":\"es\",\"potentialAction\":[{\"@type\":\"ReadAction\",\"target\":[\"https:\\\/\\\/www.laguiadepamplona.com\\\/actualidad\\\/aprobada-la-convocatoria-mediante-oposicion-de-2-plazas-de-tecnico-a-de-juventud-y-otras-2-plazas-de-tecnico-a-de-igualdad\\\/\"]}]},{\"@type\":\"ImageObject\",\"inLanguage\":\"es\",\"@id\":\"https:\\\/\\\/www.laguiadepamplona.com\\\/actualidad\\\/aprobada-la-convocatoria-mediante-oposicion-de-2-plazas-de-tecnico-a-de-juventud-y-otras-2-plazas-de-tecnico-a-de-igualdad\\\/#primaryimage\",\"url\":\"https:\\\/\\\/www.laguiadepamplona.com\\\/actualidad\\\/wp-content\\\/uploads\\\/2019\\\/05\\\/ayuntamiento-pamplona-laguiadepamplona.jpg\",\"contentUrl\":\"https:\\\/\\\/www.laguiadepamplona.com\\\/actualidad\\\/wp-content\\\/uploads\\\/2019\\\/05\\\/ayuntamiento-pamplona-laguiadepamplona.jpg\",\"width\":1920,\"height\":1100},{\"@type\":\"BreadcrumbList\",\"@id\":\"https:\\\/\\\/www.laguiadepamplona.com\\\/actualidad\\\/aprobada-la-convocatoria-mediante-oposicion-de-2-plazas-de-tecnico-a-de-juventud-y-otras-2-plazas-de-tecnico-a-de-igualdad\\\/#breadcrumb\",\"itemListElement\":[{\"@type\":\"ListItem\",\"position\":1,\"name\":\"Portada\",\"item\":\"https:\\\/\\\/www.laguiadepamplona.com\\\/actualidad\\\/\"},{\"@type\":\"ListItem\",\"position\":2,\"name\":\"Aprobada la convocatoria, mediante oposici\u00f3n, de 2 plazas de t\u00e9cnico\\\/a de Juventud y otras 2 plazas de t\u00e9cnico\\\/a de Igualdad\"}]},{\"@type\":\"WebSite\",\"@id\":\"https:\\\/\\\/www.laguiadepamplona.com\\\/actualidad\\\/#website\",\"url\":\"https:\\\/\\\/www.laguiadepamplona.com\\\/actualidad\\\/\",\"name\":\"La gu\u00eda de Pamplona\",\"description\":\"Noticias de Pamplona\",\"publisher\":{\"@id\":\"https:\\\/\\\/www.laguiadepamplona.com\\\/actualidad\\\/#organization\"},\"potentialAction\":[{\"@type\":\"SearchAction\",\"target\":{\"@type\":\"EntryPoint\",\"urlTemplate\":\"https:\\\/\\\/www.laguiadepamplona.com\\\/actualidad\\\/?s={search_term_string}\"},\"query-input\":{\"@type\":\"PropertyValueSpecification\",\"valueRequired\":true,\"valueName\":\"search_term_string\"}}],\"inLanguage\":\"es\"},{\"@type\":\"Organization\",\"@id\":\"https:\\\/\\\/www.laguiadepamplona.com\\\/actualidad\\\/#organization\",\"name\":\"La Gu\u00eda de Pamplona \\\/ Noticias\",\"url\":\"https:\\\/\\\/www.laguiadepamplona.com\\\/actualidad\\\/\",\"logo\":{\"@type\":\"ImageObject\",\"inLanguage\":\"es\",\"@id\":\"https:\\\/\\\/www.laguiadepamplona.com\\\/actualidad\\\/#\\\/schema\\\/logo\\\/image\\\/\",\"url\":\"https:\\\/\\\/www.laguiadepamplona.com\\\/actualidad\\\/wp-content\\\/uploads\\\/2018\\\/11\\\/logo-laguiadepamplona18-web1.png\",\"contentUrl\":\"https:\\\/\\\/www.laguiadepamplona.com\\\/actualidad\\\/wp-content\\\/uploads\\\/2018\\\/11\\\/logo-laguiadepamplona18-web1.png\",\"width\":600,\"height\":196,\"caption\":\"La Gu\u00eda de Pamplona \\\/ Noticias\"},\"image\":{\"@id\":\"https:\\\/\\\/www.laguiadepamplona.com\\\/actualidad\\\/#\\\/schema\\\/logo\\\/image\\\/\"},\"sameAs\":[\"https:\\\/\\\/www.facebook.com\\\/laguiadepamplonacom-133175176762273\\\/?ref=hl\",\"https:\\\/\\\/x.com\\\/LaGuiadPamplona\",\"https:\\\/\\\/www.instagram.com\\\/la_guia_de_pamplona\\\/\",\"https:\\\/\\\/www.youtube.com\\\/user\\\/laguiadepamplona\"]},{\"@type\":\"Person\",\"@id\":\"https:\\\/\\\/www.laguiadepamplona.com\\\/actualidad\\\/#\\\/schema\\\/person\\\/efe887376f0213d4657c93adc50b1fdb\",\"name\":\"La Gu\u00eda de Pamplona\",\"image\":{\"@type\":\"ImageObject\",\"inLanguage\":\"es\",\"@id\":\"https:\\\/\\\/secure.gravatar.com\\\/avatar\\\/b6992f131dc8d30ab0dff15446e9d346d9dbd95992de0fef795073f5ea83a81c?s=96&d=mm&r=g\",\"url\":\"https:\\\/\\\/secure.gravatar.com\\\/avatar\\\/b6992f131dc8d30ab0dff15446e9d346d9dbd95992de0fef795073f5ea83a81c?s=96&d=mm&r=g\",\"contentUrl\":\"https:\\\/\\\/secure.gravatar.com\\\/avatar\\\/b6992f131dc8d30ab0dff15446e9d346d9dbd95992de0fef795073f5ea83a81c?s=96&d=mm&r=g\",\"caption\":\"La Gu\u00eda de Pamplona\"}}]}<\/script>\n<!-- \/ Yoast SEO plugin. -->","yoast_head_json":{"title":"Aprobada la convocatoria, mediante oposici\u00f3n, de 2 plazas de t\u00e9cnico\/a de Juventud y otras 2 plazas de t\u00e9cnico\/a de Igualdad","robots":{"index":"index","follow":"follow","max-snippet":"max-snippet:-1","max-image-preview":"max-image-preview:large","max-video-preview":"max-video-preview:-1"},"canonical":"https:\/\/www.laguiadepamplona.com\/actualidad\/aprobada-la-convocatoria-mediante-oposicion-de-2-plazas-de-tecnico-a-de-juventud-y-otras-2-plazas-de-tecnico-a-de-igualdad\/","og_locale":"es_ES","og_type":"article","og_title":"Aprobada la convocatoria, mediante oposici\u00f3n, de 2 plazas de t\u00e9cnico\/a de Juventud y otras 2 plazas de t\u00e9cnico\/a de Igualdad","og_url":"https:\/\/www.laguiadepamplona.com\/actualidad\/aprobada-la-convocatoria-mediante-oposicion-de-2-plazas-de-tecnico-a-de-juventud-y-otras-2-plazas-de-tecnico-a-de-igualdad\/","og_site_name":"La Gu\u00eda de Pamplona","article_publisher":"https:\/\/www.facebook.com\/laguiadepamplonacom-133175176762273\/?ref=hl","article_published_time":"2019-05-22T12:54:38+00:00","og_image":[{"width":1920,"height":1100,"url":"https:\/\/www.laguiadepamplona.com\/actualidad\/wp-content\/uploads\/2019\/05\/ayuntamiento-pamplona-laguiadepamplona.jpg","type":"image\/jpeg"}],"author":"La Gu\u00eda de Pamplona","twitter_card":"summary_large_image","twitter_creator":"@LaGuiadPamplona","twitter_site":"@LaGuiadPamplona","twitter_misc":{"Escrito por":"La Gu\u00eda de Pamplona","Tiempo de lectura":"4 minutos"},"schema":{"@context":"https:\/\/schema.org","@graph":[{"@type":"Article","@id":"https:\/\/www.laguiadepamplona.com\/actualidad\/aprobada-la-convocatoria-mediante-oposicion-de-2-plazas-de-tecnico-a-de-juventud-y-otras-2-plazas-de-tecnico-a-de-igualdad\/#article","isPartOf":{"@id":"https:\/\/www.laguiadepamplona.com\/actualidad\/aprobada-la-convocatoria-mediante-oposicion-de-2-plazas-de-tecnico-a-de-juventud-y-otras-2-plazas-de-tecnico-a-de-igualdad\/"},"author":{"name":"La Gu\u00eda de Pamplona","@id":"https:\/\/www.laguiadepamplona.com\/actualidad\/#\/schema\/person\/efe887376f0213d4657c93adc50b1fdb"},"headline":"Aprobada la convocatoria, mediante oposici\u00f3n, de 2 plazas de t\u00e9cnico\/a de Juventud y otras 2 plazas de t\u00e9cnico\/a de Igualdad","datePublished":"2019-05-22T12:54:38+00:00","mainEntityOfPage":{"@id":"https:\/\/www.laguiadepamplona.com\/actualidad\/aprobada-la-convocatoria-mediante-oposicion-de-2-plazas-de-tecnico-a-de-juventud-y-otras-2-plazas-de-tecnico-a-de-igualdad\/"},"wordCount":768,"commentCount":0,"publisher":{"@id":"https:\/\/www.laguiadepamplona.com\/actualidad\/#organization"},"image":{"@id":"https:\/\/www.laguiadepamplona.com\/actualidad\/aprobada-la-convocatoria-mediante-oposicion-de-2-plazas-de-tecnico-a-de-juventud-y-otras-2-plazas-de-tecnico-a-de-igualdad\/#primaryimage"},"thumbnailUrl":"https:\/\/www.laguiadepamplona.com\/actualidad\/wp-content\/uploads\/2019\/05\/ayuntamiento-pamplona-laguiadepamplona.jpg","articleSection":["Ayto Pamplona"],"inLanguage":"es","potentialAction":[{"@type":"CommentAction","name":"Comment","target":["https:\/\/www.laguiadepamplona.com\/actualidad\/aprobada-la-convocatoria-mediante-oposicion-de-2-plazas-de-tecnico-a-de-juventud-y-otras-2-plazas-de-tecnico-a-de-igualdad\/#respond"]}]},{"@type":"WebPage","@id":"https:\/\/www.laguiadepamplona.com\/actualidad\/aprobada-la-convocatoria-mediante-oposicion-de-2-plazas-de-tecnico-a-de-juventud-y-otras-2-plazas-de-tecnico-a-de-igualdad\/","url":"https:\/\/www.laguiadepamplona.com\/actualidad\/aprobada-la-convocatoria-mediante-oposicion-de-2-plazas-de-tecnico-a-de-juventud-y-otras-2-plazas-de-tecnico-a-de-igualdad\/","name":"Aprobada la convocatoria, mediante oposici\u00f3n, de 2 plazas de t\u00e9cnico\/a de Juventud y otras 2 plazas de t\u00e9cnico\/a de Igualdad","isPartOf":{"@id":"https:\/\/www.laguiadepamplona.com\/actualidad\/#website"},"primaryImageOfPage":{"@id":"https:\/\/www.laguiadepamplona.com\/actualidad\/aprobada-la-convocatoria-mediante-oposicion-de-2-plazas-de-tecnico-a-de-juventud-y-otras-2-plazas-de-tecnico-a-de-igualdad\/#primaryimage"},"image":{"@id":"https:\/\/www.laguiadepamplona.com\/actualidad\/aprobada-la-convocatoria-mediante-oposicion-de-2-plazas-de-tecnico-a-de-juventud-y-otras-2-plazas-de-tecnico-a-de-igualdad\/#primaryimage"},"thumbnailUrl":"https:\/\/www.laguiadepamplona.com\/actualidad\/wp-content\/uploads\/2019\/05\/ayuntamiento-pamplona-laguiadepamplona.jpg","datePublished":"2019-05-22T12:54:38+00:00","breadcrumb":{"@id":"https:\/\/www.laguiadepamplona.com\/actualidad\/aprobada-la-convocatoria-mediante-oposicion-de-2-plazas-de-tecnico-a-de-juventud-y-otras-2-plazas-de-tecnico-a-de-igualdad\/#breadcrumb"},"inLanguage":"es","potentialAction":[{"@type":"ReadAction","target":["https:\/\/www.laguiadepamplona.com\/actualidad\/aprobada-la-convocatoria-mediante-oposicion-de-2-plazas-de-tecnico-a-de-juventud-y-otras-2-plazas-de-tecnico-a-de-igualdad\/"]}]},{"@type":"ImageObject","inLanguage":"es","@id":"https:\/\/www.laguiadepamplona.com\/actualidad\/aprobada-la-convocatoria-mediante-oposicion-de-2-plazas-de-tecnico-a-de-juventud-y-otras-2-plazas-de-tecnico-a-de-igualdad\/#primaryimage","url":"https:\/\/www.laguiadepamplona.com\/actualidad\/wp-content\/uploads\/2019\/05\/ayuntamiento-pamplona-laguiadepamplona.jpg","contentUrl":"https:\/\/www.laguiadepamplona.com\/actualidad\/wp-content\/uploads\/2019\/05\/ayuntamiento-pamplona-laguiadepamplona.jpg","width":1920,"height":1100},{"@type":"BreadcrumbList","@id":"https:\/\/www.laguiadepamplona.com\/actualidad\/aprobada-la-convocatoria-mediante-oposicion-de-2-plazas-de-tecnico-a-de-juventud-y-otras-2-plazas-de-tecnico-a-de-igualdad\/#breadcrumb","itemListElement":[{"@type":"ListItem","position":1,"name":"Portada","item":"https:\/\/www.laguiadepamplona.com\/actualidad\/"},{"@type":"ListItem","position":2,"name":"Aprobada la convocatoria, mediante oposici\u00f3n, de 2 plazas de t\u00e9cnico\/a de Juventud y otras 2 plazas de t\u00e9cnico\/a de Igualdad"}]},{"@type":"WebSite","@id":"https:\/\/www.laguiadepamplona.com\/actualidad\/#website","url":"https:\/\/www.laguiadepamplona.com\/actualidad\/","name":"La gu\u00eda de Pamplona","description":"Noticias de Pamplona","publisher":{"@id":"https:\/\/www.laguiadepamplona.com\/actualidad\/#organization"},"potentialAction":[{"@type":"SearchAction","target":{"@type":"EntryPoint","urlTemplate":"https:\/\/www.laguiadepamplona.com\/actualidad\/?s={search_term_string}"},"query-input":{"@type":"PropertyValueSpecification","valueRequired":true,"valueName":"search_term_string"}}],"inLanguage":"es"},{"@type":"Organization","@id":"https:\/\/www.laguiadepamplona.com\/actualidad\/#organization","name":"La Gu\u00eda de Pamplona \/ Noticias","url":"https:\/\/www.laguiadepamplona.com\/actualidad\/","logo":{"@type":"ImageObject","inLanguage":"es","@id":"https:\/\/www.laguiadepamplona.com\/actualidad\/#\/schema\/logo\/image\/","url":"https:\/\/www.laguiadepamplona.com\/actualidad\/wp-content\/uploads\/2018\/11\/logo-laguiadepamplona18-web1.png","contentUrl":"https:\/\/www.laguiadepamplona.com\/actualidad\/wp-content\/uploads\/2018\/11\/logo-laguiadepamplona18-web1.png","width":600,"height":196,"caption":"La Gu\u00eda de Pamplona \/ Noticias"},"image":{"@id":"https:\/\/www.laguiadepamplona.com\/actualidad\/#\/schema\/logo\/image\/"},"sameAs":["https:\/\/www.facebook.com\/laguiadepamplonacom-133175176762273\/?ref=hl","https:\/\/x.com\/LaGuiadPamplona","https:\/\/www.instagram.com\/la_guia_de_pamplona\/","https:\/\/www.youtube.com\/user\/laguiadepamplona"]},{"@type":"Person","@id":"https:\/\/www.laguiadepamplona.com\/actualidad\/#\/schema\/person\/efe887376f0213d4657c93adc50b1fdb","name":"La Gu\u00eda de Pamplona","image":{"@type":"ImageObject","inLanguage":"es","@id":"https:\/\/secure.gravatar.com\/avatar\/b6992f131dc8d30ab0dff15446e9d346d9dbd95992de0fef795073f5ea83a81c?s=96&d=mm&r=g","url":"https:\/\/secure.gravatar.com\/avatar\/b6992f131dc8d30ab0dff15446e9d346d9dbd95992de0fef795073f5ea83a81c?s=96&d=mm&r=g","contentUrl":"https:\/\/secure.gravatar.com\/avatar\/b6992f131dc8d30ab0dff15446e9d346d9dbd95992de0fef795073f5ea83a81c?s=96&d=mm&r=g","caption":"La Gu\u00eda de Pamplona"}}]}},"post_mailing_queue_ids":[],"_links":{"self":[{"href":"https:\/\/www.laguiadepamplona.com\/actualidad\/wp-json\/wp\/v2\/posts\/22320","targetHints":{"allow":["GET"]}}],"collection":[{"href":"https:\/\/www.laguiadepamplona.com\/actualidad\/wp-json\/wp\/v2\/posts"}],"about":[{"href":"https:\/\/www.laguiadepamplona.com\/actualidad\/wp-json\/wp\/v2\/types\/post"}],"author":[{"embeddable":true,"href":"https:\/\/www.laguiadepamplona.com\/actualidad\/wp-json\/wp\/v2\/users\/1"}],"replies":[{"embeddable":true,"href":"https:\/\/www.laguiadepamplona.com\/actualidad\/wp-json\/wp\/v2\/comments?post=22320"}],"version-history":[{"count":0,"href":"https:\/\/www.laguiadepamplona.com\/actualidad\/wp-json\/wp\/v2\/posts\/22320\/revisions"}],"wp:featuredmedia":[{"embeddable":true,"href":"https:\/\/www.laguiadepamplona.com\/actualidad\/wp-json\/wp\/v2\/media\/21939"}],"wp:attachment":[{"href":"https:\/\/www.laguiadepamplona.com\/actualidad\/wp-json\/wp\/v2\/media?parent=22320"}],"wp:term":[{"taxonomy":"category","embeddable":true,"href":"https:\/\/www.laguiadepamplona.com\/actualidad\/wp-json\/wp\/v2\/categories?post=22320"},{"taxonomy":"post_tag","embeddable":true,"href":"https:\/\/www.laguiadepamplona.com\/actualidad\/wp-json\/wp\/v2\/tags?post=22320"}],"curies":[{"name":"wp","href":"https:\/\/api.w.org\/{rel}","templated":true}]}}